{"id":305236,"date":"2024-05-07T17:35:02","date_gmt":"2024-05-07T13:35:02","guid":{"rendered":"https:\/\/www.meydan.tv\/?p=305236"},"modified":"2024-05-07T17:35:05","modified_gmt":"2024-05-07T13:35:05","slug":"hebs-olunan-ictimai-fealin-vekili-onu-gorende-dehsete-geldim","status":"publish","type":"post","link":"https:\/\/www.meydan.tv\/az\/article\/hebs-olunan-ictimai-fealin-vekili-onu-gorende-dehsete-geldim\/","title":{"rendered":"H\u0259bs olunan ictimai f\u0259al\u0131n v\u0259kili: \u201cOnu g\u00f6r\u0259nd\u0259 d\u0259h\u015f\u0259t\u0259 g\u0259ldim&#8230;\u201d"},"content":{"rendered":"\n<p><\/p>\n\n\n\n<p><strong><em>Famil X\u0259lilovun ev dustaql\u0131\u011f\u0131na burax\u0131lmas\u0131 \u00fc\u00e7\u00fcn apelyasiya \u015fikay\u0259ti verilib<\/em><\/strong><\/p>\n\n\n\n<p>\u00d6t\u0259n il \u0130sve\u00e7d\u0259n redmissiya edil\u0259n v\u0259 may\u0131n 2-d\u0259 h\u0259bs olunan Famil X\u0259lilov Bak\u0131 \u0130stintaq T\u0259cridxanas\u0131n\u0131n tibbi-sanitariya hiss\u0259sin\u0259 k\u00f6\u00e7\u00fcr\u00fcl\u00fcb. Bu bar\u0259d\u0259 Meydan TV-y\u0259 may\u0131n 7-d\u0259 t\u0259cridxanada onunla g\u00f6r\u00fc\u015f\u0259n v\u0259kili B\u0259hruz Bayramov m\u0259lumat verib.<\/p>\n\n\n\n<p>V\u0259kil bildirib ki, Famil X\u0259lilov may\u0131n 6-da oraya k\u00f6\u00e7\u00fcr\u00fcl\u00fcb:<\/p>\n\n\n\n<p>&nbsp;\u201c<em>T\u0259cridxanada onun s\u0259hh\u0259tind\u0259ki probleml\u0259ri n\u0259z\u0259r\u0259 alaraq, bel\u0259 q\u0259rar verilib. M\u0259n \u00f6z\u00fcm Famil X\u0259lilovu g\u00f6r\u0259nd\u0259 d\u0259h\u015f\u0259t\u0259 g\u0259ldim. H\u0259r iki qolu iflicdir. S\u00f6hb\u0259t zaman\u0131 bir d\u0259 g\u00f6rd\u00fcm ki, \u0259sir, t\u0259zyiqi k\u0259skin \u015f\u0259kild\u0259 qalx\u0131r. H\u0259r iki \u0259li i\u015fl\u0259m\u0259y\u0259n adam \u00f6z\u00fcn\u00fc nec\u0259 idar\u0259 ed\u0259 bil\u0259r?!\u201d.<\/em><\/p>\n\n\n\n<p>V\u0259kilin s\u00f6zl\u0259rin\u0259 g\u00f6r\u0259, Famil X\u0259lilov onunla s\u00f6hb\u0259td\u0259 narkotik ittiham\u0131n\u0131 q\u0259bul etm\u0259yib. Deyib ki, onu \u015f\u0259rl\u0259yirl\u0259r, narkotikl\u0259 yax\u0131ndan-uzaqdan he\u00e7 bir \u0259laq\u0259si olmay\u0131b.<\/p>\n\n\n<div class=\"wp-block-image\">\n<figure class=\"alignleft size-full is-resized\"><img decoding=\"async\" width=\"650\" height=\"366\" data-src=\"https:\/\/www.meydan.tv\/wp-content\/uploads\/44353.jpg\" alt=\"B\u0259hruz Bayramov\" class=\"wp-image-111476 lazyload\" style=\"--smush-placeholder-width: 650px; --smush-placeholder-aspect-ratio: 650\/366;width:403px;height:auto\" src=\"data:image\/svg+xml;base64,PHN2ZyB3aWR0aD0iMSIgaGVpZ2h0PSIxIiB4bWxucz0iaHR0cDovL3d3dy53My5vcmcvMjAwMC9zdmciPjwvc3ZnPg==\" \/><figcaption class=\"wp-element-caption\">Foto: VOA <\/figcaption><\/figure>\n<\/div>\n\n\n<p>34 ya\u015fl\u0131 Famil X\u0259lilova qar\u015f\u0131 Cinay\u0259t M\u0259c\u0259ll\u0259sinin 234.4.3 (sat\u0131\u015f m\u0259qs\u0259dil\u0259 k\u00fclli miqdarda narkotik \u0259ld\u0259 etm\u0259, da\u015f\u0131ma, saxlama) madd\u0259sil\u0259 ittiham ir\u0259li s\u00fcr\u00fcl\u00fcb. Bu madd\u0259d\u0259 5 ild\u0259n 12 il\u0259 q\u0259d\u0259r azadl\u0131qdan m\u0259hrumetm\u0259 c\u0259zas\u0131 n\u0259z\u0259rd\u0259 tutulub.<\/p>\n\n\n\n<p>Bin\u0259q\u0259di Rayon M\u0259hk\u0259m\u0259sind\u0259 hakim V\u00fcsal Ta\u011f\u0131yevin q\u0259rar\u0131 il\u0259 onun bar\u0259sind\u0259 ilkin istintaq d\u00f6vr\u00fc \u00fc\u00e7\u00fcn 4 ayl\u0131q h\u0259bs q\u0259timkan t\u0259dbiri se\u00e7ilib.<\/p>\n\n\n\n<p>V\u0259kil B\u0259hruz Bayramov bu q\u0259rardan apelyasiya \u015fikay\u0259ti verib:<\/p>\n\n\n\n<p>\u201c<em>Famil X\u0259lilova qar\u015f\u0131 narkotik ittiham\u0131n\u0131 \u0259sass\u0131z hesab edirik. H\u0259tta istintaq apar\u0131l\u0131rsa bel\u0259, Famil X\u0259lilovu h\u0259bsd\u0259 saxlamadan da apar\u0131la bil\u0259r. Bu v\u0259ziyy\u0259td\u0259 olan adam\u0131 h\u0259bsd\u0259 saxlama\u011fa n\u0259 z\u0259rur\u0259t var? Apelyasiya \u015fikay\u0259tind\u0259 d\u0259 onun bar\u0259sind\u0259 h\u0259bs q\u0259timkan t\u0259dbirinin d\u0259yi\u015fm\u0259sini xahi\u015f etmi\u015fik\u201d<\/em>.<\/p>\n\n\n\n<p>H\u0259yat yolda\u015f\u0131 Ki\u00e7ikxan\u0131m X\u0259lilova da narkotik ittiham\u0131n\u0131n saxta oldu\u011funu deyir. O bildirir ki, h\u0259yat yolda\u015f\u0131 sosial \u015f\u0259b\u0259k\u0259l\u0259rd\u0259ki t\u0259nqidi payla\u015f\u0131mlar\u0131na, h\u00f6kum\u0259td\u0259n, \u015f\u0259xs\u0259n d\u00f6vl\u0259t ba\u015f\u00e7\u0131s\u0131 \u0130lham \u018fliyevd\u0259n insanlar\u0131n h\u00fcquq v\u0259 azadl\u0131qlar\u0131na h\u00f6rm\u0259t t\u0259l\u0259b etdiyin\u0259 g\u00f6r\u0259 \u015f\u0259rl\u0259n\u0259r\u0259k h\u0259bs edilib.<\/p>\n\n\n\n<p>Birinci qrup \u0259lil olan Famil X\u0259lilov may\u0131n 2-d\u0259 saxlan\u0131l\u0131b. H\u0259yat yolda\u015f\u0131 deyir ki, h\u0259min g\u00fcn Sulut\u0259p\u0259 q\u0259s\u0259b\u0259sind\u0259 kiray\u0259 ya\u015fad\u0131qlar\u0131 ev\u0259 10 n\u0259f\u0259rd\u0259n \u00e7ox polis \u0259m\u0259kda\u015f\u0131 g\u0259l\u0259r\u0259k, Famil X\u0259lilovu zorla s\u00fcr\u00fcy\u00fcb apar\u0131blar:<\/p>\n\n\n\n<p><em>\u201cFamil birinci qrup \u0259lildir, qollar\u0131n\u0131n h\u0259r ikisi iflicdir. O, yem\u0259k, geyinm\u0259k, bir s\u00f6zl\u0259, b\u00fct\u00fcn ehtiyaclar\u0131n\u0131 m\u0259nim k\u00f6m\u0259yiml\u0259 qar\u015f\u0131lay\u0131r. El\u0259 polisl\u0259r evimiz\u0259 basq\u0131n el\u0259y\u0259nd\u0259 d\u0259 onu hamamda yuyundururdum, qap\u0131 d\u00f6y\u00fcl\u0259nd\u0259 q\u0131z\u0131m a\u00e7\u0131b. Q\u0131rm\u0131z\u0131-q\u0131rm\u0131z\u0131 yalan dan\u0131\u015f\u0131rlar ki, guya evd\u0259n narkotik tap\u0131blar&#8230;\u201d.<\/em><\/p>\n\n\n\n<p>Ki\u00e7ikxan\u0131m X\u0259lilova deyir ki, \u0259g\u0259r narkotik\u0259 g\u00f6r\u0259 g\u0259lmi\u015fdil\u0259rs\u0259, o zaman komp\u00fcteri aparmazd\u0131lar. Onun s\u00f6zl\u0259rin\u0259 g\u00f6r\u0259, ard\u0131nca onu v\u0259 u\u015faqlar\u0131n\u0131 d\u0259 Bin\u0259q\u0259di rayonu, 40-c\u0131 polis b\u00f6lm\u0259sin\u0259 apar\u0131blar. Orada onlardan telefonlar v\u0259 komp\u00fcter\u0259 giri\u015f kodlar\u0131n\u0131 t\u0259l\u0259b edibl\u0259r:<\/p>\n\n\n\n<p>\u201c<em>Yolda\u015f\u0131m i\u00e7\u0259rid\u0259 idi, m\u0259ni v\u0259 3 azya\u015fl\u0131 u\u015fa\u011f\u0131 is\u0259 b\u00f6lm\u0259nin h\u0259y\u0259tind\u0259 saxlad\u0131lar. Bir az ke\u00e7\u0259nd\u0259n sonra g\u0259lib q\u0131z\u0131m Q\u0259m\u0259ri apard\u0131lar. Guya atas\u0131 deyib ki, komp\u00fcterin parolunu o bilir. U\u015faq el\u0259 a\u011flay\u0131rd\u0131&#8230;\u201d.<\/em><\/p>\n\n\n\n<p>Famil X\u0259lilov h\u0259bs olundu\u011fu g\u00fcn \u2013 may\u0131n 2-d\u0259 onun sosial media hesablar\u0131ndak\u0131 son payla\u015f\u0131m\u0131 h\u00f6kum\u0259td\u0259n u\u015faqpulu t\u0259l\u0259bil\u0259 ba\u011fl\u0131 olub.<\/p>\n\n\n\n<p>Daxili \u0130\u015fl\u0259r Nazirliyi Famil X\u0259lilovun h\u0259bsil\u0259 ba\u011fl\u0131 h\u0259yat yolda\u015f\u0131n\u0131n dedikl\u0259rin\u0259 m\u00fcnasib\u0259t bildirm\u0259yib.<\/p>\n\n\n\n<p>Haz\u0131rda onlarla ictimai-siyasi f\u0259al narkotik ittiham\u0131yla h\u0259bsd\u0259dir. Onlar bu ittiham\u0131 r\u0259dd edir, siyasi bax\u0131\u015flar\u0131na, ictimai f\u0259aliyy\u0259tl\u0259rin\u0259, h\u00f6kum\u0259tin \u00fcnvan\u0131na t\u0259nqidl\u0259rin\u0259 g\u00f6r\u0259 narkotikl\u0259 \u015f\u0259rl\u0259n\u0259r\u0259k c\u0259zaland\u0131r\u0131ld\u0131qlar\u0131n\u0131 bildirirl\u0259r.<\/p>\n\n\n\n<p>Lakin Daxili \u0130\u015fl\u0259r Nazirliyi ictimai-siyasi f\u0259allar\u0131n narkotikl\u0259 \u015f\u0259rl\u0259nm\u0259si bar\u0259d\u0259 deyil\u0259nl\u0259ri t\u0259kzib edib. Nazirliyin m\u0259tbuat xidm\u0259ti h\u0259bs olunanlar\u0131n konkret fakt \u0259sas\u0131nda saxland\u0131qlar\u0131n\u0131 iddia edib.<\/p>\n","protected":false},"excerpt":{"rendered":"<p>Famil X\u0259lilovun ev dustaql\u0131\u011f\u0131na burax\u0131lmas\u0131 \u00fc\u00e7\u00fcn apelyasiya \u015fikay\u0259ti verilib \u00d6t\u0259n &#8230; <\/p>\n<p class=\"read-more-container\"><a title=\"H\u0259bs olunan ictimai f\u0259al\u0131n v\u0259kili: \u201cOnu g\u00f6r\u0259nd\u0259 d\u0259h\u015f\u0259t\u0259 g\u0259ldim&#8230;\u201d\" class=\"read-more button\" href=\"https:\/\/www.meydan.tv\/az\/article\/hebs-olunan-ictimai-fealin-vekili-onu-gorende-dehsete-geldim\/#more-305236\" aria-label=\"Read more about H\u0259bs olunan ictimai f\u0259al\u0131n v\u0259kili: \u201cOnu g\u00f6r\u0259nd\u0259 d\u0259h\u015f\u0259t\u0259 g\u0259ldim&#8230;\u201d\">Davam\u0131<\/a><\/p>\n","protected":false},"author":8,"featured_media":305094,"comment_status":"closed","ping_status":"closed","sticky":false,"template":"","format":"standard","meta":{"_acf_changed":false,"_sitemap_exclude":false,"_sitemap_priority":"","_sitemap_frequency":"","footnotes":""},"categories":[59,56],"tags":[],"class_list":["post-305236","post","type-post","status-publish","format-standard","has-post-thumbnail","hentry","category-siyaset","category-xeberler","infinite-scroll-item","generate-columns","tablet-grid-50","mobile-grid-100","grid-parent","grid-33","no-featured-image-padding"],"acf":[],"yoast_head":"<!-- This site is optimized with the Yoast SEO plugin v27.4 - https:\/\/yoast.com\/product\/yoast-seo-wordpress\/ -->\n<title>H\u0259bs olunan ictimai f\u0259al\u0131n v\u0259kili: \u201cOnu g\u00f6r\u0259nd\u0259 d\u0259h\u015f\u0259t\u0259 g\u0259ldim...\u201d - MEYDAN.TV<\/title>\n<meta name=\"robots\" content=\"index, follow, max-snippet:-1, max-image-preview:large, max-video-preview:-1\" \/>\n<link rel=\"canonical\" href=\"https:\/\/www.meydan.tv\/az\/article\/hebs-olunan-ictimai-fealin-vekili-onu-gorende-dehsete-geldim\/\" \/>\n<meta property=\"og:locale\" content=\"az_AZ\" \/>\n<meta property=\"og:type\" content=\"article\" \/>\n<meta property=\"og:title\" content=\"H\u0259bs olunan ictimai f\u0259al\u0131n v\u0259kili: \u201cOnu g\u00f6r\u0259nd\u0259 d\u0259h\u015f\u0259t\u0259 g\u0259ldim...\u201d - MEYDAN.TV\" \/>\n<meta property=\"og:description\" content=\"Famil X\u0259lilovun ev dustaql\u0131\u011f\u0131na burax\u0131lmas\u0131 \u00fc\u00e7\u00fcn apelyasiya \u015fikay\u0259ti verilib \u00d6t\u0259n ... Davam\u0131\" \/>\n<meta property=\"og:url\" content=\"https:\/\/www.meydan.tv\/az\/article\/hebs-olunan-ictimai-fealin-vekili-onu-gorende-dehsete-geldim\/\" \/>\n<meta property=\"og:site_name\" content=\"MEYDAN.TV\" \/>\n<meta property=\"article:published_time\" content=\"2024-05-07T13:35:02+00:00\" \/>\n<meta property=\"article:modified_time\" content=\"2024-05-07T13:35:05+00:00\" \/>\n<meta property=\"og:image\" content=\"https:\/\/www.meydan.tv\/wp-content\/uploads\/1-62-e1714990192554.jpg\" \/>\n\t<meta property=\"og:image:width\" content=\"1200\" \/>\n\t<meta property=\"og:image:height\" content=\"511\" \/>\n\t<meta property=\"og:image:type\" content=\"image\/jpeg\" \/>\n<meta name=\"author\" content=\"elli\" \/>\n<meta name=\"twitter:card\" content=\"summary_large_image\" \/>\n<meta name=\"twitter:creator\" content=\"@elli\" \/>\n<script type=\"application\/ld+json\" class=\"yoast-schema-graph\">{\"@context\":\"https:\\\/\\\/schema.org\",\"@graph\":[{\"@type\":\"Article\",\"@id\":\"https:\\\/\\\/www.meydan.tv\\\/az\\\/article\\\/hebs-olunan-ictimai-fealin-vekili-onu-gorende-dehsete-geldim\\\/#article\",\"isPartOf\":{\"@id\":\"https:\\\/\\\/www.meydan.tv\\\/az\\\/article\\\/hebs-olunan-ictimai-fealin-vekili-onu-gorende-dehsete-geldim\\\/\"},\"author\":{\"name\":\"elli\",\"@id\":\"https:\\\/\\\/www.meydan.tv\\\/az\\\/#\\\/schema\\\/person\\\/9cdbecf90d17180ce1dfbd95b08dcf47\"},\"headline\":\"H\u0259bs olunan ictimai f\u0259al\u0131n v\u0259kili: \u201cOnu g\u00f6r\u0259nd\u0259 d\u0259h\u015f\u0259t\u0259 g\u0259ldim&#8230;\u201d\",\"datePublished\":\"2024-05-07T13:35:02+00:00\",\"dateModified\":\"2024-05-07T13:35:05+00:00\",\"mainEntityOfPage\":{\"@id\":\"https:\\\/\\\/www.meydan.tv\\\/az\\\/article\\\/hebs-olunan-ictimai-fealin-vekili-onu-gorende-dehsete-geldim\\\/\"},\"wordCount\":829,\"publisher\":{\"@id\":\"https:\\\/\\\/www.meydan.tv\\\/az\\\/#organization\"},\"image\":{\"@id\":\"https:\\\/\\\/www.meydan.tv\\\/az\\\/article\\\/hebs-olunan-ictimai-fealin-vekili-onu-gorende-dehsete-geldim\\\/#primaryimage\"},\"thumbnailUrl\":\"https:\\\/\\\/www.meydan.tv\\\/wp-content\\\/uploads\\\/1-62-e1714990192554.jpg\",\"articleSection\":[\"Siyas\u0259t\",\"X\u0259b\u0259rl\u0259r\"],\"inLanguage\":\"az\"},{\"@type\":\"WebPage\",\"@id\":\"https:\\\/\\\/www.meydan.tv\\\/az\\\/article\\\/hebs-olunan-ictimai-fealin-vekili-onu-gorende-dehsete-geldim\\\/\",\"url\":\"https:\\\/\\\/www.meydan.tv\\\/az\\\/article\\\/hebs-olunan-ictimai-fealin-vekili-onu-gorende-dehsete-geldim\\\/\",\"name\":\"H\u0259bs olunan ictimai f\u0259al\u0131n v\u0259kili: \u201cOnu g\u00f6r\u0259nd\u0259 d\u0259h\u015f\u0259t\u0259 g\u0259ldim...\u201d - MEYDAN.TV\",\"isPartOf\":{\"@id\":\"https:\\\/\\\/www.meydan.tv\\\/az\\\/#website\"},\"primaryImageOfPage\":{\"@id\":\"https:\\\/\\\/www.meydan.tv\\\/az\\\/article\\\/hebs-olunan-ictimai-fealin-vekili-onu-gorende-dehsete-geldim\\\/#primaryimage\"},\"image\":{\"@id\":\"https:\\\/\\\/www.meydan.tv\\\/az\\\/article\\\/hebs-olunan-ictimai-fealin-vekili-onu-gorende-dehsete-geldim\\\/#primaryimage\"},\"thumbnailUrl\":\"https:\\\/\\\/www.meydan.tv\\\/wp-content\\\/uploads\\\/1-62-e1714990192554.jpg\",\"datePublished\":\"2024-05-07T13:35:02+00:00\",\"dateModified\":\"2024-05-07T13:35:05+00:00\",\"breadcrumb\":{\"@id\":\"https:\\\/\\\/www.meydan.tv\\\/az\\\/article\\\/hebs-olunan-ictimai-fealin-vekili-onu-gorende-dehsete-geldim\\\/#breadcrumb\"},\"inLanguage\":\"az\",\"potentialAction\":[{\"@type\":\"ReadAction\",\"target\":[\"https:\\\/\\\/www.meydan.tv\\\/az\\\/article\\\/hebs-olunan-ictimai-fealin-vekili-onu-gorende-dehsete-geldim\\\/\"]}]},{\"@type\":\"ImageObject\",\"inLanguage\":\"az\",\"@id\":\"https:\\\/\\\/www.meydan.tv\\\/az\\\/article\\\/hebs-olunan-ictimai-fealin-vekili-onu-gorende-dehsete-geldim\\\/#primaryimage\",\"url\":\"https:\\\/\\\/www.meydan.tv\\\/wp-content\\\/uploads\\\/1-62-e1714990192554.jpg\",\"contentUrl\":\"https:\\\/\\\/www.meydan.tv\\\/wp-content\\\/uploads\\\/1-62-e1714990192554.jpg\",\"width\":1200,\"height\":511,\"caption\":\"Foto: Famil X\u0259lilovun \u015f\u0259xsi arxivind\u0259n\"},{\"@type\":\"BreadcrumbList\",\"@id\":\"https:\\\/\\\/www.meydan.tv\\\/az\\\/article\\\/hebs-olunan-ictimai-fealin-vekili-onu-gorende-dehsete-geldim\\\/#breadcrumb\",\"itemListElement\":[{\"@type\":\"ListItem\",\"position\":1,\"name\":\"Ana s\u0259hif\u0259\",\"item\":\"https:\\\/\\\/www.meydan.tv\\\/az\\\/\"},{\"@type\":\"ListItem\",\"position\":2,\"name\":\"Siyas\u0259t\",\"item\":\"https:\\\/\\\/www.meydan.tv\\\/az\\\/section\\\/siyaset\\\/\"},{\"@type\":\"ListItem\",\"position\":3,\"name\":\"H\u0259bs olunan ictimai f\u0259al\u0131n v\u0259kili: \u201cOnu g\u00f6r\u0259nd\u0259 d\u0259h\u015f\u0259t\u0259 g\u0259ldim&#8230;\u201d\"}]},{\"@type\":\"WebSite\",\"@id\":\"https:\\\/\\\/www.meydan.tv\\\/az\\\/#website\",\"url\":\"https:\\\/\\\/www.meydan.tv\\\/az\\\/\",\"name\":\"MEYDAN.TV\",\"description\":\"Meydan TV Az\u0259rbaycan\u0131n media m\u0259kan\u0131ndak\u0131 alternativ s\u0259sidir\",\"publisher\":{\"@id\":\"https:\\\/\\\/www.meydan.tv\\\/az\\\/#organization\"},\"potentialAction\":[{\"@type\":\"SearchAction\",\"target\":{\"@type\":\"EntryPoint\",\"urlTemplate\":\"https:\\\/\\\/www.meydan.tv\\\/az\\\/?s={search_term_string}\"},\"query-input\":{\"@type\":\"PropertyValueSpecification\",\"valueRequired\":true,\"valueName\":\"search_term_string\"}}],\"inLanguage\":\"az\"},{\"@type\":\"Organization\",\"@id\":\"https:\\\/\\\/www.meydan.tv\\\/az\\\/#organization\",\"name\":\"Meydan TV\",\"url\":\"https:\\\/\\\/www.meydan.tv\\\/az\\\/\",\"logo\":{\"@type\":\"ImageObject\",\"inLanguage\":\"az\",\"@id\":\"https:\\\/\\\/www.meydan.tv\\\/az\\\/#\\\/schema\\\/logo\\\/image\\\/\",\"url\":\"https:\\\/\\\/www.meydan.tv\\\/wp-content\\\/uploads\\\/2021\\\/07\\\/meydan-logo.svg\",\"contentUrl\":\"https:\\\/\\\/www.meydan.tv\\\/wp-content\\\/uploads\\\/2021\\\/07\\\/meydan-logo.svg\",\"width\":195,\"height\":46,\"caption\":\"Meydan TV\"},\"image\":{\"@id\":\"https:\\\/\\\/www.meydan.tv\\\/az\\\/#\\\/schema\\\/logo\\\/image\\\/\"}},{\"@type\":\"Person\",\"@id\":\"https:\\\/\\\/www.meydan.tv\\\/az\\\/#\\\/schema\\\/person\\\/9cdbecf90d17180ce1dfbd95b08dcf47\",\"name\":\"elli\",\"sameAs\":[\"https:\\\/\\\/x.com\\\/elli\"]}]}<\/script>\n<!-- \/ Yoast SEO plugin. -->","yoast_head_json":{"title":"H\u0259bs olunan ictimai f\u0259al\u0131n v\u0259kili: \u201cOnu g\u00f6r\u0259nd\u0259 d\u0259h\u015f\u0259t\u0259 g\u0259ldim...\u201d - MEYDAN.TV","robots":{"index":"index","follow":"follow","max-snippet":"max-snippet:-1","max-image-preview":"max-image-preview:large","max-video-preview":"max-video-preview:-1"},"canonical":"https:\/\/www.meydan.tv\/az\/article\/hebs-olunan-ictimai-fealin-vekili-onu-gorende-dehsete-geldim\/","og_locale":"az_AZ","og_type":"article","og_title":"H\u0259bs olunan ictimai f\u0259al\u0131n v\u0259kili: \u201cOnu g\u00f6r\u0259nd\u0259 d\u0259h\u015f\u0259t\u0259 g\u0259ldim...\u201d - MEYDAN.TV","og_description":"Famil X\u0259lilovun ev dustaql\u0131\u011f\u0131na burax\u0131lmas\u0131 \u00fc\u00e7\u00fcn apelyasiya \u015fikay\u0259ti verilib \u00d6t\u0259n ... Davam\u0131","og_url":"https:\/\/www.meydan.tv\/az\/article\/hebs-olunan-ictimai-fealin-vekili-onu-gorende-dehsete-geldim\/","og_site_name":"MEYDAN.TV","article_published_time":"2024-05-07T13:35:02+00:00","article_modified_time":"2024-05-07T13:35:05+00:00","og_image":[{"width":1200,"height":511,"url":"https:\/\/www.meydan.tv\/wp-content\/uploads\/1-62-e1714990192554.jpg","type":"image\/jpeg"}],"author":"elli","twitter_card":"summary_large_image","twitter_creator":"@elli","schema":{"@context":"https:\/\/schema.org","@graph":[{"@type":"Article","@id":"https:\/\/www.meydan.tv\/az\/article\/hebs-olunan-ictimai-fealin-vekili-onu-gorende-dehsete-geldim\/#article","isPartOf":{"@id":"https:\/\/www.meydan.tv\/az\/article\/hebs-olunan-ictimai-fealin-vekili-onu-gorende-dehsete-geldim\/"},"author":{"name":"elli","@id":"https:\/\/www.meydan.tv\/az\/#\/schema\/person\/9cdbecf90d17180ce1dfbd95b08dcf47"},"headline":"H\u0259bs olunan ictimai f\u0259al\u0131n v\u0259kili: \u201cOnu g\u00f6r\u0259nd\u0259 d\u0259h\u015f\u0259t\u0259 g\u0259ldim&#8230;\u201d","datePublished":"2024-05-07T13:35:02+00:00","dateModified":"2024-05-07T13:35:05+00:00","mainEntityOfPage":{"@id":"https:\/\/www.meydan.tv\/az\/article\/hebs-olunan-ictimai-fealin-vekili-onu-gorende-dehsete-geldim\/"},"wordCount":829,"publisher":{"@id":"https:\/\/www.meydan.tv\/az\/#organization"},"image":{"@id":"https:\/\/www.meydan.tv\/az\/article\/hebs-olunan-ictimai-fealin-vekili-onu-gorende-dehsete-geldim\/#primaryimage"},"thumbnailUrl":"https:\/\/www.meydan.tv\/wp-content\/uploads\/1-62-e1714990192554.jpg","articleSection":["Siyas\u0259t","X\u0259b\u0259rl\u0259r"],"inLanguage":"az"},{"@type":"WebPage","@id":"https:\/\/www.meydan.tv\/az\/article\/hebs-olunan-ictimai-fealin-vekili-onu-gorende-dehsete-geldim\/","url":"https:\/\/www.meydan.tv\/az\/article\/hebs-olunan-ictimai-fealin-vekili-onu-gorende-dehsete-geldim\/","name":"H\u0259bs olunan ictimai f\u0259al\u0131n v\u0259kili: \u201cOnu g\u00f6r\u0259nd\u0259 d\u0259h\u015f\u0259t\u0259 g\u0259ldim...\u201d - MEYDAN.TV","isPartOf":{"@id":"https:\/\/www.meydan.tv\/az\/#website"},"primaryImageOfPage":{"@id":"https:\/\/www.meydan.tv\/az\/article\/hebs-olunan-ictimai-fealin-vekili-onu-gorende-dehsete-geldim\/#primaryimage"},"image":{"@id":"https:\/\/www.meydan.tv\/az\/article\/hebs-olunan-ictimai-fealin-vekili-onu-gorende-dehsete-geldim\/#primaryimage"},"thumbnailUrl":"https:\/\/www.meydan.tv\/wp-content\/uploads\/1-62-e1714990192554.jpg","datePublished":"2024-05-07T13:35:02+00:00","dateModified":"2024-05-07T13:35:05+00:00","breadcrumb":{"@id":"https:\/\/www.meydan.tv\/az\/article\/hebs-olunan-ictimai-fealin-vekili-onu-gorende-dehsete-geldim\/#breadcrumb"},"inLanguage":"az","potentialAction":[{"@type":"ReadAction","target":["https:\/\/www.meydan.tv\/az\/article\/hebs-olunan-ictimai-fealin-vekili-onu-gorende-dehsete-geldim\/"]}]},{"@type":"ImageObject","inLanguage":"az","@id":"https:\/\/www.meydan.tv\/az\/article\/hebs-olunan-ictimai-fealin-vekili-onu-gorende-dehsete-geldim\/#primaryimage","url":"https:\/\/www.meydan.tv\/wp-content\/uploads\/1-62-e1714990192554.jpg","contentUrl":"https:\/\/www.meydan.tv\/wp-content\/uploads\/1-62-e1714990192554.jpg","width":1200,"height":511,"caption":"Foto: Famil X\u0259lilovun \u015f\u0259xsi arxivind\u0259n"},{"@type":"BreadcrumbList","@id":"https:\/\/www.meydan.tv\/az\/article\/hebs-olunan-ictimai-fealin-vekili-onu-gorende-dehsete-geldim\/#breadcrumb","itemListElement":[{"@type":"ListItem","position":1,"name":"Ana s\u0259hif\u0259","item":"https:\/\/www.meydan.tv\/az\/"},{"@type":"ListItem","position":2,"name":"Siyas\u0259t","item":"https:\/\/www.meydan.tv\/az\/section\/siyaset\/"},{"@type":"ListItem","position":3,"name":"H\u0259bs olunan ictimai f\u0259al\u0131n v\u0259kili: \u201cOnu g\u00f6r\u0259nd\u0259 d\u0259h\u015f\u0259t\u0259 g\u0259ldim&#8230;\u201d"}]},{"@type":"WebSite","@id":"https:\/\/www.meydan.tv\/az\/#website","url":"https:\/\/www.meydan.tv\/az\/","name":"MEYDAN.TV","description":"Meydan TV Az\u0259rbaycan\u0131n media m\u0259kan\u0131ndak\u0131 alternativ s\u0259sidir","publisher":{"@id":"https:\/\/www.meydan.tv\/az\/#organization"},"potentialAction":[{"@type":"SearchAction","target":{"@type":"EntryPoint","urlTemplate":"https:\/\/www.meydan.tv\/az\/?s={search_term_string}"},"query-input":{"@type":"PropertyValueSpecification","valueRequired":true,"valueName":"search_term_string"}}],"inLanguage":"az"},{"@type":"Organization","@id":"https:\/\/www.meydan.tv\/az\/#organization","name":"Meydan TV","url":"https:\/\/www.meydan.tv\/az\/","logo":{"@type":"ImageObject","inLanguage":"az","@id":"https:\/\/www.meydan.tv\/az\/#\/schema\/logo\/image\/","url":"https:\/\/www.meydan.tv\/wp-content\/uploads\/2021\/07\/meydan-logo.svg","contentUrl":"https:\/\/www.meydan.tv\/wp-content\/uploads\/2021\/07\/meydan-logo.svg","width":195,"height":46,"caption":"Meydan TV"},"image":{"@id":"https:\/\/www.meydan.tv\/az\/#\/schema\/logo\/image\/"}},{"@type":"Person","@id":"https:\/\/www.meydan.tv\/az\/#\/schema\/person\/9cdbecf90d17180ce1dfbd95b08dcf47","name":"elli","sameAs":["https:\/\/x.com\/elli"]}]}},"_links":{"self":[{"href":"https:\/\/www.meydan.tv\/az\/wp-json\/wp\/v2\/posts\/305236","targetHints":{"allow":["GET"]}}],"collection":[{"href":"https:\/\/www.meydan.tv\/az\/wp-json\/wp\/v2\/posts"}],"about":[{"href":"https:\/\/www.meydan.tv\/az\/wp-json\/wp\/v2\/types\/post"}],"author":[{"embeddable":true,"href":"https:\/\/www.meydan.tv\/az\/wp-json\/wp\/v2\/users\/8"}],"replies":[{"embeddable":true,"href":"https:\/\/www.meydan.tv\/az\/wp-json\/wp\/v2\/comments?post=305236"}],"version-history":[{"count":3,"href":"https:\/\/www.meydan.tv\/az\/wp-json\/wp\/v2\/posts\/305236\/revisions"}],"predecessor-version":[{"id":305240,"href":"https:\/\/www.meydan.tv\/az\/wp-json\/wp\/v2\/posts\/305236\/revisions\/305240"}],"wp:featuredmedia":[{"embeddable":true,"href":"https:\/\/www.meydan.tv\/az\/wp-json\/wp\/v2\/media\/305094"}],"wp:attachment":[{"href":"https:\/\/www.meydan.tv\/az\/wp-json\/wp\/v2\/media?parent=305236"}],"wp:term":[{"taxonomy":"category","embeddable":true,"href":"https:\/\/www.meydan.tv\/az\/wp-json\/wp\/v2\/categories?post=305236"},{"taxonomy":"post_tag","embeddable":true,"href":"https:\/\/www.meydan.tv\/az\/wp-json\/wp\/v2\/tags?post=305236"}],"curies":[{"name":"wp","href":"https:\/\/api.w.org\/{rel}","templated":true}]}}