{"id":305228,"date":"2024-05-07T17:28:59","date_gmt":"2024-05-07T13:28:59","guid":{"rendered":"https:\/\/www.meydan.tv\/?p=305228"},"modified":"2024-05-07T17:29:01","modified_gmt":"2024-05-07T13:29:01","slug":"ferdi-tehsil-adiyla-250-min-manatdan-artiq-pulun-menimsenildiyi-iddia-olunur","status":"publish","type":"post","link":"https:\/\/www.meydan.tv\/az\/article\/ferdi-tehsil-adiyla-250-min-manatdan-artiq-pulun-menimsenildiyi-iddia-olunur\/","title":{"rendered":"F\u0259rdi t\u0259hsil ad\u0131yla 250 min manatdan art\u0131q pulun m\u0259nims\u0259nildiyi iddia olunur"},"content":{"rendered":"\n<p><\/p>\n\n\n\n<p><strong><em>Faktla ba\u011fl\u0131 cinay\u0259t i\u015fi a\u00e7\u0131l\u0131b<\/em><\/strong><\/p>\n\n\n\n<p>M\u00fc\u0259yy\u0259n x\u0259st\u0259likl\u0259r var ki, ondan \u0259ziyy\u0259t \u00e7\u0259k\u0259n u\u015faqlar\u0131n m\u0259kt\u0259b\u0259 getm\u0259d\u0259n \u2013 evd\u0259 f\u0259rdi t\u0259hsil almaq h\u00fcququ var. Sumqay\u0131tda f\u0259aliyy\u0259t g\u00f6st\u0259r\u0259n \u201cEvd\u0259\u201d f\u0259rdi t\u0259hsil m\u0259kt\u0259bind\u0259 250 min manatdan \u00e7ox yeyinti oldu\u011fu iddia edilir. Bu bar\u0259d\u0259 Sumqay\u0131t \u015e\u0259h\u0259r Prokurorlu\u011fu m\u0259lumat yay\u0131b.<\/p>\n\n\n\n<p>M\u0259lumatda iddia olunur ki, 2018-ci ilin sentyabr\u0131ndan 2023-c\u00fc ilin sentyabr\u0131na q\u0259d\u0259r bu m\u0259kt\u0259bd\u0259 faktiki he\u00e7 bir i\u015f g\u00f6rm\u0259y\u0259n m\u00fc\u0259lliml\u0259rin d\u0259rsl\u0259r ke\u00e7m\u0259si bar\u0259d\u0259 yalan m\u0259lumatlarla s\u0259n\u0259dl\u0259r haz\u0131rlan\u0131b.<\/p>\n\n\n\n<p><em>\u201c\u018fsass\u0131z olaraq, \u0259m\u0259khaqq\u0131 \u00f6d\u0259nilm\u0259si v\u0259 dig\u0259r yollarla \u00fcmumilikd\u0259 250 min manatdan art\u0131q pulun m\u0259nims\u0259nilm\u0259si v\u0259 israf olunmas\u0131na \u0259sasl\u0131 \u015f\u00fcbh\u0259l\u0259r m\u00fc\u0259yy\u0259n edilib\u201d<\/em>, &#8211; prokurorlu\u011fun m\u0259lumat\u0131nda deyilir.<\/p>\n\n\n\n<p>Sumqay\u0131t \u015e\u0259h\u0259r Prokurorlu\u011funda Cinay\u0259t M\u0259c\u0259ll\u0259sinin 179.3.2 (k\u00fclli miqdarda m\u0259nims\u0259m\u0259) v\u0259 313-c\u00fc (v\u0259zif\u0259 saxtakarl\u0131\u011f\u0131) madd\u0259l\u0259ri il\u0259 cinay\u0259t i\u015fi ba\u015flan\u0131b, istintaq apar\u0131l\u0131r.<\/p>\n","protected":false},"excerpt":{"rendered":"<p>Faktla ba\u011fl\u0131 cinay\u0259t i\u015fi a\u00e7\u0131l\u0131b M\u00fc\u0259yy\u0259n x\u0259st\u0259likl\u0259r var ki, ondan &#8230; <\/p>\n<p class=\"read-more-container\"><a title=\"F\u0259rdi t\u0259hsil ad\u0131yla 250 min manatdan art\u0131q pulun m\u0259nims\u0259nildiyi iddia olunur\" class=\"read-more button\" href=\"https:\/\/www.meydan.tv\/az\/article\/ferdi-tehsil-adiyla-250-min-manatdan-artiq-pulun-menimsenildiyi-iddia-olunur\/#more-305228\" aria-label=\"Read more about F\u0259rdi t\u0259hsil ad\u0131yla 250 min manatdan art\u0131q pulun m\u0259nims\u0259nildiyi iddia olunur\">Davam\u0131<\/a><\/p>\n","protected":false},"author":8,"featured_media":305232,"comment_status":"closed","ping_status":"closed","sticky":false,"template":"","format":"standard","meta":{"_acf_changed":false,"_sitemap_exclude":false,"_sitemap_priority":"","_sitemap_frequency":"","footnotes":""},"categories":[62,56],"tags":[],"class_list":["post-305228","post","type-post","status-publish","format-standard","has-post-thumbnail","hentry","category-sosial","category-xeberler","infinite-scroll-item","generate-columns","tablet-grid-50","mobile-grid-100","grid-parent","grid-33","no-featured-image-padding"],"acf":[],"yoast_head":"<!-- This site is optimized with the Yoast SEO plugin v27.5 - https:\/\/yoast.com\/product\/yoast-seo-wordpress\/ -->\n<title>F\u0259rdi t\u0259hsil ad\u0131yla 250 min manatdan art\u0131q pulun m\u0259nims\u0259nildiyi iddia olunur - MEYDAN.TV<\/title>\n<meta name=\"robots\" content=\"index, follow, max-snippet:-1, max-image-preview:large, max-video-preview:-1\" \/>\n<link rel=\"canonical\" href=\"https:\/\/www.meydan.tv\/az\/article\/ferdi-tehsil-adiyla-250-min-manatdan-artiq-pulun-menimsenildiyi-iddia-olunur\/\" \/>\n<meta property=\"og:locale\" content=\"az_AZ\" \/>\n<meta property=\"og:type\" content=\"article\" \/>\n<meta property=\"og:title\" content=\"F\u0259rdi t\u0259hsil ad\u0131yla 250 min manatdan art\u0131q pulun m\u0259nims\u0259nildiyi iddia olunur - MEYDAN.TV\" \/>\n<meta property=\"og:description\" content=\"Faktla ba\u011fl\u0131 cinay\u0259t i\u015fi a\u00e7\u0131l\u0131b M\u00fc\u0259yy\u0259n x\u0259st\u0259likl\u0259r var ki, ondan ... Davam\u0131\" \/>\n<meta property=\"og:url\" content=\"https:\/\/www.meydan.tv\/az\/article\/ferdi-tehsil-adiyla-250-min-manatdan-artiq-pulun-menimsenildiyi-iddia-olunur\/\" \/>\n<meta property=\"og:site_name\" content=\"MEYDAN.TV\" \/>\n<meta property=\"article:published_time\" content=\"2024-05-07T13:28:59+00:00\" \/>\n<meta property=\"article:modified_time\" content=\"2024-05-07T13:29:01+00:00\" \/>\n<meta property=\"og:image\" content=\"https:\/\/www.meydan.tv\/wp-content\/uploads\/screenshot_2-27.png\" \/>\n\t<meta property=\"og:image:width\" content=\"1200\" \/>\n\t<meta property=\"og:image:height\" content=\"457\" \/>\n\t<meta property=\"og:image:type\" content=\"image\/png\" \/>\n<meta name=\"author\" content=\"elli\" \/>\n<meta name=\"twitter:card\" content=\"summary_large_image\" \/>\n<meta name=\"twitter:creator\" content=\"@elli\" \/>\n<script type=\"application\/ld+json\" class=\"yoast-schema-graph\">{\"@context\":\"https:\\\/\\\/schema.org\",\"@graph\":[{\"@type\":\"Article\",\"@id\":\"https:\\\/\\\/www.meydan.tv\\\/az\\\/article\\\/ferdi-tehsil-adiyla-250-min-manatdan-artiq-pulun-menimsenildiyi-iddia-olunur\\\/#article\",\"isPartOf\":{\"@id\":\"https:\\\/\\\/www.meydan.tv\\\/az\\\/article\\\/ferdi-tehsil-adiyla-250-min-manatdan-artiq-pulun-menimsenildiyi-iddia-olunur\\\/\"},\"author\":{\"name\":\"elli\",\"@id\":\"https:\\\/\\\/www.meydan.tv\\\/az\\\/#\\\/schema\\\/person\\\/9cdbecf90d17180ce1dfbd95b08dcf47\"},\"headline\":\"F\u0259rdi t\u0259hsil ad\u0131yla 250 min manatdan art\u0131q pulun m\u0259nims\u0259nildiyi iddia olunur\",\"datePublished\":\"2024-05-07T13:28:59+00:00\",\"dateModified\":\"2024-05-07T13:29:01+00:00\",\"mainEntityOfPage\":{\"@id\":\"https:\\\/\\\/www.meydan.tv\\\/az\\\/article\\\/ferdi-tehsil-adiyla-250-min-manatdan-artiq-pulun-menimsenildiyi-iddia-olunur\\\/\"},\"wordCount\":224,\"publisher\":{\"@id\":\"https:\\\/\\\/www.meydan.tv\\\/az\\\/#organization\"},\"image\":{\"@id\":\"https:\\\/\\\/www.meydan.tv\\\/az\\\/article\\\/ferdi-tehsil-adiyla-250-min-manatdan-artiq-pulun-menimsenildiyi-iddia-olunur\\\/#primaryimage\"},\"thumbnailUrl\":\"https:\\\/\\\/www.meydan.tv\\\/wp-content\\\/uploads\\\/screenshot_2-27.png\",\"articleSection\":[\"Sosial\",\"X\u0259b\u0259rl\u0259r\"],\"inLanguage\":\"az\"},{\"@type\":\"WebPage\",\"@id\":\"https:\\\/\\\/www.meydan.tv\\\/az\\\/article\\\/ferdi-tehsil-adiyla-250-min-manatdan-artiq-pulun-menimsenildiyi-iddia-olunur\\\/\",\"url\":\"https:\\\/\\\/www.meydan.tv\\\/az\\\/article\\\/ferdi-tehsil-adiyla-250-min-manatdan-artiq-pulun-menimsenildiyi-iddia-olunur\\\/\",\"name\":\"F\u0259rdi t\u0259hsil ad\u0131yla 250 min manatdan art\u0131q pulun m\u0259nims\u0259nildiyi iddia olunur - MEYDAN.TV\",\"isPartOf\":{\"@id\":\"https:\\\/\\\/www.meydan.tv\\\/az\\\/#website\"},\"primaryImageOfPage\":{\"@id\":\"https:\\\/\\\/www.meydan.tv\\\/az\\\/article\\\/ferdi-tehsil-adiyla-250-min-manatdan-artiq-pulun-menimsenildiyi-iddia-olunur\\\/#primaryimage\"},\"image\":{\"@id\":\"https:\\\/\\\/www.meydan.tv\\\/az\\\/article\\\/ferdi-tehsil-adiyla-250-min-manatdan-artiq-pulun-menimsenildiyi-iddia-olunur\\\/#primaryimage\"},\"thumbnailUrl\":\"https:\\\/\\\/www.meydan.tv\\\/wp-content\\\/uploads\\\/screenshot_2-27.png\",\"datePublished\":\"2024-05-07T13:28:59+00:00\",\"dateModified\":\"2024-05-07T13:29:01+00:00\",\"breadcrumb\":{\"@id\":\"https:\\\/\\\/www.meydan.tv\\\/az\\\/article\\\/ferdi-tehsil-adiyla-250-min-manatdan-artiq-pulun-menimsenildiyi-iddia-olunur\\\/#breadcrumb\"},\"inLanguage\":\"az\",\"potentialAction\":[{\"@type\":\"ReadAction\",\"target\":[\"https:\\\/\\\/www.meydan.tv\\\/az\\\/article\\\/ferdi-tehsil-adiyla-250-min-manatdan-artiq-pulun-menimsenildiyi-iddia-olunur\\\/\"]}]},{\"@type\":\"ImageObject\",\"inLanguage\":\"az\",\"@id\":\"https:\\\/\\\/www.meydan.tv\\\/az\\\/article\\\/ferdi-tehsil-adiyla-250-min-manatdan-artiq-pulun-menimsenildiyi-iddia-olunur\\\/#primaryimage\",\"url\":\"https:\\\/\\\/www.meydan.tv\\\/wp-content\\\/uploads\\\/screenshot_2-27.png\",\"contentUrl\":\"https:\\\/\\\/www.meydan.tv\\\/wp-content\\\/uploads\\\/screenshot_2-27.png\",\"width\":1200,\"height\":457,\"caption\":\"Sumqay\u0131t \u015e\u0259h\u0259r Prokurorlu\u011fu. Foto: \\\"sumqayit-ih.gov.az\\\"\"},{\"@type\":\"BreadcrumbList\",\"@id\":\"https:\\\/\\\/www.meydan.tv\\\/az\\\/article\\\/ferdi-tehsil-adiyla-250-min-manatdan-artiq-pulun-menimsenildiyi-iddia-olunur\\\/#breadcrumb\",\"itemListElement\":[{\"@type\":\"ListItem\",\"position\":1,\"name\":\"Ana s\u0259hif\u0259\",\"item\":\"https:\\\/\\\/www.meydan.tv\\\/az\\\/\"},{\"@type\":\"ListItem\",\"position\":2,\"name\":\"Sosial\",\"item\":\"https:\\\/\\\/www.meydan.tv\\\/az\\\/section\\\/sosial\\\/\"},{\"@type\":\"ListItem\",\"position\":3,\"name\":\"F\u0259rdi t\u0259hsil ad\u0131yla 250 min manatdan art\u0131q pulun m\u0259nims\u0259nildiyi iddia olunur\"}]},{\"@type\":\"WebSite\",\"@id\":\"https:\\\/\\\/www.meydan.tv\\\/az\\\/#website\",\"url\":\"https:\\\/\\\/www.meydan.tv\\\/az\\\/\",\"name\":\"MEYDAN.TV\",\"description\":\"Meydan TV Az\u0259rbaycan\u0131n media m\u0259kan\u0131ndak\u0131 alternativ s\u0259sidir\",\"publisher\":{\"@id\":\"https:\\\/\\\/www.meydan.tv\\\/az\\\/#organization\"},\"potentialAction\":[{\"@type\":\"SearchAction\",\"target\":{\"@type\":\"EntryPoint\",\"urlTemplate\":\"https:\\\/\\\/www.meydan.tv\\\/az\\\/?s={search_term_string}\"},\"query-input\":{\"@type\":\"PropertyValueSpecification\",\"valueRequired\":true,\"valueName\":\"search_term_string\"}}],\"inLanguage\":\"az\"},{\"@type\":\"Organization\",\"@id\":\"https:\\\/\\\/www.meydan.tv\\\/az\\\/#organization\",\"name\":\"Meydan TV\",\"url\":\"https:\\\/\\\/www.meydan.tv\\\/az\\\/\",\"logo\":{\"@type\":\"ImageObject\",\"inLanguage\":\"az\",\"@id\":\"https:\\\/\\\/www.meydan.tv\\\/az\\\/#\\\/schema\\\/logo\\\/image\\\/\",\"url\":\"https:\\\/\\\/www.meydan.tv\\\/wp-content\\\/uploads\\\/2021\\\/07\\\/meydan-logo.svg\",\"contentUrl\":\"https:\\\/\\\/www.meydan.tv\\\/wp-content\\\/uploads\\\/2021\\\/07\\\/meydan-logo.svg\",\"width\":195,\"height\":46,\"caption\":\"Meydan TV\"},\"image\":{\"@id\":\"https:\\\/\\\/www.meydan.tv\\\/az\\\/#\\\/schema\\\/logo\\\/image\\\/\"}},{\"@type\":\"Person\",\"@id\":\"https:\\\/\\\/www.meydan.tv\\\/az\\\/#\\\/schema\\\/person\\\/9cdbecf90d17180ce1dfbd95b08dcf47\",\"name\":\"elli\",\"sameAs\":[\"https:\\\/\\\/x.com\\\/elli\"]}]}<\/script>\n<!-- \/ Yoast SEO plugin. -->","yoast_head_json":{"title":"F\u0259rdi t\u0259hsil ad\u0131yla 250 min manatdan art\u0131q pulun m\u0259nims\u0259nildiyi iddia olunur - MEYDAN.TV","robots":{"index":"index","follow":"follow","max-snippet":"max-snippet:-1","max-image-preview":"max-image-preview:large","max-video-preview":"max-video-preview:-1"},"canonical":"https:\/\/www.meydan.tv\/az\/article\/ferdi-tehsil-adiyla-250-min-manatdan-artiq-pulun-menimsenildiyi-iddia-olunur\/","og_locale":"az_AZ","og_type":"article","og_title":"F\u0259rdi t\u0259hsil ad\u0131yla 250 min manatdan art\u0131q pulun m\u0259nims\u0259nildiyi iddia olunur - MEYDAN.TV","og_description":"Faktla ba\u011fl\u0131 cinay\u0259t i\u015fi a\u00e7\u0131l\u0131b M\u00fc\u0259yy\u0259n x\u0259st\u0259likl\u0259r var ki, ondan ... Davam\u0131","og_url":"https:\/\/www.meydan.tv\/az\/article\/ferdi-tehsil-adiyla-250-min-manatdan-artiq-pulun-menimsenildiyi-iddia-olunur\/","og_site_name":"MEYDAN.TV","article_published_time":"2024-05-07T13:28:59+00:00","article_modified_time":"2024-05-07T13:29:01+00:00","og_image":[{"width":1200,"height":457,"url":"https:\/\/www.meydan.tv\/wp-content\/uploads\/screenshot_2-27.png","type":"image\/png"}],"author":"elli","twitter_card":"summary_large_image","twitter_creator":"@elli","schema":{"@context":"https:\/\/schema.org","@graph":[{"@type":"Article","@id":"https:\/\/www.meydan.tv\/az\/article\/ferdi-tehsil-adiyla-250-min-manatdan-artiq-pulun-menimsenildiyi-iddia-olunur\/#article","isPartOf":{"@id":"https:\/\/www.meydan.tv\/az\/article\/ferdi-tehsil-adiyla-250-min-manatdan-artiq-pulun-menimsenildiyi-iddia-olunur\/"},"author":{"name":"elli","@id":"https:\/\/www.meydan.tv\/az\/#\/schema\/person\/9cdbecf90d17180ce1dfbd95b08dcf47"},"headline":"F\u0259rdi t\u0259hsil ad\u0131yla 250 min manatdan art\u0131q pulun m\u0259nims\u0259nildiyi iddia olunur","datePublished":"2024-05-07T13:28:59+00:00","dateModified":"2024-05-07T13:29:01+00:00","mainEntityOfPage":{"@id":"https:\/\/www.meydan.tv\/az\/article\/ferdi-tehsil-adiyla-250-min-manatdan-artiq-pulun-menimsenildiyi-iddia-olunur\/"},"wordCount":224,"publisher":{"@id":"https:\/\/www.meydan.tv\/az\/#organization"},"image":{"@id":"https:\/\/www.meydan.tv\/az\/article\/ferdi-tehsil-adiyla-250-min-manatdan-artiq-pulun-menimsenildiyi-iddia-olunur\/#primaryimage"},"thumbnailUrl":"https:\/\/www.meydan.tv\/wp-content\/uploads\/screenshot_2-27.png","articleSection":["Sosial","X\u0259b\u0259rl\u0259r"],"inLanguage":"az"},{"@type":"WebPage","@id":"https:\/\/www.meydan.tv\/az\/article\/ferdi-tehsil-adiyla-250-min-manatdan-artiq-pulun-menimsenildiyi-iddia-olunur\/","url":"https:\/\/www.meydan.tv\/az\/article\/ferdi-tehsil-adiyla-250-min-manatdan-artiq-pulun-menimsenildiyi-iddia-olunur\/","name":"F\u0259rdi t\u0259hsil ad\u0131yla 250 min manatdan art\u0131q pulun m\u0259nims\u0259nildiyi iddia olunur - MEYDAN.TV","isPartOf":{"@id":"https:\/\/www.meydan.tv\/az\/#website"},"primaryImageOfPage":{"@id":"https:\/\/www.meydan.tv\/az\/article\/ferdi-tehsil-adiyla-250-min-manatdan-artiq-pulun-menimsenildiyi-iddia-olunur\/#primaryimage"},"image":{"@id":"https:\/\/www.meydan.tv\/az\/article\/ferdi-tehsil-adiyla-250-min-manatdan-artiq-pulun-menimsenildiyi-iddia-olunur\/#primaryimage"},"thumbnailUrl":"https:\/\/www.meydan.tv\/wp-content\/uploads\/screenshot_2-27.png","datePublished":"2024-05-07T13:28:59+00:00","dateModified":"2024-05-07T13:29:01+00:00","breadcrumb":{"@id":"https:\/\/www.meydan.tv\/az\/article\/ferdi-tehsil-adiyla-250-min-manatdan-artiq-pulun-menimsenildiyi-iddia-olunur\/#breadcrumb"},"inLanguage":"az","potentialAction":[{"@type":"ReadAction","target":["https:\/\/www.meydan.tv\/az\/article\/ferdi-tehsil-adiyla-250-min-manatdan-artiq-pulun-menimsenildiyi-iddia-olunur\/"]}]},{"@type":"ImageObject","inLanguage":"az","@id":"https:\/\/www.meydan.tv\/az\/article\/ferdi-tehsil-adiyla-250-min-manatdan-artiq-pulun-menimsenildiyi-iddia-olunur\/#primaryimage","url":"https:\/\/www.meydan.tv\/wp-content\/uploads\/screenshot_2-27.png","contentUrl":"https:\/\/www.meydan.tv\/wp-content\/uploads\/screenshot_2-27.png","width":1200,"height":457,"caption":"Sumqay\u0131t \u015e\u0259h\u0259r Prokurorlu\u011fu. Foto: \"sumqayit-ih.gov.az\""},{"@type":"BreadcrumbList","@id":"https:\/\/www.meydan.tv\/az\/article\/ferdi-tehsil-adiyla-250-min-manatdan-artiq-pulun-menimsenildiyi-iddia-olunur\/#breadcrumb","itemListElement":[{"@type":"ListItem","position":1,"name":"Ana s\u0259hif\u0259","item":"https:\/\/www.meydan.tv\/az\/"},{"@type":"ListItem","position":2,"name":"Sosial","item":"https:\/\/www.meydan.tv\/az\/section\/sosial\/"},{"@type":"ListItem","position":3,"name":"F\u0259rdi t\u0259hsil ad\u0131yla 250 min manatdan art\u0131q pulun m\u0259nims\u0259nildiyi iddia olunur"}]},{"@type":"WebSite","@id":"https:\/\/www.meydan.tv\/az\/#website","url":"https:\/\/www.meydan.tv\/az\/","name":"MEYDAN.TV","description":"Meydan TV Az\u0259rbaycan\u0131n media m\u0259kan\u0131ndak\u0131 alternativ s\u0259sidir","publisher":{"@id":"https:\/\/www.meydan.tv\/az\/#organization"},"potentialAction":[{"@type":"SearchAction","target":{"@type":"EntryPoint","urlTemplate":"https:\/\/www.meydan.tv\/az\/?s={search_term_string}"},"query-input":{"@type":"PropertyValueSpecification","valueRequired":true,"valueName":"search_term_string"}}],"inLanguage":"az"},{"@type":"Organization","@id":"https:\/\/www.meydan.tv\/az\/#organization","name":"Meydan TV","url":"https:\/\/www.meydan.tv\/az\/","logo":{"@type":"ImageObject","inLanguage":"az","@id":"https:\/\/www.meydan.tv\/az\/#\/schema\/logo\/image\/","url":"https:\/\/www.meydan.tv\/wp-content\/uploads\/2021\/07\/meydan-logo.svg","contentUrl":"https:\/\/www.meydan.tv\/wp-content\/uploads\/2021\/07\/meydan-logo.svg","width":195,"height":46,"caption":"Meydan TV"},"image":{"@id":"https:\/\/www.meydan.tv\/az\/#\/schema\/logo\/image\/"}},{"@type":"Person","@id":"https:\/\/www.meydan.tv\/az\/#\/schema\/person\/9cdbecf90d17180ce1dfbd95b08dcf47","name":"elli","sameAs":["https:\/\/x.com\/elli"]}]}},"_links":{"self":[{"href":"https:\/\/www.meydan.tv\/az\/wp-json\/wp\/v2\/posts\/305228","targetHints":{"allow":["GET"]}}],"collection":[{"href":"https:\/\/www.meydan.tv\/az\/wp-json\/wp\/v2\/posts"}],"about":[{"href":"https:\/\/www.meydan.tv\/az\/wp-json\/wp\/v2\/types\/post"}],"author":[{"embeddable":true,"href":"https:\/\/www.meydan.tv\/az\/wp-json\/wp\/v2\/users\/8"}],"replies":[{"embeddable":true,"href":"https:\/\/www.meydan.tv\/az\/wp-json\/wp\/v2\/comments?post=305228"}],"version-history":[{"count":1,"href":"https:\/\/www.meydan.tv\/az\/wp-json\/wp\/v2\/posts\/305228\/revisions"}],"predecessor-version":[{"id":305235,"href":"https:\/\/www.meydan.tv\/az\/wp-json\/wp\/v2\/posts\/305228\/revisions\/305235"}],"wp:featuredmedia":[{"embeddable":true,"href":"https:\/\/www.meydan.tv\/az\/wp-json\/wp\/v2\/media\/305232"}],"wp:attachment":[{"href":"https:\/\/www.meydan.tv\/az\/wp-json\/wp\/v2\/media?parent=305228"}],"wp:term":[{"taxonomy":"category","embeddable":true,"href":"https:\/\/www.meydan.tv\/az\/wp-json\/wp\/v2\/categories?post=305228"},{"taxonomy":"post_tag","embeddable":true,"href":"https:\/\/www.meydan.tv\/az\/wp-json\/wp\/v2\/tags?post=305228"}],"curies":[{"name":"wp","href":"https:\/\/api.w.org\/{rel}","templated":true}]}}