{"id":305207,"date":"2024-05-07T16:00:15","date_gmt":"2024-05-07T12:00:15","guid":{"rendered":"https:\/\/www.meydan.tv\/?p=305207"},"modified":"2024-05-07T16:00:19","modified_gmt":"2024-05-07T12:00:19","slug":"mekteblinin-olumunun-sebebi-ehtiyatsizliqdan-adam-oldurmeye-gore-cinayet-isi-baslanib","status":"publish","type":"post","link":"https:\/\/www.meydan.tv\/az\/article\/mekteblinin-olumunun-sebebi-ehtiyatsizliqdan-adam-oldurmeye-gore-cinayet-isi-baslanib\/","title":{"rendered":"M\u0259kt\u0259blinin \u00f6l\u00fcm\u00fcn\u00fcn s\u0259b\u0259bi: ehtiyats\u0131zl\u0131qdan adam \u00f6ld\u00fcrm\u0259y\u0259 g\u00f6r\u0259 cinay\u0259t i\u015fi ba\u015flan\u0131b"},"content":{"rendered":"\n<p><\/p>\n\n\n\n<p><em><strong>\u0130kinci d\u0259rsd\u0259n sonra t\u0259n\u0259ff\u00fcs\u0259 \u00e7\u0131xan \u015fagird geri qay\u0131tmay\u0131b<\/strong><\/em><\/p>\n\n\n\n<p>T\u0259rt\u0259rd\u0259 2 sayl\u0131 m\u0259kt\u0259bin \u015fagirdi Aslan \u018fliyev x\u0259st\u0259xanaya \u00e7atd\u0131r\u0131lsa da, onun h\u0259yat\u0131n\u0131 xilas etm\u0259k m\u00fcmk\u00fcn olmay\u0131b. Hadis\u0259nin m\u0259kt\u0259blil\u0259r aras\u0131nda dava n\u0259tic\u0259sind\u0259 ba\u015f verdiyi bildirilir.<\/p>\n\n\n\n<p>T\u0259rt\u0259r \u015f\u0259h\u0259r \u0130smay\u0131l M\u0259mm\u0259dov ad\u0131na 2 sayl\u0131 m\u0259kt\u0259b-liseyin direktoru G\u00fclar\u0259 \u018fkb\u0259rova is\u0259 bildirib ki, Aslan \u018fliyevin kiminl\u0259s\u0259 dala\u015fmas\u0131 bar\u0259d\u0259 onlarda he\u00e7 bir m\u0259lumat yoxdur.<\/p>\n\n\n\n<p>Direktorun s\u00f6zl\u0259rin\u0259 g\u00f6r\u0259, 10-cu sinif \u015fagirdi olan Aslan \u018fliyev may\u0131n 6-da m\u0259kt\u0259b\u0259 g\u0259lib, iki d\u0259rsd\u0259 i\u015ftirak edib. \u0130kinci d\u0259rsd\u0259n sonra t\u0259n\u0259ff\u00fcs\u0259 \u00e7\u0131xan \u015fagird geri qay\u0131tmay\u0131b.<\/p>\n\n\n\n<p>Direktor bildirib ki, m\u0259kt\u0259b\u0259 biti\u015fik \u201c\u015e\u0259hid bula\u011f\u0131\u201d var, Aslan \u018fliyev o t\u0259r\u0259f\u0259 gedib. Bir q\u0259d\u0259r sonra is\u0259 v\u0259fat etm\u0259si bar\u0259d\u0259 m\u0259lumat al\u0131blar.<\/p>\n\n\n\n<p>G\u00fclar\u0259 \u018fliyeva \u0259lav\u0259 edib ki, \u00f6l\u00fcm\u00fcn s\u0259b\u0259bl\u0259ri ekspertizan\u0131n r\u0259yind\u0259n sonra m\u0259lum olacaq.<\/p>\n\n\n\n<p>Ba\u015f Prokurorluqdan is\u0259 Meydan TV-y\u0259 bildirilib ki, T\u0259rt\u0259r rayon Prokurorlu\u011funda faktla ba\u011fl\u0131 cinay\u0259t i\u015fi ba\u015flan\u0131b:<\/p>\n\n\n\n<p>\u201c<em>May\u0131n 6-da T\u0259rt\u0259r rayonu \u0259razisind\u0259 iki m\u0259kt\u0259bli aras\u0131nda ba\u015f vermi\u015f m\u00fcbahis\u0259d\u0259n q\u0131sa m\u00fcdd\u0259t sonra onlardan birinin hu\u015funu itirm\u0259si v\u0259 x\u0259st\u0259xanada \u00f6lm\u0259si fakt\u0131 il\u0259 ba\u011fl\u0131 rayon prokurorlu\u011funda Cinay\u0259t M\u0259c\u0259ll\u0259sinin 124.1-ci (ehtiyats\u0131zl\u0131qdan adam \u00f6ld\u00fcrm\u0259) madd\u0259sil\u0259 cinay\u0259t i\u015fi ba\u015flan\u0131b. Haz\u0131rda ibtidai istintaq apar\u0131l\u0131r\u201d.<\/em><\/p>\n","protected":false},"excerpt":{"rendered":"<p>\u0130kinci d\u0259rsd\u0259n sonra t\u0259n\u0259ff\u00fcs\u0259 \u00e7\u0131xan \u015fagird geri qay\u0131tmay\u0131b T\u0259rt\u0259rd\u0259 2 &#8230; <\/p>\n<p class=\"read-more-container\"><a title=\"M\u0259kt\u0259blinin \u00f6l\u00fcm\u00fcn\u00fcn s\u0259b\u0259bi: ehtiyats\u0131zl\u0131qdan adam \u00f6ld\u00fcrm\u0259y\u0259 g\u00f6r\u0259 cinay\u0259t i\u015fi ba\u015flan\u0131b\" class=\"read-more button\" href=\"https:\/\/www.meydan.tv\/az\/article\/mekteblinin-olumunun-sebebi-ehtiyatsizliqdan-adam-oldurmeye-gore-cinayet-isi-baslanib\/#more-305207\" aria-label=\"Read more about M\u0259kt\u0259blinin \u00f6l\u00fcm\u00fcn\u00fcn s\u0259b\u0259bi: ehtiyats\u0131zl\u0131qdan adam \u00f6ld\u00fcrm\u0259y\u0259 g\u00f6r\u0259 cinay\u0259t i\u015fi ba\u015flan\u0131b\">Davam\u0131<\/a><\/p>\n","protected":false},"author":8,"featured_media":257659,"comment_status":"closed","ping_status":"closed","sticky":false,"template":"","format":"standard","meta":{"_acf_changed":false,"_sitemap_exclude":false,"_sitemap_priority":"","_sitemap_frequency":"","footnotes":""},"categories":[60,56],"tags":[],"class_list":["post-305207","post","type-post","status-publish","format-standard","has-post-thumbnail","hentry","category-bolge","category-xeberler","infinite-scroll-item","generate-columns","tablet-grid-50","mobile-grid-100","grid-parent","grid-33","no-featured-image-padding"],"acf":[],"yoast_head":"<!-- This site is optimized with the Yoast SEO plugin v27.4 - https:\/\/yoast.com\/product\/yoast-seo-wordpress\/ -->\n<title>M\u0259kt\u0259blinin \u00f6l\u00fcm\u00fcn\u00fcn s\u0259b\u0259bi: ehtiyats\u0131zl\u0131qdan adam \u00f6ld\u00fcrm\u0259y\u0259 g\u00f6r\u0259 cinay\u0259t i\u015fi ba\u015flan\u0131b - MEYDAN.TV<\/title>\n<meta name=\"robots\" content=\"index, follow, max-snippet:-1, max-image-preview:large, max-video-preview:-1\" \/>\n<link rel=\"canonical\" href=\"https:\/\/www.meydan.tv\/az\/article\/mekteblinin-olumunun-sebebi-ehtiyatsizliqdan-adam-oldurmeye-gore-cinayet-isi-baslanib\/\" \/>\n<meta property=\"og:locale\" content=\"az_AZ\" \/>\n<meta property=\"og:type\" content=\"article\" \/>\n<meta property=\"og:title\" content=\"M\u0259kt\u0259blinin \u00f6l\u00fcm\u00fcn\u00fcn s\u0259b\u0259bi: ehtiyats\u0131zl\u0131qdan adam \u00f6ld\u00fcrm\u0259y\u0259 g\u00f6r\u0259 cinay\u0259t i\u015fi ba\u015flan\u0131b - MEYDAN.TV\" \/>\n<meta property=\"og:description\" content=\"\u0130kinci d\u0259rsd\u0259n sonra t\u0259n\u0259ff\u00fcs\u0259 \u00e7\u0131xan \u015fagird geri qay\u0131tmay\u0131b T\u0259rt\u0259rd\u0259 2 ... Davam\u0131\" \/>\n<meta property=\"og:url\" content=\"https:\/\/www.meydan.tv\/az\/article\/mekteblinin-olumunun-sebebi-ehtiyatsizliqdan-adam-oldurmeye-gore-cinayet-isi-baslanib\/\" \/>\n<meta property=\"og:site_name\" content=\"MEYDAN.TV\" \/>\n<meta property=\"article:published_time\" content=\"2024-05-07T12:00:15+00:00\" \/>\n<meta property=\"article:modified_time\" content=\"2024-05-07T12:00:19+00:00\" \/>\n<meta property=\"og:image\" content=\"https:\/\/www.meydan.tv\/wp-content\/uploads\/mektebliler-e1666102967184.jpg\" \/>\n\t<meta property=\"og:image:width\" content=\"1200\" \/>\n\t<meta property=\"og:image:height\" content=\"495\" \/>\n\t<meta property=\"og:image:type\" content=\"image\/jpeg\" \/>\n<meta name=\"author\" content=\"elli\" \/>\n<meta name=\"twitter:card\" content=\"summary_large_image\" \/>\n<meta name=\"twitter:creator\" content=\"@elli\" \/>\n<script type=\"application\/ld+json\" class=\"yoast-schema-graph\">{\"@context\":\"https:\\\/\\\/schema.org\",\"@graph\":[{\"@type\":\"Article\",\"@id\":\"https:\\\/\\\/www.meydan.tv\\\/az\\\/article\\\/mekteblinin-olumunun-sebebi-ehtiyatsizliqdan-adam-oldurmeye-gore-cinayet-isi-baslanib\\\/#article\",\"isPartOf\":{\"@id\":\"https:\\\/\\\/www.meydan.tv\\\/az\\\/article\\\/mekteblinin-olumunun-sebebi-ehtiyatsizliqdan-adam-oldurmeye-gore-cinayet-isi-baslanib\\\/\"},\"author\":{\"name\":\"elli\",\"@id\":\"https:\\\/\\\/www.meydan.tv\\\/az\\\/#\\\/schema\\\/person\\\/9cdbecf90d17180ce1dfbd95b08dcf47\"},\"headline\":\"M\u0259kt\u0259blinin \u00f6l\u00fcm\u00fcn\u00fcn s\u0259b\u0259bi: ehtiyats\u0131zl\u0131qdan adam \u00f6ld\u00fcrm\u0259y\u0259 g\u00f6r\u0259 cinay\u0259t i\u015fi ba\u015flan\u0131b\",\"datePublished\":\"2024-05-07T12:00:15+00:00\",\"dateModified\":\"2024-05-07T12:00:19+00:00\",\"mainEntityOfPage\":{\"@id\":\"https:\\\/\\\/www.meydan.tv\\\/az\\\/article\\\/mekteblinin-olumunun-sebebi-ehtiyatsizliqdan-adam-oldurmeye-gore-cinayet-isi-baslanib\\\/\"},\"wordCount\":317,\"publisher\":{\"@id\":\"https:\\\/\\\/www.meydan.tv\\\/az\\\/#organization\"},\"image\":{\"@id\":\"https:\\\/\\\/www.meydan.tv\\\/az\\\/article\\\/mekteblinin-olumunun-sebebi-ehtiyatsizliqdan-adam-oldurmeye-gore-cinayet-isi-baslanib\\\/#primaryimage\"},\"thumbnailUrl\":\"https:\\\/\\\/www.meydan.tv\\\/wp-content\\\/uploads\\\/mektebliler-e1666102967184.jpg\",\"articleSection\":[\"B\u00f6lg\u0259\",\"X\u0259b\u0259rl\u0259r\"],\"inLanguage\":\"az\"},{\"@type\":\"WebPage\",\"@id\":\"https:\\\/\\\/www.meydan.tv\\\/az\\\/article\\\/mekteblinin-olumunun-sebebi-ehtiyatsizliqdan-adam-oldurmeye-gore-cinayet-isi-baslanib\\\/\",\"url\":\"https:\\\/\\\/www.meydan.tv\\\/az\\\/article\\\/mekteblinin-olumunun-sebebi-ehtiyatsizliqdan-adam-oldurmeye-gore-cinayet-isi-baslanib\\\/\",\"name\":\"M\u0259kt\u0259blinin \u00f6l\u00fcm\u00fcn\u00fcn s\u0259b\u0259bi: ehtiyats\u0131zl\u0131qdan adam \u00f6ld\u00fcrm\u0259y\u0259 g\u00f6r\u0259 cinay\u0259t i\u015fi ba\u015flan\u0131b - MEYDAN.TV\",\"isPartOf\":{\"@id\":\"https:\\\/\\\/www.meydan.tv\\\/az\\\/#website\"},\"primaryImageOfPage\":{\"@id\":\"https:\\\/\\\/www.meydan.tv\\\/az\\\/article\\\/mekteblinin-olumunun-sebebi-ehtiyatsizliqdan-adam-oldurmeye-gore-cinayet-isi-baslanib\\\/#primaryimage\"},\"image\":{\"@id\":\"https:\\\/\\\/www.meydan.tv\\\/az\\\/article\\\/mekteblinin-olumunun-sebebi-ehtiyatsizliqdan-adam-oldurmeye-gore-cinayet-isi-baslanib\\\/#primaryimage\"},\"thumbnailUrl\":\"https:\\\/\\\/www.meydan.tv\\\/wp-content\\\/uploads\\\/mektebliler-e1666102967184.jpg\",\"datePublished\":\"2024-05-07T12:00:15+00:00\",\"dateModified\":\"2024-05-07T12:00:19+00:00\",\"breadcrumb\":{\"@id\":\"https:\\\/\\\/www.meydan.tv\\\/az\\\/article\\\/mekteblinin-olumunun-sebebi-ehtiyatsizliqdan-adam-oldurmeye-gore-cinayet-isi-baslanib\\\/#breadcrumb\"},\"inLanguage\":\"az\",\"potentialAction\":[{\"@type\":\"ReadAction\",\"target\":[\"https:\\\/\\\/www.meydan.tv\\\/az\\\/article\\\/mekteblinin-olumunun-sebebi-ehtiyatsizliqdan-adam-oldurmeye-gore-cinayet-isi-baslanib\\\/\"]}]},{\"@type\":\"ImageObject\",\"inLanguage\":\"az\",\"@id\":\"https:\\\/\\\/www.meydan.tv\\\/az\\\/article\\\/mekteblinin-olumunun-sebebi-ehtiyatsizliqdan-adam-oldurmeye-gore-cinayet-isi-baslanib\\\/#primaryimage\",\"url\":\"https:\\\/\\\/www.meydan.tv\\\/wp-content\\\/uploads\\\/mektebliler-e1666102967184.jpg\",\"contentUrl\":\"https:\\\/\\\/www.meydan.tv\\\/wp-content\\\/uploads\\\/mektebliler-e1666102967184.jpg\",\"width\":1200,\"height\":495,\"caption\":\"M\u0259kt\u0259blil\u0259rin davas\u0131. Foto: Meydan TV\"},{\"@type\":\"BreadcrumbList\",\"@id\":\"https:\\\/\\\/www.meydan.tv\\\/az\\\/article\\\/mekteblinin-olumunun-sebebi-ehtiyatsizliqdan-adam-oldurmeye-gore-cinayet-isi-baslanib\\\/#breadcrumb\",\"itemListElement\":[{\"@type\":\"ListItem\",\"position\":1,\"name\":\"Ana s\u0259hif\u0259\",\"item\":\"https:\\\/\\\/www.meydan.tv\\\/az\\\/\"},{\"@type\":\"ListItem\",\"position\":2,\"name\":\"B\u00f6lg\u0259\",\"item\":\"https:\\\/\\\/www.meydan.tv\\\/az\\\/section\\\/bolge\\\/\"},{\"@type\":\"ListItem\",\"position\":3,\"name\":\"M\u0259kt\u0259blinin \u00f6l\u00fcm\u00fcn\u00fcn s\u0259b\u0259bi: ehtiyats\u0131zl\u0131qdan adam \u00f6ld\u00fcrm\u0259y\u0259 g\u00f6r\u0259 cinay\u0259t i\u015fi ba\u015flan\u0131b\"}]},{\"@type\":\"WebSite\",\"@id\":\"https:\\\/\\\/www.meydan.tv\\\/az\\\/#website\",\"url\":\"https:\\\/\\\/www.meydan.tv\\\/az\\\/\",\"name\":\"MEYDAN.TV\",\"description\":\"Meydan TV Az\u0259rbaycan\u0131n media m\u0259kan\u0131ndak\u0131 alternativ s\u0259sidir\",\"publisher\":{\"@id\":\"https:\\\/\\\/www.meydan.tv\\\/az\\\/#organization\"},\"potentialAction\":[{\"@type\":\"SearchAction\",\"target\":{\"@type\":\"EntryPoint\",\"urlTemplate\":\"https:\\\/\\\/www.meydan.tv\\\/az\\\/?s={search_term_string}\"},\"query-input\":{\"@type\":\"PropertyValueSpecification\",\"valueRequired\":true,\"valueName\":\"search_term_string\"}}],\"inLanguage\":\"az\"},{\"@type\":\"Organization\",\"@id\":\"https:\\\/\\\/www.meydan.tv\\\/az\\\/#organization\",\"name\":\"Meydan TV\",\"url\":\"https:\\\/\\\/www.meydan.tv\\\/az\\\/\",\"logo\":{\"@type\":\"ImageObject\",\"inLanguage\":\"az\",\"@id\":\"https:\\\/\\\/www.meydan.tv\\\/az\\\/#\\\/schema\\\/logo\\\/image\\\/\",\"url\":\"https:\\\/\\\/www.meydan.tv\\\/wp-content\\\/uploads\\\/2021\\\/07\\\/meydan-logo.svg\",\"contentUrl\":\"https:\\\/\\\/www.meydan.tv\\\/wp-content\\\/uploads\\\/2021\\\/07\\\/meydan-logo.svg\",\"width\":195,\"height\":46,\"caption\":\"Meydan TV\"},\"image\":{\"@id\":\"https:\\\/\\\/www.meydan.tv\\\/az\\\/#\\\/schema\\\/logo\\\/image\\\/\"}},{\"@type\":\"Person\",\"@id\":\"https:\\\/\\\/www.meydan.tv\\\/az\\\/#\\\/schema\\\/person\\\/9cdbecf90d17180ce1dfbd95b08dcf47\",\"name\":\"elli\",\"sameAs\":[\"https:\\\/\\\/x.com\\\/elli\"]}]}<\/script>\n<!-- \/ Yoast SEO plugin. -->","yoast_head_json":{"title":"M\u0259kt\u0259blinin \u00f6l\u00fcm\u00fcn\u00fcn s\u0259b\u0259bi: ehtiyats\u0131zl\u0131qdan adam \u00f6ld\u00fcrm\u0259y\u0259 g\u00f6r\u0259 cinay\u0259t i\u015fi ba\u015flan\u0131b - MEYDAN.TV","robots":{"index":"index","follow":"follow","max-snippet":"max-snippet:-1","max-image-preview":"max-image-preview:large","max-video-preview":"max-video-preview:-1"},"canonical":"https:\/\/www.meydan.tv\/az\/article\/mekteblinin-olumunun-sebebi-ehtiyatsizliqdan-adam-oldurmeye-gore-cinayet-isi-baslanib\/","og_locale":"az_AZ","og_type":"article","og_title":"M\u0259kt\u0259blinin \u00f6l\u00fcm\u00fcn\u00fcn s\u0259b\u0259bi: ehtiyats\u0131zl\u0131qdan adam \u00f6ld\u00fcrm\u0259y\u0259 g\u00f6r\u0259 cinay\u0259t i\u015fi ba\u015flan\u0131b - MEYDAN.TV","og_description":"\u0130kinci d\u0259rsd\u0259n sonra t\u0259n\u0259ff\u00fcs\u0259 \u00e7\u0131xan \u015fagird geri qay\u0131tmay\u0131b T\u0259rt\u0259rd\u0259 2 ... Davam\u0131","og_url":"https:\/\/www.meydan.tv\/az\/article\/mekteblinin-olumunun-sebebi-ehtiyatsizliqdan-adam-oldurmeye-gore-cinayet-isi-baslanib\/","og_site_name":"MEYDAN.TV","article_published_time":"2024-05-07T12:00:15+00:00","article_modified_time":"2024-05-07T12:00:19+00:00","og_image":[{"width":1200,"height":495,"url":"https:\/\/www.meydan.tv\/wp-content\/uploads\/mektebliler-e1666102967184.jpg","type":"image\/jpeg"}],"author":"elli","twitter_card":"summary_large_image","twitter_creator":"@elli","schema":{"@context":"https:\/\/schema.org","@graph":[{"@type":"Article","@id":"https:\/\/www.meydan.tv\/az\/article\/mekteblinin-olumunun-sebebi-ehtiyatsizliqdan-adam-oldurmeye-gore-cinayet-isi-baslanib\/#article","isPartOf":{"@id":"https:\/\/www.meydan.tv\/az\/article\/mekteblinin-olumunun-sebebi-ehtiyatsizliqdan-adam-oldurmeye-gore-cinayet-isi-baslanib\/"},"author":{"name":"elli","@id":"https:\/\/www.meydan.tv\/az\/#\/schema\/person\/9cdbecf90d17180ce1dfbd95b08dcf47"},"headline":"M\u0259kt\u0259blinin \u00f6l\u00fcm\u00fcn\u00fcn s\u0259b\u0259bi: ehtiyats\u0131zl\u0131qdan adam \u00f6ld\u00fcrm\u0259y\u0259 g\u00f6r\u0259 cinay\u0259t i\u015fi ba\u015flan\u0131b","datePublished":"2024-05-07T12:00:15+00:00","dateModified":"2024-05-07T12:00:19+00:00","mainEntityOfPage":{"@id":"https:\/\/www.meydan.tv\/az\/article\/mekteblinin-olumunun-sebebi-ehtiyatsizliqdan-adam-oldurmeye-gore-cinayet-isi-baslanib\/"},"wordCount":317,"publisher":{"@id":"https:\/\/www.meydan.tv\/az\/#organization"},"image":{"@id":"https:\/\/www.meydan.tv\/az\/article\/mekteblinin-olumunun-sebebi-ehtiyatsizliqdan-adam-oldurmeye-gore-cinayet-isi-baslanib\/#primaryimage"},"thumbnailUrl":"https:\/\/www.meydan.tv\/wp-content\/uploads\/mektebliler-e1666102967184.jpg","articleSection":["B\u00f6lg\u0259","X\u0259b\u0259rl\u0259r"],"inLanguage":"az"},{"@type":"WebPage","@id":"https:\/\/www.meydan.tv\/az\/article\/mekteblinin-olumunun-sebebi-ehtiyatsizliqdan-adam-oldurmeye-gore-cinayet-isi-baslanib\/","url":"https:\/\/www.meydan.tv\/az\/article\/mekteblinin-olumunun-sebebi-ehtiyatsizliqdan-adam-oldurmeye-gore-cinayet-isi-baslanib\/","name":"M\u0259kt\u0259blinin \u00f6l\u00fcm\u00fcn\u00fcn s\u0259b\u0259bi: ehtiyats\u0131zl\u0131qdan adam \u00f6ld\u00fcrm\u0259y\u0259 g\u00f6r\u0259 cinay\u0259t i\u015fi ba\u015flan\u0131b - MEYDAN.TV","isPartOf":{"@id":"https:\/\/www.meydan.tv\/az\/#website"},"primaryImageOfPage":{"@id":"https:\/\/www.meydan.tv\/az\/article\/mekteblinin-olumunun-sebebi-ehtiyatsizliqdan-adam-oldurmeye-gore-cinayet-isi-baslanib\/#primaryimage"},"image":{"@id":"https:\/\/www.meydan.tv\/az\/article\/mekteblinin-olumunun-sebebi-ehtiyatsizliqdan-adam-oldurmeye-gore-cinayet-isi-baslanib\/#primaryimage"},"thumbnailUrl":"https:\/\/www.meydan.tv\/wp-content\/uploads\/mektebliler-e1666102967184.jpg","datePublished":"2024-05-07T12:00:15+00:00","dateModified":"2024-05-07T12:00:19+00:00","breadcrumb":{"@id":"https:\/\/www.meydan.tv\/az\/article\/mekteblinin-olumunun-sebebi-ehtiyatsizliqdan-adam-oldurmeye-gore-cinayet-isi-baslanib\/#breadcrumb"},"inLanguage":"az","potentialAction":[{"@type":"ReadAction","target":["https:\/\/www.meydan.tv\/az\/article\/mekteblinin-olumunun-sebebi-ehtiyatsizliqdan-adam-oldurmeye-gore-cinayet-isi-baslanib\/"]}]},{"@type":"ImageObject","inLanguage":"az","@id":"https:\/\/www.meydan.tv\/az\/article\/mekteblinin-olumunun-sebebi-ehtiyatsizliqdan-adam-oldurmeye-gore-cinayet-isi-baslanib\/#primaryimage","url":"https:\/\/www.meydan.tv\/wp-content\/uploads\/mektebliler-e1666102967184.jpg","contentUrl":"https:\/\/www.meydan.tv\/wp-content\/uploads\/mektebliler-e1666102967184.jpg","width":1200,"height":495,"caption":"M\u0259kt\u0259blil\u0259rin davas\u0131. Foto: Meydan TV"},{"@type":"BreadcrumbList","@id":"https:\/\/www.meydan.tv\/az\/article\/mekteblinin-olumunun-sebebi-ehtiyatsizliqdan-adam-oldurmeye-gore-cinayet-isi-baslanib\/#breadcrumb","itemListElement":[{"@type":"ListItem","position":1,"name":"Ana s\u0259hif\u0259","item":"https:\/\/www.meydan.tv\/az\/"},{"@type":"ListItem","position":2,"name":"B\u00f6lg\u0259","item":"https:\/\/www.meydan.tv\/az\/section\/bolge\/"},{"@type":"ListItem","position":3,"name":"M\u0259kt\u0259blinin \u00f6l\u00fcm\u00fcn\u00fcn s\u0259b\u0259bi: ehtiyats\u0131zl\u0131qdan adam \u00f6ld\u00fcrm\u0259y\u0259 g\u00f6r\u0259 cinay\u0259t i\u015fi ba\u015flan\u0131b"}]},{"@type":"WebSite","@id":"https:\/\/www.meydan.tv\/az\/#website","url":"https:\/\/www.meydan.tv\/az\/","name":"MEYDAN.TV","description":"Meydan TV Az\u0259rbaycan\u0131n media m\u0259kan\u0131ndak\u0131 alternativ s\u0259sidir","publisher":{"@id":"https:\/\/www.meydan.tv\/az\/#organization"},"potentialAction":[{"@type":"SearchAction","target":{"@type":"EntryPoint","urlTemplate":"https:\/\/www.meydan.tv\/az\/?s={search_term_string}"},"query-input":{"@type":"PropertyValueSpecification","valueRequired":true,"valueName":"search_term_string"}}],"inLanguage":"az"},{"@type":"Organization","@id":"https:\/\/www.meydan.tv\/az\/#organization","name":"Meydan TV","url":"https:\/\/www.meydan.tv\/az\/","logo":{"@type":"ImageObject","inLanguage":"az","@id":"https:\/\/www.meydan.tv\/az\/#\/schema\/logo\/image\/","url":"https:\/\/www.meydan.tv\/wp-content\/uploads\/2021\/07\/meydan-logo.svg","contentUrl":"https:\/\/www.meydan.tv\/wp-content\/uploads\/2021\/07\/meydan-logo.svg","width":195,"height":46,"caption":"Meydan TV"},"image":{"@id":"https:\/\/www.meydan.tv\/az\/#\/schema\/logo\/image\/"}},{"@type":"Person","@id":"https:\/\/www.meydan.tv\/az\/#\/schema\/person\/9cdbecf90d17180ce1dfbd95b08dcf47","name":"elli","sameAs":["https:\/\/x.com\/elli"]}]}},"_links":{"self":[{"href":"https:\/\/www.meydan.tv\/az\/wp-json\/wp\/v2\/posts\/305207","targetHints":{"allow":["GET"]}}],"collection":[{"href":"https:\/\/www.meydan.tv\/az\/wp-json\/wp\/v2\/posts"}],"about":[{"href":"https:\/\/www.meydan.tv\/az\/wp-json\/wp\/v2\/types\/post"}],"author":[{"embeddable":true,"href":"https:\/\/www.meydan.tv\/az\/wp-json\/wp\/v2\/users\/8"}],"replies":[{"embeddable":true,"href":"https:\/\/www.meydan.tv\/az\/wp-json\/wp\/v2\/comments?post=305207"}],"version-history":[{"count":3,"href":"https:\/\/www.meydan.tv\/az\/wp-json\/wp\/v2\/posts\/305207\/revisions"}],"predecessor-version":[{"id":305212,"href":"https:\/\/www.meydan.tv\/az\/wp-json\/wp\/v2\/posts\/305207\/revisions\/305212"}],"wp:featuredmedia":[{"embeddable":true,"href":"https:\/\/www.meydan.tv\/az\/wp-json\/wp\/v2\/media\/257659"}],"wp:attachment":[{"href":"https:\/\/www.meydan.tv\/az\/wp-json\/wp\/v2\/media?parent=305207"}],"wp:term":[{"taxonomy":"category","embeddable":true,"href":"https:\/\/www.meydan.tv\/az\/wp-json\/wp\/v2\/categories?post=305207"},{"taxonomy":"post_tag","embeddable":true,"href":"https:\/\/www.meydan.tv\/az\/wp-json\/wp\/v2\/tags?post=305207"}],"curies":[{"name":"wp","href":"https:\/\/api.w.org\/{rel}","templated":true}]}}