{"id":305192,"date":"2024-05-07T15:42:45","date_gmt":"2024-05-07T11:42:45","guid":{"rendered":"https:\/\/www.meydan.tv\/?p=305192"},"modified":"2024-05-07T15:42:47","modified_gmt":"2024-05-07T11:42:47","slug":"bakida-otelde-iki-nefer-olub","status":"publish","type":"post","link":"https:\/\/www.meydan.tv\/az\/article\/bakida-otelde-iki-nefer-olub\/","title":{"rendered":"Bak\u0131da oteld\u0259 iki n\u0259f\u0259r \u00f6l\u00fcb"},"content":{"rendered":"\n<p><\/p>\n\n\n\n<p><strong><em>Daha iki n\u0259f\u0259r koma v\u0259ziyy\u0259tind\u0259 x\u0259st\u0259xanaya \u00e7atd\u0131r\u0131l\u0131b<\/em><\/strong><\/p>\n\n\n\n<p>Bak\u0131dak\u0131 otell\u0259rd\u0259n birind\u0259 iki n\u0259f\u0259r \u00f6l\u00fcb, daha ikisi is\u0259 koma v\u0259ziyy\u0259tind\u0259 x\u0259st\u0259xanaya \u00e7atd\u0131r\u0131l\u0131b. Hadis\u0259 may\u0131n 5-d\u0259n 6-na ke\u00e7\u0259n gec\u0259 saat 4 rad\u0259l\u0259rind\u0259 S\u0259bail rayonu, Bay\u0131l q\u0259s\u0259b\u0259sind\u0259 yerl\u0259\u015f\u0259n \u201cMy Music Hotel Baku\u201dda ba\u015f verib.<\/p>\n\n\n\n<p>Gec\u0259 saatlar\u0131nda otel\u0259 T\u0259cili Tibbi Yard\u0131m \u00e7a\u011f\u0131r\u0131l\u0131b. T\u0259cili yard\u0131m briqadas\u0131 g\u0259l\u0259n\u0259 q\u0259d\u0259r iki n\u0259f\u0259r &#8211; 1998-ci il t\u0259v\u0259ll\u00fcld\u00fc K\u0259nan Mustafayev v\u0259 1993-c\u00fc il t\u0259v\u0259ll\u00fcdl\u00fc Orxan \u018fmirov \u00f6l\u00fcb.<\/p>\n\n\n\n<p>Dig\u0259r iki n\u0259f\u0259r &#8211; 1991-ci il t\u0259v\u0259ll\u00fcdl\u00fc Nicat Cabbarl\u0131 v\u0259 1998-ci il t\u0259v\u0259ll\u00fcld\u00fc X\u0259z\u0259r Cabbarl\u0131 is\u0259 koma v\u0259ziyy\u0259tind\u0259 Kliniki Tibbi M\u0259rk\u0259z\u0259 \u00e7atd\u0131r\u0131l\u0131b. Onlar\u0131n Toksikologiya \u015f\u00f6b\u0259sin\u0259 yerl\u0259\u015fdirildiyi, v\u0259ziyy\u0259tl\u0259rinin a\u011f\u0131r oldu\u011fu bildirilir.<\/p>\n\n\n\n<p>H\u00fcquq-m\u00fchafiz\u0259 orqanlar\u0131 da m\u0259lumat\u0131 t\u0259sdiql\u0259yib. Ba\u015f Prokurorlu\u011fun M\u0259tbuat xidm\u0259ti hadis\u0259 il\u0259 ba\u011fl\u0131 a\u00e7\u0131qlama yay\u0131b. Prokurorlu\u011fun m\u0259lumat\u0131nda iki n\u0259f\u0259rin \u00f6l\u00fcm\u00fc, daha ikisinin z\u0259h\u0259rl\u0259nm\u0259 diaqnozu il\u0259 x\u0259st\u0259xanaya yerl\u0259\u015fdirildiyi t\u0259sdiql\u0259nm\u0259kl\u0259 yana\u015f\u0131, h\u0259m d\u0259 hadis\u0259 il\u0259 ba\u011fl\u0131 ara\u015fd\u0131rmalar ba\u015fland\u0131\u011f\u0131 vur\u011fulan\u0131b.<\/p>\n\n\n\n<p>Ara\u015fd\u0131rmalar S\u0259bail Rayon Prokurorlu\u011funda apar\u0131l\u0131r.<\/p>\n\n\n\n<p><em>\u201cHadis\u0259nin ba\u015f verm\u0259 \u015f\u0259raitinin, el\u0259c\u0259 d\u0259 z\u0259r\u0259r\u00e7\u0259kmi\u015f \u015f\u0259xsl\u0259rin \u00f6l\u00fcm v\u0259 z\u0259h\u0259rl\u0259nm\u0259 s\u0259b\u0259binin m\u00fc\u0259yy\u0259n edilm\u0259si m\u0259qs\u0259dil\u0259 m\u00fcvafiq ekspertizalar t\u0259yin edilib. Habel\u0259 dig\u0259r z\u0259ruri prosessual h\u0259r\u0259k\u0259tl\u0259r icra olunub\u201d, &#8211; <\/em>Ba\u015f Prokurorluqdan bildirilib.<\/p>\n","protected":false},"excerpt":{"rendered":"<p>Daha iki n\u0259f\u0259r koma v\u0259ziyy\u0259tind\u0259 x\u0259st\u0259xanaya \u00e7atd\u0131r\u0131l\u0131b Bak\u0131dak\u0131 otell\u0259rd\u0259n birind\u0259 &#8230; <\/p>\n<p class=\"read-more-container\"><a title=\"Bak\u0131da oteld\u0259 iki n\u0259f\u0259r \u00f6l\u00fcb\" class=\"read-more button\" href=\"https:\/\/www.meydan.tv\/az\/article\/bakida-otelde-iki-nefer-olub\/#more-305192\" aria-label=\"Read more about Bak\u0131da oteld\u0259 iki n\u0259f\u0259r \u00f6l\u00fcb\">Davam\u0131<\/a><\/p>\n","protected":false},"author":8,"featured_media":305195,"comment_status":"closed","ping_status":"closed","sticky":false,"template":"","format":"standard","meta":{"_acf_changed":false,"_sitemap_exclude":false,"_sitemap_priority":"","_sitemap_frequency":"","footnotes":""},"categories":[62,56],"tags":[],"class_list":["post-305192","post","type-post","status-publish","format-standard","has-post-thumbnail","hentry","category-sosial","category-xeberler","infinite-scroll-item","generate-columns","tablet-grid-50","mobile-grid-100","grid-parent","grid-33","no-featured-image-padding"],"acf":[],"yoast_head":"<!-- This site is optimized with the Yoast SEO plugin v27.5 - https:\/\/yoast.com\/product\/yoast-seo-wordpress\/ -->\n<title>Bak\u0131da oteld\u0259 iki n\u0259f\u0259r \u00f6l\u00fcb - MEYDAN.TV<\/title>\n<meta name=\"robots\" content=\"index, follow, max-snippet:-1, max-image-preview:large, max-video-preview:-1\" \/>\n<link rel=\"canonical\" href=\"https:\/\/www.meydan.tv\/az\/article\/bakida-otelde-iki-nefer-olub\/\" \/>\n<meta property=\"og:locale\" content=\"az_AZ\" \/>\n<meta property=\"og:type\" content=\"article\" \/>\n<meta property=\"og:title\" content=\"Bak\u0131da oteld\u0259 iki n\u0259f\u0259r \u00f6l\u00fcb - MEYDAN.TV\" \/>\n<meta property=\"og:description\" content=\"Daha iki n\u0259f\u0259r koma v\u0259ziyy\u0259tind\u0259 x\u0259st\u0259xanaya \u00e7atd\u0131r\u0131l\u0131b Bak\u0131dak\u0131 otell\u0259rd\u0259n birind\u0259 ... Davam\u0131\" \/>\n<meta property=\"og:url\" content=\"https:\/\/www.meydan.tv\/az\/article\/bakida-otelde-iki-nefer-olub\/\" \/>\n<meta property=\"og:site_name\" content=\"MEYDAN.TV\" \/>\n<meta property=\"article:published_time\" content=\"2024-05-07T11:42:45+00:00\" \/>\n<meta property=\"article:modified_time\" content=\"2024-05-07T11:42:47+00:00\" \/>\n<meta property=\"og:image\" content=\"https:\/\/www.meydan.tv\/wp-content\/uploads\/f32442b0297f7eda552264a35d83c88a.jpg\" \/>\n\t<meta property=\"og:image:width\" content=\"1200\" \/>\n\t<meta property=\"og:image:height\" content=\"675\" \/>\n\t<meta property=\"og:image:type\" content=\"image\/jpeg\" \/>\n<meta name=\"author\" content=\"elli\" \/>\n<meta name=\"twitter:card\" content=\"summary_large_image\" \/>\n<meta name=\"twitter:creator\" content=\"@elli\" \/>\n<script type=\"application\/ld+json\" class=\"yoast-schema-graph\">{\"@context\":\"https:\\\/\\\/schema.org\",\"@graph\":[{\"@type\":\"Article\",\"@id\":\"https:\\\/\\\/www.meydan.tv\\\/az\\\/article\\\/bakida-otelde-iki-nefer-olub\\\/#article\",\"isPartOf\":{\"@id\":\"https:\\\/\\\/www.meydan.tv\\\/az\\\/article\\\/bakida-otelde-iki-nefer-olub\\\/\"},\"author\":{\"name\":\"elli\",\"@id\":\"https:\\\/\\\/www.meydan.tv\\\/az\\\/#\\\/schema\\\/person\\\/9cdbecf90d17180ce1dfbd95b08dcf47\"},\"headline\":\"Bak\u0131da oteld\u0259 iki n\u0259f\u0259r \u00f6l\u00fcb\",\"datePublished\":\"2024-05-07T11:42:45+00:00\",\"dateModified\":\"2024-05-07T11:42:47+00:00\",\"mainEntityOfPage\":{\"@id\":\"https:\\\/\\\/www.meydan.tv\\\/az\\\/article\\\/bakida-otelde-iki-nefer-olub\\\/\"},\"wordCount\":322,\"publisher\":{\"@id\":\"https:\\\/\\\/www.meydan.tv\\\/az\\\/#organization\"},\"image\":{\"@id\":\"https:\\\/\\\/www.meydan.tv\\\/az\\\/article\\\/bakida-otelde-iki-nefer-olub\\\/#primaryimage\"},\"thumbnailUrl\":\"https:\\\/\\\/www.meydan.tv\\\/wp-content\\\/uploads\\\/f32442b0297f7eda552264a35d83c88a.jpg\",\"articleSection\":[\"Sosial\",\"X\u0259b\u0259rl\u0259r\"],\"inLanguage\":\"az\"},{\"@type\":\"WebPage\",\"@id\":\"https:\\\/\\\/www.meydan.tv\\\/az\\\/article\\\/bakida-otelde-iki-nefer-olub\\\/\",\"url\":\"https:\\\/\\\/www.meydan.tv\\\/az\\\/article\\\/bakida-otelde-iki-nefer-olub\\\/\",\"name\":\"Bak\u0131da oteld\u0259 iki n\u0259f\u0259r \u00f6l\u00fcb - MEYDAN.TV\",\"isPartOf\":{\"@id\":\"https:\\\/\\\/www.meydan.tv\\\/az\\\/#website\"},\"primaryImageOfPage\":{\"@id\":\"https:\\\/\\\/www.meydan.tv\\\/az\\\/article\\\/bakida-otelde-iki-nefer-olub\\\/#primaryimage\"},\"image\":{\"@id\":\"https:\\\/\\\/www.meydan.tv\\\/az\\\/article\\\/bakida-otelde-iki-nefer-olub\\\/#primaryimage\"},\"thumbnailUrl\":\"https:\\\/\\\/www.meydan.tv\\\/wp-content\\\/uploads\\\/f32442b0297f7eda552264a35d83c88a.jpg\",\"datePublished\":\"2024-05-07T11:42:45+00:00\",\"dateModified\":\"2024-05-07T11:42:47+00:00\",\"breadcrumb\":{\"@id\":\"https:\\\/\\\/www.meydan.tv\\\/az\\\/article\\\/bakida-otelde-iki-nefer-olub\\\/#breadcrumb\"},\"inLanguage\":\"az\",\"potentialAction\":[{\"@type\":\"ReadAction\",\"target\":[\"https:\\\/\\\/www.meydan.tv\\\/az\\\/article\\\/bakida-otelde-iki-nefer-olub\\\/\"]}]},{\"@type\":\"ImageObject\",\"inLanguage\":\"az\",\"@id\":\"https:\\\/\\\/www.meydan.tv\\\/az\\\/article\\\/bakida-otelde-iki-nefer-olub\\\/#primaryimage\",\"url\":\"https:\\\/\\\/www.meydan.tv\\\/wp-content\\\/uploads\\\/f32442b0297f7eda552264a35d83c88a.jpg\",\"contentUrl\":\"https:\\\/\\\/www.meydan.tv\\\/wp-content\\\/uploads\\\/f32442b0297f7eda552264a35d83c88a.jpg\",\"width\":1200,\"height\":675,\"caption\":\"Hotel, \u015f\u0259rti \u015f\u0259kil, Foto: arxiv\"},{\"@type\":\"BreadcrumbList\",\"@id\":\"https:\\\/\\\/www.meydan.tv\\\/az\\\/article\\\/bakida-otelde-iki-nefer-olub\\\/#breadcrumb\",\"itemListElement\":[{\"@type\":\"ListItem\",\"position\":1,\"name\":\"Ana s\u0259hif\u0259\",\"item\":\"https:\\\/\\\/www.meydan.tv\\\/az\\\/\"},{\"@type\":\"ListItem\",\"position\":2,\"name\":\"Sosial\",\"item\":\"https:\\\/\\\/www.meydan.tv\\\/az\\\/section\\\/sosial\\\/\"},{\"@type\":\"ListItem\",\"position\":3,\"name\":\"Bak\u0131da oteld\u0259 iki n\u0259f\u0259r \u00f6l\u00fcb\"}]},{\"@type\":\"WebSite\",\"@id\":\"https:\\\/\\\/www.meydan.tv\\\/az\\\/#website\",\"url\":\"https:\\\/\\\/www.meydan.tv\\\/az\\\/\",\"name\":\"MEYDAN.TV\",\"description\":\"Meydan TV Az\u0259rbaycan\u0131n media m\u0259kan\u0131ndak\u0131 alternativ s\u0259sidir\",\"publisher\":{\"@id\":\"https:\\\/\\\/www.meydan.tv\\\/az\\\/#organization\"},\"potentialAction\":[{\"@type\":\"SearchAction\",\"target\":{\"@type\":\"EntryPoint\",\"urlTemplate\":\"https:\\\/\\\/www.meydan.tv\\\/az\\\/?s={search_term_string}\"},\"query-input\":{\"@type\":\"PropertyValueSpecification\",\"valueRequired\":true,\"valueName\":\"search_term_string\"}}],\"inLanguage\":\"az\"},{\"@type\":\"Organization\",\"@id\":\"https:\\\/\\\/www.meydan.tv\\\/az\\\/#organization\",\"name\":\"Meydan TV\",\"url\":\"https:\\\/\\\/www.meydan.tv\\\/az\\\/\",\"logo\":{\"@type\":\"ImageObject\",\"inLanguage\":\"az\",\"@id\":\"https:\\\/\\\/www.meydan.tv\\\/az\\\/#\\\/schema\\\/logo\\\/image\\\/\",\"url\":\"https:\\\/\\\/www.meydan.tv\\\/wp-content\\\/uploads\\\/2021\\\/07\\\/meydan-logo.svg\",\"contentUrl\":\"https:\\\/\\\/www.meydan.tv\\\/wp-content\\\/uploads\\\/2021\\\/07\\\/meydan-logo.svg\",\"width\":195,\"height\":46,\"caption\":\"Meydan TV\"},\"image\":{\"@id\":\"https:\\\/\\\/www.meydan.tv\\\/az\\\/#\\\/schema\\\/logo\\\/image\\\/\"}},{\"@type\":\"Person\",\"@id\":\"https:\\\/\\\/www.meydan.tv\\\/az\\\/#\\\/schema\\\/person\\\/9cdbecf90d17180ce1dfbd95b08dcf47\",\"name\":\"elli\",\"sameAs\":[\"https:\\\/\\\/x.com\\\/elli\"]}]}<\/script>\n<!-- \/ Yoast SEO plugin. -->","yoast_head_json":{"title":"Bak\u0131da oteld\u0259 iki n\u0259f\u0259r \u00f6l\u00fcb - MEYDAN.TV","robots":{"index":"index","follow":"follow","max-snippet":"max-snippet:-1","max-image-preview":"max-image-preview:large","max-video-preview":"max-video-preview:-1"},"canonical":"https:\/\/www.meydan.tv\/az\/article\/bakida-otelde-iki-nefer-olub\/","og_locale":"az_AZ","og_type":"article","og_title":"Bak\u0131da oteld\u0259 iki n\u0259f\u0259r \u00f6l\u00fcb - MEYDAN.TV","og_description":"Daha iki n\u0259f\u0259r koma v\u0259ziyy\u0259tind\u0259 x\u0259st\u0259xanaya \u00e7atd\u0131r\u0131l\u0131b Bak\u0131dak\u0131 otell\u0259rd\u0259n birind\u0259 ... Davam\u0131","og_url":"https:\/\/www.meydan.tv\/az\/article\/bakida-otelde-iki-nefer-olub\/","og_site_name":"MEYDAN.TV","article_published_time":"2024-05-07T11:42:45+00:00","article_modified_time":"2024-05-07T11:42:47+00:00","og_image":[{"width":1200,"height":675,"url":"https:\/\/www.meydan.tv\/wp-content\/uploads\/f32442b0297f7eda552264a35d83c88a.jpg","type":"image\/jpeg"}],"author":"elli","twitter_card":"summary_large_image","twitter_creator":"@elli","schema":{"@context":"https:\/\/schema.org","@graph":[{"@type":"Article","@id":"https:\/\/www.meydan.tv\/az\/article\/bakida-otelde-iki-nefer-olub\/#article","isPartOf":{"@id":"https:\/\/www.meydan.tv\/az\/article\/bakida-otelde-iki-nefer-olub\/"},"author":{"name":"elli","@id":"https:\/\/www.meydan.tv\/az\/#\/schema\/person\/9cdbecf90d17180ce1dfbd95b08dcf47"},"headline":"Bak\u0131da oteld\u0259 iki n\u0259f\u0259r \u00f6l\u00fcb","datePublished":"2024-05-07T11:42:45+00:00","dateModified":"2024-05-07T11:42:47+00:00","mainEntityOfPage":{"@id":"https:\/\/www.meydan.tv\/az\/article\/bakida-otelde-iki-nefer-olub\/"},"wordCount":322,"publisher":{"@id":"https:\/\/www.meydan.tv\/az\/#organization"},"image":{"@id":"https:\/\/www.meydan.tv\/az\/article\/bakida-otelde-iki-nefer-olub\/#primaryimage"},"thumbnailUrl":"https:\/\/www.meydan.tv\/wp-content\/uploads\/f32442b0297f7eda552264a35d83c88a.jpg","articleSection":["Sosial","X\u0259b\u0259rl\u0259r"],"inLanguage":"az"},{"@type":"WebPage","@id":"https:\/\/www.meydan.tv\/az\/article\/bakida-otelde-iki-nefer-olub\/","url":"https:\/\/www.meydan.tv\/az\/article\/bakida-otelde-iki-nefer-olub\/","name":"Bak\u0131da oteld\u0259 iki n\u0259f\u0259r \u00f6l\u00fcb - MEYDAN.TV","isPartOf":{"@id":"https:\/\/www.meydan.tv\/az\/#website"},"primaryImageOfPage":{"@id":"https:\/\/www.meydan.tv\/az\/article\/bakida-otelde-iki-nefer-olub\/#primaryimage"},"image":{"@id":"https:\/\/www.meydan.tv\/az\/article\/bakida-otelde-iki-nefer-olub\/#primaryimage"},"thumbnailUrl":"https:\/\/www.meydan.tv\/wp-content\/uploads\/f32442b0297f7eda552264a35d83c88a.jpg","datePublished":"2024-05-07T11:42:45+00:00","dateModified":"2024-05-07T11:42:47+00:00","breadcrumb":{"@id":"https:\/\/www.meydan.tv\/az\/article\/bakida-otelde-iki-nefer-olub\/#breadcrumb"},"inLanguage":"az","potentialAction":[{"@type":"ReadAction","target":["https:\/\/www.meydan.tv\/az\/article\/bakida-otelde-iki-nefer-olub\/"]}]},{"@type":"ImageObject","inLanguage":"az","@id":"https:\/\/www.meydan.tv\/az\/article\/bakida-otelde-iki-nefer-olub\/#primaryimage","url":"https:\/\/www.meydan.tv\/wp-content\/uploads\/f32442b0297f7eda552264a35d83c88a.jpg","contentUrl":"https:\/\/www.meydan.tv\/wp-content\/uploads\/f32442b0297f7eda552264a35d83c88a.jpg","width":1200,"height":675,"caption":"Hotel, \u015f\u0259rti \u015f\u0259kil, Foto: arxiv"},{"@type":"BreadcrumbList","@id":"https:\/\/www.meydan.tv\/az\/article\/bakida-otelde-iki-nefer-olub\/#breadcrumb","itemListElement":[{"@type":"ListItem","position":1,"name":"Ana s\u0259hif\u0259","item":"https:\/\/www.meydan.tv\/az\/"},{"@type":"ListItem","position":2,"name":"Sosial","item":"https:\/\/www.meydan.tv\/az\/section\/sosial\/"},{"@type":"ListItem","position":3,"name":"Bak\u0131da oteld\u0259 iki n\u0259f\u0259r \u00f6l\u00fcb"}]},{"@type":"WebSite","@id":"https:\/\/www.meydan.tv\/az\/#website","url":"https:\/\/www.meydan.tv\/az\/","name":"MEYDAN.TV","description":"Meydan TV Az\u0259rbaycan\u0131n media m\u0259kan\u0131ndak\u0131 alternativ s\u0259sidir","publisher":{"@id":"https:\/\/www.meydan.tv\/az\/#organization"},"potentialAction":[{"@type":"SearchAction","target":{"@type":"EntryPoint","urlTemplate":"https:\/\/www.meydan.tv\/az\/?s={search_term_string}"},"query-input":{"@type":"PropertyValueSpecification","valueRequired":true,"valueName":"search_term_string"}}],"inLanguage":"az"},{"@type":"Organization","@id":"https:\/\/www.meydan.tv\/az\/#organization","name":"Meydan TV","url":"https:\/\/www.meydan.tv\/az\/","logo":{"@type":"ImageObject","inLanguage":"az","@id":"https:\/\/www.meydan.tv\/az\/#\/schema\/logo\/image\/","url":"https:\/\/www.meydan.tv\/wp-content\/uploads\/2021\/07\/meydan-logo.svg","contentUrl":"https:\/\/www.meydan.tv\/wp-content\/uploads\/2021\/07\/meydan-logo.svg","width":195,"height":46,"caption":"Meydan TV"},"image":{"@id":"https:\/\/www.meydan.tv\/az\/#\/schema\/logo\/image\/"}},{"@type":"Person","@id":"https:\/\/www.meydan.tv\/az\/#\/schema\/person\/9cdbecf90d17180ce1dfbd95b08dcf47","name":"elli","sameAs":["https:\/\/x.com\/elli"]}]}},"_links":{"self":[{"href":"https:\/\/www.meydan.tv\/az\/wp-json\/wp\/v2\/posts\/305192","targetHints":{"allow":["GET"]}}],"collection":[{"href":"https:\/\/www.meydan.tv\/az\/wp-json\/wp\/v2\/posts"}],"about":[{"href":"https:\/\/www.meydan.tv\/az\/wp-json\/wp\/v2\/types\/post"}],"author":[{"embeddable":true,"href":"https:\/\/www.meydan.tv\/az\/wp-json\/wp\/v2\/users\/8"}],"replies":[{"embeddable":true,"href":"https:\/\/www.meydan.tv\/az\/wp-json\/wp\/v2\/comments?post=305192"}],"version-history":[{"count":3,"href":"https:\/\/www.meydan.tv\/az\/wp-json\/wp\/v2\/posts\/305192\/revisions"}],"predecessor-version":[{"id":305204,"href":"https:\/\/www.meydan.tv\/az\/wp-json\/wp\/v2\/posts\/305192\/revisions\/305204"}],"wp:featuredmedia":[{"embeddable":true,"href":"https:\/\/www.meydan.tv\/az\/wp-json\/wp\/v2\/media\/305195"}],"wp:attachment":[{"href":"https:\/\/www.meydan.tv\/az\/wp-json\/wp\/v2\/media?parent=305192"}],"wp:term":[{"taxonomy":"category","embeddable":true,"href":"https:\/\/www.meydan.tv\/az\/wp-json\/wp\/v2\/categories?post=305192"},{"taxonomy":"post_tag","embeddable":true,"href":"https:\/\/www.meydan.tv\/az\/wp-json\/wp\/v2\/tags?post=305192"}],"curies":[{"name":"wp","href":"https:\/\/api.w.org\/{rel}","templated":true}]}}