{"id":305139,"date":"2024-05-06T14:32:35","date_gmt":"2024-05-06T10:32:35","guid":{"rendered":"https:\/\/www.meydan.tv\/?p=305139"},"modified":"2024-05-06T14:32:39","modified_gmt":"2024-05-06T10:32:39","slug":"suqovusanda-qazintilarda-insan-sumukleri-tapilib","status":"publish","type":"post","link":"https:\/\/www.meydan.tv\/az\/article\/suqovusanda-qazintilarda-insan-sumukleri-tapilib\/","title":{"rendered":"Suqovu\u015fanda qaz\u0131nt\u0131larda insan s\u00fcm\u00fckl\u0259ri tap\u0131l\u0131b"},"content":{"rendered":"\n<p><\/p>\n\n\n\n<p>A\u011fd\u0259r\u0259 rayonunda qaz\u0131nt\u0131 i\u015fl\u0259ri zaman\u0131 insana m\u0259xsus oldu\u011fu ehtimal edil\u0259n s\u00fcm\u00fck fraqmentl\u0259ri a\u015fkarlan\u0131b. Bu bar\u0259d\u0259 Ba\u015f Prokurorlu\u011fun m\u0259tbuat xidm\u0259tind\u0259n m\u0259lumat verilib.<br>S\u00fcm\u00fck fraqmentl\u0259ri may\u0131n 5-d\u0259 A\u011fd\u0259r\u0259 rayonunun Suqovu\u015fan q\u0259s\u0259b\u0259sind\u0259 a\u015fkarlan\u0131b. <\/p>\n\n\n\n<p>Suqovu\u015fanda yeni binalar\u0131n tikintisi il\u0259 \u0259laq\u0259dar qazma i\u015fl\u0259ri aparanlar s\u00fcm\u00fckl\u0259ri tap\u0131blar.<br>Faktla ba\u011fl\u0131 T\u0259rt\u0259r Rayon Prokurorlu\u011funda ara\u015fd\u0131rma apar\u0131l\u0131r.<\/p>\n\n\n\n<p>Ba\u015f Prokurorluq bundan \u00f6nc\u0259 Xocal\u0131 \u015f\u0259h\u0259rind\u0259, Mal\u0131b\u0259yli k\u0259ndind\u0259 v\u0259 s. \u0259razil\u0259rd\u0259 qaz\u0131nt\u0131 i\u015fl\u0259ri zaman\u0131 k\u00fctl\u0259vi m\u0259zarl\u0131qlar, insan s\u00fcm\u00fckl\u0259rinin tap\u0131lmas\u0131 bar\u0259d\u0259 m\u0259lumat yaym\u0131\u015fd\u0131.<\/p>\n\n\n\n<p>\u018fsir v\u0259 itkin d\u00fc\u015fm\u00fc\u015f, girov g\u00f6t\u00fcr\u00fclm\u00fc\u015f v\u0259t\u0259nda\u015flarla \u0259laq\u0259dar D\u00f6vl\u0259t Komissiyas\u0131 v\u0259 Ba\u015f Prokurorlu\u011fun bug\u00fcnl\u0259rd\u0259 yayd\u0131\u011f\u0131 birg\u0259 m\u0259lumata g\u00f6r\u0259, 2022-ci ild\u0259 32, 2023-c\u00fc ild\u0259 60, 2024-c\u00fc ild\u0259 4 n\u0259f\u0259r olmaqla, \u00fcmumilikd\u0259 107 n\u0259f\u0259rin meyit qal\u0131qlar\u0131 a\u015fkar edil\u0259r\u0259k g\u00f6t\u00fcr\u00fcl\u00fcb. Bu statistikaya k\u00fctl\u0259vi m\u0259zarl\u0131qlarda a\u015fkarlananlar aid deyil.<\/p>\n","protected":false},"excerpt":{"rendered":"<p>A\u011fd\u0259r\u0259 rayonunda qaz\u0131nt\u0131 i\u015fl\u0259ri zaman\u0131 insana m\u0259xsus oldu\u011fu ehtimal edil\u0259n &#8230; <\/p>\n<p class=\"read-more-container\"><a title=\"Suqovu\u015fanda qaz\u0131nt\u0131larda insan s\u00fcm\u00fckl\u0259ri tap\u0131l\u0131b\" class=\"read-more button\" href=\"https:\/\/www.meydan.tv\/az\/article\/suqovusanda-qazintilarda-insan-sumukleri-tapilib\/#more-305139\" aria-label=\"Read more about Suqovu\u015fanda qaz\u0131nt\u0131larda insan s\u00fcm\u00fckl\u0259ri tap\u0131l\u0131b\">Davam\u0131<\/a><\/p>\n","protected":false},"author":8,"featured_media":305140,"comment_status":"closed","ping_status":"closed","sticky":false,"template":"","format":"standard","meta":{"_acf_changed":false,"_sitemap_exclude":false,"_sitemap_priority":"","_sitemap_frequency":"","footnotes":""},"categories":[60,56],"tags":[],"class_list":["post-305139","post","type-post","status-publish","format-standard","has-post-thumbnail","hentry","category-bolge","category-xeberler","infinite-scroll-item","generate-columns","tablet-grid-50","mobile-grid-100","grid-parent","grid-33","no-featured-image-padding"],"acf":[],"yoast_head":"<!-- This site is optimized with the Yoast SEO plugin v27.4 - https:\/\/yoast.com\/product\/yoast-seo-wordpress\/ -->\n<title>Suqovu\u015fanda qaz\u0131nt\u0131larda insan s\u00fcm\u00fckl\u0259ri tap\u0131l\u0131b - MEYDAN.TV<\/title>\n<meta name=\"robots\" content=\"index, follow, max-snippet:-1, max-image-preview:large, max-video-preview:-1\" \/>\n<link rel=\"canonical\" href=\"https:\/\/www.meydan.tv\/az\/article\/suqovusanda-qazintilarda-insan-sumukleri-tapilib\/\" \/>\n<meta property=\"og:locale\" content=\"az_AZ\" \/>\n<meta property=\"og:type\" content=\"article\" \/>\n<meta property=\"og:title\" content=\"Suqovu\u015fanda qaz\u0131nt\u0131larda insan s\u00fcm\u00fckl\u0259ri tap\u0131l\u0131b - MEYDAN.TV\" \/>\n<meta property=\"og:description\" content=\"A\u011fd\u0259r\u0259 rayonunda qaz\u0131nt\u0131 i\u015fl\u0259ri zaman\u0131 insana m\u0259xsus oldu\u011fu ehtimal edil\u0259n ... Davam\u0131\" \/>\n<meta property=\"og:url\" content=\"https:\/\/www.meydan.tv\/az\/article\/suqovusanda-qazintilarda-insan-sumukleri-tapilib\/\" \/>\n<meta property=\"og:site_name\" content=\"MEYDAN.TV\" \/>\n<meta property=\"article:published_time\" content=\"2024-05-06T10:32:35+00:00\" \/>\n<meta property=\"article:modified_time\" content=\"2024-05-06T10:32:39+00:00\" \/>\n<meta property=\"og:image\" content=\"https:\/\/www.meydan.tv\/wp-content\/uploads\/1664778285232133830_1200x630.jpg\" \/>\n\t<meta property=\"og:image:width\" content=\"1200\" \/>\n\t<meta property=\"og:image:height\" content=\"800\" \/>\n\t<meta property=\"og:image:type\" content=\"image\/jpeg\" \/>\n<meta name=\"author\" content=\"elli\" \/>\n<meta name=\"twitter:card\" content=\"summary_large_image\" \/>\n<meta name=\"twitter:creator\" content=\"@elli\" \/>\n<script type=\"application\/ld+json\" class=\"yoast-schema-graph\">{\"@context\":\"https:\\\/\\\/schema.org\",\"@graph\":[{\"@type\":\"Article\",\"@id\":\"https:\\\/\\\/www.meydan.tv\\\/az\\\/article\\\/suqovusanda-qazintilarda-insan-sumukleri-tapilib\\\/#article\",\"isPartOf\":{\"@id\":\"https:\\\/\\\/www.meydan.tv\\\/az\\\/article\\\/suqovusanda-qazintilarda-insan-sumukleri-tapilib\\\/\"},\"author\":{\"name\":\"elli\",\"@id\":\"https:\\\/\\\/www.meydan.tv\\\/az\\\/#\\\/schema\\\/person\\\/9cdbecf90d17180ce1dfbd95b08dcf47\"},\"headline\":\"Suqovu\u015fanda qaz\u0131nt\u0131larda insan s\u00fcm\u00fckl\u0259ri tap\u0131l\u0131b\",\"datePublished\":\"2024-05-06T10:32:35+00:00\",\"dateModified\":\"2024-05-06T10:32:39+00:00\",\"mainEntityOfPage\":{\"@id\":\"https:\\\/\\\/www.meydan.tv\\\/az\\\/article\\\/suqovusanda-qazintilarda-insan-sumukleri-tapilib\\\/\"},\"wordCount\":222,\"publisher\":{\"@id\":\"https:\\\/\\\/www.meydan.tv\\\/az\\\/#organization\"},\"image\":{\"@id\":\"https:\\\/\\\/www.meydan.tv\\\/az\\\/article\\\/suqovusanda-qazintilarda-insan-sumukleri-tapilib\\\/#primaryimage\"},\"thumbnailUrl\":\"https:\\\/\\\/www.meydan.tv\\\/wp-content\\\/uploads\\\/1664778285232133830_1200x630.jpg\",\"articleSection\":[\"B\u00f6lg\u0259\",\"X\u0259b\u0259rl\u0259r\"],\"inLanguage\":\"az\"},{\"@type\":\"WebPage\",\"@id\":\"https:\\\/\\\/www.meydan.tv\\\/az\\\/article\\\/suqovusanda-qazintilarda-insan-sumukleri-tapilib\\\/\",\"url\":\"https:\\\/\\\/www.meydan.tv\\\/az\\\/article\\\/suqovusanda-qazintilarda-insan-sumukleri-tapilib\\\/\",\"name\":\"Suqovu\u015fanda qaz\u0131nt\u0131larda insan s\u00fcm\u00fckl\u0259ri tap\u0131l\u0131b - MEYDAN.TV\",\"isPartOf\":{\"@id\":\"https:\\\/\\\/www.meydan.tv\\\/az\\\/#website\"},\"primaryImageOfPage\":{\"@id\":\"https:\\\/\\\/www.meydan.tv\\\/az\\\/article\\\/suqovusanda-qazintilarda-insan-sumukleri-tapilib\\\/#primaryimage\"},\"image\":{\"@id\":\"https:\\\/\\\/www.meydan.tv\\\/az\\\/article\\\/suqovusanda-qazintilarda-insan-sumukleri-tapilib\\\/#primaryimage\"},\"thumbnailUrl\":\"https:\\\/\\\/www.meydan.tv\\\/wp-content\\\/uploads\\\/1664778285232133830_1200x630.jpg\",\"datePublished\":\"2024-05-06T10:32:35+00:00\",\"dateModified\":\"2024-05-06T10:32:39+00:00\",\"breadcrumb\":{\"@id\":\"https:\\\/\\\/www.meydan.tv\\\/az\\\/article\\\/suqovusanda-qazintilarda-insan-sumukleri-tapilib\\\/#breadcrumb\"},\"inLanguage\":\"az\",\"potentialAction\":[{\"@type\":\"ReadAction\",\"target\":[\"https:\\\/\\\/www.meydan.tv\\\/az\\\/article\\\/suqovusanda-qazintilarda-insan-sumukleri-tapilib\\\/\"]}]},{\"@type\":\"ImageObject\",\"inLanguage\":\"az\",\"@id\":\"https:\\\/\\\/www.meydan.tv\\\/az\\\/article\\\/suqovusanda-qazintilarda-insan-sumukleri-tapilib\\\/#primaryimage\",\"url\":\"https:\\\/\\\/www.meydan.tv\\\/wp-content\\\/uploads\\\/1664778285232133830_1200x630.jpg\",\"contentUrl\":\"https:\\\/\\\/www.meydan.tv\\\/wp-content\\\/uploads\\\/1664778285232133830_1200x630.jpg\",\"width\":1200,\"height\":800,\"caption\":\"Suqovu\u015fan. Foto: Az\u0259rtac\"},{\"@type\":\"BreadcrumbList\",\"@id\":\"https:\\\/\\\/www.meydan.tv\\\/az\\\/article\\\/suqovusanda-qazintilarda-insan-sumukleri-tapilib\\\/#breadcrumb\",\"itemListElement\":[{\"@type\":\"ListItem\",\"position\":1,\"name\":\"Ana s\u0259hif\u0259\",\"item\":\"https:\\\/\\\/www.meydan.tv\\\/az\\\/\"},{\"@type\":\"ListItem\",\"position\":2,\"name\":\"B\u00f6lg\u0259\",\"item\":\"https:\\\/\\\/www.meydan.tv\\\/az\\\/section\\\/bolge\\\/\"},{\"@type\":\"ListItem\",\"position\":3,\"name\":\"Suqovu\u015fanda qaz\u0131nt\u0131larda insan s\u00fcm\u00fckl\u0259ri tap\u0131l\u0131b\"}]},{\"@type\":\"WebSite\",\"@id\":\"https:\\\/\\\/www.meydan.tv\\\/az\\\/#website\",\"url\":\"https:\\\/\\\/www.meydan.tv\\\/az\\\/\",\"name\":\"MEYDAN.TV\",\"description\":\"Meydan TV Az\u0259rbaycan\u0131n media m\u0259kan\u0131ndak\u0131 alternativ s\u0259sidir\",\"publisher\":{\"@id\":\"https:\\\/\\\/www.meydan.tv\\\/az\\\/#organization\"},\"potentialAction\":[{\"@type\":\"SearchAction\",\"target\":{\"@type\":\"EntryPoint\",\"urlTemplate\":\"https:\\\/\\\/www.meydan.tv\\\/az\\\/?s={search_term_string}\"},\"query-input\":{\"@type\":\"PropertyValueSpecification\",\"valueRequired\":true,\"valueName\":\"search_term_string\"}}],\"inLanguage\":\"az\"},{\"@type\":\"Organization\",\"@id\":\"https:\\\/\\\/www.meydan.tv\\\/az\\\/#organization\",\"name\":\"Meydan TV\",\"url\":\"https:\\\/\\\/www.meydan.tv\\\/az\\\/\",\"logo\":{\"@type\":\"ImageObject\",\"inLanguage\":\"az\",\"@id\":\"https:\\\/\\\/www.meydan.tv\\\/az\\\/#\\\/schema\\\/logo\\\/image\\\/\",\"url\":\"https:\\\/\\\/www.meydan.tv\\\/wp-content\\\/uploads\\\/2021\\\/07\\\/meydan-logo.svg\",\"contentUrl\":\"https:\\\/\\\/www.meydan.tv\\\/wp-content\\\/uploads\\\/2021\\\/07\\\/meydan-logo.svg\",\"width\":195,\"height\":46,\"caption\":\"Meydan TV\"},\"image\":{\"@id\":\"https:\\\/\\\/www.meydan.tv\\\/az\\\/#\\\/schema\\\/logo\\\/image\\\/\"}},{\"@type\":\"Person\",\"@id\":\"https:\\\/\\\/www.meydan.tv\\\/az\\\/#\\\/schema\\\/person\\\/9cdbecf90d17180ce1dfbd95b08dcf47\",\"name\":\"elli\",\"sameAs\":[\"https:\\\/\\\/x.com\\\/elli\"]}]}<\/script>\n<!-- \/ Yoast SEO plugin. -->","yoast_head_json":{"title":"Suqovu\u015fanda qaz\u0131nt\u0131larda insan s\u00fcm\u00fckl\u0259ri tap\u0131l\u0131b - MEYDAN.TV","robots":{"index":"index","follow":"follow","max-snippet":"max-snippet:-1","max-image-preview":"max-image-preview:large","max-video-preview":"max-video-preview:-1"},"canonical":"https:\/\/www.meydan.tv\/az\/article\/suqovusanda-qazintilarda-insan-sumukleri-tapilib\/","og_locale":"az_AZ","og_type":"article","og_title":"Suqovu\u015fanda qaz\u0131nt\u0131larda insan s\u00fcm\u00fckl\u0259ri tap\u0131l\u0131b - MEYDAN.TV","og_description":"A\u011fd\u0259r\u0259 rayonunda qaz\u0131nt\u0131 i\u015fl\u0259ri zaman\u0131 insana m\u0259xsus oldu\u011fu ehtimal edil\u0259n ... Davam\u0131","og_url":"https:\/\/www.meydan.tv\/az\/article\/suqovusanda-qazintilarda-insan-sumukleri-tapilib\/","og_site_name":"MEYDAN.TV","article_published_time":"2024-05-06T10:32:35+00:00","article_modified_time":"2024-05-06T10:32:39+00:00","og_image":[{"width":1200,"height":800,"url":"https:\/\/www.meydan.tv\/wp-content\/uploads\/1664778285232133830_1200x630.jpg","type":"image\/jpeg"}],"author":"elli","twitter_card":"summary_large_image","twitter_creator":"@elli","schema":{"@context":"https:\/\/schema.org","@graph":[{"@type":"Article","@id":"https:\/\/www.meydan.tv\/az\/article\/suqovusanda-qazintilarda-insan-sumukleri-tapilib\/#article","isPartOf":{"@id":"https:\/\/www.meydan.tv\/az\/article\/suqovusanda-qazintilarda-insan-sumukleri-tapilib\/"},"author":{"name":"elli","@id":"https:\/\/www.meydan.tv\/az\/#\/schema\/person\/9cdbecf90d17180ce1dfbd95b08dcf47"},"headline":"Suqovu\u015fanda qaz\u0131nt\u0131larda insan s\u00fcm\u00fckl\u0259ri tap\u0131l\u0131b","datePublished":"2024-05-06T10:32:35+00:00","dateModified":"2024-05-06T10:32:39+00:00","mainEntityOfPage":{"@id":"https:\/\/www.meydan.tv\/az\/article\/suqovusanda-qazintilarda-insan-sumukleri-tapilib\/"},"wordCount":222,"publisher":{"@id":"https:\/\/www.meydan.tv\/az\/#organization"},"image":{"@id":"https:\/\/www.meydan.tv\/az\/article\/suqovusanda-qazintilarda-insan-sumukleri-tapilib\/#primaryimage"},"thumbnailUrl":"https:\/\/www.meydan.tv\/wp-content\/uploads\/1664778285232133830_1200x630.jpg","articleSection":["B\u00f6lg\u0259","X\u0259b\u0259rl\u0259r"],"inLanguage":"az"},{"@type":"WebPage","@id":"https:\/\/www.meydan.tv\/az\/article\/suqovusanda-qazintilarda-insan-sumukleri-tapilib\/","url":"https:\/\/www.meydan.tv\/az\/article\/suqovusanda-qazintilarda-insan-sumukleri-tapilib\/","name":"Suqovu\u015fanda qaz\u0131nt\u0131larda insan s\u00fcm\u00fckl\u0259ri tap\u0131l\u0131b - MEYDAN.TV","isPartOf":{"@id":"https:\/\/www.meydan.tv\/az\/#website"},"primaryImageOfPage":{"@id":"https:\/\/www.meydan.tv\/az\/article\/suqovusanda-qazintilarda-insan-sumukleri-tapilib\/#primaryimage"},"image":{"@id":"https:\/\/www.meydan.tv\/az\/article\/suqovusanda-qazintilarda-insan-sumukleri-tapilib\/#primaryimage"},"thumbnailUrl":"https:\/\/www.meydan.tv\/wp-content\/uploads\/1664778285232133830_1200x630.jpg","datePublished":"2024-05-06T10:32:35+00:00","dateModified":"2024-05-06T10:32:39+00:00","breadcrumb":{"@id":"https:\/\/www.meydan.tv\/az\/article\/suqovusanda-qazintilarda-insan-sumukleri-tapilib\/#breadcrumb"},"inLanguage":"az","potentialAction":[{"@type":"ReadAction","target":["https:\/\/www.meydan.tv\/az\/article\/suqovusanda-qazintilarda-insan-sumukleri-tapilib\/"]}]},{"@type":"ImageObject","inLanguage":"az","@id":"https:\/\/www.meydan.tv\/az\/article\/suqovusanda-qazintilarda-insan-sumukleri-tapilib\/#primaryimage","url":"https:\/\/www.meydan.tv\/wp-content\/uploads\/1664778285232133830_1200x630.jpg","contentUrl":"https:\/\/www.meydan.tv\/wp-content\/uploads\/1664778285232133830_1200x630.jpg","width":1200,"height":800,"caption":"Suqovu\u015fan. Foto: Az\u0259rtac"},{"@type":"BreadcrumbList","@id":"https:\/\/www.meydan.tv\/az\/article\/suqovusanda-qazintilarda-insan-sumukleri-tapilib\/#breadcrumb","itemListElement":[{"@type":"ListItem","position":1,"name":"Ana s\u0259hif\u0259","item":"https:\/\/www.meydan.tv\/az\/"},{"@type":"ListItem","position":2,"name":"B\u00f6lg\u0259","item":"https:\/\/www.meydan.tv\/az\/section\/bolge\/"},{"@type":"ListItem","position":3,"name":"Suqovu\u015fanda qaz\u0131nt\u0131larda insan s\u00fcm\u00fckl\u0259ri tap\u0131l\u0131b"}]},{"@type":"WebSite","@id":"https:\/\/www.meydan.tv\/az\/#website","url":"https:\/\/www.meydan.tv\/az\/","name":"MEYDAN.TV","description":"Meydan TV Az\u0259rbaycan\u0131n media m\u0259kan\u0131ndak\u0131 alternativ s\u0259sidir","publisher":{"@id":"https:\/\/www.meydan.tv\/az\/#organization"},"potentialAction":[{"@type":"SearchAction","target":{"@type":"EntryPoint","urlTemplate":"https:\/\/www.meydan.tv\/az\/?s={search_term_string}"},"query-input":{"@type":"PropertyValueSpecification","valueRequired":true,"valueName":"search_term_string"}}],"inLanguage":"az"},{"@type":"Organization","@id":"https:\/\/www.meydan.tv\/az\/#organization","name":"Meydan TV","url":"https:\/\/www.meydan.tv\/az\/","logo":{"@type":"ImageObject","inLanguage":"az","@id":"https:\/\/www.meydan.tv\/az\/#\/schema\/logo\/image\/","url":"https:\/\/www.meydan.tv\/wp-content\/uploads\/2021\/07\/meydan-logo.svg","contentUrl":"https:\/\/www.meydan.tv\/wp-content\/uploads\/2021\/07\/meydan-logo.svg","width":195,"height":46,"caption":"Meydan TV"},"image":{"@id":"https:\/\/www.meydan.tv\/az\/#\/schema\/logo\/image\/"}},{"@type":"Person","@id":"https:\/\/www.meydan.tv\/az\/#\/schema\/person\/9cdbecf90d17180ce1dfbd95b08dcf47","name":"elli","sameAs":["https:\/\/x.com\/elli"]}]}},"_links":{"self":[{"href":"https:\/\/www.meydan.tv\/az\/wp-json\/wp\/v2\/posts\/305139","targetHints":{"allow":["GET"]}}],"collection":[{"href":"https:\/\/www.meydan.tv\/az\/wp-json\/wp\/v2\/posts"}],"about":[{"href":"https:\/\/www.meydan.tv\/az\/wp-json\/wp\/v2\/types\/post"}],"author":[{"embeddable":true,"href":"https:\/\/www.meydan.tv\/az\/wp-json\/wp\/v2\/users\/8"}],"replies":[{"embeddable":true,"href":"https:\/\/www.meydan.tv\/az\/wp-json\/wp\/v2\/comments?post=305139"}],"version-history":[{"count":1,"href":"https:\/\/www.meydan.tv\/az\/wp-json\/wp\/v2\/posts\/305139\/revisions"}],"predecessor-version":[{"id":305143,"href":"https:\/\/www.meydan.tv\/az\/wp-json\/wp\/v2\/posts\/305139\/revisions\/305143"}],"wp:featuredmedia":[{"embeddable":true,"href":"https:\/\/www.meydan.tv\/az\/wp-json\/wp\/v2\/media\/305140"}],"wp:attachment":[{"href":"https:\/\/www.meydan.tv\/az\/wp-json\/wp\/v2\/media?parent=305139"}],"wp:term":[{"taxonomy":"category","embeddable":true,"href":"https:\/\/www.meydan.tv\/az\/wp-json\/wp\/v2\/categories?post=305139"},{"taxonomy":"post_tag","embeddable":true,"href":"https:\/\/www.meydan.tv\/az\/wp-json\/wp\/v2\/tags?post=305139"}],"curies":[{"name":"wp","href":"https:\/\/api.w.org\/{rel}","templated":true}]}}