{"id":305130,"date":"2024-05-06T13:30:31","date_gmt":"2024-05-06T09:30:31","guid":{"rendered":"https:\/\/www.meydan.tv\/?p=305130"},"modified":"2024-05-06T13:30:35","modified_gmt":"2024-05-06T09:30:35","slug":"abs-sefiri-susada","status":"publish","type":"post","link":"https:\/\/www.meydan.tv\/az\/article\/abs-sefiri-susada\/","title":{"rendered":"AB\u015e s\u0259firi \u015eu\u015fada"},"content":{"rendered":"\n<p><\/p>\n\n\n\n<p><strong><em>Mark Libbi xan\u0131m\u0131 il\u0259 Qaraba\u011fa s\u0259f\u0259r\u0259 \u00e7\u0131x\u0131b<\/em><\/strong><\/p>\n\n\n\n<p>May\u0131n 6-da AB\u015e-nin Az\u0259rbaycandak\u0131 s\u0259firi Mark Libbi (Libby) xan\u0131m\u0131 Danusia il\u0259 birlikd\u0259 F\u00fczuli v\u0259 \u015eu\u015fa \u015f\u0259h\u0259rl\u0259rin\u0259 s\u0259f\u0259r edib.<\/p>\n\n\n\n<p>Bu bar\u0259d\u0259 AB\u015e-nin Az\u0259rbaycandak\u0131 s\u0259firliyi m\u0259lumat <a href=\"https:\/\/www.facebook.com\/baku.usembassy\/posts\/pfbid0c36aM983xwStQuWvzrLYqrzywEkhTCtY3jxMyNQ5B7ndeZSe9j3SrKq3Hzc855Rdl\">yay\u0131b<\/a>.<\/p>\n\n\n\n<p>Bildirilir ki, diplomat h\u0259r iki rayonun h\u00f6kum\u0259t n\u00fcmay\u0259nd\u0259l\u0259ri il\u0259 g\u00f6r\u00fc\u015fm\u0259yi, \u015eu\u015fa qalas\u0131, Xur\u015fidbanu Nat\u0259van\u0131n evi, Xan q\u0131z\u0131 bula\u011f\u0131, Vaqif m\u0259qb\u0259r\u0259si il\u0259 tan\u0131\u015f olma\u011f\u0131, C\u0131d\u0131r d\u00fcz\u00fcn\u00fc g\u0259zm\u0259yi v\u0259 s\u0259firliyin d\u0259st\u0259kl\u0259diyi ingilis dili proqram\u0131nda i\u015ftirak ed\u0259n yerli t\u0259hsil i\u015f\u00e7il\u0259ri il\u0259 g\u00f6r\u00fc\u015fm\u0259yi planla\u015fd\u0131r\u0131r.<\/p>\n\n\n\n<p>May\u0131n 3-d\u0259 Mark Libbi m\u00fcst\u0259qil median\u0131n jurnalistl\u0259ri il\u0259 g\u00f6r\u00fc\u015f\u00fcnd\u0259 \u015eu\u015faya niy\u0259 s\u0259f\u0259r etm\u0259m\u0259si il\u0259 ba\u011fl\u0131 suala da cavab vermi\u015fdi:<\/p>\n\n\n<div class=\"wp-block-image\">\n<figure class=\"aligncenter size-full\"><img decoding=\"async\" width=\"1200\" height=\"800\" data-src=\"https:\/\/www.meydan.tv\/wp-content\/uploads\/img_2416.jpg\" alt=\"\" class=\"wp-image-305127 lazyload\" src=\"data:image\/svg+xml;base64,PHN2ZyB3aWR0aD0iMSIgaGVpZ2h0PSIxIiB4bWxucz0iaHR0cDovL3d3dy53My5vcmcvMjAwMC9zdmciPjwvc3ZnPg==\" style=\"--smush-placeholder-width: 1200px; --smush-placeholder-aspect-ratio: 1200\/800;\" \/><\/figure>\n<\/div>\n\n\n<p><em>&#8220;Haz\u0131r olanda ged\u0259c\u0259m. Bu, AB\u015e s\u0259firi \u00fc\u00e7\u00fcn normal bir \u015feydir. Ming\u0259\u00e7evird\u0259n \u0259vv\u0259l L\u0259nk\u0259rana niy\u0259 getmi\u015fdim? Bunun siyasi s\u0259b\u0259bi varm\u0131? Xeyr. M\u0259n ora getdim, \u00e7\u00fcnki bir g\u00fcn\u0259 gedib, geri qay\u0131da bilirdim v\u0259 g\u00f6r\u00fc\u015fm\u0259li oldu\u011fum bir g\u00f6r\u00fc\u015f var idi. Amma m\u0259n bacard\u0131\u011f\u0131m q\u0259d\u0259r Az\u0259rbaycan\u0131 g\u0259zm\u0259k niyy\u0259tind\u0259y\u0259m v\u0259 bu, ba\u015f ver\u0259nd\u0259 elan\u0131m\u0131z olacaq. Bu, Az\u0259rbaycan hakimiyy\u0259tini narahat ed\u0259n m\u0259s\u0259l\u0259 idi. T\u0259nqid etdil\u0259r, d\u00fczd\u00fcr. M\u0259n \u00e7\u00f6l\u0259 \u00e7\u0131x\u0131b t\u0259bli\u011fat \u015fousunda rol oynamaq niyy\u0259tind\u0259 deyil\u0259m, el\u0259 deyilmi? M\u0259n \u00f6z \u015f\u0259rtl\u0259riml\u0259 \u00e7\u0131xmaq ist\u0259yir\u0259m. M\u0259n harasa ged\u0259nd\u0259 h\u00f6kum\u0259t \u015f\u0259kil \u00e7\u0259kdirir, ist\u0259dikl\u0259rini yaz\u0131r, m\u0259n buna n\u0259zar\u0259t ed\u0259 bilmir\u0259m. Amma m\u0259nim Az\u0259rbaycan\u0131n dig\u0259r b\u00f6lg\u0259l\u0259rin\u0259 etdiyim s\u0259f\u0259rl\u0259r d\u0259 bizim missiyam\u0131z t\u0259r\u0259find\u0259n t\u0259\u015fkil olunub. H\u00f6kum\u0259t\u0259 deyirik ki, gedirik. B\u0259z\u0259n bizi orada qar\u015f\u0131lay\u0131rlar, b\u0259z\u0259n orada bunu ed\u0259n olmur, amma biz gedirik. Ayd\u0131nd\u0131r ki, geri qaytar\u0131lan \u0259razil\u0259r bir az f\u0259rqlidir. Bir az daha koordinasiya t\u0259l\u0259b edir. M\u0259n ba\u015fqas\u0131n\u0131n proqram\u0131nda i\u015ftirak etm\u0259k ist\u0259mir\u0259m. M\u0259n n\u00fcmayi\u015f etdirm\u0259k \u00fc\u00e7\u00fcn getm\u0259k ist\u0259yir\u0259m ki, Birl\u0259\u015fmi\u015f \u015etatlar\u0131n s\u0259firi t\u0259yin olundu\u011fu \u00f6lk\u0259nin b\u00f6lg\u0259l\u0259rin\u0259 s\u0259f\u0259r edir. M\u0259n L\u0259nk\u0259rana, yaxud Ming\u0259\u00e7evir\u0259 getdiyim kimi ziyar\u0259t etm\u0259k, ist\u0259diyim i\u015fl\u0259ri g\u00f6rm\u0259k ist\u0259yir\u0259m. M\u0259n bunu bel\u0259 etm\u0259k ist\u0259yir\u0259m. V\u0259 buna g\u00f6r\u0259 d\u0259 vaxt\u0131 g\u0259l\u0259nd\u0259 m\u0259n bunu <\/em><a href=\"https:\/\/storage.googleapis.com\/qurium\/www.meydan.tv\/az-article-mark-libbi-azerbaycan-hokumetinin-davranisina-gore-cavab-vere-bilmerem.html\"><em>ed\u0259c\u0259m&#8221;<\/em> <\/a>.<\/p>\n\n\n\n<p>Bu a\u00e7\u0131qlamas\u0131ndan sonra h\u00f6kum\u0259tin n\u0259zar\u0259tind\u0259 olan telekanallar v\u0259 saytlar s\u0259firin \u015eu\u015faya niy\u0259 getm\u0259m\u0259sini, el\u0259c\u0259 d\u0259 jurnalistl\u0259rl\u0259 g\u00f6r\u00fc\u015f\u00fcn\u00fc t\u0259nqid edib.<\/p>\n","protected":false},"excerpt":{"rendered":"<p>Mark Libbi xan\u0131m\u0131 il\u0259 Qaraba\u011fa s\u0259f\u0259r\u0259 \u00e7\u0131x\u0131b May\u0131n 6-da AB\u015e-nin &#8230; <\/p>\n<p class=\"read-more-container\"><a title=\"AB\u015e s\u0259firi \u015eu\u015fada\" class=\"read-more button\" href=\"https:\/\/www.meydan.tv\/az\/article\/abs-sefiri-susada\/#more-305130\" aria-label=\"Read more about AB\u015e s\u0259firi \u015eu\u015fada\">Davam\u0131<\/a><\/p>\n","protected":false},"author":8,"featured_media":305124,"comment_status":"closed","ping_status":"closed","sticky":false,"template":"","format":"standard","meta":{"_acf_changed":false,"_sitemap_exclude":false,"_sitemap_priority":"","_sitemap_frequency":"","footnotes":""},"categories":[59,79,56],"tags":[],"class_list":["post-305130","post","type-post","status-publish","format-standard","has-post-thumbnail","hentry","category-siyaset","category-featured","category-xeberler","infinite-scroll-item","generate-columns","tablet-grid-50","mobile-grid-100","grid-parent","grid-33","no-featured-image-padding"],"acf":[],"yoast_head":"<!-- This site is optimized with the Yoast SEO plugin v27.4 - https:\/\/yoast.com\/product\/yoast-seo-wordpress\/ -->\n<title>AB\u015e s\u0259firi \u015eu\u015fada - MEYDAN.TV<\/title>\n<meta name=\"robots\" content=\"index, follow, max-snippet:-1, max-image-preview:large, max-video-preview:-1\" \/>\n<link rel=\"canonical\" href=\"https:\/\/www.meydan.tv\/az\/article\/abs-sefiri-susada\/\" \/>\n<meta property=\"og:locale\" content=\"az_AZ\" \/>\n<meta property=\"og:type\" content=\"article\" \/>\n<meta property=\"og:title\" content=\"AB\u015e s\u0259firi \u015eu\u015fada - MEYDAN.TV\" \/>\n<meta property=\"og:description\" content=\"Mark Libbi xan\u0131m\u0131 il\u0259 Qaraba\u011fa s\u0259f\u0259r\u0259 \u00e7\u0131x\u0131b May\u0131n 6-da AB\u015e-nin ... Davam\u0131\" \/>\n<meta property=\"og:url\" content=\"https:\/\/www.meydan.tv\/az\/article\/abs-sefiri-susada\/\" \/>\n<meta property=\"og:site_name\" content=\"MEYDAN.TV\" \/>\n<meta property=\"article:published_time\" content=\"2024-05-06T09:30:31+00:00\" \/>\n<meta property=\"article:modified_time\" content=\"2024-05-06T09:30:35+00:00\" \/>\n<meta property=\"og:image\" content=\"https:\/\/www.meydan.tv\/wp-content\/uploads\/440894653_851157837052626_557594392583345822_n.jpg\" \/>\n\t<meta property=\"og:image:width\" content=\"1200\" \/>\n\t<meta property=\"og:image:height\" content=\"800\" \/>\n\t<meta property=\"og:image:type\" content=\"image\/jpeg\" \/>\n<meta name=\"author\" content=\"elli\" \/>\n<meta name=\"twitter:card\" content=\"summary_large_image\" \/>\n<meta name=\"twitter:creator\" content=\"@elli\" \/>\n<script type=\"application\/ld+json\" class=\"yoast-schema-graph\">{\"@context\":\"https:\\\/\\\/schema.org\",\"@graph\":[{\"@type\":\"Article\",\"@id\":\"https:\\\/\\\/www.meydan.tv\\\/az\\\/article\\\/abs-sefiri-susada\\\/#article\",\"isPartOf\":{\"@id\":\"https:\\\/\\\/www.meydan.tv\\\/az\\\/article\\\/abs-sefiri-susada\\\/\"},\"author\":{\"name\":\"elli\",\"@id\":\"https:\\\/\\\/www.meydan.tv\\\/az\\\/#\\\/schema\\\/person\\\/9cdbecf90d17180ce1dfbd95b08dcf47\"},\"headline\":\"AB\u015e s\u0259firi \u015eu\u015fada\",\"datePublished\":\"2024-05-06T09:30:31+00:00\",\"dateModified\":\"2024-05-06T09:30:35+00:00\",\"mainEntityOfPage\":{\"@id\":\"https:\\\/\\\/www.meydan.tv\\\/az\\\/article\\\/abs-sefiri-susada\\\/\"},\"wordCount\":529,\"publisher\":{\"@id\":\"https:\\\/\\\/www.meydan.tv\\\/az\\\/#organization\"},\"image\":{\"@id\":\"https:\\\/\\\/www.meydan.tv\\\/az\\\/article\\\/abs-sefiri-susada\\\/#primaryimage\"},\"thumbnailUrl\":\"https:\\\/\\\/www.meydan.tv\\\/wp-content\\\/uploads\\\/440894653_851157837052626_557594392583345822_n.jpg\",\"articleSection\":[\"Siyas\u0259t\",\"T\u00f6vsiy\u0259\",\"X\u0259b\u0259rl\u0259r\"],\"inLanguage\":\"az\"},{\"@type\":\"WebPage\",\"@id\":\"https:\\\/\\\/www.meydan.tv\\\/az\\\/article\\\/abs-sefiri-susada\\\/\",\"url\":\"https:\\\/\\\/www.meydan.tv\\\/az\\\/article\\\/abs-sefiri-susada\\\/\",\"name\":\"AB\u015e s\u0259firi \u015eu\u015fada - MEYDAN.TV\",\"isPartOf\":{\"@id\":\"https:\\\/\\\/www.meydan.tv\\\/az\\\/#website\"},\"primaryImageOfPage\":{\"@id\":\"https:\\\/\\\/www.meydan.tv\\\/az\\\/article\\\/abs-sefiri-susada\\\/#primaryimage\"},\"image\":{\"@id\":\"https:\\\/\\\/www.meydan.tv\\\/az\\\/article\\\/abs-sefiri-susada\\\/#primaryimage\"},\"thumbnailUrl\":\"https:\\\/\\\/www.meydan.tv\\\/wp-content\\\/uploads\\\/440894653_851157837052626_557594392583345822_n.jpg\",\"datePublished\":\"2024-05-06T09:30:31+00:00\",\"dateModified\":\"2024-05-06T09:30:35+00:00\",\"breadcrumb\":{\"@id\":\"https:\\\/\\\/www.meydan.tv\\\/az\\\/article\\\/abs-sefiri-susada\\\/#breadcrumb\"},\"inLanguage\":\"az\",\"potentialAction\":[{\"@type\":\"ReadAction\",\"target\":[\"https:\\\/\\\/www.meydan.tv\\\/az\\\/article\\\/abs-sefiri-susada\\\/\"]}]},{\"@type\":\"ImageObject\",\"inLanguage\":\"az\",\"@id\":\"https:\\\/\\\/www.meydan.tv\\\/az\\\/article\\\/abs-sefiri-susada\\\/#primaryimage\",\"url\":\"https:\\\/\\\/www.meydan.tv\\\/wp-content\\\/uploads\\\/440894653_851157837052626_557594392583345822_n.jpg\",\"contentUrl\":\"https:\\\/\\\/www.meydan.tv\\\/wp-content\\\/uploads\\\/440894653_851157837052626_557594392583345822_n.jpg\",\"width\":1200,\"height\":800,\"caption\":\"Fotolar: AB\u015e s\u0259firliyi\"},{\"@type\":\"BreadcrumbList\",\"@id\":\"https:\\\/\\\/www.meydan.tv\\\/az\\\/article\\\/abs-sefiri-susada\\\/#breadcrumb\",\"itemListElement\":[{\"@type\":\"ListItem\",\"position\":1,\"name\":\"Ana s\u0259hif\u0259\",\"item\":\"https:\\\/\\\/www.meydan.tv\\\/az\\\/\"},{\"@type\":\"ListItem\",\"position\":2,\"name\":\"Siyas\u0259t\",\"item\":\"https:\\\/\\\/www.meydan.tv\\\/az\\\/section\\\/siyaset\\\/\"},{\"@type\":\"ListItem\",\"position\":3,\"name\":\"AB\u015e s\u0259firi \u015eu\u015fada\"}]},{\"@type\":\"WebSite\",\"@id\":\"https:\\\/\\\/www.meydan.tv\\\/az\\\/#website\",\"url\":\"https:\\\/\\\/www.meydan.tv\\\/az\\\/\",\"name\":\"MEYDAN.TV\",\"description\":\"Meydan TV Az\u0259rbaycan\u0131n media m\u0259kan\u0131ndak\u0131 alternativ s\u0259sidir\",\"publisher\":{\"@id\":\"https:\\\/\\\/www.meydan.tv\\\/az\\\/#organization\"},\"potentialAction\":[{\"@type\":\"SearchAction\",\"target\":{\"@type\":\"EntryPoint\",\"urlTemplate\":\"https:\\\/\\\/www.meydan.tv\\\/az\\\/?s={search_term_string}\"},\"query-input\":{\"@type\":\"PropertyValueSpecification\",\"valueRequired\":true,\"valueName\":\"search_term_string\"}}],\"inLanguage\":\"az\"},{\"@type\":\"Organization\",\"@id\":\"https:\\\/\\\/www.meydan.tv\\\/az\\\/#organization\",\"name\":\"Meydan TV\",\"url\":\"https:\\\/\\\/www.meydan.tv\\\/az\\\/\",\"logo\":{\"@type\":\"ImageObject\",\"inLanguage\":\"az\",\"@id\":\"https:\\\/\\\/www.meydan.tv\\\/az\\\/#\\\/schema\\\/logo\\\/image\\\/\",\"url\":\"https:\\\/\\\/www.meydan.tv\\\/wp-content\\\/uploads\\\/2021\\\/07\\\/meydan-logo.svg\",\"contentUrl\":\"https:\\\/\\\/www.meydan.tv\\\/wp-content\\\/uploads\\\/2021\\\/07\\\/meydan-logo.svg\",\"width\":195,\"height\":46,\"caption\":\"Meydan TV\"},\"image\":{\"@id\":\"https:\\\/\\\/www.meydan.tv\\\/az\\\/#\\\/schema\\\/logo\\\/image\\\/\"}},{\"@type\":\"Person\",\"@id\":\"https:\\\/\\\/www.meydan.tv\\\/az\\\/#\\\/schema\\\/person\\\/9cdbecf90d17180ce1dfbd95b08dcf47\",\"name\":\"elli\",\"sameAs\":[\"https:\\\/\\\/x.com\\\/elli\"]}]}<\/script>\n<!-- \/ Yoast SEO plugin. -->","yoast_head_json":{"title":"AB\u015e s\u0259firi \u015eu\u015fada - MEYDAN.TV","robots":{"index":"index","follow":"follow","max-snippet":"max-snippet:-1","max-image-preview":"max-image-preview:large","max-video-preview":"max-video-preview:-1"},"canonical":"https:\/\/www.meydan.tv\/az\/article\/abs-sefiri-susada\/","og_locale":"az_AZ","og_type":"article","og_title":"AB\u015e s\u0259firi \u015eu\u015fada - MEYDAN.TV","og_description":"Mark Libbi xan\u0131m\u0131 il\u0259 Qaraba\u011fa s\u0259f\u0259r\u0259 \u00e7\u0131x\u0131b May\u0131n 6-da AB\u015e-nin ... Davam\u0131","og_url":"https:\/\/www.meydan.tv\/az\/article\/abs-sefiri-susada\/","og_site_name":"MEYDAN.TV","article_published_time":"2024-05-06T09:30:31+00:00","article_modified_time":"2024-05-06T09:30:35+00:00","og_image":[{"width":1200,"height":800,"url":"https:\/\/www.meydan.tv\/wp-content\/uploads\/440894653_851157837052626_557594392583345822_n.jpg","type":"image\/jpeg"}],"author":"elli","twitter_card":"summary_large_image","twitter_creator":"@elli","schema":{"@context":"https:\/\/schema.org","@graph":[{"@type":"Article","@id":"https:\/\/www.meydan.tv\/az\/article\/abs-sefiri-susada\/#article","isPartOf":{"@id":"https:\/\/www.meydan.tv\/az\/article\/abs-sefiri-susada\/"},"author":{"name":"elli","@id":"https:\/\/www.meydan.tv\/az\/#\/schema\/person\/9cdbecf90d17180ce1dfbd95b08dcf47"},"headline":"AB\u015e s\u0259firi \u015eu\u015fada","datePublished":"2024-05-06T09:30:31+00:00","dateModified":"2024-05-06T09:30:35+00:00","mainEntityOfPage":{"@id":"https:\/\/www.meydan.tv\/az\/article\/abs-sefiri-susada\/"},"wordCount":529,"publisher":{"@id":"https:\/\/www.meydan.tv\/az\/#organization"},"image":{"@id":"https:\/\/www.meydan.tv\/az\/article\/abs-sefiri-susada\/#primaryimage"},"thumbnailUrl":"https:\/\/www.meydan.tv\/wp-content\/uploads\/440894653_851157837052626_557594392583345822_n.jpg","articleSection":["Siyas\u0259t","T\u00f6vsiy\u0259","X\u0259b\u0259rl\u0259r"],"inLanguage":"az"},{"@type":"WebPage","@id":"https:\/\/www.meydan.tv\/az\/article\/abs-sefiri-susada\/","url":"https:\/\/www.meydan.tv\/az\/article\/abs-sefiri-susada\/","name":"AB\u015e s\u0259firi \u015eu\u015fada - MEYDAN.TV","isPartOf":{"@id":"https:\/\/www.meydan.tv\/az\/#website"},"primaryImageOfPage":{"@id":"https:\/\/www.meydan.tv\/az\/article\/abs-sefiri-susada\/#primaryimage"},"image":{"@id":"https:\/\/www.meydan.tv\/az\/article\/abs-sefiri-susada\/#primaryimage"},"thumbnailUrl":"https:\/\/www.meydan.tv\/wp-content\/uploads\/440894653_851157837052626_557594392583345822_n.jpg","datePublished":"2024-05-06T09:30:31+00:00","dateModified":"2024-05-06T09:30:35+00:00","breadcrumb":{"@id":"https:\/\/www.meydan.tv\/az\/article\/abs-sefiri-susada\/#breadcrumb"},"inLanguage":"az","potentialAction":[{"@type":"ReadAction","target":["https:\/\/www.meydan.tv\/az\/article\/abs-sefiri-susada\/"]}]},{"@type":"ImageObject","inLanguage":"az","@id":"https:\/\/www.meydan.tv\/az\/article\/abs-sefiri-susada\/#primaryimage","url":"https:\/\/www.meydan.tv\/wp-content\/uploads\/440894653_851157837052626_557594392583345822_n.jpg","contentUrl":"https:\/\/www.meydan.tv\/wp-content\/uploads\/440894653_851157837052626_557594392583345822_n.jpg","width":1200,"height":800,"caption":"Fotolar: AB\u015e s\u0259firliyi"},{"@type":"BreadcrumbList","@id":"https:\/\/www.meydan.tv\/az\/article\/abs-sefiri-susada\/#breadcrumb","itemListElement":[{"@type":"ListItem","position":1,"name":"Ana s\u0259hif\u0259","item":"https:\/\/www.meydan.tv\/az\/"},{"@type":"ListItem","position":2,"name":"Siyas\u0259t","item":"https:\/\/www.meydan.tv\/az\/section\/siyaset\/"},{"@type":"ListItem","position":3,"name":"AB\u015e s\u0259firi \u015eu\u015fada"}]},{"@type":"WebSite","@id":"https:\/\/www.meydan.tv\/az\/#website","url":"https:\/\/www.meydan.tv\/az\/","name":"MEYDAN.TV","description":"Meydan TV Az\u0259rbaycan\u0131n media m\u0259kan\u0131ndak\u0131 alternativ s\u0259sidir","publisher":{"@id":"https:\/\/www.meydan.tv\/az\/#organization"},"potentialAction":[{"@type":"SearchAction","target":{"@type":"EntryPoint","urlTemplate":"https:\/\/www.meydan.tv\/az\/?s={search_term_string}"},"query-input":{"@type":"PropertyValueSpecification","valueRequired":true,"valueName":"search_term_string"}}],"inLanguage":"az"},{"@type":"Organization","@id":"https:\/\/www.meydan.tv\/az\/#organization","name":"Meydan TV","url":"https:\/\/www.meydan.tv\/az\/","logo":{"@type":"ImageObject","inLanguage":"az","@id":"https:\/\/www.meydan.tv\/az\/#\/schema\/logo\/image\/","url":"https:\/\/www.meydan.tv\/wp-content\/uploads\/2021\/07\/meydan-logo.svg","contentUrl":"https:\/\/www.meydan.tv\/wp-content\/uploads\/2021\/07\/meydan-logo.svg","width":195,"height":46,"caption":"Meydan TV"},"image":{"@id":"https:\/\/www.meydan.tv\/az\/#\/schema\/logo\/image\/"}},{"@type":"Person","@id":"https:\/\/www.meydan.tv\/az\/#\/schema\/person\/9cdbecf90d17180ce1dfbd95b08dcf47","name":"elli","sameAs":["https:\/\/x.com\/elli"]}]}},"_links":{"self":[{"href":"https:\/\/www.meydan.tv\/az\/wp-json\/wp\/v2\/posts\/305130","targetHints":{"allow":["GET"]}}],"collection":[{"href":"https:\/\/www.meydan.tv\/az\/wp-json\/wp\/v2\/posts"}],"about":[{"href":"https:\/\/www.meydan.tv\/az\/wp-json\/wp\/v2\/types\/post"}],"author":[{"embeddable":true,"href":"https:\/\/www.meydan.tv\/az\/wp-json\/wp\/v2\/users\/8"}],"replies":[{"embeddable":true,"href":"https:\/\/www.meydan.tv\/az\/wp-json\/wp\/v2\/comments?post=305130"}],"version-history":[{"count":4,"href":"https:\/\/www.meydan.tv\/az\/wp-json\/wp\/v2\/posts\/305130\/revisions"}],"predecessor-version":[{"id":305134,"href":"https:\/\/www.meydan.tv\/az\/wp-json\/wp\/v2\/posts\/305130\/revisions\/305134"}],"wp:featuredmedia":[{"embeddable":true,"href":"https:\/\/www.meydan.tv\/az\/wp-json\/wp\/v2\/media\/305124"}],"wp:attachment":[{"href":"https:\/\/www.meydan.tv\/az\/wp-json\/wp\/v2\/media?parent=305130"}],"wp:term":[{"taxonomy":"category","embeddable":true,"href":"https:\/\/www.meydan.tv\/az\/wp-json\/wp\/v2\/categories?post=305130"},{"taxonomy":"post_tag","embeddable":true,"href":"https:\/\/www.meydan.tv\/az\/wp-json\/wp\/v2\/tags?post=305130"}],"curies":[{"name":"wp","href":"https:\/\/api.w.org\/{rel}","templated":true}]}}