{"id":305079,"date":"2024-05-05T15:15:47","date_gmt":"2024-05-05T11:15:47","guid":{"rendered":"https:\/\/www.meydan.tv\/?p=305079"},"modified":"2024-05-06T11:33:50","modified_gmt":"2024-05-06T07:33:50","slug":"mark-libbi-azerbaycan-hokumetinin-davranisina-gore-cavab-vere-bilmerem","status":"publish","type":"post","link":"https:\/\/www.meydan.tv\/az\/article\/mark-libbi-azerbaycan-hokumetinin-davranisina-gore-cavab-vere-bilmerem\/","title":{"rendered":"Mark Libbi: \u201cAz\u0259rbaycan h\u00f6kum\u0259tinin davran\u0131\u015f\u0131na g\u00f6r\u0259 cavab ver\u0259 bilm\u0259r\u0259m\u201d"},"content":{"rendered":"\n<p><\/p>\n\n\n\n<p><strong>(II hiss\u0259)<\/strong><\/p>\n\n\n\n<p><em><strong>&#8220;Suverenliyini qorumaqda maraql\u0131 olan Az\u0259rbaycan b\u00f6y\u00fck qon\u015fusuna qar\u015f\u0131 ehtiyatl\u0131 davranan Az\u0259rbaycana \u00e7evrilir\u201d<\/strong><\/em><\/p>\n\n\n\n<p><em>AB\u015e-nin<\/em> <em>Az\u0259rbaycandak\u0131 s\u0259firi Mark Libbi Beyn\u0259lxalq M\u0259tbuat Azadl\u0131\u011f\u0131 G\u00fcn\u00fc m\u00fcnasib\u0259til\u0259 bir qrup jurnalistl\u0259 g\u00f6r\u00fc\u015f\u00fcb, onlar\u0131n suallar\u0131n\u0131 cavabland\u0131r\u0131b.<\/em><\/p>\n\n\n\n<p><a href=\"https:\/\/storage.googleapis.com\/qurium\/www.meydan.tv\/az-article-abs-in-azerbaycandaki-sefiri-ittihamlarin-coxu-uydurmadir-meqsed-jurnalistlerin-sesini-kesmekdir.html\">(\u018fvv\u0259lki hiss\u0259sini buradan oxuya bil\u0259rsiz)<\/a><\/p>\n\n\n\n<p><strong>&#8220;S\u0259firinin \u00e7\u00f6l\u0259 \u00e7\u0131xmas\u0131 v\u0259 t\u0259yin olundu\u011fu \u00f6lk\u0259nin xalq\u0131 il\u0259 \u0259laq\u0259 yaratmas\u0131 vacibdirmi?\u201d<\/strong><\/p>\n\n\n\n<p>&#8211; <em>Az\u0259rbaycanda bir-birinin ard\u0131nca f\u0259allar, jurnalistl\u0259r h\u0259bs olunur. Ham\u0131 sizin reaksiyan\u0131z\u0131 g\u00f6zl\u0259diyi zamanda s\u0259firliyinizin sosial media s\u0259hif\u0259l\u0259rind\u0259, m\u0259s\u0259l\u0259n, sizin ail\u0259nizl\u0259 \u0130\u00e7\u0259ri\u015f\u0259h\u0259r\u0259 s\u0259f\u0259riniz bar\u0259d\u0259 m\u0259lumatlar yerl\u0259\u015fdirilib. B\u0259zil\u0259ri bunu etinas\u0131zl\u0131q kimi q\u0259bul edirl\u0259r, b\u0259s siz bu haqda d\u00fc\u015f\u00fcn\u00fcrs\u00fcn\u00fcz?<\/em><\/p>\n\n\n\n<p>&#8211; Buna g\u00f6r\u0259 siz\u0259 geri d\u00f6n\u00fcb faktiki sosial media lentimiz\u0259 n\u0259z\u0259r salma\u011f\u0131 t\u0259klif ed\u0259rdim. S\u0259firlikd\u0259n m\u00fcnt\u0259z\u0259m, tez-tez b\u0259yanatlar, narahatl\u0131qlarla ba\u011fl\u0131 x\u0259b\u0259rl\u0259r payla\u015f\u0131r\u0131q. Va\u015finqtonun burada insan haqlar\u0131n\u0131n v\u0259ziyy\u0259ti haqq\u0131nda narahatl\u0131\u011f\u0131n\u0131 payla\u015f\u0131r\u0131q. Ona g\u00f6r\u0259 d\u0259 m\u0259n bu sual\u0131n \u0259sass\u0131z oldu\u011funu d\u00fc\u015f\u00fcn\u00fcr\u0259m. Bunun ikinci hiss\u0259si kimi AB\u015e s\u0259firinin \u00e7\u00f6l\u0259 \u00e7\u0131xmas\u0131 v\u0259 t\u0259yin olundu\u011fu \u00f6lk\u0259nin xalq\u0131 il\u0259 \u0259laq\u0259 yaratmas\u0131 vacibdirmi? Tamamil\u0259 vacibdir. M\u0259n bu \u00f6lk\u0259ni sevir\u0259mmi? G\u00f6z\u0259l \u00f6lk\u0259dir. Burada \u00e7\u0131x\u0131b m\u00fcnasib\u0259timizin daha yum\u015faq t\u0259r\u0259fini g\u00f6st\u0259rm\u0259liy\u0259mmi? B\u0259li, g\u00f6st\u0259rm\u0259liy\u0259m. Biz o \u015feyl\u0259rd\u0259n birinin dig\u0259rini istisna etdiyi bir d\u00fcnyada ya\u015fam\u0131r\u0131q. Bizim Az\u0259rbaycanla d\u0259rin v\u0259 uzun \u0259laq\u0259l\u0259rimiz var v\u0259 biz a\u011f\u0131r s\u00f6hb\u0259tl\u0259r aparma\u011f\u0131 bacarmal\u0131y\u0131q v\u0259 diplomatiyan\u0131n normal i\u015fini, o c\u00fcml\u0259d\u0259n xalq diplomatiyas\u0131n\u0131 da daxil etm\u0259yi bacarmal\u0131y\u0131q. Burada \u00e7\u00f6l\u0259 \u00e7\u0131xmaq, m\u0259d\u0259niyy\u0259ti qiym\u0259tl\u0259ndirm\u0259k laz\u0131md\u0131r. \u00d6lk\u0259d\u0259 ba\u015fqa n\u0259l\u0259rin ba\u015f verdiyini \u015f\u0259rh etm\u0259k \u00fc\u00e7\u00fcn m\u00fctl\u0259q etm\u0259lisiniz. Bel\u0259likl\u0259, m\u0259nim fikrimc\u0259, sual\u0131n\u0131z\u0131n m\u00fcdd\u0259as\u0131n\u0131 r\u0259dd ed\u0259rdim. M\u0259n \u00fc\u00e7 ayd\u0131r buradayam v\u0259 hadis\u0259l\u0259rin i\u00e7ind\u0259 olmu\u015fam. B\u00fct\u00fcn yaz\u0131lar\u0131m\u0131zda trollar \u00e7\u0131x\u0131r v\u0259 ya e\u015fidir\u0259m. Buna g\u00f6r\u0259 d\u0259 insanlar\u0131n diqq\u0259tini hiss edir\u0259m. H\u00f6kum\u0259tin bununla n\u0259 ed\u0259c\u0259yi v\u0259 ya bu mesaja nec\u0259 reaksiya ver\u0259c\u0259yi onlar\u0131n \u00f6z i\u015fidir. Amma bu, m\u0259d\u0259ni \u0259laq\u0259l\u0259r\u0259, \u00f6lk\u0259d\u0259ki insanlara v\u0259 m\u0259nim imtiyazl\u0131 oldu\u011fum bu yerin co\u011frafiyas\u0131na verdiyimiz qiym\u0259t\u0259 aid olan diplomatiyan\u0131n dig\u0259r i\u015fini istisna etmir.<\/p>\n\n\n\n<p>&#8220;<strong>H\u00fcquqlar\u0131n\u0131n pozulmas\u0131 hallar\u0131 azalsa, t\u0259nqidl\u0259r d\u0259 azalacaqm\u0131?\u201d<\/strong><\/p>\n\n\n\n<p>&#8211; <em>Siz Konqres\u0259 t\u0259qdim olunan qanun layih\u0259si bar\u0259d\u0259 dan\u0131\u015fmad\u0131n\u0131z, m\u0259nim sual\u0131m konqresmenl\u0259rl\u0259 ba\u011fl\u0131 deyil. T\u0259s\u0259vv\u00fcr ed\u0259k, m\u0259n sad\u0259 Az\u0259rbaycan v\u0259t\u0259nda\u015f\u0131yam v\u0259 sizd\u0259n soru\u015furam ki, Az\u0259rbaycan h\u00f6kum\u0259ti bu qanun layih\u0259sinin t\u0259sdiql\u0259nm\u0259m\u0259si \u00fc\u00e7\u00fcn n\u0259 etm\u0259lidir?<\/em><\/p>\n\n\n\n<p>&#8211; M\u0259n he\u00e7 d\u00fc\u015f\u00fcnm\u00fcr\u0259m ki, insanlar bel\u0259 bir qanunun qar\u015f\u0131s\u0131n\u0131 almaq \u00fc\u00e7\u00fcn n\u0259 etm\u0259lidirl\u0259r? Konqresin n\u0259 ed\u0259c\u0259yini v\u0259 ya etm\u0259y\u0259c\u0259yini bilmir\u0259m. Bu sual onu g\u00f6st\u0259rir ki, m\u0259n Konqresin nec\u0259 i\u015fl\u0259y\u0259c\u0259yini bilir\u0259m v\u0259 onlar\u0131n birinci v\u0259ziyy\u0259td\u0259 X, ikinci v\u0259ziyy\u0259td\u0259 is\u0259 Y ed\u0259c\u0259kl\u0259rini proqnozla\u015fd\u0131ra bil\u0259r\u0259m. M\u0259n onu ed\u0259 bilm\u0259r\u0259m. Konqres m\u00fcst\u0259qildir. M\u0259nc\u0259, sual\u0131n\u0131za cavab olduqca sad\u0259dir. \u0130nsan h\u00fcquqlar\u0131n\u0131n pozulmas\u0131 dayansa, insanlar Az\u0259rbaycan\u0131 insan haqlar\u0131n\u0131n pozulmas\u0131na g\u00f6r\u0259 t\u0259nqid etm\u0259yi dayand\u0131racaqlarm\u0131? M\u0259n bel\u0259 d\u00fc\u015f\u00fcn\u00fcr\u0259m, y\u0259qin ki, insan h\u00fcquqlar\u0131n\u0131n pozulmas\u0131 hallar\u0131 azalsa, t\u0259nqidl\u0259r d\u0259 azalacaqm\u0131? Bu, m\u0259n\u0259 a\u011flabatan bir f\u0259rziyy\u0259 kimi g\u00f6r\u00fcn\u00fcr. Dey\u0259 bil\u0259r\u0259m ki, \u0259g\u0259r siz jurnalistl\u0259ri v\u0259 v\u0259t\u0259nda\u015f c\u0259miyy\u0259ti f\u0259allar\u0131n\u0131 h\u0259bs\u0259 atacaqs\u0131n\u0131zsa, insanlar\u0131n buna g\u00f6r\u0259 sizi t\u0259nqid ed\u0259c\u0259yini g\u00f6zl\u0259m\u0259k olar. Bu t\u0259nqidin bitm\u0259sini ist\u0259yirs\u0259ns\u0259, bunu dayand\u0131rmal\u0131san. M\u0259n\u0259 olduqca sad\u0259 g\u00f6r\u00fcn\u00fcr.<br>Onlar \u0259vv\u0259ll\u0259r d\u0259 Konqresd\u0259 insanlara r\u00fc\u015fv\u0259t verm\u0259y\u0259 c\u0259hd edibl\u0259r\u2026<\/p>\n\n\n\n<p>Yen\u0259 d\u0259 bu bar\u0259d\u0259 onlardan soru\u015fmal\u0131 olacaqs\u0131n\u0131z. M\u0259nd\u0259n yox.<\/p>\n\n\n\n<p><strong>\u0130ranla \u0259laq\u0259l\u0259r: \u201cAz\u0259rbaycan \u00e7\u0259tin b\u00f6lg\u0259d\u0259 ya\u015fay\u0131r\u201d<\/strong><\/p>\n\n\n\n<p>&#8211; <em>\u0130ran b\u00f6y\u00fckd\u00fcr, d\u00fcnyan\u0131n qaynar n\u00f6qt\u0259sin\u0259 \u00e7evrilib. M\u0259nc\u0259, Bak\u0131dak\u0131 diplomatiya da prosesin bir hiss\u0259sidir. AB\u015e-\u0131n Bak\u0131dan ist\u0259diyi n\u0259dir v\u0259 Bak\u0131 buna nec\u0259 reaksiya verir? Bu, diplomatik \u00fcnsiyy\u0259tin bir hiss\u0259sidirmi?<\/em><\/p>\n\n\n\n<p>&#8211; Bununla ba\u011fl\u0131 bir-iki \u015fey dey\u0259c\u0259m. Birincisi odur ki, b\u0259zi daha sensasiyal\u0131 m\u0259tbuatdan, rus trollar\u0131ndan v\u0259 ya h\u0259r n\u0259 e\u015fitdiyinizd\u0259n as\u0131l\u0131 olmayaraq, biz bunu Az\u0259rbaycan h\u00f6kum\u0259tin\u0259 deyirik ki, bizim mara\u011f\u0131m\u0131z var. \u00d6z s\u0259rh\u0259dl\u0259rini qoruya bil\u0259n, b\u00f6y\u00fck qon\u015fular\u0131n\u0131n t\u0259zyiqin\u0259 v\u0259 ya t\u0259zyiqin h\u0259r hans\u0131 bir n\u00f6v\u00fcn\u0259 m\u0259ruz qalmayan suveren m\u00fcst\u0259qil Az\u0259rbaycan\u0131n mara\u011f\u0131nday\u0131q. B\u0259zil\u0259ri Az\u0259rbaycan\u0131 bir \u0259yal\u0259t v\u0259 ya m\u00fcst\u0259ml\u0259k\u0259 kimi d\u00fc\u015f\u00fcnm\u0259y\u0259 \u00fcst\u00fcnl\u00fck verir. N\u0259 olursa olsun, biz bunun do\u011fru yol oldu\u011funu d\u00fc\u015f\u00fcnm\u00fcr\u00fck. Biz ideyan\u0131 sevirik v\u0259 Az\u0259rbaycan\u0131n azad, m\u00fcst\u0259qil, suveren, g\u00fccl\u00fc v\u0259 firavan olmas\u0131n\u0131n regionun v\u0259 sabitliyin maraqlar\u0131na uy\u011fun oldu\u011funu d\u00fc\u015f\u00fcn\u00fcr\u00fck. B\u00fct\u00fcn bunlar \u015f\u00fcbh\u0259sizdir. Az\u0259rbaycan \u00e7\u0259tin b\u00f6lg\u0259d\u0259 ya\u015fay\u0131r. Onun b\u0259zi s\u0259rt qon\u015fular\u0131 var. Biz ba\u015fa d\u00fc\u015f\u00fcr\u00fck ki, Az\u0259rbaycanla \u0130ran aras\u0131nda m\u00fcnasib\u0259tl\u0259r yum\u015faq olmay\u0131b. H\u0259r iki t\u0259r\u0259fd\u0259n \u00e7oxlu \u015f\u00fcbh\u0259l\u0259r var, \u0130randan t\u0259zyiql\u0259r olub. D\u00fc\u015f\u00fcn\u00fcr\u0259m ki, \u0130ran\u0131n ke\u00e7mi\u015fd\u0259ki davran\u0131\u015flar\u0131na \u0259saslanaraq, bir ne\u00e7\u0259 ildir ki, terrorizmd\u0259n \u00e7\u0259kinm\u0259y\u0259n bir \u00f6lk\u0259 oldu\u011funu g\u00f6rm\u0259k olduqca ayd\u0131nd\u0131r. Bu, qon\u015fular\u0131na sata\u015fmaqdan \u00e7\u0259kinm\u0259y\u0259n bir \u00f6lk\u0259dir v\u0259 s. A\u00e7\u0131q-ayd\u0131n bizim mara\u011f\u0131m\u0131z Az\u0259rbaycan\u0131n buna qar\u015f\u0131 durma\u011f\u0131n yollar\u0131n\u0131 tapmaq mara\u011f\u0131 il\u0259 \u00fcst-\u00fcst\u0259 d\u00fc\u015f\u00fcr. Buna g\u00f6r\u0259 d\u0259, \u00e7ox t\u0259f\u0259rr\u00fcata v\u0259 ya konkretliy\u0259 girm\u0259d\u0259n dey\u0259c\u0259m ki, bu, bizim maraqlar\u0131m\u0131z\u0131n \u00fcst-\u00fcst\u0259 d\u00fc\u015fd\u00fcy\u00fc v\u0259 s\u0259m\u0259r\u0259li s\u00f6hb\u0259t ed\u0259 bil\u0259c\u0259yimiz bir sah\u0259dir. Amma son n\u0259tic\u0259d\u0259 \u0130ranla m\u00fcnasib\u0259tl\u0259ri yoluna qoymaq Az\u0259rbaycan\u0131n \u00fcz\u0259rin\u0259 d\u00fc\u015f\u00fcr. Bizim mara\u011f\u0131m\u0131z bu regionun b\u00fct\u00fcn \u00f6lk\u0259l\u0259rini, o c\u00fcml\u0259d\u0259n Az\u0259rbaycan\u0131 kifay\u0259t q\u0259d\u0259r g\u00fccl\u00fc, firavan, \u00f6z suverenliyini v\u0259 m\u00fcdafi\u0259 ed\u0259c\u0259k q\u0259d\u0259r sabit g\u00f6rm\u0259kdir.<\/p>\n\n\n\n<p>&#8220;<strong>Rusiyan\u0131n qon\u015fulu\u011fundan ala bilm\u0259y\u0259c\u0259yimizi bilirik\u201d<\/strong><\/p>\n\n\n\n<p>&#8211; <em>Sirr deyil ki, bu g\u00fcn Bak\u0131 il\u0259 Moskva aras\u0131ndak\u0131 m\u00fcnasib\u0259tl\u0259r daha istidir. Sizc\u0259, bu, Az\u0259rbaycan \u00fc\u00e7\u00fcn strateji bax\u0131mdan d\u00fczg\u00fcn, yax\u015f\u0131 variantd\u0131rm\u0131?<\/em><\/p>\n\n\n\n<p>&#8211; B\u0259li, bu ortaql\u0131\u011f\u0131n iki t\u0259r\u0259fi var. Biri Rusiya t\u0259r\u0259fidir, biri is\u0259 AB\u015e. Biri Rusiya, biri AB\u015e, biri Az\u0259rbaycan. T\u0259hl\u00fck\u0259li qon\u015fuluq bar\u0259d\u0259 \u0259vv\u0259l dedikl\u0259rim Rusiyaya da aiddir. He\u00e7 kim Az\u0259rbaycan\u0131 ya\u015famaq \u00fc\u00e7\u00fcn b\u00f6y\u00fck qon\u015fular\u0131 il\u0259 hans\u0131sa yol tapd\u0131\u011f\u0131na g\u00f6r\u0259 q\u0131namaz. M\u0259nc\u0259, Rusiyan\u0131n qon\u015fular\u0131 il\u0259 davran\u0131\u015f\u0131na baxsan\u0131z, &#8211; Ukraynada, Moldovada, G\u00fcrc\u00fcstanda, Suriyada, m\u0259hsuldar olmad\u0131\u011f\u0131n\u0131, da\u011f\u0131d\u0131c\u0131, aqressiv oldu\u011funu g\u00f6r\u0259 bil\u0259rsiniz. H\u0259rbi c\u0259h\u0259td\u0259n t\u0259cav\u00fczkard\u0131r, Rusiyan\u0131n tarazl\u0131\u011f\u0131 pozaraq, kiml\u0259rins\u0259 h\u0259r k\u0259sin g\u00f6z\u00fc \u00f6n\u00fcnd\u0259, qanlar i\u00e7ind\u0259 onun ayaqlar\u0131na qapanmas\u0131ndan xo\u015fb\u0259xt olur. Bu, Rusiyan\u0131n siyas\u0259tidir. Onlar\u0131n sahib olmaq ist\u0259dikl\u0259ri t\u0259r\u0259fda\u015f\u0131n bel\u0259 olub-olmamas\u0131 Az\u0259rbaycandan as\u0131l\u0131d\u0131r. Az\u0259rbaycan\u0131 Sakit Okean\u0131n ortas\u0131na \u00e7\u0131xara bilm\u0259y\u0259c\u0259yinizi, Rusiyan\u0131n qon\u015fulu\u011fundan ala bilm\u0259y\u0259c\u0259yimizi bilirik. Amma Az\u0259rbaycan\u0131n anlamal\u0131 oldu\u011fu bir \u015fey var &#8211; \u00f6z suverenliyini qorumaqda maraql\u0131 olan Az\u0259rbaycan b\u00f6y\u00fck qon\u015fusuna qar\u015f\u0131 ehtiyatl\u0131 davranan Az\u0259rbaycana \u00e7evrilir. Bunun praktiki bax\u0131mdan n\u0259 dem\u0259k oldu\u011fu Az\u0259rbaycan\u0131n h\u0259ll ed\u0259c\u0259yi m\u0259s\u0259l\u0259dir. Amma bu ortaql\u0131\u011f\u0131n Rusiya t\u0259r\u0259fi etibarl\u0131 olmayan v\u0259 \u00e7ox t\u0259hl\u00fck\u0259li, qon\u015fular\u0131n\u0131n suverenliyin\u0259 h\u00f6rm\u0259t etm\u0259y\u0259n bir t\u0259r\u0259fdir. Bel\u0259likl\u0259, ehtiyatl\u0131 olmaq laz\u0131md\u0131r.<\/p>\n\n\n\n<p><strong>&#8220;M\u00fcst\u0259qil, demokratik Ukrayna ruhu \u00fcz\u0259rind\u0259 avtoritarizm\u0259 pul verm\u0259zdim\u201d<\/strong><\/p>\n\n\n\n<p>&#8211;<em> Bu se\u00e7im bax\u0131m\u0131ndan Ukrayna u\u011furlu olmad\u0131. Sizc\u0259, bu, Az\u0259rbaycan\u0131n se\u00e7imin\u0259 nec\u0259 t\u0259sir etdi? Y\u0259ni, Ukrayna Rusiyaya qar\u015f\u0131 \u00e7\u0131xd\u0131. Sonra m\u00fcharib\u0259 oldu v\u0259 h\u0259l\u0259 d\u0259 davam edir, dayanm\u0131r. Bu, bir u\u011fur hekay\u0259sin\u0259 \u00e7evrilm\u0259di v\u0259 biz h\u0259l\u0259 perspektiv g\u00f6rm\u00fcr\u00fck. Sizc\u0259, bu, Az\u0259rbaycan\u0131n se\u00e7imin\u0259, Az\u0259rbaycan\u0131n ba\u015fqa varianta inam\u0131na nec\u0259 t\u0259sir etdi?<\/em><\/p>\n\n\n\n<p>&#8211; Bunu yen\u0259 d\u0259 Az\u0259rbaycandan soru\u015fmal\u0131 olacaqs\u0131n\u0131z. Ukrayna m\u0259s\u0259l\u0259sin\u0259 g\u0259linc\u0259, demokratik yolla se\u00e7ilmi\u015f h\u00f6kum\u0259tin \u0259razisinin bir hiss\u0259sini v\u0259 ya ham\u0131s\u0131n\u0131 almaq ist\u0259y\u0259n t\u0259cav\u00fczkar i\u015f\u011fal\u00e7\u0131ya qar\u015f\u0131 durma\u011fa q\u0259rar verdiyini g\u00f6r\u00fcr\u00fck. Bel\u0259likl\u0259, ukraynal\u0131lar d\u00f6y\u00fc\u015f\u00fcrl\u0259r. Sual\u0131n\u0131z hekay\u0259nin bitdiyini g\u00f6st\u0259rir, m\u0259n is\u0259 siz\u0259 dey\u0259rdim ki, ukraynal\u0131lar hekay\u0259nin bitdiyini d\u00fc\u015f\u00fcnm\u00fcrl\u0259r, onlar h\u0259l\u0259 d\u0259 d\u00f6y\u00fc\u015f\u00fcrl\u0259r v\u0259 biz h\u0259l\u0259 d\u0259 onlar\u0131 d\u0259st\u0259kl\u0259yirik. Avropa Birliyi v\u0259 dig\u0259rl\u0259ri h\u0259l\u0259 d\u0259 onlar\u0131 d\u0259st\u0259kl\u0259yir. Az\u0259rbaycan Ukraynaya \u00e7oxlu humanitar d\u0259st\u0259k verib. Dem\u0259li, bu, bitmi\u015f hekay\u0259 deyil. Bir n\u0259tic\u0259y\u0259 g\u0259lm\u0259mi\u015fik. M\u0259n m\u00fcst\u0259qil, demokratik Ukrayna ruhu \u00fcz\u0259rind\u0259 avtoritarizm\u0259 pul verm\u0259zdim. Bu, Az\u0259rbaycan \u00fc\u00e7\u00fcn n\u0259 dem\u0259kdir, m\u0259n bilmir\u0259m. Amma m\u0259n d\u00fc\u015f\u00fcn\u00fcr\u0259m ki, \u0259n az\u0131, Rusiya il\u0259 qon\u015fu v\u0259 t\u0259r\u0259fda\u015f kimi diqq\u0259tli olmal\u0131s\u0131z, \u00e7ox g\u00fcv\u0259nm\u0259m\u0259lisiz. Bunu az\u0259rbaycanl\u0131lar bilir. Bilirsiniz, m\u0259n Qara Yanvarda (20 Yanvar) olmam\u0131\u015fam, amma az\u0259rbaycanl\u0131lar bunu bilir. M\u0259nd\u0259n bunu e\u015fitm\u0259yiniz\u0259 ehtiyac yoxdur. Ukrayna hadis\u0259l\u0259ri y\u0259qin ki, az\u0259rbaycanl\u0131lara art\u0131q bildikl\u0259ri \u015feyl\u0259ri \u00f6yr\u0259dir.<\/p>\n\n\n\n<figure class=\"wp-block-image size-full\"><img decoding=\"async\" width=\"1200\" height=\"796\" data-src=\"https:\/\/www.meydan.tv\/wp-content\/uploads\/a44d0e34-e396-4122-ba6b-dd03c3d5bf81.jpg\" alt=\"\" class=\"wp-image-305080 lazyload\" src=\"data:image\/svg+xml;base64,PHN2ZyB3aWR0aD0iMSIgaGVpZ2h0PSIxIiB4bWxucz0iaHR0cDovL3d3dy53My5vcmcvMjAwMC9zdmciPjwvc3ZnPg==\" style=\"--smush-placeholder-width: 1200px; --smush-placeholder-aspect-ratio: 1200\/796;\" \/><figcaption class=\"wp-element-caption\">Fotolar: Meydan TV<\/figcaption><\/figure>\n\n\n\n<p>\u201c<strong>Yaln\u0131z Az\u0259rbaycan h\u00f6kum\u0259ti cavab ver\u0259 bil\u0259r\u201d<\/strong><\/p>\n\n\n\n<p>&#8211; <em>C\u0259nab s\u0259fir, siz indi bizi burada g\u00f6r\u00fcrs\u00fcn\u00fcz, amma t\u0259\u0259ss\u00fcf ki, bir m\u00fcdd\u0259t sonra h\u0259bsxanada ola bil\u0259rik. Bunun qar\u015f\u0131s\u0131n\u0131 almaq \u00fc\u00e7\u00fcn Az\u0259rbaycan h\u00f6kum\u0259ti il\u0259 dan\u0131\u015f\u0131qlar apar\u0131l\u0131rm\u0131?<\/em><\/p>\n\n\n\n<p>&#8211; Yen\u0259 d\u0259 burada h\u00f6kum\u0259td\u0259n soru\u015fmal\u0131san ki, niy\u0259 bunu edirl\u0259r? M\u0259n bununla ba\u011fl\u0131 dan\u0131\u015fa bilm\u0259r\u0259m. Niy\u0259 bel\u0259 etdikl\u0259rini siz\u0259 dey\u0259 bilm\u0259r\u0259m. Siz v\u0259 m\u0259n oturub bir-iki piv\u0259 i\u00e7\u0259 v\u0259 b\u00fct\u00fcn g\u00fcn\u00fc spekulyasiya ed\u0259 bil\u0259rik, lakin bu h\u0259r\u0259k\u0259tl\u0259r\u0259 yaln\u0131z Az\u0259rbaycan h\u00f6kum\u0259ti cavab ver\u0259 bil\u0259r. H\u00f6kum\u0259tin bunu etm\u0259kd\u0259 m\u0259qs\u0259di n\u0259dir? M\u0259n bilmir\u0259m. M\u0259n hesab edir\u0259m ki, bu, m\u00fcst\u0259qil median\u0131n s\u0259sini k\u0259sm\u0259kdir v\u0259 bunun yanl\u0131\u015f add\u0131m oldu\u011funa inan\u0131ram. Bu, dan\u0131\u015f\u0131qlar aparaca\u011f\u0131m\u0131z bir \u015fey deyil, el\u0259 deyilmi? Biz bunu nec\u0259 m\u00fczakir\u0259 ed\u0259c\u0259yik? Biz deyirik ki, bunu etm\u0259yi dayand\u0131r\u0131n v\u0259 onlar bunu etm\u0259y\u0259 davam edirl\u0259r. Bel\u0259 ki, bu, verm\u0259k v\u0259 almaq kimi bir \u015fey deyil. S\u00f6hb\u0259t ondan gedir ki, Az\u0259rbaycan \u00f6z v\u0259t\u0259nda\u015flar\u0131 il\u0259 nec\u0259 davran\u0131r v\u0259 bunu niy\u0259 edir? \u00d6z Konstitusiyas\u0131, imzalad\u0131\u011f\u0131 beyn\u0259lxalq konvensiyalar v\u0259 paktlar \u00fczr\u0259 \u00f6hd\u0259likl\u0259rin\u0259, h\u0259tta \u201cCOP29\u201d-un ev sahibi kimi \u00f6z \u00f6hd\u0259likl\u0259rin\u0259 niy\u0259 \u0259m\u0259l etmir? Y\u0259qin ki, sizin v\u0259 m\u0259nim bunun n\u0259 \u00fc\u00e7\u00fcn oldu\u011funa dair \u00e7oxlu fikirl\u0259rimiz var, amma n\u0259tic\u0259d\u0259 biz bunu ed\u0259 bilm\u0259rik. Bizim ed\u0259 bil\u0259c\u0259yimiz yegan\u0259 \u015fey ictimai, \u00f6z\u0259l olaraq m\u00fcdafi\u0259ni davam etdirm\u0259k, m\u00fcst\u0259qil mediaya v\u0259 v\u0259t\u0259nda\u015f c\u0259miyy\u0259tin\u0259 d\u0259st\u0259yimizi g\u00f6st\u0259rm\u0259kdir. C\u0259sar\u0259tiniz\u0259 g\u00f6r\u0259 t\u0259\u015f\u0259kk\u00fcr edir\u0259m v\u0259 ir\u0259lil\u0259yin. Amma bilmir\u0259m. Ka\u015f bil\u0259ydim. Sual\u0131n\u0131za cavab\u0131n n\u0259 oldu\u011funu bilmir\u0259m.<\/p>\n\n\n\n<p><strong>\u015eu\u015faya getm\u0259m\u0259yin s\u0259b\u0259bi<\/strong><\/p>\n\n\n\n<p>&#8211; <em>H\u00f6kum\u0259ty\u00f6nl\u00fc mediadan sizin Az\u0259rbaycan\u0131n regionlar\u0131n\u0131 ziyar\u0259t etdiyinizi g\u00f6r\u00fcr\u00fck, amma bizim \u00fc\u00e7\u00fcn maraql\u0131d\u0131r ki, siz b\u00fct\u00fcn b\u00f6lg\u0259l\u0259rd\u0259 olmusunuz, b\u0259s niy\u0259 \u015eu\u015fada olmam\u0131s\u0131n\u0131z?<\/em><\/p>\n\n\n\n<p>&#8211; H\u0259l\u0259 \u00e7ox yerd\u0259 olmam\u0131\u015fam. M\u0259n \u00fc\u00e7 b\u00f6lg\u0259ni ziyar\u0259t etdim &#8211; Ming\u0259\u00e7evir, \u015e\u0259ki, L\u0259nk\u0259ran. Dem\u0259li, bu, bir ba\u015flan\u011f\u0131cd\u0131r. M\u0259n c\u0259mi \u00fc\u00e7 ayd\u0131r ki, buradayam, ona g\u00f6r\u0259 d\u0259 i\u015fim bitm\u0259yib.<\/p>\n\n\n\n<p>&#8211; <em>T\u0259kc\u0259 siz yox, AB\u015e s\u0259firl\u0259rinin he\u00e7 biri olmay\u0131b. Bunun siyasi s\u0259b\u0259bi varm\u0131?<\/em><\/p>\n\n\n\n<p>&#8211; Bu \u00f6lk\u0259ni bacard\u0131\u011f\u0131m q\u0259d\u0259r \u00e7ox g\u00f6rm\u0259k niyy\u0259tim var. Haz\u0131r olanda ged\u0259c\u0259m. Bu, AB\u015e s\u0259firi \u00fc\u00e7\u00fcn normal bir \u015feydir. Ming\u0259\u00e7evird\u0259n \u0259vv\u0259l L\u0259nk\u0259rana niy\u0259 getmi\u015fdim? Bunun siyasi s\u0259b\u0259bi varm\u0131? Xeyr. M\u0259n ora getdim, \u00e7\u00fcnki bir g\u00fcn\u0259 gedib, geri qay\u0131da bilirdim v\u0259 g\u00f6r\u00fc\u015fm\u0259li oldu\u011fum bir g\u00f6r\u00fc\u015f var idi. Amma m\u0259n bacard\u0131\u011f\u0131m q\u0259d\u0259r Az\u0259rbaycan\u0131 g\u0259zm\u0259k niyy\u0259tind\u0259y\u0259m v\u0259 bu, ba\u015f ver\u0259nd\u0259 elan\u0131m\u0131z olacaq. Bu, Az\u0259rbaycan hakimiyy\u0259tini narahat ed\u0259n m\u0259s\u0259l\u0259 idi. T\u0259nqid etdil\u0259r, d\u00fczd\u00fcr. M\u0259n \u00e7\u00f6l\u0259 \u00e7\u0131x\u0131b t\u0259bli\u011fat \u015fousunda rol oynamaq niyy\u0259tind\u0259 deyil\u0259m, el\u0259 deyilmi? M\u0259n \u00f6z \u015f\u0259rtl\u0259riml\u0259 \u00e7\u0131xmaq ist\u0259yir\u0259m. M\u0259n harasa ged\u0259nd\u0259 h\u00f6kum\u0259t \u015f\u0259kil \u00e7\u0259kdirir, ist\u0259dikl\u0259rini yaz\u0131r, m\u0259n buna n\u0259zar\u0259t ed\u0259 bilmir\u0259m. Amma m\u0259nim Az\u0259rbaycan\u0131n dig\u0259r b\u00f6lg\u0259l\u0259rin\u0259 etdiyim s\u0259f\u0259rl\u0259r d\u0259 bizim missiyam\u0131z t\u0259r\u0259find\u0259n t\u0259\u015fkil olunub. H\u00f6kum\u0259t\u0259 deyirik ki, gedirik. B\u0259z\u0259n bizi orada qar\u015f\u0131lay\u0131rlar, b\u0259z\u0259n orada bunu ed\u0259n olmur, amma biz gedirik. Ayd\u0131nd\u0131r ki, geri qaytar\u0131lan \u0259razil\u0259r bir az f\u0259rqlidir. Bir az daha koordinasiya t\u0259l\u0259b edir. M\u0259n ba\u015fqas\u0131n\u0131n proqram\u0131nda i\u015ftirak etm\u0259k ist\u0259mir\u0259m. M\u0259n n\u00fcmayi\u015f etdirm\u0259k \u00fc\u00e7\u00fcn getm\u0259k ist\u0259yir\u0259m ki, Birl\u0259\u015fmi\u015f \u015etatlar\u0131n s\u0259firi t\u0259yin olundu\u011fu \u00f6lk\u0259nin b\u00f6lg\u0259l\u0259rin\u0259 s\u0259f\u0259r edir. M\u0259n L\u0259nk\u0259rana, yaxud Ming\u0259\u00e7evir\u0259 getdiyim kimi ziyar\u0259t etm\u0259k, ist\u0259diyim i\u015fl\u0259ri g\u00f6rm\u0259k ist\u0259yir\u0259m. M\u0259n bunu bel\u0259 etm\u0259k ist\u0259yir\u0259m. V\u0259 buna g\u00f6r\u0259 d\u0259 vaxt\u0131 g\u0259l\u0259nd\u0259 m\u0259n bunu ed\u0259c\u0259m.<\/p>\n\n\n\n<p><strong>&#8220;\u0130qtisadi inki\u015faf\u0131, qad\u0131nlar\u0131n s\u0259lahiyy\u0259tl\u0259rinin art\u0131r\u0131lmas\u0131n\u0131, azad median\u0131 d\u0259st\u0259kl\u0259y\u0259c\u0259yik\u201d<\/strong><\/p>\n\n\n\n<p>&#8211; <em>Sizd\u0259n s\u0259firliyin g\u0259l\u0259c\u0259k f\u0259aliyy\u0259ti bar\u0259d\u0259 soru\u015fmaq ist\u0259yir\u0259m, USAID-in Az\u0259rbaycandak\u0131 layih\u0259l\u0259ri qanunsuz hesab edilib. El\u0259dirs\u0259, bundan sonra m\u00fcst\u0259qil media v\u0259 v\u0259t\u0259nda\u015f c\u0259miyy\u0259ti kiminl\u0259 i\u015fl\u0259y\u0259c\u0259k?<\/em><\/p>\n\n\n\n<p>&#8211; Bacard\u0131\u011f\u0131m\u0131z q\u0259d\u0259r bunu ed\u0259c\u0259yik. N\u0259 q\u0259d\u0259r ki, bizim ist\u0259kli t\u0259r\u0259fda\u015flar\u0131m\u0131z var, biz iqtisadi inki\u015faf\u0131, qad\u0131nlar\u0131n s\u0259lahiyy\u0259tl\u0259rinin art\u0131r\u0131lmas\u0131n\u0131, azad median\u0131 d\u0259st\u0259kl\u0259y\u0259c\u0259yik. Bunlar bizim \u00fc\u00e7\u00fcn \u0259sas prioritetl\u0259rdir. N\u0259 q\u0259d\u0259r ki, t\u0259r\u0259fda\u015flar\u0131m\u0131z var, biz bunun yollar\u0131n\u0131 tapma\u011fa \u00e7al\u0131\u015faca\u011f\u0131q. Ayd\u0131nd\u0131r ki, h\u00f6kum\u0259t bunu qeyri-m\u00fcmk\u00fcn ed\u0259c\u0259k v\u0259 ya daha da \u00e7\u0259tinl\u0259\u015fdir\u0259c\u0259kl\u0259rin\u0259 q\u0259rar ver\u0259rs\u0259, bunu etm\u0259k \u00e7ox \u00e7\u0259tindir. Ancaq bu, bizim siyas\u0259timizin \u0259sas\u0131n\u0131 t\u0259\u015fkil edir. Buna g\u00f6r\u0259 d\u0259 biz bunun yollar\u0131n\u0131 tapma\u011fa davam etm\u0259k ist\u0259yirik. H\u00f6kum\u0259t il\u0259 raz\u0131la\u015fd\u0131r\u0131laraq. \u0130qtisadi inki\u015faf, qad\u0131nlar\u0131n s\u0259lahiyy\u0259tl\u0259rinin art\u0131r\u0131lmas\u0131, b\u00fct\u00fcn bunlar bizim payla\u015fd\u0131\u011f\u0131m\u0131z prioritetl\u0259rdir. Bel\u0259likl\u0259, ikit\u0259r\u0259fli m\u00fcnasib\u0259tl\u0259rd\u0259 daha \u00e7ox i\u015f var. Baxmayaraq ki, insan haqlar\u0131 v\u0259 azad m\u0259tbuat onun m\u0259rk\u0259zi v\u0259 m\u00fch\u00fcm hiss\u0259sidir, paketd\u0259 olan ba\u015fqa \u015feyl\u0259r d\u0259 var. Biz bunlar\u0131 etm\u0259k ist\u0259yirik v\u0259 h\u00f6kum\u0259td\u0259 v\u0259 h\u00f6kum\u0259td\u0259n k\u0259narda ist\u0259y\u0259n t\u0259r\u0259fda\u015flar\u0131m\u0131z oldu\u011fu m\u00fcdd\u0259td\u0259 bunlar\u0131 etm\u0259k ist\u0259yirik. M\u0259n he\u00e7 n\u0259y\u0259 z\u0259man\u0259t ver\u0259 bilm\u0259r\u0259m. Bu g\u00fcn \u00f6n qap\u0131dan \u00e7\u0131xanda m\u0259ni avtobus vurmayaca\u011f\u0131na z\u0259man\u0259t ver\u0259 bilm\u0259r\u0259m, t\u0259minat ver\u0259 bilm\u0259r\u0259m. M\u0259n kifay\u0259t q\u0259d\u0259r vur\u011fulaya bilm\u0259r\u0259m ki, Az\u0259rbaycan h\u00f6kum\u0259tinin davran\u0131\u015f\u0131na g\u00f6r\u0259 cavab ver\u0259 bilm\u0259r\u0259m v\u0259 verm\u0259y\u0259c\u0259m d\u0259. Az\u0259rbaycan h\u00f6kum\u0259tinin davran\u0131\u015f\u0131na n\u0259zar\u0259t ed\u0259 bilmir\u0259m. Bu, onlar\u0131n i\u015fidir. Onu dey\u0259 bil\u0259r\u0259m ki, n\u0259 q\u0259d\u0259r burada ist\u0259kli t\u0259r\u0259fda\u015flar\u0131m\u0131z var, biz ist\u0259kli t\u0259r\u0259fda\u015f olmaq \u00fc\u00e7\u00fcn \u0259limizd\u0259n g\u0259l\u0259ni ed\u0259c\u0259yik.<\/p>\n\n\n\n<p><strong>&#8220;Az\u0259rbaycanla uzun, d\u0259rin v\u0259 \u00e7ox\u015fax\u0259li \u0259laq\u0259l\u0259rimiz var\u201d<\/strong><\/p>\n\n\n\n<p>&#8211; <em>Siz Az\u0259rbaycan h\u00f6kum\u0259tinin hans\u0131sa \u00fczv\u00fc il\u0259 v\u0259ziyy\u0259ti m\u00fczakir\u0259 etmisinizmi?<\/em><\/p>\n\n\n\n<p>&#8211; Biz bunu h\u0259mi\u015f\u0259 edirik. H\u0259mi\u015f\u0259 g\u00fcnd\u0259m\u0259 g\u0259lir. Dem\u0259k ist\u0259yir\u0259m ki, \u0259vv\u0259l dediyim fikr\u0259 qay\u0131d\u0131ram, y\u0259ni bizim Az\u0259rbaycanla uzun, d\u0259rin v\u0259 \u00e7ox\u015fax\u0259li \u0259laq\u0259l\u0259rimiz var. Bu, bir s\u0131ra \u015feyl\u0259ri ehtiva edir. Qon\u015fuluq siyas\u0259ti, t\u0259hl\u00fck\u0259sizlik, enerji, iqlim v\u0259 insan h\u00fcquqlar\u0131. Biz b\u00fct\u00fcn bunlar\u0131 bacarmal\u0131y\u0131q. Biz b\u0259zi m\u0259s\u0259l\u0259l\u0259rd\u0259 qorxmadan, \u00e7\u0259kinm\u0259d\u0259n mesaj\u0131m\u0131z\u0131 \u00e7atd\u0131ra bilm\u0259liyik. Biz Az\u0259rbaycan h\u00f6kum\u0259ti t\u0259r\u0259find\u0259n ba\u015fqa m\u0259s\u0259l\u0259l\u0259rd\u0259 d\u0259 t\u0259nqid olunuruq v\u0259 bunu q\u0259bul ed\u0259 bil\u0259rik. N\u0259tic\u0259l\u0259ri \u00f6z\u00fcn\u00fcz m\u00fczakir\u0259 ed\u0259 bil\u0259rsiniz. Ancaq insan h\u00fcquqlar\u0131 m\u0259s\u0259l\u0259si, azad media v\u0259 v\u0259t\u0259nda\u015f c\u0259miyy\u0259ti m\u0259s\u0259l\u0259si h\u0259mi\u015f\u0259 g\u00fcnd\u0259m\u0259 g\u0259lir. Biz bu m\u0259s\u0259l\u0259ni h\u0259mi\u015f\u0259 qald\u0131r\u0131r\u0131q.<\/p>\n\n\n\n<p><strong>H\u0259bsxanalara s\u0259f\u0259r, Amerika casusu\u2026<\/strong><\/p>\n\n\n\n<p>&#8211;<strong> <\/strong><em>H\u0259bsxanaya ba\u015f \u00e7\u0259km\u0259yi planla\u015fd\u0131r\u0131rs\u0131n\u0131zm\u0131?<\/em><\/p>\n\n\n\n<p>&#8211; B\u0259li. M\u0259nc\u0259, biz bunu edirik, m\u0259hk\u0259m\u0259l\u0259r\u0259 v\u0259 buna b\u0259nz\u0259r yerl\u0259r\u0259 m\u00fc\u015fahid\u0259\u00e7il\u0259r g\u00f6nd\u0259ririk. <\/p>\n\n\n\n<p>&#8211; <em>Y\u0259ni, b\u0259z\u0259n h\u0259bsxanadak\u0131 siyasi m\u0259hbuslar diplomatlarla s\u00f6hb\u0259t etm\u0259k \u00fc\u00e7\u00fcn onlara ba\u015f \u00e7\u0259km\u0259yi xahi\u015f edirl\u0259r.<\/em> <em>Bel\u0259 bir plan\u0131n\u0131z varm\u0131?<\/em><\/p>\n\n\n\n<p>&#8211; M\u0259n inan\u0131ram ki, biz bunu edirik, amma yoxlamal\u0131 v\u0259 g\u00f6rm\u0259li olaca\u011fam, \u00e7\u00fcnki h\u0259l\u0259 \u00fc\u00e7 ayd\u0131r buradayam. Amma faydal\u0131 oldu\u011funu d\u00fc\u015f\u00fcn\u00fcrs\u00fcn\u00fczs\u0259, soru\u015fa bil\u0259rik. \u0130caz\u0259 verin siz\u0259 bir sual verim, amerikal\u0131 diplomat\u0131n h\u0259bsxanaya g\u0259lm\u0259si sizin guya Amerika casusu oldu\u011funuz \u00fc\u00e7\u00fcn h\u0259bsd\u0259 olman\u0131z kimi fikrin yay\u0131lmas\u0131 bax\u0131m\u0131ndan riskli deyilmi?<\/p>\n\n\n\n<p><strong>X\u0259dic\u0259 \u0130smay\u0131l:<\/strong><\/p>\n\n\n\n<p>&#8211;<em>Bu, faydal\u0131d\u0131r. \u00c7\u00fcnki, ba\u015f ver\u0259n v\u0259 ya olmayan he\u00e7 bir \u015fey onlar\u0131n fikrini d\u0259yi\u015fdirm\u0259y\u0259c\u0259k. Onlar m\u0259nim casus oldu\u011fum bar\u0259d\u0259 bel\u0259 m\u00f6hk\u0259m bir ideaya sahibdirl\u0259r. M\u0259s\u0259l\u0259n, Amerikan\u0131n simvolu hesab edildiyim vaxt var idi. Azadl\u0131q heyk\u0259li kimi m\u0259nim karikaturam\u0131 \u00e7\u0259kdil\u0259r. Dem\u0259li, m\u0259nim Amerika simvolu oldu\u011fuma inan\u0131l\u0131rd\u0131. B\u0259lk\u0259 h\u0259l\u0259 d\u0259 bel\u0259dir, amma bu, he\u00e7 n\u0259yi d\u0259yi\u015fmir, amma h\u0259bsxana r\u0259hb\u0259rliyini qaydada saxlay\u0131r. Onlar, s\u0259ni x\u0259sar\u0259t almadan t\u0259miz saxlama\u011fa \u00e7al\u0131\u015f\u0131rlar v\u0259 s. \u00c7\u00fcnki ist\u0259nil\u0259n vaxt h\u0259r k\u0259s g\u0259l\u0259 bil\u0259r. Bel\u0259likl\u0259, tez-tez s\u0259f\u0259rl\u0259r etm\u0259k, m\u00fcxt\u0259lif s\u0259firlikl\u0259r, b\u0259lk\u0259 d\u0259 m\u00fcxt\u0259lif t\u0259\u015fkilatlar t\u0259r\u0259find\u0259n ziyar\u0259tl\u0259r t\u0259\u015fkil etm\u0259k \u00e7ox vacibdir.<\/em><\/p>\n\n\n\n<p>&#8211; Biz bu haqda dan\u0131\u015faca\u011f\u0131q v\u0259 bilirsiniz ki, Bak\u0131dak\u0131 dig\u0259r s\u0259firlikl\u0259rd\u0259n d\u0259 maraq var v\u0259 birg\u0259 yana\u015fmalar var. Bel\u0259likl\u0259, \u0259g\u0259r bu faydal\u0131 bir \u015feydirs\u0259, d\u00fc\u015f\u00fcn\u00fcr\u0259m ki, biz buna n\u0259z\u0259r sal\u0131b, bunun nec\u0259 h\u0259yata ke\u00e7irildiyini g\u00f6r\u0259 bil\u0259rik. T\u0259bii ki, bu da h\u00f6kum\u0259tin raz\u0131l\u0131\u011f\u0131ndan as\u0131l\u0131d\u0131r, lakin siz h\u0259mi\u015f\u0259 bizd\u0259n ist\u0259y\u0259 bil\u0259rsiniz.<\/p>\n\n\n\n<p>&#8211; <em>S\u00fclh prosesi haqq\u0131nda yaln\u0131z bir sual verm\u0259k ist\u0259yir\u0259m. Va\u015finqtondan s\u00fclh prosesini davam etdirm\u0259k t\u0259\u015f\u0259bb\u00fcsl\u0259ri var idi. Va\u015finqtonun i\u015ftirak\u0131 il\u0259 s\u00fclh dan\u0131\u015f\u0131qlar\u0131n\u0131n harada apar\u0131laca\u011f\u0131na dair m\u00fczakir\u0259 var. Nec\u0259 d\u00fc\u015f\u00fcn\u00fcrs\u00fcz, Va\u015finqtonun bu i\u015fd\u0259 daha aktiv i\u015ftirak\u0131 \u00fc\u00e7\u00fcn g\u0259l\u0259c\u0259k perspektivl\u0259r varm\u0131?<\/em><\/p>\n\n\n\n<p>&#8211; Bunun \u00fc\u00e7\u00fcn h\u0259mi\u015f\u0259 bir perspektiv var. Dem\u0259k ist\u0259diyim odur ki, biz m\u00fcnaqi\u015f\u0259d\u0259 h\u0259r iki t\u0259r\u0259f\u0259 k\u00f6m\u0259k etm\u0259y\u0259 haz\u0131r\u0131q. Biz bir yer\u0259 g\u0259lm\u0259y\u0259 haz\u0131r\u0131q. Dan\u0131\u015f\u0131q ota\u011f\u0131ndan \u00e7\u0131x\u0131b onlar\u0131n dan\u0131\u015fmas\u0131na icaz\u0259 ver\u0259c\u0259yik. Hans\u0131sa rol oynaya bils\u0259k, bu, faydal\u0131 ola bil\u0259r. Biz rol alma\u011fa haz\u0131r\u0131q. Bu, iki t\u0259r\u0259fin raz\u0131la\u015fd\u0131\u011f\u0131 bir \u015fey olmal\u0131d\u0131r. H\u0259l\u0259lik dey\u0259s\u0259n ba\u015fqa yerl\u0259rd\u0259 g\u00f6r\u00fc\u015fm\u0259y\u0259, ikit\u0259r\u0259fli g\u00f6r\u00fc\u015fl\u0259r bar\u0259d\u0259 raz\u0131l\u0131\u011fa g\u0259l\u0259 bilibl\u0259r. Biz orada b\u0259zi m\u00fcsb\u0259t \u0259lam\u0259tl\u0259r g\u00f6rd\u00fck v\u0259 bunu etiraf etm\u0259y\u0259 d\u0259y\u0259r. \u201cCOP29\u201d-u Az\u0259rbaycana g\u0259tir\u0259n v\u0259 b\u0259zi m\u0259hbuslar\u0131n azad edilm\u0259si il\u0259 n\u0259tic\u0259l\u0259n\u0259n s\u00f6vd\u0259l\u0259\u015fm\u0259. Bu, iki t\u0259r\u0259f aras\u0131nda ba\u011flanm\u0131\u015f bir raz\u0131la\u015fma idi. Nec\u0259 ki, bildiyim\u0259 g\u00f6r\u0259, onlara he\u00e7 kim k\u00f6m\u0259k etm\u0259di, biz onlara k\u00f6m\u0259k etm\u0259dik. Eynil\u0259 s\u0259rh\u0259din demarkasiyas\u0131 il\u0259 ba\u011fl\u0131 raz\u0131la\u015fma. K\u0259ndl\u0259r v\u0259 b\u00fct\u00fcn bunlarla ba\u011fl\u0131 sual. Y\u0259ni, bu, iki t\u0259r\u0259fin oturdu\u011fu, \u00fcz\u0259rind\u0259 i\u015fl\u0259diyi bir \u015feydir. Bildiyim q\u0259d\u0259r, b\u0259zi a\u011f\u0131r kompromisl\u0259r\u0259 gedildi. Bel\u0259likl\u0259, \u0259g\u0259r bu i\u015fl\u0259yirs\u0259, \u0259lad\u0131r. \u018fg\u0259r gedib Almaniyada v\u0259 ya Qazax\u0131standa g\u00f6r\u00fc\u015fs\u0259l\u0259r v\u0259 daha \u00e7ox ir\u0259lil\u0259yi\u015f \u0259ld\u0259 ets\u0259l\u0259r, yen\u0259 d\u0259 \u0259lad\u0131r. Va\u015finqtonun bu proses\u0259 sahib \u00e7\u0131xmas\u0131na ehtiyac yoxdur. Va\u015finqton u\u011fur ist\u0259yir, biz ba\u015fa d\u00fc\u015f\u00fcr\u00fck ki, u\u011fur iki t\u0259r\u0259fin raz\u0131l\u0131\u011fa g\u0259lm\u0259sind\u0259n qaynaqlan\u0131r. Buna k\u00f6m\u0259k ed\u0259 bils\u0259k, ya \u00e7a\u011f\u0131r\u0131\u015f vasit\u0259sil\u0259, ya hans\u0131sa vasit\u0259l\u0259rl\u0259 biz bunu ed\u0259c\u0259yik.<\/p>\n","protected":false},"excerpt":{"rendered":"<p>(II hiss\u0259) &#8220;Suverenliyini qorumaqda maraql\u0131 olan Az\u0259rbaycan b\u00f6y\u00fck qon\u015fusuna qar\u015f\u0131 &#8230; <\/p>\n<p class=\"read-more-container\"><a title=\"Mark Libbi: \u201cAz\u0259rbaycan h\u00f6kum\u0259tinin davran\u0131\u015f\u0131na g\u00f6r\u0259 cavab ver\u0259 bilm\u0259r\u0259m\u201d\" class=\"read-more button\" href=\"https:\/\/www.meydan.tv\/az\/article\/mark-libbi-azerbaycan-hokumetinin-davranisina-gore-cavab-vere-bilmerem\/#more-305079\" aria-label=\"Read more about Mark Libbi: \u201cAz\u0259rbaycan h\u00f6kum\u0259tinin davran\u0131\u015f\u0131na g\u00f6r\u0259 cavab ver\u0259 bilm\u0259r\u0259m\u201d\">Davam\u0131<\/a><\/p>\n","protected":false},"author":8,"featured_media":305035,"comment_status":"closed","ping_status":"closed","sticky":false,"template":"","format":"standard","meta":{"_acf_changed":false,"_sitemap_exclude":false,"_sitemap_priority":"","_sitemap_frequency":"","footnotes":""},"categories":[59,79,56],"tags":[],"class_list":["post-305079","post","type-post","status-publish","format-standard","has-post-thumbnail","hentry","category-siyaset","category-featured","category-xeberler","infinite-scroll-item","generate-columns","tablet-grid-50","mobile-grid-100","grid-parent","grid-33","no-featured-image-padding"],"acf":[],"yoast_head":"<!-- This site is optimized with the Yoast SEO plugin v27.4 - https:\/\/yoast.com\/product\/yoast-seo-wordpress\/ -->\n<title>Mark Libbi: \u201cAz\u0259rbaycan h\u00f6kum\u0259tinin davran\u0131\u015f\u0131na g\u00f6r\u0259 cavab ver\u0259 bilm\u0259r\u0259m\u201d - MEYDAN.TV<\/title>\n<meta name=\"robots\" content=\"index, follow, max-snippet:-1, max-image-preview:large, max-video-preview:-1\" \/>\n<link rel=\"canonical\" href=\"https:\/\/www.meydan.tv\/az\/article\/mark-libbi-azerbaycan-hokumetinin-davranisina-gore-cavab-vere-bilmerem\/\" \/>\n<meta property=\"og:locale\" content=\"az_AZ\" \/>\n<meta property=\"og:type\" content=\"article\" \/>\n<meta property=\"og:title\" content=\"Mark Libbi: \u201cAz\u0259rbaycan h\u00f6kum\u0259tinin davran\u0131\u015f\u0131na g\u00f6r\u0259 cavab ver\u0259 bilm\u0259r\u0259m\u201d - MEYDAN.TV\" \/>\n<meta property=\"og:description\" content=\"(II hiss\u0259) &#8220;Suverenliyini qorumaqda maraql\u0131 olan Az\u0259rbaycan b\u00f6y\u00fck qon\u015fusuna qar\u015f\u0131 ... Davam\u0131\" \/>\n<meta property=\"og:url\" content=\"https:\/\/www.meydan.tv\/az\/article\/mark-libbi-azerbaycan-hokumetinin-davranisina-gore-cavab-vere-bilmerem\/\" \/>\n<meta property=\"og:site_name\" content=\"MEYDAN.TV\" \/>\n<meta property=\"article:published_time\" content=\"2024-05-05T11:15:47+00:00\" \/>\n<meta property=\"article:modified_time\" content=\"2024-05-06T07:33:50+00:00\" \/>\n<meta property=\"og:image\" content=\"https:\/\/www.meydan.tv\/wp-content\/uploads\/img_5039.jpg\" \/>\n\t<meta property=\"og:image:width\" content=\"1200\" \/>\n\t<meta property=\"og:image:height\" content=\"900\" \/>\n\t<meta property=\"og:image:type\" content=\"image\/jpeg\" \/>\n<meta name=\"author\" content=\"elli\" \/>\n<meta name=\"twitter:card\" content=\"summary_large_image\" \/>\n<meta name=\"twitter:creator\" content=\"@elli\" \/>\n<script type=\"application\/ld+json\" class=\"yoast-schema-graph\">{\"@context\":\"https:\\\/\\\/schema.org\",\"@graph\":[{\"@type\":\"Article\",\"@id\":\"https:\\\/\\\/www.meydan.tv\\\/az\\\/article\\\/mark-libbi-azerbaycan-hokumetinin-davranisina-gore-cavab-vere-bilmerem\\\/#article\",\"isPartOf\":{\"@id\":\"https:\\\/\\\/www.meydan.tv\\\/az\\\/article\\\/mark-libbi-azerbaycan-hokumetinin-davranisina-gore-cavab-vere-bilmerem\\\/\"},\"author\":{\"name\":\"elli\",\"@id\":\"https:\\\/\\\/www.meydan.tv\\\/az\\\/#\\\/schema\\\/person\\\/9cdbecf90d17180ce1dfbd95b08dcf47\"},\"headline\":\"Mark Libbi: \u201cAz\u0259rbaycan h\u00f6kum\u0259tinin davran\u0131\u015f\u0131na g\u00f6r\u0259 cavab ver\u0259 bilm\u0259r\u0259m\u201d\",\"datePublished\":\"2024-05-05T11:15:47+00:00\",\"dateModified\":\"2024-05-06T07:33:50+00:00\",\"mainEntityOfPage\":{\"@id\":\"https:\\\/\\\/www.meydan.tv\\\/az\\\/article\\\/mark-libbi-azerbaycan-hokumetinin-davranisina-gore-cavab-vere-bilmerem\\\/\"},\"wordCount\":4176,\"publisher\":{\"@id\":\"https:\\\/\\\/www.meydan.tv\\\/az\\\/#organization\"},\"image\":{\"@id\":\"https:\\\/\\\/www.meydan.tv\\\/az\\\/article\\\/mark-libbi-azerbaycan-hokumetinin-davranisina-gore-cavab-vere-bilmerem\\\/#primaryimage\"},\"thumbnailUrl\":\"https:\\\/\\\/www.meydan.tv\\\/wp-content\\\/uploads\\\/img_5039.jpg\",\"articleSection\":[\"Siyas\u0259t\",\"T\u00f6vsiy\u0259\",\"X\u0259b\u0259rl\u0259r\"],\"inLanguage\":\"az\"},{\"@type\":\"WebPage\",\"@id\":\"https:\\\/\\\/www.meydan.tv\\\/az\\\/article\\\/mark-libbi-azerbaycan-hokumetinin-davranisina-gore-cavab-vere-bilmerem\\\/\",\"url\":\"https:\\\/\\\/www.meydan.tv\\\/az\\\/article\\\/mark-libbi-azerbaycan-hokumetinin-davranisina-gore-cavab-vere-bilmerem\\\/\",\"name\":\"Mark Libbi: \u201cAz\u0259rbaycan h\u00f6kum\u0259tinin davran\u0131\u015f\u0131na g\u00f6r\u0259 cavab ver\u0259 bilm\u0259r\u0259m\u201d - MEYDAN.TV\",\"isPartOf\":{\"@id\":\"https:\\\/\\\/www.meydan.tv\\\/az\\\/#website\"},\"primaryImageOfPage\":{\"@id\":\"https:\\\/\\\/www.meydan.tv\\\/az\\\/article\\\/mark-libbi-azerbaycan-hokumetinin-davranisina-gore-cavab-vere-bilmerem\\\/#primaryimage\"},\"image\":{\"@id\":\"https:\\\/\\\/www.meydan.tv\\\/az\\\/article\\\/mark-libbi-azerbaycan-hokumetinin-davranisina-gore-cavab-vere-bilmerem\\\/#primaryimage\"},\"thumbnailUrl\":\"https:\\\/\\\/www.meydan.tv\\\/wp-content\\\/uploads\\\/img_5039.jpg\",\"datePublished\":\"2024-05-05T11:15:47+00:00\",\"dateModified\":\"2024-05-06T07:33:50+00:00\",\"breadcrumb\":{\"@id\":\"https:\\\/\\\/www.meydan.tv\\\/az\\\/article\\\/mark-libbi-azerbaycan-hokumetinin-davranisina-gore-cavab-vere-bilmerem\\\/#breadcrumb\"},\"inLanguage\":\"az\",\"potentialAction\":[{\"@type\":\"ReadAction\",\"target\":[\"https:\\\/\\\/www.meydan.tv\\\/az\\\/article\\\/mark-libbi-azerbaycan-hokumetinin-davranisina-gore-cavab-vere-bilmerem\\\/\"]}]},{\"@type\":\"ImageObject\",\"inLanguage\":\"az\",\"@id\":\"https:\\\/\\\/www.meydan.tv\\\/az\\\/article\\\/mark-libbi-azerbaycan-hokumetinin-davranisina-gore-cavab-vere-bilmerem\\\/#primaryimage\",\"url\":\"https:\\\/\\\/www.meydan.tv\\\/wp-content\\\/uploads\\\/img_5039.jpg\",\"contentUrl\":\"https:\\\/\\\/www.meydan.tv\\\/wp-content\\\/uploads\\\/img_5039.jpg\",\"width\":1200,\"height\":900,\"caption\":\"Mark Libbi. Foto: Meydan TV\"},{\"@type\":\"BreadcrumbList\",\"@id\":\"https:\\\/\\\/www.meydan.tv\\\/az\\\/article\\\/mark-libbi-azerbaycan-hokumetinin-davranisina-gore-cavab-vere-bilmerem\\\/#breadcrumb\",\"itemListElement\":[{\"@type\":\"ListItem\",\"position\":1,\"name\":\"Ana s\u0259hif\u0259\",\"item\":\"https:\\\/\\\/www.meydan.tv\\\/az\\\/\"},{\"@type\":\"ListItem\",\"position\":2,\"name\":\"Siyas\u0259t\",\"item\":\"https:\\\/\\\/www.meydan.tv\\\/az\\\/section\\\/siyaset\\\/\"},{\"@type\":\"ListItem\",\"position\":3,\"name\":\"Mark Libbi: \u201cAz\u0259rbaycan h\u00f6kum\u0259tinin davran\u0131\u015f\u0131na g\u00f6r\u0259 cavab ver\u0259 bilm\u0259r\u0259m\u201d\"}]},{\"@type\":\"WebSite\",\"@id\":\"https:\\\/\\\/www.meydan.tv\\\/az\\\/#website\",\"url\":\"https:\\\/\\\/www.meydan.tv\\\/az\\\/\",\"name\":\"MEYDAN.TV\",\"description\":\"Meydan TV Az\u0259rbaycan\u0131n media m\u0259kan\u0131ndak\u0131 alternativ s\u0259sidir\",\"publisher\":{\"@id\":\"https:\\\/\\\/www.meydan.tv\\\/az\\\/#organization\"},\"potentialAction\":[{\"@type\":\"SearchAction\",\"target\":{\"@type\":\"EntryPoint\",\"urlTemplate\":\"https:\\\/\\\/www.meydan.tv\\\/az\\\/?s={search_term_string}\"},\"query-input\":{\"@type\":\"PropertyValueSpecification\",\"valueRequired\":true,\"valueName\":\"search_term_string\"}}],\"inLanguage\":\"az\"},{\"@type\":\"Organization\",\"@id\":\"https:\\\/\\\/www.meydan.tv\\\/az\\\/#organization\",\"name\":\"Meydan TV\",\"url\":\"https:\\\/\\\/www.meydan.tv\\\/az\\\/\",\"logo\":{\"@type\":\"ImageObject\",\"inLanguage\":\"az\",\"@id\":\"https:\\\/\\\/www.meydan.tv\\\/az\\\/#\\\/schema\\\/logo\\\/image\\\/\",\"url\":\"https:\\\/\\\/www.meydan.tv\\\/wp-content\\\/uploads\\\/2021\\\/07\\\/meydan-logo.svg\",\"contentUrl\":\"https:\\\/\\\/www.meydan.tv\\\/wp-content\\\/uploads\\\/2021\\\/07\\\/meydan-logo.svg\",\"width\":195,\"height\":46,\"caption\":\"Meydan TV\"},\"image\":{\"@id\":\"https:\\\/\\\/www.meydan.tv\\\/az\\\/#\\\/schema\\\/logo\\\/image\\\/\"}},{\"@type\":\"Person\",\"@id\":\"https:\\\/\\\/www.meydan.tv\\\/az\\\/#\\\/schema\\\/person\\\/9cdbecf90d17180ce1dfbd95b08dcf47\",\"name\":\"elli\",\"sameAs\":[\"https:\\\/\\\/x.com\\\/elli\"]}]}<\/script>\n<!-- \/ Yoast SEO plugin. -->","yoast_head_json":{"title":"Mark Libbi: \u201cAz\u0259rbaycan h\u00f6kum\u0259tinin davran\u0131\u015f\u0131na g\u00f6r\u0259 cavab ver\u0259 bilm\u0259r\u0259m\u201d - MEYDAN.TV","robots":{"index":"index","follow":"follow","max-snippet":"max-snippet:-1","max-image-preview":"max-image-preview:large","max-video-preview":"max-video-preview:-1"},"canonical":"https:\/\/www.meydan.tv\/az\/article\/mark-libbi-azerbaycan-hokumetinin-davranisina-gore-cavab-vere-bilmerem\/","og_locale":"az_AZ","og_type":"article","og_title":"Mark Libbi: \u201cAz\u0259rbaycan h\u00f6kum\u0259tinin davran\u0131\u015f\u0131na g\u00f6r\u0259 cavab ver\u0259 bilm\u0259r\u0259m\u201d - MEYDAN.TV","og_description":"(II hiss\u0259) &#8220;Suverenliyini qorumaqda maraql\u0131 olan Az\u0259rbaycan b\u00f6y\u00fck qon\u015fusuna qar\u015f\u0131 ... Davam\u0131","og_url":"https:\/\/www.meydan.tv\/az\/article\/mark-libbi-azerbaycan-hokumetinin-davranisina-gore-cavab-vere-bilmerem\/","og_site_name":"MEYDAN.TV","article_published_time":"2024-05-05T11:15:47+00:00","article_modified_time":"2024-05-06T07:33:50+00:00","og_image":[{"width":1200,"height":900,"url":"https:\/\/www.meydan.tv\/wp-content\/uploads\/img_5039.jpg","type":"image\/jpeg"}],"author":"elli","twitter_card":"summary_large_image","twitter_creator":"@elli","schema":{"@context":"https:\/\/schema.org","@graph":[{"@type":"Article","@id":"https:\/\/www.meydan.tv\/az\/article\/mark-libbi-azerbaycan-hokumetinin-davranisina-gore-cavab-vere-bilmerem\/#article","isPartOf":{"@id":"https:\/\/www.meydan.tv\/az\/article\/mark-libbi-azerbaycan-hokumetinin-davranisina-gore-cavab-vere-bilmerem\/"},"author":{"name":"elli","@id":"https:\/\/www.meydan.tv\/az\/#\/schema\/person\/9cdbecf90d17180ce1dfbd95b08dcf47"},"headline":"Mark Libbi: \u201cAz\u0259rbaycan h\u00f6kum\u0259tinin davran\u0131\u015f\u0131na g\u00f6r\u0259 cavab ver\u0259 bilm\u0259r\u0259m\u201d","datePublished":"2024-05-05T11:15:47+00:00","dateModified":"2024-05-06T07:33:50+00:00","mainEntityOfPage":{"@id":"https:\/\/www.meydan.tv\/az\/article\/mark-libbi-azerbaycan-hokumetinin-davranisina-gore-cavab-vere-bilmerem\/"},"wordCount":4176,"publisher":{"@id":"https:\/\/www.meydan.tv\/az\/#organization"},"image":{"@id":"https:\/\/www.meydan.tv\/az\/article\/mark-libbi-azerbaycan-hokumetinin-davranisina-gore-cavab-vere-bilmerem\/#primaryimage"},"thumbnailUrl":"https:\/\/www.meydan.tv\/wp-content\/uploads\/img_5039.jpg","articleSection":["Siyas\u0259t","T\u00f6vsiy\u0259","X\u0259b\u0259rl\u0259r"],"inLanguage":"az"},{"@type":"WebPage","@id":"https:\/\/www.meydan.tv\/az\/article\/mark-libbi-azerbaycan-hokumetinin-davranisina-gore-cavab-vere-bilmerem\/","url":"https:\/\/www.meydan.tv\/az\/article\/mark-libbi-azerbaycan-hokumetinin-davranisina-gore-cavab-vere-bilmerem\/","name":"Mark Libbi: \u201cAz\u0259rbaycan h\u00f6kum\u0259tinin davran\u0131\u015f\u0131na g\u00f6r\u0259 cavab ver\u0259 bilm\u0259r\u0259m\u201d - MEYDAN.TV","isPartOf":{"@id":"https:\/\/www.meydan.tv\/az\/#website"},"primaryImageOfPage":{"@id":"https:\/\/www.meydan.tv\/az\/article\/mark-libbi-azerbaycan-hokumetinin-davranisina-gore-cavab-vere-bilmerem\/#primaryimage"},"image":{"@id":"https:\/\/www.meydan.tv\/az\/article\/mark-libbi-azerbaycan-hokumetinin-davranisina-gore-cavab-vere-bilmerem\/#primaryimage"},"thumbnailUrl":"https:\/\/www.meydan.tv\/wp-content\/uploads\/img_5039.jpg","datePublished":"2024-05-05T11:15:47+00:00","dateModified":"2024-05-06T07:33:50+00:00","breadcrumb":{"@id":"https:\/\/www.meydan.tv\/az\/article\/mark-libbi-azerbaycan-hokumetinin-davranisina-gore-cavab-vere-bilmerem\/#breadcrumb"},"inLanguage":"az","potentialAction":[{"@type":"ReadAction","target":["https:\/\/www.meydan.tv\/az\/article\/mark-libbi-azerbaycan-hokumetinin-davranisina-gore-cavab-vere-bilmerem\/"]}]},{"@type":"ImageObject","inLanguage":"az","@id":"https:\/\/www.meydan.tv\/az\/article\/mark-libbi-azerbaycan-hokumetinin-davranisina-gore-cavab-vere-bilmerem\/#primaryimage","url":"https:\/\/www.meydan.tv\/wp-content\/uploads\/img_5039.jpg","contentUrl":"https:\/\/www.meydan.tv\/wp-content\/uploads\/img_5039.jpg","width":1200,"height":900,"caption":"Mark Libbi. Foto: Meydan TV"},{"@type":"BreadcrumbList","@id":"https:\/\/www.meydan.tv\/az\/article\/mark-libbi-azerbaycan-hokumetinin-davranisina-gore-cavab-vere-bilmerem\/#breadcrumb","itemListElement":[{"@type":"ListItem","position":1,"name":"Ana s\u0259hif\u0259","item":"https:\/\/www.meydan.tv\/az\/"},{"@type":"ListItem","position":2,"name":"Siyas\u0259t","item":"https:\/\/www.meydan.tv\/az\/section\/siyaset\/"},{"@type":"ListItem","position":3,"name":"Mark Libbi: \u201cAz\u0259rbaycan h\u00f6kum\u0259tinin davran\u0131\u015f\u0131na g\u00f6r\u0259 cavab ver\u0259 bilm\u0259r\u0259m\u201d"}]},{"@type":"WebSite","@id":"https:\/\/www.meydan.tv\/az\/#website","url":"https:\/\/www.meydan.tv\/az\/","name":"MEYDAN.TV","description":"Meydan TV Az\u0259rbaycan\u0131n media m\u0259kan\u0131ndak\u0131 alternativ s\u0259sidir","publisher":{"@id":"https:\/\/www.meydan.tv\/az\/#organization"},"potentialAction":[{"@type":"SearchAction","target":{"@type":"EntryPoint","urlTemplate":"https:\/\/www.meydan.tv\/az\/?s={search_term_string}"},"query-input":{"@type":"PropertyValueSpecification","valueRequired":true,"valueName":"search_term_string"}}],"inLanguage":"az"},{"@type":"Organization","@id":"https:\/\/www.meydan.tv\/az\/#organization","name":"Meydan TV","url":"https:\/\/www.meydan.tv\/az\/","logo":{"@type":"ImageObject","inLanguage":"az","@id":"https:\/\/www.meydan.tv\/az\/#\/schema\/logo\/image\/","url":"https:\/\/www.meydan.tv\/wp-content\/uploads\/2021\/07\/meydan-logo.svg","contentUrl":"https:\/\/www.meydan.tv\/wp-content\/uploads\/2021\/07\/meydan-logo.svg","width":195,"height":46,"caption":"Meydan TV"},"image":{"@id":"https:\/\/www.meydan.tv\/az\/#\/schema\/logo\/image\/"}},{"@type":"Person","@id":"https:\/\/www.meydan.tv\/az\/#\/schema\/person\/9cdbecf90d17180ce1dfbd95b08dcf47","name":"elli","sameAs":["https:\/\/x.com\/elli"]}]}},"_links":{"self":[{"href":"https:\/\/www.meydan.tv\/az\/wp-json\/wp\/v2\/posts\/305079","targetHints":{"allow":["GET"]}}],"collection":[{"href":"https:\/\/www.meydan.tv\/az\/wp-json\/wp\/v2\/posts"}],"about":[{"href":"https:\/\/www.meydan.tv\/az\/wp-json\/wp\/v2\/types\/post"}],"author":[{"embeddable":true,"href":"https:\/\/www.meydan.tv\/az\/wp-json\/wp\/v2\/users\/8"}],"replies":[{"embeddable":true,"href":"https:\/\/www.meydan.tv\/az\/wp-json\/wp\/v2\/comments?post=305079"}],"version-history":[{"count":6,"href":"https:\/\/www.meydan.tv\/az\/wp-json\/wp\/v2\/posts\/305079\/revisions"}],"predecessor-version":[{"id":305092,"href":"https:\/\/www.meydan.tv\/az\/wp-json\/wp\/v2\/posts\/305079\/revisions\/305092"}],"wp:featuredmedia":[{"embeddable":true,"href":"https:\/\/www.meydan.tv\/az\/wp-json\/wp\/v2\/media\/305035"}],"wp:attachment":[{"href":"https:\/\/www.meydan.tv\/az\/wp-json\/wp\/v2\/media?parent=305079"}],"wp:term":[{"taxonomy":"category","embeddable":true,"href":"https:\/\/www.meydan.tv\/az\/wp-json\/wp\/v2\/categories?post=305079"},{"taxonomy":"post_tag","embeddable":true,"href":"https:\/\/www.meydan.tv\/az\/wp-json\/wp\/v2\/tags?post=305079"}],"curies":[{"name":"wp","href":"https:\/\/api.w.org\/{rel}","templated":true}]}}