{"id":305060,"date":"2024-05-04T17:40:33","date_gmt":"2024-05-04T13:40:33","guid":{"rendered":"https:\/\/www.meydan.tv\/?p=305060"},"modified":"2024-05-04T17:55:14","modified_gmt":"2024-05-04T13:55:14","slug":"isa-qember-yeniden-musavatin-basqani-secilib","status":"publish","type":"post","link":"https:\/\/www.meydan.tv\/az\/article\/isa-qember-yeniden-musavatin-basqani-secilib\/","title":{"rendered":"\u0130sa Q\u0259mb\u0259r yenid\u0259n M\u00fcsavat\u0131n ba\u015fqan\u0131 se\u00e7ilib"},"content":{"rendered":"\n<figure class=\"wp-block-embed is-type-video is-provider-youtube wp-block-embed-youtube wp-embed-aspect-16-9 wp-has-aspect-ratio\"><div class=\"wp-block-embed__wrapper\">\n<iframe title=\"Alternativsiz se\u00e7kid\u0259 \u0130sa Q\u0259mb\u0259r yenid\u0259n M\u00fcsavat ba\u015fqan\u0131 se\u00e7ildi\" width=\"1200\" height=\"675\" data-src=\"https:\/\/www.youtube.com\/embed\/94GNJge9CjI?feature=oembed\" frameborder=\"0\" allow=\"accelerometer; autoplay; clipboard-write; encrypted-media; gyroscope; picture-in-picture; web-share\" referrerpolicy=\"strict-origin-when-cross-origin\" allowfullscreen src=\"data:image\/svg+xml;base64,PHN2ZyB3aWR0aD0iMSIgaGVpZ2h0PSIxIiB4bWxucz0iaHR0cDovL3d3dy53My5vcmcvMjAwMC9zdmciPjwvc3ZnPg==\" class=\"lazyload\" data-load-mode=\"1\"><\/iframe>\n<\/div><\/figure>\n\n\n\n<!--more-->\n\n\n\n<p><strong><em>Se\u00e7kid\u0259 alternativ namiz\u0259d olmay\u0131b<\/em><\/strong><\/p>\n\n\n\n<p>May\u0131n 4-d\u0259 M\u00fcsavat Partiyas\u0131n\u0131n XI qurultay\u0131 ke\u00e7irilib.<\/p>\n\n\n\n<p>Qurultayda s\u0259rb\u0259st M\u0259clis \u00fczvl\u0259ri, Divan \u00fczvl\u0259ri, M\u0259rk\u0259zi N\u0259zar\u0259t Komissiya \u00fczvl\u0259ri v\u0259 yeni ba\u015fqan se\u00e7kisi ke\u00e7irilib.<\/p>\n\n\n\n<p>\u0130sa Q\u0259mb\u0259r 10 il sonra yenid\u0259n namiz\u0259dliyini ir\u0259li s\u00fcr\u00fcb.<\/p>\n\n\n\n<p>M\u00fcsavat Partiyas\u0131n\u0131n nizamnam\u0259sin\u0259 \u0259sas\u0259n, ba\u015fqan ard\u0131c\u0131l iki m\u00fcdd\u0259td\u0259n art\u0131q eyni v\u0259zif\u0259y\u0259 se\u00e7il\u0259 bilm\u0259z v\u0259 buna g\u00f6r\u0259 d\u0259 haz\u0131rk\u0131 ba\u015fqan Arif Hac\u0131l\u0131 namiz\u0259dliyini ir\u0259li s\u00fcrm\u0259yib.<\/p>\n\n\n<div class=\"wp-block-image\">\n<figure class=\"aligncenter size-full\"><img decoding=\"async\" width=\"1200\" height=\"675\" data-src=\"https:\/\/www.meydan.tv\/wp-content\/uploads\/isa.jpg\" alt=\"\" class=\"wp-image-305051 lazyload\" src=\"data:image\/svg+xml;base64,PHN2ZyB3aWR0aD0iMSIgaGVpZ2h0PSIxIiB4bWxucz0iaHR0cDovL3d3dy53My5vcmcvMjAwMC9zdmciPjwvc3ZnPg==\" style=\"--smush-placeholder-width: 1200px; --smush-placeholder-aspect-ratio: 1200\/675;\" \/><figcaption class=\"wp-element-caption\">M\u00fcsavat Partiyas\u0131n\u0131n XI qurultay\u0131, \u0130sa Q\u0259mb\u0259r. Foto: Meydan TV<\/figcaption><\/figure>\n<\/div>\n\n\n<p>Daha \u0259vv\u0259l partiya ba\u015fqan\u0131n\u0131n m\u00fcavini, Divan \u00fczv\u00fc Osman Kaz\u0131mov v\u0259 partiyan\u0131n S\u0259bail t\u0259\u015fkilat\u0131n\u0131n \u00fczv\u00fc Natiq Mehdi d\u0259 M\u00fcsavat ba\u015fqanl\u0131\u011f\u0131na namiz\u0259dlikl\u0259rini ir\u0259li s\u00fcrs\u0259l\u0259r d\u0259, sonradan h\u0259r ikisi \u0130sa Q\u0259mb\u0259rin xeyrin\u0259 namiz\u0259dlikl\u0259rini geri g\u00f6t\u00fcr\u00fcbl\u0259r.<\/p>\n\n\n\n<p>Se\u00e7kid\u0259 282 n\u0259f\u0259r i\u015ftirak edib, onlardan 3 n\u0259f\u0259r \u0259leyhin\u0259, 279 n\u0259f\u0259r is\u0259 \u0130sa Q\u0259mb\u0259rin xeyrin\u0259 s\u0259s verib.<\/p>\n\n\n<div class=\"wp-block-image\">\n<figure class=\"aligncenter size-large\"><img decoding=\"async\" width=\"1095\" height=\"821\" data-src=\"https:\/\/www.meydan.tv\/wp-content\/uploads\/img_2686-1-1095x821.jpg\" alt=\"\" class=\"wp-image-305040 lazyload\" src=\"data:image\/svg+xml;base64,PHN2ZyB3aWR0aD0iMSIgaGVpZ2h0PSIxIiB4bWxucz0iaHR0cDovL3d3dy53My5vcmcvMjAwMC9zdmciPjwvc3ZnPg==\" style=\"--smush-placeholder-width: 1095px; --smush-placeholder-aspect-ratio: 1095\/821;\" \/><figcaption class=\"wp-element-caption\">M\u00fcsavat Partiyas\u0131n\u0131n XI qurultay\u0131. Foto: Meydan TV<\/figcaption><\/figure>\n<\/div>\n\n\n<p>Ba\u015fqan postuna yegan\u0259 namiz\u0259d olan \u0130sa Q\u0259mb\u0259r yenid\u0259n partiya ba\u015fqan\u0131 se\u00e7ilib.<\/p>\n\n\n\n<p>\u0130sa Q\u0259mb\u0259r 1992-ci ild\u0259 M\u00fcsavat Partiyas\u0131n\u0131n b\u0259rpa qurultay\u0131n\u0131 ke\u00e7ir\u0259r\u0259k partiyan\u0131n ba\u015fqan\u0131 se\u00e7ilib.<\/p>\n\n\n\n<p>O, 1992-ci ild\u0259n 2014-c\u00fc il\u0259d\u0259k partiyaya r\u0259hb\u0259rlik edib.<\/p>\n\n\n\n<p>2014-c\u00fc ild\u0259 is\u0259 ba\u015fqanl\u0131q se\u00e7kisind\u0259 i\u015ftirak etm\u0259y\u0259r\u0259k partiyan\u0131n aparat r\u0259hb\u0259ri Arif Hac\u0131l\u0131ya d\u0259st\u0259k verib.<\/p>\n","protected":false},"excerpt":{"rendered":"","protected":false},"author":8,"featured_media":305046,"comment_status":"closed","ping_status":"closed","sticky":false,"template":"","format":"standard","meta":{"_acf_changed":false,"_sitemap_exclude":false,"_sitemap_priority":"","_sitemap_frequency":"","footnotes":""},"categories":[59,79,63,56],"tags":[],"class_list":["post-305060","post","type-post","status-publish","format-standard","has-post-thumbnail","hentry","category-siyaset","category-featured","category-video-2","category-xeberler","infinite-scroll-item","generate-columns","tablet-grid-50","mobile-grid-100","grid-parent","grid-33","no-featured-image-padding"],"acf":[],"yoast_head":"<!-- This site is optimized with the Yoast SEO plugin v27.4 - https:\/\/yoast.com\/product\/yoast-seo-wordpress\/ -->\n<title>\u0130sa Q\u0259mb\u0259r yenid\u0259n M\u00fcsavat\u0131n ba\u015fqan\u0131 se\u00e7ilib - MEYDAN.TV<\/title>\n<meta name=\"robots\" content=\"index, follow, max-snippet:-1, max-image-preview:large, max-video-preview:-1\" \/>\n<link rel=\"canonical\" href=\"https:\/\/www.meydan.tv\/az\/article\/isa-qember-yeniden-musavatin-basqani-secilib\/\" \/>\n<meta property=\"og:locale\" content=\"az_AZ\" \/>\n<meta property=\"og:type\" content=\"article\" \/>\n<meta property=\"og:title\" content=\"\u0130sa Q\u0259mb\u0259r yenid\u0259n M\u00fcsavat\u0131n ba\u015fqan\u0131 se\u00e7ilib - MEYDAN.TV\" \/>\n<meta property=\"og:url\" content=\"https:\/\/www.meydan.tv\/az\/article\/isa-qember-yeniden-musavatin-basqani-secilib\/\" \/>\n<meta property=\"og:site_name\" content=\"MEYDAN.TV\" \/>\n<meta property=\"article:published_time\" content=\"2024-05-04T13:40:33+00:00\" \/>\n<meta property=\"article:modified_time\" content=\"2024-05-04T13:55:14+00:00\" \/>\n<meta property=\"og:image\" content=\"https:\/\/www.meydan.tv\/wp-content\/uploads\/img_2703.jpg\" \/>\n\t<meta property=\"og:image:width\" content=\"1200\" \/>\n\t<meta property=\"og:image:height\" content=\"900\" \/>\n\t<meta property=\"og:image:type\" content=\"image\/jpeg\" \/>\n<meta name=\"author\" content=\"elli\" \/>\n<meta name=\"twitter:card\" content=\"summary_large_image\" \/>\n<meta name=\"twitter:creator\" content=\"@elli\" \/>\n<script type=\"application\/ld+json\" class=\"yoast-schema-graph\">{\"@context\":\"https:\\\/\\\/schema.org\",\"@graph\":[{\"@type\":\"Article\",\"@id\":\"https:\\\/\\\/www.meydan.tv\\\/az\\\/article\\\/isa-qember-yeniden-musavatin-basqani-secilib\\\/#article\",\"isPartOf\":{\"@id\":\"https:\\\/\\\/www.meydan.tv\\\/az\\\/article\\\/isa-qember-yeniden-musavatin-basqani-secilib\\\/\"},\"author\":{\"name\":\"elli\",\"@id\":\"https:\\\/\\\/www.meydan.tv\\\/az\\\/#\\\/schema\\\/person\\\/9cdbecf90d17180ce1dfbd95b08dcf47\"},\"headline\":\"\u0130sa Q\u0259mb\u0259r yenid\u0259n M\u00fcsavat\u0131n ba\u015fqan\u0131 se\u00e7ilib\",\"datePublished\":\"2024-05-04T13:40:33+00:00\",\"dateModified\":\"2024-05-04T13:55:14+00:00\",\"mainEntityOfPage\":{\"@id\":\"https:\\\/\\\/www.meydan.tv\\\/az\\\/article\\\/isa-qember-yeniden-musavatin-basqani-secilib\\\/\"},\"wordCount\":322,\"publisher\":{\"@id\":\"https:\\\/\\\/www.meydan.tv\\\/az\\\/#organization\"},\"image\":{\"@id\":\"https:\\\/\\\/www.meydan.tv\\\/az\\\/article\\\/isa-qember-yeniden-musavatin-basqani-secilib\\\/#primaryimage\"},\"thumbnailUrl\":\"https:\\\/\\\/www.meydan.tv\\\/wp-content\\\/uploads\\\/img_2703.jpg\",\"articleSection\":[\"Siyas\u0259t\",\"T\u00f6vsiy\u0259\",\"Video\",\"X\u0259b\u0259rl\u0259r\"],\"inLanguage\":\"az\"},{\"@type\":\"WebPage\",\"@id\":\"https:\\\/\\\/www.meydan.tv\\\/az\\\/article\\\/isa-qember-yeniden-musavatin-basqani-secilib\\\/\",\"url\":\"https:\\\/\\\/www.meydan.tv\\\/az\\\/article\\\/isa-qember-yeniden-musavatin-basqani-secilib\\\/\",\"name\":\"\u0130sa Q\u0259mb\u0259r yenid\u0259n M\u00fcsavat\u0131n ba\u015fqan\u0131 se\u00e7ilib - MEYDAN.TV\",\"isPartOf\":{\"@id\":\"https:\\\/\\\/www.meydan.tv\\\/az\\\/#website\"},\"primaryImageOfPage\":{\"@id\":\"https:\\\/\\\/www.meydan.tv\\\/az\\\/article\\\/isa-qember-yeniden-musavatin-basqani-secilib\\\/#primaryimage\"},\"image\":{\"@id\":\"https:\\\/\\\/www.meydan.tv\\\/az\\\/article\\\/isa-qember-yeniden-musavatin-basqani-secilib\\\/#primaryimage\"},\"thumbnailUrl\":\"https:\\\/\\\/www.meydan.tv\\\/wp-content\\\/uploads\\\/img_2703.jpg\",\"datePublished\":\"2024-05-04T13:40:33+00:00\",\"dateModified\":\"2024-05-04T13:55:14+00:00\",\"breadcrumb\":{\"@id\":\"https:\\\/\\\/www.meydan.tv\\\/az\\\/article\\\/isa-qember-yeniden-musavatin-basqani-secilib\\\/#breadcrumb\"},\"inLanguage\":\"az\",\"potentialAction\":[{\"@type\":\"ReadAction\",\"target\":[\"https:\\\/\\\/www.meydan.tv\\\/az\\\/article\\\/isa-qember-yeniden-musavatin-basqani-secilib\\\/\"]}]},{\"@type\":\"ImageObject\",\"inLanguage\":\"az\",\"@id\":\"https:\\\/\\\/www.meydan.tv\\\/az\\\/article\\\/isa-qember-yeniden-musavatin-basqani-secilib\\\/#primaryimage\",\"url\":\"https:\\\/\\\/www.meydan.tv\\\/wp-content\\\/uploads\\\/img_2703.jpg\",\"contentUrl\":\"https:\\\/\\\/www.meydan.tv\\\/wp-content\\\/uploads\\\/img_2703.jpg\",\"width\":1200,\"height\":900,\"caption\":\"M\u00fcsavat Partiyas\u0131n\u0131n XI qurultay\u0131. Foto: Meydan TV\"},{\"@type\":\"BreadcrumbList\",\"@id\":\"https:\\\/\\\/www.meydan.tv\\\/az\\\/article\\\/isa-qember-yeniden-musavatin-basqani-secilib\\\/#breadcrumb\",\"itemListElement\":[{\"@type\":\"ListItem\",\"position\":1,\"name\":\"Ana s\u0259hif\u0259\",\"item\":\"https:\\\/\\\/www.meydan.tv\\\/az\\\/\"},{\"@type\":\"ListItem\",\"position\":2,\"name\":\"Siyas\u0259t\",\"item\":\"https:\\\/\\\/www.meydan.tv\\\/az\\\/section\\\/siyaset\\\/\"},{\"@type\":\"ListItem\",\"position\":3,\"name\":\"\u0130sa Q\u0259mb\u0259r yenid\u0259n M\u00fcsavat\u0131n ba\u015fqan\u0131 se\u00e7ilib\"}]},{\"@type\":\"WebSite\",\"@id\":\"https:\\\/\\\/www.meydan.tv\\\/az\\\/#website\",\"url\":\"https:\\\/\\\/www.meydan.tv\\\/az\\\/\",\"name\":\"MEYDAN.TV\",\"description\":\"Meydan TV Az\u0259rbaycan\u0131n media m\u0259kan\u0131ndak\u0131 alternativ s\u0259sidir\",\"publisher\":{\"@id\":\"https:\\\/\\\/www.meydan.tv\\\/az\\\/#organization\"},\"potentialAction\":[{\"@type\":\"SearchAction\",\"target\":{\"@type\":\"EntryPoint\",\"urlTemplate\":\"https:\\\/\\\/www.meydan.tv\\\/az\\\/?s={search_term_string}\"},\"query-input\":{\"@type\":\"PropertyValueSpecification\",\"valueRequired\":true,\"valueName\":\"search_term_string\"}}],\"inLanguage\":\"az\"},{\"@type\":\"Organization\",\"@id\":\"https:\\\/\\\/www.meydan.tv\\\/az\\\/#organization\",\"name\":\"Meydan TV\",\"url\":\"https:\\\/\\\/www.meydan.tv\\\/az\\\/\",\"logo\":{\"@type\":\"ImageObject\",\"inLanguage\":\"az\",\"@id\":\"https:\\\/\\\/www.meydan.tv\\\/az\\\/#\\\/schema\\\/logo\\\/image\\\/\",\"url\":\"https:\\\/\\\/www.meydan.tv\\\/wp-content\\\/uploads\\\/2021\\\/07\\\/meydan-logo.svg\",\"contentUrl\":\"https:\\\/\\\/www.meydan.tv\\\/wp-content\\\/uploads\\\/2021\\\/07\\\/meydan-logo.svg\",\"width\":195,\"height\":46,\"caption\":\"Meydan TV\"},\"image\":{\"@id\":\"https:\\\/\\\/www.meydan.tv\\\/az\\\/#\\\/schema\\\/logo\\\/image\\\/\"}},{\"@type\":\"Person\",\"@id\":\"https:\\\/\\\/www.meydan.tv\\\/az\\\/#\\\/schema\\\/person\\\/9cdbecf90d17180ce1dfbd95b08dcf47\",\"name\":\"elli\",\"sameAs\":[\"https:\\\/\\\/x.com\\\/elli\"]}]}<\/script>\n<!-- \/ Yoast SEO plugin. -->","yoast_head_json":{"title":"\u0130sa Q\u0259mb\u0259r yenid\u0259n M\u00fcsavat\u0131n ba\u015fqan\u0131 se\u00e7ilib - MEYDAN.TV","robots":{"index":"index","follow":"follow","max-snippet":"max-snippet:-1","max-image-preview":"max-image-preview:large","max-video-preview":"max-video-preview:-1"},"canonical":"https:\/\/www.meydan.tv\/az\/article\/isa-qember-yeniden-musavatin-basqani-secilib\/","og_locale":"az_AZ","og_type":"article","og_title":"\u0130sa Q\u0259mb\u0259r yenid\u0259n M\u00fcsavat\u0131n ba\u015fqan\u0131 se\u00e7ilib - MEYDAN.TV","og_url":"https:\/\/www.meydan.tv\/az\/article\/isa-qember-yeniden-musavatin-basqani-secilib\/","og_site_name":"MEYDAN.TV","article_published_time":"2024-05-04T13:40:33+00:00","article_modified_time":"2024-05-04T13:55:14+00:00","og_image":[{"width":1200,"height":900,"url":"https:\/\/www.meydan.tv\/wp-content\/uploads\/img_2703.jpg","type":"image\/jpeg"}],"author":"elli","twitter_card":"summary_large_image","twitter_creator":"@elli","schema":{"@context":"https:\/\/schema.org","@graph":[{"@type":"Article","@id":"https:\/\/www.meydan.tv\/az\/article\/isa-qember-yeniden-musavatin-basqani-secilib\/#article","isPartOf":{"@id":"https:\/\/www.meydan.tv\/az\/article\/isa-qember-yeniden-musavatin-basqani-secilib\/"},"author":{"name":"elli","@id":"https:\/\/www.meydan.tv\/az\/#\/schema\/person\/9cdbecf90d17180ce1dfbd95b08dcf47"},"headline":"\u0130sa Q\u0259mb\u0259r yenid\u0259n M\u00fcsavat\u0131n ba\u015fqan\u0131 se\u00e7ilib","datePublished":"2024-05-04T13:40:33+00:00","dateModified":"2024-05-04T13:55:14+00:00","mainEntityOfPage":{"@id":"https:\/\/www.meydan.tv\/az\/article\/isa-qember-yeniden-musavatin-basqani-secilib\/"},"wordCount":322,"publisher":{"@id":"https:\/\/www.meydan.tv\/az\/#organization"},"image":{"@id":"https:\/\/www.meydan.tv\/az\/article\/isa-qember-yeniden-musavatin-basqani-secilib\/#primaryimage"},"thumbnailUrl":"https:\/\/www.meydan.tv\/wp-content\/uploads\/img_2703.jpg","articleSection":["Siyas\u0259t","T\u00f6vsiy\u0259","Video","X\u0259b\u0259rl\u0259r"],"inLanguage":"az"},{"@type":"WebPage","@id":"https:\/\/www.meydan.tv\/az\/article\/isa-qember-yeniden-musavatin-basqani-secilib\/","url":"https:\/\/www.meydan.tv\/az\/article\/isa-qember-yeniden-musavatin-basqani-secilib\/","name":"\u0130sa Q\u0259mb\u0259r yenid\u0259n M\u00fcsavat\u0131n ba\u015fqan\u0131 se\u00e7ilib - MEYDAN.TV","isPartOf":{"@id":"https:\/\/www.meydan.tv\/az\/#website"},"primaryImageOfPage":{"@id":"https:\/\/www.meydan.tv\/az\/article\/isa-qember-yeniden-musavatin-basqani-secilib\/#primaryimage"},"image":{"@id":"https:\/\/www.meydan.tv\/az\/article\/isa-qember-yeniden-musavatin-basqani-secilib\/#primaryimage"},"thumbnailUrl":"https:\/\/www.meydan.tv\/wp-content\/uploads\/img_2703.jpg","datePublished":"2024-05-04T13:40:33+00:00","dateModified":"2024-05-04T13:55:14+00:00","breadcrumb":{"@id":"https:\/\/www.meydan.tv\/az\/article\/isa-qember-yeniden-musavatin-basqani-secilib\/#breadcrumb"},"inLanguage":"az","potentialAction":[{"@type":"ReadAction","target":["https:\/\/www.meydan.tv\/az\/article\/isa-qember-yeniden-musavatin-basqani-secilib\/"]}]},{"@type":"ImageObject","inLanguage":"az","@id":"https:\/\/www.meydan.tv\/az\/article\/isa-qember-yeniden-musavatin-basqani-secilib\/#primaryimage","url":"https:\/\/www.meydan.tv\/wp-content\/uploads\/img_2703.jpg","contentUrl":"https:\/\/www.meydan.tv\/wp-content\/uploads\/img_2703.jpg","width":1200,"height":900,"caption":"M\u00fcsavat Partiyas\u0131n\u0131n XI qurultay\u0131. Foto: Meydan TV"},{"@type":"BreadcrumbList","@id":"https:\/\/www.meydan.tv\/az\/article\/isa-qember-yeniden-musavatin-basqani-secilib\/#breadcrumb","itemListElement":[{"@type":"ListItem","position":1,"name":"Ana s\u0259hif\u0259","item":"https:\/\/www.meydan.tv\/az\/"},{"@type":"ListItem","position":2,"name":"Siyas\u0259t","item":"https:\/\/www.meydan.tv\/az\/section\/siyaset\/"},{"@type":"ListItem","position":3,"name":"\u0130sa Q\u0259mb\u0259r yenid\u0259n M\u00fcsavat\u0131n ba\u015fqan\u0131 se\u00e7ilib"}]},{"@type":"WebSite","@id":"https:\/\/www.meydan.tv\/az\/#website","url":"https:\/\/www.meydan.tv\/az\/","name":"MEYDAN.TV","description":"Meydan TV Az\u0259rbaycan\u0131n media m\u0259kan\u0131ndak\u0131 alternativ s\u0259sidir","publisher":{"@id":"https:\/\/www.meydan.tv\/az\/#organization"},"potentialAction":[{"@type":"SearchAction","target":{"@type":"EntryPoint","urlTemplate":"https:\/\/www.meydan.tv\/az\/?s={search_term_string}"},"query-input":{"@type":"PropertyValueSpecification","valueRequired":true,"valueName":"search_term_string"}}],"inLanguage":"az"},{"@type":"Organization","@id":"https:\/\/www.meydan.tv\/az\/#organization","name":"Meydan TV","url":"https:\/\/www.meydan.tv\/az\/","logo":{"@type":"ImageObject","inLanguage":"az","@id":"https:\/\/www.meydan.tv\/az\/#\/schema\/logo\/image\/","url":"https:\/\/www.meydan.tv\/wp-content\/uploads\/2021\/07\/meydan-logo.svg","contentUrl":"https:\/\/www.meydan.tv\/wp-content\/uploads\/2021\/07\/meydan-logo.svg","width":195,"height":46,"caption":"Meydan TV"},"image":{"@id":"https:\/\/www.meydan.tv\/az\/#\/schema\/logo\/image\/"}},{"@type":"Person","@id":"https:\/\/www.meydan.tv\/az\/#\/schema\/person\/9cdbecf90d17180ce1dfbd95b08dcf47","name":"elli","sameAs":["https:\/\/x.com\/elli"]}]}},"_links":{"self":[{"href":"https:\/\/www.meydan.tv\/az\/wp-json\/wp\/v2\/posts\/305060","targetHints":{"allow":["GET"]}}],"collection":[{"href":"https:\/\/www.meydan.tv\/az\/wp-json\/wp\/v2\/posts"}],"about":[{"href":"https:\/\/www.meydan.tv\/az\/wp-json\/wp\/v2\/types\/post"}],"author":[{"embeddable":true,"href":"https:\/\/www.meydan.tv\/az\/wp-json\/wp\/v2\/users\/8"}],"replies":[{"embeddable":true,"href":"https:\/\/www.meydan.tv\/az\/wp-json\/wp\/v2\/comments?post=305060"}],"version-history":[{"count":2,"href":"https:\/\/www.meydan.tv\/az\/wp-json\/wp\/v2\/posts\/305060\/revisions"}],"predecessor-version":[{"id":305066,"href":"https:\/\/www.meydan.tv\/az\/wp-json\/wp\/v2\/posts\/305060\/revisions\/305066"}],"wp:featuredmedia":[{"embeddable":true,"href":"https:\/\/www.meydan.tv\/az\/wp-json\/wp\/v2\/media\/305046"}],"wp:attachment":[{"href":"https:\/\/www.meydan.tv\/az\/wp-json\/wp\/v2\/media?parent=305060"}],"wp:term":[{"taxonomy":"category","embeddable":true,"href":"https:\/\/www.meydan.tv\/az\/wp-json\/wp\/v2\/categories?post=305060"},{"taxonomy":"post_tag","embeddable":true,"href":"https:\/\/www.meydan.tv\/az\/wp-json\/wp\/v2\/tags?post=305060"}],"curies":[{"name":"wp","href":"https:\/\/api.w.org\/{rel}","templated":true}]}}