{"id":304959,"date":"2024-05-03T11:50:13","date_gmt":"2024-05-03T07:50:13","guid":{"rendered":"https:\/\/www.meydan.tv\/?p=304959"},"modified":"2024-05-03T12:33:26","modified_gmt":"2024-05-03T08:33:26","slug":"jurnalist-nigar-mubarizin-olkeden-cixisina-qadaga-qoyulub","status":"publish","type":"post","link":"https:\/\/www.meydan.tv\/az\/article\/jurnalist-nigar-mubarizin-olkeden-cixisina-qadaga-qoyulub\/","title":{"rendered":"Jurnalist Nigar M\u00fcbarizin \u00f6lk\u0259d\u0259n \u00e7\u0131x\u0131\u015f\u0131na qada\u011fa qoyulub"},"content":{"rendered":"\n<p><\/p>\n\n\n\n<p><strong><em>O, hava liman\u0131ndan geri qaytar\u0131l\u0131b<\/em><\/strong><\/p>\n\n\n\n<p>Jurnalist Nigar M\u00fcbarizin \u00f6lk\u0259d\u0259n \u00e7\u0131x\u0131\u015f\u0131na qada\u011fa qoyulub. O, may\u0131n 3-d\u0259 s\u0259h\u0259r saatlar\u0131nda Amerikaya ged\u0259rk\u0259n hava liman\u0131ndan burax\u0131lmay\u0131b. S\u0259rh\u0259d xidm\u0259tinin \u0259m\u0259kda\u015flar\u0131 onun \u00e7\u0131x\u0131\u015f\u0131na m\u0259hdudiyy\u0259t qoyuldu\u011funu bildir\u0259r\u0259k, geri qaytar\u0131blar.<\/p>\n\n\n\n<p>Nigar M\u00fcbariz bildirib ki, t\u0259hsill\u0259 \u0259laq\u0259dar AB\u015e-a getm\u0259liydi.<\/p>\n\n\n\n<p>Son 6 ay \u0259rzind\u0259 Az\u0259rbaycanda jurnalistl\u0259r v\u0259 v\u0259t\u0259nda\u015f c\u0259miyy\u0259ti n\u00fcmay\u0259nd\u0259l\u0259ri h\u0259bs olunmaqla yana\u015f\u0131, xeyli ictimai f\u0259al\u0131n, media n\u00fcmay\u0259nd\u0259sinin \u00f6lk\u0259d\u0259n \u00e7\u0131x\u0131\u015f\u0131na qada\u011fa qoyulub. Onlar\u0131n aras\u0131nda g\u0259nc f\u0259allar Elgiz Q\u0259hr\u0259man, Murad R\u00fcst\u0259mb\u0259yli, Sosial H\u00fcquqlar M\u0259rk\u0259zinin \u0259m\u0259kda\u015flar\u0131 Ay\u015f\u0259n Muradova, Q\u0259dir Q\u0259dirli v\u0259 ba\u015fqalar\u0131n\u0131n adlar\u0131 var.<\/p>\n\n\n\n<p>\u00d6lk\u0259d\u0259n burax\u0131lmayan f\u0259allar\u0131n \u0259ks\u0259riyy\u0259tin\u0259 \u00f6lk\u0259d\u0259n \u00e7\u0131x\u0131\u015flar\u0131na Daxili \u0130\u015fl\u0259r Nazirliyinin q\u0259rar\u0131 il\u0259 m\u0259hdudiyy\u0259t qoyuldu\u011fu bildirilib.<\/p>\n\n\n\n<p>Milli M\u0259clisin f\u0259aliyy\u0259tini ara\u015fd\u0131ran \u201cMeclis.info\u201d sayt\u0131n\u0131n r\u0259hb\u0259ri \u0130mran \u018fliyev d\u0259 aprelin 18-d\u0259 T\u00fcrkiy\u0259y\u0259 ged\u0259rk\u0259n hava liman\u0131nda saxlanm\u0131\u015f, aeroportdan Bak\u0131 \u015f\u0259h\u0259r Ba\u015f Polis \u0130dar\u0259sinin \u0259m\u0259kda\u015flar\u0131na t\u0259hvil verilmi\u015fdi. Daha sonra \u0130mran \u018fliyev \u201cAbzasMedia\u201d n\u0259\u015fril\u0259 ba\u011fl\u0131 cinay\u0259t i\u015fi \u00fczr\u0259 t\u0259qsirl\u0259ndiril\u0259n \u015f\u0259xs qismind\u0259 tan\u0131n\u0131b v\u0259 aprelin 19-da X\u0259tai Rayon M\u0259hk\u0259m\u0259sind\u0259 onun haqq\u0131nda h\u0259bs q\u0259rar\u0131 \u00e7\u0131xar\u0131lm\u0131\u015fd\u0131.<\/p>\n\n\n<div class=\"wp-block-image\">\n<figure class=\"aligncenter size-full\"><img decoding=\"async\" width=\"1200\" height=\"675\" data-src=\"https:\/\/www.meydan.tv\/wp-content\/uploads\/nigar-mubariz.jpg\" alt=\"\" class=\"wp-image-304960 lazyload\" src=\"data:image\/svg+xml;base64,PHN2ZyB3aWR0aD0iMSIgaGVpZ2h0PSIxIiB4bWxucz0iaHR0cDovL3d3dy53My5vcmcvMjAwMC9zdmciPjwvc3ZnPg==\" style=\"--smush-placeholder-width: 1200px; --smush-placeholder-aspect-ratio: 1200\/675;\" \/><figcaption class=\"wp-element-caption\">Foto: Nigar M\u00fcbarizin \u015f\u0259xsi arxivind\u0259n<\/figcaption><\/figure>\n<\/div>\n\n\n<p>2023-c\u00fc ilin noyabr\u0131ndan bu yana media v\u0259 v\u0259t\u0259nda\u015f c\u0259miyy\u0259tin\u0259 qar\u015f\u0131 cinay\u0259t i\u015fl\u0259ri \u00e7\u0259r\u00e7iv\u0259sind\u0259 20-y\u0259 yax\u0131n jurnalist v\u0259 v\u0259t\u0259nda\u015f c\u0259miyy\u0259ti f\u0259al\u0131 h\u0259bs olunub. Onlar\u0131n aras\u0131nda korrupsiya ara\u015fd\u0131rmalar\u0131yla tan\u0131nan \u201cAbzasMedia\u201d sayt\u0131n\u0131n r\u0259hb\u0259ri \u00dclvi H\u0259s\u0259nli, ba\u015f redaktoru Sevinc Vaqifq\u0131z\u0131 (Abbasova), jurnalistl\u0259r Hafiz Babal\u0131, Elnar\u0259 Qas\u0131mova, N\u0259rgiz Absalamova, \u201cToplum TV\u201d internet televiziyas\u0131n\u0131n t\u0259sis\u00e7isi, media h\u00fcququ \u00fczr\u0259 ekspert \u018fl\u0259sg\u0259r M\u0259mm\u0259dli, kanal\u0131n video redaktoru M\u00fc\u015ffiq Cabbar, \u201cKanal 13\u201d internet televiziyas\u0131n\u0131n r\u0259hb\u0259ri \u018fziz Orucov v\u0259 kanal\u0131n \u0259m\u0259kda\u015f\u0131 \u015eamo Eminov, se\u00e7kil\u0259rin m\u00fc\u015fahid\u0259si v\u0259 analizi il\u0259 m\u0259\u015f\u011ful olan Se\u00e7kil\u0259rin Monitorinqi v\u0259 Demokratiyan\u0131n T\u0259drisi M\u0259rk\u0259zinin r\u0259hb\u0259ri Anar M\u0259mm\u0259dli, \u201cMeclis.info\u201d sayt\u0131n\u0131n r\u0259hb\u0259ri \u0130mran \u018fliyev, Demokratik T\u0259\u015f\u0259bb\u00fcsl\u0259r \u0130nstitutunun r\u0259hb\u0259ri Akif Qurbanov, III Respublika Platformas\u0131n\u0131n Qurucu Hey\u0259t \u00fczv\u00fc Ruslan \u0130zz\u0259tli v\u0259 ba\u015fqalar\u0131 var.<\/p>\n\n\n\n<p>Adlar\u0131 \u00e7\u0259kil\u0259n jurnalist v\u0259 ictimai f\u0259allar ayr\u0131-ayr\u0131 cinay\u0259t i\u015fl\u0259ri \u00fczr\u0259 t\u0259qsirl\u0259ndirils\u0259l\u0259r d\u0259, ham\u0131s\u0131na qar\u015f\u0131 maliyy\u0259 qa\u00e7aqmal\u00e7\u0131l\u0131\u011f\u0131 ittiham\u0131 ir\u0259li s\u00fcr\u00fcl\u00fcb. Onlar xaricd\u0259n Az\u0259rbaycana qanunsuz yolla pul g\u0259tirm\u0259kd\u0259 ittiham olunurlar.<\/p>\n\n\n\n<p>Lakin jurnalist v\u0259 f\u0259allar\u0131n he\u00e7 biri \u00f6zl\u0259rini t\u0259qsirli bilmir, bar\u0259l\u0259rind\u0259ki cinay\u0259t i\u015fl\u0259rinin saxta oldu\u011funu, korrupsiya ara\u015fd\u0131rmalar\u0131na, h\u00f6kum\u0259ti t\u0259nqid etdikl\u0259rin\u0259 g\u00f6r\u0259 c\u0259zaland\u0131r\u0131ld\u0131qlar\u0131n\u0131 deyirl\u0259r.<\/p>\n","protected":false},"excerpt":{"rendered":"<p>O, hava liman\u0131ndan geri qaytar\u0131l\u0131b Jurnalist Nigar M\u00fcbarizin \u00f6lk\u0259d\u0259n \u00e7\u0131x\u0131\u015f\u0131na &#8230; <\/p>\n<p class=\"read-more-container\"><a title=\"Jurnalist Nigar M\u00fcbarizin \u00f6lk\u0259d\u0259n \u00e7\u0131x\u0131\u015f\u0131na qada\u011fa qoyulub\" class=\"read-more button\" href=\"https:\/\/www.meydan.tv\/az\/article\/jurnalist-nigar-mubarizin-olkeden-cixisina-qadaga-qoyulub\/#more-304959\" aria-label=\"Read more about Jurnalist Nigar M\u00fcbarizin \u00f6lk\u0259d\u0259n \u00e7\u0131x\u0131\u015f\u0131na qada\u011fa qoyulub\">Davam\u0131<\/a><\/p>\n","protected":false},"author":8,"featured_media":298992,"comment_status":"closed","ping_status":"closed","sticky":false,"template":"","format":"standard","meta":{"_acf_changed":false,"_sitemap_exclude":false,"_sitemap_priority":"","_sitemap_frequency":"","footnotes":""},"categories":[59,56],"tags":[],"class_list":["post-304959","post","type-post","status-publish","format-standard","has-post-thumbnail","hentry","category-siyaset","category-xeberler","infinite-scroll-item","generate-columns","tablet-grid-50","mobile-grid-100","grid-parent","grid-33","no-featured-image-padding"],"acf":[],"yoast_head":"<!-- This site is optimized with the Yoast SEO plugin v27.4 - https:\/\/yoast.com\/product\/yoast-seo-wordpress\/ -->\n<title>Jurnalist Nigar M\u00fcbarizin \u00f6lk\u0259d\u0259n \u00e7\u0131x\u0131\u015f\u0131na qada\u011fa qoyulub - MEYDAN.TV<\/title>\n<meta name=\"robots\" content=\"index, follow, max-snippet:-1, max-image-preview:large, max-video-preview:-1\" \/>\n<link rel=\"canonical\" href=\"https:\/\/www.meydan.tv\/az\/article\/jurnalist-nigar-mubarizin-olkeden-cixisina-qadaga-qoyulub\/\" \/>\n<meta property=\"og:locale\" content=\"az_AZ\" \/>\n<meta property=\"og:type\" content=\"article\" \/>\n<meta property=\"og:title\" content=\"Jurnalist Nigar M\u00fcbarizin \u00f6lk\u0259d\u0259n \u00e7\u0131x\u0131\u015f\u0131na qada\u011fa qoyulub - MEYDAN.TV\" \/>\n<meta property=\"og:description\" content=\"O, hava liman\u0131ndan geri qaytar\u0131l\u0131b Jurnalist Nigar M\u00fcbarizin \u00f6lk\u0259d\u0259n \u00e7\u0131x\u0131\u015f\u0131na ... Davam\u0131\" \/>\n<meta property=\"og:url\" content=\"https:\/\/www.meydan.tv\/az\/article\/jurnalist-nigar-mubarizin-olkeden-cixisina-qadaga-qoyulub\/\" \/>\n<meta property=\"og:site_name\" content=\"MEYDAN.TV\" \/>\n<meta property=\"article:published_time\" content=\"2024-05-03T07:50:13+00:00\" \/>\n<meta property=\"article:modified_time\" content=\"2024-05-03T08:33:26+00:00\" \/>\n<meta property=\"og:image\" content=\"https:\/\/www.meydan.tv\/wp-content\/uploads\/shutterstock_320672735.jpg\" \/>\n\t<meta property=\"og:image:width\" content=\"1200\" \/>\n\t<meta property=\"og:image:height\" content=\"859\" \/>\n\t<meta property=\"og:image:type\" content=\"image\/jpeg\" \/>\n<meta name=\"author\" content=\"elli\" \/>\n<meta name=\"twitter:card\" content=\"summary_large_image\" \/>\n<meta name=\"twitter:creator\" content=\"@elli\" \/>\n<script type=\"application\/ld+json\" class=\"yoast-schema-graph\">{\"@context\":\"https:\\\/\\\/schema.org\",\"@graph\":[{\"@type\":\"Article\",\"@id\":\"https:\\\/\\\/www.meydan.tv\\\/az\\\/article\\\/jurnalist-nigar-mubarizin-olkeden-cixisina-qadaga-qoyulub\\\/#article\",\"isPartOf\":{\"@id\":\"https:\\\/\\\/www.meydan.tv\\\/az\\\/article\\\/jurnalist-nigar-mubarizin-olkeden-cixisina-qadaga-qoyulub\\\/\"},\"author\":{\"name\":\"elli\",\"@id\":\"https:\\\/\\\/www.meydan.tv\\\/az\\\/#\\\/schema\\\/person\\\/9cdbecf90d17180ce1dfbd95b08dcf47\"},\"headline\":\"Jurnalist Nigar M\u00fcbarizin \u00f6lk\u0259d\u0259n \u00e7\u0131x\u0131\u015f\u0131na qada\u011fa qoyulub\",\"datePublished\":\"2024-05-03T07:50:13+00:00\",\"dateModified\":\"2024-05-03T08:33:26+00:00\",\"mainEntityOfPage\":{\"@id\":\"https:\\\/\\\/www.meydan.tv\\\/az\\\/article\\\/jurnalist-nigar-mubarizin-olkeden-cixisina-qadaga-qoyulub\\\/\"},\"wordCount\":581,\"publisher\":{\"@id\":\"https:\\\/\\\/www.meydan.tv\\\/az\\\/#organization\"},\"image\":{\"@id\":\"https:\\\/\\\/www.meydan.tv\\\/az\\\/article\\\/jurnalist-nigar-mubarizin-olkeden-cixisina-qadaga-qoyulub\\\/#primaryimage\"},\"thumbnailUrl\":\"https:\\\/\\\/www.meydan.tv\\\/wp-content\\\/uploads\\\/shutterstock_320672735.jpg\",\"articleSection\":[\"Siyas\u0259t\",\"X\u0259b\u0259rl\u0259r\"],\"inLanguage\":\"az\"},{\"@type\":\"WebPage\",\"@id\":\"https:\\\/\\\/www.meydan.tv\\\/az\\\/article\\\/jurnalist-nigar-mubarizin-olkeden-cixisina-qadaga-qoyulub\\\/\",\"url\":\"https:\\\/\\\/www.meydan.tv\\\/az\\\/article\\\/jurnalist-nigar-mubarizin-olkeden-cixisina-qadaga-qoyulub\\\/\",\"name\":\"Jurnalist Nigar M\u00fcbarizin \u00f6lk\u0259d\u0259n \u00e7\u0131x\u0131\u015f\u0131na qada\u011fa qoyulub - MEYDAN.TV\",\"isPartOf\":{\"@id\":\"https:\\\/\\\/www.meydan.tv\\\/az\\\/#website\"},\"primaryImageOfPage\":{\"@id\":\"https:\\\/\\\/www.meydan.tv\\\/az\\\/article\\\/jurnalist-nigar-mubarizin-olkeden-cixisina-qadaga-qoyulub\\\/#primaryimage\"},\"image\":{\"@id\":\"https:\\\/\\\/www.meydan.tv\\\/az\\\/article\\\/jurnalist-nigar-mubarizin-olkeden-cixisina-qadaga-qoyulub\\\/#primaryimage\"},\"thumbnailUrl\":\"https:\\\/\\\/www.meydan.tv\\\/wp-content\\\/uploads\\\/shutterstock_320672735.jpg\",\"datePublished\":\"2024-05-03T07:50:13+00:00\",\"dateModified\":\"2024-05-03T08:33:26+00:00\",\"breadcrumb\":{\"@id\":\"https:\\\/\\\/www.meydan.tv\\\/az\\\/article\\\/jurnalist-nigar-mubarizin-olkeden-cixisina-qadaga-qoyulub\\\/#breadcrumb\"},\"inLanguage\":\"az\",\"potentialAction\":[{\"@type\":\"ReadAction\",\"target\":[\"https:\\\/\\\/www.meydan.tv\\\/az\\\/article\\\/jurnalist-nigar-mubarizin-olkeden-cixisina-qadaga-qoyulub\\\/\"]}]},{\"@type\":\"ImageObject\",\"inLanguage\":\"az\",\"@id\":\"https:\\\/\\\/www.meydan.tv\\\/az\\\/article\\\/jurnalist-nigar-mubarizin-olkeden-cixisina-qadaga-qoyulub\\\/#primaryimage\",\"url\":\"https:\\\/\\\/www.meydan.tv\\\/wp-content\\\/uploads\\\/shutterstock_320672735.jpg\",\"contentUrl\":\"https:\\\/\\\/www.meydan.tv\\\/wp-content\\\/uploads\\\/shutterstock_320672735.jpg\",\"width\":1200,\"height\":859,\"caption\":\"S\u0259rh\u0259d. Foto: Prazis Images\\\/shutterstock\"},{\"@type\":\"BreadcrumbList\",\"@id\":\"https:\\\/\\\/www.meydan.tv\\\/az\\\/article\\\/jurnalist-nigar-mubarizin-olkeden-cixisina-qadaga-qoyulub\\\/#breadcrumb\",\"itemListElement\":[{\"@type\":\"ListItem\",\"position\":1,\"name\":\"Ana s\u0259hif\u0259\",\"item\":\"https:\\\/\\\/www.meydan.tv\\\/az\\\/\"},{\"@type\":\"ListItem\",\"position\":2,\"name\":\"Siyas\u0259t\",\"item\":\"https:\\\/\\\/www.meydan.tv\\\/az\\\/section\\\/siyaset\\\/\"},{\"@type\":\"ListItem\",\"position\":3,\"name\":\"Jurnalist Nigar M\u00fcbarizin \u00f6lk\u0259d\u0259n \u00e7\u0131x\u0131\u015f\u0131na qada\u011fa qoyulub\"}]},{\"@type\":\"WebSite\",\"@id\":\"https:\\\/\\\/www.meydan.tv\\\/az\\\/#website\",\"url\":\"https:\\\/\\\/www.meydan.tv\\\/az\\\/\",\"name\":\"MEYDAN.TV\",\"description\":\"Meydan TV Az\u0259rbaycan\u0131n media m\u0259kan\u0131ndak\u0131 alternativ s\u0259sidir\",\"publisher\":{\"@id\":\"https:\\\/\\\/www.meydan.tv\\\/az\\\/#organization\"},\"potentialAction\":[{\"@type\":\"SearchAction\",\"target\":{\"@type\":\"EntryPoint\",\"urlTemplate\":\"https:\\\/\\\/www.meydan.tv\\\/az\\\/?s={search_term_string}\"},\"query-input\":{\"@type\":\"PropertyValueSpecification\",\"valueRequired\":true,\"valueName\":\"search_term_string\"}}],\"inLanguage\":\"az\"},{\"@type\":\"Organization\",\"@id\":\"https:\\\/\\\/www.meydan.tv\\\/az\\\/#organization\",\"name\":\"Meydan TV\",\"url\":\"https:\\\/\\\/www.meydan.tv\\\/az\\\/\",\"logo\":{\"@type\":\"ImageObject\",\"inLanguage\":\"az\",\"@id\":\"https:\\\/\\\/www.meydan.tv\\\/az\\\/#\\\/schema\\\/logo\\\/image\\\/\",\"url\":\"https:\\\/\\\/www.meydan.tv\\\/wp-content\\\/uploads\\\/2021\\\/07\\\/meydan-logo.svg\",\"contentUrl\":\"https:\\\/\\\/www.meydan.tv\\\/wp-content\\\/uploads\\\/2021\\\/07\\\/meydan-logo.svg\",\"width\":195,\"height\":46,\"caption\":\"Meydan TV\"},\"image\":{\"@id\":\"https:\\\/\\\/www.meydan.tv\\\/az\\\/#\\\/schema\\\/logo\\\/image\\\/\"}},{\"@type\":\"Person\",\"@id\":\"https:\\\/\\\/www.meydan.tv\\\/az\\\/#\\\/schema\\\/person\\\/9cdbecf90d17180ce1dfbd95b08dcf47\",\"name\":\"elli\",\"sameAs\":[\"https:\\\/\\\/x.com\\\/elli\"]}]}<\/script>\n<!-- \/ Yoast SEO plugin. -->","yoast_head_json":{"title":"Jurnalist Nigar M\u00fcbarizin \u00f6lk\u0259d\u0259n \u00e7\u0131x\u0131\u015f\u0131na qada\u011fa qoyulub - MEYDAN.TV","robots":{"index":"index","follow":"follow","max-snippet":"max-snippet:-1","max-image-preview":"max-image-preview:large","max-video-preview":"max-video-preview:-1"},"canonical":"https:\/\/www.meydan.tv\/az\/article\/jurnalist-nigar-mubarizin-olkeden-cixisina-qadaga-qoyulub\/","og_locale":"az_AZ","og_type":"article","og_title":"Jurnalist Nigar M\u00fcbarizin \u00f6lk\u0259d\u0259n \u00e7\u0131x\u0131\u015f\u0131na qada\u011fa qoyulub - MEYDAN.TV","og_description":"O, hava liman\u0131ndan geri qaytar\u0131l\u0131b Jurnalist Nigar M\u00fcbarizin \u00f6lk\u0259d\u0259n \u00e7\u0131x\u0131\u015f\u0131na ... Davam\u0131","og_url":"https:\/\/www.meydan.tv\/az\/article\/jurnalist-nigar-mubarizin-olkeden-cixisina-qadaga-qoyulub\/","og_site_name":"MEYDAN.TV","article_published_time":"2024-05-03T07:50:13+00:00","article_modified_time":"2024-05-03T08:33:26+00:00","og_image":[{"width":1200,"height":859,"url":"https:\/\/www.meydan.tv\/wp-content\/uploads\/shutterstock_320672735.jpg","type":"image\/jpeg"}],"author":"elli","twitter_card":"summary_large_image","twitter_creator":"@elli","schema":{"@context":"https:\/\/schema.org","@graph":[{"@type":"Article","@id":"https:\/\/www.meydan.tv\/az\/article\/jurnalist-nigar-mubarizin-olkeden-cixisina-qadaga-qoyulub\/#article","isPartOf":{"@id":"https:\/\/www.meydan.tv\/az\/article\/jurnalist-nigar-mubarizin-olkeden-cixisina-qadaga-qoyulub\/"},"author":{"name":"elli","@id":"https:\/\/www.meydan.tv\/az\/#\/schema\/person\/9cdbecf90d17180ce1dfbd95b08dcf47"},"headline":"Jurnalist Nigar M\u00fcbarizin \u00f6lk\u0259d\u0259n \u00e7\u0131x\u0131\u015f\u0131na qada\u011fa qoyulub","datePublished":"2024-05-03T07:50:13+00:00","dateModified":"2024-05-03T08:33:26+00:00","mainEntityOfPage":{"@id":"https:\/\/www.meydan.tv\/az\/article\/jurnalist-nigar-mubarizin-olkeden-cixisina-qadaga-qoyulub\/"},"wordCount":581,"publisher":{"@id":"https:\/\/www.meydan.tv\/az\/#organization"},"image":{"@id":"https:\/\/www.meydan.tv\/az\/article\/jurnalist-nigar-mubarizin-olkeden-cixisina-qadaga-qoyulub\/#primaryimage"},"thumbnailUrl":"https:\/\/www.meydan.tv\/wp-content\/uploads\/shutterstock_320672735.jpg","articleSection":["Siyas\u0259t","X\u0259b\u0259rl\u0259r"],"inLanguage":"az"},{"@type":"WebPage","@id":"https:\/\/www.meydan.tv\/az\/article\/jurnalist-nigar-mubarizin-olkeden-cixisina-qadaga-qoyulub\/","url":"https:\/\/www.meydan.tv\/az\/article\/jurnalist-nigar-mubarizin-olkeden-cixisina-qadaga-qoyulub\/","name":"Jurnalist Nigar M\u00fcbarizin \u00f6lk\u0259d\u0259n \u00e7\u0131x\u0131\u015f\u0131na qada\u011fa qoyulub - MEYDAN.TV","isPartOf":{"@id":"https:\/\/www.meydan.tv\/az\/#website"},"primaryImageOfPage":{"@id":"https:\/\/www.meydan.tv\/az\/article\/jurnalist-nigar-mubarizin-olkeden-cixisina-qadaga-qoyulub\/#primaryimage"},"image":{"@id":"https:\/\/www.meydan.tv\/az\/article\/jurnalist-nigar-mubarizin-olkeden-cixisina-qadaga-qoyulub\/#primaryimage"},"thumbnailUrl":"https:\/\/www.meydan.tv\/wp-content\/uploads\/shutterstock_320672735.jpg","datePublished":"2024-05-03T07:50:13+00:00","dateModified":"2024-05-03T08:33:26+00:00","breadcrumb":{"@id":"https:\/\/www.meydan.tv\/az\/article\/jurnalist-nigar-mubarizin-olkeden-cixisina-qadaga-qoyulub\/#breadcrumb"},"inLanguage":"az","potentialAction":[{"@type":"ReadAction","target":["https:\/\/www.meydan.tv\/az\/article\/jurnalist-nigar-mubarizin-olkeden-cixisina-qadaga-qoyulub\/"]}]},{"@type":"ImageObject","inLanguage":"az","@id":"https:\/\/www.meydan.tv\/az\/article\/jurnalist-nigar-mubarizin-olkeden-cixisina-qadaga-qoyulub\/#primaryimage","url":"https:\/\/www.meydan.tv\/wp-content\/uploads\/shutterstock_320672735.jpg","contentUrl":"https:\/\/www.meydan.tv\/wp-content\/uploads\/shutterstock_320672735.jpg","width":1200,"height":859,"caption":"S\u0259rh\u0259d. Foto: Prazis Images\/shutterstock"},{"@type":"BreadcrumbList","@id":"https:\/\/www.meydan.tv\/az\/article\/jurnalist-nigar-mubarizin-olkeden-cixisina-qadaga-qoyulub\/#breadcrumb","itemListElement":[{"@type":"ListItem","position":1,"name":"Ana s\u0259hif\u0259","item":"https:\/\/www.meydan.tv\/az\/"},{"@type":"ListItem","position":2,"name":"Siyas\u0259t","item":"https:\/\/www.meydan.tv\/az\/section\/siyaset\/"},{"@type":"ListItem","position":3,"name":"Jurnalist Nigar M\u00fcbarizin \u00f6lk\u0259d\u0259n \u00e7\u0131x\u0131\u015f\u0131na qada\u011fa qoyulub"}]},{"@type":"WebSite","@id":"https:\/\/www.meydan.tv\/az\/#website","url":"https:\/\/www.meydan.tv\/az\/","name":"MEYDAN.TV","description":"Meydan TV Az\u0259rbaycan\u0131n media m\u0259kan\u0131ndak\u0131 alternativ s\u0259sidir","publisher":{"@id":"https:\/\/www.meydan.tv\/az\/#organization"},"potentialAction":[{"@type":"SearchAction","target":{"@type":"EntryPoint","urlTemplate":"https:\/\/www.meydan.tv\/az\/?s={search_term_string}"},"query-input":{"@type":"PropertyValueSpecification","valueRequired":true,"valueName":"search_term_string"}}],"inLanguage":"az"},{"@type":"Organization","@id":"https:\/\/www.meydan.tv\/az\/#organization","name":"Meydan TV","url":"https:\/\/www.meydan.tv\/az\/","logo":{"@type":"ImageObject","inLanguage":"az","@id":"https:\/\/www.meydan.tv\/az\/#\/schema\/logo\/image\/","url":"https:\/\/www.meydan.tv\/wp-content\/uploads\/2021\/07\/meydan-logo.svg","contentUrl":"https:\/\/www.meydan.tv\/wp-content\/uploads\/2021\/07\/meydan-logo.svg","width":195,"height":46,"caption":"Meydan TV"},"image":{"@id":"https:\/\/www.meydan.tv\/az\/#\/schema\/logo\/image\/"}},{"@type":"Person","@id":"https:\/\/www.meydan.tv\/az\/#\/schema\/person\/9cdbecf90d17180ce1dfbd95b08dcf47","name":"elli","sameAs":["https:\/\/x.com\/elli"]}]}},"_links":{"self":[{"href":"https:\/\/www.meydan.tv\/az\/wp-json\/wp\/v2\/posts\/304959","targetHints":{"allow":["GET"]}}],"collection":[{"href":"https:\/\/www.meydan.tv\/az\/wp-json\/wp\/v2\/posts"}],"about":[{"href":"https:\/\/www.meydan.tv\/az\/wp-json\/wp\/v2\/types\/post"}],"author":[{"embeddable":true,"href":"https:\/\/www.meydan.tv\/az\/wp-json\/wp\/v2\/users\/8"}],"replies":[{"embeddable":true,"href":"https:\/\/www.meydan.tv\/az\/wp-json\/wp\/v2\/comments?post=304959"}],"version-history":[{"count":4,"href":"https:\/\/www.meydan.tv\/az\/wp-json\/wp\/v2\/posts\/304959\/revisions"}],"predecessor-version":[{"id":304972,"href":"https:\/\/www.meydan.tv\/az\/wp-json\/wp\/v2\/posts\/304959\/revisions\/304972"}],"wp:featuredmedia":[{"embeddable":true,"href":"https:\/\/www.meydan.tv\/az\/wp-json\/wp\/v2\/media\/298992"}],"wp:attachment":[{"href":"https:\/\/www.meydan.tv\/az\/wp-json\/wp\/v2\/media?parent=304959"}],"wp:term":[{"taxonomy":"category","embeddable":true,"href":"https:\/\/www.meydan.tv\/az\/wp-json\/wp\/v2\/categories?post=304959"},{"taxonomy":"post_tag","embeddable":true,"href":"https:\/\/www.meydan.tv\/az\/wp-json\/wp\/v2\/tags?post=304959"}],"curies":[{"name":"wp","href":"https:\/\/api.w.org\/{rel}","templated":true}]}}