{"id":304951,"date":"2024-05-02T23:23:53","date_gmt":"2024-05-02T19:23:53","guid":{"rendered":"https:\/\/www.meydan.tv\/?p=304951"},"modified":"2024-05-03T10:55:16","modified_gmt":"2024-05-03T06:55:16","slug":"bu-ilin-birinci-rubunde-azerbaycanda-otellerin-80-faizi-bos-qalib","status":"publish","type":"post","link":"https:\/\/www.meydan.tv\/az\/article\/bu-ilin-birinci-rubunde-azerbaycanda-otellerin-80-faizi-bos-qalib\/","title":{"rendered":"Bu ilin birinci r\u00fcb\u00fcnd\u0259 Az\u0259rbaycanda otell\u0259rin 80 faizi bo\u015f qal\u0131b"},"content":{"rendered":"\n<p><\/p>\n\n\n\n<p><strong><em>\u201cCOP29\u201d-a haz\u0131rla\u015fan \u00f6lk\u0259 n\u0259 q\u0259d\u0259r qonaq qar\u015f\u0131laya bil\u0259c\u0259k?<\/em><\/strong><\/p>\n\n\n\n<p>2024-c\u00fc ilin ilk \u00fc\u00e7 ay\u0131nda Az\u0259rbaycanda otell\u0259rd\u0259 gec\u0259l\u0259m\u0259 17,8 faiz olub. \u00d6lk\u0259d\u0259ki otell\u0259rin 80 faizi bo\u015f qal\u0131b.<\/p>\n\n\n\n<p>D\u00f6vl\u0259t Statistika Komit\u0259sinin (DSK) m\u0259lumat\u0131na g\u00f6r\u0259, r\u0259q\u0259m h\u0259l\u0259 \u00f6t\u0259n ilin eyni d\u00f6vr\u00fc il\u0259 m\u00fcqayis\u0259d\u0259 13.4 faiz art\u0131b.<\/p>\n\n\n\n<p>\u0130lin ilk \u00fc\u00e7 ay\u0131nda otell\u0259rd\u0259 ke\u00e7irilmi\u015f gec\u0259l\u0259m\u0259l\u0259rin say\u0131 2023-c\u00fc illin eyni d\u00f6vr\u00fc il\u0259 m\u00fcqayis\u0259d\u0259 41,9 faiz art\u0131b &#8211; 779,4 min olub.<\/p>\n\n\n\n<p>\u018fn \u00e7ox Bak\u0131 otell\u0259ri bron al\u0131b &#8211; 64,7 faiz. Qalan 9,3 faiz gec\u0259l\u0259m\u0259 Qusarda, 4 faiz Naftalanda, 3,9 faiz Qubada, 3,6 faiz \u015eabranda, 3 faiz Q\u0259b\u0259l\u0259d\u0259, 1,8 faiz L\u0259nk\u0259randa, 1,1 faiz G\u0259nc\u0259d\u0259, 1 faiz Nax\u00e7\u0131van Muxtar Respublikas\u0131nda v\u0259 7,6 faiz dig\u0259r \u015f\u0259h\u0259r v\u0259 rayonlardak\u0131 otell\u0259rd\u0259 olub.<\/p>\n\n\n<div class=\"wp-block-image\">\n<figure class=\"aligncenter size-full\"><img decoding=\"async\" width=\"1108\" height=\"480\" data-src=\"https:\/\/www.meydan.tv\/wp-content\/uploads\/684432_521812.jpg\" alt=\"D\u00f6vl\u0259t Statistika Komit\u0259si\" class=\"wp-image-123079 lazyload\" src=\"data:image\/svg+xml;base64,PHN2ZyB3aWR0aD0iMSIgaGVpZ2h0PSIxIiB4bWxucz0iaHR0cDovL3d3dy53My5vcmcvMjAwMC9zdmciPjwvc3ZnPg==\" style=\"--smush-placeholder-width: 1108px; --smush-placeholder-aspect-ratio: 1108\/480;\" \/><figcaption class=\"wp-element-caption\">Foto: Meydan TV<\/figcaption><\/figure>\n<\/div>\n\n\n<p>Turistl\u0259r d\u0259 daha \u00e7ox Bak\u0131 \u015f\u0259h\u0259rind\u0259 qalma\u011fa \u00fcst\u00fcnl\u00fck veribl\u0259r. T\u0259xmin\u0259n 80 faizi.<br>S\u0259yah\u0259t\u00e7i bloger Az\u0259r \u0130smay\u0131l deyir ki, turistl\u0259rin daha \u00e7ox Bak\u0131ya g\u0259lm\u0259l\u0259rinin s\u0259b\u0259bi \u015f\u0259h\u0259rin c\u0259lbediciliyidir. Deyir, Az\u0259rbaycan b\u00f6y\u00fck \u00f6lk\u0259 deyil, \u0259n \u00e7ox tan\u0131nan v\u0259 b\u00f6y\u00fck \u015f\u0259h\u0259ri Bak\u0131d\u0131r. H\u0259m\u00e7inin Bak\u0131da turistl\u0259r \u00fc\u00e7\u00fcn h\u0259r \u015f\u0259rait var:<\/p>\n\n\n\n<p><em>\u201cB\u00fct\u00fcn n\u00f6v \u0259yl\u0259nc\u0259l\u0259r, k\u00f6hn\u0259 \u015f\u0259h\u0259r, \u015f\u0259h\u0259rin m\u00fcasir hiss\u0259si, b\u00f6y\u00fck bazarlar, kafe-restoranlar, m\u00fcxt\u0259lif qiym\u0259tl\u0259r\u0259 otell\u0259r, hostell\u0259r, \u201cAirbnb\u201d, \u201cBooking\u201d v\u0259 s. Turistl\u0259rin regionlardan \u00e7ox Bak\u0131n\u0131 se\u00e7m\u0259l\u0259ri normald\u0131r. \u00dcst\u0259lik, regionlarda turistl\u0259rin gec\u0259l\u0259y\u0259 bil\u0259c\u0259yi keyfiyy\u0259tli otell\u0259rin say\u0131 da azd\u0131r\u201d.<\/em><\/p>\n\n\n\n<p>Bloger b\u00f6lg\u0259l\u0259rd\u0259ki b\u0259zi otell\u0259rin baha xidm\u0259t verm\u0259sind\u0259n d\u0259 dan\u0131\u015f\u0131b. Deyir, pe\u015f\u0259kar insanlar\u0131n idar\u0259 etdiyi otell\u0259rd\u0259, i\u015f\u00e7il\u0259r t\u0259cr\u00fcb\u0259li, pe\u015f\u0259kar olduqlar\u0131ndan y\u00fcks\u0259k \u0259m\u0259k haqq\u0131 al\u0131rlar. Odur ki, qiym\u0259tl\u0259r baha olur.<\/p>\n\n\n<div class=\"wp-block-image\">\n<figure class=\"alignright size-full is-resized\"><img decoding=\"async\" width=\"726\" height=\"574\" data-src=\"https:\/\/www.meydan.tv\/wp-content\/uploads\/647953_07.jpg\" alt=\"Az\u0259r \u0130smay\u0131l\" class=\"wp-image-161391 lazyload\" style=\"--smush-placeholder-width: 726px; --smush-placeholder-aspect-ratio: 726\/574;width:346px;height:auto\" src=\"data:image\/svg+xml;base64,PHN2ZyB3aWR0aD0iMSIgaGVpZ2h0PSIxIiB4bWxucz0iaHR0cDovL3d3dy53My5vcmcvMjAwMC9zdmciPjwvc3ZnPg==\" \/><figcaption class=\"wp-element-caption\">Foto: Az\u0259r \u0130smay\u0131l\u0131n \u015f\u0259xsi arxivind\u0259n<\/figcaption><\/figure>\n<\/div>\n\n\n<p>M\u00fcst\u0259qil ekspertl\u0259r d\u00fc\u015f\u00fcn\u00fcr ki, Az\u0259rbaycan bu il ev sahibliyi ed\u0259c\u0259yi \u201cCOP29\u201d iqlim d\u0259yi\u015fikliyi konfrans\u0131na otel, gec\u0259l\u0259m\u0259y\u0259 yer bax\u0131m\u0131ndan haz\u0131r deyil.<\/p>\n\n\n\n<p>Az\u0259r \u0130smay\u0131l is\u0259 bildirir ki, bundan \u0259vv\u0259l Dubayda ke\u00e7irilmi\u015f \u201cCOP28\u201d qonaqlara gec\u0259l\u0259m\u0259l\u0259ri \u00fc\u00e7\u00fcn y\u00fcks\u0259k s\u0259viyy\u0259d\u0259 otell\u0259r t\u0259klif edilib. Onun s\u00f6zl\u0259rin\u0259 g\u00f6r\u0259, Az\u0259rbaycanda v\u0259ziyy\u0259td\u0259n ayd\u0131nd\u0131r ki, el\u0259 y\u00fcks\u0259k s\u0259viyy\u0259d\u0259 qar\u015f\u0131lama olmayacaq:<\/p>\n\n\n\n<p><em>\u201cDubaydak\u0131 konfransda h\u0259tta \u015fahzad\u0259 \u00c7arlz nitq s\u00f6yl\u0259mi\u015fdi. \u0130\u015ftirak\u00e7\u0131 say\u0131 80 min olmu\u015fdu. T\u0259bii ki, Bak\u0131da bu q\u0259d\u0259r adam olmayacaq. \u00c7\u00fcnki \u015f\u0259h\u0259rd\u0259 qalmaq \u00fc\u00e7\u00fcn o q\u0259d\u0259r yer yoxdur. Noyabr\u0131n statistikas\u0131na g\u00f6r\u0259, \u00fcmumi Az\u0259rbaycanda \u00e7arpay\u0131 say\u0131 60 min idi. Dey\u0259k ki, bir az art\u0131m olub, bu da etsin \u2013 65 min. He\u00e7 n\u0259dir, azd\u0131r. Dubayda t\u0259kc\u0259, 203 min otaq var, \u00e7arpay\u0131 say\u0131n\u0131 demir\u0259m\u201d.<\/em><\/p>\n\n\n\n<p>Az\u0259r \u0130smay\u0131l d\u00fc\u015f\u00fcn\u00fcr ki, Bak\u0131da ke\u00e7iril\u0259c\u0259k konfransa \u00e7ox adam g\u0259lm\u0259y\u0259c\u0259k. Odur ki, otel q\u0131tl\u0131\u011f\u0131 olmayacaq.<\/p>\n\n\n\n<p>Otel qiym\u0259tl\u0259rin\u0259 g\u0259linc\u0259, Az\u0259r ismay\u0131l d\u00fc\u015f\u00fcn\u00fcr ki, bu, bazar t\u0259r\u0259find\u0259n t\u0259nziml\u0259nm\u0259lidir, m\u00fcdaxil\u0259 edil\u0259 bilm\u0259z.<\/p>\n\n\n\n<p>\u0130qtisad\u00e7\u0131, deputat V\u00fcqar Bayramov da deyir ki, Az\u0259rbaycana g\u0259l\u0259n turistl\u0259rin 80 faizi Bak\u0131n\u0131 se\u00e7ir. Bu, o dem\u0259kdir ki, \u00f6lk\u0259y\u0259 g\u0259l\u0259n h\u0259r 10 turistd\u0259n c\u0259mi 2-si Bak\u0131dan k\u0259nara, rayonlara gedir:<\/p>\n\n\n<div class=\"wp-block-image\">\n<figure class=\"alignleft size-full is-resized\"><img decoding=\"async\" width=\"600\" height=\"400\" data-src=\"https:\/\/www.meydan.tv\/wp-content\/uploads\/42732.jpg\" alt=\"V\u00fcqar Bayramov\" class=\"wp-image-107601 lazyload\" style=\"--smush-placeholder-width: 600px; --smush-placeholder-aspect-ratio: 600\/400;width:361px;height:auto\" src=\"data:image\/svg+xml;base64,PHN2ZyB3aWR0aD0iMSIgaGVpZ2h0PSIxIiB4bWxucz0iaHR0cDovL3d3dy53My5vcmcvMjAwMC9zdmciPjwvc3ZnPg==\" \/><figcaption class=\"wp-element-caption\">M\u0259nb\u0259: Meydan TV<\/figcaption><\/figure>\n<\/div>\n\n\n<p><em>\u201cB\u00f6lg\u0259l\u0259r xarici turist c\u0259lb etm\u0259kd\u0259 paytaxt hotell\u0259rin\u0259 yen\u0259 d\u0259 uduzurlar. Paytaxt\u0131n infrastrukturunu n\u0259z\u0259r\u0259 ald\u0131qda, bu, normal qar\u015f\u0131lana bils\u0259 d\u0259, regional gec\u0259l\u0259m\u0259 say\u0131nda f\u0259rqin b\u00f6y\u00fck olmas\u0131 diqq\u0259ti \u00e7\u0259kir. T\u0259\u0259ss\u00fcf ki, h\u0259l\u0259 d\u0259 b\u00f6lg\u0259l\u0259r turizm potensial\u0131n\u0131 tam t\u0259qdim ed\u0259 bilmirl\u0259r v\u0259 da xarici turist c\u0259lbind\u0259 \u00e7\u0259tinlik yarad\u0131r. Dig\u0259r t\u0259r\u0259fd\u0259n, \u0259ks\u0259r rayonlarda turizm xidm\u0259tl\u0259rinin qiym\u0259ti y\u00fcks\u0259k, keyfiyy\u0259t is\u0259 h\u0259l\u0259 d\u0259 standartlardan geri qal\u0131r\u201d.<\/em><\/p>\n\n\n\n<p>Az\u0259rbaycana son ill\u0259r az turist g\u0259lm\u0259sinin bir s\u0259b\u0259bi d\u0259 \u00f6lk\u0259 s\u0259rh\u0259dl\u0259rinin 4 ild\u0259n art\u0131qd\u0131r qapal\u0131 olmas\u0131d\u0131r. M\u00fcst\u0259qil ekspertl\u0259r daim a\u00e7\u0131qlamalar\u0131nda h\u00f6kum\u0259t turizmin inki\u015faf\u0131n\u0131 ist\u0259yirs\u0259, bu sah\u0259d\u0259n g\u0259lir g\u00f6t\u00fcrm\u0259yi planlay\u0131rsa, \u0259vv\u0259lc\u0259 quru s\u0259rh\u0259dl\u0259rini a\u00e7\u0131mal\u0131d\u0131r deyirl\u0259r.<\/p>\n\n\n\n<p>Az\u0259rbaycanda son zamanlara q\u0259d\u0259r quru s\u0259rh\u0259dl\u0259rin qapal\u0131 qalmas\u0131 COV\u0130D19 pandemiyas\u0131 il\u0259 \u0259laq\u0259l\u0259ndirilirdi.<\/p>\n\n\n\n<p>Aprelin 24-d\u0259 Az\u0259rbaycan Prezidenti \u0130lham \u018fliyev a\u00e7\u0131qlama ver\u0259r\u0259k bildirib ki, quru s\u0259rh\u0259dl\u0259rin m\u00fc\u0259yy\u0259n d\u00f6vrd\u0259 ba\u011fl\u0131 qalmas\u0131ndan sonra \u00f6lk\u0259d\u0259 t\u0259hl\u00fck\u0259sizlik g\u00fccl\u0259nib:<\/p>\n\n\n\n<p><em>\u201c\u018fvv\u0259lki vaxtlarda bir \u00e7ox hallar m\u00fc\u015fahid\u0259 olunub. Onlar\u0131n b\u0259zil\u0259ri ictimaiyy\u0259t\u0259 a\u00e7\u0131qlan\u0131b, b\u0259zil\u0259ri is\u0259 a\u00e7\u0131qlanmay\u0131b\u201d.<\/em><\/p>\n","protected":false},"excerpt":{"rendered":"<p>\u201cCOP29\u201d-a haz\u0131rla\u015fan \u00f6lk\u0259 n\u0259 q\u0259d\u0259r qonaq qar\u015f\u0131laya bil\u0259c\u0259k? 2024-c\u00fc ilin &#8230; <\/p>\n<p class=\"read-more-container\"><a title=\"Bu ilin birinci r\u00fcb\u00fcnd\u0259 Az\u0259rbaycanda otell\u0259rin 80 faizi bo\u015f qal\u0131b\" class=\"read-more button\" href=\"https:\/\/www.meydan.tv\/az\/article\/bu-ilin-birinci-rubunde-azerbaycanda-otellerin-80-faizi-bos-qalib\/#more-304951\" aria-label=\"Read more about Bu ilin birinci r\u00fcb\u00fcnd\u0259 Az\u0259rbaycanda otell\u0259rin 80 faizi bo\u015f qal\u0131b\">Davam\u0131<\/a><\/p>\n","protected":false},"author":8,"featured_media":282970,"comment_status":"closed","ping_status":"closed","sticky":false,"template":"","format":"standard","meta":{"_acf_changed":false,"_sitemap_exclude":false,"_sitemap_priority":"","_sitemap_frequency":"","footnotes":""},"categories":[53,79,56],"tags":[],"class_list":["post-304951","post","type-post","status-publish","format-standard","has-post-thumbnail","hentry","category-iqtisadiyyat","category-featured","category-xeberler","infinite-scroll-item","generate-columns","tablet-grid-50","mobile-grid-100","grid-parent","grid-33","no-featured-image-padding"],"acf":[],"yoast_head":"<!-- This site is optimized with the Yoast SEO plugin v27.4 - https:\/\/yoast.com\/product\/yoast-seo-wordpress\/ -->\n<title>Bu ilin birinci r\u00fcb\u00fcnd\u0259 Az\u0259rbaycanda otell\u0259rin 80 faizi bo\u015f qal\u0131b - MEYDAN.TV<\/title>\n<meta name=\"robots\" content=\"index, follow, max-snippet:-1, max-image-preview:large, max-video-preview:-1\" \/>\n<link rel=\"canonical\" href=\"https:\/\/www.meydan.tv\/az\/article\/bu-ilin-birinci-rubunde-azerbaycanda-otellerin-80-faizi-bos-qalib\/\" \/>\n<meta property=\"og:locale\" content=\"az_AZ\" \/>\n<meta property=\"og:type\" content=\"article\" \/>\n<meta property=\"og:title\" content=\"Bu ilin birinci r\u00fcb\u00fcnd\u0259 Az\u0259rbaycanda otell\u0259rin 80 faizi bo\u015f qal\u0131b - MEYDAN.TV\" \/>\n<meta property=\"og:description\" content=\"\u201cCOP29\u201d-a haz\u0131rla\u015fan \u00f6lk\u0259 n\u0259 q\u0259d\u0259r qonaq qar\u015f\u0131laya bil\u0259c\u0259k? 2024-c\u00fc ilin ... Davam\u0131\" \/>\n<meta property=\"og:url\" content=\"https:\/\/www.meydan.tv\/az\/article\/bu-ilin-birinci-rubunde-azerbaycanda-otellerin-80-faizi-bos-qalib\/\" \/>\n<meta property=\"og:site_name\" content=\"MEYDAN.TV\" \/>\n<meta property=\"article:published_time\" content=\"2024-05-02T19:23:53+00:00\" \/>\n<meta property=\"article:modified_time\" content=\"2024-05-03T06:55:16+00:00\" \/>\n<meta property=\"og:image\" content=\"https:\/\/www.meydan.tv\/wp-content\/uploads\/shutterstock_2338501071.jpg\" \/>\n\t<meta property=\"og:image:width\" content=\"1200\" \/>\n\t<meta property=\"og:image:height\" content=\"800\" \/>\n\t<meta property=\"og:image:type\" content=\"image\/jpeg\" \/>\n<meta name=\"author\" content=\"elli\" \/>\n<meta name=\"twitter:card\" content=\"summary_large_image\" \/>\n<meta name=\"twitter:creator\" content=\"@elli\" \/>\n<script type=\"application\/ld+json\" class=\"yoast-schema-graph\">{\"@context\":\"https:\\\/\\\/schema.org\",\"@graph\":[{\"@type\":\"Article\",\"@id\":\"https:\\\/\\\/www.meydan.tv\\\/az\\\/article\\\/bu-ilin-birinci-rubunde-azerbaycanda-otellerin-80-faizi-bos-qalib\\\/#article\",\"isPartOf\":{\"@id\":\"https:\\\/\\\/www.meydan.tv\\\/az\\\/article\\\/bu-ilin-birinci-rubunde-azerbaycanda-otellerin-80-faizi-bos-qalib\\\/\"},\"author\":{\"name\":\"elli\",\"@id\":\"https:\\\/\\\/www.meydan.tv\\\/az\\\/#\\\/schema\\\/person\\\/9cdbecf90d17180ce1dfbd95b08dcf47\"},\"headline\":\"Bu ilin birinci r\u00fcb\u00fcnd\u0259 Az\u0259rbaycanda otell\u0259rin 80 faizi bo\u015f qal\u0131b\",\"datePublished\":\"2024-05-02T19:23:53+00:00\",\"dateModified\":\"2024-05-03T06:55:16+00:00\",\"mainEntityOfPage\":{\"@id\":\"https:\\\/\\\/www.meydan.tv\\\/az\\\/article\\\/bu-ilin-birinci-rubunde-azerbaycanda-otellerin-80-faizi-bos-qalib\\\/\"},\"wordCount\":916,\"publisher\":{\"@id\":\"https:\\\/\\\/www.meydan.tv\\\/az\\\/#organization\"},\"image\":{\"@id\":\"https:\\\/\\\/www.meydan.tv\\\/az\\\/article\\\/bu-ilin-birinci-rubunde-azerbaycanda-otellerin-80-faizi-bos-qalib\\\/#primaryimage\"},\"thumbnailUrl\":\"https:\\\/\\\/www.meydan.tv\\\/wp-content\\\/uploads\\\/shutterstock_2338501071.jpg\",\"articleSection\":[\"\u0130qtisadiyyat\",\"T\u00f6vsiy\u0259\",\"X\u0259b\u0259rl\u0259r\"],\"inLanguage\":\"az\"},{\"@type\":\"WebPage\",\"@id\":\"https:\\\/\\\/www.meydan.tv\\\/az\\\/article\\\/bu-ilin-birinci-rubunde-azerbaycanda-otellerin-80-faizi-bos-qalib\\\/\",\"url\":\"https:\\\/\\\/www.meydan.tv\\\/az\\\/article\\\/bu-ilin-birinci-rubunde-azerbaycanda-otellerin-80-faizi-bos-qalib\\\/\",\"name\":\"Bu ilin birinci r\u00fcb\u00fcnd\u0259 Az\u0259rbaycanda otell\u0259rin 80 faizi bo\u015f qal\u0131b - MEYDAN.TV\",\"isPartOf\":{\"@id\":\"https:\\\/\\\/www.meydan.tv\\\/az\\\/#website\"},\"primaryImageOfPage\":{\"@id\":\"https:\\\/\\\/www.meydan.tv\\\/az\\\/article\\\/bu-ilin-birinci-rubunde-azerbaycanda-otellerin-80-faizi-bos-qalib\\\/#primaryimage\"},\"image\":{\"@id\":\"https:\\\/\\\/www.meydan.tv\\\/az\\\/article\\\/bu-ilin-birinci-rubunde-azerbaycanda-otellerin-80-faizi-bos-qalib\\\/#primaryimage\"},\"thumbnailUrl\":\"https:\\\/\\\/www.meydan.tv\\\/wp-content\\\/uploads\\\/shutterstock_2338501071.jpg\",\"datePublished\":\"2024-05-02T19:23:53+00:00\",\"dateModified\":\"2024-05-03T06:55:16+00:00\",\"breadcrumb\":{\"@id\":\"https:\\\/\\\/www.meydan.tv\\\/az\\\/article\\\/bu-ilin-birinci-rubunde-azerbaycanda-otellerin-80-faizi-bos-qalib\\\/#breadcrumb\"},\"inLanguage\":\"az\",\"potentialAction\":[{\"@type\":\"ReadAction\",\"target\":[\"https:\\\/\\\/www.meydan.tv\\\/az\\\/article\\\/bu-ilin-birinci-rubunde-azerbaycanda-otellerin-80-faizi-bos-qalib\\\/\"]}]},{\"@type\":\"ImageObject\",\"inLanguage\":\"az\",\"@id\":\"https:\\\/\\\/www.meydan.tv\\\/az\\\/article\\\/bu-ilin-birinci-rubunde-azerbaycanda-otellerin-80-faizi-bos-qalib\\\/#primaryimage\",\"url\":\"https:\\\/\\\/www.meydan.tv\\\/wp-content\\\/uploads\\\/shutterstock_2338501071.jpg\",\"contentUrl\":\"https:\\\/\\\/www.meydan.tv\\\/wp-content\\\/uploads\\\/shutterstock_2338501071.jpg\",\"width\":1200,\"height\":800,\"caption\":\"Bak\u0131. Foto: arda savasciogullari\\\/shutterstock\"},{\"@type\":\"BreadcrumbList\",\"@id\":\"https:\\\/\\\/www.meydan.tv\\\/az\\\/article\\\/bu-ilin-birinci-rubunde-azerbaycanda-otellerin-80-faizi-bos-qalib\\\/#breadcrumb\",\"itemListElement\":[{\"@type\":\"ListItem\",\"position\":1,\"name\":\"Ana s\u0259hif\u0259\",\"item\":\"https:\\\/\\\/www.meydan.tv\\\/az\\\/\"},{\"@type\":\"ListItem\",\"position\":2,\"name\":\"\u0130qtisadiyyat\",\"item\":\"https:\\\/\\\/www.meydan.tv\\\/az\\\/section\\\/iqtisadiyyat\\\/\"},{\"@type\":\"ListItem\",\"position\":3,\"name\":\"Bu ilin birinci r\u00fcb\u00fcnd\u0259 Az\u0259rbaycanda otell\u0259rin 80 faizi bo\u015f qal\u0131b\"}]},{\"@type\":\"WebSite\",\"@id\":\"https:\\\/\\\/www.meydan.tv\\\/az\\\/#website\",\"url\":\"https:\\\/\\\/www.meydan.tv\\\/az\\\/\",\"name\":\"MEYDAN.TV\",\"description\":\"Meydan TV Az\u0259rbaycan\u0131n media m\u0259kan\u0131ndak\u0131 alternativ s\u0259sidir\",\"publisher\":{\"@id\":\"https:\\\/\\\/www.meydan.tv\\\/az\\\/#organization\"},\"potentialAction\":[{\"@type\":\"SearchAction\",\"target\":{\"@type\":\"EntryPoint\",\"urlTemplate\":\"https:\\\/\\\/www.meydan.tv\\\/az\\\/?s={search_term_string}\"},\"query-input\":{\"@type\":\"PropertyValueSpecification\",\"valueRequired\":true,\"valueName\":\"search_term_string\"}}],\"inLanguage\":\"az\"},{\"@type\":\"Organization\",\"@id\":\"https:\\\/\\\/www.meydan.tv\\\/az\\\/#organization\",\"name\":\"Meydan TV\",\"url\":\"https:\\\/\\\/www.meydan.tv\\\/az\\\/\",\"logo\":{\"@type\":\"ImageObject\",\"inLanguage\":\"az\",\"@id\":\"https:\\\/\\\/www.meydan.tv\\\/az\\\/#\\\/schema\\\/logo\\\/image\\\/\",\"url\":\"https:\\\/\\\/www.meydan.tv\\\/wp-content\\\/uploads\\\/2021\\\/07\\\/meydan-logo.svg\",\"contentUrl\":\"https:\\\/\\\/www.meydan.tv\\\/wp-content\\\/uploads\\\/2021\\\/07\\\/meydan-logo.svg\",\"width\":195,\"height\":46,\"caption\":\"Meydan TV\"},\"image\":{\"@id\":\"https:\\\/\\\/www.meydan.tv\\\/az\\\/#\\\/schema\\\/logo\\\/image\\\/\"}},{\"@type\":\"Person\",\"@id\":\"https:\\\/\\\/www.meydan.tv\\\/az\\\/#\\\/schema\\\/person\\\/9cdbecf90d17180ce1dfbd95b08dcf47\",\"name\":\"elli\",\"sameAs\":[\"https:\\\/\\\/x.com\\\/elli\"]}]}<\/script>\n<!-- \/ Yoast SEO plugin. -->","yoast_head_json":{"title":"Bu ilin birinci r\u00fcb\u00fcnd\u0259 Az\u0259rbaycanda otell\u0259rin 80 faizi bo\u015f qal\u0131b - MEYDAN.TV","robots":{"index":"index","follow":"follow","max-snippet":"max-snippet:-1","max-image-preview":"max-image-preview:large","max-video-preview":"max-video-preview:-1"},"canonical":"https:\/\/www.meydan.tv\/az\/article\/bu-ilin-birinci-rubunde-azerbaycanda-otellerin-80-faizi-bos-qalib\/","og_locale":"az_AZ","og_type":"article","og_title":"Bu ilin birinci r\u00fcb\u00fcnd\u0259 Az\u0259rbaycanda otell\u0259rin 80 faizi bo\u015f qal\u0131b - MEYDAN.TV","og_description":"\u201cCOP29\u201d-a haz\u0131rla\u015fan \u00f6lk\u0259 n\u0259 q\u0259d\u0259r qonaq qar\u015f\u0131laya bil\u0259c\u0259k? 2024-c\u00fc ilin ... Davam\u0131","og_url":"https:\/\/www.meydan.tv\/az\/article\/bu-ilin-birinci-rubunde-azerbaycanda-otellerin-80-faizi-bos-qalib\/","og_site_name":"MEYDAN.TV","article_published_time":"2024-05-02T19:23:53+00:00","article_modified_time":"2024-05-03T06:55:16+00:00","og_image":[{"width":1200,"height":800,"url":"https:\/\/www.meydan.tv\/wp-content\/uploads\/shutterstock_2338501071.jpg","type":"image\/jpeg"}],"author":"elli","twitter_card":"summary_large_image","twitter_creator":"@elli","schema":{"@context":"https:\/\/schema.org","@graph":[{"@type":"Article","@id":"https:\/\/www.meydan.tv\/az\/article\/bu-ilin-birinci-rubunde-azerbaycanda-otellerin-80-faizi-bos-qalib\/#article","isPartOf":{"@id":"https:\/\/www.meydan.tv\/az\/article\/bu-ilin-birinci-rubunde-azerbaycanda-otellerin-80-faizi-bos-qalib\/"},"author":{"name":"elli","@id":"https:\/\/www.meydan.tv\/az\/#\/schema\/person\/9cdbecf90d17180ce1dfbd95b08dcf47"},"headline":"Bu ilin birinci r\u00fcb\u00fcnd\u0259 Az\u0259rbaycanda otell\u0259rin 80 faizi bo\u015f qal\u0131b","datePublished":"2024-05-02T19:23:53+00:00","dateModified":"2024-05-03T06:55:16+00:00","mainEntityOfPage":{"@id":"https:\/\/www.meydan.tv\/az\/article\/bu-ilin-birinci-rubunde-azerbaycanda-otellerin-80-faizi-bos-qalib\/"},"wordCount":916,"publisher":{"@id":"https:\/\/www.meydan.tv\/az\/#organization"},"image":{"@id":"https:\/\/www.meydan.tv\/az\/article\/bu-ilin-birinci-rubunde-azerbaycanda-otellerin-80-faizi-bos-qalib\/#primaryimage"},"thumbnailUrl":"https:\/\/www.meydan.tv\/wp-content\/uploads\/shutterstock_2338501071.jpg","articleSection":["\u0130qtisadiyyat","T\u00f6vsiy\u0259","X\u0259b\u0259rl\u0259r"],"inLanguage":"az"},{"@type":"WebPage","@id":"https:\/\/www.meydan.tv\/az\/article\/bu-ilin-birinci-rubunde-azerbaycanda-otellerin-80-faizi-bos-qalib\/","url":"https:\/\/www.meydan.tv\/az\/article\/bu-ilin-birinci-rubunde-azerbaycanda-otellerin-80-faizi-bos-qalib\/","name":"Bu ilin birinci r\u00fcb\u00fcnd\u0259 Az\u0259rbaycanda otell\u0259rin 80 faizi bo\u015f qal\u0131b - MEYDAN.TV","isPartOf":{"@id":"https:\/\/www.meydan.tv\/az\/#website"},"primaryImageOfPage":{"@id":"https:\/\/www.meydan.tv\/az\/article\/bu-ilin-birinci-rubunde-azerbaycanda-otellerin-80-faizi-bos-qalib\/#primaryimage"},"image":{"@id":"https:\/\/www.meydan.tv\/az\/article\/bu-ilin-birinci-rubunde-azerbaycanda-otellerin-80-faizi-bos-qalib\/#primaryimage"},"thumbnailUrl":"https:\/\/www.meydan.tv\/wp-content\/uploads\/shutterstock_2338501071.jpg","datePublished":"2024-05-02T19:23:53+00:00","dateModified":"2024-05-03T06:55:16+00:00","breadcrumb":{"@id":"https:\/\/www.meydan.tv\/az\/article\/bu-ilin-birinci-rubunde-azerbaycanda-otellerin-80-faizi-bos-qalib\/#breadcrumb"},"inLanguage":"az","potentialAction":[{"@type":"ReadAction","target":["https:\/\/www.meydan.tv\/az\/article\/bu-ilin-birinci-rubunde-azerbaycanda-otellerin-80-faizi-bos-qalib\/"]}]},{"@type":"ImageObject","inLanguage":"az","@id":"https:\/\/www.meydan.tv\/az\/article\/bu-ilin-birinci-rubunde-azerbaycanda-otellerin-80-faizi-bos-qalib\/#primaryimage","url":"https:\/\/www.meydan.tv\/wp-content\/uploads\/shutterstock_2338501071.jpg","contentUrl":"https:\/\/www.meydan.tv\/wp-content\/uploads\/shutterstock_2338501071.jpg","width":1200,"height":800,"caption":"Bak\u0131. Foto: arda savasciogullari\/shutterstock"},{"@type":"BreadcrumbList","@id":"https:\/\/www.meydan.tv\/az\/article\/bu-ilin-birinci-rubunde-azerbaycanda-otellerin-80-faizi-bos-qalib\/#breadcrumb","itemListElement":[{"@type":"ListItem","position":1,"name":"Ana s\u0259hif\u0259","item":"https:\/\/www.meydan.tv\/az\/"},{"@type":"ListItem","position":2,"name":"\u0130qtisadiyyat","item":"https:\/\/www.meydan.tv\/az\/section\/iqtisadiyyat\/"},{"@type":"ListItem","position":3,"name":"Bu ilin birinci r\u00fcb\u00fcnd\u0259 Az\u0259rbaycanda otell\u0259rin 80 faizi bo\u015f qal\u0131b"}]},{"@type":"WebSite","@id":"https:\/\/www.meydan.tv\/az\/#website","url":"https:\/\/www.meydan.tv\/az\/","name":"MEYDAN.TV","description":"Meydan TV Az\u0259rbaycan\u0131n media m\u0259kan\u0131ndak\u0131 alternativ s\u0259sidir","publisher":{"@id":"https:\/\/www.meydan.tv\/az\/#organization"},"potentialAction":[{"@type":"SearchAction","target":{"@type":"EntryPoint","urlTemplate":"https:\/\/www.meydan.tv\/az\/?s={search_term_string}"},"query-input":{"@type":"PropertyValueSpecification","valueRequired":true,"valueName":"search_term_string"}}],"inLanguage":"az"},{"@type":"Organization","@id":"https:\/\/www.meydan.tv\/az\/#organization","name":"Meydan TV","url":"https:\/\/www.meydan.tv\/az\/","logo":{"@type":"ImageObject","inLanguage":"az","@id":"https:\/\/www.meydan.tv\/az\/#\/schema\/logo\/image\/","url":"https:\/\/www.meydan.tv\/wp-content\/uploads\/2021\/07\/meydan-logo.svg","contentUrl":"https:\/\/www.meydan.tv\/wp-content\/uploads\/2021\/07\/meydan-logo.svg","width":195,"height":46,"caption":"Meydan TV"},"image":{"@id":"https:\/\/www.meydan.tv\/az\/#\/schema\/logo\/image\/"}},{"@type":"Person","@id":"https:\/\/www.meydan.tv\/az\/#\/schema\/person\/9cdbecf90d17180ce1dfbd95b08dcf47","name":"elli","sameAs":["https:\/\/x.com\/elli"]}]}},"_links":{"self":[{"href":"https:\/\/www.meydan.tv\/az\/wp-json\/wp\/v2\/posts\/304951","targetHints":{"allow":["GET"]}}],"collection":[{"href":"https:\/\/www.meydan.tv\/az\/wp-json\/wp\/v2\/posts"}],"about":[{"href":"https:\/\/www.meydan.tv\/az\/wp-json\/wp\/v2\/types\/post"}],"author":[{"embeddable":true,"href":"https:\/\/www.meydan.tv\/az\/wp-json\/wp\/v2\/users\/8"}],"replies":[{"embeddable":true,"href":"https:\/\/www.meydan.tv\/az\/wp-json\/wp\/v2\/comments?post=304951"}],"version-history":[{"count":3,"href":"https:\/\/www.meydan.tv\/az\/wp-json\/wp\/v2\/posts\/304951\/revisions"}],"predecessor-version":[{"id":304957,"href":"https:\/\/www.meydan.tv\/az\/wp-json\/wp\/v2\/posts\/304951\/revisions\/304957"}],"wp:featuredmedia":[{"embeddable":true,"href":"https:\/\/www.meydan.tv\/az\/wp-json\/wp\/v2\/media\/282970"}],"wp:attachment":[{"href":"https:\/\/www.meydan.tv\/az\/wp-json\/wp\/v2\/media?parent=304951"}],"wp:term":[{"taxonomy":"category","embeddable":true,"href":"https:\/\/www.meydan.tv\/az\/wp-json\/wp\/v2\/categories?post=304951"},{"taxonomy":"post_tag","embeddable":true,"href":"https:\/\/www.meydan.tv\/az\/wp-json\/wp\/v2\/tags?post=304951"}],"curies":[{"name":"wp","href":"https:\/\/api.w.org\/{rel}","templated":true}]}}