{"id":304908,"date":"2024-05-02T17:22:42","date_gmt":"2024-05-02T13:22:42","guid":{"rendered":"https:\/\/www.meydan.tv\/?p=304908"},"modified":"2024-05-02T18:55:16","modified_gmt":"2024-05-02T14:55:16","slug":"ai-resmisi-azerbaycanda-media-ile-bagli-veziyyet-narahatliq-dogurur","status":"publish","type":"post","link":"https:\/\/www.meydan.tv\/az\/article\/ai-resmisi-azerbaycanda-media-ile-bagli-veziyyet-narahatliq-dogurur\/","title":{"rendered":"Peter Mixalko: \u201c\u00d6t\u0259n il biziml\u0259 olan jurnalistl\u0259rin b\u0259zisi indi h\u0259bsd\u0259dir\u201d"},"content":{"rendered":"\n<p><\/p>\n\n\n\n<p><em><strong>\u201cT\u0259\u0259ss\u00fcf ki, jurnalistika b\u00fct\u00fcn d\u00fcnyada getdikc\u0259 daha riskli pe\u015f\u0259y\u0259 \u00e7evrilir<\/strong><\/em><\/p>\n\n\n\n<p>\u201c<em>S\u00f6z azadl\u0131\u011f\u0131 demokratiya standart\u0131n\u0131n v\u0259 demokratik sistemin \u0259sas elementidir. M\u0259n Az\u0259rbaycana g\u0259l\u0259nd\u0259n \u00fc\u00e7\u00fcnc\u00fc ildir ki, h\u0259r d\u0259f\u0259 3 may \u2013 Beyn\u0259lxalq M\u0259tbuat Azadl\u0131\u011f\u0131 G\u00fcn\u00fc m\u00fcnasib\u0259til\u0259 jurnalistl\u0259rl\u0259 g\u00f6r\u00fc\u015f ke\u00e7irir\u0259m. Bu, art\u0131q \u0259n\u0259n\u0259y\u0259 \u00e7evrilib. T\u0259\u0259ss\u00fcf edir\u0259m ki, ke\u00e7\u0259n il biziml\u0259 olan jurnalistl\u0259rin b\u0259zil\u0259rin\u0259 bu il d\u0259v\u0259t g\u00f6nd\u0259r\u0259 bilm\u0259dik. S\u0259b\u0259b is\u0259 onlar\u0131n h\u0259bsd\u0259 olmas\u0131d\u0131r. Biz h\u0259min jurnalistl\u0259ri yaddan \u00e7\u0131xarmayaraq, median\u0131n m\u00fcst\u0259qilliyi v\u0259 pl\u00fcralizmin vacibliyini qeyd ed\u0259r\u0259k, bu g\u00f6r\u00fc\u015f\u00fc ke\u00e7iririk\u201d,<\/em> &#8211; Avropa \u0130ttifaq\u0131n\u0131n Az\u0259rbaycandak\u0131 N\u00fcmay\u0259nd\u0259liyinin r\u0259hb\u0259ri Peter Mixalkonun s\u00f6zl\u0259ridir.<\/p>\n\n\n\n<p>S\u0259fir may\u0131n 2-d\u0259 jurnalistl\u0259rl\u0259 g\u00f6r\u00fc\u015f\u00fcnd\u0259 m\u00fcst\u0259qil media v\u0259 jurnalistl\u0259rin azadl\u0131\u011f\u0131ndan dan\u0131\u015f\u0131b, Az\u0259rbaycanla Erm\u0259nistan aras\u0131nda m\u00fcnasib\u0259tl\u0259r, Avropa \u0130ttifaq\u0131n\u0131n d\u0259st\u0259yi v\u0259 s. m\u0259s\u0259l\u0259l\u0259rl\u0259 ba\u011fl\u0131 suallar\u0131 cavabland\u0131r\u0131b.<\/p>\n\n\n\n<p>Diplomat bildirib ki, ist\u0259nil\u0259n c\u0259miyy\u0259td\u0259 m\u00fcst\u0259qil median\u0131n, azad jurnalistl\u0259rin rolu \u0259v\u0259zolunmazd\u0131r. Lakin t\u0259\u0259ss\u00fcf ki, jurnalistika b\u00fct\u00fcn d\u00fcnyada getdikc\u0259 daha riskli pe\u015f\u0259y\u0259 \u00e7evrilir. O xat\u0131rlad\u0131b ki, \u00f6t\u0259n il 100-d\u0259n \u00e7ox jurnalist \u00f6ld\u00fcr\u00fcl\u00fcb:<\/p>\n\n\n\n<p><em>\u201cHaz\u0131rda d\u00fcnyada 300-d\u0259n \u00e7ox jurnalist h\u0259bsd\u0259dir. Onlar\u0131n ham\u0131s\u0131 da pe\u015f\u0259 f\u0259aliyy\u0259tl\u0259rin\u0259 g\u00f6r\u0259 h\u0259bs olunub. M\u00fcst\u0259qil media orqanlar\u0131 getdikc\u0259 daha \u00e7ox risk v\u0259 basq\u0131lara m\u0259ruz qal\u0131r. Bura siyasi, sosial, texnoloji, maliyy\u0259 riskl\u0259ri daxildir\u201d.<\/em><\/p>\n\n\n\n<p>Avropa \u0130ttifaq\u0131n\u0131n Az\u0259rbaycan \u00fc\u00e7\u00fcn vacib v\u0259 etibarl\u0131 t\u0259r\u0259fda\u015f oldu\u011funu vur\u011fulayan Peter Mixalkonun s\u00f6zl\u0259rin\u0259 g\u00f6r\u0259, t\u0259r\u0259fda\u015fl\u0131q prioritetl\u0259rin\u0259 insan haqlar\u0131, h\u00fcququn aliliyi, demokratiya da aiddir:<\/p>\n\n\n\n<p>\u201c<em>T\u0259r\u0259fda\u015f \u00f6lk\u0259l\u0259rd\u0259n d\u0259 g\u00f6zl\u0259ntimiz bu prinsipl\u0259r\u0259 h\u00f6rm\u0259tl\u0259 yana\u015fmalar\u0131d\u0131r. Bu, Az\u0259rbaycan\u0131n \u00f6z\u00fc \u00fc\u00e7\u00fcn d\u0259 \u00e7ox vacibdir. N\u0259z\u0259r\u0259 almaq laz\u0131md\u0131r ki, bu il Az\u0259rbaycanda qlobal forum ke\u00e7iril\u0259c\u0259k, \u00f6lk\u0259 \u201cCOP29\u201da ev sahibliyi ed\u0259c\u0259k. B\u00fct\u00fcn d\u00fcnya Az\u0259rbaycandak\u0131 m\u00fczakir\u0259l\u0259r\u0259, ba\u015f ver\u0259n hadis\u0259l\u0259r\u0259 fokuslanacaq. M\u0259tbuat\u0131n durumu m\u0259s\u0259l\u0259si h\u0259m d\u0259 iqlim d\u0259yi\u015fikliyi kontekstind\u0259 jurnalistikan\u0131n rolu bax\u0131m\u0131ndan da vacibdir. \u0130nki\u015faf etm\u0259k ist\u0259y\u0259n ist\u0259nil\u0259n c\u0259miyy\u0259td\u0259 azad mediaya, pe\u015f\u0259kar jurnalistl\u0259r\u0259 ehtiyac var\u201d.<\/em><\/p>\n\n\n<div class=\"wp-block-image\">\n<figure class=\"aligncenter size-large\"><img decoding=\"async\" width=\"1095\" height=\"821\" data-src=\"https:\/\/www.meydan.tv\/wp-content\/uploads\/photo-2024-05-02-15-37-49-1-1095x821.jpg\" alt=\"\" class=\"wp-image-304927 lazyload\" src=\"data:image\/svg+xml;base64,PHN2ZyB3aWR0aD0iMSIgaGVpZ2h0PSIxIiB4bWxucz0iaHR0cDovL3d3dy53My5vcmcvMjAwMC9zdmciPjwvc3ZnPg==\" style=\"--smush-placeholder-width: 1095px; --smush-placeholder-aspect-ratio: 1095\/821;\" \/><figcaption class=\"wp-element-caption\">Peter Mixalko. Foto: Meydan TV<\/figcaption><\/figure>\n<\/div>\n\n\n<p>S\u0259fir deyir ki, Az\u0259rbaycanda median\u0131n durumu, jurnalistl\u0259rin h\u0259bsil\u0259 ba\u011fl\u0131 narahatl\u0131\u011f\u0131 h\u00f6kum\u0259t n\u00fcmay\u0259nd\u0259l\u0259ril\u0259 g\u00f6r\u00fc\u015fl\u0259rd\u0259 qar\u015f\u0131 t\u0259r\u0259fin diqq\u0259tin\u0259 \u00e7atd\u0131r\u0131rlar:<\/p>\n\n\n\n<p>&nbsp;<em>\u201cMedia azadl\u0131\u011f\u0131 bizim prioritetl\u0259rd\u0259n biridir. Bununla ba\u011fl\u0131 narahatl\u0131\u011f\u0131m\u0131z\u0131 ifad\u0259 edirik. Bu m\u00f6vzu r\u0259smil\u0259rl\u0259 struktur dialoqumuzun t\u0259rkib hiss\u0259sidir. Beyn\u0259lxalq t\u0259\u015fkilatlar s\u00f6z v\u0259 ifad\u0259 azadl\u0131\u011f\u0131, o c\u00fcml\u0259d\u0259n \u201cMedia haqq\u0131nda\u201d qanunla ba\u011fl\u0131 bir s\u0131ra t\u00f6vsiy\u0259l\u0259r verib. Onlar icra olunmal\u0131d\u0131r. Bu m\u0259s\u0259l\u0259 aktual oldu\u011fu m\u00fcdd\u0259td\u0259 Avropa \u0130ttifaq\u0131 da onu qald\u0131racaq. \u00c7\u00fcnki Az\u0259rbaycan s\u00f6z v\u0259 ifad\u0259 azadl\u0131\u011f\u0131n\u0131n t\u0259min olunmas\u0131yla ba\u011fl\u0131 \u00fcz\u0259rin\u0259 \u00f6hd\u0259lik g\u00f6t\u00fcr\u00fcb. Biz d\u0259 dialoqlar\u0131m\u0131zda t\u0259r\u0259fda\u015flar\u0131n g\u00f6zl\u0259ntil\u0259rini \u00e7atd\u0131r\u0131r\u0131q\u201d.<\/em><\/p>\n\n\n\n<p>Peter Mixalko Az\u0259rbaycanda media azadl\u0131\u011f\u0131 sah\u0259sind\u0259 duruma 3 il \u00f6nc\u0259 \u00f6lk\u0259y\u0259 ilk g\u0259ldiyi vaxtla m\u00fcqayis\u0259d\u0259 konkret qiym\u0259t verm\u0259k ist\u0259m\u0259yib. Bu haqda suala cavab\u0131nda bildirib ki, ortada beyn\u0259lxalq t\u0259\u015fkilatlar\u0131n a\u00e7\u0131qlad\u0131\u011f\u0131 reytinql\u0259r, statistikalar var:<\/p>\n\n\n\n<p><em>\u201c\u00dcmumi \u015f\u0259kild\u0259 v\u0259ziyy\u0259tin yax\u015f\u0131la\u015fmas\u0131 \u00e7ox vacibdir\u201d.<\/em><\/p>\n\n\n\n<p>H\u0259l\u0259 m\u00fcst\u0259qilliyin ilk ill\u0259rind\u0259n Avropa \u0130ttifaq\u0131n\u0131n m\u00fcxt\u0259lif sah\u0259l\u0259rd\u0259 Az\u0259rbaycana d\u0259st\u0259k verdiyini xat\u0131rladan diplomat\u0131n s\u00f6zl\u0259rin\u0259 g\u00f6r\u0259, bura \u0259rzaq t\u0259hl\u00fck\u0259sizliyi, m\u0259cburi k\u00f6\u00e7k\u00fcnl\u0259rin \u015f\u0259raitinin yax\u015f\u0131la\u015fd\u0131r\u0131lmas\u0131ndan tutmu\u015f, minalar\u0131n t\u0259mizl\u0259nm\u0259sin\u0259 q\u0259d\u0259r bir \u00e7ox istiqam\u0259tl\u0259r daxildir:<\/p>\n\n\n\n<p><em>\u201cMina t\u0259mizl\u0259nm\u0259si m\u0259s\u0259l\u0259sind\u0259 Avropa \u0130ttifaq\u0131 Az\u0259rbaycan\u0131n \u0259sas t\u0259r\u0259fda\u015f\u0131d\u0131r. Avropa \u0130ttifaq\u0131n\u0131n \u00fczv\u00fc olan 27 d\u00f6vl\u0259t bu m\u0259s\u0259l\u0259d\u0259 d\u0259st\u0259k verir. D\u0259st\u0259yimiz 3 istiqam\u0259td\u0259dir: minalar\u0131n t\u0259mizl\u0259nm\u0259si, \u0259halinin qay\u0131d\u0131\u015f\u0131yla \u0259laq\u0259dar maarifl\u0259ndirm\u0259 kampaniyalar\u0131 v\u0259 mina qurbanlar\u0131na d\u0259st\u0259k\u201d.<\/em><\/p>\n","protected":false},"excerpt":{"rendered":"<p>\u201cT\u0259\u0259ss\u00fcf ki, jurnalistika b\u00fct\u00fcn d\u00fcnyada getdikc\u0259 daha riskli pe\u015f\u0259y\u0259 \u00e7evrilir &#8230; <\/p>\n<p class=\"read-more-container\"><a title=\"Peter Mixalko: \u201c\u00d6t\u0259n il biziml\u0259 olan jurnalistl\u0259rin b\u0259zisi indi h\u0259bsd\u0259dir\u201d\" class=\"read-more button\" href=\"https:\/\/www.meydan.tv\/az\/article\/ai-resmisi-azerbaycanda-media-ile-bagli-veziyyet-narahatliq-dogurur\/#more-304908\" aria-label=\"Read more about Peter Mixalko: \u201c\u00d6t\u0259n il biziml\u0259 olan jurnalistl\u0259rin b\u0259zisi indi h\u0259bsd\u0259dir\u201d\">Davam\u0131<\/a><\/p>\n","protected":false},"author":8,"featured_media":274193,"comment_status":"closed","ping_status":"closed","sticky":false,"template":"","format":"standard","meta":{"_acf_changed":false,"_sitemap_exclude":false,"_sitemap_priority":"","_sitemap_frequency":"","footnotes":""},"categories":[59,56],"tags":[],"class_list":["post-304908","post","type-post","status-publish","format-standard","has-post-thumbnail","hentry","category-siyaset","category-xeberler","infinite-scroll-item","generate-columns","tablet-grid-50","mobile-grid-100","grid-parent","grid-33","no-featured-image-padding"],"acf":[],"yoast_head":"<!-- This site is optimized with the Yoast SEO plugin v27.4 - https:\/\/yoast.com\/product\/yoast-seo-wordpress\/ -->\n<title>Peter Mixalko: \u201c\u00d6t\u0259n il biziml\u0259 olan jurnalistl\u0259rin b\u0259zisi indi h\u0259bsd\u0259dir\u201d - MEYDAN.TV<\/title>\n<meta name=\"robots\" content=\"index, follow, max-snippet:-1, max-image-preview:large, max-video-preview:-1\" \/>\n<link rel=\"canonical\" href=\"https:\/\/www.meydan.tv\/az\/article\/ai-resmisi-azerbaycanda-media-ile-bagli-veziyyet-narahatliq-dogurur\/\" \/>\n<meta property=\"og:locale\" content=\"az_AZ\" \/>\n<meta property=\"og:type\" content=\"article\" \/>\n<meta property=\"og:title\" content=\"Peter Mixalko: \u201c\u00d6t\u0259n il biziml\u0259 olan jurnalistl\u0259rin b\u0259zisi indi h\u0259bsd\u0259dir\u201d - MEYDAN.TV\" \/>\n<meta property=\"og:description\" content=\"\u201cT\u0259\u0259ss\u00fcf ki, jurnalistika b\u00fct\u00fcn d\u00fcnyada getdikc\u0259 daha riskli pe\u015f\u0259y\u0259 \u00e7evrilir ... Davam\u0131\" \/>\n<meta property=\"og:url\" content=\"https:\/\/www.meydan.tv\/az\/article\/ai-resmisi-azerbaycanda-media-ile-bagli-veziyyet-narahatliq-dogurur\/\" \/>\n<meta property=\"og:site_name\" content=\"MEYDAN.TV\" \/>\n<meta property=\"article:published_time\" content=\"2024-05-02T13:22:42+00:00\" \/>\n<meta property=\"article:modified_time\" content=\"2024-05-02T14:55:16+00:00\" \/>\n<meta property=\"og:image\" content=\"https:\/\/www.meydan.tv\/wp-content\/uploads\/42358c8a-cb30-4050-96b1-120c65f1d7cb.jpg\" \/>\n\t<meta property=\"og:image:width\" content=\"1200\" \/>\n\t<meta property=\"og:image:height\" content=\"900\" \/>\n\t<meta property=\"og:image:type\" content=\"image\/jpeg\" \/>\n<meta name=\"author\" content=\"elli\" \/>\n<meta name=\"twitter:card\" content=\"summary_large_image\" \/>\n<meta name=\"twitter:creator\" content=\"@elli\" \/>\n<script type=\"application\/ld+json\" class=\"yoast-schema-graph\">{\"@context\":\"https:\\\/\\\/schema.org\",\"@graph\":[{\"@type\":\"Article\",\"@id\":\"https:\\\/\\\/www.meydan.tv\\\/az\\\/article\\\/ai-resmisi-azerbaycanda-media-ile-bagli-veziyyet-narahatliq-dogurur\\\/#article\",\"isPartOf\":{\"@id\":\"https:\\\/\\\/www.meydan.tv\\\/az\\\/article\\\/ai-resmisi-azerbaycanda-media-ile-bagli-veziyyet-narahatliq-dogurur\\\/\"},\"author\":{\"name\":\"elli\",\"@id\":\"https:\\\/\\\/www.meydan.tv\\\/az\\\/#\\\/schema\\\/person\\\/9cdbecf90d17180ce1dfbd95b08dcf47\"},\"headline\":\"Peter Mixalko: \u201c\u00d6t\u0259n il biziml\u0259 olan jurnalistl\u0259rin b\u0259zisi indi h\u0259bsd\u0259dir\u201d\",\"datePublished\":\"2024-05-02T13:22:42+00:00\",\"dateModified\":\"2024-05-02T14:55:16+00:00\",\"mainEntityOfPage\":{\"@id\":\"https:\\\/\\\/www.meydan.tv\\\/az\\\/article\\\/ai-resmisi-azerbaycanda-media-ile-bagli-veziyyet-narahatliq-dogurur\\\/\"},\"wordCount\":830,\"publisher\":{\"@id\":\"https:\\\/\\\/www.meydan.tv\\\/az\\\/#organization\"},\"image\":{\"@id\":\"https:\\\/\\\/www.meydan.tv\\\/az\\\/article\\\/ai-resmisi-azerbaycanda-media-ile-bagli-veziyyet-narahatliq-dogurur\\\/#primaryimage\"},\"thumbnailUrl\":\"https:\\\/\\\/www.meydan.tv\\\/wp-content\\\/uploads\\\/42358c8a-cb30-4050-96b1-120c65f1d7cb.jpg\",\"articleSection\":[\"Siyas\u0259t\",\"X\u0259b\u0259rl\u0259r\"],\"inLanguage\":\"az\"},{\"@type\":\"WebPage\",\"@id\":\"https:\\\/\\\/www.meydan.tv\\\/az\\\/article\\\/ai-resmisi-azerbaycanda-media-ile-bagli-veziyyet-narahatliq-dogurur\\\/\",\"url\":\"https:\\\/\\\/www.meydan.tv\\\/az\\\/article\\\/ai-resmisi-azerbaycanda-media-ile-bagli-veziyyet-narahatliq-dogurur\\\/\",\"name\":\"Peter Mixalko: \u201c\u00d6t\u0259n il biziml\u0259 olan jurnalistl\u0259rin b\u0259zisi indi h\u0259bsd\u0259dir\u201d - MEYDAN.TV\",\"isPartOf\":{\"@id\":\"https:\\\/\\\/www.meydan.tv\\\/az\\\/#website\"},\"primaryImageOfPage\":{\"@id\":\"https:\\\/\\\/www.meydan.tv\\\/az\\\/article\\\/ai-resmisi-azerbaycanda-media-ile-bagli-veziyyet-narahatliq-dogurur\\\/#primaryimage\"},\"image\":{\"@id\":\"https:\\\/\\\/www.meydan.tv\\\/az\\\/article\\\/ai-resmisi-azerbaycanda-media-ile-bagli-veziyyet-narahatliq-dogurur\\\/#primaryimage\"},\"thumbnailUrl\":\"https:\\\/\\\/www.meydan.tv\\\/wp-content\\\/uploads\\\/42358c8a-cb30-4050-96b1-120c65f1d7cb.jpg\",\"datePublished\":\"2024-05-02T13:22:42+00:00\",\"dateModified\":\"2024-05-02T14:55:16+00:00\",\"breadcrumb\":{\"@id\":\"https:\\\/\\\/www.meydan.tv\\\/az\\\/article\\\/ai-resmisi-azerbaycanda-media-ile-bagli-veziyyet-narahatliq-dogurur\\\/#breadcrumb\"},\"inLanguage\":\"az\",\"potentialAction\":[{\"@type\":\"ReadAction\",\"target\":[\"https:\\\/\\\/www.meydan.tv\\\/az\\\/article\\\/ai-resmisi-azerbaycanda-media-ile-bagli-veziyyet-narahatliq-dogurur\\\/\"]}]},{\"@type\":\"ImageObject\",\"inLanguage\":\"az\",\"@id\":\"https:\\\/\\\/www.meydan.tv\\\/az\\\/article\\\/ai-resmisi-azerbaycanda-media-ile-bagli-veziyyet-narahatliq-dogurur\\\/#primaryimage\",\"url\":\"https:\\\/\\\/www.meydan.tv\\\/wp-content\\\/uploads\\\/42358c8a-cb30-4050-96b1-120c65f1d7cb.jpg\",\"contentUrl\":\"https:\\\/\\\/www.meydan.tv\\\/wp-content\\\/uploads\\\/42358c8a-cb30-4050-96b1-120c65f1d7cb.jpg\",\"width\":1200,\"height\":900,\"caption\":\"Peter Mixalko. Foto: Meydan TV\"},{\"@type\":\"BreadcrumbList\",\"@id\":\"https:\\\/\\\/www.meydan.tv\\\/az\\\/article\\\/ai-resmisi-azerbaycanda-media-ile-bagli-veziyyet-narahatliq-dogurur\\\/#breadcrumb\",\"itemListElement\":[{\"@type\":\"ListItem\",\"position\":1,\"name\":\"Ana s\u0259hif\u0259\",\"item\":\"https:\\\/\\\/www.meydan.tv\\\/az\\\/\"},{\"@type\":\"ListItem\",\"position\":2,\"name\":\"Siyas\u0259t\",\"item\":\"https:\\\/\\\/www.meydan.tv\\\/az\\\/section\\\/siyaset\\\/\"},{\"@type\":\"ListItem\",\"position\":3,\"name\":\"Peter Mixalko: \u201c\u00d6t\u0259n il biziml\u0259 olan jurnalistl\u0259rin b\u0259zisi indi h\u0259bsd\u0259dir\u201d\"}]},{\"@type\":\"WebSite\",\"@id\":\"https:\\\/\\\/www.meydan.tv\\\/az\\\/#website\",\"url\":\"https:\\\/\\\/www.meydan.tv\\\/az\\\/\",\"name\":\"MEYDAN.TV\",\"description\":\"Meydan TV Az\u0259rbaycan\u0131n media m\u0259kan\u0131ndak\u0131 alternativ s\u0259sidir\",\"publisher\":{\"@id\":\"https:\\\/\\\/www.meydan.tv\\\/az\\\/#organization\"},\"potentialAction\":[{\"@type\":\"SearchAction\",\"target\":{\"@type\":\"EntryPoint\",\"urlTemplate\":\"https:\\\/\\\/www.meydan.tv\\\/az\\\/?s={search_term_string}\"},\"query-input\":{\"@type\":\"PropertyValueSpecification\",\"valueRequired\":true,\"valueName\":\"search_term_string\"}}],\"inLanguage\":\"az\"},{\"@type\":\"Organization\",\"@id\":\"https:\\\/\\\/www.meydan.tv\\\/az\\\/#organization\",\"name\":\"Meydan TV\",\"url\":\"https:\\\/\\\/www.meydan.tv\\\/az\\\/\",\"logo\":{\"@type\":\"ImageObject\",\"inLanguage\":\"az\",\"@id\":\"https:\\\/\\\/www.meydan.tv\\\/az\\\/#\\\/schema\\\/logo\\\/image\\\/\",\"url\":\"https:\\\/\\\/www.meydan.tv\\\/wp-content\\\/uploads\\\/2021\\\/07\\\/meydan-logo.svg\",\"contentUrl\":\"https:\\\/\\\/www.meydan.tv\\\/wp-content\\\/uploads\\\/2021\\\/07\\\/meydan-logo.svg\",\"width\":195,\"height\":46,\"caption\":\"Meydan TV\"},\"image\":{\"@id\":\"https:\\\/\\\/www.meydan.tv\\\/az\\\/#\\\/schema\\\/logo\\\/image\\\/\"}},{\"@type\":\"Person\",\"@id\":\"https:\\\/\\\/www.meydan.tv\\\/az\\\/#\\\/schema\\\/person\\\/9cdbecf90d17180ce1dfbd95b08dcf47\",\"name\":\"elli\",\"sameAs\":[\"https:\\\/\\\/x.com\\\/elli\"]}]}<\/script>\n<!-- \/ Yoast SEO plugin. -->","yoast_head_json":{"title":"Peter Mixalko: \u201c\u00d6t\u0259n il biziml\u0259 olan jurnalistl\u0259rin b\u0259zisi indi h\u0259bsd\u0259dir\u201d - MEYDAN.TV","robots":{"index":"index","follow":"follow","max-snippet":"max-snippet:-1","max-image-preview":"max-image-preview:large","max-video-preview":"max-video-preview:-1"},"canonical":"https:\/\/www.meydan.tv\/az\/article\/ai-resmisi-azerbaycanda-media-ile-bagli-veziyyet-narahatliq-dogurur\/","og_locale":"az_AZ","og_type":"article","og_title":"Peter Mixalko: \u201c\u00d6t\u0259n il biziml\u0259 olan jurnalistl\u0259rin b\u0259zisi indi h\u0259bsd\u0259dir\u201d - MEYDAN.TV","og_description":"\u201cT\u0259\u0259ss\u00fcf ki, jurnalistika b\u00fct\u00fcn d\u00fcnyada getdikc\u0259 daha riskli pe\u015f\u0259y\u0259 \u00e7evrilir ... Davam\u0131","og_url":"https:\/\/www.meydan.tv\/az\/article\/ai-resmisi-azerbaycanda-media-ile-bagli-veziyyet-narahatliq-dogurur\/","og_site_name":"MEYDAN.TV","article_published_time":"2024-05-02T13:22:42+00:00","article_modified_time":"2024-05-02T14:55:16+00:00","og_image":[{"width":1200,"height":900,"url":"https:\/\/www.meydan.tv\/wp-content\/uploads\/42358c8a-cb30-4050-96b1-120c65f1d7cb.jpg","type":"image\/jpeg"}],"author":"elli","twitter_card":"summary_large_image","twitter_creator":"@elli","schema":{"@context":"https:\/\/schema.org","@graph":[{"@type":"Article","@id":"https:\/\/www.meydan.tv\/az\/article\/ai-resmisi-azerbaycanda-media-ile-bagli-veziyyet-narahatliq-dogurur\/#article","isPartOf":{"@id":"https:\/\/www.meydan.tv\/az\/article\/ai-resmisi-azerbaycanda-media-ile-bagli-veziyyet-narahatliq-dogurur\/"},"author":{"name":"elli","@id":"https:\/\/www.meydan.tv\/az\/#\/schema\/person\/9cdbecf90d17180ce1dfbd95b08dcf47"},"headline":"Peter Mixalko: \u201c\u00d6t\u0259n il biziml\u0259 olan jurnalistl\u0259rin b\u0259zisi indi h\u0259bsd\u0259dir\u201d","datePublished":"2024-05-02T13:22:42+00:00","dateModified":"2024-05-02T14:55:16+00:00","mainEntityOfPage":{"@id":"https:\/\/www.meydan.tv\/az\/article\/ai-resmisi-azerbaycanda-media-ile-bagli-veziyyet-narahatliq-dogurur\/"},"wordCount":830,"publisher":{"@id":"https:\/\/www.meydan.tv\/az\/#organization"},"image":{"@id":"https:\/\/www.meydan.tv\/az\/article\/ai-resmisi-azerbaycanda-media-ile-bagli-veziyyet-narahatliq-dogurur\/#primaryimage"},"thumbnailUrl":"https:\/\/www.meydan.tv\/wp-content\/uploads\/42358c8a-cb30-4050-96b1-120c65f1d7cb.jpg","articleSection":["Siyas\u0259t","X\u0259b\u0259rl\u0259r"],"inLanguage":"az"},{"@type":"WebPage","@id":"https:\/\/www.meydan.tv\/az\/article\/ai-resmisi-azerbaycanda-media-ile-bagli-veziyyet-narahatliq-dogurur\/","url":"https:\/\/www.meydan.tv\/az\/article\/ai-resmisi-azerbaycanda-media-ile-bagli-veziyyet-narahatliq-dogurur\/","name":"Peter Mixalko: \u201c\u00d6t\u0259n il biziml\u0259 olan jurnalistl\u0259rin b\u0259zisi indi h\u0259bsd\u0259dir\u201d - MEYDAN.TV","isPartOf":{"@id":"https:\/\/www.meydan.tv\/az\/#website"},"primaryImageOfPage":{"@id":"https:\/\/www.meydan.tv\/az\/article\/ai-resmisi-azerbaycanda-media-ile-bagli-veziyyet-narahatliq-dogurur\/#primaryimage"},"image":{"@id":"https:\/\/www.meydan.tv\/az\/article\/ai-resmisi-azerbaycanda-media-ile-bagli-veziyyet-narahatliq-dogurur\/#primaryimage"},"thumbnailUrl":"https:\/\/www.meydan.tv\/wp-content\/uploads\/42358c8a-cb30-4050-96b1-120c65f1d7cb.jpg","datePublished":"2024-05-02T13:22:42+00:00","dateModified":"2024-05-02T14:55:16+00:00","breadcrumb":{"@id":"https:\/\/www.meydan.tv\/az\/article\/ai-resmisi-azerbaycanda-media-ile-bagli-veziyyet-narahatliq-dogurur\/#breadcrumb"},"inLanguage":"az","potentialAction":[{"@type":"ReadAction","target":["https:\/\/www.meydan.tv\/az\/article\/ai-resmisi-azerbaycanda-media-ile-bagli-veziyyet-narahatliq-dogurur\/"]}]},{"@type":"ImageObject","inLanguage":"az","@id":"https:\/\/www.meydan.tv\/az\/article\/ai-resmisi-azerbaycanda-media-ile-bagli-veziyyet-narahatliq-dogurur\/#primaryimage","url":"https:\/\/www.meydan.tv\/wp-content\/uploads\/42358c8a-cb30-4050-96b1-120c65f1d7cb.jpg","contentUrl":"https:\/\/www.meydan.tv\/wp-content\/uploads\/42358c8a-cb30-4050-96b1-120c65f1d7cb.jpg","width":1200,"height":900,"caption":"Peter Mixalko. Foto: Meydan TV"},{"@type":"BreadcrumbList","@id":"https:\/\/www.meydan.tv\/az\/article\/ai-resmisi-azerbaycanda-media-ile-bagli-veziyyet-narahatliq-dogurur\/#breadcrumb","itemListElement":[{"@type":"ListItem","position":1,"name":"Ana s\u0259hif\u0259","item":"https:\/\/www.meydan.tv\/az\/"},{"@type":"ListItem","position":2,"name":"Siyas\u0259t","item":"https:\/\/www.meydan.tv\/az\/section\/siyaset\/"},{"@type":"ListItem","position":3,"name":"Peter Mixalko: \u201c\u00d6t\u0259n il biziml\u0259 olan jurnalistl\u0259rin b\u0259zisi indi h\u0259bsd\u0259dir\u201d"}]},{"@type":"WebSite","@id":"https:\/\/www.meydan.tv\/az\/#website","url":"https:\/\/www.meydan.tv\/az\/","name":"MEYDAN.TV","description":"Meydan TV Az\u0259rbaycan\u0131n media m\u0259kan\u0131ndak\u0131 alternativ s\u0259sidir","publisher":{"@id":"https:\/\/www.meydan.tv\/az\/#organization"},"potentialAction":[{"@type":"SearchAction","target":{"@type":"EntryPoint","urlTemplate":"https:\/\/www.meydan.tv\/az\/?s={search_term_string}"},"query-input":{"@type":"PropertyValueSpecification","valueRequired":true,"valueName":"search_term_string"}}],"inLanguage":"az"},{"@type":"Organization","@id":"https:\/\/www.meydan.tv\/az\/#organization","name":"Meydan TV","url":"https:\/\/www.meydan.tv\/az\/","logo":{"@type":"ImageObject","inLanguage":"az","@id":"https:\/\/www.meydan.tv\/az\/#\/schema\/logo\/image\/","url":"https:\/\/www.meydan.tv\/wp-content\/uploads\/2021\/07\/meydan-logo.svg","contentUrl":"https:\/\/www.meydan.tv\/wp-content\/uploads\/2021\/07\/meydan-logo.svg","width":195,"height":46,"caption":"Meydan TV"},"image":{"@id":"https:\/\/www.meydan.tv\/az\/#\/schema\/logo\/image\/"}},{"@type":"Person","@id":"https:\/\/www.meydan.tv\/az\/#\/schema\/person\/9cdbecf90d17180ce1dfbd95b08dcf47","name":"elli","sameAs":["https:\/\/x.com\/elli"]}]}},"_links":{"self":[{"href":"https:\/\/www.meydan.tv\/az\/wp-json\/wp\/v2\/posts\/304908","targetHints":{"allow":["GET"]}}],"collection":[{"href":"https:\/\/www.meydan.tv\/az\/wp-json\/wp\/v2\/posts"}],"about":[{"href":"https:\/\/www.meydan.tv\/az\/wp-json\/wp\/v2\/types\/post"}],"author":[{"embeddable":true,"href":"https:\/\/www.meydan.tv\/az\/wp-json\/wp\/v2\/users\/8"}],"replies":[{"embeddable":true,"href":"https:\/\/www.meydan.tv\/az\/wp-json\/wp\/v2\/comments?post=304908"}],"version-history":[{"count":8,"href":"https:\/\/www.meydan.tv\/az\/wp-json\/wp\/v2\/posts\/304908\/revisions"}],"predecessor-version":[{"id":304935,"href":"https:\/\/www.meydan.tv\/az\/wp-json\/wp\/v2\/posts\/304908\/revisions\/304935"}],"wp:featuredmedia":[{"embeddable":true,"href":"https:\/\/www.meydan.tv\/az\/wp-json\/wp\/v2\/media\/274193"}],"wp:attachment":[{"href":"https:\/\/www.meydan.tv\/az\/wp-json\/wp\/v2\/media?parent=304908"}],"wp:term":[{"taxonomy":"category","embeddable":true,"href":"https:\/\/www.meydan.tv\/az\/wp-json\/wp\/v2\/categories?post=304908"},{"taxonomy":"post_tag","embeddable":true,"href":"https:\/\/www.meydan.tv\/az\/wp-json\/wp\/v2\/tags?post=304908"}],"curies":[{"name":"wp","href":"https:\/\/api.w.org\/{rel}","templated":true}]}}