{"id":304865,"date":"2024-05-02T11:28:50","date_gmt":"2024-05-02T07:28:50","guid":{"rendered":"https:\/\/www.meydan.tv\/?p=304865"},"modified":"2024-05-02T18:35:00","modified_gmt":"2024-05-02T14:35:00","slug":"naxcivanda-sahibkarlar-etiraza-baslayiblar","status":"publish","type":"post","link":"https:\/\/www.meydan.tv\/az\/article\/naxcivanda-sahibkarlar-etiraza-baslayiblar\/","title":{"rendered":"Nax\u00e7\u0131vanda sahibkarlar etiraza ba\u015flay\u0131blar"},"content":{"rendered":"\n<figure class=\"wp-block-embed is-type-video is-provider-youtube wp-block-embed-youtube wp-embed-aspect-16-9 wp-has-aspect-ratio\"><div class=\"wp-block-embed__wrapper\">\n<iframe title=\"\u201cCahan\u201d Ticar\u0259t M\u0259rk\u0259zinin 100-\u0259 yax\u0131n i\u015f\u00e7isi d\u00fckanlar\u0131n\u0131 ba\u011flay\u0131b, etiraza \u00e7\u0131x\u0131blar\" width=\"1200\" height=\"675\" data-src=\"https:\/\/www.youtube.com\/embed\/1-E65W2nNBQ?feature=oembed\" frameborder=\"0\" allow=\"accelerometer; autoplay; clipboard-write; encrypted-media; gyroscope; picture-in-picture; web-share\" referrerpolicy=\"strict-origin-when-cross-origin\" allowfullscreen src=\"data:image\/svg+xml;base64,PHN2ZyB3aWR0aD0iMSIgaGVpZ2h0PSIxIiB4bWxucz0iaHR0cDovL3d3dy53My5vcmcvMjAwMC9zdmciPjwvc3ZnPg==\" class=\"lazyload\" data-load-mode=\"1\"><\/iframe>\n<\/div><\/figure>\n\n\n\n<!--more-->\n\n\n\n<p><strong><em>Onlar \u201cCahan\u201d Ticar\u0259t M\u0259rk\u0259zind\u0259ki ma\u011fazalar\u0131n\u0131 ba\u011flay\u0131blar<\/em><\/strong><\/p>\n\n\n\n<p>May\u0131n 2-d\u0259 Nax\u00e7\u0131van \u015f\u0259h\u0259rind\u0259 \u201cCahan\u201d Ticar\u0259t M\u0259rk\u0259zinin 100-\u0259 yax\u0131n sahibkar\u0131 ma\u011fazalar\u0131n\u0131 ba\u011flay\u0131blar.<\/p>\n\n\n\n<p>Onlar yerhaqq\u0131n\u0131n qald\u0131r\u0131ld\u0131\u011f\u0131na etiraz edirl\u0259r.<\/p>\n\n\n\n<p>Bu bar\u0259d\u0259 Meydan TV-y\u0259 sahibkarlardan M\u0259mm\u0259d B\u0259yimov dan\u0131\u015f\u0131b.<\/p>\n\n\n\n<p>M\u0259mm\u0259d B\u0259yimovun s\u00f6zl\u0259rin\u0259 g\u00f6r\u0259, ma\u011faza sahibl\u0259ri \u0259vv\u0259ll\u0259r vergi v\u0259 sosial \u00f6d\u0259ni\u015fl\u0259r d\u0259 daxil h\u0259r ay 350 manat ticar\u0259t m\u0259rk\u0259zin\u0259 \u00f6d\u0259m\u0259 edirdil\u0259r:<\/p>\n\n\n<div class=\"wp-block-image\">\n<figure class=\"aligncenter size-full\"><img decoding=\"async\" width=\"1200\" height=\"670\" data-src=\"https:\/\/www.meydan.tv\/wp-content\/uploads\/nax-1.jpg\" alt=\"\" class=\"wp-image-304861 lazyload\" src=\"data:image\/svg+xml;base64,PHN2ZyB3aWR0aD0iMSIgaGVpZ2h0PSIxIiB4bWxucz0iaHR0cDovL3d3dy53My5vcmcvMjAwMC9zdmciPjwvc3ZnPg==\" style=\"--smush-placeholder-width: 1200px; --smush-placeholder-aspect-ratio: 1200\/670;\" \/><\/figure>\n<\/div>\n\n\n<p>\u201c<em>Y\u0259ni h\u0259r \u015fey 350 manat\u0131n i\u00e7ind\u0259ydi. Lakin 1 ay \u0259vv\u0259l t\u0259l\u0259b qoydular ki, 110 manat vergi v\u0259 sosiala \u00f6d\u0259y\u0259c\u0259ksiniz, 350 manat is\u0259 \u0259vv\u0259lki qaydada qal\u0131r. Bu g\u00fcn 110+350 manat t\u0259l\u0259b edildikd\u0259, sahibkarlar d\u00fckanlar\u0131 ba\u011flay\u0131b etiraza ba\u015flad\u0131lar, \u00e7\u00fcnki o q\u0259d\u0259r pulumuz yoxdur. M\u0259s\u0259l\u0259 ondad\u0131r ki, \u201cCahan\u201d Ticar\u0259t M\u0259rk\u0259zi iki hiss\u0259d\u0259n ibar\u0259tdir, a\u015fa\u011f\u0131dak\u0131lara bel\u0259 t\u0259l\u0259b qoyulmad\u0131\u011f\u0131ndan etiraz etmirl\u0259r, yuxar\u0131dak\u0131lar is\u0259 bu g\u00fcn i\u015f\u0259 \u00e7\u0131xmay\u0131blar\u201d.<\/em><\/p>\n\n\n\n<p>Sahibkar h\u0259l\u0259 r\u0259smi qurumlara m\u00fcraci\u0259t etm\u0259dikl\u0259rini bildirib:<\/p>\n\n\n\n<p>\u201c<em>Hara \u015fikay\u0259t ed\u0259k, baxan varm\u0131?\u201d<\/em><\/p>\n\n\n\n<p>Sahibkarlar\u0131n naraz\u0131l\u0131qlar\u0131 il\u0259 ba\u011fl\u0131 Nax\u00e7\u0131van Muxtar Respublikas\u0131n\u0131n m\u00fcvafiq qurumlar\u0131 il\u0259 \u0259laq\u0259 saxlamaq m\u00fcmk\u00fcn olmay\u0131b.<\/p>\n","protected":false},"excerpt":{"rendered":"","protected":false},"author":8,"featured_media":304858,"comment_status":"closed","ping_status":"closed","sticky":false,"template":"","format":"standard","meta":{"_acf_changed":false,"_sitemap_exclude":false,"_sitemap_priority":"","_sitemap_frequency":"","footnotes":""},"categories":[60,79,63,56],"tags":[],"class_list":["post-304865","post","type-post","status-publish","format-standard","has-post-thumbnail","hentry","category-bolge","category-featured","category-video-2","category-xeberler","infinite-scroll-item","generate-columns","tablet-grid-50","mobile-grid-100","grid-parent","grid-33","no-featured-image-padding"],"acf":[],"yoast_head":"<!-- This site is optimized with the Yoast SEO plugin v27.4 - https:\/\/yoast.com\/product\/yoast-seo-wordpress\/ -->\n<title>Nax\u00e7\u0131vanda sahibkarlar etiraza ba\u015flay\u0131blar - MEYDAN.TV<\/title>\n<meta name=\"robots\" content=\"index, follow, max-snippet:-1, max-image-preview:large, max-video-preview:-1\" \/>\n<link rel=\"canonical\" href=\"https:\/\/www.meydan.tv\/az\/article\/naxcivanda-sahibkarlar-etiraza-baslayiblar\/\" \/>\n<meta property=\"og:locale\" content=\"az_AZ\" \/>\n<meta property=\"og:type\" content=\"article\" \/>\n<meta property=\"og:title\" content=\"Nax\u00e7\u0131vanda sahibkarlar etiraza ba\u015flay\u0131blar - MEYDAN.TV\" \/>\n<meta property=\"og:url\" content=\"https:\/\/www.meydan.tv\/az\/article\/naxcivanda-sahibkarlar-etiraza-baslayiblar\/\" \/>\n<meta property=\"og:site_name\" content=\"MEYDAN.TV\" \/>\n<meta property=\"article:published_time\" content=\"2024-05-02T07:28:50+00:00\" \/>\n<meta property=\"article:modified_time\" content=\"2024-05-02T14:35:00+00:00\" \/>\n<meta property=\"og:image\" content=\"https:\/\/www.meydan.tv\/wp-content\/uploads\/nax2-e1714634880500.jpg\" \/>\n\t<meta property=\"og:image:width\" content=\"1200\" \/>\n\t<meta property=\"og:image:height\" content=\"467\" \/>\n\t<meta property=\"og:image:type\" content=\"image\/jpeg\" \/>\n<meta name=\"author\" content=\"elli\" \/>\n<meta name=\"twitter:card\" content=\"summary_large_image\" \/>\n<meta name=\"twitter:creator\" content=\"@elli\" \/>\n<script type=\"application\/ld+json\" class=\"yoast-schema-graph\">{\"@context\":\"https:\\\/\\\/schema.org\",\"@graph\":[{\"@type\":\"Article\",\"@id\":\"https:\\\/\\\/www.meydan.tv\\\/az\\\/article\\\/naxcivanda-sahibkarlar-etiraza-baslayiblar\\\/#article\",\"isPartOf\":{\"@id\":\"https:\\\/\\\/www.meydan.tv\\\/az\\\/article\\\/naxcivanda-sahibkarlar-etiraza-baslayiblar\\\/\"},\"author\":{\"name\":\"elli\",\"@id\":\"https:\\\/\\\/www.meydan.tv\\\/az\\\/#\\\/schema\\\/person\\\/9cdbecf90d17180ce1dfbd95b08dcf47\"},\"headline\":\"Nax\u00e7\u0131vanda sahibkarlar etiraza ba\u015flay\u0131blar\",\"datePublished\":\"2024-05-02T07:28:50+00:00\",\"dateModified\":\"2024-05-02T14:35:00+00:00\",\"mainEntityOfPage\":{\"@id\":\"https:\\\/\\\/www.meydan.tv\\\/az\\\/article\\\/naxcivanda-sahibkarlar-etiraza-baslayiblar\\\/\"},\"wordCount\":258,\"publisher\":{\"@id\":\"https:\\\/\\\/www.meydan.tv\\\/az\\\/#organization\"},\"image\":{\"@id\":\"https:\\\/\\\/www.meydan.tv\\\/az\\\/article\\\/naxcivanda-sahibkarlar-etiraza-baslayiblar\\\/#primaryimage\"},\"thumbnailUrl\":\"https:\\\/\\\/www.meydan.tv\\\/wp-content\\\/uploads\\\/nax2-e1714634880500.jpg\",\"articleSection\":[\"B\u00f6lg\u0259\",\"T\u00f6vsiy\u0259\",\"Video\",\"X\u0259b\u0259rl\u0259r\"],\"inLanguage\":\"az\"},{\"@type\":\"WebPage\",\"@id\":\"https:\\\/\\\/www.meydan.tv\\\/az\\\/article\\\/naxcivanda-sahibkarlar-etiraza-baslayiblar\\\/\",\"url\":\"https:\\\/\\\/www.meydan.tv\\\/az\\\/article\\\/naxcivanda-sahibkarlar-etiraza-baslayiblar\\\/\",\"name\":\"Nax\u00e7\u0131vanda sahibkarlar etiraza ba\u015flay\u0131blar - MEYDAN.TV\",\"isPartOf\":{\"@id\":\"https:\\\/\\\/www.meydan.tv\\\/az\\\/#website\"},\"primaryImageOfPage\":{\"@id\":\"https:\\\/\\\/www.meydan.tv\\\/az\\\/article\\\/naxcivanda-sahibkarlar-etiraza-baslayiblar\\\/#primaryimage\"},\"image\":{\"@id\":\"https:\\\/\\\/www.meydan.tv\\\/az\\\/article\\\/naxcivanda-sahibkarlar-etiraza-baslayiblar\\\/#primaryimage\"},\"thumbnailUrl\":\"https:\\\/\\\/www.meydan.tv\\\/wp-content\\\/uploads\\\/nax2-e1714634880500.jpg\",\"datePublished\":\"2024-05-02T07:28:50+00:00\",\"dateModified\":\"2024-05-02T14:35:00+00:00\",\"breadcrumb\":{\"@id\":\"https:\\\/\\\/www.meydan.tv\\\/az\\\/article\\\/naxcivanda-sahibkarlar-etiraza-baslayiblar\\\/#breadcrumb\"},\"inLanguage\":\"az\",\"potentialAction\":[{\"@type\":\"ReadAction\",\"target\":[\"https:\\\/\\\/www.meydan.tv\\\/az\\\/article\\\/naxcivanda-sahibkarlar-etiraza-baslayiblar\\\/\"]}]},{\"@type\":\"ImageObject\",\"inLanguage\":\"az\",\"@id\":\"https:\\\/\\\/www.meydan.tv\\\/az\\\/article\\\/naxcivanda-sahibkarlar-etiraza-baslayiblar\\\/#primaryimage\",\"url\":\"https:\\\/\\\/www.meydan.tv\\\/wp-content\\\/uploads\\\/nax2-e1714634880500.jpg\",\"contentUrl\":\"https:\\\/\\\/www.meydan.tv\\\/wp-content\\\/uploads\\\/nax2-e1714634880500.jpg\",\"width\":1200,\"height\":467,\"caption\":\"Fotolar: Meydan TV\"},{\"@type\":\"BreadcrumbList\",\"@id\":\"https:\\\/\\\/www.meydan.tv\\\/az\\\/article\\\/naxcivanda-sahibkarlar-etiraza-baslayiblar\\\/#breadcrumb\",\"itemListElement\":[{\"@type\":\"ListItem\",\"position\":1,\"name\":\"Ana s\u0259hif\u0259\",\"item\":\"https:\\\/\\\/www.meydan.tv\\\/az\\\/\"},{\"@type\":\"ListItem\",\"position\":2,\"name\":\"B\u00f6lg\u0259\",\"item\":\"https:\\\/\\\/www.meydan.tv\\\/az\\\/section\\\/bolge\\\/\"},{\"@type\":\"ListItem\",\"position\":3,\"name\":\"Nax\u00e7\u0131vanda sahibkarlar etiraza ba\u015flay\u0131blar\"}]},{\"@type\":\"WebSite\",\"@id\":\"https:\\\/\\\/www.meydan.tv\\\/az\\\/#website\",\"url\":\"https:\\\/\\\/www.meydan.tv\\\/az\\\/\",\"name\":\"MEYDAN.TV\",\"description\":\"Meydan TV Az\u0259rbaycan\u0131n media m\u0259kan\u0131ndak\u0131 alternativ s\u0259sidir\",\"publisher\":{\"@id\":\"https:\\\/\\\/www.meydan.tv\\\/az\\\/#organization\"},\"potentialAction\":[{\"@type\":\"SearchAction\",\"target\":{\"@type\":\"EntryPoint\",\"urlTemplate\":\"https:\\\/\\\/www.meydan.tv\\\/az\\\/?s={search_term_string}\"},\"query-input\":{\"@type\":\"PropertyValueSpecification\",\"valueRequired\":true,\"valueName\":\"search_term_string\"}}],\"inLanguage\":\"az\"},{\"@type\":\"Organization\",\"@id\":\"https:\\\/\\\/www.meydan.tv\\\/az\\\/#organization\",\"name\":\"Meydan TV\",\"url\":\"https:\\\/\\\/www.meydan.tv\\\/az\\\/\",\"logo\":{\"@type\":\"ImageObject\",\"inLanguage\":\"az\",\"@id\":\"https:\\\/\\\/www.meydan.tv\\\/az\\\/#\\\/schema\\\/logo\\\/image\\\/\",\"url\":\"https:\\\/\\\/www.meydan.tv\\\/wp-content\\\/uploads\\\/2021\\\/07\\\/meydan-logo.svg\",\"contentUrl\":\"https:\\\/\\\/www.meydan.tv\\\/wp-content\\\/uploads\\\/2021\\\/07\\\/meydan-logo.svg\",\"width\":195,\"height\":46,\"caption\":\"Meydan TV\"},\"image\":{\"@id\":\"https:\\\/\\\/www.meydan.tv\\\/az\\\/#\\\/schema\\\/logo\\\/image\\\/\"}},{\"@type\":\"Person\",\"@id\":\"https:\\\/\\\/www.meydan.tv\\\/az\\\/#\\\/schema\\\/person\\\/9cdbecf90d17180ce1dfbd95b08dcf47\",\"name\":\"elli\",\"sameAs\":[\"https:\\\/\\\/x.com\\\/elli\"]}]}<\/script>\n<!-- \/ Yoast SEO plugin. -->","yoast_head_json":{"title":"Nax\u00e7\u0131vanda sahibkarlar etiraza ba\u015flay\u0131blar - MEYDAN.TV","robots":{"index":"index","follow":"follow","max-snippet":"max-snippet:-1","max-image-preview":"max-image-preview:large","max-video-preview":"max-video-preview:-1"},"canonical":"https:\/\/www.meydan.tv\/az\/article\/naxcivanda-sahibkarlar-etiraza-baslayiblar\/","og_locale":"az_AZ","og_type":"article","og_title":"Nax\u00e7\u0131vanda sahibkarlar etiraza ba\u015flay\u0131blar - MEYDAN.TV","og_url":"https:\/\/www.meydan.tv\/az\/article\/naxcivanda-sahibkarlar-etiraza-baslayiblar\/","og_site_name":"MEYDAN.TV","article_published_time":"2024-05-02T07:28:50+00:00","article_modified_time":"2024-05-02T14:35:00+00:00","og_image":[{"width":1200,"height":467,"url":"https:\/\/www.meydan.tv\/wp-content\/uploads\/nax2-e1714634880500.jpg","type":"image\/jpeg"}],"author":"elli","twitter_card":"summary_large_image","twitter_creator":"@elli","schema":{"@context":"https:\/\/schema.org","@graph":[{"@type":"Article","@id":"https:\/\/www.meydan.tv\/az\/article\/naxcivanda-sahibkarlar-etiraza-baslayiblar\/#article","isPartOf":{"@id":"https:\/\/www.meydan.tv\/az\/article\/naxcivanda-sahibkarlar-etiraza-baslayiblar\/"},"author":{"name":"elli","@id":"https:\/\/www.meydan.tv\/az\/#\/schema\/person\/9cdbecf90d17180ce1dfbd95b08dcf47"},"headline":"Nax\u00e7\u0131vanda sahibkarlar etiraza ba\u015flay\u0131blar","datePublished":"2024-05-02T07:28:50+00:00","dateModified":"2024-05-02T14:35:00+00:00","mainEntityOfPage":{"@id":"https:\/\/www.meydan.tv\/az\/article\/naxcivanda-sahibkarlar-etiraza-baslayiblar\/"},"wordCount":258,"publisher":{"@id":"https:\/\/www.meydan.tv\/az\/#organization"},"image":{"@id":"https:\/\/www.meydan.tv\/az\/article\/naxcivanda-sahibkarlar-etiraza-baslayiblar\/#primaryimage"},"thumbnailUrl":"https:\/\/www.meydan.tv\/wp-content\/uploads\/nax2-e1714634880500.jpg","articleSection":["B\u00f6lg\u0259","T\u00f6vsiy\u0259","Video","X\u0259b\u0259rl\u0259r"],"inLanguage":"az"},{"@type":"WebPage","@id":"https:\/\/www.meydan.tv\/az\/article\/naxcivanda-sahibkarlar-etiraza-baslayiblar\/","url":"https:\/\/www.meydan.tv\/az\/article\/naxcivanda-sahibkarlar-etiraza-baslayiblar\/","name":"Nax\u00e7\u0131vanda sahibkarlar etiraza ba\u015flay\u0131blar - MEYDAN.TV","isPartOf":{"@id":"https:\/\/www.meydan.tv\/az\/#website"},"primaryImageOfPage":{"@id":"https:\/\/www.meydan.tv\/az\/article\/naxcivanda-sahibkarlar-etiraza-baslayiblar\/#primaryimage"},"image":{"@id":"https:\/\/www.meydan.tv\/az\/article\/naxcivanda-sahibkarlar-etiraza-baslayiblar\/#primaryimage"},"thumbnailUrl":"https:\/\/www.meydan.tv\/wp-content\/uploads\/nax2-e1714634880500.jpg","datePublished":"2024-05-02T07:28:50+00:00","dateModified":"2024-05-02T14:35:00+00:00","breadcrumb":{"@id":"https:\/\/www.meydan.tv\/az\/article\/naxcivanda-sahibkarlar-etiraza-baslayiblar\/#breadcrumb"},"inLanguage":"az","potentialAction":[{"@type":"ReadAction","target":["https:\/\/www.meydan.tv\/az\/article\/naxcivanda-sahibkarlar-etiraza-baslayiblar\/"]}]},{"@type":"ImageObject","inLanguage":"az","@id":"https:\/\/www.meydan.tv\/az\/article\/naxcivanda-sahibkarlar-etiraza-baslayiblar\/#primaryimage","url":"https:\/\/www.meydan.tv\/wp-content\/uploads\/nax2-e1714634880500.jpg","contentUrl":"https:\/\/www.meydan.tv\/wp-content\/uploads\/nax2-e1714634880500.jpg","width":1200,"height":467,"caption":"Fotolar: Meydan TV"},{"@type":"BreadcrumbList","@id":"https:\/\/www.meydan.tv\/az\/article\/naxcivanda-sahibkarlar-etiraza-baslayiblar\/#breadcrumb","itemListElement":[{"@type":"ListItem","position":1,"name":"Ana s\u0259hif\u0259","item":"https:\/\/www.meydan.tv\/az\/"},{"@type":"ListItem","position":2,"name":"B\u00f6lg\u0259","item":"https:\/\/www.meydan.tv\/az\/section\/bolge\/"},{"@type":"ListItem","position":3,"name":"Nax\u00e7\u0131vanda sahibkarlar etiraza ba\u015flay\u0131blar"}]},{"@type":"WebSite","@id":"https:\/\/www.meydan.tv\/az\/#website","url":"https:\/\/www.meydan.tv\/az\/","name":"MEYDAN.TV","description":"Meydan TV Az\u0259rbaycan\u0131n media m\u0259kan\u0131ndak\u0131 alternativ s\u0259sidir","publisher":{"@id":"https:\/\/www.meydan.tv\/az\/#organization"},"potentialAction":[{"@type":"SearchAction","target":{"@type":"EntryPoint","urlTemplate":"https:\/\/www.meydan.tv\/az\/?s={search_term_string}"},"query-input":{"@type":"PropertyValueSpecification","valueRequired":true,"valueName":"search_term_string"}}],"inLanguage":"az"},{"@type":"Organization","@id":"https:\/\/www.meydan.tv\/az\/#organization","name":"Meydan TV","url":"https:\/\/www.meydan.tv\/az\/","logo":{"@type":"ImageObject","inLanguage":"az","@id":"https:\/\/www.meydan.tv\/az\/#\/schema\/logo\/image\/","url":"https:\/\/www.meydan.tv\/wp-content\/uploads\/2021\/07\/meydan-logo.svg","contentUrl":"https:\/\/www.meydan.tv\/wp-content\/uploads\/2021\/07\/meydan-logo.svg","width":195,"height":46,"caption":"Meydan TV"},"image":{"@id":"https:\/\/www.meydan.tv\/az\/#\/schema\/logo\/image\/"}},{"@type":"Person","@id":"https:\/\/www.meydan.tv\/az\/#\/schema\/person\/9cdbecf90d17180ce1dfbd95b08dcf47","name":"elli","sameAs":["https:\/\/x.com\/elli"]}]}},"_links":{"self":[{"href":"https:\/\/www.meydan.tv\/az\/wp-json\/wp\/v2\/posts\/304865","targetHints":{"allow":["GET"]}}],"collection":[{"href":"https:\/\/www.meydan.tv\/az\/wp-json\/wp\/v2\/posts"}],"about":[{"href":"https:\/\/www.meydan.tv\/az\/wp-json\/wp\/v2\/types\/post"}],"author":[{"embeddable":true,"href":"https:\/\/www.meydan.tv\/az\/wp-json\/wp\/v2\/users\/8"}],"replies":[{"embeddable":true,"href":"https:\/\/www.meydan.tv\/az\/wp-json\/wp\/v2\/comments?post=304865"}],"version-history":[{"count":4,"href":"https:\/\/www.meydan.tv\/az\/wp-json\/wp\/v2\/posts\/304865\/revisions"}],"predecessor-version":[{"id":304922,"href":"https:\/\/www.meydan.tv\/az\/wp-json\/wp\/v2\/posts\/304865\/revisions\/304922"}],"wp:featuredmedia":[{"embeddable":true,"href":"https:\/\/www.meydan.tv\/az\/wp-json\/wp\/v2\/media\/304858"}],"wp:attachment":[{"href":"https:\/\/www.meydan.tv\/az\/wp-json\/wp\/v2\/media?parent=304865"}],"wp:term":[{"taxonomy":"category","embeddable":true,"href":"https:\/\/www.meydan.tv\/az\/wp-json\/wp\/v2\/categories?post=304865"},{"taxonomy":"post_tag","embeddable":true,"href":"https:\/\/www.meydan.tv\/az\/wp-json\/wp\/v2\/tags?post=304865"}],"curies":[{"name":"wp","href":"https:\/\/api.w.org\/{rel}","templated":true}]}}