{"id":304808,"date":"2024-05-01T16:50:09","date_gmt":"2024-05-01T12:50:09","guid":{"rendered":"https:\/\/www.meydan.tv\/?p=304808"},"modified":"2024-05-01T16:50:11","modified_gmt":"2024-05-01T12:50:11","slug":"bas-hekime-12-il-6-ay-hebs-cezasi-istenildi","status":"publish","type":"post","link":"https:\/\/www.meydan.tv\/az\/article\/bas-hekime-12-il-6-ay-hebs-cezasi-istenildi\/","title":{"rendered":"Ba\u015f h\u0259kim\u0259 12 il 6 ay h\u0259bs c\u0259zas\u0131 ist\u0259nildi"},"content":{"rendered":"\n<p><\/p>\n\n\n\n<p><strong><em>Prokuror C\u0259lil N\u0259z\u0259rovun k\u00f6m\u0259k\u00e7isinin d\u0259 h\u0259bsini t\u0259l\u0259b etdi<\/em><\/strong><\/p>\n\n\n\n<p>Masall\u0131 Rayon M\u0259rk\u0259zi X\u0259st\u0259xanas\u0131n\u0131n ke\u00e7mi\u015f ba\u015f h\u0259kimi, 3 il \u00f6nc\u0259 h\u0259bs edil\u0259n, sonradan azadl\u0131\u011fa burax\u0131lsa da, haqq\u0131nda cinay\u0259t t\u0259qibi davam ed\u0259n C\u0259lil N\u0259z\u0259rova prokuror 12 il 6 ay h\u0259bs c\u0259zas\u0131 ist\u0259yib.<\/p>\n\n\n\n<p>Onun i\u015fin\u0259 L\u0259nk\u0259ran A\u011f\u0131r Cinay\u0259tl\u0259r M\u0259hk\u0259m\u0259sind\u0259 bax\u0131l\u0131r. C\u0259lil N\u0259z\u0259rovla yana\u015f\u0131, k\u00f6m\u0259k\u00e7isi T\u0259ran\u0259 \u018fliyeva da t\u0259qsirl\u0259ndiril\u0259n \u015f\u0259xs qismind\u0259 m\u0259hk\u0259m\u0259 qar\u015f\u0131s\u0131na \u00e7\u0131xar\u0131l\u0131r. Onlara qar\u015f\u0131 m\u0259nims\u0259m\u0259, r\u00fc\u015fv\u0259t alma, v\u0259zif\u0259 s\u0259lahiyy\u0259tl\u0259rind\u0259n sui-istifad\u0259 etm\u0259, cinay\u0259t yolu il\u0259 \u0259ld\u0259 edilmi\u015f v\u0259saitl\u0259rin leqalla\u015fd\u0131r\u0131lmas\u0131 kimi ittihamlar ir\u0259li s\u00fcr\u00fcl\u00fcb.<\/p>\n\n\n\n<p>Onlar\u0131n i\u015fi \u00fczr\u0259 bir ne\u00e7\u0259 ayd\u0131r davam ed\u0259n m\u0259hk\u0259m\u0259 istintaq\u0131 may\u0131n 1-d\u0259 yekunla\u015f\u0131b v\u0259 \u00e7\u0131x\u0131\u015flar m\u0259rh\u0259l\u0259si ba\u015flay\u0131b. Prokuror \u00e7\u0131x\u0131\u015f\u0131nda bildirib ki, C\u0259lil N\u0259z\u0259rov v\u0259 T\u0259ran\u0259 \u018fliyevaya qar\u015f\u0131 ittihamlar m\u0259hk\u0259m\u0259d\u0259 s\u00fcbuta yetirilib. O, sabiq ba\u015f h\u0259kimin 12 il 6 ay, k\u00f6m\u0259k\u00e7isinin is\u0259 9 il azadl\u0131qdan m\u0259hrum olunmas\u0131n\u0131 t\u0259klif edib. Haz\u0131rda onlar\u0131n h\u0259r ikisi azadl\u0131qda oldu\u011funa g\u00f6r\u0259 prokuror onlar\u0131n h\u00f6kmd\u0259 m\u0259hk\u0259m\u0259 zal\u0131ndan h\u0259bs edilm\u0259sini ist\u0259yib.<\/p>\n\n\n\n<p>Prosessual qaydalara g\u00f6r\u0259, prokurordan sonra t\u0259qsirl\u0259ndiril\u0259n \u015f\u0259xsl\u0259rin v\u0259kill\u0259ri \u00e7\u0131x\u0131\u015f etm\u0259lidir. V\u0259kill\u0259r \u00e7\u0131x\u0131\u015fa haz\u0131rla\u015fmaq \u00fc\u00e7\u00fcn vaxt ist\u0259yib.<\/p>\n\n\n\n<p>68 ya\u015fl\u0131 C\u0259lil N\u0259z\u0259rovun a\u011f\u0131r x\u0259st\u0259likd\u0259n \u0259ziyy\u0259t \u00e7\u0259kdiyi \u0259sas g\u0259tiril\u0259r\u0259k, o, 2022-ci ilin noyabr\u0131nda h\u0259bsd\u0259n burax\u0131l\u0131b. O, s\u0259rb\u0259st h\u0259r\u0259k\u0259t qabiliyy\u0259tini itirib.<\/p>\n\n\n\n<p>T\u0259ran\u0259 \u018fliyeva haqq\u0131nda is\u0259 \u0259vv\u0259ld\u0259n h\u0259bs q\u0259timkan t\u0259dbiri se\u00e7ilm\u0259mi\u015fdi.<\/p>\n\n\n\n<p>C\u0259lil N\u0259z\u0259rov ba\u015f h\u0259kim v\u0259zif\u0259sind\u0259n azad edil\u0259nd\u0259n Masall\u0131 rayon M\u0259rk\u0259zi X\u0259st\u0259xanas\u0131nda bu v\u0259zif\u0259y\u0259 E\u015fqin \u018fliyev t\u0259yin edilmi\u015fdi. Lakin bir m\u00fcdd\u0259t \u00f6nc\u0259 o da d\u0259l\u0259duzluq v\u0259 r\u00fc\u015fv\u0259t ittiham\u0131yla h\u0259bs olunub. M\u0259hk\u0259m\u0259 E\u015fqin \u018fliyevin 8 il 6 ay azadl\u0131qdan m\u0259hrum edilm\u0259si bar\u0259d\u0259 h\u00f6km \u00e7\u0131xar\u0131b.<\/p>\n","protected":false},"excerpt":{"rendered":"<p>Prokuror C\u0259lil N\u0259z\u0259rovun k\u00f6m\u0259k\u00e7isinin d\u0259 h\u0259bsini t\u0259l\u0259b etdi Masall\u0131 Rayon &#8230; <\/p>\n<p class=\"read-more-container\"><a title=\"Ba\u015f h\u0259kim\u0259 12 il 6 ay h\u0259bs c\u0259zas\u0131 ist\u0259nildi\" class=\"read-more button\" href=\"https:\/\/www.meydan.tv\/az\/article\/bas-hekime-12-il-6-ay-hebs-cezasi-istenildi\/#more-304808\" aria-label=\"Read more about Ba\u015f h\u0259kim\u0259 12 il 6 ay h\u0259bs c\u0259zas\u0131 ist\u0259nildi\">Davam\u0131<\/a><\/p>\n","protected":false},"author":8,"featured_media":210852,"comment_status":"closed","ping_status":"closed","sticky":false,"template":"","format":"standard","meta":{"_acf_changed":false,"_sitemap_exclude":false,"_sitemap_priority":"","_sitemap_frequency":"","footnotes":""},"categories":[62,56],"tags":[],"class_list":["post-304808","post","type-post","status-publish","format-standard","has-post-thumbnail","hentry","category-sosial","category-xeberler","infinite-scroll-item","generate-columns","tablet-grid-50","mobile-grid-100","grid-parent","grid-33","no-featured-image-padding"],"acf":[],"yoast_head":"<!-- This site is optimized with the Yoast SEO plugin v27.5 - https:\/\/yoast.com\/product\/yoast-seo-wordpress\/ -->\n<title>Ba\u015f h\u0259kim\u0259 12 il 6 ay h\u0259bs c\u0259zas\u0131 ist\u0259nildi - MEYDAN.TV<\/title>\n<meta name=\"robots\" content=\"index, follow, max-snippet:-1, max-image-preview:large, max-video-preview:-1\" \/>\n<link rel=\"canonical\" href=\"https:\/\/www.meydan.tv\/az\/article\/bas-hekime-12-il-6-ay-hebs-cezasi-istenildi\/\" \/>\n<meta property=\"og:locale\" content=\"az_AZ\" \/>\n<meta property=\"og:type\" content=\"article\" \/>\n<meta property=\"og:title\" content=\"Ba\u015f h\u0259kim\u0259 12 il 6 ay h\u0259bs c\u0259zas\u0131 ist\u0259nildi - MEYDAN.TV\" \/>\n<meta property=\"og:description\" content=\"Prokuror C\u0259lil N\u0259z\u0259rovun k\u00f6m\u0259k\u00e7isinin d\u0259 h\u0259bsini t\u0259l\u0259b etdi Masall\u0131 Rayon ... Davam\u0131\" \/>\n<meta property=\"og:url\" content=\"https:\/\/www.meydan.tv\/az\/article\/bas-hekime-12-il-6-ay-hebs-cezasi-istenildi\/\" \/>\n<meta property=\"og:site_name\" content=\"MEYDAN.TV\" \/>\n<meta property=\"article:published_time\" content=\"2024-05-01T12:50:09+00:00\" \/>\n<meta property=\"article:modified_time\" content=\"2024-05-01T12:50:11+00:00\" \/>\n<meta property=\"og:image\" content=\"https:\/\/www.meydan.tv\/wp-content\/uploads\/mehkeme19_wxnshvn-scaled.jpg\" \/>\n\t<meta property=\"og:image:width\" content=\"2560\" \/>\n\t<meta property=\"og:image:height\" content=\"1440\" \/>\n\t<meta property=\"og:image:type\" content=\"image\/jpeg\" \/>\n<meta name=\"author\" content=\"elli\" \/>\n<meta name=\"twitter:card\" content=\"summary_large_image\" \/>\n<meta name=\"twitter:creator\" content=\"@elli\" \/>\n<script type=\"application\/ld+json\" class=\"yoast-schema-graph\">{\"@context\":\"https:\\\/\\\/schema.org\",\"@graph\":[{\"@type\":\"Article\",\"@id\":\"https:\\\/\\\/www.meydan.tv\\\/az\\\/article\\\/bas-hekime-12-il-6-ay-hebs-cezasi-istenildi\\\/#article\",\"isPartOf\":{\"@id\":\"https:\\\/\\\/www.meydan.tv\\\/az\\\/article\\\/bas-hekime-12-il-6-ay-hebs-cezasi-istenildi\\\/\"},\"author\":{\"name\":\"elli\",\"@id\":\"https:\\\/\\\/www.meydan.tv\\\/az\\\/#\\\/schema\\\/person\\\/9cdbecf90d17180ce1dfbd95b08dcf47\"},\"headline\":\"Ba\u015f h\u0259kim\u0259 12 il 6 ay h\u0259bs c\u0259zas\u0131 ist\u0259nildi\",\"datePublished\":\"2024-05-01T12:50:09+00:00\",\"dateModified\":\"2024-05-01T12:50:11+00:00\",\"mainEntityOfPage\":{\"@id\":\"https:\\\/\\\/www.meydan.tv\\\/az\\\/article\\\/bas-hekime-12-il-6-ay-hebs-cezasi-istenildi\\\/\"},\"wordCount\":437,\"publisher\":{\"@id\":\"https:\\\/\\\/www.meydan.tv\\\/az\\\/#organization\"},\"image\":{\"@id\":\"https:\\\/\\\/www.meydan.tv\\\/az\\\/article\\\/bas-hekime-12-il-6-ay-hebs-cezasi-istenildi\\\/#primaryimage\"},\"thumbnailUrl\":\"https:\\\/\\\/www.meydan.tv\\\/wp-content\\\/uploads\\\/mehkeme19_wxnshvn-scaled.jpg\",\"articleSection\":[\"Sosial\",\"X\u0259b\u0259rl\u0259r\"],\"inLanguage\":\"az\"},{\"@type\":\"WebPage\",\"@id\":\"https:\\\/\\\/www.meydan.tv\\\/az\\\/article\\\/bas-hekime-12-il-6-ay-hebs-cezasi-istenildi\\\/\",\"url\":\"https:\\\/\\\/www.meydan.tv\\\/az\\\/article\\\/bas-hekime-12-il-6-ay-hebs-cezasi-istenildi\\\/\",\"name\":\"Ba\u015f h\u0259kim\u0259 12 il 6 ay h\u0259bs c\u0259zas\u0131 ist\u0259nildi - MEYDAN.TV\",\"isPartOf\":{\"@id\":\"https:\\\/\\\/www.meydan.tv\\\/az\\\/#website\"},\"primaryImageOfPage\":{\"@id\":\"https:\\\/\\\/www.meydan.tv\\\/az\\\/article\\\/bas-hekime-12-il-6-ay-hebs-cezasi-istenildi\\\/#primaryimage\"},\"image\":{\"@id\":\"https:\\\/\\\/www.meydan.tv\\\/az\\\/article\\\/bas-hekime-12-il-6-ay-hebs-cezasi-istenildi\\\/#primaryimage\"},\"thumbnailUrl\":\"https:\\\/\\\/www.meydan.tv\\\/wp-content\\\/uploads\\\/mehkeme19_wxnshvn-scaled.jpg\",\"datePublished\":\"2024-05-01T12:50:09+00:00\",\"dateModified\":\"2024-05-01T12:50:11+00:00\",\"breadcrumb\":{\"@id\":\"https:\\\/\\\/www.meydan.tv\\\/az\\\/article\\\/bas-hekime-12-il-6-ay-hebs-cezasi-istenildi\\\/#breadcrumb\"},\"inLanguage\":\"az\",\"potentialAction\":[{\"@type\":\"ReadAction\",\"target\":[\"https:\\\/\\\/www.meydan.tv\\\/az\\\/article\\\/bas-hekime-12-il-6-ay-hebs-cezasi-istenildi\\\/\"]}]},{\"@type\":\"ImageObject\",\"inLanguage\":\"az\",\"@id\":\"https:\\\/\\\/www.meydan.tv\\\/az\\\/article\\\/bas-hekime-12-il-6-ay-hebs-cezasi-istenildi\\\/#primaryimage\",\"url\":\"https:\\\/\\\/www.meydan.tv\\\/wp-content\\\/uploads\\\/mehkeme19_wxnshvn-scaled.jpg\",\"contentUrl\":\"https:\\\/\\\/www.meydan.tv\\\/wp-content\\\/uploads\\\/mehkeme19_wxnshvn-scaled.jpg\",\"width\":2560,\"height\":1440,\"caption\":\"Foto: Meydan TV\"},{\"@type\":\"BreadcrumbList\",\"@id\":\"https:\\\/\\\/www.meydan.tv\\\/az\\\/article\\\/bas-hekime-12-il-6-ay-hebs-cezasi-istenildi\\\/#breadcrumb\",\"itemListElement\":[{\"@type\":\"ListItem\",\"position\":1,\"name\":\"Ana s\u0259hif\u0259\",\"item\":\"https:\\\/\\\/www.meydan.tv\\\/az\\\/\"},{\"@type\":\"ListItem\",\"position\":2,\"name\":\"Sosial\",\"item\":\"https:\\\/\\\/www.meydan.tv\\\/az\\\/section\\\/sosial\\\/\"},{\"@type\":\"ListItem\",\"position\":3,\"name\":\"Ba\u015f h\u0259kim\u0259 12 il 6 ay h\u0259bs c\u0259zas\u0131 ist\u0259nildi\"}]},{\"@type\":\"WebSite\",\"@id\":\"https:\\\/\\\/www.meydan.tv\\\/az\\\/#website\",\"url\":\"https:\\\/\\\/www.meydan.tv\\\/az\\\/\",\"name\":\"MEYDAN.TV\",\"description\":\"Meydan TV Az\u0259rbaycan\u0131n media m\u0259kan\u0131ndak\u0131 alternativ s\u0259sidir\",\"publisher\":{\"@id\":\"https:\\\/\\\/www.meydan.tv\\\/az\\\/#organization\"},\"potentialAction\":[{\"@type\":\"SearchAction\",\"target\":{\"@type\":\"EntryPoint\",\"urlTemplate\":\"https:\\\/\\\/www.meydan.tv\\\/az\\\/?s={search_term_string}\"},\"query-input\":{\"@type\":\"PropertyValueSpecification\",\"valueRequired\":true,\"valueName\":\"search_term_string\"}}],\"inLanguage\":\"az\"},{\"@type\":\"Organization\",\"@id\":\"https:\\\/\\\/www.meydan.tv\\\/az\\\/#organization\",\"name\":\"Meydan TV\",\"url\":\"https:\\\/\\\/www.meydan.tv\\\/az\\\/\",\"logo\":{\"@type\":\"ImageObject\",\"inLanguage\":\"az\",\"@id\":\"https:\\\/\\\/www.meydan.tv\\\/az\\\/#\\\/schema\\\/logo\\\/image\\\/\",\"url\":\"https:\\\/\\\/www.meydan.tv\\\/wp-content\\\/uploads\\\/2021\\\/07\\\/meydan-logo.svg\",\"contentUrl\":\"https:\\\/\\\/www.meydan.tv\\\/wp-content\\\/uploads\\\/2021\\\/07\\\/meydan-logo.svg\",\"width\":195,\"height\":46,\"caption\":\"Meydan TV\"},\"image\":{\"@id\":\"https:\\\/\\\/www.meydan.tv\\\/az\\\/#\\\/schema\\\/logo\\\/image\\\/\"}},{\"@type\":\"Person\",\"@id\":\"https:\\\/\\\/www.meydan.tv\\\/az\\\/#\\\/schema\\\/person\\\/9cdbecf90d17180ce1dfbd95b08dcf47\",\"name\":\"elli\",\"sameAs\":[\"https:\\\/\\\/x.com\\\/elli\"]}]}<\/script>\n<!-- \/ Yoast SEO plugin. -->","yoast_head_json":{"title":"Ba\u015f h\u0259kim\u0259 12 il 6 ay h\u0259bs c\u0259zas\u0131 ist\u0259nildi - MEYDAN.TV","robots":{"index":"index","follow":"follow","max-snippet":"max-snippet:-1","max-image-preview":"max-image-preview:large","max-video-preview":"max-video-preview:-1"},"canonical":"https:\/\/www.meydan.tv\/az\/article\/bas-hekime-12-il-6-ay-hebs-cezasi-istenildi\/","og_locale":"az_AZ","og_type":"article","og_title":"Ba\u015f h\u0259kim\u0259 12 il 6 ay h\u0259bs c\u0259zas\u0131 ist\u0259nildi - MEYDAN.TV","og_description":"Prokuror C\u0259lil N\u0259z\u0259rovun k\u00f6m\u0259k\u00e7isinin d\u0259 h\u0259bsini t\u0259l\u0259b etdi Masall\u0131 Rayon ... Davam\u0131","og_url":"https:\/\/www.meydan.tv\/az\/article\/bas-hekime-12-il-6-ay-hebs-cezasi-istenildi\/","og_site_name":"MEYDAN.TV","article_published_time":"2024-05-01T12:50:09+00:00","article_modified_time":"2024-05-01T12:50:11+00:00","og_image":[{"width":2560,"height":1440,"url":"https:\/\/www.meydan.tv\/wp-content\/uploads\/mehkeme19_wxnshvn-scaled.jpg","type":"image\/jpeg"}],"author":"elli","twitter_card":"summary_large_image","twitter_creator":"@elli","schema":{"@context":"https:\/\/schema.org","@graph":[{"@type":"Article","@id":"https:\/\/www.meydan.tv\/az\/article\/bas-hekime-12-il-6-ay-hebs-cezasi-istenildi\/#article","isPartOf":{"@id":"https:\/\/www.meydan.tv\/az\/article\/bas-hekime-12-il-6-ay-hebs-cezasi-istenildi\/"},"author":{"name":"elli","@id":"https:\/\/www.meydan.tv\/az\/#\/schema\/person\/9cdbecf90d17180ce1dfbd95b08dcf47"},"headline":"Ba\u015f h\u0259kim\u0259 12 il 6 ay h\u0259bs c\u0259zas\u0131 ist\u0259nildi","datePublished":"2024-05-01T12:50:09+00:00","dateModified":"2024-05-01T12:50:11+00:00","mainEntityOfPage":{"@id":"https:\/\/www.meydan.tv\/az\/article\/bas-hekime-12-il-6-ay-hebs-cezasi-istenildi\/"},"wordCount":437,"publisher":{"@id":"https:\/\/www.meydan.tv\/az\/#organization"},"image":{"@id":"https:\/\/www.meydan.tv\/az\/article\/bas-hekime-12-il-6-ay-hebs-cezasi-istenildi\/#primaryimage"},"thumbnailUrl":"https:\/\/www.meydan.tv\/wp-content\/uploads\/mehkeme19_wxnshvn-scaled.jpg","articleSection":["Sosial","X\u0259b\u0259rl\u0259r"],"inLanguage":"az"},{"@type":"WebPage","@id":"https:\/\/www.meydan.tv\/az\/article\/bas-hekime-12-il-6-ay-hebs-cezasi-istenildi\/","url":"https:\/\/www.meydan.tv\/az\/article\/bas-hekime-12-il-6-ay-hebs-cezasi-istenildi\/","name":"Ba\u015f h\u0259kim\u0259 12 il 6 ay h\u0259bs c\u0259zas\u0131 ist\u0259nildi - MEYDAN.TV","isPartOf":{"@id":"https:\/\/www.meydan.tv\/az\/#website"},"primaryImageOfPage":{"@id":"https:\/\/www.meydan.tv\/az\/article\/bas-hekime-12-il-6-ay-hebs-cezasi-istenildi\/#primaryimage"},"image":{"@id":"https:\/\/www.meydan.tv\/az\/article\/bas-hekime-12-il-6-ay-hebs-cezasi-istenildi\/#primaryimage"},"thumbnailUrl":"https:\/\/www.meydan.tv\/wp-content\/uploads\/mehkeme19_wxnshvn-scaled.jpg","datePublished":"2024-05-01T12:50:09+00:00","dateModified":"2024-05-01T12:50:11+00:00","breadcrumb":{"@id":"https:\/\/www.meydan.tv\/az\/article\/bas-hekime-12-il-6-ay-hebs-cezasi-istenildi\/#breadcrumb"},"inLanguage":"az","potentialAction":[{"@type":"ReadAction","target":["https:\/\/www.meydan.tv\/az\/article\/bas-hekime-12-il-6-ay-hebs-cezasi-istenildi\/"]}]},{"@type":"ImageObject","inLanguage":"az","@id":"https:\/\/www.meydan.tv\/az\/article\/bas-hekime-12-il-6-ay-hebs-cezasi-istenildi\/#primaryimage","url":"https:\/\/www.meydan.tv\/wp-content\/uploads\/mehkeme19_wxnshvn-scaled.jpg","contentUrl":"https:\/\/www.meydan.tv\/wp-content\/uploads\/mehkeme19_wxnshvn-scaled.jpg","width":2560,"height":1440,"caption":"Foto: Meydan TV"},{"@type":"BreadcrumbList","@id":"https:\/\/www.meydan.tv\/az\/article\/bas-hekime-12-il-6-ay-hebs-cezasi-istenildi\/#breadcrumb","itemListElement":[{"@type":"ListItem","position":1,"name":"Ana s\u0259hif\u0259","item":"https:\/\/www.meydan.tv\/az\/"},{"@type":"ListItem","position":2,"name":"Sosial","item":"https:\/\/www.meydan.tv\/az\/section\/sosial\/"},{"@type":"ListItem","position":3,"name":"Ba\u015f h\u0259kim\u0259 12 il 6 ay h\u0259bs c\u0259zas\u0131 ist\u0259nildi"}]},{"@type":"WebSite","@id":"https:\/\/www.meydan.tv\/az\/#website","url":"https:\/\/www.meydan.tv\/az\/","name":"MEYDAN.TV","description":"Meydan TV Az\u0259rbaycan\u0131n media m\u0259kan\u0131ndak\u0131 alternativ s\u0259sidir","publisher":{"@id":"https:\/\/www.meydan.tv\/az\/#organization"},"potentialAction":[{"@type":"SearchAction","target":{"@type":"EntryPoint","urlTemplate":"https:\/\/www.meydan.tv\/az\/?s={search_term_string}"},"query-input":{"@type":"PropertyValueSpecification","valueRequired":true,"valueName":"search_term_string"}}],"inLanguage":"az"},{"@type":"Organization","@id":"https:\/\/www.meydan.tv\/az\/#organization","name":"Meydan TV","url":"https:\/\/www.meydan.tv\/az\/","logo":{"@type":"ImageObject","inLanguage":"az","@id":"https:\/\/www.meydan.tv\/az\/#\/schema\/logo\/image\/","url":"https:\/\/www.meydan.tv\/wp-content\/uploads\/2021\/07\/meydan-logo.svg","contentUrl":"https:\/\/www.meydan.tv\/wp-content\/uploads\/2021\/07\/meydan-logo.svg","width":195,"height":46,"caption":"Meydan TV"},"image":{"@id":"https:\/\/www.meydan.tv\/az\/#\/schema\/logo\/image\/"}},{"@type":"Person","@id":"https:\/\/www.meydan.tv\/az\/#\/schema\/person\/9cdbecf90d17180ce1dfbd95b08dcf47","name":"elli","sameAs":["https:\/\/x.com\/elli"]}]}},"_links":{"self":[{"href":"https:\/\/www.meydan.tv\/az\/wp-json\/wp\/v2\/posts\/304808","targetHints":{"allow":["GET"]}}],"collection":[{"href":"https:\/\/www.meydan.tv\/az\/wp-json\/wp\/v2\/posts"}],"about":[{"href":"https:\/\/www.meydan.tv\/az\/wp-json\/wp\/v2\/types\/post"}],"author":[{"embeddable":true,"href":"https:\/\/www.meydan.tv\/az\/wp-json\/wp\/v2\/users\/8"}],"replies":[{"embeddable":true,"href":"https:\/\/www.meydan.tv\/az\/wp-json\/wp\/v2\/comments?post=304808"}],"version-history":[{"count":3,"href":"https:\/\/www.meydan.tv\/az\/wp-json\/wp\/v2\/posts\/304808\/revisions"}],"predecessor-version":[{"id":304812,"href":"https:\/\/www.meydan.tv\/az\/wp-json\/wp\/v2\/posts\/304808\/revisions\/304812"}],"wp:featuredmedia":[{"embeddable":true,"href":"https:\/\/www.meydan.tv\/az\/wp-json\/wp\/v2\/media\/210852"}],"wp:attachment":[{"href":"https:\/\/www.meydan.tv\/az\/wp-json\/wp\/v2\/media?parent=304808"}],"wp:term":[{"taxonomy":"category","embeddable":true,"href":"https:\/\/www.meydan.tv\/az\/wp-json\/wp\/v2\/categories?post=304808"},{"taxonomy":"post_tag","embeddable":true,"href":"https:\/\/www.meydan.tv\/az\/wp-json\/wp\/v2\/tags?post=304808"}],"curies":[{"name":"wp","href":"https:\/\/api.w.org\/{rel}","templated":true}]}}