{"id":304794,"date":"2024-05-01T15:16:50","date_gmt":"2024-05-01T11:16:50","guid":{"rendered":"https:\/\/www.meydan.tv\/?p=304794"},"modified":"2024-05-01T15:48:13","modified_gmt":"2024-05-01T11:48:13","slug":"astrazeneca-koronavirus-peyvendleri-olumcul-yan-tesire-sebeb-ola-biler","status":"publish","type":"post","link":"https:\/\/www.meydan.tv\/az\/article\/astrazeneca-koronavirus-peyvendleri-olumcul-yan-tesire-sebeb-ola-biler\/","title":{"rendered":"\u201cAstraZeneca\u201d koronavirus peyv\u0259ndl\u0259ri \u00f6l\u00fcmc\u00fcl yan t\u0259sir\u0259 s\u0259b\u0259b ola bil\u0259r"},"content":{"rendered":"\n<p><\/p>\n\n\n\n<p><strong><em>\u201cThe Telegraph\u201d m\u0259hk\u0259m\u0259 s\u0259n\u0259dl\u0259rin\u0259 istinad edir<\/em><\/strong><\/p>\n\n\n\n<p>Britaniya-\u0130sve\u00e7 \u0259cza\u00e7\u0131l\u0131q \u015firk\u0259ti \u201cAstraZeneca\u201d ilk d\u0259f\u0259 etiraf edib ki, onun koronavirus \u0259leyhin\u0259 \u201cCovishield\u201d, \u201cVaxzevria\u201d peyv\u0259ndl\u0259ri \u00f6l\u00fcmc\u00fcl yan t\u0259sir &#8211; tromboza s\u0259b\u0259b ola bil\u0259r.<\/p>\n\n\n\n<p>Bu bar\u0259d\u0259 \u201cThe Telegraph\u201d m\u0259hk\u0259m\u0259 s\u0259n\u0259dl\u0259rin\u0259 istinad\u0259n x\u0259b\u0259r <a href=\"https:\/\/www.telegraph.co.uk\/news\/2024\/04\/30\/astrazeneca-vaccine-jamie-scott-class-action-side-effects\/\">verib.<\/a><\/p>\n\n\n\n<p>N\u0259\u015fr bildirib ki, Oksford Universiteti il\u0259 birg\u0259 haz\u0131rlad\u0131\u011f\u0131 peyv\u0259ndin x\u0259st\u0259l\u0259r\u0259 ciddi ziyan vurmas\u0131 v\u0259 h\u0259tta \u00f6l\u00fcml\u0259 n\u0259tic\u0259l\u0259nm\u0259sin\u0259 g\u00f6r\u0259 \u015firk\u0259t\u0259 qar\u015f\u0131 qrup iddias\u0131 qald\u0131r\u0131l\u0131b.<\/p>\n\n\n\n<p>Z\u0259r\u0259r\u00e7\u0259k\u0259nl\u0259r v\u0259 h\u0259yatlar\u0131n\u0131 itir\u0259nl\u0259rin yax\u0131nlar\u0131 \u201cAstraZeneca\u201ddan 100 milyon funt-sterlinq\u0259 q\u0259d\u0259r t\u0259zminat t\u0259l\u0259b edibl\u0259r.<\/p>\n\n\n\n<p>N\u0259\u015fr yaz\u0131r ki, qurbanlardan biri d\u0259 Ceymi Skottdur.<\/p>\n\n\n\n<p>O, 2021-ci ild\u0259 peyv\u0259nd olunub.<\/p>\n\n\n\n<p>Sonradan onun damar\u0131nda qan laxtas\u0131 yaran\u0131b, ard\u0131nca da beyinin\u0259 qan s\u0131z\u0131b.<\/p>\n\n\n\n<p><em>\u201cPeyv\u0259nd \u00e7ox nadir hallarda trombositopeniya sindromu (TTS) il\u0259 tromboza s\u0259b\u0259b ola bil\u0259r. Bunun s\u0259b\u0259bl\u0259ri m\u0259lum deyil\u201d,<\/em> \u2013 n\u0259\u015fr \u201cAstraZeneca\u201dn\u0131n Skottun v\u0259kill\u0259ri il\u0259 yaz\u0131\u015fmalar\u0131ndan bir hiss\u0259sin\u0259 istinadla yaz\u0131b.<\/p>\n\n\n\n<p>\u201cThe Telegraph\u201d qeyd edir ki, bu x\u0259st\u0259lik hallar\u0131n t\u0259xmin\u0259n 20%-d\u0259 \u00f6l\u00fcmc\u00fcl olur.<\/p>\n\n\n\n<p>\u201cAstraZeneca\u201d peyv\u0259ndind\u0259n sonra tromboz v\u0259 tromboemboliya hallar\u0131n\u0131n yaranmas\u0131 il\u0259 ba\u011fl\u0131 x\u0259b\u0259rl\u0259r 2021-ci ilin yaz\u0131ndan yay\u0131lma\u011fa ba\u015flay\u0131b.<\/p>\n\n\n\n<p>H\u0259min d\u00f6vrd\u0259 iyirmid\u0259n \u00e7ox \u00f6lk\u0259 \u201cAstraZeneca\u201dn\u0131n koronavirus peyv\u0259ndinin istifad\u0259sind\u0259n qism\u0259n v\u0259 ya tam imtina edib.<\/p>\n\n\n\n<p>\u201cAstraZeneca\u201d d\u0259rman\u0131n\u0131n istifad\u0259sinin dayand\u0131r\u0131lmas\u0131 b\u0259zi x\u0259st\u0259l\u0259rd\u0259 tromboz v\u0259 emboliya v\u0259 bir ne\u00e7\u0259 \u00f6l\u00fcm x\u0259b\u0259rind\u0259n sonra ba\u015f verib.<\/p>\n\n\n\n<p>\u018fvv\u0259lc\u0259 Avstriyada, daha sonra is\u0259 \u00f6l\u00fcm hallar\u0131 Danimarka, \u0130taliya v\u0259 Slovakiyada qeyd\u0259 al\u0131n\u0131b.<\/p>\n\n\n\n<p>Avropa \u0130ttifaq\u0131n\u0131n d\u0259rmanlara n\u0259zar\u0259t qurumu olan Avropa D\u0259rman Agentliyi (EMA) is\u0259 peyv\u0259ndi n\u0259z\u0259rd\u0259n ke\u00e7ir\u0259nd\u0259n sonra \u201cAstraZeneca\u201d peyv\u0259ndi il\u0259 qan laxtalanmas\u0131 riski aras\u0131nda \u0259laq\u0259 olmad\u0131\u011f\u0131n\u0131 a\u00e7\u0131qlam\u0131\u015fd\u0131.<\/p>\n\n\n\n<p>\u00dcmumd\u00fcnya S\u0259hiyy\u0259 T\u0259\u015fkilat\u0131 t\u0259r\u0259find\u0259n t\u0259cili istifad\u0259 \u00fc\u00e7\u00fcn yeddi vaksin t\u0259sdiq edilib.<\/p>\n\n\n\n<p>Onlar\u0131n aras\u0131nda Az\u0259rbaycanda istifad\u0259 olunan \u201cCoronaVac\u201d, \u201cPfizer\u201d v\u0259 \u201cAstraZeneca\u201d olub.<\/p>\n\n\n\n<p>Avropa D\u0259rman Agentliyi Comirnaty (BioNTech\/Pfizer), Vaxzevria (AstraZeneca), Spikevax (Moderna) v\u0259 Janssen (Johnson &amp; Johnson) vaksinl\u0259rini tan\u0131y\u0131b.<\/p>\n","protected":false},"excerpt":{"rendered":"<p>\u201cThe Telegraph\u201d m\u0259hk\u0259m\u0259 s\u0259n\u0259dl\u0259rin\u0259 istinad edir Britaniya-\u0130sve\u00e7 \u0259cza\u00e7\u0131l\u0131q \u015firk\u0259ti \u201cAstraZeneca\u201d &#8230; <\/p>\n<p class=\"read-more-container\"><a title=\"\u201cAstraZeneca\u201d koronavirus peyv\u0259ndl\u0259ri \u00f6l\u00fcmc\u00fcl yan t\u0259sir\u0259 s\u0259b\u0259b ola bil\u0259r\" class=\"read-more button\" href=\"https:\/\/www.meydan.tv\/az\/article\/astrazeneca-koronavirus-peyvendleri-olumcul-yan-tesire-sebeb-ola-biler\/#more-304794\" aria-label=\"Read more about \u201cAstraZeneca\u201d koronavirus peyv\u0259ndl\u0259ri \u00f6l\u00fcmc\u00fcl yan t\u0259sir\u0259 s\u0259b\u0259b ola bil\u0259r\">Davam\u0131<\/a><\/p>\n","protected":false},"author":8,"featured_media":159144,"comment_status":"closed","ping_status":"closed","sticky":false,"template":"","format":"standard","meta":{"_acf_changed":false,"_sitemap_exclude":false,"_sitemap_priority":"","_sitemap_frequency":"","footnotes":""},"categories":[54,56],"tags":[],"class_list":["post-304794","post","type-post","status-publish","format-standard","has-post-thumbnail","hentry","category-sagliq","category-xeberler","infinite-scroll-item","generate-columns","tablet-grid-50","mobile-grid-100","grid-parent","grid-33","no-featured-image-padding"],"acf":[],"yoast_head":"<!-- This site is optimized with the Yoast SEO plugin v27.4 - https:\/\/yoast.com\/product\/yoast-seo-wordpress\/ -->\n<title>\u201cAstraZeneca\u201d koronavirus peyv\u0259ndl\u0259ri \u00f6l\u00fcmc\u00fcl yan t\u0259sir\u0259 s\u0259b\u0259b ola bil\u0259r - MEYDAN.TV<\/title>\n<meta name=\"robots\" content=\"index, follow, max-snippet:-1, max-image-preview:large, max-video-preview:-1\" \/>\n<link rel=\"canonical\" href=\"https:\/\/www.meydan.tv\/az\/article\/astrazeneca-koronavirus-peyvendleri-olumcul-yan-tesire-sebeb-ola-biler\/\" \/>\n<meta property=\"og:locale\" content=\"az_AZ\" \/>\n<meta property=\"og:type\" content=\"article\" \/>\n<meta property=\"og:title\" content=\"\u201cAstraZeneca\u201d koronavirus peyv\u0259ndl\u0259ri \u00f6l\u00fcmc\u00fcl yan t\u0259sir\u0259 s\u0259b\u0259b ola bil\u0259r - MEYDAN.TV\" \/>\n<meta property=\"og:description\" content=\"\u201cThe Telegraph\u201d m\u0259hk\u0259m\u0259 s\u0259n\u0259dl\u0259rin\u0259 istinad edir Britaniya-\u0130sve\u00e7 \u0259cza\u00e7\u0131l\u0131q \u015firk\u0259ti \u201cAstraZeneca\u201d ... Davam\u0131\" \/>\n<meta property=\"og:url\" content=\"https:\/\/www.meydan.tv\/az\/article\/astrazeneca-koronavirus-peyvendleri-olumcul-yan-tesire-sebeb-ola-biler\/\" \/>\n<meta property=\"og:site_name\" content=\"MEYDAN.TV\" \/>\n<meta property=\"article:published_time\" content=\"2024-05-01T11:16:50+00:00\" \/>\n<meta property=\"article:modified_time\" content=\"2024-05-01T11:48:13+00:00\" \/>\n<meta property=\"og:image\" content=\"https:\/\/www.meydan.tv\/wp-content\/uploads\/hekim_vaksin_byr5qsq-scaled.jpg\" \/>\n\t<meta property=\"og:image:width\" content=\"2560\" \/>\n\t<meta property=\"og:image:height\" content=\"1440\" \/>\n\t<meta property=\"og:image:type\" content=\"image\/jpeg\" \/>\n<meta name=\"author\" content=\"elli\" \/>\n<meta name=\"twitter:card\" content=\"summary_large_image\" \/>\n<meta name=\"twitter:creator\" content=\"@elli\" \/>\n<script type=\"application\/ld+json\" class=\"yoast-schema-graph\">{\"@context\":\"https:\\\/\\\/schema.org\",\"@graph\":[{\"@type\":\"Article\",\"@id\":\"https:\\\/\\\/www.meydan.tv\\\/az\\\/article\\\/astrazeneca-koronavirus-peyvendleri-olumcul-yan-tesire-sebeb-ola-biler\\\/#article\",\"isPartOf\":{\"@id\":\"https:\\\/\\\/www.meydan.tv\\\/az\\\/article\\\/astrazeneca-koronavirus-peyvendleri-olumcul-yan-tesire-sebeb-ola-biler\\\/\"},\"author\":{\"name\":\"elli\",\"@id\":\"https:\\\/\\\/www.meydan.tv\\\/az\\\/#\\\/schema\\\/person\\\/9cdbecf90d17180ce1dfbd95b08dcf47\"},\"headline\":\"\u201cAstraZeneca\u201d koronavirus peyv\u0259ndl\u0259ri \u00f6l\u00fcmc\u00fcl yan t\u0259sir\u0259 s\u0259b\u0259b ola bil\u0259r\",\"datePublished\":\"2024-05-01T11:16:50+00:00\",\"dateModified\":\"2024-05-01T11:48:13+00:00\",\"mainEntityOfPage\":{\"@id\":\"https:\\\/\\\/www.meydan.tv\\\/az\\\/article\\\/astrazeneca-koronavirus-peyvendleri-olumcul-yan-tesire-sebeb-ola-biler\\\/\"},\"wordCount\":442,\"publisher\":{\"@id\":\"https:\\\/\\\/www.meydan.tv\\\/az\\\/#organization\"},\"image\":{\"@id\":\"https:\\\/\\\/www.meydan.tv\\\/az\\\/article\\\/astrazeneca-koronavirus-peyvendleri-olumcul-yan-tesire-sebeb-ola-biler\\\/#primaryimage\"},\"thumbnailUrl\":\"https:\\\/\\\/www.meydan.tv\\\/wp-content\\\/uploads\\\/hekim_vaksin_byr5qsq-scaled.jpg\",\"articleSection\":[\"Sa\u011fl\u0131q\",\"X\u0259b\u0259rl\u0259r\"],\"inLanguage\":\"az\"},{\"@type\":\"WebPage\",\"@id\":\"https:\\\/\\\/www.meydan.tv\\\/az\\\/article\\\/astrazeneca-koronavirus-peyvendleri-olumcul-yan-tesire-sebeb-ola-biler\\\/\",\"url\":\"https:\\\/\\\/www.meydan.tv\\\/az\\\/article\\\/astrazeneca-koronavirus-peyvendleri-olumcul-yan-tesire-sebeb-ola-biler\\\/\",\"name\":\"\u201cAstraZeneca\u201d koronavirus peyv\u0259ndl\u0259ri \u00f6l\u00fcmc\u00fcl yan t\u0259sir\u0259 s\u0259b\u0259b ola bil\u0259r - MEYDAN.TV\",\"isPartOf\":{\"@id\":\"https:\\\/\\\/www.meydan.tv\\\/az\\\/#website\"},\"primaryImageOfPage\":{\"@id\":\"https:\\\/\\\/www.meydan.tv\\\/az\\\/article\\\/astrazeneca-koronavirus-peyvendleri-olumcul-yan-tesire-sebeb-ola-biler\\\/#primaryimage\"},\"image\":{\"@id\":\"https:\\\/\\\/www.meydan.tv\\\/az\\\/article\\\/astrazeneca-koronavirus-peyvendleri-olumcul-yan-tesire-sebeb-ola-biler\\\/#primaryimage\"},\"thumbnailUrl\":\"https:\\\/\\\/www.meydan.tv\\\/wp-content\\\/uploads\\\/hekim_vaksin_byr5qsq-scaled.jpg\",\"datePublished\":\"2024-05-01T11:16:50+00:00\",\"dateModified\":\"2024-05-01T11:48:13+00:00\",\"breadcrumb\":{\"@id\":\"https:\\\/\\\/www.meydan.tv\\\/az\\\/article\\\/astrazeneca-koronavirus-peyvendleri-olumcul-yan-tesire-sebeb-ola-biler\\\/#breadcrumb\"},\"inLanguage\":\"az\",\"potentialAction\":[{\"@type\":\"ReadAction\",\"target\":[\"https:\\\/\\\/www.meydan.tv\\\/az\\\/article\\\/astrazeneca-koronavirus-peyvendleri-olumcul-yan-tesire-sebeb-ola-biler\\\/\"]}]},{\"@type\":\"ImageObject\",\"inLanguage\":\"az\",\"@id\":\"https:\\\/\\\/www.meydan.tv\\\/az\\\/article\\\/astrazeneca-koronavirus-peyvendleri-olumcul-yan-tesire-sebeb-ola-biler\\\/#primaryimage\",\"url\":\"https:\\\/\\\/www.meydan.tv\\\/wp-content\\\/uploads\\\/hekim_vaksin_byr5qsq-scaled.jpg\",\"contentUrl\":\"https:\\\/\\\/www.meydan.tv\\\/wp-content\\\/uploads\\\/hekim_vaksin_byr5qsq-scaled.jpg\",\"width\":2560,\"height\":1440,\"caption\":\"Source: Meydan TV\"},{\"@type\":\"BreadcrumbList\",\"@id\":\"https:\\\/\\\/www.meydan.tv\\\/az\\\/article\\\/astrazeneca-koronavirus-peyvendleri-olumcul-yan-tesire-sebeb-ola-biler\\\/#breadcrumb\",\"itemListElement\":[{\"@type\":\"ListItem\",\"position\":1,\"name\":\"Ana s\u0259hif\u0259\",\"item\":\"https:\\\/\\\/www.meydan.tv\\\/az\\\/\"},{\"@type\":\"ListItem\",\"position\":2,\"name\":\"Sa\u011fl\u0131q\",\"item\":\"https:\\\/\\\/www.meydan.tv\\\/az\\\/section\\\/sagliq\\\/\"},{\"@type\":\"ListItem\",\"position\":3,\"name\":\"\u201cAstraZeneca\u201d koronavirus peyv\u0259ndl\u0259ri \u00f6l\u00fcmc\u00fcl yan t\u0259sir\u0259 s\u0259b\u0259b ola bil\u0259r\"}]},{\"@type\":\"WebSite\",\"@id\":\"https:\\\/\\\/www.meydan.tv\\\/az\\\/#website\",\"url\":\"https:\\\/\\\/www.meydan.tv\\\/az\\\/\",\"name\":\"MEYDAN.TV\",\"description\":\"Meydan TV Az\u0259rbaycan\u0131n media m\u0259kan\u0131ndak\u0131 alternativ s\u0259sidir\",\"publisher\":{\"@id\":\"https:\\\/\\\/www.meydan.tv\\\/az\\\/#organization\"},\"potentialAction\":[{\"@type\":\"SearchAction\",\"target\":{\"@type\":\"EntryPoint\",\"urlTemplate\":\"https:\\\/\\\/www.meydan.tv\\\/az\\\/?s={search_term_string}\"},\"query-input\":{\"@type\":\"PropertyValueSpecification\",\"valueRequired\":true,\"valueName\":\"search_term_string\"}}],\"inLanguage\":\"az\"},{\"@type\":\"Organization\",\"@id\":\"https:\\\/\\\/www.meydan.tv\\\/az\\\/#organization\",\"name\":\"Meydan TV\",\"url\":\"https:\\\/\\\/www.meydan.tv\\\/az\\\/\",\"logo\":{\"@type\":\"ImageObject\",\"inLanguage\":\"az\",\"@id\":\"https:\\\/\\\/www.meydan.tv\\\/az\\\/#\\\/schema\\\/logo\\\/image\\\/\",\"url\":\"https:\\\/\\\/www.meydan.tv\\\/wp-content\\\/uploads\\\/2021\\\/07\\\/meydan-logo.svg\",\"contentUrl\":\"https:\\\/\\\/www.meydan.tv\\\/wp-content\\\/uploads\\\/2021\\\/07\\\/meydan-logo.svg\",\"width\":195,\"height\":46,\"caption\":\"Meydan TV\"},\"image\":{\"@id\":\"https:\\\/\\\/www.meydan.tv\\\/az\\\/#\\\/schema\\\/logo\\\/image\\\/\"}},{\"@type\":\"Person\",\"@id\":\"https:\\\/\\\/www.meydan.tv\\\/az\\\/#\\\/schema\\\/person\\\/9cdbecf90d17180ce1dfbd95b08dcf47\",\"name\":\"elli\",\"sameAs\":[\"https:\\\/\\\/x.com\\\/elli\"]}]}<\/script>\n<!-- \/ Yoast SEO plugin. -->","yoast_head_json":{"title":"\u201cAstraZeneca\u201d koronavirus peyv\u0259ndl\u0259ri \u00f6l\u00fcmc\u00fcl yan t\u0259sir\u0259 s\u0259b\u0259b ola bil\u0259r - MEYDAN.TV","robots":{"index":"index","follow":"follow","max-snippet":"max-snippet:-1","max-image-preview":"max-image-preview:large","max-video-preview":"max-video-preview:-1"},"canonical":"https:\/\/www.meydan.tv\/az\/article\/astrazeneca-koronavirus-peyvendleri-olumcul-yan-tesire-sebeb-ola-biler\/","og_locale":"az_AZ","og_type":"article","og_title":"\u201cAstraZeneca\u201d koronavirus peyv\u0259ndl\u0259ri \u00f6l\u00fcmc\u00fcl yan t\u0259sir\u0259 s\u0259b\u0259b ola bil\u0259r - MEYDAN.TV","og_description":"\u201cThe Telegraph\u201d m\u0259hk\u0259m\u0259 s\u0259n\u0259dl\u0259rin\u0259 istinad edir Britaniya-\u0130sve\u00e7 \u0259cza\u00e7\u0131l\u0131q \u015firk\u0259ti \u201cAstraZeneca\u201d ... Davam\u0131","og_url":"https:\/\/www.meydan.tv\/az\/article\/astrazeneca-koronavirus-peyvendleri-olumcul-yan-tesire-sebeb-ola-biler\/","og_site_name":"MEYDAN.TV","article_published_time":"2024-05-01T11:16:50+00:00","article_modified_time":"2024-05-01T11:48:13+00:00","og_image":[{"width":2560,"height":1440,"url":"https:\/\/www.meydan.tv\/wp-content\/uploads\/hekim_vaksin_byr5qsq-scaled.jpg","type":"image\/jpeg"}],"author":"elli","twitter_card":"summary_large_image","twitter_creator":"@elli","schema":{"@context":"https:\/\/schema.org","@graph":[{"@type":"Article","@id":"https:\/\/www.meydan.tv\/az\/article\/astrazeneca-koronavirus-peyvendleri-olumcul-yan-tesire-sebeb-ola-biler\/#article","isPartOf":{"@id":"https:\/\/www.meydan.tv\/az\/article\/astrazeneca-koronavirus-peyvendleri-olumcul-yan-tesire-sebeb-ola-biler\/"},"author":{"name":"elli","@id":"https:\/\/www.meydan.tv\/az\/#\/schema\/person\/9cdbecf90d17180ce1dfbd95b08dcf47"},"headline":"\u201cAstraZeneca\u201d koronavirus peyv\u0259ndl\u0259ri \u00f6l\u00fcmc\u00fcl yan t\u0259sir\u0259 s\u0259b\u0259b ola bil\u0259r","datePublished":"2024-05-01T11:16:50+00:00","dateModified":"2024-05-01T11:48:13+00:00","mainEntityOfPage":{"@id":"https:\/\/www.meydan.tv\/az\/article\/astrazeneca-koronavirus-peyvendleri-olumcul-yan-tesire-sebeb-ola-biler\/"},"wordCount":442,"publisher":{"@id":"https:\/\/www.meydan.tv\/az\/#organization"},"image":{"@id":"https:\/\/www.meydan.tv\/az\/article\/astrazeneca-koronavirus-peyvendleri-olumcul-yan-tesire-sebeb-ola-biler\/#primaryimage"},"thumbnailUrl":"https:\/\/www.meydan.tv\/wp-content\/uploads\/hekim_vaksin_byr5qsq-scaled.jpg","articleSection":["Sa\u011fl\u0131q","X\u0259b\u0259rl\u0259r"],"inLanguage":"az"},{"@type":"WebPage","@id":"https:\/\/www.meydan.tv\/az\/article\/astrazeneca-koronavirus-peyvendleri-olumcul-yan-tesire-sebeb-ola-biler\/","url":"https:\/\/www.meydan.tv\/az\/article\/astrazeneca-koronavirus-peyvendleri-olumcul-yan-tesire-sebeb-ola-biler\/","name":"\u201cAstraZeneca\u201d koronavirus peyv\u0259ndl\u0259ri \u00f6l\u00fcmc\u00fcl yan t\u0259sir\u0259 s\u0259b\u0259b ola bil\u0259r - MEYDAN.TV","isPartOf":{"@id":"https:\/\/www.meydan.tv\/az\/#website"},"primaryImageOfPage":{"@id":"https:\/\/www.meydan.tv\/az\/article\/astrazeneca-koronavirus-peyvendleri-olumcul-yan-tesire-sebeb-ola-biler\/#primaryimage"},"image":{"@id":"https:\/\/www.meydan.tv\/az\/article\/astrazeneca-koronavirus-peyvendleri-olumcul-yan-tesire-sebeb-ola-biler\/#primaryimage"},"thumbnailUrl":"https:\/\/www.meydan.tv\/wp-content\/uploads\/hekim_vaksin_byr5qsq-scaled.jpg","datePublished":"2024-05-01T11:16:50+00:00","dateModified":"2024-05-01T11:48:13+00:00","breadcrumb":{"@id":"https:\/\/www.meydan.tv\/az\/article\/astrazeneca-koronavirus-peyvendleri-olumcul-yan-tesire-sebeb-ola-biler\/#breadcrumb"},"inLanguage":"az","potentialAction":[{"@type":"ReadAction","target":["https:\/\/www.meydan.tv\/az\/article\/astrazeneca-koronavirus-peyvendleri-olumcul-yan-tesire-sebeb-ola-biler\/"]}]},{"@type":"ImageObject","inLanguage":"az","@id":"https:\/\/www.meydan.tv\/az\/article\/astrazeneca-koronavirus-peyvendleri-olumcul-yan-tesire-sebeb-ola-biler\/#primaryimage","url":"https:\/\/www.meydan.tv\/wp-content\/uploads\/hekim_vaksin_byr5qsq-scaled.jpg","contentUrl":"https:\/\/www.meydan.tv\/wp-content\/uploads\/hekim_vaksin_byr5qsq-scaled.jpg","width":2560,"height":1440,"caption":"Source: Meydan TV"},{"@type":"BreadcrumbList","@id":"https:\/\/www.meydan.tv\/az\/article\/astrazeneca-koronavirus-peyvendleri-olumcul-yan-tesire-sebeb-ola-biler\/#breadcrumb","itemListElement":[{"@type":"ListItem","position":1,"name":"Ana s\u0259hif\u0259","item":"https:\/\/www.meydan.tv\/az\/"},{"@type":"ListItem","position":2,"name":"Sa\u011fl\u0131q","item":"https:\/\/www.meydan.tv\/az\/section\/sagliq\/"},{"@type":"ListItem","position":3,"name":"\u201cAstraZeneca\u201d koronavirus peyv\u0259ndl\u0259ri \u00f6l\u00fcmc\u00fcl yan t\u0259sir\u0259 s\u0259b\u0259b ola bil\u0259r"}]},{"@type":"WebSite","@id":"https:\/\/www.meydan.tv\/az\/#website","url":"https:\/\/www.meydan.tv\/az\/","name":"MEYDAN.TV","description":"Meydan TV Az\u0259rbaycan\u0131n media m\u0259kan\u0131ndak\u0131 alternativ s\u0259sidir","publisher":{"@id":"https:\/\/www.meydan.tv\/az\/#organization"},"potentialAction":[{"@type":"SearchAction","target":{"@type":"EntryPoint","urlTemplate":"https:\/\/www.meydan.tv\/az\/?s={search_term_string}"},"query-input":{"@type":"PropertyValueSpecification","valueRequired":true,"valueName":"search_term_string"}}],"inLanguage":"az"},{"@type":"Organization","@id":"https:\/\/www.meydan.tv\/az\/#organization","name":"Meydan TV","url":"https:\/\/www.meydan.tv\/az\/","logo":{"@type":"ImageObject","inLanguage":"az","@id":"https:\/\/www.meydan.tv\/az\/#\/schema\/logo\/image\/","url":"https:\/\/www.meydan.tv\/wp-content\/uploads\/2021\/07\/meydan-logo.svg","contentUrl":"https:\/\/www.meydan.tv\/wp-content\/uploads\/2021\/07\/meydan-logo.svg","width":195,"height":46,"caption":"Meydan TV"},"image":{"@id":"https:\/\/www.meydan.tv\/az\/#\/schema\/logo\/image\/"}},{"@type":"Person","@id":"https:\/\/www.meydan.tv\/az\/#\/schema\/person\/9cdbecf90d17180ce1dfbd95b08dcf47","name":"elli","sameAs":["https:\/\/x.com\/elli"]}]}},"_links":{"self":[{"href":"https:\/\/www.meydan.tv\/az\/wp-json\/wp\/v2\/posts\/304794","targetHints":{"allow":["GET"]}}],"collection":[{"href":"https:\/\/www.meydan.tv\/az\/wp-json\/wp\/v2\/posts"}],"about":[{"href":"https:\/\/www.meydan.tv\/az\/wp-json\/wp\/v2\/types\/post"}],"author":[{"embeddable":true,"href":"https:\/\/www.meydan.tv\/az\/wp-json\/wp\/v2\/users\/8"}],"replies":[{"embeddable":true,"href":"https:\/\/www.meydan.tv\/az\/wp-json\/wp\/v2\/comments?post=304794"}],"version-history":[{"count":3,"href":"https:\/\/www.meydan.tv\/az\/wp-json\/wp\/v2\/posts\/304794\/revisions"}],"predecessor-version":[{"id":304804,"href":"https:\/\/www.meydan.tv\/az\/wp-json\/wp\/v2\/posts\/304794\/revisions\/304804"}],"wp:featuredmedia":[{"embeddable":true,"href":"https:\/\/www.meydan.tv\/az\/wp-json\/wp\/v2\/media\/159144"}],"wp:attachment":[{"href":"https:\/\/www.meydan.tv\/az\/wp-json\/wp\/v2\/media?parent=304794"}],"wp:term":[{"taxonomy":"category","embeddable":true,"href":"https:\/\/www.meydan.tv\/az\/wp-json\/wp\/v2\/categories?post=304794"},{"taxonomy":"post_tag","embeddable":true,"href":"https:\/\/www.meydan.tv\/az\/wp-json\/wp\/v2\/tags?post=304794"}],"curies":[{"name":"wp","href":"https:\/\/api.w.org\/{rel}","templated":true}]}}