{"id":304785,"date":"2024-05-01T14:45:18","date_gmt":"2024-05-01T10:45:18","guid":{"rendered":"https:\/\/www.meydan.tv\/?p=304785"},"modified":"2024-05-01T14:51:09","modified_gmt":"2024-05-01T10:51:09","slug":"azerbaycan-hokumeti-onu-tenqid-edenleri-nece-hebs-edir","status":"publish","type":"post","link":"https:\/\/www.meydan.tv\/az\/article\/azerbaycan-hokumeti-onu-tenqid-edenleri-nece-hebs-edir\/","title":{"rendered":"Az\u0259rbaycan h\u00f6k\u00fcm\u0259ti onu t\u0259nqid ed\u0259nl\u0259ri nec\u0259 h\u0259bs edir?"},"content":{"rendered":"\n<p><\/p>\n\n\n\n<p><strong><em>Anar M\u0259mm\u0259dli h\u0259bsind\u0259n \u0259vv\u0259l \u201cOC Media\u201dya dan\u0131\u015f\u0131b<\/em><\/strong><\/p>\n\n\n\n<p>Az\u0259rbaycanda m\u00fcst\u0259qil mediaya qar\u015f\u0131 son t\u0259zyiql\u0259rl\u0259 birlikd\u0259 xaricd\u0259n maliyy\u0259l\u0259\u015fm\u0259y\u0259 qoyulan m\u0259hdudiyy\u0259tl\u0259r getdikc\u0259 s\u0259rtl\u0259\u015fdirilib, bunun fonunda h\u0259bs olunan jurnalistl\u0259r v\u0259 f\u0259allar xarici valyuta qa\u00e7aqmal\u00e7\u0131l\u0131\u011f\u0131nda ittiham olunublar.<\/p>\n\n\n\n<p>\u201cOC Media\u201dn\u0131n <a href=\"https:\/\/oc-media.org\/features\/my-son-is-not-a-smuggler-how-azerbaijan-detains-critics\/\">haz\u0131rlad\u0131\u011f\u0131<\/a>\u00a0materialda bel\u0259 deyilir.<\/p>\n\n\n\n<p>M\u0259qal\u0259d\u0259 qeyd olunur ki, h\u0259bs olunanlar\u0131n ail\u0259l\u0259rinin verdiyi m\u00fcsahib\u0259l\u0259rd\u0259 media i\u015f\u00e7il\u0259rinin g\u0259lirl\u0259rinin a\u015fa\u011f\u0131 oldu\u011fu v\u0259 dolan\u0131\u015f\u0131qlar\u0131n\u0131n \u00e7\u0259tinliyi \u00fcz\u0259 \u00e7\u0131x\u0131b.<\/p>\n\n\n\n<p>60 ya\u015fl\u0131 M\u0259tan\u0259t Cabbar deyib ki, o\u011flu he\u00e7 vaxt cinay\u0259tkar olmay\u0131b. M\u0259tan\u0259t Cabbar m\u00fcst\u0259qil internet kanal\u0131 \u201cToplum TV\u201d v\u0259 Demokratik T\u0259\u015f\u0259bb\u00fcsl\u0259r \u0130nstitutuna (IDI) basq\u0131n zaman\u0131 h\u0259bs edil\u0259n 6 n\u0259f\u0259rd\u0259n biri olan M\u00fc\u015ffiq Cabbar\u0131n anas\u0131d\u0131r.<\/p>\n\n\n\n<p>M\u00fc\u015ffiq Cabbar, \u018fli Zeynal, F\u0259rid \u0130smay\u0131lov, Elmir Abbasov, Ramin Babayev v\u0259 \u0130lkin \u018fmrahovla birlikd\u0259 xarici valyuta qa\u00e7aqmal\u00e7\u0131l\u0131\u011f\u0131nda ittiham olunur. <\/p>\n\n\n<div class=\"wp-block-image\">\n<figure class=\"alignleft size-full is-resized\"><img decoding=\"async\" width=\"720\" height=\"405\" data-src=\"https:\/\/www.meydan.tv\/wp-content\/uploads\/img_1022_720-1.jpg\" alt=\"\" class=\"wp-image-300995 lazyload\" style=\"--smush-placeholder-width: 720px; --smush-placeholder-aspect-ratio: 720\/405;width:428px;height:auto\" src=\"data:image\/svg+xml;base64,PHN2ZyB3aWR0aD0iMSIgaGVpZ2h0PSIxIiB4bWxucz0iaHR0cDovL3d3dy53My5vcmcvMjAwMC9zdmciPjwvc3ZnPg==\" \/><figcaption class=\"wp-element-caption\">M\u00fc\u015ffiq Cabbar. Foto: Meydan TV<\/figcaption><\/figure>\n<\/div>\n\n\n<p><em>\u201cO\u011flumla f\u0259xr edir\u0259m. B\u0259lk\u0259 m\u0259n kas\u0131bam, biz varl\u0131 deyilik, amma ail\u0259m v\u0259 u\u015faqlar\u0131mla f\u0259xr edir\u0259m. M\u00fc\u015ffiq\u0259 \u201cqa\u00e7aqmal\u00e7\u0131\u201d dey\u0259nd\u0259 qap\u0131n\u0131 a\u00e7\u0131b q\u0131\u015fq\u0131rmaq ist\u0259dim, \u00e7\u00fcnki bu do\u011fru deyildi. Bu, m\u0259nim \u00fc\u00e7\u00fcn \u00e7ox \u00e7\u0259tindir. Bu ittiham m\u0259nim o\u011fluma yara\u015fan deyil\u201d.<\/em><\/p>\n\n\n\n<p>\u201cOC Media\u201dya dan\u0131\u015fan qad\u0131n deyir ki, M\u00fc\u015ffiq h\u0259bs olunandan sonra ail\u0259 \u00e7\u0259tin g\u00fcnl\u0259r ke\u00e7irib, \u00e7\u00fcnki M\u00fc\u015ffiq atas\u0131na d\u0259rman almaqla ail\u0259y\u0259 k\u00f6m\u0259k edirmi\u015f. Atas\u0131 \u015f\u0259k\u0259r x\u0259st\u0259sidir, y\u00fcks\u0259k t\u0259zyiqi var, bir g\u00f6z\u00fc g\u00f6rm\u00fcr v\u0259 daha \u00f6nc\u0259 \u00fcr\u0259k \u0259m\u0259liyyat\u0131 ke\u00e7irib.<\/p>\n\n\n\n<p>M\u00fc\u015ffiq Bak\u0131dan t\u0259xmin\u0259n 30 kilometr \u015fimal-q\u0259rbd\u0259 yerl\u0259\u015f\u0259n Sumqay\u0131t \u015f\u0259h\u0259rind\u0259 ya\u015fay\u0131r. Onun ya\u015fad\u0131\u011f\u0131 m\u0259nzil\u0259 mart ay\u0131nda polis basq\u0131n edib. Ail\u0259si is\u0259 yax\u0131nl\u0131qdak\u0131 q\u0259s\u0259b\u0259d\u0259 ya\u015fay\u0131r.<\/p>\n\n\n\n<p><em>&#8220;Atas\u0131na h\u0259r h\u0259ft\u0259 d\u0259rman al\u0131rd\u0131 v\u0259 h\u0259r h\u0259ft\u0259 sonu biz\u0259 z\u0259ng ed\u0259rdi. Biz\u0259 ba\u015f \u00e7\u0259k\u0259 bilm\u0259y\u0259nd\u0259 d\u0259rmanlar\u0131 soru\u015fard\u0131 v\u0259 bazar g\u00fcnl\u0259ri \u00e7atd\u0131rard\u0131&#8221;,<\/em> &#8211; anas\u0131 deyir: <em>\u201cH\u0259r ay \u0259n az 500 ($290) manat d\u0259rmanlara x\u0259rcl\u0259yirdik\u201d.<\/em><\/p>\n\n\n\n<p>2023-c\u00fc ilin noyabr\u0131nda dig\u0259r bir media orqan\u0131 olan \u201cAbzasMedia\u201dya da polis t\u0259r\u0259find\u0259n basq\u0131n edilib. Median\u0131n direktoru \u00dclvi H\u0259s\u0259nli, direktor m\u00fcavini M\u0259h\u0259mm\u0259d Kekalov, ba\u015f redaktor Sevinc Abbasova, jurnalistl\u0259r N\u0259rgiz Absalamova, Elnar\u0259 Qas\u0131mova v\u0259 Hafiz Babal\u0131 xarici valyuta qa\u00e7aqmal\u00e7\u0131l\u0131\u011f\u0131 ittiham\u0131 il\u0259 h\u0259bs olunub.<\/p>\n\n\n\n<p>H\u0259bs edil\u0259n jurnalistl\u0259rin ham\u0131s\u0131 onlara qar\u015f\u0131 ir\u0259li s\u00fcr\u00fcl\u0259n ittihamlar\u0131 r\u0259dd ed\u0259r\u0259k, h\u0259bsl\u0259rinin f\u0259aliyy\u0259tl\u0259riyl\u0259 ba\u011fl\u0131 oldu\u011funu deyibl\u0259r.<\/p>\n\n\n\n<p><strong>\u201cH\u00f6kum\u0259t kimis\u0259 h\u0259bs etm\u0259k ist\u0259s\u0259, s\u0259b\u0259b tapacaq\u201d<\/strong><\/p>\n\n\n\n<p>M\u00fcst\u0259qil jurnalistl\u0259rin maliyy\u0259d\u0259n sui-istifad\u0259 etm\u0259 ittiham\u0131 il\u0259 saxlan\u0131lmas\u0131 Az\u0259rbaycanda yeni hal deyil.<\/p>\n\n\n\n<p>\u201cHuman Rights Watch\u201d t\u0259\u015fkilat\u0131n\u0131n Avropa v\u0259 M\u0259rk\u0259zi Asiya \u00fczr\u0259 direktor m\u00fcavini Rey\u00e7el Denber \u201cOC Media\u201dya bildirib ki, Az\u0259rbaycan h\u00f6kum\u0259ti ill\u0259rdir t\u0259nqid\u00e7il\u0259rini susdurmaq \u00fc\u00e7\u00fcn qanunlardan \u201cpis niyy\u0259tl\u0259 sui-istifad\u0259 edir\u201d.<\/p>\n\n\n<div class=\"wp-block-image\">\n<figure class=\"alignright size-full is-resized\"><img decoding=\"async\" width=\"1080\" height=\"608\" src=\"https:\/\/www.meydan.tv\/wp-content\/uploads\/01000000-0aff-0242-648b-08dc66202866_tv_w1080_h608.avif\" alt=\"\" class=\"wp-image-304787\" style=\"width:362px;height:auto\"\/><figcaption class=\"wp-element-caption\">Rey\u00e7el Denber. Foto: VOA<\/figcaption><\/figure>\n<\/div>\n\n\n<p><em>\u201cH\u00f6kum\u0259t yeni zamanda QHT-l\u0259rin m\u00fcst\u0259qil f\u0259aliyy\u0259tini t\u0259min ed\u0259c\u0259k \u015f\u0259kild\u0259 \u00f6zl\u0259rini maliyy\u0259l\u0259\u015fdirm\u0259sini, dem\u0259k olar ki, qeyri-m\u00fcmk\u00fcn ed\u0259n qanunlar q\u0259bul edib, bel\u0259likl\u0259, bu qruplar\u0131 qanunun k\u0259nar\u0131na it\u0259l\u0259yib v\u0259 onlar\u0131 h\u0259bsl\u0259r\u0259 qar\u015f\u0131 k\u00f6m\u0259ksiz qoyub\u201d, <\/em>&#8211; Denber deyib.<\/p>\n\n\n\n<p><em>\u201cBu s\u0259b\u0259bd\u0259n \u00e7oxlu sayda jurnalist, aktivist v\u0259 siyasi m\u00fcxalif\u0259t haqs\u0131z yer\u0259 h\u0259bs v\u0259 ittiham edilib\u201d, &#8211;<\/em> o \u0259lav\u0259 edib.- <em>\u201cBunlar Az\u0259rbaycan\u0131n beyn\u0259lxalq insan h\u00fcquqlar\u0131 qanunu \u00fczr\u0259 \u00f6hd\u0259likl\u0259rin\u0259 zidd olan, ikrah hissi yaradan t\u0259cr\u00fcb\u0259l\u0259rdir v\u0259 \u201cCOP29\u201d-a (iqlim konfrans\u0131na) ev sahibliyi ed\u0259n \u00f6lk\u0259 \u00fc\u00e7\u00fcn son d\u0259r\u0259c\u0259 uy\u011fun g\u0259lmir\u201d<\/em>.<\/p>\n\n\n\n<p>Yerli demokratiyan\u0131n t\u0259min olunmas\u0131n\u0131n t\u0259r\u0259fdar\u0131 olan Se\u00e7kil\u0259rin Monitorinqi v\u0259 Demokratiyan\u0131n T\u0259drisi M\u0259rk\u0259zinin r\u0259hb\u0259ri Anar M\u0259mm\u0259dli h\u0259bsind\u0259n \u00f6nc\u0259 \u201cOC Media\u201dya bildirib ki, son on ild\u0259 jurnalistl\u0259r m\u00fcxt\u0259lif ittihamlarla saxlan\u0131l\u0131b.<\/p>\n\n\n<div class=\"wp-block-image\">\n<figure class=\"alignleft size-large is-resized\"><img decoding=\"async\" width=\"1200\" height=\"616\" data-src=\"https:\/\/www.meydan.tv\/wp-content\/uploads\/anar_memmedli-scaled-e1714391983460-1200x616.jpg\" alt=\"Anar M\u0259mm\u0259dli\" class=\"wp-image-210070 lazyload\" style=\"--smush-placeholder-width: 1200px; --smush-placeholder-aspect-ratio: 1200\/616;width:393px;height:auto\" src=\"data:image\/svg+xml;base64,PHN2ZyB3aWR0aD0iMSIgaGVpZ2h0PSIxIiB4bWxucz0iaHR0cDovL3d3dy53My5vcmcvMjAwMC9zdmciPjwvc3ZnPg==\" \/><figcaption class=\"wp-element-caption\">Anar M\u0259mm\u0259dli, Foto:  Meydan TV<\/figcaption><\/figure>\n<\/div>\n\n\n<p>M\u0259mm\u0259dli vur\u011fulay\u0131b ki, az\u0259rbaycanl\u0131 jurnalist \u018fv\u0259z Zeynall\u0131 2022-ci ild\u0259 korrupsiya, \u201cToplum TV\u201d-nin ba\u015f redaktoru X\u0259dic\u0259 \u0130smay\u0131l 2015-ci ild\u0259 vergid\u0259n yay\u0131nma, jurnalist v\u0259 m\u00fcxalif siyas\u0259t\u00e7i Seymur H\u0259zi is\u0259 2014-c\u00fc ild\u0259 xuliqanl\u0131q ittiham\u0131 il\u0259 h\u0259bs\u0259 at\u0131l\u0131b.<\/p>\n\n\n\n<p>O h\u0259m\u00e7inin \u0259lav\u0259 edib ki, bu c\u00fcr t\u0259dbirl\u0259r ian\u0259l\u0259ri v\u0259 QHT-l\u0259ri t\u0259nziml\u0259y\u0259n qanunvericiliyi iflic edib v\u0259 h\u00f6kum\u0259ti t\u0259nqid ed\u0259nl\u0259ri h\u0259d\u0259f almaq \u00fc\u00e7\u00fcn geni\u015f imkanlar yarad\u0131b.<\/p>\n\n\n\n<p>\u201c<em>H\u00f6kum\u0259t kimis\u0259 h\u0259bs etm\u0259k ist\u0259s\u0259 s\u0259b\u0259b tapacaq\u201d,<\/em>&#8211; dey\u0259 M\u0259mm\u0259dli bildirib.<\/p>\n\n\n\n<p>2014-c\u00fc ild\u0259 Prezident \u0130lham \u018fliyev Az\u0259rbaycanda qrantlar\u0131n verilm\u0259sini t\u0259nziml\u0259y\u0259n qanuna d\u0259yi\u015fiklik ed\u0259r\u0259k, h\u00f6kum\u0259tin t\u0259sdiq etdiyi m\u0259hdud sayda qurumun Az\u0259rbaycan t\u0259\u015fkilatlar\u0131na v\u0259 f\u0259rdl\u0259r\u0259 qrant verm\u0259sini m\u00fcmk\u00fcn edib.<\/p>\n\n\n\n<p>Ke\u00e7mi\u015f h\u00fcquq\u015f\u00fcnas Yal\u00e7\u0131n \u0130manov \u201cTuran\u201d m\u00fcst\u0259qil informasiya agentliyin\u0259 bildirib ki, qeyri-h\u00f6kum\u0259t t\u0259\u015fkilatlar\u0131 v\u0259 qrantlarla ba\u011fl\u0131 qanunlara edil\u0259n d\u0259yi\u015fiklikl\u0259r art\u0131q standart maliyy\u0259l\u0259\u015fdirm\u0259nin qa\u00e7aqmal\u00e7\u0131l\u0131q kimi t\u0259snif olunmas\u0131na s\u0259b\u0259b olur.<\/p>\n\n\n<div class=\"wp-block-image\">\n<figure class=\"alignright size-large is-resized\"><img decoding=\"async\" width=\"1200\" height=\"600\" data-src=\"https:\/\/www.meydan.tv\/wp-content\/uploads\/99384073-29d2-4242-8ba8-020d60872c4b-scaled-e1666014196983-1200x600.jpeg\" alt=\"Yal\u00e7\u0131n \u0130manov\" class=\"wp-image-119324 lazyload\" style=\"--smush-placeholder-width: 1200px; --smush-placeholder-aspect-ratio: 1200\/600;width:413px;height:auto\" src=\"data:image\/svg+xml;base64,PHN2ZyB3aWR0aD0iMSIgaGVpZ2h0PSIxIiB4bWxucz0iaHR0cDovL3d3dy53My5vcmcvMjAwMC9zdmciPjwvc3ZnPg==\" \/><figcaption class=\"wp-element-caption\">Foto: Meydan Tv<\/figcaption><\/figure>\n<\/div>\n\n\n<p><em>\u201cQrant v\u0259saitl\u0259rinin qa\u00e7aqmal\u00e7\u0131l\u0131q \u00f6rn\u0259yi kimi q\u0259bul edilm\u0259si onu g\u00f6st\u0259rir ki, problemin h\u0259lli h\u00fcquqi d\u0259yi\u015fikliy\u0259 deyil, absurd h\u0259dd\u0259 \u00e7atd\u0131r\u0131lmas\u0131na s\u0259b\u0259b olub\u201d,<\/em> &#8211; \u0130manov bildirib.<\/p>\n\n\n\n<p>O \u0259lav\u0259 edib ki, Az\u0259rbaycanda azad media v\u0259 m\u00fcst\u0259qil qeyri-h\u00f6kum\u0259t t\u0259\u015fkilatlar\u0131 <em>\u201cm\u00f6vcud olmalar\u0131n\u0131n yegan\u0259 t\u0259minat\u0131ndan m\u0259hrum edilibl\u0259r\u201d.<\/em><\/p>\n\n\n\n<p>M\u0259mm\u0259dli onu da bildirib ki, 2014 v\u0259 2015-ci ill\u0259rd\u0259 qeyri-h\u00f6kum\u0259t t\u0259\u015fkilatlar\u0131n\u0131 t\u0259nziml\u0259y\u0259n bir s\u0131ra qanunlar d\u0259yi\u015fdirildiyi \u00fc\u00e7\u00fcn bel\u0259 t\u0259\u015fkilatlar\u0131n yarad\u0131lmas\u0131 v\u0259 qeydiyyat\u0131 daha m\u00fcr\u0259kk\u0259b xarakter al\u0131b.<\/p>\n\n\n\n<p>&#8220;<em>Qanunvericiliy\u0259 yeni sanksiyalar \u0259lav\u0259 edilib ki, bu da QHT-l\u0259rin qeydiyyatdan ke\u00e7dikd\u0259n sonra f\u0259aliyy\u0259tin\u0259 t\u0259sir g\u00f6st\u0259r\u0259 bil\u0259r v\u0259 onlar\u0131n f\u0259aliyy\u0259ti a\u00e7\u0131q \u015f\u0259kild\u0259 \u0259sasland\u0131r\u0131lmad\u0131\u011f\u0131 t\u0259qdird\u0259 dayand\u0131r\u0131la bil\u0259r. Yeni qanunvericilik QHT-l\u0259ri m\u0259hdudla\u015fd\u0131rma\u011fa \u015f\u0259rait yarad\u0131r\u201d<\/em>.<\/p>\n\n\n\n<p>O, eyni zamanda \u0259lav\u0259 edib ki, d\u0259yi\u015fiklikl\u0259rd\u0259n sonra bir \u00e7ox yerli v\u0259 beyn\u0259lxalq donorlar art\u0131q Az\u0259rbaycan\u0131n qeyri-h\u00f6kum\u0259t t\u0259\u015fkilatlar\u0131 il\u0259 i\u015fl\u0259y\u0259 bilmirl\u0259r. S\u0259firlik, USAID v\u0259 Avropa \u0130ttifaq\u0131 proqramlar\u0131n\u0131n dayand\u0131r\u0131lmas\u0131 Az\u0259rbaycan\u0131n bir s\u0131ra qeyri-h\u00f6kum\u0259t t\u0259\u015fkilatlar\u0131na ciddi t\u0259sir g\u00f6st\u0259rib.<\/p>\n\n\n\n<p>M\u0259mm\u0259dli v\u0259ziyy\u0259ti d\u00fcz\u0259ltm\u0259k \u00fc\u00e7\u00fcn ciddi t\u0259dbirl\u0259r g\u00f6r\u00fclm\u0259diyini, lakin problemin h\u0259llinin \u201cm\u00fcr\u0259kk\u0259b yana\u015fma\u201d t\u0259l\u0259b etdiyini \u0259lav\u0259 edib.<\/p>\n\n\n\n<p>\u201c<em>H\u00f6kum\u0259ty\u00f6n\u00fcml\u00fc QHT-l\u0259r d\u0259 v\u0259ziyy\u0259td\u0259n raz\u0131 deyil\u201d<\/em>, &#8211; dey\u0259 M\u0259mm\u0259dli \u0259lav\u0259 edib. <em>\u201cOnlar da da bu v\u0259ziyy\u0259td\u0259n \u015fikay\u0259tl\u0259nirl\u0259r\u201d.<\/em><\/p>\n\n\n\n<p>\u201cTuran\u201da a\u00e7\u0131qlama ver\u0259n \u0130manov \u0259lav\u0259 edib ki, iddialar do\u011fru olsa bel\u0259, hakimiyy\u0259tin qa\u00e7aqmal\u00e7\u0131l\u0131q i\u015fl\u0259rin\u0259 baxmas\u0131 tamamil\u0259 yersizdir.<\/p>\n\n\n\n<p><em>&#8220;Jurnalistl\u0259rin v\u0259 ya QHT n\u00fcmay\u0259nd\u0259l\u0259rinin evl\u0259rind\u0259n tap\u0131lan na\u011fd xarici valyutan\u0131n onlara m\u0259xsus oldu\u011funu f\u0259rz ets\u0259k bel\u0259, istintaq orqanlar\u0131n\u0131n v\u0259zif\u0259si bu m\u0259bl\u0259\u011fl\u0259rin \u00f6lk\u0259y\u0259 qa\u00e7aqmal\u00e7\u0131l\u0131q yolu il\u0259 g\u0259tirildiyini s\u00fcbuta yetirm\u0259kdir\u201d<\/em>, &#8211; \u0130manov vur\u011fulay\u0131b.<\/p>\n\n\n\n<p>\u0130manov h\u0259m\u00e7inin deyib ki, hakimiyy\u0259t jurnalistl\u0259ri v\u0259 QHT i\u015f\u00e7il\u0259rin\u0259 b\u00f6htan atmaq \u00fc\u00e7\u00fcn h\u00f6kum\u0259ty\u00f6n\u00fcml\u00fc media orqanlar\u0131 istintaq\u0131n t\u0259f\u0259rr\u00fcatlar\u0131n\u0131 d\u0259rc etm\u0259kl\u0259 qanunu pozurlar.<\/p>\n\n\n\n<p>&#8220;<em>Bu, t\u0259qsirsizlik ehtimal\u0131 h\u00fcququnun a\u00e7\u0131q \u015f\u0259kild\u0259 pozulmas\u0131 v\u0259 cinay\u0259t-prosessual qanunvericiliyin bir \u00e7ox normalar\u0131n\u0131n pozulmas\u0131d\u0131r\u201d,-<\/em> dey\u0259 \u0130manov s\u00f6yl\u0259yib.<\/p>\n\n\n\n<p><strong>\u201cM\u0259n niy\u0259 \u00f6vladlar\u0131m\u0131 itirdiyim bir \u00f6lk\u0259d\u0259 ya\u015fay\u0131ram?\u201d<\/strong><\/p>\n\n\n\n<p>\u0130lkin \u018fmrahovun ail\u0259si d\u0259 \u0130lkin h\u0259bs olunana q\u0259d\u0259r ondan as\u0131l\u0131 olub.<\/p>\n\n\n\n<p>Onun atas\u0131 \u018fyyar \u018fmrahov deyir ki, 23 ya\u015fl\u0131 \u0130lkin iki \u00f6vlad\u0131n\u0131n \u0259n b\u00f6y\u00fcy\u00fcd\u00fcr v\u0259 h\u0259bs olunmazdan \u0259vv\u0259l c\u0259mi iki ay Demokratik T\u0259\u015f\u0259bb\u00fcsl\u0259r \u0130nstitutunda (IDI) i\u015fl\u0259yib v\u0259 ev\u0259 ayl\u0131q 400 manat\u00a0 (240 dollar) maa\u015f g\u0259tirirmi\u015f.<\/p>\n\n\n\n<p>\u201c<em>Q\u0131\u015fda i\u015fl\u0259y\u0259 bilm\u0259dim v\u0259 anas\u0131 \u015f\u0259k\u0259rd\u0259n v\u0259 y\u00fcks\u0259k t\u0259zyiqd\u0259n \u0259ziyy\u0259t \u00e7\u0259kir. \u0130lkin bakalavr t\u0259hsilini ba\u015fa vurub magistraturaya ba\u015flayanda part-taym i\u015f axtarma\u011fa ba\u015flay\u0131b\u201d<\/em>. <\/p>\n\n\n\n<p>O \u0259lav\u0259 edir ki, o\u011flu IDI-d\u0259 i\u015f tapmadan \u00f6nc\u0259 akademik c\u0259h\u0259td\u0259n u\u011furlu olub.<\/p>\n\n\n\n<p>\u018fmrahov onu da qeyd edir ki, \u0130lkinin 180 manatl\u0131q (110 dollar) universitet t\u0259qa\u00fcd\u00fc \u00f6nc\u0259l\u0259r d\u0259rs\u0259 g\u0259lm\u0259y\u0259n t\u0259l\u0259b\u0259l\u0259r\u0259 y\u00fcks\u0259k qiym\u0259t verilm\u0259sin\u0259 etiraz etm\u0259sind\u0259n sonra k\u0259silib. Bu t\u0259cr\u00fcb\u0259 \u00e7ox vaxt r\u00fc\u015fv\u0259t v\u0259 ya korrupsiya il\u0259 \u0259laq\u0259l\u0259ndirilir.<\/p>\n\n\n<div class=\"wp-block-image\">\n<figure class=\"alignleft size-full is-resized\"><img decoding=\"async\" width=\"720\" height=\"405\" data-src=\"https:\/\/www.meydan.tv\/wp-content\/uploads\/img_1023_720.jpg\" alt=\"\" class=\"wp-image-300799 lazyload\" style=\"--smush-placeholder-width: 720px; --smush-placeholder-aspect-ratio: 720\/405;width:338px;height:auto\" src=\"data:image\/svg+xml;base64,PHN2ZyB3aWR0aD0iMSIgaGVpZ2h0PSIxIiB4bWxucz0iaHR0cDovL3d3dy53My5vcmcvMjAwMC9zdmciPjwvc3ZnPg==\" \/><figcaption class=\"wp-element-caption\">\u0130lkin \u018fmrahov. Foto: Meydan TV<\/figcaption><\/figure>\n<\/div>\n\n\n<p>\u018fmrahov bildirib ki, \u0130lkinin qarda\u015f\u0131 \u015e\u0259hriyar \u0259sg\u0259rlikd\u0259 d\u00f6y\u00fcl\u0259r\u0259k x\u0259sar\u0259t ald\u0131qdan v\u0259 sonradan \u015fizofreniya diaqnozu qoyulduqdan sonra ox\u015far probleml\u0259rl\u0259 \u00fczl\u0259\u015fib.<\/p>\n\n\n\n<p>\u201c<em>\u0130lkin x\u0259st\u0259xanada \u015e\u0259hriyara ba\u015f \u00e7\u0259k\u0259nd\u0259 \u015e\u0259hriyar\u0131n h\u0259kimi m\u0259n\u0259 dedi ki, \u0130lkinin qarda\u015f\u0131n\u0131n yan\u0131na getm\u0259sin\u0259 icaz\u0259 verm\u0259yin, \u00e7\u00fcnki o, h\u0259kiml\u0259rd\u0259n qanunlara riay\u0259t etm\u0259sini t\u0259l\u0259b edir\u201d, <\/em>&#8211; \u018fmrahov bildirib.<\/p>\n\n\n\n<p>O \u0259lav\u0259 edib ki, h\u0259r iki \u00f6vlad\u0131n\u0131 itirdiyi bir \u00f6lk\u0259d\u0259 niy\u0259 ya\u015fad\u0131\u011f\u0131n\u0131 ba\u015fa d\u00fc\u015f\u0259 bilmir.<\/p>\n\n\n\n<p><em>\u201c\u015e\u0259hriyar \u0259sg\u0259rliy\u0259 ged\u0259nd\u0259 onu itirdim, indi ikinci o\u011flum h\u0259bs olunub. Biz \u0130lkinl\u0259 f\u0259xr edirik v\u0259 onu h\u0259bs ed\u0259n polisd\u0259n \u0130lkind\u0259n a\u011f\u0131ll\u0131d\u0131rm\u0131 dey\u0259 soru\u015fmaq ist\u0259rdim\u201d,<\/em> &#8211; \u018fmrahov \u0259lav\u0259 edib. <\/p>\n\n\n\n<p>\u201c<em>O, savadl\u0131 t\u0259l\u0259b\u0259 olub. H\u0259r bir sosial \u0259dal\u0259tsizliy\u0259 qar\u015f\u0131 s\u0259sini ucald\u0131b\u201d.<\/em><\/p>\n","protected":false},"excerpt":{"rendered":"<p>Anar M\u0259mm\u0259dli h\u0259bsind\u0259n \u0259vv\u0259l \u201cOC Media\u201dya dan\u0131\u015f\u0131b Az\u0259rbaycanda m\u00fcst\u0259qil mediaya &#8230; <\/p>\n<p class=\"read-more-container\"><a title=\"Az\u0259rbaycan h\u00f6k\u00fcm\u0259ti onu t\u0259nqid ed\u0259nl\u0259ri nec\u0259 h\u0259bs edir?\" class=\"read-more button\" href=\"https:\/\/www.meydan.tv\/az\/article\/azerbaycan-hokumeti-onu-tenqid-edenleri-nece-hebs-edir\/#more-304785\" aria-label=\"Read more about Az\u0259rbaycan h\u00f6k\u00fcm\u0259ti onu t\u0259nqid ed\u0259nl\u0259ri nec\u0259 h\u0259bs edir?\">Davam\u0131<\/a><\/p>\n","protected":false},"author":8,"featured_media":304094,"comment_status":"closed","ping_status":"closed","sticky":false,"template":"","format":"standard","meta":{"_acf_changed":false,"_sitemap_exclude":false,"_sitemap_priority":"","_sitemap_frequency":"","footnotes":""},"categories":[59,56],"tags":[],"class_list":["post-304785","post","type-post","status-publish","format-standard","has-post-thumbnail","hentry","category-siyaset","category-xeberler","infinite-scroll-item","generate-columns","tablet-grid-50","mobile-grid-100","grid-parent","grid-33","no-featured-image-padding"],"acf":[],"yoast_head":"<!-- This site is optimized with the Yoast SEO plugin v27.4 - https:\/\/yoast.com\/product\/yoast-seo-wordpress\/ -->\n<title>Az\u0259rbaycan h\u00f6k\u00fcm\u0259ti onu t\u0259nqid ed\u0259nl\u0259ri nec\u0259 h\u0259bs edir? - MEYDAN.TV<\/title>\n<meta name=\"robots\" content=\"index, follow, max-snippet:-1, max-image-preview:large, max-video-preview:-1\" \/>\n<link rel=\"canonical\" href=\"https:\/\/www.meydan.tv\/az\/article\/azerbaycan-hokumeti-onu-tenqid-edenleri-nece-hebs-edir\/\" \/>\n<meta property=\"og:locale\" content=\"az_AZ\" \/>\n<meta property=\"og:type\" content=\"article\" \/>\n<meta property=\"og:title\" content=\"Az\u0259rbaycan h\u00f6k\u00fcm\u0259ti onu t\u0259nqid ed\u0259nl\u0259ri nec\u0259 h\u0259bs edir? - MEYDAN.TV\" \/>\n<meta property=\"og:description\" content=\"Anar M\u0259mm\u0259dli h\u0259bsind\u0259n \u0259vv\u0259l \u201cOC Media\u201dya dan\u0131\u015f\u0131b Az\u0259rbaycanda m\u00fcst\u0259qil mediaya ... Davam\u0131\" \/>\n<meta property=\"og:url\" content=\"https:\/\/www.meydan.tv\/az\/article\/azerbaycan-hokumeti-onu-tenqid-edenleri-nece-hebs-edir\/\" \/>\n<meta property=\"og:site_name\" content=\"MEYDAN.TV\" \/>\n<meta property=\"article:published_time\" content=\"2024-05-01T10:45:18+00:00\" \/>\n<meta property=\"article:modified_time\" content=\"2024-05-01T10:51:09+00:00\" \/>\n<meta property=\"og:image\" content=\"https:\/\/www.meydan.tv\/wp-content\/uploads\/screenshot_2024-04-23_at_15.19.23.png\" \/>\n\t<meta property=\"og:image:width\" content=\"2364\" \/>\n\t<meta property=\"og:image:height\" content=\"872\" \/>\n\t<meta property=\"og:image:type\" content=\"image\/png\" \/>\n<meta name=\"author\" content=\"elli\" \/>\n<meta name=\"twitter:card\" content=\"summary_large_image\" \/>\n<meta name=\"twitter:creator\" content=\"@elli\" \/>\n<script type=\"application\/ld+json\" class=\"yoast-schema-graph\">{\"@context\":\"https:\\\/\\\/schema.org\",\"@graph\":[{\"@type\":\"Article\",\"@id\":\"https:\\\/\\\/www.meydan.tv\\\/az\\\/article\\\/azerbaycan-hokumeti-onu-tenqid-edenleri-nece-hebs-edir\\\/#article\",\"isPartOf\":{\"@id\":\"https:\\\/\\\/www.meydan.tv\\\/az\\\/article\\\/azerbaycan-hokumeti-onu-tenqid-edenleri-nece-hebs-edir\\\/\"},\"author\":{\"name\":\"elli\",\"@id\":\"https:\\\/\\\/www.meydan.tv\\\/az\\\/#\\\/schema\\\/person\\\/9cdbecf90d17180ce1dfbd95b08dcf47\"},\"headline\":\"Az\u0259rbaycan h\u00f6k\u00fcm\u0259ti onu t\u0259nqid ed\u0259nl\u0259ri nec\u0259 h\u0259bs edir?\",\"datePublished\":\"2024-05-01T10:45:18+00:00\",\"dateModified\":\"2024-05-01T10:51:09+00:00\",\"mainEntityOfPage\":{\"@id\":\"https:\\\/\\\/www.meydan.tv\\\/az\\\/article\\\/azerbaycan-hokumeti-onu-tenqid-edenleri-nece-hebs-edir\\\/\"},\"wordCount\":1831,\"publisher\":{\"@id\":\"https:\\\/\\\/www.meydan.tv\\\/az\\\/#organization\"},\"image\":{\"@id\":\"https:\\\/\\\/www.meydan.tv\\\/az\\\/article\\\/azerbaycan-hokumeti-onu-tenqid-edenleri-nece-hebs-edir\\\/#primaryimage\"},\"thumbnailUrl\":\"https:\\\/\\\/www.meydan.tv\\\/wp-content\\\/uploads\\\/screenshot_2024-04-23_at_15.19.23.png\",\"articleSection\":[\"Siyas\u0259t\",\"X\u0259b\u0259rl\u0259r\"],\"inLanguage\":\"az\"},{\"@type\":\"WebPage\",\"@id\":\"https:\\\/\\\/www.meydan.tv\\\/az\\\/article\\\/azerbaycan-hokumeti-onu-tenqid-edenleri-nece-hebs-edir\\\/\",\"url\":\"https:\\\/\\\/www.meydan.tv\\\/az\\\/article\\\/azerbaycan-hokumeti-onu-tenqid-edenleri-nece-hebs-edir\\\/\",\"name\":\"Az\u0259rbaycan h\u00f6k\u00fcm\u0259ti onu t\u0259nqid ed\u0259nl\u0259ri nec\u0259 h\u0259bs edir? - MEYDAN.TV\",\"isPartOf\":{\"@id\":\"https:\\\/\\\/www.meydan.tv\\\/az\\\/#website\"},\"primaryImageOfPage\":{\"@id\":\"https:\\\/\\\/www.meydan.tv\\\/az\\\/article\\\/azerbaycan-hokumeti-onu-tenqid-edenleri-nece-hebs-edir\\\/#primaryimage\"},\"image\":{\"@id\":\"https:\\\/\\\/www.meydan.tv\\\/az\\\/article\\\/azerbaycan-hokumeti-onu-tenqid-edenleri-nece-hebs-edir\\\/#primaryimage\"},\"thumbnailUrl\":\"https:\\\/\\\/www.meydan.tv\\\/wp-content\\\/uploads\\\/screenshot_2024-04-23_at_15.19.23.png\",\"datePublished\":\"2024-05-01T10:45:18+00:00\",\"dateModified\":\"2024-05-01T10:51:09+00:00\",\"breadcrumb\":{\"@id\":\"https:\\\/\\\/www.meydan.tv\\\/az\\\/article\\\/azerbaycan-hokumeti-onu-tenqid-edenleri-nece-hebs-edir\\\/#breadcrumb\"},\"inLanguage\":\"az\",\"potentialAction\":[{\"@type\":\"ReadAction\",\"target\":[\"https:\\\/\\\/www.meydan.tv\\\/az\\\/article\\\/azerbaycan-hokumeti-onu-tenqid-edenleri-nece-hebs-edir\\\/\"]}]},{\"@type\":\"ImageObject\",\"inLanguage\":\"az\",\"@id\":\"https:\\\/\\\/www.meydan.tv\\\/az\\\/article\\\/azerbaycan-hokumeti-onu-tenqid-edenleri-nece-hebs-edir\\\/#primaryimage\",\"url\":\"https:\\\/\\\/www.meydan.tv\\\/wp-content\\\/uploads\\\/screenshot_2024-04-23_at_15.19.23.png\",\"contentUrl\":\"https:\\\/\\\/www.meydan.tv\\\/wp-content\\\/uploads\\\/screenshot_2024-04-23_at_15.19.23.png\",\"width\":2364,\"height\":872,\"caption\":\"Foto: \u018ffqan Muxtarl\u0131n\u0131n \u015f\u0259xsi s\u0259hif\u0259sind\u0259n\"},{\"@type\":\"BreadcrumbList\",\"@id\":\"https:\\\/\\\/www.meydan.tv\\\/az\\\/article\\\/azerbaycan-hokumeti-onu-tenqid-edenleri-nece-hebs-edir\\\/#breadcrumb\",\"itemListElement\":[{\"@type\":\"ListItem\",\"position\":1,\"name\":\"Ana s\u0259hif\u0259\",\"item\":\"https:\\\/\\\/www.meydan.tv\\\/az\\\/\"},{\"@type\":\"ListItem\",\"position\":2,\"name\":\"Siyas\u0259t\",\"item\":\"https:\\\/\\\/www.meydan.tv\\\/az\\\/section\\\/siyaset\\\/\"},{\"@type\":\"ListItem\",\"position\":3,\"name\":\"Az\u0259rbaycan h\u00f6k\u00fcm\u0259ti onu t\u0259nqid ed\u0259nl\u0259ri nec\u0259 h\u0259bs edir?\"}]},{\"@type\":\"WebSite\",\"@id\":\"https:\\\/\\\/www.meydan.tv\\\/az\\\/#website\",\"url\":\"https:\\\/\\\/www.meydan.tv\\\/az\\\/\",\"name\":\"MEYDAN.TV\",\"description\":\"Meydan TV Az\u0259rbaycan\u0131n media m\u0259kan\u0131ndak\u0131 alternativ s\u0259sidir\",\"publisher\":{\"@id\":\"https:\\\/\\\/www.meydan.tv\\\/az\\\/#organization\"},\"potentialAction\":[{\"@type\":\"SearchAction\",\"target\":{\"@type\":\"EntryPoint\",\"urlTemplate\":\"https:\\\/\\\/www.meydan.tv\\\/az\\\/?s={search_term_string}\"},\"query-input\":{\"@type\":\"PropertyValueSpecification\",\"valueRequired\":true,\"valueName\":\"search_term_string\"}}],\"inLanguage\":\"az\"},{\"@type\":\"Organization\",\"@id\":\"https:\\\/\\\/www.meydan.tv\\\/az\\\/#organization\",\"name\":\"Meydan TV\",\"url\":\"https:\\\/\\\/www.meydan.tv\\\/az\\\/\",\"logo\":{\"@type\":\"ImageObject\",\"inLanguage\":\"az\",\"@id\":\"https:\\\/\\\/www.meydan.tv\\\/az\\\/#\\\/schema\\\/logo\\\/image\\\/\",\"url\":\"https:\\\/\\\/www.meydan.tv\\\/wp-content\\\/uploads\\\/2021\\\/07\\\/meydan-logo.svg\",\"contentUrl\":\"https:\\\/\\\/www.meydan.tv\\\/wp-content\\\/uploads\\\/2021\\\/07\\\/meydan-logo.svg\",\"width\":195,\"height\":46,\"caption\":\"Meydan TV\"},\"image\":{\"@id\":\"https:\\\/\\\/www.meydan.tv\\\/az\\\/#\\\/schema\\\/logo\\\/image\\\/\"}},{\"@type\":\"Person\",\"@id\":\"https:\\\/\\\/www.meydan.tv\\\/az\\\/#\\\/schema\\\/person\\\/9cdbecf90d17180ce1dfbd95b08dcf47\",\"name\":\"elli\",\"sameAs\":[\"https:\\\/\\\/x.com\\\/elli\"]}]}<\/script>\n<!-- \/ Yoast SEO plugin. -->","yoast_head_json":{"title":"Az\u0259rbaycan h\u00f6k\u00fcm\u0259ti onu t\u0259nqid ed\u0259nl\u0259ri nec\u0259 h\u0259bs edir? - MEYDAN.TV","robots":{"index":"index","follow":"follow","max-snippet":"max-snippet:-1","max-image-preview":"max-image-preview:large","max-video-preview":"max-video-preview:-1"},"canonical":"https:\/\/www.meydan.tv\/az\/article\/azerbaycan-hokumeti-onu-tenqid-edenleri-nece-hebs-edir\/","og_locale":"az_AZ","og_type":"article","og_title":"Az\u0259rbaycan h\u00f6k\u00fcm\u0259ti onu t\u0259nqid ed\u0259nl\u0259ri nec\u0259 h\u0259bs edir? - MEYDAN.TV","og_description":"Anar M\u0259mm\u0259dli h\u0259bsind\u0259n \u0259vv\u0259l \u201cOC Media\u201dya dan\u0131\u015f\u0131b Az\u0259rbaycanda m\u00fcst\u0259qil mediaya ... Davam\u0131","og_url":"https:\/\/www.meydan.tv\/az\/article\/azerbaycan-hokumeti-onu-tenqid-edenleri-nece-hebs-edir\/","og_site_name":"MEYDAN.TV","article_published_time":"2024-05-01T10:45:18+00:00","article_modified_time":"2024-05-01T10:51:09+00:00","og_image":[{"width":2364,"height":872,"url":"https:\/\/www.meydan.tv\/wp-content\/uploads\/screenshot_2024-04-23_at_15.19.23.png","type":"image\/png"}],"author":"elli","twitter_card":"summary_large_image","twitter_creator":"@elli","schema":{"@context":"https:\/\/schema.org","@graph":[{"@type":"Article","@id":"https:\/\/www.meydan.tv\/az\/article\/azerbaycan-hokumeti-onu-tenqid-edenleri-nece-hebs-edir\/#article","isPartOf":{"@id":"https:\/\/www.meydan.tv\/az\/article\/azerbaycan-hokumeti-onu-tenqid-edenleri-nece-hebs-edir\/"},"author":{"name":"elli","@id":"https:\/\/www.meydan.tv\/az\/#\/schema\/person\/9cdbecf90d17180ce1dfbd95b08dcf47"},"headline":"Az\u0259rbaycan h\u00f6k\u00fcm\u0259ti onu t\u0259nqid ed\u0259nl\u0259ri nec\u0259 h\u0259bs edir?","datePublished":"2024-05-01T10:45:18+00:00","dateModified":"2024-05-01T10:51:09+00:00","mainEntityOfPage":{"@id":"https:\/\/www.meydan.tv\/az\/article\/azerbaycan-hokumeti-onu-tenqid-edenleri-nece-hebs-edir\/"},"wordCount":1831,"publisher":{"@id":"https:\/\/www.meydan.tv\/az\/#organization"},"image":{"@id":"https:\/\/www.meydan.tv\/az\/article\/azerbaycan-hokumeti-onu-tenqid-edenleri-nece-hebs-edir\/#primaryimage"},"thumbnailUrl":"https:\/\/www.meydan.tv\/wp-content\/uploads\/screenshot_2024-04-23_at_15.19.23.png","articleSection":["Siyas\u0259t","X\u0259b\u0259rl\u0259r"],"inLanguage":"az"},{"@type":"WebPage","@id":"https:\/\/www.meydan.tv\/az\/article\/azerbaycan-hokumeti-onu-tenqid-edenleri-nece-hebs-edir\/","url":"https:\/\/www.meydan.tv\/az\/article\/azerbaycan-hokumeti-onu-tenqid-edenleri-nece-hebs-edir\/","name":"Az\u0259rbaycan h\u00f6k\u00fcm\u0259ti onu t\u0259nqid ed\u0259nl\u0259ri nec\u0259 h\u0259bs edir? - MEYDAN.TV","isPartOf":{"@id":"https:\/\/www.meydan.tv\/az\/#website"},"primaryImageOfPage":{"@id":"https:\/\/www.meydan.tv\/az\/article\/azerbaycan-hokumeti-onu-tenqid-edenleri-nece-hebs-edir\/#primaryimage"},"image":{"@id":"https:\/\/www.meydan.tv\/az\/article\/azerbaycan-hokumeti-onu-tenqid-edenleri-nece-hebs-edir\/#primaryimage"},"thumbnailUrl":"https:\/\/www.meydan.tv\/wp-content\/uploads\/screenshot_2024-04-23_at_15.19.23.png","datePublished":"2024-05-01T10:45:18+00:00","dateModified":"2024-05-01T10:51:09+00:00","breadcrumb":{"@id":"https:\/\/www.meydan.tv\/az\/article\/azerbaycan-hokumeti-onu-tenqid-edenleri-nece-hebs-edir\/#breadcrumb"},"inLanguage":"az","potentialAction":[{"@type":"ReadAction","target":["https:\/\/www.meydan.tv\/az\/article\/azerbaycan-hokumeti-onu-tenqid-edenleri-nece-hebs-edir\/"]}]},{"@type":"ImageObject","inLanguage":"az","@id":"https:\/\/www.meydan.tv\/az\/article\/azerbaycan-hokumeti-onu-tenqid-edenleri-nece-hebs-edir\/#primaryimage","url":"https:\/\/www.meydan.tv\/wp-content\/uploads\/screenshot_2024-04-23_at_15.19.23.png","contentUrl":"https:\/\/www.meydan.tv\/wp-content\/uploads\/screenshot_2024-04-23_at_15.19.23.png","width":2364,"height":872,"caption":"Foto: \u018ffqan Muxtarl\u0131n\u0131n \u015f\u0259xsi s\u0259hif\u0259sind\u0259n"},{"@type":"BreadcrumbList","@id":"https:\/\/www.meydan.tv\/az\/article\/azerbaycan-hokumeti-onu-tenqid-edenleri-nece-hebs-edir\/#breadcrumb","itemListElement":[{"@type":"ListItem","position":1,"name":"Ana s\u0259hif\u0259","item":"https:\/\/www.meydan.tv\/az\/"},{"@type":"ListItem","position":2,"name":"Siyas\u0259t","item":"https:\/\/www.meydan.tv\/az\/section\/siyaset\/"},{"@type":"ListItem","position":3,"name":"Az\u0259rbaycan h\u00f6k\u00fcm\u0259ti onu t\u0259nqid ed\u0259nl\u0259ri nec\u0259 h\u0259bs edir?"}]},{"@type":"WebSite","@id":"https:\/\/www.meydan.tv\/az\/#website","url":"https:\/\/www.meydan.tv\/az\/","name":"MEYDAN.TV","description":"Meydan TV Az\u0259rbaycan\u0131n media m\u0259kan\u0131ndak\u0131 alternativ s\u0259sidir","publisher":{"@id":"https:\/\/www.meydan.tv\/az\/#organization"},"potentialAction":[{"@type":"SearchAction","target":{"@type":"EntryPoint","urlTemplate":"https:\/\/www.meydan.tv\/az\/?s={search_term_string}"},"query-input":{"@type":"PropertyValueSpecification","valueRequired":true,"valueName":"search_term_string"}}],"inLanguage":"az"},{"@type":"Organization","@id":"https:\/\/www.meydan.tv\/az\/#organization","name":"Meydan TV","url":"https:\/\/www.meydan.tv\/az\/","logo":{"@type":"ImageObject","inLanguage":"az","@id":"https:\/\/www.meydan.tv\/az\/#\/schema\/logo\/image\/","url":"https:\/\/www.meydan.tv\/wp-content\/uploads\/2021\/07\/meydan-logo.svg","contentUrl":"https:\/\/www.meydan.tv\/wp-content\/uploads\/2021\/07\/meydan-logo.svg","width":195,"height":46,"caption":"Meydan TV"},"image":{"@id":"https:\/\/www.meydan.tv\/az\/#\/schema\/logo\/image\/"}},{"@type":"Person","@id":"https:\/\/www.meydan.tv\/az\/#\/schema\/person\/9cdbecf90d17180ce1dfbd95b08dcf47","name":"elli","sameAs":["https:\/\/x.com\/elli"]}]}},"_links":{"self":[{"href":"https:\/\/www.meydan.tv\/az\/wp-json\/wp\/v2\/posts\/304785","targetHints":{"allow":["GET"]}}],"collection":[{"href":"https:\/\/www.meydan.tv\/az\/wp-json\/wp\/v2\/posts"}],"about":[{"href":"https:\/\/www.meydan.tv\/az\/wp-json\/wp\/v2\/types\/post"}],"author":[{"embeddable":true,"href":"https:\/\/www.meydan.tv\/az\/wp-json\/wp\/v2\/users\/8"}],"replies":[{"embeddable":true,"href":"https:\/\/www.meydan.tv\/az\/wp-json\/wp\/v2\/comments?post=304785"}],"version-history":[{"count":3,"href":"https:\/\/www.meydan.tv\/az\/wp-json\/wp\/v2\/posts\/304785\/revisions"}],"predecessor-version":[{"id":304793,"href":"https:\/\/www.meydan.tv\/az\/wp-json\/wp\/v2\/posts\/304785\/revisions\/304793"}],"wp:featuredmedia":[{"embeddable":true,"href":"https:\/\/www.meydan.tv\/az\/wp-json\/wp\/v2\/media\/304094"}],"wp:attachment":[{"href":"https:\/\/www.meydan.tv\/az\/wp-json\/wp\/v2\/media?parent=304785"}],"wp:term":[{"taxonomy":"category","embeddable":true,"href":"https:\/\/www.meydan.tv\/az\/wp-json\/wp\/v2\/categories?post=304785"},{"taxonomy":"post_tag","embeddable":true,"href":"https:\/\/www.meydan.tv\/az\/wp-json\/wp\/v2\/tags?post=304785"}],"curies":[{"name":"wp","href":"https:\/\/api.w.org\/{rel}","templated":true}]}}