{"id":304730,"date":"2024-04-30T23:12:57","date_gmt":"2024-04-30T19:12:57","guid":{"rendered":"https:\/\/www.meydan.tv\/?p=304730"},"modified":"2024-05-01T11:45:49","modified_gmt":"2024-05-01T07:45:49","slug":"socar-tehlukesizlik-idaresinin-iscileri-imtahana-etiraz-edir","status":"publish","type":"post","link":"https:\/\/www.meydan.tv\/az\/article\/socar-tehlukesizlik-idaresinin-iscileri-imtahana-etiraz-edir\/","title":{"rendered":"SOCAR T\u0259hl\u00fck\u0259sizlik \u0130dar\u0259sinin i\u015f\u00e7il\u0259ri imtahana etiraz edir"},"content":{"rendered":"\n<p><\/p>\n\n\n\n<p><strong><em>\u201cV\u0259ziyy\u0259t o yer\u0259 \u00e7at\u0131b ki, ail\u0259l\u0259rimizin probleml\u0259ri il\u0259 maraqlanma\u011fa vaxt\u0131m\u0131z qalm\u0131r\u201d<\/em><\/strong><\/p>\n\n\n\n<p>SOCAR T\u0259hl\u00fck\u0259sizlik \u0130dar\u0259sinin bir qrup i\u015f\u00e7isi topla\u015faraq idar\u0259 t\u0259r\u0259find\u0259n ke\u00e7iril\u0259n imtahanlara etiraz edib. Bu bar\u0259d\u0259 Meydan TV-y\u0259 i\u015f\u00e7il\u0259r m\u0259lumat veribl\u0259r. Onlar bildiribl\u0259r ki, bir ne\u00e7\u0259 g\u00fcn \u0259vv\u0259l bir yer\u0259 y\u0131\u011f\u0131laraq probleml\u0259rind\u0259n dan\u0131\u015f\u0131blar. Ad\u0131n\u0131n a\u00e7\u0131qlanmas\u0131n\u0131 ist\u0259m\u0259y\u0259n i\u015f\u00e7il\u0259rd\u0259n biri deyib ki, m\u0259zuniyy\u0259td\u0259 olanlar\u0131 da imtahana \u00e7a\u011f\u0131r\u0131blar.<\/p>\n\n\n\n<p><em>\u201cBiz- kollektivin \u0259sas hiss\u0259si imtahana etiraz edirik, l\u0259\u011fvini ist\u0259yirik. \u0130stirah\u0259t ed\u0259n i\u015f\u00e7ini imtahana, \u00fczg\u00fc\u00e7\u00fcl\u00fcy\u0259 \u00e7a\u011f\u0131r\u0131rlar. V\u0259ziyy\u0259t o yer\u0259 \u00e7at\u0131b ki, ail\u0259l\u0259rimizin probleml\u0259ri il\u0259 maraqlanma\u011fa vaxt\u0131m\u0131z qalm\u0131r, daim g\u0259rginik\u201d,- naraz\u0131 i\u015f\u00e7i deyib.<\/em><\/p>\n\n\n\n<p>\u0130\u015f\u00e7il\u0259r bildiribl\u0259r ki, x\u00fcsusil\u0259 rayondan g\u0259l\u0259nl\u0259r yollarda qal\u0131blar. \u0130mtahan\u0131n \u0259sas m\u0259qs\u0259di i\u015f\u00e7il\u0259rin say\u0131n\u0131 azaltmaqd\u0131r. \u0130mtahanlardan az bal toplayanlar quruda i\u015f\u0259 g\u00f6nd\u0259rilirl\u0259r. Bal toplaya bilm\u0259y\u0259nl\u0259r is\u0259 \u00fcmumiyy\u0259tl\u0259 i\u015fsiz qalacaqlar. Bu is\u0259 ill\u0259rini neft sah\u0259sin\u0259 h\u0259sr ed\u0259nl\u0259rin ac qalmas\u0131 dem\u0259kdir. \u00c7oxu kredit g\u00f6t\u00fcr\u00fcb, b\u0259zil\u0259rinin is\u0259 t\u0259qa\u00fcd ya\u015f\u0131na az qal\u0131b.<\/p>\n\n\n<div class=\"wp-block-image\">\n<figure class=\"aligncenter size-full\"><img decoding=\"async\" width=\"1200\" height=\"669\" data-src=\"https:\/\/www.meydan.tv\/wp-content\/uploads\/screenshot_2-26.png\" alt=\"\" class=\"wp-image-304731 lazyload\" src=\"data:image\/svg+xml;base64,PHN2ZyB3aWR0aD0iMSIgaGVpZ2h0PSIxIiB4bWxucz0iaHR0cDovL3d3dy53My5vcmcvMjAwMC9zdmciPjwvc3ZnPg==\" style=\"--smush-placeholder-width: 1200px; --smush-placeholder-aspect-ratio: 1200\/669;\" \/><figcaption class=\"wp-element-caption\">Foto: screenshot<\/figcaption><\/figure>\n<\/div>\n\n\n<p>Neft\u00e7il\u0259rin H\u00fcquqlar\u0131n\u0131n M\u00fcdafi\u0259si T\u0259\u015fkilat\u0131n\u0131n s\u0259dri Mirvari Q\u0259hr\u0259manl\u0131 deyib ki, o da i\u015f\u00e7il\u0259r kimi \u018fm\u0259k M\u0259c\u0259ll\u0259sinin 70-71-77-78-79 v\u0259 80-ci madd\u0259l\u0259rinin pozulmas\u0131na etiraz edir. Q\u0259hr\u0259manl\u0131 bildirib ki, 2020-2021-ci ild\u0259 d\u0259 ke\u00e7iril\u0259n imtahanlara \u0259sas\u0259n \u00e7oxlu sayda i\u015f\u00e7i ixtisar olunub. H\u0259min \u015f\u0259xsl\u0259rin i\u00e7ind\u0259 Qaraba\u011f qazil\u0259ri d\u0259 var.<\/p>\n\n\n\n<p>H\u00fcquq m\u00fcdafi\u0259\u00e7isi deyib ki, dig\u0259r idar\u0259d\u0259 i\u015fl\u0259y\u0259nl\u0259r t\u0259r\u0259find\u0259n d\u0259 \u015fikay\u0259tl\u0259r daxil olur. <\/p>\n\n\n\n<p>\u201cAz\u0259riqaz\u201d \u0130stehsalat Birliyinin eyni \u015f\u00f6b\u0259d\u0259 i\u015fl\u0259y\u0259n 2 i\u015f\u00e7isi tarif maa\u015f\u0131n\u0131n d\u0259r\u0259c\u0259sinin ayr\u0131lmas\u0131 \u00fc\u00e7\u00fcn imtahanda i\u015ftirak edib. \u0130kisi d\u0259 eyni bal\u0131 toplay\u0131b. Amma 20 il staj\u0131 olan qad\u0131n\u0131n deyil, dig\u0259r \u015f\u0259xsin tarif d\u0259r\u0259c\u0259si art\u0131r\u0131l\u0131b.<\/p>\n\n\n<div class=\"wp-block-image\">\n<figure class=\"aligncenter size-full\"><img decoding=\"async\" width=\"1200\" height=\"800\" data-src=\"https:\/\/www.meydan.tv\/wp-content\/uploads\/mimrvari.jpeg\" alt=\"\" class=\"wp-image-279089 lazyload\" src=\"data:image\/svg+xml;base64,PHN2ZyB3aWR0aD0iMSIgaGVpZ2h0PSIxIiB4bWxucz0iaHR0cDovL3d3dy53My5vcmcvMjAwMC9zdmciPjwvc3ZnPg==\" style=\"--smush-placeholder-width: 1200px; --smush-placeholder-aspect-ratio: 1200\/800;\" \/><figcaption class=\"wp-element-caption\">Mirvari Q\u0259hr\u0259manl\u0131. Foto: G\u00fclzar M\u0259mm\u0259dli<\/figcaption><\/figure>\n<\/div>\n\n\n<p>\u201cAz\u0259riqaz\u201ddan veril\u0259n cavabda bildirilib ki, Birliyin \u0130dar\u0259etm\u0259 Aparat\u0131n\u0131n m\u00fcvafiq struktur b\u00f6lm\u0259sind\u0259 yaranm\u0131\u015f vakant yer \u00fczr\u0259 eyni d\u0259r\u0259c\u0259li m\u00fct\u0259x\u0259ssisl\u0259rin h\u0259r ikisinin namiz\u0259dliyin\u0259 birlikd\u0259 bax\u0131l\u0131b. Onlar\u0131n h\u0259r ikisi kvalifikasiya t\u0259l\u0259bl\u0259rini (t\u0259hsil v\u0259 i\u015f staj\u0131 bax\u0131m\u0131ndan) \u00f6d\u0259dikl\u0259ri \u00fc\u00e7\u00fcn bilikl\u0259rin yoxlan\u0131lmas\u0131 imtahan\u0131na c\u0259lb edilib:<\/p>\n\n\n\n<p><em>\u201c\u018fm\u0259kda\u015flar\u0131m\u0131z\u0131n h\u0259r ikisi 20 bal toplay\u0131b. Vakant yer say\u0131 bir vahid, namiz\u0259d say\u0131 iki n\u0259f\u0259r oldu\u011fu \u00fc\u00e7\u00fcn i\u015f\u0259g\u00f6t\u00fcr\u0259n \u018fm\u0259k M\u0259c\u0259ll\u0259sinin 156.3-c\u00fc hiss\u0259si il\u0259 ona verilmi\u015f h\u00fcquqlar\u0131ndan istifad\u0259 ed\u0259r\u0259k m\u00fclahiz\u0259sin\u0259 \u0259sas\u0259n \u0259m\u0259kda\u015flar\u0131n birin\u0259 birinci n\u00f6vb\u0259d\u0259 n\u00f6vb\u0259ti \u0259m\u0259yin \u00f6d\u0259nilm\u0259si d\u0259r\u0259c\u0259sini verib, dig\u0259r \u0259m\u0259kda\u015f is\u0259 Kadr Ehtiyat\u0131 Bazas\u0131na daxil edilib. Kadr Ehtiyat\u0131 Bazas\u0131na daxil edilmi\u015f namiz\u0259dl\u0259rin imtahan tarixind\u0259n etibar\u0259n bir il m\u00fcdd\u0259tind\u0259 h\u0259min struktur b\u00f6lm\u0259d\u0259 vakant yer yarand\u0131qca n\u00f6vb\u0259lilik \u0259sas\u0131nda yerl\u0259\u015fdirilm\u0259si t\u0259min edilir. H\u0259min struktur b\u00f6lm\u0259d\u0259 bu d\u00f6vrd\u0259 daha bir vakant yerin yaranmas\u0131 g\u00f6zl\u0259nilir. H\u0259min yer yarand\u0131qda dig\u0259r \u0259m\u0259kda\u015fa n\u00f6vb\u0259ti \u0259m\u0259yin \u00f6d\u0259nilm\u0259si d\u0259r\u0259c\u0259sinin verilm\u0259si t\u0259min olunacaq\u201d.<\/em><\/p>\n","protected":false},"excerpt":{"rendered":"<p>\u201cV\u0259ziyy\u0259t o yer\u0259 \u00e7at\u0131b ki, ail\u0259l\u0259rimizin probleml\u0259ri il\u0259 maraqlanma\u011fa vaxt\u0131m\u0131z &#8230; <\/p>\n<p class=\"read-more-container\"><a title=\"SOCAR T\u0259hl\u00fck\u0259sizlik \u0130dar\u0259sinin i\u015f\u00e7il\u0259ri imtahana etiraz edir\" class=\"read-more button\" href=\"https:\/\/www.meydan.tv\/az\/article\/socar-tehlukesizlik-idaresinin-iscileri-imtahana-etiraz-edir\/#more-304730\" aria-label=\"Read more about SOCAR T\u0259hl\u00fck\u0259sizlik \u0130dar\u0259sinin i\u015f\u00e7il\u0259ri imtahana etiraz edir\">Davam\u0131<\/a><\/p>\n","protected":false},"author":8,"featured_media":304734,"comment_status":"closed","ping_status":"closed","sticky":false,"template":"","format":"standard","meta":{"_acf_changed":false,"_sitemap_exclude":false,"_sitemap_priority":"","_sitemap_frequency":"","footnotes":""},"categories":[62,56],"tags":[],"class_list":["post-304730","post","type-post","status-publish","format-standard","has-post-thumbnail","hentry","category-sosial","category-xeberler","infinite-scroll-item","generate-columns","tablet-grid-50","mobile-grid-100","grid-parent","grid-33","no-featured-image-padding"],"acf":[],"yoast_head":"<!-- This site is optimized with the Yoast SEO plugin v27.5 - https:\/\/yoast.com\/product\/yoast-seo-wordpress\/ -->\n<title>SOCAR T\u0259hl\u00fck\u0259sizlik \u0130dar\u0259sinin i\u015f\u00e7il\u0259ri imtahana etiraz edir - MEYDAN.TV<\/title>\n<meta name=\"robots\" content=\"index, follow, max-snippet:-1, max-image-preview:large, max-video-preview:-1\" \/>\n<link rel=\"canonical\" href=\"https:\/\/www.meydan.tv\/az\/article\/socar-tehlukesizlik-idaresinin-iscileri-imtahana-etiraz-edir\/\" \/>\n<meta property=\"og:locale\" content=\"az_AZ\" \/>\n<meta property=\"og:type\" content=\"article\" \/>\n<meta property=\"og:title\" content=\"SOCAR T\u0259hl\u00fck\u0259sizlik \u0130dar\u0259sinin i\u015f\u00e7il\u0259ri imtahana etiraz edir - MEYDAN.TV\" \/>\n<meta property=\"og:description\" content=\"\u201cV\u0259ziyy\u0259t o yer\u0259 \u00e7at\u0131b ki, ail\u0259l\u0259rimizin probleml\u0259ri il\u0259 maraqlanma\u011fa vaxt\u0131m\u0131z ... Davam\u0131\" \/>\n<meta property=\"og:url\" content=\"https:\/\/www.meydan.tv\/az\/article\/socar-tehlukesizlik-idaresinin-iscileri-imtahana-etiraz-edir\/\" \/>\n<meta property=\"og:site_name\" content=\"MEYDAN.TV\" \/>\n<meta property=\"article:published_time\" content=\"2024-04-30T19:12:57+00:00\" \/>\n<meta property=\"article:modified_time\" content=\"2024-05-01T07:45:49+00:00\" \/>\n<meta property=\"og:image\" content=\"https:\/\/www.meydan.tv\/wp-content\/uploads\/screenshot_1-38-e1714504364432.png\" \/>\n\t<meta property=\"og:image:width\" content=\"1200\" \/>\n\t<meta property=\"og:image:height\" content=\"484\" \/>\n\t<meta property=\"og:image:type\" content=\"image\/png\" \/>\n<meta name=\"author\" content=\"elli\" \/>\n<meta name=\"twitter:card\" content=\"summary_large_image\" \/>\n<meta name=\"twitter:creator\" content=\"@elli\" \/>\n<script type=\"application\/ld+json\" class=\"yoast-schema-graph\">{\"@context\":\"https:\\\/\\\/schema.org\",\"@graph\":[{\"@type\":\"Article\",\"@id\":\"https:\\\/\\\/www.meydan.tv\\\/az\\\/article\\\/socar-tehlukesizlik-idaresinin-iscileri-imtahana-etiraz-edir\\\/#article\",\"isPartOf\":{\"@id\":\"https:\\\/\\\/www.meydan.tv\\\/az\\\/article\\\/socar-tehlukesizlik-idaresinin-iscileri-imtahana-etiraz-edir\\\/\"},\"author\":{\"name\":\"elli\",\"@id\":\"https:\\\/\\\/www.meydan.tv\\\/az\\\/#\\\/schema\\\/person\\\/9cdbecf90d17180ce1dfbd95b08dcf47\"},\"headline\":\"SOCAR T\u0259hl\u00fck\u0259sizlik \u0130dar\u0259sinin i\u015f\u00e7il\u0259ri imtahana etiraz edir\",\"datePublished\":\"2024-04-30T19:12:57+00:00\",\"dateModified\":\"2024-05-01T07:45:49+00:00\",\"mainEntityOfPage\":{\"@id\":\"https:\\\/\\\/www.meydan.tv\\\/az\\\/article\\\/socar-tehlukesizlik-idaresinin-iscileri-imtahana-etiraz-edir\\\/\"},\"wordCount\":671,\"publisher\":{\"@id\":\"https:\\\/\\\/www.meydan.tv\\\/az\\\/#organization\"},\"image\":{\"@id\":\"https:\\\/\\\/www.meydan.tv\\\/az\\\/article\\\/socar-tehlukesizlik-idaresinin-iscileri-imtahana-etiraz-edir\\\/#primaryimage\"},\"thumbnailUrl\":\"https:\\\/\\\/www.meydan.tv\\\/wp-content\\\/uploads\\\/screenshot_1-38-e1714504364432.png\",\"articleSection\":[\"Sosial\",\"X\u0259b\u0259rl\u0259r\"],\"inLanguage\":\"az\"},{\"@type\":\"WebPage\",\"@id\":\"https:\\\/\\\/www.meydan.tv\\\/az\\\/article\\\/socar-tehlukesizlik-idaresinin-iscileri-imtahana-etiraz-edir\\\/\",\"url\":\"https:\\\/\\\/www.meydan.tv\\\/az\\\/article\\\/socar-tehlukesizlik-idaresinin-iscileri-imtahana-etiraz-edir\\\/\",\"name\":\"SOCAR T\u0259hl\u00fck\u0259sizlik \u0130dar\u0259sinin i\u015f\u00e7il\u0259ri imtahana etiraz edir - MEYDAN.TV\",\"isPartOf\":{\"@id\":\"https:\\\/\\\/www.meydan.tv\\\/az\\\/#website\"},\"primaryImageOfPage\":{\"@id\":\"https:\\\/\\\/www.meydan.tv\\\/az\\\/article\\\/socar-tehlukesizlik-idaresinin-iscileri-imtahana-etiraz-edir\\\/#primaryimage\"},\"image\":{\"@id\":\"https:\\\/\\\/www.meydan.tv\\\/az\\\/article\\\/socar-tehlukesizlik-idaresinin-iscileri-imtahana-etiraz-edir\\\/#primaryimage\"},\"thumbnailUrl\":\"https:\\\/\\\/www.meydan.tv\\\/wp-content\\\/uploads\\\/screenshot_1-38-e1714504364432.png\",\"datePublished\":\"2024-04-30T19:12:57+00:00\",\"dateModified\":\"2024-05-01T07:45:49+00:00\",\"breadcrumb\":{\"@id\":\"https:\\\/\\\/www.meydan.tv\\\/az\\\/article\\\/socar-tehlukesizlik-idaresinin-iscileri-imtahana-etiraz-edir\\\/#breadcrumb\"},\"inLanguage\":\"az\",\"potentialAction\":[{\"@type\":\"ReadAction\",\"target\":[\"https:\\\/\\\/www.meydan.tv\\\/az\\\/article\\\/socar-tehlukesizlik-idaresinin-iscileri-imtahana-etiraz-edir\\\/\"]}]},{\"@type\":\"ImageObject\",\"inLanguage\":\"az\",\"@id\":\"https:\\\/\\\/www.meydan.tv\\\/az\\\/article\\\/socar-tehlukesizlik-idaresinin-iscileri-imtahana-etiraz-edir\\\/#primaryimage\",\"url\":\"https:\\\/\\\/www.meydan.tv\\\/wp-content\\\/uploads\\\/screenshot_1-38-e1714504364432.png\",\"contentUrl\":\"https:\\\/\\\/www.meydan.tv\\\/wp-content\\\/uploads\\\/screenshot_1-38-e1714504364432.png\",\"width\":1200,\"height\":484,\"caption\":\"Foto: screenshot \\\"cloud.mail.ru\\\"dan\"},{\"@type\":\"BreadcrumbList\",\"@id\":\"https:\\\/\\\/www.meydan.tv\\\/az\\\/article\\\/socar-tehlukesizlik-idaresinin-iscileri-imtahana-etiraz-edir\\\/#breadcrumb\",\"itemListElement\":[{\"@type\":\"ListItem\",\"position\":1,\"name\":\"Ana s\u0259hif\u0259\",\"item\":\"https:\\\/\\\/www.meydan.tv\\\/az\\\/\"},{\"@type\":\"ListItem\",\"position\":2,\"name\":\"Sosial\",\"item\":\"https:\\\/\\\/www.meydan.tv\\\/az\\\/section\\\/sosial\\\/\"},{\"@type\":\"ListItem\",\"position\":3,\"name\":\"SOCAR T\u0259hl\u00fck\u0259sizlik \u0130dar\u0259sinin i\u015f\u00e7il\u0259ri imtahana etiraz edir\"}]},{\"@type\":\"WebSite\",\"@id\":\"https:\\\/\\\/www.meydan.tv\\\/az\\\/#website\",\"url\":\"https:\\\/\\\/www.meydan.tv\\\/az\\\/\",\"name\":\"MEYDAN.TV\",\"description\":\"Meydan TV Az\u0259rbaycan\u0131n media m\u0259kan\u0131ndak\u0131 alternativ s\u0259sidir\",\"publisher\":{\"@id\":\"https:\\\/\\\/www.meydan.tv\\\/az\\\/#organization\"},\"potentialAction\":[{\"@type\":\"SearchAction\",\"target\":{\"@type\":\"EntryPoint\",\"urlTemplate\":\"https:\\\/\\\/www.meydan.tv\\\/az\\\/?s={search_term_string}\"},\"query-input\":{\"@type\":\"PropertyValueSpecification\",\"valueRequired\":true,\"valueName\":\"search_term_string\"}}],\"inLanguage\":\"az\"},{\"@type\":\"Organization\",\"@id\":\"https:\\\/\\\/www.meydan.tv\\\/az\\\/#organization\",\"name\":\"Meydan TV\",\"url\":\"https:\\\/\\\/www.meydan.tv\\\/az\\\/\",\"logo\":{\"@type\":\"ImageObject\",\"inLanguage\":\"az\",\"@id\":\"https:\\\/\\\/www.meydan.tv\\\/az\\\/#\\\/schema\\\/logo\\\/image\\\/\",\"url\":\"https:\\\/\\\/www.meydan.tv\\\/wp-content\\\/uploads\\\/2021\\\/07\\\/meydan-logo.svg\",\"contentUrl\":\"https:\\\/\\\/www.meydan.tv\\\/wp-content\\\/uploads\\\/2021\\\/07\\\/meydan-logo.svg\",\"width\":195,\"height\":46,\"caption\":\"Meydan TV\"},\"image\":{\"@id\":\"https:\\\/\\\/www.meydan.tv\\\/az\\\/#\\\/schema\\\/logo\\\/image\\\/\"}},{\"@type\":\"Person\",\"@id\":\"https:\\\/\\\/www.meydan.tv\\\/az\\\/#\\\/schema\\\/person\\\/9cdbecf90d17180ce1dfbd95b08dcf47\",\"name\":\"elli\",\"sameAs\":[\"https:\\\/\\\/x.com\\\/elli\"]}]}<\/script>\n<!-- \/ Yoast SEO plugin. -->","yoast_head_json":{"title":"SOCAR T\u0259hl\u00fck\u0259sizlik \u0130dar\u0259sinin i\u015f\u00e7il\u0259ri imtahana etiraz edir - MEYDAN.TV","robots":{"index":"index","follow":"follow","max-snippet":"max-snippet:-1","max-image-preview":"max-image-preview:large","max-video-preview":"max-video-preview:-1"},"canonical":"https:\/\/www.meydan.tv\/az\/article\/socar-tehlukesizlik-idaresinin-iscileri-imtahana-etiraz-edir\/","og_locale":"az_AZ","og_type":"article","og_title":"SOCAR T\u0259hl\u00fck\u0259sizlik \u0130dar\u0259sinin i\u015f\u00e7il\u0259ri imtahana etiraz edir - MEYDAN.TV","og_description":"\u201cV\u0259ziyy\u0259t o yer\u0259 \u00e7at\u0131b ki, ail\u0259l\u0259rimizin probleml\u0259ri il\u0259 maraqlanma\u011fa vaxt\u0131m\u0131z ... Davam\u0131","og_url":"https:\/\/www.meydan.tv\/az\/article\/socar-tehlukesizlik-idaresinin-iscileri-imtahana-etiraz-edir\/","og_site_name":"MEYDAN.TV","article_published_time":"2024-04-30T19:12:57+00:00","article_modified_time":"2024-05-01T07:45:49+00:00","og_image":[{"width":1200,"height":484,"url":"https:\/\/www.meydan.tv\/wp-content\/uploads\/screenshot_1-38-e1714504364432.png","type":"image\/png"}],"author":"elli","twitter_card":"summary_large_image","twitter_creator":"@elli","schema":{"@context":"https:\/\/schema.org","@graph":[{"@type":"Article","@id":"https:\/\/www.meydan.tv\/az\/article\/socar-tehlukesizlik-idaresinin-iscileri-imtahana-etiraz-edir\/#article","isPartOf":{"@id":"https:\/\/www.meydan.tv\/az\/article\/socar-tehlukesizlik-idaresinin-iscileri-imtahana-etiraz-edir\/"},"author":{"name":"elli","@id":"https:\/\/www.meydan.tv\/az\/#\/schema\/person\/9cdbecf90d17180ce1dfbd95b08dcf47"},"headline":"SOCAR T\u0259hl\u00fck\u0259sizlik \u0130dar\u0259sinin i\u015f\u00e7il\u0259ri imtahana etiraz edir","datePublished":"2024-04-30T19:12:57+00:00","dateModified":"2024-05-01T07:45:49+00:00","mainEntityOfPage":{"@id":"https:\/\/www.meydan.tv\/az\/article\/socar-tehlukesizlik-idaresinin-iscileri-imtahana-etiraz-edir\/"},"wordCount":671,"publisher":{"@id":"https:\/\/www.meydan.tv\/az\/#organization"},"image":{"@id":"https:\/\/www.meydan.tv\/az\/article\/socar-tehlukesizlik-idaresinin-iscileri-imtahana-etiraz-edir\/#primaryimage"},"thumbnailUrl":"https:\/\/www.meydan.tv\/wp-content\/uploads\/screenshot_1-38-e1714504364432.png","articleSection":["Sosial","X\u0259b\u0259rl\u0259r"],"inLanguage":"az"},{"@type":"WebPage","@id":"https:\/\/www.meydan.tv\/az\/article\/socar-tehlukesizlik-idaresinin-iscileri-imtahana-etiraz-edir\/","url":"https:\/\/www.meydan.tv\/az\/article\/socar-tehlukesizlik-idaresinin-iscileri-imtahana-etiraz-edir\/","name":"SOCAR T\u0259hl\u00fck\u0259sizlik \u0130dar\u0259sinin i\u015f\u00e7il\u0259ri imtahana etiraz edir - MEYDAN.TV","isPartOf":{"@id":"https:\/\/www.meydan.tv\/az\/#website"},"primaryImageOfPage":{"@id":"https:\/\/www.meydan.tv\/az\/article\/socar-tehlukesizlik-idaresinin-iscileri-imtahana-etiraz-edir\/#primaryimage"},"image":{"@id":"https:\/\/www.meydan.tv\/az\/article\/socar-tehlukesizlik-idaresinin-iscileri-imtahana-etiraz-edir\/#primaryimage"},"thumbnailUrl":"https:\/\/www.meydan.tv\/wp-content\/uploads\/screenshot_1-38-e1714504364432.png","datePublished":"2024-04-30T19:12:57+00:00","dateModified":"2024-05-01T07:45:49+00:00","breadcrumb":{"@id":"https:\/\/www.meydan.tv\/az\/article\/socar-tehlukesizlik-idaresinin-iscileri-imtahana-etiraz-edir\/#breadcrumb"},"inLanguage":"az","potentialAction":[{"@type":"ReadAction","target":["https:\/\/www.meydan.tv\/az\/article\/socar-tehlukesizlik-idaresinin-iscileri-imtahana-etiraz-edir\/"]}]},{"@type":"ImageObject","inLanguage":"az","@id":"https:\/\/www.meydan.tv\/az\/article\/socar-tehlukesizlik-idaresinin-iscileri-imtahana-etiraz-edir\/#primaryimage","url":"https:\/\/www.meydan.tv\/wp-content\/uploads\/screenshot_1-38-e1714504364432.png","contentUrl":"https:\/\/www.meydan.tv\/wp-content\/uploads\/screenshot_1-38-e1714504364432.png","width":1200,"height":484,"caption":"Foto: screenshot \"cloud.mail.ru\"dan"},{"@type":"BreadcrumbList","@id":"https:\/\/www.meydan.tv\/az\/article\/socar-tehlukesizlik-idaresinin-iscileri-imtahana-etiraz-edir\/#breadcrumb","itemListElement":[{"@type":"ListItem","position":1,"name":"Ana s\u0259hif\u0259","item":"https:\/\/www.meydan.tv\/az\/"},{"@type":"ListItem","position":2,"name":"Sosial","item":"https:\/\/www.meydan.tv\/az\/section\/sosial\/"},{"@type":"ListItem","position":3,"name":"SOCAR T\u0259hl\u00fck\u0259sizlik \u0130dar\u0259sinin i\u015f\u00e7il\u0259ri imtahana etiraz edir"}]},{"@type":"WebSite","@id":"https:\/\/www.meydan.tv\/az\/#website","url":"https:\/\/www.meydan.tv\/az\/","name":"MEYDAN.TV","description":"Meydan TV Az\u0259rbaycan\u0131n media m\u0259kan\u0131ndak\u0131 alternativ s\u0259sidir","publisher":{"@id":"https:\/\/www.meydan.tv\/az\/#organization"},"potentialAction":[{"@type":"SearchAction","target":{"@type":"EntryPoint","urlTemplate":"https:\/\/www.meydan.tv\/az\/?s={search_term_string}"},"query-input":{"@type":"PropertyValueSpecification","valueRequired":true,"valueName":"search_term_string"}}],"inLanguage":"az"},{"@type":"Organization","@id":"https:\/\/www.meydan.tv\/az\/#organization","name":"Meydan TV","url":"https:\/\/www.meydan.tv\/az\/","logo":{"@type":"ImageObject","inLanguage":"az","@id":"https:\/\/www.meydan.tv\/az\/#\/schema\/logo\/image\/","url":"https:\/\/www.meydan.tv\/wp-content\/uploads\/2021\/07\/meydan-logo.svg","contentUrl":"https:\/\/www.meydan.tv\/wp-content\/uploads\/2021\/07\/meydan-logo.svg","width":195,"height":46,"caption":"Meydan TV"},"image":{"@id":"https:\/\/www.meydan.tv\/az\/#\/schema\/logo\/image\/"}},{"@type":"Person","@id":"https:\/\/www.meydan.tv\/az\/#\/schema\/person\/9cdbecf90d17180ce1dfbd95b08dcf47","name":"elli","sameAs":["https:\/\/x.com\/elli"]}]}},"_links":{"self":[{"href":"https:\/\/www.meydan.tv\/az\/wp-json\/wp\/v2\/posts\/304730","targetHints":{"allow":["GET"]}}],"collection":[{"href":"https:\/\/www.meydan.tv\/az\/wp-json\/wp\/v2\/posts"}],"about":[{"href":"https:\/\/www.meydan.tv\/az\/wp-json\/wp\/v2\/types\/post"}],"author":[{"embeddable":true,"href":"https:\/\/www.meydan.tv\/az\/wp-json\/wp\/v2\/users\/8"}],"replies":[{"embeddable":true,"href":"https:\/\/www.meydan.tv\/az\/wp-json\/wp\/v2\/comments?post=304730"}],"version-history":[{"count":3,"href":"https:\/\/www.meydan.tv\/az\/wp-json\/wp\/v2\/posts\/304730\/revisions"}],"predecessor-version":[{"id":304769,"href":"https:\/\/www.meydan.tv\/az\/wp-json\/wp\/v2\/posts\/304730\/revisions\/304769"}],"wp:featuredmedia":[{"embeddable":true,"href":"https:\/\/www.meydan.tv\/az\/wp-json\/wp\/v2\/media\/304734"}],"wp:attachment":[{"href":"https:\/\/www.meydan.tv\/az\/wp-json\/wp\/v2\/media?parent=304730"}],"wp:term":[{"taxonomy":"category","embeddable":true,"href":"https:\/\/www.meydan.tv\/az\/wp-json\/wp\/v2\/categories?post=304730"},{"taxonomy":"post_tag","embeddable":true,"href":"https:\/\/www.meydan.tv\/az\/wp-json\/wp\/v2\/tags?post=304730"}],"curies":[{"name":"wp","href":"https:\/\/api.w.org\/{rel}","templated":true}]}}