{"id":304725,"date":"2024-04-30T22:59:44","date_gmt":"2024-04-30T18:59:44","guid":{"rendered":"https:\/\/www.meydan.tv\/?p=304725"},"modified":"2024-05-01T11:10:26","modified_gmt":"2024-05-01T07:10:26","slug":"zaqatala-sakini-dediler-ki-razilasmasan-daha-agir-madde-ile-onsuz-da-iceri-gedeceksen","status":"publish","type":"post","link":"https:\/\/www.meydan.tv\/az\/article\/zaqatala-sakini-dediler-ki-razilasmasan-daha-agir-madde-ile-onsuz-da-iceri-gedeceksen\/","title":{"rendered":"Zaqatala sakini: \u201cDedil\u0259r ki, raz\u0131la\u015fmasan, daha a\u011f\u0131r madd\u0259 il\u0259 onsuz da i\u00e7\u0259ri ged\u0259c\u0259ks\u0259n\u201d"},"content":{"rendered":"\n<p><\/p>\n\n\n\n<p><em><strong>\u00dc\u00e7 il davam ed\u0259n m\u0259hk\u0259m\u0259 \u00e7\u0259ki\u015fm\u0259l\u0259ri v\u0259 h\u0259bsd\u0259n sonra b\u0259ra\u0259t ald\u0131&#8230;<\/strong><\/em><\/p>\n\n\n\n<p>Zaqatala rayonunun \u018fliabad q\u0259s\u0259b\u0259sinin sakini Elg\u00fcc A\u011fam\u0259mm\u0259dov narkotik ittiham\u0131yla h\u0259bs olunub, uzun m\u00fcdd\u0259t h\u0259bsd\u0259 saxlan\u0131l\u0131b. \u00dc\u00e7 il\u0259 yax\u0131n davam ed\u0259n m\u0259hk\u0259m\u0259 \u00e7\u0259ki\u015fm\u0259l\u0259rind\u0259n sonra b\u0259ra\u0259t al\u0131b. Bu m\u00fcdd\u0259td\u0259 onun i\u015fin\u0259 bir d\u0259f\u0259 Zaqatala Rayon M\u0259hk\u0259m\u0259sind\u0259, iki d\u0259f\u0259 \u015e\u0259ki Apelyasiya M\u0259hk\u0259m\u0259sind\u0259, iki d\u0259f\u0259 d\u0259 Ali M\u0259hk\u0259m\u0259d\u0259 bax\u0131l\u0131b.<\/p>\n\n\n\n<p>T\u0259xmin\u0259n 6 ay h\u0259bsd\u0259 qalandan sonra Zaqatala Rayon M\u0259hk\u0259m\u0259si ona b\u0259ra\u0259t verib azadl\u0131\u011fa buraxsa da, prokurorluq bundan naraz\u0131 qal\u0131b. Prokurorun protesti \u0259sas\u0131nda \u015e\u0259ki Apelyasiya M\u0259hk\u0259m\u0259si b\u0259ra\u0259t h\u00f6km\u00fcn\u00fc l\u0259\u011fv edib \u2013 t\u0259xmin\u0259n 9 ay azadl\u0131qda qalan Elg\u00fcc A\u011fam\u0259mm\u0259dov yenid\u0259n h\u0259bs olunub. Ona 1 il 6 ay azadl\u0131qdan m\u0259hrumetm\u0259 c\u0259zas\u0131 k\u0259silib.<\/p>\n\n\n\n<p>Bu d\u0259f\u0259 h\u00f6kmd\u0259n onun v\u0259kili naraz\u0131 qal\u0131b v\u0259 Ali M\u0259hk\u0259m\u0259y\u0259 kassasiya \u015fikay\u0259ti verib. Ali M\u0259hk\u0259m\u0259 d\u0259 v\u0259kilin \u015fikay\u0259tini haql\u0131 say\u0131b &#8211; \u015e\u0259ki Apelyasiya M\u0259hk\u0259m\u0259sinin \u00e7\u0131xard\u0131\u011f\u0131 h\u00f6km\u00fc l\u0259\u011fv edib. Elg\u00fcc A\u011fam\u0259mm\u0259dovun i\u015fi t\u0259krar ara\u015fd\u0131r\u0131lmas\u0131 \u00fc\u00e7\u00fcn yenid\u0259n apelyasiya m\u0259hk\u0259m\u0259sin\u0259 qaytar\u0131l\u0131b.<\/p>\n\n\n\n<p>2023-c\u00fc ilin avqustunda \u015e\u0259ki Apelyasiya M\u0259hk\u0259m\u0259sind\u0259 bir daha bu cinay\u0259t i\u015fin\u0259 bax\u0131l\u0131b. Bu d\u0259f\u0259 is\u0259 q\u0259rar Zaqatala sakininin xeyrin\u0259 olub \u2013 onun haqq\u0131nda \u00e7\u0131xar\u0131lm\u0131\u015f b\u0259ra\u0259t h\u00f6km\u00fc q\u00fcvv\u0259d\u0259 saxlan\u0131l\u0131b \u2013 Elg\u00fcc A\u011fam\u0259mm\u0259dov h\u0259bsd\u0259n azad edilib.<\/p>\n\n\n\n<p>Lakin yen\u0259 d\u0259 prokurorluq raz\u0131la\u015fmay\u0131b. Prokurorun kassasiya protesti il\u0259 bu i\u015f yenid\u0259n Ali M\u0259hk\u0259m\u0259d\u0259 ara\u015fd\u0131rma predmeti olub. V\u0259 2024-c\u00fc ilin mart\u0131nda Ali M\u0259hk\u0259m\u0259 bu m\u0259s\u0259l\u0259 il\u0259 ba\u011fl\u0131 son q\u0259rar\u0131 verib \u2013 b\u0259ra\u0259t h\u00f6km\u00fc d\u0259yi\u015fm\u0259d\u0259n q\u00fcvv\u0259d\u0259 saxlan\u0131l\u0131b.<\/p>\n\n\n\n<p>Cinay\u0259t i\u015finin materiallar\u0131nda iddia olunur ki, Elg\u00fcc A\u011fam\u0259mm\u0259dovu polisl\u0259r ya\u015fad\u0131\u011f\u0131 \u018fliabad q\u0259s\u0259b\u0259sind\u0259 saxlay\u0131blar. Onun \u00fcst\u00fcnd\u0259 narkotik olmas\u0131 haqda polis \u015f\u00f6b\u0259sin\u0259 \u0259m\u0259liyyat m\u0259lumat\u0131 daxil olub. O m\u0259lumat \u0259sas\u0131nda da polis \u0259m\u0259kda\u015flar\u0131 q\u0259s\u0259b\u0259y\u0259 gedib, onu saxlay\u0131b, Zaqatala Rayon Polis \u015e\u00f6b\u0259sin\u0259 g\u0259tiribl\u0259r. \u015e\u00f6b\u0259d\u0259 \u00fcst\u00fcn\u0259 bax\u0131\u015f ke\u00e7ir\u0259nd\u0259 cibind\u0259n 1.2 qram metamfetamin (\u201cpat\u0131\u201d) \u00e7\u0131x\u0131b.<\/p>\n\n\n\n<p>38 ya\u015fl\u0131 Elg\u00fcc A\u011fam\u0259mm\u0259dov is\u0259 deyir ki, yaland\u0131r, onu k\u00fc\u00e7\u0259d\u0259 saxlamay\u0131blar, \u00fcst\u00fcnd\u0259 d\u0259 narkotik olmay\u0131b. Onun s\u00f6zl\u0259rin\u0259 g\u00f6r\u0259, polisl\u0259r evin\u0259 g\u0259libl\u0259r, deyibl\u0259r ki, r\u0259is onu \u00e7a\u011f\u0131r\u0131r, i\u015fi var:<\/p>\n\n\n\n<p><em>\u201cSoru\u015fdum ki, r\u0259isin m\u0259niml\u0259 n\u0259 i\u015fi var? Dem\u0259dil\u0259r. Onlar\u0131n ma\u015f\u0131n\u0131na minib getdim. Biz ged\u0259nd\u0259 nahar vaxt\u0131 idi. Polisl\u0259r yem\u0259k \u00fc\u00e7\u00fcn kafey\u0259 d\u00fc\u015fd\u00fcl\u0259r, m\u0259n d\u0259 onlarla birlikd\u0259 yedim. \u0130\u00e7ki d\u0259 t\u0259klif el\u0259dil\u0259r, d\u00fcz\u00fc, i\u00e7m\u0259k ist\u0259yirdim dey\u0259, i\u00e7dim. \u015e\u00f6b\u0259y\u0259 \u00e7atandan sonra orada dedil\u0259r ki, \u201cs\u0259n\u0259 narkotik ver\u0259c\u0259yik, boynuna g\u00f6t\u00fcr, narahat olma, 2 g\u00fcn \u015f\u00f6b\u0259d\u0259 qal\u0131b, sonra \u00e7\u0131xacaqsan\u201d. M\u0259n \u201c\u015f\u00fc\u015f\u0259\u201dni (metamfetamin) birinci d\u0259f\u0259 g\u00f6r\u00fcrd\u00fcm. M\u0259ni sakitl\u0259\u015fdirirdil\u0259r ki, \u201cnarahat olma, h\u0259r \u015fey raz\u0131la\u015fd\u0131r\u0131l\u0131b, s\u0259n\u0259 pul, yem\u0259k-i\u00e7m\u0259k d\u0259 veril\u0259c\u0259k, amma raz\u0131la\u015fmasan, daha a\u011f\u0131r madd\u0259 il\u0259 onsuz da i\u00e7\u0259ri ged\u0259c\u0259ks\u0259n\u201d. M\u0259n d\u0259 qorxudan boynuma g\u00f6t\u00fcrd\u00fcm. Amma m\u0259ni aldatd\u0131lar, iki g\u00fcn sonra m\u0259hk\u0259m\u0259y\u0259 apard\u0131lar, haqq\u0131mda h\u0259bs q\u0259rar\u0131 \u00e7\u0131xar\u0131ld\u0131&#8230;\u201d.<\/em><\/p>\n\n\n\n<p>M\u0259hk\u0259m\u0259 ona b\u0259ra\u0259t ver\u0259rk\u0259n cinay\u0259t i\u015finin materiallar\u0131ndak\u0131 s\u0259n\u0259dl\u0259rd\u0259 olan uy\u011funsuzluqlar\u0131, polis \u015f\u00f6b\u0259sind\u0259 Elg\u00fcc A\u011fam\u0259mm\u0259dovun cibind\u0259n narkotik \u00e7\u0131xar\u0131lmas\u0131n\u0131n videog\u00f6r\u00fcnt\u00fcl\u0259rind\u0259ki \u015f\u00fcbh\u0259li m\u0259qamlar\u0131 v\u0259 s. n\u0259z\u0259r\u0259 al\u0131b.<\/p>\n","protected":false},"excerpt":{"rendered":"<p>\u00dc\u00e7 il davam ed\u0259n m\u0259hk\u0259m\u0259 \u00e7\u0259ki\u015fm\u0259l\u0259ri v\u0259 h\u0259bsd\u0259n sonra b\u0259ra\u0259t &#8230; <\/p>\n<p class=\"read-more-container\"><a title=\"Zaqatala sakini: \u201cDedil\u0259r ki, raz\u0131la\u015fmasan, daha a\u011f\u0131r madd\u0259 il\u0259 onsuz da i\u00e7\u0259ri ged\u0259c\u0259ks\u0259n\u201d\" class=\"read-more button\" href=\"https:\/\/www.meydan.tv\/az\/article\/zaqatala-sakini-dediler-ki-razilasmasan-daha-agir-madde-ile-onsuz-da-iceri-gedeceksen\/#more-304725\" aria-label=\"Read more about Zaqatala sakini: \u201cDedil\u0259r ki, raz\u0131la\u015fmasan, daha a\u011f\u0131r madd\u0259 il\u0259 onsuz da i\u00e7\u0259ri ged\u0259c\u0259ks\u0259n\u201d\">Davam\u0131<\/a><\/p>\n","protected":false},"author":8,"featured_media":266111,"comment_status":"closed","ping_status":"closed","sticky":false,"template":"","format":"standard","meta":{"_acf_changed":false,"_sitemap_exclude":false,"_sitemap_priority":"","_sitemap_frequency":"","footnotes":""},"categories":[60,56],"tags":[],"class_list":["post-304725","post","type-post","status-publish","format-standard","has-post-thumbnail","hentry","category-bolge","category-xeberler","infinite-scroll-item","generate-columns","tablet-grid-50","mobile-grid-100","grid-parent","grid-33","no-featured-image-padding"],"acf":[],"yoast_head":"<!-- This site is optimized with the Yoast SEO plugin v27.4 - https:\/\/yoast.com\/product\/yoast-seo-wordpress\/ -->\n<title>Zaqatala sakini: \u201cDedil\u0259r ki, raz\u0131la\u015fmasan, daha a\u011f\u0131r madd\u0259 il\u0259 onsuz da i\u00e7\u0259ri ged\u0259c\u0259ks\u0259n\u201d - MEYDAN.TV<\/title>\n<meta name=\"robots\" content=\"index, follow, max-snippet:-1, max-image-preview:large, max-video-preview:-1\" \/>\n<link rel=\"canonical\" href=\"https:\/\/www.meydan.tv\/az\/article\/zaqatala-sakini-dediler-ki-razilasmasan-daha-agir-madde-ile-onsuz-da-iceri-gedeceksen\/\" \/>\n<meta property=\"og:locale\" content=\"az_AZ\" \/>\n<meta property=\"og:type\" content=\"article\" \/>\n<meta property=\"og:title\" content=\"Zaqatala sakini: \u201cDedil\u0259r ki, raz\u0131la\u015fmasan, daha a\u011f\u0131r madd\u0259 il\u0259 onsuz da i\u00e7\u0259ri ged\u0259c\u0259ks\u0259n\u201d - MEYDAN.TV\" \/>\n<meta property=\"og:description\" content=\"\u00dc\u00e7 il davam ed\u0259n m\u0259hk\u0259m\u0259 \u00e7\u0259ki\u015fm\u0259l\u0259ri v\u0259 h\u0259bsd\u0259n sonra b\u0259ra\u0259t ... Davam\u0131\" \/>\n<meta property=\"og:url\" content=\"https:\/\/www.meydan.tv\/az\/article\/zaqatala-sakini-dediler-ki-razilasmasan-daha-agir-madde-ile-onsuz-da-iceri-gedeceksen\/\" \/>\n<meta property=\"og:site_name\" content=\"MEYDAN.TV\" \/>\n<meta property=\"article:published_time\" content=\"2024-04-30T18:59:44+00:00\" \/>\n<meta property=\"article:modified_time\" content=\"2024-05-01T07:10:26+00:00\" \/>\n<meta property=\"og:image\" content=\"https:\/\/www.meydan.tv\/wp-content\/uploads\/img_9514.jpg\" \/>\n\t<meta property=\"og:image:width\" content=\"1200\" \/>\n\t<meta property=\"og:image:height\" content=\"675\" \/>\n\t<meta property=\"og:image:type\" content=\"image\/jpeg\" \/>\n<meta name=\"author\" content=\"elli\" \/>\n<meta name=\"twitter:card\" content=\"summary_large_image\" \/>\n<meta name=\"twitter:creator\" content=\"@elli\" \/>\n<script type=\"application\/ld+json\" class=\"yoast-schema-graph\">{\"@context\":\"https:\\\/\\\/schema.org\",\"@graph\":[{\"@type\":\"Article\",\"@id\":\"https:\\\/\\\/www.meydan.tv\\\/az\\\/article\\\/zaqatala-sakini-dediler-ki-razilasmasan-daha-agir-madde-ile-onsuz-da-iceri-gedeceksen\\\/#article\",\"isPartOf\":{\"@id\":\"https:\\\/\\\/www.meydan.tv\\\/az\\\/article\\\/zaqatala-sakini-dediler-ki-razilasmasan-daha-agir-madde-ile-onsuz-da-iceri-gedeceksen\\\/\"},\"author\":{\"name\":\"elli\",\"@id\":\"https:\\\/\\\/www.meydan.tv\\\/az\\\/#\\\/schema\\\/person\\\/9cdbecf90d17180ce1dfbd95b08dcf47\"},\"headline\":\"Zaqatala sakini: \u201cDedil\u0259r ki, raz\u0131la\u015fmasan, daha a\u011f\u0131r madd\u0259 il\u0259 onsuz da i\u00e7\u0259ri ged\u0259c\u0259ks\u0259n\u201d\",\"datePublished\":\"2024-04-30T18:59:44+00:00\",\"dateModified\":\"2024-05-01T07:10:26+00:00\",\"mainEntityOfPage\":{\"@id\":\"https:\\\/\\\/www.meydan.tv\\\/az\\\/article\\\/zaqatala-sakini-dediler-ki-razilasmasan-daha-agir-madde-ile-onsuz-da-iceri-gedeceksen\\\/\"},\"wordCount\":755,\"publisher\":{\"@id\":\"https:\\\/\\\/www.meydan.tv\\\/az\\\/#organization\"},\"image\":{\"@id\":\"https:\\\/\\\/www.meydan.tv\\\/az\\\/article\\\/zaqatala-sakini-dediler-ki-razilasmasan-daha-agir-madde-ile-onsuz-da-iceri-gedeceksen\\\/#primaryimage\"},\"thumbnailUrl\":\"https:\\\/\\\/www.meydan.tv\\\/wp-content\\\/uploads\\\/img_9514.jpg\",\"articleSection\":[\"B\u00f6lg\u0259\",\"X\u0259b\u0259rl\u0259r\"],\"inLanguage\":\"az\"},{\"@type\":\"WebPage\",\"@id\":\"https:\\\/\\\/www.meydan.tv\\\/az\\\/article\\\/zaqatala-sakini-dediler-ki-razilasmasan-daha-agir-madde-ile-onsuz-da-iceri-gedeceksen\\\/\",\"url\":\"https:\\\/\\\/www.meydan.tv\\\/az\\\/article\\\/zaqatala-sakini-dediler-ki-razilasmasan-daha-agir-madde-ile-onsuz-da-iceri-gedeceksen\\\/\",\"name\":\"Zaqatala sakini: \u201cDedil\u0259r ki, raz\u0131la\u015fmasan, daha a\u011f\u0131r madd\u0259 il\u0259 onsuz da i\u00e7\u0259ri ged\u0259c\u0259ks\u0259n\u201d - MEYDAN.TV\",\"isPartOf\":{\"@id\":\"https:\\\/\\\/www.meydan.tv\\\/az\\\/#website\"},\"primaryImageOfPage\":{\"@id\":\"https:\\\/\\\/www.meydan.tv\\\/az\\\/article\\\/zaqatala-sakini-dediler-ki-razilasmasan-daha-agir-madde-ile-onsuz-da-iceri-gedeceksen\\\/#primaryimage\"},\"image\":{\"@id\":\"https:\\\/\\\/www.meydan.tv\\\/az\\\/article\\\/zaqatala-sakini-dediler-ki-razilasmasan-daha-agir-madde-ile-onsuz-da-iceri-gedeceksen\\\/#primaryimage\"},\"thumbnailUrl\":\"https:\\\/\\\/www.meydan.tv\\\/wp-content\\\/uploads\\\/img_9514.jpg\",\"datePublished\":\"2024-04-30T18:59:44+00:00\",\"dateModified\":\"2024-05-01T07:10:26+00:00\",\"breadcrumb\":{\"@id\":\"https:\\\/\\\/www.meydan.tv\\\/az\\\/article\\\/zaqatala-sakini-dediler-ki-razilasmasan-daha-agir-madde-ile-onsuz-da-iceri-gedeceksen\\\/#breadcrumb\"},\"inLanguage\":\"az\",\"potentialAction\":[{\"@type\":\"ReadAction\",\"target\":[\"https:\\\/\\\/www.meydan.tv\\\/az\\\/article\\\/zaqatala-sakini-dediler-ki-razilasmasan-daha-agir-madde-ile-onsuz-da-iceri-gedeceksen\\\/\"]}]},{\"@type\":\"ImageObject\",\"inLanguage\":\"az\",\"@id\":\"https:\\\/\\\/www.meydan.tv\\\/az\\\/article\\\/zaqatala-sakini-dediler-ki-razilasmasan-daha-agir-madde-ile-onsuz-da-iceri-gedeceksen\\\/#primaryimage\",\"url\":\"https:\\\/\\\/www.meydan.tv\\\/wp-content\\\/uploads\\\/img_9514.jpg\",\"contentUrl\":\"https:\\\/\\\/www.meydan.tv\\\/wp-content\\\/uploads\\\/img_9514.jpg\",\"width\":1200,\"height\":675,\"caption\":\"M\u0259hk\u0259m\u0259. Foto: Meydan TV\"},{\"@type\":\"BreadcrumbList\",\"@id\":\"https:\\\/\\\/www.meydan.tv\\\/az\\\/article\\\/zaqatala-sakini-dediler-ki-razilasmasan-daha-agir-madde-ile-onsuz-da-iceri-gedeceksen\\\/#breadcrumb\",\"itemListElement\":[{\"@type\":\"ListItem\",\"position\":1,\"name\":\"Ana s\u0259hif\u0259\",\"item\":\"https:\\\/\\\/www.meydan.tv\\\/az\\\/\"},{\"@type\":\"ListItem\",\"position\":2,\"name\":\"B\u00f6lg\u0259\",\"item\":\"https:\\\/\\\/www.meydan.tv\\\/az\\\/section\\\/bolge\\\/\"},{\"@type\":\"ListItem\",\"position\":3,\"name\":\"Zaqatala sakini: \u201cDedil\u0259r ki, raz\u0131la\u015fmasan, daha a\u011f\u0131r madd\u0259 il\u0259 onsuz da i\u00e7\u0259ri ged\u0259c\u0259ks\u0259n\u201d\"}]},{\"@type\":\"WebSite\",\"@id\":\"https:\\\/\\\/www.meydan.tv\\\/az\\\/#website\",\"url\":\"https:\\\/\\\/www.meydan.tv\\\/az\\\/\",\"name\":\"MEYDAN.TV\",\"description\":\"Meydan TV Az\u0259rbaycan\u0131n media m\u0259kan\u0131ndak\u0131 alternativ s\u0259sidir\",\"publisher\":{\"@id\":\"https:\\\/\\\/www.meydan.tv\\\/az\\\/#organization\"},\"potentialAction\":[{\"@type\":\"SearchAction\",\"target\":{\"@type\":\"EntryPoint\",\"urlTemplate\":\"https:\\\/\\\/www.meydan.tv\\\/az\\\/?s={search_term_string}\"},\"query-input\":{\"@type\":\"PropertyValueSpecification\",\"valueRequired\":true,\"valueName\":\"search_term_string\"}}],\"inLanguage\":\"az\"},{\"@type\":\"Organization\",\"@id\":\"https:\\\/\\\/www.meydan.tv\\\/az\\\/#organization\",\"name\":\"Meydan TV\",\"url\":\"https:\\\/\\\/www.meydan.tv\\\/az\\\/\",\"logo\":{\"@type\":\"ImageObject\",\"inLanguage\":\"az\",\"@id\":\"https:\\\/\\\/www.meydan.tv\\\/az\\\/#\\\/schema\\\/logo\\\/image\\\/\",\"url\":\"https:\\\/\\\/www.meydan.tv\\\/wp-content\\\/uploads\\\/2021\\\/07\\\/meydan-logo.svg\",\"contentUrl\":\"https:\\\/\\\/www.meydan.tv\\\/wp-content\\\/uploads\\\/2021\\\/07\\\/meydan-logo.svg\",\"width\":195,\"height\":46,\"caption\":\"Meydan TV\"},\"image\":{\"@id\":\"https:\\\/\\\/www.meydan.tv\\\/az\\\/#\\\/schema\\\/logo\\\/image\\\/\"}},{\"@type\":\"Person\",\"@id\":\"https:\\\/\\\/www.meydan.tv\\\/az\\\/#\\\/schema\\\/person\\\/9cdbecf90d17180ce1dfbd95b08dcf47\",\"name\":\"elli\",\"sameAs\":[\"https:\\\/\\\/x.com\\\/elli\"]}]}<\/script>\n<!-- \/ Yoast SEO plugin. -->","yoast_head_json":{"title":"Zaqatala sakini: \u201cDedil\u0259r ki, raz\u0131la\u015fmasan, daha a\u011f\u0131r madd\u0259 il\u0259 onsuz da i\u00e7\u0259ri ged\u0259c\u0259ks\u0259n\u201d - MEYDAN.TV","robots":{"index":"index","follow":"follow","max-snippet":"max-snippet:-1","max-image-preview":"max-image-preview:large","max-video-preview":"max-video-preview:-1"},"canonical":"https:\/\/www.meydan.tv\/az\/article\/zaqatala-sakini-dediler-ki-razilasmasan-daha-agir-madde-ile-onsuz-da-iceri-gedeceksen\/","og_locale":"az_AZ","og_type":"article","og_title":"Zaqatala sakini: \u201cDedil\u0259r ki, raz\u0131la\u015fmasan, daha a\u011f\u0131r madd\u0259 il\u0259 onsuz da i\u00e7\u0259ri ged\u0259c\u0259ks\u0259n\u201d - MEYDAN.TV","og_description":"\u00dc\u00e7 il davam ed\u0259n m\u0259hk\u0259m\u0259 \u00e7\u0259ki\u015fm\u0259l\u0259ri v\u0259 h\u0259bsd\u0259n sonra b\u0259ra\u0259t ... Davam\u0131","og_url":"https:\/\/www.meydan.tv\/az\/article\/zaqatala-sakini-dediler-ki-razilasmasan-daha-agir-madde-ile-onsuz-da-iceri-gedeceksen\/","og_site_name":"MEYDAN.TV","article_published_time":"2024-04-30T18:59:44+00:00","article_modified_time":"2024-05-01T07:10:26+00:00","og_image":[{"width":1200,"height":675,"url":"https:\/\/www.meydan.tv\/wp-content\/uploads\/img_9514.jpg","type":"image\/jpeg"}],"author":"elli","twitter_card":"summary_large_image","twitter_creator":"@elli","schema":{"@context":"https:\/\/schema.org","@graph":[{"@type":"Article","@id":"https:\/\/www.meydan.tv\/az\/article\/zaqatala-sakini-dediler-ki-razilasmasan-daha-agir-madde-ile-onsuz-da-iceri-gedeceksen\/#article","isPartOf":{"@id":"https:\/\/www.meydan.tv\/az\/article\/zaqatala-sakini-dediler-ki-razilasmasan-daha-agir-madde-ile-onsuz-da-iceri-gedeceksen\/"},"author":{"name":"elli","@id":"https:\/\/www.meydan.tv\/az\/#\/schema\/person\/9cdbecf90d17180ce1dfbd95b08dcf47"},"headline":"Zaqatala sakini: \u201cDedil\u0259r ki, raz\u0131la\u015fmasan, daha a\u011f\u0131r madd\u0259 il\u0259 onsuz da i\u00e7\u0259ri ged\u0259c\u0259ks\u0259n\u201d","datePublished":"2024-04-30T18:59:44+00:00","dateModified":"2024-05-01T07:10:26+00:00","mainEntityOfPage":{"@id":"https:\/\/www.meydan.tv\/az\/article\/zaqatala-sakini-dediler-ki-razilasmasan-daha-agir-madde-ile-onsuz-da-iceri-gedeceksen\/"},"wordCount":755,"publisher":{"@id":"https:\/\/www.meydan.tv\/az\/#organization"},"image":{"@id":"https:\/\/www.meydan.tv\/az\/article\/zaqatala-sakini-dediler-ki-razilasmasan-daha-agir-madde-ile-onsuz-da-iceri-gedeceksen\/#primaryimage"},"thumbnailUrl":"https:\/\/www.meydan.tv\/wp-content\/uploads\/img_9514.jpg","articleSection":["B\u00f6lg\u0259","X\u0259b\u0259rl\u0259r"],"inLanguage":"az"},{"@type":"WebPage","@id":"https:\/\/www.meydan.tv\/az\/article\/zaqatala-sakini-dediler-ki-razilasmasan-daha-agir-madde-ile-onsuz-da-iceri-gedeceksen\/","url":"https:\/\/www.meydan.tv\/az\/article\/zaqatala-sakini-dediler-ki-razilasmasan-daha-agir-madde-ile-onsuz-da-iceri-gedeceksen\/","name":"Zaqatala sakini: \u201cDedil\u0259r ki, raz\u0131la\u015fmasan, daha a\u011f\u0131r madd\u0259 il\u0259 onsuz da i\u00e7\u0259ri ged\u0259c\u0259ks\u0259n\u201d - MEYDAN.TV","isPartOf":{"@id":"https:\/\/www.meydan.tv\/az\/#website"},"primaryImageOfPage":{"@id":"https:\/\/www.meydan.tv\/az\/article\/zaqatala-sakini-dediler-ki-razilasmasan-daha-agir-madde-ile-onsuz-da-iceri-gedeceksen\/#primaryimage"},"image":{"@id":"https:\/\/www.meydan.tv\/az\/article\/zaqatala-sakini-dediler-ki-razilasmasan-daha-agir-madde-ile-onsuz-da-iceri-gedeceksen\/#primaryimage"},"thumbnailUrl":"https:\/\/www.meydan.tv\/wp-content\/uploads\/img_9514.jpg","datePublished":"2024-04-30T18:59:44+00:00","dateModified":"2024-05-01T07:10:26+00:00","breadcrumb":{"@id":"https:\/\/www.meydan.tv\/az\/article\/zaqatala-sakini-dediler-ki-razilasmasan-daha-agir-madde-ile-onsuz-da-iceri-gedeceksen\/#breadcrumb"},"inLanguage":"az","potentialAction":[{"@type":"ReadAction","target":["https:\/\/www.meydan.tv\/az\/article\/zaqatala-sakini-dediler-ki-razilasmasan-daha-agir-madde-ile-onsuz-da-iceri-gedeceksen\/"]}]},{"@type":"ImageObject","inLanguage":"az","@id":"https:\/\/www.meydan.tv\/az\/article\/zaqatala-sakini-dediler-ki-razilasmasan-daha-agir-madde-ile-onsuz-da-iceri-gedeceksen\/#primaryimage","url":"https:\/\/www.meydan.tv\/wp-content\/uploads\/img_9514.jpg","contentUrl":"https:\/\/www.meydan.tv\/wp-content\/uploads\/img_9514.jpg","width":1200,"height":675,"caption":"M\u0259hk\u0259m\u0259. Foto: Meydan TV"},{"@type":"BreadcrumbList","@id":"https:\/\/www.meydan.tv\/az\/article\/zaqatala-sakini-dediler-ki-razilasmasan-daha-agir-madde-ile-onsuz-da-iceri-gedeceksen\/#breadcrumb","itemListElement":[{"@type":"ListItem","position":1,"name":"Ana s\u0259hif\u0259","item":"https:\/\/www.meydan.tv\/az\/"},{"@type":"ListItem","position":2,"name":"B\u00f6lg\u0259","item":"https:\/\/www.meydan.tv\/az\/section\/bolge\/"},{"@type":"ListItem","position":3,"name":"Zaqatala sakini: \u201cDedil\u0259r ki, raz\u0131la\u015fmasan, daha a\u011f\u0131r madd\u0259 il\u0259 onsuz da i\u00e7\u0259ri ged\u0259c\u0259ks\u0259n\u201d"}]},{"@type":"WebSite","@id":"https:\/\/www.meydan.tv\/az\/#website","url":"https:\/\/www.meydan.tv\/az\/","name":"MEYDAN.TV","description":"Meydan TV Az\u0259rbaycan\u0131n media m\u0259kan\u0131ndak\u0131 alternativ s\u0259sidir","publisher":{"@id":"https:\/\/www.meydan.tv\/az\/#organization"},"potentialAction":[{"@type":"SearchAction","target":{"@type":"EntryPoint","urlTemplate":"https:\/\/www.meydan.tv\/az\/?s={search_term_string}"},"query-input":{"@type":"PropertyValueSpecification","valueRequired":true,"valueName":"search_term_string"}}],"inLanguage":"az"},{"@type":"Organization","@id":"https:\/\/www.meydan.tv\/az\/#organization","name":"Meydan TV","url":"https:\/\/www.meydan.tv\/az\/","logo":{"@type":"ImageObject","inLanguage":"az","@id":"https:\/\/www.meydan.tv\/az\/#\/schema\/logo\/image\/","url":"https:\/\/www.meydan.tv\/wp-content\/uploads\/2021\/07\/meydan-logo.svg","contentUrl":"https:\/\/www.meydan.tv\/wp-content\/uploads\/2021\/07\/meydan-logo.svg","width":195,"height":46,"caption":"Meydan TV"},"image":{"@id":"https:\/\/www.meydan.tv\/az\/#\/schema\/logo\/image\/"}},{"@type":"Person","@id":"https:\/\/www.meydan.tv\/az\/#\/schema\/person\/9cdbecf90d17180ce1dfbd95b08dcf47","name":"elli","sameAs":["https:\/\/x.com\/elli"]}]}},"_links":{"self":[{"href":"https:\/\/www.meydan.tv\/az\/wp-json\/wp\/v2\/posts\/304725","targetHints":{"allow":["GET"]}}],"collection":[{"href":"https:\/\/www.meydan.tv\/az\/wp-json\/wp\/v2\/posts"}],"about":[{"href":"https:\/\/www.meydan.tv\/az\/wp-json\/wp\/v2\/types\/post"}],"author":[{"embeddable":true,"href":"https:\/\/www.meydan.tv\/az\/wp-json\/wp\/v2\/users\/8"}],"replies":[{"embeddable":true,"href":"https:\/\/www.meydan.tv\/az\/wp-json\/wp\/v2\/comments?post=304725"}],"version-history":[{"count":3,"href":"https:\/\/www.meydan.tv\/az\/wp-json\/wp\/v2\/posts\/304725\/revisions"}],"predecessor-version":[{"id":304763,"href":"https:\/\/www.meydan.tv\/az\/wp-json\/wp\/v2\/posts\/304725\/revisions\/304763"}],"wp:featuredmedia":[{"embeddable":true,"href":"https:\/\/www.meydan.tv\/az\/wp-json\/wp\/v2\/media\/266111"}],"wp:attachment":[{"href":"https:\/\/www.meydan.tv\/az\/wp-json\/wp\/v2\/media?parent=304725"}],"wp:term":[{"taxonomy":"category","embeddable":true,"href":"https:\/\/www.meydan.tv\/az\/wp-json\/wp\/v2\/categories?post=304725"},{"taxonomy":"post_tag","embeddable":true,"href":"https:\/\/www.meydan.tv\/az\/wp-json\/wp\/v2\/tags?post=304725"}],"curies":[{"name":"wp","href":"https:\/\/api.w.org\/{rel}","templated":true}]}}