{"id":304723,"date":"2024-04-30T23:02:10","date_gmt":"2024-04-30T19:02:10","guid":{"rendered":"https:\/\/www.meydan.tv\/?p=304723"},"modified":"2024-05-01T11:19:32","modified_gmt":"2024-05-01T07:19:32","slug":"16-sayli-yataqxananin-sakini-heyvani-da-bura-baglasan-qalmaz","status":"publish","type":"post","link":"https:\/\/www.meydan.tv\/az\/article\/16-sayli-yataqxananin-sakini-heyvani-da-bura-baglasan-qalmaz\/","title":{"rendered":"16 sayl\u0131 yataqxanan\u0131n sakini: \u201cHeyvan\u0131 da bura ba\u011flasan, qalmaz\u201d"},"content":{"rendered":"\n<p><\/p>\n\n\n\n<p><strong><em>\u201cH\u00f6kum\u0259t \u00e7ar\u0259sizliyimizi g\u00f6r\u00fcb bizi \u00f6l\u00fcm\u0259 m\u0259hkum el\u0259m\u0259sin\u201d<\/em><\/strong><\/p>\n\n\n\n<p><em>\u201cJurnalistl\u0259r g\u0259lir, \u00e7\u0259kir, gedir icra hakimiyy\u0259tind\u0259n soru\u015fur, maraqlan\u0131r ki, bu y\u00fczd\u0259n \u00e7ox ail\u0259nin taleyi nec\u0259 olacaq? \u0130cra hakimiyy\u0259tind\u0259n onlara deyirl\u0259r, sabah k\u00f6\u00e7\u00fcr\u0259c\u0259yik, birig\u00fcn k\u00f6\u00e7\u00fcr\u0259c\u0259yik. Ancaq biz gedib soru\u015fanda deyirl\u0259r, h\u0259l\u0259 bir \u00fcr\u0259ka\u00e7an\u00a0 x\u0259b\u0259r yoxdur, g\u00f6zl\u0259yin. O g\u00fcn d\u0259 getmi\u015fik, deyirl\u0259r, 2027-ci ild\u0259n tez\u00a0 k\u00f6\u00e7\u00fcr\u00fclm\u0259 g\u00f6zl\u0259nilmir\u201d.<\/em><\/p>\n\n\n\n<p>Asya Nur\u0259liyeva Sumqay\u0131tdak\u0131 42-ci m\u0259h\u0259ll\u0259d\u0259 yerl\u0259\u015f\u0259n 16 sayl\u0131 yataqxanan\u0131n sakinl\u0259rind\u0259n biridir. O, Meydan TV-y\u0259 yataqxanadak\u0131 130 ail\u0259nin \u00e7\u0259tin h\u0259yat\u0131ndan dan\u0131\u015f\u0131r.<\/p>\n\n\n\n<p><strong>\u0130\u015f\u0131ql\u0131 d\u0259hlizl\u0259r 10 ildir z\u00fclm\u0259t\u0259 b\u00fcr\u00fcn\u00fcb<\/strong><\/p>\n\n\n\n<p>Yataqxana sakini deyir ki, 31 ildir  bu yataqxanada ya\u015fay\u0131r. O, ail\u0259siyl\u0259 buraya k\u00f6\u00e7\u0259nd\u0259 otaqlar\u0131, d\u0259hlizl\u0259ri, tualetl\u0259ri, hamamlar\u0131 t\u0259miz, s\u0259liq\u0259li v\u0259 i\u015f\u0131ql\u0131 imi\u015f. Y\u00fczd\u0259n \u00e7ox ail\u0259 burada xo\u015fb\u0259xt ya\u015fay\u0131b. Ancaq ill\u0259r \u00f6td\u00fckc\u0259 binan\u0131n istismar m\u00fcdd\u0259ti d\u0259 \u00f6mr\u00fcn\u00fc ba\u015fa vurub. \u0130\u015f\u0131ql\u0131 d\u0259hlizl\u0259r z\u00fclm\u0259t\u0259 b\u00fcr\u00fcn\u00fcb, s\u0259liq\u0259li, t\u0259miz hamamdan, tualetd\u0259n \u0259s\u0259r-\u0259lam\u0259t qalmay\u0131b. \u00c7irkab sular binan\u0131n zirz\u0259misini z\u0259bt edib. \u015eikay\u0259t\u00e7i dan\u0131\u015f\u0131r:<\/p>\n\n\n\n<p><em>\u201cBina \u0259m\u0259lli-ba\u015fl\u0131 \u00e7\u00f6k\u00fcr. Kanalizasiya s\u0131radan \u00e7\u0131x\u0131b, hamam, tualet i\u015fl\u0259mir. M\u0259tb\u0259x \u00e7\u00f6k\u00fcb. H\u0259r yer n\u0259mi\u015flik oldu\u011funa g\u00f6r\u0259 i\u015f\u0131qlar\u0131 qo\u015fanda x\u0259tl\u0259rd\u0259 q\u0131saqapanma ba\u015f verir, partlay\u0131\u015f olur. On ild\u0259n \u00e7oxdur ki, bu s\u0259b\u0259bd\u0259n d\u0259hlizl\u0259rimiz z\u00fclm\u0259t i\u00e7ind\u0259dir. Otaqlar\u0131n divarlar\u0131 n\u0259mi\u015flikd\u0259n kif ba\u011flay\u0131b. Havas\u0131zl\u0131qdan otaqda oturmaq m\u00fcmk\u00fcn deyil\u201d.<\/em><\/p>\n\n\n<div class=\"wp-block-image\">\n<figure class=\"aligncenter size-large\"><img decoding=\"async\" width=\"1200\" height=\"679\" data-src=\"https:\/\/www.meydan.tv\/wp-content\/uploads\/photo-2024-04-30-17-52-42-1200x679.jpg\" alt=\"\" class=\"wp-image-304711 lazyload\" src=\"data:image\/svg+xml;base64,PHN2ZyB3aWR0aD0iMSIgaGVpZ2h0PSIxIiB4bWxucz0iaHR0cDovL3d3dy53My5vcmcvMjAwMC9zdmciPjwvc3ZnPg==\" style=\"--smush-placeholder-width: 1200px; --smush-placeholder-aspect-ratio: 1200\/679;\" \/><\/figure>\n<\/div>\n\n\n<p>Asya xan\u0131m\u0131n s\u00f6zl\u0259rin\u0259 g\u00f6r\u0259, 3 il\u0259 yax\u0131nd\u0131r ki, binada qaz da yoxdur. Bina q\u0259zal\u0131 oldu\u011funa g\u00f6r\u0259 qaz verili\u015fi dayand\u0131r\u0131l\u0131b. Ancaq Asya xan\u0131m binan\u0131n bu v\u0259ziyy\u0259t\u0259 d\u00fc\u015fm\u0259sind\u0259 h\u0259m d\u0259 d\u00f6vl\u0259t qurumlar\u0131n\u0131 g\u00fcnahland\u0131r\u0131r:<\/p>\n\n\n\n<p><em>\u201cO vaxt z\u0259lz\u0259l\u0259 n\u0259tic\u0259sind\u0259 binada \u00e7atlar \u0259m\u0259l\u0259 g\u0259lmi\u015fdi. Aidiyy\u0259ti qurumlar vaxt\u0131nda t\u0259dbir g\u00f6rm\u0259di, o \u00e7atlar da b\u00f6y\u00fcd\u00fc, geni\u015fl\u0259ndi. \u0130ndi g\u00fcnd\u00fczl\u0259r hiss olunmasa da, s\u0259h\u0259r\u0259c\u0259n divarlar\u0131n, tavanlar\u0131n aras\u0131ndan qum ax\u0131nt\u0131s\u0131n\u0131n s\u0259sini dinl\u0259yirik, qorxuruq ki, yatar\u0131q, batar\u0131q. Qorxudan x\u0259st\u0259lik tapm\u0131\u015fam\u201d.<\/em><\/p>\n\n\n\n<p><strong>\u201cK\u00f6\u00e7 2027-ci il\u0259 planla\u015fd\u0131r\u0131l\u0131b\u201d<\/strong><\/p>\n\n\n\n<p>Sumqay\u0131t \u015e\u0259h\u0259r \u0130cra Hakimiyy\u0259tind\u0259n Meydan TV-y\u0259 bildirilib ki, b\u00fct\u00fcn yataqxanalar\u0131n k\u00f6\u00e7\u00fcr\u00fclm\u0259si il\u0259 \u0259laq\u0259li t\u0259dbirl\u0259r plan\u0131 haz\u0131rlan\u0131r. Qurumdan deyil\u0259n\u0259 g\u00f6r\u0259, sakinl\u0259rin k\u00f6\u00e7\u00fc m\u0259rh\u0259l\u0259li \u015f\u0259kild\u0259 h\u0259yata ke\u00e7iril\u0259c\u0259k. Ancaq bu, n\u0259 vaxt olacaq, qurumdan deyil\u0259n\u0259 g\u00f6r\u0259, Nazirl\u0259r Kabinetinin ver\u0259c\u0259yi m\u00fcvafiq q\u0259rardan sonra m\u0259lum olacaq.<\/p>\n\n\n\n<p><em>\u201cQ\u0259zal\u0131 v\u0259ziyy\u0259td\u0259 olanlardan ba\u015flayaraq b\u00fct\u00fcn yataqxanalardan sakinl\u0259r m\u0259rh\u0259l\u0259li \u015f\u0259kild\u0259 k\u00f6\u00e7\u00fcr\u00fcl\u0259c\u0259kl\u0259r. M\u00fcdd\u0259tl\u0259 ba\u011fl\u0131 d\u0259qiq s\u00f6z dem\u0259k h\u0259l\u0259 tezdir, \u00e7\u00fcnki k\u00f6\u00e7\u00fcr\u00fclm\u0259 i\u015fl\u0259rin\u0259 plan haz\u0131r olduqdan sonra ba\u015flan\u0131lacaq\u201d.<\/em><\/p>\n\n\n<div class=\"wp-block-image\">\n<figure class=\"aligncenter size-large\"><img decoding=\"async\" width=\"1095\" height=\"821\" data-src=\"https:\/\/www.meydan.tv\/wp-content\/uploads\/photo-2024-04-30-17-52-41-1095x821.jpg\" alt=\"\" class=\"wp-image-304720 lazyload\" src=\"data:image\/svg+xml;base64,PHN2ZyB3aWR0aD0iMSIgaGVpZ2h0PSIxIiB4bWxucz0iaHR0cDovL3d3dy53My5vcmcvMjAwMC9zdmciPjwvc3ZnPg==\" style=\"--smush-placeholder-width: 1095px; --smush-placeholder-aspect-ratio: 1095\/821;\" \/><\/figure>\n<\/div>\n\n\n<p>Asya xan\u0131m\u0131n dem\u0259sin\u0259 g\u00f6r\u0259, t\u0259qrib\u0259n \u00fc\u00e7 h\u0259ft\u0259 \u0259vv\u0259l yen\u0259 jurnalistl\u0259r g\u0259lib, \u00e7\u0259kili\u015f edibl\u0259r. Aidiyy\u0259ti qurumlardan jurnalistl\u0259r\u0259 bildirilib ki, yax\u0131n vaxtlarda sakinl\u0259ri k\u00f6\u00e7\u00fcr\u0259c\u0259kl\u0259r. Sakinl\u0259r d\u0259 bunu e\u015fidib, sevinibl\u0259r. Ancaq bir ne\u00e7\u0259 g\u00fcn \u0259vv\u0259l onlara icra hakimiyy\u0259tind\u0259n bildirilib ki, q\u0259zal\u0131 binadan k\u00f6\u00e7\u00fcr\u00fclm\u0259 \u0259n tezi 2027-ci il\u0259 planla\u015fd\u0131r\u0131l\u0131b. Sakinl\u0259r bu x\u0259b\u0259rd\u0259n nec\u0259 dey\u0259rl\u0259r, el\u0259 bina kimi \u00e7\u00f6k\u00fcbl\u0259r. Asya xan\u0131m deyir, yax\u0131n 3 ild\u0259 d\u0259 bu binada ya\u015fayaca\u011f\u0131n\u0131 he\u00e7 c\u00fcr t\u0259s\u0259vv\u00fcr ed\u0259 bilmir:<\/p>\n\n\n\n<p><em>\u201cVallah, pis \u00e7\u0131xmas\u0131n, bura heyvan\u0131 da ba\u011flasan, qalmaz. Getm\u0259y\u0259 yerimiz olmad\u0131\u011f\u0131na g\u00f6r\u0259 m\u0259cburuq ki, burada qalaq. Ancaq g\u0259r\u0259k h\u00f6kum\u0259t d\u0259 \u00e7ar\u0259sizliyimizi g\u00f6r\u00fcb bizi \u00f6l\u00fcm\u0259 m\u0259hkum el\u0259m\u0259sin. \u0130nan\u0131n ki, bir gec\u0259 bu bina \u00e7ox pis da\u011f\u0131lacaq, m\u0259n bunu h\u0259r gec\u0259 divarlar\u0131n aras\u0131ndan s\u00fcz\u00fcl\u00fcb axan qumun s\u0259sind\u0259n hiss edir\u0259m\u201d.<\/em><\/p>\n\n\n\n<p><strong>\u201cDaha n\u0259yi g\u00f6zl\u0259yirl\u0259r?\u201d<\/strong><\/p>\n\n\n\n<p>Bina sakini El\u015f\u0259n H\u0259s\u0259nov da binadak\u0131 v\u0259ziyy\u0259tin t\u0259hl\u00fck\u0259li olmas\u0131ndan dan\u0131\u015f\u0131r:<\/p>\n\n\n<div class=\"wp-block-image\">\n<figure class=\"aligncenter size-full is-resized\"><img decoding=\"async\" width=\"720\" height=\"540\" data-src=\"https:\/\/www.meydan.tv\/wp-content\/uploads\/photo-2024-04-30-17-52-42_720.jpg\" alt=\"\" class=\"wp-image-304714 lazyload\" style=\"--smush-placeholder-width: 720px; --smush-placeholder-aspect-ratio: 720\/540;width:800px;height:auto\" src=\"data:image\/svg+xml;base64,PHN2ZyB3aWR0aD0iMSIgaGVpZ2h0PSIxIiB4bWxucz0iaHR0cDovL3d3dy53My5vcmcvMjAwMC9zdmciPjwvc3ZnPg==\" \/><\/figure>\n<\/div>\n\n\n<p><em>\u201cBina ikit\u0259r\u0259fli \u00e7\u00f6k\u00fcr. Sanuzell\u0259r yaman g\u00fcnd\u0259dir. Ac\u0131nacaql\u0131 v\u0259ziyy\u0259td\u0259yik. Binan\u0131n kanalizasiya sistemi yoxdur. Zirz\u0259mi \u00e7irkab sularla doludur. O sular binan\u0131n \u00f6z\u00fcl\u00fcn\u00fc yuyub apar\u0131r. \u0130lyar\u0131m \u0259vv\u0259l FHN n\u00fcmay\u0259nd\u0259l\u0259ri g\u0259ldi, bax\u0131\u015f ke\u00e7irildi, r\u0259y verildi ki, bina q\u0259zal\u0131d\u0131r. R\u0259y verm\u0259kl\u0259 i\u015f bitmir ax\u0131. Daha n\u0259yi g\u00f6zl\u0259yirl\u0259r? Burada 110 evd\u0259 130 ail\u0259 ya\u015fay\u0131r. O ail\u0259l\u0259rin h\u0259r birind\u0259 k\u00f6rp\u0259 var, qoca var, x\u0259st\u0259 var, \u0259lil var&#8230; Allah ax\u0131r\u0131m\u0131z\u0131 yax\u015f\u0131 el\u0259sin\u201d.<\/em><\/p>\n\n\n\n<p>El\u015f\u0259n \u018fs\u0259dov \u00f6lk\u0259 ba\u015f\u00e7\u0131s\u0131ndan  130 ail\u0259nin taleyin\u0259 diqq\u0259t ay\u0131rmas\u0131n\u0131 ist\u0259yir.<\/p>\n\n\n\n<p><\/p>\n","protected":false},"excerpt":{"rendered":"<p>\u201cH\u00f6kum\u0259t \u00e7ar\u0259sizliyimizi g\u00f6r\u00fcb bizi \u00f6l\u00fcm\u0259 m\u0259hkum el\u0259m\u0259sin\u201d \u201cJurnalistl\u0259r g\u0259lir, \u00e7\u0259kir, &#8230; <\/p>\n<p class=\"read-more-container\"><a title=\"16 sayl\u0131 yataqxanan\u0131n sakini: \u201cHeyvan\u0131 da bura ba\u011flasan, qalmaz\u201d\" class=\"read-more button\" href=\"https:\/\/www.meydan.tv\/az\/article\/16-sayli-yataqxananin-sakini-heyvani-da-bura-baglasan-qalmaz\/#more-304723\" aria-label=\"Read more about 16 sayl\u0131 yataqxanan\u0131n sakini: \u201cHeyvan\u0131 da bura ba\u011flasan, qalmaz\u201d\">Davam\u0131<\/a><\/p>\n","protected":false},"author":8,"featured_media":304717,"comment_status":"closed","ping_status":"closed","sticky":false,"template":"","format":"standard","meta":{"_acf_changed":false,"_sitemap_exclude":false,"_sitemap_priority":"","_sitemap_frequency":"","footnotes":""},"categories":[62,79,56],"tags":[],"class_list":["post-304723","post","type-post","status-publish","format-standard","has-post-thumbnail","hentry","category-sosial","category-featured","category-xeberler","infinite-scroll-item","generate-columns","tablet-grid-50","mobile-grid-100","grid-parent","grid-33","no-featured-image-padding"],"acf":[],"yoast_head":"<!-- This site is optimized with the Yoast SEO plugin v27.5 - https:\/\/yoast.com\/product\/yoast-seo-wordpress\/ -->\n<title>16 sayl\u0131 yataqxanan\u0131n sakini: \u201cHeyvan\u0131 da bura ba\u011flasan, qalmaz\u201d - MEYDAN.TV<\/title>\n<meta name=\"robots\" content=\"index, follow, max-snippet:-1, max-image-preview:large, max-video-preview:-1\" \/>\n<link rel=\"canonical\" href=\"https:\/\/www.meydan.tv\/az\/article\/16-sayli-yataqxananin-sakini-heyvani-da-bura-baglasan-qalmaz\/\" \/>\n<meta property=\"og:locale\" content=\"az_AZ\" \/>\n<meta property=\"og:type\" content=\"article\" \/>\n<meta property=\"og:title\" content=\"16 sayl\u0131 yataqxanan\u0131n sakini: \u201cHeyvan\u0131 da bura ba\u011flasan, qalmaz\u201d - MEYDAN.TV\" \/>\n<meta property=\"og:description\" content=\"\u201cH\u00f6kum\u0259t \u00e7ar\u0259sizliyimizi g\u00f6r\u00fcb bizi \u00f6l\u00fcm\u0259 m\u0259hkum el\u0259m\u0259sin\u201d \u201cJurnalistl\u0259r g\u0259lir, \u00e7\u0259kir, ... Davam\u0131\" \/>\n<meta property=\"og:url\" content=\"https:\/\/www.meydan.tv\/az\/article\/16-sayli-yataqxananin-sakini-heyvani-da-bura-baglasan-qalmaz\/\" \/>\n<meta property=\"og:site_name\" content=\"MEYDAN.TV\" \/>\n<meta property=\"article:published_time\" content=\"2024-04-30T19:02:10+00:00\" \/>\n<meta property=\"article:modified_time\" content=\"2024-05-01T07:19:32+00:00\" \/>\n<meta property=\"og:image\" content=\"https:\/\/www.meydan.tv\/wp-content\/uploads\/photo-2024-04-30-17-52-41-1.jpg\" \/>\n\t<meta property=\"og:image:width\" content=\"1280\" \/>\n\t<meta property=\"og:image:height\" content=\"960\" \/>\n\t<meta property=\"og:image:type\" content=\"image\/jpeg\" \/>\n<meta name=\"author\" content=\"elli\" \/>\n<meta name=\"twitter:card\" content=\"summary_large_image\" \/>\n<meta name=\"twitter:creator\" content=\"@elli\" \/>\n<script type=\"application\/ld+json\" class=\"yoast-schema-graph\">{\"@context\":\"https:\\\/\\\/schema.org\",\"@graph\":[{\"@type\":\"Article\",\"@id\":\"https:\\\/\\\/www.meydan.tv\\\/az\\\/article\\\/16-sayli-yataqxananin-sakini-heyvani-da-bura-baglasan-qalmaz\\\/#article\",\"isPartOf\":{\"@id\":\"https:\\\/\\\/www.meydan.tv\\\/az\\\/article\\\/16-sayli-yataqxananin-sakini-heyvani-da-bura-baglasan-qalmaz\\\/\"},\"author\":{\"name\":\"elli\",\"@id\":\"https:\\\/\\\/www.meydan.tv\\\/az\\\/#\\\/schema\\\/person\\\/9cdbecf90d17180ce1dfbd95b08dcf47\"},\"headline\":\"16 sayl\u0131 yataqxanan\u0131n sakini: \u201cHeyvan\u0131 da bura ba\u011flasan, qalmaz\u201d\",\"datePublished\":\"2024-04-30T19:02:10+00:00\",\"dateModified\":\"2024-05-01T07:19:32+00:00\",\"mainEntityOfPage\":{\"@id\":\"https:\\\/\\\/www.meydan.tv\\\/az\\\/article\\\/16-sayli-yataqxananin-sakini-heyvani-da-bura-baglasan-qalmaz\\\/\"},\"wordCount\":945,\"publisher\":{\"@id\":\"https:\\\/\\\/www.meydan.tv\\\/az\\\/#organization\"},\"image\":{\"@id\":\"https:\\\/\\\/www.meydan.tv\\\/az\\\/article\\\/16-sayli-yataqxananin-sakini-heyvani-da-bura-baglasan-qalmaz\\\/#primaryimage\"},\"thumbnailUrl\":\"https:\\\/\\\/www.meydan.tv\\\/wp-content\\\/uploads\\\/photo-2024-04-30-17-52-41-1.jpg\",\"articleSection\":[\"Sosial\",\"T\u00f6vsiy\u0259\",\"X\u0259b\u0259rl\u0259r\"],\"inLanguage\":\"az\"},{\"@type\":\"WebPage\",\"@id\":\"https:\\\/\\\/www.meydan.tv\\\/az\\\/article\\\/16-sayli-yataqxananin-sakini-heyvani-da-bura-baglasan-qalmaz\\\/\",\"url\":\"https:\\\/\\\/www.meydan.tv\\\/az\\\/article\\\/16-sayli-yataqxananin-sakini-heyvani-da-bura-baglasan-qalmaz\\\/\",\"name\":\"16 sayl\u0131 yataqxanan\u0131n sakini: \u201cHeyvan\u0131 da bura ba\u011flasan, qalmaz\u201d - MEYDAN.TV\",\"isPartOf\":{\"@id\":\"https:\\\/\\\/www.meydan.tv\\\/az\\\/#website\"},\"primaryImageOfPage\":{\"@id\":\"https:\\\/\\\/www.meydan.tv\\\/az\\\/article\\\/16-sayli-yataqxananin-sakini-heyvani-da-bura-baglasan-qalmaz\\\/#primaryimage\"},\"image\":{\"@id\":\"https:\\\/\\\/www.meydan.tv\\\/az\\\/article\\\/16-sayli-yataqxananin-sakini-heyvani-da-bura-baglasan-qalmaz\\\/#primaryimage\"},\"thumbnailUrl\":\"https:\\\/\\\/www.meydan.tv\\\/wp-content\\\/uploads\\\/photo-2024-04-30-17-52-41-1.jpg\",\"datePublished\":\"2024-04-30T19:02:10+00:00\",\"dateModified\":\"2024-05-01T07:19:32+00:00\",\"breadcrumb\":{\"@id\":\"https:\\\/\\\/www.meydan.tv\\\/az\\\/article\\\/16-sayli-yataqxananin-sakini-heyvani-da-bura-baglasan-qalmaz\\\/#breadcrumb\"},\"inLanguage\":\"az\",\"potentialAction\":[{\"@type\":\"ReadAction\",\"target\":[\"https:\\\/\\\/www.meydan.tv\\\/az\\\/article\\\/16-sayli-yataqxananin-sakini-heyvani-da-bura-baglasan-qalmaz\\\/\"]}]},{\"@type\":\"ImageObject\",\"inLanguage\":\"az\",\"@id\":\"https:\\\/\\\/www.meydan.tv\\\/az\\\/article\\\/16-sayli-yataqxananin-sakini-heyvani-da-bura-baglasan-qalmaz\\\/#primaryimage\",\"url\":\"https:\\\/\\\/www.meydan.tv\\\/wp-content\\\/uploads\\\/photo-2024-04-30-17-52-41-1.jpg\",\"contentUrl\":\"https:\\\/\\\/www.meydan.tv\\\/wp-content\\\/uploads\\\/photo-2024-04-30-17-52-41-1.jpg\",\"width\":1280,\"height\":960,\"caption\":\"Fotolar: Meydan TV\"},{\"@type\":\"BreadcrumbList\",\"@id\":\"https:\\\/\\\/www.meydan.tv\\\/az\\\/article\\\/16-sayli-yataqxananin-sakini-heyvani-da-bura-baglasan-qalmaz\\\/#breadcrumb\",\"itemListElement\":[{\"@type\":\"ListItem\",\"position\":1,\"name\":\"Ana s\u0259hif\u0259\",\"item\":\"https:\\\/\\\/www.meydan.tv\\\/az\\\/\"},{\"@type\":\"ListItem\",\"position\":2,\"name\":\"Sosial\",\"item\":\"https:\\\/\\\/www.meydan.tv\\\/az\\\/section\\\/sosial\\\/\"},{\"@type\":\"ListItem\",\"position\":3,\"name\":\"16 sayl\u0131 yataqxanan\u0131n sakini: \u201cHeyvan\u0131 da bura ba\u011flasan, qalmaz\u201d\"}]},{\"@type\":\"WebSite\",\"@id\":\"https:\\\/\\\/www.meydan.tv\\\/az\\\/#website\",\"url\":\"https:\\\/\\\/www.meydan.tv\\\/az\\\/\",\"name\":\"MEYDAN.TV\",\"description\":\"Meydan TV Az\u0259rbaycan\u0131n media m\u0259kan\u0131ndak\u0131 alternativ s\u0259sidir\",\"publisher\":{\"@id\":\"https:\\\/\\\/www.meydan.tv\\\/az\\\/#organization\"},\"potentialAction\":[{\"@type\":\"SearchAction\",\"target\":{\"@type\":\"EntryPoint\",\"urlTemplate\":\"https:\\\/\\\/www.meydan.tv\\\/az\\\/?s={search_term_string}\"},\"query-input\":{\"@type\":\"PropertyValueSpecification\",\"valueRequired\":true,\"valueName\":\"search_term_string\"}}],\"inLanguage\":\"az\"},{\"@type\":\"Organization\",\"@id\":\"https:\\\/\\\/www.meydan.tv\\\/az\\\/#organization\",\"name\":\"Meydan TV\",\"url\":\"https:\\\/\\\/www.meydan.tv\\\/az\\\/\",\"logo\":{\"@type\":\"ImageObject\",\"inLanguage\":\"az\",\"@id\":\"https:\\\/\\\/www.meydan.tv\\\/az\\\/#\\\/schema\\\/logo\\\/image\\\/\",\"url\":\"https:\\\/\\\/www.meydan.tv\\\/wp-content\\\/uploads\\\/2021\\\/07\\\/meydan-logo.svg\",\"contentUrl\":\"https:\\\/\\\/www.meydan.tv\\\/wp-content\\\/uploads\\\/2021\\\/07\\\/meydan-logo.svg\",\"width\":195,\"height\":46,\"caption\":\"Meydan TV\"},\"image\":{\"@id\":\"https:\\\/\\\/www.meydan.tv\\\/az\\\/#\\\/schema\\\/logo\\\/image\\\/\"}},{\"@type\":\"Person\",\"@id\":\"https:\\\/\\\/www.meydan.tv\\\/az\\\/#\\\/schema\\\/person\\\/9cdbecf90d17180ce1dfbd95b08dcf47\",\"name\":\"elli\",\"sameAs\":[\"https:\\\/\\\/x.com\\\/elli\"]}]}<\/script>\n<!-- \/ Yoast SEO plugin. -->","yoast_head_json":{"title":"16 sayl\u0131 yataqxanan\u0131n sakini: \u201cHeyvan\u0131 da bura ba\u011flasan, qalmaz\u201d - MEYDAN.TV","robots":{"index":"index","follow":"follow","max-snippet":"max-snippet:-1","max-image-preview":"max-image-preview:large","max-video-preview":"max-video-preview:-1"},"canonical":"https:\/\/www.meydan.tv\/az\/article\/16-sayli-yataqxananin-sakini-heyvani-da-bura-baglasan-qalmaz\/","og_locale":"az_AZ","og_type":"article","og_title":"16 sayl\u0131 yataqxanan\u0131n sakini: \u201cHeyvan\u0131 da bura ba\u011flasan, qalmaz\u201d - MEYDAN.TV","og_description":"\u201cH\u00f6kum\u0259t \u00e7ar\u0259sizliyimizi g\u00f6r\u00fcb bizi \u00f6l\u00fcm\u0259 m\u0259hkum el\u0259m\u0259sin\u201d \u201cJurnalistl\u0259r g\u0259lir, \u00e7\u0259kir, ... Davam\u0131","og_url":"https:\/\/www.meydan.tv\/az\/article\/16-sayli-yataqxananin-sakini-heyvani-da-bura-baglasan-qalmaz\/","og_site_name":"MEYDAN.TV","article_published_time":"2024-04-30T19:02:10+00:00","article_modified_time":"2024-05-01T07:19:32+00:00","og_image":[{"width":1280,"height":960,"url":"https:\/\/www.meydan.tv\/wp-content\/uploads\/photo-2024-04-30-17-52-41-1.jpg","type":"image\/jpeg"}],"author":"elli","twitter_card":"summary_large_image","twitter_creator":"@elli","schema":{"@context":"https:\/\/schema.org","@graph":[{"@type":"Article","@id":"https:\/\/www.meydan.tv\/az\/article\/16-sayli-yataqxananin-sakini-heyvani-da-bura-baglasan-qalmaz\/#article","isPartOf":{"@id":"https:\/\/www.meydan.tv\/az\/article\/16-sayli-yataqxananin-sakini-heyvani-da-bura-baglasan-qalmaz\/"},"author":{"name":"elli","@id":"https:\/\/www.meydan.tv\/az\/#\/schema\/person\/9cdbecf90d17180ce1dfbd95b08dcf47"},"headline":"16 sayl\u0131 yataqxanan\u0131n sakini: \u201cHeyvan\u0131 da bura ba\u011flasan, qalmaz\u201d","datePublished":"2024-04-30T19:02:10+00:00","dateModified":"2024-05-01T07:19:32+00:00","mainEntityOfPage":{"@id":"https:\/\/www.meydan.tv\/az\/article\/16-sayli-yataqxananin-sakini-heyvani-da-bura-baglasan-qalmaz\/"},"wordCount":945,"publisher":{"@id":"https:\/\/www.meydan.tv\/az\/#organization"},"image":{"@id":"https:\/\/www.meydan.tv\/az\/article\/16-sayli-yataqxananin-sakini-heyvani-da-bura-baglasan-qalmaz\/#primaryimage"},"thumbnailUrl":"https:\/\/www.meydan.tv\/wp-content\/uploads\/photo-2024-04-30-17-52-41-1.jpg","articleSection":["Sosial","T\u00f6vsiy\u0259","X\u0259b\u0259rl\u0259r"],"inLanguage":"az"},{"@type":"WebPage","@id":"https:\/\/www.meydan.tv\/az\/article\/16-sayli-yataqxananin-sakini-heyvani-da-bura-baglasan-qalmaz\/","url":"https:\/\/www.meydan.tv\/az\/article\/16-sayli-yataqxananin-sakini-heyvani-da-bura-baglasan-qalmaz\/","name":"16 sayl\u0131 yataqxanan\u0131n sakini: \u201cHeyvan\u0131 da bura ba\u011flasan, qalmaz\u201d - MEYDAN.TV","isPartOf":{"@id":"https:\/\/www.meydan.tv\/az\/#website"},"primaryImageOfPage":{"@id":"https:\/\/www.meydan.tv\/az\/article\/16-sayli-yataqxananin-sakini-heyvani-da-bura-baglasan-qalmaz\/#primaryimage"},"image":{"@id":"https:\/\/www.meydan.tv\/az\/article\/16-sayli-yataqxananin-sakini-heyvani-da-bura-baglasan-qalmaz\/#primaryimage"},"thumbnailUrl":"https:\/\/www.meydan.tv\/wp-content\/uploads\/photo-2024-04-30-17-52-41-1.jpg","datePublished":"2024-04-30T19:02:10+00:00","dateModified":"2024-05-01T07:19:32+00:00","breadcrumb":{"@id":"https:\/\/www.meydan.tv\/az\/article\/16-sayli-yataqxananin-sakini-heyvani-da-bura-baglasan-qalmaz\/#breadcrumb"},"inLanguage":"az","potentialAction":[{"@type":"ReadAction","target":["https:\/\/www.meydan.tv\/az\/article\/16-sayli-yataqxananin-sakini-heyvani-da-bura-baglasan-qalmaz\/"]}]},{"@type":"ImageObject","inLanguage":"az","@id":"https:\/\/www.meydan.tv\/az\/article\/16-sayli-yataqxananin-sakini-heyvani-da-bura-baglasan-qalmaz\/#primaryimage","url":"https:\/\/www.meydan.tv\/wp-content\/uploads\/photo-2024-04-30-17-52-41-1.jpg","contentUrl":"https:\/\/www.meydan.tv\/wp-content\/uploads\/photo-2024-04-30-17-52-41-1.jpg","width":1280,"height":960,"caption":"Fotolar: Meydan TV"},{"@type":"BreadcrumbList","@id":"https:\/\/www.meydan.tv\/az\/article\/16-sayli-yataqxananin-sakini-heyvani-da-bura-baglasan-qalmaz\/#breadcrumb","itemListElement":[{"@type":"ListItem","position":1,"name":"Ana s\u0259hif\u0259","item":"https:\/\/www.meydan.tv\/az\/"},{"@type":"ListItem","position":2,"name":"Sosial","item":"https:\/\/www.meydan.tv\/az\/section\/sosial\/"},{"@type":"ListItem","position":3,"name":"16 sayl\u0131 yataqxanan\u0131n sakini: \u201cHeyvan\u0131 da bura ba\u011flasan, qalmaz\u201d"}]},{"@type":"WebSite","@id":"https:\/\/www.meydan.tv\/az\/#website","url":"https:\/\/www.meydan.tv\/az\/","name":"MEYDAN.TV","description":"Meydan TV Az\u0259rbaycan\u0131n media m\u0259kan\u0131ndak\u0131 alternativ s\u0259sidir","publisher":{"@id":"https:\/\/www.meydan.tv\/az\/#organization"},"potentialAction":[{"@type":"SearchAction","target":{"@type":"EntryPoint","urlTemplate":"https:\/\/www.meydan.tv\/az\/?s={search_term_string}"},"query-input":{"@type":"PropertyValueSpecification","valueRequired":true,"valueName":"search_term_string"}}],"inLanguage":"az"},{"@type":"Organization","@id":"https:\/\/www.meydan.tv\/az\/#organization","name":"Meydan TV","url":"https:\/\/www.meydan.tv\/az\/","logo":{"@type":"ImageObject","inLanguage":"az","@id":"https:\/\/www.meydan.tv\/az\/#\/schema\/logo\/image\/","url":"https:\/\/www.meydan.tv\/wp-content\/uploads\/2021\/07\/meydan-logo.svg","contentUrl":"https:\/\/www.meydan.tv\/wp-content\/uploads\/2021\/07\/meydan-logo.svg","width":195,"height":46,"caption":"Meydan TV"},"image":{"@id":"https:\/\/www.meydan.tv\/az\/#\/schema\/logo\/image\/"}},{"@type":"Person","@id":"https:\/\/www.meydan.tv\/az\/#\/schema\/person\/9cdbecf90d17180ce1dfbd95b08dcf47","name":"elli","sameAs":["https:\/\/x.com\/elli"]}]}},"_links":{"self":[{"href":"https:\/\/www.meydan.tv\/az\/wp-json\/wp\/v2\/posts\/304723","targetHints":{"allow":["GET"]}}],"collection":[{"href":"https:\/\/www.meydan.tv\/az\/wp-json\/wp\/v2\/posts"}],"about":[{"href":"https:\/\/www.meydan.tv\/az\/wp-json\/wp\/v2\/types\/post"}],"author":[{"embeddable":true,"href":"https:\/\/www.meydan.tv\/az\/wp-json\/wp\/v2\/users\/8"}],"replies":[{"embeddable":true,"href":"https:\/\/www.meydan.tv\/az\/wp-json\/wp\/v2\/comments?post=304723"}],"version-history":[{"count":5,"href":"https:\/\/www.meydan.tv\/az\/wp-json\/wp\/v2\/posts\/304723\/revisions"}],"predecessor-version":[{"id":304767,"href":"https:\/\/www.meydan.tv\/az\/wp-json\/wp\/v2\/posts\/304723\/revisions\/304767"}],"wp:featuredmedia":[{"embeddable":true,"href":"https:\/\/www.meydan.tv\/az\/wp-json\/wp\/v2\/media\/304717"}],"wp:attachment":[{"href":"https:\/\/www.meydan.tv\/az\/wp-json\/wp\/v2\/media?parent=304723"}],"wp:term":[{"taxonomy":"category","embeddable":true,"href":"https:\/\/www.meydan.tv\/az\/wp-json\/wp\/v2\/categories?post=304723"},{"taxonomy":"post_tag","embeddable":true,"href":"https:\/\/www.meydan.tv\/az\/wp-json\/wp\/v2\/tags?post=304723"}],"curies":[{"name":"wp","href":"https:\/\/api.w.org\/{rel}","templated":true}]}}