{"id":304706,"date":"2024-04-30T22:48:27","date_gmt":"2024-04-30T18:48:27","guid":{"rendered":"https:\/\/www.meydan.tv\/?p=304706"},"modified":"2024-05-01T11:07:55","modified_gmt":"2024-05-01T07:07:55","slug":"mingecevir-sakini-bizi-corekle-sinaga-cekirler","status":"publish","type":"post","link":"https:\/\/www.meydan.tv\/az\/article\/mingecevir-sakini-bizi-corekle-sinaga-cekirler\/","title":{"rendered":"Ming\u0259\u00e7evir sakini: \u201cBizi \u00e7\u00f6r\u0259kl\u0259 s\u0131na\u011fa \u00e7\u0259kirl\u0259r\u201d"},"content":{"rendered":"\n<p><\/p>\n\n\n\n<p><strong><em>\u201cBurada i\u015fsizlik, dolan\u0131\u015f\u0131q \u00fcz\u00fcnd\u0259n \u00f6z\u00fcn\u0259 q\u0259sd ed\u0259n d\u0259 var\u201d<\/em><\/strong><\/p>\n\n\n\n<p>Ming\u0259\u00e7evir sakini, vaxtil\u0259 m\u00fcxt\u0259lif media qurumlar\u0131 il\u0259 \u0259m\u0259kda\u015fl\u0131q etmi\u015f El\u00e7in H\u0259s\u0259nzad\u0259 i\u015fsizlikd\u0259n \u0259ziyy\u0259t \u00e7\u0259kdiyini deyir. Onun s\u00f6zl\u0259rin\u0259 g\u00f6r\u0259, icra hakimiyy\u0259tind\u0259n tutmu\u015f, m\u0259\u015f\u011fulluq idar\u0259sin\u0259 q\u0259d\u0259r i\u015f \u00fc\u00e7\u00fcn \u00fcz tutmad\u0131\u011f\u0131 yer qalmay\u0131b. Amma he\u00e7 birind\u0259n m\u00fcsb\u0259t cavab ala bilm\u0259yib.<\/p>\n\n\n\n<p>47 ya\u015fl\u0131 El\u00e7in H\u0259s\u0259nzad\u0259 Meydan TV-y\u0259 dan\u0131\u015f\u0131r ki, i\u015fsizlik ucbat\u0131ndan ail\u0259sinin, 4 ya\u015fl\u0131 q\u0131z\u0131n\u0131n maddi ehtiyaclar\u0131n\u0131 qar\u015f\u0131laya bilmir.<\/p>\n\n\n\n<p><em>\u201cM\u00fcxt\u0259lif b\u0259han\u0259l\u0259rl\u0259 yola verirl\u0259r. N\u0259 vaxta q\u0259d\u0259r d\u00f6z\u0259 bil\u0259c\u0259y\u0259m, he\u00e7 \u00f6z\u00fcm d\u0259 bilmir\u0259m. \u00d6z s\u0259hh\u0259timd\u0259 probleml\u0259r var. \u0130nan\u0131n, el\u0259 v\u0259ziyy\u0259tdir ki, he\u00e7 bu bar\u0259d\u0259 d\u00fc\u015f\u00fcn\u0259 bilmir\u0259m. M\u0259ni qay\u011f\u0131land\u0131ran \u0259sas m\u0259s\u0259l\u0259 ail\u0259nin, u\u015fa\u011f\u0131n ehtiyaclar\u0131d\u0131r. Balaca u\u015faqd\u0131r, bunun yem\u0259yi var, x\u0259st\u0259l\u0259n\u0259nd\u0259 d\u0259rmanlar\u0131 var. M\u0259murlar \u00f6z \u00f6vladlar\u0131na, n\u0259v\u0259l\u0259rin\u0259 bunu r\u0259va g\u00f6r\u0259rl\u0259rmi? Amma kas\u0131b insanlara r\u0259va g\u00f6r\u00fcrl\u0259r\u201d, &#8211; El\u00e7in H\u0259s\u0259nzad\u0259 bel\u0259 deyir.<\/em><\/p>\n\n\n\n<p>Onun s\u00f6zl\u0259rin\u0259 g\u00f6r\u0259, Ming\u0259\u00e7evird\u0259 i\u015fsizlikd\u0259n \u0259ziyy\u0259t \u00e7\u0259k\u0259n \u00e7oxdur. Y\u00fczl\u0259rl\u0259 insan i\u015f \u00fc\u00e7\u00fcn Bak\u0131ya \u00fcz tutub:<\/p>\n\n\n\n<p><em>\u201cEl\u0259l\u0259ri d\u0259 var ki, m\u0259nim kimi, getm\u0259y\u0259, qalma\u011fa yeri d\u0259 yoxdur. \u0130\u015fsizlik, dolan\u0131\u015f\u0131q \u00fcz\u00fcnd\u0259n \u00f6z\u00fcn\u0259 q\u0259sd ed\u0259n d\u0259 var. Bu yax\u0131nlarda Ming\u0259\u00e7evird\u0259 bir qazi \u00f6z\u00fcn\u00fc \u00f6ld\u00fcrd\u00fc\u201d.<\/em><\/p>\n\n\n\n<p>Qaraba\u011f qazisi, Mircavad Hac\u0131yevin meyiti aprelin 17-d\u0259 kiray\u0259 ya\u015fad\u0131\u011f\u0131 evd\u0259 as\u0131lm\u0131\u015f v\u0259ziyy\u0259td\u0259 tap\u0131l\u0131b. 27 ya\u015fl\u0131 Mircavad Hac\u0131yevin iki azya\u015fl\u0131 \u00f6vlad\u0131 var.<\/p>\n\n\n\n<p>El\u00e7in H\u0259s\u0259nzad\u0259 gileyl\u0259nir ki, ona v\u0259 onun kimil\u0259r\u0259 i\u015f verilm\u0259s\u0259 d\u0259, m\u00fcxt\u0259lif d\u00f6vl\u0259t strukturlar\u0131nda t\u0259qa\u00fcd ya\u015f\u0131na \u00e7atm\u0131\u015f \u015f\u0259xsl\u0259ri saxlay\u0131rlar:<\/p>\n\n\n\n<p><em>\u201cNec\u0259 olur, Ming\u0259\u00e7evirin idar\u0259l\u0259rind\u0259 70 ya\u015f\u0131 ke\u00e7mi\u015f adamlar i\u015fl\u0259y\u0259 bilir, amma m\u0259n\u0259 v\u0259 m\u0259nim kimil\u0259r\u0259 i\u015f yoxdur? Bir m\u00fcdd\u0259t \u0259vv\u0259l 70 ya\u015f\u0131 haqlam\u0131\u015f adam \u00f6ld\u00fc, cibind\u0259n 20-d\u0259n \u00e7ox maa\u015f kartlar\u0131 \u00e7\u0131xd\u0131. M\u00fctl\u0259q icra hakimiyy\u0259tind\u0259 yaltaqlanmal\u0131yam, n\u0259 ist\u0259s\u0259l\u0259r \u201cba\u015f \u00fcst\u0259\u201d dem\u0259liy\u0259m ki, m\u0259n\u0259 d\u0259 i\u015f versinl\u0259r?! Haqs\u0131zl\u0131\u011fa susmad\u0131\u011f\u0131ma, haqq\u0131 dil\u0259 g\u0259tirdiyim\u0259 g\u00f6r\u0259 bizi \u00e7\u00f6r\u0259kl\u0259 s\u0131na\u011fa \u00e7\u0259kirl\u0259r. Evim\u0259 \u00e7\u00f6r\u0259kpulu aparmaq ist\u0259yir\u0259m, imkan vermirl\u0259r. M\u0259ni \u201ct\u0259xribat\u00e7\u0131\u201d adland\u0131r\u0131rlar. N\u0259d\u0259 t\u0259xribat edir\u0259m? \u0130\u015f ist\u0259yir\u0259m, i\u015f&#8230;\u201d.<\/em><\/p>\n\n\n\n<p>El\u00e7in H\u0259s\u0259nzad\u0259 deyir ki, Ming\u0259\u00e7evird\u0259ki m\u0259mur \u00f6zba\u015f\u0131nal\u0131\u011f\u0131na etirazlar\u0131na g\u00f6r\u0259 2020-ci ilin mart\u0131nda \u015f\u0259rl\u0259n\u0259r\u0259k h\u0259bs olunmu\u015fdu. Ming\u0259\u00e7evir \u015e\u0259h\u0259r M\u0259hk\u0259m\u0259sinin h\u00f6km\u00fcyl\u0259 o, t\u0259hqir v\u0259 b\u00f6htan ittiham\u0131yla 8 ay azadl\u0131qdan m\u0259hrum edilib, 2020-ci ilin noyabr\u0131nda h\u0259bsd\u0259n burax\u0131l\u0131b.<\/p>\n\n\n\n<p>Ming\u0259\u00e7evir \u015e\u0259h\u0259r \u0130cra Hakimiyy\u0259tind\u0259n El\u00e7in H\u0259s\u0259nzad\u0259nin ittihamlar\u0131na cavab olaraq bildirilib ki, o, Sumqay\u0131t \u015f\u0259h\u0259r sakini olsa da, m\u00fcv\u0259qq\u0259ti Ming\u0259\u00e7evird\u0259 ya\u015fay\u0131r:<\/p>\n\n\n\n<p><em>\u201cV\u0259t\u0259nda\u015f El\u00e7in H\u0259s\u0259nzad\u0259 Ming\u0259\u00e7evir \u015f\u0259h\u0259rind\u0259 ya\u015fad\u0131\u011f\u0131 m\u00fcdd\u0259td\u0259 bir d\u0259f\u0259 d\u0259 olsun, \u015f\u0259h\u0259r \u0130cra Hakimiyy\u0259tin\u0259 h\u0259r hans\u0131 bir m\u0259s\u0259l\u0259 il\u0259 ba\u011fl\u0131 m\u00fcraci\u0259t etm\u0259yib.<\/em><\/p>\n\n\n\n<p><em>\u0130\u015fl\u0259 t\u0259min olunmas\u0131na g\u0259linc\u0259, \u201cM\u0259\u015f\u011fulluq haqq\u0131nda\u201d qanunun t\u0259l\u0259bl\u0259rin\u0259 \u0259sas\u0259n, i\u015f axtaran v\u0259t\u0259nda\u015flar\u0131n u\u00e7otunun apar\u0131lmas\u0131 v\u0259 onlar\u0131n m\u00fcnasib i\u015fl\u0259 t\u0259min edilm\u0259si D\u00f6vl\u0259t M\u0259\u015f\u011fulluq Agentliyin\u0259 h\u0259val\u0259 olunub&#8221;<\/em>.<\/p>\n","protected":false},"excerpt":{"rendered":"<p>\u201cBurada i\u015fsizlik, dolan\u0131\u015f\u0131q \u00fcz\u00fcnd\u0259n \u00f6z\u00fcn\u0259 q\u0259sd ed\u0259n d\u0259 var\u201d Ming\u0259\u00e7evir &#8230; <\/p>\n<p class=\"read-more-container\"><a title=\"Ming\u0259\u00e7evir sakini: \u201cBizi \u00e7\u00f6r\u0259kl\u0259 s\u0131na\u011fa \u00e7\u0259kirl\u0259r\u201d\" class=\"read-more button\" href=\"https:\/\/www.meydan.tv\/az\/article\/mingecevir-sakini-bizi-corekle-sinaga-cekirler\/#more-304706\" aria-label=\"Read more about Ming\u0259\u00e7evir sakini: \u201cBizi \u00e7\u00f6r\u0259kl\u0259 s\u0131na\u011fa \u00e7\u0259kirl\u0259r\u201d\">Davam\u0131<\/a><\/p>\n","protected":false},"author":8,"featured_media":225001,"comment_status":"closed","ping_status":"closed","sticky":false,"template":"","format":"standard","meta":{"_acf_changed":false,"_sitemap_exclude":false,"_sitemap_priority":"","_sitemap_frequency":"","footnotes":""},"categories":[60,56],"tags":[],"class_list":["post-304706","post","type-post","status-publish","format-standard","has-post-thumbnail","hentry","category-bolge","category-xeberler","infinite-scroll-item","generate-columns","tablet-grid-50","mobile-grid-100","grid-parent","grid-33","no-featured-image-padding"],"acf":[],"yoast_head":"<!-- This site is optimized with the Yoast SEO plugin v27.4 - https:\/\/yoast.com\/product\/yoast-seo-wordpress\/ -->\n<title>Ming\u0259\u00e7evir sakini: \u201cBizi \u00e7\u00f6r\u0259kl\u0259 s\u0131na\u011fa \u00e7\u0259kirl\u0259r\u201d - MEYDAN.TV<\/title>\n<meta name=\"robots\" content=\"index, follow, max-snippet:-1, max-image-preview:large, max-video-preview:-1\" \/>\n<link rel=\"canonical\" href=\"https:\/\/www.meydan.tv\/az\/article\/mingecevir-sakini-bizi-corekle-sinaga-cekirler\/\" \/>\n<meta property=\"og:locale\" content=\"az_AZ\" \/>\n<meta property=\"og:type\" content=\"article\" \/>\n<meta property=\"og:title\" content=\"Ming\u0259\u00e7evir sakini: \u201cBizi \u00e7\u00f6r\u0259kl\u0259 s\u0131na\u011fa \u00e7\u0259kirl\u0259r\u201d - MEYDAN.TV\" \/>\n<meta property=\"og:description\" content=\"\u201cBurada i\u015fsizlik, dolan\u0131\u015f\u0131q \u00fcz\u00fcnd\u0259n \u00f6z\u00fcn\u0259 q\u0259sd ed\u0259n d\u0259 var\u201d Ming\u0259\u00e7evir ... Davam\u0131\" \/>\n<meta property=\"og:url\" content=\"https:\/\/www.meydan.tv\/az\/article\/mingecevir-sakini-bizi-corekle-sinaga-cekirler\/\" \/>\n<meta property=\"og:site_name\" content=\"MEYDAN.TV\" \/>\n<meta property=\"article:published_time\" content=\"2024-04-30T18:48:27+00:00\" \/>\n<meta property=\"article:modified_time\" content=\"2024-05-01T07:07:55+00:00\" \/>\n<meta property=\"og:image\" content=\"https:\/\/www.meydan.tv\/wp-content\/uploads\/elchin-1-e1714502897637.jpg\" \/>\n\t<meta property=\"og:image:width\" content=\"1600\" \/>\n\t<meta property=\"og:image:height\" content=\"597\" \/>\n\t<meta property=\"og:image:type\" content=\"image\/jpeg\" \/>\n<meta name=\"author\" content=\"elli\" \/>\n<meta name=\"twitter:card\" content=\"summary_large_image\" \/>\n<meta name=\"twitter:creator\" content=\"@elli\" \/>\n<script type=\"application\/ld+json\" class=\"yoast-schema-graph\">{\"@context\":\"https:\\\/\\\/schema.org\",\"@graph\":[{\"@type\":\"Article\",\"@id\":\"https:\\\/\\\/www.meydan.tv\\\/az\\\/article\\\/mingecevir-sakini-bizi-corekle-sinaga-cekirler\\\/#article\",\"isPartOf\":{\"@id\":\"https:\\\/\\\/www.meydan.tv\\\/az\\\/article\\\/mingecevir-sakini-bizi-corekle-sinaga-cekirler\\\/\"},\"author\":{\"name\":\"elli\",\"@id\":\"https:\\\/\\\/www.meydan.tv\\\/az\\\/#\\\/schema\\\/person\\\/9cdbecf90d17180ce1dfbd95b08dcf47\"},\"headline\":\"Ming\u0259\u00e7evir sakini: \u201cBizi \u00e7\u00f6r\u0259kl\u0259 s\u0131na\u011fa \u00e7\u0259kirl\u0259r\u201d\",\"datePublished\":\"2024-04-30T18:48:27+00:00\",\"dateModified\":\"2024-05-01T07:07:55+00:00\",\"mainEntityOfPage\":{\"@id\":\"https:\\\/\\\/www.meydan.tv\\\/az\\\/article\\\/mingecevir-sakini-bizi-corekle-sinaga-cekirler\\\/\"},\"wordCount\":676,\"publisher\":{\"@id\":\"https:\\\/\\\/www.meydan.tv\\\/az\\\/#organization\"},\"image\":{\"@id\":\"https:\\\/\\\/www.meydan.tv\\\/az\\\/article\\\/mingecevir-sakini-bizi-corekle-sinaga-cekirler\\\/#primaryimage\"},\"thumbnailUrl\":\"https:\\\/\\\/www.meydan.tv\\\/wp-content\\\/uploads\\\/elchin-1-e1714502897637.jpg\",\"articleSection\":[\"B\u00f6lg\u0259\",\"X\u0259b\u0259rl\u0259r\"],\"inLanguage\":\"az\"},{\"@type\":\"WebPage\",\"@id\":\"https:\\\/\\\/www.meydan.tv\\\/az\\\/article\\\/mingecevir-sakini-bizi-corekle-sinaga-cekirler\\\/\",\"url\":\"https:\\\/\\\/www.meydan.tv\\\/az\\\/article\\\/mingecevir-sakini-bizi-corekle-sinaga-cekirler\\\/\",\"name\":\"Ming\u0259\u00e7evir sakini: \u201cBizi \u00e7\u00f6r\u0259kl\u0259 s\u0131na\u011fa \u00e7\u0259kirl\u0259r\u201d - MEYDAN.TV\",\"isPartOf\":{\"@id\":\"https:\\\/\\\/www.meydan.tv\\\/az\\\/#website\"},\"primaryImageOfPage\":{\"@id\":\"https:\\\/\\\/www.meydan.tv\\\/az\\\/article\\\/mingecevir-sakini-bizi-corekle-sinaga-cekirler\\\/#primaryimage\"},\"image\":{\"@id\":\"https:\\\/\\\/www.meydan.tv\\\/az\\\/article\\\/mingecevir-sakini-bizi-corekle-sinaga-cekirler\\\/#primaryimage\"},\"thumbnailUrl\":\"https:\\\/\\\/www.meydan.tv\\\/wp-content\\\/uploads\\\/elchin-1-e1714502897637.jpg\",\"datePublished\":\"2024-04-30T18:48:27+00:00\",\"dateModified\":\"2024-05-01T07:07:55+00:00\",\"breadcrumb\":{\"@id\":\"https:\\\/\\\/www.meydan.tv\\\/az\\\/article\\\/mingecevir-sakini-bizi-corekle-sinaga-cekirler\\\/#breadcrumb\"},\"inLanguage\":\"az\",\"potentialAction\":[{\"@type\":\"ReadAction\",\"target\":[\"https:\\\/\\\/www.meydan.tv\\\/az\\\/article\\\/mingecevir-sakini-bizi-corekle-sinaga-cekirler\\\/\"]}]},{\"@type\":\"ImageObject\",\"inLanguage\":\"az\",\"@id\":\"https:\\\/\\\/www.meydan.tv\\\/az\\\/article\\\/mingecevir-sakini-bizi-corekle-sinaga-cekirler\\\/#primaryimage\",\"url\":\"https:\\\/\\\/www.meydan.tv\\\/wp-content\\\/uploads\\\/elchin-1-e1714502897637.jpg\",\"contentUrl\":\"https:\\\/\\\/www.meydan.tv\\\/wp-content\\\/uploads\\\/elchin-1-e1714502897637.jpg\",\"width\":1600,\"height\":597,\"caption\":\"Foto: El\u00e7in H\u0259s\u0259nzad\u0259nin \u015f\u0259xsi arxivi\"},{\"@type\":\"BreadcrumbList\",\"@id\":\"https:\\\/\\\/www.meydan.tv\\\/az\\\/article\\\/mingecevir-sakini-bizi-corekle-sinaga-cekirler\\\/#breadcrumb\",\"itemListElement\":[{\"@type\":\"ListItem\",\"position\":1,\"name\":\"Ana s\u0259hif\u0259\",\"item\":\"https:\\\/\\\/www.meydan.tv\\\/az\\\/\"},{\"@type\":\"ListItem\",\"position\":2,\"name\":\"B\u00f6lg\u0259\",\"item\":\"https:\\\/\\\/www.meydan.tv\\\/az\\\/section\\\/bolge\\\/\"},{\"@type\":\"ListItem\",\"position\":3,\"name\":\"Ming\u0259\u00e7evir sakini: \u201cBizi \u00e7\u00f6r\u0259kl\u0259 s\u0131na\u011fa \u00e7\u0259kirl\u0259r\u201d\"}]},{\"@type\":\"WebSite\",\"@id\":\"https:\\\/\\\/www.meydan.tv\\\/az\\\/#website\",\"url\":\"https:\\\/\\\/www.meydan.tv\\\/az\\\/\",\"name\":\"MEYDAN.TV\",\"description\":\"Meydan TV Az\u0259rbaycan\u0131n media m\u0259kan\u0131ndak\u0131 alternativ s\u0259sidir\",\"publisher\":{\"@id\":\"https:\\\/\\\/www.meydan.tv\\\/az\\\/#organization\"},\"potentialAction\":[{\"@type\":\"SearchAction\",\"target\":{\"@type\":\"EntryPoint\",\"urlTemplate\":\"https:\\\/\\\/www.meydan.tv\\\/az\\\/?s={search_term_string}\"},\"query-input\":{\"@type\":\"PropertyValueSpecification\",\"valueRequired\":true,\"valueName\":\"search_term_string\"}}],\"inLanguage\":\"az\"},{\"@type\":\"Organization\",\"@id\":\"https:\\\/\\\/www.meydan.tv\\\/az\\\/#organization\",\"name\":\"Meydan TV\",\"url\":\"https:\\\/\\\/www.meydan.tv\\\/az\\\/\",\"logo\":{\"@type\":\"ImageObject\",\"inLanguage\":\"az\",\"@id\":\"https:\\\/\\\/www.meydan.tv\\\/az\\\/#\\\/schema\\\/logo\\\/image\\\/\",\"url\":\"https:\\\/\\\/www.meydan.tv\\\/wp-content\\\/uploads\\\/2021\\\/07\\\/meydan-logo.svg\",\"contentUrl\":\"https:\\\/\\\/www.meydan.tv\\\/wp-content\\\/uploads\\\/2021\\\/07\\\/meydan-logo.svg\",\"width\":195,\"height\":46,\"caption\":\"Meydan TV\"},\"image\":{\"@id\":\"https:\\\/\\\/www.meydan.tv\\\/az\\\/#\\\/schema\\\/logo\\\/image\\\/\"}},{\"@type\":\"Person\",\"@id\":\"https:\\\/\\\/www.meydan.tv\\\/az\\\/#\\\/schema\\\/person\\\/9cdbecf90d17180ce1dfbd95b08dcf47\",\"name\":\"elli\",\"sameAs\":[\"https:\\\/\\\/x.com\\\/elli\"]}]}<\/script>\n<!-- \/ Yoast SEO plugin. -->","yoast_head_json":{"title":"Ming\u0259\u00e7evir sakini: \u201cBizi \u00e7\u00f6r\u0259kl\u0259 s\u0131na\u011fa \u00e7\u0259kirl\u0259r\u201d - MEYDAN.TV","robots":{"index":"index","follow":"follow","max-snippet":"max-snippet:-1","max-image-preview":"max-image-preview:large","max-video-preview":"max-video-preview:-1"},"canonical":"https:\/\/www.meydan.tv\/az\/article\/mingecevir-sakini-bizi-corekle-sinaga-cekirler\/","og_locale":"az_AZ","og_type":"article","og_title":"Ming\u0259\u00e7evir sakini: \u201cBizi \u00e7\u00f6r\u0259kl\u0259 s\u0131na\u011fa \u00e7\u0259kirl\u0259r\u201d - MEYDAN.TV","og_description":"\u201cBurada i\u015fsizlik, dolan\u0131\u015f\u0131q \u00fcz\u00fcnd\u0259n \u00f6z\u00fcn\u0259 q\u0259sd ed\u0259n d\u0259 var\u201d Ming\u0259\u00e7evir ... Davam\u0131","og_url":"https:\/\/www.meydan.tv\/az\/article\/mingecevir-sakini-bizi-corekle-sinaga-cekirler\/","og_site_name":"MEYDAN.TV","article_published_time":"2024-04-30T18:48:27+00:00","article_modified_time":"2024-05-01T07:07:55+00:00","og_image":[{"width":1600,"height":597,"url":"https:\/\/www.meydan.tv\/wp-content\/uploads\/elchin-1-e1714502897637.jpg","type":"image\/jpeg"}],"author":"elli","twitter_card":"summary_large_image","twitter_creator":"@elli","schema":{"@context":"https:\/\/schema.org","@graph":[{"@type":"Article","@id":"https:\/\/www.meydan.tv\/az\/article\/mingecevir-sakini-bizi-corekle-sinaga-cekirler\/#article","isPartOf":{"@id":"https:\/\/www.meydan.tv\/az\/article\/mingecevir-sakini-bizi-corekle-sinaga-cekirler\/"},"author":{"name":"elli","@id":"https:\/\/www.meydan.tv\/az\/#\/schema\/person\/9cdbecf90d17180ce1dfbd95b08dcf47"},"headline":"Ming\u0259\u00e7evir sakini: \u201cBizi \u00e7\u00f6r\u0259kl\u0259 s\u0131na\u011fa \u00e7\u0259kirl\u0259r\u201d","datePublished":"2024-04-30T18:48:27+00:00","dateModified":"2024-05-01T07:07:55+00:00","mainEntityOfPage":{"@id":"https:\/\/www.meydan.tv\/az\/article\/mingecevir-sakini-bizi-corekle-sinaga-cekirler\/"},"wordCount":676,"publisher":{"@id":"https:\/\/www.meydan.tv\/az\/#organization"},"image":{"@id":"https:\/\/www.meydan.tv\/az\/article\/mingecevir-sakini-bizi-corekle-sinaga-cekirler\/#primaryimage"},"thumbnailUrl":"https:\/\/www.meydan.tv\/wp-content\/uploads\/elchin-1-e1714502897637.jpg","articleSection":["B\u00f6lg\u0259","X\u0259b\u0259rl\u0259r"],"inLanguage":"az"},{"@type":"WebPage","@id":"https:\/\/www.meydan.tv\/az\/article\/mingecevir-sakini-bizi-corekle-sinaga-cekirler\/","url":"https:\/\/www.meydan.tv\/az\/article\/mingecevir-sakini-bizi-corekle-sinaga-cekirler\/","name":"Ming\u0259\u00e7evir sakini: \u201cBizi \u00e7\u00f6r\u0259kl\u0259 s\u0131na\u011fa \u00e7\u0259kirl\u0259r\u201d - MEYDAN.TV","isPartOf":{"@id":"https:\/\/www.meydan.tv\/az\/#website"},"primaryImageOfPage":{"@id":"https:\/\/www.meydan.tv\/az\/article\/mingecevir-sakini-bizi-corekle-sinaga-cekirler\/#primaryimage"},"image":{"@id":"https:\/\/www.meydan.tv\/az\/article\/mingecevir-sakini-bizi-corekle-sinaga-cekirler\/#primaryimage"},"thumbnailUrl":"https:\/\/www.meydan.tv\/wp-content\/uploads\/elchin-1-e1714502897637.jpg","datePublished":"2024-04-30T18:48:27+00:00","dateModified":"2024-05-01T07:07:55+00:00","breadcrumb":{"@id":"https:\/\/www.meydan.tv\/az\/article\/mingecevir-sakini-bizi-corekle-sinaga-cekirler\/#breadcrumb"},"inLanguage":"az","potentialAction":[{"@type":"ReadAction","target":["https:\/\/www.meydan.tv\/az\/article\/mingecevir-sakini-bizi-corekle-sinaga-cekirler\/"]}]},{"@type":"ImageObject","inLanguage":"az","@id":"https:\/\/www.meydan.tv\/az\/article\/mingecevir-sakini-bizi-corekle-sinaga-cekirler\/#primaryimage","url":"https:\/\/www.meydan.tv\/wp-content\/uploads\/elchin-1-e1714502897637.jpg","contentUrl":"https:\/\/www.meydan.tv\/wp-content\/uploads\/elchin-1-e1714502897637.jpg","width":1600,"height":597,"caption":"Foto: El\u00e7in H\u0259s\u0259nzad\u0259nin \u015f\u0259xsi arxivi"},{"@type":"BreadcrumbList","@id":"https:\/\/www.meydan.tv\/az\/article\/mingecevir-sakini-bizi-corekle-sinaga-cekirler\/#breadcrumb","itemListElement":[{"@type":"ListItem","position":1,"name":"Ana s\u0259hif\u0259","item":"https:\/\/www.meydan.tv\/az\/"},{"@type":"ListItem","position":2,"name":"B\u00f6lg\u0259","item":"https:\/\/www.meydan.tv\/az\/section\/bolge\/"},{"@type":"ListItem","position":3,"name":"Ming\u0259\u00e7evir sakini: \u201cBizi \u00e7\u00f6r\u0259kl\u0259 s\u0131na\u011fa \u00e7\u0259kirl\u0259r\u201d"}]},{"@type":"WebSite","@id":"https:\/\/www.meydan.tv\/az\/#website","url":"https:\/\/www.meydan.tv\/az\/","name":"MEYDAN.TV","description":"Meydan TV Az\u0259rbaycan\u0131n media m\u0259kan\u0131ndak\u0131 alternativ s\u0259sidir","publisher":{"@id":"https:\/\/www.meydan.tv\/az\/#organization"},"potentialAction":[{"@type":"SearchAction","target":{"@type":"EntryPoint","urlTemplate":"https:\/\/www.meydan.tv\/az\/?s={search_term_string}"},"query-input":{"@type":"PropertyValueSpecification","valueRequired":true,"valueName":"search_term_string"}}],"inLanguage":"az"},{"@type":"Organization","@id":"https:\/\/www.meydan.tv\/az\/#organization","name":"Meydan TV","url":"https:\/\/www.meydan.tv\/az\/","logo":{"@type":"ImageObject","inLanguage":"az","@id":"https:\/\/www.meydan.tv\/az\/#\/schema\/logo\/image\/","url":"https:\/\/www.meydan.tv\/wp-content\/uploads\/2021\/07\/meydan-logo.svg","contentUrl":"https:\/\/www.meydan.tv\/wp-content\/uploads\/2021\/07\/meydan-logo.svg","width":195,"height":46,"caption":"Meydan TV"},"image":{"@id":"https:\/\/www.meydan.tv\/az\/#\/schema\/logo\/image\/"}},{"@type":"Person","@id":"https:\/\/www.meydan.tv\/az\/#\/schema\/person\/9cdbecf90d17180ce1dfbd95b08dcf47","name":"elli","sameAs":["https:\/\/x.com\/elli"]}]}},"_links":{"self":[{"href":"https:\/\/www.meydan.tv\/az\/wp-json\/wp\/v2\/posts\/304706","targetHints":{"allow":["GET"]}}],"collection":[{"href":"https:\/\/www.meydan.tv\/az\/wp-json\/wp\/v2\/posts"}],"about":[{"href":"https:\/\/www.meydan.tv\/az\/wp-json\/wp\/v2\/types\/post"}],"author":[{"embeddable":true,"href":"https:\/\/www.meydan.tv\/az\/wp-json\/wp\/v2\/users\/8"}],"replies":[{"embeddable":true,"href":"https:\/\/www.meydan.tv\/az\/wp-json\/wp\/v2\/comments?post=304706"}],"version-history":[{"count":3,"href":"https:\/\/www.meydan.tv\/az\/wp-json\/wp\/v2\/posts\/304706\/revisions"}],"predecessor-version":[{"id":304761,"href":"https:\/\/www.meydan.tv\/az\/wp-json\/wp\/v2\/posts\/304706\/revisions\/304761"}],"wp:featuredmedia":[{"embeddable":true,"href":"https:\/\/www.meydan.tv\/az\/wp-json\/wp\/v2\/media\/225001"}],"wp:attachment":[{"href":"https:\/\/www.meydan.tv\/az\/wp-json\/wp\/v2\/media?parent=304706"}],"wp:term":[{"taxonomy":"category","embeddable":true,"href":"https:\/\/www.meydan.tv\/az\/wp-json\/wp\/v2\/categories?post=304706"},{"taxonomy":"post_tag","embeddable":true,"href":"https:\/\/www.meydan.tv\/az\/wp-json\/wp\/v2\/tags?post=304706"}],"curies":[{"name":"wp","href":"https:\/\/api.w.org\/{rel}","templated":true}]}}