{"id":304690,"date":"2024-04-30T18:25:51","date_gmt":"2024-04-30T14:25:51","guid":{"rendered":"https:\/\/www.meydan.tv\/?p=304690"},"modified":"2024-05-01T16:57:29","modified_gmt":"2024-05-01T12:57:29","slug":"anar-memmedli-haqqinda-hebs-qerari-verildi","status":"publish","type":"post","link":"https:\/\/www.meydan.tv\/az\/article\/anar-memmedli-haqqinda-hebs-qerari-verildi\/","title":{"rendered":"Anar M\u0259mm\u0259dli haqq\u0131nda h\u0259bs q\u0259rar\u0131 verildi"},"content":{"rendered":"\n<figure class=\"wp-block-embed is-type-video is-provider-youtube wp-block-embed-youtube wp-embed-aspect-16-9 wp-has-aspect-ratio\"><div class=\"wp-block-embed__wrapper\">\n<iframe title=\"\u201cAnar M\u0259mm\u0259dliy\u0259 qar\u015f\u0131 ir\u0259li s\u00fcr\u00fclm\u00fc\u015f ittiham tamamil\u0259 \u0259sass\u0131zd\u0131r\u201d\" width=\"1200\" height=\"675\" data-src=\"https:\/\/www.youtube.com\/embed\/Dzfk7GWiPko?feature=oembed\" frameborder=\"0\" allow=\"accelerometer; autoplay; clipboard-write; encrypted-media; gyroscope; picture-in-picture; web-share\" referrerpolicy=\"strict-origin-when-cross-origin\" allowfullscreen src=\"data:image\/svg+xml;base64,PHN2ZyB3aWR0aD0iMSIgaGVpZ2h0PSIxIiB4bWxucz0iaHR0cDovL3d3dy53My5vcmcvMjAwMC9zdmciPjwvc3ZnPg==\" class=\"lazyload\" data-load-mode=\"1\"><\/iframe>\n<\/div><\/figure>\n\n\n\n<!--more-->\n\n\n\n<p><strong><em>H\u00fcquq m\u00fcdafi\u0259\u00e7isi ittiham\u0131 absurd adland\u0131r\u0131b<\/em><\/strong><\/p>\n\n\n\n<p>Se\u00e7kil\u0259rin Monitorinqi v\u0259 Demokratiyan\u0131n T\u0259drisi M\u0259rk\u0259zinin (SMDTM) r\u0259hb\u0259ri, insan h\u00fcquqlar\u0131 f\u0259al\u0131 Anar M\u0259mm\u0259dli haqq\u0131nda h\u0259bs q\u0259rar\u0131 verilib. Aprelin 30-da X\u0259tai Rayon M\u0259hk\u0259m\u0259si onun istintaq d\u00f6vr\u00fcnd\u0259 h\u0259bsd\u0259 saxlanmas\u0131 \u00fc\u00e7\u00fcn prokurorun verdiyi t\u0259qdimata bax\u0131b v\u0259 t\u0259min edib. M\u0259hk\u0259m\u0259nin q\u0259rar\u0131yla h\u00fcquq m\u00fcdafi\u0259\u00e7isi haqq\u0131nda ilkin istintaq d\u00f6vr\u00fc \u00fc\u00e7\u00fcn 3 ay 28 g\u00fcnl\u00fck h\u0259bs q\u0259timkan t\u0259dbiri se\u00e7ilib.<\/p>\n\n\n\n<p>M\u0259hk\u0259m\u0259d\u0259 Anar M\u0259mm\u0259dli ona qar\u015f\u0131 ir\u0259li s\u00fcr\u00fclm\u00fc\u015f qa\u00e7aqmal\u00e7\u0131l\u0131q ittiham\u0131n\u0131 r\u0259dd edib, bunun absurd oldu\u011funu bildirib. H\u00fcquq m\u00fcdafi\u0259\u00e7isi deyib ki, onun h\u0259bsinin s\u0259b\u0259bi \u00f6lk\u0259d\u0259 ba\u015f ver\u0259n qanunsuzluq v\u0259 \u0259dal\u0259tsizlikl\u0259r\u0259 bigan\u0259 qalmamas\u0131d\u0131r. Anar M\u0259mm\u0259dli siyasi sifari\u015fl\u0259 tutuldu\u011funu vur\u011fulay\u0131b.<\/p>\n\n\n\n<p>H\u00fcquq m\u00fcdafi\u0259\u00e7isinin v\u0259kili onun haqq\u0131nda \u00e7\u0131xar\u0131lm\u0131\u015f h\u0259bs q\u0259rar\u0131ndan apelyasiya \u015fikay\u0259ti ver\u0259c\u0259k.<\/p>\n\n\n\n<p>Anar M\u0259mm\u0259dli aprelin 29-da Bak\u0131da saxlan\u0131l\u0131b. Daha sonra onun \u00f6z\u00fcn\u00fcn v\u0259 atas\u0131n\u0131n evind\u0259 axtar\u0131\u015f apar\u0131l\u0131b. Ard\u0131nca ona qar\u015f\u0131 Cinay\u0259t M\u0259c\u0259ll\u0259sinin 206.3.2-ci (qa\u00e7aqmal\u00e7\u0131l\u0131q, \u0259vv\u0259lc\u0259d\u0259n \u0259lbir olan bir qrup \u015f\u0259xs t\u0259r\u0259find\u0259n t\u00f6r\u0259dildikd\u0259) madd\u0259si il\u0259 ittiham ir\u0259li s\u00fcr\u00fcl\u00fcb.<\/p>\n\n\n\n<p>Son 6 ayda \u00f6lk\u0259d\u0259 20-d\u0259n art\u0131q jurnalist, ictimai f\u0259al qa\u00e7aqmal\u00e7\u0131l\u0131q ittiham\u0131 il\u0259 h\u0259bs olunub. Onlar\u0131n aras\u0131nda korrupsiya ara\u015fd\u0131rmalar\u0131 il\u0259 tan\u0131nan \u201cAbzasMedia\u201d n\u0259\u015frinin direktoru \u00dclvi H\u0259s\u0259nli, ba\u015f redaktoru Sevinc Vaqifq\u0131z\u0131 (Abbasova), \u201cToplum TV\u201d internet kanal\u0131n\u0131n t\u0259sis\u00e7isi \u018fl\u0259sg\u0259r M\u0259mm\u0259dli, kanal\u0131n \u0259m\u0259kda\u015f\u0131 M\u00fc\u015ffiq Cabbar, Demokratik T\u0259\u015f\u0259bb\u00fcsl\u0259r \u0130nstitutunun r\u0259hb\u0259ri Akif Qurbanov, \u201cMeclis.info\u201d sayt\u0131n\u0131n r\u0259hb\u0259ri \u0130mran \u018fliyev, III Respublika Platformas\u0131n\u0131n qurucu hey\u0259t \u00fczv\u00fc Ruslan \u0130zz\u0259tli v\u0259 dig\u0259rl\u0259ri var.<\/p>\n\n\n\n<p>Onlar\u0131n ham\u0131s\u0131 ittihamlar\u0131 r\u0259dd edir, korrupsiya ara\u015fd\u0131rmalar\u0131na, \u00f6lk\u0259d\u0259 insan haqlar\u0131n\u0131n pozulmas\u0131na bigan\u0259 qalmad\u0131qlar\u0131na g\u00f6r\u0259 saxta ittihamlarla h\u0259bs olunduqlar\u0131n\u0131 b\u0259yan edirl\u0259r.<\/p>\n\n\n\n<p><\/p>\n\n\n\n<p><\/p>\n","protected":false},"excerpt":{"rendered":"","protected":false},"author":8,"featured_media":210070,"comment_status":"closed","ping_status":"closed","sticky":false,"template":"","format":"standard","meta":{"_acf_changed":false,"_sitemap_exclude":false,"_sitemap_priority":"","_sitemap_frequency":"","footnotes":""},"categories":[59,79,63,56],"tags":[],"class_list":["post-304690","post","type-post","status-publish","format-standard","has-post-thumbnail","hentry","category-siyaset","category-featured","category-video-2","category-xeberler","infinite-scroll-item","generate-columns","tablet-grid-50","mobile-grid-100","grid-parent","grid-33","no-featured-image-padding"],"acf":[],"yoast_head":"<!-- This site is optimized with the Yoast SEO plugin v27.4 - https:\/\/yoast.com\/product\/yoast-seo-wordpress\/ -->\n<title>Anar M\u0259mm\u0259dli haqq\u0131nda h\u0259bs q\u0259rar\u0131 verildi - MEYDAN.TV<\/title>\n<meta name=\"robots\" content=\"index, follow, max-snippet:-1, max-image-preview:large, max-video-preview:-1\" \/>\n<link rel=\"canonical\" href=\"https:\/\/www.meydan.tv\/az\/article\/anar-memmedli-haqqinda-hebs-qerari-verildi\/\" \/>\n<meta property=\"og:locale\" content=\"az_AZ\" \/>\n<meta property=\"og:type\" content=\"article\" \/>\n<meta property=\"og:title\" content=\"Anar M\u0259mm\u0259dli haqq\u0131nda h\u0259bs q\u0259rar\u0131 verildi - MEYDAN.TV\" \/>\n<meta property=\"og:url\" content=\"https:\/\/www.meydan.tv\/az\/article\/anar-memmedli-haqqinda-hebs-qerari-verildi\/\" \/>\n<meta property=\"og:site_name\" content=\"MEYDAN.TV\" \/>\n<meta property=\"article:published_time\" content=\"2024-04-30T14:25:51+00:00\" \/>\n<meta property=\"article:modified_time\" content=\"2024-05-01T12:57:29+00:00\" \/>\n<meta property=\"og:image\" content=\"https:\/\/www.meydan.tv\/wp-content\/uploads\/anar_memmedli-scaled-e1714391983460.jpg\" \/>\n\t<meta property=\"og:image:width\" content=\"2560\" \/>\n\t<meta property=\"og:image:height\" content=\"1314\" \/>\n\t<meta property=\"og:image:type\" content=\"image\/jpeg\" \/>\n<meta name=\"author\" content=\"elli\" \/>\n<meta name=\"twitter:card\" content=\"summary_large_image\" \/>\n<meta name=\"twitter:creator\" content=\"@elli\" \/>\n<script type=\"application\/ld+json\" class=\"yoast-schema-graph\">{\"@context\":\"https:\\\/\\\/schema.org\",\"@graph\":[{\"@type\":\"Article\",\"@id\":\"https:\\\/\\\/www.meydan.tv\\\/az\\\/article\\\/anar-memmedli-haqqinda-hebs-qerari-verildi\\\/#article\",\"isPartOf\":{\"@id\":\"https:\\\/\\\/www.meydan.tv\\\/az\\\/article\\\/anar-memmedli-haqqinda-hebs-qerari-verildi\\\/\"},\"author\":{\"name\":\"elli\",\"@id\":\"https:\\\/\\\/www.meydan.tv\\\/az\\\/#\\\/schema\\\/person\\\/9cdbecf90d17180ce1dfbd95b08dcf47\"},\"headline\":\"Anar M\u0259mm\u0259dli haqq\u0131nda h\u0259bs q\u0259rar\u0131 verildi\",\"datePublished\":\"2024-04-30T14:25:51+00:00\",\"dateModified\":\"2024-05-01T12:57:29+00:00\",\"mainEntityOfPage\":{\"@id\":\"https:\\\/\\\/www.meydan.tv\\\/az\\\/article\\\/anar-memmedli-haqqinda-hebs-qerari-verildi\\\/\"},\"wordCount\":418,\"publisher\":{\"@id\":\"https:\\\/\\\/www.meydan.tv\\\/az\\\/#organization\"},\"image\":{\"@id\":\"https:\\\/\\\/www.meydan.tv\\\/az\\\/article\\\/anar-memmedli-haqqinda-hebs-qerari-verildi\\\/#primaryimage\"},\"thumbnailUrl\":\"https:\\\/\\\/www.meydan.tv\\\/wp-content\\\/uploads\\\/anar_memmedli-scaled-e1714391983460.jpg\",\"articleSection\":[\"Siyas\u0259t\",\"T\u00f6vsiy\u0259\",\"Video\",\"X\u0259b\u0259rl\u0259r\"],\"inLanguage\":\"az\"},{\"@type\":\"WebPage\",\"@id\":\"https:\\\/\\\/www.meydan.tv\\\/az\\\/article\\\/anar-memmedli-haqqinda-hebs-qerari-verildi\\\/\",\"url\":\"https:\\\/\\\/www.meydan.tv\\\/az\\\/article\\\/anar-memmedli-haqqinda-hebs-qerari-verildi\\\/\",\"name\":\"Anar M\u0259mm\u0259dli haqq\u0131nda h\u0259bs q\u0259rar\u0131 verildi - MEYDAN.TV\",\"isPartOf\":{\"@id\":\"https:\\\/\\\/www.meydan.tv\\\/az\\\/#website\"},\"primaryImageOfPage\":{\"@id\":\"https:\\\/\\\/www.meydan.tv\\\/az\\\/article\\\/anar-memmedli-haqqinda-hebs-qerari-verildi\\\/#primaryimage\"},\"image\":{\"@id\":\"https:\\\/\\\/www.meydan.tv\\\/az\\\/article\\\/anar-memmedli-haqqinda-hebs-qerari-verildi\\\/#primaryimage\"},\"thumbnailUrl\":\"https:\\\/\\\/www.meydan.tv\\\/wp-content\\\/uploads\\\/anar_memmedli-scaled-e1714391983460.jpg\",\"datePublished\":\"2024-04-30T14:25:51+00:00\",\"dateModified\":\"2024-05-01T12:57:29+00:00\",\"breadcrumb\":{\"@id\":\"https:\\\/\\\/www.meydan.tv\\\/az\\\/article\\\/anar-memmedli-haqqinda-hebs-qerari-verildi\\\/#breadcrumb\"},\"inLanguage\":\"az\",\"potentialAction\":[{\"@type\":\"ReadAction\",\"target\":[\"https:\\\/\\\/www.meydan.tv\\\/az\\\/article\\\/anar-memmedli-haqqinda-hebs-qerari-verildi\\\/\"]}]},{\"@type\":\"ImageObject\",\"inLanguage\":\"az\",\"@id\":\"https:\\\/\\\/www.meydan.tv\\\/az\\\/article\\\/anar-memmedli-haqqinda-hebs-qerari-verildi\\\/#primaryimage\",\"url\":\"https:\\\/\\\/www.meydan.tv\\\/wp-content\\\/uploads\\\/anar_memmedli-scaled-e1714391983460.jpg\",\"contentUrl\":\"https:\\\/\\\/www.meydan.tv\\\/wp-content\\\/uploads\\\/anar_memmedli-scaled-e1714391983460.jpg\",\"width\":2560,\"height\":1314,\"caption\":\"Anar M\u0259mm\u0259dli. \u0130ll\u00fcstrasiya: Meydan TV\"},{\"@type\":\"BreadcrumbList\",\"@id\":\"https:\\\/\\\/www.meydan.tv\\\/az\\\/article\\\/anar-memmedli-haqqinda-hebs-qerari-verildi\\\/#breadcrumb\",\"itemListElement\":[{\"@type\":\"ListItem\",\"position\":1,\"name\":\"Ana s\u0259hif\u0259\",\"item\":\"https:\\\/\\\/www.meydan.tv\\\/az\\\/\"},{\"@type\":\"ListItem\",\"position\":2,\"name\":\"Siyas\u0259t\",\"item\":\"https:\\\/\\\/www.meydan.tv\\\/az\\\/section\\\/siyaset\\\/\"},{\"@type\":\"ListItem\",\"position\":3,\"name\":\"Anar M\u0259mm\u0259dli haqq\u0131nda h\u0259bs q\u0259rar\u0131 verildi\"}]},{\"@type\":\"WebSite\",\"@id\":\"https:\\\/\\\/www.meydan.tv\\\/az\\\/#website\",\"url\":\"https:\\\/\\\/www.meydan.tv\\\/az\\\/\",\"name\":\"MEYDAN.TV\",\"description\":\"Meydan TV Az\u0259rbaycan\u0131n media m\u0259kan\u0131ndak\u0131 alternativ s\u0259sidir\",\"publisher\":{\"@id\":\"https:\\\/\\\/www.meydan.tv\\\/az\\\/#organization\"},\"potentialAction\":[{\"@type\":\"SearchAction\",\"target\":{\"@type\":\"EntryPoint\",\"urlTemplate\":\"https:\\\/\\\/www.meydan.tv\\\/az\\\/?s={search_term_string}\"},\"query-input\":{\"@type\":\"PropertyValueSpecification\",\"valueRequired\":true,\"valueName\":\"search_term_string\"}}],\"inLanguage\":\"az\"},{\"@type\":\"Organization\",\"@id\":\"https:\\\/\\\/www.meydan.tv\\\/az\\\/#organization\",\"name\":\"Meydan TV\",\"url\":\"https:\\\/\\\/www.meydan.tv\\\/az\\\/\",\"logo\":{\"@type\":\"ImageObject\",\"inLanguage\":\"az\",\"@id\":\"https:\\\/\\\/www.meydan.tv\\\/az\\\/#\\\/schema\\\/logo\\\/image\\\/\",\"url\":\"https:\\\/\\\/www.meydan.tv\\\/wp-content\\\/uploads\\\/2021\\\/07\\\/meydan-logo.svg\",\"contentUrl\":\"https:\\\/\\\/www.meydan.tv\\\/wp-content\\\/uploads\\\/2021\\\/07\\\/meydan-logo.svg\",\"width\":195,\"height\":46,\"caption\":\"Meydan TV\"},\"image\":{\"@id\":\"https:\\\/\\\/www.meydan.tv\\\/az\\\/#\\\/schema\\\/logo\\\/image\\\/\"}},{\"@type\":\"Person\",\"@id\":\"https:\\\/\\\/www.meydan.tv\\\/az\\\/#\\\/schema\\\/person\\\/9cdbecf90d17180ce1dfbd95b08dcf47\",\"name\":\"elli\",\"sameAs\":[\"https:\\\/\\\/x.com\\\/elli\"]}]}<\/script>\n<!-- \/ Yoast SEO plugin. -->","yoast_head_json":{"title":"Anar M\u0259mm\u0259dli haqq\u0131nda h\u0259bs q\u0259rar\u0131 verildi - MEYDAN.TV","robots":{"index":"index","follow":"follow","max-snippet":"max-snippet:-1","max-image-preview":"max-image-preview:large","max-video-preview":"max-video-preview:-1"},"canonical":"https:\/\/www.meydan.tv\/az\/article\/anar-memmedli-haqqinda-hebs-qerari-verildi\/","og_locale":"az_AZ","og_type":"article","og_title":"Anar M\u0259mm\u0259dli haqq\u0131nda h\u0259bs q\u0259rar\u0131 verildi - MEYDAN.TV","og_url":"https:\/\/www.meydan.tv\/az\/article\/anar-memmedli-haqqinda-hebs-qerari-verildi\/","og_site_name":"MEYDAN.TV","article_published_time":"2024-04-30T14:25:51+00:00","article_modified_time":"2024-05-01T12:57:29+00:00","og_image":[{"width":2560,"height":1314,"url":"https:\/\/www.meydan.tv\/wp-content\/uploads\/anar_memmedli-scaled-e1714391983460.jpg","type":"image\/jpeg"}],"author":"elli","twitter_card":"summary_large_image","twitter_creator":"@elli","schema":{"@context":"https:\/\/schema.org","@graph":[{"@type":"Article","@id":"https:\/\/www.meydan.tv\/az\/article\/anar-memmedli-haqqinda-hebs-qerari-verildi\/#article","isPartOf":{"@id":"https:\/\/www.meydan.tv\/az\/article\/anar-memmedli-haqqinda-hebs-qerari-verildi\/"},"author":{"name":"elli","@id":"https:\/\/www.meydan.tv\/az\/#\/schema\/person\/9cdbecf90d17180ce1dfbd95b08dcf47"},"headline":"Anar M\u0259mm\u0259dli haqq\u0131nda h\u0259bs q\u0259rar\u0131 verildi","datePublished":"2024-04-30T14:25:51+00:00","dateModified":"2024-05-01T12:57:29+00:00","mainEntityOfPage":{"@id":"https:\/\/www.meydan.tv\/az\/article\/anar-memmedli-haqqinda-hebs-qerari-verildi\/"},"wordCount":418,"publisher":{"@id":"https:\/\/www.meydan.tv\/az\/#organization"},"image":{"@id":"https:\/\/www.meydan.tv\/az\/article\/anar-memmedli-haqqinda-hebs-qerari-verildi\/#primaryimage"},"thumbnailUrl":"https:\/\/www.meydan.tv\/wp-content\/uploads\/anar_memmedli-scaled-e1714391983460.jpg","articleSection":["Siyas\u0259t","T\u00f6vsiy\u0259","Video","X\u0259b\u0259rl\u0259r"],"inLanguage":"az"},{"@type":"WebPage","@id":"https:\/\/www.meydan.tv\/az\/article\/anar-memmedli-haqqinda-hebs-qerari-verildi\/","url":"https:\/\/www.meydan.tv\/az\/article\/anar-memmedli-haqqinda-hebs-qerari-verildi\/","name":"Anar M\u0259mm\u0259dli haqq\u0131nda h\u0259bs q\u0259rar\u0131 verildi - MEYDAN.TV","isPartOf":{"@id":"https:\/\/www.meydan.tv\/az\/#website"},"primaryImageOfPage":{"@id":"https:\/\/www.meydan.tv\/az\/article\/anar-memmedli-haqqinda-hebs-qerari-verildi\/#primaryimage"},"image":{"@id":"https:\/\/www.meydan.tv\/az\/article\/anar-memmedli-haqqinda-hebs-qerari-verildi\/#primaryimage"},"thumbnailUrl":"https:\/\/www.meydan.tv\/wp-content\/uploads\/anar_memmedli-scaled-e1714391983460.jpg","datePublished":"2024-04-30T14:25:51+00:00","dateModified":"2024-05-01T12:57:29+00:00","breadcrumb":{"@id":"https:\/\/www.meydan.tv\/az\/article\/anar-memmedli-haqqinda-hebs-qerari-verildi\/#breadcrumb"},"inLanguage":"az","potentialAction":[{"@type":"ReadAction","target":["https:\/\/www.meydan.tv\/az\/article\/anar-memmedli-haqqinda-hebs-qerari-verildi\/"]}]},{"@type":"ImageObject","inLanguage":"az","@id":"https:\/\/www.meydan.tv\/az\/article\/anar-memmedli-haqqinda-hebs-qerari-verildi\/#primaryimage","url":"https:\/\/www.meydan.tv\/wp-content\/uploads\/anar_memmedli-scaled-e1714391983460.jpg","contentUrl":"https:\/\/www.meydan.tv\/wp-content\/uploads\/anar_memmedli-scaled-e1714391983460.jpg","width":2560,"height":1314,"caption":"Anar M\u0259mm\u0259dli. \u0130ll\u00fcstrasiya: Meydan TV"},{"@type":"BreadcrumbList","@id":"https:\/\/www.meydan.tv\/az\/article\/anar-memmedli-haqqinda-hebs-qerari-verildi\/#breadcrumb","itemListElement":[{"@type":"ListItem","position":1,"name":"Ana s\u0259hif\u0259","item":"https:\/\/www.meydan.tv\/az\/"},{"@type":"ListItem","position":2,"name":"Siyas\u0259t","item":"https:\/\/www.meydan.tv\/az\/section\/siyaset\/"},{"@type":"ListItem","position":3,"name":"Anar M\u0259mm\u0259dli haqq\u0131nda h\u0259bs q\u0259rar\u0131 verildi"}]},{"@type":"WebSite","@id":"https:\/\/www.meydan.tv\/az\/#website","url":"https:\/\/www.meydan.tv\/az\/","name":"MEYDAN.TV","description":"Meydan TV Az\u0259rbaycan\u0131n media m\u0259kan\u0131ndak\u0131 alternativ s\u0259sidir","publisher":{"@id":"https:\/\/www.meydan.tv\/az\/#organization"},"potentialAction":[{"@type":"SearchAction","target":{"@type":"EntryPoint","urlTemplate":"https:\/\/www.meydan.tv\/az\/?s={search_term_string}"},"query-input":{"@type":"PropertyValueSpecification","valueRequired":true,"valueName":"search_term_string"}}],"inLanguage":"az"},{"@type":"Organization","@id":"https:\/\/www.meydan.tv\/az\/#organization","name":"Meydan TV","url":"https:\/\/www.meydan.tv\/az\/","logo":{"@type":"ImageObject","inLanguage":"az","@id":"https:\/\/www.meydan.tv\/az\/#\/schema\/logo\/image\/","url":"https:\/\/www.meydan.tv\/wp-content\/uploads\/2021\/07\/meydan-logo.svg","contentUrl":"https:\/\/www.meydan.tv\/wp-content\/uploads\/2021\/07\/meydan-logo.svg","width":195,"height":46,"caption":"Meydan TV"},"image":{"@id":"https:\/\/www.meydan.tv\/az\/#\/schema\/logo\/image\/"}},{"@type":"Person","@id":"https:\/\/www.meydan.tv\/az\/#\/schema\/person\/9cdbecf90d17180ce1dfbd95b08dcf47","name":"elli","sameAs":["https:\/\/x.com\/elli"]}]}},"_links":{"self":[{"href":"https:\/\/www.meydan.tv\/az\/wp-json\/wp\/v2\/posts\/304690","targetHints":{"allow":["GET"]}}],"collection":[{"href":"https:\/\/www.meydan.tv\/az\/wp-json\/wp\/v2\/posts"}],"about":[{"href":"https:\/\/www.meydan.tv\/az\/wp-json\/wp\/v2\/types\/post"}],"author":[{"embeddable":true,"href":"https:\/\/www.meydan.tv\/az\/wp-json\/wp\/v2\/users\/8"}],"replies":[{"embeddable":true,"href":"https:\/\/www.meydan.tv\/az\/wp-json\/wp\/v2\/comments?post=304690"}],"version-history":[{"count":4,"href":"https:\/\/www.meydan.tv\/az\/wp-json\/wp\/v2\/posts\/304690\/revisions"}],"predecessor-version":[{"id":304819,"href":"https:\/\/www.meydan.tv\/az\/wp-json\/wp\/v2\/posts\/304690\/revisions\/304819"}],"wp:featuredmedia":[{"embeddable":true,"href":"https:\/\/www.meydan.tv\/az\/wp-json\/wp\/v2\/media\/210070"}],"wp:attachment":[{"href":"https:\/\/www.meydan.tv\/az\/wp-json\/wp\/v2\/media?parent=304690"}],"wp:term":[{"taxonomy":"category","embeddable":true,"href":"https:\/\/www.meydan.tv\/az\/wp-json\/wp\/v2\/categories?post=304690"},{"taxonomy":"post_tag","embeddable":true,"href":"https:\/\/www.meydan.tv\/az\/wp-json\/wp\/v2\/tags?post=304690"}],"curies":[{"name":"wp","href":"https:\/\/api.w.org\/{rel}","templated":true}]}}