{"id":304641,"date":"2024-04-30T11:40:51","date_gmt":"2024-04-30T07:40:51","guid":{"rendered":"https:\/\/www.meydan.tv\/?p=304641"},"modified":"2024-04-30T11:40:54","modified_gmt":"2024-04-30T07:40:54","slug":"fermerler-narazidir-xaricden-sogan-getirmeye-ehtiyac-yoxdur","status":"publish","type":"post","link":"https:\/\/www.meydan.tv\/az\/article\/fermerler-narazidir-xaricden-sogan-getirmeye-ehtiyac-yoxdur\/","title":{"rendered":"Fermerl\u0259r naraz\u0131d\u0131r: \u201cXaricd\u0259n so\u011fan g\u0259tirm\u0259y\u0259 ehtiyac yoxdur\u201d"},"content":{"rendered":"\n<p><\/p>\n\n\n\n<p><strong><em>\u201cSo\u011fan bol oldu\u011fundan al\u0131c\u0131 tapa bilmirik, t\u0259klif edil\u0259n m\u0259bl\u0259\u011f azd\u0131r\u201d<\/em><\/strong><\/p>\n\n\n\n<p>Qazax\u0131stan bu il Az\u0259rbaycan v\u0259 G\u00fcrc\u00fcstana 160 min ton so\u011fan ixrac ed\u0259c\u0259k. Bunu Qazax\u0131stan\u0131n k\u0259nd t\u0259s\u0259rr\u00fcfat\u0131 naziri Aydarbek Saparov bildirib. Qazax\u0131stan \u0259vv\u0259lki ill\u0259rd\u0259 180 min ton so\u011fan ixrac edib. Bel\u0259likl\u0259, bu il ixrac\u0131n h\u0259cmi azal\u0131b.<\/p>\n\n\n\n<p>Builki m\u00f6vs\u00fcmd\u0259 b\u00fct\u00fcn d\u00fcnyada, el\u0259c\u0259 d\u0259 Az\u0259rbaycanda so\u011fan ucuzla\u015f\u0131b. Fermerl\u0259r m\u0259hsul satmaqda \u00e7\u0259tinlik \u00e7\u0259kibl\u0259r, bir ne\u00e7\u0259 fermerin tonlarla so\u011fan\u0131 xarab olub.<\/p>\n\n\n\n<p>Fermer H\u00fcseyn Musayev Meydan TV-y\u0259 bildirib ki, so\u011fana \u00e7\u0259kil\u0259n x\u0259rc ild\u0259n-il\u0259 art\u0131r. M\u0259hsul bol oldu\u011fundan al\u0131c\u0131 tapa bilmirl\u0259r, t\u0259klif edil\u0259n m\u0259bl\u0259\u011f is\u0259 \u00e7\u0259kil\u0259n x\u0259rcl\u0259ri qar\u015f\u0131lam\u0131r. Bir \u00e7ox fermer m\u0259hsulu maya d\u0259y\u0259rind\u0259n a\u015fa\u011f\u0131 satmaq ist\u0259m\u0259yib: <\/p>\n\n\n\n<p><em>\u201cD\u0259rmandan tutmu\u015f suvarmaya q\u0259d\u0259r x\u0259rcl\u0259r art\u0131b. M\u0259hsul saxlamaq \u00fc\u00e7\u00fcn anbarlar\u0131n t\u0259klif etdiyi qiym\u0259t is\u0259 s\u0259rf\u0259li deyil. Kim \u0259ziyy\u0259tl\u0259 ba\u015fa g\u0259lmi\u015f m\u0259hsulunu \u00e7\u00f6l\u0259 atmaq ist\u0259y\u0259r\u201d<\/em>,-fermer deyib.<\/p>\n\n\n\n<p>Az\u0259rbaycan \u00f6z\u00fcn\u00fc yerli istehsal hesab\u0131na t\u0259min ed\u0259 bilir. So\u011fan istehsal\u0131n\u0131n \u0259sas hiss\u0259si B\u0259rd\u0259 v\u0259 A\u011fdam\u0131n pay\u0131na d\u00fc\u015f\u00fcr. Fermerl\u0259r hesab edirl\u0259r ki, so\u011fanla t\u0259minat y\u00fcz faizdirs\u0259, xaricd\u0259n m\u0259hsul g\u0259tirilm\u0259sin\u0259 ehtiyac yoxdur.<\/p>\n\n\n\n<p>K\u0259nd t\u0259s\u0259rr\u00fcfat\u0131 \u00fczr\u0259 ekspert Vahid M\u0259h\u0259rr\u0259mli deyir ki, Az\u0259rbaycan t\u0259r\u0259v\u0259z m\u0259hsullar\u0131na olan t\u0259l\u0259bat\u0131n\u0131 daxili istehsal hesab\u0131na \u00f6d\u0259y\u0259 bil\u0259r. R\u0259smi statistikaya g\u00f6r\u0259, bu ilin ilk r\u00fcb\u00fcnd\u0259 \u00f6lk\u0259y\u0259 141 min ton meyv\u0259-t\u0259r\u0259v\u0259z idxal olunub. Az\u0259rbaycan 111 min ton meyv\u0259-t\u0259r\u0259v\u0259z ixrac edib. \u018fvv\u0259lki ill\u0259rd\u0259 daha \u00e7ox ixrac edilirdis\u0259, indi \u0259ksin\u0259 idxal art\u0131b.<\/p>\n\n\n<div class=\"wp-block-image\">\n<figure class=\"alignleft size-full is-resized\"><img decoding=\"async\" width=\"960\" height=\"506\" data-src=\"https:\/\/www.meydan.tv\/wp-content\/uploads\/45447-e1687097833687.jpg\" alt=\"Vahid M\u0259h\u0259rr\u0259mli\" class=\"wp-image-114069 lazyload\" style=\"--smush-placeholder-width: 960px; --smush-placeholder-aspect-ratio: 960\/506;width:384px;height:auto\" src=\"data:image\/svg+xml;base64,PHN2ZyB3aWR0aD0iMSIgaGVpZ2h0PSIxIiB4bWxucz0iaHR0cDovL3d3dy53My5vcmcvMjAwMC9zdmciPjwvc3ZnPg==\" \/><figcaption class=\"wp-element-caption\">Vahid M\u0259h\u0259rr\u0259mli. Foto: Meydan TV<\/figcaption><\/figure>\n<\/div>\n\n\n<p>\u201c<em>\u00d6lk\u0259d\u0259 yet\u0259rinc\u0259 so\u011fan istehsal edilir. Amma istehsal zaman\u0131 aqrotexniki qaydalara \u0259m\u0259l olunmur. Su, d\u0259rman preparatlar\u0131 \u00e7at\u0131\u015fmazl\u0131\u011f\u0131 var. G\u0259tiril\u0259n d\u0259rman\u0131n, g\u00fcbr\u0259nin keyfiyy\u0259ti a\u015fa\u011f\u0131d\u0131r. Yax\u015f\u0131, sa\u011flam so\u011fan yeti\u015fdirm\u0259k \u00fc\u00e7\u00fcn fermerl\u0259r laz\u0131m olan keyfiyy\u0259tli istehsal vasit\u0259l\u0259ri il\u0259 t\u0259min edilm\u0259lidirl\u0259r\u201d<\/em>,-M\u0259h\u0259rr\u0259mli bildirib.<\/p>\n\n\n\n<p>Ekspertin s\u00f6zl\u0259rin\u0259 g\u00f6r\u0259, so\u011fan istehsal\u0131 y\u00fcks\u0259kdir, amma aqrotexniki qaydalara \u0259m\u0259l edilm\u0259diyind\u0259 x\u0259st\u0259lik, z\u0259r\u0259rvericil\u0259r olur. Dig\u0259r t\u0259r\u0259fd\u0259n, m\u0259hsulu saxlama \u015f\u0259raiti yoxdur:<\/p>\n\n\n\n<p><em>\u201cMeyv\u0259-t\u0259r\u0259v\u0259zi art\u0131q \u0259vv\u0259lki qaydada saxlamaq m\u00fcmk\u00fcn deyil. Qlobal istil\u0259\u015fm\u0259 n\u0259tic\u0259sind\u0259 temperatur y\u00fcks\u0259lib. Buna g\u00f6r\u0259 d\u0259 soyuducu anbarlar istehsal edilm\u0259lidir\u201d.<\/em><\/p>\n\n\n\n<p>V.M\u0259h\u0259rr\u0259mli s\u00f6yl\u0259yib ki, soyuducu anbarlar\u0131 h\u00f6kum\u0259t in\u015fa etdirm\u0259li deyil. Yaxud \u00f6z\u00fcn\u0259 yax\u0131n olan sahibkara tap\u015f\u0131rmamal\u0131d\u0131r.<\/p>\n\n\n\n<p><em>\u201cHans\u0131 rayonda n\u0259 istehsal edildiyini bilirl\u0259r. H\u0259min rayonda fermerl\u0259rin birliyi yarad\u0131l\u0131r. Onlara ucuz kredit resursu verilir, birlik d\u0259 \u00f6z k\u0259ndl\u0259rind\u0259 anbar yarad\u0131r. M\u00fcasir d\u00f6vr\u00fcn t\u0259l\u0259bin\u0259 uy\u011fun anbar qura\u015fd\u0131r\u0131lm\u0131r ki, saxlama x\u0259rcl\u0259ri \u00e7ox ucuz olsun. K\u0259nd t\u0259s\u0259rr\u00fcfat\u0131 sah\u0259sind\u0259 \u00e7al\u0131\u015fanlar qeyri-pe\u015f\u0259karlard\u0131r\u201d,<\/em> &#8211; M\u0259h\u0259rr\u0259mli qeyd edib.<\/p>\n","protected":false},"excerpt":{"rendered":"<p>\u201cSo\u011fan bol oldu\u011fundan al\u0131c\u0131 tapa bilmirik, t\u0259klif edil\u0259n m\u0259bl\u0259\u011f azd\u0131r\u201d &#8230; <\/p>\n<p class=\"read-more-container\"><a title=\"Fermerl\u0259r naraz\u0131d\u0131r: \u201cXaricd\u0259n so\u011fan g\u0259tirm\u0259y\u0259 ehtiyac yoxdur\u201d\" class=\"read-more button\" href=\"https:\/\/www.meydan.tv\/az\/article\/fermerler-narazidir-xaricden-sogan-getirmeye-ehtiyac-yoxdur\/#more-304641\" aria-label=\"Read more about Fermerl\u0259r naraz\u0131d\u0131r: \u201cXaricd\u0259n so\u011fan g\u0259tirm\u0259y\u0259 ehtiyac yoxdur\u201d\">Davam\u0131<\/a><\/p>\n","protected":false},"author":8,"featured_media":139816,"comment_status":"closed","ping_status":"closed","sticky":false,"template":"","format":"standard","meta":{"_acf_changed":false,"_sitemap_exclude":false,"_sitemap_priority":"","_sitemap_frequency":"","footnotes":""},"categories":[60,56],"tags":[],"class_list":["post-304641","post","type-post","status-publish","format-standard","has-post-thumbnail","hentry","category-bolge","category-xeberler","infinite-scroll-item","generate-columns","tablet-grid-50","mobile-grid-100","grid-parent","grid-33","no-featured-image-padding"],"acf":[],"yoast_head":"<!-- This site is optimized with the Yoast SEO plugin v27.4 - https:\/\/yoast.com\/product\/yoast-seo-wordpress\/ -->\n<title>Fermerl\u0259r naraz\u0131d\u0131r: \u201cXaricd\u0259n so\u011fan g\u0259tirm\u0259y\u0259 ehtiyac yoxdur\u201d - MEYDAN.TV<\/title>\n<meta name=\"robots\" content=\"index, follow, max-snippet:-1, max-image-preview:large, max-video-preview:-1\" \/>\n<link rel=\"canonical\" href=\"https:\/\/www.meydan.tv\/az\/article\/fermerler-narazidir-xaricden-sogan-getirmeye-ehtiyac-yoxdur\/\" \/>\n<meta property=\"og:locale\" content=\"az_AZ\" \/>\n<meta property=\"og:type\" content=\"article\" \/>\n<meta property=\"og:title\" content=\"Fermerl\u0259r naraz\u0131d\u0131r: \u201cXaricd\u0259n so\u011fan g\u0259tirm\u0259y\u0259 ehtiyac yoxdur\u201d - MEYDAN.TV\" \/>\n<meta property=\"og:description\" content=\"\u201cSo\u011fan bol oldu\u011fundan al\u0131c\u0131 tapa bilmirik, t\u0259klif edil\u0259n m\u0259bl\u0259\u011f azd\u0131r\u201d ... Davam\u0131\" \/>\n<meta property=\"og:url\" content=\"https:\/\/www.meydan.tv\/az\/article\/fermerler-narazidir-xaricden-sogan-getirmeye-ehtiyac-yoxdur\/\" \/>\n<meta property=\"og:site_name\" content=\"MEYDAN.TV\" \/>\n<meta property=\"article:published_time\" content=\"2024-04-30T07:40:51+00:00\" \/>\n<meta property=\"article:modified_time\" content=\"2024-04-30T07:40:54+00:00\" \/>\n<meta property=\"og:image\" content=\"https:\/\/www.meydan.tv\/wp-content\/uploads\/untitled_design_3_zlthtji.png\" \/>\n\t<meta property=\"og:image:width\" content=\"1280\" \/>\n\t<meta property=\"og:image:height\" content=\"720\" \/>\n\t<meta property=\"og:image:type\" content=\"image\/png\" \/>\n<meta name=\"author\" content=\"elli\" \/>\n<meta name=\"twitter:card\" content=\"summary_large_image\" \/>\n<meta name=\"twitter:creator\" content=\"@elli\" \/>\n<script type=\"application\/ld+json\" class=\"yoast-schema-graph\">{\"@context\":\"https:\\\/\\\/schema.org\",\"@graph\":[{\"@type\":\"Article\",\"@id\":\"https:\\\/\\\/www.meydan.tv\\\/az\\\/article\\\/fermerler-narazidir-xaricden-sogan-getirmeye-ehtiyac-yoxdur\\\/#article\",\"isPartOf\":{\"@id\":\"https:\\\/\\\/www.meydan.tv\\\/az\\\/article\\\/fermerler-narazidir-xaricden-sogan-getirmeye-ehtiyac-yoxdur\\\/\"},\"author\":{\"name\":\"elli\",\"@id\":\"https:\\\/\\\/www.meydan.tv\\\/az\\\/#\\\/schema\\\/person\\\/9cdbecf90d17180ce1dfbd95b08dcf47\"},\"headline\":\"Fermerl\u0259r naraz\u0131d\u0131r: \u201cXaricd\u0259n so\u011fan g\u0259tirm\u0259y\u0259 ehtiyac yoxdur\u201d\",\"datePublished\":\"2024-04-30T07:40:51+00:00\",\"dateModified\":\"2024-04-30T07:40:54+00:00\",\"mainEntityOfPage\":{\"@id\":\"https:\\\/\\\/www.meydan.tv\\\/az\\\/article\\\/fermerler-narazidir-xaricden-sogan-getirmeye-ehtiyac-yoxdur\\\/\"},\"wordCount\":610,\"publisher\":{\"@id\":\"https:\\\/\\\/www.meydan.tv\\\/az\\\/#organization\"},\"image\":{\"@id\":\"https:\\\/\\\/www.meydan.tv\\\/az\\\/article\\\/fermerler-narazidir-xaricden-sogan-getirmeye-ehtiyac-yoxdur\\\/#primaryimage\"},\"thumbnailUrl\":\"https:\\\/\\\/www.meydan.tv\\\/wp-content\\\/uploads\\\/untitled_design_3_zlthtji.png\",\"articleSection\":[\"B\u00f6lg\u0259\",\"X\u0259b\u0259rl\u0259r\"],\"inLanguage\":\"az\"},{\"@type\":\"WebPage\",\"@id\":\"https:\\\/\\\/www.meydan.tv\\\/az\\\/article\\\/fermerler-narazidir-xaricden-sogan-getirmeye-ehtiyac-yoxdur\\\/\",\"url\":\"https:\\\/\\\/www.meydan.tv\\\/az\\\/article\\\/fermerler-narazidir-xaricden-sogan-getirmeye-ehtiyac-yoxdur\\\/\",\"name\":\"Fermerl\u0259r naraz\u0131d\u0131r: \u201cXaricd\u0259n so\u011fan g\u0259tirm\u0259y\u0259 ehtiyac yoxdur\u201d - MEYDAN.TV\",\"isPartOf\":{\"@id\":\"https:\\\/\\\/www.meydan.tv\\\/az\\\/#website\"},\"primaryImageOfPage\":{\"@id\":\"https:\\\/\\\/www.meydan.tv\\\/az\\\/article\\\/fermerler-narazidir-xaricden-sogan-getirmeye-ehtiyac-yoxdur\\\/#primaryimage\"},\"image\":{\"@id\":\"https:\\\/\\\/www.meydan.tv\\\/az\\\/article\\\/fermerler-narazidir-xaricden-sogan-getirmeye-ehtiyac-yoxdur\\\/#primaryimage\"},\"thumbnailUrl\":\"https:\\\/\\\/www.meydan.tv\\\/wp-content\\\/uploads\\\/untitled_design_3_zlthtji.png\",\"datePublished\":\"2024-04-30T07:40:51+00:00\",\"dateModified\":\"2024-04-30T07:40:54+00:00\",\"breadcrumb\":{\"@id\":\"https:\\\/\\\/www.meydan.tv\\\/az\\\/article\\\/fermerler-narazidir-xaricden-sogan-getirmeye-ehtiyac-yoxdur\\\/#breadcrumb\"},\"inLanguage\":\"az\",\"potentialAction\":[{\"@type\":\"ReadAction\",\"target\":[\"https:\\\/\\\/www.meydan.tv\\\/az\\\/article\\\/fermerler-narazidir-xaricden-sogan-getirmeye-ehtiyac-yoxdur\\\/\"]}]},{\"@type\":\"ImageObject\",\"inLanguage\":\"az\",\"@id\":\"https:\\\/\\\/www.meydan.tv\\\/az\\\/article\\\/fermerler-narazidir-xaricden-sogan-getirmeye-ehtiyac-yoxdur\\\/#primaryimage\",\"url\":\"https:\\\/\\\/www.meydan.tv\\\/wp-content\\\/uploads\\\/untitled_design_3_zlthtji.png\",\"contentUrl\":\"https:\\\/\\\/www.meydan.tv\\\/wp-content\\\/uploads\\\/untitled_design_3_zlthtji.png\",\"width\":1280,\"height\":720,\"caption\":\"Foto: Meydan TV\"},{\"@type\":\"BreadcrumbList\",\"@id\":\"https:\\\/\\\/www.meydan.tv\\\/az\\\/article\\\/fermerler-narazidir-xaricden-sogan-getirmeye-ehtiyac-yoxdur\\\/#breadcrumb\",\"itemListElement\":[{\"@type\":\"ListItem\",\"position\":1,\"name\":\"Ana s\u0259hif\u0259\",\"item\":\"https:\\\/\\\/www.meydan.tv\\\/az\\\/\"},{\"@type\":\"ListItem\",\"position\":2,\"name\":\"B\u00f6lg\u0259\",\"item\":\"https:\\\/\\\/www.meydan.tv\\\/az\\\/section\\\/bolge\\\/\"},{\"@type\":\"ListItem\",\"position\":3,\"name\":\"Fermerl\u0259r naraz\u0131d\u0131r: \u201cXaricd\u0259n so\u011fan g\u0259tirm\u0259y\u0259 ehtiyac yoxdur\u201d\"}]},{\"@type\":\"WebSite\",\"@id\":\"https:\\\/\\\/www.meydan.tv\\\/az\\\/#website\",\"url\":\"https:\\\/\\\/www.meydan.tv\\\/az\\\/\",\"name\":\"MEYDAN.TV\",\"description\":\"Meydan TV Az\u0259rbaycan\u0131n media m\u0259kan\u0131ndak\u0131 alternativ s\u0259sidir\",\"publisher\":{\"@id\":\"https:\\\/\\\/www.meydan.tv\\\/az\\\/#organization\"},\"potentialAction\":[{\"@type\":\"SearchAction\",\"target\":{\"@type\":\"EntryPoint\",\"urlTemplate\":\"https:\\\/\\\/www.meydan.tv\\\/az\\\/?s={search_term_string}\"},\"query-input\":{\"@type\":\"PropertyValueSpecification\",\"valueRequired\":true,\"valueName\":\"search_term_string\"}}],\"inLanguage\":\"az\"},{\"@type\":\"Organization\",\"@id\":\"https:\\\/\\\/www.meydan.tv\\\/az\\\/#organization\",\"name\":\"Meydan TV\",\"url\":\"https:\\\/\\\/www.meydan.tv\\\/az\\\/\",\"logo\":{\"@type\":\"ImageObject\",\"inLanguage\":\"az\",\"@id\":\"https:\\\/\\\/www.meydan.tv\\\/az\\\/#\\\/schema\\\/logo\\\/image\\\/\",\"url\":\"https:\\\/\\\/www.meydan.tv\\\/wp-content\\\/uploads\\\/2021\\\/07\\\/meydan-logo.svg\",\"contentUrl\":\"https:\\\/\\\/www.meydan.tv\\\/wp-content\\\/uploads\\\/2021\\\/07\\\/meydan-logo.svg\",\"width\":195,\"height\":46,\"caption\":\"Meydan TV\"},\"image\":{\"@id\":\"https:\\\/\\\/www.meydan.tv\\\/az\\\/#\\\/schema\\\/logo\\\/image\\\/\"}},{\"@type\":\"Person\",\"@id\":\"https:\\\/\\\/www.meydan.tv\\\/az\\\/#\\\/schema\\\/person\\\/9cdbecf90d17180ce1dfbd95b08dcf47\",\"name\":\"elli\",\"sameAs\":[\"https:\\\/\\\/x.com\\\/elli\"]}]}<\/script>\n<!-- \/ Yoast SEO plugin. -->","yoast_head_json":{"title":"Fermerl\u0259r naraz\u0131d\u0131r: \u201cXaricd\u0259n so\u011fan g\u0259tirm\u0259y\u0259 ehtiyac yoxdur\u201d - MEYDAN.TV","robots":{"index":"index","follow":"follow","max-snippet":"max-snippet:-1","max-image-preview":"max-image-preview:large","max-video-preview":"max-video-preview:-1"},"canonical":"https:\/\/www.meydan.tv\/az\/article\/fermerler-narazidir-xaricden-sogan-getirmeye-ehtiyac-yoxdur\/","og_locale":"az_AZ","og_type":"article","og_title":"Fermerl\u0259r naraz\u0131d\u0131r: \u201cXaricd\u0259n so\u011fan g\u0259tirm\u0259y\u0259 ehtiyac yoxdur\u201d - MEYDAN.TV","og_description":"\u201cSo\u011fan bol oldu\u011fundan al\u0131c\u0131 tapa bilmirik, t\u0259klif edil\u0259n m\u0259bl\u0259\u011f azd\u0131r\u201d ... Davam\u0131","og_url":"https:\/\/www.meydan.tv\/az\/article\/fermerler-narazidir-xaricden-sogan-getirmeye-ehtiyac-yoxdur\/","og_site_name":"MEYDAN.TV","article_published_time":"2024-04-30T07:40:51+00:00","article_modified_time":"2024-04-30T07:40:54+00:00","og_image":[{"width":1280,"height":720,"url":"https:\/\/www.meydan.tv\/wp-content\/uploads\/untitled_design_3_zlthtji.png","type":"image\/png"}],"author":"elli","twitter_card":"summary_large_image","twitter_creator":"@elli","schema":{"@context":"https:\/\/schema.org","@graph":[{"@type":"Article","@id":"https:\/\/www.meydan.tv\/az\/article\/fermerler-narazidir-xaricden-sogan-getirmeye-ehtiyac-yoxdur\/#article","isPartOf":{"@id":"https:\/\/www.meydan.tv\/az\/article\/fermerler-narazidir-xaricden-sogan-getirmeye-ehtiyac-yoxdur\/"},"author":{"name":"elli","@id":"https:\/\/www.meydan.tv\/az\/#\/schema\/person\/9cdbecf90d17180ce1dfbd95b08dcf47"},"headline":"Fermerl\u0259r naraz\u0131d\u0131r: \u201cXaricd\u0259n so\u011fan g\u0259tirm\u0259y\u0259 ehtiyac yoxdur\u201d","datePublished":"2024-04-30T07:40:51+00:00","dateModified":"2024-04-30T07:40:54+00:00","mainEntityOfPage":{"@id":"https:\/\/www.meydan.tv\/az\/article\/fermerler-narazidir-xaricden-sogan-getirmeye-ehtiyac-yoxdur\/"},"wordCount":610,"publisher":{"@id":"https:\/\/www.meydan.tv\/az\/#organization"},"image":{"@id":"https:\/\/www.meydan.tv\/az\/article\/fermerler-narazidir-xaricden-sogan-getirmeye-ehtiyac-yoxdur\/#primaryimage"},"thumbnailUrl":"https:\/\/www.meydan.tv\/wp-content\/uploads\/untitled_design_3_zlthtji.png","articleSection":["B\u00f6lg\u0259","X\u0259b\u0259rl\u0259r"],"inLanguage":"az"},{"@type":"WebPage","@id":"https:\/\/www.meydan.tv\/az\/article\/fermerler-narazidir-xaricden-sogan-getirmeye-ehtiyac-yoxdur\/","url":"https:\/\/www.meydan.tv\/az\/article\/fermerler-narazidir-xaricden-sogan-getirmeye-ehtiyac-yoxdur\/","name":"Fermerl\u0259r naraz\u0131d\u0131r: \u201cXaricd\u0259n so\u011fan g\u0259tirm\u0259y\u0259 ehtiyac yoxdur\u201d - MEYDAN.TV","isPartOf":{"@id":"https:\/\/www.meydan.tv\/az\/#website"},"primaryImageOfPage":{"@id":"https:\/\/www.meydan.tv\/az\/article\/fermerler-narazidir-xaricden-sogan-getirmeye-ehtiyac-yoxdur\/#primaryimage"},"image":{"@id":"https:\/\/www.meydan.tv\/az\/article\/fermerler-narazidir-xaricden-sogan-getirmeye-ehtiyac-yoxdur\/#primaryimage"},"thumbnailUrl":"https:\/\/www.meydan.tv\/wp-content\/uploads\/untitled_design_3_zlthtji.png","datePublished":"2024-04-30T07:40:51+00:00","dateModified":"2024-04-30T07:40:54+00:00","breadcrumb":{"@id":"https:\/\/www.meydan.tv\/az\/article\/fermerler-narazidir-xaricden-sogan-getirmeye-ehtiyac-yoxdur\/#breadcrumb"},"inLanguage":"az","potentialAction":[{"@type":"ReadAction","target":["https:\/\/www.meydan.tv\/az\/article\/fermerler-narazidir-xaricden-sogan-getirmeye-ehtiyac-yoxdur\/"]}]},{"@type":"ImageObject","inLanguage":"az","@id":"https:\/\/www.meydan.tv\/az\/article\/fermerler-narazidir-xaricden-sogan-getirmeye-ehtiyac-yoxdur\/#primaryimage","url":"https:\/\/www.meydan.tv\/wp-content\/uploads\/untitled_design_3_zlthtji.png","contentUrl":"https:\/\/www.meydan.tv\/wp-content\/uploads\/untitled_design_3_zlthtji.png","width":1280,"height":720,"caption":"Foto: Meydan TV"},{"@type":"BreadcrumbList","@id":"https:\/\/www.meydan.tv\/az\/article\/fermerler-narazidir-xaricden-sogan-getirmeye-ehtiyac-yoxdur\/#breadcrumb","itemListElement":[{"@type":"ListItem","position":1,"name":"Ana s\u0259hif\u0259","item":"https:\/\/www.meydan.tv\/az\/"},{"@type":"ListItem","position":2,"name":"B\u00f6lg\u0259","item":"https:\/\/www.meydan.tv\/az\/section\/bolge\/"},{"@type":"ListItem","position":3,"name":"Fermerl\u0259r naraz\u0131d\u0131r: \u201cXaricd\u0259n so\u011fan g\u0259tirm\u0259y\u0259 ehtiyac yoxdur\u201d"}]},{"@type":"WebSite","@id":"https:\/\/www.meydan.tv\/az\/#website","url":"https:\/\/www.meydan.tv\/az\/","name":"MEYDAN.TV","description":"Meydan TV Az\u0259rbaycan\u0131n media m\u0259kan\u0131ndak\u0131 alternativ s\u0259sidir","publisher":{"@id":"https:\/\/www.meydan.tv\/az\/#organization"},"potentialAction":[{"@type":"SearchAction","target":{"@type":"EntryPoint","urlTemplate":"https:\/\/www.meydan.tv\/az\/?s={search_term_string}"},"query-input":{"@type":"PropertyValueSpecification","valueRequired":true,"valueName":"search_term_string"}}],"inLanguage":"az"},{"@type":"Organization","@id":"https:\/\/www.meydan.tv\/az\/#organization","name":"Meydan TV","url":"https:\/\/www.meydan.tv\/az\/","logo":{"@type":"ImageObject","inLanguage":"az","@id":"https:\/\/www.meydan.tv\/az\/#\/schema\/logo\/image\/","url":"https:\/\/www.meydan.tv\/wp-content\/uploads\/2021\/07\/meydan-logo.svg","contentUrl":"https:\/\/www.meydan.tv\/wp-content\/uploads\/2021\/07\/meydan-logo.svg","width":195,"height":46,"caption":"Meydan TV"},"image":{"@id":"https:\/\/www.meydan.tv\/az\/#\/schema\/logo\/image\/"}},{"@type":"Person","@id":"https:\/\/www.meydan.tv\/az\/#\/schema\/person\/9cdbecf90d17180ce1dfbd95b08dcf47","name":"elli","sameAs":["https:\/\/x.com\/elli"]}]}},"_links":{"self":[{"href":"https:\/\/www.meydan.tv\/az\/wp-json\/wp\/v2\/posts\/304641","targetHints":{"allow":["GET"]}}],"collection":[{"href":"https:\/\/www.meydan.tv\/az\/wp-json\/wp\/v2\/posts"}],"about":[{"href":"https:\/\/www.meydan.tv\/az\/wp-json\/wp\/v2\/types\/post"}],"author":[{"embeddable":true,"href":"https:\/\/www.meydan.tv\/az\/wp-json\/wp\/v2\/users\/8"}],"replies":[{"embeddable":true,"href":"https:\/\/www.meydan.tv\/az\/wp-json\/wp\/v2\/comments?post=304641"}],"version-history":[{"count":4,"href":"https:\/\/www.meydan.tv\/az\/wp-json\/wp\/v2\/posts\/304641\/revisions"}],"predecessor-version":[{"id":304738,"href":"https:\/\/www.meydan.tv\/az\/wp-json\/wp\/v2\/posts\/304641\/revisions\/304738"}],"wp:featuredmedia":[{"embeddable":true,"href":"https:\/\/www.meydan.tv\/az\/wp-json\/wp\/v2\/media\/139816"}],"wp:attachment":[{"href":"https:\/\/www.meydan.tv\/az\/wp-json\/wp\/v2\/media?parent=304641"}],"wp:term":[{"taxonomy":"category","embeddable":true,"href":"https:\/\/www.meydan.tv\/az\/wp-json\/wp\/v2\/categories?post=304641"},{"taxonomy":"post_tag","embeddable":true,"href":"https:\/\/www.meydan.tv\/az\/wp-json\/wp\/v2\/tags?post=304641"}],"curies":[{"name":"wp","href":"https:\/\/api.w.org\/{rel}","templated":true}]}}