{"id":304622,"date":"2024-04-30T11:24:14","date_gmt":"2024-04-30T07:24:14","guid":{"rendered":"https:\/\/www.meydan.tv\/?p=304622"},"modified":"2024-04-30T11:24:16","modified_gmt":"2024-04-30T07:24:16","slug":"atdan-essekden-neqliyyat-vasitesi-kimi-istifade-eden-kend","status":"publish","type":"post","link":"https:\/\/www.meydan.tv\/az\/article\/atdan-essekden-neqliyyat-vasitesi-kimi-istifade-eden-kend\/","title":{"rendered":"Atdan, e\u015f\u015f\u0259kd\u0259n n\u0259qliyyat vasit\u0259si kimi istifad\u0259 ed\u0259n k\u0259nd"},"content":{"rendered":"\n<p><\/p>\n\n\n\n<p><strong><em>Qaraqayal\u0131lar yolsuzluqdan gileylidir<\/em><\/strong><\/p>\n\n\n\n<p>\u0130smay\u0131ll\u0131n\u0131n Qaraqaya k\u0259ndinin yollar\u0131 ke\u00e7ilm\u0259zdir. K\u0259nd sakinl\u0259ri deyirl\u0259r ki, XXI y\u00fczillikd\u0259 h\u0259l\u0259 d\u0259 n\u0259qliyyat vasit\u0259si kimi atdan, e\u015f\u015f\u0259kd\u0259n istifad\u0259 edirl\u0259r. K\u0259ndlil\u0259rin s\u00f6zl\u0259rin\u0259 g\u00f6r\u0259, x\u00fcsusil\u0259 ya\u011f\u0131\u015fl\u0131 g\u00fcnl\u0259rd\u0259 k\u0259nd\u0259 ma\u015f\u0131n i\u015fl\u0259mir, h\u0259tta a\u011f\u0131r x\u0259st\u0259l\u0259ri h\u0259kim\u0259 \u00e7atd\u0131rmaq m\u00fc\u015fk\u00fcl m\u0259s\u0259l\u0259y\u0259 \u00e7evrilir. T\u0259cili yard\u0131m bu k\u0259nd\u0259 i\u015fl\u0259mir.<\/p>\n\n\n\n<p>K\u0259nd sakinl\u0259rind\u0259n H\u0259s\u0259n M\u0259mm\u0259dov deyir ki, m\u0259hz buna g\u00f6r\u0259 k\u0259ndd\u0259n k\u00f6\u00e7m\u0259k m\u0259cburiyy\u0259tind\u0259 qal\u0131b. Amma yax\u0131n qohumlar\u0131 h\u0259l\u0259 d\u0259 k\u0259ndd\u0259 ya\u015fay\u0131rlar. Probleml\u0259r\u0259 g\u00f6r\u0259, k\u0259ndd\u0259n k\u00f6\u00e7\u0259nl\u0259rin say\u0131 get-ged\u0259 art\u0131r.<\/p>\n\n\n\n<p><em>\u201cQaraqaya da\u011fl\u0131q k\u0259nddir. Ya\u011f\u0131\u015f ya\u011fandan sonra yollarda g\u00f6lm\u0259\u00e7\u0259l\u0259r, pal\u00e7\u0131q yaran\u0131r. U\u015faqlar\u0131n d\u0259rs\u0259 gedib-g\u0259li\u015fi \u00e7\u0259tinl\u0259\u015fir. \u0130yirmi birinci y\u00fczillikd\u0259 sakinl\u0259r n\u0259qliyyat vasit\u0259si kimi heyvandan istifad\u0259 edirl\u0259r\u201d,- <\/em>sakinl\u0259r deyibl\u0259r.<\/p>\n\n\n\n<p>Qaraqaya k\u0259ndi T\u0259z\u0259k\u0259nd b\u0259l\u0259diyy\u0259sinin inzibati \u0259razisin\u0259 daxildir. B\u0259l\u0259diyy\u0259 s\u0259dri Az\u0259r Ba\u011f\u0131rov Meydan TV-y\u0259 bildirib ki, k\u0259nd da\u011fl\u0131q \u0259razid\u0259, rayon m\u0259rk\u0259zind\u0259n 20 kilometr aral\u0131da yerl\u0259\u015fir. Qaraqaya q\u0259dim k\u0259nddir, ya\u011f\u0131\u015f ya\u011fanda k\u0259ndin yollar\u0131na z\u0259r\u0259r vurur.<\/p>\n\n\n\n<p>\u201c<em>2022-ci ilin yay\u0131nda k\u0259ndin yollar\u0131n\u0131 t\u0259mir etmi\u015fdik. K\u0259nd\u0259 qaz \u00e7\u0259kilib, x\u0259tl\u0259r yol k\u0259narlar\u0131 il\u0259 apar\u0131l\u0131b. Buna g\u00f6r\u0259 d\u0259, h\u0259r texnika orada i\u015fl\u0259y\u0259 bilmir. Ya\u011f\u0131\u015flar k\u0259s\u0259n kimi k\u0259ndd\u0259 t\u0259mir i\u015fl\u0259rin\u0259 ba\u015flayacaq\u201d,-<\/em> b\u0259l\u0259diyy\u0259 s\u0259dri bildirib. <\/p>\n\n\n\n<p>O, deyib ki, k\u0259ndd\u0259 110 ev var.<\/p>\n","protected":false},"excerpt":{"rendered":"<p>Qaraqayal\u0131lar yolsuzluqdan gileylidir \u0130smay\u0131ll\u0131n\u0131n Qaraqaya k\u0259ndinin yollar\u0131 ke\u00e7ilm\u0259zdir. K\u0259nd sakinl\u0259ri &#8230; <\/p>\n<p class=\"read-more-container\"><a title=\"Atdan, e\u015f\u015f\u0259kd\u0259n n\u0259qliyyat vasit\u0259si kimi istifad\u0259 ed\u0259n k\u0259nd\" class=\"read-more button\" href=\"https:\/\/www.meydan.tv\/az\/article\/atdan-essekden-neqliyyat-vasitesi-kimi-istifade-eden-kend\/#more-304622\" aria-label=\"Read more about Atdan, e\u015f\u015f\u0259kd\u0259n n\u0259qliyyat vasit\u0259si kimi istifad\u0259 ed\u0259n k\u0259nd\">Davam\u0131<\/a><\/p>\n","protected":false},"author":8,"featured_media":304619,"comment_status":"closed","ping_status":"closed","sticky":false,"template":"","format":"standard","meta":{"_acf_changed":false,"_sitemap_exclude":false,"_sitemap_priority":"","_sitemap_frequency":"","footnotes":""},"categories":[60,56],"tags":[],"class_list":["post-304622","post","type-post","status-publish","format-standard","has-post-thumbnail","hentry","category-bolge","category-xeberler","infinite-scroll-item","generate-columns","tablet-grid-50","mobile-grid-100","grid-parent","grid-33","no-featured-image-padding"],"acf":[],"yoast_head":"<!-- This site is optimized with the Yoast SEO plugin v27.4 - https:\/\/yoast.com\/product\/yoast-seo-wordpress\/ -->\n<title>Atdan, e\u015f\u015f\u0259kd\u0259n n\u0259qliyyat vasit\u0259si kimi istifad\u0259 ed\u0259n k\u0259nd - MEYDAN.TV<\/title>\n<meta name=\"robots\" content=\"index, follow, max-snippet:-1, max-image-preview:large, max-video-preview:-1\" \/>\n<link rel=\"canonical\" href=\"https:\/\/www.meydan.tv\/az\/article\/atdan-essekden-neqliyyat-vasitesi-kimi-istifade-eden-kend\/\" \/>\n<meta property=\"og:locale\" content=\"az_AZ\" \/>\n<meta property=\"og:type\" content=\"article\" \/>\n<meta property=\"og:title\" content=\"Atdan, e\u015f\u015f\u0259kd\u0259n n\u0259qliyyat vasit\u0259si kimi istifad\u0259 ed\u0259n k\u0259nd - MEYDAN.TV\" \/>\n<meta property=\"og:description\" content=\"Qaraqayal\u0131lar yolsuzluqdan gileylidir \u0130smay\u0131ll\u0131n\u0131n Qaraqaya k\u0259ndinin yollar\u0131 ke\u00e7ilm\u0259zdir. K\u0259nd sakinl\u0259ri ... Davam\u0131\" \/>\n<meta property=\"og:url\" content=\"https:\/\/www.meydan.tv\/az\/article\/atdan-essekden-neqliyyat-vasitesi-kimi-istifade-eden-kend\/\" \/>\n<meta property=\"og:site_name\" content=\"MEYDAN.TV\" \/>\n<meta property=\"article:published_time\" content=\"2024-04-30T07:24:14+00:00\" \/>\n<meta property=\"article:modified_time\" content=\"2024-04-30T07:24:16+00:00\" \/>\n<meta property=\"og:image\" content=\"https:\/\/www.meydan.tv\/wp-content\/uploads\/img-20240429-wa0011.jpg\" \/>\n\t<meta property=\"og:image:width\" content=\"1280\" \/>\n\t<meta property=\"og:image:height\" content=\"613\" \/>\n\t<meta property=\"og:image:type\" content=\"image\/jpeg\" \/>\n<meta name=\"author\" content=\"elli\" \/>\n<meta name=\"twitter:card\" content=\"summary_large_image\" \/>\n<meta name=\"twitter:creator\" content=\"@elli\" \/>\n<script type=\"application\/ld+json\" class=\"yoast-schema-graph\">{\"@context\":\"https:\\\/\\\/schema.org\",\"@graph\":[{\"@type\":\"Article\",\"@id\":\"https:\\\/\\\/www.meydan.tv\\\/az\\\/article\\\/atdan-essekden-neqliyyat-vasitesi-kimi-istifade-eden-kend\\\/#article\",\"isPartOf\":{\"@id\":\"https:\\\/\\\/www.meydan.tv\\\/az\\\/article\\\/atdan-essekden-neqliyyat-vasitesi-kimi-istifade-eden-kend\\\/\"},\"author\":{\"name\":\"elli\",\"@id\":\"https:\\\/\\\/www.meydan.tv\\\/az\\\/#\\\/schema\\\/person\\\/9cdbecf90d17180ce1dfbd95b08dcf47\"},\"headline\":\"Atdan, e\u015f\u015f\u0259kd\u0259n n\u0259qliyyat vasit\u0259si kimi istifad\u0259 ed\u0259n k\u0259nd\",\"datePublished\":\"2024-04-30T07:24:14+00:00\",\"dateModified\":\"2024-04-30T07:24:16+00:00\",\"mainEntityOfPage\":{\"@id\":\"https:\\\/\\\/www.meydan.tv\\\/az\\\/article\\\/atdan-essekden-neqliyyat-vasitesi-kimi-istifade-eden-kend\\\/\"},\"wordCount\":336,\"publisher\":{\"@id\":\"https:\\\/\\\/www.meydan.tv\\\/az\\\/#organization\"},\"image\":{\"@id\":\"https:\\\/\\\/www.meydan.tv\\\/az\\\/article\\\/atdan-essekden-neqliyyat-vasitesi-kimi-istifade-eden-kend\\\/#primaryimage\"},\"thumbnailUrl\":\"https:\\\/\\\/www.meydan.tv\\\/wp-content\\\/uploads\\\/img-20240429-wa0011.jpg\",\"articleSection\":[\"B\u00f6lg\u0259\",\"X\u0259b\u0259rl\u0259r\"],\"inLanguage\":\"az\"},{\"@type\":\"WebPage\",\"@id\":\"https:\\\/\\\/www.meydan.tv\\\/az\\\/article\\\/atdan-essekden-neqliyyat-vasitesi-kimi-istifade-eden-kend\\\/\",\"url\":\"https:\\\/\\\/www.meydan.tv\\\/az\\\/article\\\/atdan-essekden-neqliyyat-vasitesi-kimi-istifade-eden-kend\\\/\",\"name\":\"Atdan, e\u015f\u015f\u0259kd\u0259n n\u0259qliyyat vasit\u0259si kimi istifad\u0259 ed\u0259n k\u0259nd - MEYDAN.TV\",\"isPartOf\":{\"@id\":\"https:\\\/\\\/www.meydan.tv\\\/az\\\/#website\"},\"primaryImageOfPage\":{\"@id\":\"https:\\\/\\\/www.meydan.tv\\\/az\\\/article\\\/atdan-essekden-neqliyyat-vasitesi-kimi-istifade-eden-kend\\\/#primaryimage\"},\"image\":{\"@id\":\"https:\\\/\\\/www.meydan.tv\\\/az\\\/article\\\/atdan-essekden-neqliyyat-vasitesi-kimi-istifade-eden-kend\\\/#primaryimage\"},\"thumbnailUrl\":\"https:\\\/\\\/www.meydan.tv\\\/wp-content\\\/uploads\\\/img-20240429-wa0011.jpg\",\"datePublished\":\"2024-04-30T07:24:14+00:00\",\"dateModified\":\"2024-04-30T07:24:16+00:00\",\"breadcrumb\":{\"@id\":\"https:\\\/\\\/www.meydan.tv\\\/az\\\/article\\\/atdan-essekden-neqliyyat-vasitesi-kimi-istifade-eden-kend\\\/#breadcrumb\"},\"inLanguage\":\"az\",\"potentialAction\":[{\"@type\":\"ReadAction\",\"target\":[\"https:\\\/\\\/www.meydan.tv\\\/az\\\/article\\\/atdan-essekden-neqliyyat-vasitesi-kimi-istifade-eden-kend\\\/\"]}]},{\"@type\":\"ImageObject\",\"inLanguage\":\"az\",\"@id\":\"https:\\\/\\\/www.meydan.tv\\\/az\\\/article\\\/atdan-essekden-neqliyyat-vasitesi-kimi-istifade-eden-kend\\\/#primaryimage\",\"url\":\"https:\\\/\\\/www.meydan.tv\\\/wp-content\\\/uploads\\\/img-20240429-wa0011.jpg\",\"contentUrl\":\"https:\\\/\\\/www.meydan.tv\\\/wp-content\\\/uploads\\\/img-20240429-wa0011.jpg\",\"width\":1280,\"height\":613,\"caption\":\"Foto: Meydan TV\"},{\"@type\":\"BreadcrumbList\",\"@id\":\"https:\\\/\\\/www.meydan.tv\\\/az\\\/article\\\/atdan-essekden-neqliyyat-vasitesi-kimi-istifade-eden-kend\\\/#breadcrumb\",\"itemListElement\":[{\"@type\":\"ListItem\",\"position\":1,\"name\":\"Ana s\u0259hif\u0259\",\"item\":\"https:\\\/\\\/www.meydan.tv\\\/az\\\/\"},{\"@type\":\"ListItem\",\"position\":2,\"name\":\"B\u00f6lg\u0259\",\"item\":\"https:\\\/\\\/www.meydan.tv\\\/az\\\/section\\\/bolge\\\/\"},{\"@type\":\"ListItem\",\"position\":3,\"name\":\"Atdan, e\u015f\u015f\u0259kd\u0259n n\u0259qliyyat vasit\u0259si kimi istifad\u0259 ed\u0259n k\u0259nd\"}]},{\"@type\":\"WebSite\",\"@id\":\"https:\\\/\\\/www.meydan.tv\\\/az\\\/#website\",\"url\":\"https:\\\/\\\/www.meydan.tv\\\/az\\\/\",\"name\":\"MEYDAN.TV\",\"description\":\"Meydan TV Az\u0259rbaycan\u0131n media m\u0259kan\u0131ndak\u0131 alternativ s\u0259sidir\",\"publisher\":{\"@id\":\"https:\\\/\\\/www.meydan.tv\\\/az\\\/#organization\"},\"potentialAction\":[{\"@type\":\"SearchAction\",\"target\":{\"@type\":\"EntryPoint\",\"urlTemplate\":\"https:\\\/\\\/www.meydan.tv\\\/az\\\/?s={search_term_string}\"},\"query-input\":{\"@type\":\"PropertyValueSpecification\",\"valueRequired\":true,\"valueName\":\"search_term_string\"}}],\"inLanguage\":\"az\"},{\"@type\":\"Organization\",\"@id\":\"https:\\\/\\\/www.meydan.tv\\\/az\\\/#organization\",\"name\":\"Meydan TV\",\"url\":\"https:\\\/\\\/www.meydan.tv\\\/az\\\/\",\"logo\":{\"@type\":\"ImageObject\",\"inLanguage\":\"az\",\"@id\":\"https:\\\/\\\/www.meydan.tv\\\/az\\\/#\\\/schema\\\/logo\\\/image\\\/\",\"url\":\"https:\\\/\\\/www.meydan.tv\\\/wp-content\\\/uploads\\\/2021\\\/07\\\/meydan-logo.svg\",\"contentUrl\":\"https:\\\/\\\/www.meydan.tv\\\/wp-content\\\/uploads\\\/2021\\\/07\\\/meydan-logo.svg\",\"width\":195,\"height\":46,\"caption\":\"Meydan TV\"},\"image\":{\"@id\":\"https:\\\/\\\/www.meydan.tv\\\/az\\\/#\\\/schema\\\/logo\\\/image\\\/\"}},{\"@type\":\"Person\",\"@id\":\"https:\\\/\\\/www.meydan.tv\\\/az\\\/#\\\/schema\\\/person\\\/9cdbecf90d17180ce1dfbd95b08dcf47\",\"name\":\"elli\",\"sameAs\":[\"https:\\\/\\\/x.com\\\/elli\"]}]}<\/script>\n<!-- \/ Yoast SEO plugin. -->","yoast_head_json":{"title":"Atdan, e\u015f\u015f\u0259kd\u0259n n\u0259qliyyat vasit\u0259si kimi istifad\u0259 ed\u0259n k\u0259nd - MEYDAN.TV","robots":{"index":"index","follow":"follow","max-snippet":"max-snippet:-1","max-image-preview":"max-image-preview:large","max-video-preview":"max-video-preview:-1"},"canonical":"https:\/\/www.meydan.tv\/az\/article\/atdan-essekden-neqliyyat-vasitesi-kimi-istifade-eden-kend\/","og_locale":"az_AZ","og_type":"article","og_title":"Atdan, e\u015f\u015f\u0259kd\u0259n n\u0259qliyyat vasit\u0259si kimi istifad\u0259 ed\u0259n k\u0259nd - MEYDAN.TV","og_description":"Qaraqayal\u0131lar yolsuzluqdan gileylidir \u0130smay\u0131ll\u0131n\u0131n Qaraqaya k\u0259ndinin yollar\u0131 ke\u00e7ilm\u0259zdir. K\u0259nd sakinl\u0259ri ... Davam\u0131","og_url":"https:\/\/www.meydan.tv\/az\/article\/atdan-essekden-neqliyyat-vasitesi-kimi-istifade-eden-kend\/","og_site_name":"MEYDAN.TV","article_published_time":"2024-04-30T07:24:14+00:00","article_modified_time":"2024-04-30T07:24:16+00:00","og_image":[{"width":1280,"height":613,"url":"https:\/\/www.meydan.tv\/wp-content\/uploads\/img-20240429-wa0011.jpg","type":"image\/jpeg"}],"author":"elli","twitter_card":"summary_large_image","twitter_creator":"@elli","schema":{"@context":"https:\/\/schema.org","@graph":[{"@type":"Article","@id":"https:\/\/www.meydan.tv\/az\/article\/atdan-essekden-neqliyyat-vasitesi-kimi-istifade-eden-kend\/#article","isPartOf":{"@id":"https:\/\/www.meydan.tv\/az\/article\/atdan-essekden-neqliyyat-vasitesi-kimi-istifade-eden-kend\/"},"author":{"name":"elli","@id":"https:\/\/www.meydan.tv\/az\/#\/schema\/person\/9cdbecf90d17180ce1dfbd95b08dcf47"},"headline":"Atdan, e\u015f\u015f\u0259kd\u0259n n\u0259qliyyat vasit\u0259si kimi istifad\u0259 ed\u0259n k\u0259nd","datePublished":"2024-04-30T07:24:14+00:00","dateModified":"2024-04-30T07:24:16+00:00","mainEntityOfPage":{"@id":"https:\/\/www.meydan.tv\/az\/article\/atdan-essekden-neqliyyat-vasitesi-kimi-istifade-eden-kend\/"},"wordCount":336,"publisher":{"@id":"https:\/\/www.meydan.tv\/az\/#organization"},"image":{"@id":"https:\/\/www.meydan.tv\/az\/article\/atdan-essekden-neqliyyat-vasitesi-kimi-istifade-eden-kend\/#primaryimage"},"thumbnailUrl":"https:\/\/www.meydan.tv\/wp-content\/uploads\/img-20240429-wa0011.jpg","articleSection":["B\u00f6lg\u0259","X\u0259b\u0259rl\u0259r"],"inLanguage":"az"},{"@type":"WebPage","@id":"https:\/\/www.meydan.tv\/az\/article\/atdan-essekden-neqliyyat-vasitesi-kimi-istifade-eden-kend\/","url":"https:\/\/www.meydan.tv\/az\/article\/atdan-essekden-neqliyyat-vasitesi-kimi-istifade-eden-kend\/","name":"Atdan, e\u015f\u015f\u0259kd\u0259n n\u0259qliyyat vasit\u0259si kimi istifad\u0259 ed\u0259n k\u0259nd - MEYDAN.TV","isPartOf":{"@id":"https:\/\/www.meydan.tv\/az\/#website"},"primaryImageOfPage":{"@id":"https:\/\/www.meydan.tv\/az\/article\/atdan-essekden-neqliyyat-vasitesi-kimi-istifade-eden-kend\/#primaryimage"},"image":{"@id":"https:\/\/www.meydan.tv\/az\/article\/atdan-essekden-neqliyyat-vasitesi-kimi-istifade-eden-kend\/#primaryimage"},"thumbnailUrl":"https:\/\/www.meydan.tv\/wp-content\/uploads\/img-20240429-wa0011.jpg","datePublished":"2024-04-30T07:24:14+00:00","dateModified":"2024-04-30T07:24:16+00:00","breadcrumb":{"@id":"https:\/\/www.meydan.tv\/az\/article\/atdan-essekden-neqliyyat-vasitesi-kimi-istifade-eden-kend\/#breadcrumb"},"inLanguage":"az","potentialAction":[{"@type":"ReadAction","target":["https:\/\/www.meydan.tv\/az\/article\/atdan-essekden-neqliyyat-vasitesi-kimi-istifade-eden-kend\/"]}]},{"@type":"ImageObject","inLanguage":"az","@id":"https:\/\/www.meydan.tv\/az\/article\/atdan-essekden-neqliyyat-vasitesi-kimi-istifade-eden-kend\/#primaryimage","url":"https:\/\/www.meydan.tv\/wp-content\/uploads\/img-20240429-wa0011.jpg","contentUrl":"https:\/\/www.meydan.tv\/wp-content\/uploads\/img-20240429-wa0011.jpg","width":1280,"height":613,"caption":"Foto: Meydan TV"},{"@type":"BreadcrumbList","@id":"https:\/\/www.meydan.tv\/az\/article\/atdan-essekden-neqliyyat-vasitesi-kimi-istifade-eden-kend\/#breadcrumb","itemListElement":[{"@type":"ListItem","position":1,"name":"Ana s\u0259hif\u0259","item":"https:\/\/www.meydan.tv\/az\/"},{"@type":"ListItem","position":2,"name":"B\u00f6lg\u0259","item":"https:\/\/www.meydan.tv\/az\/section\/bolge\/"},{"@type":"ListItem","position":3,"name":"Atdan, e\u015f\u015f\u0259kd\u0259n n\u0259qliyyat vasit\u0259si kimi istifad\u0259 ed\u0259n k\u0259nd"}]},{"@type":"WebSite","@id":"https:\/\/www.meydan.tv\/az\/#website","url":"https:\/\/www.meydan.tv\/az\/","name":"MEYDAN.TV","description":"Meydan TV Az\u0259rbaycan\u0131n media m\u0259kan\u0131ndak\u0131 alternativ s\u0259sidir","publisher":{"@id":"https:\/\/www.meydan.tv\/az\/#organization"},"potentialAction":[{"@type":"SearchAction","target":{"@type":"EntryPoint","urlTemplate":"https:\/\/www.meydan.tv\/az\/?s={search_term_string}"},"query-input":{"@type":"PropertyValueSpecification","valueRequired":true,"valueName":"search_term_string"}}],"inLanguage":"az"},{"@type":"Organization","@id":"https:\/\/www.meydan.tv\/az\/#organization","name":"Meydan TV","url":"https:\/\/www.meydan.tv\/az\/","logo":{"@type":"ImageObject","inLanguage":"az","@id":"https:\/\/www.meydan.tv\/az\/#\/schema\/logo\/image\/","url":"https:\/\/www.meydan.tv\/wp-content\/uploads\/2021\/07\/meydan-logo.svg","contentUrl":"https:\/\/www.meydan.tv\/wp-content\/uploads\/2021\/07\/meydan-logo.svg","width":195,"height":46,"caption":"Meydan TV"},"image":{"@id":"https:\/\/www.meydan.tv\/az\/#\/schema\/logo\/image\/"}},{"@type":"Person","@id":"https:\/\/www.meydan.tv\/az\/#\/schema\/person\/9cdbecf90d17180ce1dfbd95b08dcf47","name":"elli","sameAs":["https:\/\/x.com\/elli"]}]}},"_links":{"self":[{"href":"https:\/\/www.meydan.tv\/az\/wp-json\/wp\/v2\/posts\/304622","targetHints":{"allow":["GET"]}}],"collection":[{"href":"https:\/\/www.meydan.tv\/az\/wp-json\/wp\/v2\/posts"}],"about":[{"href":"https:\/\/www.meydan.tv\/az\/wp-json\/wp\/v2\/types\/post"}],"author":[{"embeddable":true,"href":"https:\/\/www.meydan.tv\/az\/wp-json\/wp\/v2\/users\/8"}],"replies":[{"embeddable":true,"href":"https:\/\/www.meydan.tv\/az\/wp-json\/wp\/v2\/comments?post=304622"}],"version-history":[{"count":2,"href":"https:\/\/www.meydan.tv\/az\/wp-json\/wp\/v2\/posts\/304622\/revisions"}],"predecessor-version":[{"id":304632,"href":"https:\/\/www.meydan.tv\/az\/wp-json\/wp\/v2\/posts\/304622\/revisions\/304632"}],"wp:featuredmedia":[{"embeddable":true,"href":"https:\/\/www.meydan.tv\/az\/wp-json\/wp\/v2\/media\/304619"}],"wp:attachment":[{"href":"https:\/\/www.meydan.tv\/az\/wp-json\/wp\/v2\/media?parent=304622"}],"wp:term":[{"taxonomy":"category","embeddable":true,"href":"https:\/\/www.meydan.tv\/az\/wp-json\/wp\/v2\/categories?post=304622"},{"taxonomy":"post_tag","embeddable":true,"href":"https:\/\/www.meydan.tv\/az\/wp-json\/wp\/v2\/tags?post=304622"}],"curies":[{"name":"wp","href":"https:\/\/api.w.org\/{rel}","templated":true}]}}