{"id":304568,"date":"2024-04-29T21:12:55","date_gmt":"2024-04-29T17:12:55","guid":{"rendered":"https:\/\/www.meydan.tv\/?p=304568"},"modified":"2024-04-29T23:22:37","modified_gmt":"2024-04-29T19:22:37","slug":"goycay-sakini-obyektimi-senedlesdirmek-bir-direye-direnib","status":"publish","type":"post","link":"https:\/\/www.meydan.tv\/az\/article\/goycay-sakini-obyektimi-senedlesdirmek-bir-direye-direnib\/","title":{"rendered":"G\u00f6y\u00e7ay sakini: \u201cObyektimi s\u0259n\u0259dl\u0259\u015fdirm\u0259k bir dir\u0259y\u0259 dir\u0259nib\u201d"},"content":{"rendered":"\n<p><\/p>\n\n\n\n<p><strong><em>V\u0259t\u0259nda\u015f obyektin\u0259 \u201c\u00c7\u0131xar\u0131\u015f\u201d ala bilm\u0259diyini deyir<\/em><\/strong><\/p>\n\n\n\n<p><em>\u201cBu 10 min voltluq i\u015f\u0131q dir\u0259yi yolun qar\u015f\u0131 t\u0259r\u0259find\u0259ydi. M\u0259niml\u0259 raz\u0131la\u015fd\u0131rmadan, gec\u0259yar\u0131 g\u00f6t\u00fcr\u00fcb dir\u0259yi ma\u011fazam\u0131n qar\u015f\u0131s\u0131nda basd\u0131r\u0131blar. S\u0259h\u0259r i\u015f\u00e7il\u0259rd\u0259n x\u0259b\u0259r tutmu\u015fam ki, ma\u011fazan\u0131n qar\u015f\u0131s\u0131nda dir\u0259k basd\u0131r\u0131l\u0131b. \u0130ndi ma\u011fazama \u201c\u00c7\u0131xar\u0131\u015f\u201d ala bilmir\u0259m. \u201c\u00c7\u0131xar\u0131\u015f\u201d\u0131 verm\u0259li olan qurum deyir, obyektin qar\u015f\u0131s\u0131nda i\u015f\u0131q elektrik dir\u0259yi oldu\u011funa g\u00f6r\u0259 \u201c\u00c7\u0131xar\u0131\u015f\u201d verm\u0259k m\u00fcmk\u00fcn deyil. Yazmad\u0131\u011f\u0131m, m\u00fcraci\u0259t etm\u0259diyim yer qalmay\u0131b\u201d.<\/em><\/p>\n\n\n<div class=\"wp-block-image\">\n<figure class=\"alignleft size-full is-resized\"><img decoding=\"async\" width=\"1200\" height=\"692\" data-src=\"https:\/\/www.meydan.tv\/wp-content\/uploads\/5373ef85-2c3d-4d0f-adec-c072e6c0328b.jpg\" alt=\"\" class=\"wp-image-304562 lazyload\" style=\"--smush-placeholder-width: 1200px; --smush-placeholder-aspect-ratio: 1200\/692;width:410px;height:auto\" src=\"data:image\/svg+xml;base64,PHN2ZyB3aWR0aD0iMSIgaGVpZ2h0PSIxIiB4bWxucz0iaHR0cDovL3d3dy53My5vcmcvMjAwMC9zdmciPjwvc3ZnPg==\" \/><figcaption class=\"wp-element-caption\">Seyidm\u0259h\u0259mm\u0259d Seyidov. <\/figcaption><\/figure>\n<\/div>\n\n\n<p>G\u00f6y\u00e7ay sakini Seyidm\u0259h\u0259mm\u0259d Seyidov deyir, oturdu\u011fu yerd\u0259 i\u015f\u0259 d\u00fc\u015f\u00fcb. Uzun ill\u0259rdir ki, Nat\u0259van k\u00fc\u00e7\u0259sind\u0259 yerl\u0259\u015f\u0259n k\u0259nd t\u0259s\u0259rr\u00fcfat\u0131 texnikalar\u0131n\u0131n ehtiyat hiss\u0259l\u0259rinin sat\u0131\u015f\u0131n\u0131 h\u0259yata ke\u00e7ir\u0259n \u015f\u0259xsi ma\u011fazas\u0131n\u0131 s\u0259n\u0259dl\u0259\u015fdir\u0259 bilmir. S\u0259b\u0259b 3 il \u0259vv\u0259l yerli i\u015f\u0131q idar\u0259sinin onunla raz\u0131la\u015fd\u0131rmadan, gec\u0259yar\u0131s\u0131 yolun qar\u015f\u0131 t\u0259r\u0259find\u0259ki i\u015f\u0131q dir\u0259yini g\u0259tirib ona m\u0259xsus ma\u011fazan\u0131n qar\u015f\u0131s\u0131nda basd\u0131rmas\u0131d\u0131r. 3 ildir ki, aidiyy\u0259ti qurumlara, prokurorlu\u011fa yazd\u0131\u011f\u0131 \u0259riz\u0259l\u0259rd\u0259 dir\u0259yin g\u00f6t\u00fcr\u00fclm\u0259sini ist\u0259s\u0259 d\u0259, buna nail ola bilm\u0259yib.<\/p>\n\n\n\n<p><strong>\u201cAz\u0259ri\u015f\u0131q\u201d da deyir, dir\u0259k yerin\u0259 qaytar\u0131lmal\u0131d\u0131r, amma&#8230;<\/strong><\/p>\n\n\n\n<p>\u015eikay\u0259t\u00e7i \u00f6t\u0259n ilin sonunda \u201cAz\u0259ri\u015f\u0131q\u201ddan m\u0259ktub da ald\u0131\u011f\u0131n\u0131 deyir:<\/p>\n\n\n\n<p><em>\u201cDekabrda m\u0259n\u0259 \u201cAz\u0259ri\u015f\u0131q\u201ddan m\u0259ktub g\u0259lib. M\u0259ktubda qeyd olunub ki, elektrik verili\u015f x\u0259ttinin \u0259vv\u0259lki yerin\u0259 qaytar\u0131lmas\u0131 bar\u0259d\u0259 \u015fikay\u0259tim\u0259 bax\u0131l\u0131b. X\u0259ttin 2024-c\u00fc ild\u0259 yerin\u0259 qaytar\u0131lmas\u0131 n\u0259z\u0259rd\u0259 tutulub. Ancaq bu, 2024-c\u00fc ilin hans\u0131 ay\u0131nda, g\u00fcn\u00fcnd\u0259 olacaq, qeyd edilm\u0259yib. 2024-c\u00fc ilin yar\u0131 olmas\u0131na az qal\u0131b\u201d.<\/em><\/p>\n\n\n<div class=\"wp-block-image\">\n<figure class=\"aligncenter size-large\"><img decoding=\"async\" width=\"1095\" height=\"821\" data-src=\"https:\/\/www.meydan.tv\/wp-content\/uploads\/abd08808-3035-4507-9043-cccf2f374c09_720-1095x821.jpg\" alt=\"\" class=\"wp-image-304559 lazyload\" src=\"data:image\/svg+xml;base64,PHN2ZyB3aWR0aD0iMSIgaGVpZ2h0PSIxIiB4bWxucz0iaHR0cDovL3d3dy53My5vcmcvMjAwMC9zdmciPjwvc3ZnPg==\" style=\"--smush-placeholder-width: 1095px; --smush-placeholder-aspect-ratio: 1095\/821;\" \/><\/figure>\n<\/div>\n\n\n<p>G\u00f6y\u00e7ay Elektrik \u015e\u0259b\u0259k\u0259sind\u0259n Meydan TV-y\u0259 bildirilib ki, elektrik dir\u0259yinin g\u00f6t\u00fcr\u00fclm\u0259sini l\u0259ngid\u0259n s\u0259b\u0259b ma\u011fazan\u0131n qon\u015fulu\u011fundak\u0131 sakinl\u0259rdir. H\u0259min dir\u0259kd\u0259n m\u0259nzill\u0259rin\u0259 elekrtik x\u0259tti ged\u0259n abonentl\u0259r dir\u0259yin g\u00f6t\u00fcr\u00fclm\u0259sin\u0259 etiraz edir. <\/p>\n\n\n<div class=\"wp-block-image\">\n<figure class=\"alignright size-large is-resized\"><img decoding=\"async\" width=\"540\" height=\"821\" data-src=\"https:\/\/www.meydan.tv\/wp-content\/uploads\/85eef29b-893f-4904-9d82-e71b8d1058f6-540x821.jpg\" alt=\"\" class=\"wp-image-304565 lazyload\" style=\"--smush-placeholder-width: 540px; --smush-placeholder-aspect-ratio: 540\/821;width:319px;height:auto\" src=\"data:image\/svg+xml;base64,PHN2ZyB3aWR0aD0iMSIgaGVpZ2h0PSIxIiB4bWxucz0iaHR0cDovL3d3dy53My5vcmcvMjAwMC9zdmciPjwvc3ZnPg==\" \/><\/figure>\n<\/div>\n\n\n<p>G\u00f6y\u00e7ay Rayon \u0130cra Hakimiyy\u0259ti d\u0259 eyni cavab\u0131 verib. Qurumdan bildirilib ki, v\u0259t\u0259nda\u015f\u0131n m\u00fcraci\u0259ti \u0259sas\u0131nda G\u00f6y\u00e7ay Elektrik \u015e\u0259b\u0259k\u0259sin\u0259 m\u0259ktub g\u00f6nd\u0259ribl\u0259r. \u015e\u0259b\u0259k\u0259d\u0259n icra hakimiyy\u0259tin\u0259 cavab g\u0259lib ki, \u0259raziy\u0259 bax\u0131\u015f ke\u00e7irilib, qon\u015fular aras\u0131nda m\u00fcbahis\u0259 yarand\u0131\u011f\u0131 \u00fc\u00e7\u00fcn elektrik dir\u0259yinin yerinin d\u0259yi\u015fdirilm\u0259si h\u0259l\u0259lik m\u00fcmk\u00fcn deyil.<\/p>\n\n\n\n<p><strong>\u201cYeralt\u0131 kabell\u0259r \u00e7\u0259ksinl\u0259r, problemi h\u0259ll etsinl\u0259r\u201d<\/strong><\/p>\n\n\n\n<p>Ma\u011faza sahibi is\u0259 deyir, i\u015f\u0131q idar\u0259si elektrik x\u0259tl\u0259rini m\u00fcasir standartlara uy\u011fun olaraq yeralt\u0131 kabell\u0259r vasit\u0259siyl\u0259 d\u0259 \u00e7\u0259k\u0259 bil\u0259r. O zaman n\u0259 m\u00fcbahis\u0259, n\u0259 kimins\u0259 \u015f\u0259xsi obyektin\u0259 problem yaranar:<\/p>\n\n\n\n<p>\u201c<em>Bir v\u0259t\u0259nda\u015f\u0131 i\u015f\u0131qla t\u0259min etm\u0259k ba\u015fqa v\u0259t\u0259nda\u015fa mane olmamal\u0131d\u0131r, kimins\u0259 evind\u0259 i\u015f\u0131q yanacaq dey\u0259, m\u0259nim obyektim s\u0259n\u0259dsiz qalmal\u0131 deyil. Aidiyy\u0259ti qurumlar z\u0259hm\u0259t \u00e7\u0259kib problemi h\u0259ll etsinl\u0259r\u201d.<\/em><\/p>\n\n\n\n<p><\/p>\n\n\n\n<p><\/p>\n\n\n\n<p><\/p>\n\n\n\n<p><\/p>\n","protected":false},"excerpt":{"rendered":"<p>V\u0259t\u0259nda\u015f obyektin\u0259 \u201c\u00c7\u0131xar\u0131\u015f\u201d ala bilm\u0259diyini deyir \u201cBu 10 min voltluq &#8230; <\/p>\n<p class=\"read-more-container\"><a title=\"G\u00f6y\u00e7ay sakini: \u201cObyektimi s\u0259n\u0259dl\u0259\u015fdirm\u0259k bir dir\u0259y\u0259 dir\u0259nib\u201d\" class=\"read-more button\" href=\"https:\/\/www.meydan.tv\/az\/article\/goycay-sakini-obyektimi-senedlesdirmek-bir-direye-direnib\/#more-304568\" aria-label=\"Read more about G\u00f6y\u00e7ay sakini: \u201cObyektimi s\u0259n\u0259dl\u0259\u015fdirm\u0259k bir dir\u0259y\u0259 dir\u0259nib\u201d\">Davam\u0131<\/a><\/p>\n","protected":false},"author":8,"featured_media":304556,"comment_status":"closed","ping_status":"closed","sticky":false,"template":"","format":"standard","meta":{"_acf_changed":false,"_sitemap_exclude":false,"_sitemap_priority":"","_sitemap_frequency":"","footnotes":""},"categories":[60,56],"tags":[],"class_list":["post-304568","post","type-post","status-publish","format-standard","has-post-thumbnail","hentry","category-bolge","category-xeberler","infinite-scroll-item","generate-columns","tablet-grid-50","mobile-grid-100","grid-parent","grid-33","no-featured-image-padding"],"acf":[],"yoast_head":"<!-- This site is optimized with the Yoast SEO plugin v27.4 - https:\/\/yoast.com\/product\/yoast-seo-wordpress\/ -->\n<title>G\u00f6y\u00e7ay sakini: \u201cObyektimi s\u0259n\u0259dl\u0259\u015fdirm\u0259k bir dir\u0259y\u0259 dir\u0259nib\u201d - MEYDAN.TV<\/title>\n<meta name=\"robots\" content=\"index, follow, max-snippet:-1, max-image-preview:large, max-video-preview:-1\" \/>\n<link rel=\"canonical\" href=\"https:\/\/www.meydan.tv\/az\/article\/goycay-sakini-obyektimi-senedlesdirmek-bir-direye-direnib\/\" \/>\n<meta property=\"og:locale\" content=\"az_AZ\" \/>\n<meta property=\"og:type\" content=\"article\" \/>\n<meta property=\"og:title\" content=\"G\u00f6y\u00e7ay sakini: \u201cObyektimi s\u0259n\u0259dl\u0259\u015fdirm\u0259k bir dir\u0259y\u0259 dir\u0259nib\u201d - MEYDAN.TV\" \/>\n<meta property=\"og:description\" content=\"V\u0259t\u0259nda\u015f obyektin\u0259 \u201c\u00c7\u0131xar\u0131\u015f\u201d ala bilm\u0259diyini deyir \u201cBu 10 min voltluq ... Davam\u0131\" \/>\n<meta property=\"og:url\" content=\"https:\/\/www.meydan.tv\/az\/article\/goycay-sakini-obyektimi-senedlesdirmek-bir-direye-direnib\/\" \/>\n<meta property=\"og:site_name\" content=\"MEYDAN.TV\" \/>\n<meta property=\"article:published_time\" content=\"2024-04-29T17:12:55+00:00\" \/>\n<meta property=\"article:modified_time\" content=\"2024-04-29T19:22:37+00:00\" \/>\n<meta property=\"og:image\" content=\"https:\/\/www.meydan.tv\/wp-content\/uploads\/fc06cc60-0014-424e-b086-35193d4c72bb_720.jpg\" \/>\n\t<meta property=\"og:image:width\" content=\"1200\" \/>\n\t<meta property=\"og:image:height\" content=\"900\" \/>\n\t<meta property=\"og:image:type\" content=\"image\/jpeg\" \/>\n<meta name=\"author\" content=\"elli\" \/>\n<meta name=\"twitter:card\" content=\"summary_large_image\" \/>\n<meta name=\"twitter:creator\" content=\"@elli\" \/>\n<script type=\"application\/ld+json\" class=\"yoast-schema-graph\">{\"@context\":\"https:\\\/\\\/schema.org\",\"@graph\":[{\"@type\":\"Article\",\"@id\":\"https:\\\/\\\/www.meydan.tv\\\/az\\\/article\\\/goycay-sakini-obyektimi-senedlesdirmek-bir-direye-direnib\\\/#article\",\"isPartOf\":{\"@id\":\"https:\\\/\\\/www.meydan.tv\\\/az\\\/article\\\/goycay-sakini-obyektimi-senedlesdirmek-bir-direye-direnib\\\/\"},\"author\":{\"name\":\"elli\",\"@id\":\"https:\\\/\\\/www.meydan.tv\\\/az\\\/#\\\/schema\\\/person\\\/9cdbecf90d17180ce1dfbd95b08dcf47\"},\"headline\":\"G\u00f6y\u00e7ay sakini: \u201cObyektimi s\u0259n\u0259dl\u0259\u015fdirm\u0259k bir dir\u0259y\u0259 dir\u0259nib\u201d\",\"datePublished\":\"2024-04-29T17:12:55+00:00\",\"dateModified\":\"2024-04-29T19:22:37+00:00\",\"mainEntityOfPage\":{\"@id\":\"https:\\\/\\\/www.meydan.tv\\\/az\\\/article\\\/goycay-sakini-obyektimi-senedlesdirmek-bir-direye-direnib\\\/\"},\"wordCount\":580,\"publisher\":{\"@id\":\"https:\\\/\\\/www.meydan.tv\\\/az\\\/#organization\"},\"image\":{\"@id\":\"https:\\\/\\\/www.meydan.tv\\\/az\\\/article\\\/goycay-sakini-obyektimi-senedlesdirmek-bir-direye-direnib\\\/#primaryimage\"},\"thumbnailUrl\":\"https:\\\/\\\/www.meydan.tv\\\/wp-content\\\/uploads\\\/fc06cc60-0014-424e-b086-35193d4c72bb_720.jpg\",\"articleSection\":[\"B\u00f6lg\u0259\",\"X\u0259b\u0259rl\u0259r\"],\"inLanguage\":\"az\"},{\"@type\":\"WebPage\",\"@id\":\"https:\\\/\\\/www.meydan.tv\\\/az\\\/article\\\/goycay-sakini-obyektimi-senedlesdirmek-bir-direye-direnib\\\/\",\"url\":\"https:\\\/\\\/www.meydan.tv\\\/az\\\/article\\\/goycay-sakini-obyektimi-senedlesdirmek-bir-direye-direnib\\\/\",\"name\":\"G\u00f6y\u00e7ay sakini: \u201cObyektimi s\u0259n\u0259dl\u0259\u015fdirm\u0259k bir dir\u0259y\u0259 dir\u0259nib\u201d - MEYDAN.TV\",\"isPartOf\":{\"@id\":\"https:\\\/\\\/www.meydan.tv\\\/az\\\/#website\"},\"primaryImageOfPage\":{\"@id\":\"https:\\\/\\\/www.meydan.tv\\\/az\\\/article\\\/goycay-sakini-obyektimi-senedlesdirmek-bir-direye-direnib\\\/#primaryimage\"},\"image\":{\"@id\":\"https:\\\/\\\/www.meydan.tv\\\/az\\\/article\\\/goycay-sakini-obyektimi-senedlesdirmek-bir-direye-direnib\\\/#primaryimage\"},\"thumbnailUrl\":\"https:\\\/\\\/www.meydan.tv\\\/wp-content\\\/uploads\\\/fc06cc60-0014-424e-b086-35193d4c72bb_720.jpg\",\"datePublished\":\"2024-04-29T17:12:55+00:00\",\"dateModified\":\"2024-04-29T19:22:37+00:00\",\"breadcrumb\":{\"@id\":\"https:\\\/\\\/www.meydan.tv\\\/az\\\/article\\\/goycay-sakini-obyektimi-senedlesdirmek-bir-direye-direnib\\\/#breadcrumb\"},\"inLanguage\":\"az\",\"potentialAction\":[{\"@type\":\"ReadAction\",\"target\":[\"https:\\\/\\\/www.meydan.tv\\\/az\\\/article\\\/goycay-sakini-obyektimi-senedlesdirmek-bir-direye-direnib\\\/\"]}]},{\"@type\":\"ImageObject\",\"inLanguage\":\"az\",\"@id\":\"https:\\\/\\\/www.meydan.tv\\\/az\\\/article\\\/goycay-sakini-obyektimi-senedlesdirmek-bir-direye-direnib\\\/#primaryimage\",\"url\":\"https:\\\/\\\/www.meydan.tv\\\/wp-content\\\/uploads\\\/fc06cc60-0014-424e-b086-35193d4c72bb_720.jpg\",\"contentUrl\":\"https:\\\/\\\/www.meydan.tv\\\/wp-content\\\/uploads\\\/fc06cc60-0014-424e-b086-35193d4c72bb_720.jpg\",\"width\":1200,\"height\":900,\"caption\":\"Fotolar: Meydan TV\"},{\"@type\":\"BreadcrumbList\",\"@id\":\"https:\\\/\\\/www.meydan.tv\\\/az\\\/article\\\/goycay-sakini-obyektimi-senedlesdirmek-bir-direye-direnib\\\/#breadcrumb\",\"itemListElement\":[{\"@type\":\"ListItem\",\"position\":1,\"name\":\"Ana s\u0259hif\u0259\",\"item\":\"https:\\\/\\\/www.meydan.tv\\\/az\\\/\"},{\"@type\":\"ListItem\",\"position\":2,\"name\":\"B\u00f6lg\u0259\",\"item\":\"https:\\\/\\\/www.meydan.tv\\\/az\\\/section\\\/bolge\\\/\"},{\"@type\":\"ListItem\",\"position\":3,\"name\":\"G\u00f6y\u00e7ay sakini: \u201cObyektimi s\u0259n\u0259dl\u0259\u015fdirm\u0259k bir dir\u0259y\u0259 dir\u0259nib\u201d\"}]},{\"@type\":\"WebSite\",\"@id\":\"https:\\\/\\\/www.meydan.tv\\\/az\\\/#website\",\"url\":\"https:\\\/\\\/www.meydan.tv\\\/az\\\/\",\"name\":\"MEYDAN.TV\",\"description\":\"Meydan TV Az\u0259rbaycan\u0131n media m\u0259kan\u0131ndak\u0131 alternativ s\u0259sidir\",\"publisher\":{\"@id\":\"https:\\\/\\\/www.meydan.tv\\\/az\\\/#organization\"},\"potentialAction\":[{\"@type\":\"SearchAction\",\"target\":{\"@type\":\"EntryPoint\",\"urlTemplate\":\"https:\\\/\\\/www.meydan.tv\\\/az\\\/?s={search_term_string}\"},\"query-input\":{\"@type\":\"PropertyValueSpecification\",\"valueRequired\":true,\"valueName\":\"search_term_string\"}}],\"inLanguage\":\"az\"},{\"@type\":\"Organization\",\"@id\":\"https:\\\/\\\/www.meydan.tv\\\/az\\\/#organization\",\"name\":\"Meydan TV\",\"url\":\"https:\\\/\\\/www.meydan.tv\\\/az\\\/\",\"logo\":{\"@type\":\"ImageObject\",\"inLanguage\":\"az\",\"@id\":\"https:\\\/\\\/www.meydan.tv\\\/az\\\/#\\\/schema\\\/logo\\\/image\\\/\",\"url\":\"https:\\\/\\\/www.meydan.tv\\\/wp-content\\\/uploads\\\/2021\\\/07\\\/meydan-logo.svg\",\"contentUrl\":\"https:\\\/\\\/www.meydan.tv\\\/wp-content\\\/uploads\\\/2021\\\/07\\\/meydan-logo.svg\",\"width\":195,\"height\":46,\"caption\":\"Meydan TV\"},\"image\":{\"@id\":\"https:\\\/\\\/www.meydan.tv\\\/az\\\/#\\\/schema\\\/logo\\\/image\\\/\"}},{\"@type\":\"Person\",\"@id\":\"https:\\\/\\\/www.meydan.tv\\\/az\\\/#\\\/schema\\\/person\\\/9cdbecf90d17180ce1dfbd95b08dcf47\",\"name\":\"elli\",\"sameAs\":[\"https:\\\/\\\/x.com\\\/elli\"]}]}<\/script>\n<!-- \/ Yoast SEO plugin. -->","yoast_head_json":{"title":"G\u00f6y\u00e7ay sakini: \u201cObyektimi s\u0259n\u0259dl\u0259\u015fdirm\u0259k bir dir\u0259y\u0259 dir\u0259nib\u201d - MEYDAN.TV","robots":{"index":"index","follow":"follow","max-snippet":"max-snippet:-1","max-image-preview":"max-image-preview:large","max-video-preview":"max-video-preview:-1"},"canonical":"https:\/\/www.meydan.tv\/az\/article\/goycay-sakini-obyektimi-senedlesdirmek-bir-direye-direnib\/","og_locale":"az_AZ","og_type":"article","og_title":"G\u00f6y\u00e7ay sakini: \u201cObyektimi s\u0259n\u0259dl\u0259\u015fdirm\u0259k bir dir\u0259y\u0259 dir\u0259nib\u201d - MEYDAN.TV","og_description":"V\u0259t\u0259nda\u015f obyektin\u0259 \u201c\u00c7\u0131xar\u0131\u015f\u201d ala bilm\u0259diyini deyir \u201cBu 10 min voltluq ... Davam\u0131","og_url":"https:\/\/www.meydan.tv\/az\/article\/goycay-sakini-obyektimi-senedlesdirmek-bir-direye-direnib\/","og_site_name":"MEYDAN.TV","article_published_time":"2024-04-29T17:12:55+00:00","article_modified_time":"2024-04-29T19:22:37+00:00","og_image":[{"width":1200,"height":900,"url":"https:\/\/www.meydan.tv\/wp-content\/uploads\/fc06cc60-0014-424e-b086-35193d4c72bb_720.jpg","type":"image\/jpeg"}],"author":"elli","twitter_card":"summary_large_image","twitter_creator":"@elli","schema":{"@context":"https:\/\/schema.org","@graph":[{"@type":"Article","@id":"https:\/\/www.meydan.tv\/az\/article\/goycay-sakini-obyektimi-senedlesdirmek-bir-direye-direnib\/#article","isPartOf":{"@id":"https:\/\/www.meydan.tv\/az\/article\/goycay-sakini-obyektimi-senedlesdirmek-bir-direye-direnib\/"},"author":{"name":"elli","@id":"https:\/\/www.meydan.tv\/az\/#\/schema\/person\/9cdbecf90d17180ce1dfbd95b08dcf47"},"headline":"G\u00f6y\u00e7ay sakini: \u201cObyektimi s\u0259n\u0259dl\u0259\u015fdirm\u0259k bir dir\u0259y\u0259 dir\u0259nib\u201d","datePublished":"2024-04-29T17:12:55+00:00","dateModified":"2024-04-29T19:22:37+00:00","mainEntityOfPage":{"@id":"https:\/\/www.meydan.tv\/az\/article\/goycay-sakini-obyektimi-senedlesdirmek-bir-direye-direnib\/"},"wordCount":580,"publisher":{"@id":"https:\/\/www.meydan.tv\/az\/#organization"},"image":{"@id":"https:\/\/www.meydan.tv\/az\/article\/goycay-sakini-obyektimi-senedlesdirmek-bir-direye-direnib\/#primaryimage"},"thumbnailUrl":"https:\/\/www.meydan.tv\/wp-content\/uploads\/fc06cc60-0014-424e-b086-35193d4c72bb_720.jpg","articleSection":["B\u00f6lg\u0259","X\u0259b\u0259rl\u0259r"],"inLanguage":"az"},{"@type":"WebPage","@id":"https:\/\/www.meydan.tv\/az\/article\/goycay-sakini-obyektimi-senedlesdirmek-bir-direye-direnib\/","url":"https:\/\/www.meydan.tv\/az\/article\/goycay-sakini-obyektimi-senedlesdirmek-bir-direye-direnib\/","name":"G\u00f6y\u00e7ay sakini: \u201cObyektimi s\u0259n\u0259dl\u0259\u015fdirm\u0259k bir dir\u0259y\u0259 dir\u0259nib\u201d - MEYDAN.TV","isPartOf":{"@id":"https:\/\/www.meydan.tv\/az\/#website"},"primaryImageOfPage":{"@id":"https:\/\/www.meydan.tv\/az\/article\/goycay-sakini-obyektimi-senedlesdirmek-bir-direye-direnib\/#primaryimage"},"image":{"@id":"https:\/\/www.meydan.tv\/az\/article\/goycay-sakini-obyektimi-senedlesdirmek-bir-direye-direnib\/#primaryimage"},"thumbnailUrl":"https:\/\/www.meydan.tv\/wp-content\/uploads\/fc06cc60-0014-424e-b086-35193d4c72bb_720.jpg","datePublished":"2024-04-29T17:12:55+00:00","dateModified":"2024-04-29T19:22:37+00:00","breadcrumb":{"@id":"https:\/\/www.meydan.tv\/az\/article\/goycay-sakini-obyektimi-senedlesdirmek-bir-direye-direnib\/#breadcrumb"},"inLanguage":"az","potentialAction":[{"@type":"ReadAction","target":["https:\/\/www.meydan.tv\/az\/article\/goycay-sakini-obyektimi-senedlesdirmek-bir-direye-direnib\/"]}]},{"@type":"ImageObject","inLanguage":"az","@id":"https:\/\/www.meydan.tv\/az\/article\/goycay-sakini-obyektimi-senedlesdirmek-bir-direye-direnib\/#primaryimage","url":"https:\/\/www.meydan.tv\/wp-content\/uploads\/fc06cc60-0014-424e-b086-35193d4c72bb_720.jpg","contentUrl":"https:\/\/www.meydan.tv\/wp-content\/uploads\/fc06cc60-0014-424e-b086-35193d4c72bb_720.jpg","width":1200,"height":900,"caption":"Fotolar: Meydan TV"},{"@type":"BreadcrumbList","@id":"https:\/\/www.meydan.tv\/az\/article\/goycay-sakini-obyektimi-senedlesdirmek-bir-direye-direnib\/#breadcrumb","itemListElement":[{"@type":"ListItem","position":1,"name":"Ana s\u0259hif\u0259","item":"https:\/\/www.meydan.tv\/az\/"},{"@type":"ListItem","position":2,"name":"B\u00f6lg\u0259","item":"https:\/\/www.meydan.tv\/az\/section\/bolge\/"},{"@type":"ListItem","position":3,"name":"G\u00f6y\u00e7ay sakini: \u201cObyektimi s\u0259n\u0259dl\u0259\u015fdirm\u0259k bir dir\u0259y\u0259 dir\u0259nib\u201d"}]},{"@type":"WebSite","@id":"https:\/\/www.meydan.tv\/az\/#website","url":"https:\/\/www.meydan.tv\/az\/","name":"MEYDAN.TV","description":"Meydan TV Az\u0259rbaycan\u0131n media m\u0259kan\u0131ndak\u0131 alternativ s\u0259sidir","publisher":{"@id":"https:\/\/www.meydan.tv\/az\/#organization"},"potentialAction":[{"@type":"SearchAction","target":{"@type":"EntryPoint","urlTemplate":"https:\/\/www.meydan.tv\/az\/?s={search_term_string}"},"query-input":{"@type":"PropertyValueSpecification","valueRequired":true,"valueName":"search_term_string"}}],"inLanguage":"az"},{"@type":"Organization","@id":"https:\/\/www.meydan.tv\/az\/#organization","name":"Meydan TV","url":"https:\/\/www.meydan.tv\/az\/","logo":{"@type":"ImageObject","inLanguage":"az","@id":"https:\/\/www.meydan.tv\/az\/#\/schema\/logo\/image\/","url":"https:\/\/www.meydan.tv\/wp-content\/uploads\/2021\/07\/meydan-logo.svg","contentUrl":"https:\/\/www.meydan.tv\/wp-content\/uploads\/2021\/07\/meydan-logo.svg","width":195,"height":46,"caption":"Meydan TV"},"image":{"@id":"https:\/\/www.meydan.tv\/az\/#\/schema\/logo\/image\/"}},{"@type":"Person","@id":"https:\/\/www.meydan.tv\/az\/#\/schema\/person\/9cdbecf90d17180ce1dfbd95b08dcf47","name":"elli","sameAs":["https:\/\/x.com\/elli"]}]}},"_links":{"self":[{"href":"https:\/\/www.meydan.tv\/az\/wp-json\/wp\/v2\/posts\/304568","targetHints":{"allow":["GET"]}}],"collection":[{"href":"https:\/\/www.meydan.tv\/az\/wp-json\/wp\/v2\/posts"}],"about":[{"href":"https:\/\/www.meydan.tv\/az\/wp-json\/wp\/v2\/types\/post"}],"author":[{"embeddable":true,"href":"https:\/\/www.meydan.tv\/az\/wp-json\/wp\/v2\/users\/8"}],"replies":[{"embeddable":true,"href":"https:\/\/www.meydan.tv\/az\/wp-json\/wp\/v2\/comments?post=304568"}],"version-history":[{"count":3,"href":"https:\/\/www.meydan.tv\/az\/wp-json\/wp\/v2\/posts\/304568\/revisions"}],"predecessor-version":[{"id":304595,"href":"https:\/\/www.meydan.tv\/az\/wp-json\/wp\/v2\/posts\/304568\/revisions\/304595"}],"wp:featuredmedia":[{"embeddable":true,"href":"https:\/\/www.meydan.tv\/az\/wp-json\/wp\/v2\/media\/304556"}],"wp:attachment":[{"href":"https:\/\/www.meydan.tv\/az\/wp-json\/wp\/v2\/media?parent=304568"}],"wp:term":[{"taxonomy":"category","embeddable":true,"href":"https:\/\/www.meydan.tv\/az\/wp-json\/wp\/v2\/categories?post=304568"},{"taxonomy":"post_tag","embeddable":true,"href":"https:\/\/www.meydan.tv\/az\/wp-json\/wp\/v2\/tags?post=304568"}],"curies":[{"name":"wp","href":"https:\/\/api.w.org\/{rel}","templated":true}]}}