{"id":304550,"date":"2024-04-29T18:29:02","date_gmt":"2024-04-29T14:29:02","guid":{"rendered":"https:\/\/www.meydan.tv\/?p=304550"},"modified":"2024-04-29T18:29:05","modified_gmt":"2024-04-29T14:29:05","slug":"sebetler-kendinin-yol-susuzluq-derdi","status":"publish","type":"post","link":"https:\/\/www.meydan.tv\/az\/article\/sebetler-kendinin-yol-susuzluq-derdi\/","title":{"rendered":"S\u0259b\u0259tl\u0259r k\u0259ndinin yol, susuzluq d\u0259rdi"},"content":{"rendered":"\n<p><\/p>\n\n\n\n<p><strong><em>\u201cArtezianlar k\u0259ndin t\u0259l\u0259bat\u0131n\u0131 \u00f6d\u0259m\u0259y\u0259 yetmir\u201d<\/em><\/strong><\/p>\n\n\n\n<p>Quban\u0131n S\u0259b\u0259tl\u0259r k\u0259ndind\u0259 sakinl\u0259r qaz, su v\u0259 yol problemind\u0259n naraz\u0131d\u0131rlar. Sakinl\u0259r deyirl\u0259r ki, k\u0259nd\u0259 indiy\u0259d\u0259k qaz x\u0259tti \u00e7\u0259kilm\u0259yib. Baxmayaraq ki, k\u0259ndin yax\u0131nl\u0131\u011f\u0131ndan qaz x\u0259tti ke\u00e7ir. K\u0259nd sakinl\u0259ri sudan da \u0259ziyy\u0259t \u00e7\u0259kirl\u0259r, eyni zamanda yollar da b\u0259rbad v\u0259ziyy\u0259td\u0259dir. Sakinl\u0259rd\u0259n Tural \u018fliyev bildirib ki, 5 \u015f\u0259hidi olan k\u0259ndin probleml\u0259ri h\u0259ll olunmur:<\/p>\n\n\n\n<p>\u201c<em>Qaz x\u0259tti k\u0259ndin yax\u0131nl\u0131\u011f\u0131ndan ke\u00e7ir. Amma k\u0259ndimiz\u0259 qaz \u00e7\u0259kilmir. Bununla ba\u011fl\u0131 d\u0259f\u0259l\u0259rl\u0259 m\u00fcraci\u0259t etmi\u015fik, amma bir n\u0259tic\u0259si yoxdur\u201d.<\/em><\/p>\n\n\n\n<p>Sakinl\u0259r bildiribl\u0259r ki, artezianlar k\u0259ndin t\u0259l\u0259bat\u0131n\u0131 \u00f6d\u0259m\u0259y\u0259 yetmir. Yollar da uzun zamand\u0131r t\u0259mirsiz oldu\u011fundan k\u0259l\u0259-k\u00f6t\u00fcrd\u00fcr.<\/p>\n\n\n\n<p>\u00c7i\u00e7i-S\u0259b\u0259tl\u0259r B\u0259l\u0259diyy\u0259sinin s\u0259dri Arif \u00d6m\u0259rov Meydan TV-y\u0259 bildirib ki, k\u0259ndd\u0259 qaz yoxdur. Amma su problemini h\u0259ll etm\u0259k \u00fc\u00e7\u00fcn m\u00fc\u0259yy\u0259n i\u015fl\u0259r g\u00f6r\u00fcl\u00fcr. \u201cAz\u0259rsu\u201d ASC t\u0259r\u0259find\u0259n artezian vurmaq \u00fc\u00e7\u00fcn yer m\u00fc\u0259yy\u0259nl\u0259\u015fdirilib:<\/p>\n\n\n\n<p>\u201c<em>Qubadan olan deputatlar da i\u015fl\u0259yirl\u0259r. \u00c7al\u0131\u015f\u0131rlar ki, k\u0259nd sakinl\u0259rinin probleml\u0259ri h\u0259ll olunsun. Yol probleminin h\u0259ll edilm\u0259si d\u0259 n\u0259z\u0259rd\u0259 tutulub. S\u0259b\u0259tl\u0259r k\u0259ndind\u0259 400-d\u0259n \u00e7ox ev, 1500-d\u0259n \u00e7ox sakin var\u201d.<\/em><\/p>\n\n\n\n<p>B\u0259l\u0259diyy\u0259 s\u0259dri deyib ki, k\u0259ndin \u0259sas probleml\u0259rind\u0259n biri b\u0259ndin olmamas\u0131d\u0131r. Selin qar\u015f\u0131s\u0131n\u0131 almaq \u00fc\u00e7\u00fcn b\u0259nd qoyulmal\u0131d\u0131r.<\/p>\n","protected":false},"excerpt":{"rendered":"<p>\u201cArtezianlar k\u0259ndin t\u0259l\u0259bat\u0131n\u0131 \u00f6d\u0259m\u0259y\u0259 yetmir\u201d Quban\u0131n S\u0259b\u0259tl\u0259r k\u0259ndind\u0259 sakinl\u0259r qaz, &#8230; <\/p>\n<p class=\"read-more-container\"><a title=\"S\u0259b\u0259tl\u0259r k\u0259ndinin yol, susuzluq d\u0259rdi\" class=\"read-more button\" href=\"https:\/\/www.meydan.tv\/az\/article\/sebetler-kendinin-yol-susuzluq-derdi\/#more-304550\" aria-label=\"Read more about S\u0259b\u0259tl\u0259r k\u0259ndinin yol, susuzluq d\u0259rdi\">Davam\u0131<\/a><\/p>\n","protected":false},"author":8,"featured_media":229076,"comment_status":"closed","ping_status":"closed","sticky":false,"template":"","format":"standard","meta":{"_acf_changed":false,"_sitemap_exclude":false,"_sitemap_priority":"","_sitemap_frequency":"","footnotes":""},"categories":[60,56],"tags":[],"class_list":["post-304550","post","type-post","status-publish","format-standard","has-post-thumbnail","hentry","category-bolge","category-xeberler","infinite-scroll-item","generate-columns","tablet-grid-50","mobile-grid-100","grid-parent","grid-33","no-featured-image-padding"],"acf":[],"yoast_head":"<!-- This site is optimized with the Yoast SEO plugin v27.4 - https:\/\/yoast.com\/product\/yoast-seo-wordpress\/ -->\n<title>S\u0259b\u0259tl\u0259r k\u0259ndinin yol, susuzluq d\u0259rdi - MEYDAN.TV<\/title>\n<meta name=\"robots\" content=\"index, follow, max-snippet:-1, max-image-preview:large, max-video-preview:-1\" \/>\n<link rel=\"canonical\" href=\"https:\/\/www.meydan.tv\/az\/article\/sebetler-kendinin-yol-susuzluq-derdi\/\" \/>\n<meta property=\"og:locale\" content=\"az_AZ\" \/>\n<meta property=\"og:type\" content=\"article\" \/>\n<meta property=\"og:title\" content=\"S\u0259b\u0259tl\u0259r k\u0259ndinin yol, susuzluq d\u0259rdi - MEYDAN.TV\" \/>\n<meta property=\"og:description\" content=\"\u201cArtezianlar k\u0259ndin t\u0259l\u0259bat\u0131n\u0131 \u00f6d\u0259m\u0259y\u0259 yetmir\u201d Quban\u0131n S\u0259b\u0259tl\u0259r k\u0259ndind\u0259 sakinl\u0259r qaz, ... Davam\u0131\" \/>\n<meta property=\"og:url\" content=\"https:\/\/www.meydan.tv\/az\/article\/sebetler-kendinin-yol-susuzluq-derdi\/\" \/>\n<meta property=\"og:site_name\" content=\"MEYDAN.TV\" \/>\n<meta property=\"article:published_time\" content=\"2024-04-29T14:29:02+00:00\" \/>\n<meta property=\"article:modified_time\" content=\"2024-04-29T14:29:05+00:00\" \/>\n<meta property=\"og:image\" content=\"https:\/\/www.meydan.tv\/wp-content\/uploads\/image00054.jpeg\" \/>\n\t<meta property=\"og:image:width\" content=\"1200\" \/>\n\t<meta property=\"og:image:height\" content=\"900\" \/>\n\t<meta property=\"og:image:type\" content=\"image\/jpeg\" \/>\n<meta name=\"author\" content=\"elli\" \/>\n<meta name=\"twitter:card\" content=\"summary_large_image\" \/>\n<meta name=\"twitter:creator\" content=\"@elli\" \/>\n<script type=\"application\/ld+json\" class=\"yoast-schema-graph\">{\"@context\":\"https:\\\/\\\/schema.org\",\"@graph\":[{\"@type\":\"Article\",\"@id\":\"https:\\\/\\\/www.meydan.tv\\\/az\\\/article\\\/sebetler-kendinin-yol-susuzluq-derdi\\\/#article\",\"isPartOf\":{\"@id\":\"https:\\\/\\\/www.meydan.tv\\\/az\\\/article\\\/sebetler-kendinin-yol-susuzluq-derdi\\\/\"},\"author\":{\"name\":\"elli\",\"@id\":\"https:\\\/\\\/www.meydan.tv\\\/az\\\/#\\\/schema\\\/person\\\/9cdbecf90d17180ce1dfbd95b08dcf47\"},\"headline\":\"S\u0259b\u0259tl\u0259r k\u0259ndinin yol, susuzluq d\u0259rdi\",\"datePublished\":\"2024-04-29T14:29:02+00:00\",\"dateModified\":\"2024-04-29T14:29:05+00:00\",\"mainEntityOfPage\":{\"@id\":\"https:\\\/\\\/www.meydan.tv\\\/az\\\/article\\\/sebetler-kendinin-yol-susuzluq-derdi\\\/\"},\"wordCount\":298,\"publisher\":{\"@id\":\"https:\\\/\\\/www.meydan.tv\\\/az\\\/#organization\"},\"image\":{\"@id\":\"https:\\\/\\\/www.meydan.tv\\\/az\\\/article\\\/sebetler-kendinin-yol-susuzluq-derdi\\\/#primaryimage\"},\"thumbnailUrl\":\"https:\\\/\\\/www.meydan.tv\\\/wp-content\\\/uploads\\\/image00054.jpeg\",\"articleSection\":[\"B\u00f6lg\u0259\",\"X\u0259b\u0259rl\u0259r\"],\"inLanguage\":\"az\"},{\"@type\":\"WebPage\",\"@id\":\"https:\\\/\\\/www.meydan.tv\\\/az\\\/article\\\/sebetler-kendinin-yol-susuzluq-derdi\\\/\",\"url\":\"https:\\\/\\\/www.meydan.tv\\\/az\\\/article\\\/sebetler-kendinin-yol-susuzluq-derdi\\\/\",\"name\":\"S\u0259b\u0259tl\u0259r k\u0259ndinin yol, susuzluq d\u0259rdi - MEYDAN.TV\",\"isPartOf\":{\"@id\":\"https:\\\/\\\/www.meydan.tv\\\/az\\\/#website\"},\"primaryImageOfPage\":{\"@id\":\"https:\\\/\\\/www.meydan.tv\\\/az\\\/article\\\/sebetler-kendinin-yol-susuzluq-derdi\\\/#primaryimage\"},\"image\":{\"@id\":\"https:\\\/\\\/www.meydan.tv\\\/az\\\/article\\\/sebetler-kendinin-yol-susuzluq-derdi\\\/#primaryimage\"},\"thumbnailUrl\":\"https:\\\/\\\/www.meydan.tv\\\/wp-content\\\/uploads\\\/image00054.jpeg\",\"datePublished\":\"2024-04-29T14:29:02+00:00\",\"dateModified\":\"2024-04-29T14:29:05+00:00\",\"breadcrumb\":{\"@id\":\"https:\\\/\\\/www.meydan.tv\\\/az\\\/article\\\/sebetler-kendinin-yol-susuzluq-derdi\\\/#breadcrumb\"},\"inLanguage\":\"az\",\"potentialAction\":[{\"@type\":\"ReadAction\",\"target\":[\"https:\\\/\\\/www.meydan.tv\\\/az\\\/article\\\/sebetler-kendinin-yol-susuzluq-derdi\\\/\"]}]},{\"@type\":\"ImageObject\",\"inLanguage\":\"az\",\"@id\":\"https:\\\/\\\/www.meydan.tv\\\/az\\\/article\\\/sebetler-kendinin-yol-susuzluq-derdi\\\/#primaryimage\",\"url\":\"https:\\\/\\\/www.meydan.tv\\\/wp-content\\\/uploads\\\/image00054.jpeg\",\"contentUrl\":\"https:\\\/\\\/www.meydan.tv\\\/wp-content\\\/uploads\\\/image00054.jpeg\",\"width\":1200,\"height\":900,\"caption\":\"\u015e\u0259rti \u015f\u0259kil, k\u0259nd yollar\u0131, Foto: Meydan TV\"},{\"@type\":\"BreadcrumbList\",\"@id\":\"https:\\\/\\\/www.meydan.tv\\\/az\\\/article\\\/sebetler-kendinin-yol-susuzluq-derdi\\\/#breadcrumb\",\"itemListElement\":[{\"@type\":\"ListItem\",\"position\":1,\"name\":\"Ana s\u0259hif\u0259\",\"item\":\"https:\\\/\\\/www.meydan.tv\\\/az\\\/\"},{\"@type\":\"ListItem\",\"position\":2,\"name\":\"B\u00f6lg\u0259\",\"item\":\"https:\\\/\\\/www.meydan.tv\\\/az\\\/section\\\/bolge\\\/\"},{\"@type\":\"ListItem\",\"position\":3,\"name\":\"S\u0259b\u0259tl\u0259r k\u0259ndinin yol, susuzluq d\u0259rdi\"}]},{\"@type\":\"WebSite\",\"@id\":\"https:\\\/\\\/www.meydan.tv\\\/az\\\/#website\",\"url\":\"https:\\\/\\\/www.meydan.tv\\\/az\\\/\",\"name\":\"MEYDAN.TV\",\"description\":\"Meydan TV Az\u0259rbaycan\u0131n media m\u0259kan\u0131ndak\u0131 alternativ s\u0259sidir\",\"publisher\":{\"@id\":\"https:\\\/\\\/www.meydan.tv\\\/az\\\/#organization\"},\"potentialAction\":[{\"@type\":\"SearchAction\",\"target\":{\"@type\":\"EntryPoint\",\"urlTemplate\":\"https:\\\/\\\/www.meydan.tv\\\/az\\\/?s={search_term_string}\"},\"query-input\":{\"@type\":\"PropertyValueSpecification\",\"valueRequired\":true,\"valueName\":\"search_term_string\"}}],\"inLanguage\":\"az\"},{\"@type\":\"Organization\",\"@id\":\"https:\\\/\\\/www.meydan.tv\\\/az\\\/#organization\",\"name\":\"Meydan TV\",\"url\":\"https:\\\/\\\/www.meydan.tv\\\/az\\\/\",\"logo\":{\"@type\":\"ImageObject\",\"inLanguage\":\"az\",\"@id\":\"https:\\\/\\\/www.meydan.tv\\\/az\\\/#\\\/schema\\\/logo\\\/image\\\/\",\"url\":\"https:\\\/\\\/www.meydan.tv\\\/wp-content\\\/uploads\\\/2021\\\/07\\\/meydan-logo.svg\",\"contentUrl\":\"https:\\\/\\\/www.meydan.tv\\\/wp-content\\\/uploads\\\/2021\\\/07\\\/meydan-logo.svg\",\"width\":195,\"height\":46,\"caption\":\"Meydan TV\"},\"image\":{\"@id\":\"https:\\\/\\\/www.meydan.tv\\\/az\\\/#\\\/schema\\\/logo\\\/image\\\/\"}},{\"@type\":\"Person\",\"@id\":\"https:\\\/\\\/www.meydan.tv\\\/az\\\/#\\\/schema\\\/person\\\/9cdbecf90d17180ce1dfbd95b08dcf47\",\"name\":\"elli\",\"sameAs\":[\"https:\\\/\\\/x.com\\\/elli\"]}]}<\/script>\n<!-- \/ Yoast SEO plugin. -->","yoast_head_json":{"title":"S\u0259b\u0259tl\u0259r k\u0259ndinin yol, susuzluq d\u0259rdi - MEYDAN.TV","robots":{"index":"index","follow":"follow","max-snippet":"max-snippet:-1","max-image-preview":"max-image-preview:large","max-video-preview":"max-video-preview:-1"},"canonical":"https:\/\/www.meydan.tv\/az\/article\/sebetler-kendinin-yol-susuzluq-derdi\/","og_locale":"az_AZ","og_type":"article","og_title":"S\u0259b\u0259tl\u0259r k\u0259ndinin yol, susuzluq d\u0259rdi - MEYDAN.TV","og_description":"\u201cArtezianlar k\u0259ndin t\u0259l\u0259bat\u0131n\u0131 \u00f6d\u0259m\u0259y\u0259 yetmir\u201d Quban\u0131n S\u0259b\u0259tl\u0259r k\u0259ndind\u0259 sakinl\u0259r qaz, ... Davam\u0131","og_url":"https:\/\/www.meydan.tv\/az\/article\/sebetler-kendinin-yol-susuzluq-derdi\/","og_site_name":"MEYDAN.TV","article_published_time":"2024-04-29T14:29:02+00:00","article_modified_time":"2024-04-29T14:29:05+00:00","og_image":[{"width":1200,"height":900,"url":"https:\/\/www.meydan.tv\/wp-content\/uploads\/image00054.jpeg","type":"image\/jpeg"}],"author":"elli","twitter_card":"summary_large_image","twitter_creator":"@elli","schema":{"@context":"https:\/\/schema.org","@graph":[{"@type":"Article","@id":"https:\/\/www.meydan.tv\/az\/article\/sebetler-kendinin-yol-susuzluq-derdi\/#article","isPartOf":{"@id":"https:\/\/www.meydan.tv\/az\/article\/sebetler-kendinin-yol-susuzluq-derdi\/"},"author":{"name":"elli","@id":"https:\/\/www.meydan.tv\/az\/#\/schema\/person\/9cdbecf90d17180ce1dfbd95b08dcf47"},"headline":"S\u0259b\u0259tl\u0259r k\u0259ndinin yol, susuzluq d\u0259rdi","datePublished":"2024-04-29T14:29:02+00:00","dateModified":"2024-04-29T14:29:05+00:00","mainEntityOfPage":{"@id":"https:\/\/www.meydan.tv\/az\/article\/sebetler-kendinin-yol-susuzluq-derdi\/"},"wordCount":298,"publisher":{"@id":"https:\/\/www.meydan.tv\/az\/#organization"},"image":{"@id":"https:\/\/www.meydan.tv\/az\/article\/sebetler-kendinin-yol-susuzluq-derdi\/#primaryimage"},"thumbnailUrl":"https:\/\/www.meydan.tv\/wp-content\/uploads\/image00054.jpeg","articleSection":["B\u00f6lg\u0259","X\u0259b\u0259rl\u0259r"],"inLanguage":"az"},{"@type":"WebPage","@id":"https:\/\/www.meydan.tv\/az\/article\/sebetler-kendinin-yol-susuzluq-derdi\/","url":"https:\/\/www.meydan.tv\/az\/article\/sebetler-kendinin-yol-susuzluq-derdi\/","name":"S\u0259b\u0259tl\u0259r k\u0259ndinin yol, susuzluq d\u0259rdi - MEYDAN.TV","isPartOf":{"@id":"https:\/\/www.meydan.tv\/az\/#website"},"primaryImageOfPage":{"@id":"https:\/\/www.meydan.tv\/az\/article\/sebetler-kendinin-yol-susuzluq-derdi\/#primaryimage"},"image":{"@id":"https:\/\/www.meydan.tv\/az\/article\/sebetler-kendinin-yol-susuzluq-derdi\/#primaryimage"},"thumbnailUrl":"https:\/\/www.meydan.tv\/wp-content\/uploads\/image00054.jpeg","datePublished":"2024-04-29T14:29:02+00:00","dateModified":"2024-04-29T14:29:05+00:00","breadcrumb":{"@id":"https:\/\/www.meydan.tv\/az\/article\/sebetler-kendinin-yol-susuzluq-derdi\/#breadcrumb"},"inLanguage":"az","potentialAction":[{"@type":"ReadAction","target":["https:\/\/www.meydan.tv\/az\/article\/sebetler-kendinin-yol-susuzluq-derdi\/"]}]},{"@type":"ImageObject","inLanguage":"az","@id":"https:\/\/www.meydan.tv\/az\/article\/sebetler-kendinin-yol-susuzluq-derdi\/#primaryimage","url":"https:\/\/www.meydan.tv\/wp-content\/uploads\/image00054.jpeg","contentUrl":"https:\/\/www.meydan.tv\/wp-content\/uploads\/image00054.jpeg","width":1200,"height":900,"caption":"\u015e\u0259rti \u015f\u0259kil, k\u0259nd yollar\u0131, Foto: Meydan TV"},{"@type":"BreadcrumbList","@id":"https:\/\/www.meydan.tv\/az\/article\/sebetler-kendinin-yol-susuzluq-derdi\/#breadcrumb","itemListElement":[{"@type":"ListItem","position":1,"name":"Ana s\u0259hif\u0259","item":"https:\/\/www.meydan.tv\/az\/"},{"@type":"ListItem","position":2,"name":"B\u00f6lg\u0259","item":"https:\/\/www.meydan.tv\/az\/section\/bolge\/"},{"@type":"ListItem","position":3,"name":"S\u0259b\u0259tl\u0259r k\u0259ndinin yol, susuzluq d\u0259rdi"}]},{"@type":"WebSite","@id":"https:\/\/www.meydan.tv\/az\/#website","url":"https:\/\/www.meydan.tv\/az\/","name":"MEYDAN.TV","description":"Meydan TV Az\u0259rbaycan\u0131n media m\u0259kan\u0131ndak\u0131 alternativ s\u0259sidir","publisher":{"@id":"https:\/\/www.meydan.tv\/az\/#organization"},"potentialAction":[{"@type":"SearchAction","target":{"@type":"EntryPoint","urlTemplate":"https:\/\/www.meydan.tv\/az\/?s={search_term_string}"},"query-input":{"@type":"PropertyValueSpecification","valueRequired":true,"valueName":"search_term_string"}}],"inLanguage":"az"},{"@type":"Organization","@id":"https:\/\/www.meydan.tv\/az\/#organization","name":"Meydan TV","url":"https:\/\/www.meydan.tv\/az\/","logo":{"@type":"ImageObject","inLanguage":"az","@id":"https:\/\/www.meydan.tv\/az\/#\/schema\/logo\/image\/","url":"https:\/\/www.meydan.tv\/wp-content\/uploads\/2021\/07\/meydan-logo.svg","contentUrl":"https:\/\/www.meydan.tv\/wp-content\/uploads\/2021\/07\/meydan-logo.svg","width":195,"height":46,"caption":"Meydan TV"},"image":{"@id":"https:\/\/www.meydan.tv\/az\/#\/schema\/logo\/image\/"}},{"@type":"Person","@id":"https:\/\/www.meydan.tv\/az\/#\/schema\/person\/9cdbecf90d17180ce1dfbd95b08dcf47","name":"elli","sameAs":["https:\/\/x.com\/elli"]}]}},"_links":{"self":[{"href":"https:\/\/www.meydan.tv\/az\/wp-json\/wp\/v2\/posts\/304550","targetHints":{"allow":["GET"]}}],"collection":[{"href":"https:\/\/www.meydan.tv\/az\/wp-json\/wp\/v2\/posts"}],"about":[{"href":"https:\/\/www.meydan.tv\/az\/wp-json\/wp\/v2\/types\/post"}],"author":[{"embeddable":true,"href":"https:\/\/www.meydan.tv\/az\/wp-json\/wp\/v2\/users\/8"}],"replies":[{"embeddable":true,"href":"https:\/\/www.meydan.tv\/az\/wp-json\/wp\/v2\/comments?post=304550"}],"version-history":[{"count":3,"href":"https:\/\/www.meydan.tv\/az\/wp-json\/wp\/v2\/posts\/304550\/revisions"}],"predecessor-version":[{"id":304553,"href":"https:\/\/www.meydan.tv\/az\/wp-json\/wp\/v2\/posts\/304550\/revisions\/304553"}],"wp:featuredmedia":[{"embeddable":true,"href":"https:\/\/www.meydan.tv\/az\/wp-json\/wp\/v2\/media\/229076"}],"wp:attachment":[{"href":"https:\/\/www.meydan.tv\/az\/wp-json\/wp\/v2\/media?parent=304550"}],"wp:term":[{"taxonomy":"category","embeddable":true,"href":"https:\/\/www.meydan.tv\/az\/wp-json\/wp\/v2\/categories?post=304550"},{"taxonomy":"post_tag","embeddable":true,"href":"https:\/\/www.meydan.tv\/az\/wp-json\/wp\/v2\/tags?post=304550"}],"curies":[{"name":"wp","href":"https:\/\/api.w.org\/{rel}","templated":true}]}}