{"id":304547,"date":"2024-04-29T18:20:31","date_gmt":"2024-04-29T14:20:31","guid":{"rendered":"https:\/\/www.meydan.tv\/?p=304547"},"modified":"2024-04-29T18:20:35","modified_gmt":"2024-04-29T14:20:35","slug":"erkivanda-iki-mekteb-qezali-veziyyetdedir","status":"publish","type":"post","link":"https:\/\/www.meydan.tv\/az\/article\/erkivanda-iki-mekteb-qezali-veziyyetdedir\/","title":{"rendered":"\u018frkivanda iki m\u0259kt\u0259b q\u0259zal\u0131 v\u0259ziyy\u0259td\u0259dir"},"content":{"rendered":"\n<p><\/p>\n\n\n\n<p><strong><em>\u201cBura m\u00fcharib\u0259d\u0259n sonrak\u0131 xarabal\u0131\u011fa b\u0259nz\u0259yir\u201d<\/em><\/strong><br><\/p>\n\n\n\n<p>Masall\u0131n\u0131n \u018frkivan k\u0259ndind\u0259 yerl\u0259\u015f\u0259n 1 v\u0259 4 sayl\u0131 orta m\u0259kt\u0259bin binas\u0131 q\u0259zal\u0131 v\u0259ziyy\u0259td\u0259dir. <\/p>\n\n\n\n<p>Bu bar\u0259d\u0259 Meydan TV-y\u0259 k\u0259nd sakinl\u0259ri m\u0259lumat veribl\u0259r. Onlar\u0131n s\u00f6zl\u0259rin\u0259 g\u00f6r\u0259, \u018frkivan k\u0259ndi \u00f6lk\u0259nin \u0259n b\u00f6y\u00fck k\u0259ndl\u0259rind\u0259n biridir. 1 n\u00f6mr\u0259li m\u0259kt\u0259b 1979-cu ild\u0259 tikilib.<\/p>\n\n\n\n<p><em>\u201cH\u0259m 1, h\u0259m d\u0259 4 n\u00f6mr\u0259li m\u0259kt\u0259b t\u0259hsil oca\u011f\u0131ndan daha \u00e7ox, m\u00fcharib\u0259d\u0259n sonrak\u0131 xarabal\u0131\u011fa b\u0259nz\u0259yir. D\u00f6\u015f\u0259m\u0259 v\u0259 tavan \u00e7\u00f6k\u00fcb, ya\u011f\u0131\u015f ya\u011fan kimi ota\u011fa su dam\u0131r\u201d,-<\/em> sakinl\u0259rd\u0259n Namiq Sad\u0131qov bildirib.<\/p>\n\n\n\n<p>Sakinl\u0259rin s\u00f6zl\u0259rin\u0259 g\u00f6r\u0259, q\u0259zal\u0131 m\u0259kt\u0259bl\u0259rd\u0259 t\u0259dris davam edir. H\u0259tta m\u0259kt\u0259bin tavan\u0131ndan da\u015flar qoparaq yer\u0259 d\u00fc\u015f\u00fcr:<\/p>\n\n\n\n<figure class=\"wp-block-image size-full\"><img decoding=\"async\" width=\"1200\" height=\"533\" data-src=\"https:\/\/www.meydan.tv\/wp-content\/uploads\/img-20240429-wa0003.jpg\" alt=\"\" class=\"wp-image-304538 lazyload\" src=\"data:image\/svg+xml;base64,PHN2ZyB3aWR0aD0iMSIgaGVpZ2h0PSIxIiB4bWxucz0iaHR0cDovL3d3dy53My5vcmcvMjAwMC9zdmciPjwvc3ZnPg==\" style=\"--smush-placeholder-width: 1200px; --smush-placeholder-aspect-ratio: 1200\/533;\" \/><\/figure>\n\n\n\n<p><em>\u201cK\u0259ndd\u0259 bir ne\u00e7\u0259 m\u0259kt\u0259b f\u0259aliyy\u0259t g\u00f6st\u0259rir. Dig\u0259r bir m\u0259kt\u0259bin d\u0259 t\u0259mir\u0259 ehtiyac\u0131 var, amma 1 v\u0259 4 n\u00f6mr\u0259d\u0259 v\u0259ziyy\u0259t d\u0259h\u015f\u0259tli hal al\u0131b. V\u0259ziyy\u0259t buras\u0131ndad\u0131r ki, h\u0259r iki m\u0259kt\u0259bd\u0259 t\u0259hsilin s\u0259viyy\u0259si y\u00fcks\u0259kdir. \u00dcst\u0259lik, valideynl\u0259r yax\u0131n m\u0259kt\u0259bi qoyub, kilometrl\u0259rc\u0259 uzaq m\u0259kt\u0259b\u0259 u\u015faq aparmaq ist\u0259mirl\u0259r&#8221;.<\/em><\/p>\n\n\n\n<p>Valideynl\u0259r bildiribl\u0259r ki, he\u00e7 bir v\u0259zif\u0259li \u015f\u0259xs \u00f6z \u00f6vlad\u0131n\u0131n h\u0259min m\u0259kt\u0259bl\u0259rin yax\u0131n\u0131ndan ke\u00e7m\u0259sini bel\u0259 r\u0259va bilm\u0259z. \u00c7\u00fcnki u\u015faqlar\u0131n h\u0259yat\u0131 t\u0259hl\u00fck\u0259d\u0259dir. Binalar h\u0259r an ba\u015flar\u0131na u\u00e7a bil\u0259r. M\u0259kt\u0259bin qap\u0131-p\u0259nc\u0259r\u0259l\u0259ri d\u0259 q\u0131r\u0131l\u0131b, q\u0131\u015fda odunla q\u0131zd\u0131rmaq m\u00fcmk\u00fcn olmur.<\/p>\n\n\n\n<p>L\u0259nk\u0259ran-Astara Regional T\u0259hsil \u0130dar\u0259sind\u0259n bildiribl\u0259r ki, m\u0259kt\u0259bl\u0259r\u0259 bax\u0131\u015f ke\u00e7irilib. 1 sayl\u0131 m\u0259kt\u0259bd\u0259 yay t\u0259tilind\u0259 t\u0259mir i\u015fl\u0259ri n\u0259z\u0259rd\u0259 tutulub, dig\u0259r m\u0259kt\u0259b d\u0259 plana sal\u0131n\u0131b.<\/p>\n\n\n<div class=\"wp-block-image\">\n<figure class=\"aligncenter size-full\"><img decoding=\"async\" width=\"1200\" height=\"522\" data-src=\"https:\/\/www.meydan.tv\/wp-content\/uploads\/img-20240429-wa0002.jpg\" alt=\"\" class=\"wp-image-304541 lazyload\" src=\"data:image\/svg+xml;base64,PHN2ZyB3aWR0aD0iMSIgaGVpZ2h0PSIxIiB4bWxucz0iaHR0cDovL3d3dy53My5vcmcvMjAwMC9zdmciPjwvc3ZnPg==\" style=\"--smush-placeholder-width: 1200px; --smush-placeholder-aspect-ratio: 1200\/522;\" \/><\/figure>\n<\/div>","protected":false},"excerpt":{"rendered":"<p>\u201cBura m\u00fcharib\u0259d\u0259n sonrak\u0131 xarabal\u0131\u011fa b\u0259nz\u0259yir\u201d Masall\u0131n\u0131n \u018frkivan k\u0259ndind\u0259 yerl\u0259\u015f\u0259n 1 &#8230; <\/p>\n<p class=\"read-more-container\"><a title=\"\u018frkivanda iki m\u0259kt\u0259b q\u0259zal\u0131 v\u0259ziyy\u0259td\u0259dir\" class=\"read-more button\" href=\"https:\/\/www.meydan.tv\/az\/article\/erkivanda-iki-mekteb-qezali-veziyyetdedir\/#more-304547\" aria-label=\"Read more about \u018frkivanda iki m\u0259kt\u0259b q\u0259zal\u0131 v\u0259ziyy\u0259td\u0259dir\">Davam\u0131<\/a><\/p>\n","protected":false},"author":8,"featured_media":304544,"comment_status":"closed","ping_status":"closed","sticky":false,"template":"","format":"standard","meta":{"_acf_changed":false,"_sitemap_exclude":false,"_sitemap_priority":"","_sitemap_frequency":"","footnotes":""},"categories":[60,56],"tags":[],"class_list":["post-304547","post","type-post","status-publish","format-standard","has-post-thumbnail","hentry","category-bolge","category-xeberler","infinite-scroll-item","generate-columns","tablet-grid-50","mobile-grid-100","grid-parent","grid-33","no-featured-image-padding"],"acf":[],"yoast_head":"<!-- This site is optimized with the Yoast SEO plugin v27.4 - https:\/\/yoast.com\/product\/yoast-seo-wordpress\/ -->\n<title>\u018frkivanda iki m\u0259kt\u0259b q\u0259zal\u0131 v\u0259ziyy\u0259td\u0259dir - MEYDAN.TV<\/title>\n<meta name=\"robots\" content=\"index, follow, max-snippet:-1, max-image-preview:large, max-video-preview:-1\" \/>\n<link rel=\"canonical\" href=\"https:\/\/www.meydan.tv\/az\/article\/erkivanda-iki-mekteb-qezali-veziyyetdedir\/\" \/>\n<meta property=\"og:locale\" content=\"az_AZ\" \/>\n<meta property=\"og:type\" content=\"article\" \/>\n<meta property=\"og:title\" content=\"\u018frkivanda iki m\u0259kt\u0259b q\u0259zal\u0131 v\u0259ziyy\u0259td\u0259dir - MEYDAN.TV\" \/>\n<meta property=\"og:description\" content=\"\u201cBura m\u00fcharib\u0259d\u0259n sonrak\u0131 xarabal\u0131\u011fa b\u0259nz\u0259yir\u201d Masall\u0131n\u0131n \u018frkivan k\u0259ndind\u0259 yerl\u0259\u015f\u0259n 1 ... Davam\u0131\" \/>\n<meta property=\"og:url\" content=\"https:\/\/www.meydan.tv\/az\/article\/erkivanda-iki-mekteb-qezali-veziyyetdedir\/\" \/>\n<meta property=\"og:site_name\" content=\"MEYDAN.TV\" \/>\n<meta property=\"article:published_time\" content=\"2024-04-29T14:20:31+00:00\" \/>\n<meta property=\"article:modified_time\" content=\"2024-04-29T14:20:35+00:00\" \/>\n<meta property=\"og:image\" content=\"https:\/\/www.meydan.tv\/wp-content\/uploads\/img-20240429-wa0000.jpg\" \/>\n\t<meta property=\"og:image:width\" content=\"1200\" \/>\n\t<meta property=\"og:image:height\" content=\"689\" \/>\n\t<meta property=\"og:image:type\" content=\"image\/jpeg\" \/>\n<meta name=\"author\" content=\"elli\" \/>\n<meta name=\"twitter:card\" content=\"summary_large_image\" \/>\n<meta name=\"twitter:creator\" content=\"@elli\" \/>\n<script type=\"application\/ld+json\" class=\"yoast-schema-graph\">{\"@context\":\"https:\\\/\\\/schema.org\",\"@graph\":[{\"@type\":\"Article\",\"@id\":\"https:\\\/\\\/www.meydan.tv\\\/az\\\/article\\\/erkivanda-iki-mekteb-qezali-veziyyetdedir\\\/#article\",\"isPartOf\":{\"@id\":\"https:\\\/\\\/www.meydan.tv\\\/az\\\/article\\\/erkivanda-iki-mekteb-qezali-veziyyetdedir\\\/\"},\"author\":{\"name\":\"elli\",\"@id\":\"https:\\\/\\\/www.meydan.tv\\\/az\\\/#\\\/schema\\\/person\\\/9cdbecf90d17180ce1dfbd95b08dcf47\"},\"headline\":\"\u018frkivanda iki m\u0259kt\u0259b q\u0259zal\u0131 v\u0259ziyy\u0259td\u0259dir\",\"datePublished\":\"2024-04-29T14:20:31+00:00\",\"dateModified\":\"2024-04-29T14:20:35+00:00\",\"mainEntityOfPage\":{\"@id\":\"https:\\\/\\\/www.meydan.tv\\\/az\\\/article\\\/erkivanda-iki-mekteb-qezali-veziyyetdedir\\\/\"},\"wordCount\":370,\"publisher\":{\"@id\":\"https:\\\/\\\/www.meydan.tv\\\/az\\\/#organization\"},\"image\":{\"@id\":\"https:\\\/\\\/www.meydan.tv\\\/az\\\/article\\\/erkivanda-iki-mekteb-qezali-veziyyetdedir\\\/#primaryimage\"},\"thumbnailUrl\":\"https:\\\/\\\/www.meydan.tv\\\/wp-content\\\/uploads\\\/img-20240429-wa0000.jpg\",\"articleSection\":[\"B\u00f6lg\u0259\",\"X\u0259b\u0259rl\u0259r\"],\"inLanguage\":\"az\"},{\"@type\":\"WebPage\",\"@id\":\"https:\\\/\\\/www.meydan.tv\\\/az\\\/article\\\/erkivanda-iki-mekteb-qezali-veziyyetdedir\\\/\",\"url\":\"https:\\\/\\\/www.meydan.tv\\\/az\\\/article\\\/erkivanda-iki-mekteb-qezali-veziyyetdedir\\\/\",\"name\":\"\u018frkivanda iki m\u0259kt\u0259b q\u0259zal\u0131 v\u0259ziyy\u0259td\u0259dir - MEYDAN.TV\",\"isPartOf\":{\"@id\":\"https:\\\/\\\/www.meydan.tv\\\/az\\\/#website\"},\"primaryImageOfPage\":{\"@id\":\"https:\\\/\\\/www.meydan.tv\\\/az\\\/article\\\/erkivanda-iki-mekteb-qezali-veziyyetdedir\\\/#primaryimage\"},\"image\":{\"@id\":\"https:\\\/\\\/www.meydan.tv\\\/az\\\/article\\\/erkivanda-iki-mekteb-qezali-veziyyetdedir\\\/#primaryimage\"},\"thumbnailUrl\":\"https:\\\/\\\/www.meydan.tv\\\/wp-content\\\/uploads\\\/img-20240429-wa0000.jpg\",\"datePublished\":\"2024-04-29T14:20:31+00:00\",\"dateModified\":\"2024-04-29T14:20:35+00:00\",\"breadcrumb\":{\"@id\":\"https:\\\/\\\/www.meydan.tv\\\/az\\\/article\\\/erkivanda-iki-mekteb-qezali-veziyyetdedir\\\/#breadcrumb\"},\"inLanguage\":\"az\",\"potentialAction\":[{\"@type\":\"ReadAction\",\"target\":[\"https:\\\/\\\/www.meydan.tv\\\/az\\\/article\\\/erkivanda-iki-mekteb-qezali-veziyyetdedir\\\/\"]}]},{\"@type\":\"ImageObject\",\"inLanguage\":\"az\",\"@id\":\"https:\\\/\\\/www.meydan.tv\\\/az\\\/article\\\/erkivanda-iki-mekteb-qezali-veziyyetdedir\\\/#primaryimage\",\"url\":\"https:\\\/\\\/www.meydan.tv\\\/wp-content\\\/uploads\\\/img-20240429-wa0000.jpg\",\"contentUrl\":\"https:\\\/\\\/www.meydan.tv\\\/wp-content\\\/uploads\\\/img-20240429-wa0000.jpg\",\"width\":1200,\"height\":689,\"caption\":\"Fotolar: Meydan TV\"},{\"@type\":\"BreadcrumbList\",\"@id\":\"https:\\\/\\\/www.meydan.tv\\\/az\\\/article\\\/erkivanda-iki-mekteb-qezali-veziyyetdedir\\\/#breadcrumb\",\"itemListElement\":[{\"@type\":\"ListItem\",\"position\":1,\"name\":\"Ana s\u0259hif\u0259\",\"item\":\"https:\\\/\\\/www.meydan.tv\\\/az\\\/\"},{\"@type\":\"ListItem\",\"position\":2,\"name\":\"B\u00f6lg\u0259\",\"item\":\"https:\\\/\\\/www.meydan.tv\\\/az\\\/section\\\/bolge\\\/\"},{\"@type\":\"ListItem\",\"position\":3,\"name\":\"\u018frkivanda iki m\u0259kt\u0259b q\u0259zal\u0131 v\u0259ziyy\u0259td\u0259dir\"}]},{\"@type\":\"WebSite\",\"@id\":\"https:\\\/\\\/www.meydan.tv\\\/az\\\/#website\",\"url\":\"https:\\\/\\\/www.meydan.tv\\\/az\\\/\",\"name\":\"MEYDAN.TV\",\"description\":\"Meydan TV Az\u0259rbaycan\u0131n media m\u0259kan\u0131ndak\u0131 alternativ s\u0259sidir\",\"publisher\":{\"@id\":\"https:\\\/\\\/www.meydan.tv\\\/az\\\/#organization\"},\"potentialAction\":[{\"@type\":\"SearchAction\",\"target\":{\"@type\":\"EntryPoint\",\"urlTemplate\":\"https:\\\/\\\/www.meydan.tv\\\/az\\\/?s={search_term_string}\"},\"query-input\":{\"@type\":\"PropertyValueSpecification\",\"valueRequired\":true,\"valueName\":\"search_term_string\"}}],\"inLanguage\":\"az\"},{\"@type\":\"Organization\",\"@id\":\"https:\\\/\\\/www.meydan.tv\\\/az\\\/#organization\",\"name\":\"Meydan TV\",\"url\":\"https:\\\/\\\/www.meydan.tv\\\/az\\\/\",\"logo\":{\"@type\":\"ImageObject\",\"inLanguage\":\"az\",\"@id\":\"https:\\\/\\\/www.meydan.tv\\\/az\\\/#\\\/schema\\\/logo\\\/image\\\/\",\"url\":\"https:\\\/\\\/www.meydan.tv\\\/wp-content\\\/uploads\\\/2021\\\/07\\\/meydan-logo.svg\",\"contentUrl\":\"https:\\\/\\\/www.meydan.tv\\\/wp-content\\\/uploads\\\/2021\\\/07\\\/meydan-logo.svg\",\"width\":195,\"height\":46,\"caption\":\"Meydan TV\"},\"image\":{\"@id\":\"https:\\\/\\\/www.meydan.tv\\\/az\\\/#\\\/schema\\\/logo\\\/image\\\/\"}},{\"@type\":\"Person\",\"@id\":\"https:\\\/\\\/www.meydan.tv\\\/az\\\/#\\\/schema\\\/person\\\/9cdbecf90d17180ce1dfbd95b08dcf47\",\"name\":\"elli\",\"sameAs\":[\"https:\\\/\\\/x.com\\\/elli\"]}]}<\/script>\n<!-- \/ Yoast SEO plugin. -->","yoast_head_json":{"title":"\u018frkivanda iki m\u0259kt\u0259b q\u0259zal\u0131 v\u0259ziyy\u0259td\u0259dir - MEYDAN.TV","robots":{"index":"index","follow":"follow","max-snippet":"max-snippet:-1","max-image-preview":"max-image-preview:large","max-video-preview":"max-video-preview:-1"},"canonical":"https:\/\/www.meydan.tv\/az\/article\/erkivanda-iki-mekteb-qezali-veziyyetdedir\/","og_locale":"az_AZ","og_type":"article","og_title":"\u018frkivanda iki m\u0259kt\u0259b q\u0259zal\u0131 v\u0259ziyy\u0259td\u0259dir - MEYDAN.TV","og_description":"\u201cBura m\u00fcharib\u0259d\u0259n sonrak\u0131 xarabal\u0131\u011fa b\u0259nz\u0259yir\u201d Masall\u0131n\u0131n \u018frkivan k\u0259ndind\u0259 yerl\u0259\u015f\u0259n 1 ... Davam\u0131","og_url":"https:\/\/www.meydan.tv\/az\/article\/erkivanda-iki-mekteb-qezali-veziyyetdedir\/","og_site_name":"MEYDAN.TV","article_published_time":"2024-04-29T14:20:31+00:00","article_modified_time":"2024-04-29T14:20:35+00:00","og_image":[{"width":1200,"height":689,"url":"https:\/\/www.meydan.tv\/wp-content\/uploads\/img-20240429-wa0000.jpg","type":"image\/jpeg"}],"author":"elli","twitter_card":"summary_large_image","twitter_creator":"@elli","schema":{"@context":"https:\/\/schema.org","@graph":[{"@type":"Article","@id":"https:\/\/www.meydan.tv\/az\/article\/erkivanda-iki-mekteb-qezali-veziyyetdedir\/#article","isPartOf":{"@id":"https:\/\/www.meydan.tv\/az\/article\/erkivanda-iki-mekteb-qezali-veziyyetdedir\/"},"author":{"name":"elli","@id":"https:\/\/www.meydan.tv\/az\/#\/schema\/person\/9cdbecf90d17180ce1dfbd95b08dcf47"},"headline":"\u018frkivanda iki m\u0259kt\u0259b q\u0259zal\u0131 v\u0259ziyy\u0259td\u0259dir","datePublished":"2024-04-29T14:20:31+00:00","dateModified":"2024-04-29T14:20:35+00:00","mainEntityOfPage":{"@id":"https:\/\/www.meydan.tv\/az\/article\/erkivanda-iki-mekteb-qezali-veziyyetdedir\/"},"wordCount":370,"publisher":{"@id":"https:\/\/www.meydan.tv\/az\/#organization"},"image":{"@id":"https:\/\/www.meydan.tv\/az\/article\/erkivanda-iki-mekteb-qezali-veziyyetdedir\/#primaryimage"},"thumbnailUrl":"https:\/\/www.meydan.tv\/wp-content\/uploads\/img-20240429-wa0000.jpg","articleSection":["B\u00f6lg\u0259","X\u0259b\u0259rl\u0259r"],"inLanguage":"az"},{"@type":"WebPage","@id":"https:\/\/www.meydan.tv\/az\/article\/erkivanda-iki-mekteb-qezali-veziyyetdedir\/","url":"https:\/\/www.meydan.tv\/az\/article\/erkivanda-iki-mekteb-qezali-veziyyetdedir\/","name":"\u018frkivanda iki m\u0259kt\u0259b q\u0259zal\u0131 v\u0259ziyy\u0259td\u0259dir - MEYDAN.TV","isPartOf":{"@id":"https:\/\/www.meydan.tv\/az\/#website"},"primaryImageOfPage":{"@id":"https:\/\/www.meydan.tv\/az\/article\/erkivanda-iki-mekteb-qezali-veziyyetdedir\/#primaryimage"},"image":{"@id":"https:\/\/www.meydan.tv\/az\/article\/erkivanda-iki-mekteb-qezali-veziyyetdedir\/#primaryimage"},"thumbnailUrl":"https:\/\/www.meydan.tv\/wp-content\/uploads\/img-20240429-wa0000.jpg","datePublished":"2024-04-29T14:20:31+00:00","dateModified":"2024-04-29T14:20:35+00:00","breadcrumb":{"@id":"https:\/\/www.meydan.tv\/az\/article\/erkivanda-iki-mekteb-qezali-veziyyetdedir\/#breadcrumb"},"inLanguage":"az","potentialAction":[{"@type":"ReadAction","target":["https:\/\/www.meydan.tv\/az\/article\/erkivanda-iki-mekteb-qezali-veziyyetdedir\/"]}]},{"@type":"ImageObject","inLanguage":"az","@id":"https:\/\/www.meydan.tv\/az\/article\/erkivanda-iki-mekteb-qezali-veziyyetdedir\/#primaryimage","url":"https:\/\/www.meydan.tv\/wp-content\/uploads\/img-20240429-wa0000.jpg","contentUrl":"https:\/\/www.meydan.tv\/wp-content\/uploads\/img-20240429-wa0000.jpg","width":1200,"height":689,"caption":"Fotolar: Meydan TV"},{"@type":"BreadcrumbList","@id":"https:\/\/www.meydan.tv\/az\/article\/erkivanda-iki-mekteb-qezali-veziyyetdedir\/#breadcrumb","itemListElement":[{"@type":"ListItem","position":1,"name":"Ana s\u0259hif\u0259","item":"https:\/\/www.meydan.tv\/az\/"},{"@type":"ListItem","position":2,"name":"B\u00f6lg\u0259","item":"https:\/\/www.meydan.tv\/az\/section\/bolge\/"},{"@type":"ListItem","position":3,"name":"\u018frkivanda iki m\u0259kt\u0259b q\u0259zal\u0131 v\u0259ziyy\u0259td\u0259dir"}]},{"@type":"WebSite","@id":"https:\/\/www.meydan.tv\/az\/#website","url":"https:\/\/www.meydan.tv\/az\/","name":"MEYDAN.TV","description":"Meydan TV Az\u0259rbaycan\u0131n media m\u0259kan\u0131ndak\u0131 alternativ s\u0259sidir","publisher":{"@id":"https:\/\/www.meydan.tv\/az\/#organization"},"potentialAction":[{"@type":"SearchAction","target":{"@type":"EntryPoint","urlTemplate":"https:\/\/www.meydan.tv\/az\/?s={search_term_string}"},"query-input":{"@type":"PropertyValueSpecification","valueRequired":true,"valueName":"search_term_string"}}],"inLanguage":"az"},{"@type":"Organization","@id":"https:\/\/www.meydan.tv\/az\/#organization","name":"Meydan TV","url":"https:\/\/www.meydan.tv\/az\/","logo":{"@type":"ImageObject","inLanguage":"az","@id":"https:\/\/www.meydan.tv\/az\/#\/schema\/logo\/image\/","url":"https:\/\/www.meydan.tv\/wp-content\/uploads\/2021\/07\/meydan-logo.svg","contentUrl":"https:\/\/www.meydan.tv\/wp-content\/uploads\/2021\/07\/meydan-logo.svg","width":195,"height":46,"caption":"Meydan TV"},"image":{"@id":"https:\/\/www.meydan.tv\/az\/#\/schema\/logo\/image\/"}},{"@type":"Person","@id":"https:\/\/www.meydan.tv\/az\/#\/schema\/person\/9cdbecf90d17180ce1dfbd95b08dcf47","name":"elli","sameAs":["https:\/\/x.com\/elli"]}]}},"_links":{"self":[{"href":"https:\/\/www.meydan.tv\/az\/wp-json\/wp\/v2\/posts\/304547","targetHints":{"allow":["GET"]}}],"collection":[{"href":"https:\/\/www.meydan.tv\/az\/wp-json\/wp\/v2\/posts"}],"about":[{"href":"https:\/\/www.meydan.tv\/az\/wp-json\/wp\/v2\/types\/post"}],"author":[{"embeddable":true,"href":"https:\/\/www.meydan.tv\/az\/wp-json\/wp\/v2\/users\/8"}],"replies":[{"embeddable":true,"href":"https:\/\/www.meydan.tv\/az\/wp-json\/wp\/v2\/comments?post=304547"}],"version-history":[{"count":2,"href":"https:\/\/www.meydan.tv\/az\/wp-json\/wp\/v2\/posts\/304547\/revisions"}],"predecessor-version":[{"id":304549,"href":"https:\/\/www.meydan.tv\/az\/wp-json\/wp\/v2\/posts\/304547\/revisions\/304549"}],"wp:featuredmedia":[{"embeddable":true,"href":"https:\/\/www.meydan.tv\/az\/wp-json\/wp\/v2\/media\/304544"}],"wp:attachment":[{"href":"https:\/\/www.meydan.tv\/az\/wp-json\/wp\/v2\/media?parent=304547"}],"wp:term":[{"taxonomy":"category","embeddable":true,"href":"https:\/\/www.meydan.tv\/az\/wp-json\/wp\/v2\/categories?post=304547"},{"taxonomy":"post_tag","embeddable":true,"href":"https:\/\/www.meydan.tv\/az\/wp-json\/wp\/v2\/tags?post=304547"}],"curies":[{"name":"wp","href":"https:\/\/api.w.org\/{rel}","templated":true}]}}