{"id":304518,"date":"2024-04-29T16:05:54","date_gmt":"2024-04-29T12:05:54","guid":{"rendered":"https:\/\/www.meydan.tv\/?p=304518"},"modified":"2024-04-29T22:32:17","modified_gmt":"2024-04-29T18:32:17","slug":"anar-memmedli-saxlanilib","status":"publish","type":"post","link":"https:\/\/www.meydan.tv\/az\/article\/anar-memmedli-saxlanilib\/","title":{"rendered":"Anar M\u0259mm\u0259dli saxlan\u0131l\u0131b (yenil\u0259nib)"},"content":{"rendered":"\n<figure class=\"wp-block-embed is-type-video is-provider-youtube wp-block-embed-youtube wp-embed-aspect-16-9 wp-has-aspect-ratio\"><div class=\"wp-block-embed__wrapper\">\n<iframe title=\"Anar M\u0259mm\u0259dlinin v\u0259kili v\u0259 bac\u0131s\u0131 axtar\u0131\u015fa burax\u0131lmay\u0131b\" width=\"1200\" height=\"675\" data-src=\"https:\/\/www.youtube.com\/embed\/3yw5CwpfQvw?feature=oembed\" frameborder=\"0\" allow=\"accelerometer; autoplay; clipboard-write; encrypted-media; gyroscope; picture-in-picture; web-share\" referrerpolicy=\"strict-origin-when-cross-origin\" allowfullscreen src=\"data:image\/svg+xml;base64,PHN2ZyB3aWR0aD0iMSIgaGVpZ2h0PSIxIiB4bWxucz0iaHR0cDovL3d3dy53My5vcmcvMjAwMC9zdmciPjwvc3ZnPg==\" class=\"lazyload\" data-load-mode=\"1\"><\/iframe>\n<\/div><\/figure>\n\n\n\n<!--more-->\n\n\n\n<p><strong>V\u0259kil El\u00e7in Sad\u0131qov Anar M\u0259mm\u0259dlinin evind\u0259ki axtar\u0131\u015fa burax\u0131lmad\u0131\u011f\u0131n\u0131 deyir.<\/strong><\/p>\n\n\n\n<p><strong>Bu bar\u0259d\u0259 v\u0259kil sosial media hesab\u0131nda m\u0259lumat yay\u0131b.<\/strong><\/p>\n\n\n\n<p><em>&#8220;V\u0259kil orderim v\u0259 v\u0259siq\u0259ml\u0259 birlikd\u0259 Anar M\u0259mm\u0259dlinin evin yax\u0131nla\u015fsam da h\u0259l\u0259 ki polis m\u0259ni Anar M\u0259mm\u0259dli il\u0259 g\u00f6r\u00fc\u015f\u0259 v\u0259 axtar\u0131\u015f g\u00f6t\u00fcrm\u0259d\u0259 i\u015ftirak\u0131ma icaz\u0259 vermir&#8221;<\/em>, &#8211; dey\u0259 o qeyd <a href=\"https:\/\/www.facebook.com\/permalink.php?story_fbid=pfbid02Gqod63LY1rLtJqVQdGLY4t3Wm2azKQa6nwu3gVGyRBwt2Wm1xVtnD1uDdA7LrAGUl&amp;id=100000868041420\">edib.<\/a><\/p>\n\n\n\n<figure class=\"wp-block-image size-full\"><img decoding=\"async\" width=\"1200\" height=\"675\" data-src=\"https:\/\/www.meydan.tv\/wp-content\/uploads\/img_3376.jpg\" alt=\"\" class=\"wp-image-304529 lazyload\" src=\"data:image\/svg+xml;base64,PHN2ZyB3aWR0aD0iMSIgaGVpZ2h0PSIxIiB4bWxucz0iaHR0cDovL3d3dy53My5vcmcvMjAwMC9zdmciPjwvc3ZnPg==\" style=\"--smush-placeholder-width: 1200px; --smush-placeholder-aspect-ratio: 1200\/675;\" \/><figcaption class=\"wp-element-caption\">Anar M\u0259mm\u0259dlinin evinin qar\u015f\u0131s\u0131. Foto: Meydan TV<\/figcaption><\/figure>\n\n\n\n<p><\/p>\n\n\n\n<hr class=\"wp-block-separator has-alpha-channel-opacity\"\/>\n\n\n\n<p><strong>Haz\u0131rda polisin Anar M\u0259mm\u0259dlinin evind\u0259 axtar\u0131\u015f apard\u0131\u011f\u0131 bildirilir.<\/strong><\/p>\n\n\n\n<p><strong>Bu bar\u0259d\u0259 M\u0259mm\u0259dlinin yax\u0131nlar\u0131 m\u0259lumat yay\u0131blar.<\/strong><\/p>\n\n\n\n<p><\/p>\n\n\n\n<hr class=\"wp-block-separator has-alpha-channel-opacity\"\/>\n\n\n\n<p><strong><em>D\u0130N onunla ba\u011fl\u0131 ara\u015fd\u0131rma apar\u0131ld\u0131\u011f\u0131n\u0131 deyir<\/em><\/strong><\/p>\n\n\n\n<p>Se\u00e7kil\u0259rin Monitorinqi v\u0259 Demokratiyan\u0131n T\u0259drisi M\u0259rk\u0259zinin (SMDTM) r\u0259hb\u0259ri, insan h\u00fcquqlar\u0131 f\u0259al\u0131 v\u0259 ictimai idar\u0259etm\u0259 \u00fczr\u0259 ekspert Anar M\u0259mm\u0259dlinin aprelin 29-da&nbsp; polisl\u0259r t\u0259r\u0259find\u0259n saxlan\u0131ld\u0131\u011f\u0131 bildirilir.<\/p>\n\n\n\n<p>Bu bar\u0259d\u0259 h\u00fcquq m\u00fcdafi\u0259\u00e7isi B\u0259\u015fir S\u00fcleymanl\u0131 m\u0259lumat yay\u0131b.<\/p>\n\n\n\n<p>O deyib ki, Anar M\u0259mm\u0259dli Teymur \u018fliyev k\u00fc\u00e7\u0259si istiqam\u0259tind\u0259 ma\u015f\u0131na bas\u0131lararaq apar\u0131l\u0131b.<\/p>\n\n\n\n<p>Daxili \u0130\u015fl\u0259r Nazirliyinin (D\u0130N) M\u0259tbuat Xidm\u0259tinin \u0259m\u0259kda\u015f\u0131 \u0130brahim \u018fmiraslanl\u0131 M\u0259mm\u0259dlinin saxlan\u0131lmas\u0131n\u0131 Meydan TV-y\u0259 t\u0259sdiql\u0259yib.<\/p>\n\n\n\n<p>Onun s\u00f6zl\u0259rin\u0259 g\u00f6r\u0259, Anar M\u0259mm\u0259dlinin bar\u0259sind\u0259 ara\u015fd\u0131rma apar\u0131l\u0131r.<\/p>\n\n\n\n<p>2013-c\u00fc il Prezident se\u00e7kisind\u0259n iki h\u0259ft\u0259 sonra, oktaybr\u0131n 27-d\u0259 Ba\u015f Prokurorlu\u011fun A\u011f\u0131r Cinay\u0259tl\u0259r\u0259 dair \u0130\u015fl\u0259r  \u0130dar\u0259sind\u0259 Se\u00e7kil\u0259rin Monitorinqi v\u0259 Demokratiyan\u0131n T\u0259drisi M\u0259rk\u0259zin\u0259 (SMDTM) v\u0259 onun t\u0259r\u0259fda\u015f\u0131 olan K\u00f6n\u00fcll\u00fcl\u0259rin Beyn\u0259lxalq H\u0259mr\u0259yliyi Birliyin\u0259 qar\u015f\u0131 cinay\u0259t i\u015fi a\u00e7\u0131lm\u0131\u015fd\u0131.<\/p>\n\n\n\n<p>2 ay yar\u0131m s\u00fcr\u0259n istintaqdan sonra t\u0259\u015fkilat\u0131n r\u0259hb\u0259ri Anar M\u0259mm\u0259dli dekabr\u0131n 16-da saxlan\u0131laraq, bar\u0259sind\u0259 h\u0259bs q\u0259ti-imkan t\u0259dbiri se\u00e7ilib.<\/p>\n\n\n\n<p>O, 2014-c\u00fc ilin may\u0131nda m\u0259hk\u0259m\u0259 t\u0259r\u0259find\u0259n 5 il 6 ay azadl\u0131qdan m\u0259hrum edilib.<\/p>\n\n\n\n<p>2016-c\u0131 ild\u0259 \u0259fv s\u0259r\u0259ncam\u0131 il\u0259 azadl\u0131\u011fa burax\u0131l\u0131b.<\/p>\n","protected":false},"excerpt":{"rendered":"","protected":false},"author":8,"featured_media":210070,"comment_status":"closed","ping_status":"closed","sticky":false,"template":"","format":"standard","meta":{"_acf_changed":false,"_sitemap_exclude":false,"_sitemap_priority":"","_sitemap_frequency":"","footnotes":""},"categories":[59,79,63,56],"tags":[],"class_list":["post-304518","post","type-post","status-publish","format-standard","has-post-thumbnail","hentry","category-siyaset","category-featured","category-video-2","category-xeberler","infinite-scroll-item","generate-columns","tablet-grid-50","mobile-grid-100","grid-parent","grid-33","no-featured-image-padding"],"acf":[],"yoast_head":"<!-- This site is optimized with the Yoast SEO plugin v27.4 - https:\/\/yoast.com\/product\/yoast-seo-wordpress\/ -->\n<title>Anar M\u0259mm\u0259dli saxlan\u0131l\u0131b (yenil\u0259nib) - MEYDAN.TV<\/title>\n<meta name=\"robots\" content=\"index, follow, max-snippet:-1, max-image-preview:large, max-video-preview:-1\" \/>\n<link rel=\"canonical\" href=\"https:\/\/www.meydan.tv\/az\/article\/anar-memmedli-saxlanilib\/\" \/>\n<meta property=\"og:locale\" content=\"az_AZ\" \/>\n<meta property=\"og:type\" content=\"article\" \/>\n<meta property=\"og:title\" content=\"Anar M\u0259mm\u0259dli saxlan\u0131l\u0131b (yenil\u0259nib) - MEYDAN.TV\" \/>\n<meta property=\"og:url\" content=\"https:\/\/www.meydan.tv\/az\/article\/anar-memmedli-saxlanilib\/\" \/>\n<meta property=\"og:site_name\" content=\"MEYDAN.TV\" \/>\n<meta property=\"article:published_time\" content=\"2024-04-29T12:05:54+00:00\" \/>\n<meta property=\"article:modified_time\" content=\"2024-04-29T18:32:17+00:00\" \/>\n<meta property=\"og:image\" content=\"https:\/\/www.meydan.tv\/wp-content\/uploads\/anar_memmedli-scaled-e1714391983460.jpg\" \/>\n\t<meta property=\"og:image:width\" content=\"2560\" \/>\n\t<meta property=\"og:image:height\" content=\"1314\" \/>\n\t<meta property=\"og:image:type\" content=\"image\/jpeg\" \/>\n<meta name=\"author\" content=\"elli\" \/>\n<meta name=\"twitter:card\" content=\"summary_large_image\" \/>\n<meta name=\"twitter:creator\" content=\"@elli\" \/>\n<script type=\"application\/ld+json\" class=\"yoast-schema-graph\">{\"@context\":\"https:\\\/\\\/schema.org\",\"@graph\":[{\"@type\":\"Article\",\"@id\":\"https:\\\/\\\/www.meydan.tv\\\/az\\\/article\\\/anar-memmedli-saxlanilib\\\/#article\",\"isPartOf\":{\"@id\":\"https:\\\/\\\/www.meydan.tv\\\/az\\\/article\\\/anar-memmedli-saxlanilib\\\/\"},\"author\":{\"name\":\"elli\",\"@id\":\"https:\\\/\\\/www.meydan.tv\\\/az\\\/#\\\/schema\\\/person\\\/9cdbecf90d17180ce1dfbd95b08dcf47\"},\"headline\":\"Anar M\u0259mm\u0259dli saxlan\u0131l\u0131b (yenil\u0259nib)\",\"datePublished\":\"2024-04-29T12:05:54+00:00\",\"dateModified\":\"2024-04-29T18:32:17+00:00\",\"mainEntityOfPage\":{\"@id\":\"https:\\\/\\\/www.meydan.tv\\\/az\\\/article\\\/anar-memmedli-saxlanilib\\\/\"},\"wordCount\":386,\"publisher\":{\"@id\":\"https:\\\/\\\/www.meydan.tv\\\/az\\\/#organization\"},\"image\":{\"@id\":\"https:\\\/\\\/www.meydan.tv\\\/az\\\/article\\\/anar-memmedli-saxlanilib\\\/#primaryimage\"},\"thumbnailUrl\":\"https:\\\/\\\/www.meydan.tv\\\/wp-content\\\/uploads\\\/anar_memmedli-scaled-e1714391983460.jpg\",\"articleSection\":[\"Siyas\u0259t\",\"T\u00f6vsiy\u0259\",\"Video\",\"X\u0259b\u0259rl\u0259r\"],\"inLanguage\":\"az\"},{\"@type\":\"WebPage\",\"@id\":\"https:\\\/\\\/www.meydan.tv\\\/az\\\/article\\\/anar-memmedli-saxlanilib\\\/\",\"url\":\"https:\\\/\\\/www.meydan.tv\\\/az\\\/article\\\/anar-memmedli-saxlanilib\\\/\",\"name\":\"Anar M\u0259mm\u0259dli saxlan\u0131l\u0131b (yenil\u0259nib) - MEYDAN.TV\",\"isPartOf\":{\"@id\":\"https:\\\/\\\/www.meydan.tv\\\/az\\\/#website\"},\"primaryImageOfPage\":{\"@id\":\"https:\\\/\\\/www.meydan.tv\\\/az\\\/article\\\/anar-memmedli-saxlanilib\\\/#primaryimage\"},\"image\":{\"@id\":\"https:\\\/\\\/www.meydan.tv\\\/az\\\/article\\\/anar-memmedli-saxlanilib\\\/#primaryimage\"},\"thumbnailUrl\":\"https:\\\/\\\/www.meydan.tv\\\/wp-content\\\/uploads\\\/anar_memmedli-scaled-e1714391983460.jpg\",\"datePublished\":\"2024-04-29T12:05:54+00:00\",\"dateModified\":\"2024-04-29T18:32:17+00:00\",\"breadcrumb\":{\"@id\":\"https:\\\/\\\/www.meydan.tv\\\/az\\\/article\\\/anar-memmedli-saxlanilib\\\/#breadcrumb\"},\"inLanguage\":\"az\",\"potentialAction\":[{\"@type\":\"ReadAction\",\"target\":[\"https:\\\/\\\/www.meydan.tv\\\/az\\\/article\\\/anar-memmedli-saxlanilib\\\/\"]}]},{\"@type\":\"ImageObject\",\"inLanguage\":\"az\",\"@id\":\"https:\\\/\\\/www.meydan.tv\\\/az\\\/article\\\/anar-memmedli-saxlanilib\\\/#primaryimage\",\"url\":\"https:\\\/\\\/www.meydan.tv\\\/wp-content\\\/uploads\\\/anar_memmedli-scaled-e1714391983460.jpg\",\"contentUrl\":\"https:\\\/\\\/www.meydan.tv\\\/wp-content\\\/uploads\\\/anar_memmedli-scaled-e1714391983460.jpg\",\"width\":2560,\"height\":1314,\"caption\":\"Anar M\u0259mm\u0259dli. \u0130ll\u00fcstrasiya: Meydan TV\"},{\"@type\":\"BreadcrumbList\",\"@id\":\"https:\\\/\\\/www.meydan.tv\\\/az\\\/article\\\/anar-memmedli-saxlanilib\\\/#breadcrumb\",\"itemListElement\":[{\"@type\":\"ListItem\",\"position\":1,\"name\":\"Ana s\u0259hif\u0259\",\"item\":\"https:\\\/\\\/www.meydan.tv\\\/az\\\/\"},{\"@type\":\"ListItem\",\"position\":2,\"name\":\"Siyas\u0259t\",\"item\":\"https:\\\/\\\/www.meydan.tv\\\/az\\\/section\\\/siyaset\\\/\"},{\"@type\":\"ListItem\",\"position\":3,\"name\":\"Anar M\u0259mm\u0259dli saxlan\u0131l\u0131b (yenil\u0259nib)\"}]},{\"@type\":\"WebSite\",\"@id\":\"https:\\\/\\\/www.meydan.tv\\\/az\\\/#website\",\"url\":\"https:\\\/\\\/www.meydan.tv\\\/az\\\/\",\"name\":\"MEYDAN.TV\",\"description\":\"Meydan TV Az\u0259rbaycan\u0131n media m\u0259kan\u0131ndak\u0131 alternativ s\u0259sidir\",\"publisher\":{\"@id\":\"https:\\\/\\\/www.meydan.tv\\\/az\\\/#organization\"},\"potentialAction\":[{\"@type\":\"SearchAction\",\"target\":{\"@type\":\"EntryPoint\",\"urlTemplate\":\"https:\\\/\\\/www.meydan.tv\\\/az\\\/?s={search_term_string}\"},\"query-input\":{\"@type\":\"PropertyValueSpecification\",\"valueRequired\":true,\"valueName\":\"search_term_string\"}}],\"inLanguage\":\"az\"},{\"@type\":\"Organization\",\"@id\":\"https:\\\/\\\/www.meydan.tv\\\/az\\\/#organization\",\"name\":\"Meydan TV\",\"url\":\"https:\\\/\\\/www.meydan.tv\\\/az\\\/\",\"logo\":{\"@type\":\"ImageObject\",\"inLanguage\":\"az\",\"@id\":\"https:\\\/\\\/www.meydan.tv\\\/az\\\/#\\\/schema\\\/logo\\\/image\\\/\",\"url\":\"https:\\\/\\\/www.meydan.tv\\\/wp-content\\\/uploads\\\/2021\\\/07\\\/meydan-logo.svg\",\"contentUrl\":\"https:\\\/\\\/www.meydan.tv\\\/wp-content\\\/uploads\\\/2021\\\/07\\\/meydan-logo.svg\",\"width\":195,\"height\":46,\"caption\":\"Meydan TV\"},\"image\":{\"@id\":\"https:\\\/\\\/www.meydan.tv\\\/az\\\/#\\\/schema\\\/logo\\\/image\\\/\"}},{\"@type\":\"Person\",\"@id\":\"https:\\\/\\\/www.meydan.tv\\\/az\\\/#\\\/schema\\\/person\\\/9cdbecf90d17180ce1dfbd95b08dcf47\",\"name\":\"elli\",\"sameAs\":[\"https:\\\/\\\/x.com\\\/elli\"]}]}<\/script>\n<!-- \/ Yoast SEO plugin. -->","yoast_head_json":{"title":"Anar M\u0259mm\u0259dli saxlan\u0131l\u0131b (yenil\u0259nib) - MEYDAN.TV","robots":{"index":"index","follow":"follow","max-snippet":"max-snippet:-1","max-image-preview":"max-image-preview:large","max-video-preview":"max-video-preview:-1"},"canonical":"https:\/\/www.meydan.tv\/az\/article\/anar-memmedli-saxlanilib\/","og_locale":"az_AZ","og_type":"article","og_title":"Anar M\u0259mm\u0259dli saxlan\u0131l\u0131b (yenil\u0259nib) - MEYDAN.TV","og_url":"https:\/\/www.meydan.tv\/az\/article\/anar-memmedli-saxlanilib\/","og_site_name":"MEYDAN.TV","article_published_time":"2024-04-29T12:05:54+00:00","article_modified_time":"2024-04-29T18:32:17+00:00","og_image":[{"width":2560,"height":1314,"url":"https:\/\/www.meydan.tv\/wp-content\/uploads\/anar_memmedli-scaled-e1714391983460.jpg","type":"image\/jpeg"}],"author":"elli","twitter_card":"summary_large_image","twitter_creator":"@elli","schema":{"@context":"https:\/\/schema.org","@graph":[{"@type":"Article","@id":"https:\/\/www.meydan.tv\/az\/article\/anar-memmedli-saxlanilib\/#article","isPartOf":{"@id":"https:\/\/www.meydan.tv\/az\/article\/anar-memmedli-saxlanilib\/"},"author":{"name":"elli","@id":"https:\/\/www.meydan.tv\/az\/#\/schema\/person\/9cdbecf90d17180ce1dfbd95b08dcf47"},"headline":"Anar M\u0259mm\u0259dli saxlan\u0131l\u0131b (yenil\u0259nib)","datePublished":"2024-04-29T12:05:54+00:00","dateModified":"2024-04-29T18:32:17+00:00","mainEntityOfPage":{"@id":"https:\/\/www.meydan.tv\/az\/article\/anar-memmedli-saxlanilib\/"},"wordCount":386,"publisher":{"@id":"https:\/\/www.meydan.tv\/az\/#organization"},"image":{"@id":"https:\/\/www.meydan.tv\/az\/article\/anar-memmedli-saxlanilib\/#primaryimage"},"thumbnailUrl":"https:\/\/www.meydan.tv\/wp-content\/uploads\/anar_memmedli-scaled-e1714391983460.jpg","articleSection":["Siyas\u0259t","T\u00f6vsiy\u0259","Video","X\u0259b\u0259rl\u0259r"],"inLanguage":"az"},{"@type":"WebPage","@id":"https:\/\/www.meydan.tv\/az\/article\/anar-memmedli-saxlanilib\/","url":"https:\/\/www.meydan.tv\/az\/article\/anar-memmedli-saxlanilib\/","name":"Anar M\u0259mm\u0259dli saxlan\u0131l\u0131b (yenil\u0259nib) - MEYDAN.TV","isPartOf":{"@id":"https:\/\/www.meydan.tv\/az\/#website"},"primaryImageOfPage":{"@id":"https:\/\/www.meydan.tv\/az\/article\/anar-memmedli-saxlanilib\/#primaryimage"},"image":{"@id":"https:\/\/www.meydan.tv\/az\/article\/anar-memmedli-saxlanilib\/#primaryimage"},"thumbnailUrl":"https:\/\/www.meydan.tv\/wp-content\/uploads\/anar_memmedli-scaled-e1714391983460.jpg","datePublished":"2024-04-29T12:05:54+00:00","dateModified":"2024-04-29T18:32:17+00:00","breadcrumb":{"@id":"https:\/\/www.meydan.tv\/az\/article\/anar-memmedli-saxlanilib\/#breadcrumb"},"inLanguage":"az","potentialAction":[{"@type":"ReadAction","target":["https:\/\/www.meydan.tv\/az\/article\/anar-memmedli-saxlanilib\/"]}]},{"@type":"ImageObject","inLanguage":"az","@id":"https:\/\/www.meydan.tv\/az\/article\/anar-memmedli-saxlanilib\/#primaryimage","url":"https:\/\/www.meydan.tv\/wp-content\/uploads\/anar_memmedli-scaled-e1714391983460.jpg","contentUrl":"https:\/\/www.meydan.tv\/wp-content\/uploads\/anar_memmedli-scaled-e1714391983460.jpg","width":2560,"height":1314,"caption":"Anar M\u0259mm\u0259dli. \u0130ll\u00fcstrasiya: Meydan TV"},{"@type":"BreadcrumbList","@id":"https:\/\/www.meydan.tv\/az\/article\/anar-memmedli-saxlanilib\/#breadcrumb","itemListElement":[{"@type":"ListItem","position":1,"name":"Ana s\u0259hif\u0259","item":"https:\/\/www.meydan.tv\/az\/"},{"@type":"ListItem","position":2,"name":"Siyas\u0259t","item":"https:\/\/www.meydan.tv\/az\/section\/siyaset\/"},{"@type":"ListItem","position":3,"name":"Anar M\u0259mm\u0259dli saxlan\u0131l\u0131b (yenil\u0259nib)"}]},{"@type":"WebSite","@id":"https:\/\/www.meydan.tv\/az\/#website","url":"https:\/\/www.meydan.tv\/az\/","name":"MEYDAN.TV","description":"Meydan TV Az\u0259rbaycan\u0131n media m\u0259kan\u0131ndak\u0131 alternativ s\u0259sidir","publisher":{"@id":"https:\/\/www.meydan.tv\/az\/#organization"},"potentialAction":[{"@type":"SearchAction","target":{"@type":"EntryPoint","urlTemplate":"https:\/\/www.meydan.tv\/az\/?s={search_term_string}"},"query-input":{"@type":"PropertyValueSpecification","valueRequired":true,"valueName":"search_term_string"}}],"inLanguage":"az"},{"@type":"Organization","@id":"https:\/\/www.meydan.tv\/az\/#organization","name":"Meydan TV","url":"https:\/\/www.meydan.tv\/az\/","logo":{"@type":"ImageObject","inLanguage":"az","@id":"https:\/\/www.meydan.tv\/az\/#\/schema\/logo\/image\/","url":"https:\/\/www.meydan.tv\/wp-content\/uploads\/2021\/07\/meydan-logo.svg","contentUrl":"https:\/\/www.meydan.tv\/wp-content\/uploads\/2021\/07\/meydan-logo.svg","width":195,"height":46,"caption":"Meydan TV"},"image":{"@id":"https:\/\/www.meydan.tv\/az\/#\/schema\/logo\/image\/"}},{"@type":"Person","@id":"https:\/\/www.meydan.tv\/az\/#\/schema\/person\/9cdbecf90d17180ce1dfbd95b08dcf47","name":"elli","sameAs":["https:\/\/x.com\/elli"]}]}},"_links":{"self":[{"href":"https:\/\/www.meydan.tv\/az\/wp-json\/wp\/v2\/posts\/304518","targetHints":{"allow":["GET"]}}],"collection":[{"href":"https:\/\/www.meydan.tv\/az\/wp-json\/wp\/v2\/posts"}],"about":[{"href":"https:\/\/www.meydan.tv\/az\/wp-json\/wp\/v2\/types\/post"}],"author":[{"embeddable":true,"href":"https:\/\/www.meydan.tv\/az\/wp-json\/wp\/v2\/users\/8"}],"replies":[{"embeddable":true,"href":"https:\/\/www.meydan.tv\/az\/wp-json\/wp\/v2\/comments?post=304518"}],"version-history":[{"count":11,"href":"https:\/\/www.meydan.tv\/az\/wp-json\/wp\/v2\/posts\/304518\/revisions"}],"predecessor-version":[{"id":304577,"href":"https:\/\/www.meydan.tv\/az\/wp-json\/wp\/v2\/posts\/304518\/revisions\/304577"}],"wp:featuredmedia":[{"embeddable":true,"href":"https:\/\/www.meydan.tv\/az\/wp-json\/wp\/v2\/media\/210070"}],"wp:attachment":[{"href":"https:\/\/www.meydan.tv\/az\/wp-json\/wp\/v2\/media?parent=304518"}],"wp:term":[{"taxonomy":"category","embeddable":true,"href":"https:\/\/www.meydan.tv\/az\/wp-json\/wp\/v2\/categories?post=304518"},{"taxonomy":"post_tag","embeddable":true,"href":"https:\/\/www.meydan.tv\/az\/wp-json\/wp\/v2\/tags?post=304518"}],"curies":[{"name":"wp","href":"https:\/\/api.w.org\/{rel}","templated":true}]}}