{"id":304490,"date":"2024-04-29T12:29:10","date_gmt":"2024-04-29T08:29:10","guid":{"rendered":"https:\/\/www.meydan.tv\/?p=304490"},"modified":"2024-04-29T12:29:13","modified_gmt":"2024-04-29T08:29:13","slug":"hec-vaxt-suriyaya-getmemisem-turkiyede-tikintilerde-fehlelik-edirdim","status":"publish","type":"post","link":"https:\/\/www.meydan.tv\/az\/article\/hec-vaxt-suriyaya-getmemisem-turkiyede-tikintilerde-fehlelik-edirdim\/","title":{"rendered":"\u201cHe\u00e7 vaxt Suriyaya getm\u0259mi\u015f\u0259m, T\u00fcrkiy\u0259d\u0259 tikintil\u0259rd\u0259 f\u0259hl\u0259lik edirdim&#8230;\u201d"},"content":{"rendered":"\n<p><\/p>\n\n\n\n<p><strong><em>Suriyadak\u0131 d\u00f6y\u00fc\u015fl\u0259r\u0259 g\u00f6r\u0259 c\u0259zaland\u0131r\u0131lan \u015e\u0259ki sakini t\u0259qsirsiz oldu\u011funu deyir<\/em><\/strong><\/p>\n\n\n\n<p>\u015e\u0259ki sakini B\u0259yl\u0259r Balab\u0259yli Suriyadak\u0131 silahl\u0131 qrupla\u015fmalara qo\u015fulub, onlarla birg\u0259 f\u0259aliyy\u0259td\u0259 ittiham olunur. El\u0259 bu ittihamla da bir il\u0259 yax\u0131nd\u0131r ki, h\u0259bsd\u0259dir. M\u0259hk\u0259m\u0259 ona 7 il 6 ay azadl\u0131qdan m\u0259hrumetm\u0259 c\u0259zas\u0131 verib. Amma \u00f6z\u00fc d\u0259, yax\u0131nlar\u0131 da onun \u00fcmumiyy\u0259tl\u0259, Suriyaya getm\u0259diyini deyir.<\/p>\n\n\n\n<p><strong>\u201cT\u0259xmin\u0259n 20-25 g\u00fcn saxlayandan sonra Az\u0259rbaycana t\u0259hvil veribl\u0259r\u201d<\/strong><\/p>\n\n\n\n<p>Onlar bildirir ki, B\u0259yl\u0259r Balab\u0259yli 2017-ci ild\u0259n Rusiyan\u0131n \u00c7elyabinsk \u015f\u0259h\u0259rind\u0259 day\u0131s\u0131n\u0131n yan\u0131nda i\u015fl\u0259m\u0259y\u0259 gedib. 6 ild\u0259n \u00e7ox he\u00e7 bir problem ya\u015famadan orada i\u015fl\u0259yib. 2023-c\u00fc ilin iyulunda is\u0259 saxlan\u0131l\u0131b v\u0259 Az\u0259rbaycanda h\u00fcquq-m\u00fchafiz\u0259 orqanlar\u0131n\u0131n onu axtar\u0131\u015fa verdiyi deyilib:<\/p>\n\n\n\n<p><em>\u201cT\u0259xmin\u0259n 20-25 g\u00fcn saxlayandan sonra Az\u0259rbaycana t\u0259hvil veribl\u0259r. Bak\u0131ya g\u0259tiril\u0259n kimi d\u0259 birba\u015fa DTX-ya (D\u00f6vl\u0259t T\u0259hl\u00fck\u0259sizliyi Xidm\u0259ti) apar\u0131blar\u201d.<\/em><\/p>\n\n\n\n<p>Cinay\u0259t i\u015finin materiallar\u0131nda iddia olunur ki, B\u0259yl\u0259r Balab\u0259yli 2013-c\u00fc ilin sentyabr\u0131ndan 2014-c\u00fc ilin aprelin\u0259 q\u0259d\u0259r Suriyada olub. Orada \u201cC\u0259bh\u0259t \u0259n-Nusra\u201d qrupla\u015fmas\u0131n\u0131n tabeliyind\u0259, az\u0259rbaycanl\u0131lardan ibar\u0259t birliyin t\u0259rkibind\u0259 olub. Bu birliy\u0259 d\u0259 orada \u201cAbu Muhamm\u0259d\u201d l\u0259q\u0259bil\u0259 tan\u0131nan az\u0259rbaycanl\u0131 Aqil Hac\u0131yevin r\u0259hb\u0259rlik etdiyi bildirilir.<\/p>\n\n\n\n<p>\u0130ttihama g\u00f6r\u0259, B\u0259yl\u0259r Balab\u0259yli 2013-c\u00fc ild\u0259 Az\u0259rbaycandan G\u00fcrc\u00fcstana, oradan T\u00fcrkiy\u0259y\u0259 gedib. Onu T\u00fcrkiy\u0259d\u0259n d\u0259 qanunsuz yolla Suriyaya ke\u00e7iribl\u0259r. Orada oldu\u011fu m\u00fcdd\u0259td\u0259 h\u0259rbi t\u0259liml\u0259r\u0259 qat\u0131l\u0131b, \u201cC\u0259bh\u0259t \u0259n-Nusra\u201dn\u0131n n\u0259zar\u0259tind\u0259 olan \u0259razil\u0259rd\u0259 postlar\u0131 m\u00fchafiz\u0259 el\u0259yib.<\/p>\n\n\n\n<p><strong>\u201cDedil\u0259r ki, Az\u0259rbaycan m\u0259ni axtar\u0131\u015fa verib\u201d<\/strong><\/p>\n\n\n\n<p>32 ya\u015fl\u0131 B\u0259yl\u0259r Balab\u0259yli is\u0259 deyir ki, yaland\u0131r, he\u00e7 vaxt Suriyaya getm\u0259yib. O, t\u0259sdiql\u0259yir ki, dini inanc\u0131 var, 14 ya\u015f\u0131ndan ibad\u0259t edir, namaz q\u0131l\u0131r. Onun s\u00f6zl\u0259rin\u0259 g\u00f6r\u0259, h\u0259l\u0259 20 ya\u015f\u0131 olanda T\u00fcrkiy\u0259y\u0259 i\u015fl\u0259m\u0259y\u0259 gedib, orada tikintid\u0259 f\u0259hl\u0259lik edib. H\u0259min \u015firk\u0259tin briqadiri 2013-c\u00fc ilin yay\u0131nda yenid\u0259n onu i\u015fl\u0259m\u0259y\u0259 \u00e7a\u011f\u0131r\u0131b. Bu \u00fczd\u0259n 2013-c\u00fc ilin avqustunda yenid\u0259n T\u00fcrkiy\u0259y\u0259 gedib. Ucuz ba\u015fa g\u0259lsin dey\u0259, t\u0259yyar\u0259 il\u0259 yox, Balak\u0259nd\u0259ki s\u0259rh\u0259d-burax\u0131l\u0131\u015f m\u0259nt\u0259q\u0259sind\u0259n ke\u00e7ib G\u00fcrc\u00fcstana, oradan da T\u00fcrkiy\u0259y\u0259 gedib. 2014-c\u00fc ilin aprelind\u0259 is\u0259 Az\u0259rbaycana qay\u0131d\u0131b. Yen\u0259 d\u0259 G\u00fcrc\u00fcstan yoluyla g\u0259lib, amma bu d\u0259f\u0259 \u00f6lk\u0259y\u0259 Qazaxdak\u0131 s\u0259rh\u0259d-burax\u0131l\u0131\u015f m\u0259nt\u0259q\u0259sind\u0259n daxil olub.<\/p>\n\n\n\n<p><em>\u201cM\u0259n T\u00fcrkiy\u0259d\u0259 tikintil\u0259rd\u0259 f\u0259hl\u0259lik edirdim. He\u00e7 vaxt Suriyada olmam\u0131\u015fam. He\u00e7 bir qanunsuz silahl\u0131 birl\u0259\u015fm\u0259d\u0259 i\u015ftirak el\u0259m\u0259mi\u015f\u0259m. Pnevmaniya x\u0259st\u0259liyin\u0259 tutulmu\u015fdum. 2016-c\u0131 ild\u0259 m\u00fcalic\u0259 \u00fc\u00e7\u00fcn \u0130rana getmi\u015fdim. Avqsutun 12-d\u0259 gedib, sentyabr\u0131n 12-d\u0259 qay\u0131tm\u0131\u015fam. Arada G\u00fcrc\u00fcstana gedib-qay\u0131tm\u0131\u015fam. M\u0259s\u0259l\u0259n, avtomobilim\u0259 ehtiyat hiss\u0259l\u0259ri almaq \u00fc\u00e7\u00fcn. 2017-ci ilin fevral\u0131nda da day\u0131m\u0131n yan\u0131na \u2013 Rusiyan\u0131n \u00c7elyabinsk \u015f\u0259h\u0259rin\u0259 i\u015fl\u0259m\u0259y\u0259 getmi\u015f\u0259m. 2023-c\u00fc il iyulun 20-d\u0259 m\u0259ni Rusiyan\u0131n x\u00fcsusi xidm\u0259t orqanlar\u0131n\u0131n \u0259m\u0259kda\u015flar\u0131 saxlad\u0131. Dedil\u0259r ki, Az\u0259rbaycan m\u0259ni axtar\u0131\u015fa verib. Avqustun 14-d\u0259 d\u0259 Bak\u0131ya g\u00f6nd\u0259rdil\u0259r\u201d, &#8211;<\/em> B\u0259yl\u0259r Balab\u0259ylinin s\u00f6zl\u0259ridir.<\/p>\n\n\n\n<p>R\u0259smi s\u0259n\u0259dl\u0259rd\u0259 is\u0259 iddia olunur ki, B\u0259yl\u0259r Balab\u0259yli miqrasiya-qeydiyyat qaydalar\u0131n\u0131 pozdu\u011funa g\u00f6r\u0259 \u00f6t\u0259n il iyulun 20-d\u0259 saxlan\u0131l\u0131b v\u0259 c\u0259rim\u0259l\u0259n\u0259r\u0259k, deportasiya edilib. Avqustun 14-d\u0259 Bak\u0131ya qay\u0131danda is\u0259 hava liman\u0131nda saxlan\u0131laraq, DTX \u0259m\u0259kda\u015flar\u0131na t\u0259hvil verilib.<\/p>\n\n\n\n<p>\u015e\u0259ki A\u011f\u0131r Cinay\u0259tl\u0259r M\u0259hk\u0259m\u0259si onu Cinay\u0259t M\u0259c\u0259ll\u0259sinin 218 (cinay\u0259tkar birliyin t\u0259rkibind\u0259 i\u015ftirak) v\u0259 279-cu (qanunsuz silahl\u0131 birl\u0259\u015fm\u0259l\u0259rin t\u0259rkibind\u0259 i\u015ftirak) madd\u0259l\u0259ril\u0259 t\u0259qsirli bilib. \u0130ddia olunur ki, B\u0259yl\u0259r Balab\u0259ylini Suriyada g\u00f6r\u0259n \u015fahidl\u0259r var. M\u0259hk\u0259m\u0259nin \u0259sas arqumentl\u0259rind\u0259n biri d\u0259 budur ki, 2013-c\u00fc ilin avqustunda B\u0259yl\u0259r Balab\u0259yli \u00f6lk\u0259d\u0259n \u00e7\u0131xan vaxtda eyni s\u0259rh\u0259d-burax\u0131l\u0131\u015f m\u0259nt\u0259q\u0259sind\u0259n Suriyaya ged\u0259n bir ne\u00e7\u0259 ba\u015fqa az\u0259rbaycanl\u0131 da ke\u00e7ib.<\/p>\n","protected":false},"excerpt":{"rendered":"<p>Suriyadak\u0131 d\u00f6y\u00fc\u015fl\u0259r\u0259 g\u00f6r\u0259 c\u0259zaland\u0131r\u0131lan \u015e\u0259ki sakini t\u0259qsirsiz oldu\u011funu deyir \u015e\u0259ki &#8230; <\/p>\n<p class=\"read-more-container\"><a title=\"\u201cHe\u00e7 vaxt Suriyaya getm\u0259mi\u015f\u0259m, T\u00fcrkiy\u0259d\u0259 tikintil\u0259rd\u0259 f\u0259hl\u0259lik edirdim&#8230;\u201d\" class=\"read-more button\" href=\"https:\/\/www.meydan.tv\/az\/article\/hec-vaxt-suriyaya-getmemisem-turkiyede-tikintilerde-fehlelik-edirdim\/#more-304490\" aria-label=\"Read more about \u201cHe\u00e7 vaxt Suriyaya getm\u0259mi\u015f\u0259m, T\u00fcrkiy\u0259d\u0259 tikintil\u0259rd\u0259 f\u0259hl\u0259lik edirdim&#8230;\u201d\">Davam\u0131<\/a><\/p>\n","protected":false},"author":8,"featured_media":294591,"comment_status":"closed","ping_status":"closed","sticky":false,"template":"","format":"standard","meta":{"_acf_changed":false,"_sitemap_exclude":false,"_sitemap_priority":"","_sitemap_frequency":"","footnotes":""},"categories":[60,56],"tags":[],"class_list":["post-304490","post","type-post","status-publish","format-standard","has-post-thumbnail","hentry","category-bolge","category-xeberler","infinite-scroll-item","generate-columns","tablet-grid-50","mobile-grid-100","grid-parent","grid-33","no-featured-image-padding"],"acf":[],"yoast_head":"<!-- This site is optimized with the Yoast SEO plugin v27.4 - https:\/\/yoast.com\/product\/yoast-seo-wordpress\/ -->\n<title>\u201cHe\u00e7 vaxt Suriyaya getm\u0259mi\u015f\u0259m, T\u00fcrkiy\u0259d\u0259 tikintil\u0259rd\u0259 f\u0259hl\u0259lik edirdim...\u201d - MEYDAN.TV<\/title>\n<meta name=\"robots\" content=\"index, follow, max-snippet:-1, max-image-preview:large, max-video-preview:-1\" \/>\n<link rel=\"canonical\" href=\"https:\/\/www.meydan.tv\/az\/article\/hec-vaxt-suriyaya-getmemisem-turkiyede-tikintilerde-fehlelik-edirdim\/\" \/>\n<meta property=\"og:locale\" content=\"az_AZ\" \/>\n<meta property=\"og:type\" content=\"article\" \/>\n<meta property=\"og:title\" content=\"\u201cHe\u00e7 vaxt Suriyaya getm\u0259mi\u015f\u0259m, T\u00fcrkiy\u0259d\u0259 tikintil\u0259rd\u0259 f\u0259hl\u0259lik edirdim...\u201d - MEYDAN.TV\" \/>\n<meta property=\"og:description\" content=\"Suriyadak\u0131 d\u00f6y\u00fc\u015fl\u0259r\u0259 g\u00f6r\u0259 c\u0259zaland\u0131r\u0131lan \u015e\u0259ki sakini t\u0259qsirsiz oldu\u011funu deyir \u015e\u0259ki ... Davam\u0131\" \/>\n<meta property=\"og:url\" content=\"https:\/\/www.meydan.tv\/az\/article\/hec-vaxt-suriyaya-getmemisem-turkiyede-tikintilerde-fehlelik-edirdim\/\" \/>\n<meta property=\"og:site_name\" content=\"MEYDAN.TV\" \/>\n<meta property=\"article:published_time\" content=\"2024-04-29T08:29:10+00:00\" \/>\n<meta property=\"article:modified_time\" content=\"2024-04-29T08:29:13+00:00\" \/>\n<meta property=\"og:image\" content=\"https:\/\/www.meydan.tv\/wp-content\/uploads\/seki-1.jpg\" \/>\n\t<meta property=\"og:image:width\" content=\"1000\" \/>\n\t<meta property=\"og:image:height\" content=\"563\" \/>\n\t<meta property=\"og:image:type\" content=\"image\/jpeg\" \/>\n<meta name=\"author\" content=\"elli\" \/>\n<meta name=\"twitter:card\" content=\"summary_large_image\" \/>\n<meta name=\"twitter:creator\" content=\"@elli\" \/>\n<script type=\"application\/ld+json\" class=\"yoast-schema-graph\">{\"@context\":\"https:\\\/\\\/schema.org\",\"@graph\":[{\"@type\":\"Article\",\"@id\":\"https:\\\/\\\/www.meydan.tv\\\/az\\\/article\\\/hec-vaxt-suriyaya-getmemisem-turkiyede-tikintilerde-fehlelik-edirdim\\\/#article\",\"isPartOf\":{\"@id\":\"https:\\\/\\\/www.meydan.tv\\\/az\\\/article\\\/hec-vaxt-suriyaya-getmemisem-turkiyede-tikintilerde-fehlelik-edirdim\\\/\"},\"author\":{\"name\":\"elli\",\"@id\":\"https:\\\/\\\/www.meydan.tv\\\/az\\\/#\\\/schema\\\/person\\\/9cdbecf90d17180ce1dfbd95b08dcf47\"},\"headline\":\"\u201cHe\u00e7 vaxt Suriyaya getm\u0259mi\u015f\u0259m, T\u00fcrkiy\u0259d\u0259 tikintil\u0259rd\u0259 f\u0259hl\u0259lik edirdim&#8230;\u201d\",\"datePublished\":\"2024-04-29T08:29:10+00:00\",\"dateModified\":\"2024-04-29T08:29:13+00:00\",\"mainEntityOfPage\":{\"@id\":\"https:\\\/\\\/www.meydan.tv\\\/az\\\/article\\\/hec-vaxt-suriyaya-getmemisem-turkiyede-tikintilerde-fehlelik-edirdim\\\/\"},\"wordCount\":799,\"publisher\":{\"@id\":\"https:\\\/\\\/www.meydan.tv\\\/az\\\/#organization\"},\"image\":{\"@id\":\"https:\\\/\\\/www.meydan.tv\\\/az\\\/article\\\/hec-vaxt-suriyaya-getmemisem-turkiyede-tikintilerde-fehlelik-edirdim\\\/#primaryimage\"},\"thumbnailUrl\":\"https:\\\/\\\/www.meydan.tv\\\/wp-content\\\/uploads\\\/seki-1.jpg\",\"articleSection\":[\"B\u00f6lg\u0259\",\"X\u0259b\u0259rl\u0259r\"],\"inLanguage\":\"az\"},{\"@type\":\"WebPage\",\"@id\":\"https:\\\/\\\/www.meydan.tv\\\/az\\\/article\\\/hec-vaxt-suriyaya-getmemisem-turkiyede-tikintilerde-fehlelik-edirdim\\\/\",\"url\":\"https:\\\/\\\/www.meydan.tv\\\/az\\\/article\\\/hec-vaxt-suriyaya-getmemisem-turkiyede-tikintilerde-fehlelik-edirdim\\\/\",\"name\":\"\u201cHe\u00e7 vaxt Suriyaya getm\u0259mi\u015f\u0259m, T\u00fcrkiy\u0259d\u0259 tikintil\u0259rd\u0259 f\u0259hl\u0259lik edirdim...\u201d - MEYDAN.TV\",\"isPartOf\":{\"@id\":\"https:\\\/\\\/www.meydan.tv\\\/az\\\/#website\"},\"primaryImageOfPage\":{\"@id\":\"https:\\\/\\\/www.meydan.tv\\\/az\\\/article\\\/hec-vaxt-suriyaya-getmemisem-turkiyede-tikintilerde-fehlelik-edirdim\\\/#primaryimage\"},\"image\":{\"@id\":\"https:\\\/\\\/www.meydan.tv\\\/az\\\/article\\\/hec-vaxt-suriyaya-getmemisem-turkiyede-tikintilerde-fehlelik-edirdim\\\/#primaryimage\"},\"thumbnailUrl\":\"https:\\\/\\\/www.meydan.tv\\\/wp-content\\\/uploads\\\/seki-1.jpg\",\"datePublished\":\"2024-04-29T08:29:10+00:00\",\"dateModified\":\"2024-04-29T08:29:13+00:00\",\"breadcrumb\":{\"@id\":\"https:\\\/\\\/www.meydan.tv\\\/az\\\/article\\\/hec-vaxt-suriyaya-getmemisem-turkiyede-tikintilerde-fehlelik-edirdim\\\/#breadcrumb\"},\"inLanguage\":\"az\",\"potentialAction\":[{\"@type\":\"ReadAction\",\"target\":[\"https:\\\/\\\/www.meydan.tv\\\/az\\\/article\\\/hec-vaxt-suriyaya-getmemisem-turkiyede-tikintilerde-fehlelik-edirdim\\\/\"]}]},{\"@type\":\"ImageObject\",\"inLanguage\":\"az\",\"@id\":\"https:\\\/\\\/www.meydan.tv\\\/az\\\/article\\\/hec-vaxt-suriyaya-getmemisem-turkiyede-tikintilerde-fehlelik-edirdim\\\/#primaryimage\",\"url\":\"https:\\\/\\\/www.meydan.tv\\\/wp-content\\\/uploads\\\/seki-1.jpg\",\"contentUrl\":\"https:\\\/\\\/www.meydan.tv\\\/wp-content\\\/uploads\\\/seki-1.jpg\",\"width\":1000,\"height\":563,\"caption\":\"\u015e\u0259ki A\u011f\u0131r Cinay\u0259tl\u0259r M\u0259hk\u0259m\u0259si. Foto: Azadl\u0131q Radiosu\"},{\"@type\":\"BreadcrumbList\",\"@id\":\"https:\\\/\\\/www.meydan.tv\\\/az\\\/article\\\/hec-vaxt-suriyaya-getmemisem-turkiyede-tikintilerde-fehlelik-edirdim\\\/#breadcrumb\",\"itemListElement\":[{\"@type\":\"ListItem\",\"position\":1,\"name\":\"Ana s\u0259hif\u0259\",\"item\":\"https:\\\/\\\/www.meydan.tv\\\/az\\\/\"},{\"@type\":\"ListItem\",\"position\":2,\"name\":\"B\u00f6lg\u0259\",\"item\":\"https:\\\/\\\/www.meydan.tv\\\/az\\\/section\\\/bolge\\\/\"},{\"@type\":\"ListItem\",\"position\":3,\"name\":\"\u201cHe\u00e7 vaxt Suriyaya getm\u0259mi\u015f\u0259m, T\u00fcrkiy\u0259d\u0259 tikintil\u0259rd\u0259 f\u0259hl\u0259lik edirdim&#8230;\u201d\"}]},{\"@type\":\"WebSite\",\"@id\":\"https:\\\/\\\/www.meydan.tv\\\/az\\\/#website\",\"url\":\"https:\\\/\\\/www.meydan.tv\\\/az\\\/\",\"name\":\"MEYDAN.TV\",\"description\":\"Meydan TV Az\u0259rbaycan\u0131n media m\u0259kan\u0131ndak\u0131 alternativ s\u0259sidir\",\"publisher\":{\"@id\":\"https:\\\/\\\/www.meydan.tv\\\/az\\\/#organization\"},\"potentialAction\":[{\"@type\":\"SearchAction\",\"target\":{\"@type\":\"EntryPoint\",\"urlTemplate\":\"https:\\\/\\\/www.meydan.tv\\\/az\\\/?s={search_term_string}\"},\"query-input\":{\"@type\":\"PropertyValueSpecification\",\"valueRequired\":true,\"valueName\":\"search_term_string\"}}],\"inLanguage\":\"az\"},{\"@type\":\"Organization\",\"@id\":\"https:\\\/\\\/www.meydan.tv\\\/az\\\/#organization\",\"name\":\"Meydan TV\",\"url\":\"https:\\\/\\\/www.meydan.tv\\\/az\\\/\",\"logo\":{\"@type\":\"ImageObject\",\"inLanguage\":\"az\",\"@id\":\"https:\\\/\\\/www.meydan.tv\\\/az\\\/#\\\/schema\\\/logo\\\/image\\\/\",\"url\":\"https:\\\/\\\/www.meydan.tv\\\/wp-content\\\/uploads\\\/2021\\\/07\\\/meydan-logo.svg\",\"contentUrl\":\"https:\\\/\\\/www.meydan.tv\\\/wp-content\\\/uploads\\\/2021\\\/07\\\/meydan-logo.svg\",\"width\":195,\"height\":46,\"caption\":\"Meydan TV\"},\"image\":{\"@id\":\"https:\\\/\\\/www.meydan.tv\\\/az\\\/#\\\/schema\\\/logo\\\/image\\\/\"}},{\"@type\":\"Person\",\"@id\":\"https:\\\/\\\/www.meydan.tv\\\/az\\\/#\\\/schema\\\/person\\\/9cdbecf90d17180ce1dfbd95b08dcf47\",\"name\":\"elli\",\"sameAs\":[\"https:\\\/\\\/x.com\\\/elli\"]}]}<\/script>\n<!-- \/ Yoast SEO plugin. -->","yoast_head_json":{"title":"\u201cHe\u00e7 vaxt Suriyaya getm\u0259mi\u015f\u0259m, T\u00fcrkiy\u0259d\u0259 tikintil\u0259rd\u0259 f\u0259hl\u0259lik edirdim...\u201d - MEYDAN.TV","robots":{"index":"index","follow":"follow","max-snippet":"max-snippet:-1","max-image-preview":"max-image-preview:large","max-video-preview":"max-video-preview:-1"},"canonical":"https:\/\/www.meydan.tv\/az\/article\/hec-vaxt-suriyaya-getmemisem-turkiyede-tikintilerde-fehlelik-edirdim\/","og_locale":"az_AZ","og_type":"article","og_title":"\u201cHe\u00e7 vaxt Suriyaya getm\u0259mi\u015f\u0259m, T\u00fcrkiy\u0259d\u0259 tikintil\u0259rd\u0259 f\u0259hl\u0259lik edirdim...\u201d - MEYDAN.TV","og_description":"Suriyadak\u0131 d\u00f6y\u00fc\u015fl\u0259r\u0259 g\u00f6r\u0259 c\u0259zaland\u0131r\u0131lan \u015e\u0259ki sakini t\u0259qsirsiz oldu\u011funu deyir \u015e\u0259ki ... Davam\u0131","og_url":"https:\/\/www.meydan.tv\/az\/article\/hec-vaxt-suriyaya-getmemisem-turkiyede-tikintilerde-fehlelik-edirdim\/","og_site_name":"MEYDAN.TV","article_published_time":"2024-04-29T08:29:10+00:00","article_modified_time":"2024-04-29T08:29:13+00:00","og_image":[{"width":1000,"height":563,"url":"https:\/\/www.meydan.tv\/wp-content\/uploads\/seki-1.jpg","type":"image\/jpeg"}],"author":"elli","twitter_card":"summary_large_image","twitter_creator":"@elli","schema":{"@context":"https:\/\/schema.org","@graph":[{"@type":"Article","@id":"https:\/\/www.meydan.tv\/az\/article\/hec-vaxt-suriyaya-getmemisem-turkiyede-tikintilerde-fehlelik-edirdim\/#article","isPartOf":{"@id":"https:\/\/www.meydan.tv\/az\/article\/hec-vaxt-suriyaya-getmemisem-turkiyede-tikintilerde-fehlelik-edirdim\/"},"author":{"name":"elli","@id":"https:\/\/www.meydan.tv\/az\/#\/schema\/person\/9cdbecf90d17180ce1dfbd95b08dcf47"},"headline":"\u201cHe\u00e7 vaxt Suriyaya getm\u0259mi\u015f\u0259m, T\u00fcrkiy\u0259d\u0259 tikintil\u0259rd\u0259 f\u0259hl\u0259lik edirdim&#8230;\u201d","datePublished":"2024-04-29T08:29:10+00:00","dateModified":"2024-04-29T08:29:13+00:00","mainEntityOfPage":{"@id":"https:\/\/www.meydan.tv\/az\/article\/hec-vaxt-suriyaya-getmemisem-turkiyede-tikintilerde-fehlelik-edirdim\/"},"wordCount":799,"publisher":{"@id":"https:\/\/www.meydan.tv\/az\/#organization"},"image":{"@id":"https:\/\/www.meydan.tv\/az\/article\/hec-vaxt-suriyaya-getmemisem-turkiyede-tikintilerde-fehlelik-edirdim\/#primaryimage"},"thumbnailUrl":"https:\/\/www.meydan.tv\/wp-content\/uploads\/seki-1.jpg","articleSection":["B\u00f6lg\u0259","X\u0259b\u0259rl\u0259r"],"inLanguage":"az"},{"@type":"WebPage","@id":"https:\/\/www.meydan.tv\/az\/article\/hec-vaxt-suriyaya-getmemisem-turkiyede-tikintilerde-fehlelik-edirdim\/","url":"https:\/\/www.meydan.tv\/az\/article\/hec-vaxt-suriyaya-getmemisem-turkiyede-tikintilerde-fehlelik-edirdim\/","name":"\u201cHe\u00e7 vaxt Suriyaya getm\u0259mi\u015f\u0259m, T\u00fcrkiy\u0259d\u0259 tikintil\u0259rd\u0259 f\u0259hl\u0259lik edirdim...\u201d - MEYDAN.TV","isPartOf":{"@id":"https:\/\/www.meydan.tv\/az\/#website"},"primaryImageOfPage":{"@id":"https:\/\/www.meydan.tv\/az\/article\/hec-vaxt-suriyaya-getmemisem-turkiyede-tikintilerde-fehlelik-edirdim\/#primaryimage"},"image":{"@id":"https:\/\/www.meydan.tv\/az\/article\/hec-vaxt-suriyaya-getmemisem-turkiyede-tikintilerde-fehlelik-edirdim\/#primaryimage"},"thumbnailUrl":"https:\/\/www.meydan.tv\/wp-content\/uploads\/seki-1.jpg","datePublished":"2024-04-29T08:29:10+00:00","dateModified":"2024-04-29T08:29:13+00:00","breadcrumb":{"@id":"https:\/\/www.meydan.tv\/az\/article\/hec-vaxt-suriyaya-getmemisem-turkiyede-tikintilerde-fehlelik-edirdim\/#breadcrumb"},"inLanguage":"az","potentialAction":[{"@type":"ReadAction","target":["https:\/\/www.meydan.tv\/az\/article\/hec-vaxt-suriyaya-getmemisem-turkiyede-tikintilerde-fehlelik-edirdim\/"]}]},{"@type":"ImageObject","inLanguage":"az","@id":"https:\/\/www.meydan.tv\/az\/article\/hec-vaxt-suriyaya-getmemisem-turkiyede-tikintilerde-fehlelik-edirdim\/#primaryimage","url":"https:\/\/www.meydan.tv\/wp-content\/uploads\/seki-1.jpg","contentUrl":"https:\/\/www.meydan.tv\/wp-content\/uploads\/seki-1.jpg","width":1000,"height":563,"caption":"\u015e\u0259ki A\u011f\u0131r Cinay\u0259tl\u0259r M\u0259hk\u0259m\u0259si. Foto: Azadl\u0131q Radiosu"},{"@type":"BreadcrumbList","@id":"https:\/\/www.meydan.tv\/az\/article\/hec-vaxt-suriyaya-getmemisem-turkiyede-tikintilerde-fehlelik-edirdim\/#breadcrumb","itemListElement":[{"@type":"ListItem","position":1,"name":"Ana s\u0259hif\u0259","item":"https:\/\/www.meydan.tv\/az\/"},{"@type":"ListItem","position":2,"name":"B\u00f6lg\u0259","item":"https:\/\/www.meydan.tv\/az\/section\/bolge\/"},{"@type":"ListItem","position":3,"name":"\u201cHe\u00e7 vaxt Suriyaya getm\u0259mi\u015f\u0259m, T\u00fcrkiy\u0259d\u0259 tikintil\u0259rd\u0259 f\u0259hl\u0259lik edirdim&#8230;\u201d"}]},{"@type":"WebSite","@id":"https:\/\/www.meydan.tv\/az\/#website","url":"https:\/\/www.meydan.tv\/az\/","name":"MEYDAN.TV","description":"Meydan TV Az\u0259rbaycan\u0131n media m\u0259kan\u0131ndak\u0131 alternativ s\u0259sidir","publisher":{"@id":"https:\/\/www.meydan.tv\/az\/#organization"},"potentialAction":[{"@type":"SearchAction","target":{"@type":"EntryPoint","urlTemplate":"https:\/\/www.meydan.tv\/az\/?s={search_term_string}"},"query-input":{"@type":"PropertyValueSpecification","valueRequired":true,"valueName":"search_term_string"}}],"inLanguage":"az"},{"@type":"Organization","@id":"https:\/\/www.meydan.tv\/az\/#organization","name":"Meydan TV","url":"https:\/\/www.meydan.tv\/az\/","logo":{"@type":"ImageObject","inLanguage":"az","@id":"https:\/\/www.meydan.tv\/az\/#\/schema\/logo\/image\/","url":"https:\/\/www.meydan.tv\/wp-content\/uploads\/2021\/07\/meydan-logo.svg","contentUrl":"https:\/\/www.meydan.tv\/wp-content\/uploads\/2021\/07\/meydan-logo.svg","width":195,"height":46,"caption":"Meydan TV"},"image":{"@id":"https:\/\/www.meydan.tv\/az\/#\/schema\/logo\/image\/"}},{"@type":"Person","@id":"https:\/\/www.meydan.tv\/az\/#\/schema\/person\/9cdbecf90d17180ce1dfbd95b08dcf47","name":"elli","sameAs":["https:\/\/x.com\/elli"]}]}},"_links":{"self":[{"href":"https:\/\/www.meydan.tv\/az\/wp-json\/wp\/v2\/posts\/304490","targetHints":{"allow":["GET"]}}],"collection":[{"href":"https:\/\/www.meydan.tv\/az\/wp-json\/wp\/v2\/posts"}],"about":[{"href":"https:\/\/www.meydan.tv\/az\/wp-json\/wp\/v2\/types\/post"}],"author":[{"embeddable":true,"href":"https:\/\/www.meydan.tv\/az\/wp-json\/wp\/v2\/users\/8"}],"replies":[{"embeddable":true,"href":"https:\/\/www.meydan.tv\/az\/wp-json\/wp\/v2\/comments?post=304490"}],"version-history":[{"count":4,"href":"https:\/\/www.meydan.tv\/az\/wp-json\/wp\/v2\/posts\/304490\/revisions"}],"predecessor-version":[{"id":304494,"href":"https:\/\/www.meydan.tv\/az\/wp-json\/wp\/v2\/posts\/304490\/revisions\/304494"}],"wp:featuredmedia":[{"embeddable":true,"href":"https:\/\/www.meydan.tv\/az\/wp-json\/wp\/v2\/media\/294591"}],"wp:attachment":[{"href":"https:\/\/www.meydan.tv\/az\/wp-json\/wp\/v2\/media?parent=304490"}],"wp:term":[{"taxonomy":"category","embeddable":true,"href":"https:\/\/www.meydan.tv\/az\/wp-json\/wp\/v2\/categories?post=304490"},{"taxonomy":"post_tag","embeddable":true,"href":"https:\/\/www.meydan.tv\/az\/wp-json\/wp\/v2\/tags?post=304490"}],"curies":[{"name":"wp","href":"https:\/\/api.w.org\/{rel}","templated":true}]}}