{"id":304435,"date":"2024-04-27T19:38:44","date_gmt":"2024-04-27T15:38:44","guid":{"rendered":"https:\/\/www.meydan.tv\/?p=304435"},"modified":"2024-04-29T12:15:50","modified_gmt":"2024-04-29T08:15:50","slug":"toplum-tv-nin-polise-aparilan-emekdasi-serbest-buraxilib","status":"publish","type":"post","link":"https:\/\/www.meydan.tv\/az\/article\/toplum-tv-nin-polise-aparilan-emekdasi-serbest-buraxilib\/","title":{"rendered":"\u201cToplum TV\u201d-nin polis\u0259 apar\u0131lan \u0259m\u0259kda\u015f\u0131 s\u0259rb\u0259st burax\u0131l\u0131b"},"content":{"rendered":"\n<figure class=\"wp-block-embed is-type-video is-provider-youtube wp-block-embed-youtube wp-embed-aspect-16-9 wp-has-aspect-ratio\"><div class=\"wp-block-embed__wrapper\">\n<iframe title=\"Cavid Ramazanov \u201cToplum TV\u201d i\u015fin\u0259 g\u00f6r\u0259 sor\u011fu-sual edilib\" width=\"1200\" height=\"675\" data-src=\"https:\/\/www.youtube.com\/embed\/eHPjNy6ZXKI?feature=oembed\" frameborder=\"0\" allow=\"accelerometer; autoplay; clipboard-write; encrypted-media; gyroscope; picture-in-picture; web-share\" referrerpolicy=\"strict-origin-when-cross-origin\" allowfullscreen src=\"data:image\/svg+xml;base64,PHN2ZyB3aWR0aD0iMSIgaGVpZ2h0PSIxIiB4bWxucz0iaHR0cDovL3d3dy53My5vcmcvMjAwMC9zdmciPjwvc3ZnPg==\" class=\"lazyload\" data-load-mode=\"1\"><\/iframe>\n<\/div><\/figure>\n\n\n\n<!--more-->\n\n\n\n<p><strong><em>Cavid Ramazanov \u201cToplum TV\u201d i\u015fin\u0259 g\u00f6r\u0259 sor\u011fu-sual edilib<\/em><\/strong><\/p>\n\n\n\n<p>\u201cToplum TV\u201d-nin \u0259m\u0259kda\u015f\u0131, yazar Cavid Ramazanovun aprelin 27-d\u0259 s\u0259h\u0259r saat 11.00 rad\u0259l\u0259rind\u0259 k\u00fc\u00e7\u0259d\u0259 saxlan\u0131laraq zorla apar\u0131ld\u0131\u011f\u0131 bildirilir.<\/p>\n\n\n\n<p>Yax\u0131nlar\u0131n\u0131n verdiyi m\u0259lumata g\u00f6r\u0259, sonradan onun Bak\u0131 \u015e\u0259h\u0259r Ba\u015f Polis \u0130dar\u0259sin\u0259 apar\u0131ld\u0131\u011f\u0131n\u0131 m\u00fc\u0259yy\u0259nl\u0259\u015fdiribl\u0259r.<\/p>\n\n\n\n<p>Onun &#8220;Toplum TV&#8221; il\u0259 ba\u011fl\u0131 cinay\u0259t i\u015fi \u00fczr\u0259 saxland\u0131\u011f\u0131 bildirilib.<\/p>\n\n\n\n<p>Daxili \u0130\u015fl\u0259r Nazirliyi d\u0259 Cavid Ramazanovun istintaqda oldu\u011funu t\u0259sdiql\u0259yib.<\/p>\n\n\n\n<p>Nazirlikd\u0259n bildirilib ki, Cavid Ramazanovun bar\u0259sind\u0259 h\u0259bs\u0259 alternativ n\u00f6vd\u0259 q\u0259timkan t\u0259dbiri var.<\/p>\n\n\n\n<p>O, m\u00fc\u0259yy\u0259n suallar\u0131 cavabland\u0131rmas\u0131 \u00fc\u00e7\u00fcn istintaqa d\u0259v\u0259t olunub.<\/p>\n\n\n\n<p>Qanuna g\u00f6r\u0259, yaln\u0131z t\u0259qsirl\u0259ndiril\u0259n \u015f\u0259xsin bar\u0259sind\u0259 h\u0259bs v\u0259 ya ona alternativ n\u00f6vd\u0259 (ba\u015fqa yer\u0259 getm\u0259m\u0259k, polis n\u0259zar\u0259tin\u0259 verm\u0259 v\u0259 s.) q\u0259timkan t\u0259dbiri se\u00e7il\u0259 bil\u0259r.<\/p>\n\n\n\n<p>Bu g\u00fcn\u0259 q\u0259d\u0259r Cavid Ramazanovun t\u0259qsirl\u0259ndiril\u0259n \u015f\u0259xs qismind\u0259 c\u0259lb olunmas\u0131 bar\u0259d\u0259 m\u0259lumat yox idi.<\/p>\n\n\n\n<p>Yax\u0131nlar\u0131n\u0131n bildirdiyin\u0259 g\u00f6r\u0259, aprelin 27-d\u0259 Cavid Ramazanov saxland\u0131qdan sonra onun h\u00fcquqlar\u0131n\u0131n m\u00fcdafi\u0259si \u00fc\u00e7\u00fcn v\u0259kili Bak\u0131 \u015f\u0259h\u0259r Ba\u015f Polis \u0130dar\u0259sin\u0259 gets\u0259 d\u0259, onu istintaqa buraxmay\u0131blar, order t\u0259l\u0259b edibl\u0259r.<\/p>\n\n\n\n<p>Daha sonra v\u0259kil orderl\u0259 Polis \u0130dar\u0259sin\u0259 gedib.<\/p>\n\n\n\n<p>Cavid Ramazanov saatlarla sor\u011fu-sual edildikd\u0259n sonra saat 19:22 rad\u0259l\u0259rind\u0259 s\u0259rb\u0259st burax\u0131l\u0131b.<\/p>\n\n\n\n<p>Mart\u0131n 6-da &#8220;Toplum&#8221; internet televiziyas\u0131n\u0131n ofisind\u0259 polisin axtar\u0131\u015f\u0131 olub v\u0259 qap\u0131s\u0131 m\u00f6h\u00fcrl\u0259nib.<\/p>\n\n\n\n<p>Media orqan\u0131yla ba\u011fl\u0131 cinay\u0259t i\u015fi \u00fczr\u0259 \u00fcmumilikd\u0259 9 n\u0259f\u0259r cinay\u0259t m\u0259suliyy\u0259tin\u0259 c\u0259lb olunub.<\/p>\n\n\n\n<p>Onlardan 7 n\u0259f\u0259r haqq\u0131nda h\u0259bs q\u0259timkan t\u0259dbiri se\u00e7ilib, ikisinin is\u0259 istintaq d\u00f6vr\u00fcnd\u0259 azadl\u0131qda qalmas\u0131na q\u0259rar verilib.<\/p>\n\n\n\n<p>H\u0259bs olunanlar aras\u0131nda \u201cToplum TV\u201d-nin t\u0259sis\u00e7isi, media h\u00fcququ \u00fczr\u0259 ekspert \u018fl\u0259sg\u0259r M\u0259mm\u0259dli, video-redaktor M\u00fc\u015ffiq Cabbar, Demokratik T\u0259\u015f\u0259bb\u00fcsl\u0259r \u0130nstitutunun r\u0259hb\u0259ri Akif Qurbanov, III Respublika Platformas\u0131n\u0131n Qurucu Hey\u0259t \u00fczv\u00fc Ruslan \u0130zz\u0259tli v\u0259 dig\u0259rl\u0259ri var.<\/p>\n\n\n\n<p>Onlara qar\u015f\u0131 Cinay\u0259t M\u0259c\u0259ll\u0259sinin 206.3.2 (qa\u00e7aqmal\u00e7\u0131l\u0131q &#8211; qabaqcadan \u0259lbir olan bir qrup \u015f\u0259xs t\u0259r\u0259find\u0259n t\u00f6r\u0259dildikd\u0259) madd\u0259sil\u0259 ittiham ir\u0259li s\u00fcr\u00fcl\u00fcb.<\/p>\n\n\n\n<p>\u0130ddia olunur ki, axtar\u0131\u015f zaman\u0131 ofisd\u0259n v\u0259 t\u0259qsirl\u0259ndiril\u0259n \u015f\u0259xsl\u0259rin evl\u0259rind\u0259n k\u00fclli miqdarda xarici valyuta tap\u0131l\u0131b. Lakin t\u0259qsirl\u0259ndiril\u0259n \u015f\u0259xsl\u0259r bu ittiham\u0131n saxta oldu\u011funu, pullar\u0131n da axtar\u0131\u015f apar\u0131lan m\u0259kanlara polisl\u0259rin \u00f6zl\u0259ri t\u0259r\u0259find\u0259n qoyuldu\u011funu, daha sonra g\u00f6t\u00fcr\u00fcld\u00fcy\u00fcn\u00fc bildirirl\u0259r.<\/p>\n\n\n\n<p>Onlar hesab edir ki, siyasi sifari\u015fl\u0259 h\u0259bs olunublar, m\u0259qs\u0259d d\u0259 \u00f6lk\u0259d\u0259 m\u00fcst\u0259qil median\u0131, azad s\u0259sl\u0259ri susdurmaqd\u0131r.<\/p>\n","protected":false},"excerpt":{"rendered":"","protected":false},"author":8,"featured_media":304440,"comment_status":"closed","ping_status":"closed","sticky":false,"template":"","format":"standard","meta":{"_acf_changed":false,"_sitemap_exclude":false,"_sitemap_priority":"","_sitemap_frequency":"","footnotes":""},"categories":[59,63,56],"tags":[],"class_list":["post-304435","post","type-post","status-publish","format-standard","has-post-thumbnail","hentry","category-siyaset","category-video-2","category-xeberler","infinite-scroll-item","generate-columns","tablet-grid-50","mobile-grid-100","grid-parent","grid-33","no-featured-image-padding"],"acf":[],"yoast_head":"<!-- This site is optimized with the Yoast SEO plugin v27.4 - https:\/\/yoast.com\/product\/yoast-seo-wordpress\/ -->\n<title>\u201cToplum TV\u201d-nin polis\u0259 apar\u0131lan \u0259m\u0259kda\u015f\u0131 s\u0259rb\u0259st burax\u0131l\u0131b - MEYDAN.TV<\/title>\n<meta name=\"robots\" content=\"index, follow, max-snippet:-1, max-image-preview:large, max-video-preview:-1\" \/>\n<link rel=\"canonical\" href=\"https:\/\/www.meydan.tv\/az\/article\/toplum-tv-nin-polise-aparilan-emekdasi-serbest-buraxilib\/\" \/>\n<meta property=\"og:locale\" content=\"az_AZ\" \/>\n<meta property=\"og:type\" content=\"article\" \/>\n<meta property=\"og:title\" content=\"\u201cToplum TV\u201d-nin polis\u0259 apar\u0131lan \u0259m\u0259kda\u015f\u0131 s\u0259rb\u0259st burax\u0131l\u0131b - MEYDAN.TV\" \/>\n<meta property=\"og:url\" content=\"https:\/\/www.meydan.tv\/az\/article\/toplum-tv-nin-polise-aparilan-emekdasi-serbest-buraxilib\/\" \/>\n<meta property=\"og:site_name\" content=\"MEYDAN.TV\" \/>\n<meta property=\"article:published_time\" content=\"2024-04-27T15:38:44+00:00\" \/>\n<meta property=\"article:modified_time\" content=\"2024-04-29T08:15:50+00:00\" \/>\n<meta property=\"og:image\" content=\"https:\/\/www.meydan.tv\/wp-content\/uploads\/img_0592-e1714232612271.jpg\" \/>\n\t<meta property=\"og:image:width\" content=\"1200\" \/>\n\t<meta property=\"og:image:height\" content=\"454\" \/>\n\t<meta property=\"og:image:type\" content=\"image\/jpeg\" \/>\n<meta name=\"author\" content=\"elli\" \/>\n<meta name=\"twitter:card\" content=\"summary_large_image\" \/>\n<meta name=\"twitter:creator\" content=\"@elli\" \/>\n<script type=\"application\/ld+json\" class=\"yoast-schema-graph\">{\"@context\":\"https:\\\/\\\/schema.org\",\"@graph\":[{\"@type\":\"Article\",\"@id\":\"https:\\\/\\\/www.meydan.tv\\\/az\\\/article\\\/toplum-tv-nin-polise-aparilan-emekdasi-serbest-buraxilib\\\/#article\",\"isPartOf\":{\"@id\":\"https:\\\/\\\/www.meydan.tv\\\/az\\\/article\\\/toplum-tv-nin-polise-aparilan-emekdasi-serbest-buraxilib\\\/\"},\"author\":{\"name\":\"elli\",\"@id\":\"https:\\\/\\\/www.meydan.tv\\\/az\\\/#\\\/schema\\\/person\\\/9cdbecf90d17180ce1dfbd95b08dcf47\"},\"headline\":\"\u201cToplum TV\u201d-nin polis\u0259 apar\u0131lan \u0259m\u0259kda\u015f\u0131 s\u0259rb\u0259st burax\u0131l\u0131b\",\"datePublished\":\"2024-04-27T15:38:44+00:00\",\"dateModified\":\"2024-04-29T08:15:50+00:00\",\"mainEntityOfPage\":{\"@id\":\"https:\\\/\\\/www.meydan.tv\\\/az\\\/article\\\/toplum-tv-nin-polise-aparilan-emekdasi-serbest-buraxilib\\\/\"},\"wordCount\":528,\"publisher\":{\"@id\":\"https:\\\/\\\/www.meydan.tv\\\/az\\\/#organization\"},\"image\":{\"@id\":\"https:\\\/\\\/www.meydan.tv\\\/az\\\/article\\\/toplum-tv-nin-polise-aparilan-emekdasi-serbest-buraxilib\\\/#primaryimage\"},\"thumbnailUrl\":\"https:\\\/\\\/www.meydan.tv\\\/wp-content\\\/uploads\\\/img_0592-e1714232612271.jpg\",\"articleSection\":[\"Siyas\u0259t\",\"Video\",\"X\u0259b\u0259rl\u0259r\"],\"inLanguage\":\"az\"},{\"@type\":\"WebPage\",\"@id\":\"https:\\\/\\\/www.meydan.tv\\\/az\\\/article\\\/toplum-tv-nin-polise-aparilan-emekdasi-serbest-buraxilib\\\/\",\"url\":\"https:\\\/\\\/www.meydan.tv\\\/az\\\/article\\\/toplum-tv-nin-polise-aparilan-emekdasi-serbest-buraxilib\\\/\",\"name\":\"\u201cToplum TV\u201d-nin polis\u0259 apar\u0131lan \u0259m\u0259kda\u015f\u0131 s\u0259rb\u0259st burax\u0131l\u0131b - MEYDAN.TV\",\"isPartOf\":{\"@id\":\"https:\\\/\\\/www.meydan.tv\\\/az\\\/#website\"},\"primaryImageOfPage\":{\"@id\":\"https:\\\/\\\/www.meydan.tv\\\/az\\\/article\\\/toplum-tv-nin-polise-aparilan-emekdasi-serbest-buraxilib\\\/#primaryimage\"},\"image\":{\"@id\":\"https:\\\/\\\/www.meydan.tv\\\/az\\\/article\\\/toplum-tv-nin-polise-aparilan-emekdasi-serbest-buraxilib\\\/#primaryimage\"},\"thumbnailUrl\":\"https:\\\/\\\/www.meydan.tv\\\/wp-content\\\/uploads\\\/img_0592-e1714232612271.jpg\",\"datePublished\":\"2024-04-27T15:38:44+00:00\",\"dateModified\":\"2024-04-29T08:15:50+00:00\",\"breadcrumb\":{\"@id\":\"https:\\\/\\\/www.meydan.tv\\\/az\\\/article\\\/toplum-tv-nin-polise-aparilan-emekdasi-serbest-buraxilib\\\/#breadcrumb\"},\"inLanguage\":\"az\",\"potentialAction\":[{\"@type\":\"ReadAction\",\"target\":[\"https:\\\/\\\/www.meydan.tv\\\/az\\\/article\\\/toplum-tv-nin-polise-aparilan-emekdasi-serbest-buraxilib\\\/\"]}]},{\"@type\":\"ImageObject\",\"inLanguage\":\"az\",\"@id\":\"https:\\\/\\\/www.meydan.tv\\\/az\\\/article\\\/toplum-tv-nin-polise-aparilan-emekdasi-serbest-buraxilib\\\/#primaryimage\",\"url\":\"https:\\\/\\\/www.meydan.tv\\\/wp-content\\\/uploads\\\/img_0592-e1714232612271.jpg\",\"contentUrl\":\"https:\\\/\\\/www.meydan.tv\\\/wp-content\\\/uploads\\\/img_0592-e1714232612271.jpg\",\"width\":1200,\"height\":454,\"caption\":\"Cavid Ramazanov. Foto: Meydan TV\"},{\"@type\":\"BreadcrumbList\",\"@id\":\"https:\\\/\\\/www.meydan.tv\\\/az\\\/article\\\/toplum-tv-nin-polise-aparilan-emekdasi-serbest-buraxilib\\\/#breadcrumb\",\"itemListElement\":[{\"@type\":\"ListItem\",\"position\":1,\"name\":\"Ana s\u0259hif\u0259\",\"item\":\"https:\\\/\\\/www.meydan.tv\\\/az\\\/\"},{\"@type\":\"ListItem\",\"position\":2,\"name\":\"Siyas\u0259t\",\"item\":\"https:\\\/\\\/www.meydan.tv\\\/az\\\/section\\\/siyaset\\\/\"},{\"@type\":\"ListItem\",\"position\":3,\"name\":\"\u201cToplum TV\u201d-nin polis\u0259 apar\u0131lan \u0259m\u0259kda\u015f\u0131 s\u0259rb\u0259st burax\u0131l\u0131b\"}]},{\"@type\":\"WebSite\",\"@id\":\"https:\\\/\\\/www.meydan.tv\\\/az\\\/#website\",\"url\":\"https:\\\/\\\/www.meydan.tv\\\/az\\\/\",\"name\":\"MEYDAN.TV\",\"description\":\"Meydan TV Az\u0259rbaycan\u0131n media m\u0259kan\u0131ndak\u0131 alternativ s\u0259sidir\",\"publisher\":{\"@id\":\"https:\\\/\\\/www.meydan.tv\\\/az\\\/#organization\"},\"potentialAction\":[{\"@type\":\"SearchAction\",\"target\":{\"@type\":\"EntryPoint\",\"urlTemplate\":\"https:\\\/\\\/www.meydan.tv\\\/az\\\/?s={search_term_string}\"},\"query-input\":{\"@type\":\"PropertyValueSpecification\",\"valueRequired\":true,\"valueName\":\"search_term_string\"}}],\"inLanguage\":\"az\"},{\"@type\":\"Organization\",\"@id\":\"https:\\\/\\\/www.meydan.tv\\\/az\\\/#organization\",\"name\":\"Meydan TV\",\"url\":\"https:\\\/\\\/www.meydan.tv\\\/az\\\/\",\"logo\":{\"@type\":\"ImageObject\",\"inLanguage\":\"az\",\"@id\":\"https:\\\/\\\/www.meydan.tv\\\/az\\\/#\\\/schema\\\/logo\\\/image\\\/\",\"url\":\"https:\\\/\\\/www.meydan.tv\\\/wp-content\\\/uploads\\\/2021\\\/07\\\/meydan-logo.svg\",\"contentUrl\":\"https:\\\/\\\/www.meydan.tv\\\/wp-content\\\/uploads\\\/2021\\\/07\\\/meydan-logo.svg\",\"width\":195,\"height\":46,\"caption\":\"Meydan TV\"},\"image\":{\"@id\":\"https:\\\/\\\/www.meydan.tv\\\/az\\\/#\\\/schema\\\/logo\\\/image\\\/\"}},{\"@type\":\"Person\",\"@id\":\"https:\\\/\\\/www.meydan.tv\\\/az\\\/#\\\/schema\\\/person\\\/9cdbecf90d17180ce1dfbd95b08dcf47\",\"name\":\"elli\",\"sameAs\":[\"https:\\\/\\\/x.com\\\/elli\"]}]}<\/script>\n<!-- \/ Yoast SEO plugin. -->","yoast_head_json":{"title":"\u201cToplum TV\u201d-nin polis\u0259 apar\u0131lan \u0259m\u0259kda\u015f\u0131 s\u0259rb\u0259st burax\u0131l\u0131b - MEYDAN.TV","robots":{"index":"index","follow":"follow","max-snippet":"max-snippet:-1","max-image-preview":"max-image-preview:large","max-video-preview":"max-video-preview:-1"},"canonical":"https:\/\/www.meydan.tv\/az\/article\/toplum-tv-nin-polise-aparilan-emekdasi-serbest-buraxilib\/","og_locale":"az_AZ","og_type":"article","og_title":"\u201cToplum TV\u201d-nin polis\u0259 apar\u0131lan \u0259m\u0259kda\u015f\u0131 s\u0259rb\u0259st burax\u0131l\u0131b - MEYDAN.TV","og_url":"https:\/\/www.meydan.tv\/az\/article\/toplum-tv-nin-polise-aparilan-emekdasi-serbest-buraxilib\/","og_site_name":"MEYDAN.TV","article_published_time":"2024-04-27T15:38:44+00:00","article_modified_time":"2024-04-29T08:15:50+00:00","og_image":[{"width":1200,"height":454,"url":"https:\/\/www.meydan.tv\/wp-content\/uploads\/img_0592-e1714232612271.jpg","type":"image\/jpeg"}],"author":"elli","twitter_card":"summary_large_image","twitter_creator":"@elli","schema":{"@context":"https:\/\/schema.org","@graph":[{"@type":"Article","@id":"https:\/\/www.meydan.tv\/az\/article\/toplum-tv-nin-polise-aparilan-emekdasi-serbest-buraxilib\/#article","isPartOf":{"@id":"https:\/\/www.meydan.tv\/az\/article\/toplum-tv-nin-polise-aparilan-emekdasi-serbest-buraxilib\/"},"author":{"name":"elli","@id":"https:\/\/www.meydan.tv\/az\/#\/schema\/person\/9cdbecf90d17180ce1dfbd95b08dcf47"},"headline":"\u201cToplum TV\u201d-nin polis\u0259 apar\u0131lan \u0259m\u0259kda\u015f\u0131 s\u0259rb\u0259st burax\u0131l\u0131b","datePublished":"2024-04-27T15:38:44+00:00","dateModified":"2024-04-29T08:15:50+00:00","mainEntityOfPage":{"@id":"https:\/\/www.meydan.tv\/az\/article\/toplum-tv-nin-polise-aparilan-emekdasi-serbest-buraxilib\/"},"wordCount":528,"publisher":{"@id":"https:\/\/www.meydan.tv\/az\/#organization"},"image":{"@id":"https:\/\/www.meydan.tv\/az\/article\/toplum-tv-nin-polise-aparilan-emekdasi-serbest-buraxilib\/#primaryimage"},"thumbnailUrl":"https:\/\/www.meydan.tv\/wp-content\/uploads\/img_0592-e1714232612271.jpg","articleSection":["Siyas\u0259t","Video","X\u0259b\u0259rl\u0259r"],"inLanguage":"az"},{"@type":"WebPage","@id":"https:\/\/www.meydan.tv\/az\/article\/toplum-tv-nin-polise-aparilan-emekdasi-serbest-buraxilib\/","url":"https:\/\/www.meydan.tv\/az\/article\/toplum-tv-nin-polise-aparilan-emekdasi-serbest-buraxilib\/","name":"\u201cToplum TV\u201d-nin polis\u0259 apar\u0131lan \u0259m\u0259kda\u015f\u0131 s\u0259rb\u0259st burax\u0131l\u0131b - MEYDAN.TV","isPartOf":{"@id":"https:\/\/www.meydan.tv\/az\/#website"},"primaryImageOfPage":{"@id":"https:\/\/www.meydan.tv\/az\/article\/toplum-tv-nin-polise-aparilan-emekdasi-serbest-buraxilib\/#primaryimage"},"image":{"@id":"https:\/\/www.meydan.tv\/az\/article\/toplum-tv-nin-polise-aparilan-emekdasi-serbest-buraxilib\/#primaryimage"},"thumbnailUrl":"https:\/\/www.meydan.tv\/wp-content\/uploads\/img_0592-e1714232612271.jpg","datePublished":"2024-04-27T15:38:44+00:00","dateModified":"2024-04-29T08:15:50+00:00","breadcrumb":{"@id":"https:\/\/www.meydan.tv\/az\/article\/toplum-tv-nin-polise-aparilan-emekdasi-serbest-buraxilib\/#breadcrumb"},"inLanguage":"az","potentialAction":[{"@type":"ReadAction","target":["https:\/\/www.meydan.tv\/az\/article\/toplum-tv-nin-polise-aparilan-emekdasi-serbest-buraxilib\/"]}]},{"@type":"ImageObject","inLanguage":"az","@id":"https:\/\/www.meydan.tv\/az\/article\/toplum-tv-nin-polise-aparilan-emekdasi-serbest-buraxilib\/#primaryimage","url":"https:\/\/www.meydan.tv\/wp-content\/uploads\/img_0592-e1714232612271.jpg","contentUrl":"https:\/\/www.meydan.tv\/wp-content\/uploads\/img_0592-e1714232612271.jpg","width":1200,"height":454,"caption":"Cavid Ramazanov. Foto: Meydan TV"},{"@type":"BreadcrumbList","@id":"https:\/\/www.meydan.tv\/az\/article\/toplum-tv-nin-polise-aparilan-emekdasi-serbest-buraxilib\/#breadcrumb","itemListElement":[{"@type":"ListItem","position":1,"name":"Ana s\u0259hif\u0259","item":"https:\/\/www.meydan.tv\/az\/"},{"@type":"ListItem","position":2,"name":"Siyas\u0259t","item":"https:\/\/www.meydan.tv\/az\/section\/siyaset\/"},{"@type":"ListItem","position":3,"name":"\u201cToplum TV\u201d-nin polis\u0259 apar\u0131lan \u0259m\u0259kda\u015f\u0131 s\u0259rb\u0259st burax\u0131l\u0131b"}]},{"@type":"WebSite","@id":"https:\/\/www.meydan.tv\/az\/#website","url":"https:\/\/www.meydan.tv\/az\/","name":"MEYDAN.TV","description":"Meydan TV Az\u0259rbaycan\u0131n media m\u0259kan\u0131ndak\u0131 alternativ s\u0259sidir","publisher":{"@id":"https:\/\/www.meydan.tv\/az\/#organization"},"potentialAction":[{"@type":"SearchAction","target":{"@type":"EntryPoint","urlTemplate":"https:\/\/www.meydan.tv\/az\/?s={search_term_string}"},"query-input":{"@type":"PropertyValueSpecification","valueRequired":true,"valueName":"search_term_string"}}],"inLanguage":"az"},{"@type":"Organization","@id":"https:\/\/www.meydan.tv\/az\/#organization","name":"Meydan TV","url":"https:\/\/www.meydan.tv\/az\/","logo":{"@type":"ImageObject","inLanguage":"az","@id":"https:\/\/www.meydan.tv\/az\/#\/schema\/logo\/image\/","url":"https:\/\/www.meydan.tv\/wp-content\/uploads\/2021\/07\/meydan-logo.svg","contentUrl":"https:\/\/www.meydan.tv\/wp-content\/uploads\/2021\/07\/meydan-logo.svg","width":195,"height":46,"caption":"Meydan TV"},"image":{"@id":"https:\/\/www.meydan.tv\/az\/#\/schema\/logo\/image\/"}},{"@type":"Person","@id":"https:\/\/www.meydan.tv\/az\/#\/schema\/person\/9cdbecf90d17180ce1dfbd95b08dcf47","name":"elli","sameAs":["https:\/\/x.com\/elli"]}]}},"_links":{"self":[{"href":"https:\/\/www.meydan.tv\/az\/wp-json\/wp\/v2\/posts\/304435","targetHints":{"allow":["GET"]}}],"collection":[{"href":"https:\/\/www.meydan.tv\/az\/wp-json\/wp\/v2\/posts"}],"about":[{"href":"https:\/\/www.meydan.tv\/az\/wp-json\/wp\/v2\/types\/post"}],"author":[{"embeddable":true,"href":"https:\/\/www.meydan.tv\/az\/wp-json\/wp\/v2\/users\/8"}],"replies":[{"embeddable":true,"href":"https:\/\/www.meydan.tv\/az\/wp-json\/wp\/v2\/comments?post=304435"}],"version-history":[{"count":5,"href":"https:\/\/www.meydan.tv\/az\/wp-json\/wp\/v2\/posts\/304435\/revisions"}],"predecessor-version":[{"id":304489,"href":"https:\/\/www.meydan.tv\/az\/wp-json\/wp\/v2\/posts\/304435\/revisions\/304489"}],"wp:featuredmedia":[{"embeddable":true,"href":"https:\/\/www.meydan.tv\/az\/wp-json\/wp\/v2\/media\/304440"}],"wp:attachment":[{"href":"https:\/\/www.meydan.tv\/az\/wp-json\/wp\/v2\/media?parent=304435"}],"wp:term":[{"taxonomy":"category","embeddable":true,"href":"https:\/\/www.meydan.tv\/az\/wp-json\/wp\/v2\/categories?post=304435"},{"taxonomy":"post_tag","embeddable":true,"href":"https:\/\/www.meydan.tv\/az\/wp-json\/wp\/v2\/tags?post=304435"}],"curies":[{"name":"wp","href":"https:\/\/api.w.org\/{rel}","templated":true}]}}