{"id":304420,"date":"2024-04-27T16:26:56","date_gmt":"2024-04-27T12:26:56","guid":{"rendered":"https:\/\/www.meydan.tv\/?p=304420"},"modified":"2024-04-28T14:05:10","modified_gmt":"2024-04-28T10:05:10","slug":"ali-mehkemenin-hakiminin-ozunu-oldurduyu-bildirilir","status":"publish","type":"post","link":"https:\/\/www.meydan.tv\/az\/article\/ali-mehkemenin-hakiminin-ozunu-oldurduyu-bildirilir\/","title":{"rendered":"Ali M\u0259hk\u0259m\u0259nin hakiminin \u00f6z\u00fcn\u00fc \u00f6ld\u00fcrd\u00fcy\u00fc bildirilir"},"content":{"rendered":"\n<p><\/p>\n\n\n\n<p><em><strong>62 ya\u015fl\u0131 hakimin niy\u0259 intihar etdiyinin s\u0259b\u0259bi a\u00e7\u0131qlanm\u0131r<\/strong><\/em><\/p>\n\n\n\n<p>&nbsp;Ali M\u0259hk\u0259m\u0259nin Kommersiya Kollegiyas\u0131n\u0131n hakimi \u0130lqar Dada\u015fovun intihar etdiyi bildirilir. Meydan TV-nin \u0259ld\u0259 etdiyi m\u0259lumata g\u00f6r\u0259, 62 ya\u015fl\u0131 hakim ya\u015fad\u0131\u011f\u0131 evd\u0259 \u00f6z\u00fcn\u00fc asaraq, h\u0259yat\u0131na son qoyub. <\/p>\n\n\n\n<p>M\u0259nb\u0259 intihar\u0131n s\u0259b\u0259bi bar\u0259d\u0259 \u0259trafl\u0131 bilgi verm\u0259yib.<\/p>\n\n\n\n<p>\u0130lqar Dada\u015fovun hakim yolda\u015flar\u0131ndan biri d\u0259 fakt\u0131 Meydan TV-y\u0259 t\u0259sdiql\u0259yib.<\/p>\n\n\n\n<p>1962-ci il t\u0259v\u0259ll\u00fcdl\u00fc \u0130lqar Dada\u015fov 2023-c\u00fc ild\u0259 Prezidentin s\u0259r\u0259ncam\u0131yla \u201cT\u0259r\u0259qqi\u201d medal\u0131 il\u0259 t\u0259ltif olunmu\u015fdu.<\/p>\n","protected":false},"excerpt":{"rendered":"<p>62 ya\u015fl\u0131 hakimin niy\u0259 intihar etdiyinin s\u0259b\u0259bi a\u00e7\u0131qlanm\u0131r &nbsp;Ali M\u0259hk\u0259m\u0259nin &#8230; <\/p>\n<p class=\"read-more-container\"><a title=\"Ali M\u0259hk\u0259m\u0259nin hakiminin \u00f6z\u00fcn\u00fc \u00f6ld\u00fcrd\u00fcy\u00fc bildirilir\" class=\"read-more button\" href=\"https:\/\/www.meydan.tv\/az\/article\/ali-mehkemenin-hakiminin-ozunu-oldurduyu-bildirilir\/#more-304420\" aria-label=\"Read more about Ali M\u0259hk\u0259m\u0259nin hakiminin \u00f6z\u00fcn\u00fc \u00f6ld\u00fcrd\u00fcy\u00fc bildirilir\">Davam\u0131<\/a><\/p>\n","protected":false},"author":8,"featured_media":304432,"comment_status":"closed","ping_status":"closed","sticky":false,"template":"","format":"standard","meta":{"_acf_changed":false,"_sitemap_exclude":false,"_sitemap_priority":"","_sitemap_frequency":"","footnotes":""},"categories":[62,79,56],"tags":[],"class_list":["post-304420","post","type-post","status-publish","format-standard","has-post-thumbnail","hentry","category-sosial","category-featured","category-xeberler","infinite-scroll-item","generate-columns","tablet-grid-50","mobile-grid-100","grid-parent","grid-33","no-featured-image-padding"],"acf":[],"yoast_head":"<!-- This site is optimized with the Yoast SEO plugin v27.5 - https:\/\/yoast.com\/product\/yoast-seo-wordpress\/ -->\n<title>Ali M\u0259hk\u0259m\u0259nin hakiminin \u00f6z\u00fcn\u00fc \u00f6ld\u00fcrd\u00fcy\u00fc bildirilir - MEYDAN.TV<\/title>\n<meta name=\"robots\" content=\"index, follow, max-snippet:-1, max-image-preview:large, max-video-preview:-1\" \/>\n<link rel=\"canonical\" href=\"https:\/\/www.meydan.tv\/az\/article\/ali-mehkemenin-hakiminin-ozunu-oldurduyu-bildirilir\/\" \/>\n<meta property=\"og:locale\" content=\"az_AZ\" \/>\n<meta property=\"og:type\" content=\"article\" \/>\n<meta property=\"og:title\" content=\"Ali M\u0259hk\u0259m\u0259nin hakiminin \u00f6z\u00fcn\u00fc \u00f6ld\u00fcrd\u00fcy\u00fc bildirilir - MEYDAN.TV\" \/>\n<meta property=\"og:description\" content=\"62 ya\u015fl\u0131 hakimin niy\u0259 intihar etdiyinin s\u0259b\u0259bi a\u00e7\u0131qlanm\u0131r &nbsp;Ali M\u0259hk\u0259m\u0259nin ... Davam\u0131\" \/>\n<meta property=\"og:url\" content=\"https:\/\/www.meydan.tv\/az\/article\/ali-mehkemenin-hakiminin-ozunu-oldurduyu-bildirilir\/\" \/>\n<meta property=\"og:site_name\" content=\"MEYDAN.TV\" \/>\n<meta property=\"article:published_time\" content=\"2024-04-27T12:26:56+00:00\" \/>\n<meta property=\"article:modified_time\" content=\"2024-04-28T10:05:10+00:00\" \/>\n<meta property=\"og:image\" content=\"https:\/\/www.meydan.tv\/wp-content\/uploads\/iqar-dadasov-1.jpg\" \/>\n\t<meta property=\"og:image:width\" content=\"1200\" \/>\n\t<meta property=\"og:image:height\" content=\"675\" \/>\n\t<meta property=\"og:image:type\" content=\"image\/jpeg\" \/>\n<meta name=\"author\" content=\"elli\" \/>\n<meta name=\"twitter:card\" content=\"summary_large_image\" \/>\n<meta name=\"twitter:creator\" content=\"@elli\" \/>\n<script type=\"application\/ld+json\" class=\"yoast-schema-graph\">{\"@context\":\"https:\\\/\\\/schema.org\",\"@graph\":[{\"@type\":\"Article\",\"@id\":\"https:\\\/\\\/www.meydan.tv\\\/az\\\/article\\\/ali-mehkemenin-hakiminin-ozunu-oldurduyu-bildirilir\\\/#article\",\"isPartOf\":{\"@id\":\"https:\\\/\\\/www.meydan.tv\\\/az\\\/article\\\/ali-mehkemenin-hakiminin-ozunu-oldurduyu-bildirilir\\\/\"},\"author\":{\"name\":\"elli\",\"@id\":\"https:\\\/\\\/www.meydan.tv\\\/az\\\/#\\\/schema\\\/person\\\/9cdbecf90d17180ce1dfbd95b08dcf47\"},\"headline\":\"Ali M\u0259hk\u0259m\u0259nin hakiminin \u00f6z\u00fcn\u00fc \u00f6ld\u00fcrd\u00fcy\u00fc bildirilir\",\"datePublished\":\"2024-04-27T12:26:56+00:00\",\"dateModified\":\"2024-04-28T10:05:10+00:00\",\"mainEntityOfPage\":{\"@id\":\"https:\\\/\\\/www.meydan.tv\\\/az\\\/article\\\/ali-mehkemenin-hakiminin-ozunu-oldurduyu-bildirilir\\\/\"},\"wordCount\":116,\"publisher\":{\"@id\":\"https:\\\/\\\/www.meydan.tv\\\/az\\\/#organization\"},\"image\":{\"@id\":\"https:\\\/\\\/www.meydan.tv\\\/az\\\/article\\\/ali-mehkemenin-hakiminin-ozunu-oldurduyu-bildirilir\\\/#primaryimage\"},\"thumbnailUrl\":\"https:\\\/\\\/www.meydan.tv\\\/wp-content\\\/uploads\\\/iqar-dadasov-1.jpg\",\"articleSection\":[\"Sosial\",\"T\u00f6vsiy\u0259\",\"X\u0259b\u0259rl\u0259r\"],\"inLanguage\":\"az\"},{\"@type\":\"WebPage\",\"@id\":\"https:\\\/\\\/www.meydan.tv\\\/az\\\/article\\\/ali-mehkemenin-hakiminin-ozunu-oldurduyu-bildirilir\\\/\",\"url\":\"https:\\\/\\\/www.meydan.tv\\\/az\\\/article\\\/ali-mehkemenin-hakiminin-ozunu-oldurduyu-bildirilir\\\/\",\"name\":\"Ali M\u0259hk\u0259m\u0259nin hakiminin \u00f6z\u00fcn\u00fc \u00f6ld\u00fcrd\u00fcy\u00fc bildirilir - MEYDAN.TV\",\"isPartOf\":{\"@id\":\"https:\\\/\\\/www.meydan.tv\\\/az\\\/#website\"},\"primaryImageOfPage\":{\"@id\":\"https:\\\/\\\/www.meydan.tv\\\/az\\\/article\\\/ali-mehkemenin-hakiminin-ozunu-oldurduyu-bildirilir\\\/#primaryimage\"},\"image\":{\"@id\":\"https:\\\/\\\/www.meydan.tv\\\/az\\\/article\\\/ali-mehkemenin-hakiminin-ozunu-oldurduyu-bildirilir\\\/#primaryimage\"},\"thumbnailUrl\":\"https:\\\/\\\/www.meydan.tv\\\/wp-content\\\/uploads\\\/iqar-dadasov-1.jpg\",\"datePublished\":\"2024-04-27T12:26:56+00:00\",\"dateModified\":\"2024-04-28T10:05:10+00:00\",\"breadcrumb\":{\"@id\":\"https:\\\/\\\/www.meydan.tv\\\/az\\\/article\\\/ali-mehkemenin-hakiminin-ozunu-oldurduyu-bildirilir\\\/#breadcrumb\"},\"inLanguage\":\"az\",\"potentialAction\":[{\"@type\":\"ReadAction\",\"target\":[\"https:\\\/\\\/www.meydan.tv\\\/az\\\/article\\\/ali-mehkemenin-hakiminin-ozunu-oldurduyu-bildirilir\\\/\"]}]},{\"@type\":\"ImageObject\",\"inLanguage\":\"az\",\"@id\":\"https:\\\/\\\/www.meydan.tv\\\/az\\\/article\\\/ali-mehkemenin-hakiminin-ozunu-oldurduyu-bildirilir\\\/#primaryimage\",\"url\":\"https:\\\/\\\/www.meydan.tv\\\/wp-content\\\/uploads\\\/iqar-dadasov-1.jpg\",\"contentUrl\":\"https:\\\/\\\/www.meydan.tv\\\/wp-content\\\/uploads\\\/iqar-dadasov-1.jpg\",\"width\":1200,\"height\":675,\"caption\":\"\u0130lqar Dada\u015fov. Foto: \u201csupremecourt.gov.\u201d\"},{\"@type\":\"BreadcrumbList\",\"@id\":\"https:\\\/\\\/www.meydan.tv\\\/az\\\/article\\\/ali-mehkemenin-hakiminin-ozunu-oldurduyu-bildirilir\\\/#breadcrumb\",\"itemListElement\":[{\"@type\":\"ListItem\",\"position\":1,\"name\":\"Ana s\u0259hif\u0259\",\"item\":\"https:\\\/\\\/www.meydan.tv\\\/az\\\/\"},{\"@type\":\"ListItem\",\"position\":2,\"name\":\"Sosial\",\"item\":\"https:\\\/\\\/www.meydan.tv\\\/az\\\/section\\\/sosial\\\/\"},{\"@type\":\"ListItem\",\"position\":3,\"name\":\"Ali M\u0259hk\u0259m\u0259nin hakiminin \u00f6z\u00fcn\u00fc \u00f6ld\u00fcrd\u00fcy\u00fc bildirilir\"}]},{\"@type\":\"WebSite\",\"@id\":\"https:\\\/\\\/www.meydan.tv\\\/az\\\/#website\",\"url\":\"https:\\\/\\\/www.meydan.tv\\\/az\\\/\",\"name\":\"MEYDAN.TV\",\"description\":\"Meydan TV Az\u0259rbaycan\u0131n media m\u0259kan\u0131ndak\u0131 alternativ s\u0259sidir\",\"publisher\":{\"@id\":\"https:\\\/\\\/www.meydan.tv\\\/az\\\/#organization\"},\"potentialAction\":[{\"@type\":\"SearchAction\",\"target\":{\"@type\":\"EntryPoint\",\"urlTemplate\":\"https:\\\/\\\/www.meydan.tv\\\/az\\\/?s={search_term_string}\"},\"query-input\":{\"@type\":\"PropertyValueSpecification\",\"valueRequired\":true,\"valueName\":\"search_term_string\"}}],\"inLanguage\":\"az\"},{\"@type\":\"Organization\",\"@id\":\"https:\\\/\\\/www.meydan.tv\\\/az\\\/#organization\",\"name\":\"Meydan TV\",\"url\":\"https:\\\/\\\/www.meydan.tv\\\/az\\\/\",\"logo\":{\"@type\":\"ImageObject\",\"inLanguage\":\"az\",\"@id\":\"https:\\\/\\\/www.meydan.tv\\\/az\\\/#\\\/schema\\\/logo\\\/image\\\/\",\"url\":\"https:\\\/\\\/www.meydan.tv\\\/wp-content\\\/uploads\\\/2021\\\/07\\\/meydan-logo.svg\",\"contentUrl\":\"https:\\\/\\\/www.meydan.tv\\\/wp-content\\\/uploads\\\/2021\\\/07\\\/meydan-logo.svg\",\"width\":195,\"height\":46,\"caption\":\"Meydan TV\"},\"image\":{\"@id\":\"https:\\\/\\\/www.meydan.tv\\\/az\\\/#\\\/schema\\\/logo\\\/image\\\/\"}},{\"@type\":\"Person\",\"@id\":\"https:\\\/\\\/www.meydan.tv\\\/az\\\/#\\\/schema\\\/person\\\/9cdbecf90d17180ce1dfbd95b08dcf47\",\"name\":\"elli\",\"sameAs\":[\"https:\\\/\\\/x.com\\\/elli\"]}]}<\/script>\n<!-- \/ Yoast SEO plugin. -->","yoast_head_json":{"title":"Ali M\u0259hk\u0259m\u0259nin hakiminin \u00f6z\u00fcn\u00fc \u00f6ld\u00fcrd\u00fcy\u00fc bildirilir - MEYDAN.TV","robots":{"index":"index","follow":"follow","max-snippet":"max-snippet:-1","max-image-preview":"max-image-preview:large","max-video-preview":"max-video-preview:-1"},"canonical":"https:\/\/www.meydan.tv\/az\/article\/ali-mehkemenin-hakiminin-ozunu-oldurduyu-bildirilir\/","og_locale":"az_AZ","og_type":"article","og_title":"Ali M\u0259hk\u0259m\u0259nin hakiminin \u00f6z\u00fcn\u00fc \u00f6ld\u00fcrd\u00fcy\u00fc bildirilir - MEYDAN.TV","og_description":"62 ya\u015fl\u0131 hakimin niy\u0259 intihar etdiyinin s\u0259b\u0259bi a\u00e7\u0131qlanm\u0131r &nbsp;Ali M\u0259hk\u0259m\u0259nin ... Davam\u0131","og_url":"https:\/\/www.meydan.tv\/az\/article\/ali-mehkemenin-hakiminin-ozunu-oldurduyu-bildirilir\/","og_site_name":"MEYDAN.TV","article_published_time":"2024-04-27T12:26:56+00:00","article_modified_time":"2024-04-28T10:05:10+00:00","og_image":[{"width":1200,"height":675,"url":"https:\/\/www.meydan.tv\/wp-content\/uploads\/iqar-dadasov-1.jpg","type":"image\/jpeg"}],"author":"elli","twitter_card":"summary_large_image","twitter_creator":"@elli","schema":{"@context":"https:\/\/schema.org","@graph":[{"@type":"Article","@id":"https:\/\/www.meydan.tv\/az\/article\/ali-mehkemenin-hakiminin-ozunu-oldurduyu-bildirilir\/#article","isPartOf":{"@id":"https:\/\/www.meydan.tv\/az\/article\/ali-mehkemenin-hakiminin-ozunu-oldurduyu-bildirilir\/"},"author":{"name":"elli","@id":"https:\/\/www.meydan.tv\/az\/#\/schema\/person\/9cdbecf90d17180ce1dfbd95b08dcf47"},"headline":"Ali M\u0259hk\u0259m\u0259nin hakiminin \u00f6z\u00fcn\u00fc \u00f6ld\u00fcrd\u00fcy\u00fc bildirilir","datePublished":"2024-04-27T12:26:56+00:00","dateModified":"2024-04-28T10:05:10+00:00","mainEntityOfPage":{"@id":"https:\/\/www.meydan.tv\/az\/article\/ali-mehkemenin-hakiminin-ozunu-oldurduyu-bildirilir\/"},"wordCount":116,"publisher":{"@id":"https:\/\/www.meydan.tv\/az\/#organization"},"image":{"@id":"https:\/\/www.meydan.tv\/az\/article\/ali-mehkemenin-hakiminin-ozunu-oldurduyu-bildirilir\/#primaryimage"},"thumbnailUrl":"https:\/\/www.meydan.tv\/wp-content\/uploads\/iqar-dadasov-1.jpg","articleSection":["Sosial","T\u00f6vsiy\u0259","X\u0259b\u0259rl\u0259r"],"inLanguage":"az"},{"@type":"WebPage","@id":"https:\/\/www.meydan.tv\/az\/article\/ali-mehkemenin-hakiminin-ozunu-oldurduyu-bildirilir\/","url":"https:\/\/www.meydan.tv\/az\/article\/ali-mehkemenin-hakiminin-ozunu-oldurduyu-bildirilir\/","name":"Ali M\u0259hk\u0259m\u0259nin hakiminin \u00f6z\u00fcn\u00fc \u00f6ld\u00fcrd\u00fcy\u00fc bildirilir - MEYDAN.TV","isPartOf":{"@id":"https:\/\/www.meydan.tv\/az\/#website"},"primaryImageOfPage":{"@id":"https:\/\/www.meydan.tv\/az\/article\/ali-mehkemenin-hakiminin-ozunu-oldurduyu-bildirilir\/#primaryimage"},"image":{"@id":"https:\/\/www.meydan.tv\/az\/article\/ali-mehkemenin-hakiminin-ozunu-oldurduyu-bildirilir\/#primaryimage"},"thumbnailUrl":"https:\/\/www.meydan.tv\/wp-content\/uploads\/iqar-dadasov-1.jpg","datePublished":"2024-04-27T12:26:56+00:00","dateModified":"2024-04-28T10:05:10+00:00","breadcrumb":{"@id":"https:\/\/www.meydan.tv\/az\/article\/ali-mehkemenin-hakiminin-ozunu-oldurduyu-bildirilir\/#breadcrumb"},"inLanguage":"az","potentialAction":[{"@type":"ReadAction","target":["https:\/\/www.meydan.tv\/az\/article\/ali-mehkemenin-hakiminin-ozunu-oldurduyu-bildirilir\/"]}]},{"@type":"ImageObject","inLanguage":"az","@id":"https:\/\/www.meydan.tv\/az\/article\/ali-mehkemenin-hakiminin-ozunu-oldurduyu-bildirilir\/#primaryimage","url":"https:\/\/www.meydan.tv\/wp-content\/uploads\/iqar-dadasov-1.jpg","contentUrl":"https:\/\/www.meydan.tv\/wp-content\/uploads\/iqar-dadasov-1.jpg","width":1200,"height":675,"caption":"\u0130lqar Dada\u015fov. Foto: \u201csupremecourt.gov.\u201d"},{"@type":"BreadcrumbList","@id":"https:\/\/www.meydan.tv\/az\/article\/ali-mehkemenin-hakiminin-ozunu-oldurduyu-bildirilir\/#breadcrumb","itemListElement":[{"@type":"ListItem","position":1,"name":"Ana s\u0259hif\u0259","item":"https:\/\/www.meydan.tv\/az\/"},{"@type":"ListItem","position":2,"name":"Sosial","item":"https:\/\/www.meydan.tv\/az\/section\/sosial\/"},{"@type":"ListItem","position":3,"name":"Ali M\u0259hk\u0259m\u0259nin hakiminin \u00f6z\u00fcn\u00fc \u00f6ld\u00fcrd\u00fcy\u00fc bildirilir"}]},{"@type":"WebSite","@id":"https:\/\/www.meydan.tv\/az\/#website","url":"https:\/\/www.meydan.tv\/az\/","name":"MEYDAN.TV","description":"Meydan TV Az\u0259rbaycan\u0131n media m\u0259kan\u0131ndak\u0131 alternativ s\u0259sidir","publisher":{"@id":"https:\/\/www.meydan.tv\/az\/#organization"},"potentialAction":[{"@type":"SearchAction","target":{"@type":"EntryPoint","urlTemplate":"https:\/\/www.meydan.tv\/az\/?s={search_term_string}"},"query-input":{"@type":"PropertyValueSpecification","valueRequired":true,"valueName":"search_term_string"}}],"inLanguage":"az"},{"@type":"Organization","@id":"https:\/\/www.meydan.tv\/az\/#organization","name":"Meydan TV","url":"https:\/\/www.meydan.tv\/az\/","logo":{"@type":"ImageObject","inLanguage":"az","@id":"https:\/\/www.meydan.tv\/az\/#\/schema\/logo\/image\/","url":"https:\/\/www.meydan.tv\/wp-content\/uploads\/2021\/07\/meydan-logo.svg","contentUrl":"https:\/\/www.meydan.tv\/wp-content\/uploads\/2021\/07\/meydan-logo.svg","width":195,"height":46,"caption":"Meydan TV"},"image":{"@id":"https:\/\/www.meydan.tv\/az\/#\/schema\/logo\/image\/"}},{"@type":"Person","@id":"https:\/\/www.meydan.tv\/az\/#\/schema\/person\/9cdbecf90d17180ce1dfbd95b08dcf47","name":"elli","sameAs":["https:\/\/x.com\/elli"]}]}},"_links":{"self":[{"href":"https:\/\/www.meydan.tv\/az\/wp-json\/wp\/v2\/posts\/304420","targetHints":{"allow":["GET"]}}],"collection":[{"href":"https:\/\/www.meydan.tv\/az\/wp-json\/wp\/v2\/posts"}],"about":[{"href":"https:\/\/www.meydan.tv\/az\/wp-json\/wp\/v2\/types\/post"}],"author":[{"embeddable":true,"href":"https:\/\/www.meydan.tv\/az\/wp-json\/wp\/v2\/users\/8"}],"replies":[{"embeddable":true,"href":"https:\/\/www.meydan.tv\/az\/wp-json\/wp\/v2\/comments?post=304420"}],"version-history":[{"count":3,"href":"https:\/\/www.meydan.tv\/az\/wp-json\/wp\/v2\/posts\/304420\/revisions"}],"predecessor-version":[{"id":304473,"href":"https:\/\/www.meydan.tv\/az\/wp-json\/wp\/v2\/posts\/304420\/revisions\/304473"}],"wp:featuredmedia":[{"embeddable":true,"href":"https:\/\/www.meydan.tv\/az\/wp-json\/wp\/v2\/media\/304432"}],"wp:attachment":[{"href":"https:\/\/www.meydan.tv\/az\/wp-json\/wp\/v2\/media?parent=304420"}],"wp:term":[{"taxonomy":"category","embeddable":true,"href":"https:\/\/www.meydan.tv\/az\/wp-json\/wp\/v2\/categories?post=304420"},{"taxonomy":"post_tag","embeddable":true,"href":"https:\/\/www.meydan.tv\/az\/wp-json\/wp\/v2\/tags?post=304420"}],"curies":[{"name":"wp","href":"https:\/\/api.w.org\/{rel}","templated":true}]}}