{"id":304355,"date":"2024-04-26T16:56:25","date_gmt":"2024-04-26T12:56:25","guid":{"rendered":"https:\/\/www.meydan.tv\/?p=304355"},"modified":"2024-04-26T22:51:15","modified_gmt":"2024-04-26T18:51:15","slug":"eliyev-yene-de-azerbaycanda-medianin-azad-oldugunu-dedi","status":"publish","type":"post","link":"https:\/\/www.meydan.tv\/az\/article\/eliyev-yene-de-azerbaycanda-medianin-azad-oldugunu-dedi\/","title":{"rendered":"\u0130lham \u018fliyev: &#8220;Jurnalistl\u0259rin h\u0259bsi qanun \u00e7\u0259r\u00e7iv\u0259sind\u0259 apar\u0131l\u0131r&#8221;"},"content":{"rendered":"\n<figure class=\"wp-block-embed is-type-video is-provider-youtube wp-block-embed-youtube wp-embed-aspect-16-9 wp-has-aspect-ratio\"><div class=\"wp-block-embed__wrapper\">\n<iframe title=\"\u0130lham \u018fliyev: \u201cJurnalistl\u0259rin h\u0259bsi qanun \u00e7\u0259r\u00e7iv\u0259sind\u0259 apar\u0131l\u0131r\u201d\" width=\"1200\" height=\"675\" data-src=\"https:\/\/www.youtube.com\/embed\/2q6One_6n4c?feature=oembed\" frameborder=\"0\" allow=\"accelerometer; autoplay; clipboard-write; encrypted-media; gyroscope; picture-in-picture; web-share\" referrerpolicy=\"strict-origin-when-cross-origin\" allowfullscreen src=\"data:image\/svg+xml;base64,PHN2ZyB3aWR0aD0iMSIgaGVpZ2h0PSIxIiB4bWxucz0iaHR0cDovL3d3dy53My5vcmcvMjAwMC9zdmciPjwvc3ZnPg==\" class=\"lazyload\" data-load-mode=\"1\"><\/iframe>\n<\/div><\/figure>\n\n\n\n<!--more-->\n\n\n\n<p><strong><em>\u201c\u018fg\u0259r internet azadd\u0131rsa, hans\u0131 m\u0259hdudiyy\u0259td\u0259n s\u00f6hb\u0259t ged\u0259 bil\u0259r?!\u201d<\/em><\/strong><\/p>\n\n\n\n<p>Az\u0259rbaycan Prezidenti \u0130lham \u018fliyev \u00f6lk\u0259d\u0259 media azadl\u0131\u011f\u0131n\u0131n t\u0259min edildiyini, senzuran\u0131n olmad\u0131\u011f\u0131n\u0131, azad internetin v\u0259 y\u00fczl\u0259rl\u0259 media orqan\u0131n\u0131n f\u0259aliyy\u0259t g\u00f6st\u0259rdiyini bildirib.<\/p>\n\n\n\n<p>\u018fliyev bu bar\u0259d\u0259 aprelin 26-da Almaniya Kansleri Olaf \u015eoltsla birg\u0259 ke\u00e7irdiyi m\u0259tbuat konfrans\u0131nda alman jurnalistin az\u0259rbaycanl\u0131 h\u0259mkar\u0131 \u0130mran \u018fliyevin h\u0259bsil\u0259 ba\u011fl\u0131 sual\u0131n\u0131 cavabland\u0131rark\u0259n bel\u0259 <a href=\"https:\/\/www.youtube.com\/watch?v=2q6One_6n4c\">deyib.<\/a><\/p>\n\n\n\n<p>Onun fikrinc\u0259, Az\u0259rbaycan\u0131 median\u0131n inki\u015faf\u0131n\u0131 \u0259ng\u0259ll\u0259m\u0259k istiqam\u0259tind\u0259 add\u0131mlar atmaqla t\u0259nqid etm\u0259k \u0259dal\u0259tsizlik olard\u0131:<\/p>\n\n\n\n<p><em>\u201c\u018fg\u0259r internet azadd\u0131rsa, hans\u0131 m\u0259hdudiyy\u0259td\u0259n s\u00f6hb\u0259t ged\u0259 bil\u0259r?! F\u0259rdi hadis\u0259l\u0259r\u0259 g\u0259ldikd\u0259 is\u0259 t\u0259bii ki, h\u00fcquq-m\u00fchafiz\u0259 orqanlar\u0131 b\u00fct\u00fcn m\u0259s\u0259l\u0259l\u0259ri ara\u015fd\u0131r\u0131rlar. Bir m\u00fcdd\u0259t \u0259vv\u0259l xaricd\u0259n qanunsuz maliyy\u0259l\u0259\u015f\u0259n b\u0259zi media orqanlar\u0131n\u0131n n\u00fcmay\u0259nd\u0259l\u0259ri istintaq orqanlar\u0131 t\u0259r\u0259find\u0259n saxlan\u0131l\u0131b. Bu da Az\u0259rbaycan qanunvericiliyin\u0259 tam uy\u011fun \u015f\u0259kild\u0259 apar\u0131l\u0131b. \u0130st\u0259nil\u0259n \u00f6lk\u0259 \u00f6z qanunlar\u0131n\u0131 m\u00fcdafi\u0259 etm\u0259lidir v\u0259 \u0259g\u0259r xaricd\u0259n qanunsuz hans\u0131sa v\u0259sait alan media n\u00fcmay\u0259nd\u0259si istintaqa c\u0259lb edilibs\u0259, bu, median\u0131n azad olmad\u0131\u011f\u0131n\u0131 anlam\u0131na g\u0259lm\u0259m\u0259lidir. Sad\u0259c\u0259, h\u0259r k\u0259s qanun \u00e7\u0259r\u00e7iv\u0259sind\u0259 f\u0259aliyy\u0259t g\u00f6st\u0259rm\u0259lidir\u201d.<\/em><\/p>\n\n\n\n<p><em>\u201cBiz ist\u0259nil\u0259n \u00f6lk\u0259 kimi \u00f6z media m\u0259kan\u0131m\u0131z\u0131 xarici neqativ t\u0259sird\u0259n qorumal\u0131y\u0131q v\u0259 h\u0259r k\u0259s qanunlara \u0259m\u0259l etm\u0259lidir. Biz s\u00f6zl\u0259, Az\u0259rbaycanda azad c\u0259miyy\u0259t var<\/em>. <em>\u0130nsanlar tam azad v\u0259 s\u0259rb\u0259st \u015f\u0259kild\u0259 ya\u015fay\u0131rlar, qururlar, yarad\u0131rlar, o c\u00fcml\u0259d\u0259n d\u0259 media n\u00fcmay\u0259nd\u0259l\u0259ri\u201d, <\/em>&#8211; dey\u0259 \u018fliyev \u0259lav\u0259 edib.<\/p>\n\n\n\n<p>Kansler Olaf \u015eolts \u0130lham \u018fliyevl\u0259 dan\u0131\u015f\u0131qlar\u0131 \u00e7\u0259r\u00e7iv\u0259sind\u0259 insan h\u00fcquqlar\u0131 m\u0259s\u0259l\u0259sin\u0259 \u0259trafl\u0131 toxunduqlar\u0131n\u0131 bildirib.<\/p>\n\n\n\n<p>O deyib ki, Almaniya insan h\u00fcquqlar\u0131na \u00f6z t\u00f6hf\u0259sini g\u00f6st\u0259rir:<\/p>\n\n\n\n<p>\u201c<em>T\u0259bii ki, h\u0259r bir \u00f6lk\u0259d\u0259 azad m\u0259tbuat olmal\u0131, insan h\u00fcquqlar\u0131 pozulmamal\u0131d\u0131r, bu, \u00fcmumi v\u0259ziyy\u0259tdir. \u018flb\u0259tt\u0259, sirr deyil ki, m\u00fcxt\u0259lif \u00f6lk\u0259l\u0259rin v\u0259ziyy\u0259ti yax\u015f\u0131la\u015fd\u0131rmaq potensial\u0131 var<\/em>\u201d.<\/p>\n\n\n\n<p>\u018fliyev \u201cMikroskopmedia\u201dn\u0131n h\u0259mt\u0259sis\u00e7isi Fatima K\u0259rimovan\u0131n m\u00fcharib\u0259d\u0259n sonra Qaraba\u011fda b\u0259rpa i\u015fl\u0259rin\u0259 milyardlarla manat\u0131n yat\u0131r\u0131lmas\u0131, amma layih\u0259l\u0259rl\u0259 ba\u011fl\u0131 bir \u00e7ox detallar\u0131n ictimaiyy\u0259t v\u0259 media \u00fc\u00e7\u00fcn \u015f\u0259ffaf olmamas\u0131 il\u0259 ba\u011fl\u0131 sual\u0131na is\u0259 bel\u0259 cavab verib:<\/p>\n\n\n\n<p>\u201c<em>\u018fslind\u0259, sual\u0131n\u0131z t\u0259\u0259cc\u00fcb do\u011furur. Qaraba\u011fda v\u0259 \u015e\u0259rqi Z\u0259ng\u0259zurda apar\u0131lan yenid\u0259nqurma i\u015fl\u0259ri maksimum \u015f\u0259ffaf apar\u0131l\u0131r. Ayr\u0131lan v\u0259saitl\u0259 ba\u011fl\u0131 ictimaiyy\u0259t\u0259, o c\u00fcml\u0259d\u0259n, media n\u00fcmay\u0259nd\u0259l\u0259rin\u0259 m\u0259lumat verilir. Sirr deyil ki, bu yax\u0131nlarda veril\u0259n m\u0259lumat i\u015fin h\u0259cminin geni\u015f miqyasl\u0131 oldu\u011funu g\u00f6st\u0259rir. M\u00fcharib\u0259 ba\u015fa \u00e7atandan sonra bu ilin sonuna q\u0259d\u0259r Qaraba\u011fa v\u0259 \u015e\u0259rqi Z\u0259ng\u0259zura 12 milyard manat, hardasa 7 milyard dollar v\u0259sait yat\u0131r\u0131l\u0131r v\u0259 yat\u0131r\u0131lacaqd\u0131r. B\u00fct\u00fcn g\u00f6r\u00fcl\u0259n i\u015fl\u0259r g\u00f6z \u00f6n\u00fcnd\u0259dir, tender prosedurlar\u0131na tam \u0259m\u0259l edilir\u201d<\/em>.<\/p>\n\n\n\n<p>\u201c<em>M\u0259n s\u00f6z\u00fcn d\u00fcz\u00fc bilmir\u0259m sizd\u0259 bu m\u0259lumat hardand\u0131r? Y\u0259qin ki, hans\u0131sa d\u0259qiql\u0259\u015fdirilm\u0259mi\u015f m\u0259nb\u0259d\u0259n g\u00f6t\u00fcr\u00fcrs\u00fcn\u00fcz, amma azad edilmi\u015f \u0259razil\u0259r\u0259 media turlar\u0131 t\u0259\u015fkil edilir. O c\u00fcml\u0259d\u0259n, xarici media n\u00fcmay\u0259nd\u0259l\u0259ri d\u0259 v\u0259ziyy\u0259tl\u0259 tan\u0131\u015f olurlar. \u018fg\u0259r sizin imkan\u0131n\u0131z olsayd\u0131, g\u00f6r\u0259rdiniz ki, Erm\u0259nistan bizim torpaqlar\u0131 nec\u0259 viran qoyub v\u0259 bu g\u00fcn \u0259razil\u0259r\u0259 qay\u0131dan insanlar hans\u0131 sevinc hissil\u0259 ya\u015fay\u0131rlar. M\u00fcharib\u0259d\u0259n c\u0259mi 3,5 il vaxt ke\u00e7ib, art\u0131q 6 min ke\u00e7mi\u015f k\u00f6\u00e7k\u00fcn d\u0259d\u0259-baba yurdlar\u0131na qay\u0131d\u0131b v\u0259 bu proses davam etdirilir. Bu ilin sonuna q\u0259d\u0259r 20 min k\u00f6\u00e7k\u00fcn qay\u0131dacaq. H\u0259r qay\u0131dan insan Az\u0259rbaycan ordusuna, r\u0259hb\u0259rliyin\u0259 minn\u0259tdarl\u0131q hissil\u0259 qay\u0131d\u0131r. Bilir\u0259m ki, Az\u0259rbaycan medias\u0131n\u0131n m\u00fctl\u0259q \u0259ks\u0259riyy\u0259ti bizim f\u0259aliyy\u0259timizi b\u0259y\u0259nir, d\u0259st\u0259kl\u0259yir v\u0259 g\u00f6r\u00fcl\u0259n i\u015fl\u0259ri d\u0259 t\u0259qdir edir\u201d, <\/em>&#8211; dey\u0259 o qeyd edib.<\/p>\n\n\n\n<figure class=\"wp-block-embed is-type-video is-provider-youtube wp-block-embed-youtube wp-embed-aspect-16-9 wp-has-aspect-ratio\"><div class=\"wp-block-embed__wrapper\">\n<iframe title=\"M\u00fchacirl\u0259r \u0130lham \u018fliyevi Berlind\u0259 bel\u0259 qar\u015f\u0131lay\u0131blar\" width=\"1200\" height=\"675\" data-src=\"https:\/\/www.youtube.com\/embed\/P_B9MXSHQh8?feature=oembed\" frameborder=\"0\" allow=\"accelerometer; autoplay; clipboard-write; encrypted-media; gyroscope; picture-in-picture; web-share\" referrerpolicy=\"strict-origin-when-cross-origin\" allowfullscreen src=\"data:image\/svg+xml;base64,PHN2ZyB3aWR0aD0iMSIgaGVpZ2h0PSIxIiB4bWxucz0iaHR0cDovL3d3dy53My5vcmcvMjAwMC9zdmciPjwvc3ZnPg==\" class=\"lazyload\" data-load-mode=\"1\"><\/iframe>\n<\/div><\/figure>\n\n\n\n<p>Az\u0259rbaycan\u0131n Prezidenti \u0130lham \u018fliyev Almaniyaya s\u0259f\u0259r edib.<\/p>\n\n\n\n<p>D\u00f6vl\u0259t ba\u015f\u00e7\u0131s\u0131 Berlind\u0259 ke\u00e7iril\u0259n \u201c15-ci Petersberq \u0130qlim Dialoqu\u201dnun Y\u00fcks\u0259k S\u0259viyy\u0259li Seqmentind\u0259 i\u015ftirak edib.<\/p>\n\n\n\n<p>Ard\u0131nca is\u0259 Almaniyan\u0131n Kansleri Olaf \u015eoltsla t\u0259kb\u0259t\u0259k g\u00f6r\u00fc\u015f\u00fcb.<\/p>\n\n\n\n<p>\u018fliyev bir s\u0131ra beyn\u0259lxalq t\u0259dbirl\u0259rd\u0259 d\u0259f\u0259l\u0259rl\u0259 Az\u0259rbaycanda internetin v\u0259 median\u0131n azad oldu\u011funu deyib.<\/p>\n\n\n\n<p><strong>B\u0259s ger\u00e7\u0259k m\u0259nz\u0259r\u0259 nec\u0259dir?<\/strong><\/p>\n\n\n\n<p><strong>Az\u0259rbaycanda mediaya t\u0259zyiql\u0259r:&nbsp;\u0130mran \u018fliyevin h\u0259bsi\u2026<\/strong><\/p>\n\n\n\n<p>&#8220;Meclis.info&#8221; sayt\u0131n\u0131n r\u0259hb\u0259ri \u0130mran \u018fliyev aprelin 18-d\u0259 ax\u015fam saatlar\u0131nda T\u00fcrkiy\u0259y\u0259 ged\u0259rk\u0259n saxlan\u0131laraq, Bak\u0131 \u015e\u0259h\u0259r Ba\u015f Polis \u0130dar\u0259sin\u0259 g\u0259tirilib.<\/p>\n\n\n\n<p>Gec\u0259 saatlar\u0131nda onun ya\u015fad\u0131\u011f\u0131 evd\u0259 axtar\u0131\u015f apar\u0131l\u0131b.<\/p>\n\n\n\n<p>B\u00fct\u00fcn bunlar ba\u015f verm\u0259mi\u015fd\u0259n \u00f6nc\u0259 \u2013 aprelin 18-d\u0259 g\u00fcnorta saatlar\u0131nda h\u00f6kum\u0259ty\u00f6nl\u00fc mediada, o c\u00fcml\u0259d\u0259n \u201cQafqazinfo\u201d sayt\u0131nda m\u00fcst\u0259qil media v\u0259 jurnalistl\u0259rin \u0259leyhin\u0259 material yay\u0131mlan\u0131b.<\/p>\n\n\n\n<p>H\u0259min m\u0259qal\u0259d\u0259 \u201c<a target=\"_blank\" href=\"http:\/\/meclis.info\/\" rel=\"noreferrer noopener\">Meclis.info<\/a>\u201d sayt\u0131 v\u0259 \u0130mran \u018fliyevin \u00fcnvan\u0131na da ittihamlar yer al\u0131b.<\/p>\n\n\n\n<p>\u0130mran \u018fliyev is\u0259 orada yaz\u0131lanlar\u0131n absurd v\u0259 uydurma oldu\u011funu bildirib.<\/p>\n\n\n\n<p>Daxili \u0130\u015fl\u0259r Nazirliyinin m\u0259tbuat xidm\u0259ti \u0130mran \u018fliyevin i\u015fg\u0259nc\u0259y\u0259 m\u0259ruz qalmas\u0131 bar\u0259d\u0259 deyil\u0259nl\u0259ri t\u0259kzib edib, qurumdan bildirilib ki, deyil\u0259nl\u0259r \u0259sass\u0131zd\u0131r.<\/p>\n\n\n\n<p><strong>\u201cAbzasMedia&#8221; i\u015fi<\/strong><\/p>\n\n\n\n<p>Korrupsiya ara\u015fd\u0131rmalar\u0131yla tan\u0131nan \u201cAbzasMedia\u201d i\u015fi \u00fczr\u0259 h\u0259bsl\u0259r \u00f6t\u0259n il noyabr\u0131n 20-d\u0259n ba\u015flay\u0131b.<\/p>\n\n\n\n<p>\u00d6nc\u0259 sayt\u0131n direktoru \u00dclvi H\u0259s\u0259nli, direktor m\u00fcavini M\u0259h\u0259mm\u0259d Kekalov, ba\u015f redaktoru Sevinc Vaqifq\u0131z\u0131 h\u0259bs edilib. Daha sonra h\u0259bsl\u0259r ara\u015fd\u0131rma\u00e7\u0131 jurnalist Hafiz Babal\u0131, N\u0259rgiz Absalamova v\u0259 Elnar\u0259 Qas\u0131mova il\u0259 davam edib. Onlar da Cinay\u0259t M\u0259c\u0259ll\u0259sinin 206.3.2-ci (bir qrup \u015f\u0259xs t\u0259r\u0259find\u0259n qa\u00e7aqmal\u00e7\u0131l\u0131q) madd\u0259sil\u0259 ittiham olunur.<\/p>\n\n\n\n<p>Bu madd\u0259nin sanksiyas\u0131nda 5 ild\u0259n 8 il\u0259 q\u0259d\u0259r azadl\u0131qdan m\u0259hrumetm\u0259 c\u0259zas\u0131 n\u0259z\u0259rd\u0259 tutulub.<\/p>\n\n\n\n<p>Noyabr\u0131n 20-d\u0259 \u00dclvi H\u0259s\u0259nli saxland\u0131qdan sonra \u201cAbzasMedia\u201dn\u0131n ofisind\u0259 axtar\u0131\u015f apar\u0131l\u0131b. Sayt\u0131n ofisind\u0259n 40 min avro pul tap\u0131ld\u0131\u011f\u0131 iddia olunub.<\/p>\n\n\n\n<p>\u00dclvi H\u0259s\u0259nli is\u0259 orada pul olmad\u0131\u011f\u0131n\u0131, 40 min avronun ofis\u0259 onu tapd\u0131\u011f\u0131n\u0131 iddia ed\u0259nl\u0259rin \u00f6zl\u0259ri t\u0259r\u0259find\u0259n qoyuldu\u011funu bildirib.<\/p>\n\n\n\n<p>Adlar\u0131 \u00e7\u0259kil\u0259n jurnalistl\u0259rin he\u00e7 biri \u00f6z\u00fcn\u00fc t\u0259qsirli bilmir, \u201cAbzasMedia\u201dda Prezidentin ail\u0259 \u00fczvl\u0259ri d\u0259 daxil olmaqla, bir s\u0131ra v\u0259zif\u0259li \u015f\u0259xsl\u0259rin biznesi, korrupsiya il\u0259 ba\u011fl\u0131 ara\u015fd\u0131rmalara g\u00f6r\u0259 c\u0259zaland\u0131r\u0131ld\u0131qlar\u0131n\u0131 bildiribl\u0259r.<\/p>\n\n\n\n<p><strong>\u201cKanal 13\u201d-\u0259 t\u0259zyiql\u0259r\u2026<\/strong><\/p>\n\n\n\n<p>\u201cAbzasMedia\u201ddan sonra \u201cKanal 13\u201d internet televiziyas\u0131n\u0131n r\u0259hb\u0259ri \u018fziz Orucov v\u0259 bu qurumun \u0259m\u0259kda\u015f\u0131 \u015eamo Eminov da qa\u00e7aqmal\u00e7\u0131l\u0131q ittiham\u0131yla h\u0259bs olundu. Haz\u0131rda onlar\u0131n i\u015fi \u00fczr\u0259 istintaq S\u0259bail rayon Polis \u0130dar\u0259sind\u0259 davam edir.<\/p>\n\n\n\n<p><strong>\u201cToplum TV&#8221; i\u015fi<\/strong><\/p>\n\n\n\n<p>Mart\u0131n 6-da is\u0259 \u201cToplum TV\u201d kanal\u0131n\u0131n bir qrup \u0259m\u0259kda\u015f\u0131 eyni ittihamla h\u0259bs edilib.<\/p>\n\n\n\n<p>\u201cToplum\u201dun redaksiyas\u0131ndan v\u0259 ayr\u0131-ayr\u0131 \u0259m\u0259kda\u015flar\u0131n evind\u0259n axtar\u0131\u015f zaman\u0131 m\u00fcxt\u0259lif m\u0259bl\u0259\u011fl\u0259rd\u0259 pul tap\u0131ld\u0131\u011f\u0131 iddia olunur.<\/p>\n\n\n\n<p>Onlar is\u0259 bu ittiham\u0131 r\u0259dd edir, tap\u0131ld\u0131\u011f\u0131 iddia edil\u0259n pullar\u0131n evl\u0259r\u0259 v\u0259 ofis\u0259 axtar\u0131\u015f\u0131 aparan polisl\u0259rin \u00f6zl\u0259ri t\u0259r\u0259find\u0259n qoyuldu\u011funu bildirirl\u0259r.<\/p>\n","protected":false},"excerpt":{"rendered":"","protected":false},"author":8,"featured_media":304352,"comment_status":"closed","ping_status":"closed","sticky":false,"template":"","format":"standard","meta":{"_acf_changed":false,"_sitemap_exclude":false,"_sitemap_priority":"","_sitemap_frequency":"","footnotes":""},"categories":[59,79,63,56],"tags":[],"class_list":["post-304355","post","type-post","status-publish","format-standard","has-post-thumbnail","hentry","category-siyaset","category-featured","category-video-2","category-xeberler","infinite-scroll-item","generate-columns","tablet-grid-50","mobile-grid-100","grid-parent","grid-33","no-featured-image-padding"],"acf":[],"yoast_head":"<!-- This site is optimized with the Yoast SEO plugin v27.4 - https:\/\/yoast.com\/product\/yoast-seo-wordpress\/ -->\n<title>\u0130lham \u018fliyev: &quot;Jurnalistl\u0259rin h\u0259bsi qanun \u00e7\u0259r\u00e7iv\u0259sind\u0259 apar\u0131l\u0131r&quot; - MEYDAN.TV<\/title>\n<meta name=\"robots\" content=\"index, follow, max-snippet:-1, max-image-preview:large, max-video-preview:-1\" \/>\n<link rel=\"canonical\" href=\"https:\/\/www.meydan.tv\/az\/article\/eliyev-yene-de-azerbaycanda-medianin-azad-oldugunu-dedi\/\" \/>\n<meta property=\"og:locale\" content=\"az_AZ\" \/>\n<meta property=\"og:type\" content=\"article\" \/>\n<meta property=\"og:title\" content=\"\u0130lham \u018fliyev: &quot;Jurnalistl\u0259rin h\u0259bsi qanun \u00e7\u0259r\u00e7iv\u0259sind\u0259 apar\u0131l\u0131r&quot; - MEYDAN.TV\" \/>\n<meta property=\"og:url\" content=\"https:\/\/www.meydan.tv\/az\/article\/eliyev-yene-de-azerbaycanda-medianin-azad-oldugunu-dedi\/\" \/>\n<meta property=\"og:site_name\" content=\"MEYDAN.TV\" \/>\n<meta property=\"article:published_time\" content=\"2024-04-26T12:56:25+00:00\" \/>\n<meta property=\"article:modified_time\" content=\"2024-04-26T18:51:15+00:00\" \/>\n<meta property=\"og:image\" content=\"https:\/\/www.meydan.tv\/wp-content\/uploads\/1714130060_c47b12f1a08a033b7e4e6d71bc49c4f1.jpg\" \/>\n\t<meta property=\"og:image:width\" content=\"1200\" \/>\n\t<meta property=\"og:image:height\" content=\"822\" \/>\n\t<meta property=\"og:image:type\" content=\"image\/jpeg\" \/>\n<meta name=\"author\" content=\"elli\" \/>\n<meta name=\"twitter:card\" content=\"summary_large_image\" \/>\n<meta name=\"twitter:creator\" content=\"@elli\" \/>\n<script type=\"application\/ld+json\" class=\"yoast-schema-graph\">{\"@context\":\"https:\\\/\\\/schema.org\",\"@graph\":[{\"@type\":\"Article\",\"@id\":\"https:\\\/\\\/www.meydan.tv\\\/az\\\/article\\\/eliyev-yene-de-azerbaycanda-medianin-azad-oldugunu-dedi\\\/#article\",\"isPartOf\":{\"@id\":\"https:\\\/\\\/www.meydan.tv\\\/az\\\/article\\\/eliyev-yene-de-azerbaycanda-medianin-azad-oldugunu-dedi\\\/\"},\"author\":{\"name\":\"elli\",\"@id\":\"https:\\\/\\\/www.meydan.tv\\\/az\\\/#\\\/schema\\\/person\\\/9cdbecf90d17180ce1dfbd95b08dcf47\"},\"headline\":\"\u0130lham \u018fliyev: &#8220;Jurnalistl\u0259rin h\u0259bsi qanun \u00e7\u0259r\u00e7iv\u0259sind\u0259 apar\u0131l\u0131r&#8221;\",\"datePublished\":\"2024-04-26T12:56:25+00:00\",\"dateModified\":\"2024-04-26T18:51:15+00:00\",\"mainEntityOfPage\":{\"@id\":\"https:\\\/\\\/www.meydan.tv\\\/az\\\/article\\\/eliyev-yene-de-azerbaycanda-medianin-azad-oldugunu-dedi\\\/\"},\"wordCount\":1413,\"publisher\":{\"@id\":\"https:\\\/\\\/www.meydan.tv\\\/az\\\/#organization\"},\"image\":{\"@id\":\"https:\\\/\\\/www.meydan.tv\\\/az\\\/article\\\/eliyev-yene-de-azerbaycanda-medianin-azad-oldugunu-dedi\\\/#primaryimage\"},\"thumbnailUrl\":\"https:\\\/\\\/www.meydan.tv\\\/wp-content\\\/uploads\\\/1714130060_c47b12f1a08a033b7e4e6d71bc49c4f1.jpg\",\"articleSection\":[\"Siyas\u0259t\",\"T\u00f6vsiy\u0259\",\"Video\",\"X\u0259b\u0259rl\u0259r\"],\"inLanguage\":\"az\"},{\"@type\":\"WebPage\",\"@id\":\"https:\\\/\\\/www.meydan.tv\\\/az\\\/article\\\/eliyev-yene-de-azerbaycanda-medianin-azad-oldugunu-dedi\\\/\",\"url\":\"https:\\\/\\\/www.meydan.tv\\\/az\\\/article\\\/eliyev-yene-de-azerbaycanda-medianin-azad-oldugunu-dedi\\\/\",\"name\":\"\u0130lham \u018fliyev: \\\"Jurnalistl\u0259rin h\u0259bsi qanun \u00e7\u0259r\u00e7iv\u0259sind\u0259 apar\u0131l\u0131r\\\" - MEYDAN.TV\",\"isPartOf\":{\"@id\":\"https:\\\/\\\/www.meydan.tv\\\/az\\\/#website\"},\"primaryImageOfPage\":{\"@id\":\"https:\\\/\\\/www.meydan.tv\\\/az\\\/article\\\/eliyev-yene-de-azerbaycanda-medianin-azad-oldugunu-dedi\\\/#primaryimage\"},\"image\":{\"@id\":\"https:\\\/\\\/www.meydan.tv\\\/az\\\/article\\\/eliyev-yene-de-azerbaycanda-medianin-azad-oldugunu-dedi\\\/#primaryimage\"},\"thumbnailUrl\":\"https:\\\/\\\/www.meydan.tv\\\/wp-content\\\/uploads\\\/1714130060_c47b12f1a08a033b7e4e6d71bc49c4f1.jpg\",\"datePublished\":\"2024-04-26T12:56:25+00:00\",\"dateModified\":\"2024-04-26T18:51:15+00:00\",\"breadcrumb\":{\"@id\":\"https:\\\/\\\/www.meydan.tv\\\/az\\\/article\\\/eliyev-yene-de-azerbaycanda-medianin-azad-oldugunu-dedi\\\/#breadcrumb\"},\"inLanguage\":\"az\",\"potentialAction\":[{\"@type\":\"ReadAction\",\"target\":[\"https:\\\/\\\/www.meydan.tv\\\/az\\\/article\\\/eliyev-yene-de-azerbaycanda-medianin-azad-oldugunu-dedi\\\/\"]}]},{\"@type\":\"ImageObject\",\"inLanguage\":\"az\",\"@id\":\"https:\\\/\\\/www.meydan.tv\\\/az\\\/article\\\/eliyev-yene-de-azerbaycanda-medianin-azad-oldugunu-dedi\\\/#primaryimage\",\"url\":\"https:\\\/\\\/www.meydan.tv\\\/wp-content\\\/uploads\\\/1714130060_c47b12f1a08a033b7e4e6d71bc49c4f1.jpg\",\"contentUrl\":\"https:\\\/\\\/www.meydan.tv\\\/wp-content\\\/uploads\\\/1714130060_c47b12f1a08a033b7e4e6d71bc49c4f1.jpg\",\"width\":1200,\"height\":822,\"caption\":\"\u0130lham \u018fliyev v\u0259 Olaf \u015eoltsun m\u0259tbuat konfrans\u0131. Foto: president.az\"},{\"@type\":\"BreadcrumbList\",\"@id\":\"https:\\\/\\\/www.meydan.tv\\\/az\\\/article\\\/eliyev-yene-de-azerbaycanda-medianin-azad-oldugunu-dedi\\\/#breadcrumb\",\"itemListElement\":[{\"@type\":\"ListItem\",\"position\":1,\"name\":\"Ana s\u0259hif\u0259\",\"item\":\"https:\\\/\\\/www.meydan.tv\\\/az\\\/\"},{\"@type\":\"ListItem\",\"position\":2,\"name\":\"Siyas\u0259t\",\"item\":\"https:\\\/\\\/www.meydan.tv\\\/az\\\/section\\\/siyaset\\\/\"},{\"@type\":\"ListItem\",\"position\":3,\"name\":\"\u0130lham \u018fliyev: &#8220;Jurnalistl\u0259rin h\u0259bsi qanun \u00e7\u0259r\u00e7iv\u0259sind\u0259 apar\u0131l\u0131r&#8221;\"}]},{\"@type\":\"WebSite\",\"@id\":\"https:\\\/\\\/www.meydan.tv\\\/az\\\/#website\",\"url\":\"https:\\\/\\\/www.meydan.tv\\\/az\\\/\",\"name\":\"MEYDAN.TV\",\"description\":\"Meydan TV Az\u0259rbaycan\u0131n media m\u0259kan\u0131ndak\u0131 alternativ s\u0259sidir\",\"publisher\":{\"@id\":\"https:\\\/\\\/www.meydan.tv\\\/az\\\/#organization\"},\"potentialAction\":[{\"@type\":\"SearchAction\",\"target\":{\"@type\":\"EntryPoint\",\"urlTemplate\":\"https:\\\/\\\/www.meydan.tv\\\/az\\\/?s={search_term_string}\"},\"query-input\":{\"@type\":\"PropertyValueSpecification\",\"valueRequired\":true,\"valueName\":\"search_term_string\"}}],\"inLanguage\":\"az\"},{\"@type\":\"Organization\",\"@id\":\"https:\\\/\\\/www.meydan.tv\\\/az\\\/#organization\",\"name\":\"Meydan TV\",\"url\":\"https:\\\/\\\/www.meydan.tv\\\/az\\\/\",\"logo\":{\"@type\":\"ImageObject\",\"inLanguage\":\"az\",\"@id\":\"https:\\\/\\\/www.meydan.tv\\\/az\\\/#\\\/schema\\\/logo\\\/image\\\/\",\"url\":\"https:\\\/\\\/www.meydan.tv\\\/wp-content\\\/uploads\\\/2021\\\/07\\\/meydan-logo.svg\",\"contentUrl\":\"https:\\\/\\\/www.meydan.tv\\\/wp-content\\\/uploads\\\/2021\\\/07\\\/meydan-logo.svg\",\"width\":195,\"height\":46,\"caption\":\"Meydan TV\"},\"image\":{\"@id\":\"https:\\\/\\\/www.meydan.tv\\\/az\\\/#\\\/schema\\\/logo\\\/image\\\/\"}},{\"@type\":\"Person\",\"@id\":\"https:\\\/\\\/www.meydan.tv\\\/az\\\/#\\\/schema\\\/person\\\/9cdbecf90d17180ce1dfbd95b08dcf47\",\"name\":\"elli\",\"sameAs\":[\"https:\\\/\\\/x.com\\\/elli\"]}]}<\/script>\n<!-- \/ Yoast SEO plugin. -->","yoast_head_json":{"title":"\u0130lham \u018fliyev: \"Jurnalistl\u0259rin h\u0259bsi qanun \u00e7\u0259r\u00e7iv\u0259sind\u0259 apar\u0131l\u0131r\" - MEYDAN.TV","robots":{"index":"index","follow":"follow","max-snippet":"max-snippet:-1","max-image-preview":"max-image-preview:large","max-video-preview":"max-video-preview:-1"},"canonical":"https:\/\/www.meydan.tv\/az\/article\/eliyev-yene-de-azerbaycanda-medianin-azad-oldugunu-dedi\/","og_locale":"az_AZ","og_type":"article","og_title":"\u0130lham \u018fliyev: \"Jurnalistl\u0259rin h\u0259bsi qanun \u00e7\u0259r\u00e7iv\u0259sind\u0259 apar\u0131l\u0131r\" - MEYDAN.TV","og_url":"https:\/\/www.meydan.tv\/az\/article\/eliyev-yene-de-azerbaycanda-medianin-azad-oldugunu-dedi\/","og_site_name":"MEYDAN.TV","article_published_time":"2024-04-26T12:56:25+00:00","article_modified_time":"2024-04-26T18:51:15+00:00","og_image":[{"width":1200,"height":822,"url":"https:\/\/www.meydan.tv\/wp-content\/uploads\/1714130060_c47b12f1a08a033b7e4e6d71bc49c4f1.jpg","type":"image\/jpeg"}],"author":"elli","twitter_card":"summary_large_image","twitter_creator":"@elli","schema":{"@context":"https:\/\/schema.org","@graph":[{"@type":"Article","@id":"https:\/\/www.meydan.tv\/az\/article\/eliyev-yene-de-azerbaycanda-medianin-azad-oldugunu-dedi\/#article","isPartOf":{"@id":"https:\/\/www.meydan.tv\/az\/article\/eliyev-yene-de-azerbaycanda-medianin-azad-oldugunu-dedi\/"},"author":{"name":"elli","@id":"https:\/\/www.meydan.tv\/az\/#\/schema\/person\/9cdbecf90d17180ce1dfbd95b08dcf47"},"headline":"\u0130lham \u018fliyev: &#8220;Jurnalistl\u0259rin h\u0259bsi qanun \u00e7\u0259r\u00e7iv\u0259sind\u0259 apar\u0131l\u0131r&#8221;","datePublished":"2024-04-26T12:56:25+00:00","dateModified":"2024-04-26T18:51:15+00:00","mainEntityOfPage":{"@id":"https:\/\/www.meydan.tv\/az\/article\/eliyev-yene-de-azerbaycanda-medianin-azad-oldugunu-dedi\/"},"wordCount":1413,"publisher":{"@id":"https:\/\/www.meydan.tv\/az\/#organization"},"image":{"@id":"https:\/\/www.meydan.tv\/az\/article\/eliyev-yene-de-azerbaycanda-medianin-azad-oldugunu-dedi\/#primaryimage"},"thumbnailUrl":"https:\/\/www.meydan.tv\/wp-content\/uploads\/1714130060_c47b12f1a08a033b7e4e6d71bc49c4f1.jpg","articleSection":["Siyas\u0259t","T\u00f6vsiy\u0259","Video","X\u0259b\u0259rl\u0259r"],"inLanguage":"az"},{"@type":"WebPage","@id":"https:\/\/www.meydan.tv\/az\/article\/eliyev-yene-de-azerbaycanda-medianin-azad-oldugunu-dedi\/","url":"https:\/\/www.meydan.tv\/az\/article\/eliyev-yene-de-azerbaycanda-medianin-azad-oldugunu-dedi\/","name":"\u0130lham \u018fliyev: \"Jurnalistl\u0259rin h\u0259bsi qanun \u00e7\u0259r\u00e7iv\u0259sind\u0259 apar\u0131l\u0131r\" - MEYDAN.TV","isPartOf":{"@id":"https:\/\/www.meydan.tv\/az\/#website"},"primaryImageOfPage":{"@id":"https:\/\/www.meydan.tv\/az\/article\/eliyev-yene-de-azerbaycanda-medianin-azad-oldugunu-dedi\/#primaryimage"},"image":{"@id":"https:\/\/www.meydan.tv\/az\/article\/eliyev-yene-de-azerbaycanda-medianin-azad-oldugunu-dedi\/#primaryimage"},"thumbnailUrl":"https:\/\/www.meydan.tv\/wp-content\/uploads\/1714130060_c47b12f1a08a033b7e4e6d71bc49c4f1.jpg","datePublished":"2024-04-26T12:56:25+00:00","dateModified":"2024-04-26T18:51:15+00:00","breadcrumb":{"@id":"https:\/\/www.meydan.tv\/az\/article\/eliyev-yene-de-azerbaycanda-medianin-azad-oldugunu-dedi\/#breadcrumb"},"inLanguage":"az","potentialAction":[{"@type":"ReadAction","target":["https:\/\/www.meydan.tv\/az\/article\/eliyev-yene-de-azerbaycanda-medianin-azad-oldugunu-dedi\/"]}]},{"@type":"ImageObject","inLanguage":"az","@id":"https:\/\/www.meydan.tv\/az\/article\/eliyev-yene-de-azerbaycanda-medianin-azad-oldugunu-dedi\/#primaryimage","url":"https:\/\/www.meydan.tv\/wp-content\/uploads\/1714130060_c47b12f1a08a033b7e4e6d71bc49c4f1.jpg","contentUrl":"https:\/\/www.meydan.tv\/wp-content\/uploads\/1714130060_c47b12f1a08a033b7e4e6d71bc49c4f1.jpg","width":1200,"height":822,"caption":"\u0130lham \u018fliyev v\u0259 Olaf \u015eoltsun m\u0259tbuat konfrans\u0131. Foto: president.az"},{"@type":"BreadcrumbList","@id":"https:\/\/www.meydan.tv\/az\/article\/eliyev-yene-de-azerbaycanda-medianin-azad-oldugunu-dedi\/#breadcrumb","itemListElement":[{"@type":"ListItem","position":1,"name":"Ana s\u0259hif\u0259","item":"https:\/\/www.meydan.tv\/az\/"},{"@type":"ListItem","position":2,"name":"Siyas\u0259t","item":"https:\/\/www.meydan.tv\/az\/section\/siyaset\/"},{"@type":"ListItem","position":3,"name":"\u0130lham \u018fliyev: &#8220;Jurnalistl\u0259rin h\u0259bsi qanun \u00e7\u0259r\u00e7iv\u0259sind\u0259 apar\u0131l\u0131r&#8221;"}]},{"@type":"WebSite","@id":"https:\/\/www.meydan.tv\/az\/#website","url":"https:\/\/www.meydan.tv\/az\/","name":"MEYDAN.TV","description":"Meydan TV Az\u0259rbaycan\u0131n media m\u0259kan\u0131ndak\u0131 alternativ s\u0259sidir","publisher":{"@id":"https:\/\/www.meydan.tv\/az\/#organization"},"potentialAction":[{"@type":"SearchAction","target":{"@type":"EntryPoint","urlTemplate":"https:\/\/www.meydan.tv\/az\/?s={search_term_string}"},"query-input":{"@type":"PropertyValueSpecification","valueRequired":true,"valueName":"search_term_string"}}],"inLanguage":"az"},{"@type":"Organization","@id":"https:\/\/www.meydan.tv\/az\/#organization","name":"Meydan TV","url":"https:\/\/www.meydan.tv\/az\/","logo":{"@type":"ImageObject","inLanguage":"az","@id":"https:\/\/www.meydan.tv\/az\/#\/schema\/logo\/image\/","url":"https:\/\/www.meydan.tv\/wp-content\/uploads\/2021\/07\/meydan-logo.svg","contentUrl":"https:\/\/www.meydan.tv\/wp-content\/uploads\/2021\/07\/meydan-logo.svg","width":195,"height":46,"caption":"Meydan TV"},"image":{"@id":"https:\/\/www.meydan.tv\/az\/#\/schema\/logo\/image\/"}},{"@type":"Person","@id":"https:\/\/www.meydan.tv\/az\/#\/schema\/person\/9cdbecf90d17180ce1dfbd95b08dcf47","name":"elli","sameAs":["https:\/\/x.com\/elli"]}]}},"_links":{"self":[{"href":"https:\/\/www.meydan.tv\/az\/wp-json\/wp\/v2\/posts\/304355","targetHints":{"allow":["GET"]}}],"collection":[{"href":"https:\/\/www.meydan.tv\/az\/wp-json\/wp\/v2\/posts"}],"about":[{"href":"https:\/\/www.meydan.tv\/az\/wp-json\/wp\/v2\/types\/post"}],"author":[{"embeddable":true,"href":"https:\/\/www.meydan.tv\/az\/wp-json\/wp\/v2\/users\/8"}],"replies":[{"embeddable":true,"href":"https:\/\/www.meydan.tv\/az\/wp-json\/wp\/v2\/comments?post=304355"}],"version-history":[{"count":11,"href":"https:\/\/www.meydan.tv\/az\/wp-json\/wp\/v2\/posts\/304355\/revisions"}],"predecessor-version":[{"id":304384,"href":"https:\/\/www.meydan.tv\/az\/wp-json\/wp\/v2\/posts\/304355\/revisions\/304384"}],"wp:featuredmedia":[{"embeddable":true,"href":"https:\/\/www.meydan.tv\/az\/wp-json\/wp\/v2\/media\/304352"}],"wp:attachment":[{"href":"https:\/\/www.meydan.tv\/az\/wp-json\/wp\/v2\/media?parent=304355"}],"wp:term":[{"taxonomy":"category","embeddable":true,"href":"https:\/\/www.meydan.tv\/az\/wp-json\/wp\/v2\/categories?post=304355"},{"taxonomy":"post_tag","embeddable":true,"href":"https:\/\/www.meydan.tv\/az\/wp-json\/wp\/v2\/tags?post=304355"}],"curies":[{"name":"wp","href":"https:\/\/api.w.org\/{rel}","templated":true}]}}