{"id":304317,"date":"2024-04-26T12:48:41","date_gmt":"2024-04-26T08:48:41","guid":{"rendered":"https:\/\/www.meydan.tv\/?p=304317"},"modified":"2024-04-26T12:48:45","modified_gmt":"2024-04-26T08:48:45","slug":"resmi-baki-avropa-parlamentini-azerbaycanin-daxili-islerine-qarismamaga-cagirib","status":"publish","type":"post","link":"https:\/\/www.meydan.tv\/az\/article\/resmi-baki-avropa-parlamentini-azerbaycanin-daxili-islerine-qarismamaga-cagirib\/","title":{"rendered":"R\u0259smi Bak\u0131 Avropa Parlamentini\u00a0Az\u0259rbaycan\u0131n daxili i\u015fl\u0259rin\u0259 qar\u0131\u015fmama\u011fa \u00e7a\u011f\u0131r\u0131b"},"content":{"rendered":"\n<p><\/p>\n\n\n\n<p><strong><em>X\u0130N t\u0259\u015fkilat\u0131n q\u0259bul etdiyi q\u0259tnam\u0259ni \u0259sass\u0131z say\u0131r<\/em><\/strong><\/p>\n\n\n\n<p>Az\u0259rbaycan\u0131n Xarici \u0130\u015fl\u0259r Nazirliyi (X\u0130N) Avropa Parlamentinin 25 aprel tarixli q\u0259tnam\u0259sin\u0259 reaksiya verib.<\/p>\n\n\n\n<p>Nazirliyin M\u0259tbuat \u0130dar\u0259sinin r\u0259isi Ayxan Hac\u0131zad\u0259 Avropa Parlamentinin q\u0259tnam\u0259sini \u0259sass\u0131z say\u0131b.<\/p>\n\n\n\n<p>Onun s\u00f6zl\u0259rin\u0259 g\u00f6r\u0259, Az\u0259rbaycanda insan h\u00fcquqlar\u0131 il\u0259 ba\u011fl\u0131 v\u0259ziyy\u0259t a\u00e7\u0131q \u015f\u0259kild\u0259 t\u0259hrif edilib.<\/p>\n\n\n\n<p>Hac\u0131zad\u0259 qeyd edib ki, bel\u0259 birt\u0259r\u0259fli v\u0259 q\u0259r\u0259zli q\u0259tnam\u0259l\u0259rin adekvat olaraq d\u0259y\u0259rl\u0259ndirilm\u0259d\u0259n avtomatik \u015f\u0259kild\u0259 q\u0259bulu Avropa Parlamenti \u00fc\u00e7\u00fcn \u00e7oxdan adi hala \u00e7evrilib:<\/p>\n\n\n\n<p>&#8220;<em>Bu add\u0131m, Avropadak\u0131 bir s\u0131ra q\u00fcvv\u0259l\u0259rin Az\u0259rbaycanla m\u00fcnasib\u0259tl\u0259rin daha da pisl\u0259\u015fm\u0259sin\u0259 y\u00f6n\u0259lmi\u015f a\u00e7\u0131q siyasi sifari\u015find\u0259n ba\u015fqa bir \u015fey deyil. Bel\u0259 m\u00fchitd\u0259 Avropa Parlamentinin \u00f6z daxili m\u00fclahiz\u0259l\u0259rini v\u0259 \u015f\u0259xsi m\u0259nf\u0259\u0259tl\u0259rini r\u0259hb\u0259r tutan m\u00fc\u0259yy\u0259n qrup \u00fczvl\u0259ri, sad\u0259c\u0259, Az\u0259rbaycandak\u0131 v\u0259ziyy\u0259tin t\u0259hrif olunmu\u015f m\u0259nz\u0259r\u0259sini ir\u0259lil\u0259tm\u0259kl\u0259 m\u0259\u015f\u011fuldurlar&#8221;<\/em>.<\/p>\n\n\n<div class=\"wp-block-image\">\n<figure class=\"alignright size-full is-resized\"><img decoding=\"async\" width=\"923\" height=\"630\" data-src=\"https:\/\/www.meydan.tv\/wp-content\/uploads\/16743185206339931040_1200x630.jpg\" alt=\"\" class=\"wp-image-268568 lazyload\" style=\"--smush-placeholder-width: 923px; --smush-placeholder-aspect-ratio: 923\/630;width:380px;height:auto\" src=\"data:image\/svg+xml;base64,PHN2ZyB3aWR0aD0iMSIgaGVpZ2h0PSIxIiB4bWxucz0iaHR0cDovL3d3dy53My5vcmcvMjAwMC9zdmciPjwvc3ZnPg==\" \/><figcaption class=\"wp-element-caption\">Ayxan Hac\u0131zad\u0259. Foto: &#8220;azertag.az&#8221;<\/figcaption><\/figure>\n<\/div>\n\n\n<p>O hesab edir ki, bu q\u0259bild\u0259n s\u0259n\u0259dl\u0259ri q\u0259bul etm\u0259yi t\u0259\u015fviq ed\u0259nl\u0259rin niyy\u0259ti diqq\u0259ti Avropa c\u0259miyy\u0259tinin, h\u0259qiq\u0259t\u0259n, aktual sosial-iqtisadi v\u0259 siyasi probleml\u0259rind\u0259n yay\u0131nd\u0131rmaqd\u0131r:<\/p>\n\n\n\n<p>&#8220;<em>Bundan \u0259lav\u0259, Az\u0259rbaycana qar\u015f\u0131 sanksiya \u00e7a\u011f\u0131r\u0131\u015flar\u0131 yaln\u0131z Az\u0259rbaycan v\u0259 Avropa ittifaq\u0131 aras\u0131nda m\u00fcnasib\u0259tl\u0259ri m\u00fcr\u0259kk\u0259bl\u0259\u015fdirir&#8221;.<\/em><\/p>\n\n\n\n<p>X\u0130N r\u0259smisi Avropa Parlamentini Az\u0259rbaycan\u0131n daxili i\u015fl\u0259rin\u0259 qar\u0131\u015fmama\u011fa v\u0259 m\u0259hk\u0259m\u0259 prosesl\u0259rin\u0259 m\u00fcdaxil\u0259ni dayand\u0131rma\u011fa <a href=\"https:\/\/mfa.gov.az\/az\/news\/no18324\">\u00e7a\u011f\u0131r\u0131b<\/a>.<\/p>\n\n\n\n<p>Avropa Parlamenti aprelin 25-d\u0259 Az\u0259rbaycanda insan h\u00fcquqlar\u0131n\u0131n v\u0259ziyy\u0259ti il\u0259 ba\u011fl\u0131 q\u0259tnam\u0259 q\u0259bul edib.<\/p>\n\n\n\n<p>Avropal\u0131 deputatlar Az\u0259rbaycan hakimiyy\u0259tini 2023-c\u00fc ilin dekabr\u0131nda h\u0259bs edilmi\u015f h\u00fcquq m\u00fcdafi\u0259\u00e7isi \u0130lhamiz Quliyevi, Avropa \u0130ttifaq\u0131 v\u0259 dig\u0259r \u00f6lk\u0259l\u0259rin v\u0259t\u0259nda\u015flar\u0131 da daxil olmaqla, b\u00fct\u00fcn dig\u0259r siyasi m\u0259hbuslar\u0131 d\u0259rhal v\u0259 qeyd-\u015f\u0259rtsiz azad etm\u0259y\u0259 \u00e7a\u011f\u0131r\u0131blar.<\/p>\n\n\n\n<p>Avropa Parlamenti h\u0259m\u00e7inin Avropa Komissiyas\u0131n\u0131 \u201cenergetika sah\u0259sind\u0259 Az\u0259rbaycanla strateji t\u0259r\u0259fda\u015fl\u0131\u011f\u0131n dayand\u0131r\u0131lmas\u0131\u201d m\u0259s\u0259l\u0259sin\u0259 baxma\u011fa da d\u0259v\u0259t edib.<\/p>\n\n\n\n<p>S\u0259sverm\u0259d\u0259 i\u015ftirak ed\u0259n 529 deputatdan 474-\u00fc q\u0259tnam\u0259nin lehin\u0259, 4-\u00fc \u0259leyhin\u0259 s\u0259s verib, 51 n\u0259f\u0259r is\u0259 bit\u0259r\u0259f qal\u0131b.<\/p>\n\n\n\n<p>Avropa Parlamentinin \u00fczvl\u0259ri israr edibl\u0259r ki, t\u0259r\u0259fda\u015fl\u0131q haqq\u0131nda ist\u0259nil\u0259n g\u0259l\u0259c\u0259k sazi\u015f b\u00fct\u00fcn siyasi m\u0259hbuslar\u0131n azad edilm\u0259si v\u0259 \u00f6lk\u0259d\u0259 insan h\u00fcquqlar\u0131 il\u0259 ba\u011fl\u0131 v\u0259ziyy\u0259tin yax\u015f\u0131la\u015fd\u0131r\u0131lmas\u0131 il\u0259 <a href=\"https:\/\/storage.googleapis.com\/qurium\/www.meydan.tv\/az-article-avropa-parlamenti-avropa-komissiyasini-baki-ile-enerji-terefdasligini-dayandirmaga-cagirib.html\">\u0259laq\u0259l\u0259ndirilsin<\/a>.<\/p>\n","protected":false},"excerpt":{"rendered":"<p>X\u0130N t\u0259\u015fkilat\u0131n q\u0259bul etdiyi q\u0259tnam\u0259ni \u0259sass\u0131z say\u0131r Az\u0259rbaycan\u0131n Xarici \u0130\u015fl\u0259r &#8230; <\/p>\n<p class=\"read-more-container\"><a title=\"R\u0259smi Bak\u0131 Avropa Parlamentini\u00a0Az\u0259rbaycan\u0131n daxili i\u015fl\u0259rin\u0259 qar\u0131\u015fmama\u011fa \u00e7a\u011f\u0131r\u0131b\" class=\"read-more button\" href=\"https:\/\/www.meydan.tv\/az\/article\/resmi-baki-avropa-parlamentini-azerbaycanin-daxili-islerine-qarismamaga-cagirib\/#more-304317\" aria-label=\"Read more about R\u0259smi Bak\u0131 Avropa Parlamentini\u00a0Az\u0259rbaycan\u0131n daxili i\u015fl\u0259rin\u0259 qar\u0131\u015fmama\u011fa \u00e7a\u011f\u0131r\u0131b\">Davam\u0131<\/a><\/p>\n","protected":false},"author":8,"featured_media":295879,"comment_status":"closed","ping_status":"closed","sticky":false,"template":"","format":"standard","meta":{"_acf_changed":false,"_sitemap_exclude":false,"_sitemap_priority":"","_sitemap_frequency":"","footnotes":""},"categories":[59,79,56],"tags":[],"class_list":["post-304317","post","type-post","status-publish","format-standard","has-post-thumbnail","hentry","category-siyaset","category-featured","category-xeberler","infinite-scroll-item","generate-columns","tablet-grid-50","mobile-grid-100","grid-parent","grid-33","no-featured-image-padding"],"acf":[],"yoast_head":"<!-- This site is optimized with the Yoast SEO plugin v27.4 - https:\/\/yoast.com\/product\/yoast-seo-wordpress\/ -->\n<title>R\u0259smi Bak\u0131 Avropa Parlamentini\u00a0Az\u0259rbaycan\u0131n daxili i\u015fl\u0259rin\u0259 qar\u0131\u015fmama\u011fa \u00e7a\u011f\u0131r\u0131b - MEYDAN.TV<\/title>\n<meta name=\"robots\" content=\"index, follow, max-snippet:-1, max-image-preview:large, max-video-preview:-1\" \/>\n<link rel=\"canonical\" href=\"https:\/\/www.meydan.tv\/az\/article\/resmi-baki-avropa-parlamentini-azerbaycanin-daxili-islerine-qarismamaga-cagirib\/\" \/>\n<meta property=\"og:locale\" content=\"az_AZ\" \/>\n<meta property=\"og:type\" content=\"article\" \/>\n<meta property=\"og:title\" content=\"R\u0259smi Bak\u0131 Avropa Parlamentini\u00a0Az\u0259rbaycan\u0131n daxili i\u015fl\u0259rin\u0259 qar\u0131\u015fmama\u011fa \u00e7a\u011f\u0131r\u0131b - MEYDAN.TV\" \/>\n<meta property=\"og:description\" content=\"X\u0130N t\u0259\u015fkilat\u0131n q\u0259bul etdiyi q\u0259tnam\u0259ni \u0259sass\u0131z say\u0131r Az\u0259rbaycan\u0131n Xarici \u0130\u015fl\u0259r ... Davam\u0131\" \/>\n<meta property=\"og:url\" content=\"https:\/\/www.meydan.tv\/az\/article\/resmi-baki-avropa-parlamentini-azerbaycanin-daxili-islerine-qarismamaga-cagirib\/\" \/>\n<meta property=\"og:site_name\" content=\"MEYDAN.TV\" \/>\n<meta property=\"article:published_time\" content=\"2024-04-26T08:48:41+00:00\" \/>\n<meta property=\"article:modified_time\" content=\"2024-04-26T08:48:45+00:00\" \/>\n<meta property=\"og:image\" content=\"https:\/\/www.meydan.tv\/wp-content\/uploads\/enterance_to_the_ministry_of_foreign_affairs_of_azerbaijan-1.png\" \/>\n\t<meta property=\"og:image:width\" content=\"1280\" \/>\n\t<meta property=\"og:image:height\" content=\"779\" \/>\n\t<meta property=\"og:image:type\" content=\"image\/png\" \/>\n<meta name=\"author\" content=\"elli\" \/>\n<meta name=\"twitter:card\" content=\"summary_large_image\" \/>\n<meta name=\"twitter:creator\" content=\"@elli\" \/>\n<script type=\"application\/ld+json\" class=\"yoast-schema-graph\">{\"@context\":\"https:\\\/\\\/schema.org\",\"@graph\":[{\"@type\":\"Article\",\"@id\":\"https:\\\/\\\/www.meydan.tv\\\/az\\\/article\\\/resmi-baki-avropa-parlamentini-azerbaycanin-daxili-islerine-qarismamaga-cagirib\\\/#article\",\"isPartOf\":{\"@id\":\"https:\\\/\\\/www.meydan.tv\\\/az\\\/article\\\/resmi-baki-avropa-parlamentini-azerbaycanin-daxili-islerine-qarismamaga-cagirib\\\/\"},\"author\":{\"name\":\"elli\",\"@id\":\"https:\\\/\\\/www.meydan.tv\\\/az\\\/#\\\/schema\\\/person\\\/9cdbecf90d17180ce1dfbd95b08dcf47\"},\"headline\":\"R\u0259smi Bak\u0131 Avropa Parlamentini\u00a0Az\u0259rbaycan\u0131n daxili i\u015fl\u0259rin\u0259 qar\u0131\u015fmama\u011fa \u00e7a\u011f\u0131r\u0131b\",\"datePublished\":\"2024-04-26T08:48:41+00:00\",\"dateModified\":\"2024-04-26T08:48:45+00:00\",\"mainEntityOfPage\":{\"@id\":\"https:\\\/\\\/www.meydan.tv\\\/az\\\/article\\\/resmi-baki-avropa-parlamentini-azerbaycanin-daxili-islerine-qarismamaga-cagirib\\\/\"},\"wordCount\":510,\"publisher\":{\"@id\":\"https:\\\/\\\/www.meydan.tv\\\/az\\\/#organization\"},\"image\":{\"@id\":\"https:\\\/\\\/www.meydan.tv\\\/az\\\/article\\\/resmi-baki-avropa-parlamentini-azerbaycanin-daxili-islerine-qarismamaga-cagirib\\\/#primaryimage\"},\"thumbnailUrl\":\"https:\\\/\\\/www.meydan.tv\\\/wp-content\\\/uploads\\\/enterance_to_the_ministry_of_foreign_affairs_of_azerbaijan-1.png\",\"articleSection\":[\"Siyas\u0259t\",\"T\u00f6vsiy\u0259\",\"X\u0259b\u0259rl\u0259r\"],\"inLanguage\":\"az\"},{\"@type\":\"WebPage\",\"@id\":\"https:\\\/\\\/www.meydan.tv\\\/az\\\/article\\\/resmi-baki-avropa-parlamentini-azerbaycanin-daxili-islerine-qarismamaga-cagirib\\\/\",\"url\":\"https:\\\/\\\/www.meydan.tv\\\/az\\\/article\\\/resmi-baki-avropa-parlamentini-azerbaycanin-daxili-islerine-qarismamaga-cagirib\\\/\",\"name\":\"R\u0259smi Bak\u0131 Avropa Parlamentini\u00a0Az\u0259rbaycan\u0131n daxili i\u015fl\u0259rin\u0259 qar\u0131\u015fmama\u011fa \u00e7a\u011f\u0131r\u0131b - MEYDAN.TV\",\"isPartOf\":{\"@id\":\"https:\\\/\\\/www.meydan.tv\\\/az\\\/#website\"},\"primaryImageOfPage\":{\"@id\":\"https:\\\/\\\/www.meydan.tv\\\/az\\\/article\\\/resmi-baki-avropa-parlamentini-azerbaycanin-daxili-islerine-qarismamaga-cagirib\\\/#primaryimage\"},\"image\":{\"@id\":\"https:\\\/\\\/www.meydan.tv\\\/az\\\/article\\\/resmi-baki-avropa-parlamentini-azerbaycanin-daxili-islerine-qarismamaga-cagirib\\\/#primaryimage\"},\"thumbnailUrl\":\"https:\\\/\\\/www.meydan.tv\\\/wp-content\\\/uploads\\\/enterance_to_the_ministry_of_foreign_affairs_of_azerbaijan-1.png\",\"datePublished\":\"2024-04-26T08:48:41+00:00\",\"dateModified\":\"2024-04-26T08:48:45+00:00\",\"breadcrumb\":{\"@id\":\"https:\\\/\\\/www.meydan.tv\\\/az\\\/article\\\/resmi-baki-avropa-parlamentini-azerbaycanin-daxili-islerine-qarismamaga-cagirib\\\/#breadcrumb\"},\"inLanguage\":\"az\",\"potentialAction\":[{\"@type\":\"ReadAction\",\"target\":[\"https:\\\/\\\/www.meydan.tv\\\/az\\\/article\\\/resmi-baki-avropa-parlamentini-azerbaycanin-daxili-islerine-qarismamaga-cagirib\\\/\"]}]},{\"@type\":\"ImageObject\",\"inLanguage\":\"az\",\"@id\":\"https:\\\/\\\/www.meydan.tv\\\/az\\\/article\\\/resmi-baki-avropa-parlamentini-azerbaycanin-daxili-islerine-qarismamaga-cagirib\\\/#primaryimage\",\"url\":\"https:\\\/\\\/www.meydan.tv\\\/wp-content\\\/uploads\\\/enterance_to_the_ministry_of_foreign_affairs_of_azerbaijan-1.png\",\"contentUrl\":\"https:\\\/\\\/www.meydan.tv\\\/wp-content\\\/uploads\\\/enterance_to_the_ministry_of_foreign_affairs_of_azerbaijan-1.png\",\"width\":1280,\"height\":779,\"caption\":\"X\u0130N. Foto: Wikipedia\"},{\"@type\":\"BreadcrumbList\",\"@id\":\"https:\\\/\\\/www.meydan.tv\\\/az\\\/article\\\/resmi-baki-avropa-parlamentini-azerbaycanin-daxili-islerine-qarismamaga-cagirib\\\/#breadcrumb\",\"itemListElement\":[{\"@type\":\"ListItem\",\"position\":1,\"name\":\"Ana s\u0259hif\u0259\",\"item\":\"https:\\\/\\\/www.meydan.tv\\\/az\\\/\"},{\"@type\":\"ListItem\",\"position\":2,\"name\":\"Siyas\u0259t\",\"item\":\"https:\\\/\\\/www.meydan.tv\\\/az\\\/section\\\/siyaset\\\/\"},{\"@type\":\"ListItem\",\"position\":3,\"name\":\"R\u0259smi Bak\u0131 Avropa Parlamentini\u00a0Az\u0259rbaycan\u0131n daxili i\u015fl\u0259rin\u0259 qar\u0131\u015fmama\u011fa \u00e7a\u011f\u0131r\u0131b\"}]},{\"@type\":\"WebSite\",\"@id\":\"https:\\\/\\\/www.meydan.tv\\\/az\\\/#website\",\"url\":\"https:\\\/\\\/www.meydan.tv\\\/az\\\/\",\"name\":\"MEYDAN.TV\",\"description\":\"Meydan TV Az\u0259rbaycan\u0131n media m\u0259kan\u0131ndak\u0131 alternativ s\u0259sidir\",\"publisher\":{\"@id\":\"https:\\\/\\\/www.meydan.tv\\\/az\\\/#organization\"},\"potentialAction\":[{\"@type\":\"SearchAction\",\"target\":{\"@type\":\"EntryPoint\",\"urlTemplate\":\"https:\\\/\\\/www.meydan.tv\\\/az\\\/?s={search_term_string}\"},\"query-input\":{\"@type\":\"PropertyValueSpecification\",\"valueRequired\":true,\"valueName\":\"search_term_string\"}}],\"inLanguage\":\"az\"},{\"@type\":\"Organization\",\"@id\":\"https:\\\/\\\/www.meydan.tv\\\/az\\\/#organization\",\"name\":\"Meydan TV\",\"url\":\"https:\\\/\\\/www.meydan.tv\\\/az\\\/\",\"logo\":{\"@type\":\"ImageObject\",\"inLanguage\":\"az\",\"@id\":\"https:\\\/\\\/www.meydan.tv\\\/az\\\/#\\\/schema\\\/logo\\\/image\\\/\",\"url\":\"https:\\\/\\\/www.meydan.tv\\\/wp-content\\\/uploads\\\/2021\\\/07\\\/meydan-logo.svg\",\"contentUrl\":\"https:\\\/\\\/www.meydan.tv\\\/wp-content\\\/uploads\\\/2021\\\/07\\\/meydan-logo.svg\",\"width\":195,\"height\":46,\"caption\":\"Meydan TV\"},\"image\":{\"@id\":\"https:\\\/\\\/www.meydan.tv\\\/az\\\/#\\\/schema\\\/logo\\\/image\\\/\"}},{\"@type\":\"Person\",\"@id\":\"https:\\\/\\\/www.meydan.tv\\\/az\\\/#\\\/schema\\\/person\\\/9cdbecf90d17180ce1dfbd95b08dcf47\",\"name\":\"elli\",\"sameAs\":[\"https:\\\/\\\/x.com\\\/elli\"]}]}<\/script>\n<!-- \/ Yoast SEO plugin. -->","yoast_head_json":{"title":"R\u0259smi Bak\u0131 Avropa Parlamentini\u00a0Az\u0259rbaycan\u0131n daxili i\u015fl\u0259rin\u0259 qar\u0131\u015fmama\u011fa \u00e7a\u011f\u0131r\u0131b - MEYDAN.TV","robots":{"index":"index","follow":"follow","max-snippet":"max-snippet:-1","max-image-preview":"max-image-preview:large","max-video-preview":"max-video-preview:-1"},"canonical":"https:\/\/www.meydan.tv\/az\/article\/resmi-baki-avropa-parlamentini-azerbaycanin-daxili-islerine-qarismamaga-cagirib\/","og_locale":"az_AZ","og_type":"article","og_title":"R\u0259smi Bak\u0131 Avropa Parlamentini\u00a0Az\u0259rbaycan\u0131n daxili i\u015fl\u0259rin\u0259 qar\u0131\u015fmama\u011fa \u00e7a\u011f\u0131r\u0131b - MEYDAN.TV","og_description":"X\u0130N t\u0259\u015fkilat\u0131n q\u0259bul etdiyi q\u0259tnam\u0259ni \u0259sass\u0131z say\u0131r Az\u0259rbaycan\u0131n Xarici \u0130\u015fl\u0259r ... Davam\u0131","og_url":"https:\/\/www.meydan.tv\/az\/article\/resmi-baki-avropa-parlamentini-azerbaycanin-daxili-islerine-qarismamaga-cagirib\/","og_site_name":"MEYDAN.TV","article_published_time":"2024-04-26T08:48:41+00:00","article_modified_time":"2024-04-26T08:48:45+00:00","og_image":[{"width":1280,"height":779,"url":"https:\/\/www.meydan.tv\/wp-content\/uploads\/enterance_to_the_ministry_of_foreign_affairs_of_azerbaijan-1.png","type":"image\/png"}],"author":"elli","twitter_card":"summary_large_image","twitter_creator":"@elli","schema":{"@context":"https:\/\/schema.org","@graph":[{"@type":"Article","@id":"https:\/\/www.meydan.tv\/az\/article\/resmi-baki-avropa-parlamentini-azerbaycanin-daxili-islerine-qarismamaga-cagirib\/#article","isPartOf":{"@id":"https:\/\/www.meydan.tv\/az\/article\/resmi-baki-avropa-parlamentini-azerbaycanin-daxili-islerine-qarismamaga-cagirib\/"},"author":{"name":"elli","@id":"https:\/\/www.meydan.tv\/az\/#\/schema\/person\/9cdbecf90d17180ce1dfbd95b08dcf47"},"headline":"R\u0259smi Bak\u0131 Avropa Parlamentini\u00a0Az\u0259rbaycan\u0131n daxili i\u015fl\u0259rin\u0259 qar\u0131\u015fmama\u011fa \u00e7a\u011f\u0131r\u0131b","datePublished":"2024-04-26T08:48:41+00:00","dateModified":"2024-04-26T08:48:45+00:00","mainEntityOfPage":{"@id":"https:\/\/www.meydan.tv\/az\/article\/resmi-baki-avropa-parlamentini-azerbaycanin-daxili-islerine-qarismamaga-cagirib\/"},"wordCount":510,"publisher":{"@id":"https:\/\/www.meydan.tv\/az\/#organization"},"image":{"@id":"https:\/\/www.meydan.tv\/az\/article\/resmi-baki-avropa-parlamentini-azerbaycanin-daxili-islerine-qarismamaga-cagirib\/#primaryimage"},"thumbnailUrl":"https:\/\/www.meydan.tv\/wp-content\/uploads\/enterance_to_the_ministry_of_foreign_affairs_of_azerbaijan-1.png","articleSection":["Siyas\u0259t","T\u00f6vsiy\u0259","X\u0259b\u0259rl\u0259r"],"inLanguage":"az"},{"@type":"WebPage","@id":"https:\/\/www.meydan.tv\/az\/article\/resmi-baki-avropa-parlamentini-azerbaycanin-daxili-islerine-qarismamaga-cagirib\/","url":"https:\/\/www.meydan.tv\/az\/article\/resmi-baki-avropa-parlamentini-azerbaycanin-daxili-islerine-qarismamaga-cagirib\/","name":"R\u0259smi Bak\u0131 Avropa Parlamentini\u00a0Az\u0259rbaycan\u0131n daxili i\u015fl\u0259rin\u0259 qar\u0131\u015fmama\u011fa \u00e7a\u011f\u0131r\u0131b - MEYDAN.TV","isPartOf":{"@id":"https:\/\/www.meydan.tv\/az\/#website"},"primaryImageOfPage":{"@id":"https:\/\/www.meydan.tv\/az\/article\/resmi-baki-avropa-parlamentini-azerbaycanin-daxili-islerine-qarismamaga-cagirib\/#primaryimage"},"image":{"@id":"https:\/\/www.meydan.tv\/az\/article\/resmi-baki-avropa-parlamentini-azerbaycanin-daxili-islerine-qarismamaga-cagirib\/#primaryimage"},"thumbnailUrl":"https:\/\/www.meydan.tv\/wp-content\/uploads\/enterance_to_the_ministry_of_foreign_affairs_of_azerbaijan-1.png","datePublished":"2024-04-26T08:48:41+00:00","dateModified":"2024-04-26T08:48:45+00:00","breadcrumb":{"@id":"https:\/\/www.meydan.tv\/az\/article\/resmi-baki-avropa-parlamentini-azerbaycanin-daxili-islerine-qarismamaga-cagirib\/#breadcrumb"},"inLanguage":"az","potentialAction":[{"@type":"ReadAction","target":["https:\/\/www.meydan.tv\/az\/article\/resmi-baki-avropa-parlamentini-azerbaycanin-daxili-islerine-qarismamaga-cagirib\/"]}]},{"@type":"ImageObject","inLanguage":"az","@id":"https:\/\/www.meydan.tv\/az\/article\/resmi-baki-avropa-parlamentini-azerbaycanin-daxili-islerine-qarismamaga-cagirib\/#primaryimage","url":"https:\/\/www.meydan.tv\/wp-content\/uploads\/enterance_to_the_ministry_of_foreign_affairs_of_azerbaijan-1.png","contentUrl":"https:\/\/www.meydan.tv\/wp-content\/uploads\/enterance_to_the_ministry_of_foreign_affairs_of_azerbaijan-1.png","width":1280,"height":779,"caption":"X\u0130N. Foto: Wikipedia"},{"@type":"BreadcrumbList","@id":"https:\/\/www.meydan.tv\/az\/article\/resmi-baki-avropa-parlamentini-azerbaycanin-daxili-islerine-qarismamaga-cagirib\/#breadcrumb","itemListElement":[{"@type":"ListItem","position":1,"name":"Ana s\u0259hif\u0259","item":"https:\/\/www.meydan.tv\/az\/"},{"@type":"ListItem","position":2,"name":"Siyas\u0259t","item":"https:\/\/www.meydan.tv\/az\/section\/siyaset\/"},{"@type":"ListItem","position":3,"name":"R\u0259smi Bak\u0131 Avropa Parlamentini\u00a0Az\u0259rbaycan\u0131n daxili i\u015fl\u0259rin\u0259 qar\u0131\u015fmama\u011fa \u00e7a\u011f\u0131r\u0131b"}]},{"@type":"WebSite","@id":"https:\/\/www.meydan.tv\/az\/#website","url":"https:\/\/www.meydan.tv\/az\/","name":"MEYDAN.TV","description":"Meydan TV Az\u0259rbaycan\u0131n media m\u0259kan\u0131ndak\u0131 alternativ s\u0259sidir","publisher":{"@id":"https:\/\/www.meydan.tv\/az\/#organization"},"potentialAction":[{"@type":"SearchAction","target":{"@type":"EntryPoint","urlTemplate":"https:\/\/www.meydan.tv\/az\/?s={search_term_string}"},"query-input":{"@type":"PropertyValueSpecification","valueRequired":true,"valueName":"search_term_string"}}],"inLanguage":"az"},{"@type":"Organization","@id":"https:\/\/www.meydan.tv\/az\/#organization","name":"Meydan TV","url":"https:\/\/www.meydan.tv\/az\/","logo":{"@type":"ImageObject","inLanguage":"az","@id":"https:\/\/www.meydan.tv\/az\/#\/schema\/logo\/image\/","url":"https:\/\/www.meydan.tv\/wp-content\/uploads\/2021\/07\/meydan-logo.svg","contentUrl":"https:\/\/www.meydan.tv\/wp-content\/uploads\/2021\/07\/meydan-logo.svg","width":195,"height":46,"caption":"Meydan TV"},"image":{"@id":"https:\/\/www.meydan.tv\/az\/#\/schema\/logo\/image\/"}},{"@type":"Person","@id":"https:\/\/www.meydan.tv\/az\/#\/schema\/person\/9cdbecf90d17180ce1dfbd95b08dcf47","name":"elli","sameAs":["https:\/\/x.com\/elli"]}]}},"_links":{"self":[{"href":"https:\/\/www.meydan.tv\/az\/wp-json\/wp\/v2\/posts\/304317","targetHints":{"allow":["GET"]}}],"collection":[{"href":"https:\/\/www.meydan.tv\/az\/wp-json\/wp\/v2\/posts"}],"about":[{"href":"https:\/\/www.meydan.tv\/az\/wp-json\/wp\/v2\/types\/post"}],"author":[{"embeddable":true,"href":"https:\/\/www.meydan.tv\/az\/wp-json\/wp\/v2\/users\/8"}],"replies":[{"embeddable":true,"href":"https:\/\/www.meydan.tv\/az\/wp-json\/wp\/v2\/comments?post=304317"}],"version-history":[{"count":3,"href":"https:\/\/www.meydan.tv\/az\/wp-json\/wp\/v2\/posts\/304317\/revisions"}],"predecessor-version":[{"id":304322,"href":"https:\/\/www.meydan.tv\/az\/wp-json\/wp\/v2\/posts\/304317\/revisions\/304322"}],"wp:featuredmedia":[{"embeddable":true,"href":"https:\/\/www.meydan.tv\/az\/wp-json\/wp\/v2\/media\/295879"}],"wp:attachment":[{"href":"https:\/\/www.meydan.tv\/az\/wp-json\/wp\/v2\/media?parent=304317"}],"wp:term":[{"taxonomy":"category","embeddable":true,"href":"https:\/\/www.meydan.tv\/az\/wp-json\/wp\/v2\/categories?post=304317"},{"taxonomy":"post_tag","embeddable":true,"href":"https:\/\/www.meydan.tv\/az\/wp-json\/wp\/v2\/tags?post=304317"}],"curies":[{"name":"wp","href":"https:\/\/api.w.org\/{rel}","templated":true}]}}