{"id":304296,"date":"2024-04-25T19:09:52","date_gmt":"2024-04-25T15:09:52","guid":{"rendered":"https:\/\/www.meydan.tv\/?p=304296"},"modified":"2024-04-25T19:09:58","modified_gmt":"2024-04-25T15:09:58","slug":"hebsde-acliq-etdiyi-deyilen-axcp-fealinin-komaya-dusmesi-barede-melumatlar-yayilib","status":"publish","type":"post","link":"https:\/\/www.meydan.tv\/az\/article\/hebsde-acliq-etdiyi-deyilen-axcp-fealinin-komaya-dusmesi-barede-melumatlar-yayilib\/","title":{"rendered":"H\u0259bsd\u0259 acl\u0131q etdiyi deyil\u0259n AXCP f\u0259al\u0131n\u0131n komaya d\u00fc\u015fm\u0259si bar\u0259d\u0259 m\u0259lumatlar yay\u0131l\u0131b"},"content":{"rendered":"\n<p><\/p>\n\n\n\n<p><strong><em>Elnur H\u0259s\u0259nov iki g\u00fcnd\u00fcr yax\u0131nlar\u0131na z\u0259ng etmir<\/em><\/strong><\/p>\n\n\n\n<p>Az\u0259rbaycan Xalq C\u0259bh\u0259si Partiyas\u0131n\u0131n (AXCP) h\u0259bsd\u0259 olan f\u0259al\u0131 Elnur H\u0259s\u0259novun bir h\u0259ft\u0259 davam ed\u0259n acl\u0131q n\u0259tic\u0259sind\u0259 komaya d\u00fc\u015fd\u00fcy\u00fc iddia olunur. AXCP-d\u0259n Meydan TV-y\u0259 bildirilib ki, bu bar\u0259d\u0259 aprelin 25-d\u0259 m\u0259lumat al\u0131blar.<\/p>\n\n\n\n<p><em>\u201c\u00dcst\u0259lik, telefonla \u0259laq\u0259 saxlamamas\u0131 narahatl\u0131\u011f\u0131 daha da art\u0131r\u0131b. H\u0259mi\u015f\u0259 telefonla z\u0259ng el\u0259diyi \u015f\u0259xsl\u0259 iki g\u00fcnd\u00fcr \u0259laq\u0259 saxlamay\u0131b. Aprelin 25-d\u0259 istintaq t\u0259cridxanas\u0131ndan bir n\u0259f\u0259r xan\u0131m \u0259m\u0259kda\u015f qarda\u015f\u0131 il\u0259 \u0259laq\u0259 saxlay\u0131b. Deyib ki, g\u0259lib t\u0259cili r\u0259hb\u0259rlikl\u0259 g\u00f6r\u00fc\u015fs\u00fcn. Qarda\u015f\u0131 da Bak\u0131da yoxdur\u201d, &#8211;<\/em> AXCP-d\u0259n bildirilib.<\/p>\n\n\n\n<p>AXCP s\u0259dri \u018fli K\u0259rimli d\u0259 partiya f\u0259al\u0131n\u0131n h\u0259yat\u0131n\u0131n t\u0259hl\u00fck\u0259 alt\u0131nda oldu\u011funu b\u0259yan edib. O vur\u011fulay\u0131b ki, Elnur H\u0259s\u0259nov \u015f\u0259hid qarda\u015f\u0131d\u0131r, yol polisini t\u0259nqid etdiyin\u0259 g\u00f6r\u0259 narkotikl\u0259 \u015f\u0259rl\u0259n\u0259r\u0259k h\u0259bs olunub.<\/p>\n\n\n\n<p>Penitensiar Xidm\u0259td\u0259n Elnur H\u0259s\u0259novun bir h\u0259ft\u0259dir acl\u0131q etm\u0259si, komaya d\u00fc\u015fm\u0259si bar\u0259d\u0259 deyil\u0259nl\u0259r\u0259 m\u00fcnasib\u0259t \u00f6yr\u0259nm\u0259k m\u00fcmk\u00fcn olmay\u0131b.<\/p>\n\n\n\n<p>AXCP-d\u0259n bildirilmi\u015fdi ki, aprelin 23-d\u0259&nbsp; Penitensiar Xidm\u0259tin \u018fm\u0259liyyat Rejim \u0130dar\u0259sinin r\u0259isi Fikr\u0259t Qafarov Bak\u0131 \u0130stintaq T\u0259cridxanas\u0131nda Elnur H\u0259s\u0259novla g\u00f6r\u00fc\u015f\u00fcb:<\/p>\n\n\n\n<p>\u201c<em>Onunla bir saatdan \u00e7ox s\u00f6hb\u0259t edib, b\u00fct\u00fcn probleml\u0259rini dinl\u0259yib. Qeydl\u0259r g\u00f6t\u00fcr\u0259r\u0259k deyib ki, m\u0259s\u0259l\u0259ni aidiyy\u0259ti orqanlara \u00e7atd\u0131racaq\u201d.<\/em><\/p>\n\n\n\n<p>Elnur H\u0259s\u0259nov aprelin 18-d\u0259n acl\u0131\u011fa ba\u015flad\u0131\u011f\u0131n\u0131 bir g\u00fcn sonra Bak\u0131 A\u011f\u0131r Cinay\u0259tl\u0259r M\u0259hk\u0259m\u0259sind\u0259 \u00f6z\u00fc a\u00e7\u0131qlay\u0131b.<\/p>\n\n\n\n<p>AXCP f\u0259al\u0131 \u201c\u00f6l\u00fcm acl\u0131\u011f\u0131\u201d ke\u00e7irm\u0259si bar\u0259d\u0259 m\u00fcxt\u0259lif d\u00f6vl\u0259t orqanlar\u0131na m\u0259ktub g\u00f6nd\u0259rib.<\/p>\n\n\n\n<p><em>\u201c\u015e\u0259rl\u0259n\u0259r\u0259k qanunsuz h\u0259bs olunma\u011f\u0131ma etiraz edir\u0259m. H\u00fcquqlar\u0131m t\u0259min edil\u0259n\u0259 q\u0259d\u0259r \u00f6l\u00fcm acl\u0131\u011f\u0131 elan edir\u0259m<\/em>.<\/p>\n\n\n\n<p><em>M\u0259n \u015f\u0259hid qarda\u015f\u0131yam. H\u0259bsimd\u0259n 17 g\u00fcn sonra 62 n\u0259f\u0259r erm\u0259ni \u0259siri azad edilib. Hans\u0131 ki, onlar 3000 \u015f\u0259hidin can\u0131na q\u0131yanlard\u0131r. Ancaq m\u0259n haqq v\u0259 h\u00fcquqlar\u0131m\u0131 t\u0259l\u0259b etdiyim\u0259 g\u00f6r\u0259 zindanda Vilay\u0259t Eyvazov t\u0259r\u0259find\u0259n \u0259sir saxlan\u0131l\u0131ram v\u0259 b\u00fct\u00fcn qurumlar susur\u201d<\/em>, &#8211; Elnur H\u0259s\u0259nov m\u0259ktubunda yaz\u0131b.<\/p>\n\n\n\n<p>O, m\u0259ktubunu Bak\u0131 A\u011f\u0131r Cinay\u0259tl\u0259r M\u0259hk\u0259m\u0259sind\u0259 i\u015fin\u0259 baxan hakim Cavid H\u00fcseynova, Prezidentin h\u00fcquq m\u0259s\u0259l\u0259l\u0259ri \u00fczr\u0259 k\u00f6m\u0259k\u00e7isi Fuad \u018fl\u0259sg\u0259rova, Ombudsman S\u0259bin\u0259 \u018fliyevaya, Bak\u0131 \u0130stintaq T\u0259cridxanas\u0131n\u0131n r\u0259isi Elnur \u0130smay\u0131lova v\u0259 dig\u0259r s\u0259lahiyy\u0259tli \u015f\u0259xsl\u0259r\u0259 \u00fcnvanlay\u0131b.<\/p>\n\n\n\n<p>Elnur H\u0259s\u0259nov m\u0259hk\u0259m\u0259d\u0259 acl\u0131\u011fa ba\u015flad\u0131\u011f\u0131n\u0131 a\u00e7\u0131qlayark\u0259n onu da \u0259lav\u0259 edib ki, m\u0259hk\u0259m\u0259d\u0259 ifad\u0259 ver\u0259c\u0259yini n\u0259z\u0259r\u0259 alaraq, dey\u0259c\u0259kl\u0259rini \u00f6nc\u0259d\u0259n t\u0259cridxanada 11 v\u0259r\u0259q\u0259 yaz\u0131b. \u00c7\u00fcnki ifad\u0259sini hakim\u0259 yaz\u0131l\u0131 \u015f\u0259kild\u0259 verm\u0259k ist\u0259yirdi. Lakin t\u0259cridxanada buna imkan verm\u0259yibl\u0259r \u2013 ifad\u0259si yaz\u0131lan v\u0259r\u0259ql\u0259ri \u0259lind\u0259n al\u0131blar.<\/p>\n\n\n\n<p>\u201c<em>M\u0259ni \u015f\u0259rl\u0259yib h\u0259bs el\u0259m\u0259kl\u0259ri azd\u0131r, ifad\u0259mi yazma\u011fa bel\u0259, imkan vermirl\u0259r\u201d,<\/em> &#8211; Elnur H\u0259s\u0259nov bildirib.<\/p>\n\n\n\n<p>AXCP f\u0259al\u0131 2023-c\u00fc il noyabr\u0131n 28-d\u0259n h\u0259bsd\u0259dir. O, saxlan\u0131lark\u0259n cibind\u0259n 5,372 qram narkotik tap\u0131ld\u0131\u011f\u0131 iddia olunur. Ona qar\u015f\u0131 Cinay\u0259t M\u0259c\u0259ll\u0259sinin 234.4.3 (sat\u0131\u015f m\u0259qs\u0259dil\u0259 k\u00fclli miqdarda narkotik \u0259ld\u0259 etm\u0259, da\u015f\u0131ma, saxlama) madd\u0259sil\u0259 ittiham ir\u0259li s\u00fcr\u00fcl\u00fcb. Bu madd\u0259nin sanksiyas\u0131nda 5 ild\u0259n 12 il\u0259 q\u0259d\u0259r azadl\u0131qdan m\u0259hrumetm\u0259 c\u0259zas\u0131 var.<\/p>\n\n\n\n<p>Elnur H\u0259s\u0259nov \u00f6z\u00fcn\u00fc q\u0259tiyy\u0259n t\u0259qsirli bilm\u0259diyini, narkotikin ona aidiyy\u0259ti olmad\u0131\u011f\u0131n\u0131 deyib. Onun s\u00f6zl\u0259rin\u0259 g\u00f6r\u0259, cibin\u0259 narkotiki polisl\u0259rin \u00f6zl\u0259ri at\u0131b. Hesab edir ki, h\u0259bsi AXCP \u00fczv\u00fc olmas\u0131, sosial mediadak\u0131 payla\u015f\u0131mlar\u0131, t\u0259nqidi fikirl\u0259ril\u0259 ba\u011fl\u0131d\u0131r.<\/p>\n\n\n\n<p>AXCP f\u0259al\u0131n\u0131n tutulmam\u0131\u015fdan az \u00f6nc\u0259 Facebook hesab\u0131nda polisl\u0259rin f\u0259aliyy\u0259tini t\u0259nqid ed\u0259n payla\u015f\u0131m\u0131 olub. O, Ba\u015f D\u00f6vl\u0259t Yol Polisi \u0130dar\u0259sinin r\u0259isi, general Ramiz Zeynalovun fotosuyla payla\u015f\u0131m\u0131nda yol polisl\u0259rini t\u0259nqid edib.<\/p>\n\n\n\n<p>Daxili \u0130\u015fl\u0259r Nazirliyinin m\u0259tbuat xidm\u0259ti is\u0259 bu iddialar\u0131n \u0259sass\u0131z oldu\u011funu, onun konkret fakt \u0259sas\u0131nda saxland\u0131\u011f\u0131n\u0131 b\u0259yan edib.<\/p>\n\n\n\n<p>Elnur H\u0259s\u0259novun qarda\u015f\u0131 2020-ci ild\u0259 44 g\u00fcnl\u00fck m\u00fcharib\u0259d\u0259 \u015f\u0259hid olub, atas\u0131 da 90-c\u0131 ill\u0259rin \u0259vv\u0259lind\u0259 Qaraba\u011f d\u00f6y\u00fc\u015fl\u0259rind\u0259 sa\u011flaml\u0131\u011f\u0131n\u0131 itirib.<\/p>\n","protected":false},"excerpt":{"rendered":"<p>Elnur H\u0259s\u0259nov iki g\u00fcnd\u00fcr yax\u0131nlar\u0131na z\u0259ng etmir Az\u0259rbaycan Xalq C\u0259bh\u0259si &#8230; <\/p>\n<p class=\"read-more-container\"><a title=\"H\u0259bsd\u0259 acl\u0131q etdiyi deyil\u0259n AXCP f\u0259al\u0131n\u0131n komaya d\u00fc\u015fm\u0259si bar\u0259d\u0259 m\u0259lumatlar yay\u0131l\u0131b\" class=\"read-more button\" href=\"https:\/\/www.meydan.tv\/az\/article\/hebsde-acliq-etdiyi-deyilen-axcp-fealinin-komaya-dusmesi-barede-melumatlar-yayilib\/#more-304296\" aria-label=\"Read more about H\u0259bsd\u0259 acl\u0131q etdiyi deyil\u0259n AXCP f\u0259al\u0131n\u0131n komaya d\u00fc\u015fm\u0259si bar\u0259d\u0259 m\u0259lumatlar yay\u0131l\u0131b\">Davam\u0131<\/a><\/p>\n","protected":false},"author":8,"featured_media":304297,"comment_status":"closed","ping_status":"closed","sticky":false,"template":"","format":"standard","meta":{"_acf_changed":false,"_sitemap_exclude":false,"_sitemap_priority":"","_sitemap_frequency":"","footnotes":""},"categories":[59,56],"tags":[],"class_list":["post-304296","post","type-post","status-publish","format-standard","has-post-thumbnail","hentry","category-siyaset","category-xeberler","infinite-scroll-item","generate-columns","tablet-grid-50","mobile-grid-100","grid-parent","grid-33","no-featured-image-padding"],"acf":[],"yoast_head":"<!-- This site is optimized with the Yoast SEO plugin v27.4 - https:\/\/yoast.com\/product\/yoast-seo-wordpress\/ -->\n<title>H\u0259bsd\u0259 acl\u0131q etdiyi deyil\u0259n AXCP f\u0259al\u0131n\u0131n komaya d\u00fc\u015fm\u0259si bar\u0259d\u0259 m\u0259lumatlar yay\u0131l\u0131b - MEYDAN.TV<\/title>\n<meta name=\"robots\" content=\"index, follow, max-snippet:-1, max-image-preview:large, max-video-preview:-1\" \/>\n<link rel=\"canonical\" href=\"https:\/\/www.meydan.tv\/az\/article\/hebsde-acliq-etdiyi-deyilen-axcp-fealinin-komaya-dusmesi-barede-melumatlar-yayilib\/\" \/>\n<meta property=\"og:locale\" content=\"az_AZ\" \/>\n<meta property=\"og:type\" content=\"article\" \/>\n<meta property=\"og:title\" content=\"H\u0259bsd\u0259 acl\u0131q etdiyi deyil\u0259n AXCP f\u0259al\u0131n\u0131n komaya d\u00fc\u015fm\u0259si bar\u0259d\u0259 m\u0259lumatlar yay\u0131l\u0131b - MEYDAN.TV\" \/>\n<meta property=\"og:description\" content=\"Elnur H\u0259s\u0259nov iki g\u00fcnd\u00fcr yax\u0131nlar\u0131na z\u0259ng etmir Az\u0259rbaycan Xalq C\u0259bh\u0259si ... Davam\u0131\" \/>\n<meta property=\"og:url\" content=\"https:\/\/www.meydan.tv\/az\/article\/hebsde-acliq-etdiyi-deyilen-axcp-fealinin-komaya-dusmesi-barede-melumatlar-yayilib\/\" \/>\n<meta property=\"og:site_name\" content=\"MEYDAN.TV\" \/>\n<meta property=\"article:published_time\" content=\"2024-04-25T15:09:52+00:00\" \/>\n<meta property=\"article:modified_time\" content=\"2024-04-25T15:09:58+00:00\" \/>\n<meta property=\"og:image\" content=\"https:\/\/www.meydan.tv\/wp-content\/uploads\/09320000-0a00-0242-d1b4-08db08597220_cx0_cy30_cw0_w1597_n_r1_st_s-e1714056945440.jpg\" \/>\n\t<meta property=\"og:image:width\" content=\"1200\" \/>\n\t<meta property=\"og:image:height\" content=\"450\" \/>\n\t<meta property=\"og:image:type\" content=\"image\/jpeg\" \/>\n<meta name=\"author\" content=\"elli\" \/>\n<meta name=\"twitter:card\" content=\"summary_large_image\" \/>\n<meta name=\"twitter:creator\" content=\"@elli\" \/>\n<script type=\"application\/ld+json\" class=\"yoast-schema-graph\">{\"@context\":\"https:\\\/\\\/schema.org\",\"@graph\":[{\"@type\":\"Article\",\"@id\":\"https:\\\/\\\/www.meydan.tv\\\/az\\\/article\\\/hebsde-acliq-etdiyi-deyilen-axcp-fealinin-komaya-dusmesi-barede-melumatlar-yayilib\\\/#article\",\"isPartOf\":{\"@id\":\"https:\\\/\\\/www.meydan.tv\\\/az\\\/article\\\/hebsde-acliq-etdiyi-deyilen-axcp-fealinin-komaya-dusmesi-barede-melumatlar-yayilib\\\/\"},\"author\":{\"name\":\"elli\",\"@id\":\"https:\\\/\\\/www.meydan.tv\\\/az\\\/#\\\/schema\\\/person\\\/9cdbecf90d17180ce1dfbd95b08dcf47\"},\"headline\":\"H\u0259bsd\u0259 acl\u0131q etdiyi deyil\u0259n AXCP f\u0259al\u0131n\u0131n komaya d\u00fc\u015fm\u0259si bar\u0259d\u0259 m\u0259lumatlar yay\u0131l\u0131b\",\"datePublished\":\"2024-04-25T15:09:52+00:00\",\"dateModified\":\"2024-04-25T15:09:58+00:00\",\"mainEntityOfPage\":{\"@id\":\"https:\\\/\\\/www.meydan.tv\\\/az\\\/article\\\/hebsde-acliq-etdiyi-deyilen-axcp-fealinin-komaya-dusmesi-barede-melumatlar-yayilib\\\/\"},\"wordCount\":859,\"publisher\":{\"@id\":\"https:\\\/\\\/www.meydan.tv\\\/az\\\/#organization\"},\"image\":{\"@id\":\"https:\\\/\\\/www.meydan.tv\\\/az\\\/article\\\/hebsde-acliq-etdiyi-deyilen-axcp-fealinin-komaya-dusmesi-barede-melumatlar-yayilib\\\/#primaryimage\"},\"thumbnailUrl\":\"https:\\\/\\\/www.meydan.tv\\\/wp-content\\\/uploads\\\/09320000-0a00-0242-d1b4-08db08597220_cx0_cy30_cw0_w1597_n_r1_st_s-e1714056945440.jpg\",\"articleSection\":[\"Siyas\u0259t\",\"X\u0259b\u0259rl\u0259r\"],\"inLanguage\":\"az\"},{\"@type\":\"WebPage\",\"@id\":\"https:\\\/\\\/www.meydan.tv\\\/az\\\/article\\\/hebsde-acliq-etdiyi-deyilen-axcp-fealinin-komaya-dusmesi-barede-melumatlar-yayilib\\\/\",\"url\":\"https:\\\/\\\/www.meydan.tv\\\/az\\\/article\\\/hebsde-acliq-etdiyi-deyilen-axcp-fealinin-komaya-dusmesi-barede-melumatlar-yayilib\\\/\",\"name\":\"H\u0259bsd\u0259 acl\u0131q etdiyi deyil\u0259n AXCP f\u0259al\u0131n\u0131n komaya d\u00fc\u015fm\u0259si bar\u0259d\u0259 m\u0259lumatlar yay\u0131l\u0131b - MEYDAN.TV\",\"isPartOf\":{\"@id\":\"https:\\\/\\\/www.meydan.tv\\\/az\\\/#website\"},\"primaryImageOfPage\":{\"@id\":\"https:\\\/\\\/www.meydan.tv\\\/az\\\/article\\\/hebsde-acliq-etdiyi-deyilen-axcp-fealinin-komaya-dusmesi-barede-melumatlar-yayilib\\\/#primaryimage\"},\"image\":{\"@id\":\"https:\\\/\\\/www.meydan.tv\\\/az\\\/article\\\/hebsde-acliq-etdiyi-deyilen-axcp-fealinin-komaya-dusmesi-barede-melumatlar-yayilib\\\/#primaryimage\"},\"thumbnailUrl\":\"https:\\\/\\\/www.meydan.tv\\\/wp-content\\\/uploads\\\/09320000-0a00-0242-d1b4-08db08597220_cx0_cy30_cw0_w1597_n_r1_st_s-e1714056945440.jpg\",\"datePublished\":\"2024-04-25T15:09:52+00:00\",\"dateModified\":\"2024-04-25T15:09:58+00:00\",\"breadcrumb\":{\"@id\":\"https:\\\/\\\/www.meydan.tv\\\/az\\\/article\\\/hebsde-acliq-etdiyi-deyilen-axcp-fealinin-komaya-dusmesi-barede-melumatlar-yayilib\\\/#breadcrumb\"},\"inLanguage\":\"az\",\"potentialAction\":[{\"@type\":\"ReadAction\",\"target\":[\"https:\\\/\\\/www.meydan.tv\\\/az\\\/article\\\/hebsde-acliq-etdiyi-deyilen-axcp-fealinin-komaya-dusmesi-barede-melumatlar-yayilib\\\/\"]}]},{\"@type\":\"ImageObject\",\"inLanguage\":\"az\",\"@id\":\"https:\\\/\\\/www.meydan.tv\\\/az\\\/article\\\/hebsde-acliq-etdiyi-deyilen-axcp-fealinin-komaya-dusmesi-barede-melumatlar-yayilib\\\/#primaryimage\",\"url\":\"https:\\\/\\\/www.meydan.tv\\\/wp-content\\\/uploads\\\/09320000-0a00-0242-d1b4-08db08597220_cx0_cy30_cw0_w1597_n_r1_st_s-e1714056945440.jpg\",\"contentUrl\":\"https:\\\/\\\/www.meydan.tv\\\/wp-content\\\/uploads\\\/09320000-0a00-0242-d1b4-08db08597220_cx0_cy30_cw0_w1597_n_r1_st_s-e1714056945440.jpg\",\"width\":1200,\"height\":450,\"caption\":\"Foto: Elnur H\u0259s\u0259novun \u015f\u0259xsi arxivind\u0259n\"},{\"@type\":\"BreadcrumbList\",\"@id\":\"https:\\\/\\\/www.meydan.tv\\\/az\\\/article\\\/hebsde-acliq-etdiyi-deyilen-axcp-fealinin-komaya-dusmesi-barede-melumatlar-yayilib\\\/#breadcrumb\",\"itemListElement\":[{\"@type\":\"ListItem\",\"position\":1,\"name\":\"Ana s\u0259hif\u0259\",\"item\":\"https:\\\/\\\/www.meydan.tv\\\/az\\\/\"},{\"@type\":\"ListItem\",\"position\":2,\"name\":\"Siyas\u0259t\",\"item\":\"https:\\\/\\\/www.meydan.tv\\\/az\\\/section\\\/siyaset\\\/\"},{\"@type\":\"ListItem\",\"position\":3,\"name\":\"H\u0259bsd\u0259 acl\u0131q etdiyi deyil\u0259n AXCP f\u0259al\u0131n\u0131n komaya d\u00fc\u015fm\u0259si bar\u0259d\u0259 m\u0259lumatlar yay\u0131l\u0131b\"}]},{\"@type\":\"WebSite\",\"@id\":\"https:\\\/\\\/www.meydan.tv\\\/az\\\/#website\",\"url\":\"https:\\\/\\\/www.meydan.tv\\\/az\\\/\",\"name\":\"MEYDAN.TV\",\"description\":\"Meydan TV Az\u0259rbaycan\u0131n media m\u0259kan\u0131ndak\u0131 alternativ s\u0259sidir\",\"publisher\":{\"@id\":\"https:\\\/\\\/www.meydan.tv\\\/az\\\/#organization\"},\"potentialAction\":[{\"@type\":\"SearchAction\",\"target\":{\"@type\":\"EntryPoint\",\"urlTemplate\":\"https:\\\/\\\/www.meydan.tv\\\/az\\\/?s={search_term_string}\"},\"query-input\":{\"@type\":\"PropertyValueSpecification\",\"valueRequired\":true,\"valueName\":\"search_term_string\"}}],\"inLanguage\":\"az\"},{\"@type\":\"Organization\",\"@id\":\"https:\\\/\\\/www.meydan.tv\\\/az\\\/#organization\",\"name\":\"Meydan TV\",\"url\":\"https:\\\/\\\/www.meydan.tv\\\/az\\\/\",\"logo\":{\"@type\":\"ImageObject\",\"inLanguage\":\"az\",\"@id\":\"https:\\\/\\\/www.meydan.tv\\\/az\\\/#\\\/schema\\\/logo\\\/image\\\/\",\"url\":\"https:\\\/\\\/www.meydan.tv\\\/wp-content\\\/uploads\\\/2021\\\/07\\\/meydan-logo.svg\",\"contentUrl\":\"https:\\\/\\\/www.meydan.tv\\\/wp-content\\\/uploads\\\/2021\\\/07\\\/meydan-logo.svg\",\"width\":195,\"height\":46,\"caption\":\"Meydan TV\"},\"image\":{\"@id\":\"https:\\\/\\\/www.meydan.tv\\\/az\\\/#\\\/schema\\\/logo\\\/image\\\/\"}},{\"@type\":\"Person\",\"@id\":\"https:\\\/\\\/www.meydan.tv\\\/az\\\/#\\\/schema\\\/person\\\/9cdbecf90d17180ce1dfbd95b08dcf47\",\"name\":\"elli\",\"sameAs\":[\"https:\\\/\\\/x.com\\\/elli\"]}]}<\/script>\n<!-- \/ Yoast SEO plugin. -->","yoast_head_json":{"title":"H\u0259bsd\u0259 acl\u0131q etdiyi deyil\u0259n AXCP f\u0259al\u0131n\u0131n komaya d\u00fc\u015fm\u0259si bar\u0259d\u0259 m\u0259lumatlar yay\u0131l\u0131b - MEYDAN.TV","robots":{"index":"index","follow":"follow","max-snippet":"max-snippet:-1","max-image-preview":"max-image-preview:large","max-video-preview":"max-video-preview:-1"},"canonical":"https:\/\/www.meydan.tv\/az\/article\/hebsde-acliq-etdiyi-deyilen-axcp-fealinin-komaya-dusmesi-barede-melumatlar-yayilib\/","og_locale":"az_AZ","og_type":"article","og_title":"H\u0259bsd\u0259 acl\u0131q etdiyi deyil\u0259n AXCP f\u0259al\u0131n\u0131n komaya d\u00fc\u015fm\u0259si bar\u0259d\u0259 m\u0259lumatlar yay\u0131l\u0131b - MEYDAN.TV","og_description":"Elnur H\u0259s\u0259nov iki g\u00fcnd\u00fcr yax\u0131nlar\u0131na z\u0259ng etmir Az\u0259rbaycan Xalq C\u0259bh\u0259si ... Davam\u0131","og_url":"https:\/\/www.meydan.tv\/az\/article\/hebsde-acliq-etdiyi-deyilen-axcp-fealinin-komaya-dusmesi-barede-melumatlar-yayilib\/","og_site_name":"MEYDAN.TV","article_published_time":"2024-04-25T15:09:52+00:00","article_modified_time":"2024-04-25T15:09:58+00:00","og_image":[{"width":1200,"height":450,"url":"https:\/\/www.meydan.tv\/wp-content\/uploads\/09320000-0a00-0242-d1b4-08db08597220_cx0_cy30_cw0_w1597_n_r1_st_s-e1714056945440.jpg","type":"image\/jpeg"}],"author":"elli","twitter_card":"summary_large_image","twitter_creator":"@elli","schema":{"@context":"https:\/\/schema.org","@graph":[{"@type":"Article","@id":"https:\/\/www.meydan.tv\/az\/article\/hebsde-acliq-etdiyi-deyilen-axcp-fealinin-komaya-dusmesi-barede-melumatlar-yayilib\/#article","isPartOf":{"@id":"https:\/\/www.meydan.tv\/az\/article\/hebsde-acliq-etdiyi-deyilen-axcp-fealinin-komaya-dusmesi-barede-melumatlar-yayilib\/"},"author":{"name":"elli","@id":"https:\/\/www.meydan.tv\/az\/#\/schema\/person\/9cdbecf90d17180ce1dfbd95b08dcf47"},"headline":"H\u0259bsd\u0259 acl\u0131q etdiyi deyil\u0259n AXCP f\u0259al\u0131n\u0131n komaya d\u00fc\u015fm\u0259si bar\u0259d\u0259 m\u0259lumatlar yay\u0131l\u0131b","datePublished":"2024-04-25T15:09:52+00:00","dateModified":"2024-04-25T15:09:58+00:00","mainEntityOfPage":{"@id":"https:\/\/www.meydan.tv\/az\/article\/hebsde-acliq-etdiyi-deyilen-axcp-fealinin-komaya-dusmesi-barede-melumatlar-yayilib\/"},"wordCount":859,"publisher":{"@id":"https:\/\/www.meydan.tv\/az\/#organization"},"image":{"@id":"https:\/\/www.meydan.tv\/az\/article\/hebsde-acliq-etdiyi-deyilen-axcp-fealinin-komaya-dusmesi-barede-melumatlar-yayilib\/#primaryimage"},"thumbnailUrl":"https:\/\/www.meydan.tv\/wp-content\/uploads\/09320000-0a00-0242-d1b4-08db08597220_cx0_cy30_cw0_w1597_n_r1_st_s-e1714056945440.jpg","articleSection":["Siyas\u0259t","X\u0259b\u0259rl\u0259r"],"inLanguage":"az"},{"@type":"WebPage","@id":"https:\/\/www.meydan.tv\/az\/article\/hebsde-acliq-etdiyi-deyilen-axcp-fealinin-komaya-dusmesi-barede-melumatlar-yayilib\/","url":"https:\/\/www.meydan.tv\/az\/article\/hebsde-acliq-etdiyi-deyilen-axcp-fealinin-komaya-dusmesi-barede-melumatlar-yayilib\/","name":"H\u0259bsd\u0259 acl\u0131q etdiyi deyil\u0259n AXCP f\u0259al\u0131n\u0131n komaya d\u00fc\u015fm\u0259si bar\u0259d\u0259 m\u0259lumatlar yay\u0131l\u0131b - MEYDAN.TV","isPartOf":{"@id":"https:\/\/www.meydan.tv\/az\/#website"},"primaryImageOfPage":{"@id":"https:\/\/www.meydan.tv\/az\/article\/hebsde-acliq-etdiyi-deyilen-axcp-fealinin-komaya-dusmesi-barede-melumatlar-yayilib\/#primaryimage"},"image":{"@id":"https:\/\/www.meydan.tv\/az\/article\/hebsde-acliq-etdiyi-deyilen-axcp-fealinin-komaya-dusmesi-barede-melumatlar-yayilib\/#primaryimage"},"thumbnailUrl":"https:\/\/www.meydan.tv\/wp-content\/uploads\/09320000-0a00-0242-d1b4-08db08597220_cx0_cy30_cw0_w1597_n_r1_st_s-e1714056945440.jpg","datePublished":"2024-04-25T15:09:52+00:00","dateModified":"2024-04-25T15:09:58+00:00","breadcrumb":{"@id":"https:\/\/www.meydan.tv\/az\/article\/hebsde-acliq-etdiyi-deyilen-axcp-fealinin-komaya-dusmesi-barede-melumatlar-yayilib\/#breadcrumb"},"inLanguage":"az","potentialAction":[{"@type":"ReadAction","target":["https:\/\/www.meydan.tv\/az\/article\/hebsde-acliq-etdiyi-deyilen-axcp-fealinin-komaya-dusmesi-barede-melumatlar-yayilib\/"]}]},{"@type":"ImageObject","inLanguage":"az","@id":"https:\/\/www.meydan.tv\/az\/article\/hebsde-acliq-etdiyi-deyilen-axcp-fealinin-komaya-dusmesi-barede-melumatlar-yayilib\/#primaryimage","url":"https:\/\/www.meydan.tv\/wp-content\/uploads\/09320000-0a00-0242-d1b4-08db08597220_cx0_cy30_cw0_w1597_n_r1_st_s-e1714056945440.jpg","contentUrl":"https:\/\/www.meydan.tv\/wp-content\/uploads\/09320000-0a00-0242-d1b4-08db08597220_cx0_cy30_cw0_w1597_n_r1_st_s-e1714056945440.jpg","width":1200,"height":450,"caption":"Foto: Elnur H\u0259s\u0259novun \u015f\u0259xsi arxivind\u0259n"},{"@type":"BreadcrumbList","@id":"https:\/\/www.meydan.tv\/az\/article\/hebsde-acliq-etdiyi-deyilen-axcp-fealinin-komaya-dusmesi-barede-melumatlar-yayilib\/#breadcrumb","itemListElement":[{"@type":"ListItem","position":1,"name":"Ana s\u0259hif\u0259","item":"https:\/\/www.meydan.tv\/az\/"},{"@type":"ListItem","position":2,"name":"Siyas\u0259t","item":"https:\/\/www.meydan.tv\/az\/section\/siyaset\/"},{"@type":"ListItem","position":3,"name":"H\u0259bsd\u0259 acl\u0131q etdiyi deyil\u0259n AXCP f\u0259al\u0131n\u0131n komaya d\u00fc\u015fm\u0259si bar\u0259d\u0259 m\u0259lumatlar yay\u0131l\u0131b"}]},{"@type":"WebSite","@id":"https:\/\/www.meydan.tv\/az\/#website","url":"https:\/\/www.meydan.tv\/az\/","name":"MEYDAN.TV","description":"Meydan TV Az\u0259rbaycan\u0131n media m\u0259kan\u0131ndak\u0131 alternativ s\u0259sidir","publisher":{"@id":"https:\/\/www.meydan.tv\/az\/#organization"},"potentialAction":[{"@type":"SearchAction","target":{"@type":"EntryPoint","urlTemplate":"https:\/\/www.meydan.tv\/az\/?s={search_term_string}"},"query-input":{"@type":"PropertyValueSpecification","valueRequired":true,"valueName":"search_term_string"}}],"inLanguage":"az"},{"@type":"Organization","@id":"https:\/\/www.meydan.tv\/az\/#organization","name":"Meydan TV","url":"https:\/\/www.meydan.tv\/az\/","logo":{"@type":"ImageObject","inLanguage":"az","@id":"https:\/\/www.meydan.tv\/az\/#\/schema\/logo\/image\/","url":"https:\/\/www.meydan.tv\/wp-content\/uploads\/2021\/07\/meydan-logo.svg","contentUrl":"https:\/\/www.meydan.tv\/wp-content\/uploads\/2021\/07\/meydan-logo.svg","width":195,"height":46,"caption":"Meydan TV"},"image":{"@id":"https:\/\/www.meydan.tv\/az\/#\/schema\/logo\/image\/"}},{"@type":"Person","@id":"https:\/\/www.meydan.tv\/az\/#\/schema\/person\/9cdbecf90d17180ce1dfbd95b08dcf47","name":"elli","sameAs":["https:\/\/x.com\/elli"]}]}},"_links":{"self":[{"href":"https:\/\/www.meydan.tv\/az\/wp-json\/wp\/v2\/posts\/304296","targetHints":{"allow":["GET"]}}],"collection":[{"href":"https:\/\/www.meydan.tv\/az\/wp-json\/wp\/v2\/posts"}],"about":[{"href":"https:\/\/www.meydan.tv\/az\/wp-json\/wp\/v2\/types\/post"}],"author":[{"embeddable":true,"href":"https:\/\/www.meydan.tv\/az\/wp-json\/wp\/v2\/users\/8"}],"replies":[{"embeddable":true,"href":"https:\/\/www.meydan.tv\/az\/wp-json\/wp\/v2\/comments?post=304296"}],"version-history":[{"count":3,"href":"https:\/\/www.meydan.tv\/az\/wp-json\/wp\/v2\/posts\/304296\/revisions"}],"predecessor-version":[{"id":304303,"href":"https:\/\/www.meydan.tv\/az\/wp-json\/wp\/v2\/posts\/304296\/revisions\/304303"}],"wp:featuredmedia":[{"embeddable":true,"href":"https:\/\/www.meydan.tv\/az\/wp-json\/wp\/v2\/media\/304297"}],"wp:attachment":[{"href":"https:\/\/www.meydan.tv\/az\/wp-json\/wp\/v2\/media?parent=304296"}],"wp:term":[{"taxonomy":"category","embeddable":true,"href":"https:\/\/www.meydan.tv\/az\/wp-json\/wp\/v2\/categories?post=304296"},{"taxonomy":"post_tag","embeddable":true,"href":"https:\/\/www.meydan.tv\/az\/wp-json\/wp\/v2\/tags?post=304296"}],"curies":[{"name":"wp","href":"https:\/\/api.w.org\/{rel}","templated":true}]}}