{"id":304291,"date":"2024-04-25T18:00:14","date_gmt":"2024-04-25T14:00:14","guid":{"rendered":"https:\/\/www.meydan.tv\/?p=304291"},"modified":"2024-04-25T18:00:17","modified_gmt":"2024-04-25T14:00:17","slug":"ozunu-olu-kimi-teqdim-eden-sirket-direktoruna-8-il-ceza-verildi","status":"publish","type":"post","link":"https:\/\/www.meydan.tv\/az\/article\/ozunu-olu-kimi-teqdim-eden-sirket-direktoruna-8-il-ceza-verildi\/","title":{"rendered":"\u00d6z\u00fcn\u00fc \u00f6l\u00fc kimi t\u0259qdim ed\u0259n \u015firk\u0259t direktoruna 8 il c\u0259za verildi"},"content":{"rendered":"\n<p><\/p>\n\n\n\n<p><strong><em>Bu cinay\u0259t i\u015find\u0259 \u00fcmumilikd\u0259 18 n\u0259f\u0259r z\u0259r\u0259r\u00e7\u0259kmi\u015f qismind\u0259 tan\u0131n\u0131b<\/em><\/strong><\/p>\n\n\n\n<p>Avtomobilin\u0259 heyvan s\u00fcm\u00fckl\u0259ri y\u0131\u011f\u0131b yand\u0131raraq, \u00f6z\u00fcn\u00fc yan\u011f\u0131n zaman\u0131 ma\u015f\u0131nda \u00f6lm\u00fc\u015f kimi t\u0259qdim ed\u0259n Raf\u0259t Q\u0259niyevin t\u0259xmin\u0259n ilyar\u0131m davam ed\u0259n m\u0259hk\u0259m\u0259si yekunla\u015f\u0131b. Aprelin 25-d\u0259 Bak\u0131 A\u011f\u0131r Cinay\u0259tl\u0259r M\u0259hk\u0259m\u0259sind\u0259 ona h\u00f6km oxunub. Hakim S\u0259bin\u0259 M\u0259mm\u0259dzad\u0259nin s\u0259drliyil\u0259 \u00e7\u0131xar\u0131lan h\u00f6km\u0259 \u0259sas\u0259n, \u201cKaspian \u0130n\u015faat MB\u201d tikinti \u015firk\u0259tinin direktoru olan Raf\u0259t Q\u0259niyev 8 il azadl\u0131qdan m\u0259hrum edilib.<\/p>\n\n\n\n<p>1980-ci il t\u0259v\u0259ll\u00fcdl\u00fc Raf\u0259t Q\u0259niyev Cinay\u0259t M\u0259c\u0259ll\u0259sinin 178.3.2 (k\u00fclli miqdarda ziyan vurmaqla d\u0259l\u0259duzluq) v\u0259 308.2 (v\u0259zif\u0259 s\u0259lahiyy\u0259tl\u0259rind\u0259n sui-istifad\u0259 etm\u0259-a\u011f\u0131r n\u0259tic\u0259l\u0259r\u0259 s\u0259b\u0259b olduqda) madd\u0259l\u0259ril\u0259 t\u0259qsirli bilinib.<\/p>\n\n\n\n<p>Raf\u0259t Q\u0259niyev \u201cKaspian \u0130n\u015faat MB\u201d \u015firk\u0259tinin in\u015fa etdiyi binadak\u0131 m\u0259nzill\u0259rin sat\u0131\u015f\u0131yla d\u0259l\u0259duzluq etm\u0259kd\u0259 t\u0259qsirl\u0259ndirilir. \u0130ttihama \u0259sas\u0259n, o, direktoru oldu\u011fu \u015firk\u0259tin tikdiyi binada eyni m\u0259nzill\u0259ri m\u00fcxt\u0259lif adamlara sat\u0131b.<\/p>\n\n\n\n<p>Bu cinay\u0259t i\u015find\u0259 \u00fcmumilikd\u0259 18 n\u0259f\u0259r z\u0259r\u0259r\u00e7\u0259kmi\u015f qismind\u0259 tan\u0131n\u0131b.<\/p>\n\n\n\n<p>\u0130ddia olunur ki, aldad\u0131ld\u0131\u011f\u0131n\u0131 ba\u015fa d\u00fc\u015f\u0259n z\u0259r\u0259r\u00e7\u0259kmi\u015fl\u0259rin \u015fikay\u0259tl\u0259rind\u0259n sonra Raf\u0259t Q\u0259niyev \u00f6z\u00fcn\u00fc \u00f6lm\u00fc\u015f kimi t\u0259qdim ed\u0259r\u0259k, m\u0259suliyy\u0259td\u0259n yay\u0131nmaq ist\u0259yib. Bu m\u0259qs\u0259dl\u0259 d\u0259 ma\u015f\u0131n\u0131na it s\u00fcm\u00fckl\u0259rini y\u0131\u011f\u0131b yand\u0131raraq, \u00f6z\u00fcn\u00fc orada yan\u0131b \u00f6lm\u00fc\u015f kimi t\u0259qdim edib.<\/p>\n\n\n\n<p>M\u0259hk\u0259m\u0259d\u0259 bu bar\u0259d\u0259 dan\u0131\u015fanda deyib ki, \u00f6z\u00fc haqq\u0131nda \u00f6lm\u00fc\u015f t\u0259s\u0259vv\u00fcr\u00fc yaratmaq \u015f\u0259xsi fikri olub.<\/p>\n\n\n\n<p>\u201c<em>\u00d6z beynimin m\u0259hsulu idi&#8230;\u201d, <\/em>&#8211; Raf\u0259t Q\u0259niyev bildirib.<\/p>\n\n\n\n<p>M\u0259hk\u0259m\u0259d\u0259 dindiril\u0259n z\u0259r\u0259r\u00e7\u0259kmi\u015fl\u0259rd\u0259n bir ne\u00e7\u0259si bu ssenarinin t\u0259kc\u0259 onun ideyas\u0131 olmas\u0131na inanmad\u0131qlar\u0131n\u0131 bildirib. Hesab edirl\u0259r ki, bu prosesl\u0259rd\u0259 i\u015ftirak ed\u0259n ba\u015fqa adamlar da olub, ona kiml\u0259rs\u0259 k\u00f6m\u0259k edib.<\/p>\n\n\n\n<p>25 noyabr 2021-ci ild\u0259 Sabirabad-Qarag\u00fcney yolunda yanm\u0131\u015f avtomobil, i\u00e7ind\u0259 d\u0259 Raf\u0259t Q\u0259niyev\u0259 m\u0259xsus geyiml\u0259rl\u0259 s\u00fcm\u00fck qal\u0131qlar\u0131 tap\u0131l\u0131b. Avtomobilin Sabirabad rayonunun \u018ftc\u0259l\u0259r k\u0259nd sakini Raf\u0259t Q\u0259niyev\u0259 m\u0259xsus oldu\u011fu m\u0259lum olub.<\/p>\n\n\n\n<p>Yax\u0131nlar\u0131 onun \u00fc\u00e7\u00fcn yas m\u0259clisi ke\u00e7irib, s\u00fcm\u00fckl\u0259ri ya\u015fad\u0131\u011f\u0131 Sarvan k\u0259ndind\u0259ki q\u0259biristanl\u0131qda basd\u0131r\u0131blar.<\/p>\n\n\n\n<p>Lakin \u00fcst\u00fcnd\u0259n t\u0259xmin\u0259n bir il ke\u00e7\u0259nd\u0259n sonra Raf\u0259t Q\u0259niyev Bak\u0131da ma\u011fazalardan birind\u0259n televizor almaq ist\u0259rk\u0259n saxlan\u0131l\u0131b. M\u0259s\u0259l\u0259nin \u00fcst\u00fc onun \u015f\u0259xsiyy\u0259t v\u0259siq\u0259sini t\u0259qdim etm\u0259sil\u0259 a\u00e7\u0131l\u0131b.<\/p>\n\n\n\n<p>Ma\u015f\u0131n\u0131n yand\u0131r\u0131ld\u0131\u011f\u0131 Qarag\u00fcney k\u0259ndind\u0259 Raf\u0259t Q\u0259niyevin qay\u0131natas\u0131gil ya\u015fay\u0131r. Hadis\u0259nin onlara ged\u0259rk\u0259n ba\u015f verdiyi g\u00f6r\u00fcnt\u00fcs\u00fc yaratmaqdan \u00f6tr\u00fc m\u0259hz h\u0259min \u0259razi se\u00e7ilib.<\/p>\n","protected":false},"excerpt":{"rendered":"<p>Bu cinay\u0259t i\u015find\u0259 \u00fcmumilikd\u0259 18 n\u0259f\u0259r z\u0259r\u0259r\u00e7\u0259kmi\u015f qismind\u0259 tan\u0131n\u0131b Avtomobilin\u0259 &#8230; <\/p>\n<p class=\"read-more-container\"><a title=\"\u00d6z\u00fcn\u00fc \u00f6l\u00fc kimi t\u0259qdim ed\u0259n \u015firk\u0259t direktoruna 8 il c\u0259za verildi\" class=\"read-more button\" href=\"https:\/\/www.meydan.tv\/az\/article\/ozunu-olu-kimi-teqdim-eden-sirket-direktoruna-8-il-ceza-verildi\/#more-304291\" aria-label=\"Read more about \u00d6z\u00fcn\u00fc \u00f6l\u00fc kimi t\u0259qdim ed\u0259n \u015firk\u0259t direktoruna 8 il c\u0259za verildi\">Davam\u0131<\/a><\/p>\n","protected":false},"author":8,"featured_media":131384,"comment_status":"closed","ping_status":"closed","sticky":false,"template":"","format":"standard","meta":{"_acf_changed":false,"_sitemap_exclude":false,"_sitemap_priority":"","_sitemap_frequency":"","footnotes":""},"categories":[62,56],"tags":[],"class_list":["post-304291","post","type-post","status-publish","format-standard","has-post-thumbnail","hentry","category-sosial","category-xeberler","infinite-scroll-item","generate-columns","tablet-grid-50","mobile-grid-100","grid-parent","grid-33","no-featured-image-padding"],"acf":[],"yoast_head":"<!-- This site is optimized with the Yoast SEO plugin v27.5 - https:\/\/yoast.com\/product\/yoast-seo-wordpress\/ -->\n<title>\u00d6z\u00fcn\u00fc \u00f6l\u00fc kimi t\u0259qdim ed\u0259n \u015firk\u0259t direktoruna 8 il c\u0259za verildi - MEYDAN.TV<\/title>\n<meta name=\"robots\" content=\"index, follow, max-snippet:-1, max-image-preview:large, max-video-preview:-1\" \/>\n<link rel=\"canonical\" href=\"https:\/\/www.meydan.tv\/az\/article\/ozunu-olu-kimi-teqdim-eden-sirket-direktoruna-8-il-ceza-verildi\/\" \/>\n<meta property=\"og:locale\" content=\"az_AZ\" \/>\n<meta property=\"og:type\" content=\"article\" \/>\n<meta property=\"og:title\" content=\"\u00d6z\u00fcn\u00fc \u00f6l\u00fc kimi t\u0259qdim ed\u0259n \u015firk\u0259t direktoruna 8 il c\u0259za verildi - MEYDAN.TV\" \/>\n<meta property=\"og:description\" content=\"Bu cinay\u0259t i\u015find\u0259 \u00fcmumilikd\u0259 18 n\u0259f\u0259r z\u0259r\u0259r\u00e7\u0259kmi\u015f qismind\u0259 tan\u0131n\u0131b Avtomobilin\u0259 ... Davam\u0131\" \/>\n<meta property=\"og:url\" content=\"https:\/\/www.meydan.tv\/az\/article\/ozunu-olu-kimi-teqdim-eden-sirket-direktoruna-8-il-ceza-verildi\/\" \/>\n<meta property=\"og:site_name\" content=\"MEYDAN.TV\" \/>\n<meta property=\"article:published_time\" content=\"2024-04-25T14:00:14+00:00\" \/>\n<meta property=\"article:modified_time\" content=\"2024-04-25T14:00:17+00:00\" \/>\n<meta property=\"og:image\" content=\"https:\/\/www.meydan.tv\/wp-content\/uploads\/410827945_4j7bzkk.jpg\" \/>\n\t<meta property=\"og:image:width\" content=\"1000\" \/>\n\t<meta property=\"og:image:height\" content=\"541\" \/>\n\t<meta property=\"og:image:type\" content=\"image\/jpeg\" \/>\n<meta name=\"author\" content=\"elli\" \/>\n<meta name=\"twitter:card\" content=\"summary_large_image\" \/>\n<meta name=\"twitter:creator\" content=\"@elli\" \/>\n<script type=\"application\/ld+json\" class=\"yoast-schema-graph\">{\"@context\":\"https:\\\/\\\/schema.org\",\"@graph\":[{\"@type\":\"Article\",\"@id\":\"https:\\\/\\\/www.meydan.tv\\\/az\\\/article\\\/ozunu-olu-kimi-teqdim-eden-sirket-direktoruna-8-il-ceza-verildi\\\/#article\",\"isPartOf\":{\"@id\":\"https:\\\/\\\/www.meydan.tv\\\/az\\\/article\\\/ozunu-olu-kimi-teqdim-eden-sirket-direktoruna-8-il-ceza-verildi\\\/\"},\"author\":{\"name\":\"elli\",\"@id\":\"https:\\\/\\\/www.meydan.tv\\\/az\\\/#\\\/schema\\\/person\\\/9cdbecf90d17180ce1dfbd95b08dcf47\"},\"headline\":\"\u00d6z\u00fcn\u00fc \u00f6l\u00fc kimi t\u0259qdim ed\u0259n \u015firk\u0259t direktoruna 8 il c\u0259za verildi\",\"datePublished\":\"2024-04-25T14:00:14+00:00\",\"dateModified\":\"2024-04-25T14:00:17+00:00\",\"mainEntityOfPage\":{\"@id\":\"https:\\\/\\\/www.meydan.tv\\\/az\\\/article\\\/ozunu-olu-kimi-teqdim-eden-sirket-direktoruna-8-il-ceza-verildi\\\/\"},\"wordCount\":554,\"publisher\":{\"@id\":\"https:\\\/\\\/www.meydan.tv\\\/az\\\/#organization\"},\"image\":{\"@id\":\"https:\\\/\\\/www.meydan.tv\\\/az\\\/article\\\/ozunu-olu-kimi-teqdim-eden-sirket-direktoruna-8-il-ceza-verildi\\\/#primaryimage\"},\"thumbnailUrl\":\"https:\\\/\\\/www.meydan.tv\\\/wp-content\\\/uploads\\\/410827945_4j7bzkk.jpg\",\"articleSection\":[\"Sosial\",\"X\u0259b\u0259rl\u0259r\"],\"inLanguage\":\"az\"},{\"@type\":\"WebPage\",\"@id\":\"https:\\\/\\\/www.meydan.tv\\\/az\\\/article\\\/ozunu-olu-kimi-teqdim-eden-sirket-direktoruna-8-il-ceza-verildi\\\/\",\"url\":\"https:\\\/\\\/www.meydan.tv\\\/az\\\/article\\\/ozunu-olu-kimi-teqdim-eden-sirket-direktoruna-8-il-ceza-verildi\\\/\",\"name\":\"\u00d6z\u00fcn\u00fc \u00f6l\u00fc kimi t\u0259qdim ed\u0259n \u015firk\u0259t direktoruna 8 il c\u0259za verildi - MEYDAN.TV\",\"isPartOf\":{\"@id\":\"https:\\\/\\\/www.meydan.tv\\\/az\\\/#website\"},\"primaryImageOfPage\":{\"@id\":\"https:\\\/\\\/www.meydan.tv\\\/az\\\/article\\\/ozunu-olu-kimi-teqdim-eden-sirket-direktoruna-8-il-ceza-verildi\\\/#primaryimage\"},\"image\":{\"@id\":\"https:\\\/\\\/www.meydan.tv\\\/az\\\/article\\\/ozunu-olu-kimi-teqdim-eden-sirket-direktoruna-8-il-ceza-verildi\\\/#primaryimage\"},\"thumbnailUrl\":\"https:\\\/\\\/www.meydan.tv\\\/wp-content\\\/uploads\\\/410827945_4j7bzkk.jpg\",\"datePublished\":\"2024-04-25T14:00:14+00:00\",\"dateModified\":\"2024-04-25T14:00:17+00:00\",\"breadcrumb\":{\"@id\":\"https:\\\/\\\/www.meydan.tv\\\/az\\\/article\\\/ozunu-olu-kimi-teqdim-eden-sirket-direktoruna-8-il-ceza-verildi\\\/#breadcrumb\"},\"inLanguage\":\"az\",\"potentialAction\":[{\"@type\":\"ReadAction\",\"target\":[\"https:\\\/\\\/www.meydan.tv\\\/az\\\/article\\\/ozunu-olu-kimi-teqdim-eden-sirket-direktoruna-8-il-ceza-verildi\\\/\"]}]},{\"@type\":\"ImageObject\",\"inLanguage\":\"az\",\"@id\":\"https:\\\/\\\/www.meydan.tv\\\/az\\\/article\\\/ozunu-olu-kimi-teqdim-eden-sirket-direktoruna-8-il-ceza-verildi\\\/#primaryimage\",\"url\":\"https:\\\/\\\/www.meydan.tv\\\/wp-content\\\/uploads\\\/410827945_4j7bzkk.jpg\",\"contentUrl\":\"https:\\\/\\\/www.meydan.tv\\\/wp-content\\\/uploads\\\/410827945_4j7bzkk.jpg\",\"width\":1000,\"height\":541,\"caption\":\"Foto: Meydan TV\"},{\"@type\":\"BreadcrumbList\",\"@id\":\"https:\\\/\\\/www.meydan.tv\\\/az\\\/article\\\/ozunu-olu-kimi-teqdim-eden-sirket-direktoruna-8-il-ceza-verildi\\\/#breadcrumb\",\"itemListElement\":[{\"@type\":\"ListItem\",\"position\":1,\"name\":\"Ana s\u0259hif\u0259\",\"item\":\"https:\\\/\\\/www.meydan.tv\\\/az\\\/\"},{\"@type\":\"ListItem\",\"position\":2,\"name\":\"Sosial\",\"item\":\"https:\\\/\\\/www.meydan.tv\\\/az\\\/section\\\/sosial\\\/\"},{\"@type\":\"ListItem\",\"position\":3,\"name\":\"\u00d6z\u00fcn\u00fc \u00f6l\u00fc kimi t\u0259qdim ed\u0259n \u015firk\u0259t direktoruna 8 il c\u0259za verildi\"}]},{\"@type\":\"WebSite\",\"@id\":\"https:\\\/\\\/www.meydan.tv\\\/az\\\/#website\",\"url\":\"https:\\\/\\\/www.meydan.tv\\\/az\\\/\",\"name\":\"MEYDAN.TV\",\"description\":\"Meydan TV Az\u0259rbaycan\u0131n media m\u0259kan\u0131ndak\u0131 alternativ s\u0259sidir\",\"publisher\":{\"@id\":\"https:\\\/\\\/www.meydan.tv\\\/az\\\/#organization\"},\"potentialAction\":[{\"@type\":\"SearchAction\",\"target\":{\"@type\":\"EntryPoint\",\"urlTemplate\":\"https:\\\/\\\/www.meydan.tv\\\/az\\\/?s={search_term_string}\"},\"query-input\":{\"@type\":\"PropertyValueSpecification\",\"valueRequired\":true,\"valueName\":\"search_term_string\"}}],\"inLanguage\":\"az\"},{\"@type\":\"Organization\",\"@id\":\"https:\\\/\\\/www.meydan.tv\\\/az\\\/#organization\",\"name\":\"Meydan TV\",\"url\":\"https:\\\/\\\/www.meydan.tv\\\/az\\\/\",\"logo\":{\"@type\":\"ImageObject\",\"inLanguage\":\"az\",\"@id\":\"https:\\\/\\\/www.meydan.tv\\\/az\\\/#\\\/schema\\\/logo\\\/image\\\/\",\"url\":\"https:\\\/\\\/www.meydan.tv\\\/wp-content\\\/uploads\\\/2021\\\/07\\\/meydan-logo.svg\",\"contentUrl\":\"https:\\\/\\\/www.meydan.tv\\\/wp-content\\\/uploads\\\/2021\\\/07\\\/meydan-logo.svg\",\"width\":195,\"height\":46,\"caption\":\"Meydan TV\"},\"image\":{\"@id\":\"https:\\\/\\\/www.meydan.tv\\\/az\\\/#\\\/schema\\\/logo\\\/image\\\/\"}},{\"@type\":\"Person\",\"@id\":\"https:\\\/\\\/www.meydan.tv\\\/az\\\/#\\\/schema\\\/person\\\/9cdbecf90d17180ce1dfbd95b08dcf47\",\"name\":\"elli\",\"sameAs\":[\"https:\\\/\\\/x.com\\\/elli\"]}]}<\/script>\n<!-- \/ Yoast SEO plugin. -->","yoast_head_json":{"title":"\u00d6z\u00fcn\u00fc \u00f6l\u00fc kimi t\u0259qdim ed\u0259n \u015firk\u0259t direktoruna 8 il c\u0259za verildi - MEYDAN.TV","robots":{"index":"index","follow":"follow","max-snippet":"max-snippet:-1","max-image-preview":"max-image-preview:large","max-video-preview":"max-video-preview:-1"},"canonical":"https:\/\/www.meydan.tv\/az\/article\/ozunu-olu-kimi-teqdim-eden-sirket-direktoruna-8-il-ceza-verildi\/","og_locale":"az_AZ","og_type":"article","og_title":"\u00d6z\u00fcn\u00fc \u00f6l\u00fc kimi t\u0259qdim ed\u0259n \u015firk\u0259t direktoruna 8 il c\u0259za verildi - MEYDAN.TV","og_description":"Bu cinay\u0259t i\u015find\u0259 \u00fcmumilikd\u0259 18 n\u0259f\u0259r z\u0259r\u0259r\u00e7\u0259kmi\u015f qismind\u0259 tan\u0131n\u0131b Avtomobilin\u0259 ... Davam\u0131","og_url":"https:\/\/www.meydan.tv\/az\/article\/ozunu-olu-kimi-teqdim-eden-sirket-direktoruna-8-il-ceza-verildi\/","og_site_name":"MEYDAN.TV","article_published_time":"2024-04-25T14:00:14+00:00","article_modified_time":"2024-04-25T14:00:17+00:00","og_image":[{"width":1000,"height":541,"url":"https:\/\/www.meydan.tv\/wp-content\/uploads\/410827945_4j7bzkk.jpg","type":"image\/jpeg"}],"author":"elli","twitter_card":"summary_large_image","twitter_creator":"@elli","schema":{"@context":"https:\/\/schema.org","@graph":[{"@type":"Article","@id":"https:\/\/www.meydan.tv\/az\/article\/ozunu-olu-kimi-teqdim-eden-sirket-direktoruna-8-il-ceza-verildi\/#article","isPartOf":{"@id":"https:\/\/www.meydan.tv\/az\/article\/ozunu-olu-kimi-teqdim-eden-sirket-direktoruna-8-il-ceza-verildi\/"},"author":{"name":"elli","@id":"https:\/\/www.meydan.tv\/az\/#\/schema\/person\/9cdbecf90d17180ce1dfbd95b08dcf47"},"headline":"\u00d6z\u00fcn\u00fc \u00f6l\u00fc kimi t\u0259qdim ed\u0259n \u015firk\u0259t direktoruna 8 il c\u0259za verildi","datePublished":"2024-04-25T14:00:14+00:00","dateModified":"2024-04-25T14:00:17+00:00","mainEntityOfPage":{"@id":"https:\/\/www.meydan.tv\/az\/article\/ozunu-olu-kimi-teqdim-eden-sirket-direktoruna-8-il-ceza-verildi\/"},"wordCount":554,"publisher":{"@id":"https:\/\/www.meydan.tv\/az\/#organization"},"image":{"@id":"https:\/\/www.meydan.tv\/az\/article\/ozunu-olu-kimi-teqdim-eden-sirket-direktoruna-8-il-ceza-verildi\/#primaryimage"},"thumbnailUrl":"https:\/\/www.meydan.tv\/wp-content\/uploads\/410827945_4j7bzkk.jpg","articleSection":["Sosial","X\u0259b\u0259rl\u0259r"],"inLanguage":"az"},{"@type":"WebPage","@id":"https:\/\/www.meydan.tv\/az\/article\/ozunu-olu-kimi-teqdim-eden-sirket-direktoruna-8-il-ceza-verildi\/","url":"https:\/\/www.meydan.tv\/az\/article\/ozunu-olu-kimi-teqdim-eden-sirket-direktoruna-8-il-ceza-verildi\/","name":"\u00d6z\u00fcn\u00fc \u00f6l\u00fc kimi t\u0259qdim ed\u0259n \u015firk\u0259t direktoruna 8 il c\u0259za verildi - MEYDAN.TV","isPartOf":{"@id":"https:\/\/www.meydan.tv\/az\/#website"},"primaryImageOfPage":{"@id":"https:\/\/www.meydan.tv\/az\/article\/ozunu-olu-kimi-teqdim-eden-sirket-direktoruna-8-il-ceza-verildi\/#primaryimage"},"image":{"@id":"https:\/\/www.meydan.tv\/az\/article\/ozunu-olu-kimi-teqdim-eden-sirket-direktoruna-8-il-ceza-verildi\/#primaryimage"},"thumbnailUrl":"https:\/\/www.meydan.tv\/wp-content\/uploads\/410827945_4j7bzkk.jpg","datePublished":"2024-04-25T14:00:14+00:00","dateModified":"2024-04-25T14:00:17+00:00","breadcrumb":{"@id":"https:\/\/www.meydan.tv\/az\/article\/ozunu-olu-kimi-teqdim-eden-sirket-direktoruna-8-il-ceza-verildi\/#breadcrumb"},"inLanguage":"az","potentialAction":[{"@type":"ReadAction","target":["https:\/\/www.meydan.tv\/az\/article\/ozunu-olu-kimi-teqdim-eden-sirket-direktoruna-8-il-ceza-verildi\/"]}]},{"@type":"ImageObject","inLanguage":"az","@id":"https:\/\/www.meydan.tv\/az\/article\/ozunu-olu-kimi-teqdim-eden-sirket-direktoruna-8-il-ceza-verildi\/#primaryimage","url":"https:\/\/www.meydan.tv\/wp-content\/uploads\/410827945_4j7bzkk.jpg","contentUrl":"https:\/\/www.meydan.tv\/wp-content\/uploads\/410827945_4j7bzkk.jpg","width":1000,"height":541,"caption":"Foto: Meydan TV"},{"@type":"BreadcrumbList","@id":"https:\/\/www.meydan.tv\/az\/article\/ozunu-olu-kimi-teqdim-eden-sirket-direktoruna-8-il-ceza-verildi\/#breadcrumb","itemListElement":[{"@type":"ListItem","position":1,"name":"Ana s\u0259hif\u0259","item":"https:\/\/www.meydan.tv\/az\/"},{"@type":"ListItem","position":2,"name":"Sosial","item":"https:\/\/www.meydan.tv\/az\/section\/sosial\/"},{"@type":"ListItem","position":3,"name":"\u00d6z\u00fcn\u00fc \u00f6l\u00fc kimi t\u0259qdim ed\u0259n \u015firk\u0259t direktoruna 8 il c\u0259za verildi"}]},{"@type":"WebSite","@id":"https:\/\/www.meydan.tv\/az\/#website","url":"https:\/\/www.meydan.tv\/az\/","name":"MEYDAN.TV","description":"Meydan TV Az\u0259rbaycan\u0131n media m\u0259kan\u0131ndak\u0131 alternativ s\u0259sidir","publisher":{"@id":"https:\/\/www.meydan.tv\/az\/#organization"},"potentialAction":[{"@type":"SearchAction","target":{"@type":"EntryPoint","urlTemplate":"https:\/\/www.meydan.tv\/az\/?s={search_term_string}"},"query-input":{"@type":"PropertyValueSpecification","valueRequired":true,"valueName":"search_term_string"}}],"inLanguage":"az"},{"@type":"Organization","@id":"https:\/\/www.meydan.tv\/az\/#organization","name":"Meydan TV","url":"https:\/\/www.meydan.tv\/az\/","logo":{"@type":"ImageObject","inLanguage":"az","@id":"https:\/\/www.meydan.tv\/az\/#\/schema\/logo\/image\/","url":"https:\/\/www.meydan.tv\/wp-content\/uploads\/2021\/07\/meydan-logo.svg","contentUrl":"https:\/\/www.meydan.tv\/wp-content\/uploads\/2021\/07\/meydan-logo.svg","width":195,"height":46,"caption":"Meydan TV"},"image":{"@id":"https:\/\/www.meydan.tv\/az\/#\/schema\/logo\/image\/"}},{"@type":"Person","@id":"https:\/\/www.meydan.tv\/az\/#\/schema\/person\/9cdbecf90d17180ce1dfbd95b08dcf47","name":"elli","sameAs":["https:\/\/x.com\/elli"]}]}},"_links":{"self":[{"href":"https:\/\/www.meydan.tv\/az\/wp-json\/wp\/v2\/posts\/304291","targetHints":{"allow":["GET"]}}],"collection":[{"href":"https:\/\/www.meydan.tv\/az\/wp-json\/wp\/v2\/posts"}],"about":[{"href":"https:\/\/www.meydan.tv\/az\/wp-json\/wp\/v2\/types\/post"}],"author":[{"embeddable":true,"href":"https:\/\/www.meydan.tv\/az\/wp-json\/wp\/v2\/users\/8"}],"replies":[{"embeddable":true,"href":"https:\/\/www.meydan.tv\/az\/wp-json\/wp\/v2\/comments?post=304291"}],"version-history":[{"count":3,"href":"https:\/\/www.meydan.tv\/az\/wp-json\/wp\/v2\/posts\/304291\/revisions"}],"predecessor-version":[{"id":304295,"href":"https:\/\/www.meydan.tv\/az\/wp-json\/wp\/v2\/posts\/304291\/revisions\/304295"}],"wp:featuredmedia":[{"embeddable":true,"href":"https:\/\/www.meydan.tv\/az\/wp-json\/wp\/v2\/media\/131384"}],"wp:attachment":[{"href":"https:\/\/www.meydan.tv\/az\/wp-json\/wp\/v2\/media?parent=304291"}],"wp:term":[{"taxonomy":"category","embeddable":true,"href":"https:\/\/www.meydan.tv\/az\/wp-json\/wp\/v2\/categories?post=304291"},{"taxonomy":"post_tag","embeddable":true,"href":"https:\/\/www.meydan.tv\/az\/wp-json\/wp\/v2\/tags?post=304291"}],"curies":[{"name":"wp","href":"https:\/\/api.w.org\/{rel}","templated":true}]}}