{"id":304239,"date":"2024-04-25T13:22:41","date_gmt":"2024-04-25T09:22:41","guid":{"rendered":"https:\/\/www.meydan.tv\/?p=304239"},"modified":"2024-04-25T13:36:46","modified_gmt":"2024-04-25T09:36:46","slug":"eliyev-bizden-istenilse-de-biz-ukraynaya-silah-vermirik","status":"publish","type":"post","link":"https:\/\/www.meydan.tv\/az\/article\/eliyev-bizden-istenilse-de-biz-ukraynaya-silah-vermirik\/","title":{"rendered":"\u018fliyev: &#8220;Bizd\u0259n ist\u0259nils\u0259 d\u0259, biz Ukraynaya silah vermirik&#8230;&#8221;"},"content":{"rendered":"\n<p><\/p>\n\n\n\n<p><strong><em><br>&#8220;Ukrayna-Rusiya sava\u015f\u0131nda kimdir g\u00fcnahkar? M\u0259nim fikrim var, amma bunu payla\u015fmay\u0131m&#8230;&#8221;<\/em><\/strong><\/p>\n\n\n\n<p>Az\u0259rbaycan\u0131n d\u00f6vl\u0259t ba\u015f\u00e7\u0131s\u0131 \u0130lham \u018fliyev Rusiyaya s\u0259f\u0259ri zaman\u0131 h\u0259mkar\u0131 Vladimir Putinl\u0259 Ukrayna il\u0259 m\u00fcharib\u0259ni m\u00fczakir\u0259 etm\u0259diyini deyib.<\/p>\n\n\n\n<p>Bu bar\u0259d\u0259 aprelin 23-d\u0259 \u0130lham \u018fliyev ADA Universitetind\u0259 \u201cCOP29 v\u0259 Az\u0259rbaycan \u00fc\u00e7\u00fcn Ya\u015f\u0131l Bax\u0131\u015f\u201d m\u00f6vzusunda beyn\u0259lxalq forumda Amerika Birl\u0259\u015fmi\u015f \u015etatlar\u0131n\u0131n Wilson Center \/ Chapel Hilld\u0259ki \u015eimali Karolina Universitetinin professoru Klaus Larresin sual\u0131n\u0131 cavabland\u0131rark\u0259n <a href=\"https:\/\/president.az\/az\/articles\/view\/65580\">dan\u0131\u015f\u0131b.<\/a><\/p>\n\n\n\n<p>\u018fliyev Putinl\u0259 yaln\u0131z ikit\u0259r\u0259fli m\u0259s\u0259l\u0259l\u0259ri v\u0259 C\u0259nubi Qafqazdak\u0131 v\u0259ziyy\u0259ti m\u00fczakir\u0259 etdikl\u0259rini vur\u011fulay\u0131b.<\/p>\n\n\n\n<p>Az\u0259rbaycan\u0131n Prezidenti Rusiya-Ukrayna m\u00fcharib\u0259sinin nec\u0259 ba\u015fa \u00e7ataca\u011f\u0131n\u0131 bilm\u0259diyini deyib:<\/p>\n\n\n\n<p>&#8220;<em>\u018fg\u0259r kims\u0259 bilirs\u0259, y\u0259qin ki, Nobel S\u00fclh M\u00fckafat\u0131na namiz\u0259d olmal\u0131d\u0131r. D\u00fc\u015f\u00fcnm\u00fcr\u0259m ki, indi bunun nec\u0259 ba\u015fa \u00e7ataca\u011f\u0131n\u0131 he\u00e7 kim bilmir. Amma m\u0259n bunu bel\u0259 dey\u0259rdim, n\u0259 vaxtsa bit\u0259c\u0259k, \u00e7\u00fcnki m\u00fcharib\u0259l\u0259r gec-tez dayan\u0131r. T\u0259cr\u00fcb\u0259mizd\u0259n dey\u0259 bil\u0259r\u0259m. Biz 1994-c\u00fc ilin may\u0131nda at\u0259\u015fk\u0259s sazi\u015fini imzalayanda, \u0259slind\u0259, m\u00fcharib\u0259 dayanmad\u0131. Bel\u0259likl\u0259, Rusiya il\u0259 Ukrayna aras\u0131nda ox\u015far bir v\u0259ziyy\u0259t ola bil\u0259r. \u018fg\u0259r onlar m\u00fcharib\u0259nin aktiv fazas\u0131n\u0131 dayand\u0131rmaq bar\u0259d\u0259 raz\u0131l\u0131\u011fa g\u0259ls\u0259l\u0259r, bu, m\u00fcharib\u0259nin dayand\u0131r\u0131lmas\u0131na z\u0259man\u0259t olmayacaq. Zaman-zaman, y\u0259ni i\u015f\u011fal d\u00f6vr\u00fcnd\u0259 t\u0259mas x\u0259ttind\u0259 g\u0259rginlik, t\u0259xribat qruplar\u0131 olub, snayper d\u00f6y\u00fc\u015f\u00fcm\u00fcz olub, bu v\u0259 ya bir s\u0131ra dig\u0259r \u00e7ox t\u0259hl\u00fck\u0259li hadis\u0259l\u0259r ba\u015f verib. Bizim t\u0259mas x\u0259ttimiz is\u0259 bug\u00fcnk\u00fc t\u0259mas x\u0259ttind\u0259n v\u0259 ya Rusiya il\u0259 Ukrayna aras\u0131ndak\u0131 d\u00f6y\u00fc\u015f x\u0259ttind\u0259n xeyli q\u0131sa idi&#8221;.<\/em><\/p>\n\n\n\n<p>&#8220;<em>T\u0259s\u0259vv\u00fcr edin ki, at\u0259\u015fk\u0259s sazi\u015fi imzalan\u0131b. Bu, s\u00fclh\u00fcn g\u0259l\u0259c\u0259yinin z\u0259man\u0259ti olacaq? Yox. Biz 28 il g\u00f6zl\u0259dik v\u0259 ondan sonra suverenliyimizi g\u00fcc yolu il\u0259 b\u0259rpa etdik. Biz bunu haql\u0131 oldu\u011fumuz v\u0259 ed\u0259 bildiyimiz \u00fc\u00e7\u00fcn etdik. Bizim \u00fc\u00e7\u00fcn bu, \u00f6l\u00fcm-dirim m\u0259s\u0259l\u0259si idi. Biz o zaman \u0259min deyildik ki, kiml\u0259r Erm\u0259nistan t\u0259r\u0259find\u0259n \u00e7\u0131x\u0131\u015f ed\u0259c\u0259k. F\u0259rqli variantlar ola bil\u0259rdi. Onlar\u0131n he\u00e7 biri bizim \u00fc\u00e7\u00fcn xo\u015f deyildi. Amma o zaman biz bu bar\u0259d\u0259 d\u00fc\u015f\u00fcnm\u00fcrd\u00fck, ya suveren l\u0259yaq\u0259timizi b\u0259rpa etm\u0259li, ya da ham\u0131m\u0131z \u00f6lm\u0259li idik. Bizim yana\u015fmam\u0131z bel\u0259 idi. G\u00f6zl\u0259dik, g\u00fcc toplad\u0131q, beyn\u0259lxalq arenada i\u015fl\u0259dik. Biz m\u00f6vqeyimizi s\u00fcbuta yetirm\u0259y\u0259 v\u0259 t\u0259cav\u00fcz\u00fcn qurban\u0131 oldu\u011fumuzu izah etm\u0259y\u0259 \u00e7al\u0131\u015f\u0131rd\u0131q, lakin bu, he\u00e7 bir n\u0259tic\u0259 verm\u0259di. B\u0259li, beyn\u0259lxalq qurumlar q\u0259tnam\u0259l\u0259r, q\u0259rarlar q\u0259bul etdil\u0259r, amma bunlar icra olunmad\u0131, icra mexanizmi yox idi. Bel\u0259likl\u0259, biz bunu g\u00fcc yolu il\u0259 icra etdik. Dediyim kimi, biz s\u00fclh\u00fc m\u00fcharib\u0259 il\u0259 g\u0259tirdik. Bu da bir se\u00e7imdir v\u0259 bunun m\u00fcmk\u00fcn oldu\u011funu n\u00fcmayi\u015f etdiririk. Odur ki, dediyim kimi, praktiki cavab\u0131m yoxdur. M\u0259nc\u0259, bunun n\u0259 vaxt dayanaca\u011f\u0131n\u0131 he\u00e7 kim bilmir&#8221;,<\/em> &#8211; dey\u0259 \u018fliyev vur\u011fulay\u0131b.<\/p>\n\n\n<div class=\"wp-block-image\">\n<figure class=\"aligncenter size-full\"><img decoding=\"async\" width=\"1200\" height=\"608\" data-src=\"https:\/\/www.meydan.tv\/wp-content\/uploads\/df0576bbb090b59c799678d31d17b56c_2292385-1.jpg\" alt=\"\" class=\"wp-image-304233 lazyload\" src=\"data:image\/svg+xml;base64,PHN2ZyB3aWR0aD0iMSIgaGVpZ2h0PSIxIiB4bWxucz0iaHR0cDovL3d3dy53My5vcmcvMjAwMC9zdmciPjwvc3ZnPg==\" style=\"--smush-placeholder-width: 1200px; --smush-placeholder-aspect-ratio: 1200\/608;\" \/><figcaption class=\"wp-element-caption\">Foto: president.az<\/figcaption><\/figure>\n<\/div>\n\n\n<p>\u00d6lk\u0259 ba\u015f\u00e7\u0131s\u0131 hesab edib ki, sava\u015f dayansa bel\u0259, t\u0259krar olunmayaca\u011f\u0131na z\u0259man\u0259t yoxdur:<\/p>\n\n\n\n<p>&#8220;<em>Az\u0259rbaycan n\u0259 ed\u0259 bil\u0259r? He\u00e7 n\u0259. Tamamil\u0259 praktiki bax\u0131mdan he\u00e7 n\u0259. Biz Ukraynaya 30 milyon avrodan art\u0131q humanitar v\u0259 maliyy\u0259 yard\u0131m\u0131 etdik. B\u00f6y\u00fck Az\u0259rbaycan diasporunun oldu\u011fu v\u0259 bir \u00e7ox sosial infrastrukturun b\u0259rpa edildiyi \u0130rpen \u015f\u0259h\u0259rind\u0259 yenid\u0259nqurma i\u015fl\u0259ri apar\u0131r\u0131q. Daha he\u00e7 bir \u015fey. Bizd\u0259n ist\u0259nils\u0259 d\u0259, biz Ukraynaya silah vermirik, bunu a\u00e7\u0131q \u015f\u0259kild\u0259 dey\u0259 bil\u0259rik, etm\u0259y\u0259c\u0259yik. Humanitar yard\u0131m &#8211; b\u0259li, silah \u2013 yox, bu, m\u0259nim cavab\u0131md\u0131r&#8221;.<\/em><\/p>\n\n\n\n<p>\u018fliyev deyib ki, bu m\u00fcharib\u0259 etnik, dini bax\u0131mdan bir-birin\u0259 \u00e7ox yax\u0131n olan iki xalq \u00fc\u00e7\u00fcn b\u00f6y\u00fck faci\u0259dir:<\/p>\n\n\n\n<p>&#8220;<em>M\u00fcharib\u0259d\u0259n qa\u00e7maq \u015fans\u0131 var idimi? M\u0259nc\u0259, var idi. \u018fvv\u0259lki ill\u0259rd\u0259 Ukrayna liderl\u0259rinin Rusiya il\u0259 normal m\u00fcnasib\u0259tl\u0259r qurmaq \u015fans\u0131 var idimi? Tam \u0259min\u0259m ki, var idi. B\u0259li, m\u0259n indic\u0259 Rusiya-Az\u0259rbaycan m\u00fcnasib\u0259tl\u0259rind\u0259n dan\u0131\u015f\u0131rd\u0131m. Biz qon\u015fuyuq. Biz g\u00fccl\u00fc t\u0259r\u0259fda\u015fl\u0131q \u0259laq\u0259l\u0259ri qurmu\u015fuq. Biz bir-birimizin suverenliyin\u0259 h\u00f6rm\u0259t edirik. Biz bir-birimizin i\u015fin\u0259 qar\u0131\u015fm\u0131r\u0131q. Rusiya il\u0259 Ukrayna aras\u0131nda bel\u0259 ola bilm\u0259zdimi? \u018flb\u0259tt\u0259, m\u00fcmk\u00fcn idi. Ruslar Ukraynaya \u00e7ox yax\u0131n insanlard\u0131r. Niy\u0259 ba\u015f verm\u0259di? Kimdir g\u00fcnahkar? M\u0259nim fikrim var, amma bunu payla\u015fmay\u0131m. Amma m\u0259nc\u0259, 2000-ci ilin \u0259vv\u0259ll\u0259rind\u0259 \u015fans \u0259ld\u0259n verildi. Ukraynan\u0131n g\u00fccl\u00fc d\u00f6vl\u0259t qurmaq \u015fans\u0131 \u0259ld\u0259n verildi. Bu, m\u0259nim t\u0259cr\u00fcb\u0259m\u0259 v\u0259 biliyim\u0259 \u0259saslanan \u015f\u0259xsi fikrimdir. M\u0259n ilk Prezidentd\u0259n ba\u015fqa b\u00fct\u00fcn Ukrayna prezidentl\u0259rini tan\u0131y\u0131rd\u0131m v\u0259 onlarla i\u015fl\u0259mi\u015f\u0259m&#8221;.<\/em><\/p>\n\n\n\n<p>&#8220;<em>M\u0259n 2003-c\u00fc ild\u0259n bu k\u00fcrs\u00fcd\u0259y\u0259m. M\u0259n bir \u015fey dey\u0259nd\u0259 bilir\u0259m v\u0259 t\u0259cr\u00fcb\u0259m oldu\u011fu \u00fc\u00e7\u00fcn deyir\u0259m, kims\u0259 m\u0259n\u0259 n\u0259s\u0259 dem\u0259yib. M\u0259n Rusiya-Ukrayna m\u00fcnasib\u0259tl\u0259rind\u0259 bir \u00e7ox m\u0259qamlar\u0131n \u015fahidi olmu\u015fam: g\u0259rginlik, dostluq, d\u00fc\u015fm\u0259n\u00e7ilik, lakin he\u00e7 vaxt bu g\u00fcn g\u00f6rd\u00fcy\u00fcm\u00fcz s\u0259viyy\u0259y\u0259 q\u0259d\u0259r \u00e7atmam\u0131\u015fd\u0131. T\u0259\u0259ss\u00fcf ki, bu, faci\u0259li v\u0259ziyy\u0259tdir v\u0259 h\u0259r g\u00fcn insanlar \u00f6l\u00fcr. Dayand\u0131r\u0131lmal\u0131d\u0131r. Kim dayand\u0131ra bil\u0259r? M\u0259n bilmir\u0259m. Yadda\u015f\u0131mdan b\u0259zi epizodlar\u0131 a\u00e7\u0131qlaya bildiyim \u00fc\u00e7\u00fcn maksimum d\u0259r\u0259c\u0259d\u0259 a\u00e7\u0131q olma\u011fa \u00e7al\u0131\u015fd\u0131m&#8221;, <\/em>&#8211; dey\u0259 \u018fliyev fikrini yekunla\u015fd\u0131r\u0131b.<\/p>\n\n\n\n<p>T\u0259dbir zaman\u0131 \u0130lham \u018fliyev Rusiyan\u0131n Az\u0259rbaycan v\u0259 Qafqaz maraqlar\u0131na da toxunub:<\/p>\n\n\n\n<p>&#8220;<em>Rusiya Az\u0259rbaycan\u0131n qon\u015fusudur v\u0259 bu \u00f6lk\u0259 il\u0259 m\u00fcxt\u0259lif sah\u0259l\u0259rd\u0259 bizim \u00e7ox f\u0259al \u0259m\u0259kda\u015fl\u0131\u011f\u0131m\u0131z var. Prezident Putinl\u0259 son g\u00f6r\u00fc\u015fd\u0259 h\u0259min m\u0259s\u0259l\u0259l\u0259ri, iqtisadi \u0259m\u0259kda\u015fl\u0131\u011f\u0131m\u0131z\u0131 v\u0259 x\u00fcsus\u0259n d\u0259 da\u015f\u0131malar sah\u0259sind\u0259 i\u015fbirliyimizi geni\u015f \u015f\u0259kild\u0259 m\u00fczakir\u0259 etdik. \u018flb\u0259tt\u0259 ki, \u0259m\u0259kda\u015fl\u0131\u011f\u0131n b\u00f6y\u00fck hiss\u0259si humanitar sah\u0259y\u0259 aiddir. Az\u0259rbaycanda 300-d\u0259n art\u0131q rus m\u0259kt\u0259bi var v\u0259 insanlar rus m\u0259kt\u0259bl\u0259rind\u0259 t\u0259hsil alma\u011fa \u00fcst\u00fcnl\u00fck ver\u0259r\u0259k onlar\u0131 se\u00e7irl\u0259r. Bir s\u00f6zl\u0259, \u00fcmumi m\u0259s\u0259l\u0259l\u0259rimiz \u00e7oxdur v\u0259 regional \u00f6lk\u0259 &#8211; Qafqaz \u00f6lk\u0259si olaraq, &#8211; \u00e7\u00fcnki Qafqaz\u0131n m\u00fc\u0259yy\u0259n hiss\u0259si Rusiya h\u00fcdudlar\u0131 daxilind\u0259dir, &#8211; \u0259lb\u0259tt\u0259 ki, Rusiya bu regionu he\u00e7 zaman t\u0259rk etm\u0259y\u0259c\u0259k. \u00c7\u00fcnki onun \u00f6z\u00fc bu regiona aiddir v\u0259 d\u00fc\u015f\u00fcn\u00fcr\u0259m ki, C\u0259nubi Qafqaz\u0131n b\u00fct\u00fcn \u00f6lk\u0259l\u0259ri Rusiya il\u0259 qar\u015f\u0131l\u0131ql\u0131 h\u00f6rm\u0259t, suverenlik, \u0259razi b\u00fct\u00f6vl\u00fcy\u00fc v\u0259 qar\u015f\u0131l\u0131ql\u0131 maraq \u0259sas\u0131nda yax\u015f\u0131 m\u00fcnasib\u0259tl\u0259rin qurulmas\u0131nda maraql\u0131 olmal\u0131d\u0131rlar. D\u00fc\u015f\u00fcn\u00fcr\u0259m ki, Az\u0259rbaycan\u0131n n\u00fcmun\u0259si bunun m\u00fcmk\u00fcn oldu\u011funu ayd\u0131n \u015f\u0259kild\u0259 g\u00f6st\u0259rir&#8221;.<\/em><\/p>\n","protected":false},"excerpt":{"rendered":"<p>&#8220;Ukrayna-Rusiya sava\u015f\u0131nda kimdir g\u00fcnahkar? M\u0259nim fikrim var, amma bunu payla\u015fmay\u0131m&#8230;&#8221; &#8230; <\/p>\n<p class=\"read-more-container\"><a title=\"\u018fliyev: &#8220;Bizd\u0259n ist\u0259nils\u0259 d\u0259, biz Ukraynaya silah vermirik&#8230;&#8221;\" class=\"read-more button\" href=\"https:\/\/www.meydan.tv\/az\/article\/eliyev-bizden-istenilse-de-biz-ukraynaya-silah-vermirik\/#more-304239\" aria-label=\"Read more about \u018fliyev: &#8220;Bizd\u0259n ist\u0259nils\u0259 d\u0259, biz Ukraynaya silah vermirik&#8230;&#8221;\">Davam\u0131<\/a><\/p>\n","protected":false},"author":8,"featured_media":304236,"comment_status":"closed","ping_status":"closed","sticky":false,"template":"","format":"standard","meta":{"_acf_changed":false,"_sitemap_exclude":false,"_sitemap_priority":"","_sitemap_frequency":"","footnotes":""},"categories":[59,79,56],"tags":[],"class_list":["post-304239","post","type-post","status-publish","format-standard","has-post-thumbnail","hentry","category-siyaset","category-featured","category-xeberler","infinite-scroll-item","generate-columns","tablet-grid-50","mobile-grid-100","grid-parent","grid-33","no-featured-image-padding"],"acf":[],"yoast_head":"<!-- This site is optimized with the Yoast SEO plugin v27.4 - https:\/\/yoast.com\/product\/yoast-seo-wordpress\/ -->\n<title>\u018fliyev: &quot;Bizd\u0259n ist\u0259nils\u0259 d\u0259, biz Ukraynaya silah vermirik...&quot; - MEYDAN.TV<\/title>\n<meta name=\"robots\" content=\"index, follow, max-snippet:-1, max-image-preview:large, max-video-preview:-1\" \/>\n<link rel=\"canonical\" href=\"https:\/\/www.meydan.tv\/az\/article\/eliyev-bizden-istenilse-de-biz-ukraynaya-silah-vermirik\/\" \/>\n<meta property=\"og:locale\" content=\"az_AZ\" \/>\n<meta property=\"og:type\" content=\"article\" \/>\n<meta property=\"og:title\" content=\"\u018fliyev: &quot;Bizd\u0259n ist\u0259nils\u0259 d\u0259, biz Ukraynaya silah vermirik...&quot; - MEYDAN.TV\" \/>\n<meta property=\"og:description\" content=\"&#8220;Ukrayna-Rusiya sava\u015f\u0131nda kimdir g\u00fcnahkar? M\u0259nim fikrim var, amma bunu payla\u015fmay\u0131m&#8230;&#8221; ... Davam\u0131\" \/>\n<meta property=\"og:url\" content=\"https:\/\/www.meydan.tv\/az\/article\/eliyev-bizden-istenilse-de-biz-ukraynaya-silah-vermirik\/\" \/>\n<meta property=\"og:site_name\" content=\"MEYDAN.TV\" \/>\n<meta property=\"article:published_time\" content=\"2024-04-25T09:22:41+00:00\" \/>\n<meta property=\"article:modified_time\" content=\"2024-04-25T09:36:46+00:00\" \/>\n<meta property=\"og:image\" content=\"https:\/\/www.meydan.tv\/wp-content\/uploads\/shutterstock_2181789081.jpg\" \/>\n\t<meta property=\"og:image:width\" content=\"1200\" \/>\n\t<meta property=\"og:image:height\" content=\"675\" \/>\n\t<meta property=\"og:image:type\" content=\"image\/jpeg\" \/>\n<meta name=\"author\" content=\"elli\" \/>\n<meta name=\"twitter:card\" content=\"summary_large_image\" \/>\n<meta name=\"twitter:creator\" content=\"@elli\" \/>\n<script type=\"application\/ld+json\" class=\"yoast-schema-graph\">{\"@context\":\"https:\\\/\\\/schema.org\",\"@graph\":[{\"@type\":\"Article\",\"@id\":\"https:\\\/\\\/www.meydan.tv\\\/az\\\/article\\\/eliyev-bizden-istenilse-de-biz-ukraynaya-silah-vermirik\\\/#article\",\"isPartOf\":{\"@id\":\"https:\\\/\\\/www.meydan.tv\\\/az\\\/article\\\/eliyev-bizden-istenilse-de-biz-ukraynaya-silah-vermirik\\\/\"},\"author\":{\"name\":\"elli\",\"@id\":\"https:\\\/\\\/www.meydan.tv\\\/az\\\/#\\\/schema\\\/person\\\/9cdbecf90d17180ce1dfbd95b08dcf47\"},\"headline\":\"\u018fliyev: &#8220;Bizd\u0259n ist\u0259nils\u0259 d\u0259, biz Ukraynaya silah vermirik&#8230;&#8221;\",\"datePublished\":\"2024-04-25T09:22:41+00:00\",\"dateModified\":\"2024-04-25T09:36:46+00:00\",\"mainEntityOfPage\":{\"@id\":\"https:\\\/\\\/www.meydan.tv\\\/az\\\/article\\\/eliyev-bizden-istenilse-de-biz-ukraynaya-silah-vermirik\\\/\"},\"wordCount\":1290,\"publisher\":{\"@id\":\"https:\\\/\\\/www.meydan.tv\\\/az\\\/#organization\"},\"image\":{\"@id\":\"https:\\\/\\\/www.meydan.tv\\\/az\\\/article\\\/eliyev-bizden-istenilse-de-biz-ukraynaya-silah-vermirik\\\/#primaryimage\"},\"thumbnailUrl\":\"https:\\\/\\\/www.meydan.tv\\\/wp-content\\\/uploads\\\/shutterstock_2181789081.jpg\",\"articleSection\":[\"Siyas\u0259t\",\"T\u00f6vsiy\u0259\",\"X\u0259b\u0259rl\u0259r\"],\"inLanguage\":\"az\"},{\"@type\":\"WebPage\",\"@id\":\"https:\\\/\\\/www.meydan.tv\\\/az\\\/article\\\/eliyev-bizden-istenilse-de-biz-ukraynaya-silah-vermirik\\\/\",\"url\":\"https:\\\/\\\/www.meydan.tv\\\/az\\\/article\\\/eliyev-bizden-istenilse-de-biz-ukraynaya-silah-vermirik\\\/\",\"name\":\"\u018fliyev: \\\"Bizd\u0259n ist\u0259nils\u0259 d\u0259, biz Ukraynaya silah vermirik...\\\" - MEYDAN.TV\",\"isPartOf\":{\"@id\":\"https:\\\/\\\/www.meydan.tv\\\/az\\\/#website\"},\"primaryImageOfPage\":{\"@id\":\"https:\\\/\\\/www.meydan.tv\\\/az\\\/article\\\/eliyev-bizden-istenilse-de-biz-ukraynaya-silah-vermirik\\\/#primaryimage\"},\"image\":{\"@id\":\"https:\\\/\\\/www.meydan.tv\\\/az\\\/article\\\/eliyev-bizden-istenilse-de-biz-ukraynaya-silah-vermirik\\\/#primaryimage\"},\"thumbnailUrl\":\"https:\\\/\\\/www.meydan.tv\\\/wp-content\\\/uploads\\\/shutterstock_2181789081.jpg\",\"datePublished\":\"2024-04-25T09:22:41+00:00\",\"dateModified\":\"2024-04-25T09:36:46+00:00\",\"breadcrumb\":{\"@id\":\"https:\\\/\\\/www.meydan.tv\\\/az\\\/article\\\/eliyev-bizden-istenilse-de-biz-ukraynaya-silah-vermirik\\\/#breadcrumb\"},\"inLanguage\":\"az\",\"potentialAction\":[{\"@type\":\"ReadAction\",\"target\":[\"https:\\\/\\\/www.meydan.tv\\\/az\\\/article\\\/eliyev-bizden-istenilse-de-biz-ukraynaya-silah-vermirik\\\/\"]}]},{\"@type\":\"ImageObject\",\"inLanguage\":\"az\",\"@id\":\"https:\\\/\\\/www.meydan.tv\\\/az\\\/article\\\/eliyev-bizden-istenilse-de-biz-ukraynaya-silah-vermirik\\\/#primaryimage\",\"url\":\"https:\\\/\\\/www.meydan.tv\\\/wp-content\\\/uploads\\\/shutterstock_2181789081.jpg\",\"contentUrl\":\"https:\\\/\\\/www.meydan.tv\\\/wp-content\\\/uploads\\\/shutterstock_2181789081.jpg\",\"width\":1200,\"height\":675,\"caption\":\"Az\u0259rbaycan-Ukrayna-Rusiya. Foto: motioncenter\\\/shutterstock\"},{\"@type\":\"BreadcrumbList\",\"@id\":\"https:\\\/\\\/www.meydan.tv\\\/az\\\/article\\\/eliyev-bizden-istenilse-de-biz-ukraynaya-silah-vermirik\\\/#breadcrumb\",\"itemListElement\":[{\"@type\":\"ListItem\",\"position\":1,\"name\":\"Ana s\u0259hif\u0259\",\"item\":\"https:\\\/\\\/www.meydan.tv\\\/az\\\/\"},{\"@type\":\"ListItem\",\"position\":2,\"name\":\"Siyas\u0259t\",\"item\":\"https:\\\/\\\/www.meydan.tv\\\/az\\\/section\\\/siyaset\\\/\"},{\"@type\":\"ListItem\",\"position\":3,\"name\":\"\u018fliyev: &#8220;Bizd\u0259n ist\u0259nils\u0259 d\u0259, biz Ukraynaya silah vermirik&#8230;&#8221;\"}]},{\"@type\":\"WebSite\",\"@id\":\"https:\\\/\\\/www.meydan.tv\\\/az\\\/#website\",\"url\":\"https:\\\/\\\/www.meydan.tv\\\/az\\\/\",\"name\":\"MEYDAN.TV\",\"description\":\"Meydan TV Az\u0259rbaycan\u0131n media m\u0259kan\u0131ndak\u0131 alternativ s\u0259sidir\",\"publisher\":{\"@id\":\"https:\\\/\\\/www.meydan.tv\\\/az\\\/#organization\"},\"potentialAction\":[{\"@type\":\"SearchAction\",\"target\":{\"@type\":\"EntryPoint\",\"urlTemplate\":\"https:\\\/\\\/www.meydan.tv\\\/az\\\/?s={search_term_string}\"},\"query-input\":{\"@type\":\"PropertyValueSpecification\",\"valueRequired\":true,\"valueName\":\"search_term_string\"}}],\"inLanguage\":\"az\"},{\"@type\":\"Organization\",\"@id\":\"https:\\\/\\\/www.meydan.tv\\\/az\\\/#organization\",\"name\":\"Meydan TV\",\"url\":\"https:\\\/\\\/www.meydan.tv\\\/az\\\/\",\"logo\":{\"@type\":\"ImageObject\",\"inLanguage\":\"az\",\"@id\":\"https:\\\/\\\/www.meydan.tv\\\/az\\\/#\\\/schema\\\/logo\\\/image\\\/\",\"url\":\"https:\\\/\\\/www.meydan.tv\\\/wp-content\\\/uploads\\\/2021\\\/07\\\/meydan-logo.svg\",\"contentUrl\":\"https:\\\/\\\/www.meydan.tv\\\/wp-content\\\/uploads\\\/2021\\\/07\\\/meydan-logo.svg\",\"width\":195,\"height\":46,\"caption\":\"Meydan TV\"},\"image\":{\"@id\":\"https:\\\/\\\/www.meydan.tv\\\/az\\\/#\\\/schema\\\/logo\\\/image\\\/\"}},{\"@type\":\"Person\",\"@id\":\"https:\\\/\\\/www.meydan.tv\\\/az\\\/#\\\/schema\\\/person\\\/9cdbecf90d17180ce1dfbd95b08dcf47\",\"name\":\"elli\",\"sameAs\":[\"https:\\\/\\\/x.com\\\/elli\"]}]}<\/script>\n<!-- \/ Yoast SEO plugin. -->","yoast_head_json":{"title":"\u018fliyev: \"Bizd\u0259n ist\u0259nils\u0259 d\u0259, biz Ukraynaya silah vermirik...\" - MEYDAN.TV","robots":{"index":"index","follow":"follow","max-snippet":"max-snippet:-1","max-image-preview":"max-image-preview:large","max-video-preview":"max-video-preview:-1"},"canonical":"https:\/\/www.meydan.tv\/az\/article\/eliyev-bizden-istenilse-de-biz-ukraynaya-silah-vermirik\/","og_locale":"az_AZ","og_type":"article","og_title":"\u018fliyev: \"Bizd\u0259n ist\u0259nils\u0259 d\u0259, biz Ukraynaya silah vermirik...\" - MEYDAN.TV","og_description":"&#8220;Ukrayna-Rusiya sava\u015f\u0131nda kimdir g\u00fcnahkar? M\u0259nim fikrim var, amma bunu payla\u015fmay\u0131m&#8230;&#8221; ... Davam\u0131","og_url":"https:\/\/www.meydan.tv\/az\/article\/eliyev-bizden-istenilse-de-biz-ukraynaya-silah-vermirik\/","og_site_name":"MEYDAN.TV","article_published_time":"2024-04-25T09:22:41+00:00","article_modified_time":"2024-04-25T09:36:46+00:00","og_image":[{"width":1200,"height":675,"url":"https:\/\/www.meydan.tv\/wp-content\/uploads\/shutterstock_2181789081.jpg","type":"image\/jpeg"}],"author":"elli","twitter_card":"summary_large_image","twitter_creator":"@elli","schema":{"@context":"https:\/\/schema.org","@graph":[{"@type":"Article","@id":"https:\/\/www.meydan.tv\/az\/article\/eliyev-bizden-istenilse-de-biz-ukraynaya-silah-vermirik\/#article","isPartOf":{"@id":"https:\/\/www.meydan.tv\/az\/article\/eliyev-bizden-istenilse-de-biz-ukraynaya-silah-vermirik\/"},"author":{"name":"elli","@id":"https:\/\/www.meydan.tv\/az\/#\/schema\/person\/9cdbecf90d17180ce1dfbd95b08dcf47"},"headline":"\u018fliyev: &#8220;Bizd\u0259n ist\u0259nils\u0259 d\u0259, biz Ukraynaya silah vermirik&#8230;&#8221;","datePublished":"2024-04-25T09:22:41+00:00","dateModified":"2024-04-25T09:36:46+00:00","mainEntityOfPage":{"@id":"https:\/\/www.meydan.tv\/az\/article\/eliyev-bizden-istenilse-de-biz-ukraynaya-silah-vermirik\/"},"wordCount":1290,"publisher":{"@id":"https:\/\/www.meydan.tv\/az\/#organization"},"image":{"@id":"https:\/\/www.meydan.tv\/az\/article\/eliyev-bizden-istenilse-de-biz-ukraynaya-silah-vermirik\/#primaryimage"},"thumbnailUrl":"https:\/\/www.meydan.tv\/wp-content\/uploads\/shutterstock_2181789081.jpg","articleSection":["Siyas\u0259t","T\u00f6vsiy\u0259","X\u0259b\u0259rl\u0259r"],"inLanguage":"az"},{"@type":"WebPage","@id":"https:\/\/www.meydan.tv\/az\/article\/eliyev-bizden-istenilse-de-biz-ukraynaya-silah-vermirik\/","url":"https:\/\/www.meydan.tv\/az\/article\/eliyev-bizden-istenilse-de-biz-ukraynaya-silah-vermirik\/","name":"\u018fliyev: \"Bizd\u0259n ist\u0259nils\u0259 d\u0259, biz Ukraynaya silah vermirik...\" - MEYDAN.TV","isPartOf":{"@id":"https:\/\/www.meydan.tv\/az\/#website"},"primaryImageOfPage":{"@id":"https:\/\/www.meydan.tv\/az\/article\/eliyev-bizden-istenilse-de-biz-ukraynaya-silah-vermirik\/#primaryimage"},"image":{"@id":"https:\/\/www.meydan.tv\/az\/article\/eliyev-bizden-istenilse-de-biz-ukraynaya-silah-vermirik\/#primaryimage"},"thumbnailUrl":"https:\/\/www.meydan.tv\/wp-content\/uploads\/shutterstock_2181789081.jpg","datePublished":"2024-04-25T09:22:41+00:00","dateModified":"2024-04-25T09:36:46+00:00","breadcrumb":{"@id":"https:\/\/www.meydan.tv\/az\/article\/eliyev-bizden-istenilse-de-biz-ukraynaya-silah-vermirik\/#breadcrumb"},"inLanguage":"az","potentialAction":[{"@type":"ReadAction","target":["https:\/\/www.meydan.tv\/az\/article\/eliyev-bizden-istenilse-de-biz-ukraynaya-silah-vermirik\/"]}]},{"@type":"ImageObject","inLanguage":"az","@id":"https:\/\/www.meydan.tv\/az\/article\/eliyev-bizden-istenilse-de-biz-ukraynaya-silah-vermirik\/#primaryimage","url":"https:\/\/www.meydan.tv\/wp-content\/uploads\/shutterstock_2181789081.jpg","contentUrl":"https:\/\/www.meydan.tv\/wp-content\/uploads\/shutterstock_2181789081.jpg","width":1200,"height":675,"caption":"Az\u0259rbaycan-Ukrayna-Rusiya. Foto: motioncenter\/shutterstock"},{"@type":"BreadcrumbList","@id":"https:\/\/www.meydan.tv\/az\/article\/eliyev-bizden-istenilse-de-biz-ukraynaya-silah-vermirik\/#breadcrumb","itemListElement":[{"@type":"ListItem","position":1,"name":"Ana s\u0259hif\u0259","item":"https:\/\/www.meydan.tv\/az\/"},{"@type":"ListItem","position":2,"name":"Siyas\u0259t","item":"https:\/\/www.meydan.tv\/az\/section\/siyaset\/"},{"@type":"ListItem","position":3,"name":"\u018fliyev: &#8220;Bizd\u0259n ist\u0259nils\u0259 d\u0259, biz Ukraynaya silah vermirik&#8230;&#8221;"}]},{"@type":"WebSite","@id":"https:\/\/www.meydan.tv\/az\/#website","url":"https:\/\/www.meydan.tv\/az\/","name":"MEYDAN.TV","description":"Meydan TV Az\u0259rbaycan\u0131n media m\u0259kan\u0131ndak\u0131 alternativ s\u0259sidir","publisher":{"@id":"https:\/\/www.meydan.tv\/az\/#organization"},"potentialAction":[{"@type":"SearchAction","target":{"@type":"EntryPoint","urlTemplate":"https:\/\/www.meydan.tv\/az\/?s={search_term_string}"},"query-input":{"@type":"PropertyValueSpecification","valueRequired":true,"valueName":"search_term_string"}}],"inLanguage":"az"},{"@type":"Organization","@id":"https:\/\/www.meydan.tv\/az\/#organization","name":"Meydan TV","url":"https:\/\/www.meydan.tv\/az\/","logo":{"@type":"ImageObject","inLanguage":"az","@id":"https:\/\/www.meydan.tv\/az\/#\/schema\/logo\/image\/","url":"https:\/\/www.meydan.tv\/wp-content\/uploads\/2021\/07\/meydan-logo.svg","contentUrl":"https:\/\/www.meydan.tv\/wp-content\/uploads\/2021\/07\/meydan-logo.svg","width":195,"height":46,"caption":"Meydan TV"},"image":{"@id":"https:\/\/www.meydan.tv\/az\/#\/schema\/logo\/image\/"}},{"@type":"Person","@id":"https:\/\/www.meydan.tv\/az\/#\/schema\/person\/9cdbecf90d17180ce1dfbd95b08dcf47","name":"elli","sameAs":["https:\/\/x.com\/elli"]}]}},"_links":{"self":[{"href":"https:\/\/www.meydan.tv\/az\/wp-json\/wp\/v2\/posts\/304239","targetHints":{"allow":["GET"]}}],"collection":[{"href":"https:\/\/www.meydan.tv\/az\/wp-json\/wp\/v2\/posts"}],"about":[{"href":"https:\/\/www.meydan.tv\/az\/wp-json\/wp\/v2\/types\/post"}],"author":[{"embeddable":true,"href":"https:\/\/www.meydan.tv\/az\/wp-json\/wp\/v2\/users\/8"}],"replies":[{"embeddable":true,"href":"https:\/\/www.meydan.tv\/az\/wp-json\/wp\/v2\/comments?post=304239"}],"version-history":[{"count":3,"href":"https:\/\/www.meydan.tv\/az\/wp-json\/wp\/v2\/posts\/304239\/revisions"}],"predecessor-version":[{"id":304247,"href":"https:\/\/www.meydan.tv\/az\/wp-json\/wp\/v2\/posts\/304239\/revisions\/304247"}],"wp:featuredmedia":[{"embeddable":true,"href":"https:\/\/www.meydan.tv\/az\/wp-json\/wp\/v2\/media\/304236"}],"wp:attachment":[{"href":"https:\/\/www.meydan.tv\/az\/wp-json\/wp\/v2\/media?parent=304239"}],"wp:term":[{"taxonomy":"category","embeddable":true,"href":"https:\/\/www.meydan.tv\/az\/wp-json\/wp\/v2\/categories?post=304239"},{"taxonomy":"post_tag","embeddable":true,"href":"https:\/\/www.meydan.tv\/az\/wp-json\/wp\/v2\/tags?post=304239"}],"curies":[{"name":"wp","href":"https:\/\/api.w.org\/{rel}","templated":true}]}}