{"id":304203,"date":"2024-04-24T16:44:12","date_gmt":"2024-04-24T12:44:12","guid":{"rendered":"https:\/\/www.meydan.tv\/?p=304203"},"modified":"2024-04-24T18:22:59","modified_gmt":"2024-04-24T14:22:59","slug":"sabiq-bas-pediatrin-ozunu-gulleleyerek-oldurduyu-bildirilir","status":"publish","type":"post","link":"https:\/\/www.meydan.tv\/az\/article\/sabiq-bas-pediatrin-ozunu-gulleleyerek-oldurduyu-bildirilir\/","title":{"rendered":"Sabiq ba\u015f pediatr\u0131n \u00f6z\u00fcn\u00fc g\u00fcll\u0259l\u0259y\u0259r\u0259k \u00f6ld\u00fcrd\u00fcy\u00fc bildirilir (yenil\u0259nib)"},"content":{"rendered":"\n<p><\/p>\n\n\n\n<p><\/p>\n\n\n\n<p>Respublikan\u0131n sabiq ba\u015f pediatr\u0131 N\u0259sib Quliyevin ya\u015fad\u0131\u011f\u0131 evd\u0259 odlu silahdan at\u0259\u015f a\u00e7araq intihar etm\u0259si fakt\u0131 il\u0259 ba\u011fl\u0131 rayon prokurorlu\u011funda Cinay\u0259t M\u0259c\u0259ll\u0259sinin 125-ci (\u00f6z\u00fcn\u00fc \u00f6ld\u00fcrm\u0259 h\u0259ddin\u0259 \u00e7atd\u0131rma) madd\u0259si il\u0259 cinay\u0259t i\u015fi ba\u015flan\u0131b.<\/p>\n\n\n\n<p>Bu bar\u0259d\u0259 m\u0259lumat &#8220;Az\u0259rtac&#8221;a Ba\u015f Prokurorlu\u011fun m\u0259tbuat xidm\u0259tind\u0259n verilib. <\/p>\n\n\n\n<p>Qeyd edilib ki, hadis\u0259nin ba\u015f verm\u0259 \u015f\u0259raiti, s\u0259b\u0259bi \u0259trafl\u0131 v\u0259 obyektiv yoxlan\u0131lmaqla n\u0259tic\u0259si \u00fczr\u0259 m\u00fcvafiq q\u0259rar\u0131n q\u0259bul edilm\u0259si t\u0259min <a href=\"https:\/\/azertag.az\/xeber\/respublikanin_sabiq_bas_pediatrinin_intihari_ile_bagli_cinayet_isi_baslanilib_yenilenib-2975672\">olunacaq.<\/a><\/p>\n\n\n\n<p><\/p>\n\n\n\n<p><\/p>\n\n\n\n<p><\/p>\n\n\n\n<p><\/p>\n\n\n\n<hr class=\"wp-block-separator has-alpha-channel-opacity\"\/>\n\n\n\n<p><\/p>\n\n\n\n<p><strong><em>Ba\u015f Prokurorluq hadis\u0259ni ara\u015fd\u0131rd\u0131\u011f\u0131n\u0131 deyir<\/em><\/strong><\/p>\n\n\n\n<p>Sabiq ba\u015f pediatr, tibb elml\u0259ri doktoru, professor N\u0259sib Quliyevin intihar etdiyi bildirilir.<\/p>\n\n\n\n<p>M\u0259lumat\u0131 Ba\u015f Prokurorluq <a href=\"https:\/\/genprosecutor.gov.az\/az\/post\/7557\">yay\u0131b.<\/a><\/p>\n\n\n\n<p><em>\u201c1951-ci il t\u0259v\u0259ll\u00fcdl\u00fc Quliyev N\u0259sib C\u0259f\u0259r o\u011flunun aprelin 24-d\u0259 Ab\u015feron rayonu \u0259razisind\u0259 yerl\u0259\u015f\u0259n ya\u015fad\u0131\u011f\u0131 evd\u0259 \u00f6z\u00fcn\u00fc odlu silahdan at\u0259\u015f a\u00e7araq intihar etm\u0259si fakt\u0131 il\u0259 ba\u011fl\u0131 rayon prokurorlu\u011funda ara\u015fd\u0131rma apar\u0131l\u0131r. Hadis\u0259nin ba\u015f verm\u0259 \u015f\u0259raiti v\u0259 s\u0259b\u0259bl\u0259ri tam, h\u0259rt\u0259r\u0259fli v\u0259 obyektiv ara\u015fd\u0131r\u0131lmaqla m\u00fcvafiq q\u0259rar\u0131n q\u0259bul edilm\u0259si t\u0259min olunacaq\u201d, &#8211;<\/em> Ba\u015f Prokurorlu\u011fun m\u0259lumat\u0131nda deyilir.<\/p>\n\n\n\n<p>T\u018fB\u0130B-d\u0259n Meydan TV-y\u0259 bildirilib ki, T\u0259cili v\u0259 T\u0259xir\u0259sal\u0131nmaz Tibbi Yard\u0131m M\u0259rk\u0259zin\u0259 aprelin 24-d\u0259 saat 12:23 rad\u0259l\u0259rind\u0259 Ab\u015feron rayonu, Goradil \u0259razisind\u0259n N\u0259sib C\u0259f\u0259r o\u011flu Quliyevin intihar etm\u0259si s\u0259b\u0259bil\u0259 \u00e7a\u011f\u0131r\u0131\u015f daxil olub.<\/p>\n\n\n\n<p>Hadis\u0259 yerin\u0259 t\u0259cili tibbi yard\u0131m briqadas\u0131 c\u0259lb olunub.<\/p>\n\n\n\n<p>\u00dcnvanda \u015f\u0259xsin h\u0259kim\u0259q\u0259d\u0259r \u00f6l\u00fcm\u00fc qeyd\u0259 al\u0131n\u0131b.<\/p>\n\n\n\n<p>N\u0259sib Quliyev 1951-ci ild\u0259 G\u00f6y\u00e7\u0259 mahal\u0131 Basarke\u00e7\u0259r rayonu A\u015fa\u011f\u0131 \u015eorca k\u0259ndind\u0259 do\u011fulub.<\/p>\n\n\n\n<p>1965-ci ild\u0259 k\u0259nd 8 illik m\u0259kt\u0259bini, 1967-ci ild\u0259 is\u0259 q\u0131z\u0131l medalla Da\u015fk\u0259nd k\u0259nd orta m\u0259kt\u0259bini, 1973-c\u00fc ild\u0259 Az\u0259rbaycan D\u00f6vl\u0259t Tibb \u0130nstitutunun Pediatriya fak\u00fclt\u0259sini f\u0259rql\u0259nm\u0259 diplomu il\u0259 bitirib.<\/p>\n\n\n\n<p>O, K\u00fcbra F\u0259racova ad\u0131na Elmi-T\u0259dqiqat Pediatriya \u0130nstitutunun direktoru, 2007-ci ild\u0259n T\u00fcrk D\u00fcnyas\u0131 Pediatriya Birliyinin prezidenti v\u0259zif\u0259l\u0259rind\u0259 \u00e7al\u0131\u015f\u0131b.<\/p>\n\n\n\n<p>S\u0259hiyy\u0259 Nazirliyinin pediatriya \u00fczr\u0259 ba\u015f m\u00fct\u0259x\u0259ssisi olub.<\/p>\n\n\n\n<p>2000-ci ild\u0259n \u018fm\u0259kdar elm xadimidir.<\/p>\n\n\n\n<p>N\u0259sib Quliyev 500-d\u0259n art\u0131q elmi \u0259s\u0259rin m\u00fc\u0259llifidir.<\/p>\n","protected":false},"excerpt":{"rendered":"<p>Respublikan\u0131n sabiq ba\u015f pediatr\u0131 N\u0259sib Quliyevin ya\u015fad\u0131\u011f\u0131 evd\u0259 odlu silahdan &#8230; <\/p>\n<p class=\"read-more-container\"><a title=\"Sabiq ba\u015f pediatr\u0131n \u00f6z\u00fcn\u00fc g\u00fcll\u0259l\u0259y\u0259r\u0259k \u00f6ld\u00fcrd\u00fcy\u00fc bildirilir (yenil\u0259nib)\" class=\"read-more button\" href=\"https:\/\/www.meydan.tv\/az\/article\/sabiq-bas-pediatrin-ozunu-gulleleyerek-oldurduyu-bildirilir\/#more-304203\" aria-label=\"Read more about Sabiq ba\u015f pediatr\u0131n \u00f6z\u00fcn\u00fc g\u00fcll\u0259l\u0259y\u0259r\u0259k \u00f6ld\u00fcrd\u00fcy\u00fc bildirilir (yenil\u0259nib)\">Davam\u0131<\/a><\/p>\n","protected":false},"author":8,"featured_media":86699,"comment_status":"closed","ping_status":"closed","sticky":false,"template":"","format":"standard","meta":{"_acf_changed":false,"_sitemap_exclude":false,"_sitemap_priority":"","_sitemap_frequency":"","footnotes":""},"categories":[62,56],"tags":[],"class_list":["post-304203","post","type-post","status-publish","format-standard","has-post-thumbnail","hentry","category-sosial","category-xeberler","infinite-scroll-item","generate-columns","tablet-grid-50","mobile-grid-100","grid-parent","grid-33","no-featured-image-padding"],"acf":[],"yoast_head":"<!-- This site is optimized with the Yoast SEO plugin v27.5 - https:\/\/yoast.com\/product\/yoast-seo-wordpress\/ -->\n<title>Sabiq ba\u015f pediatr\u0131n \u00f6z\u00fcn\u00fc g\u00fcll\u0259l\u0259y\u0259r\u0259k \u00f6ld\u00fcrd\u00fcy\u00fc bildirilir (yenil\u0259nib) - MEYDAN.TV<\/title>\n<meta name=\"robots\" content=\"index, follow, max-snippet:-1, max-image-preview:large, max-video-preview:-1\" \/>\n<link rel=\"canonical\" href=\"https:\/\/www.meydan.tv\/az\/article\/sabiq-bas-pediatrin-ozunu-gulleleyerek-oldurduyu-bildirilir\/\" \/>\n<meta property=\"og:locale\" content=\"az_AZ\" \/>\n<meta property=\"og:type\" content=\"article\" \/>\n<meta property=\"og:title\" content=\"Sabiq ba\u015f pediatr\u0131n \u00f6z\u00fcn\u00fc g\u00fcll\u0259l\u0259y\u0259r\u0259k \u00f6ld\u00fcrd\u00fcy\u00fc bildirilir (yenil\u0259nib) - MEYDAN.TV\" \/>\n<meta property=\"og:description\" content=\"Respublikan\u0131n sabiq ba\u015f pediatr\u0131 N\u0259sib Quliyevin ya\u015fad\u0131\u011f\u0131 evd\u0259 odlu silahdan ... Davam\u0131\" \/>\n<meta property=\"og:url\" content=\"https:\/\/www.meydan.tv\/az\/article\/sabiq-bas-pediatrin-ozunu-gulleleyerek-oldurduyu-bildirilir\/\" \/>\n<meta property=\"og:site_name\" content=\"MEYDAN.TV\" \/>\n<meta property=\"article:published_time\" content=\"2024-04-24T12:44:12+00:00\" \/>\n<meta property=\"article:modified_time\" content=\"2024-04-24T14:22:59+00:00\" \/>\n<meta property=\"og:image\" content=\"https:\/\/www.meydan.tv\/wp-content\/uploads\/34170-e1713962336207.jpg\" \/>\n\t<meta property=\"og:image:width\" content=\"1000\" \/>\n\t<meta property=\"og:image:height\" content=\"438\" \/>\n\t<meta property=\"og:image:type\" content=\"image\/jpeg\" \/>\n<meta name=\"author\" content=\"elli\" \/>\n<meta name=\"twitter:card\" content=\"summary_large_image\" \/>\n<meta name=\"twitter:creator\" content=\"@elli\" \/>\n<script type=\"application\/ld+json\" class=\"yoast-schema-graph\">{\"@context\":\"https:\\\/\\\/schema.org\",\"@graph\":[{\"@type\":\"Article\",\"@id\":\"https:\\\/\\\/www.meydan.tv\\\/az\\\/article\\\/sabiq-bas-pediatrin-ozunu-gulleleyerek-oldurduyu-bildirilir\\\/#article\",\"isPartOf\":{\"@id\":\"https:\\\/\\\/www.meydan.tv\\\/az\\\/article\\\/sabiq-bas-pediatrin-ozunu-gulleleyerek-oldurduyu-bildirilir\\\/\"},\"author\":{\"name\":\"elli\",\"@id\":\"https:\\\/\\\/www.meydan.tv\\\/az\\\/#\\\/schema\\\/person\\\/9cdbecf90d17180ce1dfbd95b08dcf47\"},\"headline\":\"Sabiq ba\u015f pediatr\u0131n \u00f6z\u00fcn\u00fc g\u00fcll\u0259l\u0259y\u0259r\u0259k \u00f6ld\u00fcrd\u00fcy\u00fc bildirilir (yenil\u0259nib)\",\"datePublished\":\"2024-04-24T12:44:12+00:00\",\"dateModified\":\"2024-04-24T14:22:59+00:00\",\"mainEntityOfPage\":{\"@id\":\"https:\\\/\\\/www.meydan.tv\\\/az\\\/article\\\/sabiq-bas-pediatrin-ozunu-gulleleyerek-oldurduyu-bildirilir\\\/\"},\"wordCount\":430,\"publisher\":{\"@id\":\"https:\\\/\\\/www.meydan.tv\\\/az\\\/#organization\"},\"image\":{\"@id\":\"https:\\\/\\\/www.meydan.tv\\\/az\\\/article\\\/sabiq-bas-pediatrin-ozunu-gulleleyerek-oldurduyu-bildirilir\\\/#primaryimage\"},\"thumbnailUrl\":\"https:\\\/\\\/www.meydan.tv\\\/wp-content\\\/uploads\\\/34170-e1713962336207.jpg\",\"articleSection\":[\"Sosial\",\"X\u0259b\u0259rl\u0259r\"],\"inLanguage\":\"az\"},{\"@type\":\"WebPage\",\"@id\":\"https:\\\/\\\/www.meydan.tv\\\/az\\\/article\\\/sabiq-bas-pediatrin-ozunu-gulleleyerek-oldurduyu-bildirilir\\\/\",\"url\":\"https:\\\/\\\/www.meydan.tv\\\/az\\\/article\\\/sabiq-bas-pediatrin-ozunu-gulleleyerek-oldurduyu-bildirilir\\\/\",\"name\":\"Sabiq ba\u015f pediatr\u0131n \u00f6z\u00fcn\u00fc g\u00fcll\u0259l\u0259y\u0259r\u0259k \u00f6ld\u00fcrd\u00fcy\u00fc bildirilir (yenil\u0259nib) - MEYDAN.TV\",\"isPartOf\":{\"@id\":\"https:\\\/\\\/www.meydan.tv\\\/az\\\/#website\"},\"primaryImageOfPage\":{\"@id\":\"https:\\\/\\\/www.meydan.tv\\\/az\\\/article\\\/sabiq-bas-pediatrin-ozunu-gulleleyerek-oldurduyu-bildirilir\\\/#primaryimage\"},\"image\":{\"@id\":\"https:\\\/\\\/www.meydan.tv\\\/az\\\/article\\\/sabiq-bas-pediatrin-ozunu-gulleleyerek-oldurduyu-bildirilir\\\/#primaryimage\"},\"thumbnailUrl\":\"https:\\\/\\\/www.meydan.tv\\\/wp-content\\\/uploads\\\/34170-e1713962336207.jpg\",\"datePublished\":\"2024-04-24T12:44:12+00:00\",\"dateModified\":\"2024-04-24T14:22:59+00:00\",\"breadcrumb\":{\"@id\":\"https:\\\/\\\/www.meydan.tv\\\/az\\\/article\\\/sabiq-bas-pediatrin-ozunu-gulleleyerek-oldurduyu-bildirilir\\\/#breadcrumb\"},\"inLanguage\":\"az\",\"potentialAction\":[{\"@type\":\"ReadAction\",\"target\":[\"https:\\\/\\\/www.meydan.tv\\\/az\\\/article\\\/sabiq-bas-pediatrin-ozunu-gulleleyerek-oldurduyu-bildirilir\\\/\"]}]},{\"@type\":\"ImageObject\",\"inLanguage\":\"az\",\"@id\":\"https:\\\/\\\/www.meydan.tv\\\/az\\\/article\\\/sabiq-bas-pediatrin-ozunu-gulleleyerek-oldurduyu-bildirilir\\\/#primaryimage\",\"url\":\"https:\\\/\\\/www.meydan.tv\\\/wp-content\\\/uploads\\\/34170-e1713962336207.jpg\",\"contentUrl\":\"https:\\\/\\\/www.meydan.tv\\\/wp-content\\\/uploads\\\/34170-e1713962336207.jpg\",\"width\":1000,\"height\":438,\"caption\":\"Foto: arxiv\"},{\"@type\":\"BreadcrumbList\",\"@id\":\"https:\\\/\\\/www.meydan.tv\\\/az\\\/article\\\/sabiq-bas-pediatrin-ozunu-gulleleyerek-oldurduyu-bildirilir\\\/#breadcrumb\",\"itemListElement\":[{\"@type\":\"ListItem\",\"position\":1,\"name\":\"Ana s\u0259hif\u0259\",\"item\":\"https:\\\/\\\/www.meydan.tv\\\/az\\\/\"},{\"@type\":\"ListItem\",\"position\":2,\"name\":\"Sosial\",\"item\":\"https:\\\/\\\/www.meydan.tv\\\/az\\\/section\\\/sosial\\\/\"},{\"@type\":\"ListItem\",\"position\":3,\"name\":\"Sabiq ba\u015f pediatr\u0131n \u00f6z\u00fcn\u00fc g\u00fcll\u0259l\u0259y\u0259r\u0259k \u00f6ld\u00fcrd\u00fcy\u00fc bildirilir (yenil\u0259nib)\"}]},{\"@type\":\"WebSite\",\"@id\":\"https:\\\/\\\/www.meydan.tv\\\/az\\\/#website\",\"url\":\"https:\\\/\\\/www.meydan.tv\\\/az\\\/\",\"name\":\"MEYDAN.TV\",\"description\":\"Meydan TV Az\u0259rbaycan\u0131n media m\u0259kan\u0131ndak\u0131 alternativ s\u0259sidir\",\"publisher\":{\"@id\":\"https:\\\/\\\/www.meydan.tv\\\/az\\\/#organization\"},\"potentialAction\":[{\"@type\":\"SearchAction\",\"target\":{\"@type\":\"EntryPoint\",\"urlTemplate\":\"https:\\\/\\\/www.meydan.tv\\\/az\\\/?s={search_term_string}\"},\"query-input\":{\"@type\":\"PropertyValueSpecification\",\"valueRequired\":true,\"valueName\":\"search_term_string\"}}],\"inLanguage\":\"az\"},{\"@type\":\"Organization\",\"@id\":\"https:\\\/\\\/www.meydan.tv\\\/az\\\/#organization\",\"name\":\"Meydan TV\",\"url\":\"https:\\\/\\\/www.meydan.tv\\\/az\\\/\",\"logo\":{\"@type\":\"ImageObject\",\"inLanguage\":\"az\",\"@id\":\"https:\\\/\\\/www.meydan.tv\\\/az\\\/#\\\/schema\\\/logo\\\/image\\\/\",\"url\":\"https:\\\/\\\/www.meydan.tv\\\/wp-content\\\/uploads\\\/2021\\\/07\\\/meydan-logo.svg\",\"contentUrl\":\"https:\\\/\\\/www.meydan.tv\\\/wp-content\\\/uploads\\\/2021\\\/07\\\/meydan-logo.svg\",\"width\":195,\"height\":46,\"caption\":\"Meydan TV\"},\"image\":{\"@id\":\"https:\\\/\\\/www.meydan.tv\\\/az\\\/#\\\/schema\\\/logo\\\/image\\\/\"}},{\"@type\":\"Person\",\"@id\":\"https:\\\/\\\/www.meydan.tv\\\/az\\\/#\\\/schema\\\/person\\\/9cdbecf90d17180ce1dfbd95b08dcf47\",\"name\":\"elli\",\"sameAs\":[\"https:\\\/\\\/x.com\\\/elli\"]}]}<\/script>\n<!-- \/ Yoast SEO plugin. -->","yoast_head_json":{"title":"Sabiq ba\u015f pediatr\u0131n \u00f6z\u00fcn\u00fc g\u00fcll\u0259l\u0259y\u0259r\u0259k \u00f6ld\u00fcrd\u00fcy\u00fc bildirilir (yenil\u0259nib) - MEYDAN.TV","robots":{"index":"index","follow":"follow","max-snippet":"max-snippet:-1","max-image-preview":"max-image-preview:large","max-video-preview":"max-video-preview:-1"},"canonical":"https:\/\/www.meydan.tv\/az\/article\/sabiq-bas-pediatrin-ozunu-gulleleyerek-oldurduyu-bildirilir\/","og_locale":"az_AZ","og_type":"article","og_title":"Sabiq ba\u015f pediatr\u0131n \u00f6z\u00fcn\u00fc g\u00fcll\u0259l\u0259y\u0259r\u0259k \u00f6ld\u00fcrd\u00fcy\u00fc bildirilir (yenil\u0259nib) - MEYDAN.TV","og_description":"Respublikan\u0131n sabiq ba\u015f pediatr\u0131 N\u0259sib Quliyevin ya\u015fad\u0131\u011f\u0131 evd\u0259 odlu silahdan ... Davam\u0131","og_url":"https:\/\/www.meydan.tv\/az\/article\/sabiq-bas-pediatrin-ozunu-gulleleyerek-oldurduyu-bildirilir\/","og_site_name":"MEYDAN.TV","article_published_time":"2024-04-24T12:44:12+00:00","article_modified_time":"2024-04-24T14:22:59+00:00","og_image":[{"width":1000,"height":438,"url":"https:\/\/www.meydan.tv\/wp-content\/uploads\/34170-e1713962336207.jpg","type":"image\/jpeg"}],"author":"elli","twitter_card":"summary_large_image","twitter_creator":"@elli","schema":{"@context":"https:\/\/schema.org","@graph":[{"@type":"Article","@id":"https:\/\/www.meydan.tv\/az\/article\/sabiq-bas-pediatrin-ozunu-gulleleyerek-oldurduyu-bildirilir\/#article","isPartOf":{"@id":"https:\/\/www.meydan.tv\/az\/article\/sabiq-bas-pediatrin-ozunu-gulleleyerek-oldurduyu-bildirilir\/"},"author":{"name":"elli","@id":"https:\/\/www.meydan.tv\/az\/#\/schema\/person\/9cdbecf90d17180ce1dfbd95b08dcf47"},"headline":"Sabiq ba\u015f pediatr\u0131n \u00f6z\u00fcn\u00fc g\u00fcll\u0259l\u0259y\u0259r\u0259k \u00f6ld\u00fcrd\u00fcy\u00fc bildirilir (yenil\u0259nib)","datePublished":"2024-04-24T12:44:12+00:00","dateModified":"2024-04-24T14:22:59+00:00","mainEntityOfPage":{"@id":"https:\/\/www.meydan.tv\/az\/article\/sabiq-bas-pediatrin-ozunu-gulleleyerek-oldurduyu-bildirilir\/"},"wordCount":430,"publisher":{"@id":"https:\/\/www.meydan.tv\/az\/#organization"},"image":{"@id":"https:\/\/www.meydan.tv\/az\/article\/sabiq-bas-pediatrin-ozunu-gulleleyerek-oldurduyu-bildirilir\/#primaryimage"},"thumbnailUrl":"https:\/\/www.meydan.tv\/wp-content\/uploads\/34170-e1713962336207.jpg","articleSection":["Sosial","X\u0259b\u0259rl\u0259r"],"inLanguage":"az"},{"@type":"WebPage","@id":"https:\/\/www.meydan.tv\/az\/article\/sabiq-bas-pediatrin-ozunu-gulleleyerek-oldurduyu-bildirilir\/","url":"https:\/\/www.meydan.tv\/az\/article\/sabiq-bas-pediatrin-ozunu-gulleleyerek-oldurduyu-bildirilir\/","name":"Sabiq ba\u015f pediatr\u0131n \u00f6z\u00fcn\u00fc g\u00fcll\u0259l\u0259y\u0259r\u0259k \u00f6ld\u00fcrd\u00fcy\u00fc bildirilir (yenil\u0259nib) - MEYDAN.TV","isPartOf":{"@id":"https:\/\/www.meydan.tv\/az\/#website"},"primaryImageOfPage":{"@id":"https:\/\/www.meydan.tv\/az\/article\/sabiq-bas-pediatrin-ozunu-gulleleyerek-oldurduyu-bildirilir\/#primaryimage"},"image":{"@id":"https:\/\/www.meydan.tv\/az\/article\/sabiq-bas-pediatrin-ozunu-gulleleyerek-oldurduyu-bildirilir\/#primaryimage"},"thumbnailUrl":"https:\/\/www.meydan.tv\/wp-content\/uploads\/34170-e1713962336207.jpg","datePublished":"2024-04-24T12:44:12+00:00","dateModified":"2024-04-24T14:22:59+00:00","breadcrumb":{"@id":"https:\/\/www.meydan.tv\/az\/article\/sabiq-bas-pediatrin-ozunu-gulleleyerek-oldurduyu-bildirilir\/#breadcrumb"},"inLanguage":"az","potentialAction":[{"@type":"ReadAction","target":["https:\/\/www.meydan.tv\/az\/article\/sabiq-bas-pediatrin-ozunu-gulleleyerek-oldurduyu-bildirilir\/"]}]},{"@type":"ImageObject","inLanguage":"az","@id":"https:\/\/www.meydan.tv\/az\/article\/sabiq-bas-pediatrin-ozunu-gulleleyerek-oldurduyu-bildirilir\/#primaryimage","url":"https:\/\/www.meydan.tv\/wp-content\/uploads\/34170-e1713962336207.jpg","contentUrl":"https:\/\/www.meydan.tv\/wp-content\/uploads\/34170-e1713962336207.jpg","width":1000,"height":438,"caption":"Foto: arxiv"},{"@type":"BreadcrumbList","@id":"https:\/\/www.meydan.tv\/az\/article\/sabiq-bas-pediatrin-ozunu-gulleleyerek-oldurduyu-bildirilir\/#breadcrumb","itemListElement":[{"@type":"ListItem","position":1,"name":"Ana s\u0259hif\u0259","item":"https:\/\/www.meydan.tv\/az\/"},{"@type":"ListItem","position":2,"name":"Sosial","item":"https:\/\/www.meydan.tv\/az\/section\/sosial\/"},{"@type":"ListItem","position":3,"name":"Sabiq ba\u015f pediatr\u0131n \u00f6z\u00fcn\u00fc g\u00fcll\u0259l\u0259y\u0259r\u0259k \u00f6ld\u00fcrd\u00fcy\u00fc bildirilir (yenil\u0259nib)"}]},{"@type":"WebSite","@id":"https:\/\/www.meydan.tv\/az\/#website","url":"https:\/\/www.meydan.tv\/az\/","name":"MEYDAN.TV","description":"Meydan TV Az\u0259rbaycan\u0131n media m\u0259kan\u0131ndak\u0131 alternativ s\u0259sidir","publisher":{"@id":"https:\/\/www.meydan.tv\/az\/#organization"},"potentialAction":[{"@type":"SearchAction","target":{"@type":"EntryPoint","urlTemplate":"https:\/\/www.meydan.tv\/az\/?s={search_term_string}"},"query-input":{"@type":"PropertyValueSpecification","valueRequired":true,"valueName":"search_term_string"}}],"inLanguage":"az"},{"@type":"Organization","@id":"https:\/\/www.meydan.tv\/az\/#organization","name":"Meydan TV","url":"https:\/\/www.meydan.tv\/az\/","logo":{"@type":"ImageObject","inLanguage":"az","@id":"https:\/\/www.meydan.tv\/az\/#\/schema\/logo\/image\/","url":"https:\/\/www.meydan.tv\/wp-content\/uploads\/2021\/07\/meydan-logo.svg","contentUrl":"https:\/\/www.meydan.tv\/wp-content\/uploads\/2021\/07\/meydan-logo.svg","width":195,"height":46,"caption":"Meydan TV"},"image":{"@id":"https:\/\/www.meydan.tv\/az\/#\/schema\/logo\/image\/"}},{"@type":"Person","@id":"https:\/\/www.meydan.tv\/az\/#\/schema\/person\/9cdbecf90d17180ce1dfbd95b08dcf47","name":"elli","sameAs":["https:\/\/x.com\/elli"]}]}},"_links":{"self":[{"href":"https:\/\/www.meydan.tv\/az\/wp-json\/wp\/v2\/posts\/304203","targetHints":{"allow":["GET"]}}],"collection":[{"href":"https:\/\/www.meydan.tv\/az\/wp-json\/wp\/v2\/posts"}],"about":[{"href":"https:\/\/www.meydan.tv\/az\/wp-json\/wp\/v2\/types\/post"}],"author":[{"embeddable":true,"href":"https:\/\/www.meydan.tv\/az\/wp-json\/wp\/v2\/users\/8"}],"replies":[{"embeddable":true,"href":"https:\/\/www.meydan.tv\/az\/wp-json\/wp\/v2\/comments?post=304203"}],"version-history":[{"count":5,"href":"https:\/\/www.meydan.tv\/az\/wp-json\/wp\/v2\/posts\/304203\/revisions"}],"predecessor-version":[{"id":304220,"href":"https:\/\/www.meydan.tv\/az\/wp-json\/wp\/v2\/posts\/304203\/revisions\/304220"}],"wp:featuredmedia":[{"embeddable":true,"href":"https:\/\/www.meydan.tv\/az\/wp-json\/wp\/v2\/media\/86699"}],"wp:attachment":[{"href":"https:\/\/www.meydan.tv\/az\/wp-json\/wp\/v2\/media?parent=304203"}],"wp:term":[{"taxonomy":"category","embeddable":true,"href":"https:\/\/www.meydan.tv\/az\/wp-json\/wp\/v2\/categories?post=304203"},{"taxonomy":"post_tag","embeddable":true,"href":"https:\/\/www.meydan.tv\/az\/wp-json\/wp\/v2\/tags?post=304203"}],"curies":[{"name":"wp","href":"https:\/\/api.w.org\/{rel}","templated":true}]}}