{"id":304198,"date":"2024-04-24T16:30:38","date_gmt":"2024-04-24T12:30:38","guid":{"rendered":"https:\/\/www.meydan.tv\/?p=304198"},"modified":"2024-04-24T16:30:41","modified_gmt":"2024-04-24T12:30:41","slug":"imran-eliyev-isgence-haqda-danisdigina-gore-yeniden-doyulduyunu-deyir","status":"publish","type":"post","link":"https:\/\/www.meydan.tv\/az\/article\/imran-eliyev-isgence-haqda-danisdigina-gore-yeniden-doyulduyunu-deyir\/","title":{"rendered":"\u0130mran \u018fliyev i\u015fg\u0259nc\u0259 haqda dan\u0131\u015fd\u0131\u011f\u0131na g\u00f6r\u0259 yenid\u0259n d\u00f6y\u00fcld\u00fcy\u00fcn\u00fc deyir"},"content":{"rendered":"\n<p><\/p>\n\n\n\n<p><strong><em>\u0130ctimai f\u0259al\u0131n apelyasiya \u015fikay\u0259ti t\u0259min edilm\u0259di<\/em><\/strong><\/p>\n\n\n\n<p>&#8220;Meclis.info\u201d sayt\u0131n\u0131n r\u0259hb\u0259ri \u0130mran \u018fliyev aprelin 19-da onun haqq\u0131nda&nbsp; h\u0259bs q\u0259rar\u0131 \u00e7\u0131xar\u0131lan m\u0259hk\u0259m\u0259d\u0259 demi\u015fdi ki, saxlan\u0131landan sonra i\u015fg\u0259nc\u0259l\u0259r\u0259 m\u0259ruz qal\u0131b, b\u0259d\u0259nin\u0259 elektrik c\u0259r\u0259yan\u0131 verilib. Bu i\u015fg\u0259nc\u0259l\u0259r vasit\u0259sil\u0259 onu s\u0259n\u0259dl\u0259r imzalama\u011fa m\u0259cbur edibl\u0259r.<\/p>\n\n\n\n<p>Bu g\u00fcn &#8211; aprelin 24-d\u0259 Bak\u0131 Apelyasiya M\u0259hk\u0259m\u0259sind\u0259 \u0130mran \u018fliyev deyib ki, \u00f6t\u0259n d\u0259f\u0259 m\u0259ruz qald\u0131\u011f\u0131 i\u015fg\u0259nc\u0259l\u0259r bar\u0259d\u0259 dan\u0131\u015fd\u0131\u011f\u0131na g\u00f6r\u0259 m\u0259hk\u0259m\u0259d\u0259n qaytar\u0131landan sonra X\u0259tai Rayon Polis \u0130dar\u0259sind\u0259 yenid\u0259n d\u00f6y\u00fcl\u00fcb. Onun \u00fcz\u0259rind\u0259 h\u0259l\u0259 d\u0259 x\u0259sar\u0259t izl\u0259rinin qald\u0131\u011f\u0131 bildirilir.<\/p>\n\n\n\n<p>Bak\u0131 Apelyasiya M\u0259hk\u0259m\u0259sind\u0259 \u0130mran \u018fliyev haqq\u0131nda h\u0259bs q\u0259rar\u0131ndan verilmi\u015f \u015fikay\u0259t\u0259 bax\u0131l\u0131b. Bir h\u0259ft\u0259 \u00f6nc\u0259 saxlan\u0131lan ictimai f\u0259al haqq\u0131nda X\u0259tai Rayon M\u0259hk\u0259m\u0259sinin q\u0259rar\u0131yla 2 ayl\u0131q h\u0259bs q\u0259timkan t\u0259dbiri se\u00e7ilib. Apelyasiya \u015fikay\u0259ti d\u0259 h\u0259min q\u0259rardan verilib.<\/p>\n\n\n\n<p>Bak\u0131 Apelyasiya M\u0259hk\u0259m\u0259sind\u0259 \u0130mran \u018fliyev ona qar\u015f\u0131 ir\u0259li s\u00fcr\u00fclm\u00fc\u015f qa\u00e7aqmal\u00e7\u0131l\u0131q ittiham\u0131n\u0131n saxta oldu\u011funu bildirib. Deyib ki, he\u00e7 bir cinay\u0259t t\u00f6r\u0259tm\u0259yib, ona qar\u015f\u0131 ir\u0259li s\u00fcr\u00fclm\u00fc\u015f ittiham da \u0259sass\u0131zd\u0131r.<\/p>\n\n\n\n<p>Lakin m\u0259hk\u0259m\u0259 apelyasiya \u015fikay\u0259tini t\u0259min etm\u0259yib, \u0130mran \u018fliyev haqq\u0131nda h\u0259bs q\u0259rar\u0131 q\u00fcvv\u0259d\u0259 saxlan\u0131b.<\/p>\n\n\n\n<p>\u0130mran\u00a0 \u018fliyev \u201cAbzasMedia\u201d n\u0259\u015fri il\u0259 ba\u011fl\u0131 cinay\u0259t i\u015fi \u00fczr\u0259 m\u0259suliyy\u0259t\u0259 c\u0259lb edilib. Bu i\u015f \u00fczr\u0259 h\u0259bsd\u0259 olan dig\u0259r jurnalistl\u0259r kimi, ona qar\u015f\u0131 da Cinay\u0259t M\u0259c\u0259ll\u0259sinin 206.3.2 (qabaqcadan \u0259lbir olan bir qrup \u015f\u0259xs t\u0259r\u0259find\u0259n qa\u00e7aqmal\u00e7\u0131l\u0131q) madd\u0259sil\u0259 ittiham ir\u0259li s\u00fcr\u00fcl\u00fcb. O, Az\u0259rbaycanda qeydiyyatdan ke\u00e7irilm\u0259y\u0259n qrant m\u00fcqavil\u0259l\u0259ril\u0259 v\u0259saitl\u0259rin al\u0131nmas\u0131 v\u0259 \u00f6lk\u0259y\u0259 qa\u00e7aqmal yoluyla g\u0259tirilm\u0259sind\u0259 ittiham olunur.<\/p>\n\n\n\n<p>Lakin \u0130mran \u018fliyev \u00f6z\u00fcn\u00fc t\u0259qsirli bilmir.<\/p>\n\n\n\n<p>\u0130mran \u018fliyev aprelin 18-d\u0259 ax\u015fam saatlar\u0131nda T\u00fcrkiy\u0259y\u0259 ged\u0259rk\u0259n saxlan\u0131laraq, Bak\u0131 \u015e\u0259h\u0259r Ba\u015f Polis \u0130dar\u0259sin\u0259 g\u0259tirilib. Gec\u0259 saatlar\u0131nda onun ya\u015fad\u0131\u011f\u0131 evd\u0259 axtar\u0131\u015f apar\u0131l\u0131b.<\/p>\n\n\n\n<p>B\u00fct\u00fcn bunlar ba\u015f verm\u0259mi\u015fd\u0259n \u00f6nc\u0259 &#8211; aprelin 18-d\u0259 g\u00fcnorta saatlar\u0131nda h\u00f6kum\u0259ty\u00f6nl\u00fc mediada, o c\u00fcml\u0259d\u0259n &#8220;Qafqazinfo&#8221; sayt\u0131nda m\u00fcst\u0259qil media v\u0259 jurnalistl\u0259rin \u0259leyhin\u0259 material yay\u0131mlan\u0131b. H\u0259min m\u0259qal\u0259d\u0259 &#8220;Meclis.info&#8221; sayt\u0131 v\u0259 \u0130mran \u018fliyevin \u00fcnvan\u0131na da ittihamlar yer al\u0131b.<\/p>\n\n\n\n<p>\u0130mran \u018fliyev is\u0259 orada yaz\u0131lanlar\u0131n absurd v\u0259 uydurma oldu\u011funu bildirib.<\/p>\n\n\n<div class=\"wp-block-image\">\n<figure class=\"alignleft size-full is-resized\"><img decoding=\"async\" width=\"1200\" height=\"800\" data-src=\"https:\/\/www.meydan.tv\/wp-content\/uploads\/din-1.jpg\" alt=\"\" class=\"wp-image-294906 lazyload\" style=\"--smush-placeholder-width: 1200px; --smush-placeholder-aspect-ratio: 1200\/800;width:329px;height:auto\" src=\"data:image\/svg+xml;base64,PHN2ZyB3aWR0aD0iMSIgaGVpZ2h0PSIxIiB4bWxucz0iaHR0cDovL3d3dy53My5vcmcvMjAwMC9zdmciPjwvc3ZnPg==\" \/><figcaption class=\"wp-element-caption\">Daxili \u0130\u015fl\u0259r Nazirliyi. Foto: D\u0130N<\/figcaption><\/figure>\n<\/div>\n\n\n<p>Daxili \u0130\u015fl\u0259r Nazirliyinin m\u0259tbuat xidm\u0259ti \u0130mran \u018fliyevin i\u015fg\u0259nc\u0259y\u0259 m\u0259ruz qalmas\u0131 bar\u0259d\u0259 deyil\u0259nl\u0259ri t\u0259kzib edib. Bu qurumdan bildirilib ki, deyil\u0259nl\u0259r \u0259sass\u0131zd\u0131r.<\/p>\n\n\n\n<p>Korrupsiya ara\u015fd\u0131rmalar\u0131yla tan\u0131nan \u201cAbzasMedia\u201d i\u015fi \u00fczr\u0259 h\u0259bsl\u0259r \u00f6t\u0259n il noyabr\u0131n 20-d\u0259n ba\u015flay\u0131b. \u00d6nc\u0259 sayt\u0131n direktoru \u00dclvi H\u0259s\u0259nli, direktor m\u00fcavini M\u0259h\u0259mm\u0259d Kekalov, ba\u015f redaktoru Sevinc Vaqifq\u0131z\u0131 h\u0259bs edilib. Daha sonra h\u0259bsl\u0259r ara\u015fd\u0131rma\u00e7\u0131 jurnalist Hafiz Babal\u0131, N\u0259rgiz Absalamova v\u0259 Elnar\u0259 Qas\u0131mova il\u0259 davam edib. Onlar da Cinay\u0259t M\u0259c\u0259ll\u0259sinin 206.3.2-ci (bir qrup \u015f\u0259xs t\u0259r\u0259find\u0259n qa\u00e7aqmal\u00e7\u0131l\u0131q) madd\u0259sil\u0259 ittiham olunur.<\/p>\n\n\n\n<p>Bu madd\u0259nin sanksiyas\u0131nda 5 ild\u0259n 8 il\u0259 q\u0259d\u0259r azadl\u0131qdan m\u0259hrumetm\u0259 c\u0259zas\u0131 n\u0259z\u0259rd\u0259 tutulub.<\/p>\n\n\n\n<p>Noyabr\u0131n 20-d\u0259 \u00dclvi H\u0259s\u0259nli saxland\u0131qdan sonra \u201cAbzasMedia\u201dn\u0131n ofisind\u0259 axtar\u0131\u015f apar\u0131l\u0131b. Sayt\u0131n ofisind\u0259n 40 min avro pul tap\u0131ld\u0131\u011f\u0131 iddia olunub.<\/p>\n\n\n\n<p>\u00dclvi H\u0259s\u0259nli is\u0259 orada pul olmad\u0131\u011f\u0131n\u0131, 40 min avronun ofis\u0259 onu tapd\u0131\u011f\u0131n\u0131 iddia ed\u0259nl\u0259rin \u00f6zl\u0259ri t\u0259r\u0259find\u0259n qoyuldu\u011funu bildirib.<\/p>\n\n\n\n<p>Adlar\u0131 \u00e7\u0259kil\u0259n jurnalistl\u0259rin he\u00e7 biri \u00f6z\u00fcn\u00fc t\u0259qsirli bilmir, \u201cAbzasMedia\u201dda Prezidentin ail\u0259 \u00fczvl\u0259ri d\u0259 daxil olmaqla, bir s\u0131ra v\u0259zif\u0259li \u015f\u0259xsl\u0259rin biznesi, korrupsiya il\u0259 ba\u011fl\u0131 ara\u015fd\u0131rmalara g\u00f6r\u0259 c\u0259zaland\u0131r\u0131ld\u0131qlar\u0131n\u0131 bildiribl\u0259r.<\/p>\n\n\n\n<p>&#8220;AbzasMedia\u201ddan sonra \u201cKanal 13\u201d internet televiziyas\u0131n\u0131n r\u0259hb\u0259ri \u018fziz Orucov v\u0259 bu qurumun \u0259m\u0259kda\u015f\u0131 \u015eamo Eminov da qa\u00e7aqmal\u00e7\u0131l\u0131q ittiham\u0131yla h\u0259bs olundu. Haz\u0131rda onlar\u0131n i\u015fi \u00fczr\u0259 istintaq S\u0259bail rayon Polis \u0130dar\u0259sind\u0259 davam edir.<\/p>\n\n\n\n<p>Mart\u0131n 6-da is\u0259 \u201cToplum TV\u201d kanal\u0131n\u0131n bir qrup \u0259m\u0259kda\u015f\u0131 eyni ittihamla h\u0259bs edilib. <\/p>\n\n\n\n<p>\u201cToplum\u201dun redaksiyas\u0131ndan v\u0259 ayr\u0131-ayr\u0131 \u0259m\u0259kda\u015flar\u0131n evind\u0259n axtar\u0131\u015f zaman\u0131 m\u00fcxt\u0259lif m\u0259bl\u0259\u011fl\u0259rd\u0259 pul tap\u0131ld\u0131\u011f\u0131 iddia olunur.<\/p>\n\n\n\n<p>Onlar is\u0259 bu ittiham\u0131 r\u0259dd edir, tap\u0131ld\u0131\u011f\u0131 iddia edil\u0259n pullar\u0131n evl\u0259r\u0259 v\u0259 ofis\u0259 axtar\u0131\u015f\u0131 aparan polisl\u0259rin \u00f6zl\u0259ri t\u0259r\u0259find\u0259n qoyuldu\u011funu bildirirl\u0259r.<\/p>\n","protected":false},"excerpt":{"rendered":"<p>\u0130ctimai f\u0259al\u0131n apelyasiya \u015fikay\u0259ti t\u0259min edilm\u0259di &#8220;Meclis.info\u201d sayt\u0131n\u0131n r\u0259hb\u0259ri \u0130mran &#8230; <\/p>\n<p class=\"read-more-container\"><a title=\"\u0130mran \u018fliyev i\u015fg\u0259nc\u0259 haqda dan\u0131\u015fd\u0131\u011f\u0131na g\u00f6r\u0259 yenid\u0259n d\u00f6y\u00fcld\u00fcy\u00fcn\u00fc deyir\" class=\"read-more button\" href=\"https:\/\/www.meydan.tv\/az\/article\/imran-eliyev-isgence-haqda-danisdigina-gore-yeniden-doyulduyunu-deyir\/#more-304198\" aria-label=\"Read more about \u0130mran \u018fliyev i\u015fg\u0259nc\u0259 haqda dan\u0131\u015fd\u0131\u011f\u0131na g\u00f6r\u0259 yenid\u0259n d\u00f6y\u00fcld\u00fcy\u00fcn\u00fc deyir\">Davam\u0131<\/a><\/p>\n","protected":false},"author":8,"featured_media":303666,"comment_status":"closed","ping_status":"closed","sticky":false,"template":"","format":"standard","meta":{"_acf_changed":false,"_sitemap_exclude":false,"_sitemap_priority":"","_sitemap_frequency":"","footnotes":""},"categories":[59,79,56],"tags":[],"class_list":["post-304198","post","type-post","status-publish","format-standard","has-post-thumbnail","hentry","category-siyaset","category-featured","category-xeberler","infinite-scroll-item","generate-columns","tablet-grid-50","mobile-grid-100","grid-parent","grid-33","no-featured-image-padding"],"acf":[],"yoast_head":"<!-- This site is optimized with the Yoast SEO plugin v27.4 - https:\/\/yoast.com\/product\/yoast-seo-wordpress\/ -->\n<title>\u0130mran \u018fliyev i\u015fg\u0259nc\u0259 haqda dan\u0131\u015fd\u0131\u011f\u0131na g\u00f6r\u0259 yenid\u0259n d\u00f6y\u00fcld\u00fcy\u00fcn\u00fc deyir - MEYDAN.TV<\/title>\n<meta name=\"robots\" content=\"index, follow, max-snippet:-1, max-image-preview:large, max-video-preview:-1\" \/>\n<link rel=\"canonical\" href=\"https:\/\/www.meydan.tv\/az\/article\/imran-eliyev-isgence-haqda-danisdigina-gore-yeniden-doyulduyunu-deyir\/\" \/>\n<meta property=\"og:locale\" content=\"az_AZ\" \/>\n<meta property=\"og:type\" content=\"article\" \/>\n<meta property=\"og:title\" content=\"\u0130mran \u018fliyev i\u015fg\u0259nc\u0259 haqda dan\u0131\u015fd\u0131\u011f\u0131na g\u00f6r\u0259 yenid\u0259n d\u00f6y\u00fcld\u00fcy\u00fcn\u00fc deyir - MEYDAN.TV\" \/>\n<meta property=\"og:description\" content=\"\u0130ctimai f\u0259al\u0131n apelyasiya \u015fikay\u0259ti t\u0259min edilm\u0259di &#8220;Meclis.info\u201d sayt\u0131n\u0131n r\u0259hb\u0259ri \u0130mran ... Davam\u0131\" \/>\n<meta property=\"og:url\" content=\"https:\/\/www.meydan.tv\/az\/article\/imran-eliyev-isgence-haqda-danisdigina-gore-yeniden-doyulduyunu-deyir\/\" \/>\n<meta property=\"og:site_name\" content=\"MEYDAN.TV\" \/>\n<meta property=\"article:published_time\" content=\"2024-04-24T12:30:38+00:00\" \/>\n<meta property=\"article:modified_time\" content=\"2024-04-24T12:30:41+00:00\" \/>\n<meta property=\"og:image\" content=\"https:\/\/www.meydan.tv\/wp-content\/uploads\/screenshot-2024-04-18-at-19.36.53-e1713466846789.png\" \/>\n\t<meta property=\"og:image:width\" content=\"1184\" \/>\n\t<meta property=\"og:image:height\" content=\"428\" \/>\n\t<meta property=\"og:image:type\" content=\"image\/png\" \/>\n<meta name=\"author\" content=\"elli\" \/>\n<meta name=\"twitter:card\" content=\"summary_large_image\" \/>\n<meta name=\"twitter:creator\" content=\"@elli\" \/>\n<script type=\"application\/ld+json\" class=\"yoast-schema-graph\">{\"@context\":\"https:\\\/\\\/schema.org\",\"@graph\":[{\"@type\":\"Article\",\"@id\":\"https:\\\/\\\/www.meydan.tv\\\/az\\\/article\\\/imran-eliyev-isgence-haqda-danisdigina-gore-yeniden-doyulduyunu-deyir\\\/#article\",\"isPartOf\":{\"@id\":\"https:\\\/\\\/www.meydan.tv\\\/az\\\/article\\\/imran-eliyev-isgence-haqda-danisdigina-gore-yeniden-doyulduyunu-deyir\\\/\"},\"author\":{\"name\":\"elli\",\"@id\":\"https:\\\/\\\/www.meydan.tv\\\/az\\\/#\\\/schema\\\/person\\\/9cdbecf90d17180ce1dfbd95b08dcf47\"},\"headline\":\"\u0130mran \u018fliyev i\u015fg\u0259nc\u0259 haqda dan\u0131\u015fd\u0131\u011f\u0131na g\u00f6r\u0259 yenid\u0259n d\u00f6y\u00fcld\u00fcy\u00fcn\u00fc deyir\",\"datePublished\":\"2024-04-24T12:30:38+00:00\",\"dateModified\":\"2024-04-24T12:30:41+00:00\",\"mainEntityOfPage\":{\"@id\":\"https:\\\/\\\/www.meydan.tv\\\/az\\\/article\\\/imran-eliyev-isgence-haqda-danisdigina-gore-yeniden-doyulduyunu-deyir\\\/\"},\"wordCount\":890,\"publisher\":{\"@id\":\"https:\\\/\\\/www.meydan.tv\\\/az\\\/#organization\"},\"image\":{\"@id\":\"https:\\\/\\\/www.meydan.tv\\\/az\\\/article\\\/imran-eliyev-isgence-haqda-danisdigina-gore-yeniden-doyulduyunu-deyir\\\/#primaryimage\"},\"thumbnailUrl\":\"https:\\\/\\\/www.meydan.tv\\\/wp-content\\\/uploads\\\/screenshot-2024-04-18-at-19.36.53-e1713466846789.png\",\"articleSection\":[\"Siyas\u0259t\",\"T\u00f6vsiy\u0259\",\"X\u0259b\u0259rl\u0259r\"],\"inLanguage\":\"az\"},{\"@type\":\"WebPage\",\"@id\":\"https:\\\/\\\/www.meydan.tv\\\/az\\\/article\\\/imran-eliyev-isgence-haqda-danisdigina-gore-yeniden-doyulduyunu-deyir\\\/\",\"url\":\"https:\\\/\\\/www.meydan.tv\\\/az\\\/article\\\/imran-eliyev-isgence-haqda-danisdigina-gore-yeniden-doyulduyunu-deyir\\\/\",\"name\":\"\u0130mran \u018fliyev i\u015fg\u0259nc\u0259 haqda dan\u0131\u015fd\u0131\u011f\u0131na g\u00f6r\u0259 yenid\u0259n d\u00f6y\u00fcld\u00fcy\u00fcn\u00fc deyir - MEYDAN.TV\",\"isPartOf\":{\"@id\":\"https:\\\/\\\/www.meydan.tv\\\/az\\\/#website\"},\"primaryImageOfPage\":{\"@id\":\"https:\\\/\\\/www.meydan.tv\\\/az\\\/article\\\/imran-eliyev-isgence-haqda-danisdigina-gore-yeniden-doyulduyunu-deyir\\\/#primaryimage\"},\"image\":{\"@id\":\"https:\\\/\\\/www.meydan.tv\\\/az\\\/article\\\/imran-eliyev-isgence-haqda-danisdigina-gore-yeniden-doyulduyunu-deyir\\\/#primaryimage\"},\"thumbnailUrl\":\"https:\\\/\\\/www.meydan.tv\\\/wp-content\\\/uploads\\\/screenshot-2024-04-18-at-19.36.53-e1713466846789.png\",\"datePublished\":\"2024-04-24T12:30:38+00:00\",\"dateModified\":\"2024-04-24T12:30:41+00:00\",\"breadcrumb\":{\"@id\":\"https:\\\/\\\/www.meydan.tv\\\/az\\\/article\\\/imran-eliyev-isgence-haqda-danisdigina-gore-yeniden-doyulduyunu-deyir\\\/#breadcrumb\"},\"inLanguage\":\"az\",\"potentialAction\":[{\"@type\":\"ReadAction\",\"target\":[\"https:\\\/\\\/www.meydan.tv\\\/az\\\/article\\\/imran-eliyev-isgence-haqda-danisdigina-gore-yeniden-doyulduyunu-deyir\\\/\"]}]},{\"@type\":\"ImageObject\",\"inLanguage\":\"az\",\"@id\":\"https:\\\/\\\/www.meydan.tv\\\/az\\\/article\\\/imran-eliyev-isgence-haqda-danisdigina-gore-yeniden-doyulduyunu-deyir\\\/#primaryimage\",\"url\":\"https:\\\/\\\/www.meydan.tv\\\/wp-content\\\/uploads\\\/screenshot-2024-04-18-at-19.36.53-e1713466846789.png\",\"contentUrl\":\"https:\\\/\\\/www.meydan.tv\\\/wp-content\\\/uploads\\\/screenshot-2024-04-18-at-19.36.53-e1713466846789.png\",\"width\":1184,\"height\":428,\"caption\":\"Foto: \u0130mran \u018fliyevin \u015f\u0259xsi arxivind\u0259n\"},{\"@type\":\"BreadcrumbList\",\"@id\":\"https:\\\/\\\/www.meydan.tv\\\/az\\\/article\\\/imran-eliyev-isgence-haqda-danisdigina-gore-yeniden-doyulduyunu-deyir\\\/#breadcrumb\",\"itemListElement\":[{\"@type\":\"ListItem\",\"position\":1,\"name\":\"Ana s\u0259hif\u0259\",\"item\":\"https:\\\/\\\/www.meydan.tv\\\/az\\\/\"},{\"@type\":\"ListItem\",\"position\":2,\"name\":\"Siyas\u0259t\",\"item\":\"https:\\\/\\\/www.meydan.tv\\\/az\\\/section\\\/siyaset\\\/\"},{\"@type\":\"ListItem\",\"position\":3,\"name\":\"\u0130mran \u018fliyev i\u015fg\u0259nc\u0259 haqda dan\u0131\u015fd\u0131\u011f\u0131na g\u00f6r\u0259 yenid\u0259n d\u00f6y\u00fcld\u00fcy\u00fcn\u00fc deyir\"}]},{\"@type\":\"WebSite\",\"@id\":\"https:\\\/\\\/www.meydan.tv\\\/az\\\/#website\",\"url\":\"https:\\\/\\\/www.meydan.tv\\\/az\\\/\",\"name\":\"MEYDAN.TV\",\"description\":\"Meydan TV Az\u0259rbaycan\u0131n media m\u0259kan\u0131ndak\u0131 alternativ s\u0259sidir\",\"publisher\":{\"@id\":\"https:\\\/\\\/www.meydan.tv\\\/az\\\/#organization\"},\"potentialAction\":[{\"@type\":\"SearchAction\",\"target\":{\"@type\":\"EntryPoint\",\"urlTemplate\":\"https:\\\/\\\/www.meydan.tv\\\/az\\\/?s={search_term_string}\"},\"query-input\":{\"@type\":\"PropertyValueSpecification\",\"valueRequired\":true,\"valueName\":\"search_term_string\"}}],\"inLanguage\":\"az\"},{\"@type\":\"Organization\",\"@id\":\"https:\\\/\\\/www.meydan.tv\\\/az\\\/#organization\",\"name\":\"Meydan TV\",\"url\":\"https:\\\/\\\/www.meydan.tv\\\/az\\\/\",\"logo\":{\"@type\":\"ImageObject\",\"inLanguage\":\"az\",\"@id\":\"https:\\\/\\\/www.meydan.tv\\\/az\\\/#\\\/schema\\\/logo\\\/image\\\/\",\"url\":\"https:\\\/\\\/www.meydan.tv\\\/wp-content\\\/uploads\\\/2021\\\/07\\\/meydan-logo.svg\",\"contentUrl\":\"https:\\\/\\\/www.meydan.tv\\\/wp-content\\\/uploads\\\/2021\\\/07\\\/meydan-logo.svg\",\"width\":195,\"height\":46,\"caption\":\"Meydan TV\"},\"image\":{\"@id\":\"https:\\\/\\\/www.meydan.tv\\\/az\\\/#\\\/schema\\\/logo\\\/image\\\/\"}},{\"@type\":\"Person\",\"@id\":\"https:\\\/\\\/www.meydan.tv\\\/az\\\/#\\\/schema\\\/person\\\/9cdbecf90d17180ce1dfbd95b08dcf47\",\"name\":\"elli\",\"sameAs\":[\"https:\\\/\\\/x.com\\\/elli\"]}]}<\/script>\n<!-- \/ Yoast SEO plugin. -->","yoast_head_json":{"title":"\u0130mran \u018fliyev i\u015fg\u0259nc\u0259 haqda dan\u0131\u015fd\u0131\u011f\u0131na g\u00f6r\u0259 yenid\u0259n d\u00f6y\u00fcld\u00fcy\u00fcn\u00fc deyir - MEYDAN.TV","robots":{"index":"index","follow":"follow","max-snippet":"max-snippet:-1","max-image-preview":"max-image-preview:large","max-video-preview":"max-video-preview:-1"},"canonical":"https:\/\/www.meydan.tv\/az\/article\/imran-eliyev-isgence-haqda-danisdigina-gore-yeniden-doyulduyunu-deyir\/","og_locale":"az_AZ","og_type":"article","og_title":"\u0130mran \u018fliyev i\u015fg\u0259nc\u0259 haqda dan\u0131\u015fd\u0131\u011f\u0131na g\u00f6r\u0259 yenid\u0259n d\u00f6y\u00fcld\u00fcy\u00fcn\u00fc deyir - MEYDAN.TV","og_description":"\u0130ctimai f\u0259al\u0131n apelyasiya \u015fikay\u0259ti t\u0259min edilm\u0259di &#8220;Meclis.info\u201d sayt\u0131n\u0131n r\u0259hb\u0259ri \u0130mran ... Davam\u0131","og_url":"https:\/\/www.meydan.tv\/az\/article\/imran-eliyev-isgence-haqda-danisdigina-gore-yeniden-doyulduyunu-deyir\/","og_site_name":"MEYDAN.TV","article_published_time":"2024-04-24T12:30:38+00:00","article_modified_time":"2024-04-24T12:30:41+00:00","og_image":[{"width":1184,"height":428,"url":"https:\/\/www.meydan.tv\/wp-content\/uploads\/screenshot-2024-04-18-at-19.36.53-e1713466846789.png","type":"image\/png"}],"author":"elli","twitter_card":"summary_large_image","twitter_creator":"@elli","schema":{"@context":"https:\/\/schema.org","@graph":[{"@type":"Article","@id":"https:\/\/www.meydan.tv\/az\/article\/imran-eliyev-isgence-haqda-danisdigina-gore-yeniden-doyulduyunu-deyir\/#article","isPartOf":{"@id":"https:\/\/www.meydan.tv\/az\/article\/imran-eliyev-isgence-haqda-danisdigina-gore-yeniden-doyulduyunu-deyir\/"},"author":{"name":"elli","@id":"https:\/\/www.meydan.tv\/az\/#\/schema\/person\/9cdbecf90d17180ce1dfbd95b08dcf47"},"headline":"\u0130mran \u018fliyev i\u015fg\u0259nc\u0259 haqda dan\u0131\u015fd\u0131\u011f\u0131na g\u00f6r\u0259 yenid\u0259n d\u00f6y\u00fcld\u00fcy\u00fcn\u00fc deyir","datePublished":"2024-04-24T12:30:38+00:00","dateModified":"2024-04-24T12:30:41+00:00","mainEntityOfPage":{"@id":"https:\/\/www.meydan.tv\/az\/article\/imran-eliyev-isgence-haqda-danisdigina-gore-yeniden-doyulduyunu-deyir\/"},"wordCount":890,"publisher":{"@id":"https:\/\/www.meydan.tv\/az\/#organization"},"image":{"@id":"https:\/\/www.meydan.tv\/az\/article\/imran-eliyev-isgence-haqda-danisdigina-gore-yeniden-doyulduyunu-deyir\/#primaryimage"},"thumbnailUrl":"https:\/\/www.meydan.tv\/wp-content\/uploads\/screenshot-2024-04-18-at-19.36.53-e1713466846789.png","articleSection":["Siyas\u0259t","T\u00f6vsiy\u0259","X\u0259b\u0259rl\u0259r"],"inLanguage":"az"},{"@type":"WebPage","@id":"https:\/\/www.meydan.tv\/az\/article\/imran-eliyev-isgence-haqda-danisdigina-gore-yeniden-doyulduyunu-deyir\/","url":"https:\/\/www.meydan.tv\/az\/article\/imran-eliyev-isgence-haqda-danisdigina-gore-yeniden-doyulduyunu-deyir\/","name":"\u0130mran \u018fliyev i\u015fg\u0259nc\u0259 haqda dan\u0131\u015fd\u0131\u011f\u0131na g\u00f6r\u0259 yenid\u0259n d\u00f6y\u00fcld\u00fcy\u00fcn\u00fc deyir - MEYDAN.TV","isPartOf":{"@id":"https:\/\/www.meydan.tv\/az\/#website"},"primaryImageOfPage":{"@id":"https:\/\/www.meydan.tv\/az\/article\/imran-eliyev-isgence-haqda-danisdigina-gore-yeniden-doyulduyunu-deyir\/#primaryimage"},"image":{"@id":"https:\/\/www.meydan.tv\/az\/article\/imran-eliyev-isgence-haqda-danisdigina-gore-yeniden-doyulduyunu-deyir\/#primaryimage"},"thumbnailUrl":"https:\/\/www.meydan.tv\/wp-content\/uploads\/screenshot-2024-04-18-at-19.36.53-e1713466846789.png","datePublished":"2024-04-24T12:30:38+00:00","dateModified":"2024-04-24T12:30:41+00:00","breadcrumb":{"@id":"https:\/\/www.meydan.tv\/az\/article\/imran-eliyev-isgence-haqda-danisdigina-gore-yeniden-doyulduyunu-deyir\/#breadcrumb"},"inLanguage":"az","potentialAction":[{"@type":"ReadAction","target":["https:\/\/www.meydan.tv\/az\/article\/imran-eliyev-isgence-haqda-danisdigina-gore-yeniden-doyulduyunu-deyir\/"]}]},{"@type":"ImageObject","inLanguage":"az","@id":"https:\/\/www.meydan.tv\/az\/article\/imran-eliyev-isgence-haqda-danisdigina-gore-yeniden-doyulduyunu-deyir\/#primaryimage","url":"https:\/\/www.meydan.tv\/wp-content\/uploads\/screenshot-2024-04-18-at-19.36.53-e1713466846789.png","contentUrl":"https:\/\/www.meydan.tv\/wp-content\/uploads\/screenshot-2024-04-18-at-19.36.53-e1713466846789.png","width":1184,"height":428,"caption":"Foto: \u0130mran \u018fliyevin \u015f\u0259xsi arxivind\u0259n"},{"@type":"BreadcrumbList","@id":"https:\/\/www.meydan.tv\/az\/article\/imran-eliyev-isgence-haqda-danisdigina-gore-yeniden-doyulduyunu-deyir\/#breadcrumb","itemListElement":[{"@type":"ListItem","position":1,"name":"Ana s\u0259hif\u0259","item":"https:\/\/www.meydan.tv\/az\/"},{"@type":"ListItem","position":2,"name":"Siyas\u0259t","item":"https:\/\/www.meydan.tv\/az\/section\/siyaset\/"},{"@type":"ListItem","position":3,"name":"\u0130mran \u018fliyev i\u015fg\u0259nc\u0259 haqda dan\u0131\u015fd\u0131\u011f\u0131na g\u00f6r\u0259 yenid\u0259n d\u00f6y\u00fcld\u00fcy\u00fcn\u00fc deyir"}]},{"@type":"WebSite","@id":"https:\/\/www.meydan.tv\/az\/#website","url":"https:\/\/www.meydan.tv\/az\/","name":"MEYDAN.TV","description":"Meydan TV Az\u0259rbaycan\u0131n media m\u0259kan\u0131ndak\u0131 alternativ s\u0259sidir","publisher":{"@id":"https:\/\/www.meydan.tv\/az\/#organization"},"potentialAction":[{"@type":"SearchAction","target":{"@type":"EntryPoint","urlTemplate":"https:\/\/www.meydan.tv\/az\/?s={search_term_string}"},"query-input":{"@type":"PropertyValueSpecification","valueRequired":true,"valueName":"search_term_string"}}],"inLanguage":"az"},{"@type":"Organization","@id":"https:\/\/www.meydan.tv\/az\/#organization","name":"Meydan TV","url":"https:\/\/www.meydan.tv\/az\/","logo":{"@type":"ImageObject","inLanguage":"az","@id":"https:\/\/www.meydan.tv\/az\/#\/schema\/logo\/image\/","url":"https:\/\/www.meydan.tv\/wp-content\/uploads\/2021\/07\/meydan-logo.svg","contentUrl":"https:\/\/www.meydan.tv\/wp-content\/uploads\/2021\/07\/meydan-logo.svg","width":195,"height":46,"caption":"Meydan TV"},"image":{"@id":"https:\/\/www.meydan.tv\/az\/#\/schema\/logo\/image\/"}},{"@type":"Person","@id":"https:\/\/www.meydan.tv\/az\/#\/schema\/person\/9cdbecf90d17180ce1dfbd95b08dcf47","name":"elli","sameAs":["https:\/\/x.com\/elli"]}]}},"_links":{"self":[{"href":"https:\/\/www.meydan.tv\/az\/wp-json\/wp\/v2\/posts\/304198","targetHints":{"allow":["GET"]}}],"collection":[{"href":"https:\/\/www.meydan.tv\/az\/wp-json\/wp\/v2\/posts"}],"about":[{"href":"https:\/\/www.meydan.tv\/az\/wp-json\/wp\/v2\/types\/post"}],"author":[{"embeddable":true,"href":"https:\/\/www.meydan.tv\/az\/wp-json\/wp\/v2\/users\/8"}],"replies":[{"embeddable":true,"href":"https:\/\/www.meydan.tv\/az\/wp-json\/wp\/v2\/comments?post=304198"}],"version-history":[{"count":4,"href":"https:\/\/www.meydan.tv\/az\/wp-json\/wp\/v2\/posts\/304198\/revisions"}],"predecessor-version":[{"id":304202,"href":"https:\/\/www.meydan.tv\/az\/wp-json\/wp\/v2\/posts\/304198\/revisions\/304202"}],"wp:featuredmedia":[{"embeddable":true,"href":"https:\/\/www.meydan.tv\/az\/wp-json\/wp\/v2\/media\/303666"}],"wp:attachment":[{"href":"https:\/\/www.meydan.tv\/az\/wp-json\/wp\/v2\/media?parent=304198"}],"wp:term":[{"taxonomy":"category","embeddable":true,"href":"https:\/\/www.meydan.tv\/az\/wp-json\/wp\/v2\/categories?post=304198"},{"taxonomy":"post_tag","embeddable":true,"href":"https:\/\/www.meydan.tv\/az\/wp-json\/wp\/v2\/tags?post=304198"}],"curies":[{"name":"wp","href":"https:\/\/api.w.org\/{rel}","templated":true}]}}