{"id":304128,"date":"2024-04-23T21:59:04","date_gmt":"2024-04-23T17:59:04","guid":{"rendered":"https:\/\/www.meydan.tv\/?p=304128"},"modified":"2024-04-23T22:37:18","modified_gmt":"2024-04-23T18:37:18","slug":"qebula-duse-bilmeyen-vetendas-nazire-mektebin-problemlerinden-danisacaqdim","status":"publish","type":"post","link":"https:\/\/www.meydan.tv\/az\/article\/qebula-duse-bilmeyen-vetendas-nazire-mektebin-problemlerinden-danisacaqdim\/","title":{"rendered":"Q\u0259bula d\u00fc\u015f\u0259 bilm\u0259y\u0259n v\u0259t\u0259nda\u015f: \u201cNazir\u0259 m\u0259kt\u0259bin probleml\u0259rind\u0259n dan\u0131\u015facaqd\u0131m\u201d"},"content":{"rendered":"\n<p><\/p>\n\n\n\n<p><em><strong>\u201cHam\u0131n\u0131 birinci m\u0259rt\u0259b\u0259d\u0259ki havas\u0131z bir ota\u011fa y\u0131\u011fd\u0131lar, nazirs\u0259 ikinci m\u0259rt\u0259b\u0259d\u0259 q\u0259bul ed\u0259c\u0259kdi\u201d<\/strong><\/em><\/p>\n\n\n\n<p><em>\u201c\u00d6t\u0259n aydan deyirdil\u0259r ki, nazir bu t\u0259r\u0259fl\u0259r\u0259 g\u0259l\u0259c\u0259k, v\u0259t\u0259nda\u015flar\u0131 q\u0259bul ed\u0259c\u0259k. M\u0259n d\u0259 f\u00fcrs\u0259ti \u0259ld\u0259n verm\u0259yib, q\u0259buluna yaz\u0131lmaq \u00fc\u00e7\u00fcn bir ay qabaqdan Elm v\u0259 T\u0259hsil Nazirliyin\u0259 m\u00fcraci\u0259t etdim. M\u0259n\u0259 h\u0259m yaz\u0131l\u0131, h\u0259m d\u0259 \u015fifahi bildirildi ki, m\u00fcraci\u0259tim qeyd\u0259 al\u0131n\u0131b, q\u0259bul \u00fc\u00e7\u00fcn n\u00f6vb\u0259 siyah\u0131s\u0131nda 40-c\u0131 v\u0259t\u0259nda\u015fam. Q\u0259bul g\u00fcn\u00fc \u00e7atd\u0131, nazir g\u0259ldi, ancaq baxd\u0131m ki, ad\u0131m siyah\u0131da s\u00fcr\u00fc\u015f\u00fcb 82-y\u0259 gedib \u00e7\u0131x\u0131b. Ham\u0131n\u0131 birinci m\u0259rt\u0259b\u0259d\u0259ki havas\u0131z bir ota\u011fa y\u0131\u011fd\u0131lar, nazirs\u0259 ikinci m\u0259rt\u0259b\u0259d\u0259 q\u0259bul ed\u0259c\u0259kdi. Saat 10-da q\u0259bul ba\u015flad\u0131. Adamlar\u0131 bir-bir otaqdan \u00e7\u0131xar\u0131b, q\u0259bul ota\u011f\u0131na yola sal\u0131rd\u0131lar. G\u00fcnortaya yax\u0131n qap\u0131lar\u0131 a\u00e7\u0131b nec\u0259 dey\u0259rl\u0259r, bizi \u201cazad etdil\u0259r\u201d, q\u0259bul ota\u011f\u0131na yola sald\u0131lar, ota\u011fa daxil olanda g\u00f6rd\u00fck ki, nazir yoxdur, dedil\u0259r, biz sektor m\u00fcdirl\u0259riyik, n\u0259 s\u00f6z\u00fcn\u00fcz varsa, biz\u0259 deyin\u201d.<\/em><\/p>\n\n\n\n<p>Kamil Qas\u0131mov q\u0259bula girm\u0259kd\u0259n imtina edib. <\/p>\n\n\n\n<p><strong>B\u0259s o, nazirl\u0259 niy\u0259 g\u00f6r\u00fc\u015fm\u0259k ist\u0259yirdi? Nazir\u0259 hans\u0131 s\u00f6z\u00fc var idi?<\/strong><\/p>\n\n\n\n<p>Deyir, ill\u0259rdir ki, \u00f6vladlar\u0131n\u0131n t\u0259hsil ald\u0131\u011f\u0131 32 sayl\u0131 orta m\u0259kt\u0259bd\u0259 bilgisayar v\u0259 idman f\u0259nl\u0259ri ke\u00e7irilmir. Buna g\u00f6r\u0259 ill\u0259rdir ki, valideynl\u0259r h\u0259m G\u0259nc\u0259 T\u0259hsil \u0130dar\u0259sin\u0259, h\u0259m d\u0259 Elm v\u0259 T\u0259hsil Nazirliyin\u0259 m\u00fcraci\u0259t edir. Ancaq h\u0259l\u0259 d\u0259 m\u0259kt\u0259bd\u0259 n\u0259 idman zal\u0131, n\u0259 d\u0259 bilgisayar ota\u011f\u0131 qurulub:<\/p>\n\n\n\n<p><em>\u201c\u00d6vlad\u0131m\u0131n biri d\u00f6rd\u00fcnc\u00fc, dig\u0259ri alt\u0131nc\u0131 sinif \u015fagirdidir. \u0130dman zal\u0131 olmad\u0131\u011f\u0131na g\u00f6r\u0259 h\u0259r il q\u0131\u015f aylar\u0131nda idman f\u0259nnini \u00e7\u00f6ld\u0259 ke\u00e7irl\u0259r. 21-ci \u0259srd\u0259 u\u015faqlar\u0131n komp\u00fcterd\u0259n anlay\u0131\u015f\u0131 s\u0131f\u0131r\u0131n alt\u0131ndad\u0131r. M\u0259kt\u0259bd\u0259 komp\u00fcter d\u0259rsl\u0259ri d\u0259 ke\u00e7irilmir, \u00e7\u00fcnki komp\u00fcter ota\u011f\u0131 yoxdur. Nazir\u0259 bunlar\u0131 dey\u0259c\u0259kdim, bir valideyn olaraq xahi\u015f ed\u0259c\u0259kdim ki, he\u00e7 olmasa n\u00f6vb\u0259ti t\u0259hsil ilind\u0259 u\u015faqlar m\u0259kt\u0259b\u0259 ged\u0259nd\u0259 orada idman zal\u0131, komp\u00fcter ota\u011f\u0131 olsun\u201d.<\/em><\/p>\n\n\n\n<p>\u015eikay\u0259t\u00e7inin s\u00f6zl\u0259rin\u0259 g\u00f6r\u0259, m\u0259kt\u0259bd\u0259 idman zal\u0131n\u0131n v\u0259 komp\u00fcter ota\u011f\u0131n\u0131n yarad\u0131lmas\u0131 \u00fc\u00e7\u00fcn uzun m\u00fcdd\u0259tdir ki, h\u0259m G\u0259nc\u0259 \u015e\u0259h\u0259r T\u0259hsil \u0130dar\u0259sin\u0259, h\u0259m d\u0259 Elm v\u0259 T\u0259hsil Nazirliyin\u0259 m\u00fcraci\u0259t edib. V\u0259t\u0259nda\u015f hesab edir ki, t\u0259dris olunmayan h\u0259r iki f\u0259nn m\u0259kt\u0259blil\u0259r \u00fc\u00e7\u00fcn vacibdir:<\/p>\n\n\n\n<p><em>\u201cBa\u015fqa \u00f6lk\u0259l\u0259rd\u0259 f\u0259aliyy\u0259t g\u00f6st\u0259r\u0259n t\u0259hsil m\u00fc\u0259ssis\u0259l\u0259rind\u0259 u\u015faqlar\u0131n sa\u011flaml\u0131\u011f\u0131 \u00f6n\u0259 \u00e7\u0259kilir, \u0259n \u00e7ox da bu f\u0259nn\u0259 diqq\u0259t yetirilir, h\u0259tta \u0259n \u00e7ox d\u0259rs saat\u0131 idmana v\u0259 \u0259m\u0259k d\u0259rsl\u0259rin\u0259 ayr\u0131l\u0131r. Bizd\u0259 is\u0259 idman, \u0259m\u0259k, komp\u00fcter d\u0259rsl\u0259rin\u0259 laz\u0131ms\u0131z bir \u015fey kimi yana\u015f\u0131l\u0131r\u201d.<\/em><\/p>\n\n\n\n<p>Kamil Qas\u0131mov nazird\u0259n h\u0259m d\u0259 m\u0259kt\u0259bin \u0259razisind\u0259ki qoca a\u011fac\u0131n k\u0259silm\u0259sini xahi\u015f ed\u0259c\u0259kdi. Dem\u0259sin\u0259 g\u00f6r\u0259, valideynl\u0259r v\u0259 m\u0259kt\u0259b r\u0259hb\u0259rliyi m\u0259kt\u0259blil\u0259r \u00fc\u00e7\u00fcn h\u0259yati t\u0259hl\u00fck\u0259y\u0259 \u00e7evrilmi\u015f qoca a\u011fac\u0131n k\u0259silm\u0259si \u00fc\u00e7\u00fcn uzun m\u00fcdd\u0259tdir ki, aidiyy\u0259ti qurumlara m\u00fcraci\u0259t edirl\u0259r, ancaq n\u0259tic\u0259siz qal\u0131r.<\/p>\n\n\n\n<p>G\u0259nc\u0259 &#8211; Da\u015fk\u0259s\u0259n Regional T\u0259hsil \u0130dar\u0259sind\u0259n bildirilib ki, aprelin 19-da Elm v\u0259 T\u0259hsil naziri Emin \u018fmrullayev Samux rayonunda v\u0259t\u0259nda\u015f q\u0259bulu ke\u00e7irib. Q\u0259bulda Samux, G\u0259nc\u0259, Naftalan, G\u00f6yg\u00f6l, Da\u015fk\u0259s\u0259n, Goranboy v\u0259 K\u0259lb\u0259c\u0259r sakinl\u0259ri i\u015ftirak edibl\u0259r. Q\u0259bul zaman\u0131 v\u0259t\u0259nda\u015flar m\u00fc\u0259lliml\u0259rin i\u015f\u0259 q\u0259bulu, h\u0259m\u00e7inin dig\u0259r m\u0259s\u0259l\u0259l\u0259rl\u0259 ba\u011fl\u0131 m\u00fcraci\u0259tl\u0259r edibl\u0259r. Elm v\u0259 T\u0259hsil naziri q\u0259bula yaz\u0131lm\u0131\u015f v\u0259t\u0259nda\u015flar\u0131 dinl\u0259yib, m\u00fcraci\u0259tl\u0259rin operativ \u015f\u0259kild\u0259 ara\u015fd\u0131r\u0131lmas\u0131, qald\u0131r\u0131lan m\u0259s\u0259l\u0259l\u0259rin qanunvericiliy\u0259 uy\u011fun h\u0259lli istiqam\u0259tind\u0259 nazirliyin aidiyy\u0259ti qurumlar\u0131n\u0131n r\u0259hb\u0259rl\u0259rin\u0259 tap\u015f\u0131r\u0131qlar verib. V\u0259t\u0259nda\u015flarla g\u00f6r\u00fc\u015fd\u0259 nazirliyin ba\u015fqa v\u0259zif\u0259li \u015f\u0259xsl\u0259ri d\u0259 olublar v\u0259 v\u0259t\u0259nda\u015flar\u0131 dinl\u0259yibl\u0259r.<\/p>\n\n\n\n<p>Kamil Qas\u0131mov deyir, mart\u0131n 29-da Su Ehtiyatlar\u0131 Agentliyinin s\u0259dri Zaur Mikay\u0131lov da G\u0259nc\u0259d\u0259 yerl\u0259\u015f\u0259n G\u0259nc\u0259 Sukanal \u0130dar\u0259sinin inzibati binas\u0131nda G\u0259nc\u0259, Samux, K\u0259lb\u0259c\u0259r v\u0259 dig\u0259r rayonlardan olan v\u0259t\u0259nda\u015flar\u0131n yaln\u0131z bir qismini q\u0259bul edib, qap\u0131 arxas\u0131nda g\u00f6zl\u0259y\u0259n dig\u0259r v\u0259t\u0259nda\u015flar bir d\u0259 x\u0259b\u0259r tutublar ki, Zaur Mikay\u0131lov m\u0259kan\u0131 \u00e7oxdan t\u0259rk edib.<\/p>\n\n\n\n<p>Bir ne\u00e7\u0259 il \u0259vv\u0259l Prezident \u0130lham \u018fliyev ke\u00e7irdiyi m\u00fc\u015favir\u0259d\u0259 m\u0259murlara tap\u015f\u0131r\u0131q verib ki, daimi olaraq regionlarda v\u0259t\u0259nda\u015flar\u0131 q\u0259bul edib, dinl\u0259sinl\u0259r. H\u0259r ay m\u00fcxt\u0259lif qurumlar\u0131n r\u0259hb\u0259rl\u0259ri b\u00f6lg\u0259l\u0259rd\u0259 v\u0259t\u0259nda\u015f q\u0259bulu h\u0259yata ke\u00e7irirl\u0259r. M\u0259murlar bu v\u0259t\u0259nda\u015f q\u0259bullar\u0131n\u0131 s\u0259m\u0259r\u0259li hesab ets\u0259l\u0259r d\u0259, v\u0259t\u0259nda\u015flar m\u0259mur q\u0259bullar\u0131n\u0131n formal oldu\u011funu bildirirl\u0259r.<\/p>\n","protected":false},"excerpt":{"rendered":"<p>\u201cHam\u0131n\u0131 birinci m\u0259rt\u0259b\u0259d\u0259ki havas\u0131z bir ota\u011fa y\u0131\u011fd\u0131lar, nazirs\u0259 ikinci m\u0259rt\u0259b\u0259d\u0259 &#8230; <\/p>\n<p class=\"read-more-container\"><a title=\"Q\u0259bula d\u00fc\u015f\u0259 bilm\u0259y\u0259n v\u0259t\u0259nda\u015f: \u201cNazir\u0259 m\u0259kt\u0259bin probleml\u0259rind\u0259n dan\u0131\u015facaqd\u0131m\u201d\" class=\"read-more button\" href=\"https:\/\/www.meydan.tv\/az\/article\/qebula-duse-bilmeyen-vetendas-nazire-mektebin-problemlerinden-danisacaqdim\/#more-304128\" aria-label=\"Read more about Q\u0259bula d\u00fc\u015f\u0259 bilm\u0259y\u0259n v\u0259t\u0259nda\u015f: \u201cNazir\u0259 m\u0259kt\u0259bin probleml\u0259rind\u0259n dan\u0131\u015facaqd\u0131m\u201d\">Davam\u0131<\/a><\/p>\n","protected":false},"author":8,"featured_media":304129,"comment_status":"closed","ping_status":"closed","sticky":false,"template":"","format":"standard","meta":{"_acf_changed":false,"_sitemap_exclude":false,"_sitemap_priority":"","_sitemap_frequency":"","footnotes":""},"categories":[62,56],"tags":[],"class_list":["post-304128","post","type-post","status-publish","format-standard","has-post-thumbnail","hentry","category-sosial","category-xeberler","infinite-scroll-item","generate-columns","tablet-grid-50","mobile-grid-100","grid-parent","grid-33","no-featured-image-padding"],"acf":[],"yoast_head":"<!-- This site is optimized with the Yoast SEO plugin v27.5 - https:\/\/yoast.com\/product\/yoast-seo-wordpress\/ -->\n<title>Q\u0259bula d\u00fc\u015f\u0259 bilm\u0259y\u0259n v\u0259t\u0259nda\u015f: \u201cNazir\u0259 m\u0259kt\u0259bin probleml\u0259rind\u0259n dan\u0131\u015facaqd\u0131m\u201d - MEYDAN.TV<\/title>\n<meta name=\"robots\" content=\"index, follow, max-snippet:-1, max-image-preview:large, max-video-preview:-1\" \/>\n<link rel=\"canonical\" href=\"https:\/\/www.meydan.tv\/az\/article\/qebula-duse-bilmeyen-vetendas-nazire-mektebin-problemlerinden-danisacaqdim\/\" \/>\n<meta property=\"og:locale\" content=\"az_AZ\" \/>\n<meta property=\"og:type\" content=\"article\" \/>\n<meta property=\"og:title\" content=\"Q\u0259bula d\u00fc\u015f\u0259 bilm\u0259y\u0259n v\u0259t\u0259nda\u015f: \u201cNazir\u0259 m\u0259kt\u0259bin probleml\u0259rind\u0259n dan\u0131\u015facaqd\u0131m\u201d - MEYDAN.TV\" \/>\n<meta property=\"og:description\" content=\"\u201cHam\u0131n\u0131 birinci m\u0259rt\u0259b\u0259d\u0259ki havas\u0131z bir ota\u011fa y\u0131\u011fd\u0131lar, nazirs\u0259 ikinci m\u0259rt\u0259b\u0259d\u0259 ... Davam\u0131\" \/>\n<meta property=\"og:url\" content=\"https:\/\/www.meydan.tv\/az\/article\/qebula-duse-bilmeyen-vetendas-nazire-mektebin-problemlerinden-danisacaqdim\/\" \/>\n<meta property=\"og:site_name\" content=\"MEYDAN.TV\" \/>\n<meta property=\"article:published_time\" content=\"2024-04-23T17:59:04+00:00\" \/>\n<meta property=\"article:modified_time\" content=\"2024-04-23T18:37:18+00:00\" \/>\n<meta property=\"og:image\" content=\"https:\/\/www.meydan.tv\/wp-content\/uploads\/gence_tehsil_idaresi_-1170x780-1.jpg\" \/>\n\t<meta property=\"og:image:width\" content=\"1200\" \/>\n\t<meta property=\"og:image:height\" content=\"800\" \/>\n\t<meta property=\"og:image:type\" content=\"image\/jpeg\" \/>\n<meta name=\"author\" content=\"elli\" \/>\n<meta name=\"twitter:card\" content=\"summary_large_image\" \/>\n<meta name=\"twitter:creator\" content=\"@elli\" \/>\n<script type=\"application\/ld+json\" class=\"yoast-schema-graph\">{\"@context\":\"https:\\\/\\\/schema.org\",\"@graph\":[{\"@type\":\"Article\",\"@id\":\"https:\\\/\\\/www.meydan.tv\\\/az\\\/article\\\/qebula-duse-bilmeyen-vetendas-nazire-mektebin-problemlerinden-danisacaqdim\\\/#article\",\"isPartOf\":{\"@id\":\"https:\\\/\\\/www.meydan.tv\\\/az\\\/article\\\/qebula-duse-bilmeyen-vetendas-nazire-mektebin-problemlerinden-danisacaqdim\\\/\"},\"author\":{\"name\":\"elli\",\"@id\":\"https:\\\/\\\/www.meydan.tv\\\/az\\\/#\\\/schema\\\/person\\\/9cdbecf90d17180ce1dfbd95b08dcf47\"},\"headline\":\"Q\u0259bula d\u00fc\u015f\u0259 bilm\u0259y\u0259n v\u0259t\u0259nda\u015f: \u201cNazir\u0259 m\u0259kt\u0259bin probleml\u0259rind\u0259n dan\u0131\u015facaqd\u0131m\u201d\",\"datePublished\":\"2024-04-23T17:59:04+00:00\",\"dateModified\":\"2024-04-23T18:37:18+00:00\",\"mainEntityOfPage\":{\"@id\":\"https:\\\/\\\/www.meydan.tv\\\/az\\\/article\\\/qebula-duse-bilmeyen-vetendas-nazire-mektebin-problemlerinden-danisacaqdim\\\/\"},\"wordCount\":998,\"publisher\":{\"@id\":\"https:\\\/\\\/www.meydan.tv\\\/az\\\/#organization\"},\"image\":{\"@id\":\"https:\\\/\\\/www.meydan.tv\\\/az\\\/article\\\/qebula-duse-bilmeyen-vetendas-nazire-mektebin-problemlerinden-danisacaqdim\\\/#primaryimage\"},\"thumbnailUrl\":\"https:\\\/\\\/www.meydan.tv\\\/wp-content\\\/uploads\\\/gence_tehsil_idaresi_-1170x780-1.jpg\",\"articleSection\":[\"Sosial\",\"X\u0259b\u0259rl\u0259r\"],\"inLanguage\":\"az\"},{\"@type\":\"WebPage\",\"@id\":\"https:\\\/\\\/www.meydan.tv\\\/az\\\/article\\\/qebula-duse-bilmeyen-vetendas-nazire-mektebin-problemlerinden-danisacaqdim\\\/\",\"url\":\"https:\\\/\\\/www.meydan.tv\\\/az\\\/article\\\/qebula-duse-bilmeyen-vetendas-nazire-mektebin-problemlerinden-danisacaqdim\\\/\",\"name\":\"Q\u0259bula d\u00fc\u015f\u0259 bilm\u0259y\u0259n v\u0259t\u0259nda\u015f: \u201cNazir\u0259 m\u0259kt\u0259bin probleml\u0259rind\u0259n dan\u0131\u015facaqd\u0131m\u201d - MEYDAN.TV\",\"isPartOf\":{\"@id\":\"https:\\\/\\\/www.meydan.tv\\\/az\\\/#website\"},\"primaryImageOfPage\":{\"@id\":\"https:\\\/\\\/www.meydan.tv\\\/az\\\/article\\\/qebula-duse-bilmeyen-vetendas-nazire-mektebin-problemlerinden-danisacaqdim\\\/#primaryimage\"},\"image\":{\"@id\":\"https:\\\/\\\/www.meydan.tv\\\/az\\\/article\\\/qebula-duse-bilmeyen-vetendas-nazire-mektebin-problemlerinden-danisacaqdim\\\/#primaryimage\"},\"thumbnailUrl\":\"https:\\\/\\\/www.meydan.tv\\\/wp-content\\\/uploads\\\/gence_tehsil_idaresi_-1170x780-1.jpg\",\"datePublished\":\"2024-04-23T17:59:04+00:00\",\"dateModified\":\"2024-04-23T18:37:18+00:00\",\"breadcrumb\":{\"@id\":\"https:\\\/\\\/www.meydan.tv\\\/az\\\/article\\\/qebula-duse-bilmeyen-vetendas-nazire-mektebin-problemlerinden-danisacaqdim\\\/#breadcrumb\"},\"inLanguage\":\"az\",\"potentialAction\":[{\"@type\":\"ReadAction\",\"target\":[\"https:\\\/\\\/www.meydan.tv\\\/az\\\/article\\\/qebula-duse-bilmeyen-vetendas-nazire-mektebin-problemlerinden-danisacaqdim\\\/\"]}]},{\"@type\":\"ImageObject\",\"inLanguage\":\"az\",\"@id\":\"https:\\\/\\\/www.meydan.tv\\\/az\\\/article\\\/qebula-duse-bilmeyen-vetendas-nazire-mektebin-problemlerinden-danisacaqdim\\\/#primaryimage\",\"url\":\"https:\\\/\\\/www.meydan.tv\\\/wp-content\\\/uploads\\\/gence_tehsil_idaresi_-1170x780-1.jpg\",\"contentUrl\":\"https:\\\/\\\/www.meydan.tv\\\/wp-content\\\/uploads\\\/gence_tehsil_idaresi_-1170x780-1.jpg\",\"width\":1200,\"height\":800,\"caption\":\"G\u0259nc\u0259 \u015e\u0259h\u0259r T\u0259hsil \u0130dar\u0259si. Foto: \\\"https:\\\/\\\/ganja.edu.gov.az\\\/\\\"\"},{\"@type\":\"BreadcrumbList\",\"@id\":\"https:\\\/\\\/www.meydan.tv\\\/az\\\/article\\\/qebula-duse-bilmeyen-vetendas-nazire-mektebin-problemlerinden-danisacaqdim\\\/#breadcrumb\",\"itemListElement\":[{\"@type\":\"ListItem\",\"position\":1,\"name\":\"Ana s\u0259hif\u0259\",\"item\":\"https:\\\/\\\/www.meydan.tv\\\/az\\\/\"},{\"@type\":\"ListItem\",\"position\":2,\"name\":\"Sosial\",\"item\":\"https:\\\/\\\/www.meydan.tv\\\/az\\\/section\\\/sosial\\\/\"},{\"@type\":\"ListItem\",\"position\":3,\"name\":\"Q\u0259bula d\u00fc\u015f\u0259 bilm\u0259y\u0259n v\u0259t\u0259nda\u015f: \u201cNazir\u0259 m\u0259kt\u0259bin probleml\u0259rind\u0259n dan\u0131\u015facaqd\u0131m\u201d\"}]},{\"@type\":\"WebSite\",\"@id\":\"https:\\\/\\\/www.meydan.tv\\\/az\\\/#website\",\"url\":\"https:\\\/\\\/www.meydan.tv\\\/az\\\/\",\"name\":\"MEYDAN.TV\",\"description\":\"Meydan TV Az\u0259rbaycan\u0131n media m\u0259kan\u0131ndak\u0131 alternativ s\u0259sidir\",\"publisher\":{\"@id\":\"https:\\\/\\\/www.meydan.tv\\\/az\\\/#organization\"},\"potentialAction\":[{\"@type\":\"SearchAction\",\"target\":{\"@type\":\"EntryPoint\",\"urlTemplate\":\"https:\\\/\\\/www.meydan.tv\\\/az\\\/?s={search_term_string}\"},\"query-input\":{\"@type\":\"PropertyValueSpecification\",\"valueRequired\":true,\"valueName\":\"search_term_string\"}}],\"inLanguage\":\"az\"},{\"@type\":\"Organization\",\"@id\":\"https:\\\/\\\/www.meydan.tv\\\/az\\\/#organization\",\"name\":\"Meydan TV\",\"url\":\"https:\\\/\\\/www.meydan.tv\\\/az\\\/\",\"logo\":{\"@type\":\"ImageObject\",\"inLanguage\":\"az\",\"@id\":\"https:\\\/\\\/www.meydan.tv\\\/az\\\/#\\\/schema\\\/logo\\\/image\\\/\",\"url\":\"https:\\\/\\\/www.meydan.tv\\\/wp-content\\\/uploads\\\/2021\\\/07\\\/meydan-logo.svg\",\"contentUrl\":\"https:\\\/\\\/www.meydan.tv\\\/wp-content\\\/uploads\\\/2021\\\/07\\\/meydan-logo.svg\",\"width\":195,\"height\":46,\"caption\":\"Meydan TV\"},\"image\":{\"@id\":\"https:\\\/\\\/www.meydan.tv\\\/az\\\/#\\\/schema\\\/logo\\\/image\\\/\"}},{\"@type\":\"Person\",\"@id\":\"https:\\\/\\\/www.meydan.tv\\\/az\\\/#\\\/schema\\\/person\\\/9cdbecf90d17180ce1dfbd95b08dcf47\",\"name\":\"elli\",\"sameAs\":[\"https:\\\/\\\/x.com\\\/elli\"]}]}<\/script>\n<!-- \/ Yoast SEO plugin. -->","yoast_head_json":{"title":"Q\u0259bula d\u00fc\u015f\u0259 bilm\u0259y\u0259n v\u0259t\u0259nda\u015f: \u201cNazir\u0259 m\u0259kt\u0259bin probleml\u0259rind\u0259n dan\u0131\u015facaqd\u0131m\u201d - MEYDAN.TV","robots":{"index":"index","follow":"follow","max-snippet":"max-snippet:-1","max-image-preview":"max-image-preview:large","max-video-preview":"max-video-preview:-1"},"canonical":"https:\/\/www.meydan.tv\/az\/article\/qebula-duse-bilmeyen-vetendas-nazire-mektebin-problemlerinden-danisacaqdim\/","og_locale":"az_AZ","og_type":"article","og_title":"Q\u0259bula d\u00fc\u015f\u0259 bilm\u0259y\u0259n v\u0259t\u0259nda\u015f: \u201cNazir\u0259 m\u0259kt\u0259bin probleml\u0259rind\u0259n dan\u0131\u015facaqd\u0131m\u201d - MEYDAN.TV","og_description":"\u201cHam\u0131n\u0131 birinci m\u0259rt\u0259b\u0259d\u0259ki havas\u0131z bir ota\u011fa y\u0131\u011fd\u0131lar, nazirs\u0259 ikinci m\u0259rt\u0259b\u0259d\u0259 ... Davam\u0131","og_url":"https:\/\/www.meydan.tv\/az\/article\/qebula-duse-bilmeyen-vetendas-nazire-mektebin-problemlerinden-danisacaqdim\/","og_site_name":"MEYDAN.TV","article_published_time":"2024-04-23T17:59:04+00:00","article_modified_time":"2024-04-23T18:37:18+00:00","og_image":[{"width":1200,"height":800,"url":"https:\/\/www.meydan.tv\/wp-content\/uploads\/gence_tehsil_idaresi_-1170x780-1.jpg","type":"image\/jpeg"}],"author":"elli","twitter_card":"summary_large_image","twitter_creator":"@elli","schema":{"@context":"https:\/\/schema.org","@graph":[{"@type":"Article","@id":"https:\/\/www.meydan.tv\/az\/article\/qebula-duse-bilmeyen-vetendas-nazire-mektebin-problemlerinden-danisacaqdim\/#article","isPartOf":{"@id":"https:\/\/www.meydan.tv\/az\/article\/qebula-duse-bilmeyen-vetendas-nazire-mektebin-problemlerinden-danisacaqdim\/"},"author":{"name":"elli","@id":"https:\/\/www.meydan.tv\/az\/#\/schema\/person\/9cdbecf90d17180ce1dfbd95b08dcf47"},"headline":"Q\u0259bula d\u00fc\u015f\u0259 bilm\u0259y\u0259n v\u0259t\u0259nda\u015f: \u201cNazir\u0259 m\u0259kt\u0259bin probleml\u0259rind\u0259n dan\u0131\u015facaqd\u0131m\u201d","datePublished":"2024-04-23T17:59:04+00:00","dateModified":"2024-04-23T18:37:18+00:00","mainEntityOfPage":{"@id":"https:\/\/www.meydan.tv\/az\/article\/qebula-duse-bilmeyen-vetendas-nazire-mektebin-problemlerinden-danisacaqdim\/"},"wordCount":998,"publisher":{"@id":"https:\/\/www.meydan.tv\/az\/#organization"},"image":{"@id":"https:\/\/www.meydan.tv\/az\/article\/qebula-duse-bilmeyen-vetendas-nazire-mektebin-problemlerinden-danisacaqdim\/#primaryimage"},"thumbnailUrl":"https:\/\/www.meydan.tv\/wp-content\/uploads\/gence_tehsil_idaresi_-1170x780-1.jpg","articleSection":["Sosial","X\u0259b\u0259rl\u0259r"],"inLanguage":"az"},{"@type":"WebPage","@id":"https:\/\/www.meydan.tv\/az\/article\/qebula-duse-bilmeyen-vetendas-nazire-mektebin-problemlerinden-danisacaqdim\/","url":"https:\/\/www.meydan.tv\/az\/article\/qebula-duse-bilmeyen-vetendas-nazire-mektebin-problemlerinden-danisacaqdim\/","name":"Q\u0259bula d\u00fc\u015f\u0259 bilm\u0259y\u0259n v\u0259t\u0259nda\u015f: \u201cNazir\u0259 m\u0259kt\u0259bin probleml\u0259rind\u0259n dan\u0131\u015facaqd\u0131m\u201d - MEYDAN.TV","isPartOf":{"@id":"https:\/\/www.meydan.tv\/az\/#website"},"primaryImageOfPage":{"@id":"https:\/\/www.meydan.tv\/az\/article\/qebula-duse-bilmeyen-vetendas-nazire-mektebin-problemlerinden-danisacaqdim\/#primaryimage"},"image":{"@id":"https:\/\/www.meydan.tv\/az\/article\/qebula-duse-bilmeyen-vetendas-nazire-mektebin-problemlerinden-danisacaqdim\/#primaryimage"},"thumbnailUrl":"https:\/\/www.meydan.tv\/wp-content\/uploads\/gence_tehsil_idaresi_-1170x780-1.jpg","datePublished":"2024-04-23T17:59:04+00:00","dateModified":"2024-04-23T18:37:18+00:00","breadcrumb":{"@id":"https:\/\/www.meydan.tv\/az\/article\/qebula-duse-bilmeyen-vetendas-nazire-mektebin-problemlerinden-danisacaqdim\/#breadcrumb"},"inLanguage":"az","potentialAction":[{"@type":"ReadAction","target":["https:\/\/www.meydan.tv\/az\/article\/qebula-duse-bilmeyen-vetendas-nazire-mektebin-problemlerinden-danisacaqdim\/"]}]},{"@type":"ImageObject","inLanguage":"az","@id":"https:\/\/www.meydan.tv\/az\/article\/qebula-duse-bilmeyen-vetendas-nazire-mektebin-problemlerinden-danisacaqdim\/#primaryimage","url":"https:\/\/www.meydan.tv\/wp-content\/uploads\/gence_tehsil_idaresi_-1170x780-1.jpg","contentUrl":"https:\/\/www.meydan.tv\/wp-content\/uploads\/gence_tehsil_idaresi_-1170x780-1.jpg","width":1200,"height":800,"caption":"G\u0259nc\u0259 \u015e\u0259h\u0259r T\u0259hsil \u0130dar\u0259si. Foto: \"https:\/\/ganja.edu.gov.az\/\""},{"@type":"BreadcrumbList","@id":"https:\/\/www.meydan.tv\/az\/article\/qebula-duse-bilmeyen-vetendas-nazire-mektebin-problemlerinden-danisacaqdim\/#breadcrumb","itemListElement":[{"@type":"ListItem","position":1,"name":"Ana s\u0259hif\u0259","item":"https:\/\/www.meydan.tv\/az\/"},{"@type":"ListItem","position":2,"name":"Sosial","item":"https:\/\/www.meydan.tv\/az\/section\/sosial\/"},{"@type":"ListItem","position":3,"name":"Q\u0259bula d\u00fc\u015f\u0259 bilm\u0259y\u0259n v\u0259t\u0259nda\u015f: \u201cNazir\u0259 m\u0259kt\u0259bin probleml\u0259rind\u0259n dan\u0131\u015facaqd\u0131m\u201d"}]},{"@type":"WebSite","@id":"https:\/\/www.meydan.tv\/az\/#website","url":"https:\/\/www.meydan.tv\/az\/","name":"MEYDAN.TV","description":"Meydan TV Az\u0259rbaycan\u0131n media m\u0259kan\u0131ndak\u0131 alternativ s\u0259sidir","publisher":{"@id":"https:\/\/www.meydan.tv\/az\/#organization"},"potentialAction":[{"@type":"SearchAction","target":{"@type":"EntryPoint","urlTemplate":"https:\/\/www.meydan.tv\/az\/?s={search_term_string}"},"query-input":{"@type":"PropertyValueSpecification","valueRequired":true,"valueName":"search_term_string"}}],"inLanguage":"az"},{"@type":"Organization","@id":"https:\/\/www.meydan.tv\/az\/#organization","name":"Meydan TV","url":"https:\/\/www.meydan.tv\/az\/","logo":{"@type":"ImageObject","inLanguage":"az","@id":"https:\/\/www.meydan.tv\/az\/#\/schema\/logo\/image\/","url":"https:\/\/www.meydan.tv\/wp-content\/uploads\/2021\/07\/meydan-logo.svg","contentUrl":"https:\/\/www.meydan.tv\/wp-content\/uploads\/2021\/07\/meydan-logo.svg","width":195,"height":46,"caption":"Meydan TV"},"image":{"@id":"https:\/\/www.meydan.tv\/az\/#\/schema\/logo\/image\/"}},{"@type":"Person","@id":"https:\/\/www.meydan.tv\/az\/#\/schema\/person\/9cdbecf90d17180ce1dfbd95b08dcf47","name":"elli","sameAs":["https:\/\/x.com\/elli"]}]}},"_links":{"self":[{"href":"https:\/\/www.meydan.tv\/az\/wp-json\/wp\/v2\/posts\/304128","targetHints":{"allow":["GET"]}}],"collection":[{"href":"https:\/\/www.meydan.tv\/az\/wp-json\/wp\/v2\/posts"}],"about":[{"href":"https:\/\/www.meydan.tv\/az\/wp-json\/wp\/v2\/types\/post"}],"author":[{"embeddable":true,"href":"https:\/\/www.meydan.tv\/az\/wp-json\/wp\/v2\/users\/8"}],"replies":[{"embeddable":true,"href":"https:\/\/www.meydan.tv\/az\/wp-json\/wp\/v2\/comments?post=304128"}],"version-history":[{"count":3,"href":"https:\/\/www.meydan.tv\/az\/wp-json\/wp\/v2\/posts\/304128\/revisions"}],"predecessor-version":[{"id":304140,"href":"https:\/\/www.meydan.tv\/az\/wp-json\/wp\/v2\/posts\/304128\/revisions\/304140"}],"wp:featuredmedia":[{"embeddable":true,"href":"https:\/\/www.meydan.tv\/az\/wp-json\/wp\/v2\/media\/304129"}],"wp:attachment":[{"href":"https:\/\/www.meydan.tv\/az\/wp-json\/wp\/v2\/media?parent=304128"}],"wp:term":[{"taxonomy":"category","embeddable":true,"href":"https:\/\/www.meydan.tv\/az\/wp-json\/wp\/v2\/categories?post=304128"},{"taxonomy":"post_tag","embeddable":true,"href":"https:\/\/www.meydan.tv\/az\/wp-json\/wp\/v2\/tags?post=304128"}],"curies":[{"name":"wp","href":"https:\/\/api.w.org\/{rel}","templated":true}]}}