{"id":304040,"date":"2024-04-23T16:07:50","date_gmt":"2024-04-23T12:07:50","guid":{"rendered":"https:\/\/www.meydan.tv\/?p=304040"},"modified":"2024-04-24T12:45:31","modified_gmt":"2024-04-24T08:45:31","slug":"eri-terefinden-doyulen-qadin-sol-gozum-cixdi-mustentiq-isi-duzgun-aparmadi","status":"publish","type":"post","link":"https:\/\/www.meydan.tv\/az\/article\/eri-terefinden-doyulen-qadin-sol-gozum-cixdi-mustentiq-isi-duzgun-aparmadi\/","title":{"rendered":"\u018fri t\u0259r\u0259find\u0259n d\u00f6y\u00fcl\u0259n qad\u0131n: &#8220;Sol g\u00f6z\u00fcm \u00e7\u0131xd\u0131, m\u00fcst\u0259ntiq i\u015fi d\u00fczg\u00fcn aparmad\u0131&#8221;"},"content":{"rendered":"\n<p><\/p>\n\n\n\n<p><strong><em>Anastasiya Bektimirova aidiyy\u0259ti qurumlar v\u0259 ictimaiyy\u0259td\u0259n d\u0259st\u0259k ist\u0259yib<\/em><\/strong><\/p>\n\n\n\n<p>Bak\u0131 sakini Anastasiya Bektimirova sosial mediada videom\u00fcraci\u0259t yayaraq Az\u0259rbaycan\u0131n m\u0259hk\u0259m\u0259 sistemind\u0259n <a href=\"https:\/\/www.instagram.com\/reel\/C6EknGyK7W_\/\">\u015fikay\u0259tl\u0259nib.<\/a><br><br>\u015eikay\u0259t\u00e7inin s\u00f6zl\u0259rin\u0259 g\u00f6r\u0259, h\u0259yat yolda\u015f\u0131 Yal\u00e7\u0131n Bektimirov 2022-ci il dekabr\u0131n 2-d\u0259 ona qar\u015f\u0131 fiziki zorak\u0131l\u0131q g\u00f6st\u0259rib. N\u0259tic\u0259d\u0259 Anastasiya Bektimirova sol g\u00f6z\u00fcn\u00fc itirib.<\/p>\n\n\n\n<p>Z\u0259r\u0259r\u00e7\u0259k\u0259nin s\u00f6zl\u0259rin\u0259 g\u00f6r\u0259, h\u00fcquq-m\u00fchafiz\u0259 orqanlar\u0131 i\u015fi \u0259dal\u0259tl\u0259 h\u0259ll etmirl\u0259r:<\/p>\n\n\n\n<p><em>\u201cM\u0259hk\u0259m\u0259 sistemi t\u0259r\u0259find\u0259n demoralizasiyaya (m\u00fcharib\u0259d\u0259 m\u0259n\u0259viyyat\u0131 pozmaq m\u0259qs\u0259di da\u015f\u0131yan psixoloji proses-red.) m\u0259ruz qalm\u0131\u015fam. 2022-ci ild\u0259 h\u0259yat yolda\u015f\u0131m Yal\u00e7\u0131n Bektimirov n\u00f6vb\u0259ti \u015fidd\u0259tli dava zaman\u0131 m\u0259ni d\u00f6yd\u00fc. \u00dcz\u00fcm\u0259 u\u015fa\u011f\u0131m\u0131n yan\u0131nda bir ne\u00e7\u0259 z\u0259rb\u0259 endirdi. Z\u0259rb\u0259l\u0259r n\u0259tic\u0259sind\u0259 sol g\u00f6z\u00fcm \u00e7\u0131xd\u0131. T\u0259cili Tibbi Yard\u0131mla x\u0259st\u0259xanaya \u00e7atd\u0131r\u0131ld\u0131m, orada m\u0259ni t\u0259cili \u0259m\u0259liyyat etdil\u0259r. \u018fm\u0259liyyat \u00fcmumi narkoz alt\u0131nda iki saat davam etdi. N\u0259tic\u0259d\u0259 sol g\u00f6z\u00fcm\u00fc tamamil\u0259 itirdim, yerin\u0259 protez qoyuldu. Be\u015f g\u00fcn x\u0259st\u0259xanada yatd\u0131m\u201d.<\/em><\/p>\n\n\n\n<p>\u015eikay\u0259t\u00e7i bildirib ki, ciddi x\u0259sar\u0259t almas\u0131na baxmayaraq, ekspertiza d\u00fczg\u00fcn r\u0259y verm\u0259yib:<\/p>\n\n\n\n<p><em>\u201cHadis\u0259 il\u0259 \u0259laq\u0259dar d\u00f6rd ekspertizadan ke\u00e7dim. \u0130ki ekspertiza m\u0259nim i\u015ftirak\u0131m olmadan ke\u00e7irilib. Birind\u0259 is\u0259 ekspert g\u00f6rm\u0259y\u0259n g\u00f6z\u00fcml\u0259 g\u00f6r\u00fcb-g\u00f6rm\u0259diyim\u0259 dair m\u0259ni \u0259l\u0259 salan suallar verdi. Orqan\u0131n itirilm\u0259si v\u0259 \u00fcz\u00fcm\u00fcn pis hala qalmas\u0131na baxmayaraq, ekspertiza y\u00fcng\u00fcl b\u0259d\u0259n x\u0259sar\u0259ti olmas\u0131na dair r\u0259y verdi. Bunu hadis\u0259 ba\u015f verm\u0259zd\u0259n \u00f6nc\u0259 g\u00f6z\u00fcmd\u0259 qlaukoman\u0131n (g\u00f6zdaxili mayenin rahat xaric ola bilm\u0259m\u0259si n\u0259tic\u0259sind\u0259 g\u00f6z t\u0259zyiqinin artmas\u0131 il\u0259 m\u00fc\u015fahid\u0259 olunan x\u0259st\u0259lik-red.) olmas\u0131 il\u0259 \u0259laq\u0259l\u0259ndirdil\u0259r\u201d.<\/em><\/p>\n\n\n\n<p>V\u0259t\u0259nda\u015f\u0131n dediyin\u0259 g\u00f6r\u0259, m\u00fcst\u0259ntiq israrla orqan\u0131n itirilm\u0259si v\u0259 \u00fcz\u00fcn pis hala qalmas\u0131 il\u0259 \u0259laq\u0259dar m\u00fcvafiq cinay\u0259t i\u015finin a\u00e7\u0131lmas\u0131n\u0131 ist\u0259m\u0259yib:<\/p>\n\n\n\n<p><em>\u201cM\u0259hk\u0259m\u0259d\u0259 ittiham\u00e7\u0131 qar\u015f\u0131 t\u0259r\u0259fin d\u00f6rd il azadl\u0131qdan m\u0259hrum edilm\u0259si t\u0259l\u0259bi il\u0259 \u00e7\u0131x\u0131\u015f edib. Lakin Yasamal Rayon M\u0259hk\u0259m\u0259si m\u00fcst\u0259ntiqin v\u0259 ekspertin q\u0259rar\u0131na s\u00f6yk\u0259n\u0259r\u0259k Yal\u00e7\u0131n Bektimirovu \u0259zab verm\u0259 madd\u0259si il\u0259 t\u0259qsirli bilib v\u0259 ona iki il h\u0259bs c\u0259zas\u0131 t\u0259yin edib. M\u0259hk\u0259m\u0259 sa\u011flaml\u0131\u011fa d\u0259y\u0259n z\u0259r\u0259rin \u00f6d\u0259nilm\u0259si il\u0259 ba\u011fl\u0131 iddiama baxmay\u0131b. M\u00fclki i\u015fl\u0259r \u00fczr\u0259 m\u0259hk\u0259m\u0259si is\u0259 \u0259mlak b\u00f6lg\u00fcs\u00fc zaman\u0131 evi yar\u0131bayar\u0131 b\u00f6l\u00fcb. Cavabdeh \u015f\u0259rti azadl\u0131\u011fa burax\u0131la bil\u0259r. H\u0259tta cinay\u0259t t\u00f6r\u0259tm\u0259sin\u0259 baxmayaraq, m\u0259hk\u0259m\u0259 onu azad ed\u0259nd\u0259n sonra h\u0259min m\u0259nzil\u0259 yerl\u0259\u015f\u0259 bil\u0259r. Bu da birba\u015fa m\u0259nim v\u0259 u\u015faqlar\u0131m \u00fc\u00e7\u00fcn t\u0259hl\u00fck\u0259 ola bil\u0259r&#8221;.<\/em><\/p>\n\n\n\n<p><em>&#8220;T\u0259krar edir\u0259m, m\u0259hk\u0259m\u0259 onun eyni m\u0259nzil\u0259 yerl\u0259\u015fdirilm\u0259si haqq\u0131nda q\u0259rar verib. Hans\u0131 ki bu evd\u0259 m\u0259n u\u015faqlar\u0131mla birg\u0259 ya\u015fay\u0131ram. Haz\u0131rda h\u0259yat\u0131m aidiyy\u0259ti qurumlara m\u00fcraci\u0259tl\u0259rl\u0259 ke\u00e7ir. G\u00fcc\u00fcm t\u00fck\u0259nir, d\u00f6vl\u0259tin m\u00fcdafi\u0259sind\u0259n m\u0259hrum olmu\u015fam. \u00c7\u0131x\u0131lmaz v\u0259ziyy\u0259td\u0259 qalm\u0131\u015fam. M\u0259n ictimaiyy\u0259t\u0259 m\u00fcraci\u0259t ed\u0259r\u0259k bu m\u0259s\u0259l\u0259nin adekvat, \u0259dal\u0259tl\u0259 h\u0259ll edilm\u0259sini xahi\u015f edir\u0259m\u201d,<\/em> &#8211; dey\u0259 o bildirib.<\/p>\n\n\n\n<p>2024-c\u00fc ild\u0259 Yal\u00e7\u0131n Bektimirov Yasamal Rayon M\u0259hk\u0259m\u0259si t\u0259r\u0259find\u0259n Cinay\u0259t M\u0259c\u0259ll\u0259sinin 133.2.6-c\u0131 (\u018fzab verm\u0259) madd\u0259si il\u0259 t\u0259qsirli bilin\u0259r\u0259k iki il azadl\u0131qdan m\u0259hrum edilib.<\/p>\n\n\n\n<p>Anastasiya Bektimirova bildirib ki, i\u015fl\u0259 ba\u011fl\u0131 apelyasiya m\u0259hk\u0259m\u0259si 2024-c\u00fc il aprelin 25-d\u0259 ke\u00e7iril\u0259c\u0259k.<\/p>\n\n\n\n<p>Meydan TV m\u0259s\u0259l\u0259 il\u0259 \u0259laq\u0259dar Ba\u015f Prokurorluq v\u0259 Ombudsmana sor\u011fu g\u00f6nd\u0259rs\u0259 d\u0259, cavabland\u0131r\u0131lmay\u0131b.<\/p>\n\n\n\n<p>Daxili \u0130\u015fl\u0259r Nazirliyind\u0259n Meydan TV-nin sor\u011fusuna cavab olaraq bildirilib ki, v\u0259t\u0259nda\u015f Anastasiya Bektimirova 2022-ci il dekabr\u0131n 2-d\u0259 \u201c102\u201d Xidm\u0259ti-Z\u0259ng M\u0259rk\u0259zin\u0259 v\u0259 Yasamal Rayon Polis \u0130dar\u0259sinin 27-ci Polis B\u00f6lm\u0259sin\u0259 m\u00fcraci\u0259tl\u0259r ed\u0259r\u0259k \u0259ri Yal\u00e7\u0131n Bektimirov t\u0259r\u0259find\u0259n d\u00f6y\u00fcl\u0259r\u0259k x\u0259sar\u0259tl\u0259r almas\u0131n\u0131 bildirib.<\/p>\n\n\n\n<p>M\u00fcraci\u0259t \u0259sas\u0131nda t\u0259hqiqat ara\u015fd\u0131rmas\u0131 ba\u015flan\u0131l\u0131b, m\u00fcvafiq ekspertiza t\u0259yin edilib.<\/p>\n\n\n\n<p>\u201c2022-ci il dekabr\u0131nda Yal\u00e7\u0131n Bektimirov t\u0259r\u0259find\u0259n Anastasiya Bektimirovaya sol g\u00f6z\u00fcn konyuktiva qi\u015fas\u0131 alt\u0131nda qans\u0131zma il\u0259 m\u00fc\u015fayi\u0259t olunan sol g\u00f6z yuvas\u0131 nahiy\u0259sinin qan\u00e7\u0131r\u0131, sol saidin v\u0259 sol \u0259lin qan\u00e7\u0131rlar\u0131 x\u0259sar\u0259tl\u0259ri yetirib q\u0259sd\u0259n onun sa\u011flaml\u0131\u011f\u0131na y\u00fcng\u00fcl z\u0259r\u0259r vurmas\u0131 fakt\u0131 il\u0259 ba\u011fl\u0131 Yasamal Rayon Polis \u0130dar\u0259sind\u0259 Cinay\u0259t M\u0259c\u0259ll\u0259sinin q\u0259sd\u0259n sa\u011flaml\u0131\u011fa y\u00fcng\u00fcl z\u0259r\u0259r vurma madd\u0259si il\u0259 cinay\u0259t i\u015fi ba\u015flan\u0131l\u0131b. \u0130stintaqla Yal\u00e7\u0131n Bektimirovun Anastasiya Bektimirovan\u0131 m\u00fct\u0259madi olaraq d\u00f6ym\u0259kl\u0259, zorak\u0131 h\u0259r\u0259k\u0259tl\u0259rl\u0259 g\u00fccl\u00fc fiziki a\u011fr\u0131 v\u0259 ya psixi iztirablar verm\u0259si m\u00fc\u0259yy\u0259n edildiyind\u0259n cinay\u0259t \u0259m\u0259li Cinay\u0259t M\u0259c\u0259ll\u0259sinin \u0259zab verm\u0259, i\u015fg\u0259nc\u0259 verm\u0259kl\u0259 t\u00f6r\u0259dildikd\u0259 madd\u0259sin\u0259 t\u00f6vsif edilib. 2023-c\u00fc ilin avqustunda Yal\u00e7\u0131n Bektimirov bar\u0259sind\u0259 h\u0259min madd\u0259 il\u0259 h\u0259bs q\u0259timkan t\u0259dbiri se\u00e7ilib\u201d, &#8211; D\u0130N-in cavab\u0131nda deyilir. <\/p>\n\n\n\n<p>Qurumun cavab\u0131nda h\u0259m\u00e7inin qeyd olunur ki, cinay\u0259t i\u015fi \u00fczr\u0259 d\u0259f\u0259l\u0259rl\u0259 t\u0259yin edil\u0259n t\u0259krar v\u0259 komisyon m\u0259hk\u0259m\u0259-tibbi ekspertizas\u0131n\u0131n r\u0259yl\u0259rind\u0259 Anastasiya Bektimirovan\u0131n sol g\u00f6z\u00fcn skleras\u0131n\u0131n rupturas\u0131na (c\u0131r\u0131lmas\u0131na) s\u0259b\u0259b h\u0259yat yolda\u015f\u0131n\u0131n yetirdiyi x\u0259sar\u0259t deyil, ald\u0131\u011f\u0131 travmadan \u0259vv\u0259l d\u00fc\u00e7ar oldu\u011fu qlaukoma x\u0259st\u0259liyidir.<\/p>\n\n\n\n<p>Faktla ba\u011fl\u0131 Yasamal RP\u0130-nin \u0130stintaq \u015e\u00f6b\u0259sind\u0259 Cinay\u0259t M\u0259c\u0259ll\u0259sinin 133.2.6-c\u0131 (\u0259zab verm\u0259 i\u015fg\u0259nc\u0259 verm\u0259kl\u0259 t\u00f6r\u0259dildikd\u0259) madd\u0259sil\u0259 cinay\u0259t i\u015fi ba\u015flan\u0131l\u0131b.<\/p>\n\n\n\n<p>\u0130\u015f \u00fczr\u0259 toplanm\u0131\u015f materiallar bax\u0131lmas\u0131 \u00fc\u00e7\u00fcn m\u0259hk\u0259m\u0259y\u0259 g\u00f6nd\u0259rilib.<\/p>\n\n\n\n<p>M\u0259hk\u0259m\u0259nin q\u0259rar\u0131 il\u0259 Yal\u00e7\u0131n Bektimirov bar\u0259sind\u0259 2 il m\u00fcdd\u0259tin\u0259 h\u0259bs q\u0259timkan t\u0259dbiri se\u00e7ilib.<\/p>\n\n\n\n<p>Daxili \u0130\u015fl\u0259r Nazirliyind\u0259n o da bildirilib ki, Anastasiya Bektimirovan\u0131n m\u00fcraci\u0259ti n\u0259zar\u0259t\u0259 g\u00f6t\u00fcr\u00fclm\u0259kl\u0259, onu narahat ed\u0259n hallar\u0131n aradan qald\u0131r\u0131lmas\u0131 \u00fc\u00e7\u00fcn aidiyy\u0259ti h\u00fcquq-m\u00fchafiz\u0259 orqanlar\u0131 il\u0259 birg\u0259 t\u0259dbirl\u0259r g\u00f6r\u00fcl\u00fcr.<\/p>\n","protected":false},"excerpt":{"rendered":"<p>Anastasiya Bektimirova aidiyy\u0259ti qurumlar v\u0259 ictimaiyy\u0259td\u0259n d\u0259st\u0259k ist\u0259yib Bak\u0131 sakini &#8230; <\/p>\n<p class=\"read-more-container\"><a title=\"\u018fri t\u0259r\u0259find\u0259n d\u00f6y\u00fcl\u0259n qad\u0131n: &#8220;Sol g\u00f6z\u00fcm \u00e7\u0131xd\u0131, m\u00fcst\u0259ntiq i\u015fi d\u00fczg\u00fcn aparmad\u0131&#8221;\" class=\"read-more button\" href=\"https:\/\/www.meydan.tv\/az\/article\/eri-terefinden-doyulen-qadin-sol-gozum-cixdi-mustentiq-isi-duzgun-aparmadi\/#more-304040\" aria-label=\"Read more about \u018fri t\u0259r\u0259find\u0259n d\u00f6y\u00fcl\u0259n qad\u0131n: &#8220;Sol g\u00f6z\u00fcm \u00e7\u0131xd\u0131, m\u00fcst\u0259ntiq i\u015fi d\u00fczg\u00fcn aparmad\u0131&#8221;\">Davam\u0131<\/a><\/p>\n","protected":false},"author":8,"featured_media":304041,"comment_status":"closed","ping_status":"closed","sticky":false,"template":"","format":"standard","meta":{"_acf_changed":false,"_sitemap_exclude":false,"_sitemap_priority":"","_sitemap_frequency":"","footnotes":""},"categories":[62,56],"tags":[],"class_list":["post-304040","post","type-post","status-publish","format-standard","has-post-thumbnail","hentry","category-sosial","category-xeberler","infinite-scroll-item","generate-columns","tablet-grid-50","mobile-grid-100","grid-parent","grid-33","no-featured-image-padding"],"acf":[],"yoast_head":"<!-- This site is optimized with the Yoast SEO plugin v27.5 - https:\/\/yoast.com\/product\/yoast-seo-wordpress\/ -->\n<title>\u018fri t\u0259r\u0259find\u0259n d\u00f6y\u00fcl\u0259n qad\u0131n: &quot;Sol g\u00f6z\u00fcm \u00e7\u0131xd\u0131, m\u00fcst\u0259ntiq i\u015fi d\u00fczg\u00fcn aparmad\u0131&quot; - MEYDAN.TV<\/title>\n<meta name=\"robots\" content=\"index, follow, max-snippet:-1, max-image-preview:large, max-video-preview:-1\" \/>\n<link rel=\"canonical\" href=\"https:\/\/www.meydan.tv\/az\/article\/eri-terefinden-doyulen-qadin-sol-gozum-cixdi-mustentiq-isi-duzgun-aparmadi\/\" \/>\n<meta property=\"og:locale\" content=\"az_AZ\" \/>\n<meta property=\"og:type\" content=\"article\" \/>\n<meta property=\"og:title\" content=\"\u018fri t\u0259r\u0259find\u0259n d\u00f6y\u00fcl\u0259n qad\u0131n: &quot;Sol g\u00f6z\u00fcm \u00e7\u0131xd\u0131, m\u00fcst\u0259ntiq i\u015fi d\u00fczg\u00fcn aparmad\u0131&quot; - MEYDAN.TV\" \/>\n<meta property=\"og:description\" content=\"Anastasiya Bektimirova aidiyy\u0259ti qurumlar v\u0259 ictimaiyy\u0259td\u0259n d\u0259st\u0259k ist\u0259yib Bak\u0131 sakini ... Davam\u0131\" \/>\n<meta property=\"og:url\" content=\"https:\/\/www.meydan.tv\/az\/article\/eri-terefinden-doyulen-qadin-sol-gozum-cixdi-mustentiq-isi-duzgun-aparmadi\/\" \/>\n<meta property=\"og:site_name\" content=\"MEYDAN.TV\" \/>\n<meta property=\"article:published_time\" content=\"2024-04-23T12:07:50+00:00\" \/>\n<meta property=\"article:modified_time\" content=\"2024-04-24T08:45:31+00:00\" \/>\n<meta property=\"og:image\" content=\"https:\/\/www.meydan.tv\/wp-content\/uploads\/screenshot_2-25.png\" \/>\n\t<meta property=\"og:image:width\" content=\"1200\" \/>\n\t<meta property=\"og:image:height\" content=\"899\" \/>\n\t<meta property=\"og:image:type\" content=\"image\/png\" \/>\n<meta name=\"author\" content=\"elli\" \/>\n<meta name=\"twitter:card\" content=\"summary_large_image\" \/>\n<meta name=\"twitter:creator\" content=\"@elli\" \/>\n<script type=\"application\/ld+json\" class=\"yoast-schema-graph\">{\"@context\":\"https:\\\/\\\/schema.org\",\"@graph\":[{\"@type\":\"Article\",\"@id\":\"https:\\\/\\\/www.meydan.tv\\\/az\\\/article\\\/eri-terefinden-doyulen-qadin-sol-gozum-cixdi-mustentiq-isi-duzgun-aparmadi\\\/#article\",\"isPartOf\":{\"@id\":\"https:\\\/\\\/www.meydan.tv\\\/az\\\/article\\\/eri-terefinden-doyulen-qadin-sol-gozum-cixdi-mustentiq-isi-duzgun-aparmadi\\\/\"},\"author\":{\"name\":\"elli\",\"@id\":\"https:\\\/\\\/www.meydan.tv\\\/az\\\/#\\\/schema\\\/person\\\/9cdbecf90d17180ce1dfbd95b08dcf47\"},\"headline\":\"\u018fri t\u0259r\u0259find\u0259n d\u00f6y\u00fcl\u0259n qad\u0131n: &#8220;Sol g\u00f6z\u00fcm \u00e7\u0131xd\u0131, m\u00fcst\u0259ntiq i\u015fi d\u00fczg\u00fcn aparmad\u0131&#8221;\",\"datePublished\":\"2024-04-23T12:07:50+00:00\",\"dateModified\":\"2024-04-24T08:45:31+00:00\",\"mainEntityOfPage\":{\"@id\":\"https:\\\/\\\/www.meydan.tv\\\/az\\\/article\\\/eri-terefinden-doyulen-qadin-sol-gozum-cixdi-mustentiq-isi-duzgun-aparmadi\\\/\"},\"wordCount\":1225,\"publisher\":{\"@id\":\"https:\\\/\\\/www.meydan.tv\\\/az\\\/#organization\"},\"image\":{\"@id\":\"https:\\\/\\\/www.meydan.tv\\\/az\\\/article\\\/eri-terefinden-doyulen-qadin-sol-gozum-cixdi-mustentiq-isi-duzgun-aparmadi\\\/#primaryimage\"},\"thumbnailUrl\":\"https:\\\/\\\/www.meydan.tv\\\/wp-content\\\/uploads\\\/screenshot_2-25.png\",\"articleSection\":[\"Sosial\",\"X\u0259b\u0259rl\u0259r\"],\"inLanguage\":\"az\"},{\"@type\":\"WebPage\",\"@id\":\"https:\\\/\\\/www.meydan.tv\\\/az\\\/article\\\/eri-terefinden-doyulen-qadin-sol-gozum-cixdi-mustentiq-isi-duzgun-aparmadi\\\/\",\"url\":\"https:\\\/\\\/www.meydan.tv\\\/az\\\/article\\\/eri-terefinden-doyulen-qadin-sol-gozum-cixdi-mustentiq-isi-duzgun-aparmadi\\\/\",\"name\":\"\u018fri t\u0259r\u0259find\u0259n d\u00f6y\u00fcl\u0259n qad\u0131n: \\\"Sol g\u00f6z\u00fcm \u00e7\u0131xd\u0131, m\u00fcst\u0259ntiq i\u015fi d\u00fczg\u00fcn aparmad\u0131\\\" - MEYDAN.TV\",\"isPartOf\":{\"@id\":\"https:\\\/\\\/www.meydan.tv\\\/az\\\/#website\"},\"primaryImageOfPage\":{\"@id\":\"https:\\\/\\\/www.meydan.tv\\\/az\\\/article\\\/eri-terefinden-doyulen-qadin-sol-gozum-cixdi-mustentiq-isi-duzgun-aparmadi\\\/#primaryimage\"},\"image\":{\"@id\":\"https:\\\/\\\/www.meydan.tv\\\/az\\\/article\\\/eri-terefinden-doyulen-qadin-sol-gozum-cixdi-mustentiq-isi-duzgun-aparmadi\\\/#primaryimage\"},\"thumbnailUrl\":\"https:\\\/\\\/www.meydan.tv\\\/wp-content\\\/uploads\\\/screenshot_2-25.png\",\"datePublished\":\"2024-04-23T12:07:50+00:00\",\"dateModified\":\"2024-04-24T08:45:31+00:00\",\"breadcrumb\":{\"@id\":\"https:\\\/\\\/www.meydan.tv\\\/az\\\/article\\\/eri-terefinden-doyulen-qadin-sol-gozum-cixdi-mustentiq-isi-duzgun-aparmadi\\\/#breadcrumb\"},\"inLanguage\":\"az\",\"potentialAction\":[{\"@type\":\"ReadAction\",\"target\":[\"https:\\\/\\\/www.meydan.tv\\\/az\\\/article\\\/eri-terefinden-doyulen-qadin-sol-gozum-cixdi-mustentiq-isi-duzgun-aparmadi\\\/\"]}]},{\"@type\":\"ImageObject\",\"inLanguage\":\"az\",\"@id\":\"https:\\\/\\\/www.meydan.tv\\\/az\\\/article\\\/eri-terefinden-doyulen-qadin-sol-gozum-cixdi-mustentiq-isi-duzgun-aparmadi\\\/#primaryimage\",\"url\":\"https:\\\/\\\/www.meydan.tv\\\/wp-content\\\/uploads\\\/screenshot_2-25.png\",\"contentUrl\":\"https:\\\/\\\/www.meydan.tv\\\/wp-content\\\/uploads\\\/screenshot_2-25.png\",\"width\":1200,\"height\":899,\"caption\":\"Foto: Anastasiya Bektimirovan\u0131n instagram s\u0259hif\u0259sind\u0259n\"},{\"@type\":\"BreadcrumbList\",\"@id\":\"https:\\\/\\\/www.meydan.tv\\\/az\\\/article\\\/eri-terefinden-doyulen-qadin-sol-gozum-cixdi-mustentiq-isi-duzgun-aparmadi\\\/#breadcrumb\",\"itemListElement\":[{\"@type\":\"ListItem\",\"position\":1,\"name\":\"Ana s\u0259hif\u0259\",\"item\":\"https:\\\/\\\/www.meydan.tv\\\/az\\\/\"},{\"@type\":\"ListItem\",\"position\":2,\"name\":\"Sosial\",\"item\":\"https:\\\/\\\/www.meydan.tv\\\/az\\\/section\\\/sosial\\\/\"},{\"@type\":\"ListItem\",\"position\":3,\"name\":\"\u018fri t\u0259r\u0259find\u0259n d\u00f6y\u00fcl\u0259n qad\u0131n: &#8220;Sol g\u00f6z\u00fcm \u00e7\u0131xd\u0131, m\u00fcst\u0259ntiq i\u015fi d\u00fczg\u00fcn aparmad\u0131&#8221;\"}]},{\"@type\":\"WebSite\",\"@id\":\"https:\\\/\\\/www.meydan.tv\\\/az\\\/#website\",\"url\":\"https:\\\/\\\/www.meydan.tv\\\/az\\\/\",\"name\":\"MEYDAN.TV\",\"description\":\"Meydan TV Az\u0259rbaycan\u0131n media m\u0259kan\u0131ndak\u0131 alternativ s\u0259sidir\",\"publisher\":{\"@id\":\"https:\\\/\\\/www.meydan.tv\\\/az\\\/#organization\"},\"potentialAction\":[{\"@type\":\"SearchAction\",\"target\":{\"@type\":\"EntryPoint\",\"urlTemplate\":\"https:\\\/\\\/www.meydan.tv\\\/az\\\/?s={search_term_string}\"},\"query-input\":{\"@type\":\"PropertyValueSpecification\",\"valueRequired\":true,\"valueName\":\"search_term_string\"}}],\"inLanguage\":\"az\"},{\"@type\":\"Organization\",\"@id\":\"https:\\\/\\\/www.meydan.tv\\\/az\\\/#organization\",\"name\":\"Meydan TV\",\"url\":\"https:\\\/\\\/www.meydan.tv\\\/az\\\/\",\"logo\":{\"@type\":\"ImageObject\",\"inLanguage\":\"az\",\"@id\":\"https:\\\/\\\/www.meydan.tv\\\/az\\\/#\\\/schema\\\/logo\\\/image\\\/\",\"url\":\"https:\\\/\\\/www.meydan.tv\\\/wp-content\\\/uploads\\\/2021\\\/07\\\/meydan-logo.svg\",\"contentUrl\":\"https:\\\/\\\/www.meydan.tv\\\/wp-content\\\/uploads\\\/2021\\\/07\\\/meydan-logo.svg\",\"width\":195,\"height\":46,\"caption\":\"Meydan TV\"},\"image\":{\"@id\":\"https:\\\/\\\/www.meydan.tv\\\/az\\\/#\\\/schema\\\/logo\\\/image\\\/\"}},{\"@type\":\"Person\",\"@id\":\"https:\\\/\\\/www.meydan.tv\\\/az\\\/#\\\/schema\\\/person\\\/9cdbecf90d17180ce1dfbd95b08dcf47\",\"name\":\"elli\",\"sameAs\":[\"https:\\\/\\\/x.com\\\/elli\"]}]}<\/script>\n<!-- \/ Yoast SEO plugin. -->","yoast_head_json":{"title":"\u018fri t\u0259r\u0259find\u0259n d\u00f6y\u00fcl\u0259n qad\u0131n: \"Sol g\u00f6z\u00fcm \u00e7\u0131xd\u0131, m\u00fcst\u0259ntiq i\u015fi d\u00fczg\u00fcn aparmad\u0131\" - MEYDAN.TV","robots":{"index":"index","follow":"follow","max-snippet":"max-snippet:-1","max-image-preview":"max-image-preview:large","max-video-preview":"max-video-preview:-1"},"canonical":"https:\/\/www.meydan.tv\/az\/article\/eri-terefinden-doyulen-qadin-sol-gozum-cixdi-mustentiq-isi-duzgun-aparmadi\/","og_locale":"az_AZ","og_type":"article","og_title":"\u018fri t\u0259r\u0259find\u0259n d\u00f6y\u00fcl\u0259n qad\u0131n: \"Sol g\u00f6z\u00fcm \u00e7\u0131xd\u0131, m\u00fcst\u0259ntiq i\u015fi d\u00fczg\u00fcn aparmad\u0131\" - MEYDAN.TV","og_description":"Anastasiya Bektimirova aidiyy\u0259ti qurumlar v\u0259 ictimaiyy\u0259td\u0259n d\u0259st\u0259k ist\u0259yib Bak\u0131 sakini ... Davam\u0131","og_url":"https:\/\/www.meydan.tv\/az\/article\/eri-terefinden-doyulen-qadin-sol-gozum-cixdi-mustentiq-isi-duzgun-aparmadi\/","og_site_name":"MEYDAN.TV","article_published_time":"2024-04-23T12:07:50+00:00","article_modified_time":"2024-04-24T08:45:31+00:00","og_image":[{"width":1200,"height":899,"url":"https:\/\/www.meydan.tv\/wp-content\/uploads\/screenshot_2-25.png","type":"image\/png"}],"author":"elli","twitter_card":"summary_large_image","twitter_creator":"@elli","schema":{"@context":"https:\/\/schema.org","@graph":[{"@type":"Article","@id":"https:\/\/www.meydan.tv\/az\/article\/eri-terefinden-doyulen-qadin-sol-gozum-cixdi-mustentiq-isi-duzgun-aparmadi\/#article","isPartOf":{"@id":"https:\/\/www.meydan.tv\/az\/article\/eri-terefinden-doyulen-qadin-sol-gozum-cixdi-mustentiq-isi-duzgun-aparmadi\/"},"author":{"name":"elli","@id":"https:\/\/www.meydan.tv\/az\/#\/schema\/person\/9cdbecf90d17180ce1dfbd95b08dcf47"},"headline":"\u018fri t\u0259r\u0259find\u0259n d\u00f6y\u00fcl\u0259n qad\u0131n: &#8220;Sol g\u00f6z\u00fcm \u00e7\u0131xd\u0131, m\u00fcst\u0259ntiq i\u015fi d\u00fczg\u00fcn aparmad\u0131&#8221;","datePublished":"2024-04-23T12:07:50+00:00","dateModified":"2024-04-24T08:45:31+00:00","mainEntityOfPage":{"@id":"https:\/\/www.meydan.tv\/az\/article\/eri-terefinden-doyulen-qadin-sol-gozum-cixdi-mustentiq-isi-duzgun-aparmadi\/"},"wordCount":1225,"publisher":{"@id":"https:\/\/www.meydan.tv\/az\/#organization"},"image":{"@id":"https:\/\/www.meydan.tv\/az\/article\/eri-terefinden-doyulen-qadin-sol-gozum-cixdi-mustentiq-isi-duzgun-aparmadi\/#primaryimage"},"thumbnailUrl":"https:\/\/www.meydan.tv\/wp-content\/uploads\/screenshot_2-25.png","articleSection":["Sosial","X\u0259b\u0259rl\u0259r"],"inLanguage":"az"},{"@type":"WebPage","@id":"https:\/\/www.meydan.tv\/az\/article\/eri-terefinden-doyulen-qadin-sol-gozum-cixdi-mustentiq-isi-duzgun-aparmadi\/","url":"https:\/\/www.meydan.tv\/az\/article\/eri-terefinden-doyulen-qadin-sol-gozum-cixdi-mustentiq-isi-duzgun-aparmadi\/","name":"\u018fri t\u0259r\u0259find\u0259n d\u00f6y\u00fcl\u0259n qad\u0131n: \"Sol g\u00f6z\u00fcm \u00e7\u0131xd\u0131, m\u00fcst\u0259ntiq i\u015fi d\u00fczg\u00fcn aparmad\u0131\" - MEYDAN.TV","isPartOf":{"@id":"https:\/\/www.meydan.tv\/az\/#website"},"primaryImageOfPage":{"@id":"https:\/\/www.meydan.tv\/az\/article\/eri-terefinden-doyulen-qadin-sol-gozum-cixdi-mustentiq-isi-duzgun-aparmadi\/#primaryimage"},"image":{"@id":"https:\/\/www.meydan.tv\/az\/article\/eri-terefinden-doyulen-qadin-sol-gozum-cixdi-mustentiq-isi-duzgun-aparmadi\/#primaryimage"},"thumbnailUrl":"https:\/\/www.meydan.tv\/wp-content\/uploads\/screenshot_2-25.png","datePublished":"2024-04-23T12:07:50+00:00","dateModified":"2024-04-24T08:45:31+00:00","breadcrumb":{"@id":"https:\/\/www.meydan.tv\/az\/article\/eri-terefinden-doyulen-qadin-sol-gozum-cixdi-mustentiq-isi-duzgun-aparmadi\/#breadcrumb"},"inLanguage":"az","potentialAction":[{"@type":"ReadAction","target":["https:\/\/www.meydan.tv\/az\/article\/eri-terefinden-doyulen-qadin-sol-gozum-cixdi-mustentiq-isi-duzgun-aparmadi\/"]}]},{"@type":"ImageObject","inLanguage":"az","@id":"https:\/\/www.meydan.tv\/az\/article\/eri-terefinden-doyulen-qadin-sol-gozum-cixdi-mustentiq-isi-duzgun-aparmadi\/#primaryimage","url":"https:\/\/www.meydan.tv\/wp-content\/uploads\/screenshot_2-25.png","contentUrl":"https:\/\/www.meydan.tv\/wp-content\/uploads\/screenshot_2-25.png","width":1200,"height":899,"caption":"Foto: Anastasiya Bektimirovan\u0131n instagram s\u0259hif\u0259sind\u0259n"},{"@type":"BreadcrumbList","@id":"https:\/\/www.meydan.tv\/az\/article\/eri-terefinden-doyulen-qadin-sol-gozum-cixdi-mustentiq-isi-duzgun-aparmadi\/#breadcrumb","itemListElement":[{"@type":"ListItem","position":1,"name":"Ana s\u0259hif\u0259","item":"https:\/\/www.meydan.tv\/az\/"},{"@type":"ListItem","position":2,"name":"Sosial","item":"https:\/\/www.meydan.tv\/az\/section\/sosial\/"},{"@type":"ListItem","position":3,"name":"\u018fri t\u0259r\u0259find\u0259n d\u00f6y\u00fcl\u0259n qad\u0131n: &#8220;Sol g\u00f6z\u00fcm \u00e7\u0131xd\u0131, m\u00fcst\u0259ntiq i\u015fi d\u00fczg\u00fcn aparmad\u0131&#8221;"}]},{"@type":"WebSite","@id":"https:\/\/www.meydan.tv\/az\/#website","url":"https:\/\/www.meydan.tv\/az\/","name":"MEYDAN.TV","description":"Meydan TV Az\u0259rbaycan\u0131n media m\u0259kan\u0131ndak\u0131 alternativ s\u0259sidir","publisher":{"@id":"https:\/\/www.meydan.tv\/az\/#organization"},"potentialAction":[{"@type":"SearchAction","target":{"@type":"EntryPoint","urlTemplate":"https:\/\/www.meydan.tv\/az\/?s={search_term_string}"},"query-input":{"@type":"PropertyValueSpecification","valueRequired":true,"valueName":"search_term_string"}}],"inLanguage":"az"},{"@type":"Organization","@id":"https:\/\/www.meydan.tv\/az\/#organization","name":"Meydan TV","url":"https:\/\/www.meydan.tv\/az\/","logo":{"@type":"ImageObject","inLanguage":"az","@id":"https:\/\/www.meydan.tv\/az\/#\/schema\/logo\/image\/","url":"https:\/\/www.meydan.tv\/wp-content\/uploads\/2021\/07\/meydan-logo.svg","contentUrl":"https:\/\/www.meydan.tv\/wp-content\/uploads\/2021\/07\/meydan-logo.svg","width":195,"height":46,"caption":"Meydan TV"},"image":{"@id":"https:\/\/www.meydan.tv\/az\/#\/schema\/logo\/image\/"}},{"@type":"Person","@id":"https:\/\/www.meydan.tv\/az\/#\/schema\/person\/9cdbecf90d17180ce1dfbd95b08dcf47","name":"elli","sameAs":["https:\/\/x.com\/elli"]}]}},"_links":{"self":[{"href":"https:\/\/www.meydan.tv\/az\/wp-json\/wp\/v2\/posts\/304040","targetHints":{"allow":["GET"]}}],"collection":[{"href":"https:\/\/www.meydan.tv\/az\/wp-json\/wp\/v2\/posts"}],"about":[{"href":"https:\/\/www.meydan.tv\/az\/wp-json\/wp\/v2\/types\/post"}],"author":[{"embeddable":true,"href":"https:\/\/www.meydan.tv\/az\/wp-json\/wp\/v2\/users\/8"}],"replies":[{"embeddable":true,"href":"https:\/\/www.meydan.tv\/az\/wp-json\/wp\/v2\/comments?post=304040"}],"version-history":[{"count":8,"href":"https:\/\/www.meydan.tv\/az\/wp-json\/wp\/v2\/posts\/304040\/revisions"}],"predecessor-version":[{"id":304150,"href":"https:\/\/www.meydan.tv\/az\/wp-json\/wp\/v2\/posts\/304040\/revisions\/304150"}],"wp:featuredmedia":[{"embeddable":true,"href":"https:\/\/www.meydan.tv\/az\/wp-json\/wp\/v2\/media\/304041"}],"wp:attachment":[{"href":"https:\/\/www.meydan.tv\/az\/wp-json\/wp\/v2\/media?parent=304040"}],"wp:term":[{"taxonomy":"category","embeddable":true,"href":"https:\/\/www.meydan.tv\/az\/wp-json\/wp\/v2\/categories?post=304040"},{"taxonomy":"post_tag","embeddable":true,"href":"https:\/\/www.meydan.tv\/az\/wp-json\/wp\/v2\/tags?post=304040"}],"curies":[{"name":"wp","href":"https:\/\/api.w.org\/{rel}","templated":true}]}}