{"id":303926,"date":"2024-04-22T17:03:18","date_gmt":"2024-04-22T13:03:18","guid":{"rendered":"https:\/\/www.meydan.tv\/?p=303926"},"modified":"2024-04-22T17:11:13","modified_gmt":"2024-04-22T13:11:13","slug":"qubad-ibadoglu-ev-dustaqligina-buraxilib","status":"publish","type":"post","link":"https:\/\/www.meydan.tv\/az\/article\/qubad-ibadoglu-ev-dustaqligina-buraxilib\/","title":{"rendered":"Qubad \u0130bado\u011flu ev dustaql\u0131\u011f\u0131na burax\u0131l\u0131b"},"content":{"rendered":"\n<p><\/p>\n\n\n\n<p><strong><em>A\u015ePA deputatlar\u0131 deklarasiya q\u0259bul etdi, Avropa Parlamenti iqtisad\u00e7\u0131n\u0131n i\u015fini m\u00fczakir\u0259 ed\u0259c\u0259k<\/em><\/strong><\/p>\n\n\n\n<p>Az\u0259rbaycan Demokratiya v\u0259 Rifah Partiyas\u0131n\u0131n (ADR) s\u0259dri, h\u0259bsd\u0259 olan professor Qubad \u0130bado\u011flu h\u0259bsd\u0259n burax\u0131l\u0131b. Aprelin 22-d\u0259 N\u0259rimanov Rayon M\u0259hk\u0259m\u0259sind\u0259 bu bar\u0259d\u0259 q\u0259rar \u00e7\u0131xar\u0131l\u0131b.<\/p>\n\n\n\n<p>M\u0259hk\u0259m\u0259nin q\u0259rar\u0131na \u0259sas\u0259n, Qubad \u0130bado\u011flu ev dustaql\u0131\u011f\u0131na burax\u0131l\u0131b.<\/p>\n\n\n\n<p>London \u0130qtisadiyyat M\u0259kt\u0259binin \u0259m\u0259kda\u015f\u0131 olan Qubad \u0130bado\u011flu iyulun 23-d\u0259 saxlan\u0131l\u0131b, ona qar\u015f\u0131 Cinay\u0259t M\u0259c\u0259ll\u0259sinin 204.3.1 ( saxta pul v\u0259 ya qiym\u0259tli ka\u011f\u0131zlar haz\u0131rlama, \u0259ld\u0259 etm\u0259 v\u0259 ya satma m\u00fct\u0259\u015f\u0259kkil d\u0259st\u0259 t\u0259r\u0259find\u0259n t\u00f6r\u0259dildikd\u0259) madd\u0259si il\u0259 ittiham ir\u0259li s\u00fcr\u00fcl\u00fcb. Ert\u0259si g\u00fcn N\u0259rimanov rayon M\u0259hk\u0259m\u0259sind\u0259 onun bar\u0259sind\u0259 ilkin istintaq d\u00f6vr\u00fc \u00fc\u00e7\u00fcn 3 ay 26 g\u00fcnl\u00fck h\u0259bs q\u0259timkan t\u0259dbiri se\u00e7ilib.<\/p>\n\n\n\n<p>Qubad \u0130bado\u011flu saxland\u0131\u011f\u0131 g\u00fcn ofisd\u0259 ke\u00e7iril\u0259n axtar\u0131\u015fda 40 min dollar pul tap\u0131ld\u0131\u011f\u0131, onun bir hiss\u0259sinin saxta oldu\u011fu iddia olunur.<\/p>\n\n\n\n<p>Lakin ADR s\u0259dri bildirib ki, h\u0259min pulun ona he\u00e7 bir aidiyy\u0259ti yoxdur v\u0259 ora \u00f6zl\u0259ri yerl\u0259\u015fdirib, sonra da g\u00f6t\u00fcr\u00fcbl\u0259r.<\/p>\n\n\n\n<p>Avqustun 25-d\u0259 ona Cinay\u0259t M\u0259c\u0259ll\u0259sinin 167-3.1-ci (Dini ekstremist materiallar\u0131 haz\u0131rlama, saxlama, yayma) madd\u0259sil\u0259 yeni ittiham elan olunub. Qubad \u0130bado\u011flu bu ittiham\u0131n da absurd oldu\u011funu deyib v\u0259 etiraz \u0259lam\u0259ti olaraq, ifad\u0259 verm\u0259kd\u0259n imtina edib.<\/p>\n\n\n\n<p>Qubad \u0130bado\u011flu h\u0259bs olundu\u011fu g\u00fcn axtar\u0131\u015fdan sonra m\u0259kandan \u00e7\u0131xar\u0131l\u0131b apar\u0131lark\u0259n Prezident \u0130lham \u018fliyevin sifari\u015fil\u0259 h\u0259bs olundu\u011funu bildirib.<\/p>\n\n\n\n<p>\u0130qtisad\u00e7\u0131 ev dustaql\u0131\u011f\u0131na burax\u0131lmazdan \u00f6nc\u0259 q\u0131z\u0131 Jal\u0259 Bayramova ictimaiyy\u0259t\u0259 \u00e7a\u011f\u0131r\u0131\u015f edib. O, atas\u0131n\u0131n sa\u011fl\u0131q durumunun \u00e7ox pis oldu\u011funu bildirib.<\/p>\n\n\n\n<p>Jal\u0259 Bayramova deyib ki, art\u0131q Qubad \u0130bado\u011flunun s\u0259hh\u0259ti h\u0259ddind\u0259n art\u0131q pisl\u0259\u015fib. H\u0259bsxanaya m\u0259hkum edildiyi son 9 ayda atas\u0131n\u0131n qan \u015f\u0259k\u0259ri d\u00fc\u015fm\u00fcr v\u0259 n\u0259tic\u0259d\u0259 ayaq d\u0131rnaqlar\u0131nda qaralmalar var:<\/p>\n\n\n\n<p><em>\u201cSol aya\u011f\u0131nda bir barma\u011f\u0131nda d\u0131rnaq b\u00fct\u00f6vl\u00fckl\u0259 \u0259td\u0259n ayr\u0131lmaq t\u0259hl\u00fck\u0259sind\u0259dir. H\u0259bsxana \u015f\u0259raitind\u0259 o, yaraya qulluq ed\u0259 bilm\u0259z v\u0259 \u0259g\u0259r yara \u00e7irk vers\u0259, onun barmaq v\u0259 aya\u011f\u0131 amputasiya edil\u0259 bil\u0259r. Bundan \u0259lav\u0259 atam\u0131n \u0259ll\u0259rind\u0259, x\u00fcsusil\u0259 ayaqlar\u0131nda periferik sinirl\u0259rin z\u0259d\u0259l\u0259nm\u0259si (polineyropatiya) ba\u015f verib v\u0259 ham\u0131s\u0131 y\u00fcks\u0259k \u015f\u0259k\u0259rin f\u0259sadlar\u0131d\u0131r\u201d.<\/em><\/p>\n\n\n\n<p>Aprelin 22-d\u0259 is\u0259 A\u015ePA-n\u0131n 26 deputat\u0131n\u0131n imzas\u0131 il\u0259 Qubad \u0130bado\u011flunun azad olunmas\u0131 \u00fc\u00e7\u00fcn deklarasiya q\u0259bul olunub. Deputatlar t\u0259l\u0259b edibl\u0259r ki, Avropa \u0130nsan Haqlar\u0131 M\u0259hk\u0259m\u0259sinin m\u00fcv\u0259qq\u0259ti t\u0259dbiri t\u0259cili icra edilsin, Qubad \u0130bado\u011flu v\u0259 Az\u0259rbaycanda dig\u0259r siyasi m\u0259hbuslar azad edilsin.<\/p>\n\n\n\n<p>Avropa Parlamenti d\u0259 Qubad \u0130bado\u011flunun m\u0259s\u0259l\u0259sini t\u0259cili m\u00fczakir\u0259y\u0259 \u00e7\u0131xar\u0131r. Avropa Parlamentinin aprelin 24-d\u0259 ke\u00e7iril\u0259c\u0259k iclas\u0131n\u0131n g\u00fcnd\u0259liyin\u0259 Qubad \u0130bado\u011flunun s\u0259hh\u0259tinin k\u0259skin pisl\u0259\u015fm\u0259sin\u0259 adekvat reaksiyan\u0131n g\u00f6st\u0259rilm\u0259si v\u0259 onun h\u0259bsd\u0259n azad olunmas\u0131 m\u0259s\u0259l\u0259si daxil edilib.<\/p>\n\n\n\n<p>A\u00e7\u0131qlanan g\u00fcnd\u0259liy\u0259 uy\u011fun olaraq q\u0259tnam\u0259 aprelin 24-d\u0259 m\u00fczakir\u0259 olunacaq, ay\u0131n 25-d\u0259 is\u0259 s\u0259sverm\u0259y\u0259 \u00e7\u0131xar\u0131lacaq.<\/p>\n\n\n\n<p>Q\u0259tnam\u0259d\u0259 professor Qubad \u0130bado\u011flu, f\u0259al \u0130lhamiz Quliyev, \u201cAbzasMedia\u201d v\u0259 \u201cToplum TV\u201d-nin \u0259m\u0259kda\u015flar\u0131n\u0131n qanunsuz h\u0259bsl\u0259ri m\u0259s\u0259l\u0259si d\u0259 \u0259hat\u0259 olunub.<\/p>\n\n\n\n<p>\u00d6t\u0259n ilin sentyabr\u0131nda da Avropa Parlamenti Qubad \u0130bado\u011flu il\u0259 ba\u011fl\u0131 8 b\u0259ndlik q\u0259tnam\u0259 q\u0259bul ed\u0259r\u0259k Az\u0259rbaycan hakimiyy\u0259ti qar\u015f\u0131s\u0131nda onun d\u0259rhal azad olunmas\u0131 t\u0259l\u0259bini qoymu\u015fdu.<\/p>\n","protected":false},"excerpt":{"rendered":"<p>A\u015ePA deputatlar\u0131 deklarasiya q\u0259bul etdi, Avropa Parlamenti iqtisad\u00e7\u0131n\u0131n i\u015fini m\u00fczakir\u0259 &#8230; <\/p>\n<p class=\"read-more-container\"><a title=\"Qubad \u0130bado\u011flu ev dustaql\u0131\u011f\u0131na burax\u0131l\u0131b\" class=\"read-more button\" href=\"https:\/\/www.meydan.tv\/az\/article\/qubad-ibadoglu-ev-dustaqligina-buraxilib\/#more-303926\" aria-label=\"Read more about Qubad \u0130bado\u011flu ev dustaql\u0131\u011f\u0131na burax\u0131l\u0131b\">Davam\u0131<\/a><\/p>\n","protected":false},"author":8,"featured_media":303936,"comment_status":"closed","ping_status":"closed","sticky":false,"template":"","format":"standard","meta":{"_acf_changed":false,"_sitemap_exclude":false,"_sitemap_priority":"","_sitemap_frequency":"","footnotes":""},"categories":[59,79,56],"tags":[],"class_list":["post-303926","post","type-post","status-publish","format-standard","has-post-thumbnail","hentry","category-siyaset","category-featured","category-xeberler","infinite-scroll-item","generate-columns","tablet-grid-50","mobile-grid-100","grid-parent","grid-33","no-featured-image-padding"],"acf":[],"yoast_head":"<!-- This site is optimized with the Yoast SEO plugin v27.4 - https:\/\/yoast.com\/product\/yoast-seo-wordpress\/ -->\n<title>Qubad \u0130bado\u011flu ev dustaql\u0131\u011f\u0131na burax\u0131l\u0131b - MEYDAN.TV<\/title>\n<meta name=\"robots\" content=\"index, follow, max-snippet:-1, max-image-preview:large, max-video-preview:-1\" \/>\n<link rel=\"canonical\" href=\"https:\/\/www.meydan.tv\/az\/article\/qubad-ibadoglu-ev-dustaqligina-buraxilib\/\" \/>\n<meta property=\"og:locale\" content=\"az_AZ\" \/>\n<meta property=\"og:type\" content=\"article\" \/>\n<meta property=\"og:title\" content=\"Qubad \u0130bado\u011flu ev dustaql\u0131\u011f\u0131na burax\u0131l\u0131b - MEYDAN.TV\" \/>\n<meta property=\"og:description\" content=\"A\u015ePA deputatlar\u0131 deklarasiya q\u0259bul etdi, Avropa Parlamenti iqtisad\u00e7\u0131n\u0131n i\u015fini m\u00fczakir\u0259 ... Davam\u0131\" \/>\n<meta property=\"og:url\" content=\"https:\/\/www.meydan.tv\/az\/article\/qubad-ibadoglu-ev-dustaqligina-buraxilib\/\" \/>\n<meta property=\"og:site_name\" content=\"MEYDAN.TV\" \/>\n<meta property=\"article:published_time\" content=\"2024-04-22T13:03:18+00:00\" \/>\n<meta property=\"article:modified_time\" content=\"2024-04-22T13:11:13+00:00\" \/>\n<meta property=\"og:image\" content=\"https:\/\/www.meydan.tv\/wp-content\/uploads\/1-60-e1713791452523.jpg\" \/>\n\t<meta property=\"og:image:width\" content=\"1200\" \/>\n\t<meta property=\"og:image:height\" content=\"502\" \/>\n\t<meta property=\"og:image:type\" content=\"image\/jpeg\" \/>\n<meta name=\"author\" content=\"elli\" \/>\n<meta name=\"twitter:card\" content=\"summary_large_image\" \/>\n<meta name=\"twitter:creator\" content=\"@elli\" \/>\n<script type=\"application\/ld+json\" class=\"yoast-schema-graph\">{\"@context\":\"https:\\\/\\\/schema.org\",\"@graph\":[{\"@type\":\"Article\",\"@id\":\"https:\\\/\\\/www.meydan.tv\\\/az\\\/article\\\/qubad-ibadoglu-ev-dustaqligina-buraxilib\\\/#article\",\"isPartOf\":{\"@id\":\"https:\\\/\\\/www.meydan.tv\\\/az\\\/article\\\/qubad-ibadoglu-ev-dustaqligina-buraxilib\\\/\"},\"author\":{\"name\":\"elli\",\"@id\":\"https:\\\/\\\/www.meydan.tv\\\/az\\\/#\\\/schema\\\/person\\\/9cdbecf90d17180ce1dfbd95b08dcf47\"},\"headline\":\"Qubad \u0130bado\u011flu ev dustaql\u0131\u011f\u0131na burax\u0131l\u0131b\",\"datePublished\":\"2024-04-22T13:03:18+00:00\",\"dateModified\":\"2024-04-22T13:11:13+00:00\",\"mainEntityOfPage\":{\"@id\":\"https:\\\/\\\/www.meydan.tv\\\/az\\\/article\\\/qubad-ibadoglu-ev-dustaqligina-buraxilib\\\/\"},\"wordCount\":676,\"publisher\":{\"@id\":\"https:\\\/\\\/www.meydan.tv\\\/az\\\/#organization\"},\"image\":{\"@id\":\"https:\\\/\\\/www.meydan.tv\\\/az\\\/article\\\/qubad-ibadoglu-ev-dustaqligina-buraxilib\\\/#primaryimage\"},\"thumbnailUrl\":\"https:\\\/\\\/www.meydan.tv\\\/wp-content\\\/uploads\\\/1-60-e1713791452523.jpg\",\"articleSection\":[\"Siyas\u0259t\",\"T\u00f6vsiy\u0259\",\"X\u0259b\u0259rl\u0259r\"],\"inLanguage\":\"az\"},{\"@type\":\"WebPage\",\"@id\":\"https:\\\/\\\/www.meydan.tv\\\/az\\\/article\\\/qubad-ibadoglu-ev-dustaqligina-buraxilib\\\/\",\"url\":\"https:\\\/\\\/www.meydan.tv\\\/az\\\/article\\\/qubad-ibadoglu-ev-dustaqligina-buraxilib\\\/\",\"name\":\"Qubad \u0130bado\u011flu ev dustaql\u0131\u011f\u0131na burax\u0131l\u0131b - MEYDAN.TV\",\"isPartOf\":{\"@id\":\"https:\\\/\\\/www.meydan.tv\\\/az\\\/#website\"},\"primaryImageOfPage\":{\"@id\":\"https:\\\/\\\/www.meydan.tv\\\/az\\\/article\\\/qubad-ibadoglu-ev-dustaqligina-buraxilib\\\/#primaryimage\"},\"image\":{\"@id\":\"https:\\\/\\\/www.meydan.tv\\\/az\\\/article\\\/qubad-ibadoglu-ev-dustaqligina-buraxilib\\\/#primaryimage\"},\"thumbnailUrl\":\"https:\\\/\\\/www.meydan.tv\\\/wp-content\\\/uploads\\\/1-60-e1713791452523.jpg\",\"datePublished\":\"2024-04-22T13:03:18+00:00\",\"dateModified\":\"2024-04-22T13:11:13+00:00\",\"breadcrumb\":{\"@id\":\"https:\\\/\\\/www.meydan.tv\\\/az\\\/article\\\/qubad-ibadoglu-ev-dustaqligina-buraxilib\\\/#breadcrumb\"},\"inLanguage\":\"az\",\"potentialAction\":[{\"@type\":\"ReadAction\",\"target\":[\"https:\\\/\\\/www.meydan.tv\\\/az\\\/article\\\/qubad-ibadoglu-ev-dustaqligina-buraxilib\\\/\"]}]},{\"@type\":\"ImageObject\",\"inLanguage\":\"az\",\"@id\":\"https:\\\/\\\/www.meydan.tv\\\/az\\\/article\\\/qubad-ibadoglu-ev-dustaqligina-buraxilib\\\/#primaryimage\",\"url\":\"https:\\\/\\\/www.meydan.tv\\\/wp-content\\\/uploads\\\/1-60-e1713791452523.jpg\",\"contentUrl\":\"https:\\\/\\\/www.meydan.tv\\\/wp-content\\\/uploads\\\/1-60-e1713791452523.jpg\",\"width\":1200,\"height\":502,\"caption\":\"B\u0259hruz Bayramov, Qubad \u0130bado\u011flu v\u0259 Zibeyd\u0259 Sad\u0131qova. Foto: v\u0259kil El\u00e7in Sad\u0131qovun arxivind\u0259ndir\"},{\"@type\":\"BreadcrumbList\",\"@id\":\"https:\\\/\\\/www.meydan.tv\\\/az\\\/article\\\/qubad-ibadoglu-ev-dustaqligina-buraxilib\\\/#breadcrumb\",\"itemListElement\":[{\"@type\":\"ListItem\",\"position\":1,\"name\":\"Ana s\u0259hif\u0259\",\"item\":\"https:\\\/\\\/www.meydan.tv\\\/az\\\/\"},{\"@type\":\"ListItem\",\"position\":2,\"name\":\"Siyas\u0259t\",\"item\":\"https:\\\/\\\/www.meydan.tv\\\/az\\\/section\\\/siyaset\\\/\"},{\"@type\":\"ListItem\",\"position\":3,\"name\":\"Qubad \u0130bado\u011flu ev dustaql\u0131\u011f\u0131na burax\u0131l\u0131b\"}]},{\"@type\":\"WebSite\",\"@id\":\"https:\\\/\\\/www.meydan.tv\\\/az\\\/#website\",\"url\":\"https:\\\/\\\/www.meydan.tv\\\/az\\\/\",\"name\":\"MEYDAN.TV\",\"description\":\"Meydan TV Az\u0259rbaycan\u0131n media m\u0259kan\u0131ndak\u0131 alternativ s\u0259sidir\",\"publisher\":{\"@id\":\"https:\\\/\\\/www.meydan.tv\\\/az\\\/#organization\"},\"potentialAction\":[{\"@type\":\"SearchAction\",\"target\":{\"@type\":\"EntryPoint\",\"urlTemplate\":\"https:\\\/\\\/www.meydan.tv\\\/az\\\/?s={search_term_string}\"},\"query-input\":{\"@type\":\"PropertyValueSpecification\",\"valueRequired\":true,\"valueName\":\"search_term_string\"}}],\"inLanguage\":\"az\"},{\"@type\":\"Organization\",\"@id\":\"https:\\\/\\\/www.meydan.tv\\\/az\\\/#organization\",\"name\":\"Meydan TV\",\"url\":\"https:\\\/\\\/www.meydan.tv\\\/az\\\/\",\"logo\":{\"@type\":\"ImageObject\",\"inLanguage\":\"az\",\"@id\":\"https:\\\/\\\/www.meydan.tv\\\/az\\\/#\\\/schema\\\/logo\\\/image\\\/\",\"url\":\"https:\\\/\\\/www.meydan.tv\\\/wp-content\\\/uploads\\\/2021\\\/07\\\/meydan-logo.svg\",\"contentUrl\":\"https:\\\/\\\/www.meydan.tv\\\/wp-content\\\/uploads\\\/2021\\\/07\\\/meydan-logo.svg\",\"width\":195,\"height\":46,\"caption\":\"Meydan TV\"},\"image\":{\"@id\":\"https:\\\/\\\/www.meydan.tv\\\/az\\\/#\\\/schema\\\/logo\\\/image\\\/\"}},{\"@type\":\"Person\",\"@id\":\"https:\\\/\\\/www.meydan.tv\\\/az\\\/#\\\/schema\\\/person\\\/9cdbecf90d17180ce1dfbd95b08dcf47\",\"name\":\"elli\",\"sameAs\":[\"https:\\\/\\\/x.com\\\/elli\"]}]}<\/script>\n<!-- \/ Yoast SEO plugin. -->","yoast_head_json":{"title":"Qubad \u0130bado\u011flu ev dustaql\u0131\u011f\u0131na burax\u0131l\u0131b - MEYDAN.TV","robots":{"index":"index","follow":"follow","max-snippet":"max-snippet:-1","max-image-preview":"max-image-preview:large","max-video-preview":"max-video-preview:-1"},"canonical":"https:\/\/www.meydan.tv\/az\/article\/qubad-ibadoglu-ev-dustaqligina-buraxilib\/","og_locale":"az_AZ","og_type":"article","og_title":"Qubad \u0130bado\u011flu ev dustaql\u0131\u011f\u0131na burax\u0131l\u0131b - MEYDAN.TV","og_description":"A\u015ePA deputatlar\u0131 deklarasiya q\u0259bul etdi, Avropa Parlamenti iqtisad\u00e7\u0131n\u0131n i\u015fini m\u00fczakir\u0259 ... Davam\u0131","og_url":"https:\/\/www.meydan.tv\/az\/article\/qubad-ibadoglu-ev-dustaqligina-buraxilib\/","og_site_name":"MEYDAN.TV","article_published_time":"2024-04-22T13:03:18+00:00","article_modified_time":"2024-04-22T13:11:13+00:00","og_image":[{"width":1200,"height":502,"url":"https:\/\/www.meydan.tv\/wp-content\/uploads\/1-60-e1713791452523.jpg","type":"image\/jpeg"}],"author":"elli","twitter_card":"summary_large_image","twitter_creator":"@elli","schema":{"@context":"https:\/\/schema.org","@graph":[{"@type":"Article","@id":"https:\/\/www.meydan.tv\/az\/article\/qubad-ibadoglu-ev-dustaqligina-buraxilib\/#article","isPartOf":{"@id":"https:\/\/www.meydan.tv\/az\/article\/qubad-ibadoglu-ev-dustaqligina-buraxilib\/"},"author":{"name":"elli","@id":"https:\/\/www.meydan.tv\/az\/#\/schema\/person\/9cdbecf90d17180ce1dfbd95b08dcf47"},"headline":"Qubad \u0130bado\u011flu ev dustaql\u0131\u011f\u0131na burax\u0131l\u0131b","datePublished":"2024-04-22T13:03:18+00:00","dateModified":"2024-04-22T13:11:13+00:00","mainEntityOfPage":{"@id":"https:\/\/www.meydan.tv\/az\/article\/qubad-ibadoglu-ev-dustaqligina-buraxilib\/"},"wordCount":676,"publisher":{"@id":"https:\/\/www.meydan.tv\/az\/#organization"},"image":{"@id":"https:\/\/www.meydan.tv\/az\/article\/qubad-ibadoglu-ev-dustaqligina-buraxilib\/#primaryimage"},"thumbnailUrl":"https:\/\/www.meydan.tv\/wp-content\/uploads\/1-60-e1713791452523.jpg","articleSection":["Siyas\u0259t","T\u00f6vsiy\u0259","X\u0259b\u0259rl\u0259r"],"inLanguage":"az"},{"@type":"WebPage","@id":"https:\/\/www.meydan.tv\/az\/article\/qubad-ibadoglu-ev-dustaqligina-buraxilib\/","url":"https:\/\/www.meydan.tv\/az\/article\/qubad-ibadoglu-ev-dustaqligina-buraxilib\/","name":"Qubad \u0130bado\u011flu ev dustaql\u0131\u011f\u0131na burax\u0131l\u0131b - MEYDAN.TV","isPartOf":{"@id":"https:\/\/www.meydan.tv\/az\/#website"},"primaryImageOfPage":{"@id":"https:\/\/www.meydan.tv\/az\/article\/qubad-ibadoglu-ev-dustaqligina-buraxilib\/#primaryimage"},"image":{"@id":"https:\/\/www.meydan.tv\/az\/article\/qubad-ibadoglu-ev-dustaqligina-buraxilib\/#primaryimage"},"thumbnailUrl":"https:\/\/www.meydan.tv\/wp-content\/uploads\/1-60-e1713791452523.jpg","datePublished":"2024-04-22T13:03:18+00:00","dateModified":"2024-04-22T13:11:13+00:00","breadcrumb":{"@id":"https:\/\/www.meydan.tv\/az\/article\/qubad-ibadoglu-ev-dustaqligina-buraxilib\/#breadcrumb"},"inLanguage":"az","potentialAction":[{"@type":"ReadAction","target":["https:\/\/www.meydan.tv\/az\/article\/qubad-ibadoglu-ev-dustaqligina-buraxilib\/"]}]},{"@type":"ImageObject","inLanguage":"az","@id":"https:\/\/www.meydan.tv\/az\/article\/qubad-ibadoglu-ev-dustaqligina-buraxilib\/#primaryimage","url":"https:\/\/www.meydan.tv\/wp-content\/uploads\/1-60-e1713791452523.jpg","contentUrl":"https:\/\/www.meydan.tv\/wp-content\/uploads\/1-60-e1713791452523.jpg","width":1200,"height":502,"caption":"B\u0259hruz Bayramov, Qubad \u0130bado\u011flu v\u0259 Zibeyd\u0259 Sad\u0131qova. Foto: v\u0259kil El\u00e7in Sad\u0131qovun arxivind\u0259ndir"},{"@type":"BreadcrumbList","@id":"https:\/\/www.meydan.tv\/az\/article\/qubad-ibadoglu-ev-dustaqligina-buraxilib\/#breadcrumb","itemListElement":[{"@type":"ListItem","position":1,"name":"Ana s\u0259hif\u0259","item":"https:\/\/www.meydan.tv\/az\/"},{"@type":"ListItem","position":2,"name":"Siyas\u0259t","item":"https:\/\/www.meydan.tv\/az\/section\/siyaset\/"},{"@type":"ListItem","position":3,"name":"Qubad \u0130bado\u011flu ev dustaql\u0131\u011f\u0131na burax\u0131l\u0131b"}]},{"@type":"WebSite","@id":"https:\/\/www.meydan.tv\/az\/#website","url":"https:\/\/www.meydan.tv\/az\/","name":"MEYDAN.TV","description":"Meydan TV Az\u0259rbaycan\u0131n media m\u0259kan\u0131ndak\u0131 alternativ s\u0259sidir","publisher":{"@id":"https:\/\/www.meydan.tv\/az\/#organization"},"potentialAction":[{"@type":"SearchAction","target":{"@type":"EntryPoint","urlTemplate":"https:\/\/www.meydan.tv\/az\/?s={search_term_string}"},"query-input":{"@type":"PropertyValueSpecification","valueRequired":true,"valueName":"search_term_string"}}],"inLanguage":"az"},{"@type":"Organization","@id":"https:\/\/www.meydan.tv\/az\/#organization","name":"Meydan TV","url":"https:\/\/www.meydan.tv\/az\/","logo":{"@type":"ImageObject","inLanguage":"az","@id":"https:\/\/www.meydan.tv\/az\/#\/schema\/logo\/image\/","url":"https:\/\/www.meydan.tv\/wp-content\/uploads\/2021\/07\/meydan-logo.svg","contentUrl":"https:\/\/www.meydan.tv\/wp-content\/uploads\/2021\/07\/meydan-logo.svg","width":195,"height":46,"caption":"Meydan TV"},"image":{"@id":"https:\/\/www.meydan.tv\/az\/#\/schema\/logo\/image\/"}},{"@type":"Person","@id":"https:\/\/www.meydan.tv\/az\/#\/schema\/person\/9cdbecf90d17180ce1dfbd95b08dcf47","name":"elli","sameAs":["https:\/\/x.com\/elli"]}]}},"_links":{"self":[{"href":"https:\/\/www.meydan.tv\/az\/wp-json\/wp\/v2\/posts\/303926","targetHints":{"allow":["GET"]}}],"collection":[{"href":"https:\/\/www.meydan.tv\/az\/wp-json\/wp\/v2\/posts"}],"about":[{"href":"https:\/\/www.meydan.tv\/az\/wp-json\/wp\/v2\/types\/post"}],"author":[{"embeddable":true,"href":"https:\/\/www.meydan.tv\/az\/wp-json\/wp\/v2\/users\/8"}],"replies":[{"embeddable":true,"href":"https:\/\/www.meydan.tv\/az\/wp-json\/wp\/v2\/comments?post=303926"}],"version-history":[{"count":4,"href":"https:\/\/www.meydan.tv\/az\/wp-json\/wp\/v2\/posts\/303926\/revisions"}],"predecessor-version":[{"id":303940,"href":"https:\/\/www.meydan.tv\/az\/wp-json\/wp\/v2\/posts\/303926\/revisions\/303940"}],"wp:featuredmedia":[{"embeddable":true,"href":"https:\/\/www.meydan.tv\/az\/wp-json\/wp\/v2\/media\/303936"}],"wp:attachment":[{"href":"https:\/\/www.meydan.tv\/az\/wp-json\/wp\/v2\/media?parent=303926"}],"wp:term":[{"taxonomy":"category","embeddable":true,"href":"https:\/\/www.meydan.tv\/az\/wp-json\/wp\/v2\/categories?post=303926"},{"taxonomy":"post_tag","embeddable":true,"href":"https:\/\/www.meydan.tv\/az\/wp-json\/wp\/v2\/tags?post=303926"}],"curies":[{"name":"wp","href":"https:\/\/api.w.org\/{rel}","templated":true}]}}