{"id":303910,"date":"2024-04-22T14:03:08","date_gmt":"2024-04-22T10:03:08","guid":{"rendered":"https:\/\/www.meydan.tv\/?p=303910"},"modified":"2024-04-22T14:03:12","modified_gmt":"2024-04-22T10:03:12","slug":"agcaylilar-is-yoxdur-cavanlar-dolanmaq-ucun-kendi-terk-edirler","status":"publish","type":"post","link":"https:\/\/www.meydan.tv\/az\/article\/agcaylilar-is-yoxdur-cavanlar-dolanmaq-ucun-kendi-terk-edirler\/","title":{"rendered":"A\u011f\u00e7ayl\u0131lar: \u201c\u0130\u015f yoxdur, cavanlar dolanmaq \u00fc\u00e7\u00fcn k\u0259ndi t\u0259rk edirl\u0259r\u201d"},"content":{"rendered":"\n<p><\/p>\n\n\n\n<p><strong><em>K\u0259ndlil\u0259r sosial probleml\u0259rd\u0259n \u0259ziyy\u0259t \u00e7\u0259kdikl\u0259rini deyirl\u0259r<\/em><\/strong><\/p>\n\n\n\n<p>Lerikin A\u011f\u00e7ay k\u0259ndi get-ged\u0259 bo\u015fal\u0131r, k\u0259ndlil\u0259r yol v\u0259 i\u015fsizlik problemi s\u0259b\u0259bind\u0259n k\u00f6\u00e7m\u0259y\u0259 m\u0259cbur qal\u0131blar. K\u0259ndd\u0259 h\u0259r 3-4 evd\u0259n birinin qap\u0131s\u0131na q\u0131f\u0131l vurulub.<\/p>\n\n\n\n<p>Yerli sakinl\u0259r Meydan TV-y\u0259 bildiribl\u0259r ki, ya\u011f\u0131\u015f ya\u011fark\u0259n k\u0259ndin \u0259trafla \u0259laq\u0259si k\u0259silir. T\u0259cili hallarda bel\u0259 k\u0259ndd\u0259n \u00e7\u0131xmaq \u00fc\u00e7\u00fcn ya\u011f\u0131\u015f\u0131n dayanmas\u0131n\u0131 g\u00f6zl\u0259yirl\u0259r.<\/p>\n\n\n\n<p>Aprelin birinci ong\u00fcnl\u00fcy\u00fcnd\u0259 bir ne\u00e7\u0259 g\u00fcn davam ed\u0259n ya\u011f\u0131\u015f n\u0259tic\u0259sind\u0259 yegan\u0259 k\u00f6rp\u00fcn\u00fc sel apar\u0131b. A\u011f\u00e7ay \u00e7ay\u0131 \u00fcz\u0259rind\u0259 vaxtil\u0259 d\u0259mir borularla sal\u0131nm\u0131\u015f k\u00f6rp\u00fcn\u00fcn u\u00e7mas\u0131 n\u0259tic\u0259sind\u0259 m\u0259rk\u0259zl\u0259 \u0259laq\u0259 k\u0259silib.<\/p>\n\n\n\n<p><em>\u201cBir ne\u00e7\u0259 ildir Bak\u0131ya k\u00f6\u00e7m\u00fc\u015f\u0259m, Bin\u0259 q\u0259s\u0259b\u0259sind\u0259 kiray\u0259 ya\u015fay\u0131ram. Valideynl\u0259rim, yax\u0131n qohumlar\u0131m olan ya\u015fl\u0131lar k\u0259ndd\u0259 qald\u0131\u011f\u0131ndan gedib-g\u0259lm\u0259k m\u0259cburiyy\u0259tind\u0259y\u0259m. \u0130\u015f yoxdur, cavanlar dolanmaq \u00fc\u00e7\u00fcn k\u0259ndi t\u0259rk edirl\u0259r\u201d,- a\u011f\u00e7ayl\u0131 Namiq M\u0259mm\u0259dov deyib.<\/em><\/p>\n\n\n\n<p>Dolan\u0131\u015f\u0131q s\u0259b\u0259bind\u0259n t\u0259kc\u0259 A\u011f\u00e7ay deyil, Lerikin \u0259ks\u0259r k\u0259ndl\u0259rind\u0259n rayon m\u0259rk\u0259zin\u0259, Bak\u0131ya k\u00f6\u00e7\u0259nl\u0259rin say\u0131 \u00e7oxdur. K\u0259ndlil\u0259r deyirl\u0259r ki, A\u011f\u00e7ay v\u0259 \u0259traf k\u0259ndl\u0259rin t\u0259bi\u0259ti g\u00f6z\u0259ldir, \u015f\u0259rait yarad\u0131laca\u011f\u0131 halda turistl\u0259rin diqq\u0259tini c\u0259lb ed\u0259 bil\u0259r. Yol \u00e7\u0259kil\u0259rs\u0259, turistl\u0259r g\u0259l\u0259rl\u0259r, k\u0259ndlil\u0259r d\u0259 qazanar. K\u0259ndd\u0259 mineral su var, \u0259traf\u0131nda istirah\u0259t m\u0259rk\u0259zi yaratmaq olar.<\/p>\n\n\n<div class=\"wp-block-image\">\n<figure class=\"aligncenter size-full\"><img decoding=\"async\" width=\"1200\" height=\"647\" data-src=\"https:\/\/www.meydan.tv\/wp-content\/uploads\/img-20240422-wa0003.jpg\" alt=\"\" class=\"wp-image-303904 lazyload\" src=\"data:image\/svg+xml;base64,PHN2ZyB3aWR0aD0iMSIgaGVpZ2h0PSIxIiB4bWxucz0iaHR0cDovL3d3dy53My5vcmcvMjAwMC9zdmciPjwvc3ZnPg==\" style=\"--smush-placeholder-width: 1200px; --smush-placeholder-aspect-ratio: 1200\/647;\" \/><\/figure>\n<\/div>\n\n\n<p>A\u011f\u00e7ay k\u0259ndind\u0259 ibtidai m\u0259kt\u0259b f\u0259aliyy\u0259t g\u00f6st\u0259rir. M\u0259kt\u0259bin direktoru A\u015fur\u0259li Abbasov Meydan TV-y\u0259 bildirib ki, ya\u011f\u0131\u015fl\u0131 havalarda, sel olanda u\u015faqlar\u0131n m\u0259kt\u0259b\u0259 gedi\u015f-g\u0259li\u015fi \u00e7\u0259tinl\u0259\u015fir.<\/p>\n\n\n\n<p><em>\u201c\u0130ndi internet \u0259sridir, bizim k\u0259ndd\u0259 is\u0259 n\u0259inki internet var, h\u0259tta telefon \u00e7ox yerd\u0259 tutmur. P\u0259nc\u0259r\u0259nin \u00f6n\u00fcnd\u0259n \u00e7\u0259kil\u0259n kimi x\u0259tt k\u0259sil\u0259c\u0259k. Yollarda da telefon tutmur. K\u0259ndd\u0259n k\u00f6\u00e7\u0259nl\u0259r var\u201d,<\/em> &#8211; A.Abbasov deyib. Bildirib ki, \u015f\u0259rait yarad\u0131lmayaca\u011f\u0131 t\u0259qdird\u0259 k\u0259ndd\u0259n k\u00f6\u00e7\u0259nl\u0259r \u00e7ox olacaq. T\u0259kc\u0259 yollar deyil, k\u0259nd telefon v\u0259 internetl\u0259 t\u0259min edilm\u0259lidir.<\/p>\n\n\n\n<p>Lerik Rayon \u0130cra Hakimiyy\u0259tind\u0259n is\u0259 suallara bir ne\u00e7\u0259 d\u0259qiq\u0259d\u0259n sonra cavab veril\u0259c\u0259yi bildirils\u0259 d\u0259, sonradan telefonlara cavab verilm\u0259yib.<\/p>\n","protected":false},"excerpt":{"rendered":"<p>K\u0259ndlil\u0259r sosial probleml\u0259rd\u0259n \u0259ziyy\u0259t \u00e7\u0259kdikl\u0259rini deyirl\u0259r Lerikin A\u011f\u00e7ay k\u0259ndi get-ged\u0259 &#8230; <\/p>\n<p class=\"read-more-container\"><a title=\"A\u011f\u00e7ayl\u0131lar: \u201c\u0130\u015f yoxdur, cavanlar dolanmaq \u00fc\u00e7\u00fcn k\u0259ndi t\u0259rk edirl\u0259r\u201d\" class=\"read-more button\" href=\"https:\/\/www.meydan.tv\/az\/article\/agcaylilar-is-yoxdur-cavanlar-dolanmaq-ucun-kendi-terk-edirler\/#more-303910\" aria-label=\"Read more about A\u011f\u00e7ayl\u0131lar: \u201c\u0130\u015f yoxdur, cavanlar dolanmaq \u00fc\u00e7\u00fcn k\u0259ndi t\u0259rk edirl\u0259r\u201d\">Davam\u0131<\/a><\/p>\n","protected":false},"author":8,"featured_media":303907,"comment_status":"closed","ping_status":"closed","sticky":false,"template":"","format":"standard","meta":{"_acf_changed":false,"_sitemap_exclude":false,"_sitemap_priority":"","_sitemap_frequency":"","footnotes":""},"categories":[60,56],"tags":[],"class_list":["post-303910","post","type-post","status-publish","format-standard","has-post-thumbnail","hentry","category-bolge","category-xeberler","infinite-scroll-item","generate-columns","tablet-grid-50","mobile-grid-100","grid-parent","grid-33","no-featured-image-padding"],"acf":[],"yoast_head":"<!-- This site is optimized with the Yoast SEO plugin v27.4 - https:\/\/yoast.com\/product\/yoast-seo-wordpress\/ -->\n<title>A\u011f\u00e7ayl\u0131lar: \u201c\u0130\u015f yoxdur, cavanlar dolanmaq \u00fc\u00e7\u00fcn k\u0259ndi t\u0259rk edirl\u0259r\u201d - MEYDAN.TV<\/title>\n<meta name=\"robots\" content=\"index, follow, max-snippet:-1, max-image-preview:large, max-video-preview:-1\" \/>\n<link rel=\"canonical\" href=\"https:\/\/www.meydan.tv\/az\/article\/agcaylilar-is-yoxdur-cavanlar-dolanmaq-ucun-kendi-terk-edirler\/\" \/>\n<meta property=\"og:locale\" content=\"az_AZ\" \/>\n<meta property=\"og:type\" content=\"article\" \/>\n<meta property=\"og:title\" content=\"A\u011f\u00e7ayl\u0131lar: \u201c\u0130\u015f yoxdur, cavanlar dolanmaq \u00fc\u00e7\u00fcn k\u0259ndi t\u0259rk edirl\u0259r\u201d - MEYDAN.TV\" \/>\n<meta property=\"og:description\" content=\"K\u0259ndlil\u0259r sosial probleml\u0259rd\u0259n \u0259ziyy\u0259t \u00e7\u0259kdikl\u0259rini deyirl\u0259r Lerikin A\u011f\u00e7ay k\u0259ndi get-ged\u0259 ... Davam\u0131\" \/>\n<meta property=\"og:url\" content=\"https:\/\/www.meydan.tv\/az\/article\/agcaylilar-is-yoxdur-cavanlar-dolanmaq-ucun-kendi-terk-edirler\/\" \/>\n<meta property=\"og:site_name\" content=\"MEYDAN.TV\" \/>\n<meta property=\"article:published_time\" content=\"2024-04-22T10:03:08+00:00\" \/>\n<meta property=\"article:modified_time\" content=\"2024-04-22T10:03:12+00:00\" \/>\n<meta property=\"og:image\" content=\"https:\/\/www.meydan.tv\/wp-content\/uploads\/img-20240422-wa0005.jpg\" \/>\n\t<meta property=\"og:image:width\" content=\"1200\" \/>\n\t<meta property=\"og:image:height\" content=\"611\" \/>\n\t<meta property=\"og:image:type\" content=\"image\/jpeg\" \/>\n<meta name=\"author\" content=\"elli\" \/>\n<meta name=\"twitter:card\" content=\"summary_large_image\" \/>\n<meta name=\"twitter:creator\" content=\"@elli\" \/>\n<script type=\"application\/ld+json\" class=\"yoast-schema-graph\">{\"@context\":\"https:\\\/\\\/schema.org\",\"@graph\":[{\"@type\":\"Article\",\"@id\":\"https:\\\/\\\/www.meydan.tv\\\/az\\\/article\\\/agcaylilar-is-yoxdur-cavanlar-dolanmaq-ucun-kendi-terk-edirler\\\/#article\",\"isPartOf\":{\"@id\":\"https:\\\/\\\/www.meydan.tv\\\/az\\\/article\\\/agcaylilar-is-yoxdur-cavanlar-dolanmaq-ucun-kendi-terk-edirler\\\/\"},\"author\":{\"name\":\"elli\",\"@id\":\"https:\\\/\\\/www.meydan.tv\\\/az\\\/#\\\/schema\\\/person\\\/9cdbecf90d17180ce1dfbd95b08dcf47\"},\"headline\":\"A\u011f\u00e7ayl\u0131lar: \u201c\u0130\u015f yoxdur, cavanlar dolanmaq \u00fc\u00e7\u00fcn k\u0259ndi t\u0259rk edirl\u0259r\u201d\",\"datePublished\":\"2024-04-22T10:03:08+00:00\",\"dateModified\":\"2024-04-22T10:03:12+00:00\",\"mainEntityOfPage\":{\"@id\":\"https:\\\/\\\/www.meydan.tv\\\/az\\\/article\\\/agcaylilar-is-yoxdur-cavanlar-dolanmaq-ucun-kendi-terk-edirler\\\/\"},\"wordCount\":446,\"publisher\":{\"@id\":\"https:\\\/\\\/www.meydan.tv\\\/az\\\/#organization\"},\"image\":{\"@id\":\"https:\\\/\\\/www.meydan.tv\\\/az\\\/article\\\/agcaylilar-is-yoxdur-cavanlar-dolanmaq-ucun-kendi-terk-edirler\\\/#primaryimage\"},\"thumbnailUrl\":\"https:\\\/\\\/www.meydan.tv\\\/wp-content\\\/uploads\\\/img-20240422-wa0005.jpg\",\"articleSection\":[\"B\u00f6lg\u0259\",\"X\u0259b\u0259rl\u0259r\"],\"inLanguage\":\"az\"},{\"@type\":\"WebPage\",\"@id\":\"https:\\\/\\\/www.meydan.tv\\\/az\\\/article\\\/agcaylilar-is-yoxdur-cavanlar-dolanmaq-ucun-kendi-terk-edirler\\\/\",\"url\":\"https:\\\/\\\/www.meydan.tv\\\/az\\\/article\\\/agcaylilar-is-yoxdur-cavanlar-dolanmaq-ucun-kendi-terk-edirler\\\/\",\"name\":\"A\u011f\u00e7ayl\u0131lar: \u201c\u0130\u015f yoxdur, cavanlar dolanmaq \u00fc\u00e7\u00fcn k\u0259ndi t\u0259rk edirl\u0259r\u201d - MEYDAN.TV\",\"isPartOf\":{\"@id\":\"https:\\\/\\\/www.meydan.tv\\\/az\\\/#website\"},\"primaryImageOfPage\":{\"@id\":\"https:\\\/\\\/www.meydan.tv\\\/az\\\/article\\\/agcaylilar-is-yoxdur-cavanlar-dolanmaq-ucun-kendi-terk-edirler\\\/#primaryimage\"},\"image\":{\"@id\":\"https:\\\/\\\/www.meydan.tv\\\/az\\\/article\\\/agcaylilar-is-yoxdur-cavanlar-dolanmaq-ucun-kendi-terk-edirler\\\/#primaryimage\"},\"thumbnailUrl\":\"https:\\\/\\\/www.meydan.tv\\\/wp-content\\\/uploads\\\/img-20240422-wa0005.jpg\",\"datePublished\":\"2024-04-22T10:03:08+00:00\",\"dateModified\":\"2024-04-22T10:03:12+00:00\",\"breadcrumb\":{\"@id\":\"https:\\\/\\\/www.meydan.tv\\\/az\\\/article\\\/agcaylilar-is-yoxdur-cavanlar-dolanmaq-ucun-kendi-terk-edirler\\\/#breadcrumb\"},\"inLanguage\":\"az\",\"potentialAction\":[{\"@type\":\"ReadAction\",\"target\":[\"https:\\\/\\\/www.meydan.tv\\\/az\\\/article\\\/agcaylilar-is-yoxdur-cavanlar-dolanmaq-ucun-kendi-terk-edirler\\\/\"]}]},{\"@type\":\"ImageObject\",\"inLanguage\":\"az\",\"@id\":\"https:\\\/\\\/www.meydan.tv\\\/az\\\/article\\\/agcaylilar-is-yoxdur-cavanlar-dolanmaq-ucun-kendi-terk-edirler\\\/#primaryimage\",\"url\":\"https:\\\/\\\/www.meydan.tv\\\/wp-content\\\/uploads\\\/img-20240422-wa0005.jpg\",\"contentUrl\":\"https:\\\/\\\/www.meydan.tv\\\/wp-content\\\/uploads\\\/img-20240422-wa0005.jpg\",\"width\":1200,\"height\":611,\"caption\":\"Fotolar: Meydan TV\"},{\"@type\":\"BreadcrumbList\",\"@id\":\"https:\\\/\\\/www.meydan.tv\\\/az\\\/article\\\/agcaylilar-is-yoxdur-cavanlar-dolanmaq-ucun-kendi-terk-edirler\\\/#breadcrumb\",\"itemListElement\":[{\"@type\":\"ListItem\",\"position\":1,\"name\":\"Ana s\u0259hif\u0259\",\"item\":\"https:\\\/\\\/www.meydan.tv\\\/az\\\/\"},{\"@type\":\"ListItem\",\"position\":2,\"name\":\"B\u00f6lg\u0259\",\"item\":\"https:\\\/\\\/www.meydan.tv\\\/az\\\/section\\\/bolge\\\/\"},{\"@type\":\"ListItem\",\"position\":3,\"name\":\"A\u011f\u00e7ayl\u0131lar: \u201c\u0130\u015f yoxdur, cavanlar dolanmaq \u00fc\u00e7\u00fcn k\u0259ndi t\u0259rk edirl\u0259r\u201d\"}]},{\"@type\":\"WebSite\",\"@id\":\"https:\\\/\\\/www.meydan.tv\\\/az\\\/#website\",\"url\":\"https:\\\/\\\/www.meydan.tv\\\/az\\\/\",\"name\":\"MEYDAN.TV\",\"description\":\"Meydan TV Az\u0259rbaycan\u0131n media m\u0259kan\u0131ndak\u0131 alternativ s\u0259sidir\",\"publisher\":{\"@id\":\"https:\\\/\\\/www.meydan.tv\\\/az\\\/#organization\"},\"potentialAction\":[{\"@type\":\"SearchAction\",\"target\":{\"@type\":\"EntryPoint\",\"urlTemplate\":\"https:\\\/\\\/www.meydan.tv\\\/az\\\/?s={search_term_string}\"},\"query-input\":{\"@type\":\"PropertyValueSpecification\",\"valueRequired\":true,\"valueName\":\"search_term_string\"}}],\"inLanguage\":\"az\"},{\"@type\":\"Organization\",\"@id\":\"https:\\\/\\\/www.meydan.tv\\\/az\\\/#organization\",\"name\":\"Meydan TV\",\"url\":\"https:\\\/\\\/www.meydan.tv\\\/az\\\/\",\"logo\":{\"@type\":\"ImageObject\",\"inLanguage\":\"az\",\"@id\":\"https:\\\/\\\/www.meydan.tv\\\/az\\\/#\\\/schema\\\/logo\\\/image\\\/\",\"url\":\"https:\\\/\\\/www.meydan.tv\\\/wp-content\\\/uploads\\\/2021\\\/07\\\/meydan-logo.svg\",\"contentUrl\":\"https:\\\/\\\/www.meydan.tv\\\/wp-content\\\/uploads\\\/2021\\\/07\\\/meydan-logo.svg\",\"width\":195,\"height\":46,\"caption\":\"Meydan TV\"},\"image\":{\"@id\":\"https:\\\/\\\/www.meydan.tv\\\/az\\\/#\\\/schema\\\/logo\\\/image\\\/\"}},{\"@type\":\"Person\",\"@id\":\"https:\\\/\\\/www.meydan.tv\\\/az\\\/#\\\/schema\\\/person\\\/9cdbecf90d17180ce1dfbd95b08dcf47\",\"name\":\"elli\",\"sameAs\":[\"https:\\\/\\\/x.com\\\/elli\"]}]}<\/script>\n<!-- \/ Yoast SEO plugin. -->","yoast_head_json":{"title":"A\u011f\u00e7ayl\u0131lar: \u201c\u0130\u015f yoxdur, cavanlar dolanmaq \u00fc\u00e7\u00fcn k\u0259ndi t\u0259rk edirl\u0259r\u201d - MEYDAN.TV","robots":{"index":"index","follow":"follow","max-snippet":"max-snippet:-1","max-image-preview":"max-image-preview:large","max-video-preview":"max-video-preview:-1"},"canonical":"https:\/\/www.meydan.tv\/az\/article\/agcaylilar-is-yoxdur-cavanlar-dolanmaq-ucun-kendi-terk-edirler\/","og_locale":"az_AZ","og_type":"article","og_title":"A\u011f\u00e7ayl\u0131lar: \u201c\u0130\u015f yoxdur, cavanlar dolanmaq \u00fc\u00e7\u00fcn k\u0259ndi t\u0259rk edirl\u0259r\u201d - MEYDAN.TV","og_description":"K\u0259ndlil\u0259r sosial probleml\u0259rd\u0259n \u0259ziyy\u0259t \u00e7\u0259kdikl\u0259rini deyirl\u0259r Lerikin A\u011f\u00e7ay k\u0259ndi get-ged\u0259 ... Davam\u0131","og_url":"https:\/\/www.meydan.tv\/az\/article\/agcaylilar-is-yoxdur-cavanlar-dolanmaq-ucun-kendi-terk-edirler\/","og_site_name":"MEYDAN.TV","article_published_time":"2024-04-22T10:03:08+00:00","article_modified_time":"2024-04-22T10:03:12+00:00","og_image":[{"width":1200,"height":611,"url":"https:\/\/www.meydan.tv\/wp-content\/uploads\/img-20240422-wa0005.jpg","type":"image\/jpeg"}],"author":"elli","twitter_card":"summary_large_image","twitter_creator":"@elli","schema":{"@context":"https:\/\/schema.org","@graph":[{"@type":"Article","@id":"https:\/\/www.meydan.tv\/az\/article\/agcaylilar-is-yoxdur-cavanlar-dolanmaq-ucun-kendi-terk-edirler\/#article","isPartOf":{"@id":"https:\/\/www.meydan.tv\/az\/article\/agcaylilar-is-yoxdur-cavanlar-dolanmaq-ucun-kendi-terk-edirler\/"},"author":{"name":"elli","@id":"https:\/\/www.meydan.tv\/az\/#\/schema\/person\/9cdbecf90d17180ce1dfbd95b08dcf47"},"headline":"A\u011f\u00e7ayl\u0131lar: \u201c\u0130\u015f yoxdur, cavanlar dolanmaq \u00fc\u00e7\u00fcn k\u0259ndi t\u0259rk edirl\u0259r\u201d","datePublished":"2024-04-22T10:03:08+00:00","dateModified":"2024-04-22T10:03:12+00:00","mainEntityOfPage":{"@id":"https:\/\/www.meydan.tv\/az\/article\/agcaylilar-is-yoxdur-cavanlar-dolanmaq-ucun-kendi-terk-edirler\/"},"wordCount":446,"publisher":{"@id":"https:\/\/www.meydan.tv\/az\/#organization"},"image":{"@id":"https:\/\/www.meydan.tv\/az\/article\/agcaylilar-is-yoxdur-cavanlar-dolanmaq-ucun-kendi-terk-edirler\/#primaryimage"},"thumbnailUrl":"https:\/\/www.meydan.tv\/wp-content\/uploads\/img-20240422-wa0005.jpg","articleSection":["B\u00f6lg\u0259","X\u0259b\u0259rl\u0259r"],"inLanguage":"az"},{"@type":"WebPage","@id":"https:\/\/www.meydan.tv\/az\/article\/agcaylilar-is-yoxdur-cavanlar-dolanmaq-ucun-kendi-terk-edirler\/","url":"https:\/\/www.meydan.tv\/az\/article\/agcaylilar-is-yoxdur-cavanlar-dolanmaq-ucun-kendi-terk-edirler\/","name":"A\u011f\u00e7ayl\u0131lar: \u201c\u0130\u015f yoxdur, cavanlar dolanmaq \u00fc\u00e7\u00fcn k\u0259ndi t\u0259rk edirl\u0259r\u201d - MEYDAN.TV","isPartOf":{"@id":"https:\/\/www.meydan.tv\/az\/#website"},"primaryImageOfPage":{"@id":"https:\/\/www.meydan.tv\/az\/article\/agcaylilar-is-yoxdur-cavanlar-dolanmaq-ucun-kendi-terk-edirler\/#primaryimage"},"image":{"@id":"https:\/\/www.meydan.tv\/az\/article\/agcaylilar-is-yoxdur-cavanlar-dolanmaq-ucun-kendi-terk-edirler\/#primaryimage"},"thumbnailUrl":"https:\/\/www.meydan.tv\/wp-content\/uploads\/img-20240422-wa0005.jpg","datePublished":"2024-04-22T10:03:08+00:00","dateModified":"2024-04-22T10:03:12+00:00","breadcrumb":{"@id":"https:\/\/www.meydan.tv\/az\/article\/agcaylilar-is-yoxdur-cavanlar-dolanmaq-ucun-kendi-terk-edirler\/#breadcrumb"},"inLanguage":"az","potentialAction":[{"@type":"ReadAction","target":["https:\/\/www.meydan.tv\/az\/article\/agcaylilar-is-yoxdur-cavanlar-dolanmaq-ucun-kendi-terk-edirler\/"]}]},{"@type":"ImageObject","inLanguage":"az","@id":"https:\/\/www.meydan.tv\/az\/article\/agcaylilar-is-yoxdur-cavanlar-dolanmaq-ucun-kendi-terk-edirler\/#primaryimage","url":"https:\/\/www.meydan.tv\/wp-content\/uploads\/img-20240422-wa0005.jpg","contentUrl":"https:\/\/www.meydan.tv\/wp-content\/uploads\/img-20240422-wa0005.jpg","width":1200,"height":611,"caption":"Fotolar: Meydan TV"},{"@type":"BreadcrumbList","@id":"https:\/\/www.meydan.tv\/az\/article\/agcaylilar-is-yoxdur-cavanlar-dolanmaq-ucun-kendi-terk-edirler\/#breadcrumb","itemListElement":[{"@type":"ListItem","position":1,"name":"Ana s\u0259hif\u0259","item":"https:\/\/www.meydan.tv\/az\/"},{"@type":"ListItem","position":2,"name":"B\u00f6lg\u0259","item":"https:\/\/www.meydan.tv\/az\/section\/bolge\/"},{"@type":"ListItem","position":3,"name":"A\u011f\u00e7ayl\u0131lar: \u201c\u0130\u015f yoxdur, cavanlar dolanmaq \u00fc\u00e7\u00fcn k\u0259ndi t\u0259rk edirl\u0259r\u201d"}]},{"@type":"WebSite","@id":"https:\/\/www.meydan.tv\/az\/#website","url":"https:\/\/www.meydan.tv\/az\/","name":"MEYDAN.TV","description":"Meydan TV Az\u0259rbaycan\u0131n media m\u0259kan\u0131ndak\u0131 alternativ s\u0259sidir","publisher":{"@id":"https:\/\/www.meydan.tv\/az\/#organization"},"potentialAction":[{"@type":"SearchAction","target":{"@type":"EntryPoint","urlTemplate":"https:\/\/www.meydan.tv\/az\/?s={search_term_string}"},"query-input":{"@type":"PropertyValueSpecification","valueRequired":true,"valueName":"search_term_string"}}],"inLanguage":"az"},{"@type":"Organization","@id":"https:\/\/www.meydan.tv\/az\/#organization","name":"Meydan TV","url":"https:\/\/www.meydan.tv\/az\/","logo":{"@type":"ImageObject","inLanguage":"az","@id":"https:\/\/www.meydan.tv\/az\/#\/schema\/logo\/image\/","url":"https:\/\/www.meydan.tv\/wp-content\/uploads\/2021\/07\/meydan-logo.svg","contentUrl":"https:\/\/www.meydan.tv\/wp-content\/uploads\/2021\/07\/meydan-logo.svg","width":195,"height":46,"caption":"Meydan TV"},"image":{"@id":"https:\/\/www.meydan.tv\/az\/#\/schema\/logo\/image\/"}},{"@type":"Person","@id":"https:\/\/www.meydan.tv\/az\/#\/schema\/person\/9cdbecf90d17180ce1dfbd95b08dcf47","name":"elli","sameAs":["https:\/\/x.com\/elli"]}]}},"_links":{"self":[{"href":"https:\/\/www.meydan.tv\/az\/wp-json\/wp\/v2\/posts\/303910","targetHints":{"allow":["GET"]}}],"collection":[{"href":"https:\/\/www.meydan.tv\/az\/wp-json\/wp\/v2\/posts"}],"about":[{"href":"https:\/\/www.meydan.tv\/az\/wp-json\/wp\/v2\/types\/post"}],"author":[{"embeddable":true,"href":"https:\/\/www.meydan.tv\/az\/wp-json\/wp\/v2\/users\/8"}],"replies":[{"embeddable":true,"href":"https:\/\/www.meydan.tv\/az\/wp-json\/wp\/v2\/comments?post=303910"}],"version-history":[{"count":3,"href":"https:\/\/www.meydan.tv\/az\/wp-json\/wp\/v2\/posts\/303910\/revisions"}],"predecessor-version":[{"id":303913,"href":"https:\/\/www.meydan.tv\/az\/wp-json\/wp\/v2\/posts\/303910\/revisions\/303913"}],"wp:featuredmedia":[{"embeddable":true,"href":"https:\/\/www.meydan.tv\/az\/wp-json\/wp\/v2\/media\/303907"}],"wp:attachment":[{"href":"https:\/\/www.meydan.tv\/az\/wp-json\/wp\/v2\/media?parent=303910"}],"wp:term":[{"taxonomy":"category","embeddable":true,"href":"https:\/\/www.meydan.tv\/az\/wp-json\/wp\/v2\/categories?post=303910"},{"taxonomy":"post_tag","embeddable":true,"href":"https:\/\/www.meydan.tv\/az\/wp-json\/wp\/v2\/tags?post=303910"}],"curies":[{"name":"wp","href":"https:\/\/api.w.org\/{rel}","templated":true}]}}