{"id":303894,"date":"2024-04-22T13:46:14","date_gmt":"2024-04-22T09:46:14","guid":{"rendered":"https:\/\/www.meydan.tv\/?p=303894"},"modified":"2024-04-22T13:46:17","modified_gmt":"2024-04-22T09:46:17","slug":"socar-in-iscilerin-sayini-azaltmaq-ucun-imtahan-kecireceyi-bildirilir","status":"publish","type":"post","link":"https:\/\/www.meydan.tv\/az\/article\/socar-in-iscilerin-sayini-azaltmaq-ucun-imtahan-kecireceyi-bildirilir\/","title":{"rendered":"SOCAR-\u0131n i\u015f\u00e7il\u0259rin say\u0131n\u0131 azaltmaq \u00fc\u00e7\u00fcn imtahan ke\u00e7ir\u0259c\u0259yi bildirilir"},"content":{"rendered":"\n<p><\/p>\n\n\n\n<p><strong><em>\u201cH\u0259y\u0259candan t\u0259zyiqim qalx\u0131r, bu gedi\u015fl\u0259 \u00fcr\u0259yim d\u00f6zm\u0259y\u0259c\u0259k\u201d<\/em><\/strong><\/p>\n\n\n\n<p>SOCAR-\u0131n T\u0259hl\u00fck\u0259sizlik \u0130dar\u0259sinin i\u015f\u00e7il\u0259ri k\u00fctl\u0259vi \u015f\u0259kild\u0259 test imtahana c\u0259lb edil\u0259c\u0259kl\u0259r. \u0130mtahan \u015firk\u0259tin Xocal\u0131 prospektind\u0259 yerl\u0259\u015f\u0259n \u0130nsan Resurslar\u0131 \u015f\u00f6b\u0259sind\u0259 ba\u015f tutacaq. \u0130\u015f\u00e7il\u0259r\u0259 edil\u0259n x\u0259b\u0259rdarl\u0131qda bildirilib ki, h\u0259tta m\u0259zuniyy\u0259td\u0259 olanlar da testd\u0259n ke\u00e7iril\u0259c\u0259k. \u0130mtahandan ke\u00e7m\u0259y\u0259nl\u0259rin ixtisara sal\u0131naca\u011f\u0131 g\u00f6zl\u0259nilir.<\/p>\n\n\n\n<p>Bu bar\u0259d\u0259 Meydan TV-y\u0259 neft\u00e7il\u0259r m\u0259lumat veribl\u0259r. Onlar\u0131n s\u00f6zl\u0259rin\u0259 g\u00f6r\u0259, x\u0259b\u0259rdarl\u0131qdan sonra ham\u0131 h\u0259y\u0259can i\u00e7\u0259risind\u0259 g\u00f6zl\u0259yir. \u00c7\u00fcnki \u0259vv\u0259lki imtahanlarda ke\u00e7m\u0259y\u0259nl\u0259r\u0259 he\u00e7 bir g\u00fcz\u0259\u015ft edilm\u0259yib, h\u0259tta 20 ild\u0259n art\u0131q \u00e7al\u0131\u015fanlar bel\u0259 i\u015fsiz qal\u0131blar.<\/p>\n\n\n\n<p><em>\u201cYa\u015f\u0131m\u0131n el\u0259 \u00e7a\u011f\u0131d\u0131r ki, i\u015fd\u0259n \u00e7\u0131xar\u0131lsam, ba\u015fqa yerd\u0259 i\u015f tapa bilm\u0259y\u0259c\u0259m. Ail\u0259d\u0259 yaln\u0131z m\u0259n \u00e7al\u0131\u015f\u0131ram, \u00fc\u00e7 \u00f6vlad\u0131m m\u0259kt\u0259blidir, \u0259lav\u0259 haz\u0131rl\u0131qlara gedirl\u0259r. \u00dcst\u0259lik, kreditl\u0259rim var. H\u0259y\u0259candan t\u0259zyiqim qalx\u0131r, bu gedi\u015fl\u0259 \u00fcr\u0259yim d\u00f6zm\u0259y\u0259c\u0259k\u201d,<\/em> &#8211; \u015firk\u0259t \u0259m\u0259kda\u015flar\u0131ndan biri i\u015fd\u0259n \u00e7\u0131xar\u0131lma qorxusu il\u0259 ad\u0131n\u0131n m\u0259tbuatda getm\u0259sini ist\u0259m\u0259yib.<\/p>\n\n\n\n<p>Bildirib ki, 40 il\u0259 yax\u0131nd\u0131r d\u0259nizd\u0259 i\u015fl\u0259y\u0259nl\u0259r d\u0259 test imtahanlar\u0131na qat\u0131l\u0131rlar. M\u0259qs\u0259d ixtisarlara b\u0259han\u0259 tapmaqd\u0131r.<\/p>\n\n\n\n<p>\u0130\u015f\u00e7il\u0259rd\u0259n biri is\u0259 s\u00f6yl\u0259yib ki, \u0259vv\u0259lki testd\u0259n ke\u00e7ib, buna baxmayaraq d\u0259nizd\u0259 i\u015fl\u0259diyi komandadan quruya transfer olub. Buna g\u00f6r\u0259 d\u0259 test imtahanlar\u0131ndan ke\u00e7\u0259nl\u0259r\u0259 qar\u015f\u0131 \u0259dal\u0259tli davran\u0131laca\u011f\u0131na \u00fcmidi yoxdur:<\/p>\n\n\n\n<p>\u201c<em>\u018flav\u0259 kurslara c\u0259lb etsinl\u0259r, yenilikl\u0259ri \u00f6yr\u0259tsinl\u0259r. Buna he\u00e7 kim qar\u015f\u0131 \u00e7\u0131xmayacaq. Amma ixtisar \u00fc\u00e7\u00fcn imtahan b\u0259han\u0259sin\u0259 ehtiyac yoxdur\u201d.<\/em><\/p>\n\n\n\n<p>\u0130\u015f\u00e7il\u0259r onu da deyibl\u0259r ki, i\u015fd\u0259n sonra gec\u0259-g\u00fcnd\u00fcz oxuma\u011fa m\u0259cburdular. \u015e\u0259xsi h\u0259yatlar\u0131 ikinci planda qal\u0131b, ail\u0259l\u0259rinin probleml\u0259ri il\u0259 maraqlanma\u011fa vaxtlar\u0131 qalmay\u0131b. \u0130ll\u0259rl\u0259 bu sah\u0259d\u0259 \u00e7al\u0131\u015fanlar stress alt\u0131nda i\u015fl\u0259yirl\u0259r. Yeni r\u0259hb\u0259rlikd\u0259n sonra v\u0259ziyy\u0259tl\u0259rinin yax\u015f\u0131laca\u011f\u0131na \u00fcmid ets\u0259l\u0259r d\u0259, h\u0259l\u0259lik he\u00e7 n\u0259 d\u0259yi\u015fm\u0259yib.<\/p>\n\n\n<div class=\"wp-block-image\">\n<figure class=\"alignleft size-full is-resized\"><img decoding=\"async\" width=\"1200\" height=\"800\" data-src=\"https:\/\/www.meydan.tv\/wp-content\/uploads\/mimrvari.jpeg\" alt=\"\" class=\"wp-image-279089 lazyload\" style=\"--smush-placeholder-width: 1200px; --smush-placeholder-aspect-ratio: 1200\/800;width:421px;height:auto\" src=\"data:image\/svg+xml;base64,PHN2ZyB3aWR0aD0iMSIgaGVpZ2h0PSIxIiB4bWxucz0iaHR0cDovL3d3dy53My5vcmcvMjAwMC9zdmciPjwvc3ZnPg==\" \/><figcaption class=\"wp-element-caption\">Mirvari Q\u0259hr\u0259manl\u0131. Foto: G\u00fclzar M\u0259mm\u0259dli<\/figcaption><\/figure>\n<\/div>\n\n\n<p>Neft\u00e7il\u0259rin H\u00fcquqlar\u0131n\u0131 M\u00fcdafi\u0259 T\u0259\u015fkilat\u0131n\u0131n s\u0259dri Mirvari Q\u0259hr\u0259manl\u0131 is\u0259 Meydan TV-y\u0259 bildirib ki, SOCAR-\u0131n T\u0259hl\u00fck\u0259sizlik \u0130dar\u0259sinin i\u015f\u00e7il\u0259ri qeyri-qanuni i\u015fd\u0259n azad etm\u0259k \u00fc\u00e7\u00fcn ke\u00e7irdiyi imtahanlar Az\u0259rbaycan\u0131n m\u00f6vcud \u0259m\u0259k qanunvericiliyin\u0259 ziddir.<\/p>\n\n\n\n<p>T\u0259\u015fkilat r\u0259hb\u0259ri <em>&#8220;\u015etatlar\u0131n ixtisar\u0131 v\u0259 i\u015f\u00e7il\u0259rin say\u0131n\u0131n azald\u0131lmas\u0131&#8221; \u0259sas\u0131 il\u0259 i\u015f\u00e7il\u0259rin bilikl\u0259rinin yoxlan\u0131lmas\u0131 v\u0259 \u0259m\u0259k m\u00fcqavil\u0259sinin l\u0259\u011fv edilm\u0259si bar\u0259d\u0259 imtahan q\u0259rar\u0131n\u0131 \u018fm\u0259k M\u0259c\u0259ll\u0259sinin t\u0259l\u0259bl\u0259rinin pozulmas\u0131 hesab edir. \u00c7\u00fcnki &#8220;\u015etatlar\u0131n ixtisar\u0131 v\u0259 i\u015f\u00e7il\u0259rin say\u0131n\u0131n azald\u0131lmas\u0131&#8221;<\/em> \u0259sas\u0131 il\u0259 i\u015f\u00e7il\u0259rl\u0259 ba\u011flanm\u0131\u015f \u0259m\u0259k m\u00fcqavil\u0259sinin l\u0259\u011fvi \u018fm\u0259k M\u0259c\u0259ll\u0259sinin 70, 71, 77,77, 79 v\u0259 80-c\u0131 madd\u0259l\u0259ri il\u0259 t\u0259nziml\u0259nir. \u0130\u015f\u00e7il\u0259rin pe\u015f\u0259karl\u0131\u011f\u0131n\u0131n m\u00fc\u0259yy\u0259n edilm\u0259si qaydalar\u0131 konkret olaraq m\u0259c\u0259ll\u0259nin 78-ci madd\u0259si il\u0259 m\u00fc\u0259yy\u0259n edilir.<\/p>\n\n\n\n<p><em>\u201cM\u00fcvafiq hallarda i\u015f\u00e7il\u0259rin say\u0131 azald\u0131lark\u0259n, yaxud \u015ftatlar\u0131n ixtisar\u0131 h\u0259yata ke\u00e7iril\u0259rk\u0259n m\u00fc\u0259yy\u0259n v\u0259zif\u0259l\u0259r \u00fczr\u0259 \u0259m\u0259k funksiyas\u0131n\u0131n icras\u0131 \u00fc\u00e7\u00fcn t\u0259l\u0259b olunan ixtisas\u0131n v\u0259 pe\u015f\u0259karl\u0131q s\u0259viyy\u0259sinin daha y\u00fcks\u0259yin\u0259 malik olan i\u015f\u00e7il\u0259r i\u015fd\u0259 saxlan\u0131l\u0131r. \u0130\u015f\u00e7inin pe\u015f\u0259karl\u0131q s\u0259viyy\u0259sini i\u015f\u0259g\u00f6t\u00fcr\u0259n m\u00fc\u0259yy\u0259n edir. Bu zaman i\u015f\u00e7il\u0259rin pe\u015f\u0259karl\u0131\u011f\u0131 imtahan yolu il\u0259 deyil, i\u015f\u00e7inin bug\u00fcn\u0259 q\u0259d\u0259r olan \u0259m\u0259k funksiyas\u0131 v\u0259 v\u0259zif\u0259l\u0259rinin yerin\u0259 yetirilm\u0259si il\u0259 m\u00fc\u0259yy\u0259n edilir\u201d<\/em>,-h\u00fcquq m\u00fcdafi\u0259\u00e7isi deyib.<\/p>\n\n\n\n<p>SOCAR-dan m\u0259s\u0259l\u0259 il\u0259 ba\u011fl\u0131 Meydan TV-y\u0259 dan\u0131\u015fmaq ist\u0259m\u0259yibl\u0259r.<\/p>\n","protected":false},"excerpt":{"rendered":"<p>\u201cH\u0259y\u0259candan t\u0259zyiqim qalx\u0131r, bu gedi\u015fl\u0259 \u00fcr\u0259yim d\u00f6zm\u0259y\u0259c\u0259k\u201d SOCAR-\u0131n T\u0259hl\u00fck\u0259sizlik \u0130dar\u0259sinin &#8230; <\/p>\n<p class=\"read-more-container\"><a title=\"SOCAR-\u0131n i\u015f\u00e7il\u0259rin say\u0131n\u0131 azaltmaq \u00fc\u00e7\u00fcn imtahan ke\u00e7ir\u0259c\u0259yi bildirilir\" class=\"read-more button\" href=\"https:\/\/www.meydan.tv\/az\/article\/socar-in-iscilerin-sayini-azaltmaq-ucun-imtahan-kecireceyi-bildirilir\/#more-303894\" aria-label=\"Read more about SOCAR-\u0131n i\u015f\u00e7il\u0259rin say\u0131n\u0131 azaltmaq \u00fc\u00e7\u00fcn imtahan ke\u00e7ir\u0259c\u0259yi bildirilir\">Davam\u0131<\/a><\/p>\n","protected":false},"author":8,"featured_media":139113,"comment_status":"closed","ping_status":"closed","sticky":false,"template":"","format":"standard","meta":{"_acf_changed":false,"_sitemap_exclude":false,"_sitemap_priority":"","_sitemap_frequency":"","footnotes":""},"categories":[62,56],"tags":[],"class_list":["post-303894","post","type-post","status-publish","format-standard","has-post-thumbnail","hentry","category-sosial","category-xeberler","infinite-scroll-item","generate-columns","tablet-grid-50","mobile-grid-100","grid-parent","grid-33","no-featured-image-padding"],"acf":[],"yoast_head":"<!-- This site is optimized with the Yoast SEO plugin v27.5 - https:\/\/yoast.com\/product\/yoast-seo-wordpress\/ -->\n<title>SOCAR-\u0131n i\u015f\u00e7il\u0259rin say\u0131n\u0131 azaltmaq \u00fc\u00e7\u00fcn imtahan ke\u00e7ir\u0259c\u0259yi bildirilir - MEYDAN.TV<\/title>\n<meta name=\"robots\" content=\"index, follow, max-snippet:-1, max-image-preview:large, max-video-preview:-1\" \/>\n<link rel=\"canonical\" href=\"https:\/\/www.meydan.tv\/az\/article\/socar-in-iscilerin-sayini-azaltmaq-ucun-imtahan-kecireceyi-bildirilir\/\" \/>\n<meta property=\"og:locale\" content=\"az_AZ\" \/>\n<meta property=\"og:type\" content=\"article\" \/>\n<meta property=\"og:title\" content=\"SOCAR-\u0131n i\u015f\u00e7il\u0259rin say\u0131n\u0131 azaltmaq \u00fc\u00e7\u00fcn imtahan ke\u00e7ir\u0259c\u0259yi bildirilir - MEYDAN.TV\" \/>\n<meta property=\"og:description\" content=\"\u201cH\u0259y\u0259candan t\u0259zyiqim qalx\u0131r, bu gedi\u015fl\u0259 \u00fcr\u0259yim d\u00f6zm\u0259y\u0259c\u0259k\u201d SOCAR-\u0131n T\u0259hl\u00fck\u0259sizlik \u0130dar\u0259sinin ... Davam\u0131\" \/>\n<meta property=\"og:url\" content=\"https:\/\/www.meydan.tv\/az\/article\/socar-in-iscilerin-sayini-azaltmaq-ucun-imtahan-kecireceyi-bildirilir\/\" \/>\n<meta property=\"og:site_name\" content=\"MEYDAN.TV\" \/>\n<meta property=\"article:published_time\" content=\"2024-04-22T09:46:14+00:00\" \/>\n<meta property=\"article:modified_time\" content=\"2024-04-22T09:46:17+00:00\" \/>\n<meta property=\"og:image\" content=\"https:\/\/www.meydan.tv\/wp-content\/uploads\/socar_thicgiw.jpg\" \/>\n\t<meta property=\"og:image:width\" content=\"1000\" \/>\n\t<meta property=\"og:image:height\" content=\"627\" \/>\n\t<meta property=\"og:image:type\" content=\"image\/jpeg\" \/>\n<meta name=\"author\" content=\"elli\" \/>\n<meta name=\"twitter:card\" content=\"summary_large_image\" \/>\n<meta name=\"twitter:creator\" content=\"@elli\" \/>\n<script type=\"application\/ld+json\" class=\"yoast-schema-graph\">{\"@context\":\"https:\\\/\\\/schema.org\",\"@graph\":[{\"@type\":\"Article\",\"@id\":\"https:\\\/\\\/www.meydan.tv\\\/az\\\/article\\\/socar-in-iscilerin-sayini-azaltmaq-ucun-imtahan-kecireceyi-bildirilir\\\/#article\",\"isPartOf\":{\"@id\":\"https:\\\/\\\/www.meydan.tv\\\/az\\\/article\\\/socar-in-iscilerin-sayini-azaltmaq-ucun-imtahan-kecireceyi-bildirilir\\\/\"},\"author\":{\"name\":\"elli\",\"@id\":\"https:\\\/\\\/www.meydan.tv\\\/az\\\/#\\\/schema\\\/person\\\/9cdbecf90d17180ce1dfbd95b08dcf47\"},\"headline\":\"SOCAR-\u0131n i\u015f\u00e7il\u0259rin say\u0131n\u0131 azaltmaq \u00fc\u00e7\u00fcn imtahan ke\u00e7ir\u0259c\u0259yi bildirilir\",\"datePublished\":\"2024-04-22T09:46:14+00:00\",\"dateModified\":\"2024-04-22T09:46:17+00:00\",\"mainEntityOfPage\":{\"@id\":\"https:\\\/\\\/www.meydan.tv\\\/az\\\/article\\\/socar-in-iscilerin-sayini-azaltmaq-ucun-imtahan-kecireceyi-bildirilir\\\/\"},\"wordCount\":749,\"publisher\":{\"@id\":\"https:\\\/\\\/www.meydan.tv\\\/az\\\/#organization\"},\"image\":{\"@id\":\"https:\\\/\\\/www.meydan.tv\\\/az\\\/article\\\/socar-in-iscilerin-sayini-azaltmaq-ucun-imtahan-kecireceyi-bildirilir\\\/#primaryimage\"},\"thumbnailUrl\":\"https:\\\/\\\/www.meydan.tv\\\/wp-content\\\/uploads\\\/socar_thicgiw.jpg\",\"articleSection\":[\"Sosial\",\"X\u0259b\u0259rl\u0259r\"],\"inLanguage\":\"az\"},{\"@type\":\"WebPage\",\"@id\":\"https:\\\/\\\/www.meydan.tv\\\/az\\\/article\\\/socar-in-iscilerin-sayini-azaltmaq-ucun-imtahan-kecireceyi-bildirilir\\\/\",\"url\":\"https:\\\/\\\/www.meydan.tv\\\/az\\\/article\\\/socar-in-iscilerin-sayini-azaltmaq-ucun-imtahan-kecireceyi-bildirilir\\\/\",\"name\":\"SOCAR-\u0131n i\u015f\u00e7il\u0259rin say\u0131n\u0131 azaltmaq \u00fc\u00e7\u00fcn imtahan ke\u00e7ir\u0259c\u0259yi bildirilir - MEYDAN.TV\",\"isPartOf\":{\"@id\":\"https:\\\/\\\/www.meydan.tv\\\/az\\\/#website\"},\"primaryImageOfPage\":{\"@id\":\"https:\\\/\\\/www.meydan.tv\\\/az\\\/article\\\/socar-in-iscilerin-sayini-azaltmaq-ucun-imtahan-kecireceyi-bildirilir\\\/#primaryimage\"},\"image\":{\"@id\":\"https:\\\/\\\/www.meydan.tv\\\/az\\\/article\\\/socar-in-iscilerin-sayini-azaltmaq-ucun-imtahan-kecireceyi-bildirilir\\\/#primaryimage\"},\"thumbnailUrl\":\"https:\\\/\\\/www.meydan.tv\\\/wp-content\\\/uploads\\\/socar_thicgiw.jpg\",\"datePublished\":\"2024-04-22T09:46:14+00:00\",\"dateModified\":\"2024-04-22T09:46:17+00:00\",\"breadcrumb\":{\"@id\":\"https:\\\/\\\/www.meydan.tv\\\/az\\\/article\\\/socar-in-iscilerin-sayini-azaltmaq-ucun-imtahan-kecireceyi-bildirilir\\\/#breadcrumb\"},\"inLanguage\":\"az\",\"potentialAction\":[{\"@type\":\"ReadAction\",\"target\":[\"https:\\\/\\\/www.meydan.tv\\\/az\\\/article\\\/socar-in-iscilerin-sayini-azaltmaq-ucun-imtahan-kecireceyi-bildirilir\\\/\"]}]},{\"@type\":\"ImageObject\",\"inLanguage\":\"az\",\"@id\":\"https:\\\/\\\/www.meydan.tv\\\/az\\\/article\\\/socar-in-iscilerin-sayini-azaltmaq-ucun-imtahan-kecireceyi-bildirilir\\\/#primaryimage\",\"url\":\"https:\\\/\\\/www.meydan.tv\\\/wp-content\\\/uploads\\\/socar_thicgiw.jpg\",\"contentUrl\":\"https:\\\/\\\/www.meydan.tv\\\/wp-content\\\/uploads\\\/socar_thicgiw.jpg\",\"width\":1000,\"height\":627,\"caption\":\"Foto: SOCAR\"},{\"@type\":\"BreadcrumbList\",\"@id\":\"https:\\\/\\\/www.meydan.tv\\\/az\\\/article\\\/socar-in-iscilerin-sayini-azaltmaq-ucun-imtahan-kecireceyi-bildirilir\\\/#breadcrumb\",\"itemListElement\":[{\"@type\":\"ListItem\",\"position\":1,\"name\":\"Ana s\u0259hif\u0259\",\"item\":\"https:\\\/\\\/www.meydan.tv\\\/az\\\/\"},{\"@type\":\"ListItem\",\"position\":2,\"name\":\"Sosial\",\"item\":\"https:\\\/\\\/www.meydan.tv\\\/az\\\/section\\\/sosial\\\/\"},{\"@type\":\"ListItem\",\"position\":3,\"name\":\"SOCAR-\u0131n i\u015f\u00e7il\u0259rin say\u0131n\u0131 azaltmaq \u00fc\u00e7\u00fcn imtahan ke\u00e7ir\u0259c\u0259yi bildirilir\"}]},{\"@type\":\"WebSite\",\"@id\":\"https:\\\/\\\/www.meydan.tv\\\/az\\\/#website\",\"url\":\"https:\\\/\\\/www.meydan.tv\\\/az\\\/\",\"name\":\"MEYDAN.TV\",\"description\":\"Meydan TV Az\u0259rbaycan\u0131n media m\u0259kan\u0131ndak\u0131 alternativ s\u0259sidir\",\"publisher\":{\"@id\":\"https:\\\/\\\/www.meydan.tv\\\/az\\\/#organization\"},\"potentialAction\":[{\"@type\":\"SearchAction\",\"target\":{\"@type\":\"EntryPoint\",\"urlTemplate\":\"https:\\\/\\\/www.meydan.tv\\\/az\\\/?s={search_term_string}\"},\"query-input\":{\"@type\":\"PropertyValueSpecification\",\"valueRequired\":true,\"valueName\":\"search_term_string\"}}],\"inLanguage\":\"az\"},{\"@type\":\"Organization\",\"@id\":\"https:\\\/\\\/www.meydan.tv\\\/az\\\/#organization\",\"name\":\"Meydan TV\",\"url\":\"https:\\\/\\\/www.meydan.tv\\\/az\\\/\",\"logo\":{\"@type\":\"ImageObject\",\"inLanguage\":\"az\",\"@id\":\"https:\\\/\\\/www.meydan.tv\\\/az\\\/#\\\/schema\\\/logo\\\/image\\\/\",\"url\":\"https:\\\/\\\/www.meydan.tv\\\/wp-content\\\/uploads\\\/2021\\\/07\\\/meydan-logo.svg\",\"contentUrl\":\"https:\\\/\\\/www.meydan.tv\\\/wp-content\\\/uploads\\\/2021\\\/07\\\/meydan-logo.svg\",\"width\":195,\"height\":46,\"caption\":\"Meydan TV\"},\"image\":{\"@id\":\"https:\\\/\\\/www.meydan.tv\\\/az\\\/#\\\/schema\\\/logo\\\/image\\\/\"}},{\"@type\":\"Person\",\"@id\":\"https:\\\/\\\/www.meydan.tv\\\/az\\\/#\\\/schema\\\/person\\\/9cdbecf90d17180ce1dfbd95b08dcf47\",\"name\":\"elli\",\"sameAs\":[\"https:\\\/\\\/x.com\\\/elli\"]}]}<\/script>\n<!-- \/ Yoast SEO plugin. -->","yoast_head_json":{"title":"SOCAR-\u0131n i\u015f\u00e7il\u0259rin say\u0131n\u0131 azaltmaq \u00fc\u00e7\u00fcn imtahan ke\u00e7ir\u0259c\u0259yi bildirilir - MEYDAN.TV","robots":{"index":"index","follow":"follow","max-snippet":"max-snippet:-1","max-image-preview":"max-image-preview:large","max-video-preview":"max-video-preview:-1"},"canonical":"https:\/\/www.meydan.tv\/az\/article\/socar-in-iscilerin-sayini-azaltmaq-ucun-imtahan-kecireceyi-bildirilir\/","og_locale":"az_AZ","og_type":"article","og_title":"SOCAR-\u0131n i\u015f\u00e7il\u0259rin say\u0131n\u0131 azaltmaq \u00fc\u00e7\u00fcn imtahan ke\u00e7ir\u0259c\u0259yi bildirilir - MEYDAN.TV","og_description":"\u201cH\u0259y\u0259candan t\u0259zyiqim qalx\u0131r, bu gedi\u015fl\u0259 \u00fcr\u0259yim d\u00f6zm\u0259y\u0259c\u0259k\u201d SOCAR-\u0131n T\u0259hl\u00fck\u0259sizlik \u0130dar\u0259sinin ... Davam\u0131","og_url":"https:\/\/www.meydan.tv\/az\/article\/socar-in-iscilerin-sayini-azaltmaq-ucun-imtahan-kecireceyi-bildirilir\/","og_site_name":"MEYDAN.TV","article_published_time":"2024-04-22T09:46:14+00:00","article_modified_time":"2024-04-22T09:46:17+00:00","og_image":[{"width":1000,"height":627,"url":"https:\/\/www.meydan.tv\/wp-content\/uploads\/socar_thicgiw.jpg","type":"image\/jpeg"}],"author":"elli","twitter_card":"summary_large_image","twitter_creator":"@elli","schema":{"@context":"https:\/\/schema.org","@graph":[{"@type":"Article","@id":"https:\/\/www.meydan.tv\/az\/article\/socar-in-iscilerin-sayini-azaltmaq-ucun-imtahan-kecireceyi-bildirilir\/#article","isPartOf":{"@id":"https:\/\/www.meydan.tv\/az\/article\/socar-in-iscilerin-sayini-azaltmaq-ucun-imtahan-kecireceyi-bildirilir\/"},"author":{"name":"elli","@id":"https:\/\/www.meydan.tv\/az\/#\/schema\/person\/9cdbecf90d17180ce1dfbd95b08dcf47"},"headline":"SOCAR-\u0131n i\u015f\u00e7il\u0259rin say\u0131n\u0131 azaltmaq \u00fc\u00e7\u00fcn imtahan ke\u00e7ir\u0259c\u0259yi bildirilir","datePublished":"2024-04-22T09:46:14+00:00","dateModified":"2024-04-22T09:46:17+00:00","mainEntityOfPage":{"@id":"https:\/\/www.meydan.tv\/az\/article\/socar-in-iscilerin-sayini-azaltmaq-ucun-imtahan-kecireceyi-bildirilir\/"},"wordCount":749,"publisher":{"@id":"https:\/\/www.meydan.tv\/az\/#organization"},"image":{"@id":"https:\/\/www.meydan.tv\/az\/article\/socar-in-iscilerin-sayini-azaltmaq-ucun-imtahan-kecireceyi-bildirilir\/#primaryimage"},"thumbnailUrl":"https:\/\/www.meydan.tv\/wp-content\/uploads\/socar_thicgiw.jpg","articleSection":["Sosial","X\u0259b\u0259rl\u0259r"],"inLanguage":"az"},{"@type":"WebPage","@id":"https:\/\/www.meydan.tv\/az\/article\/socar-in-iscilerin-sayini-azaltmaq-ucun-imtahan-kecireceyi-bildirilir\/","url":"https:\/\/www.meydan.tv\/az\/article\/socar-in-iscilerin-sayini-azaltmaq-ucun-imtahan-kecireceyi-bildirilir\/","name":"SOCAR-\u0131n i\u015f\u00e7il\u0259rin say\u0131n\u0131 azaltmaq \u00fc\u00e7\u00fcn imtahan ke\u00e7ir\u0259c\u0259yi bildirilir - MEYDAN.TV","isPartOf":{"@id":"https:\/\/www.meydan.tv\/az\/#website"},"primaryImageOfPage":{"@id":"https:\/\/www.meydan.tv\/az\/article\/socar-in-iscilerin-sayini-azaltmaq-ucun-imtahan-kecireceyi-bildirilir\/#primaryimage"},"image":{"@id":"https:\/\/www.meydan.tv\/az\/article\/socar-in-iscilerin-sayini-azaltmaq-ucun-imtahan-kecireceyi-bildirilir\/#primaryimage"},"thumbnailUrl":"https:\/\/www.meydan.tv\/wp-content\/uploads\/socar_thicgiw.jpg","datePublished":"2024-04-22T09:46:14+00:00","dateModified":"2024-04-22T09:46:17+00:00","breadcrumb":{"@id":"https:\/\/www.meydan.tv\/az\/article\/socar-in-iscilerin-sayini-azaltmaq-ucun-imtahan-kecireceyi-bildirilir\/#breadcrumb"},"inLanguage":"az","potentialAction":[{"@type":"ReadAction","target":["https:\/\/www.meydan.tv\/az\/article\/socar-in-iscilerin-sayini-azaltmaq-ucun-imtahan-kecireceyi-bildirilir\/"]}]},{"@type":"ImageObject","inLanguage":"az","@id":"https:\/\/www.meydan.tv\/az\/article\/socar-in-iscilerin-sayini-azaltmaq-ucun-imtahan-kecireceyi-bildirilir\/#primaryimage","url":"https:\/\/www.meydan.tv\/wp-content\/uploads\/socar_thicgiw.jpg","contentUrl":"https:\/\/www.meydan.tv\/wp-content\/uploads\/socar_thicgiw.jpg","width":1000,"height":627,"caption":"Foto: SOCAR"},{"@type":"BreadcrumbList","@id":"https:\/\/www.meydan.tv\/az\/article\/socar-in-iscilerin-sayini-azaltmaq-ucun-imtahan-kecireceyi-bildirilir\/#breadcrumb","itemListElement":[{"@type":"ListItem","position":1,"name":"Ana s\u0259hif\u0259","item":"https:\/\/www.meydan.tv\/az\/"},{"@type":"ListItem","position":2,"name":"Sosial","item":"https:\/\/www.meydan.tv\/az\/section\/sosial\/"},{"@type":"ListItem","position":3,"name":"SOCAR-\u0131n i\u015f\u00e7il\u0259rin say\u0131n\u0131 azaltmaq \u00fc\u00e7\u00fcn imtahan ke\u00e7ir\u0259c\u0259yi bildirilir"}]},{"@type":"WebSite","@id":"https:\/\/www.meydan.tv\/az\/#website","url":"https:\/\/www.meydan.tv\/az\/","name":"MEYDAN.TV","description":"Meydan TV Az\u0259rbaycan\u0131n media m\u0259kan\u0131ndak\u0131 alternativ s\u0259sidir","publisher":{"@id":"https:\/\/www.meydan.tv\/az\/#organization"},"potentialAction":[{"@type":"SearchAction","target":{"@type":"EntryPoint","urlTemplate":"https:\/\/www.meydan.tv\/az\/?s={search_term_string}"},"query-input":{"@type":"PropertyValueSpecification","valueRequired":true,"valueName":"search_term_string"}}],"inLanguage":"az"},{"@type":"Organization","@id":"https:\/\/www.meydan.tv\/az\/#organization","name":"Meydan TV","url":"https:\/\/www.meydan.tv\/az\/","logo":{"@type":"ImageObject","inLanguage":"az","@id":"https:\/\/www.meydan.tv\/az\/#\/schema\/logo\/image\/","url":"https:\/\/www.meydan.tv\/wp-content\/uploads\/2021\/07\/meydan-logo.svg","contentUrl":"https:\/\/www.meydan.tv\/wp-content\/uploads\/2021\/07\/meydan-logo.svg","width":195,"height":46,"caption":"Meydan TV"},"image":{"@id":"https:\/\/www.meydan.tv\/az\/#\/schema\/logo\/image\/"}},{"@type":"Person","@id":"https:\/\/www.meydan.tv\/az\/#\/schema\/person\/9cdbecf90d17180ce1dfbd95b08dcf47","name":"elli","sameAs":["https:\/\/x.com\/elli"]}]}},"_links":{"self":[{"href":"https:\/\/www.meydan.tv\/az\/wp-json\/wp\/v2\/posts\/303894","targetHints":{"allow":["GET"]}}],"collection":[{"href":"https:\/\/www.meydan.tv\/az\/wp-json\/wp\/v2\/posts"}],"about":[{"href":"https:\/\/www.meydan.tv\/az\/wp-json\/wp\/v2\/types\/post"}],"author":[{"embeddable":true,"href":"https:\/\/www.meydan.tv\/az\/wp-json\/wp\/v2\/users\/8"}],"replies":[{"embeddable":true,"href":"https:\/\/www.meydan.tv\/az\/wp-json\/wp\/v2\/comments?post=303894"}],"version-history":[{"count":3,"href":"https:\/\/www.meydan.tv\/az\/wp-json\/wp\/v2\/posts\/303894\/revisions"}],"predecessor-version":[{"id":303900,"href":"https:\/\/www.meydan.tv\/az\/wp-json\/wp\/v2\/posts\/303894\/revisions\/303900"}],"wp:featuredmedia":[{"embeddable":true,"href":"https:\/\/www.meydan.tv\/az\/wp-json\/wp\/v2\/media\/139113"}],"wp:attachment":[{"href":"https:\/\/www.meydan.tv\/az\/wp-json\/wp\/v2\/media?parent=303894"}],"wp:term":[{"taxonomy":"category","embeddable":true,"href":"https:\/\/www.meydan.tv\/az\/wp-json\/wp\/v2\/categories?post=303894"},{"taxonomy":"post_tag","embeddable":true,"href":"https:\/\/www.meydan.tv\/az\/wp-json\/wp\/v2\/tags?post=303894"}],"curies":[{"name":"wp","href":"https:\/\/api.w.org\/{rel}","templated":true}]}}