{"id":303778,"date":"2024-04-20T12:47:42","date_gmt":"2024-04-20T08:47:42","guid":{"rendered":"https:\/\/www.meydan.tv\/?p=303778"},"modified":"2024-04-20T12:47:44","modified_gmt":"2024-04-20T08:47:44","slug":"putin-ilham-eliyev-vasitesile-olkeni-idare-edir","status":"publish","type":"post","link":"https:\/\/www.meydan.tv\/az\/article\/putin-ilham-eliyev-vasitesile-olkeni-idare-edir\/","title":{"rendered":"&#8221;Putin \u0130lham \u018fliyev vasit\u0259sil\u0259 \u00f6lk\u0259ni idar\u0259 edir&#8221;"},"content":{"rendered":"\n<figure class=\"wp-block-embed is-type-video is-provider-youtube wp-block-embed-youtube wp-embed-aspect-16-9 wp-has-aspect-ratio\"><div class=\"wp-block-embed__wrapper\">\n<iframe title=\"&#039;&#039;Putin \u0130lham \u018fliyev vasit\u0259sil\u0259 \u00f6lk\u0259ni idar\u0259 edir&#039;&#039;\" width=\"1200\" height=\"675\" data-src=\"https:\/\/www.youtube.com\/embed\/8vKTGLIQjvk?feature=oembed\" frameborder=\"0\" allow=\"accelerometer; autoplay; clipboard-write; encrypted-media; gyroscope; picture-in-picture; web-share\" referrerpolicy=\"strict-origin-when-cross-origin\" allowfullscreen src=\"data:image\/svg+xml;base64,PHN2ZyB3aWR0aD0iMSIgaGVpZ2h0PSIxIiB4bWxucz0iaHR0cDovL3d3dy53My5vcmcvMjAwMC9zdmciPjwvc3ZnPg==\" class=\"lazyload\" data-load-mode=\"1\"><\/iframe>\n<\/div><\/figure>\n\n\n\n<!--more-->\n\n\n\n<p><\/p>\n\n\n\n<p>5 illik m\u00fcdd\u0259t bitm\u0259mi\u015f rus s\u00fclhm\u0259raml\u0131 q\u00fcvv\u0259l\u0259ri Qaraba\u011fdan s\u0259ssiz-s\u0259mirsiz gedir. Qaraba\u011fdan s\u00fclhm\u0259raml\u0131 kontingentin \u00e7\u0131xar\u0131lmas\u0131 Bak\u0131 sakinl\u0259ri \u00fc\u00e7\u00fcn sevindirici x\u0259b\u0259rdir.<\/p>\n\n\n\n<p>Rus s\u00fclhm\u0259raml\u0131lar\u0131n vaxt\u0131ndan bir il \u00f6nc\u0259 Az\u0259rbaycan \u0259razisind\u0259n \u00e7\u0131xar\u0131lmas\u0131 b\u0259zi suallar yarad\u0131r.<\/p>\n\n\n\n<p> Prezidentin k\u00f6m\u0259k\u00e7isi Hikm\u0259t Hac\u0131yev bildirib ki, Rusiya s\u00fclhm\u0259raml\u0131lar\u0131n\u0131n Az\u0259rbaycan \u0259razisind\u0259n vaxt\u0131ndan \u0259vv\u0259l \u00e7\u0131xar\u0131lmas\u0131 bar\u0259d\u0259 h\u0259r iki \u00f6lk\u0259nin ali r\u0259hb\u0259rliyi q\u0259rar q\u0259bul edib. <\/p>\n\n\n\n<p>Siyasi \u015f\u0259rh\u00e7i Az\u0259r Qas\u0131ml\u0131 deyir ki, \u00f6lk\u0259 ba\u015f\u00e7\u0131s\u0131 \u0130lham \u018fliyevin Putinl\u0259 n\u0259yin qar\u015f\u0131l\u0131\u011f\u0131nda anla\u015fmas\u0131 ictimaiyy\u0259t\u0259 b\u0259lli deyil.<\/p>\n\n\n\n<p>C\u0259nubi Qafqaz T\u0259dqiqatlar M\u0259rk\u0259zinin direktor m\u00fcavini Fuad \u00c7\u0131raqov bildirir ki, Qaraba\u011f\u0131n erm\u0259ni \u0259halisi b\u00f6lg\u0259ni t\u0259rk etdiyind\u0259n s\u00fclhm\u0259raml\u0131 q\u00fcvv\u0259l\u0259rin orada qalma\u011f\u0131na ehtiyac qalmam\u0131\u015fd\u0131.<\/p>\n\n\n\n<p>Az\u0259r Qas\u0131ml\u0131 bildirir ki, s\u00fclhm\u0259raml\u0131 kontingentin Qaraba\u011fda qalmas\u0131 simvolik xarakter da\u015f\u0131y\u0131rd\u0131. Az\u0259rbaycan \u0259razisind\u0259 rus qo\u015funlar\u0131 olmasa da, \u00f6lk\u0259 ba\u015f\u00e7\u0131s\u0131 \u0130lham \u018fliyev \u00e7oxdan Putinin yan\u0131nda yer al\u0131b.<\/p>\n\n\n\n<p>AB\u015e D\u00f6vl\u0259t Departamentinin s\u00f6z\u00e7\u00fcs\u00fcn\u00fcn m\u00fcavini Vedant Patel d\u0259 bildirib ki, Rusiya C\u0259nubi Qafqazda etibarl\u0131 m\u00fctt\u0259fiq v\u0259 ya t\u0259r\u0259fda\u015f deyil. AB\u015e r\u0259smisi Rusiya ordusunun daha dinc v\u0259 sabit bir C\u0259nubi Qafqaz regionu \u00fc\u00e7\u00fcn he\u00e7 bir t\u00f6fh\u0259 verm\u0259dyini deyib.<\/p>\n\n\n\n<p>Aprelin 18-d\u0259 T\u00fcrkiy\u0259 Milli M\u00fcdafi\u0259 Nazirliyinin yayd\u0131\u011f\u0131 m\u0259lumatda da bildirilib ki, A\u011fdamda yerl\u0259\u015f\u0259n T\u00fcrkiy\u0259-Rusiya Birg\u0259 Monitorinq M\u0259rk\u0259zinin f\u0259aliyy\u0259tinin dayand\u0131r\u0131lmas\u0131 istiqam\u0259tind\u0259 Az\u0259rbaycan v\u0259 Rusiya il\u0259 koordinasiyal\u0131 qaydada i\u015f apar\u0131l\u0131r.<\/p>\n\n\n\n<p>2020-ci il noyabr\u0131n 10-da imzalanm\u0131\u015f \u00fc\u00e7t\u0259r\u0259fli b\u0259yanata \u0259sas\u0259n, Qaraba\u011fda 5 illik m\u00fcdd\u0259tin\u0259 Rusiya s\u00fclhm\u0259raml\u0131lar\u0131 yerl\u0259\u015fdirilmi\u015fdi. S\u00fclhm\u0259raml\u0131lar b\u00f6lg\u0259d\u0259 at\u0259\u015fk\u0259sin qorunmas\u0131na n\u0259zar\u0259t m\u0259qs\u0259dil\u0259 yerl\u0259\u015fdirilmi\u015fdi.<\/p>\n","protected":false},"excerpt":{"rendered":"","protected":false},"author":12,"featured_media":303779,"comment_status":"closed","ping_status":"closed","sticky":false,"template":"","format":"standard","meta":{"_acf_changed":false,"_sitemap_exclude":false,"_sitemap_priority":"","_sitemap_frequency":"","footnotes":""},"categories":[59,63,56],"tags":[],"class_list":["post-303778","post","type-post","status-publish","format-standard","has-post-thumbnail","hentry","category-siyaset","category-video-2","category-xeberler","infinite-scroll-item","generate-columns","tablet-grid-50","mobile-grid-100","grid-parent","grid-33","no-featured-image-padding"],"acf":[],"yoast_head":"<!-- This site is optimized with the Yoast SEO plugin v27.4 - https:\/\/yoast.com\/product\/yoast-seo-wordpress\/ -->\n<title>&#039;&#039;Putin \u0130lham \u018fliyev vasit\u0259sil\u0259 \u00f6lk\u0259ni idar\u0259 edir&#039;&#039; - MEYDAN.TV<\/title>\n<meta name=\"robots\" content=\"index, follow, max-snippet:-1, max-image-preview:large, max-video-preview:-1\" \/>\n<link rel=\"canonical\" href=\"https:\/\/www.meydan.tv\/az\/article\/putin-ilham-eliyev-vasitesile-olkeni-idare-edir\/\" \/>\n<meta property=\"og:locale\" content=\"az_AZ\" \/>\n<meta property=\"og:type\" content=\"article\" \/>\n<meta property=\"og:title\" content=\"&#039;&#039;Putin \u0130lham \u018fliyev vasit\u0259sil\u0259 \u00f6lk\u0259ni idar\u0259 edir&#039;&#039; - MEYDAN.TV\" \/>\n<meta property=\"og:url\" content=\"https:\/\/www.meydan.tv\/az\/article\/putin-ilham-eliyev-vasitesile-olkeni-idare-edir\/\" \/>\n<meta property=\"og:site_name\" content=\"MEYDAN.TV\" \/>\n<meta property=\"article:published_time\" content=\"2024-04-20T08:47:42+00:00\" \/>\n<meta property=\"article:modified_time\" content=\"2024-04-20T08:47:44+00:00\" \/>\n<meta property=\"og:image\" content=\"https:\/\/www.meydan.tv\/wp-content\/uploads\/l-0x4wh-1880x1095z-0.4181.jpeg\" \/>\n\t<meta property=\"og:image:width\" content=\"1880\" \/>\n\t<meta property=\"og:image:height\" content=\"1095\" \/>\n\t<meta property=\"og:image:type\" content=\"image\/jpeg\" \/>\n<meta name=\"author\" content=\"aleks\" \/>\n<meta name=\"twitter:card\" content=\"summary_large_image\" \/>\n<script type=\"application\/ld+json\" class=\"yoast-schema-graph\">{\"@context\":\"https:\\\/\\\/schema.org\",\"@graph\":[{\"@type\":\"Article\",\"@id\":\"https:\\\/\\\/www.meydan.tv\\\/az\\\/article\\\/putin-ilham-eliyev-vasitesile-olkeni-idare-edir\\\/#article\",\"isPartOf\":{\"@id\":\"https:\\\/\\\/www.meydan.tv\\\/az\\\/article\\\/putin-ilham-eliyev-vasitesile-olkeni-idare-edir\\\/\"},\"author\":{\"name\":\"aleks\",\"@id\":\"https:\\\/\\\/www.meydan.tv\\\/az\\\/#\\\/schema\\\/person\\\/476e9360e593fa131d5d71d51866f8da\"},\"headline\":\"&#8221;Putin \u0130lham \u018fliyev vasit\u0259sil\u0259 \u00f6lk\u0259ni idar\u0259 edir&#8221;\",\"datePublished\":\"2024-04-20T08:47:42+00:00\",\"dateModified\":\"2024-04-20T08:47:44+00:00\",\"mainEntityOfPage\":{\"@id\":\"https:\\\/\\\/www.meydan.tv\\\/az\\\/article\\\/putin-ilham-eliyev-vasitesile-olkeni-idare-edir\\\/\"},\"wordCount\":366,\"publisher\":{\"@id\":\"https:\\\/\\\/www.meydan.tv\\\/az\\\/#organization\"},\"image\":{\"@id\":\"https:\\\/\\\/www.meydan.tv\\\/az\\\/article\\\/putin-ilham-eliyev-vasitesile-olkeni-idare-edir\\\/#primaryimage\"},\"thumbnailUrl\":\"https:\\\/\\\/www.meydan.tv\\\/wp-content\\\/uploads\\\/l-0x4wh-1880x1095z-0.4181.jpeg\",\"articleSection\":[\"Siyas\u0259t\",\"Video\",\"X\u0259b\u0259rl\u0259r\"],\"inLanguage\":\"az\"},{\"@type\":\"WebPage\",\"@id\":\"https:\\\/\\\/www.meydan.tv\\\/az\\\/article\\\/putin-ilham-eliyev-vasitesile-olkeni-idare-edir\\\/\",\"url\":\"https:\\\/\\\/www.meydan.tv\\\/az\\\/article\\\/putin-ilham-eliyev-vasitesile-olkeni-idare-edir\\\/\",\"name\":\"''Putin \u0130lham \u018fliyev vasit\u0259sil\u0259 \u00f6lk\u0259ni idar\u0259 edir'' - MEYDAN.TV\",\"isPartOf\":{\"@id\":\"https:\\\/\\\/www.meydan.tv\\\/az\\\/#website\"},\"primaryImageOfPage\":{\"@id\":\"https:\\\/\\\/www.meydan.tv\\\/az\\\/article\\\/putin-ilham-eliyev-vasitesile-olkeni-idare-edir\\\/#primaryimage\"},\"image\":{\"@id\":\"https:\\\/\\\/www.meydan.tv\\\/az\\\/article\\\/putin-ilham-eliyev-vasitesile-olkeni-idare-edir\\\/#primaryimage\"},\"thumbnailUrl\":\"https:\\\/\\\/www.meydan.tv\\\/wp-content\\\/uploads\\\/l-0x4wh-1880x1095z-0.4181.jpeg\",\"datePublished\":\"2024-04-20T08:47:42+00:00\",\"dateModified\":\"2024-04-20T08:47:44+00:00\",\"breadcrumb\":{\"@id\":\"https:\\\/\\\/www.meydan.tv\\\/az\\\/article\\\/putin-ilham-eliyev-vasitesile-olkeni-idare-edir\\\/#breadcrumb\"},\"inLanguage\":\"az\",\"potentialAction\":[{\"@type\":\"ReadAction\",\"target\":[\"https:\\\/\\\/www.meydan.tv\\\/az\\\/article\\\/putin-ilham-eliyev-vasitesile-olkeni-idare-edir\\\/\"]}]},{\"@type\":\"ImageObject\",\"inLanguage\":\"az\",\"@id\":\"https:\\\/\\\/www.meydan.tv\\\/az\\\/article\\\/putin-ilham-eliyev-vasitesile-olkeni-idare-edir\\\/#primaryimage\",\"url\":\"https:\\\/\\\/www.meydan.tv\\\/wp-content\\\/uploads\\\/l-0x4wh-1880x1095z-0.4181.jpeg\",\"contentUrl\":\"https:\\\/\\\/www.meydan.tv\\\/wp-content\\\/uploads\\\/l-0x4wh-1880x1095z-0.4181.jpeg\",\"width\":1880,\"height\":1095},{\"@type\":\"BreadcrumbList\",\"@id\":\"https:\\\/\\\/www.meydan.tv\\\/az\\\/article\\\/putin-ilham-eliyev-vasitesile-olkeni-idare-edir\\\/#breadcrumb\",\"itemListElement\":[{\"@type\":\"ListItem\",\"position\":1,\"name\":\"Ana s\u0259hif\u0259\",\"item\":\"https:\\\/\\\/www.meydan.tv\\\/az\\\/\"},{\"@type\":\"ListItem\",\"position\":2,\"name\":\"X\u0259b\u0259rl\u0259r\",\"item\":\"https:\\\/\\\/www.meydan.tv\\\/az\\\/section\\\/xeberler\\\/\"},{\"@type\":\"ListItem\",\"position\":3,\"name\":\"&#8221;Putin \u0130lham \u018fliyev vasit\u0259sil\u0259 \u00f6lk\u0259ni idar\u0259 edir&#8221;\"}]},{\"@type\":\"WebSite\",\"@id\":\"https:\\\/\\\/www.meydan.tv\\\/az\\\/#website\",\"url\":\"https:\\\/\\\/www.meydan.tv\\\/az\\\/\",\"name\":\"MEYDAN.TV\",\"description\":\"Meydan TV Az\u0259rbaycan\u0131n media m\u0259kan\u0131ndak\u0131 alternativ s\u0259sidir\",\"publisher\":{\"@id\":\"https:\\\/\\\/www.meydan.tv\\\/az\\\/#organization\"},\"potentialAction\":[{\"@type\":\"SearchAction\",\"target\":{\"@type\":\"EntryPoint\",\"urlTemplate\":\"https:\\\/\\\/www.meydan.tv\\\/az\\\/?s={search_term_string}\"},\"query-input\":{\"@type\":\"PropertyValueSpecification\",\"valueRequired\":true,\"valueName\":\"search_term_string\"}}],\"inLanguage\":\"az\"},{\"@type\":\"Organization\",\"@id\":\"https:\\\/\\\/www.meydan.tv\\\/az\\\/#organization\",\"name\":\"Meydan TV\",\"url\":\"https:\\\/\\\/www.meydan.tv\\\/az\\\/\",\"logo\":{\"@type\":\"ImageObject\",\"inLanguage\":\"az\",\"@id\":\"https:\\\/\\\/www.meydan.tv\\\/az\\\/#\\\/schema\\\/logo\\\/image\\\/\",\"url\":\"https:\\\/\\\/www.meydan.tv\\\/wp-content\\\/uploads\\\/2021\\\/07\\\/meydan-logo.svg\",\"contentUrl\":\"https:\\\/\\\/www.meydan.tv\\\/wp-content\\\/uploads\\\/2021\\\/07\\\/meydan-logo.svg\",\"width\":195,\"height\":46,\"caption\":\"Meydan TV\"},\"image\":{\"@id\":\"https:\\\/\\\/www.meydan.tv\\\/az\\\/#\\\/schema\\\/logo\\\/image\\\/\"}},{\"@type\":\"Person\",\"@id\":\"https:\\\/\\\/www.meydan.tv\\\/az\\\/#\\\/schema\\\/person\\\/476e9360e593fa131d5d71d51866f8da\",\"name\":\"aleks\"}]}<\/script>\n<!-- \/ Yoast SEO plugin. -->","yoast_head_json":{"title":"''Putin \u0130lham \u018fliyev vasit\u0259sil\u0259 \u00f6lk\u0259ni idar\u0259 edir'' - MEYDAN.TV","robots":{"index":"index","follow":"follow","max-snippet":"max-snippet:-1","max-image-preview":"max-image-preview:large","max-video-preview":"max-video-preview:-1"},"canonical":"https:\/\/www.meydan.tv\/az\/article\/putin-ilham-eliyev-vasitesile-olkeni-idare-edir\/","og_locale":"az_AZ","og_type":"article","og_title":"''Putin \u0130lham \u018fliyev vasit\u0259sil\u0259 \u00f6lk\u0259ni idar\u0259 edir'' - MEYDAN.TV","og_url":"https:\/\/www.meydan.tv\/az\/article\/putin-ilham-eliyev-vasitesile-olkeni-idare-edir\/","og_site_name":"MEYDAN.TV","article_published_time":"2024-04-20T08:47:42+00:00","article_modified_time":"2024-04-20T08:47:44+00:00","og_image":[{"width":1880,"height":1095,"url":"https:\/\/www.meydan.tv\/wp-content\/uploads\/l-0x4wh-1880x1095z-0.4181.jpeg","type":"image\/jpeg"}],"author":"aleks","twitter_card":"summary_large_image","schema":{"@context":"https:\/\/schema.org","@graph":[{"@type":"Article","@id":"https:\/\/www.meydan.tv\/az\/article\/putin-ilham-eliyev-vasitesile-olkeni-idare-edir\/#article","isPartOf":{"@id":"https:\/\/www.meydan.tv\/az\/article\/putin-ilham-eliyev-vasitesile-olkeni-idare-edir\/"},"author":{"name":"aleks","@id":"https:\/\/www.meydan.tv\/az\/#\/schema\/person\/476e9360e593fa131d5d71d51866f8da"},"headline":"&#8221;Putin \u0130lham \u018fliyev vasit\u0259sil\u0259 \u00f6lk\u0259ni idar\u0259 edir&#8221;","datePublished":"2024-04-20T08:47:42+00:00","dateModified":"2024-04-20T08:47:44+00:00","mainEntityOfPage":{"@id":"https:\/\/www.meydan.tv\/az\/article\/putin-ilham-eliyev-vasitesile-olkeni-idare-edir\/"},"wordCount":366,"publisher":{"@id":"https:\/\/www.meydan.tv\/az\/#organization"},"image":{"@id":"https:\/\/www.meydan.tv\/az\/article\/putin-ilham-eliyev-vasitesile-olkeni-idare-edir\/#primaryimage"},"thumbnailUrl":"https:\/\/www.meydan.tv\/wp-content\/uploads\/l-0x4wh-1880x1095z-0.4181.jpeg","articleSection":["Siyas\u0259t","Video","X\u0259b\u0259rl\u0259r"],"inLanguage":"az"},{"@type":"WebPage","@id":"https:\/\/www.meydan.tv\/az\/article\/putin-ilham-eliyev-vasitesile-olkeni-idare-edir\/","url":"https:\/\/www.meydan.tv\/az\/article\/putin-ilham-eliyev-vasitesile-olkeni-idare-edir\/","name":"''Putin \u0130lham \u018fliyev vasit\u0259sil\u0259 \u00f6lk\u0259ni idar\u0259 edir'' - MEYDAN.TV","isPartOf":{"@id":"https:\/\/www.meydan.tv\/az\/#website"},"primaryImageOfPage":{"@id":"https:\/\/www.meydan.tv\/az\/article\/putin-ilham-eliyev-vasitesile-olkeni-idare-edir\/#primaryimage"},"image":{"@id":"https:\/\/www.meydan.tv\/az\/article\/putin-ilham-eliyev-vasitesile-olkeni-idare-edir\/#primaryimage"},"thumbnailUrl":"https:\/\/www.meydan.tv\/wp-content\/uploads\/l-0x4wh-1880x1095z-0.4181.jpeg","datePublished":"2024-04-20T08:47:42+00:00","dateModified":"2024-04-20T08:47:44+00:00","breadcrumb":{"@id":"https:\/\/www.meydan.tv\/az\/article\/putin-ilham-eliyev-vasitesile-olkeni-idare-edir\/#breadcrumb"},"inLanguage":"az","potentialAction":[{"@type":"ReadAction","target":["https:\/\/www.meydan.tv\/az\/article\/putin-ilham-eliyev-vasitesile-olkeni-idare-edir\/"]}]},{"@type":"ImageObject","inLanguage":"az","@id":"https:\/\/www.meydan.tv\/az\/article\/putin-ilham-eliyev-vasitesile-olkeni-idare-edir\/#primaryimage","url":"https:\/\/www.meydan.tv\/wp-content\/uploads\/l-0x4wh-1880x1095z-0.4181.jpeg","contentUrl":"https:\/\/www.meydan.tv\/wp-content\/uploads\/l-0x4wh-1880x1095z-0.4181.jpeg","width":1880,"height":1095},{"@type":"BreadcrumbList","@id":"https:\/\/www.meydan.tv\/az\/article\/putin-ilham-eliyev-vasitesile-olkeni-idare-edir\/#breadcrumb","itemListElement":[{"@type":"ListItem","position":1,"name":"Ana s\u0259hif\u0259","item":"https:\/\/www.meydan.tv\/az\/"},{"@type":"ListItem","position":2,"name":"X\u0259b\u0259rl\u0259r","item":"https:\/\/www.meydan.tv\/az\/section\/xeberler\/"},{"@type":"ListItem","position":3,"name":"&#8221;Putin \u0130lham \u018fliyev vasit\u0259sil\u0259 \u00f6lk\u0259ni idar\u0259 edir&#8221;"}]},{"@type":"WebSite","@id":"https:\/\/www.meydan.tv\/az\/#website","url":"https:\/\/www.meydan.tv\/az\/","name":"MEYDAN.TV","description":"Meydan TV Az\u0259rbaycan\u0131n media m\u0259kan\u0131ndak\u0131 alternativ s\u0259sidir","publisher":{"@id":"https:\/\/www.meydan.tv\/az\/#organization"},"potentialAction":[{"@type":"SearchAction","target":{"@type":"EntryPoint","urlTemplate":"https:\/\/www.meydan.tv\/az\/?s={search_term_string}"},"query-input":{"@type":"PropertyValueSpecification","valueRequired":true,"valueName":"search_term_string"}}],"inLanguage":"az"},{"@type":"Organization","@id":"https:\/\/www.meydan.tv\/az\/#organization","name":"Meydan TV","url":"https:\/\/www.meydan.tv\/az\/","logo":{"@type":"ImageObject","inLanguage":"az","@id":"https:\/\/www.meydan.tv\/az\/#\/schema\/logo\/image\/","url":"https:\/\/www.meydan.tv\/wp-content\/uploads\/2021\/07\/meydan-logo.svg","contentUrl":"https:\/\/www.meydan.tv\/wp-content\/uploads\/2021\/07\/meydan-logo.svg","width":195,"height":46,"caption":"Meydan TV"},"image":{"@id":"https:\/\/www.meydan.tv\/az\/#\/schema\/logo\/image\/"}},{"@type":"Person","@id":"https:\/\/www.meydan.tv\/az\/#\/schema\/person\/476e9360e593fa131d5d71d51866f8da","name":"aleks"}]}},"_links":{"self":[{"href":"https:\/\/www.meydan.tv\/az\/wp-json\/wp\/v2\/posts\/303778","targetHints":{"allow":["GET"]}}],"collection":[{"href":"https:\/\/www.meydan.tv\/az\/wp-json\/wp\/v2\/posts"}],"about":[{"href":"https:\/\/www.meydan.tv\/az\/wp-json\/wp\/v2\/types\/post"}],"author":[{"embeddable":true,"href":"https:\/\/www.meydan.tv\/az\/wp-json\/wp\/v2\/users\/12"}],"replies":[{"embeddable":true,"href":"https:\/\/www.meydan.tv\/az\/wp-json\/wp\/v2\/comments?post=303778"}],"version-history":[{"count":4,"href":"https:\/\/www.meydan.tv\/az\/wp-json\/wp\/v2\/posts\/303778\/revisions"}],"predecessor-version":[{"id":303787,"href":"https:\/\/www.meydan.tv\/az\/wp-json\/wp\/v2\/posts\/303778\/revisions\/303787"}],"wp:featuredmedia":[{"embeddable":true,"href":"https:\/\/www.meydan.tv\/az\/wp-json\/wp\/v2\/media\/303779"}],"wp:attachment":[{"href":"https:\/\/www.meydan.tv\/az\/wp-json\/wp\/v2\/media?parent=303778"}],"wp:term":[{"taxonomy":"category","embeddable":true,"href":"https:\/\/www.meydan.tv\/az\/wp-json\/wp\/v2\/categories?post=303778"},{"taxonomy":"post_tag","embeddable":true,"href":"https:\/\/www.meydan.tv\/az\/wp-json\/wp\/v2\/tags?post=303778"}],"curies":[{"name":"wp","href":"https:\/\/api.w.org\/{rel}","templated":true}]}}