{"id":303598,"date":"2024-04-18T13:05:23","date_gmt":"2024-04-18T09:05:23","guid":{"rendered":"https:\/\/www.meydan.tv\/?p=303598"},"modified":"2024-04-18T13:05:26","modified_gmt":"2024-04-18T09:05:26","slug":"mingecevirde-qarabag-qazisi-intihar-edib","status":"publish","type":"post","link":"https:\/\/www.meydan.tv\/az\/article\/mingecevirde-qarabag-qazisi-intihar-edib\/","title":{"rendered":"Ming\u0259\u00e7evird\u0259 Qaraba\u011f qazisi intihar edib"},"content":{"rendered":"\n<p><\/p>\n\n\n\n<p><strong><em>Prokurorluq intihar\u0131n s\u0259b\u0259bl\u0259rinin ara\u015fd\u0131r\u0131ld\u0131\u011f\u0131n\u0131 deyir<\/em><\/strong><\/p>\n\n\n\n<p>Ming\u0259\u00e7evird\u0259 \u0130kinci Qaraba\u011f m\u00fcharib\u0259si i\u015ftirak\u00e7\u0131s\u0131n\u0131n intihar etdiyi bildirilir.<\/p>\n\n\n\n<p>Bu bar\u0259d\u0259 m\u0259lumat\u0131 Meydan TV-y\u0259 Ming\u0259\u00e7evir Rayon \u0130cra Hakimiyy\u0259tinin V\u0259t\u0259n m\u00fcharib\u0259si i\u015ftirak\u00e7\u0131lar\u0131 v\u0259 \u015f\u0259hid ail\u0259l\u0259ri il\u0259 i\u015fin t\u0259\u015fkili \u015f\u00f6b\u0259sinin ba\u015f m\u0259sl\u0259h\u0259t\u00e7isi Seymur Hiday\u0259tov verib.<\/p>\n\n\n\n<p>Onun s\u00f6zl\u0259rin\u0259 g\u00f6r\u0259, 1997-ci il t\u0259v\u0259ll\u00fcdl\u00fc Mircavad Hiday\u0259t o\u011flu Hac\u0131yevin n\u0259\u015fi aprelin 17-d\u0259 kiray\u0259 ya\u015fad\u0131\u011f\u0131 evd\u0259 tap\u0131l\u0131b.<\/p>\n\n\n\n<p>\u201c<em>D\u00fcn\u0259n g\u00fcnorta biz\u0259 m\u0259lumat \u00e7atd\u0131 ki, qazimiz Mircavad Hac\u0131yev v\u0259fat edib. S\u0259h\u0259r saatlar\u0131nda kiray\u0259 qald\u0131\u011f\u0131 evd\u0259 \u00f6z\u00fcn\u00fc asm\u0131\u015f v\u0259ziyy\u0259td\u0259 tap\u0131l\u0131b. M\u0259rhumun d\u0259fnind\u0259 i\u015ftirak etdik. \u0130ntihar\u0131n s\u0259b\u0259bi m\u0259lum deyil. Prokurorluq ara\u015fd\u0131r\u0131r, y\u0259qin ki, tam t\u0259f\u0259rr\u00fcat\u0131 onlar dey\u0259c\u0259kl\u0259r. Mircavad Hac\u0131yev ail\u0259li idi, bildiyim q\u0259d\u0259ril\u0259 iki \u00f6vlad\u0131 vard\u0131. Ail\u0259si il\u0259 ayr\u0131ca kiray\u0259d\u0259 ya\u015fay\u0131rd\u0131\u201d,<\/em> &#8211; Seymur Hiday\u0259tov deyib.<\/p>\n\n\n\n<p>Ming\u0259\u00e7evir \u015e\u0259h\u0259r Prokurorlu\u011fundan Meydan TV-y\u0259 fakt\u0131 t\u0259sdiql\u0259yibl\u0259r.<\/p>\n\n\n\n<p>\u0130ntihar\u0131n s\u0259b\u0259bl\u0259rinin m\u0259lum olmad\u0131\u011f\u0131, faktla ba\u011fl\u0131 ara\u015fd\u0131rma apar\u0131ld\u0131\u011f\u0131 bildirilib.<\/p>\n\n\n\n<p>\u0130kinci Qaraba\u011f m\u00fcharib\u0259sind\u0259n sonra onlarla h\u0259rb\u00e7i intihar edib v\u0259 ya intihara c\u0259hd edib.<\/p>\n","protected":false},"excerpt":{"rendered":"<p>Prokurorluq intihar\u0131n s\u0259b\u0259bl\u0259rinin ara\u015fd\u0131r\u0131ld\u0131\u011f\u0131n\u0131 deyir Ming\u0259\u00e7evird\u0259 \u0130kinci Qaraba\u011f m\u00fcharib\u0259si i\u015ftirak\u00e7\u0131s\u0131n\u0131n &#8230; <\/p>\n<p class=\"read-more-container\"><a title=\"Ming\u0259\u00e7evird\u0259 Qaraba\u011f qazisi intihar edib\" class=\"read-more button\" href=\"https:\/\/www.meydan.tv\/az\/article\/mingecevirde-qarabag-qazisi-intihar-edib\/#more-303598\" aria-label=\"Read more about Ming\u0259\u00e7evird\u0259 Qaraba\u011f qazisi intihar edib\">Davam\u0131<\/a><\/p>\n","protected":false},"author":8,"featured_media":129215,"comment_status":"closed","ping_status":"closed","sticky":false,"template":"","format":"standard","meta":{"_acf_changed":false,"_sitemap_exclude":false,"_sitemap_priority":"","_sitemap_frequency":"","footnotes":""},"categories":[60,56],"tags":[],"class_list":["post-303598","post","type-post","status-publish","format-standard","has-post-thumbnail","hentry","category-bolge","category-xeberler","infinite-scroll-item","generate-columns","tablet-grid-50","mobile-grid-100","grid-parent","grid-33","no-featured-image-padding"],"acf":[],"yoast_head":"<!-- This site is optimized with the Yoast SEO plugin v27.4 - https:\/\/yoast.com\/product\/yoast-seo-wordpress\/ -->\n<title>Ming\u0259\u00e7evird\u0259 Qaraba\u011f qazisi intihar edib - MEYDAN.TV<\/title>\n<meta name=\"robots\" content=\"index, follow, max-snippet:-1, max-image-preview:large, max-video-preview:-1\" \/>\n<link rel=\"canonical\" href=\"https:\/\/www.meydan.tv\/az\/article\/mingecevirde-qarabag-qazisi-intihar-edib\/\" \/>\n<meta property=\"og:locale\" content=\"az_AZ\" \/>\n<meta property=\"og:type\" content=\"article\" \/>\n<meta property=\"og:title\" content=\"Ming\u0259\u00e7evird\u0259 Qaraba\u011f qazisi intihar edib - MEYDAN.TV\" \/>\n<meta property=\"og:description\" content=\"Prokurorluq intihar\u0131n s\u0259b\u0259bl\u0259rinin ara\u015fd\u0131r\u0131ld\u0131\u011f\u0131n\u0131 deyir Ming\u0259\u00e7evird\u0259 \u0130kinci Qaraba\u011f m\u00fcharib\u0259si i\u015ftirak\u00e7\u0131s\u0131n\u0131n ... Davam\u0131\" \/>\n<meta property=\"og:url\" content=\"https:\/\/www.meydan.tv\/az\/article\/mingecevirde-qarabag-qazisi-intihar-edib\/\" \/>\n<meta property=\"og:site_name\" content=\"MEYDAN.TV\" \/>\n<meta property=\"article:published_time\" content=\"2024-04-18T09:05:23+00:00\" \/>\n<meta property=\"article:modified_time\" content=\"2024-04-18T09:05:26+00:00\" \/>\n<meta property=\"og:image\" content=\"https:\/\/www.meydan.tv\/wp-content\/uploads\/untitled_design_3_l6acfvz-e1674633518523.png\" \/>\n\t<meta property=\"og:image:width\" content=\"1500\" \/>\n\t<meta property=\"og:image:height\" content=\"723\" \/>\n\t<meta property=\"og:image:type\" content=\"image\/png\" \/>\n<meta name=\"author\" content=\"elli\" \/>\n<meta name=\"twitter:card\" content=\"summary_large_image\" \/>\n<meta name=\"twitter:creator\" content=\"@elli\" \/>\n<script type=\"application\/ld+json\" class=\"yoast-schema-graph\">{\"@context\":\"https:\\\/\\\/schema.org\",\"@graph\":[{\"@type\":\"Article\",\"@id\":\"https:\\\/\\\/www.meydan.tv\\\/az\\\/article\\\/mingecevirde-qarabag-qazisi-intihar-edib\\\/#article\",\"isPartOf\":{\"@id\":\"https:\\\/\\\/www.meydan.tv\\\/az\\\/article\\\/mingecevirde-qarabag-qazisi-intihar-edib\\\/\"},\"author\":{\"name\":\"elli\",\"@id\":\"https:\\\/\\\/www.meydan.tv\\\/az\\\/#\\\/schema\\\/person\\\/9cdbecf90d17180ce1dfbd95b08dcf47\"},\"headline\":\"Ming\u0259\u00e7evird\u0259 Qaraba\u011f qazisi intihar edib\",\"datePublished\":\"2024-04-18T09:05:23+00:00\",\"dateModified\":\"2024-04-18T09:05:26+00:00\",\"mainEntityOfPage\":{\"@id\":\"https:\\\/\\\/www.meydan.tv\\\/az\\\/article\\\/mingecevirde-qarabag-qazisi-intihar-edib\\\/\"},\"wordCount\":253,\"publisher\":{\"@id\":\"https:\\\/\\\/www.meydan.tv\\\/az\\\/#organization\"},\"image\":{\"@id\":\"https:\\\/\\\/www.meydan.tv\\\/az\\\/article\\\/mingecevirde-qarabag-qazisi-intihar-edib\\\/#primaryimage\"},\"thumbnailUrl\":\"https:\\\/\\\/www.meydan.tv\\\/wp-content\\\/uploads\\\/untitled_design_3_l6acfvz-e1674633518523.png\",\"articleSection\":[\"B\u00f6lg\u0259\",\"X\u0259b\u0259rl\u0259r\"],\"inLanguage\":\"az\"},{\"@type\":\"WebPage\",\"@id\":\"https:\\\/\\\/www.meydan.tv\\\/az\\\/article\\\/mingecevirde-qarabag-qazisi-intihar-edib\\\/\",\"url\":\"https:\\\/\\\/www.meydan.tv\\\/az\\\/article\\\/mingecevirde-qarabag-qazisi-intihar-edib\\\/\",\"name\":\"Ming\u0259\u00e7evird\u0259 Qaraba\u011f qazisi intihar edib - MEYDAN.TV\",\"isPartOf\":{\"@id\":\"https:\\\/\\\/www.meydan.tv\\\/az\\\/#website\"},\"primaryImageOfPage\":{\"@id\":\"https:\\\/\\\/www.meydan.tv\\\/az\\\/article\\\/mingecevirde-qarabag-qazisi-intihar-edib\\\/#primaryimage\"},\"image\":{\"@id\":\"https:\\\/\\\/www.meydan.tv\\\/az\\\/article\\\/mingecevirde-qarabag-qazisi-intihar-edib\\\/#primaryimage\"},\"thumbnailUrl\":\"https:\\\/\\\/www.meydan.tv\\\/wp-content\\\/uploads\\\/untitled_design_3_l6acfvz-e1674633518523.png\",\"datePublished\":\"2024-04-18T09:05:23+00:00\",\"dateModified\":\"2024-04-18T09:05:26+00:00\",\"breadcrumb\":{\"@id\":\"https:\\\/\\\/www.meydan.tv\\\/az\\\/article\\\/mingecevirde-qarabag-qazisi-intihar-edib\\\/#breadcrumb\"},\"inLanguage\":\"az\",\"potentialAction\":[{\"@type\":\"ReadAction\",\"target\":[\"https:\\\/\\\/www.meydan.tv\\\/az\\\/article\\\/mingecevirde-qarabag-qazisi-intihar-edib\\\/\"]}]},{\"@type\":\"ImageObject\",\"inLanguage\":\"az\",\"@id\":\"https:\\\/\\\/www.meydan.tv\\\/az\\\/article\\\/mingecevirde-qarabag-qazisi-intihar-edib\\\/#primaryimage\",\"url\":\"https:\\\/\\\/www.meydan.tv\\\/wp-content\\\/uploads\\\/untitled_design_3_l6acfvz-e1674633518523.png\",\"contentUrl\":\"https:\\\/\\\/www.meydan.tv\\\/wp-content\\\/uploads\\\/untitled_design_3_l6acfvz-e1674633518523.png\",\"width\":1500,\"height\":723,\"caption\":\"Foto: Meydan TV\"},{\"@type\":\"BreadcrumbList\",\"@id\":\"https:\\\/\\\/www.meydan.tv\\\/az\\\/article\\\/mingecevirde-qarabag-qazisi-intihar-edib\\\/#breadcrumb\",\"itemListElement\":[{\"@type\":\"ListItem\",\"position\":1,\"name\":\"Ana s\u0259hif\u0259\",\"item\":\"https:\\\/\\\/www.meydan.tv\\\/az\\\/\"},{\"@type\":\"ListItem\",\"position\":2,\"name\":\"B\u00f6lg\u0259\",\"item\":\"https:\\\/\\\/www.meydan.tv\\\/az\\\/section\\\/bolge\\\/\"},{\"@type\":\"ListItem\",\"position\":3,\"name\":\"Ming\u0259\u00e7evird\u0259 Qaraba\u011f qazisi intihar edib\"}]},{\"@type\":\"WebSite\",\"@id\":\"https:\\\/\\\/www.meydan.tv\\\/az\\\/#website\",\"url\":\"https:\\\/\\\/www.meydan.tv\\\/az\\\/\",\"name\":\"MEYDAN.TV\",\"description\":\"Meydan TV Az\u0259rbaycan\u0131n media m\u0259kan\u0131ndak\u0131 alternativ s\u0259sidir\",\"publisher\":{\"@id\":\"https:\\\/\\\/www.meydan.tv\\\/az\\\/#organization\"},\"potentialAction\":[{\"@type\":\"SearchAction\",\"target\":{\"@type\":\"EntryPoint\",\"urlTemplate\":\"https:\\\/\\\/www.meydan.tv\\\/az\\\/?s={search_term_string}\"},\"query-input\":{\"@type\":\"PropertyValueSpecification\",\"valueRequired\":true,\"valueName\":\"search_term_string\"}}],\"inLanguage\":\"az\"},{\"@type\":\"Organization\",\"@id\":\"https:\\\/\\\/www.meydan.tv\\\/az\\\/#organization\",\"name\":\"Meydan TV\",\"url\":\"https:\\\/\\\/www.meydan.tv\\\/az\\\/\",\"logo\":{\"@type\":\"ImageObject\",\"inLanguage\":\"az\",\"@id\":\"https:\\\/\\\/www.meydan.tv\\\/az\\\/#\\\/schema\\\/logo\\\/image\\\/\",\"url\":\"https:\\\/\\\/www.meydan.tv\\\/wp-content\\\/uploads\\\/2021\\\/07\\\/meydan-logo.svg\",\"contentUrl\":\"https:\\\/\\\/www.meydan.tv\\\/wp-content\\\/uploads\\\/2021\\\/07\\\/meydan-logo.svg\",\"width\":195,\"height\":46,\"caption\":\"Meydan TV\"},\"image\":{\"@id\":\"https:\\\/\\\/www.meydan.tv\\\/az\\\/#\\\/schema\\\/logo\\\/image\\\/\"}},{\"@type\":\"Person\",\"@id\":\"https:\\\/\\\/www.meydan.tv\\\/az\\\/#\\\/schema\\\/person\\\/9cdbecf90d17180ce1dfbd95b08dcf47\",\"name\":\"elli\",\"sameAs\":[\"https:\\\/\\\/x.com\\\/elli\"]}]}<\/script>\n<!-- \/ Yoast SEO plugin. -->","yoast_head_json":{"title":"Ming\u0259\u00e7evird\u0259 Qaraba\u011f qazisi intihar edib - MEYDAN.TV","robots":{"index":"index","follow":"follow","max-snippet":"max-snippet:-1","max-image-preview":"max-image-preview:large","max-video-preview":"max-video-preview:-1"},"canonical":"https:\/\/www.meydan.tv\/az\/article\/mingecevirde-qarabag-qazisi-intihar-edib\/","og_locale":"az_AZ","og_type":"article","og_title":"Ming\u0259\u00e7evird\u0259 Qaraba\u011f qazisi intihar edib - MEYDAN.TV","og_description":"Prokurorluq intihar\u0131n s\u0259b\u0259bl\u0259rinin ara\u015fd\u0131r\u0131ld\u0131\u011f\u0131n\u0131 deyir Ming\u0259\u00e7evird\u0259 \u0130kinci Qaraba\u011f m\u00fcharib\u0259si i\u015ftirak\u00e7\u0131s\u0131n\u0131n ... Davam\u0131","og_url":"https:\/\/www.meydan.tv\/az\/article\/mingecevirde-qarabag-qazisi-intihar-edib\/","og_site_name":"MEYDAN.TV","article_published_time":"2024-04-18T09:05:23+00:00","article_modified_time":"2024-04-18T09:05:26+00:00","og_image":[{"width":1500,"height":723,"url":"https:\/\/www.meydan.tv\/wp-content\/uploads\/untitled_design_3_l6acfvz-e1674633518523.png","type":"image\/png"}],"author":"elli","twitter_card":"summary_large_image","twitter_creator":"@elli","schema":{"@context":"https:\/\/schema.org","@graph":[{"@type":"Article","@id":"https:\/\/www.meydan.tv\/az\/article\/mingecevirde-qarabag-qazisi-intihar-edib\/#article","isPartOf":{"@id":"https:\/\/www.meydan.tv\/az\/article\/mingecevirde-qarabag-qazisi-intihar-edib\/"},"author":{"name":"elli","@id":"https:\/\/www.meydan.tv\/az\/#\/schema\/person\/9cdbecf90d17180ce1dfbd95b08dcf47"},"headline":"Ming\u0259\u00e7evird\u0259 Qaraba\u011f qazisi intihar edib","datePublished":"2024-04-18T09:05:23+00:00","dateModified":"2024-04-18T09:05:26+00:00","mainEntityOfPage":{"@id":"https:\/\/www.meydan.tv\/az\/article\/mingecevirde-qarabag-qazisi-intihar-edib\/"},"wordCount":253,"publisher":{"@id":"https:\/\/www.meydan.tv\/az\/#organization"},"image":{"@id":"https:\/\/www.meydan.tv\/az\/article\/mingecevirde-qarabag-qazisi-intihar-edib\/#primaryimage"},"thumbnailUrl":"https:\/\/www.meydan.tv\/wp-content\/uploads\/untitled_design_3_l6acfvz-e1674633518523.png","articleSection":["B\u00f6lg\u0259","X\u0259b\u0259rl\u0259r"],"inLanguage":"az"},{"@type":"WebPage","@id":"https:\/\/www.meydan.tv\/az\/article\/mingecevirde-qarabag-qazisi-intihar-edib\/","url":"https:\/\/www.meydan.tv\/az\/article\/mingecevirde-qarabag-qazisi-intihar-edib\/","name":"Ming\u0259\u00e7evird\u0259 Qaraba\u011f qazisi intihar edib - MEYDAN.TV","isPartOf":{"@id":"https:\/\/www.meydan.tv\/az\/#website"},"primaryImageOfPage":{"@id":"https:\/\/www.meydan.tv\/az\/article\/mingecevirde-qarabag-qazisi-intihar-edib\/#primaryimage"},"image":{"@id":"https:\/\/www.meydan.tv\/az\/article\/mingecevirde-qarabag-qazisi-intihar-edib\/#primaryimage"},"thumbnailUrl":"https:\/\/www.meydan.tv\/wp-content\/uploads\/untitled_design_3_l6acfvz-e1674633518523.png","datePublished":"2024-04-18T09:05:23+00:00","dateModified":"2024-04-18T09:05:26+00:00","breadcrumb":{"@id":"https:\/\/www.meydan.tv\/az\/article\/mingecevirde-qarabag-qazisi-intihar-edib\/#breadcrumb"},"inLanguage":"az","potentialAction":[{"@type":"ReadAction","target":["https:\/\/www.meydan.tv\/az\/article\/mingecevirde-qarabag-qazisi-intihar-edib\/"]}]},{"@type":"ImageObject","inLanguage":"az","@id":"https:\/\/www.meydan.tv\/az\/article\/mingecevirde-qarabag-qazisi-intihar-edib\/#primaryimage","url":"https:\/\/www.meydan.tv\/wp-content\/uploads\/untitled_design_3_l6acfvz-e1674633518523.png","contentUrl":"https:\/\/www.meydan.tv\/wp-content\/uploads\/untitled_design_3_l6acfvz-e1674633518523.png","width":1500,"height":723,"caption":"Foto: Meydan TV"},{"@type":"BreadcrumbList","@id":"https:\/\/www.meydan.tv\/az\/article\/mingecevirde-qarabag-qazisi-intihar-edib\/#breadcrumb","itemListElement":[{"@type":"ListItem","position":1,"name":"Ana s\u0259hif\u0259","item":"https:\/\/www.meydan.tv\/az\/"},{"@type":"ListItem","position":2,"name":"B\u00f6lg\u0259","item":"https:\/\/www.meydan.tv\/az\/section\/bolge\/"},{"@type":"ListItem","position":3,"name":"Ming\u0259\u00e7evird\u0259 Qaraba\u011f qazisi intihar edib"}]},{"@type":"WebSite","@id":"https:\/\/www.meydan.tv\/az\/#website","url":"https:\/\/www.meydan.tv\/az\/","name":"MEYDAN.TV","description":"Meydan TV Az\u0259rbaycan\u0131n media m\u0259kan\u0131ndak\u0131 alternativ s\u0259sidir","publisher":{"@id":"https:\/\/www.meydan.tv\/az\/#organization"},"potentialAction":[{"@type":"SearchAction","target":{"@type":"EntryPoint","urlTemplate":"https:\/\/www.meydan.tv\/az\/?s={search_term_string}"},"query-input":{"@type":"PropertyValueSpecification","valueRequired":true,"valueName":"search_term_string"}}],"inLanguage":"az"},{"@type":"Organization","@id":"https:\/\/www.meydan.tv\/az\/#organization","name":"Meydan TV","url":"https:\/\/www.meydan.tv\/az\/","logo":{"@type":"ImageObject","inLanguage":"az","@id":"https:\/\/www.meydan.tv\/az\/#\/schema\/logo\/image\/","url":"https:\/\/www.meydan.tv\/wp-content\/uploads\/2021\/07\/meydan-logo.svg","contentUrl":"https:\/\/www.meydan.tv\/wp-content\/uploads\/2021\/07\/meydan-logo.svg","width":195,"height":46,"caption":"Meydan TV"},"image":{"@id":"https:\/\/www.meydan.tv\/az\/#\/schema\/logo\/image\/"}},{"@type":"Person","@id":"https:\/\/www.meydan.tv\/az\/#\/schema\/person\/9cdbecf90d17180ce1dfbd95b08dcf47","name":"elli","sameAs":["https:\/\/x.com\/elli"]}]}},"_links":{"self":[{"href":"https:\/\/www.meydan.tv\/az\/wp-json\/wp\/v2\/posts\/303598","targetHints":{"allow":["GET"]}}],"collection":[{"href":"https:\/\/www.meydan.tv\/az\/wp-json\/wp\/v2\/posts"}],"about":[{"href":"https:\/\/www.meydan.tv\/az\/wp-json\/wp\/v2\/types\/post"}],"author":[{"embeddable":true,"href":"https:\/\/www.meydan.tv\/az\/wp-json\/wp\/v2\/users\/8"}],"replies":[{"embeddable":true,"href":"https:\/\/www.meydan.tv\/az\/wp-json\/wp\/v2\/comments?post=303598"}],"version-history":[{"count":3,"href":"https:\/\/www.meydan.tv\/az\/wp-json\/wp\/v2\/posts\/303598\/revisions"}],"predecessor-version":[{"id":303601,"href":"https:\/\/www.meydan.tv\/az\/wp-json\/wp\/v2\/posts\/303598\/revisions\/303601"}],"wp:featuredmedia":[{"embeddable":true,"href":"https:\/\/www.meydan.tv\/az\/wp-json\/wp\/v2\/media\/129215"}],"wp:attachment":[{"href":"https:\/\/www.meydan.tv\/az\/wp-json\/wp\/v2\/media?parent=303598"}],"wp:term":[{"taxonomy":"category","embeddable":true,"href":"https:\/\/www.meydan.tv\/az\/wp-json\/wp\/v2\/categories?post=303598"},{"taxonomy":"post_tag","embeddable":true,"href":"https:\/\/www.meydan.tv\/az\/wp-json\/wp\/v2\/tags?post=303598"}],"curies":[{"name":"wp","href":"https:\/\/api.w.org\/{rel}","templated":true}]}}