{"id":303576,"date":"2024-04-17T19:07:23","date_gmt":"2024-04-17T15:07:23","guid":{"rendered":"https:\/\/www.meydan.tv\/?p=303576"},"modified":"2024-04-17T20:23:46","modified_gmt":"2024-04-17T16:23:46","slug":"azer-qasimli-rusiya-azerbaycan-vasitesile-pasinyani-cezalandirmaq-niyyetindedir","status":"publish","type":"post","link":"https:\/\/www.meydan.tv\/az\/article\/azer-qasimli-rusiya-azerbaycan-vasitesile-pasinyani-cezalandirmaq-niyyetindedir\/","title":{"rendered":"Az\u0259r Qas\u0131ml\u0131: &#8220;Rusiya Az\u0259rbaycan vasit\u0259sil\u0259 Pa\u015finyan\u0131 c\u0259zaland\u0131rmaq niyy\u0259tind\u0259dir&#8221;"},"content":{"rendered":"\n<figure class=\"wp-block-embed is-type-video is-provider-youtube wp-block-embed-youtube wp-embed-aspect-16-9 wp-has-aspect-ratio\"><div class=\"wp-block-embed__wrapper\">\n<iframe title=\"Rusiya s\u00fclhm\u0259raml\u0131lar\u0131 Qaraba\u011f\u0131 t\u0259rk edir - \u015e\u018fRHS\u0130Z\" width=\"1200\" height=\"675\" data-src=\"https:\/\/www.youtube.com\/embed\/MRyWuvGgaeM?feature=oembed\" frameborder=\"0\" allow=\"accelerometer; autoplay; clipboard-write; encrypted-media; gyroscope; picture-in-picture; web-share\" referrerpolicy=\"strict-origin-when-cross-origin\" allowfullscreen src=\"data:image\/svg+xml;base64,PHN2ZyB3aWR0aD0iMSIgaGVpZ2h0PSIxIiB4bWxucz0iaHR0cDovL3d3dy53My5vcmcvMjAwMC9zdmciPjwvc3ZnPg==\" class=\"lazyload\" data-load-mode=\"1\"><\/iframe>\n<\/div><\/figure>\n\n\n\n<!--more-->\n\n\n\n<p><strong><em>Tofiq Z\u00fclf\u00fcqarov is\u0259 deyir ki, Rusiya s\u00fclhm\u0259raml\u0131lar\u0131 Z\u0259ng\u0259zur d\u0259hlizind\u0259 yerl\u0259\u015fdirilm\u0259lidir<\/em><\/strong><\/p>\n\n\n\n<p>Siyasi Menecment \u0130nstitutunun direktoru Az\u0259r Qas\u0131ml\u0131 Meydan TV-y\u0259 deyir ki, Rusiya s\u00fclhm\u0259raml\u0131lar\u0131n\u0131n Az\u0259rbaycan\u0131 vaxt\u0131ndan \u0259vv\u0259l t\u0259rk etm\u0259sinin s\u0259b\u0259bl\u0259ri h\u0259l\u0259 tam b\u0259lli deyil.<\/p>\n\n\n\n<p>Onun s\u00f6zl\u0259rin\u0259 g\u00f6r\u0259, Prezidentin k\u00f6m\u0259k\u00e7isi Hikm\u0259t Hac\u0131yev \u018fliyevl\u0259 Putin aras\u0131nda raz\u0131l\u0131\u011f\u0131n oldu\u011funu s\u00f6yl\u0259yir, amma bu raz\u0131la\u015fman\u0131n detallar\u0131ndan x\u0259b\u0259rdar deyilik:<\/p>\n\n\n\n<p><em>&#8220;Ona g\u00f6r\u0259 bu m\u0259s\u0259l\u0259d\u0259 prosesl\u0259rin nec\u0259 c\u0259rayan etm\u0259sini g\u00f6zl\u0259m\u0259liyik. S\u00f6zs\u00fcz ki, m\u0259n d\u0259 daxil ham\u0131 Az\u0259rbaycan \u0259razisind\u0259 ba\u015fqa bir \u00f6lk\u0259nin \u0259sg\u0259rinin olmas\u0131n\u0131 ist\u0259mirik. X\u00fcsus\u0259n d\u0259 Rusiyan\u0131n h\u0259rbi bazas\u0131, yaxud h\u0259rbi kontingentinin olmas\u0131na qar\u015f\u0131y\u0131q. Bu bax\u0131mdan s\u00fclhm\u0259raml\u0131lar ged\u0259c\u0259kl\u0259rs\u0259, m\u00fcsb\u0259t hald\u0131r. Lakin biz h\u0259l\u0259 tam t\u0259f\u0259rr\u00fcatlar\u0131 bilmirik&#8221;.<\/em><\/p>\n\n\n\n<p>Az\u0259r Qas\u0131ml\u0131 hesab edir ki, h\u0259m Rusiya s\u00fclhm\u0259raml\u0131lar\u0131n\u0131n \u00f6lk\u0259ni t\u0259rk etm\u0259si, h\u0259m Erm\u0259nistan\u0131n Q\u0259rb\u0259 yax\u0131nla\u015fmas\u0131, h\u0259m d\u0259 Fransan\u0131n Bak\u0131dak\u0131 s\u0259firini m\u0259sl\u0259h\u0259tl\u0259\u015fm\u0259l\u0259r \u00fc\u00e7\u00fcn geri \u00e7a\u011f\u0131rmas\u0131 v\u0259 Az\u0259rbaycan-AB\u015e m\u00fcnasib\u0259tl\u0259rinin pis olmas\u0131 suallar do\u011furur:<\/p>\n\n\n\n<p>&#8220;<em>Paralel olaraq Az\u0259rbaycan v\u0259 Rusiya m\u0259tbuat\u0131nda Erm\u0259nistanla ba\u011fl\u0131 eyni tezisl\u0259r tirajlan\u0131r. M\u0259nc\u0259, ba\u015f ver\u0259nl\u0259r son 2-3 ilin prosesl\u0259rinin t\u0259rkib hiss\u0259sidir v\u0259 b\u00f6y\u00fck sava\u015fa do\u011fru gedir. Rusiya Az\u0259rbaycan vasit\u0259sil\u0259 Pa\u015finyan\u0131 c\u0259zaland\u0131rmaq niyy\u0259tind\u0259dir, y\u0259ni Kremlin t\u0259hriki il\u0259 Z\u0259ng\u0259zur d\u0259hlizind\u0259 bel\u0259 arzuolunmaz v\u0259ziyy\u0259t yarana bil\u0259r. Bilirsiniz, Kreml he\u00e7 vaxt Erm\u0259nistandan bel\u0259 asan \u015f\u0259kild\u0259 \u0259l \u00e7\u0259km\u0259z, ona g\u00f6r\u0259 b\u00fct\u00fcn vasit\u0259l\u0259rini i\u015f\u0259 salacaq&#8221;.<\/em><\/p>\n\n\n<div class=\"wp-block-image\">\n<figure class=\"alignleft size-large is-resized\"><img decoding=\"async\" data-src=\"https:\/\/www.meydan.tv\/wp-content\/uploads\/img_7646-1200x800.jpg\" alt=\"Az\u0259r Qas\u0131ml\u0131\" class=\"wp-image-210058 lazyload\" style=\"--smush-placeholder-width: 1200px; --smush-placeholder-aspect-ratio: 1200\/800;width:376px;height:auto\" src=\"data:image\/svg+xml;base64,PHN2ZyB3aWR0aD0iMSIgaGVpZ2h0PSIxIiB4bWxucz0iaHR0cDovL3d3dy53My5vcmcvMjAwMC9zdmciPjwvc3ZnPg==\" \/><figcaption class=\"wp-element-caption\">Az\u0259r Qas\u0131ml\u0131, Foto: Meydan Tv<\/figcaption><\/figure>\n<\/div>\n\n\n<p>Qas\u0131ml\u0131 Belarusu misal \u00e7\u0259k\u0259r\u0259k bildirib ki, \u00f6lk\u0259sind\u0259 Rusiya ordusu olmayan Luka\u015fenko b\u00fct\u00fcn siyas\u0259tini Putinl\u0259 m\u0259sl\u0259h\u0259tl\u0259\u015fir:<\/p>\n\n\n\n<p><em>&#8220;Yaxud Suriyada Rusiya kontingenti sonradan olub. Y\u0259ni Rusiya h\u0259rbi kontingentinin olub-olmamas\u0131 haz\u0131rda o q\u0259d\u0259r d\u0259 \u00f6n\u0259mli deyil. \u00c7\u00fcnki d\u00fcnya iki yer\u0259 b\u00f6l\u00fcn\u00fcb: demokratiya v\u0259 diktatura rejiml\u0259rin\u0259. Az\u0259rbaycan art\u0131q Belarusdak\u0131 kimi bir rejim formala\u015fd\u0131r\u0131r, h\u0259r ikisi d\u0259 Rusiyan\u0131n m\u00fctt\u0259fiql\u0259ridir. M\u0259qs\u0259d d\u0259 Q\u0259rbi b\u00f6lg\u0259y\u0259 buraxmamaqd\u0131r. Onsuz da Rusiya s\u00fclhm\u0259raml\u0131lar\u0131 Qaraba\u011fda simvolik xarakter da\u015f\u0131d\u0131\u011f\u0131ndan regionda m\u00fcharib\u0259 aparas\u0131 deyildi. H\u0259tta G\u00fcmr\u00fcd\u0259 olan Rusiya h\u0259rbi bazas\u0131 da simvolik xarakter da\u015f\u0131y\u0131r&#8221;.<\/em><\/p>\n\n\n\n<p>Az\u0259rbaycan\u0131n sabiq Xarici \u0130\u015fl\u0259r naziri Tofiq Z\u00fclf\u00fcqarov Rusiya s\u00fclhm\u0259raml\u0131lar\u0131n\u0131n Az\u0259rbaycan\u0131 t\u0259rk etm\u0259sind\u0259 qeyri-adi he\u00e7 n\u0259 g\u00f6rm\u00fcr:<\/p>\n\n\n\n<p><em>&#8220;Sual verirl\u0259r ki, Moskva buna g\u00f6r\u0259 Bak\u0131n\u0131n \u00fcz\u0259rin\u0259 hans\u0131sa \u00f6hd\u0259likl\u0259r qoyub v\u0259 qo\u015funlar\u0131n\u0131 \u00e7\u0131xar\u0131r. Yax\u015f\u0131 olard\u0131, bu bar\u0259d\u0259 suallar\u0131 bel\u0259 iddia s\u0259sl\u0259ndir\u0259nl\u0259r cavabland\u0131rs\u0131nlar. Rusiya s\u00fclhm\u0259raml\u0131lar\u0131 Qaraba\u011fa 2020-ci ilin noyabr b\u0259yanat\u0131 \u0259sas\u0131nda g\u0259libl\u0259r, hans\u0131sa funksiyan\u0131 yerin\u0259 yetiribl\u0259r, indi d\u0259 gedirl\u0259r&#8221;.<\/em><\/p>\n\n\n\n<p>Z\u00fclf\u00fcqarovun fikrinc\u0259, Rusiya s\u00fclhm\u0259raml\u0131lar\u0131 Z\u0259ng\u0259zur d\u0259hlizind\u0259 yerl\u0259\u015fdirilm\u0259lidir:<\/p>\n\n\n\n<p>&#8220;<em>\u00c7\u00fcnki m\u0259lum b\u0259yanat\u0131n 9-cu b\u0259ndi h\u0259l\u0259 t\u0259min olunmay\u0131b, Yerevan bu b\u0259nd\u0259 \u0259sas\u0259n \u00f6hd\u0259lik g\u00f6t\u00fcr\u00fcb. \u0130ndi ortal\u0131\u011fa \u00e7\u0131x\u0131b ki, Erm\u0259nistan raz\u0131 deyil. Halbuki Pa\u015finyan 2020-ci ild\u0259 b\u0259yanat imzalay\u0131b. Bir daha deyir\u0259m, b\u0259ndd\u0259 Mehri kommunikasiyas\u0131n\u0131n a\u00e7\u0131lmas\u0131 \u00f6hd\u0259liyi g\u00f6t\u00fcr\u00fcl\u00fcb. Gec-tez kommunikasiyalar\u0131n istifad\u0259si d\u0259hlizin a\u00e7\u0131lmas\u0131na imkan yaradacaq, \u00e7\u00fcnki h\u00fcquqi \u0259saslar var&#8221;.<\/em><\/p>\n\n\n<div class=\"wp-block-image\">\n<figure class=\"alignright size-full is-resized\"><img decoding=\"async\" width=\"1200\" height=\"800\" data-src=\"https:\/\/www.meydan.tv\/wp-content\/uploads\/img_0495-1.jpg\" alt=\"\" class=\"wp-image-287390 lazyload\" style=\"--smush-placeholder-width: 1200px; --smush-placeholder-aspect-ratio: 1200\/800;width:366px;height:auto\" src=\"data:image\/svg+xml;base64,PHN2ZyB3aWR0aD0iMSIgaGVpZ2h0PSIxIiB4bWxucz0iaHR0cDovL3d3dy53My5vcmcvMjAwMC9zdmciPjwvc3ZnPg==\" \/><figcaption class=\"wp-element-caption\">Tofiq Z\u00fclf\u00fcqarov. Foto: Meydan TV <\/figcaption><\/figure>\n<\/div>\n\n\n<p>O, Az\u0259rbaycan\u0131n Rusiyan\u0131n t\u0259hrikil\u0259 Z\u0259ng\u0259zur d\u0259hlizin\u0259 girm\u0259si bar\u0259d\u0259 Az\u0259r Qas\u0131ml\u0131n\u0131n iddias\u0131n\u0131 bel\u0259 qiym\u0259tl\u0259ndirib:<\/p>\n\n\n\n<p><em>&#8220;\u018fvv\u0259la, h\u0259l\u0259 s\u0259rh\u0259d m\u0259fhumu yoxdur, Erm\u0259nistan 1989-cu ild\u0259 Qaraba\u011f\u0131 \u00f6zl\u0259rin\u0259 birl\u0259\u015fdirm\u0259kl\u0259 s\u0259rh\u0259di l\u0259\u011fv edibl\u0259r, h\u0259tta 1991-ci ild\u0259 qanun da q\u0259bul edibl\u0259r. \u0130ndi Qaraba\u011fda m\u00fcnaqi\u015f\u0259 olmad\u0131\u011f\u0131ndan s\u00fclhm\u0259raml\u0131lar b\u00f6lg\u0259ni t\u0259rk edirl\u0259r. Bel\u0259 olanda, biz niy\u0259 Z\u0259ng\u0259zura girm\u0259liyik? Rusiya s\u00fclhm\u0259raml\u0131lar\u0131 girsinl\u0259r d\u0259. B\u0259zi \u015f\u0259rh\u00e7il\u0259r ist\u0259r-ist\u0259m\u0259z erm\u0259nil\u0259rin terminologiyas\u0131n\u0131 istifad\u0259 edirl\u0259r. Deyirl\u0259r ki, Az\u0259rbaycan G\u00f6y\u00e7\u0259 mahal\u0131na iddial\u0131d\u0131r. B\u0259li, iddial\u0131d\u0131r, amma f\u0259rdl\u0259rin iddias\u0131d\u0131r. Biz bunu m\u00fcbahis\u0259li m\u00f6vzu hesab edirik, dan\u0131\u015f\u0131qlar yoluyla m\u0259s\u0259l\u0259nin h\u0259llini ist\u0259yirik&#8221;.<\/em><\/p>\n\n\n\n<p>Aprelin 16-dan Rusiya s\u00fclhm\u0259raml\u0131lar\u0131n\u0131n Qaraba\u011fdan \u00e7\u0131xar\u0131lmas\u0131na start verilib.<\/p>\n\n\n\n<p>Bu g\u00fcn is\u0259 Rusiya Prezidenti Vladimir Putinin m\u0259tbuat katibi Dmitri Peskov rus s\u00fclhm\u0259raml\u0131lar\u0131n\u0131n Qaraba\u011fdan \u00e7\u0131xar\u0131lmas\u0131n\u0131n ba\u015fland\u0131\u011f\u0131n\u0131 t\u0259sdiql\u0259yib.<\/p>\n\n\n\n<p>O c\u00fcml\u0259d\u0259n, Az\u0259rbaycan Prezidentinin k\u00f6m\u0259k\u00e7isi \u2013 Az\u0259rbaycan Prezident Administrasiyas\u0131n\u0131n Xarici siyas\u0259t m\u0259s\u0259l\u0259l\u0259ri \u015f\u00f6b\u0259sinin m\u00fcdiri Hikm\u0259t Hac\u0131yev d\u0259 deyib ki, Rusiya s\u00fclhm\u0259raml\u0131lar\u0131n\u0131n Az\u0259rbaycan \u0259razisind\u0259n vaxt\u0131ndan \u0259vv\u0259l \u00e7\u0131xar\u0131lmas\u0131 bar\u0259d\u0259 h\u0259r iki \u00f6lk\u0259nin ali r\u0259hb\u0259rliyi q\u0259rar q\u0259bul edib.<\/p>\n\n\n\n<p>\u201c<em>2020-ci il noyabr\u0131n 10-da imzalanm\u0131\u015f \u00fc\u00e7t\u0259r\u0259fli B\u0259yanata \u0259sas\u0259n, Az\u0259rbaycan Respublikas\u0131n\u0131n \u0259razisind\u0259 m\u00fcv\u0259qq\u0259ti olaraq yerl\u0259\u015fdirilmi\u015f Rusiya Federasiyas\u0131 s\u00fclhm\u0259raml\u0131lar\u0131n\u0131n \u00f6lk\u0259mizin \u0259razisind\u0259n vaxt\u0131ndan \u0259vv\u0259l \u00e7\u0131xar\u0131lmas\u0131 bar\u0259d\u0259 h\u0259r iki \u00f6lk\u0259nin ali r\u0259hb\u0259rliyi t\u0259r\u0259find\u0259n q\u0259rar q\u0259bul edilib. Art\u0131q proses ba\u015flan\u0131l\u0131b, Az\u0259rbaycan v\u0259 Rusiya m\u00fcdafi\u0259 nazirlikl\u0259ri h\u0259min q\u0259rar\u0131n icras\u0131 il\u0259 ba\u011fl\u0131 m\u00fcvafiq t\u0259dbirl\u0259ri h\u0259yata ke\u00e7irirl\u0259r\u201d, \u2013 <\/em>dey\u0259 Hac\u0131yev qeyd <a href=\"https:\/\/storage.googleapis.com\/qurium\/www.meydan.tv\/az-article-peskov-rusiya-sulhmeramlilarinin-qarabagdan-cixarilmasini-tesdiqleyib.html\">edib<\/a>.<\/p>\n\n\n\n<p>10 noyabr 2020-ci il b\u0259yanat\u0131na \u0259sas\u0259n, Rusiyan\u0131n s\u00fclhm\u0259raml\u0131 kontingentinin Az\u0259rbaycanda qalma m\u00fcdd\u0259ti 2025-ci ild\u0259 yekunla\u015f\u0131r.<\/p>\n\n\n\n<p>Erm\u0259nistanla Az\u0259rbaycan aras\u0131nda m\u00fcnaqi\u015f\u0259 1988-ci ild\u0259 ba\u015flay\u0131b.<\/p>\n\n\n\n<p>2020-ci ilin sentyabr\u0131nda is\u0259 uzunm\u00fcdd\u0259tli at\u0259\u015fk\u0259sd\u0259n sonra Az\u0259rbaycan v\u0259 Erm\u0259nistan aras\u0131nda 44 g\u00fcnl\u00fck \u0130kinci Qaraba\u011f m\u00fcharib\u0259si ba\u015f verib.<\/p>\n\n\n\n<p>Az\u0259rbaycan Qaraba\u011f\u0131n bir hiss\u0259sin\u0259 v\u0259 \u0259traf 7 rayona n\u0259zar\u0259ti b\u0259rpa edib.<\/p>\n\n\n\n<p>2023-c\u00fc ilin sentyabr\u0131n 19-da Az\u0259rbaycan Qaraba\u011fda lokal h\u0259rbi \u0259m\u0259liyyat ke\u00e7irib.<\/p>\n\n\n\n<p>Sentyabr\u0131n 28-d\u0259 separat\u00e7\u0131 \u201cDa\u011fl\u0131q Qaraba\u011f\u0131n (Artsax) Prezidenti\u201d Samvel \u015eahramanyan \u201crespublika\u201dn\u0131n burax\u0131lmas\u0131 bar\u0259d\u0259 f\u0259rman imzalay\u0131b.<\/p>\n\n\n\n<p>O, f\u0259rman\u0131 19 sentyabr 2023-c\u00fc ild\u0259n sonra yaranm\u0131\u015f v\u0259ziyy\u0259tl\u0259 \u0259laq\u0259l\u0259ndirib.<\/p>\n\n\n\n<p>Oktyabr\u0131n 15-d\u0259 is\u0259 Prezident \u0130lham \u018fliyev Xank\u0259ndi \u015f\u0259h\u0259rin\u0259 s\u0259f\u0259r edib.<\/p>\n\n\n\n<p>Prezident Xank\u0259ndid\u0259 Az\u0259rbaycan bayra\u011f\u0131n\u0131 qald\u0131r\u0131b v\u0259 \u00e7\u0131x\u0131\u015f edib.<\/p>\n\n\n\n<p>\u00c7\u0131x\u0131\u015f\u0131nda Az\u0259rbaycan\u0131n \u00f6z suverenliyini tam b\u0259rpa etdiyini, Qaraba\u011f probleminin bitdiyini, m\u00fcnaqi\u015f\u0259nin sona \u00e7atd\u0131\u011f\u0131n\u0131 deyib.<\/p>\n\n\n\n<p>Az\u0259rbaycan v\u0259 Erm\u0259nistan aras\u0131nda h\u0259l\u0259 d\u0259 s\u00fclh m\u00fcqavil\u0259si imzalanmay\u0131b.<\/p>\n","protected":false},"excerpt":{"rendered":"","protected":false},"author":8,"featured_media":155077,"comment_status":"closed","ping_status":"closed","sticky":false,"template":"","format":"standard","meta":{"_acf_changed":false,"_sitemap_exclude":false,"_sitemap_priority":"","_sitemap_frequency":"","footnotes":""},"categories":[59,79,63,56],"tags":[],"class_list":["post-303576","post","type-post","status-publish","format-standard","has-post-thumbnail","hentry","category-siyaset","category-featured","category-video-2","category-xeberler","infinite-scroll-item","generate-columns","tablet-grid-50","mobile-grid-100","grid-parent","grid-33","no-featured-image-padding"],"acf":[],"yoast_head":"<!-- This site is optimized with the Yoast SEO plugin v27.4 - https:\/\/yoast.com\/product\/yoast-seo-wordpress\/ -->\n<title>Az\u0259r Qas\u0131ml\u0131: &quot;Rusiya Az\u0259rbaycan vasit\u0259sil\u0259 Pa\u015finyan\u0131 c\u0259zaland\u0131rmaq niyy\u0259tind\u0259dir&quot; - MEYDAN.TV<\/title>\n<meta name=\"robots\" content=\"index, follow, max-snippet:-1, max-image-preview:large, max-video-preview:-1\" \/>\n<link rel=\"canonical\" href=\"https:\/\/www.meydan.tv\/az\/article\/azer-qasimli-rusiya-azerbaycan-vasitesile-pasinyani-cezalandirmaq-niyyetindedir\/\" \/>\n<meta property=\"og:locale\" content=\"az_AZ\" \/>\n<meta property=\"og:type\" content=\"article\" \/>\n<meta property=\"og:title\" content=\"Az\u0259r Qas\u0131ml\u0131: &quot;Rusiya Az\u0259rbaycan vasit\u0259sil\u0259 Pa\u015finyan\u0131 c\u0259zaland\u0131rmaq niyy\u0259tind\u0259dir&quot; - MEYDAN.TV\" \/>\n<meta property=\"og:url\" content=\"https:\/\/www.meydan.tv\/az\/article\/azer-qasimli-rusiya-azerbaycan-vasitesile-pasinyani-cezalandirmaq-niyyetindedir\/\" \/>\n<meta property=\"og:site_name\" content=\"MEYDAN.TV\" \/>\n<meta property=\"article:published_time\" content=\"2024-04-17T15:07:23+00:00\" \/>\n<meta property=\"article:modified_time\" content=\"2024-04-17T16:23:46+00:00\" \/>\n<meta property=\"og:image\" content=\"https:\/\/www.meydan.tv\/wp-content\/uploads\/p.p.a.-scaled-e1649515886694.jpg\" \/>\n\t<meta property=\"og:image:width\" content=\"2560\" \/>\n\t<meta property=\"og:image:height\" content=\"1139\" \/>\n\t<meta property=\"og:image:type\" content=\"image\/jpeg\" \/>\n<meta name=\"author\" content=\"elli\" \/>\n<meta name=\"twitter:card\" content=\"summary_large_image\" \/>\n<meta name=\"twitter:creator\" content=\"@elli\" \/>\n<script type=\"application\/ld+json\" class=\"yoast-schema-graph\">{\"@context\":\"https:\\\/\\\/schema.org\",\"@graph\":[{\"@type\":\"Article\",\"@id\":\"https:\\\/\\\/www.meydan.tv\\\/az\\\/article\\\/azer-qasimli-rusiya-azerbaycan-vasitesile-pasinyani-cezalandirmaq-niyyetindedir\\\/#article\",\"isPartOf\":{\"@id\":\"https:\\\/\\\/www.meydan.tv\\\/az\\\/article\\\/azer-qasimli-rusiya-azerbaycan-vasitesile-pasinyani-cezalandirmaq-niyyetindedir\\\/\"},\"author\":{\"name\":\"elli\",\"@id\":\"https:\\\/\\\/www.meydan.tv\\\/az\\\/#\\\/schema\\\/person\\\/9cdbecf90d17180ce1dfbd95b08dcf47\"},\"headline\":\"Az\u0259r Qas\u0131ml\u0131: &#8220;Rusiya Az\u0259rbaycan vasit\u0259sil\u0259 Pa\u015finyan\u0131 c\u0259zaland\u0131rmaq niyy\u0259tind\u0259dir&#8221;\",\"datePublished\":\"2024-04-17T15:07:23+00:00\",\"dateModified\":\"2024-04-17T16:23:46+00:00\",\"mainEntityOfPage\":{\"@id\":\"https:\\\/\\\/www.meydan.tv\\\/az\\\/article\\\/azer-qasimli-rusiya-azerbaycan-vasitesile-pasinyani-cezalandirmaq-niyyetindedir\\\/\"},\"wordCount\":1297,\"publisher\":{\"@id\":\"https:\\\/\\\/www.meydan.tv\\\/az\\\/#organization\"},\"image\":{\"@id\":\"https:\\\/\\\/www.meydan.tv\\\/az\\\/article\\\/azer-qasimli-rusiya-azerbaycan-vasitesile-pasinyani-cezalandirmaq-niyyetindedir\\\/#primaryimage\"},\"thumbnailUrl\":\"https:\\\/\\\/www.meydan.tv\\\/wp-content\\\/uploads\\\/p.p.a.-scaled-e1649515886694.jpg\",\"articleSection\":[\"Siyas\u0259t\",\"T\u00f6vsiy\u0259\",\"Video\",\"X\u0259b\u0259rl\u0259r\"],\"inLanguage\":\"az\"},{\"@type\":\"WebPage\",\"@id\":\"https:\\\/\\\/www.meydan.tv\\\/az\\\/article\\\/azer-qasimli-rusiya-azerbaycan-vasitesile-pasinyani-cezalandirmaq-niyyetindedir\\\/\",\"url\":\"https:\\\/\\\/www.meydan.tv\\\/az\\\/article\\\/azer-qasimli-rusiya-azerbaycan-vasitesile-pasinyani-cezalandirmaq-niyyetindedir\\\/\",\"name\":\"Az\u0259r Qas\u0131ml\u0131: \\\"Rusiya Az\u0259rbaycan vasit\u0259sil\u0259 Pa\u015finyan\u0131 c\u0259zaland\u0131rmaq niyy\u0259tind\u0259dir\\\" - MEYDAN.TV\",\"isPartOf\":{\"@id\":\"https:\\\/\\\/www.meydan.tv\\\/az\\\/#website\"},\"primaryImageOfPage\":{\"@id\":\"https:\\\/\\\/www.meydan.tv\\\/az\\\/article\\\/azer-qasimli-rusiya-azerbaycan-vasitesile-pasinyani-cezalandirmaq-niyyetindedir\\\/#primaryimage\"},\"image\":{\"@id\":\"https:\\\/\\\/www.meydan.tv\\\/az\\\/article\\\/azer-qasimli-rusiya-azerbaycan-vasitesile-pasinyani-cezalandirmaq-niyyetindedir\\\/#primaryimage\"},\"thumbnailUrl\":\"https:\\\/\\\/www.meydan.tv\\\/wp-content\\\/uploads\\\/p.p.a.-scaled-e1649515886694.jpg\",\"datePublished\":\"2024-04-17T15:07:23+00:00\",\"dateModified\":\"2024-04-17T16:23:46+00:00\",\"breadcrumb\":{\"@id\":\"https:\\\/\\\/www.meydan.tv\\\/az\\\/article\\\/azer-qasimli-rusiya-azerbaycan-vasitesile-pasinyani-cezalandirmaq-niyyetindedir\\\/#breadcrumb\"},\"inLanguage\":\"az\",\"potentialAction\":[{\"@type\":\"ReadAction\",\"target\":[\"https:\\\/\\\/www.meydan.tv\\\/az\\\/article\\\/azer-qasimli-rusiya-azerbaycan-vasitesile-pasinyani-cezalandirmaq-niyyetindedir\\\/\"]}]},{\"@type\":\"ImageObject\",\"inLanguage\":\"az\",\"@id\":\"https:\\\/\\\/www.meydan.tv\\\/az\\\/article\\\/azer-qasimli-rusiya-azerbaycan-vasitesile-pasinyani-cezalandirmaq-niyyetindedir\\\/#primaryimage\",\"url\":\"https:\\\/\\\/www.meydan.tv\\\/wp-content\\\/uploads\\\/p.p.a.-scaled-e1649515886694.jpg\",\"contentUrl\":\"https:\\\/\\\/www.meydan.tv\\\/wp-content\\\/uploads\\\/p.p.a.-scaled-e1649515886694.jpg\",\"width\":2560,\"height\":1139,\"caption\":\"Foto: Meydan TV\"},{\"@type\":\"BreadcrumbList\",\"@id\":\"https:\\\/\\\/www.meydan.tv\\\/az\\\/article\\\/azer-qasimli-rusiya-azerbaycan-vasitesile-pasinyani-cezalandirmaq-niyyetindedir\\\/#breadcrumb\",\"itemListElement\":[{\"@type\":\"ListItem\",\"position\":1,\"name\":\"Ana s\u0259hif\u0259\",\"item\":\"https:\\\/\\\/www.meydan.tv\\\/az\\\/\"},{\"@type\":\"ListItem\",\"position\":2,\"name\":\"Siyas\u0259t\",\"item\":\"https:\\\/\\\/www.meydan.tv\\\/az\\\/section\\\/siyaset\\\/\"},{\"@type\":\"ListItem\",\"position\":3,\"name\":\"Az\u0259r Qas\u0131ml\u0131: &#8220;Rusiya Az\u0259rbaycan vasit\u0259sil\u0259 Pa\u015finyan\u0131 c\u0259zaland\u0131rmaq niyy\u0259tind\u0259dir&#8221;\"}]},{\"@type\":\"WebSite\",\"@id\":\"https:\\\/\\\/www.meydan.tv\\\/az\\\/#website\",\"url\":\"https:\\\/\\\/www.meydan.tv\\\/az\\\/\",\"name\":\"MEYDAN.TV\",\"description\":\"Meydan TV Az\u0259rbaycan\u0131n media m\u0259kan\u0131ndak\u0131 alternativ s\u0259sidir\",\"publisher\":{\"@id\":\"https:\\\/\\\/www.meydan.tv\\\/az\\\/#organization\"},\"potentialAction\":[{\"@type\":\"SearchAction\",\"target\":{\"@type\":\"EntryPoint\",\"urlTemplate\":\"https:\\\/\\\/www.meydan.tv\\\/az\\\/?s={search_term_string}\"},\"query-input\":{\"@type\":\"PropertyValueSpecification\",\"valueRequired\":true,\"valueName\":\"search_term_string\"}}],\"inLanguage\":\"az\"},{\"@type\":\"Organization\",\"@id\":\"https:\\\/\\\/www.meydan.tv\\\/az\\\/#organization\",\"name\":\"Meydan TV\",\"url\":\"https:\\\/\\\/www.meydan.tv\\\/az\\\/\",\"logo\":{\"@type\":\"ImageObject\",\"inLanguage\":\"az\",\"@id\":\"https:\\\/\\\/www.meydan.tv\\\/az\\\/#\\\/schema\\\/logo\\\/image\\\/\",\"url\":\"https:\\\/\\\/www.meydan.tv\\\/wp-content\\\/uploads\\\/2021\\\/07\\\/meydan-logo.svg\",\"contentUrl\":\"https:\\\/\\\/www.meydan.tv\\\/wp-content\\\/uploads\\\/2021\\\/07\\\/meydan-logo.svg\",\"width\":195,\"height\":46,\"caption\":\"Meydan TV\"},\"image\":{\"@id\":\"https:\\\/\\\/www.meydan.tv\\\/az\\\/#\\\/schema\\\/logo\\\/image\\\/\"}},{\"@type\":\"Person\",\"@id\":\"https:\\\/\\\/www.meydan.tv\\\/az\\\/#\\\/schema\\\/person\\\/9cdbecf90d17180ce1dfbd95b08dcf47\",\"name\":\"elli\",\"sameAs\":[\"https:\\\/\\\/x.com\\\/elli\"]}]}<\/script>\n<!-- \/ Yoast SEO plugin. -->","yoast_head_json":{"title":"Az\u0259r Qas\u0131ml\u0131: \"Rusiya Az\u0259rbaycan vasit\u0259sil\u0259 Pa\u015finyan\u0131 c\u0259zaland\u0131rmaq niyy\u0259tind\u0259dir\" - MEYDAN.TV","robots":{"index":"index","follow":"follow","max-snippet":"max-snippet:-1","max-image-preview":"max-image-preview:large","max-video-preview":"max-video-preview:-1"},"canonical":"https:\/\/www.meydan.tv\/az\/article\/azer-qasimli-rusiya-azerbaycan-vasitesile-pasinyani-cezalandirmaq-niyyetindedir\/","og_locale":"az_AZ","og_type":"article","og_title":"Az\u0259r Qas\u0131ml\u0131: \"Rusiya Az\u0259rbaycan vasit\u0259sil\u0259 Pa\u015finyan\u0131 c\u0259zaland\u0131rmaq niyy\u0259tind\u0259dir\" - MEYDAN.TV","og_url":"https:\/\/www.meydan.tv\/az\/article\/azer-qasimli-rusiya-azerbaycan-vasitesile-pasinyani-cezalandirmaq-niyyetindedir\/","og_site_name":"MEYDAN.TV","article_published_time":"2024-04-17T15:07:23+00:00","article_modified_time":"2024-04-17T16:23:46+00:00","og_image":[{"width":2560,"height":1139,"url":"https:\/\/www.meydan.tv\/wp-content\/uploads\/p.p.a.-scaled-e1649515886694.jpg","type":"image\/jpeg"}],"author":"elli","twitter_card":"summary_large_image","twitter_creator":"@elli","schema":{"@context":"https:\/\/schema.org","@graph":[{"@type":"Article","@id":"https:\/\/www.meydan.tv\/az\/article\/azer-qasimli-rusiya-azerbaycan-vasitesile-pasinyani-cezalandirmaq-niyyetindedir\/#article","isPartOf":{"@id":"https:\/\/www.meydan.tv\/az\/article\/azer-qasimli-rusiya-azerbaycan-vasitesile-pasinyani-cezalandirmaq-niyyetindedir\/"},"author":{"name":"elli","@id":"https:\/\/www.meydan.tv\/az\/#\/schema\/person\/9cdbecf90d17180ce1dfbd95b08dcf47"},"headline":"Az\u0259r Qas\u0131ml\u0131: &#8220;Rusiya Az\u0259rbaycan vasit\u0259sil\u0259 Pa\u015finyan\u0131 c\u0259zaland\u0131rmaq niyy\u0259tind\u0259dir&#8221;","datePublished":"2024-04-17T15:07:23+00:00","dateModified":"2024-04-17T16:23:46+00:00","mainEntityOfPage":{"@id":"https:\/\/www.meydan.tv\/az\/article\/azer-qasimli-rusiya-azerbaycan-vasitesile-pasinyani-cezalandirmaq-niyyetindedir\/"},"wordCount":1297,"publisher":{"@id":"https:\/\/www.meydan.tv\/az\/#organization"},"image":{"@id":"https:\/\/www.meydan.tv\/az\/article\/azer-qasimli-rusiya-azerbaycan-vasitesile-pasinyani-cezalandirmaq-niyyetindedir\/#primaryimage"},"thumbnailUrl":"https:\/\/www.meydan.tv\/wp-content\/uploads\/p.p.a.-scaled-e1649515886694.jpg","articleSection":["Siyas\u0259t","T\u00f6vsiy\u0259","Video","X\u0259b\u0259rl\u0259r"],"inLanguage":"az"},{"@type":"WebPage","@id":"https:\/\/www.meydan.tv\/az\/article\/azer-qasimli-rusiya-azerbaycan-vasitesile-pasinyani-cezalandirmaq-niyyetindedir\/","url":"https:\/\/www.meydan.tv\/az\/article\/azer-qasimli-rusiya-azerbaycan-vasitesile-pasinyani-cezalandirmaq-niyyetindedir\/","name":"Az\u0259r Qas\u0131ml\u0131: \"Rusiya Az\u0259rbaycan vasit\u0259sil\u0259 Pa\u015finyan\u0131 c\u0259zaland\u0131rmaq niyy\u0259tind\u0259dir\" - MEYDAN.TV","isPartOf":{"@id":"https:\/\/www.meydan.tv\/az\/#website"},"primaryImageOfPage":{"@id":"https:\/\/www.meydan.tv\/az\/article\/azer-qasimli-rusiya-azerbaycan-vasitesile-pasinyani-cezalandirmaq-niyyetindedir\/#primaryimage"},"image":{"@id":"https:\/\/www.meydan.tv\/az\/article\/azer-qasimli-rusiya-azerbaycan-vasitesile-pasinyani-cezalandirmaq-niyyetindedir\/#primaryimage"},"thumbnailUrl":"https:\/\/www.meydan.tv\/wp-content\/uploads\/p.p.a.-scaled-e1649515886694.jpg","datePublished":"2024-04-17T15:07:23+00:00","dateModified":"2024-04-17T16:23:46+00:00","breadcrumb":{"@id":"https:\/\/www.meydan.tv\/az\/article\/azer-qasimli-rusiya-azerbaycan-vasitesile-pasinyani-cezalandirmaq-niyyetindedir\/#breadcrumb"},"inLanguage":"az","potentialAction":[{"@type":"ReadAction","target":["https:\/\/www.meydan.tv\/az\/article\/azer-qasimli-rusiya-azerbaycan-vasitesile-pasinyani-cezalandirmaq-niyyetindedir\/"]}]},{"@type":"ImageObject","inLanguage":"az","@id":"https:\/\/www.meydan.tv\/az\/article\/azer-qasimli-rusiya-azerbaycan-vasitesile-pasinyani-cezalandirmaq-niyyetindedir\/#primaryimage","url":"https:\/\/www.meydan.tv\/wp-content\/uploads\/p.p.a.-scaled-e1649515886694.jpg","contentUrl":"https:\/\/www.meydan.tv\/wp-content\/uploads\/p.p.a.-scaled-e1649515886694.jpg","width":2560,"height":1139,"caption":"Foto: Meydan TV"},{"@type":"BreadcrumbList","@id":"https:\/\/www.meydan.tv\/az\/article\/azer-qasimli-rusiya-azerbaycan-vasitesile-pasinyani-cezalandirmaq-niyyetindedir\/#breadcrumb","itemListElement":[{"@type":"ListItem","position":1,"name":"Ana s\u0259hif\u0259","item":"https:\/\/www.meydan.tv\/az\/"},{"@type":"ListItem","position":2,"name":"Siyas\u0259t","item":"https:\/\/www.meydan.tv\/az\/section\/siyaset\/"},{"@type":"ListItem","position":3,"name":"Az\u0259r Qas\u0131ml\u0131: &#8220;Rusiya Az\u0259rbaycan vasit\u0259sil\u0259 Pa\u015finyan\u0131 c\u0259zaland\u0131rmaq niyy\u0259tind\u0259dir&#8221;"}]},{"@type":"WebSite","@id":"https:\/\/www.meydan.tv\/az\/#website","url":"https:\/\/www.meydan.tv\/az\/","name":"MEYDAN.TV","description":"Meydan TV Az\u0259rbaycan\u0131n media m\u0259kan\u0131ndak\u0131 alternativ s\u0259sidir","publisher":{"@id":"https:\/\/www.meydan.tv\/az\/#organization"},"potentialAction":[{"@type":"SearchAction","target":{"@type":"EntryPoint","urlTemplate":"https:\/\/www.meydan.tv\/az\/?s={search_term_string}"},"query-input":{"@type":"PropertyValueSpecification","valueRequired":true,"valueName":"search_term_string"}}],"inLanguage":"az"},{"@type":"Organization","@id":"https:\/\/www.meydan.tv\/az\/#organization","name":"Meydan TV","url":"https:\/\/www.meydan.tv\/az\/","logo":{"@type":"ImageObject","inLanguage":"az","@id":"https:\/\/www.meydan.tv\/az\/#\/schema\/logo\/image\/","url":"https:\/\/www.meydan.tv\/wp-content\/uploads\/2021\/07\/meydan-logo.svg","contentUrl":"https:\/\/www.meydan.tv\/wp-content\/uploads\/2021\/07\/meydan-logo.svg","width":195,"height":46,"caption":"Meydan TV"},"image":{"@id":"https:\/\/www.meydan.tv\/az\/#\/schema\/logo\/image\/"}},{"@type":"Person","@id":"https:\/\/www.meydan.tv\/az\/#\/schema\/person\/9cdbecf90d17180ce1dfbd95b08dcf47","name":"elli","sameAs":["https:\/\/x.com\/elli"]}]}},"_links":{"self":[{"href":"https:\/\/www.meydan.tv\/az\/wp-json\/wp\/v2\/posts\/303576","targetHints":{"allow":["GET"]}}],"collection":[{"href":"https:\/\/www.meydan.tv\/az\/wp-json\/wp\/v2\/posts"}],"about":[{"href":"https:\/\/www.meydan.tv\/az\/wp-json\/wp\/v2\/types\/post"}],"author":[{"embeddable":true,"href":"https:\/\/www.meydan.tv\/az\/wp-json\/wp\/v2\/users\/8"}],"replies":[{"embeddable":true,"href":"https:\/\/www.meydan.tv\/az\/wp-json\/wp\/v2\/comments?post=303576"}],"version-history":[{"count":5,"href":"https:\/\/www.meydan.tv\/az\/wp-json\/wp\/v2\/posts\/303576\/revisions"}],"predecessor-version":[{"id":303581,"href":"https:\/\/www.meydan.tv\/az\/wp-json\/wp\/v2\/posts\/303576\/revisions\/303581"}],"wp:featuredmedia":[{"embeddable":true,"href":"https:\/\/www.meydan.tv\/az\/wp-json\/wp\/v2\/media\/155077"}],"wp:attachment":[{"href":"https:\/\/www.meydan.tv\/az\/wp-json\/wp\/v2\/media?parent=303576"}],"wp:term":[{"taxonomy":"category","embeddable":true,"href":"https:\/\/www.meydan.tv\/az\/wp-json\/wp\/v2\/categories?post=303576"},{"taxonomy":"post_tag","embeddable":true,"href":"https:\/\/www.meydan.tv\/az\/wp-json\/wp\/v2\/tags?post=303576"}],"curies":[{"name":"wp","href":"https:\/\/api.w.org\/{rel}","templated":true}]}}