{"id":303555,"date":"2024-04-17T17:01:02","date_gmt":"2024-04-17T13:01:02","guid":{"rendered":"https:\/\/www.meydan.tv\/?p=303555"},"modified":"2024-04-17T17:01:06","modified_gmt":"2024-04-17T13:01:06","slug":"jurnalist-cemil-memmedliye-hokm-oxundu-2","status":"publish","type":"post","link":"https:\/\/www.meydan.tv\/az\/article\/jurnalist-cemil-memmedliye-hokm-oxundu-2\/","title":{"rendered":"Jurnalist C\u0259mil M\u0259mm\u0259dliy\u0259 h\u00f6km oxundu"},"content":{"rendered":"\n<p><\/p>\n\n\n\n<p><strong><em>O \u00f6z\u00fcn\u00fc yaln\u0131z xuliqanl\u0131q ittiham\u0131 \u00fczr\u0259 t\u0259qsirli bilir<\/em><\/strong><\/p>\n\n\n\n<p>Xa\u00e7mazda ya\u015fayan v\u0259 m\u00fcxt\u0259lif media orqanlar\u0131 \u00fc\u00e7\u00fcn \u015eimal b\u00f6lg\u0259sind\u0259 ba\u015f ver\u0259n hadis\u0259l\u0259rl\u0259 ba\u011fl\u0131 materiallar haz\u0131rlayan jurnalist C\u0259mil M\u0259mm\u0259dlinin 10 aya yax\u0131nd\u0131r davam ed\u0259n m\u0259hk\u0259m\u0259si ba\u015fa \u00e7at\u0131b. Aprelin 17-d\u0259&nbsp; Sumqay\u0131t A\u011f\u0131r Cinay\u0259tl\u0259r M\u0259hk\u0259m\u0259sind\u0259 ona h\u00f6km oxunub. Hakim F\u0259hmin H\u00fcmb\u0259tovun s\u0259drliyil\u0259 \u00e7\u0131xar\u0131lan h\u00f6km\u0259 \u0259sas\u0259n, C\u0259mil M\u0259mm\u0259dli 6 il 2 ay azadl\u0131qdan m\u0259hrum edilib.<\/p>\n\n\n\n<p>C\u0259mil M\u0259mm\u0259dliy\u0259 Cinay\u0259t M\u0259c\u0259ll\u0259sinin 182-ci (h\u0259d\u0259-qorxu il\u0259 t\u0259l\u0259betm\u0259) madd\u0259sil\u0259 b\u0259ra\u0259t verilib. Cinay\u0259t M\u0259c\u0259ll\u0259sinin 178 (d\u0259l\u0259duzluq) v\u0259 221-ci (xuliqanl\u0131q) madd\u0259l\u0259ril\u0259 is\u0259 t\u0259qsirli bilinib.<\/p>\n\n\n\n<p>Quba rayon \u0130cra Hakimiyy\u0259tinin ba\u015f\u00e7\u0131s\u0131 Ziy\u0259ddin \u018fliyevin x\u00fcsusi ittiham qaydas\u0131nda qald\u0131rd\u0131\u011f\u0131 iddia \u0259sas\u0131nda t\u0259hqir v\u0259 b\u00f6htan ittiham\u0131yla 2022-ci ild\u0259 C\u0259mil M\u0259mm\u0259dliy\u0259 islah i\u015fl\u0259ri c\u0259zas\u0131 verilmi\u015fdi. Aprelin 17-d\u0259 \u00e7\u0131xar\u0131lan h\u00f6kmd\u0259 h\u0259min c\u0259zan\u0131n da \u00e7\u0259kilm\u0259mi\u015f hiss\u0259si n\u0259z\u0259r\u0259 al\u0131n\u0131b.<\/p>\n\n\n\n<p>Jurnalist \u00f6z\u00fcn\u00fc yaln\u0131z xuliqanl\u0131q ittiham\u0131 \u00fczr\u0259 t\u0259qsirli bilir. Dig\u0259r ittihamlar\u0131n is\u0259 \u0259sass\u0131z oldu\u011funu deyir.<\/p>\n\n\n\n<p>Jurnalistin v\u0259kili Fariz Namazl\u0131 da \u00e7\u0131x\u0131\u015f\u0131nda xuliqanl\u0131q ittiham\u0131n\u0131n Cinay\u0259t M\u0259c\u0259ll\u0259sinin 128-ci (d\u00f6ym\u0259) madd\u0259sin\u0259 t\u00f6vsif olunmas\u0131n\u0131, dig\u0259r ittihamlar \u00fczr\u0259 m\u00fcv\u0259kkilin\u0259 b\u0259ra\u0259t verilm\u0259sini ist\u0259yib. V\u0259kil bildirib ki, C\u0259mil M\u0259mm\u0259dliy\u0259 qar\u015f\u0131 ir\u0259li s\u00fcr\u00fcl\u0259n d\u0259l\u0259duzluq v\u0259 h\u0259d\u0259-qorxu il\u0259 t\u0259l\u0259b etm\u0259 kimi ittihamlar\u0131n he\u00e7 bir \u0259sas\u0131 yoxdur. M\u0259hk\u0259m\u0259 istintaq\u0131 boyunca ittihamlar\u0131 t\u0259sdiql\u0259y\u0259n he\u00e7 bir m\u00f6t\u0259b\u0259r s\u00fcbut-d\u0259lil ortaya qoyulmay\u0131b.<\/p>\n\n\n\n<p>C\u0259mil M\u0259mm\u0259dlinin x\u0259sar\u0259t yetirdiyi iddia olunan \u015f\u0259xsl\u0259r m\u0259hk\u0259m\u0259y\u0259 ondan \u015fikay\u0259t\u00e7i olmad\u0131qlar\u0131 bar\u0259d\u0259 \u0259riz\u0259 veribl\u0259r.<\/p>\n\n\n\n<p>H\u0259d\u0259-qorxu il\u0259 t\u0259l\u0259betm\u0259 ittiham \u00fczr\u0259 z\u0259r\u0259r\u00e7\u0259k\u0259n qismind\u0259 tan\u0131nan \u015f\u0259xsl\u0259r d\u0259 \u015fikay\u0259t\u00e7i olmay\u0131b. Onlar bildirib ki, istintaqda verdikl\u0259ri ifad\u0259l\u0259r t\u0259hrif olunub, C\u0259mil M\u0259mm\u0259dlini tan\u0131m\u0131rlar, ona saytdan material silm\u0259k \u00fc\u00e7\u00fcn pul da verm\u0259yibl\u0259r.<\/p>\n\n\n\n<p>Lakin G\u00fclnar\u0259 H\u0259bibova v\u0259 qarda\u015f\u0131 Fuad H\u0259bibov \u015fikay\u0259t\u00e7i olub, ona a\u011f\u0131r c\u0259za verilm\u0259sini t\u0259l\u0259b edibl\u0259r. Onlar iddia edir ki, C\u0259mil M\u0259mm\u0259dli 2010-cu ild\u0259 q\u0259tl\u0259 yetirilmi\u015f analar\u0131 &#8211; Xa\u00e7mazdak\u0131 &#8220;Arzu&#8221; Ticar\u0259t M\u0259rk\u0259zinin sahibi N\u0259cim\u0259 Babayevan\u0131n q\u0259tlil\u0259 ba\u011fl\u0131 s\u00fcbutlar \u0259ld\u0259 ed\u0259c\u0259yini, cinay\u0259tin \u00fcst\u00fcn\u00fcn a\u00e7\u0131lmas\u0131na yard\u0131m g\u00f6st\u0259r\u0259c\u0259yini dey\u0259r\u0259k, onlardan pul al\u0131b.<\/p>\n\n\n\n<p>Ancaq  C\u0259mil M\u0259mm\u0259dli H\u0259bibovlar\u0131n yalan dan\u0131\u015fd\u0131\u011f\u0131n\u0131, sifari\u015fl\u0259 ona qar\u015f\u0131 \u015fikay\u0259t\u00e7i olduqlar\u0131n\u0131 deyir. Onun s\u00f6zl\u0259rin\u0259 g\u00f6r\u0259, bundan \u0259vv\u0259l H\u0259bibovlar onu t\u0259hqir v\u0259 b\u00f6htan iddias\u0131yla m\u0259hk\u0259m\u0259y\u0259 vermi\u015fdi.<\/p>\n","protected":false},"excerpt":{"rendered":"<p>O \u00f6z\u00fcn\u00fc yaln\u0131z xuliqanl\u0131q ittiham\u0131 \u00fczr\u0259 t\u0259qsirli bilir Xa\u00e7mazda ya\u015fayan &#8230; <\/p>\n<p class=\"read-more-container\"><a title=\"Jurnalist C\u0259mil M\u0259mm\u0259dliy\u0259 h\u00f6km oxundu\" class=\"read-more button\" href=\"https:\/\/www.meydan.tv\/az\/article\/jurnalist-cemil-memmedliye-hokm-oxundu-2\/#more-303555\" aria-label=\"Read more about Jurnalist C\u0259mil M\u0259mm\u0259dliy\u0259 h\u00f6km oxundu\">Davam\u0131<\/a><\/p>\n","protected":false},"author":8,"featured_media":245436,"comment_status":"closed","ping_status":"closed","sticky":false,"template":"","format":"standard","meta":{"_acf_changed":false,"_sitemap_exclude":false,"_sitemap_priority":"","_sitemap_frequency":"","footnotes":""},"categories":[60,56],"tags":[],"class_list":["post-303555","post","type-post","status-publish","format-standard","has-post-thumbnail","hentry","category-bolge","category-xeberler","infinite-scroll-item","generate-columns","tablet-grid-50","mobile-grid-100","grid-parent","grid-33","no-featured-image-padding"],"acf":[],"yoast_head":"<!-- This site is optimized with the Yoast SEO plugin v27.4 - https:\/\/yoast.com\/product\/yoast-seo-wordpress\/ -->\n<title>Jurnalist C\u0259mil M\u0259mm\u0259dliy\u0259 h\u00f6km oxundu - MEYDAN.TV<\/title>\n<meta name=\"robots\" content=\"index, follow, max-snippet:-1, max-image-preview:large, max-video-preview:-1\" \/>\n<link rel=\"canonical\" href=\"https:\/\/www.meydan.tv\/az\/article\/jurnalist-cemil-memmedliye-hokm-oxundu-2\/\" \/>\n<meta property=\"og:locale\" content=\"az_AZ\" \/>\n<meta property=\"og:type\" content=\"article\" \/>\n<meta property=\"og:title\" content=\"Jurnalist C\u0259mil M\u0259mm\u0259dliy\u0259 h\u00f6km oxundu - MEYDAN.TV\" \/>\n<meta property=\"og:description\" content=\"O \u00f6z\u00fcn\u00fc yaln\u0131z xuliqanl\u0131q ittiham\u0131 \u00fczr\u0259 t\u0259qsirli bilir Xa\u00e7mazda ya\u015fayan ... Davam\u0131\" \/>\n<meta property=\"og:url\" content=\"https:\/\/www.meydan.tv\/az\/article\/jurnalist-cemil-memmedliye-hokm-oxundu-2\/\" \/>\n<meta property=\"og:site_name\" content=\"MEYDAN.TV\" \/>\n<meta property=\"article:published_time\" content=\"2024-04-17T13:01:02+00:00\" \/>\n<meta property=\"article:modified_time\" content=\"2024-04-17T13:01:06+00:00\" \/>\n<meta property=\"og:image\" content=\"https:\/\/www.meydan.tv\/wp-content\/uploads\/untitled-design-2-26-e1652791597335.jpg\" \/>\n\t<meta property=\"og:image:width\" content=\"1200\" \/>\n\t<meta property=\"og:image:height\" content=\"708\" \/>\n\t<meta property=\"og:image:type\" content=\"image\/jpeg\" \/>\n<meta name=\"author\" content=\"elli\" \/>\n<meta name=\"twitter:card\" content=\"summary_large_image\" \/>\n<meta name=\"twitter:creator\" content=\"@elli\" \/>\n<script type=\"application\/ld+json\" class=\"yoast-schema-graph\">{\"@context\":\"https:\\\/\\\/schema.org\",\"@graph\":[{\"@type\":\"Article\",\"@id\":\"https:\\\/\\\/www.meydan.tv\\\/az\\\/article\\\/jurnalist-cemil-memmedliye-hokm-oxundu-2\\\/#article\",\"isPartOf\":{\"@id\":\"https:\\\/\\\/www.meydan.tv\\\/az\\\/article\\\/jurnalist-cemil-memmedliye-hokm-oxundu-2\\\/\"},\"author\":{\"name\":\"elli\",\"@id\":\"https:\\\/\\\/www.meydan.tv\\\/az\\\/#\\\/schema\\\/person\\\/9cdbecf90d17180ce1dfbd95b08dcf47\"},\"headline\":\"Jurnalist C\u0259mil M\u0259mm\u0259dliy\u0259 h\u00f6km oxundu\",\"datePublished\":\"2024-04-17T13:01:02+00:00\",\"dateModified\":\"2024-04-17T13:01:06+00:00\",\"mainEntityOfPage\":{\"@id\":\"https:\\\/\\\/www.meydan.tv\\\/az\\\/article\\\/jurnalist-cemil-memmedliye-hokm-oxundu-2\\\/\"},\"wordCount\":561,\"publisher\":{\"@id\":\"https:\\\/\\\/www.meydan.tv\\\/az\\\/#organization\"},\"image\":{\"@id\":\"https:\\\/\\\/www.meydan.tv\\\/az\\\/article\\\/jurnalist-cemil-memmedliye-hokm-oxundu-2\\\/#primaryimage\"},\"thumbnailUrl\":\"https:\\\/\\\/www.meydan.tv\\\/wp-content\\\/uploads\\\/untitled-design-2-26-e1652791597335.jpg\",\"articleSection\":[\"B\u00f6lg\u0259\",\"X\u0259b\u0259rl\u0259r\"],\"inLanguage\":\"az\"},{\"@type\":\"WebPage\",\"@id\":\"https:\\\/\\\/www.meydan.tv\\\/az\\\/article\\\/jurnalist-cemil-memmedliye-hokm-oxundu-2\\\/\",\"url\":\"https:\\\/\\\/www.meydan.tv\\\/az\\\/article\\\/jurnalist-cemil-memmedliye-hokm-oxundu-2\\\/\",\"name\":\"Jurnalist C\u0259mil M\u0259mm\u0259dliy\u0259 h\u00f6km oxundu - MEYDAN.TV\",\"isPartOf\":{\"@id\":\"https:\\\/\\\/www.meydan.tv\\\/az\\\/#website\"},\"primaryImageOfPage\":{\"@id\":\"https:\\\/\\\/www.meydan.tv\\\/az\\\/article\\\/jurnalist-cemil-memmedliye-hokm-oxundu-2\\\/#primaryimage\"},\"image\":{\"@id\":\"https:\\\/\\\/www.meydan.tv\\\/az\\\/article\\\/jurnalist-cemil-memmedliye-hokm-oxundu-2\\\/#primaryimage\"},\"thumbnailUrl\":\"https:\\\/\\\/www.meydan.tv\\\/wp-content\\\/uploads\\\/untitled-design-2-26-e1652791597335.jpg\",\"datePublished\":\"2024-04-17T13:01:02+00:00\",\"dateModified\":\"2024-04-17T13:01:06+00:00\",\"breadcrumb\":{\"@id\":\"https:\\\/\\\/www.meydan.tv\\\/az\\\/article\\\/jurnalist-cemil-memmedliye-hokm-oxundu-2\\\/#breadcrumb\"},\"inLanguage\":\"az\",\"potentialAction\":[{\"@type\":\"ReadAction\",\"target\":[\"https:\\\/\\\/www.meydan.tv\\\/az\\\/article\\\/jurnalist-cemil-memmedliye-hokm-oxundu-2\\\/\"]}]},{\"@type\":\"ImageObject\",\"inLanguage\":\"az\",\"@id\":\"https:\\\/\\\/www.meydan.tv\\\/az\\\/article\\\/jurnalist-cemil-memmedliye-hokm-oxundu-2\\\/#primaryimage\",\"url\":\"https:\\\/\\\/www.meydan.tv\\\/wp-content\\\/uploads\\\/untitled-design-2-26-e1652791597335.jpg\",\"contentUrl\":\"https:\\\/\\\/www.meydan.tv\\\/wp-content\\\/uploads\\\/untitled-design-2-26-e1652791597335.jpg\",\"width\":1200,\"height\":708,\"caption\":\"C\u0259mil M\u0259mm\u0259dli. M\u0259nb\u0259: Media H\u00fcququ \u0130nstitutu\"},{\"@type\":\"BreadcrumbList\",\"@id\":\"https:\\\/\\\/www.meydan.tv\\\/az\\\/article\\\/jurnalist-cemil-memmedliye-hokm-oxundu-2\\\/#breadcrumb\",\"itemListElement\":[{\"@type\":\"ListItem\",\"position\":1,\"name\":\"Ana s\u0259hif\u0259\",\"item\":\"https:\\\/\\\/www.meydan.tv\\\/az\\\/\"},{\"@type\":\"ListItem\",\"position\":2,\"name\":\"B\u00f6lg\u0259\",\"item\":\"https:\\\/\\\/www.meydan.tv\\\/az\\\/section\\\/bolge\\\/\"},{\"@type\":\"ListItem\",\"position\":3,\"name\":\"Jurnalist C\u0259mil M\u0259mm\u0259dliy\u0259 h\u00f6km oxundu\"}]},{\"@type\":\"WebSite\",\"@id\":\"https:\\\/\\\/www.meydan.tv\\\/az\\\/#website\",\"url\":\"https:\\\/\\\/www.meydan.tv\\\/az\\\/\",\"name\":\"MEYDAN.TV\",\"description\":\"Meydan TV Az\u0259rbaycan\u0131n media m\u0259kan\u0131ndak\u0131 alternativ s\u0259sidir\",\"publisher\":{\"@id\":\"https:\\\/\\\/www.meydan.tv\\\/az\\\/#organization\"},\"potentialAction\":[{\"@type\":\"SearchAction\",\"target\":{\"@type\":\"EntryPoint\",\"urlTemplate\":\"https:\\\/\\\/www.meydan.tv\\\/az\\\/?s={search_term_string}\"},\"query-input\":{\"@type\":\"PropertyValueSpecification\",\"valueRequired\":true,\"valueName\":\"search_term_string\"}}],\"inLanguage\":\"az\"},{\"@type\":\"Organization\",\"@id\":\"https:\\\/\\\/www.meydan.tv\\\/az\\\/#organization\",\"name\":\"Meydan TV\",\"url\":\"https:\\\/\\\/www.meydan.tv\\\/az\\\/\",\"logo\":{\"@type\":\"ImageObject\",\"inLanguage\":\"az\",\"@id\":\"https:\\\/\\\/www.meydan.tv\\\/az\\\/#\\\/schema\\\/logo\\\/image\\\/\",\"url\":\"https:\\\/\\\/www.meydan.tv\\\/wp-content\\\/uploads\\\/2021\\\/07\\\/meydan-logo.svg\",\"contentUrl\":\"https:\\\/\\\/www.meydan.tv\\\/wp-content\\\/uploads\\\/2021\\\/07\\\/meydan-logo.svg\",\"width\":195,\"height\":46,\"caption\":\"Meydan TV\"},\"image\":{\"@id\":\"https:\\\/\\\/www.meydan.tv\\\/az\\\/#\\\/schema\\\/logo\\\/image\\\/\"}},{\"@type\":\"Person\",\"@id\":\"https:\\\/\\\/www.meydan.tv\\\/az\\\/#\\\/schema\\\/person\\\/9cdbecf90d17180ce1dfbd95b08dcf47\",\"name\":\"elli\",\"sameAs\":[\"https:\\\/\\\/x.com\\\/elli\"]}]}<\/script>\n<!-- \/ Yoast SEO plugin. -->","yoast_head_json":{"title":"Jurnalist C\u0259mil M\u0259mm\u0259dliy\u0259 h\u00f6km oxundu - MEYDAN.TV","robots":{"index":"index","follow":"follow","max-snippet":"max-snippet:-1","max-image-preview":"max-image-preview:large","max-video-preview":"max-video-preview:-1"},"canonical":"https:\/\/www.meydan.tv\/az\/article\/jurnalist-cemil-memmedliye-hokm-oxundu-2\/","og_locale":"az_AZ","og_type":"article","og_title":"Jurnalist C\u0259mil M\u0259mm\u0259dliy\u0259 h\u00f6km oxundu - MEYDAN.TV","og_description":"O \u00f6z\u00fcn\u00fc yaln\u0131z xuliqanl\u0131q ittiham\u0131 \u00fczr\u0259 t\u0259qsirli bilir Xa\u00e7mazda ya\u015fayan ... Davam\u0131","og_url":"https:\/\/www.meydan.tv\/az\/article\/jurnalist-cemil-memmedliye-hokm-oxundu-2\/","og_site_name":"MEYDAN.TV","article_published_time":"2024-04-17T13:01:02+00:00","article_modified_time":"2024-04-17T13:01:06+00:00","og_image":[{"width":1200,"height":708,"url":"https:\/\/www.meydan.tv\/wp-content\/uploads\/untitled-design-2-26-e1652791597335.jpg","type":"image\/jpeg"}],"author":"elli","twitter_card":"summary_large_image","twitter_creator":"@elli","schema":{"@context":"https:\/\/schema.org","@graph":[{"@type":"Article","@id":"https:\/\/www.meydan.tv\/az\/article\/jurnalist-cemil-memmedliye-hokm-oxundu-2\/#article","isPartOf":{"@id":"https:\/\/www.meydan.tv\/az\/article\/jurnalist-cemil-memmedliye-hokm-oxundu-2\/"},"author":{"name":"elli","@id":"https:\/\/www.meydan.tv\/az\/#\/schema\/person\/9cdbecf90d17180ce1dfbd95b08dcf47"},"headline":"Jurnalist C\u0259mil M\u0259mm\u0259dliy\u0259 h\u00f6km oxundu","datePublished":"2024-04-17T13:01:02+00:00","dateModified":"2024-04-17T13:01:06+00:00","mainEntityOfPage":{"@id":"https:\/\/www.meydan.tv\/az\/article\/jurnalist-cemil-memmedliye-hokm-oxundu-2\/"},"wordCount":561,"publisher":{"@id":"https:\/\/www.meydan.tv\/az\/#organization"},"image":{"@id":"https:\/\/www.meydan.tv\/az\/article\/jurnalist-cemil-memmedliye-hokm-oxundu-2\/#primaryimage"},"thumbnailUrl":"https:\/\/www.meydan.tv\/wp-content\/uploads\/untitled-design-2-26-e1652791597335.jpg","articleSection":["B\u00f6lg\u0259","X\u0259b\u0259rl\u0259r"],"inLanguage":"az"},{"@type":"WebPage","@id":"https:\/\/www.meydan.tv\/az\/article\/jurnalist-cemil-memmedliye-hokm-oxundu-2\/","url":"https:\/\/www.meydan.tv\/az\/article\/jurnalist-cemil-memmedliye-hokm-oxundu-2\/","name":"Jurnalist C\u0259mil M\u0259mm\u0259dliy\u0259 h\u00f6km oxundu - MEYDAN.TV","isPartOf":{"@id":"https:\/\/www.meydan.tv\/az\/#website"},"primaryImageOfPage":{"@id":"https:\/\/www.meydan.tv\/az\/article\/jurnalist-cemil-memmedliye-hokm-oxundu-2\/#primaryimage"},"image":{"@id":"https:\/\/www.meydan.tv\/az\/article\/jurnalist-cemil-memmedliye-hokm-oxundu-2\/#primaryimage"},"thumbnailUrl":"https:\/\/www.meydan.tv\/wp-content\/uploads\/untitled-design-2-26-e1652791597335.jpg","datePublished":"2024-04-17T13:01:02+00:00","dateModified":"2024-04-17T13:01:06+00:00","breadcrumb":{"@id":"https:\/\/www.meydan.tv\/az\/article\/jurnalist-cemil-memmedliye-hokm-oxundu-2\/#breadcrumb"},"inLanguage":"az","potentialAction":[{"@type":"ReadAction","target":["https:\/\/www.meydan.tv\/az\/article\/jurnalist-cemil-memmedliye-hokm-oxundu-2\/"]}]},{"@type":"ImageObject","inLanguage":"az","@id":"https:\/\/www.meydan.tv\/az\/article\/jurnalist-cemil-memmedliye-hokm-oxundu-2\/#primaryimage","url":"https:\/\/www.meydan.tv\/wp-content\/uploads\/untitled-design-2-26-e1652791597335.jpg","contentUrl":"https:\/\/www.meydan.tv\/wp-content\/uploads\/untitled-design-2-26-e1652791597335.jpg","width":1200,"height":708,"caption":"C\u0259mil M\u0259mm\u0259dli. M\u0259nb\u0259: Media H\u00fcququ \u0130nstitutu"},{"@type":"BreadcrumbList","@id":"https:\/\/www.meydan.tv\/az\/article\/jurnalist-cemil-memmedliye-hokm-oxundu-2\/#breadcrumb","itemListElement":[{"@type":"ListItem","position":1,"name":"Ana s\u0259hif\u0259","item":"https:\/\/www.meydan.tv\/az\/"},{"@type":"ListItem","position":2,"name":"B\u00f6lg\u0259","item":"https:\/\/www.meydan.tv\/az\/section\/bolge\/"},{"@type":"ListItem","position":3,"name":"Jurnalist C\u0259mil M\u0259mm\u0259dliy\u0259 h\u00f6km oxundu"}]},{"@type":"WebSite","@id":"https:\/\/www.meydan.tv\/az\/#website","url":"https:\/\/www.meydan.tv\/az\/","name":"MEYDAN.TV","description":"Meydan TV Az\u0259rbaycan\u0131n media m\u0259kan\u0131ndak\u0131 alternativ s\u0259sidir","publisher":{"@id":"https:\/\/www.meydan.tv\/az\/#organization"},"potentialAction":[{"@type":"SearchAction","target":{"@type":"EntryPoint","urlTemplate":"https:\/\/www.meydan.tv\/az\/?s={search_term_string}"},"query-input":{"@type":"PropertyValueSpecification","valueRequired":true,"valueName":"search_term_string"}}],"inLanguage":"az"},{"@type":"Organization","@id":"https:\/\/www.meydan.tv\/az\/#organization","name":"Meydan TV","url":"https:\/\/www.meydan.tv\/az\/","logo":{"@type":"ImageObject","inLanguage":"az","@id":"https:\/\/www.meydan.tv\/az\/#\/schema\/logo\/image\/","url":"https:\/\/www.meydan.tv\/wp-content\/uploads\/2021\/07\/meydan-logo.svg","contentUrl":"https:\/\/www.meydan.tv\/wp-content\/uploads\/2021\/07\/meydan-logo.svg","width":195,"height":46,"caption":"Meydan TV"},"image":{"@id":"https:\/\/www.meydan.tv\/az\/#\/schema\/logo\/image\/"}},{"@type":"Person","@id":"https:\/\/www.meydan.tv\/az\/#\/schema\/person\/9cdbecf90d17180ce1dfbd95b08dcf47","name":"elli","sameAs":["https:\/\/x.com\/elli"]}]}},"_links":{"self":[{"href":"https:\/\/www.meydan.tv\/az\/wp-json\/wp\/v2\/posts\/303555","targetHints":{"allow":["GET"]}}],"collection":[{"href":"https:\/\/www.meydan.tv\/az\/wp-json\/wp\/v2\/posts"}],"about":[{"href":"https:\/\/www.meydan.tv\/az\/wp-json\/wp\/v2\/types\/post"}],"author":[{"embeddable":true,"href":"https:\/\/www.meydan.tv\/az\/wp-json\/wp\/v2\/users\/8"}],"replies":[{"embeddable":true,"href":"https:\/\/www.meydan.tv\/az\/wp-json\/wp\/v2\/comments?post=303555"}],"version-history":[{"count":3,"href":"https:\/\/www.meydan.tv\/az\/wp-json\/wp\/v2\/posts\/303555\/revisions"}],"predecessor-version":[{"id":303561,"href":"https:\/\/www.meydan.tv\/az\/wp-json\/wp\/v2\/posts\/303555\/revisions\/303561"}],"wp:featuredmedia":[{"embeddable":true,"href":"https:\/\/www.meydan.tv\/az\/wp-json\/wp\/v2\/media\/245436"}],"wp:attachment":[{"href":"https:\/\/www.meydan.tv\/az\/wp-json\/wp\/v2\/media?parent=303555"}],"wp:term":[{"taxonomy":"category","embeddable":true,"href":"https:\/\/www.meydan.tv\/az\/wp-json\/wp\/v2\/categories?post=303555"},{"taxonomy":"post_tag","embeddable":true,"href":"https:\/\/www.meydan.tv\/az\/wp-json\/wp\/v2\/tags?post=303555"}],"curies":[{"name":"wp","href":"https:\/\/api.w.org\/{rel}","templated":true}]}}