{"id":303474,"date":"2024-04-16T22:49:10","date_gmt":"2024-04-16T18:49:10","guid":{"rendered":"https:\/\/www.meydan.tv\/?p=303474"},"modified":"2024-04-16T22:49:14","modified_gmt":"2024-04-16T18:49:14","slug":"kecmis-nazir-mehkemesinde-vasif-talibovun-oglu-barede-danisib","status":"publish","type":"post","link":"https:\/\/www.meydan.tv\/az\/article\/kecmis-nazir-mehkemesinde-vasif-talibovun-oglu-barede-danisib\/","title":{"rendered":"Ke\u00e7mi\u015f nazir m\u0259hk\u0259m\u0259sind\u0259 Vasif Tal\u0131bovun o\u011flu bar\u0259d\u0259 dan\u0131\u015f\u0131b"},"content":{"rendered":"\n<p><\/p>\n\n\n\n<p><strong><em>&nbsp;&#8220;Paket pulu s\u00fcr\u00fcc\u00fcs\u00fc vasit\u0259sil\u0259 g\u00f6nd\u0259rirdi&#8221;<\/em><\/strong><\/p>\n\n\n\n<p>H\u0259r biri 140 milyon civar\u0131nda m\u0259nims\u0259m\u0259d\u0259 ittiham olunan iki m\u0259murun &#8211; Nax\u00e7\u0131van Muxtar Respublikas\u0131n\u0131n ke\u00e7mi\u015f maliyy\u0259 naziri R\u0259fael \u018fliyev v\u0259 G\u00f6mr\u00fck Komit\u0259sinin G\u00f6mr\u00fck tarifl\u0259rinin t\u0259nziml\u0259nm\u0259si v\u0259 \u00f6d\u0259ni\u015fl\u0259r \u015f\u00f6b\u0259sinin sabiq r\u0259isi M\u0259nsur \u018fsg\u0259rovun i\u015fi \u00fczr\u0259 m\u0259hk\u0259m\u0259 istintaq\u0131 ba\u015flay\u0131b.<\/p>\n\n\n\n<p>Nax\u00e7\u0131van A\u011f\u0131r Cinay\u0259tl\u0259r M\u0259hk\u0259m\u0259sind\u0259 m\u00fchakim\u0259 olunan sabiq nazir v\u0259 \u015f\u00f6b\u0259 r\u0259isinin i\u015fin\u0259 Faiq Heyd\u0259rovun s\u0259drliyil\u0259, S\u0259xav\u0259t H\u00fcseynov v\u0259 H\u00fcseyn M\u0259mm\u0259dovdan ibar\u0259t hakiml\u0259r kollegiyas\u0131 bax\u0131r.<\/p>\n\n\n\n<p>Bud\u0259f\u0259ki m\u0259hk\u0259m\u0259 prosesind\u0259 prokuror ittiham akt\u0131n\u0131 elan edib. \u0130ttihama \u0259sas\u0259n, R\u0259fael \u018fliyev 144, M\u0259nsur \u018fsg\u0259rov is\u0259 132 milyon manatl\u0131q korrupsiyada \u0259lbirlikd\u0259 t\u0259qsirl\u0259ndirilir.<br>R\u0259fael \u018fliyev d\u0259 2020-ci ild\u0259 nazir t\u0259yin edil\u0259n\u0259 q\u0259d\u0259r G\u00f6mr\u00fck Komit\u0259sind\u0259 G\u00f6mr\u00fck tarifl\u0259rinin t\u0259nziml\u0259nm\u0259si v\u0259 \u00f6d\u0259ni\u015fl\u0259r \u015f\u00f6b\u0259sinin r\u0259isi i\u015fl\u0259yib. O, nazir t\u0259yin olunanda is\u0259 \u0259vv\u0259lki v\u0259zif\u0259sin\u0259 M\u0259nsur \u018fsg\u0259rov t\u0259yin edilib.<\/p>\n\n\n\n<p>R\u0259fael \u018fliyev\u0259 G\u00f6mr\u00fck Komit\u0259sind\u0259 i\u015fl\u0259diyi d\u00f6vrl\u0259 yana\u015f\u0131, nazir oldu\u011fu d\u00f6vrl\u0259 ba\u011fl\u0131 da ittiham ir\u0259li s\u00fcr\u00fcl\u00fcb. \u0130ttihama g\u00f6r\u0259, onun r\u0259hb\u0259rliyi d\u00f6vr\u00fcnd\u0259 Maliyy\u0259 Nazirliyi ayr\u0131-ayr\u0131 d\u00f6vl\u0259t t\u0259\u015fkilatlar\u0131nda m\u0259nims\u0259m\u0259l\u0259rl\u0259 ba\u011fl\u0131 he\u00e7 bir t\u0259dbir g\u00f6rm\u0259yib. \u018fksin\u0259, h\u0259r qurumdan \u00fcmumi m\u0259bl\u0259\u011fin 10 faizi al\u0131n\u0131b.<\/p>\n\n\n\n<p>Bundan ba\u015fqa, R\u0259fael \u018fliyev Maliyy\u0259 Nazirliyind\u0259 d\u00f6vl\u0259t qulluq\u00e7usu olmayan \u015f\u0259xsl\u0259r\u0259 art\u0131q maa\u015f yazmaqda da ittiham olunur. \u00c7inay\u0259t i\u015finin materiallar\u0131na \u0259sas\u0259n, bunun da n\u0259tic\u0259sind\u0259 98 min manat b\u00fcdc\u0259 v\u0259saiti israf olunub.<\/p>\n\n\n<div class=\"wp-block-image\">\n<figure class=\"aligncenter size-full\"><img decoding=\"async\" width=\"1200\" height=\"800\" data-src=\"https:\/\/www.meydan.tv\/wp-content\/uploads\/untitled-design-76.jpg\" alt=\"\" class=\"wp-image-261924 lazyload\" src=\"data:image\/svg+xml;base64,PHN2ZyB3aWR0aD0iMSIgaGVpZ2h0PSIxIiB4bWxucz0iaHR0cDovL3d3dy53My5vcmcvMjAwMC9zdmciPjwvc3ZnPg==\" style=\"--smush-placeholder-width: 1200px; --smush-placeholder-aspect-ratio: 1200\/800;\" \/><figcaption class=\"wp-element-caption\">R\u0259fael \u018fliyev (sa\u011fdan birinci). Foto: arxiv<\/figcaption><\/figure>\n<\/div>\n\n\n<p>\u0130ttihama m\u00fcnasib\u0259t bildir\u0259n sabiq m\u0259murlar \u00f6zl\u0259rini qism\u0259n t\u0259qsirli bildikl\u0259rini deyibl\u0259r. Daha sonra h\u0259r ikisi ifad\u0259 verib.<\/p>\n\n\n\n<p>M\u0259nsur \u018fsg\u0259rov bildirib ki, 2001-ci ild\u0259n G\u00f6mr\u00fck Komit\u0259sind\u0259 \u00e7al\u0131\u015f\u0131b, 2020-ci ild\u0259 \u015f\u00f6b\u0259 r\u0259isi t\u0259yin olunub. Onun s\u00f6zl\u0259rin\u0259 g\u00f6r\u0259, s\u0131ravi i\u015f\u00e7i olanda da, \u015f\u00f6b\u0259 m\u00fcdiri t\u0259yin edil\u0259nd\u0259n sonra da g\u00f6mr\u00fck sistemind\u0259 eyni qayda h\u00f6km s\u00fcr\u00fcrd\u00fc. H\u0259m y\u00fck, h\u0259m d\u0259 s\u0259rni\u015fin x\u0259tl\u0259rind\u0259n toplanan pullar \u015f\u00f6b\u0259 r\u0259isl\u0259ri vasit\u0259sil\u0259 sonda gedib G\u00f6mr\u00fck Komit\u0259sinin s\u0259drin\u0259 \u00e7at\u0131rd\u0131.<\/p>\n\n\n\n<p>M\u0259nsur \u018fsg\u0259rovun s\u00f6zl\u0259rin\u0259 g\u00f6r\u0259, \u015f\u00f6b\u0259 r\u0259isi t\u0259yin olunmam\u0131\u015fdan \u0259vv\u0259l maa\u015f\u0131ndan \u0259lav\u0259 ayl\u0131q 400-500 manat qeyri-r\u0259smi (paket) pul al\u0131rd\u0131. \u015e\u00f6b\u0259 r\u0259isi v\u0259zif\u0259sin\u0259 g\u0259l\u0259nd\u0259n sonra is\u0259 3000 manat &#8220;paket&#8221; alma\u011fa ba\u015flay\u0131b.<\/p>\n\n\n\n<p>O bildirib ki, ona g\u0259tirilib veril\u0259n pullar\u0131n ham\u0131s\u0131n\u0131 is\u0259 qutuya y\u0131\u011f\u0131b, \u015f\u0259xs\u0259n G\u00f6mr\u00fck Komit\u0259sinin s\u0259dri, general-mayor S\u0259hh\u0259t H\u0259bibb\u0259yliy\u0259 \u00e7atd\u0131r\u0131b:<\/p>\n\n\n\n<p><em>&#8220;Qayda \u0259vv\u0259ld\u0259n bel\u0259 idi. \u015e\u00f6b\u0259 r\u0259isi t\u0259yin olunanda G\u00f6mr\u00fck Komit\u0259sinin s\u0259dri m\u0259ni \u00e7a\u011f\u0131rd\u0131, dedi ki, y\u0131\u011f\u0131lan pullar ona verilm\u0259lidir. Pullar\u0131n bir hiss\u0259si manatla, bir hiss\u0259si d\u0259 dollarla olurdu. Manatlar\u0131 da dollara \u00e7evirib, qutuya y\u0131\u011f\u0131b, apar\u0131b ham\u0131s\u0131n\u0131 \u00e7atd\u0131r\u0131rd\u0131m. O pullardan m\u0259n\u0259 he\u00e7 n\u0259 \u00e7atm\u0131rd\u0131. Ancaq 3 min manat &#8220;paket&#8221; al\u0131rd\u0131m&#8221;.<br><\/em><\/p>\n\n\n<div class=\"wp-block-image\">\n<figure class=\"alignleft size-full is-resized\"><img decoding=\"async\" width=\"1200\" height=\"675\" data-src=\"https:\/\/www.meydan.tv\/wp-content\/uploads\/sehhet6.jpg\" alt=\"\" class=\"wp-image-303482 lazyload\" style=\"--smush-placeholder-width: 1200px; --smush-placeholder-aspect-ratio: 1200\/675;width:426px;height:auto\" src=\"data:image\/svg+xml;base64,PHN2ZyB3aWR0aD0iMSIgaGVpZ2h0PSIxIiB4bWxucz0iaHR0cDovL3d3dy53My5vcmcvMjAwMC9zdmciPjwvc3ZnPg==\" \/><figcaption class=\"wp-element-caption\">S\u0259hh\u0259t H\u0259bibb\u0259yli. Foto: &#8220;nuhcixan.az&#8221;<\/figcaption><\/figure>\n<\/div>\n\n\n<p>M\u0259nsur \u018fsg\u0259rov pe\u015fman oldu\u011funu da ifad\u0259sind\u0259 vur\u011fulay\u0131b.<\/p>\n\n\n\n<p>Daha sonra sabiq nazir R\u0259fael \u018fliyev ifad\u0259 verib. Nazir v\u0259zif\u0259sind\u0259n \u0259vv\u0259l G\u00f6mr\u00fck Komit\u0259sind\u0259 i\u015fl\u0259diyini xat\u0131rladan R\u0259fael \u018fliyev bildirib ki, bu sistemd\u0259 2009-cu ild\u0259n f\u0259aliyy\u0259t\u0259 ba\u015flay\u0131b, iki il sonra \u015f\u00f6b\u0259 r\u0259isi t\u0259yin edilib. Onun s\u00f6zl\u0259rin\u0259 g\u00f6r\u0259, y\u00fck v\u0259 s\u0259rni\u015finl\u0259rd\u0259n toplanan pullar \u0259vv\u0259l aidiyy\u0259ti \u00fczr\u0259 \u015f\u00f6b\u0259 r\u0259isl\u0259rin\u0259 verilirdi. Onlar is\u0259 idar\u0259 r\u0259isl\u0259rin\u0259 \u00e7atd\u0131r\u0131rd\u0131. \u0130dar\u0259 r\u0259isl\u0259ri is\u0259 Komit\u0259nin s\u0259drin\u0259 verirdi. Lakin 2017-ci ild\u0259n qayda d\u0259yi\u015fib &#8211; idar\u0259 r\u0259isl\u0259ri toplanm\u0131\u015f v\u0259saitl\u0259ri g\u0259tirib G\u00f6mr\u00fck tarifl\u0259rinin t\u0259nziml\u0259nm\u0259si v\u0259 \u00f6d\u0259ni\u015fl\u0259r \u015f\u00f6b\u0259sinin r\u0259isi r\u0259isin\u0259 &#8211; R\u0259fael \u018fliyev\u0259 verm\u0259li, o is\u0259 Komit\u0259nin s\u0259drin\u0259 \u00e7atd\u0131rmal\u0131yd\u0131.<\/p>\n\n\n\n<p>R\u0259fael \u018fliyev deyir ki, o da veril\u0259n pullar aras\u0131ndak\u0131 manatlar\u0131 dollara \u00e7evirib, ham\u0131s\u0131n\u0131 komit\u0259 s\u0259drin\u0259 \u00e7atd\u0131r\u0131rd\u0131. Onun \u00f6z\u00fcn\u0259 is\u0259 ayl\u0131q 1500 manat &#8220;paket&#8221; verilirdi.<\/p>\n\n\n\n<p>Maliyy\u0259 naziri kimi f\u0259aliyy\u0259til\u0259 ba\u011fl\u0131 ittihamlar haqda dan\u0131\u015fark\u0259n R\u0259fael \u018fliyev Nax\u00e7\u0131van Ali M\u0259clisinin deputat\u0131 Seymur Tal\u0131bovun ad\u0131n\u0131 \u00e7\u0259kib. O bildirib ki, 2020-ci ild\u0259 nazir v\u0259zif\u0259sin\u0259 t\u0259yin olunandan sonra m\u00fcxt\u0259lif d\u00f6vl\u0259t qurumlar\u0131nda qiym\u0259tl\u0259rin \u015fi\u015firdilm\u0259si yoluyla b\u00fcdc\u0259 v\u0259saitl\u0259rinin m\u0259nims\u0259nildiyini bilib v\u0259 bu bar\u0259d\u0259 Seymur Tal\u0131bova m\u0259lumat verib. Seymur Tal\u0131bov is\u0259 ona deyib ki, h\u0259min qurumlardan \u00fcmumi m\u0259bl\u0259\u011fin 10 faizi al\u0131ns\u0131n.<\/p>\n\n\n<div class=\"wp-block-image\">\n<figure class=\"alignright size-full is-resized\"><img decoding=\"async\" width=\"1200\" height=\"681\" data-src=\"https:\/\/www.meydan.tv\/wp-content\/uploads\/seymur-talibov-710x403-1.jpg\" alt=\"\" class=\"wp-image-303485 lazyload\" style=\"--smush-placeholder-width: 1200px; --smush-placeholder-aspect-ratio: 1200\/681;width:404px;height:auto\" src=\"data:image\/svg+xml;base64,PHN2ZyB3aWR0aD0iMSIgaGVpZ2h0PSIxIiB4bWxucz0iaHR0cDovL3d3dy53My5vcmcvMjAwMC9zdmciPjwvc3ZnPg==\" \/><figcaption class=\"wp-element-caption\">Seymur Tal\u0131bov. Foto: arxiv<\/figcaption><\/figure>\n<\/div>\n\n\n<p>R\u0259fael \u018fliyev \u0259lav\u0259 edib ki, g\u0259l\u0259n puldan ona he\u00e7 n\u0259 \u00e7atm\u0131rd\u0131. Sad\u0259c\u0259, ayda 15 min manat &#8220;paket&#8221; al\u0131rd\u0131. \u00d6z\u00fcn\u00fcn r\u0259smi maa\u015f\u0131 is\u0259 2300 manat idi. Onun s\u00f6zl\u0259rin\u0259 g\u00f6r\u0259, &#8220;paket&#8221; pulu da ona Seymur Tal\u0131bov s\u00fcr\u00fcc\u00fc vasit\u0259sil\u0259 g\u00f6nd\u0259rirdi.<\/p>\n\n\n\n<p>Seymur Tal\u0131bov h\u0259m d\u0259 1995-ci ild\u0259n 2022-ci ild\u0259 Nax\u00e7\u0131vanda DTX-n\u0131n \u0259m\u0259liyyatlar\u0131 ke\u00e7iril\u0259n d\u00f6vr\u0259 q\u0259d\u0259r Muxtar Respublikan\u0131n Ali M\u0259clisinin s\u0259dri olmu\u015f Vasif Tal\u0131bovun o\u011fludur.<br>Rafael \u018fliyev v\u0259 M\u0259nsur \u018fsg\u0259rov 2022-ci ilin noyabr\u0131nda D\u00f6vl\u0259t T\u0259hl\u00fck\u0259sizliyi Xidm\u0259tinin Nax\u00e7\u0131vanda ke\u00e7irdiyi \u0259m\u0259liyyatlar zaman\u0131 saxlan\u0131l\u0131b. Bu \u0259m\u0259liyyatlar n\u0259tic\u0259sind\u0259 h\u0259bs olunanlar aras\u0131nda adlar\u0131 \u00e7\u0259kil\u0259n iki n\u0259f\u0259rd\u0259n ba\u015fqa Nax\u00e7\u0131van\u0131n G\u00f6mr\u00fck Komit\u0259sinin s\u0259dri S\u0259h\u0259t H\u0259bibb\u0259yli, Muxtar Respublikan\u0131n \u015e\u0259h\u0259rsalma v\u0259 Arxitektura Komit\u0259sinin r\u0259hb\u0259ri Hicran R\u00fcst\u0259mov, Penitensiar Xidm\u0259tin r\u0259isi Tofiq H\u0259s\u0259nov da vard\u0131. Onlar\u0131n ham\u0131s\u0131 saxlan\u0131laraq, Bak\u0131ya \u2013 DTX-n\u0131n istintaq t\u0259cridxanas\u0131na g\u0259tirilmi\u015fdi.<\/p>\n\n\n\n<p>Lakin haz\u0131rda bunlardan yaln\u0131z Tofiq H\u0259s\u0259nov h\u0259bsd\u0259dir. Ona 10 il azadl\u0131qdan m\u0259hrumetm\u0259 c\u0259zas\u0131 verilib.<\/p>\n\n\n<div class=\"wp-block-image\">\n<figure class=\"alignleft size-full is-resized\"><img decoding=\"async\" width=\"637\" height=\"400\" data-src=\"https:\/\/www.meydan.tv\/wp-content\/uploads\/pee.jpeg\" alt=\"\" class=\"wp-image-291356 lazyload\" style=\"--smush-placeholder-width: 637px; --smush-placeholder-aspect-ratio: 637\/400;width:373px;height:auto\" src=\"data:image\/svg+xml;base64,PHN2ZyB3aWR0aD0iMSIgaGVpZ2h0PSIxIiB4bWxucz0iaHR0cDovL3d3dy53My5vcmcvMjAwMC9zdmciPjwvc3ZnPg==\" \/><figcaption class=\"wp-element-caption\">Tofiq H\u0259s\u0259nov. Foto: Az\u0259rtac<\/figcaption><\/figure>\n<\/div>\n\n\n<p>Meydan TV-nin \u0259ld\u0259 etdiyi m\u0259lumata g\u00f6r\u0259, ittihamda g\u00f6st\u0259ril\u0259n m\u0259bl\u0259\u011fin bir hiss\u0259si \u00f6d\u0259nilib. Bundan sonra h\u0259bsd\u0259kil\u0259r azadl\u0131\u011fa burax\u0131l\u0131blar. Lakin bar\u0259l\u0259rind\u0259ki cinay\u0259t i\u015fin\u0259 xitam verilm\u0259yib.<\/p>\n\n\n\n<p>H\u0259bs olunub azadl\u0131\u011fa burax\u0131lanlardan G\u00f6mr\u00fck Komit\u0259sinin sabiq s\u0259dri S\u0259h\u0259t H\u0259bibb\u0259yli Az\u0259rbaycan Milli Elml\u0259r Akademiyas\u0131n\u0131n prezidenti \u0130sa H\u0259bibb\u0259ylinin o\u011fludur.<\/p>\n\n\n\n<p>Adlar\u0131 sadalanan m\u0259murlar\u0131n ham\u0131s\u0131 Cinay\u0259t M\u0259c\u0259ll\u0259sinin 179.4 (x\u00fcsusil\u0259 k\u00fclli miqdarda m\u0259nims\u0259m\u0259) v\u0259 ba\u015fqa madd\u0259l\u0259ril\u0259 ittiham olunur.<br>R\u0259fael \u018fliyev 2020-ci ilin avqustunda Nax\u00e7\u0131van Ali M\u0259clisinin s\u0259dri Vasif Tal\u0131bovun s\u0259r\u0259ncam\u0131 \u0259sas\u0131nda Muxtar Respublikan\u0131n Maliyy\u0259 naziri t\u0259yin edilib.<\/p>\n","protected":false},"excerpt":{"rendered":"<p>&nbsp;&#8220;Paket pulu s\u00fcr\u00fcc\u00fcs\u00fc vasit\u0259sil\u0259 g\u00f6nd\u0259rirdi&#8221; H\u0259r biri 140 milyon civar\u0131nda &#8230; <\/p>\n<p class=\"read-more-container\"><a title=\"Ke\u00e7mi\u015f nazir m\u0259hk\u0259m\u0259sind\u0259 Vasif Tal\u0131bovun o\u011flu bar\u0259d\u0259 dan\u0131\u015f\u0131b\" class=\"read-more button\" href=\"https:\/\/www.meydan.tv\/az\/article\/kecmis-nazir-mehkemesinde-vasif-talibovun-oglu-barede-danisib\/#more-303474\" aria-label=\"Read more about Ke\u00e7mi\u015f nazir m\u0259hk\u0259m\u0259sind\u0259 Vasif Tal\u0131bovun o\u011flu bar\u0259d\u0259 dan\u0131\u015f\u0131b\">Davam\u0131<\/a><\/p>\n","protected":false},"author":8,"featured_media":303476,"comment_status":"closed","ping_status":"closed","sticky":false,"template":"","format":"standard","meta":{"_acf_changed":false,"_sitemap_exclude":false,"_sitemap_priority":"","_sitemap_frequency":"","footnotes":""},"categories":[60,79,56],"tags":[],"class_list":["post-303474","post","type-post","status-publish","format-standard","has-post-thumbnail","hentry","category-bolge","category-featured","category-xeberler","infinite-scroll-item","generate-columns","tablet-grid-50","mobile-grid-100","grid-parent","grid-33","no-featured-image-padding"],"acf":[],"yoast_head":"<!-- This site is optimized with the Yoast SEO plugin v27.4 - https:\/\/yoast.com\/product\/yoast-seo-wordpress\/ -->\n<title>Ke\u00e7mi\u015f nazir m\u0259hk\u0259m\u0259sind\u0259 Vasif Tal\u0131bovun o\u011flu bar\u0259d\u0259 dan\u0131\u015f\u0131b - MEYDAN.TV<\/title>\n<meta name=\"robots\" content=\"index, follow, max-snippet:-1, max-image-preview:large, max-video-preview:-1\" \/>\n<link rel=\"canonical\" href=\"https:\/\/www.meydan.tv\/az\/article\/kecmis-nazir-mehkemesinde-vasif-talibovun-oglu-barede-danisib\/\" \/>\n<meta property=\"og:locale\" content=\"az_AZ\" \/>\n<meta property=\"og:type\" content=\"article\" \/>\n<meta property=\"og:title\" content=\"Ke\u00e7mi\u015f nazir m\u0259hk\u0259m\u0259sind\u0259 Vasif Tal\u0131bovun o\u011flu bar\u0259d\u0259 dan\u0131\u015f\u0131b - MEYDAN.TV\" \/>\n<meta property=\"og:description\" content=\"&nbsp;&#8220;Paket pulu s\u00fcr\u00fcc\u00fcs\u00fc vasit\u0259sil\u0259 g\u00f6nd\u0259rirdi&#8221; H\u0259r biri 140 milyon civar\u0131nda ... Davam\u0131\" \/>\n<meta property=\"og:url\" content=\"https:\/\/www.meydan.tv\/az\/article\/kecmis-nazir-mehkemesinde-vasif-talibovun-oglu-barede-danisib\/\" \/>\n<meta property=\"og:site_name\" content=\"MEYDAN.TV\" \/>\n<meta property=\"article:published_time\" content=\"2024-04-16T18:49:10+00:00\" \/>\n<meta property=\"article:modified_time\" content=\"2024-04-16T18:49:14+00:00\" \/>\n<meta property=\"og:image\" content=\"https:\/\/www.meydan.tv\/wp-content\/uploads\/photo_74983.jpg\" \/>\n\t<meta property=\"og:image:width\" content=\"1200\" \/>\n\t<meta property=\"og:image:height\" content=\"800\" \/>\n\t<meta property=\"og:image:type\" content=\"image\/jpeg\" \/>\n<meta name=\"author\" content=\"elli\" \/>\n<meta name=\"twitter:card\" content=\"summary_large_image\" \/>\n<meta name=\"twitter:creator\" content=\"@elli\" \/>\n<script type=\"application\/ld+json\" class=\"yoast-schema-graph\">{\"@context\":\"https:\\\/\\\/schema.org\",\"@graph\":[{\"@type\":\"Article\",\"@id\":\"https:\\\/\\\/www.meydan.tv\\\/az\\\/article\\\/kecmis-nazir-mehkemesinde-vasif-talibovun-oglu-barede-danisib\\\/#article\",\"isPartOf\":{\"@id\":\"https:\\\/\\\/www.meydan.tv\\\/az\\\/article\\\/kecmis-nazir-mehkemesinde-vasif-talibovun-oglu-barede-danisib\\\/\"},\"author\":{\"name\":\"elli\",\"@id\":\"https:\\\/\\\/www.meydan.tv\\\/az\\\/#\\\/schema\\\/person\\\/9cdbecf90d17180ce1dfbd95b08dcf47\"},\"headline\":\"Ke\u00e7mi\u015f nazir m\u0259hk\u0259m\u0259sind\u0259 Vasif Tal\u0131bovun o\u011flu bar\u0259d\u0259 dan\u0131\u015f\u0131b\",\"datePublished\":\"2024-04-16T18:49:10+00:00\",\"dateModified\":\"2024-04-16T18:49:14+00:00\",\"mainEntityOfPage\":{\"@id\":\"https:\\\/\\\/www.meydan.tv\\\/az\\\/article\\\/kecmis-nazir-mehkemesinde-vasif-talibovun-oglu-barede-danisib\\\/\"},\"wordCount\":1308,\"publisher\":{\"@id\":\"https:\\\/\\\/www.meydan.tv\\\/az\\\/#organization\"},\"image\":{\"@id\":\"https:\\\/\\\/www.meydan.tv\\\/az\\\/article\\\/kecmis-nazir-mehkemesinde-vasif-talibovun-oglu-barede-danisib\\\/#primaryimage\"},\"thumbnailUrl\":\"https:\\\/\\\/www.meydan.tv\\\/wp-content\\\/uploads\\\/photo_74983.jpg\",\"articleSection\":[\"B\u00f6lg\u0259\",\"T\u00f6vsiy\u0259\",\"X\u0259b\u0259rl\u0259r\"],\"inLanguage\":\"az\"},{\"@type\":\"WebPage\",\"@id\":\"https:\\\/\\\/www.meydan.tv\\\/az\\\/article\\\/kecmis-nazir-mehkemesinde-vasif-talibovun-oglu-barede-danisib\\\/\",\"url\":\"https:\\\/\\\/www.meydan.tv\\\/az\\\/article\\\/kecmis-nazir-mehkemesinde-vasif-talibovun-oglu-barede-danisib\\\/\",\"name\":\"Ke\u00e7mi\u015f nazir m\u0259hk\u0259m\u0259sind\u0259 Vasif Tal\u0131bovun o\u011flu bar\u0259d\u0259 dan\u0131\u015f\u0131b - MEYDAN.TV\",\"isPartOf\":{\"@id\":\"https:\\\/\\\/www.meydan.tv\\\/az\\\/#website\"},\"primaryImageOfPage\":{\"@id\":\"https:\\\/\\\/www.meydan.tv\\\/az\\\/article\\\/kecmis-nazir-mehkemesinde-vasif-talibovun-oglu-barede-danisib\\\/#primaryimage\"},\"image\":{\"@id\":\"https:\\\/\\\/www.meydan.tv\\\/az\\\/article\\\/kecmis-nazir-mehkemesinde-vasif-talibovun-oglu-barede-danisib\\\/#primaryimage\"},\"thumbnailUrl\":\"https:\\\/\\\/www.meydan.tv\\\/wp-content\\\/uploads\\\/photo_74983.jpg\",\"datePublished\":\"2024-04-16T18:49:10+00:00\",\"dateModified\":\"2024-04-16T18:49:14+00:00\",\"breadcrumb\":{\"@id\":\"https:\\\/\\\/www.meydan.tv\\\/az\\\/article\\\/kecmis-nazir-mehkemesinde-vasif-talibovun-oglu-barede-danisib\\\/#breadcrumb\"},\"inLanguage\":\"az\",\"potentialAction\":[{\"@type\":\"ReadAction\",\"target\":[\"https:\\\/\\\/www.meydan.tv\\\/az\\\/article\\\/kecmis-nazir-mehkemesinde-vasif-talibovun-oglu-barede-danisib\\\/\"]}]},{\"@type\":\"ImageObject\",\"inLanguage\":\"az\",\"@id\":\"https:\\\/\\\/www.meydan.tv\\\/az\\\/article\\\/kecmis-nazir-mehkemesinde-vasif-talibovun-oglu-barede-danisib\\\/#primaryimage\",\"url\":\"https:\\\/\\\/www.meydan.tv\\\/wp-content\\\/uploads\\\/photo_74983.jpg\",\"contentUrl\":\"https:\\\/\\\/www.meydan.tv\\\/wp-content\\\/uploads\\\/photo_74983.jpg\",\"width\":1200,\"height\":800,\"caption\":\"Nax\u00e7\u0131van A\u011f\u0131r Cinay\u0259tl\u0259r M\u0259hk\u0259m\u0259si. Foto: \\\"nuhcixan.az\\\"\"},{\"@type\":\"BreadcrumbList\",\"@id\":\"https:\\\/\\\/www.meydan.tv\\\/az\\\/article\\\/kecmis-nazir-mehkemesinde-vasif-talibovun-oglu-barede-danisib\\\/#breadcrumb\",\"itemListElement\":[{\"@type\":\"ListItem\",\"position\":1,\"name\":\"Ana s\u0259hif\u0259\",\"item\":\"https:\\\/\\\/www.meydan.tv\\\/az\\\/\"},{\"@type\":\"ListItem\",\"position\":2,\"name\":\"B\u00f6lg\u0259\",\"item\":\"https:\\\/\\\/www.meydan.tv\\\/az\\\/section\\\/bolge\\\/\"},{\"@type\":\"ListItem\",\"position\":3,\"name\":\"Ke\u00e7mi\u015f nazir m\u0259hk\u0259m\u0259sind\u0259 Vasif Tal\u0131bovun o\u011flu bar\u0259d\u0259 dan\u0131\u015f\u0131b\"}]},{\"@type\":\"WebSite\",\"@id\":\"https:\\\/\\\/www.meydan.tv\\\/az\\\/#website\",\"url\":\"https:\\\/\\\/www.meydan.tv\\\/az\\\/\",\"name\":\"MEYDAN.TV\",\"description\":\"Meydan TV Az\u0259rbaycan\u0131n media m\u0259kan\u0131ndak\u0131 alternativ s\u0259sidir\",\"publisher\":{\"@id\":\"https:\\\/\\\/www.meydan.tv\\\/az\\\/#organization\"},\"potentialAction\":[{\"@type\":\"SearchAction\",\"target\":{\"@type\":\"EntryPoint\",\"urlTemplate\":\"https:\\\/\\\/www.meydan.tv\\\/az\\\/?s={search_term_string}\"},\"query-input\":{\"@type\":\"PropertyValueSpecification\",\"valueRequired\":true,\"valueName\":\"search_term_string\"}}],\"inLanguage\":\"az\"},{\"@type\":\"Organization\",\"@id\":\"https:\\\/\\\/www.meydan.tv\\\/az\\\/#organization\",\"name\":\"Meydan TV\",\"url\":\"https:\\\/\\\/www.meydan.tv\\\/az\\\/\",\"logo\":{\"@type\":\"ImageObject\",\"inLanguage\":\"az\",\"@id\":\"https:\\\/\\\/www.meydan.tv\\\/az\\\/#\\\/schema\\\/logo\\\/image\\\/\",\"url\":\"https:\\\/\\\/www.meydan.tv\\\/wp-content\\\/uploads\\\/2021\\\/07\\\/meydan-logo.svg\",\"contentUrl\":\"https:\\\/\\\/www.meydan.tv\\\/wp-content\\\/uploads\\\/2021\\\/07\\\/meydan-logo.svg\",\"width\":195,\"height\":46,\"caption\":\"Meydan TV\"},\"image\":{\"@id\":\"https:\\\/\\\/www.meydan.tv\\\/az\\\/#\\\/schema\\\/logo\\\/image\\\/\"}},{\"@type\":\"Person\",\"@id\":\"https:\\\/\\\/www.meydan.tv\\\/az\\\/#\\\/schema\\\/person\\\/9cdbecf90d17180ce1dfbd95b08dcf47\",\"name\":\"elli\",\"sameAs\":[\"https:\\\/\\\/x.com\\\/elli\"]}]}<\/script>\n<!-- \/ Yoast SEO plugin. -->","yoast_head_json":{"title":"Ke\u00e7mi\u015f nazir m\u0259hk\u0259m\u0259sind\u0259 Vasif Tal\u0131bovun o\u011flu bar\u0259d\u0259 dan\u0131\u015f\u0131b - MEYDAN.TV","robots":{"index":"index","follow":"follow","max-snippet":"max-snippet:-1","max-image-preview":"max-image-preview:large","max-video-preview":"max-video-preview:-1"},"canonical":"https:\/\/www.meydan.tv\/az\/article\/kecmis-nazir-mehkemesinde-vasif-talibovun-oglu-barede-danisib\/","og_locale":"az_AZ","og_type":"article","og_title":"Ke\u00e7mi\u015f nazir m\u0259hk\u0259m\u0259sind\u0259 Vasif Tal\u0131bovun o\u011flu bar\u0259d\u0259 dan\u0131\u015f\u0131b - MEYDAN.TV","og_description":"&nbsp;&#8220;Paket pulu s\u00fcr\u00fcc\u00fcs\u00fc vasit\u0259sil\u0259 g\u00f6nd\u0259rirdi&#8221; H\u0259r biri 140 milyon civar\u0131nda ... Davam\u0131","og_url":"https:\/\/www.meydan.tv\/az\/article\/kecmis-nazir-mehkemesinde-vasif-talibovun-oglu-barede-danisib\/","og_site_name":"MEYDAN.TV","article_published_time":"2024-04-16T18:49:10+00:00","article_modified_time":"2024-04-16T18:49:14+00:00","og_image":[{"width":1200,"height":800,"url":"https:\/\/www.meydan.tv\/wp-content\/uploads\/photo_74983.jpg","type":"image\/jpeg"}],"author":"elli","twitter_card":"summary_large_image","twitter_creator":"@elli","schema":{"@context":"https:\/\/schema.org","@graph":[{"@type":"Article","@id":"https:\/\/www.meydan.tv\/az\/article\/kecmis-nazir-mehkemesinde-vasif-talibovun-oglu-barede-danisib\/#article","isPartOf":{"@id":"https:\/\/www.meydan.tv\/az\/article\/kecmis-nazir-mehkemesinde-vasif-talibovun-oglu-barede-danisib\/"},"author":{"name":"elli","@id":"https:\/\/www.meydan.tv\/az\/#\/schema\/person\/9cdbecf90d17180ce1dfbd95b08dcf47"},"headline":"Ke\u00e7mi\u015f nazir m\u0259hk\u0259m\u0259sind\u0259 Vasif Tal\u0131bovun o\u011flu bar\u0259d\u0259 dan\u0131\u015f\u0131b","datePublished":"2024-04-16T18:49:10+00:00","dateModified":"2024-04-16T18:49:14+00:00","mainEntityOfPage":{"@id":"https:\/\/www.meydan.tv\/az\/article\/kecmis-nazir-mehkemesinde-vasif-talibovun-oglu-barede-danisib\/"},"wordCount":1308,"publisher":{"@id":"https:\/\/www.meydan.tv\/az\/#organization"},"image":{"@id":"https:\/\/www.meydan.tv\/az\/article\/kecmis-nazir-mehkemesinde-vasif-talibovun-oglu-barede-danisib\/#primaryimage"},"thumbnailUrl":"https:\/\/www.meydan.tv\/wp-content\/uploads\/photo_74983.jpg","articleSection":["B\u00f6lg\u0259","T\u00f6vsiy\u0259","X\u0259b\u0259rl\u0259r"],"inLanguage":"az"},{"@type":"WebPage","@id":"https:\/\/www.meydan.tv\/az\/article\/kecmis-nazir-mehkemesinde-vasif-talibovun-oglu-barede-danisib\/","url":"https:\/\/www.meydan.tv\/az\/article\/kecmis-nazir-mehkemesinde-vasif-talibovun-oglu-barede-danisib\/","name":"Ke\u00e7mi\u015f nazir m\u0259hk\u0259m\u0259sind\u0259 Vasif Tal\u0131bovun o\u011flu bar\u0259d\u0259 dan\u0131\u015f\u0131b - MEYDAN.TV","isPartOf":{"@id":"https:\/\/www.meydan.tv\/az\/#website"},"primaryImageOfPage":{"@id":"https:\/\/www.meydan.tv\/az\/article\/kecmis-nazir-mehkemesinde-vasif-talibovun-oglu-barede-danisib\/#primaryimage"},"image":{"@id":"https:\/\/www.meydan.tv\/az\/article\/kecmis-nazir-mehkemesinde-vasif-talibovun-oglu-barede-danisib\/#primaryimage"},"thumbnailUrl":"https:\/\/www.meydan.tv\/wp-content\/uploads\/photo_74983.jpg","datePublished":"2024-04-16T18:49:10+00:00","dateModified":"2024-04-16T18:49:14+00:00","breadcrumb":{"@id":"https:\/\/www.meydan.tv\/az\/article\/kecmis-nazir-mehkemesinde-vasif-talibovun-oglu-barede-danisib\/#breadcrumb"},"inLanguage":"az","potentialAction":[{"@type":"ReadAction","target":["https:\/\/www.meydan.tv\/az\/article\/kecmis-nazir-mehkemesinde-vasif-talibovun-oglu-barede-danisib\/"]}]},{"@type":"ImageObject","inLanguage":"az","@id":"https:\/\/www.meydan.tv\/az\/article\/kecmis-nazir-mehkemesinde-vasif-talibovun-oglu-barede-danisib\/#primaryimage","url":"https:\/\/www.meydan.tv\/wp-content\/uploads\/photo_74983.jpg","contentUrl":"https:\/\/www.meydan.tv\/wp-content\/uploads\/photo_74983.jpg","width":1200,"height":800,"caption":"Nax\u00e7\u0131van A\u011f\u0131r Cinay\u0259tl\u0259r M\u0259hk\u0259m\u0259si. Foto: \"nuhcixan.az\""},{"@type":"BreadcrumbList","@id":"https:\/\/www.meydan.tv\/az\/article\/kecmis-nazir-mehkemesinde-vasif-talibovun-oglu-barede-danisib\/#breadcrumb","itemListElement":[{"@type":"ListItem","position":1,"name":"Ana s\u0259hif\u0259","item":"https:\/\/www.meydan.tv\/az\/"},{"@type":"ListItem","position":2,"name":"B\u00f6lg\u0259","item":"https:\/\/www.meydan.tv\/az\/section\/bolge\/"},{"@type":"ListItem","position":3,"name":"Ke\u00e7mi\u015f nazir m\u0259hk\u0259m\u0259sind\u0259 Vasif Tal\u0131bovun o\u011flu bar\u0259d\u0259 dan\u0131\u015f\u0131b"}]},{"@type":"WebSite","@id":"https:\/\/www.meydan.tv\/az\/#website","url":"https:\/\/www.meydan.tv\/az\/","name":"MEYDAN.TV","description":"Meydan TV Az\u0259rbaycan\u0131n media m\u0259kan\u0131ndak\u0131 alternativ s\u0259sidir","publisher":{"@id":"https:\/\/www.meydan.tv\/az\/#organization"},"potentialAction":[{"@type":"SearchAction","target":{"@type":"EntryPoint","urlTemplate":"https:\/\/www.meydan.tv\/az\/?s={search_term_string}"},"query-input":{"@type":"PropertyValueSpecification","valueRequired":true,"valueName":"search_term_string"}}],"inLanguage":"az"},{"@type":"Organization","@id":"https:\/\/www.meydan.tv\/az\/#organization","name":"Meydan TV","url":"https:\/\/www.meydan.tv\/az\/","logo":{"@type":"ImageObject","inLanguage":"az","@id":"https:\/\/www.meydan.tv\/az\/#\/schema\/logo\/image\/","url":"https:\/\/www.meydan.tv\/wp-content\/uploads\/2021\/07\/meydan-logo.svg","contentUrl":"https:\/\/www.meydan.tv\/wp-content\/uploads\/2021\/07\/meydan-logo.svg","width":195,"height":46,"caption":"Meydan TV"},"image":{"@id":"https:\/\/www.meydan.tv\/az\/#\/schema\/logo\/image\/"}},{"@type":"Person","@id":"https:\/\/www.meydan.tv\/az\/#\/schema\/person\/9cdbecf90d17180ce1dfbd95b08dcf47","name":"elli","sameAs":["https:\/\/x.com\/elli"]}]}},"_links":{"self":[{"href":"https:\/\/www.meydan.tv\/az\/wp-json\/wp\/v2\/posts\/303474","targetHints":{"allow":["GET"]}}],"collection":[{"href":"https:\/\/www.meydan.tv\/az\/wp-json\/wp\/v2\/posts"}],"about":[{"href":"https:\/\/www.meydan.tv\/az\/wp-json\/wp\/v2\/types\/post"}],"author":[{"embeddable":true,"href":"https:\/\/www.meydan.tv\/az\/wp-json\/wp\/v2\/users\/8"}],"replies":[{"embeddable":true,"href":"https:\/\/www.meydan.tv\/az\/wp-json\/wp\/v2\/comments?post=303474"}],"version-history":[{"count":2,"href":"https:\/\/www.meydan.tv\/az\/wp-json\/wp\/v2\/posts\/303474\/revisions"}],"predecessor-version":[{"id":303488,"href":"https:\/\/www.meydan.tv\/az\/wp-json\/wp\/v2\/posts\/303474\/revisions\/303488"}],"wp:featuredmedia":[{"embeddable":true,"href":"https:\/\/www.meydan.tv\/az\/wp-json\/wp\/v2\/media\/303476"}],"wp:attachment":[{"href":"https:\/\/www.meydan.tv\/az\/wp-json\/wp\/v2\/media?parent=303474"}],"wp:term":[{"taxonomy":"category","embeddable":true,"href":"https:\/\/www.meydan.tv\/az\/wp-json\/wp\/v2\/categories?post=303474"},{"taxonomy":"post_tag","embeddable":true,"href":"https:\/\/www.meydan.tv\/az\/wp-json\/wp\/v2\/tags?post=303474"}],"curies":[{"name":"wp","href":"https:\/\/api.w.org\/{rel}","templated":true}]}}