{"id":303412,"date":"2024-04-16T16:28:03","date_gmt":"2024-04-16T12:28:03","guid":{"rendered":"https:\/\/www.meydan.tv\/?p=303412"},"modified":"2024-04-16T16:28:06","modified_gmt":"2024-04-16T12:28:06","slug":"gurcustanda-xarici-tesirin-seffafligi-haqqinda-qanun-layihesi-yeniden-etiraz-aksiyalarina-sebeb-olub","status":"publish","type":"post","link":"https:\/\/www.meydan.tv\/az\/article\/gurcustanda-xarici-tesirin-seffafligi-haqqinda-qanun-layihesi-yeniden-etiraz-aksiyalarina-sebeb-olub\/","title":{"rendered":"G\u00fcrc\u00fcstanda: &#8220;Xarici t\u0259sirin \u015f\u0259ffafl\u0131\u011f\u0131 haqq\u0131nda&#8221; qanun layih\u0259si yenid\u0259n etiraz aksiyalar\u0131na s\u0259b\u0259b olub"},"content":{"rendered":"\n<figure class=\"wp-block-embed is-type-video is-provider-youtube wp-block-embed-youtube wp-embed-aspect-16-9 wp-has-aspect-ratio\"><div class=\"wp-block-embed__wrapper\">\n<iframe title=\"G\u00fcrc\u00fcstanda \u201cRus qanununa yox!\u201d \u015f\u00fcar\u0131 il\u0259 yenid\u0259n aksiya ke\u00e7irilir, saxlan\u0131lanlar var\" width=\"1200\" height=\"675\" data-src=\"https:\/\/www.youtube.com\/embed\/7q-sTkx8eac?feature=oembed\" frameborder=\"0\" allow=\"accelerometer; autoplay; clipboard-write; encrypted-media; gyroscope; picture-in-picture; web-share\" referrerpolicy=\"strict-origin-when-cross-origin\" allowfullscreen src=\"data:image\/svg+xml;base64,PHN2ZyB3aWR0aD0iMSIgaGVpZ2h0PSIxIiB4bWxucz0iaHR0cDovL3d3dy53My5vcmcvMjAwMC9zdmciPjwvc3ZnPg==\" class=\"lazyload\" data-load-mode=\"1\"><\/iframe>\n<\/div><\/figure>\n\n\n\n<p><em><strong>Aksiya zaman\u0131 saxlan\u0131lanlar da var<\/strong><\/em><\/p>\n\n\n\n<p>G\u00fcrc\u00fcstan Parlamenti \u201cXarici t\u0259sirin \u015f\u0259ffafl\u0131\u011f\u0131 haqq\u0131nda\u201d qanun layih\u0259sini yenid\u0259n n\u0259z\u0259rd\u0259n ke\u00e7irir. Bu, insanlar\u0131n naraz\u0131l\u0131\u011f\u0131na s\u0259b\u0259b olub v\u0259 minl\u0259rl\u0259 g\u00fcrc\u00fcstanl\u0131 k\u00fc\u00e7\u0259l\u0259r\u0259 ax\u0131\u015f\u0131b. Bununla da G\u00fcrc\u00fcstan\u0131n paytaxt\u0131 Tbilisi \u015f\u0259h\u0259rind\u0259 m\u00fcdd\u0259tsiz etiraz aksiyalar\u0131 ba\u015flay\u0131b.<\/p>\n\n\n\n<p>Aprelin 15-d\u0259 aksiya s\u0259b\u0259bi il\u0259 m\u0259rk\u0259zi Rustaveli k\u00fc\u00e7\u0259sind\u0259 h\u0259r\u0259k\u0259t m\u0259hdudla\u015fd\u0131r\u0131l\u0131b.<\/p>\n\n\n\n<p>Parlament qar\u015f\u0131s\u0131ndak\u0131 aksiya daha sonra binan\u0131 m\u00fchasir\u0259y\u0259 almaq ist\u0259y\u0259n etiraz\u00e7\u0131larla polis aras\u0131nda qar\u015f\u0131durmaya s\u0259b\u0259b olub. V\u0259t\u0259nda\u015flar dinc y\u00fcr\u00fc\u015fl\u0259 parlament binas\u0131n\u0131 m\u00fchasir\u0259y\u0259 alma\u011f\u0131 planla\u015fd\u0131rsalar da, polis buna imkan verm\u0259yib.<\/p>\n\n\n\n<p>Qar\u015f\u0131durma zaman\u0131 aksiya i\u015ftirak\u00e7\u0131lar\u0131ndan saxlan\u0131lanlar da olub. \u0130lkin m\u0259lumata g\u00f6r\u0259, qar\u015f\u0131durma zaman\u0131 14 n\u0259f\u0259r saxlan\u0131l\u0131b, 1 n\u0259f\u0259r polis \u0259m\u0259kda\u015f\u0131 is\u0259 y\u00fcng\u00fcl x\u0259sar\u0259t al\u0131b.<br>Parlamentin yax\u0131nl\u0131\u011f\u0131nda su reaktiv ma\u015f\u0131n\u0131 v\u0259 x\u00fcsusi t\u0259yinatl\u0131lar yerl\u0259\u015fdirilib.<\/p>\n\n\n\n<p>Aksiya i\u015ftirak\u00e7\u0131lar\u0131n\u0131n s\u00f6zl\u0259rin\u0259 g\u00f6r\u0259, qanunverici orqanda etiraz aksiyas\u0131 aprelin 16-da, saat 12:00-dan etibar\u0259n davam etdiril\u0259c\u0259k.<\/p>\n\n\n\n<p>\u201cXarici t\u0259sirin \u015f\u0259ffafl\u0131\u011f\u0131 haqq\u0131nda\u201d qanun layih\u0259si xaricd\u0259n v\u0259sait q\u0259bul ed\u0259n t\u0259\u015fkilatlar\u0131n xarici agent kimi qeydiyyatdan ke\u00e7m\u0259sini t\u0259l\u0259b edir. Qeydiyyatdan ke\u00e7m\u0259y\u0259nl\u0259rin c\u0259rim\u0259l\u0259nm\u0259si n\u0259z\u0259rd\u0259 tutulur.<\/p>\n\n\n\n<p>N\u0259inki insanlar, qanun layih\u0259sinin q\u0259bulunu ist\u0259m\u0259y\u0259n deputatlar da var. Qanun layih\u0259sinin n\u0259z\u0259rd\u0259n ke\u00e7irildiyi iclaslardan birind\u0259 deputatlar aras\u0131nda dava d\u00fc\u015f\u00fcb. Onlar bir-birl\u0259rin\u0259 z\u0259rb\u0259 endiribl\u0259r.<\/p>\n\n\n\n<p>G\u00fcrc\u00fcstan\u0131n hakim partiyas\u0131 \u201cG\u00fcrc\u00fc Arzusu\u201dnun parlamentd\u0259ki t\u0259msil\u00e7il\u0259ri Q\u0259rb \u00f6lk\u0259l\u0259ri t\u0259r\u0259find\u0259n t\u0259nqid edil\u0259n v\u0259 daxild\u0259 \u201cRusiyay\u00f6nl\u00fc\u201d kimi etirazlara s\u0259b\u0259b olan \u201cXarici t\u0259sirin \u015f\u0259ffafl\u0131\u011f\u0131 haqq\u0131nda\u201d qanun layih\u0259sini d\u0259st\u0259kl\u0259yir.<\/p>\n\n\n\n<p>G\u00fcrc\u00fcstan televiziyas\u0131nda yay\u0131mlanan kadrlarda hakim \u201cG\u00fcrc\u00fc Arzusu\u201d partiyas\u0131n\u0131n parlament fraksiyas\u0131n\u0131n lideri v\u0259 qanun layih\u0259sinin apar\u0131c\u0131 q\u00fcvv\u0259si olan Mamuka Mdinaradzenin bazar ert\u0259si qanunverici orqan qar\u015f\u0131s\u0131nda \u00e7\u0131x\u0131\u015f\u0131 zaman\u0131 m\u00fcxalif\u0259t\u00e7i deputat Aleko Elisa\u015fvili t\u0259r\u0259find\u0259n yumruqla \u00fcz\u00fcn\u0259 z\u0259rb\u0259 endirilm\u0259si g\u00f6st\u0259rilir.<\/p>\n\n\n\n<p>Son ill\u0259rd\u0259 iqtidar v\u0259 m\u00fcxalif\u0259tin Q\u0259rbl\u0259 m\u00fcnasib\u0259tl\u0259ri d\u0259rinl\u0259\u015fdirm\u0259k, yoxsa ke\u00e7mi\u015f Sovet respublikas\u0131n\u0131 Rusiya il\u0259 birl\u0259\u015fdirm\u0259k bar\u0259d\u0259 m\u00fczakir\u0259l\u0259r aparmas\u0131 fonunda parlamentd\u0259 g\u0259rginlik art\u0131b.<\/p>\n\n\n\n<p>\u201cRusiya qanunlar\u0131na yox\u201d dey\u0259n insanlar bu insidentd\u0259n sonra parlament binas\u0131 qar\u015f\u0131s\u0131nda topla\u015f\u0131b. Deputat\u0131 alq\u0131\u015flarla qar\u015f\u0131lay\u0131blar.<\/p>\n\n\n\n<p>Bazar ert\u0259si ax\u015fam qanun layih\u0259sin\u0259 etiraz etm\u0259k \u00fc\u00e7\u00fcn ke\u00e7iril\u0259n mitinqd\u0259n \u0259vv\u0259l etiraz\u00e7\u0131lar Avropa \u0130ttifaq\u0131n\u0131n b\u00f6y\u00fck bayra\u011f\u0131n\u0131 a\u00e7araq \u201cRusiya qanunlar\u0131na yox!\u201d deyibl\u0259r.<\/p>\n\n\n\n<p>Memar Saba Qotua \u201cFrance-Presse\u201d x\u0259b\u0259r agentliyin\u0259 deyib ki, <em>\u201cG\u00fcrc\u00fcstan c\u0259miyy\u0259ti \u00f6lk\u0259nin rus tipli avtoritarizm\u0259 s\u00fcr\u00fckl\u0259nm\u0259sin\u0259 imkan verm\u0259y\u0259c\u0259k q\u0259d\u0259r g\u00fccl\u00fcd\u00fcr\u201d<\/em>.<\/p>\n\n\n\n<p>\u201cG\u00fcrc\u00fc Arzusu\u201d bu ay bildirib ki, etirazlar\u0131n plan\u0131 dayand\u0131rma\u011fa m\u0259cbur etm\u0259sind\u0259n 13 ay sonra xaricd\u0259n v\u0259sait q\u0259bul ed\u0259n t\u0259\u015fkilatlar\u0131n xarici agent kimi qeydiyyatdan ke\u00e7m\u0259sini v\u0259 ya c\u0259rim\u0259l\u0259nm\u0259sini t\u0259l\u0259b ed\u0259n qanunvericiliyi yenid\u0259n t\u0259tbiq ed\u0259c\u0259k.<\/p>\n\n\n\n<p>Qanun layih\u0259si onun q\u0259buluna qar\u015f\u0131 olduqlar\u0131n\u0131 bildir\u0259n Avropa \u00f6lk\u0259l\u0259ri v\u0259 AB\u015e il\u0259 m\u00fcnasib\u0259tl\u0259ri g\u0259rginl\u0259\u015fdirib. Dekabrda G\u00fcrc\u00fcstana namiz\u0259d statusu ver\u0259n A\u0130 bu qanunvericiliyin blokun d\u0259y\u0259rl\u0259rin\u0259 uy\u011fun g\u0259lm\u0259diyini bildirib.<\/p>\n\n\n\n<p>\u201cG\u00fcrc\u00fc Arzusu\u201d <a href=\"https:\/\/www.aljazeera.com\/news\/2024\/4\/15\/lawmakers-brawl-as-georgian-parliament-considers-foreign-agent\">deyir <\/a>ki, Rusiya il\u0259 \u0259laq\u0259l\u0259ri d\u0259rinl\u0259\u015fdirdiyi v\u0259 daxild\u0259 avtoritarizm ittihamlar\u0131 il\u0259 \u00fczl\u0259\u015fdiyi halda, \u00f6lk\u0259nin A\u0130 v\u0259 NATO-ya \u00fczv olmas\u0131n\u0131 ist\u0259yir. O, qanun layih\u0259sinin \u0259cn\u0259bil\u0259r t\u0259r\u0259find\u0259n t\u0259tbiq edil\u0259n \u201cpsevdo-liberal d\u0259y\u0259rl\u0259r\u201d adland\u0131rd\u0131\u011f\u0131 \u015feyl\u0259rl\u0259 m\u00fcbariz\u0259 aparmaq v\u0259 \u015f\u0259ffafl\u0131\u011f\u0131 t\u0259\u015fviq etm\u0259k \u00fc\u00e7\u00fcn z\u0259ruri oldu\u011funu deyib.<\/p>\n\n\n\n<p>G\u00fcrc\u00fcstan h\u00f6kum\u0259ti bildirib ki, Ba\u015f nazir \u0130rakli Kobaxidze bazar ert\u0259si A\u0130, B\u00f6y\u00fck Britaniya v\u0259 AB\u015e s\u0259firl\u0259ri il\u0259 g\u00f6r\u00fc\u015f ke\u00e7irib v\u0259 onlar qanun layih\u0259sini m\u00fczakir\u0259 edibl\u0259r.<\/p>\n\n\n\n<p>Kobaxidze b\u0259yanat\u0131nda qanun layih\u0259sini hesabatl\u0131l\u0131\u011f\u0131 t\u0259\u015fviq ed\u0259n kimi m\u00fcdafi\u0259 edib v\u0259 Q\u0259rb \u00f6lk\u0259l\u0259rinin buna niy\u0259 qar\u015f\u0131 \u00e7\u0131xd\u0131\u011f\u0131n\u0131 a\u00e7\u0131q bildirm\u0259diyini s\u00f6yl\u0259yib.<\/p>\n\n\n\n<p>AB\u015e ke\u00e7\u0259n h\u0259ft\u0259 bildirib ki, qanunun q\u0259bulu G\u00fcrc\u00fcstan\u0131 \u201cAvropa yolundan \u00e7\u0131xaracaq\u201d.<\/p>\n\n\n\n<p>AB\u015e D\u00f6vl\u0259t Departamentinin s\u00f6z\u00e7\u00fcs\u00fc Metyu Miller jurnalistl\u0259r\u0259 deyib:<\/p>\n\n\n\n<p><em>\u201cBiz bu qanun layih\u0259sinin q\u0259bul edil\u0259c\u0259yi t\u0259qdird\u0259 v\u0259t\u0259nda\u015f c\u0259miyy\u0259ti t\u0259\u015fkilatlar\u0131na z\u0259r\u0259r vuraca\u011f\u0131ndan v\u0259 m\u00fcst\u0259qil media t\u0259\u015fkilatlar\u0131na mane olaca\u011f\u0131ndan d\u0259rin narahat\u0131q\u201d<\/em>.<\/p>\n\n\n\n<p>Ke\u00e7\u0259n il d\u0259 Kobaxidze Rusiyaya qar\u015f\u0131 sanksiyalar\u0131n t\u0259tbiqi il\u0259 ba\u011fl\u0131 Q\u0259rbl\u0259 toqqu\u015fdu v\u0259 dedi ki, bu add\u0131m Tbilisinin iqtisadiyyat\u0131n\u0131 \u201cda\u011f\u0131dacaq\u201d, G\u00fcrc\u00fcstan v\u0259t\u0259nda\u015flar\u0131n\u0131n \u201cmaraqlar\u0131na x\u0259l\u0259l g\u0259tir\u0259c\u0259k\u201d.<\/p>\n\n\n\n<p>G\u00fcrc\u00fc t\u0259nqid\u00e7il\u0259ri bu qanun layih\u0259sini Kremlin Rusiyada m\u00fcxalif fikirl\u0259r\u0259 t\u0259zyiq etm\u0259k \u00fc\u00e7\u00fcn istifad\u0259 etdiyi ox\u015far qanunla m\u00fcqayis\u0259 ed\u0259r\u0259k, \u201cRusiya qanunu\u201d adland\u0131r\u0131blar.<\/p>\n\n\n\n<p>\u201cG\u00fcrc\u00fc Arzusu\u201d v\u0259 onun m\u00fctt\u0259fiql\u0259rinin n\u0259zar\u0259tind\u0259 olan qanunverici orqan\u0131n h\u00fcquq m\u0259s\u0259l\u0259l\u0259ri \u00fczr\u0259 komit\u0259sinin \u00fczvl\u0259ri t\u0259r\u0259find\u0259n b\u0259y\u0259nil\u0259rs\u0259, qanun layih\u0259si parlamentd\u0259 birinci oxunu\u015fda m\u00fczakir\u0259y\u0259 \u00e7\u0131xar\u0131la bil\u0259r.<\/p>\n\n\n\n<p>Q\u0259rby\u00f6nl\u00fc Prezident Salome Zurabi\u015fvili qanun layih\u0259sini demokratiyaya z\u0259r\u0259r vuran add\u0131m kimi q\u0131nay\u0131b. G\u00fcrc\u00fcstanda par\u00e7alanman\u0131 daha da d\u0259rinl\u0259\u015fdir\u0259c\u0259yini deyib.<\/p>\n\n\n\n<p>G\u00fcrc\u00fcstanda se\u00e7kil\u0259r oktyabr ay\u0131na q\u0259d\u0259r ke\u00e7irilm\u0259lidir. R\u0259y sor\u011fular\u0131 g\u00f6st\u0259rir ki, \u201cG\u00fcrc\u00fc arzusu\u201d \u0259n populyar partiya olaraq qal\u0131r, lakin 2020-ci ild\u0259n c\u00fczi s\u0259s \u00e7oxlu\u011fu qazand\u0131qdan sonra m\u00f6vqeyini itirib.<\/p>\n","protected":false},"excerpt":{"rendered":"<p>Aksiya zaman\u0131 saxlan\u0131lanlar da var G\u00fcrc\u00fcstan Parlamenti \u201cXarici t\u0259sirin \u015f\u0259ffafl\u0131\u011f\u0131 &#8230; <\/p>\n<p class=\"read-more-container\"><a title=\"G\u00fcrc\u00fcstanda: &#8220;Xarici t\u0259sirin \u015f\u0259ffafl\u0131\u011f\u0131 haqq\u0131nda&#8221; qanun layih\u0259si yenid\u0259n etiraz aksiyalar\u0131na s\u0259b\u0259b olub\" class=\"read-more button\" href=\"https:\/\/www.meydan.tv\/az\/article\/gurcustanda-xarici-tesirin-seffafligi-haqqinda-qanun-layihesi-yeniden-etiraz-aksiyalarina-sebeb-olub\/#more-303412\" aria-label=\"Read more about G\u00fcrc\u00fcstanda: &#8220;Xarici t\u0259sirin \u015f\u0259ffafl\u0131\u011f\u0131 haqq\u0131nda&#8221; qanun layih\u0259si yenid\u0259n etiraz aksiyalar\u0131na s\u0259b\u0259b olub\">Davam\u0131<\/a><\/p>\n","protected":false},"author":12,"featured_media":303417,"comment_status":"closed","ping_status":"closed","sticky":false,"template":"","format":"standard","meta":{"_acf_changed":false,"_sitemap_exclude":false,"_sitemap_priority":"","_sitemap_frequency":"","footnotes":""},"categories":[64,63,56],"tags":[],"class_list":["post-303412","post","type-post","status-publish","format-standard","has-post-thumbnail","hentry","category-dunya","category-video-2","category-xeberler","infinite-scroll-item","generate-columns","tablet-grid-50","mobile-grid-100","grid-parent","grid-33","no-featured-image-padding"],"acf":[],"yoast_head":"<!-- This site is optimized with the Yoast SEO plugin v27.4 - https:\/\/yoast.com\/product\/yoast-seo-wordpress\/ -->\n<title>G\u00fcrc\u00fcstanda: &quot;Xarici t\u0259sirin \u015f\u0259ffafl\u0131\u011f\u0131 haqq\u0131nda&quot; qanun layih\u0259si yenid\u0259n etiraz aksiyalar\u0131na s\u0259b\u0259b olub - MEYDAN.TV<\/title>\n<meta name=\"robots\" content=\"index, follow, max-snippet:-1, max-image-preview:large, max-video-preview:-1\" \/>\n<link rel=\"canonical\" href=\"https:\/\/www.meydan.tv\/az\/article\/gurcustanda-xarici-tesirin-seffafligi-haqqinda-qanun-layihesi-yeniden-etiraz-aksiyalarina-sebeb-olub\/\" \/>\n<meta property=\"og:locale\" content=\"az_AZ\" \/>\n<meta property=\"og:type\" content=\"article\" \/>\n<meta property=\"og:title\" content=\"G\u00fcrc\u00fcstanda: &quot;Xarici t\u0259sirin \u015f\u0259ffafl\u0131\u011f\u0131 haqq\u0131nda&quot; qanun layih\u0259si yenid\u0259n etiraz aksiyalar\u0131na s\u0259b\u0259b olub - MEYDAN.TV\" \/>\n<meta property=\"og:description\" content=\"Aksiya zaman\u0131 saxlan\u0131lanlar da var G\u00fcrc\u00fcstan Parlamenti \u201cXarici t\u0259sirin \u015f\u0259ffafl\u0131\u011f\u0131 ... Davam\u0131\" \/>\n<meta property=\"og:url\" content=\"https:\/\/www.meydan.tv\/az\/article\/gurcustanda-xarici-tesirin-seffafligi-haqqinda-qanun-layihesi-yeniden-etiraz-aksiyalarina-sebeb-olub\/\" \/>\n<meta property=\"og:site_name\" content=\"MEYDAN.TV\" \/>\n<meta property=\"article:published_time\" content=\"2024-04-16T12:28:03+00:00\" \/>\n<meta property=\"article:modified_time\" content=\"2024-04-16T12:28:06+00:00\" \/>\n<meta property=\"og:image\" content=\"https:\/\/www.meydan.tv\/wp-content\/uploads\/screenshot-2024-04-16-at-14.14.55-1200x703.png\" \/>\n\t<meta property=\"og:image:width\" content=\"1200\" \/>\n\t<meta property=\"og:image:height\" content=\"703\" \/>\n\t<meta property=\"og:image:type\" content=\"image\/png\" \/>\n<meta name=\"author\" content=\"aleks\" \/>\n<meta name=\"twitter:card\" content=\"summary_large_image\" \/>\n<script type=\"application\/ld+json\" class=\"yoast-schema-graph\">{\"@context\":\"https:\\\/\\\/schema.org\",\"@graph\":[{\"@type\":\"Article\",\"@id\":\"https:\\\/\\\/www.meydan.tv\\\/az\\\/article\\\/gurcustanda-xarici-tesirin-seffafligi-haqqinda-qanun-layihesi-yeniden-etiraz-aksiyalarina-sebeb-olub\\\/#article\",\"isPartOf\":{\"@id\":\"https:\\\/\\\/www.meydan.tv\\\/az\\\/article\\\/gurcustanda-xarici-tesirin-seffafligi-haqqinda-qanun-layihesi-yeniden-etiraz-aksiyalarina-sebeb-olub\\\/\"},\"author\":{\"name\":\"aleks\",\"@id\":\"https:\\\/\\\/www.meydan.tv\\\/az\\\/#\\\/schema\\\/person\\\/476e9360e593fa131d5d71d51866f8da\"},\"headline\":\"G\u00fcrc\u00fcstanda: &#8220;Xarici t\u0259sirin \u015f\u0259ffafl\u0131\u011f\u0131 haqq\u0131nda&#8221; qanun layih\u0259si yenid\u0259n etiraz aksiyalar\u0131na s\u0259b\u0259b olub\",\"datePublished\":\"2024-04-16T12:28:03+00:00\",\"dateModified\":\"2024-04-16T12:28:06+00:00\",\"mainEntityOfPage\":{\"@id\":\"https:\\\/\\\/www.meydan.tv\\\/az\\\/article\\\/gurcustanda-xarici-tesirin-seffafligi-haqqinda-qanun-layihesi-yeniden-etiraz-aksiyalarina-sebeb-olub\\\/\"},\"wordCount\":1125,\"publisher\":{\"@id\":\"https:\\\/\\\/www.meydan.tv\\\/az\\\/#organization\"},\"image\":{\"@id\":\"https:\\\/\\\/www.meydan.tv\\\/az\\\/article\\\/gurcustanda-xarici-tesirin-seffafligi-haqqinda-qanun-layihesi-yeniden-etiraz-aksiyalarina-sebeb-olub\\\/#primaryimage\"},\"thumbnailUrl\":\"https:\\\/\\\/www.meydan.tv\\\/wp-content\\\/uploads\\\/screenshot-2024-04-16-at-14.14.55.png\",\"articleSection\":[\"D\u00fcnya\",\"Video\",\"X\u0259b\u0259rl\u0259r\"],\"inLanguage\":\"az\"},{\"@type\":\"WebPage\",\"@id\":\"https:\\\/\\\/www.meydan.tv\\\/az\\\/article\\\/gurcustanda-xarici-tesirin-seffafligi-haqqinda-qanun-layihesi-yeniden-etiraz-aksiyalarina-sebeb-olub\\\/\",\"url\":\"https:\\\/\\\/www.meydan.tv\\\/az\\\/article\\\/gurcustanda-xarici-tesirin-seffafligi-haqqinda-qanun-layihesi-yeniden-etiraz-aksiyalarina-sebeb-olub\\\/\",\"name\":\"G\u00fcrc\u00fcstanda: \\\"Xarici t\u0259sirin \u015f\u0259ffafl\u0131\u011f\u0131 haqq\u0131nda\\\" qanun layih\u0259si yenid\u0259n etiraz aksiyalar\u0131na s\u0259b\u0259b olub - MEYDAN.TV\",\"isPartOf\":{\"@id\":\"https:\\\/\\\/www.meydan.tv\\\/az\\\/#website\"},\"primaryImageOfPage\":{\"@id\":\"https:\\\/\\\/www.meydan.tv\\\/az\\\/article\\\/gurcustanda-xarici-tesirin-seffafligi-haqqinda-qanun-layihesi-yeniden-etiraz-aksiyalarina-sebeb-olub\\\/#primaryimage\"},\"image\":{\"@id\":\"https:\\\/\\\/www.meydan.tv\\\/az\\\/article\\\/gurcustanda-xarici-tesirin-seffafligi-haqqinda-qanun-layihesi-yeniden-etiraz-aksiyalarina-sebeb-olub\\\/#primaryimage\"},\"thumbnailUrl\":\"https:\\\/\\\/www.meydan.tv\\\/wp-content\\\/uploads\\\/screenshot-2024-04-16-at-14.14.55.png\",\"datePublished\":\"2024-04-16T12:28:03+00:00\",\"dateModified\":\"2024-04-16T12:28:06+00:00\",\"breadcrumb\":{\"@id\":\"https:\\\/\\\/www.meydan.tv\\\/az\\\/article\\\/gurcustanda-xarici-tesirin-seffafligi-haqqinda-qanun-layihesi-yeniden-etiraz-aksiyalarina-sebeb-olub\\\/#breadcrumb\"},\"inLanguage\":\"az\",\"potentialAction\":[{\"@type\":\"ReadAction\",\"target\":[\"https:\\\/\\\/www.meydan.tv\\\/az\\\/article\\\/gurcustanda-xarici-tesirin-seffafligi-haqqinda-qanun-layihesi-yeniden-etiraz-aksiyalarina-sebeb-olub\\\/\"]}]},{\"@type\":\"ImageObject\",\"inLanguage\":\"az\",\"@id\":\"https:\\\/\\\/www.meydan.tv\\\/az\\\/article\\\/gurcustanda-xarici-tesirin-seffafligi-haqqinda-qanun-layihesi-yeniden-etiraz-aksiyalarina-sebeb-olub\\\/#primaryimage\",\"url\":\"https:\\\/\\\/www.meydan.tv\\\/wp-content\\\/uploads\\\/screenshot-2024-04-16-at-14.14.55.png\",\"contentUrl\":\"https:\\\/\\\/www.meydan.tv\\\/wp-content\\\/uploads\\\/screenshot-2024-04-16-at-14.14.55.png\",\"width\":2288,\"height\":1340},{\"@type\":\"BreadcrumbList\",\"@id\":\"https:\\\/\\\/www.meydan.tv\\\/az\\\/article\\\/gurcustanda-xarici-tesirin-seffafligi-haqqinda-qanun-layihesi-yeniden-etiraz-aksiyalarina-sebeb-olub\\\/#breadcrumb\",\"itemListElement\":[{\"@type\":\"ListItem\",\"position\":1,\"name\":\"Ana s\u0259hif\u0259\",\"item\":\"https:\\\/\\\/www.meydan.tv\\\/az\\\/\"},{\"@type\":\"ListItem\",\"position\":2,\"name\":\"X\u0259b\u0259rl\u0259r\",\"item\":\"https:\\\/\\\/www.meydan.tv\\\/az\\\/section\\\/xeberler\\\/\"},{\"@type\":\"ListItem\",\"position\":3,\"name\":\"G\u00fcrc\u00fcstanda: &#8220;Xarici t\u0259sirin \u015f\u0259ffafl\u0131\u011f\u0131 haqq\u0131nda&#8221; qanun layih\u0259si yenid\u0259n etiraz aksiyalar\u0131na s\u0259b\u0259b olub\"}]},{\"@type\":\"WebSite\",\"@id\":\"https:\\\/\\\/www.meydan.tv\\\/az\\\/#website\",\"url\":\"https:\\\/\\\/www.meydan.tv\\\/az\\\/\",\"name\":\"MEYDAN.TV\",\"description\":\"Meydan TV Az\u0259rbaycan\u0131n media m\u0259kan\u0131ndak\u0131 alternativ s\u0259sidir\",\"publisher\":{\"@id\":\"https:\\\/\\\/www.meydan.tv\\\/az\\\/#organization\"},\"potentialAction\":[{\"@type\":\"SearchAction\",\"target\":{\"@type\":\"EntryPoint\",\"urlTemplate\":\"https:\\\/\\\/www.meydan.tv\\\/az\\\/?s={search_term_string}\"},\"query-input\":{\"@type\":\"PropertyValueSpecification\",\"valueRequired\":true,\"valueName\":\"search_term_string\"}}],\"inLanguage\":\"az\"},{\"@type\":\"Organization\",\"@id\":\"https:\\\/\\\/www.meydan.tv\\\/az\\\/#organization\",\"name\":\"Meydan TV\",\"url\":\"https:\\\/\\\/www.meydan.tv\\\/az\\\/\",\"logo\":{\"@type\":\"ImageObject\",\"inLanguage\":\"az\",\"@id\":\"https:\\\/\\\/www.meydan.tv\\\/az\\\/#\\\/schema\\\/logo\\\/image\\\/\",\"url\":\"https:\\\/\\\/www.meydan.tv\\\/wp-content\\\/uploads\\\/2021\\\/07\\\/meydan-logo.svg\",\"contentUrl\":\"https:\\\/\\\/www.meydan.tv\\\/wp-content\\\/uploads\\\/2021\\\/07\\\/meydan-logo.svg\",\"width\":195,\"height\":46,\"caption\":\"Meydan TV\"},\"image\":{\"@id\":\"https:\\\/\\\/www.meydan.tv\\\/az\\\/#\\\/schema\\\/logo\\\/image\\\/\"}},{\"@type\":\"Person\",\"@id\":\"https:\\\/\\\/www.meydan.tv\\\/az\\\/#\\\/schema\\\/person\\\/476e9360e593fa131d5d71d51866f8da\",\"name\":\"aleks\"}]}<\/script>\n<!-- \/ Yoast SEO plugin. -->","yoast_head_json":{"title":"G\u00fcrc\u00fcstanda: \"Xarici t\u0259sirin \u015f\u0259ffafl\u0131\u011f\u0131 haqq\u0131nda\" qanun layih\u0259si yenid\u0259n etiraz aksiyalar\u0131na s\u0259b\u0259b olub - MEYDAN.TV","robots":{"index":"index","follow":"follow","max-snippet":"max-snippet:-1","max-image-preview":"max-image-preview:large","max-video-preview":"max-video-preview:-1"},"canonical":"https:\/\/www.meydan.tv\/az\/article\/gurcustanda-xarici-tesirin-seffafligi-haqqinda-qanun-layihesi-yeniden-etiraz-aksiyalarina-sebeb-olub\/","og_locale":"az_AZ","og_type":"article","og_title":"G\u00fcrc\u00fcstanda: \"Xarici t\u0259sirin \u015f\u0259ffafl\u0131\u011f\u0131 haqq\u0131nda\" qanun layih\u0259si yenid\u0259n etiraz aksiyalar\u0131na s\u0259b\u0259b olub - MEYDAN.TV","og_description":"Aksiya zaman\u0131 saxlan\u0131lanlar da var G\u00fcrc\u00fcstan Parlamenti \u201cXarici t\u0259sirin \u015f\u0259ffafl\u0131\u011f\u0131 ... Davam\u0131","og_url":"https:\/\/www.meydan.tv\/az\/article\/gurcustanda-xarici-tesirin-seffafligi-haqqinda-qanun-layihesi-yeniden-etiraz-aksiyalarina-sebeb-olub\/","og_site_name":"MEYDAN.TV","article_published_time":"2024-04-16T12:28:03+00:00","article_modified_time":"2024-04-16T12:28:06+00:00","og_image":[{"width":1200,"height":703,"url":"https:\/\/www.meydan.tv\/wp-content\/uploads\/screenshot-2024-04-16-at-14.14.55-1200x703.png","type":"image\/png"}],"author":"aleks","twitter_card":"summary_large_image","schema":{"@context":"https:\/\/schema.org","@graph":[{"@type":"Article","@id":"https:\/\/www.meydan.tv\/az\/article\/gurcustanda-xarici-tesirin-seffafligi-haqqinda-qanun-layihesi-yeniden-etiraz-aksiyalarina-sebeb-olub\/#article","isPartOf":{"@id":"https:\/\/www.meydan.tv\/az\/article\/gurcustanda-xarici-tesirin-seffafligi-haqqinda-qanun-layihesi-yeniden-etiraz-aksiyalarina-sebeb-olub\/"},"author":{"name":"aleks","@id":"https:\/\/www.meydan.tv\/az\/#\/schema\/person\/476e9360e593fa131d5d71d51866f8da"},"headline":"G\u00fcrc\u00fcstanda: &#8220;Xarici t\u0259sirin \u015f\u0259ffafl\u0131\u011f\u0131 haqq\u0131nda&#8221; qanun layih\u0259si yenid\u0259n etiraz aksiyalar\u0131na s\u0259b\u0259b olub","datePublished":"2024-04-16T12:28:03+00:00","dateModified":"2024-04-16T12:28:06+00:00","mainEntityOfPage":{"@id":"https:\/\/www.meydan.tv\/az\/article\/gurcustanda-xarici-tesirin-seffafligi-haqqinda-qanun-layihesi-yeniden-etiraz-aksiyalarina-sebeb-olub\/"},"wordCount":1125,"publisher":{"@id":"https:\/\/www.meydan.tv\/az\/#organization"},"image":{"@id":"https:\/\/www.meydan.tv\/az\/article\/gurcustanda-xarici-tesirin-seffafligi-haqqinda-qanun-layihesi-yeniden-etiraz-aksiyalarina-sebeb-olub\/#primaryimage"},"thumbnailUrl":"https:\/\/www.meydan.tv\/wp-content\/uploads\/screenshot-2024-04-16-at-14.14.55.png","articleSection":["D\u00fcnya","Video","X\u0259b\u0259rl\u0259r"],"inLanguage":"az"},{"@type":"WebPage","@id":"https:\/\/www.meydan.tv\/az\/article\/gurcustanda-xarici-tesirin-seffafligi-haqqinda-qanun-layihesi-yeniden-etiraz-aksiyalarina-sebeb-olub\/","url":"https:\/\/www.meydan.tv\/az\/article\/gurcustanda-xarici-tesirin-seffafligi-haqqinda-qanun-layihesi-yeniden-etiraz-aksiyalarina-sebeb-olub\/","name":"G\u00fcrc\u00fcstanda: \"Xarici t\u0259sirin \u015f\u0259ffafl\u0131\u011f\u0131 haqq\u0131nda\" qanun layih\u0259si yenid\u0259n etiraz aksiyalar\u0131na s\u0259b\u0259b olub - MEYDAN.TV","isPartOf":{"@id":"https:\/\/www.meydan.tv\/az\/#website"},"primaryImageOfPage":{"@id":"https:\/\/www.meydan.tv\/az\/article\/gurcustanda-xarici-tesirin-seffafligi-haqqinda-qanun-layihesi-yeniden-etiraz-aksiyalarina-sebeb-olub\/#primaryimage"},"image":{"@id":"https:\/\/www.meydan.tv\/az\/article\/gurcustanda-xarici-tesirin-seffafligi-haqqinda-qanun-layihesi-yeniden-etiraz-aksiyalarina-sebeb-olub\/#primaryimage"},"thumbnailUrl":"https:\/\/www.meydan.tv\/wp-content\/uploads\/screenshot-2024-04-16-at-14.14.55.png","datePublished":"2024-04-16T12:28:03+00:00","dateModified":"2024-04-16T12:28:06+00:00","breadcrumb":{"@id":"https:\/\/www.meydan.tv\/az\/article\/gurcustanda-xarici-tesirin-seffafligi-haqqinda-qanun-layihesi-yeniden-etiraz-aksiyalarina-sebeb-olub\/#breadcrumb"},"inLanguage":"az","potentialAction":[{"@type":"ReadAction","target":["https:\/\/www.meydan.tv\/az\/article\/gurcustanda-xarici-tesirin-seffafligi-haqqinda-qanun-layihesi-yeniden-etiraz-aksiyalarina-sebeb-olub\/"]}]},{"@type":"ImageObject","inLanguage":"az","@id":"https:\/\/www.meydan.tv\/az\/article\/gurcustanda-xarici-tesirin-seffafligi-haqqinda-qanun-layihesi-yeniden-etiraz-aksiyalarina-sebeb-olub\/#primaryimage","url":"https:\/\/www.meydan.tv\/wp-content\/uploads\/screenshot-2024-04-16-at-14.14.55.png","contentUrl":"https:\/\/www.meydan.tv\/wp-content\/uploads\/screenshot-2024-04-16-at-14.14.55.png","width":2288,"height":1340},{"@type":"BreadcrumbList","@id":"https:\/\/www.meydan.tv\/az\/article\/gurcustanda-xarici-tesirin-seffafligi-haqqinda-qanun-layihesi-yeniden-etiraz-aksiyalarina-sebeb-olub\/#breadcrumb","itemListElement":[{"@type":"ListItem","position":1,"name":"Ana s\u0259hif\u0259","item":"https:\/\/www.meydan.tv\/az\/"},{"@type":"ListItem","position":2,"name":"X\u0259b\u0259rl\u0259r","item":"https:\/\/www.meydan.tv\/az\/section\/xeberler\/"},{"@type":"ListItem","position":3,"name":"G\u00fcrc\u00fcstanda: &#8220;Xarici t\u0259sirin \u015f\u0259ffafl\u0131\u011f\u0131 haqq\u0131nda&#8221; qanun layih\u0259si yenid\u0259n etiraz aksiyalar\u0131na s\u0259b\u0259b olub"}]},{"@type":"WebSite","@id":"https:\/\/www.meydan.tv\/az\/#website","url":"https:\/\/www.meydan.tv\/az\/","name":"MEYDAN.TV","description":"Meydan TV Az\u0259rbaycan\u0131n media m\u0259kan\u0131ndak\u0131 alternativ s\u0259sidir","publisher":{"@id":"https:\/\/www.meydan.tv\/az\/#organization"},"potentialAction":[{"@type":"SearchAction","target":{"@type":"EntryPoint","urlTemplate":"https:\/\/www.meydan.tv\/az\/?s={search_term_string}"},"query-input":{"@type":"PropertyValueSpecification","valueRequired":true,"valueName":"search_term_string"}}],"inLanguage":"az"},{"@type":"Organization","@id":"https:\/\/www.meydan.tv\/az\/#organization","name":"Meydan TV","url":"https:\/\/www.meydan.tv\/az\/","logo":{"@type":"ImageObject","inLanguage":"az","@id":"https:\/\/www.meydan.tv\/az\/#\/schema\/logo\/image\/","url":"https:\/\/www.meydan.tv\/wp-content\/uploads\/2021\/07\/meydan-logo.svg","contentUrl":"https:\/\/www.meydan.tv\/wp-content\/uploads\/2021\/07\/meydan-logo.svg","width":195,"height":46,"caption":"Meydan TV"},"image":{"@id":"https:\/\/www.meydan.tv\/az\/#\/schema\/logo\/image\/"}},{"@type":"Person","@id":"https:\/\/www.meydan.tv\/az\/#\/schema\/person\/476e9360e593fa131d5d71d51866f8da","name":"aleks"}]}},"_links":{"self":[{"href":"https:\/\/www.meydan.tv\/az\/wp-json\/wp\/v2\/posts\/303412","targetHints":{"allow":["GET"]}}],"collection":[{"href":"https:\/\/www.meydan.tv\/az\/wp-json\/wp\/v2\/posts"}],"about":[{"href":"https:\/\/www.meydan.tv\/az\/wp-json\/wp\/v2\/types\/post"}],"author":[{"embeddable":true,"href":"https:\/\/www.meydan.tv\/az\/wp-json\/wp\/v2\/users\/12"}],"replies":[{"embeddable":true,"href":"https:\/\/www.meydan.tv\/az\/wp-json\/wp\/v2\/comments?post=303412"}],"version-history":[{"count":4,"href":"https:\/\/www.meydan.tv\/az\/wp-json\/wp\/v2\/posts\/303412\/revisions"}],"predecessor-version":[{"id":303422,"href":"https:\/\/www.meydan.tv\/az\/wp-json\/wp\/v2\/posts\/303412\/revisions\/303422"}],"wp:featuredmedia":[{"embeddable":true,"href":"https:\/\/www.meydan.tv\/az\/wp-json\/wp\/v2\/media\/303417"}],"wp:attachment":[{"href":"https:\/\/www.meydan.tv\/az\/wp-json\/wp\/v2\/media?parent=303412"}],"wp:term":[{"taxonomy":"category","embeddable":true,"href":"https:\/\/www.meydan.tv\/az\/wp-json\/wp\/v2\/categories?post=303412"},{"taxonomy":"post_tag","embeddable":true,"href":"https:\/\/www.meydan.tv\/az\/wp-json\/wp\/v2\/tags?post=303412"}],"curies":[{"name":"wp","href":"https:\/\/api.w.org\/{rel}","templated":true}]}}