{"id":303351,"date":"2024-04-15T20:03:04","date_gmt":"2024-04-15T16:03:04","guid":{"rendered":"https:\/\/www.meydan.tv\/?p=303351"},"modified":"2024-04-16T13:51:17","modified_gmt":"2024-04-16T09:51:17","slug":"tiktokerlerin-hebsi-cemiyyet-necedirse-sosial-sebekeler-de-eledir","status":"publish","type":"post","link":"https:\/\/www.meydan.tv\/az\/article\/tiktokerlerin-hebsi-cemiyyet-necedirse-sosial-sebekeler-de-eledir\/","title":{"rendered":"Tiktokerl\u0259rin h\u0259bsi: &#8220;C\u0259miyy\u0259t nec\u0259dirs\u0259, sosial \u015f\u0259b\u0259k\u0259l\u0259r d\u0259 el\u0259dir&#8221;"},"content":{"rendered":"\n<p><\/p>\n\n\n\n<p><em><strong>H\u00fcquq\u015f\u00fcnas: \u201cH\u00f6kum\u0259t bizi sutka xalq\u0131na \u00e7evirib\u201d<\/strong><\/em><\/p>\n\n\n\n<p>\u201cTikTok\u201d sosial \u015f\u0259b\u0259k\u0259sind\u0259 az\u0259rbaycanl\u0131 istifad\u0259\u00e7il\u0259rd\u0259n bir ne\u00e7\u0259sinin h\u0259bs olundu\u011fu bildirilir.<\/p>\n\n\n\n<p>Daxili \u0130\u015fl\u0259r Nazirliyinin yayd\u0131\u011f\u0131 m\u0259lumatda qeyd olunur ki, onlar sosial \u015f\u0259b\u0259k\u0259l\u0259rd\u0259 c\u0259miyy\u0259t\u0259 qar\u015f\u0131 h\u00f6rm\u0259tsizlik, m\u0259n\u0259vi d\u0259y\u0259rl\u0259r\u0259 uy\u011fun olmayan qeyri-etik payla\u015f\u0131mlar v\u0259 \u00e7a\u011f\u0131r\u0131\u015flar etdikl\u0259ri \u00fc\u00e7\u00fcn 30 sutka m\u00fcdd\u0259tin\u0259 h\u0259bs olunublar.<\/p>\n\n\n\n<p>H\u00fcquq\u015f\u00fcnas Xalid Ba\u011f\u0131rov Meydan TV-y\u0259 deyir ki, etika v\u0259 h\u00fcquq ayr\u0131-ayr\u0131 sah\u0259l\u0259rdir:<\/p>\n\n\n<div class=\"wp-block-image\">\n<figure class=\"alignleft size-full is-resized\"><img decoding=\"async\" width=\"821\" height=\"480\" data-src=\"https:\/\/www.meydan.tv\/wp-content\/uploads\/unnamed_3_smcivgz.jpg\" alt=\"Xalid Ba\u011f\u0131rov\" class=\"wp-image-137136 lazyload\" style=\"--smush-placeholder-width: 821px; --smush-placeholder-aspect-ratio: 821\/480;width:478px;height:auto\" src=\"data:image\/svg+xml;base64,PHN2ZyB3aWR0aD0iMSIgaGVpZ2h0PSIxIiB4bWxucz0iaHR0cDovL3d3dy53My5vcmcvMjAwMC9zdmciPjwvc3ZnPg==\" \/><figcaption class=\"wp-element-caption\">H\u00fcquq\u015f\u00fcnas Xalid Ba\u011f\u0131rov<\/figcaption><\/figure>\n<\/div>\n\n\n<p><em>\u201cBel\u0259 \u00e7\u0131x\u0131r ki, kims\u0259 Novruzu bayram kimi q\u0259bul etmirs\u0259, A\u015fura g\u00fcn\u00fc mat\u0259m saxlam\u0131rsa, 30 sutka h\u0259bs c\u0259zas\u0131 almal\u0131d\u0131r? \u018fslind\u0259, bu, d\u00f6vl\u0259tin Az\u0259rbaycan c\u0259miyy\u0259ti il\u0259 \u201csutka\u201d dili il\u0259 dan\u0131\u015fmas\u0131d\u0131r. H\u00f6kum\u0259t bizi &#8220;sutka&#8221; xalq\u0131na \u00e7evirib. Ancaq h\u0259bs edib, i\u00e7\u0259ri at\u0131lmas\u0131 m\u00fcmk\u00fcn olan xalqa \u00e7evirib\u201d<\/em>.<\/p>\n\n\n\n<p><em>\u201c\u201dTikTok\u201da \u00e7\u0131x\u0131b, g\u0259r\u0259ksiz i\u015fl\u0259rl\u0259 m\u0259\u015f\u011ful olanlar c\u0259miyy\u0259t\u0259 fayda verirl\u0259r. Onlar bizim aynam\u0131zd\u0131r, haz\u0131rk\u0131 v\u0259ziyy\u0259timizi g\u00f6st\u0259rirl\u0259r. Biz is\u0259 \u00f6z\u00fcm\u00fcz\u00fc d\u00fcz\u0259ltm\u0259k \u0259v\u0259zin\u0259, g\u00fczg\u00fc il\u0259 m\u00fcbariz\u0259 apar\u0131r\u0131q. Bu, \u00e7ox absurd, he\u00e7 bir i\u015f\u0259 yaramayan add\u0131md\u0131r. Zat\u0259n, televiziyalar da bu v\u0259ziyy\u0259td\u0259dir. C\u0259miyy\u0259t nec\u0259dirs\u0259, televiziyalar, sosial \u015f\u0259b\u0259k\u0259l\u0259r d\u0259 el\u0259dir\u201d<\/em>, &#8211; dey\u0259 o bildirib.<\/p>\n\n\n\n<p>Jurnalist, bloger S\u0259ma Abiyeva Meydan TV-y\u0259 deyir ki, sosial \u015f\u0259b\u0259k\u0259l\u0259rd\u0259 payla\u015f\u0131mlar azad olsa da, istifad\u0259 \u015f\u00fcurlu \u015f\u0259kild\u0259 edilm\u0259lidir:<\/p>\n\n\n<div class=\"wp-block-image\">\n<figure class=\"alignright size-full is-resized\"><img decoding=\"async\" width=\"518\" height=\"595\" data-src=\"https:\/\/www.meydan.tv\/wp-content\/uploads\/1ci-sekil.webp\" alt=\"\" class=\"wp-image-303354 lazyload\" style=\"--smush-placeholder-width: 518px; --smush-placeholder-aspect-ratio: 518\/595;width:452px;height:auto\" src=\"data:image\/svg+xml;base64,PHN2ZyB3aWR0aD0iMSIgaGVpZ2h0PSIxIiB4bWxucz0iaHR0cDovL3d3dy53My5vcmcvMjAwMC9zdmciPjwvc3ZnPg==\" \/><figcaption class=\"wp-element-caption\">S\u0259ma Abiyeva. Foto: \u015e\u0259xsi arxivind\u0259n<\/figcaption><\/figure>\n<\/div>\n\n\n<p><em>\u201cM\u0259n h\u0259m televiziya i\u015f\u00e7isiy\u0259m. H\u0259m d\u0259 yarad\u0131c\u0131 t\u0259r\u0259fd\u0259n daha s\u0259rb\u0259st olmaq, payla\u015f\u0131mlar etm\u0259k \u00fc\u00e7\u00fcn sosial median\u0131 se\u00e7mi\u015f\u0259m. Dey\u0259 bilm\u0259rik ki, internet pisdir, sosial \u015f\u0259b\u0259k\u0259l\u0259r m\u0259hdudla\u015fd\u0131r\u0131ls\u0131n, \u201cTikTok\u201d ba\u011flans\u0131n. Xeyr. Amma bunun istifad\u0259si \u015f\u00fcurlu olmal\u0131d\u0131r. Sosial media b\u0259z\u0259n s\u0259hv insanlar\u0131n \u0259lind\u0259 yanl\u0131\u015f al\u0259t\u0259 \u00e7evril\u0259 bilir. B\u0259z\u0259n is\u0259 \u00e7ox fayda ver\u0259 bilir. \u0130nsanlar\u0131n \u015f\u0259xsi s\u0259rh\u0259dl\u0259rini pozmaq, onlar\u0131 t\u0259hqir etm\u0259k, haqq v\u0259 h\u00fcquqlar\u0131n\u0131 pozmaq olmaz. Amma \u00f6z\u00fcn\u00fc yarad\u0131c\u0131 formada ifad\u0259 etm\u0259kd\u0259 t\u0259bii ki, azadsan\u201d<\/em>.<\/p>\n\n\n\n<p><em>\u201cBununla bel\u0259, baxmaq laz\u0131md\u0131r ki, kim n\u0259yi hans\u0131 m\u0259qs\u0259dl\u0259 payla\u015f\u0131r. \u201cM\u0259n azadam, n\u0259 ist\u0259yir\u0259m, payla\u015f\u0131ram\u201d, &#8211; dem\u0259k d\u0259 do\u011fru deyil. S\u0259ni izl\u0259y\u0259n k\u00fctl\u0259nin ya\u015f\u0131 da \u00e7ox \u00f6n\u0259mlidir. \u018fg\u0259r onun 18 ya\u015f\u0131 tamam olmay\u0131bsa, bizim \u00f6z h\u0259qiq\u0259timizi ona s\u0131r\u0131ma\u011fa haqq\u0131m\u0131z yoxdur. H\u0259mi\u015f\u0259 alternativ fikir\u0259 imkan verm\u0259k laz\u0131md\u0131r ki, biz d\u00fc\u015f\u00fcn\u0259k, sor\u011fulayaq, yeni versiyam\u0131za g\u0259lib \u00e7\u0131xaq\u201d<\/em>, &#8211; dey\u0259 o bildirib.<\/p>\n\n\n\n<p>\u201cTikTok\u201d sosial \u015f\u0259b\u0259k\u0259sinin Az\u0259rbaycan seqmentind\u0259ki m\u0259\u015fhurlardan daha biri &#8211; A\u011fcab\u0259di rayon sakini Sadiq Mirz\u0259yev h\u0259bs olunub.<\/p>\n\n\n\n<p>Ona A\u011fcab\u0259di Rayon M\u0259hk\u0259m\u0259sinin q\u0259rar\u0131yla 30 sutka h\u0259bs c\u0259zas\u0131 verilib.<\/p>\n\n\n\n<p>O, \u0130nzibati X\u0259talar M\u0259c\u0259ll\u0259sinin 388-1.1.1 (informasiya ehtiyat\u0131nda v\u0259 ya informasiya-telekommunikasiya \u015f\u0259b\u0259k\u0259sind\u0259 yay\u0131lmas\u0131 qada\u011fan edil\u0259n informasiyan\u0131n yerl\u0259\u015fdirilm\u0259sin\u0259 yol verilm\u0259si) madd\u0259sil\u0259 c\u0259zaland\u0131r\u0131l\u0131b.<\/p>\n\n\n\n<p>36 ya\u015fl\u0131 Sadiq Mirz\u0259yev \u201cTik-Tok\u201dda m\u0259\u015fhur olan 9 ya\u015fl\u0131 Ad\u0259m Mirz\u0259yevin atas\u0131d\u0131r.<\/p>\n\n\n\n<p>O\u011ful v\u0259 ata Mirz\u0259yevl\u0259r birlikd\u0259 \u201cTik-Tok\u201dda m\u00fct\u0259madi \u00e7\u0131x\u0131\u015f edirdi.<\/p>\n\n\n\n<p>Sadiq Mirz\u0259yevin azya\u015fl\u0131 o\u011flu il\u0259 birlikd\u0259 \u00e7\u0131x\u0131\u015flar\u0131nda nalayiq ifad\u0259l\u0259r i\u015fl\u0259tdiyi, \u00f6vlad\u0131n\u0131n t\u0259rbiy\u0259sin\u0259 neqativ t\u0259sir g\u00f6st\u0259rdiyi iddia olunub.<\/p>\n\n\n\n<p>O, bundan \u00f6nc\u0259 d\u0259 bir ne\u00e7\u0259 d\u0259f\u0259 A\u011fcab\u0259di Rayon Polis \u015e\u00f6b\u0259sin\u0259 \u00e7a\u011f\u0131r\u0131laraq, ona x\u0259b\u0259rdarl\u0131q olunub.<\/p>\n\n\n\n<p>Bir m\u00fcdd\u0259t \u00f6nc\u0259 Ad\u0259m Mirz\u0259yevin videosunu yayd\u0131\u011f\u0131na g\u00f6r\u0259 onlar\u0131n h\u0259myerlisi &#8211; A\u011fcab\u0259di rayonunun H\u00fcs\u00fcl\u00fc k\u0259nd sakini Samir \u018fl\u0259sg\u0259rov da h\u0259bs olunmu\u015fdu.<\/p>\n\n\n\n<p>Ona 10 sutka inzibati h\u0259bs c\u0259zas\u0131 verilmi\u015fdi.<\/p>\n\n\n\n<p>Son bir h\u0259ft\u0259 \u0259rzind\u0259 Az\u0259rbaycanda 10 n\u0259f\u0259r\u0259 yax\u0131n \u201cTikToker\u201d h\u0259bs olunub.<\/p>\n\n\n\n<p>Onlar\u0131n aras\u0131nda \u201cMagerramoff\u201d ad\u0131yla tan\u0131nan \u018fmrah M\u0259h\u0259rr\u0259mov v\u0259 \u201cMiri\u201d l\u0259q\u0259bli Mirnamiq Mir\u0259l\u0259mzad\u0259, \u201cRo\u015fka\u201d l\u0259q\u0259bli R\u00f6v\u015f\u0259n S\u00fcleymanov, \u201cPo jizni Cesi\u201d l\u0259q\u0259bi il\u0259 tan\u0131nan C\u0259sar\u0259t Cavadov da var.<\/p>\n","protected":false},"excerpt":{"rendered":"<p>H\u00fcquq\u015f\u00fcnas: \u201cH\u00f6kum\u0259t bizi sutka xalq\u0131na \u00e7evirib\u201d \u201cTikTok\u201d sosial \u015f\u0259b\u0259k\u0259sind\u0259 az\u0259rbaycanl\u0131 &#8230; <\/p>\n<p class=\"read-more-container\"><a title=\"Tiktokerl\u0259rin h\u0259bsi: &#8220;C\u0259miyy\u0259t nec\u0259dirs\u0259, sosial \u015f\u0259b\u0259k\u0259l\u0259r d\u0259 el\u0259dir&#8221;\" class=\"read-more button\" href=\"https:\/\/www.meydan.tv\/az\/article\/tiktokerlerin-hebsi-cemiyyet-necedirse-sosial-sebekeler-de-eledir\/#more-303351\" aria-label=\"Read more about Tiktokerl\u0259rin h\u0259bsi: &#8220;C\u0259miyy\u0259t nec\u0259dirs\u0259, sosial \u015f\u0259b\u0259k\u0259l\u0259r d\u0259 el\u0259dir&#8221;\">Davam\u0131<\/a><\/p>\n","protected":false},"author":12,"featured_media":210747,"comment_status":"closed","ping_status":"closed","sticky":false,"template":"","format":"standard","meta":{"_acf_changed":false,"_sitemap_exclude":false,"_sitemap_priority":"","_sitemap_frequency":"","footnotes":""},"categories":[79,56],"tags":[],"class_list":["post-303351","post","type-post","status-publish","format-standard","has-post-thumbnail","hentry","category-featured","category-xeberler","infinite-scroll-item","generate-columns","tablet-grid-50","mobile-grid-100","grid-parent","grid-33","no-featured-image-padding"],"acf":[],"yoast_head":"<!-- This site is optimized with the Yoast SEO plugin v27.4 - https:\/\/yoast.com\/product\/yoast-seo-wordpress\/ -->\n<title>Tiktokerl\u0259rin h\u0259bsi: &quot;C\u0259miyy\u0259t nec\u0259dirs\u0259, sosial \u015f\u0259b\u0259k\u0259l\u0259r d\u0259 el\u0259dir&quot; - MEYDAN.TV<\/title>\n<meta name=\"robots\" content=\"index, follow, max-snippet:-1, max-image-preview:large, max-video-preview:-1\" \/>\n<link rel=\"canonical\" href=\"https:\/\/www.meydan.tv\/az\/article\/tiktokerlerin-hebsi-cemiyyet-necedirse-sosial-sebekeler-de-eledir\/\" \/>\n<meta property=\"og:locale\" content=\"az_AZ\" \/>\n<meta property=\"og:type\" content=\"article\" \/>\n<meta property=\"og:title\" content=\"Tiktokerl\u0259rin h\u0259bsi: &quot;C\u0259miyy\u0259t nec\u0259dirs\u0259, sosial \u015f\u0259b\u0259k\u0259l\u0259r d\u0259 el\u0259dir&quot; - MEYDAN.TV\" \/>\n<meta property=\"og:description\" content=\"H\u00fcquq\u015f\u00fcnas: \u201cH\u00f6kum\u0259t bizi sutka xalq\u0131na \u00e7evirib\u201d \u201cTikTok\u201d sosial \u015f\u0259b\u0259k\u0259sind\u0259 az\u0259rbaycanl\u0131 ... Davam\u0131\" \/>\n<meta property=\"og:url\" content=\"https:\/\/www.meydan.tv\/az\/article\/tiktokerlerin-hebsi-cemiyyet-necedirse-sosial-sebekeler-de-eledir\/\" \/>\n<meta property=\"og:site_name\" content=\"MEYDAN.TV\" \/>\n<meta property=\"article:published_time\" content=\"2024-04-15T16:03:04+00:00\" \/>\n<meta property=\"article:modified_time\" content=\"2024-04-16T09:51:17+00:00\" \/>\n<meta property=\"og:image\" content=\"https:\/\/www.meydan.tv\/wp-content\/uploads\/49937dc3-818e-4d99-83f0-9ba18c1e1c48-scaled-e1664534385948.jpeg\" \/>\n\t<meta property=\"og:image:width\" content=\"2560\" \/>\n\t<meta property=\"og:image:height\" content=\"1561\" \/>\n\t<meta property=\"og:image:type\" content=\"image\/jpeg\" \/>\n<meta name=\"author\" content=\"aleks\" \/>\n<meta name=\"twitter:card\" content=\"summary_large_image\" \/>\n<script type=\"application\/ld+json\" class=\"yoast-schema-graph\">{\"@context\":\"https:\\\/\\\/schema.org\",\"@graph\":[{\"@type\":\"Article\",\"@id\":\"https:\\\/\\\/www.meydan.tv\\\/az\\\/article\\\/tiktokerlerin-hebsi-cemiyyet-necedirse-sosial-sebekeler-de-eledir\\\/#article\",\"isPartOf\":{\"@id\":\"https:\\\/\\\/www.meydan.tv\\\/az\\\/article\\\/tiktokerlerin-hebsi-cemiyyet-necedirse-sosial-sebekeler-de-eledir\\\/\"},\"author\":{\"name\":\"aleks\",\"@id\":\"https:\\\/\\\/www.meydan.tv\\\/az\\\/#\\\/schema\\\/person\\\/476e9360e593fa131d5d71d51866f8da\"},\"headline\":\"Tiktokerl\u0259rin h\u0259bsi: &#8220;C\u0259miyy\u0259t nec\u0259dirs\u0259, sosial \u015f\u0259b\u0259k\u0259l\u0259r d\u0259 el\u0259dir&#8221;\",\"datePublished\":\"2024-04-15T16:03:04+00:00\",\"dateModified\":\"2024-04-16T09:51:17+00:00\",\"mainEntityOfPage\":{\"@id\":\"https:\\\/\\\/www.meydan.tv\\\/az\\\/article\\\/tiktokerlerin-hebsi-cemiyyet-necedirse-sosial-sebekeler-de-eledir\\\/\"},\"wordCount\":804,\"publisher\":{\"@id\":\"https:\\\/\\\/www.meydan.tv\\\/az\\\/#organization\"},\"image\":{\"@id\":\"https:\\\/\\\/www.meydan.tv\\\/az\\\/article\\\/tiktokerlerin-hebsi-cemiyyet-necedirse-sosial-sebekeler-de-eledir\\\/#primaryimage\"},\"thumbnailUrl\":\"https:\\\/\\\/www.meydan.tv\\\/wp-content\\\/uploads\\\/49937dc3-818e-4d99-83f0-9ba18c1e1c48-scaled-e1664534385948.jpeg\",\"articleSection\":[\"T\u00f6vsiy\u0259\",\"X\u0259b\u0259rl\u0259r\"],\"inLanguage\":\"az\"},{\"@type\":\"WebPage\",\"@id\":\"https:\\\/\\\/www.meydan.tv\\\/az\\\/article\\\/tiktokerlerin-hebsi-cemiyyet-necedirse-sosial-sebekeler-de-eledir\\\/\",\"url\":\"https:\\\/\\\/www.meydan.tv\\\/az\\\/article\\\/tiktokerlerin-hebsi-cemiyyet-necedirse-sosial-sebekeler-de-eledir\\\/\",\"name\":\"Tiktokerl\u0259rin h\u0259bsi: \\\"C\u0259miyy\u0259t nec\u0259dirs\u0259, sosial \u015f\u0259b\u0259k\u0259l\u0259r d\u0259 el\u0259dir\\\" - MEYDAN.TV\",\"isPartOf\":{\"@id\":\"https:\\\/\\\/www.meydan.tv\\\/az\\\/#website\"},\"primaryImageOfPage\":{\"@id\":\"https:\\\/\\\/www.meydan.tv\\\/az\\\/article\\\/tiktokerlerin-hebsi-cemiyyet-necedirse-sosial-sebekeler-de-eledir\\\/#primaryimage\"},\"image\":{\"@id\":\"https:\\\/\\\/www.meydan.tv\\\/az\\\/article\\\/tiktokerlerin-hebsi-cemiyyet-necedirse-sosial-sebekeler-de-eledir\\\/#primaryimage\"},\"thumbnailUrl\":\"https:\\\/\\\/www.meydan.tv\\\/wp-content\\\/uploads\\\/49937dc3-818e-4d99-83f0-9ba18c1e1c48-scaled-e1664534385948.jpeg\",\"datePublished\":\"2024-04-15T16:03:04+00:00\",\"dateModified\":\"2024-04-16T09:51:17+00:00\",\"breadcrumb\":{\"@id\":\"https:\\\/\\\/www.meydan.tv\\\/az\\\/article\\\/tiktokerlerin-hebsi-cemiyyet-necedirse-sosial-sebekeler-de-eledir\\\/#breadcrumb\"},\"inLanguage\":\"az\",\"potentialAction\":[{\"@type\":\"ReadAction\",\"target\":[\"https:\\\/\\\/www.meydan.tv\\\/az\\\/article\\\/tiktokerlerin-hebsi-cemiyyet-necedirse-sosial-sebekeler-de-eledir\\\/\"]}]},{\"@type\":\"ImageObject\",\"inLanguage\":\"az\",\"@id\":\"https:\\\/\\\/www.meydan.tv\\\/az\\\/article\\\/tiktokerlerin-hebsi-cemiyyet-necedirse-sosial-sebekeler-de-eledir\\\/#primaryimage\",\"url\":\"https:\\\/\\\/www.meydan.tv\\\/wp-content\\\/uploads\\\/49937dc3-818e-4d99-83f0-9ba18c1e1c48-scaled-e1664534385948.jpeg\",\"contentUrl\":\"https:\\\/\\\/www.meydan.tv\\\/wp-content\\\/uploads\\\/49937dc3-818e-4d99-83f0-9ba18c1e1c48-scaled-e1664534385948.jpeg\",\"width\":2560,\"height\":1561,\"caption\":\"Foto: Meydan TV\"},{\"@type\":\"BreadcrumbList\",\"@id\":\"https:\\\/\\\/www.meydan.tv\\\/az\\\/article\\\/tiktokerlerin-hebsi-cemiyyet-necedirse-sosial-sebekeler-de-eledir\\\/#breadcrumb\",\"itemListElement\":[{\"@type\":\"ListItem\",\"position\":1,\"name\":\"Ana s\u0259hif\u0259\",\"item\":\"https:\\\/\\\/www.meydan.tv\\\/az\\\/\"},{\"@type\":\"ListItem\",\"position\":2,\"name\":\"X\u0259b\u0259rl\u0259r\",\"item\":\"https:\\\/\\\/www.meydan.tv\\\/az\\\/section\\\/xeberler\\\/\"},{\"@type\":\"ListItem\",\"position\":3,\"name\":\"Tiktokerl\u0259rin h\u0259bsi: &#8220;C\u0259miyy\u0259t nec\u0259dirs\u0259, sosial \u015f\u0259b\u0259k\u0259l\u0259r d\u0259 el\u0259dir&#8221;\"}]},{\"@type\":\"WebSite\",\"@id\":\"https:\\\/\\\/www.meydan.tv\\\/az\\\/#website\",\"url\":\"https:\\\/\\\/www.meydan.tv\\\/az\\\/\",\"name\":\"MEYDAN.TV\",\"description\":\"Meydan TV Az\u0259rbaycan\u0131n media m\u0259kan\u0131ndak\u0131 alternativ s\u0259sidir\",\"publisher\":{\"@id\":\"https:\\\/\\\/www.meydan.tv\\\/az\\\/#organization\"},\"potentialAction\":[{\"@type\":\"SearchAction\",\"target\":{\"@type\":\"EntryPoint\",\"urlTemplate\":\"https:\\\/\\\/www.meydan.tv\\\/az\\\/?s={search_term_string}\"},\"query-input\":{\"@type\":\"PropertyValueSpecification\",\"valueRequired\":true,\"valueName\":\"search_term_string\"}}],\"inLanguage\":\"az\"},{\"@type\":\"Organization\",\"@id\":\"https:\\\/\\\/www.meydan.tv\\\/az\\\/#organization\",\"name\":\"Meydan TV\",\"url\":\"https:\\\/\\\/www.meydan.tv\\\/az\\\/\",\"logo\":{\"@type\":\"ImageObject\",\"inLanguage\":\"az\",\"@id\":\"https:\\\/\\\/www.meydan.tv\\\/az\\\/#\\\/schema\\\/logo\\\/image\\\/\",\"url\":\"https:\\\/\\\/www.meydan.tv\\\/wp-content\\\/uploads\\\/2021\\\/07\\\/meydan-logo.svg\",\"contentUrl\":\"https:\\\/\\\/www.meydan.tv\\\/wp-content\\\/uploads\\\/2021\\\/07\\\/meydan-logo.svg\",\"width\":195,\"height\":46,\"caption\":\"Meydan TV\"},\"image\":{\"@id\":\"https:\\\/\\\/www.meydan.tv\\\/az\\\/#\\\/schema\\\/logo\\\/image\\\/\"}},{\"@type\":\"Person\",\"@id\":\"https:\\\/\\\/www.meydan.tv\\\/az\\\/#\\\/schema\\\/person\\\/476e9360e593fa131d5d71d51866f8da\",\"name\":\"aleks\"}]}<\/script>\n<!-- \/ Yoast SEO plugin. -->","yoast_head_json":{"title":"Tiktokerl\u0259rin h\u0259bsi: \"C\u0259miyy\u0259t nec\u0259dirs\u0259, sosial \u015f\u0259b\u0259k\u0259l\u0259r d\u0259 el\u0259dir\" - MEYDAN.TV","robots":{"index":"index","follow":"follow","max-snippet":"max-snippet:-1","max-image-preview":"max-image-preview:large","max-video-preview":"max-video-preview:-1"},"canonical":"https:\/\/www.meydan.tv\/az\/article\/tiktokerlerin-hebsi-cemiyyet-necedirse-sosial-sebekeler-de-eledir\/","og_locale":"az_AZ","og_type":"article","og_title":"Tiktokerl\u0259rin h\u0259bsi: \"C\u0259miyy\u0259t nec\u0259dirs\u0259, sosial \u015f\u0259b\u0259k\u0259l\u0259r d\u0259 el\u0259dir\" - MEYDAN.TV","og_description":"H\u00fcquq\u015f\u00fcnas: \u201cH\u00f6kum\u0259t bizi sutka xalq\u0131na \u00e7evirib\u201d \u201cTikTok\u201d sosial \u015f\u0259b\u0259k\u0259sind\u0259 az\u0259rbaycanl\u0131 ... Davam\u0131","og_url":"https:\/\/www.meydan.tv\/az\/article\/tiktokerlerin-hebsi-cemiyyet-necedirse-sosial-sebekeler-de-eledir\/","og_site_name":"MEYDAN.TV","article_published_time":"2024-04-15T16:03:04+00:00","article_modified_time":"2024-04-16T09:51:17+00:00","og_image":[{"width":2560,"height":1561,"url":"https:\/\/www.meydan.tv\/wp-content\/uploads\/49937dc3-818e-4d99-83f0-9ba18c1e1c48-scaled-e1664534385948.jpeg","type":"image\/jpeg"}],"author":"aleks","twitter_card":"summary_large_image","schema":{"@context":"https:\/\/schema.org","@graph":[{"@type":"Article","@id":"https:\/\/www.meydan.tv\/az\/article\/tiktokerlerin-hebsi-cemiyyet-necedirse-sosial-sebekeler-de-eledir\/#article","isPartOf":{"@id":"https:\/\/www.meydan.tv\/az\/article\/tiktokerlerin-hebsi-cemiyyet-necedirse-sosial-sebekeler-de-eledir\/"},"author":{"name":"aleks","@id":"https:\/\/www.meydan.tv\/az\/#\/schema\/person\/476e9360e593fa131d5d71d51866f8da"},"headline":"Tiktokerl\u0259rin h\u0259bsi: &#8220;C\u0259miyy\u0259t nec\u0259dirs\u0259, sosial \u015f\u0259b\u0259k\u0259l\u0259r d\u0259 el\u0259dir&#8221;","datePublished":"2024-04-15T16:03:04+00:00","dateModified":"2024-04-16T09:51:17+00:00","mainEntityOfPage":{"@id":"https:\/\/www.meydan.tv\/az\/article\/tiktokerlerin-hebsi-cemiyyet-necedirse-sosial-sebekeler-de-eledir\/"},"wordCount":804,"publisher":{"@id":"https:\/\/www.meydan.tv\/az\/#organization"},"image":{"@id":"https:\/\/www.meydan.tv\/az\/article\/tiktokerlerin-hebsi-cemiyyet-necedirse-sosial-sebekeler-de-eledir\/#primaryimage"},"thumbnailUrl":"https:\/\/www.meydan.tv\/wp-content\/uploads\/49937dc3-818e-4d99-83f0-9ba18c1e1c48-scaled-e1664534385948.jpeg","articleSection":["T\u00f6vsiy\u0259","X\u0259b\u0259rl\u0259r"],"inLanguage":"az"},{"@type":"WebPage","@id":"https:\/\/www.meydan.tv\/az\/article\/tiktokerlerin-hebsi-cemiyyet-necedirse-sosial-sebekeler-de-eledir\/","url":"https:\/\/www.meydan.tv\/az\/article\/tiktokerlerin-hebsi-cemiyyet-necedirse-sosial-sebekeler-de-eledir\/","name":"Tiktokerl\u0259rin h\u0259bsi: \"C\u0259miyy\u0259t nec\u0259dirs\u0259, sosial \u015f\u0259b\u0259k\u0259l\u0259r d\u0259 el\u0259dir\" - MEYDAN.TV","isPartOf":{"@id":"https:\/\/www.meydan.tv\/az\/#website"},"primaryImageOfPage":{"@id":"https:\/\/www.meydan.tv\/az\/article\/tiktokerlerin-hebsi-cemiyyet-necedirse-sosial-sebekeler-de-eledir\/#primaryimage"},"image":{"@id":"https:\/\/www.meydan.tv\/az\/article\/tiktokerlerin-hebsi-cemiyyet-necedirse-sosial-sebekeler-de-eledir\/#primaryimage"},"thumbnailUrl":"https:\/\/www.meydan.tv\/wp-content\/uploads\/49937dc3-818e-4d99-83f0-9ba18c1e1c48-scaled-e1664534385948.jpeg","datePublished":"2024-04-15T16:03:04+00:00","dateModified":"2024-04-16T09:51:17+00:00","breadcrumb":{"@id":"https:\/\/www.meydan.tv\/az\/article\/tiktokerlerin-hebsi-cemiyyet-necedirse-sosial-sebekeler-de-eledir\/#breadcrumb"},"inLanguage":"az","potentialAction":[{"@type":"ReadAction","target":["https:\/\/www.meydan.tv\/az\/article\/tiktokerlerin-hebsi-cemiyyet-necedirse-sosial-sebekeler-de-eledir\/"]}]},{"@type":"ImageObject","inLanguage":"az","@id":"https:\/\/www.meydan.tv\/az\/article\/tiktokerlerin-hebsi-cemiyyet-necedirse-sosial-sebekeler-de-eledir\/#primaryimage","url":"https:\/\/www.meydan.tv\/wp-content\/uploads\/49937dc3-818e-4d99-83f0-9ba18c1e1c48-scaled-e1664534385948.jpeg","contentUrl":"https:\/\/www.meydan.tv\/wp-content\/uploads\/49937dc3-818e-4d99-83f0-9ba18c1e1c48-scaled-e1664534385948.jpeg","width":2560,"height":1561,"caption":"Foto: Meydan TV"},{"@type":"BreadcrumbList","@id":"https:\/\/www.meydan.tv\/az\/article\/tiktokerlerin-hebsi-cemiyyet-necedirse-sosial-sebekeler-de-eledir\/#breadcrumb","itemListElement":[{"@type":"ListItem","position":1,"name":"Ana s\u0259hif\u0259","item":"https:\/\/www.meydan.tv\/az\/"},{"@type":"ListItem","position":2,"name":"X\u0259b\u0259rl\u0259r","item":"https:\/\/www.meydan.tv\/az\/section\/xeberler\/"},{"@type":"ListItem","position":3,"name":"Tiktokerl\u0259rin h\u0259bsi: &#8220;C\u0259miyy\u0259t nec\u0259dirs\u0259, sosial \u015f\u0259b\u0259k\u0259l\u0259r d\u0259 el\u0259dir&#8221;"}]},{"@type":"WebSite","@id":"https:\/\/www.meydan.tv\/az\/#website","url":"https:\/\/www.meydan.tv\/az\/","name":"MEYDAN.TV","description":"Meydan TV Az\u0259rbaycan\u0131n media m\u0259kan\u0131ndak\u0131 alternativ s\u0259sidir","publisher":{"@id":"https:\/\/www.meydan.tv\/az\/#organization"},"potentialAction":[{"@type":"SearchAction","target":{"@type":"EntryPoint","urlTemplate":"https:\/\/www.meydan.tv\/az\/?s={search_term_string}"},"query-input":{"@type":"PropertyValueSpecification","valueRequired":true,"valueName":"search_term_string"}}],"inLanguage":"az"},{"@type":"Organization","@id":"https:\/\/www.meydan.tv\/az\/#organization","name":"Meydan TV","url":"https:\/\/www.meydan.tv\/az\/","logo":{"@type":"ImageObject","inLanguage":"az","@id":"https:\/\/www.meydan.tv\/az\/#\/schema\/logo\/image\/","url":"https:\/\/www.meydan.tv\/wp-content\/uploads\/2021\/07\/meydan-logo.svg","contentUrl":"https:\/\/www.meydan.tv\/wp-content\/uploads\/2021\/07\/meydan-logo.svg","width":195,"height":46,"caption":"Meydan TV"},"image":{"@id":"https:\/\/www.meydan.tv\/az\/#\/schema\/logo\/image\/"}},{"@type":"Person","@id":"https:\/\/www.meydan.tv\/az\/#\/schema\/person\/476e9360e593fa131d5d71d51866f8da","name":"aleks"}]}},"_links":{"self":[{"href":"https:\/\/www.meydan.tv\/az\/wp-json\/wp\/v2\/posts\/303351","targetHints":{"allow":["GET"]}}],"collection":[{"href":"https:\/\/www.meydan.tv\/az\/wp-json\/wp\/v2\/posts"}],"about":[{"href":"https:\/\/www.meydan.tv\/az\/wp-json\/wp\/v2\/types\/post"}],"author":[{"embeddable":true,"href":"https:\/\/www.meydan.tv\/az\/wp-json\/wp\/v2\/users\/12"}],"replies":[{"embeddable":true,"href":"https:\/\/www.meydan.tv\/az\/wp-json\/wp\/v2\/comments?post=303351"}],"version-history":[{"count":7,"href":"https:\/\/www.meydan.tv\/az\/wp-json\/wp\/v2\/posts\/303351\/revisions"}],"predecessor-version":[{"id":303366,"href":"https:\/\/www.meydan.tv\/az\/wp-json\/wp\/v2\/posts\/303351\/revisions\/303366"}],"wp:featuredmedia":[{"embeddable":true,"href":"https:\/\/www.meydan.tv\/az\/wp-json\/wp\/v2\/media\/210747"}],"wp:attachment":[{"href":"https:\/\/www.meydan.tv\/az\/wp-json\/wp\/v2\/media?parent=303351"}],"wp:term":[{"taxonomy":"category","embeddable":true,"href":"https:\/\/www.meydan.tv\/az\/wp-json\/wp\/v2\/categories?post=303351"},{"taxonomy":"post_tag","embeddable":true,"href":"https:\/\/www.meydan.tv\/az\/wp-json\/wp\/v2\/tags?post=303351"}],"curies":[{"name":"wp","href":"https:\/\/api.w.org\/{rel}","templated":true}]}}