{"id":303309,"date":"2024-04-15T12:35:50","date_gmt":"2024-04-15T08:35:50","guid":{"rendered":"https:\/\/www.meydan.tv\/?p=303309"},"modified":"2024-04-15T12:35:52","modified_gmt":"2024-04-15T08:35:52","slug":"berde-rayon-mehkemesinin-hakiminin-ozu-mehkeme-qarsisina-cixarilir","status":"publish","type":"post","link":"https:\/\/www.meydan.tv\/az\/article\/berde-rayon-mehkemesinin-hakiminin-ozu-mehkeme-qarsisina-cixarilir\/","title":{"rendered":"B\u0259rd\u0259 Rayon M\u0259hk\u0259m\u0259sinin hakiminin \u00f6z\u00fc m\u0259hk\u0259m\u0259 qar\u015f\u0131s\u0131na \u00e7\u0131xar\u0131l\u0131r"},"content":{"rendered":"\n<p><\/p>\n\n\n\n<p><strong><em>\u0130stintaq d\u00f6vr\u00fc \u00fc\u00e7\u00fcn onun haqq\u0131nda ev dustaql\u0131\u011f\u0131 q\u0259timkan t\u0259dbiri se\u00e7ilib<\/em><\/strong><\/p>\n\n\n\n<p>Narkotik sat\u0131\u015f\u0131yla ba\u011fl\u0131 i\u015fd\u0259 r\u00fc\u015fv\u0259t almaqda ittiham olunan m\u0259hk\u0259m\u0259 hakiminin \u00f6z\u00fcn\u00fcn m\u0259hk\u0259m\u0259si ba\u015flay\u0131r. S\u00f6hb\u0259t B\u0259rd\u0259 Rayon M\u0259hk\u0259m\u0259sinin hakimi Elsun \u018fhm\u0259dovdan gedir.<\/p>\n\n\n\n<p>Onun haqq\u0131nda Korrupsiyaya Qar\u015f\u0131 M\u00fcbariz\u0259 \u0130dar\u0259sind\u0259 ged\u0259n istintaq yekunla\u015f\u0131b. Elsun \u018fhm\u0259dovun i\u015fi bax\u0131lmas\u0131 \u00fc\u00e7\u00fcn G\u0259nc\u0259 A\u011f\u0131r Cinay\u0259tl\u0259r M\u0259hk\u0259m\u0259sin\u0259 g\u00f6nd\u0259rilib. Hakimin haqq\u0131nda cinay\u0259t i\u015fini ara\u015fd\u0131rmaq Dada\u015f \u0130manovun s\u0259drliyil\u0259, Elmin R\u00fcst\u0259mov v\u0259 Mikay\u0131l M\u0259mm\u0259dzad\u0259d\u0259n ibar\u0259t hakiml\u0259r kollegiyas\u0131na h\u0259val\u0259 olunub.<\/p>\n\n\n\n<p>Elsun \u018fhm\u0259dov Cinay\u0259t M\u0259c\u0259ll\u0259sinin 311.3.3-c\u00fc (k\u00fclli miqdarda r\u00fc\u015fv\u0259t alma) madd\u0259sil\u0259 ittiham olunur. Bu madd\u0259nin sanksiyas\u0131nda 8 ild\u0259n 12 il\u0259 q\u0259d\u0259r azadl\u0131qdan m\u0259hrumetm\u0259 c\u0259zas\u0131 var. Lakin o, h\u0259bs olunmay\u0131b. \u0130stintaq d\u00f6vr\u00fc \u00fc\u00e7\u00fcn onun haqq\u0131nda ev dustaql\u0131\u011f\u0131 q\u0259timkan t\u0259dbiri se\u00e7ilib.<\/p>\n\n\n\n<p>Ba\u015f Prokurorlu\u011fun yayd\u0131\u011f\u0131 m\u0259lumatda bildirilir ki, Elsun \u018fhm\u0259dovun h\u0259r\u0259k\u0259tl\u0259rind\u0259n prokurorlu\u011fa \u015fikay\u0259t olunub. H\u0259min \u015fikay\u0259t \u0259sas\u0131nda da Korrupsiyaya Qar\u015f\u0131 M\u00fcbariz\u0259 \u0130dar\u0259sind\u0259 ara\u015fd\u0131rma apar\u0131l\u0131b. Bu ara\u015fd\u0131rma M\u0259hk\u0259m\u0259-H\u00fcquq \u015euras\u0131 il\u0259 birlikd\u0259 apar\u0131l\u0131b.<\/p>\n\n\n\n<p><em>\u201cN\u0259tic\u0259d\u0259 Elsun \u018fhm\u0259dovun Cinay\u0259t M\u0259c\u0259ll\u0259sinin 234.2-ci madd\u0259si il\u0259 t\u0259qsirl\u0259ndiril\u0259n \u015f\u0259xs\u0259 y\u00fcng\u00fcl c\u0259za t\u0259yin olunmas\u0131 m\u00fcqabilind\u0259 onun ail\u0259 \u00fczvl\u0259rind\u0259n k\u00fclli miqdarda pul almas\u0131na \u0259sasl\u0131 \u015f\u00fcbh\u0259l\u0259r m\u00fc\u0259yy\u0259n edilib.<\/em><\/p>\n\n\n\n<p><em>Elsun \u018fhm\u0259dovun f\u0259aliyy\u0259tind\u0259 pe\u015f\u0259kar \u00e7at\u0131\u015fmazl\u0131qlar m\u00fc\u0259yy\u0259n edildiyin\u0259 g\u00f6r\u0259 M\u0259hk\u0259m\u0259-H\u00fcquq \u015euras\u0131n\u0131n 21 dekabr 2023-c\u00fc il tarixli q\u0259rar\u0131 il\u0259 onun s\u0259lahiyy\u0259t m\u00fcdd\u0259ti uzad\u0131lmay\u0131b\u201d<\/em>, &#8211; Ba\u015f Prokurorlu\u011fun m\u0259lumat\u0131nda bildirilir.<\/p>\n\n\n\n<p>Elsun \u018fhm\u0259dov 2021-ci ilin fevral\u0131nda B\u0259rd\u0259 Rayon M\u0259hk\u0259m\u0259sinin hakimi t\u0259yin olunub. Bundan \u00f6nc\u0259 o, m\u0259hk\u0259m\u0259 iclas katibi i\u015fl\u0259yib.<\/p>\n\n\n\n<p>Hakim Elsun \u018fhm\u0259dovun f\u0259aliyy\u0259til\u0259 ba\u011fl\u0131 B\u0259rd\u0259 sakinl\u0259rinin \u015fikay\u0259tl\u0259ri \u0259sas\u0131nda Meydan TV-d\u0259 bir ne\u00e7\u0259 material yay\u0131mlan\u0131b. Sakinl\u0259r bu hakimin sifari\u015fli v\u0259 qanunsuz q\u0259rarlar verdiyini iddia edirdil\u0259r.<\/p>\n\n\n\n<p>B\u0259rd\u0259 Rayon M\u0259hk\u0259m\u0259si v\u0259 Elsun \u018fhm\u0259dovun \u00f6z\u00fc s\u0259sl\u0259n\u0259n ittihamlarla ba\u011fl\u0131 Meydan TV-nin sor\u011fular\u0131n\u0131 cavabs\u0131z qoyub.<\/p>\n","protected":false},"excerpt":{"rendered":"<p>\u0130stintaq d\u00f6vr\u00fc \u00fc\u00e7\u00fcn onun haqq\u0131nda ev dustaql\u0131\u011f\u0131 q\u0259timkan t\u0259dbiri se\u00e7ilib &#8230; <\/p>\n<p class=\"read-more-container\"><a title=\"B\u0259rd\u0259 Rayon M\u0259hk\u0259m\u0259sinin hakiminin \u00f6z\u00fc m\u0259hk\u0259m\u0259 qar\u015f\u0131s\u0131na \u00e7\u0131xar\u0131l\u0131r\" class=\"read-more button\" href=\"https:\/\/www.meydan.tv\/az\/article\/berde-rayon-mehkemesinin-hakiminin-ozu-mehkeme-qarsisina-cixarilir\/#more-303309\" aria-label=\"Read more about B\u0259rd\u0259 Rayon M\u0259hk\u0259m\u0259sinin hakiminin \u00f6z\u00fc m\u0259hk\u0259m\u0259 qar\u015f\u0131s\u0131na \u00e7\u0131xar\u0131l\u0131r\">Davam\u0131<\/a><\/p>\n","protected":false},"author":8,"featured_media":297417,"comment_status":"closed","ping_status":"closed","sticky":false,"template":"","format":"standard","meta":{"_acf_changed":false,"_sitemap_exclude":false,"_sitemap_priority":"","_sitemap_frequency":"","footnotes":""},"categories":[60,79,56],"tags":[],"class_list":["post-303309","post","type-post","status-publish","format-standard","has-post-thumbnail","hentry","category-bolge","category-featured","category-xeberler","infinite-scroll-item","generate-columns","tablet-grid-50","mobile-grid-100","grid-parent","grid-33","no-featured-image-padding"],"acf":[],"yoast_head":"<!-- This site is optimized with the Yoast SEO plugin v27.4 - https:\/\/yoast.com\/product\/yoast-seo-wordpress\/ -->\n<title>B\u0259rd\u0259 Rayon M\u0259hk\u0259m\u0259sinin hakiminin \u00f6z\u00fc m\u0259hk\u0259m\u0259 qar\u015f\u0131s\u0131na \u00e7\u0131xar\u0131l\u0131r - MEYDAN.TV<\/title>\n<meta name=\"robots\" content=\"index, follow, max-snippet:-1, max-image-preview:large, max-video-preview:-1\" \/>\n<link rel=\"canonical\" href=\"https:\/\/www.meydan.tv\/az\/article\/berde-rayon-mehkemesinin-hakiminin-ozu-mehkeme-qarsisina-cixarilir\/\" \/>\n<meta property=\"og:locale\" content=\"az_AZ\" \/>\n<meta property=\"og:type\" content=\"article\" \/>\n<meta property=\"og:title\" content=\"B\u0259rd\u0259 Rayon M\u0259hk\u0259m\u0259sinin hakiminin \u00f6z\u00fc m\u0259hk\u0259m\u0259 qar\u015f\u0131s\u0131na \u00e7\u0131xar\u0131l\u0131r - MEYDAN.TV\" \/>\n<meta property=\"og:description\" content=\"\u0130stintaq d\u00f6vr\u00fc \u00fc\u00e7\u00fcn onun haqq\u0131nda ev dustaql\u0131\u011f\u0131 q\u0259timkan t\u0259dbiri se\u00e7ilib ... Davam\u0131\" \/>\n<meta property=\"og:url\" content=\"https:\/\/www.meydan.tv\/az\/article\/berde-rayon-mehkemesinin-hakiminin-ozu-mehkeme-qarsisina-cixarilir\/\" \/>\n<meta property=\"og:site_name\" content=\"MEYDAN.TV\" \/>\n<meta property=\"article:published_time\" content=\"2024-04-15T08:35:50+00:00\" \/>\n<meta property=\"article:modified_time\" content=\"2024-04-15T08:35:52+00:00\" \/>\n<meta property=\"og:image\" content=\"https:\/\/www.meydan.tv\/wp-content\/uploads\/hakim-1.jpg\" \/>\n\t<meta property=\"og:image:width\" content=\"1200\" \/>\n\t<meta property=\"og:image:height\" content=\"754\" \/>\n\t<meta property=\"og:image:type\" content=\"image\/jpeg\" \/>\n<meta name=\"author\" content=\"elli\" \/>\n<meta name=\"twitter:card\" content=\"summary_large_image\" \/>\n<meta name=\"twitter:creator\" content=\"@elli\" \/>\n<script type=\"application\/ld+json\" class=\"yoast-schema-graph\">{\"@context\":\"https:\\\/\\\/schema.org\",\"@graph\":[{\"@type\":\"Article\",\"@id\":\"https:\\\/\\\/www.meydan.tv\\\/az\\\/article\\\/berde-rayon-mehkemesinin-hakiminin-ozu-mehkeme-qarsisina-cixarilir\\\/#article\",\"isPartOf\":{\"@id\":\"https:\\\/\\\/www.meydan.tv\\\/az\\\/article\\\/berde-rayon-mehkemesinin-hakiminin-ozu-mehkeme-qarsisina-cixarilir\\\/\"},\"author\":{\"name\":\"elli\",\"@id\":\"https:\\\/\\\/www.meydan.tv\\\/az\\\/#\\\/schema\\\/person\\\/9cdbecf90d17180ce1dfbd95b08dcf47\"},\"headline\":\"B\u0259rd\u0259 Rayon M\u0259hk\u0259m\u0259sinin hakiminin \u00f6z\u00fc m\u0259hk\u0259m\u0259 qar\u015f\u0131s\u0131na \u00e7\u0131xar\u0131l\u0131r\",\"datePublished\":\"2024-04-15T08:35:50+00:00\",\"dateModified\":\"2024-04-15T08:35:52+00:00\",\"mainEntityOfPage\":{\"@id\":\"https:\\\/\\\/www.meydan.tv\\\/az\\\/article\\\/berde-rayon-mehkemesinin-hakiminin-ozu-mehkeme-qarsisina-cixarilir\\\/\"},\"wordCount\":458,\"publisher\":{\"@id\":\"https:\\\/\\\/www.meydan.tv\\\/az\\\/#organization\"},\"image\":{\"@id\":\"https:\\\/\\\/www.meydan.tv\\\/az\\\/article\\\/berde-rayon-mehkemesinin-hakiminin-ozu-mehkeme-qarsisina-cixarilir\\\/#primaryimage\"},\"thumbnailUrl\":\"https:\\\/\\\/www.meydan.tv\\\/wp-content\\\/uploads\\\/hakim-1.jpg\",\"articleSection\":[\"B\u00f6lg\u0259\",\"T\u00f6vsiy\u0259\",\"X\u0259b\u0259rl\u0259r\"],\"inLanguage\":\"az\"},{\"@type\":\"WebPage\",\"@id\":\"https:\\\/\\\/www.meydan.tv\\\/az\\\/article\\\/berde-rayon-mehkemesinin-hakiminin-ozu-mehkeme-qarsisina-cixarilir\\\/\",\"url\":\"https:\\\/\\\/www.meydan.tv\\\/az\\\/article\\\/berde-rayon-mehkemesinin-hakiminin-ozu-mehkeme-qarsisina-cixarilir\\\/\",\"name\":\"B\u0259rd\u0259 Rayon M\u0259hk\u0259m\u0259sinin hakiminin \u00f6z\u00fc m\u0259hk\u0259m\u0259 qar\u015f\u0131s\u0131na \u00e7\u0131xar\u0131l\u0131r - MEYDAN.TV\",\"isPartOf\":{\"@id\":\"https:\\\/\\\/www.meydan.tv\\\/az\\\/#website\"},\"primaryImageOfPage\":{\"@id\":\"https:\\\/\\\/www.meydan.tv\\\/az\\\/article\\\/berde-rayon-mehkemesinin-hakiminin-ozu-mehkeme-qarsisina-cixarilir\\\/#primaryimage\"},\"image\":{\"@id\":\"https:\\\/\\\/www.meydan.tv\\\/az\\\/article\\\/berde-rayon-mehkemesinin-hakiminin-ozu-mehkeme-qarsisina-cixarilir\\\/#primaryimage\"},\"thumbnailUrl\":\"https:\\\/\\\/www.meydan.tv\\\/wp-content\\\/uploads\\\/hakim-1.jpg\",\"datePublished\":\"2024-04-15T08:35:50+00:00\",\"dateModified\":\"2024-04-15T08:35:52+00:00\",\"breadcrumb\":{\"@id\":\"https:\\\/\\\/www.meydan.tv\\\/az\\\/article\\\/berde-rayon-mehkemesinin-hakiminin-ozu-mehkeme-qarsisina-cixarilir\\\/#breadcrumb\"},\"inLanguage\":\"az\",\"potentialAction\":[{\"@type\":\"ReadAction\",\"target\":[\"https:\\\/\\\/www.meydan.tv\\\/az\\\/article\\\/berde-rayon-mehkemesinin-hakiminin-ozu-mehkeme-qarsisina-cixarilir\\\/\"]}]},{\"@type\":\"ImageObject\",\"inLanguage\":\"az\",\"@id\":\"https:\\\/\\\/www.meydan.tv\\\/az\\\/article\\\/berde-rayon-mehkemesinin-hakiminin-ozu-mehkeme-qarsisina-cixarilir\\\/#primaryimage\",\"url\":\"https:\\\/\\\/www.meydan.tv\\\/wp-content\\\/uploads\\\/hakim-1.jpg\",\"contentUrl\":\"https:\\\/\\\/www.meydan.tv\\\/wp-content\\\/uploads\\\/hakim-1.jpg\",\"width\":1200,\"height\":754,\"caption\":\"Elsun \u018fhm\u0259dov. Foto: \\\"jlc.gov.az\\\"\"},{\"@type\":\"BreadcrumbList\",\"@id\":\"https:\\\/\\\/www.meydan.tv\\\/az\\\/article\\\/berde-rayon-mehkemesinin-hakiminin-ozu-mehkeme-qarsisina-cixarilir\\\/#breadcrumb\",\"itemListElement\":[{\"@type\":\"ListItem\",\"position\":1,\"name\":\"Ana s\u0259hif\u0259\",\"item\":\"https:\\\/\\\/www.meydan.tv\\\/az\\\/\"},{\"@type\":\"ListItem\",\"position\":2,\"name\":\"B\u00f6lg\u0259\",\"item\":\"https:\\\/\\\/www.meydan.tv\\\/az\\\/section\\\/bolge\\\/\"},{\"@type\":\"ListItem\",\"position\":3,\"name\":\"B\u0259rd\u0259 Rayon M\u0259hk\u0259m\u0259sinin hakiminin \u00f6z\u00fc m\u0259hk\u0259m\u0259 qar\u015f\u0131s\u0131na \u00e7\u0131xar\u0131l\u0131r\"}]},{\"@type\":\"WebSite\",\"@id\":\"https:\\\/\\\/www.meydan.tv\\\/az\\\/#website\",\"url\":\"https:\\\/\\\/www.meydan.tv\\\/az\\\/\",\"name\":\"MEYDAN.TV\",\"description\":\"Meydan TV Az\u0259rbaycan\u0131n media m\u0259kan\u0131ndak\u0131 alternativ s\u0259sidir\",\"publisher\":{\"@id\":\"https:\\\/\\\/www.meydan.tv\\\/az\\\/#organization\"},\"potentialAction\":[{\"@type\":\"SearchAction\",\"target\":{\"@type\":\"EntryPoint\",\"urlTemplate\":\"https:\\\/\\\/www.meydan.tv\\\/az\\\/?s={search_term_string}\"},\"query-input\":{\"@type\":\"PropertyValueSpecification\",\"valueRequired\":true,\"valueName\":\"search_term_string\"}}],\"inLanguage\":\"az\"},{\"@type\":\"Organization\",\"@id\":\"https:\\\/\\\/www.meydan.tv\\\/az\\\/#organization\",\"name\":\"Meydan TV\",\"url\":\"https:\\\/\\\/www.meydan.tv\\\/az\\\/\",\"logo\":{\"@type\":\"ImageObject\",\"inLanguage\":\"az\",\"@id\":\"https:\\\/\\\/www.meydan.tv\\\/az\\\/#\\\/schema\\\/logo\\\/image\\\/\",\"url\":\"https:\\\/\\\/www.meydan.tv\\\/wp-content\\\/uploads\\\/2021\\\/07\\\/meydan-logo.svg\",\"contentUrl\":\"https:\\\/\\\/www.meydan.tv\\\/wp-content\\\/uploads\\\/2021\\\/07\\\/meydan-logo.svg\",\"width\":195,\"height\":46,\"caption\":\"Meydan TV\"},\"image\":{\"@id\":\"https:\\\/\\\/www.meydan.tv\\\/az\\\/#\\\/schema\\\/logo\\\/image\\\/\"}},{\"@type\":\"Person\",\"@id\":\"https:\\\/\\\/www.meydan.tv\\\/az\\\/#\\\/schema\\\/person\\\/9cdbecf90d17180ce1dfbd95b08dcf47\",\"name\":\"elli\",\"sameAs\":[\"https:\\\/\\\/x.com\\\/elli\"]}]}<\/script>\n<!-- \/ Yoast SEO plugin. -->","yoast_head_json":{"title":"B\u0259rd\u0259 Rayon M\u0259hk\u0259m\u0259sinin hakiminin \u00f6z\u00fc m\u0259hk\u0259m\u0259 qar\u015f\u0131s\u0131na \u00e7\u0131xar\u0131l\u0131r - MEYDAN.TV","robots":{"index":"index","follow":"follow","max-snippet":"max-snippet:-1","max-image-preview":"max-image-preview:large","max-video-preview":"max-video-preview:-1"},"canonical":"https:\/\/www.meydan.tv\/az\/article\/berde-rayon-mehkemesinin-hakiminin-ozu-mehkeme-qarsisina-cixarilir\/","og_locale":"az_AZ","og_type":"article","og_title":"B\u0259rd\u0259 Rayon M\u0259hk\u0259m\u0259sinin hakiminin \u00f6z\u00fc m\u0259hk\u0259m\u0259 qar\u015f\u0131s\u0131na \u00e7\u0131xar\u0131l\u0131r - MEYDAN.TV","og_description":"\u0130stintaq d\u00f6vr\u00fc \u00fc\u00e7\u00fcn onun haqq\u0131nda ev dustaql\u0131\u011f\u0131 q\u0259timkan t\u0259dbiri se\u00e7ilib ... Davam\u0131","og_url":"https:\/\/www.meydan.tv\/az\/article\/berde-rayon-mehkemesinin-hakiminin-ozu-mehkeme-qarsisina-cixarilir\/","og_site_name":"MEYDAN.TV","article_published_time":"2024-04-15T08:35:50+00:00","article_modified_time":"2024-04-15T08:35:52+00:00","og_image":[{"width":1200,"height":754,"url":"https:\/\/www.meydan.tv\/wp-content\/uploads\/hakim-1.jpg","type":"image\/jpeg"}],"author":"elli","twitter_card":"summary_large_image","twitter_creator":"@elli","schema":{"@context":"https:\/\/schema.org","@graph":[{"@type":"Article","@id":"https:\/\/www.meydan.tv\/az\/article\/berde-rayon-mehkemesinin-hakiminin-ozu-mehkeme-qarsisina-cixarilir\/#article","isPartOf":{"@id":"https:\/\/www.meydan.tv\/az\/article\/berde-rayon-mehkemesinin-hakiminin-ozu-mehkeme-qarsisina-cixarilir\/"},"author":{"name":"elli","@id":"https:\/\/www.meydan.tv\/az\/#\/schema\/person\/9cdbecf90d17180ce1dfbd95b08dcf47"},"headline":"B\u0259rd\u0259 Rayon M\u0259hk\u0259m\u0259sinin hakiminin \u00f6z\u00fc m\u0259hk\u0259m\u0259 qar\u015f\u0131s\u0131na \u00e7\u0131xar\u0131l\u0131r","datePublished":"2024-04-15T08:35:50+00:00","dateModified":"2024-04-15T08:35:52+00:00","mainEntityOfPage":{"@id":"https:\/\/www.meydan.tv\/az\/article\/berde-rayon-mehkemesinin-hakiminin-ozu-mehkeme-qarsisina-cixarilir\/"},"wordCount":458,"publisher":{"@id":"https:\/\/www.meydan.tv\/az\/#organization"},"image":{"@id":"https:\/\/www.meydan.tv\/az\/article\/berde-rayon-mehkemesinin-hakiminin-ozu-mehkeme-qarsisina-cixarilir\/#primaryimage"},"thumbnailUrl":"https:\/\/www.meydan.tv\/wp-content\/uploads\/hakim-1.jpg","articleSection":["B\u00f6lg\u0259","T\u00f6vsiy\u0259","X\u0259b\u0259rl\u0259r"],"inLanguage":"az"},{"@type":"WebPage","@id":"https:\/\/www.meydan.tv\/az\/article\/berde-rayon-mehkemesinin-hakiminin-ozu-mehkeme-qarsisina-cixarilir\/","url":"https:\/\/www.meydan.tv\/az\/article\/berde-rayon-mehkemesinin-hakiminin-ozu-mehkeme-qarsisina-cixarilir\/","name":"B\u0259rd\u0259 Rayon M\u0259hk\u0259m\u0259sinin hakiminin \u00f6z\u00fc m\u0259hk\u0259m\u0259 qar\u015f\u0131s\u0131na \u00e7\u0131xar\u0131l\u0131r - MEYDAN.TV","isPartOf":{"@id":"https:\/\/www.meydan.tv\/az\/#website"},"primaryImageOfPage":{"@id":"https:\/\/www.meydan.tv\/az\/article\/berde-rayon-mehkemesinin-hakiminin-ozu-mehkeme-qarsisina-cixarilir\/#primaryimage"},"image":{"@id":"https:\/\/www.meydan.tv\/az\/article\/berde-rayon-mehkemesinin-hakiminin-ozu-mehkeme-qarsisina-cixarilir\/#primaryimage"},"thumbnailUrl":"https:\/\/www.meydan.tv\/wp-content\/uploads\/hakim-1.jpg","datePublished":"2024-04-15T08:35:50+00:00","dateModified":"2024-04-15T08:35:52+00:00","breadcrumb":{"@id":"https:\/\/www.meydan.tv\/az\/article\/berde-rayon-mehkemesinin-hakiminin-ozu-mehkeme-qarsisina-cixarilir\/#breadcrumb"},"inLanguage":"az","potentialAction":[{"@type":"ReadAction","target":["https:\/\/www.meydan.tv\/az\/article\/berde-rayon-mehkemesinin-hakiminin-ozu-mehkeme-qarsisina-cixarilir\/"]}]},{"@type":"ImageObject","inLanguage":"az","@id":"https:\/\/www.meydan.tv\/az\/article\/berde-rayon-mehkemesinin-hakiminin-ozu-mehkeme-qarsisina-cixarilir\/#primaryimage","url":"https:\/\/www.meydan.tv\/wp-content\/uploads\/hakim-1.jpg","contentUrl":"https:\/\/www.meydan.tv\/wp-content\/uploads\/hakim-1.jpg","width":1200,"height":754,"caption":"Elsun \u018fhm\u0259dov. Foto: \"jlc.gov.az\""},{"@type":"BreadcrumbList","@id":"https:\/\/www.meydan.tv\/az\/article\/berde-rayon-mehkemesinin-hakiminin-ozu-mehkeme-qarsisina-cixarilir\/#breadcrumb","itemListElement":[{"@type":"ListItem","position":1,"name":"Ana s\u0259hif\u0259","item":"https:\/\/www.meydan.tv\/az\/"},{"@type":"ListItem","position":2,"name":"B\u00f6lg\u0259","item":"https:\/\/www.meydan.tv\/az\/section\/bolge\/"},{"@type":"ListItem","position":3,"name":"B\u0259rd\u0259 Rayon M\u0259hk\u0259m\u0259sinin hakiminin \u00f6z\u00fc m\u0259hk\u0259m\u0259 qar\u015f\u0131s\u0131na \u00e7\u0131xar\u0131l\u0131r"}]},{"@type":"WebSite","@id":"https:\/\/www.meydan.tv\/az\/#website","url":"https:\/\/www.meydan.tv\/az\/","name":"MEYDAN.TV","description":"Meydan TV Az\u0259rbaycan\u0131n media m\u0259kan\u0131ndak\u0131 alternativ s\u0259sidir","publisher":{"@id":"https:\/\/www.meydan.tv\/az\/#organization"},"potentialAction":[{"@type":"SearchAction","target":{"@type":"EntryPoint","urlTemplate":"https:\/\/www.meydan.tv\/az\/?s={search_term_string}"},"query-input":{"@type":"PropertyValueSpecification","valueRequired":true,"valueName":"search_term_string"}}],"inLanguage":"az"},{"@type":"Organization","@id":"https:\/\/www.meydan.tv\/az\/#organization","name":"Meydan TV","url":"https:\/\/www.meydan.tv\/az\/","logo":{"@type":"ImageObject","inLanguage":"az","@id":"https:\/\/www.meydan.tv\/az\/#\/schema\/logo\/image\/","url":"https:\/\/www.meydan.tv\/wp-content\/uploads\/2021\/07\/meydan-logo.svg","contentUrl":"https:\/\/www.meydan.tv\/wp-content\/uploads\/2021\/07\/meydan-logo.svg","width":195,"height":46,"caption":"Meydan TV"},"image":{"@id":"https:\/\/www.meydan.tv\/az\/#\/schema\/logo\/image\/"}},{"@type":"Person","@id":"https:\/\/www.meydan.tv\/az\/#\/schema\/person\/9cdbecf90d17180ce1dfbd95b08dcf47","name":"elli","sameAs":["https:\/\/x.com\/elli"]}]}},"_links":{"self":[{"href":"https:\/\/www.meydan.tv\/az\/wp-json\/wp\/v2\/posts\/303309","targetHints":{"allow":["GET"]}}],"collection":[{"href":"https:\/\/www.meydan.tv\/az\/wp-json\/wp\/v2\/posts"}],"about":[{"href":"https:\/\/www.meydan.tv\/az\/wp-json\/wp\/v2\/types\/post"}],"author":[{"embeddable":true,"href":"https:\/\/www.meydan.tv\/az\/wp-json\/wp\/v2\/users\/8"}],"replies":[{"embeddable":true,"href":"https:\/\/www.meydan.tv\/az\/wp-json\/wp\/v2\/comments?post=303309"}],"version-history":[{"count":1,"href":"https:\/\/www.meydan.tv\/az\/wp-json\/wp\/v2\/posts\/303309\/revisions"}],"predecessor-version":[{"id":303310,"href":"https:\/\/www.meydan.tv\/az\/wp-json\/wp\/v2\/posts\/303309\/revisions\/303310"}],"wp:featuredmedia":[{"embeddable":true,"href":"https:\/\/www.meydan.tv\/az\/wp-json\/wp\/v2\/media\/297417"}],"wp:attachment":[{"href":"https:\/\/www.meydan.tv\/az\/wp-json\/wp\/v2\/media?parent=303309"}],"wp:term":[{"taxonomy":"category","embeddable":true,"href":"https:\/\/www.meydan.tv\/az\/wp-json\/wp\/v2\/categories?post=303309"},{"taxonomy":"post_tag","embeddable":true,"href":"https:\/\/www.meydan.tv\/az\/wp-json\/wp\/v2\/tags?post=303309"}],"curies":[{"name":"wp","href":"https:\/\/api.w.org\/{rel}","templated":true}]}}