{"id":303288,"date":"2024-04-15T11:13:01","date_gmt":"2024-04-15T07:13:01","guid":{"rendered":"https:\/\/www.meydan.tv\/?p=303288"},"modified":"2024-04-15T11:13:03","modified_gmt":"2024-04-15T07:13:03","slug":"qarabag-veterani-ailesi-deleduzluqla-uzlesdiyini-deyir","status":"publish","type":"post","link":"https:\/\/www.meydan.tv\/az\/article\/qarabag-veterani-ailesi-deleduzluqla-uzlesdiyini-deyir\/","title":{"rendered":"Qaraba\u011f veteran\u0131n\u0131n ail\u0259si d\u0259l\u0259duzluqla \u00fczl\u0259\u015fdiyini deyir"},"content":{"rendered":"\n<figure class=\"wp-block-embed is-type-video is-provider-youtube wp-block-embed-youtube wp-embed-aspect-16-9 wp-has-aspect-ratio\"><div class=\"wp-block-embed__wrapper\">\n<iframe title=\"Qaraba\u011f veteran\u0131 ail\u0259si d\u0259l\u0259duzluqla \u00fczl\u0259\u015fdiyini deyir\" width=\"1200\" height=\"675\" data-src=\"https:\/\/www.youtube.com\/embed\/KQqsG7VR5rw?feature=oembed\" frameborder=\"0\" allow=\"accelerometer; autoplay; clipboard-write; encrypted-media; gyroscope; picture-in-picture; web-share\" referrerpolicy=\"strict-origin-when-cross-origin\" allowfullscreen src=\"data:image\/svg+xml;base64,PHN2ZyB3aWR0aD0iMSIgaGVpZ2h0PSIxIiB4bWxucz0iaHR0cDovL3d3dy53My5vcmcvMjAwMC9zdmciPjwvc3ZnPg==\" class=\"lazyload\" data-load-mode=\"1\"><\/iframe>\n<\/div><\/figure>\n\n\n\n<!--more-->\n\n\n\n<p><\/p>\n\n\n\n<p>Qurbanovlar ail\u0259si 10 ild\u0259n \u00e7oxdur kiray\u0259d\u0259 ya\u015fay\u0131r. M\u00fcqabil Qurbanovun o\u011flu ikinci Qaraba\u011f m\u00fcharib\u0259sinin veteran\u0131d\u0131r. \u0130ll\u0259rdir ev arzusunda olan ail\u0259y\u0259 o\u011flu veteran oldu\u011fu \u00fc\u00e7\u00fcn ev veril\u0259c\u0259yi x\u0259b\u0259ri g\u0259lir. Amma s\u0259n dem\u0259, d\u0259l\u0259duzlara rast g\u0259libl\u0259rmi\u015f. M\u00fcqabil Qurbanov dan\u0131\u015f\u0131r ki, qon\u015fuluqda ya\u015fayan \u00dczeyir adl\u0131 \u015f\u0259xs onlara ev \u00fc\u00e7\u00fcn aidiyyat\u0131 qurumlara m\u00fcraci\u0259t etm\u0259li olduqlar\u0131n\u0131 deyib:<\/p>\n\n\n\n<p><em>\u201c5-6 ay ke\u00e7di, m\u0259n\u0259 z\u0259ng g\u0259ldi ki, M\u00fcdafi\u0259 Nazirliyind\u0259n polkovnik Samir M\u0259mm\u0259dovdur. Dedi, o\u011flunuz Qaraba\u011f veteran\u0131d\u0131r, m\u0259ktub yazm\u0131s\u0131n\u0131z evl\u0259 \u0259laq\u0259dar. Dedim, yazm\u0131\u015fd\u0131q. Dedi, h\u0259rb\u00e7i oldu\u011funa g\u00f6r\u0259, veteran oldu\u011funa g\u00f6r\u0259 m\u0259ktubunuz g\u0259lib \u00e7\u0131x\u0131b biz\u0259. Siz\u0259 k\u00f6m\u0259k ed\u0259 bil\u0259rik. Dedi, \u00f6z\u00fcnl\u0259 bir a\u011fsaqqal g\u00f6t\u00fcr g\u0259l. \u00dczeyir dedi ki, m\u00fc\u0259llim, \u015firinlik n\u0259 ver\u0259c\u0259yik? Samir d\u0259 dedi ki, &#8211; polkovnik dediyim o\u011flan, &#8211; bax\u0131ram kas\u0131b adams\u0131n\u0131z, sizd\u0259n 10 000 pul alaca\u011fam. O qiym\u0259t\u0259 o\u011fluna \u00fc\u00e7otaql\u0131 ev d\u00fc\u015f\u0259c\u0259k. Pul da yox idi. Rayona da getdik, bir-iki adama a\u011f\u0131z a\u00e7d\u0131q yolda\u015f\u0131mla. Sonra \u0259lacs\u0131z qal\u0131b, banka girdik\u201d<\/em>.<\/p>\n\n\n\n<p>Sahil\u0259 Qurbanovan\u0131n qarda\u015f\u0131 o\u011flu da veterand\u0131r. El\u0259 h\u0259min ail\u0259 d\u0259 bu \u015f\u0259xsl\u0259r\u0259 ev \u00fc\u00e7\u00fcn m\u00fcraci\u0259t ed\u0259r\u0259k 11 500 manat pul veribl\u0259r. Evd\u0259n bir x\u0259b\u0259r g\u0259lm\u0259y\u0259nd\u0259n sonra h\u0259r iki ail\u0259 d\u0259l\u0259duzlu\u011fun qurban\u0131 olduqlar\u0131n\u0131n f\u0259rqin\u0259 var\u0131blar. M\u00fcqabil Qurbanov deyir ki, d\u0259l\u0259duzlu\u011fu t\u00f6r\u0259d\u0259n \u015f\u0259xsl\u0259r h\u0259l\u0259 d\u0259 h\u0259bs edilm\u0259yib.<\/p>\n\n\n\n<p><em>\u201cH\u0259rbi Prokurorlu\u011fa m\u00fcraci\u0259t etdim. 3-4 g\u00fcn sonra z\u0259ng g\u0259ldi ki, tapd\u0131q h\u0259min adam\u0131. Beyl\u0259qan rayonunun Tatarlar k\u0259ndind\u0259ndir, ad\u0131 da \u018fliyev Mirz\u0259 Qo\u015fqar o\u011fludur, Samir dediyimiz adam. M\u00fclki adamd\u0131r. Y\u0259ni buna polis baxa bil\u0259r. Getdim, izahat\u0131m\u0131 verdim. 2 d\u0259f\u0259 getdim, sonra m\u0259n\u0259 yen\u0259 z\u0259ng g\u0259ldi, Sabun\u00e7u rayonundan m\u00fcst\u0259ntiq Orxan Knyazov dedi ki, sizin i\u015finiz g\u0259lib \u00e7\u0131x\u0131b m\u0259n\u0259. M\u0259n d\u0259 dedim ax\u0131 N\u0259rimanovda olub bu i\u015f. N\u0259rimanova z\u0259ng etdim, polis\u0259 dedi ola bilm\u0259z ki, bu i\u015f gedib \u00e7\u0131xa Sabun\u00e7uya. S\u0259n dem\u0259, bunu \u00dczeyir \u00f6z\u00fc edib. Deyirdi, g\u00fccl\u00fc dostum var Sabun\u00e7uda. O, el\u0259 h\u0259min Orxan Knyazov imi\u015f. \u0130\u015f getdi \u00e7\u0131xd\u0131 Orxana, o\u011flumla yen\u0259 izahat verdik. Bizi get-g\u0259l\u0259 sald\u0131. Sonra o\u011flum dedi ki, \u0259g\u0259r bel\u0259dirs\u0259, i\u015fi ba\u015fqa yer\u0259 ver\u0259k, d\u0259yi\u015fdirm\u0259k ist\u0259yirik. O\u011fluma dedi ki, veteran olmasan, s\u0259ninl\u0259 ba\u015fqa c\u00fcr dan\u0131\u015faram. Biz d\u0259 baxd\u0131q, veteran olmasa niy\u0259, o\u011flum d\u00fcz deyir d\u0259. Dedi: \u201cM\u0259nim \u0259limd\u0259n he\u00e7 k\u0259s bu i\u015fi ala bilm\u0259z\u201d<\/em>.<\/p>\n\n\n\n<p>Meydan TV Orxan Knyazov adl\u0131 \u015f\u0259xsl\u0259 \u0259laq\u0259 saxlay\u0131b. O, haz\u0131rda Sabun\u00e7u Rayon Polis \u0130dar\u0259sind\u0259 i\u015fl\u0259m\u0259diyini bildirib. Onun dediyin\u0259 g\u00f6r\u0259, i\u015f art\u0131q m\u0259hk\u0259m\u0259d\u0259dir. H\u0259m\u00e7inin \u0259lav\u0259 etdi ki, d\u0259l\u0259duzluqla ittiham olunan \u015f\u0259xsl\u0259rd\u0259n t\u0259kc\u0259 Qurbanovlar ail\u0259si yox, 10-larla insan \u015fikay\u0259t\u00e7idir. Bayram g\u00fcnl\u0259ri oldu\u011fundan D\u0130N-d\u0259n m\u0259s\u0259l\u0259y\u0259 m\u00fcnasib\u0259t \u00f6yr\u0259nm\u0259k m\u00fcmk\u00fcn olmay\u0131b. \u00dczeyir adl\u0131 \u015f\u0259xs is\u0259 telefonunu s\u00f6nd\u00fcr\u00fcb.<\/p>\n\n\n\n<p>Qurbanovlar ail\u0259sinin dolan\u0131\u015f\u0131\u011f\u0131 \u00e7\u0259tindir. H\u0259m kiray\u0259d\u0259 qal\u0131rlar, h\u0259m d\u0259 banka 10 000 manat borclar\u0131 var. Sahil\u0259 Qurbanova deyir ki, bu hadis\u0259l\u0259rd\u0259n sonra h\u0259yat yolda\u015f\u0131n\u0131n ba\u015f\u0131nda onkoloji \u015fi\u015f \u0259m\u0259l\u0259 g\u0259lib.<\/p>\n\n\n\n<p><em>\u201cYolda\u015f\u0131m x\u0259st\u0259dir, ba\u015f\u0131nda \u015fi\u015f \u00e7\u0131xd\u0131. Onun \u0259m\u0259liyyat\u0131na \u00e7ox pul ist\u0259yirl\u0259r. 13 min manat pul ist\u0259yirl\u0259r. \u00d6z\u00fcm\u00fcz d\u0259 kiray\u0259d\u0259yik, \u00e7atd\u0131ra bilmirik. Bir u\u015faqd\u0131r, o da gedir, da\u015f, qum qald\u0131r\u0131r. Onunla da kiray\u0259nin pulunu \u00e7atd\u0131r\u0131b ver\u0259 bilir. K\u00f6m\u0259k yoxdur, \u00e7ox \u00e7\u0259tin dolan\u0131r\u0131q. \u00d6z\u00fcm d\u0259 gedir\u0259m d\u0259ri sexin\u0259. Suyun i\u00e7ind\u0259. Gec\u0259l\u0259r yatm\u0131r, a\u011fr\u0131lar\u0131 \u00e7ox olur, \u00e7ox \u00e7\u0259tinlik \u00e7\u0259kir a\u011fr\u0131dan. Yatanda bo\u011fulur, haradasa 10 d\u0259qiq\u0259 \u00e7\u0259kir, g\u00fccl\u0259 g\u0259lir \u00f6z\u00fcn\u0259. Onu da h\u0259kim deyir ki, \u0259m\u0259liyyat olmasa, problem ya\u015faya bil\u0259rsiz, q\u0259fil ged\u0259 bil\u0259r h\u0259yatdan\u201c<\/em>.<\/p>\n","protected":false},"excerpt":{"rendered":"","protected":false},"author":12,"featured_media":303289,"comment_status":"closed","ping_status":"closed","sticky":false,"template":"","format":"standard","meta":{"_acf_changed":false,"_sitemap_exclude":false,"_sitemap_priority":"","_sitemap_frequency":"","footnotes":""},"categories":[62,63],"tags":[],"class_list":["post-303288","post","type-post","status-publish","format-standard","has-post-thumbnail","hentry","category-sosial","category-video-2","infinite-scroll-item","generate-columns","tablet-grid-50","mobile-grid-100","grid-parent","grid-33","no-featured-image-padding"],"acf":[],"yoast_head":"<!-- This site is optimized with the Yoast SEO plugin v27.4 - https:\/\/yoast.com\/product\/yoast-seo-wordpress\/ -->\n<title>Qaraba\u011f veteran\u0131n\u0131n ail\u0259si d\u0259l\u0259duzluqla \u00fczl\u0259\u015fdiyini deyir - MEYDAN.TV<\/title>\n<meta name=\"robots\" content=\"index, follow, max-snippet:-1, max-image-preview:large, max-video-preview:-1\" \/>\n<link rel=\"canonical\" href=\"https:\/\/www.meydan.tv\/az\/article\/qarabag-veterani-ailesi-deleduzluqla-uzlesdiyini-deyir\/\" \/>\n<meta property=\"og:locale\" content=\"az_AZ\" \/>\n<meta property=\"og:type\" content=\"article\" \/>\n<meta property=\"og:title\" content=\"Qaraba\u011f veteran\u0131n\u0131n ail\u0259si d\u0259l\u0259duzluqla \u00fczl\u0259\u015fdiyini deyir - MEYDAN.TV\" \/>\n<meta property=\"og:url\" content=\"https:\/\/www.meydan.tv\/az\/article\/qarabag-veterani-ailesi-deleduzluqla-uzlesdiyini-deyir\/\" \/>\n<meta property=\"og:site_name\" content=\"MEYDAN.TV\" \/>\n<meta property=\"article:published_time\" content=\"2024-04-15T07:13:01+00:00\" \/>\n<meta property=\"article:modified_time\" content=\"2024-04-15T07:13:03+00:00\" \/>\n<meta property=\"og:image\" content=\"https:\/\/www.meydan.tv\/wp-content\/uploads\/reportaj-cover-8.png\" \/>\n\t<meta property=\"og:image:width\" content=\"1280\" \/>\n\t<meta property=\"og:image:height\" content=\"720\" \/>\n\t<meta property=\"og:image:type\" content=\"image\/png\" \/>\n<meta name=\"author\" content=\"aleks\" \/>\n<meta name=\"twitter:card\" content=\"summary_large_image\" \/>\n<script type=\"application\/ld+json\" class=\"yoast-schema-graph\">{\"@context\":\"https:\\\/\\\/schema.org\",\"@graph\":[{\"@type\":\"Article\",\"@id\":\"https:\\\/\\\/www.meydan.tv\\\/az\\\/article\\\/qarabag-veterani-ailesi-deleduzluqla-uzlesdiyini-deyir\\\/#article\",\"isPartOf\":{\"@id\":\"https:\\\/\\\/www.meydan.tv\\\/az\\\/article\\\/qarabag-veterani-ailesi-deleduzluqla-uzlesdiyini-deyir\\\/\"},\"author\":{\"name\":\"aleks\",\"@id\":\"https:\\\/\\\/www.meydan.tv\\\/az\\\/#\\\/schema\\\/person\\\/476e9360e593fa131d5d71d51866f8da\"},\"headline\":\"Qaraba\u011f veteran\u0131n\u0131n ail\u0259si d\u0259l\u0259duzluqla \u00fczl\u0259\u015fdiyini deyir\",\"datePublished\":\"2024-04-15T07:13:01+00:00\",\"dateModified\":\"2024-04-15T07:13:03+00:00\",\"mainEntityOfPage\":{\"@id\":\"https:\\\/\\\/www.meydan.tv\\\/az\\\/article\\\/qarabag-veterani-ailesi-deleduzluqla-uzlesdiyini-deyir\\\/\"},\"wordCount\":791,\"publisher\":{\"@id\":\"https:\\\/\\\/www.meydan.tv\\\/az\\\/#organization\"},\"image\":{\"@id\":\"https:\\\/\\\/www.meydan.tv\\\/az\\\/article\\\/qarabag-veterani-ailesi-deleduzluqla-uzlesdiyini-deyir\\\/#primaryimage\"},\"thumbnailUrl\":\"https:\\\/\\\/www.meydan.tv\\\/wp-content\\\/uploads\\\/reportaj-cover-8.png\",\"articleSection\":[\"Sosial\",\"Video\"],\"inLanguage\":\"az\"},{\"@type\":\"WebPage\",\"@id\":\"https:\\\/\\\/www.meydan.tv\\\/az\\\/article\\\/qarabag-veterani-ailesi-deleduzluqla-uzlesdiyini-deyir\\\/\",\"url\":\"https:\\\/\\\/www.meydan.tv\\\/az\\\/article\\\/qarabag-veterani-ailesi-deleduzluqla-uzlesdiyini-deyir\\\/\",\"name\":\"Qaraba\u011f veteran\u0131n\u0131n ail\u0259si d\u0259l\u0259duzluqla \u00fczl\u0259\u015fdiyini deyir - MEYDAN.TV\",\"isPartOf\":{\"@id\":\"https:\\\/\\\/www.meydan.tv\\\/az\\\/#website\"},\"primaryImageOfPage\":{\"@id\":\"https:\\\/\\\/www.meydan.tv\\\/az\\\/article\\\/qarabag-veterani-ailesi-deleduzluqla-uzlesdiyini-deyir\\\/#primaryimage\"},\"image\":{\"@id\":\"https:\\\/\\\/www.meydan.tv\\\/az\\\/article\\\/qarabag-veterani-ailesi-deleduzluqla-uzlesdiyini-deyir\\\/#primaryimage\"},\"thumbnailUrl\":\"https:\\\/\\\/www.meydan.tv\\\/wp-content\\\/uploads\\\/reportaj-cover-8.png\",\"datePublished\":\"2024-04-15T07:13:01+00:00\",\"dateModified\":\"2024-04-15T07:13:03+00:00\",\"breadcrumb\":{\"@id\":\"https:\\\/\\\/www.meydan.tv\\\/az\\\/article\\\/qarabag-veterani-ailesi-deleduzluqla-uzlesdiyini-deyir\\\/#breadcrumb\"},\"inLanguage\":\"az\",\"potentialAction\":[{\"@type\":\"ReadAction\",\"target\":[\"https:\\\/\\\/www.meydan.tv\\\/az\\\/article\\\/qarabag-veterani-ailesi-deleduzluqla-uzlesdiyini-deyir\\\/\"]}]},{\"@type\":\"ImageObject\",\"inLanguage\":\"az\",\"@id\":\"https:\\\/\\\/www.meydan.tv\\\/az\\\/article\\\/qarabag-veterani-ailesi-deleduzluqla-uzlesdiyini-deyir\\\/#primaryimage\",\"url\":\"https:\\\/\\\/www.meydan.tv\\\/wp-content\\\/uploads\\\/reportaj-cover-8.png\",\"contentUrl\":\"https:\\\/\\\/www.meydan.tv\\\/wp-content\\\/uploads\\\/reportaj-cover-8.png\",\"width\":1280,\"height\":720},{\"@type\":\"BreadcrumbList\",\"@id\":\"https:\\\/\\\/www.meydan.tv\\\/az\\\/article\\\/qarabag-veterani-ailesi-deleduzluqla-uzlesdiyini-deyir\\\/#breadcrumb\",\"itemListElement\":[{\"@type\":\"ListItem\",\"position\":1,\"name\":\"Ana s\u0259hif\u0259\",\"item\":\"https:\\\/\\\/www.meydan.tv\\\/az\\\/\"},{\"@type\":\"ListItem\",\"position\":2,\"name\":\"Sosial\",\"item\":\"https:\\\/\\\/www.meydan.tv\\\/az\\\/section\\\/sosial\\\/\"},{\"@type\":\"ListItem\",\"position\":3,\"name\":\"Qaraba\u011f veteran\u0131n\u0131n ail\u0259si d\u0259l\u0259duzluqla \u00fczl\u0259\u015fdiyini deyir\"}]},{\"@type\":\"WebSite\",\"@id\":\"https:\\\/\\\/www.meydan.tv\\\/az\\\/#website\",\"url\":\"https:\\\/\\\/www.meydan.tv\\\/az\\\/\",\"name\":\"MEYDAN.TV\",\"description\":\"Meydan TV Az\u0259rbaycan\u0131n media m\u0259kan\u0131ndak\u0131 alternativ s\u0259sidir\",\"publisher\":{\"@id\":\"https:\\\/\\\/www.meydan.tv\\\/az\\\/#organization\"},\"potentialAction\":[{\"@type\":\"SearchAction\",\"target\":{\"@type\":\"EntryPoint\",\"urlTemplate\":\"https:\\\/\\\/www.meydan.tv\\\/az\\\/?s={search_term_string}\"},\"query-input\":{\"@type\":\"PropertyValueSpecification\",\"valueRequired\":true,\"valueName\":\"search_term_string\"}}],\"inLanguage\":\"az\"},{\"@type\":\"Organization\",\"@id\":\"https:\\\/\\\/www.meydan.tv\\\/az\\\/#organization\",\"name\":\"Meydan TV\",\"url\":\"https:\\\/\\\/www.meydan.tv\\\/az\\\/\",\"logo\":{\"@type\":\"ImageObject\",\"inLanguage\":\"az\",\"@id\":\"https:\\\/\\\/www.meydan.tv\\\/az\\\/#\\\/schema\\\/logo\\\/image\\\/\",\"url\":\"https:\\\/\\\/www.meydan.tv\\\/wp-content\\\/uploads\\\/2021\\\/07\\\/meydan-logo.svg\",\"contentUrl\":\"https:\\\/\\\/www.meydan.tv\\\/wp-content\\\/uploads\\\/2021\\\/07\\\/meydan-logo.svg\",\"width\":195,\"height\":46,\"caption\":\"Meydan TV\"},\"image\":{\"@id\":\"https:\\\/\\\/www.meydan.tv\\\/az\\\/#\\\/schema\\\/logo\\\/image\\\/\"}},{\"@type\":\"Person\",\"@id\":\"https:\\\/\\\/www.meydan.tv\\\/az\\\/#\\\/schema\\\/person\\\/476e9360e593fa131d5d71d51866f8da\",\"name\":\"aleks\"}]}<\/script>\n<!-- \/ Yoast SEO plugin. -->","yoast_head_json":{"title":"Qaraba\u011f veteran\u0131n\u0131n ail\u0259si d\u0259l\u0259duzluqla \u00fczl\u0259\u015fdiyini deyir - MEYDAN.TV","robots":{"index":"index","follow":"follow","max-snippet":"max-snippet:-1","max-image-preview":"max-image-preview:large","max-video-preview":"max-video-preview:-1"},"canonical":"https:\/\/www.meydan.tv\/az\/article\/qarabag-veterani-ailesi-deleduzluqla-uzlesdiyini-deyir\/","og_locale":"az_AZ","og_type":"article","og_title":"Qaraba\u011f veteran\u0131n\u0131n ail\u0259si d\u0259l\u0259duzluqla \u00fczl\u0259\u015fdiyini deyir - MEYDAN.TV","og_url":"https:\/\/www.meydan.tv\/az\/article\/qarabag-veterani-ailesi-deleduzluqla-uzlesdiyini-deyir\/","og_site_name":"MEYDAN.TV","article_published_time":"2024-04-15T07:13:01+00:00","article_modified_time":"2024-04-15T07:13:03+00:00","og_image":[{"width":1280,"height":720,"url":"https:\/\/www.meydan.tv\/wp-content\/uploads\/reportaj-cover-8.png","type":"image\/png"}],"author":"aleks","twitter_card":"summary_large_image","schema":{"@context":"https:\/\/schema.org","@graph":[{"@type":"Article","@id":"https:\/\/www.meydan.tv\/az\/article\/qarabag-veterani-ailesi-deleduzluqla-uzlesdiyini-deyir\/#article","isPartOf":{"@id":"https:\/\/www.meydan.tv\/az\/article\/qarabag-veterani-ailesi-deleduzluqla-uzlesdiyini-deyir\/"},"author":{"name":"aleks","@id":"https:\/\/www.meydan.tv\/az\/#\/schema\/person\/476e9360e593fa131d5d71d51866f8da"},"headline":"Qaraba\u011f veteran\u0131n\u0131n ail\u0259si d\u0259l\u0259duzluqla \u00fczl\u0259\u015fdiyini deyir","datePublished":"2024-04-15T07:13:01+00:00","dateModified":"2024-04-15T07:13:03+00:00","mainEntityOfPage":{"@id":"https:\/\/www.meydan.tv\/az\/article\/qarabag-veterani-ailesi-deleduzluqla-uzlesdiyini-deyir\/"},"wordCount":791,"publisher":{"@id":"https:\/\/www.meydan.tv\/az\/#organization"},"image":{"@id":"https:\/\/www.meydan.tv\/az\/article\/qarabag-veterani-ailesi-deleduzluqla-uzlesdiyini-deyir\/#primaryimage"},"thumbnailUrl":"https:\/\/www.meydan.tv\/wp-content\/uploads\/reportaj-cover-8.png","articleSection":["Sosial","Video"],"inLanguage":"az"},{"@type":"WebPage","@id":"https:\/\/www.meydan.tv\/az\/article\/qarabag-veterani-ailesi-deleduzluqla-uzlesdiyini-deyir\/","url":"https:\/\/www.meydan.tv\/az\/article\/qarabag-veterani-ailesi-deleduzluqla-uzlesdiyini-deyir\/","name":"Qaraba\u011f veteran\u0131n\u0131n ail\u0259si d\u0259l\u0259duzluqla \u00fczl\u0259\u015fdiyini deyir - MEYDAN.TV","isPartOf":{"@id":"https:\/\/www.meydan.tv\/az\/#website"},"primaryImageOfPage":{"@id":"https:\/\/www.meydan.tv\/az\/article\/qarabag-veterani-ailesi-deleduzluqla-uzlesdiyini-deyir\/#primaryimage"},"image":{"@id":"https:\/\/www.meydan.tv\/az\/article\/qarabag-veterani-ailesi-deleduzluqla-uzlesdiyini-deyir\/#primaryimage"},"thumbnailUrl":"https:\/\/www.meydan.tv\/wp-content\/uploads\/reportaj-cover-8.png","datePublished":"2024-04-15T07:13:01+00:00","dateModified":"2024-04-15T07:13:03+00:00","breadcrumb":{"@id":"https:\/\/www.meydan.tv\/az\/article\/qarabag-veterani-ailesi-deleduzluqla-uzlesdiyini-deyir\/#breadcrumb"},"inLanguage":"az","potentialAction":[{"@type":"ReadAction","target":["https:\/\/www.meydan.tv\/az\/article\/qarabag-veterani-ailesi-deleduzluqla-uzlesdiyini-deyir\/"]}]},{"@type":"ImageObject","inLanguage":"az","@id":"https:\/\/www.meydan.tv\/az\/article\/qarabag-veterani-ailesi-deleduzluqla-uzlesdiyini-deyir\/#primaryimage","url":"https:\/\/www.meydan.tv\/wp-content\/uploads\/reportaj-cover-8.png","contentUrl":"https:\/\/www.meydan.tv\/wp-content\/uploads\/reportaj-cover-8.png","width":1280,"height":720},{"@type":"BreadcrumbList","@id":"https:\/\/www.meydan.tv\/az\/article\/qarabag-veterani-ailesi-deleduzluqla-uzlesdiyini-deyir\/#breadcrumb","itemListElement":[{"@type":"ListItem","position":1,"name":"Ana s\u0259hif\u0259","item":"https:\/\/www.meydan.tv\/az\/"},{"@type":"ListItem","position":2,"name":"Sosial","item":"https:\/\/www.meydan.tv\/az\/section\/sosial\/"},{"@type":"ListItem","position":3,"name":"Qaraba\u011f veteran\u0131n\u0131n ail\u0259si d\u0259l\u0259duzluqla \u00fczl\u0259\u015fdiyini deyir"}]},{"@type":"WebSite","@id":"https:\/\/www.meydan.tv\/az\/#website","url":"https:\/\/www.meydan.tv\/az\/","name":"MEYDAN.TV","description":"Meydan TV Az\u0259rbaycan\u0131n media m\u0259kan\u0131ndak\u0131 alternativ s\u0259sidir","publisher":{"@id":"https:\/\/www.meydan.tv\/az\/#organization"},"potentialAction":[{"@type":"SearchAction","target":{"@type":"EntryPoint","urlTemplate":"https:\/\/www.meydan.tv\/az\/?s={search_term_string}"},"query-input":{"@type":"PropertyValueSpecification","valueRequired":true,"valueName":"search_term_string"}}],"inLanguage":"az"},{"@type":"Organization","@id":"https:\/\/www.meydan.tv\/az\/#organization","name":"Meydan TV","url":"https:\/\/www.meydan.tv\/az\/","logo":{"@type":"ImageObject","inLanguage":"az","@id":"https:\/\/www.meydan.tv\/az\/#\/schema\/logo\/image\/","url":"https:\/\/www.meydan.tv\/wp-content\/uploads\/2021\/07\/meydan-logo.svg","contentUrl":"https:\/\/www.meydan.tv\/wp-content\/uploads\/2021\/07\/meydan-logo.svg","width":195,"height":46,"caption":"Meydan TV"},"image":{"@id":"https:\/\/www.meydan.tv\/az\/#\/schema\/logo\/image\/"}},{"@type":"Person","@id":"https:\/\/www.meydan.tv\/az\/#\/schema\/person\/476e9360e593fa131d5d71d51866f8da","name":"aleks"}]}},"_links":{"self":[{"href":"https:\/\/www.meydan.tv\/az\/wp-json\/wp\/v2\/posts\/303288","targetHints":{"allow":["GET"]}}],"collection":[{"href":"https:\/\/www.meydan.tv\/az\/wp-json\/wp\/v2\/posts"}],"about":[{"href":"https:\/\/www.meydan.tv\/az\/wp-json\/wp\/v2\/types\/post"}],"author":[{"embeddable":true,"href":"https:\/\/www.meydan.tv\/az\/wp-json\/wp\/v2\/users\/12"}],"replies":[{"embeddable":true,"href":"https:\/\/www.meydan.tv\/az\/wp-json\/wp\/v2\/comments?post=303288"}],"version-history":[{"count":3,"href":"https:\/\/www.meydan.tv\/az\/wp-json\/wp\/v2\/posts\/303288\/revisions"}],"predecessor-version":[{"id":303302,"href":"https:\/\/www.meydan.tv\/az\/wp-json\/wp\/v2\/posts\/303288\/revisions\/303302"}],"wp:featuredmedia":[{"embeddable":true,"href":"https:\/\/www.meydan.tv\/az\/wp-json\/wp\/v2\/media\/303289"}],"wp:attachment":[{"href":"https:\/\/www.meydan.tv\/az\/wp-json\/wp\/v2\/media?parent=303288"}],"wp:term":[{"taxonomy":"category","embeddable":true,"href":"https:\/\/www.meydan.tv\/az\/wp-json\/wp\/v2\/categories?post=303288"},{"taxonomy":"post_tag","embeddable":true,"href":"https:\/\/www.meydan.tv\/az\/wp-json\/wp\/v2\/tags?post=303288"}],"curies":[{"name":"wp","href":"https:\/\/api.w.org\/{rel}","templated":true}]}}